{"id":34599,"date":"2026-05-01T08:58:12","date_gmt":"2026-05-01T08:58:12","guid":{"rendered":"https:\/\/avrupapress.com\/main\/?p=34599"},"modified":"2026-05-01T08:58:42","modified_gmt":"2026-05-01T08:58:42","slug":"kira-hukukunda-yeni-dengeler","status":"publish","type":"post","link":"https:\/\/avrupapress.com\/main\/2026\/05\/01\/kira-hukukunda-yeni-dengeler\/","title":{"rendered":"Kira Hukukunda Yeni Dengeler"},"content":{"rendered":"<p><strong>Kira Hukukunda Yeni Dengeler<\/strong><br \/>\nG\u00fcn\u00fcm\u00fcz sosyo-ekonomik konjonkt\u00fcr\u00fcnde, gayrimenkul hukuku art\u0131k sadece teknik bir<br \/>\ndisiplin de\u011fil, toplumsal huzurun ve s\u00f6zle\u015fme adaletinin tam merkezinde yer alan bir<br \/>\nfenomendir. Eskilerin \u00ab\u00a0Ev alma, kom\u015fu al\u00a0\u00bb d\u00fcsturu, yerini \u00ab\u00a0Do\u011fru s\u00f6zle\u015fmeyi kur, g\u00fcvenle<br \/>\notur\u00a0\u00bb anlay\u0131\u015f\u0131na b\u0131rakm\u0131\u015f durumda. Bir tarafta m\u00fclkiyet hakk\u0131n\u0131n dokunulmazl\u0131\u011f\u0131, di\u011fer<br \/>\ntarafta ise en temel insani ihtiya\u00e7 olan bar\u0131nma hakk\u0131n\u0131n korunmas\u0131. Peki, bu hassas<br \/>\nterazide ibre bug\u00fcn neyi g\u00f6steriyor?<br \/>\n1. \u2018\u2019Hakkaniyet\u00a0\u00bb Nerede Ba\u015flar?<br \/>\nHukuk sistemimizde ahde vefa ilkesi esast\u0131r; ancak de\u011fi\u015fen ola\u011fan\u00fcst\u00fc \u015fartlar bu ilkeyi<br \/>\n\u00ab\u00a0Emprevizyon\u00a0\u00bb (\u00d6ng\u00f6r\u00fclemezlik) teorisiyle kar\u015f\u0131 kar\u015f\u0131ya getirebilir. T\u00fcrk Bor\u00e7lar<br \/>\nKanunu madde 344 ve devam\u0131 uyar\u0131nca, kira bedelinin belirlenmesi sadece bir rakam<br \/>\nyar\u0131\u015f\u0131 de\u011fildir. Be\u015f y\u0131ll\u0131k s\u00fcreyi dolduran kira ili\u015fkilerinde a\u00e7\u0131lan Kira Tespit Davalar\u0131,<br \/>\nta\u015f\u0131nmaz\u0131n emsal rayi\u00e7 bedelleri, bulundu\u011fu b\u00f6lgenin geli\u015fimi ve t\u00fcketici fiyat<br \/>\nendeksindeki art\u0131\u015flar \u0131\u015f\u0131\u011f\u0131nda bir denge kurmay\u0131 hedefler. Burada akademik bir titizlikle<br \/>\nvurgulanmal\u0131d\u0131r ki; mahkemeler \u00ab\u00a0hakkaniyet indirimi\u00a0\u00bb uygularken hem m\u00fclk sahibinin<br \/>\nm\u00fclkiyet hakk\u0131n\u0131 hem de kirac\u0131n\u0131n ekonomik stabilitesini korumakla m\u00fckelleftir.<br \/>\n2. Tahliye Taahh\u00fctnamesi:<br \/>\nUygulamada en \u00e7ok tart\u0131\u015f\u0131lan ve Yarg\u0131tay i\u00e7tihatlar\u0131na en s\u0131k konu olan mesele ku\u015fkusuz<br \/>\nTahliye Taahh\u00fctnameleridir. Bir taahh\u00fctnamenin hukuken ge\u00e7erli kabul edilebilmesi<br \/>\ni\u00e7in \u00ab\u00a0serbest irade\u00a0\u00bb ile imzalanm\u0131\u015f olmas\u0131 \u015fartt\u0131r.<br \/>\n* Ge\u00e7erlilik Kriteri: Kira s\u00f6zle\u015fmesinin imzas\u0131yla e\u015f zamanl\u0131 al\u0131nan veya bo\u015f ka\u011f\u0131da<br \/>\nimza att\u0131r\u0131larak sonradan doldurulan taahh\u00fctnameler, ispat hukuku a\u00e7\u0131s\u0131ndan ciddi<br \/>\nihtilaflar do\u011furmaktad\u0131r.<br \/>\nAkademik perspektifte \u00ab\u00a0irade fesad\u0131\u00a0\u00bb olarak nitelendirilebilecek bu durumlar, pratik<br \/>\nhukukta ise davan\u0131n seyrini de\u011fi\u015ftiren en \u00f6nemli unsurdur. Kirac\u0131n\u0131n tahliye bask\u0131s\u0131<br \/>\nalt\u0131nda olmadan, s\u00f6zle\u015fme kurulduktan sonraki bir tarihte bu iradeyi beyan etmi\u015f<br \/>\nolmas\u0131, belgenin s\u0131hhati i\u00e7in elzemdir.<br \/>\n3. Zorunlu Arabuluculuk:<br \/>\n01 Eyl\u00fcl 2023 itibar\u0131yla hayat\u0131m\u0131za giren kira uyu\u015fmazl\u0131klar\u0131nda zorunlu arabuluculuk<br \/>\nm\u00fcessesesi, yarg\u0131n\u0131n y\u00fck\u00fcn\u00fc hafifletmenin \u00f6tesinde bir \u00ab\u00a0toplumsal bar\u0131\u015f\u00a0\u00bb projesidir.<br \/>\nTaraflar\u0131n, mahkeme salonlar\u0131n\u0131n so\u011fuk ve uzun koridorlar\u0131na girmeden \u00f6nce, bir masa<br \/>\netraf\u0131nda profesyonel bir rehber e\u015fli\u011finde \u00e7\u00f6z\u00fcm aramalar\u0131, zaman ve maliyet a\u00e7\u0131s\u0131ndan<br \/>\nb\u00fcy\u00fck bir kazan\u0131md\u0131r. Ancak unutulmamal\u0131d\u0131r ki; arabuluculuk masas\u0131nda do\u011fru<br \/>\nstratejiyi kuramamak, telafisi g\u00fc\u00e7 hak kay\u0131plar\u0131na yol a\u00e7abilir.<br \/>\nM\u00fclkiyet hakk\u0131 ile bar\u0131nma hakk\u0131 aras\u0131ndaki \u00e7at\u0131\u015fma, hukukun hassas dokunu\u015flar\u0131yla<br \/>\n\u00e7\u00f6z\u00fclmeyi bekleyen bir d\u00fc\u011f\u00fcmd\u00fcr. Ne m\u00fclk sahibinin yat\u0131r\u0131m motivasyonu k\u0131r\u0131lmal\u0131 ne<br \/>\nde kirac\u0131 hukuki belirsizli\u011fin g\u00f6lgesinde kalmal\u0131d\u0131r. Bu denge, ancak kanunlar\u0131n lafz\u0131na<br \/>\nhakim, ruhunu ise toplumsal nezaketle birle\u015ftiren profesyonel bir bak\u0131\u015f a\u00e7\u0131s\u0131yla<br \/>\nkorunabilir. Unutulmamal\u0131d\u0131r ki; sa\u011flam bir kira ili\u015fkisi, sadece imzalanan bir ka\u011f\u0131t<br \/>\npar\u00e7as\u0131 de\u011fil, taraflar\u0131n birbirine duydu\u011fu hukuki g\u00fcvenin bir ni\u015fanesidir.<\/p>\n<p><strong>Av. Besra YA\u015e\u0130K \u015eENER\u00a0 \u00a0 \u00a0 \u00a0 \u00a0 \u00a0 \u00a0\/\u00a0 \u00a0 \u00a0 \u00a0 \u00a0 \u00a0 AVRUPAPRESS<\/strong><\/p>\n","protected":false},"excerpt":{"rendered":"<p>Kira Hukukunda Yeni Dengeler G\u00fcn\u00fcm\u00fcz sosyo-ekonomik konjonkt\u00fcr\u00fcnde, gayrimenkul hukuku art\u0131k sadece teknik bir disiplin de\u011fil, toplumsal huzurun ve s\u00f6zle\u015fme adaletinin tam merkezinde yer alan bir fenomendir. Eskilerin \u00ab\u00a0Ev alma, kom\u015fu al\u00a0\u00bb d\u00fcsturu, yerini \u00ab\u00a0Do\u011fru s\u00f6zle\u015fmeyi kur, g\u00fcvenle otur\u00a0\u00bb anlay\u0131\u015f\u0131na b\u0131rakm\u0131\u015f durumda. Bir tarafta m\u00fclkiyet hakk\u0131n\u0131n dokunulmazl\u0131\u011f\u0131, di\u011fer tarafta ise en temel insani ihtiya\u00e7 olan bar\u0131nma [&hellip;]<\/p>\n","protected":false},"author":3,"featured_media":34600,"comment_status":"closed","ping_status":"open","sticky":false,"template":"","format":"standard","meta":{"footnotes":""},"categories":[14,16,3,17,18,15,19,2,1],"tags":[],"class_list":["post-34599","post","type-post","status-publish","format-standard","has-post-thumbnail","hentry","category-avrupa","category-belcika","category-dunya","category-ekonomi","category-kultur-sanat","category-spor","category-tanitim","category-turkiye","category-uncategorized"],"yoast_head":"<!-- This site is optimized with the Yoast SEO plugin v26.9 - https:\/\/yoast.com\/product\/yoast-seo-wordpress\/ -->\n<title>Kira Hukukunda Yeni Dengeler - AvrupaPress<\/title>\n<meta name=\"robots\" content=\"index, follow, max-snippet:-1, max-image-preview:large, max-video-preview:-1\" \/>\n<link rel=\"canonical\" href=\"https:\/\/avrupapress.com\/main\/2026\/05\/01\/kira-hukukunda-yeni-dengeler\/\" \/>\n<meta property=\"og:locale\" content=\"fr_FR\" \/>\n<meta property=\"og:type\" content=\"article\" \/>\n<meta property=\"og:title\" content=\"Kira Hukukunda Yeni Dengeler - AvrupaPress\" \/>\n<meta property=\"og:description\" content=\"Kira Hukukunda Yeni Dengeler G\u00fcn\u00fcm\u00fcz sosyo-ekonomik konjonkt\u00fcr\u00fcnde, gayrimenkul hukuku art\u0131k sadece teknik bir disiplin de\u011fil, toplumsal huzurun ve s\u00f6zle\u015fme adaletinin tam merkezinde yer alan bir fenomendir. Eskilerin \u00ab\u00a0Ev alma, kom\u015fu al\u00a0\u00bb d\u00fcsturu, yerini \u00ab\u00a0Do\u011fru s\u00f6zle\u015fmeyi kur, g\u00fcvenle otur\u00a0\u00bb anlay\u0131\u015f\u0131na b\u0131rakm\u0131\u015f durumda. Bir tarafta m\u00fclkiyet hakk\u0131n\u0131n dokunulmazl\u0131\u011f\u0131, di\u011fer tarafta ise en temel insani ihtiya\u00e7 olan bar\u0131nma [&hellip;]\" \/>\n<meta property=\"og:url\" content=\"https:\/\/avrupapress.com\/main\/2026\/05\/01\/kira-hukukunda-yeni-dengeler\/\" \/>\n<meta property=\"og:site_name\" content=\"AvrupaPress\" \/>\n<meta property=\"article:published_time\" content=\"2026-05-01T08:58:12+00:00\" \/>\n<meta property=\"article:modified_time\" content=\"2026-05-01T08:58:42+00:00\" \/>\n<meta property=\"og:image\" content=\"https:\/\/avrupapress.com\/main\/wp-content\/uploads\/2026\/05\/223ed967-7ab2-4899-91f8-43aae568be46-1-768x928-2-1-1-740x420-1.jpg\" \/>\n\t<meta property=\"og:image:width\" content=\"740\" \/>\n\t<meta property=\"og:image:height\" content=\"420\" \/>\n\t<meta property=\"og:image:type\" content=\"image\/jpeg\" \/>\n<meta name=\"author\" content=\"Edit\u00f6r\" \/>\n<meta name=\"twitter:card\" content=\"summary_large_image\" \/>\n<meta name=\"twitter:label1\" content=\"\u00c9crit par\" \/>\n\t<meta name=\"twitter:data1\" content=\"Edit\u00f6r\" \/>\n\t<meta name=\"twitter:label2\" content=\"Dur\u00e9e de lecture est.\" \/>\n\t<meta name=\"twitter:data2\" content=\"3 minutes\" \/>\n<script type=\"application\/ld+json\" class=\"yoast-schema-graph\">{\"@context\":\"https:\/\/schema.org\",\"@graph\":[{\"@type\":\"Article\",\"@id\":\"https:\/\/avrupapress.com\/main\/2026\/05\/01\/kira-hukukunda-yeni-dengeler\/#article\",\"isPartOf\":{\"@id\":\"https:\/\/avrupapress.com\/main\/2026\/05\/01\/kira-hukukunda-yeni-dengeler\/\"},\"author\":{\"name\":\"Edit\u00f6r\",\"@id\":\"https:\/\/avrupapress.com\/#\/schema\/person\/68428444ec60970d1e1b700cf4ca1e8f\"},\"headline\":\"Kira Hukukunda Yeni Dengeler\",\"datePublished\":\"2026-05-01T08:58:12+00:00\",\"dateModified\":\"2026-05-01T08:58:42+00:00\",\"mainEntityOfPage\":{\"@id\":\"https:\/\/avrupapress.com\/main\/2026\/05\/01\/kira-hukukunda-yeni-dengeler\/\"},\"wordCount\":531,\"publisher\":{\"@id\":\"https:\/\/avrupapress.com\/#\/schema\/person\/0223dca19c72c43575bf30d1a2d8f4fa\"},\"image\":{\"@id\":\"https:\/\/avrupapress.com\/main\/2026\/05\/01\/kira-hukukunda-yeni-dengeler\/#primaryimage\"},\"thumbnailUrl\":\"https:\/\/avrupapress.com\/main\/wp-content\/uploads\/2026\/05\/223ed967-7ab2-4899-91f8-43aae568be46-1-768x928-2-1-1-740x420-1.jpg\",\"articleSection\":[\"Avrupa\",\"Bel\u00e7ika\",\"D\u00fcnya\",\"Ekonomi\",\"K\u00fclt\u00fcr-Sanat\",\"Spor\",\"Tan\u0131t\u0131m\",\"T\u00fcrkiye\",\"Uncategorized\"],\"inLanguage\":\"fr-BE\"},{\"@type\":\"WebPage\",\"@id\":\"https:\/\/avrupapress.com\/main\/2026\/05\/01\/kira-hukukunda-yeni-dengeler\/\",\"url\":\"https:\/\/avrupapress.com\/main\/2026\/05\/01\/kira-hukukunda-yeni-dengeler\/\",\"name\":\"Kira Hukukunda Yeni Dengeler - AvrupaPress\",\"isPartOf\":{\"@id\":\"https:\/\/avrupapress.com\/#website\"},\"primaryImageOfPage\":{\"@id\":\"https:\/\/avrupapress.com\/main\/2026\/05\/01\/kira-hukukunda-yeni-dengeler\/#primaryimage\"},\"image\":{\"@id\":\"https:\/\/avrupapress.com\/main\/2026\/05\/01\/kira-hukukunda-yeni-dengeler\/#primaryimage\"},\"thumbnailUrl\":\"https:\/\/avrupapress.com\/main\/wp-content\/uploads\/2026\/05\/223ed967-7ab2-4899-91f8-43aae568be46-1-768x928-2-1-1-740x420-1.jpg\",\"datePublished\":\"2026-05-01T08:58:12+00:00\",\"dateModified\":\"2026-05-01T08:58:42+00:00\",\"breadcrumb\":{\"@id\":\"https:\/\/avrupapress.com\/main\/2026\/05\/01\/kira-hukukunda-yeni-dengeler\/#breadcrumb\"},\"inLanguage\":\"fr-BE\",\"potentialAction\":[{\"@type\":\"ReadAction\",\"target\":[\"https:\/\/avrupapress.com\/main\/2026\/05\/01\/kira-hukukunda-yeni-dengeler\/\"]}]},{\"@type\":\"ImageObject\",\"inLanguage\":\"fr-BE\",\"@id\":\"https:\/\/avrupapress.com\/main\/2026\/05\/01\/kira-hukukunda-yeni-dengeler\/#primaryimage\",\"url\":\"https:\/\/avrupapress.com\/main\/wp-content\/uploads\/2026\/05\/223ed967-7ab2-4899-91f8-43aae568be46-1-768x928-2-1-1-740x420-1.jpg\",\"contentUrl\":\"https:\/\/avrupapress.com\/main\/wp-content\/uploads\/2026\/05\/223ed967-7ab2-4899-91f8-43aae568be46-1-768x928-2-1-1-740x420-1.jpg\",\"width\":740,\"height\":420},{\"@type\":\"BreadcrumbList\",\"@id\":\"https:\/\/avrupapress.com\/main\/2026\/05\/01\/kira-hukukunda-yeni-dengeler\/#breadcrumb\",\"itemListElement\":[{\"@type\":\"ListItem\",\"position\":1,\"name\":\"Anasayfa\",\"item\":\"https:\/\/avrupapress.com\/\"},{\"@type\":\"ListItem\",\"position\":2,\"name\":\"Kira Hukukunda Yeni Dengeler\"}]},{\"@type\":\"WebSite\",\"@id\":\"https:\/\/avrupapress.com\/#website\",\"url\":\"https:\/\/avrupapress.com\/\",\"name\":\"AvrupaPress\",\"description\":\"Haberin Adresi\",\"publisher\":{\"@id\":\"https:\/\/avrupapress.com\/#\/schema\/person\/0223dca19c72c43575bf30d1a2d8f4fa\"},\"potentialAction\":[{\"@type\":\"SearchAction\",\"target\":{\"@type\":\"EntryPoint\",\"urlTemplate\":\"https:\/\/avrupapress.com\/?s={search_term_string}\"},\"query-input\":{\"@type\":\"PropertyValueSpecification\",\"valueRequired\":true,\"valueName\":\"search_term_string\"}}],\"inLanguage\":\"fr-BE\"},{\"@type\":[\"Person\",\"Organization\"],\"@id\":\"https:\/\/avrupapress.com\/#\/schema\/person\/0223dca19c72c43575bf30d1a2d8f4fa\",\"name\":\"Bilgin \u00d6z\u00e7ift\u00e7i\",\"image\":{\"@type\":\"ImageObject\",\"inLanguage\":\"fr-BE\",\"@id\":\"https:\/\/avrupapress.com\/#\/schema\/person\/image\/\",\"url\":\"https:\/\/secure.gravatar.com\/avatar\/0f23b280433a21e1ea7a0adcc46ed0ad16afe3ad8e630fd13d8a017dcbd54ef3?s=96&d=mm&r=g\",\"contentUrl\":\"https:\/\/secure.gravatar.com\/avatar\/0f23b280433a21e1ea7a0adcc46ed0ad16afe3ad8e630fd13d8a017dcbd54ef3?s=96&d=mm&r=g\",\"caption\":\"Bilgin \u00d6z\u00e7ift\u00e7i\"},\"logo\":{\"@id\":\"https:\/\/avrupapress.com\/#\/schema\/person\/image\/\"},\"description\":\"Ne ben, nede sen... Biz ancak \\\"biz\\\" olursak g\u00fc\u00e7l\u00fc olabiliriz\"},{\"@type\":\"Person\",\"@id\":\"https:\/\/avrupapress.com\/#\/schema\/person\/68428444ec60970d1e1b700cf4ca1e8f\",\"name\":\"Edit\u00f6r\",\"image\":{\"@type\":\"ImageObject\",\"inLanguage\":\"fr-BE\",\"@id\":\"https:\/\/avrupapress.com\/#\/schema\/person\/image\/\",\"url\":\"https:\/\/secure.gravatar.com\/avatar\/74996b0977aa5f1559ba9883776652508b229005c0d78fb2597897f0bd651c09?s=96&d=mm&r=g\",\"contentUrl\":\"https:\/\/secure.gravatar.com\/avatar\/74996b0977aa5f1559ba9883776652508b229005c0d78fb2597897f0bd651c09?s=96&d=mm&r=g\",\"caption\":\"Edit\u00f6r\"},\"sameAs\":[\"http:\/\/www.avrupapress.com\"],\"url\":\"https:\/\/avrupapress.com\/main\/author\/editor\/\"}]}<\/script>\n<!-- \/ Yoast SEO plugin. -->","yoast_head_json":{"title":"Kira Hukukunda Yeni Dengeler - AvrupaPress","robots":{"index":"index","follow":"follow","max-snippet":"max-snippet:-1","max-image-preview":"max-image-preview:large","max-video-preview":"max-video-preview:-1"},"canonical":"https:\/\/avrupapress.com\/main\/2026\/05\/01\/kira-hukukunda-yeni-dengeler\/","og_locale":"fr_FR","og_type":"article","og_title":"Kira Hukukunda Yeni Dengeler - AvrupaPress","og_description":"Kira Hukukunda Yeni Dengeler G\u00fcn\u00fcm\u00fcz sosyo-ekonomik konjonkt\u00fcr\u00fcnde, gayrimenkul hukuku art\u0131k sadece teknik bir disiplin de\u011fil, toplumsal huzurun ve s\u00f6zle\u015fme adaletinin tam merkezinde yer alan bir fenomendir. Eskilerin \u00ab\u00a0Ev alma, kom\u015fu al\u00a0\u00bb d\u00fcsturu, yerini \u00ab\u00a0Do\u011fru s\u00f6zle\u015fmeyi kur, g\u00fcvenle otur\u00a0\u00bb anlay\u0131\u015f\u0131na b\u0131rakm\u0131\u015f durumda. Bir tarafta m\u00fclkiyet hakk\u0131n\u0131n dokunulmazl\u0131\u011f\u0131, di\u011fer tarafta ise en temel insani ihtiya\u00e7 olan bar\u0131nma [&hellip;]","og_url":"https:\/\/avrupapress.com\/main\/2026\/05\/01\/kira-hukukunda-yeni-dengeler\/","og_site_name":"AvrupaPress","article_published_time":"2026-05-01T08:58:12+00:00","article_modified_time":"2026-05-01T08:58:42+00:00","og_image":[{"width":740,"height":420,"url":"https:\/\/avrupapress.com\/main\/wp-content\/uploads\/2026\/05\/223ed967-7ab2-4899-91f8-43aae568be46-1-768x928-2-1-1-740x420-1.jpg","type":"image\/jpeg"}],"author":"Edit\u00f6r","twitter_card":"summary_large_image","twitter_misc":{"\u00c9crit par":"Edit\u00f6r","Dur\u00e9e de lecture est.":"3 minutes"},"schema":{"@context":"https:\/\/schema.org","@graph":[{"@type":"Article","@id":"https:\/\/avrupapress.com\/main\/2026\/05\/01\/kira-hukukunda-yeni-dengeler\/#article","isPartOf":{"@id":"https:\/\/avrupapress.com\/main\/2026\/05\/01\/kira-hukukunda-yeni-dengeler\/"},"author":{"name":"Edit\u00f6r","@id":"https:\/\/avrupapress.com\/#\/schema\/person\/68428444ec60970d1e1b700cf4ca1e8f"},"headline":"Kira Hukukunda Yeni Dengeler","datePublished":"2026-05-01T08:58:12+00:00","dateModified":"2026-05-01T08:58:42+00:00","mainEntityOfPage":{"@id":"https:\/\/avrupapress.com\/main\/2026\/05\/01\/kira-hukukunda-yeni-dengeler\/"},"wordCount":531,"publisher":{"@id":"https:\/\/avrupapress.com\/#\/schema\/person\/0223dca19c72c43575bf30d1a2d8f4fa"},"image":{"@id":"https:\/\/avrupapress.com\/main\/2026\/05\/01\/kira-hukukunda-yeni-dengeler\/#primaryimage"},"thumbnailUrl":"https:\/\/avrupapress.com\/main\/wp-content\/uploads\/2026\/05\/223ed967-7ab2-4899-91f8-43aae568be46-1-768x928-2-1-1-740x420-1.jpg","articleSection":["Avrupa","Bel\u00e7ika","D\u00fcnya","Ekonomi","K\u00fclt\u00fcr-Sanat","Spor","Tan\u0131t\u0131m","T\u00fcrkiye","Uncategorized"],"inLanguage":"fr-BE"},{"@type":"WebPage","@id":"https:\/\/avrupapress.com\/main\/2026\/05\/01\/kira-hukukunda-yeni-dengeler\/","url":"https:\/\/avrupapress.com\/main\/2026\/05\/01\/kira-hukukunda-yeni-dengeler\/","name":"Kira Hukukunda Yeni Dengeler - AvrupaPress","isPartOf":{"@id":"https:\/\/avrupapress.com\/#website"},"primaryImageOfPage":{"@id":"https:\/\/avrupapress.com\/main\/2026\/05\/01\/kira-hukukunda-yeni-dengeler\/#primaryimage"},"image":{"@id":"https:\/\/avrupapress.com\/main\/2026\/05\/01\/kira-hukukunda-yeni-dengeler\/#primaryimage"},"thumbnailUrl":"https:\/\/avrupapress.com\/main\/wp-content\/uploads\/2026\/05\/223ed967-7ab2-4899-91f8-43aae568be46-1-768x928-2-1-1-740x420-1.jpg","datePublished":"2026-05-01T08:58:12+00:00","dateModified":"2026-05-01T08:58:42+00:00","breadcrumb":{"@id":"https:\/\/avrupapress.com\/main\/2026\/05\/01\/kira-hukukunda-yeni-dengeler\/#breadcrumb"},"inLanguage":"fr-BE","potentialAction":[{"@type":"ReadAction","target":["https:\/\/avrupapress.com\/main\/2026\/05\/01\/kira-hukukunda-yeni-dengeler\/"]}]},{"@type":"ImageObject","inLanguage":"fr-BE","@id":"https:\/\/avrupapress.com\/main\/2026\/05\/01\/kira-hukukunda-yeni-dengeler\/#primaryimage","url":"https:\/\/avrupapress.com\/main\/wp-content\/uploads\/2026\/05\/223ed967-7ab2-4899-91f8-43aae568be46-1-768x928-2-1-1-740x420-1.jpg","contentUrl":"https:\/\/avrupapress.com\/main\/wp-content\/uploads\/2026\/05\/223ed967-7ab2-4899-91f8-43aae568be46-1-768x928-2-1-1-740x420-1.jpg","width":740,"height":420},{"@type":"BreadcrumbList","@id":"https:\/\/avrupapress.com\/main\/2026\/05\/01\/kira-hukukunda-yeni-dengeler\/#breadcrumb","itemListElement":[{"@type":"ListItem","position":1,"name":"Anasayfa","item":"https:\/\/avrupapress.com\/"},{"@type":"ListItem","position":2,"name":"Kira Hukukunda Yeni Dengeler"}]},{"@type":"WebSite","@id":"https:\/\/avrupapress.com\/#website","url":"https:\/\/avrupapress.com\/","name":"AvrupaPress","description":"Haberin Adresi","publisher":{"@id":"https:\/\/avrupapress.com\/#\/schema\/person\/0223dca19c72c43575bf30d1a2d8f4fa"},"potentialAction":[{"@type":"SearchAction","target":{"@type":"EntryPoint","urlTemplate":"https:\/\/avrupapress.com\/?s={search_term_string}"},"query-input":{"@type":"PropertyValueSpecification","valueRequired":true,"valueName":"search_term_string"}}],"inLanguage":"fr-BE"},{"@type":["Person","Organization"],"@id":"https:\/\/avrupapress.com\/#\/schema\/person\/0223dca19c72c43575bf30d1a2d8f4fa","name":"Bilgin \u00d6z\u00e7ift\u00e7i","image":{"@type":"ImageObject","inLanguage":"fr-BE","@id":"https:\/\/avrupapress.com\/#\/schema\/person\/image\/","url":"https:\/\/secure.gravatar.com\/avatar\/0f23b280433a21e1ea7a0adcc46ed0ad16afe3ad8e630fd13d8a017dcbd54ef3?s=96&d=mm&r=g","contentUrl":"https:\/\/secure.gravatar.com\/avatar\/0f23b280433a21e1ea7a0adcc46ed0ad16afe3ad8e630fd13d8a017dcbd54ef3?s=96&d=mm&r=g","caption":"Bilgin \u00d6z\u00e7ift\u00e7i"},"logo":{"@id":"https:\/\/avrupapress.com\/#\/schema\/person\/image\/"},"description":"Ne ben, nede sen... Biz ancak \"biz\" olursak g\u00fc\u00e7l\u00fc olabiliriz"},{"@type":"Person","@id":"https:\/\/avrupapress.com\/#\/schema\/person\/68428444ec60970d1e1b700cf4ca1e8f","name":"Edit\u00f6r","image":{"@type":"ImageObject","inLanguage":"fr-BE","@id":"https:\/\/avrupapress.com\/#\/schema\/person\/image\/","url":"https:\/\/secure.gravatar.com\/avatar\/74996b0977aa5f1559ba9883776652508b229005c0d78fb2597897f0bd651c09?s=96&d=mm&r=g","contentUrl":"https:\/\/secure.gravatar.com\/avatar\/74996b0977aa5f1559ba9883776652508b229005c0d78fb2597897f0bd651c09?s=96&d=mm&r=g","caption":"Edit\u00f6r"},"sameAs":["http:\/\/www.avrupapress.com"],"url":"https:\/\/avrupapress.com\/main\/author\/editor\/"}]}},"_links":{"self":[{"href":"https:\/\/avrupapress.com\/main\/wp-json\/wp\/v2\/posts\/34599","targetHints":{"allow":["GET"]}}],"collection":[{"href":"https:\/\/avrupapress.com\/main\/wp-json\/wp\/v2\/posts"}],"about":[{"href":"https:\/\/avrupapress.com\/main\/wp-json\/wp\/v2\/types\/post"}],"author":[{"embeddable":true,"href":"https:\/\/avrupapress.com\/main\/wp-json\/wp\/v2\/users\/3"}],"replies":[{"embeddable":true,"href":"https:\/\/avrupapress.com\/main\/wp-json\/wp\/v2\/comments?post=34599"}],"version-history":[{"count":1,"href":"https:\/\/avrupapress.com\/main\/wp-json\/wp\/v2\/posts\/34599\/revisions"}],"predecessor-version":[{"id":34601,"href":"https:\/\/avrupapress.com\/main\/wp-json\/wp\/v2\/posts\/34599\/revisions\/34601"}],"wp:featuredmedia":[{"embeddable":true,"href":"https:\/\/avrupapress.com\/main\/wp-json\/wp\/v2\/media\/34600"}],"wp:attachment":[{"href":"https:\/\/avrupapress.com\/main\/wp-json\/wp\/v2\/media?parent=34599"}],"wp:term":[{"taxonomy":"category","embeddable":true,"href":"https:\/\/avrupapress.com\/main\/wp-json\/wp\/v2\/categories?post=34599"},{"taxonomy":"post_tag","embeddable":true,"href":"https:\/\/avrupapress.com\/main\/wp-json\/wp\/v2\/tags?post=34599"}],"curies":[{"name":"wp","href":"https:\/\/api.w.org\/{rel}","templated":true}]}}