{"id":34590,"date":"2026-05-01T08:53:18","date_gmt":"2026-05-01T08:53:18","guid":{"rendered":"https:\/\/avrupapress.com\/main\/?p=34590"},"modified":"2026-05-01T08:54:27","modified_gmt":"2026-05-01T08:54:27","slug":"turk-halk-muzigi-toplulugu-eskisehir-halkina-muhtesem-bir-turku-gecesi-yasatti","status":"publish","type":"post","link":"https:\/\/avrupapress.com\/main\/2026\/05\/01\/turk-halk-muzigi-toplulugu-eskisehir-halkina-muhtesem-bir-turku-gecesi-yasatti\/","title":{"rendered":"\u2018T\u00fcrk Halk M\u00fczi\u011fi Toplulu\u011fu\u2019 Eski\u015fehir halk\u0131na muhte\u015fem bir t\u00fcrk\u00fc gecesi ya\u015fatt\u0131"},"content":{"rendered":"<p><strong>HABER \/ FOTO\u011eRAF: ERTU\u011eRUL ALTINEL \u2013 B\u0130LG\u0130N \u00d6Z\u00c7\u0130FT\u00c7\u0130 \u2013 AVRUPA PRESS &#8211; BEL\u00c7\u0130KA<\/strong><\/p>\n<p>\u2018T\u00fcrk Halk M\u00fczi\u011fi Toplulu\u011fu\u2019 Eski\u015fehir Yunus Emre K\u00fclt\u00fcr ve Sanat Merkezi\u2019nde Eski\u015fehir halk\u0131na muhte\u015fem bir t\u00fcrk\u00fc gecesi ya\u015fatt\u0131. Konser, yo\u011fun ilgi g\u00f6rd\u00fc. Konser salonunda yer bulamayan bir\u00e7ok ki\u015fi, konseri d\u0131\u015far\u0131dan e\u015flik ederek dinledi. Konsere: Eski\u015fehir&rsquo;in \u00f6nde gelen protokol\u00fc, sivil toplum temsilcileri ve t\u00fcrk\u00fc sevenler kat\u0131l\u0131m sa\u011flad\u0131.<\/p>\n<p>Konseri: Sanat Y\u00f6netmeni ve Tiyatro hocas\u0131 \u015eeker Aybala y\u00f6netti. Anadolu\u2019dan Sesler \u2018T\u00fcrk Halk M\u00fczi\u011fi Toplulu\u011fu, t\u00fcrk\u00fc gecesini iki b\u00f6l\u00fcmde seslendirdi. Konserde; t\u00fcrk\u00fc hik\u00e2yeleri, \u015fiirler ve Eski\u015fehir t\u00fcrk\u00fcleri ve \u00e7e\u015fitli y\u00f6relerden t\u00fcrk\u00fcler seslendirildi. Anadolu esintili gecede, hep bir a\u011f\u0131zdan t\u00fcrk\u00fcler co\u015fkuyla s\u00f6ylendi. Kat\u0131l\u0131m g\u00f6steren protokol ve konuklar, program\u0131 ayakta alk\u0131\u015flad\u0131.<\/p>\n<p>Program sonunda; Eski\u015fehir Vergi Mahkemesi Ba\u015fkan\u0131 Say\u0131n \u00d6mer \u015eahin, Sanat Y\u00f6netmeni \u015eeker Aybala\u2019ya pl\u00e2ket ve \u00e7i\u00e7ek buketi takdim etti ve te\u015fekk\u00fcr etti.<\/p>\n<p><img loading=\"lazy\" decoding=\"async\" class=\"alignnone size-medium wp-image-34591\" src=\"https:\/\/avrupapress.com\/main\/wp-content\/uploads\/2026\/05\/WhatsApp-Image-2026-04-30-at-22.02.51-300x257.jpeg\" alt=\"\" width=\"300\" height=\"257\" srcset=\"https:\/\/avrupapress.com\/main\/wp-content\/uploads\/2026\/05\/WhatsApp-Image-2026-04-30-at-22.02.51-300x257.jpeg 300w, https:\/\/avrupapress.com\/main\/wp-content\/uploads\/2026\/05\/WhatsApp-Image-2026-04-30-at-22.02.51-1024x877.jpeg 1024w, https:\/\/avrupapress.com\/main\/wp-content\/uploads\/2026\/05\/WhatsApp-Image-2026-04-30-at-22.02.51-768x658.jpeg 768w, https:\/\/avrupapress.com\/main\/wp-content\/uploads\/2026\/05\/WhatsApp-Image-2026-04-30-at-22.02.51.jpeg 1244w\" sizes=\"auto, (max-width: 300px) 100vw, 300px\" \/><\/p>\n<p><img loading=\"lazy\" decoding=\"async\" class=\"alignnone size-medium wp-image-34592\" src=\"https:\/\/avrupapress.com\/main\/wp-content\/uploads\/2026\/05\/WhatsApp-Image-2026-04-30-at-22.04.10-300x225.jpeg\" alt=\"\" width=\"300\" height=\"225\" srcset=\"https:\/\/avrupapress.com\/main\/wp-content\/uploads\/2026\/05\/WhatsApp-Image-2026-04-30-at-22.04.10-300x225.jpeg 300w, https:\/\/avrupapress.com\/main\/wp-content\/uploads\/2026\/05\/WhatsApp-Image-2026-04-30-at-22.04.10-1024x768.jpeg 1024w, https:\/\/avrupapress.com\/main\/wp-content\/uploads\/2026\/05\/WhatsApp-Image-2026-04-30-at-22.04.10-768x576.jpeg 768w, https:\/\/avrupapress.com\/main\/wp-content\/uploads\/2026\/05\/WhatsApp-Image-2026-04-30-at-22.04.10-1536x1152.jpeg 1536w, https:\/\/avrupapress.com\/main\/wp-content\/uploads\/2026\/05\/WhatsApp-Image-2026-04-30-at-22.04.10.jpeg 1600w\" sizes=\"auto, (max-width: 300px) 100vw, 300px\" \/><\/p>\n<p><img loading=\"lazy\" decoding=\"async\" class=\"alignnone size-medium wp-image-34593\" src=\"https:\/\/avrupapress.com\/main\/wp-content\/uploads\/2026\/05\/WhatsApp-Image-2026-04-30-at-22.04.20-225x300.jpeg\" alt=\"\" width=\"225\" height=\"300\" srcset=\"https:\/\/avrupapress.com\/main\/wp-content\/uploads\/2026\/05\/WhatsApp-Image-2026-04-30-at-22.04.20-225x300.jpeg 225w, https:\/\/avrupapress.com\/main\/wp-content\/uploads\/2026\/05\/WhatsApp-Image-2026-04-30-at-22.04.20-768x1024.jpeg 768w, https:\/\/avrupapress.com\/main\/wp-content\/uploads\/2026\/05\/WhatsApp-Image-2026-04-30-at-22.04.20-1152x1536.jpeg 1152w, https:\/\/avrupapress.com\/main\/wp-content\/uploads\/2026\/05\/WhatsApp-Image-2026-04-30-at-22.04.20.jpeg 1200w\" sizes=\"auto, (max-width: 225px) 100vw, 225px\" \/><\/p>\n<p><img loading=\"lazy\" decoding=\"async\" class=\"alignnone size-medium wp-image-34594\" src=\"https:\/\/avrupapress.com\/main\/wp-content\/uploads\/2026\/05\/WhatsApp-Image-2026-04-30-at-22.05.22-1-300x200.jpeg\" alt=\"\" width=\"300\" height=\"200\" srcset=\"https:\/\/avrupapress.com\/main\/wp-content\/uploads\/2026\/05\/WhatsApp-Image-2026-04-30-at-22.05.22-1-300x200.jpeg 300w, https:\/\/avrupapress.com\/main\/wp-content\/uploads\/2026\/05\/WhatsApp-Image-2026-04-30-at-22.05.22-1-1024x682.jpeg 1024w, https:\/\/avrupapress.com\/main\/wp-content\/uploads\/2026\/05\/WhatsApp-Image-2026-04-30-at-22.05.22-1-768x512.jpeg 768w, https:\/\/avrupapress.com\/main\/wp-content\/uploads\/2026\/05\/WhatsApp-Image-2026-04-30-at-22.05.22-1-1536x1023.jpeg 1536w, https:\/\/avrupapress.com\/main\/wp-content\/uploads\/2026\/05\/WhatsApp-Image-2026-04-30-at-22.05.22-1.jpeg 1600w\" sizes=\"auto, (max-width: 300px) 100vw, 300px\" \/><\/p>\n<p><img loading=\"lazy\" decoding=\"async\" class=\"alignnone size-medium wp-image-34595\" src=\"https:\/\/avrupapress.com\/main\/wp-content\/uploads\/2026\/05\/WhatsApp-Image-2026-04-30-at-22.06.11-1-300x200.jpeg\" alt=\"\" width=\"300\" height=\"200\" srcset=\"https:\/\/avrupapress.com\/main\/wp-content\/uploads\/2026\/05\/WhatsApp-Image-2026-04-30-at-22.06.11-1-300x200.jpeg 300w, https:\/\/avrupapress.com\/main\/wp-content\/uploads\/2026\/05\/WhatsApp-Image-2026-04-30-at-22.06.11-1-1024x682.jpeg 1024w, https:\/\/avrupapress.com\/main\/wp-content\/uploads\/2026\/05\/WhatsApp-Image-2026-04-30-at-22.06.11-1-768x512.jpeg 768w, https:\/\/avrupapress.com\/main\/wp-content\/uploads\/2026\/05\/WhatsApp-Image-2026-04-30-at-22.06.11-1-1536x1023.jpeg 1536w, https:\/\/avrupapress.com\/main\/wp-content\/uploads\/2026\/05\/WhatsApp-Image-2026-04-30-at-22.06.11-1.jpeg 1600w\" sizes=\"auto, (max-width: 300px) 100vw, 300px\" \/><\/p>\n<p><img loading=\"lazy\" decoding=\"async\" class=\"alignnone size-medium wp-image-34596\" src=\"https:\/\/avrupapress.com\/main\/wp-content\/uploads\/2026\/05\/WhatsApp-Image-2026-04-30-at-22.07.10-1-300x200.jpeg\" alt=\"\" width=\"300\" height=\"200\" srcset=\"https:\/\/avrupapress.com\/main\/wp-content\/uploads\/2026\/05\/WhatsApp-Image-2026-04-30-at-22.07.10-1-300x200.jpeg 300w, https:\/\/avrupapress.com\/main\/wp-content\/uploads\/2026\/05\/WhatsApp-Image-2026-04-30-at-22.07.10-1-1024x682.jpeg 1024w, https:\/\/avrupapress.com\/main\/wp-content\/uploads\/2026\/05\/WhatsApp-Image-2026-04-30-at-22.07.10-1-768x512.jpeg 768w, https:\/\/avrupapress.com\/main\/wp-content\/uploads\/2026\/05\/WhatsApp-Image-2026-04-30-at-22.07.10-1-1536x1023.jpeg 1536w, https:\/\/avrupapress.com\/main\/wp-content\/uploads\/2026\/05\/WhatsApp-Image-2026-04-30-at-22.07.10-1.jpeg 1600w\" sizes=\"auto, (max-width: 300px) 100vw, 300px\" \/><\/p>\n<p><img loading=\"lazy\" decoding=\"async\" class=\"alignnone size-medium wp-image-34597\" src=\"https:\/\/avrupapress.com\/main\/wp-content\/uploads\/2026\/05\/WhatsApp-Image-2026-04-30-at-22.07.46-300x200.jpeg\" alt=\"\" width=\"300\" height=\"200\" srcset=\"https:\/\/avrupapress.com\/main\/wp-content\/uploads\/2026\/05\/WhatsApp-Image-2026-04-30-at-22.07.46-300x200.jpeg 300w, https:\/\/avrupapress.com\/main\/wp-content\/uploads\/2026\/05\/WhatsApp-Image-2026-04-30-at-22.07.46-1024x682.jpeg 1024w, https:\/\/avrupapress.com\/main\/wp-content\/uploads\/2026\/05\/WhatsApp-Image-2026-04-30-at-22.07.46-768x512.jpeg 768w, https:\/\/avrupapress.com\/main\/wp-content\/uploads\/2026\/05\/WhatsApp-Image-2026-04-30-at-22.07.46-1536x1023.jpeg 1536w, https:\/\/avrupapress.com\/main\/wp-content\/uploads\/2026\/05\/WhatsApp-Image-2026-04-30-at-22.07.46.jpeg 1600w\" sizes=\"auto, (max-width: 300px) 100vw, 300px\" \/><\/p>\n<p><strong>HABER \/ FOTO\u011eRAF: ERTU\u011eRUL ALTINEL \u2013 B\u0130LG\u0130N \u00d6Z\u00c7\u0130FT\u00c7\u0130 \u2013 AVRUPA PRESS &#8211; BEL\u00c7\u0130KA<\/strong><\/p>\n","protected":false},"excerpt":{"rendered":"<p>HABER \/ FOTO\u011eRAF: ERTU\u011eRUL ALTINEL \u2013 B\u0130LG\u0130N \u00d6Z\u00c7\u0130FT\u00c7\u0130 \u2013 AVRUPA PRESS &#8211; BEL\u00c7\u0130KA \u2018T\u00fcrk Halk M\u00fczi\u011fi Toplulu\u011fu\u2019 Eski\u015fehir Yunus Emre K\u00fclt\u00fcr ve Sanat Merkezi\u2019nde Eski\u015fehir halk\u0131na muhte\u015fem bir t\u00fcrk\u00fc gecesi ya\u015fatt\u0131. Konser, yo\u011fun ilgi g\u00f6rd\u00fc. Konser salonunda yer bulamayan bir\u00e7ok ki\u015fi, konseri d\u0131\u015far\u0131dan e\u015flik ederek dinledi. Konsere: Eski\u015fehir&rsquo;in \u00f6nde gelen protokol\u00fc, sivil toplum temsilcileri ve [&hellip;]<\/p>\n","protected":false},"author":3,"featured_media":34591,"comment_status":"closed","ping_status":"open","sticky":false,"template":"","format":"standard","meta":{"footnotes":""},"categories":[14,16,3,17,18,15,19,2,1],"tags":[],"class_list":["post-34590","post","type-post","status-publish","format-standard","has-post-thumbnail","hentry","category-avrupa","category-belcika","category-dunya","category-ekonomi","category-kultur-sanat","category-spor","category-tanitim","category-turkiye","category-uncategorized"],"yoast_head":"<!-- This site is optimized with the Yoast SEO plugin v26.9 - https:\/\/yoast.com\/product\/yoast-seo-wordpress\/ -->\n<title>\u2018T\u00fcrk Halk M\u00fczi\u011fi Toplulu\u011fu\u2019 Eski\u015fehir halk\u0131na muhte\u015fem bir t\u00fcrk\u00fc gecesi ya\u015fatt\u0131 - AvrupaPress<\/title>\n<meta name=\"robots\" content=\"index, follow, max-snippet:-1, max-image-preview:large, max-video-preview:-1\" \/>\n<link rel=\"canonical\" href=\"https:\/\/avrupapress.com\/main\/2026\/05\/01\/turk-halk-muzigi-toplulugu-eskisehir-halkina-muhtesem-bir-turku-gecesi-yasatti\/\" \/>\n<meta property=\"og:locale\" content=\"fr_FR\" \/>\n<meta property=\"og:type\" content=\"article\" \/>\n<meta property=\"og:title\" content=\"\u2018T\u00fcrk Halk M\u00fczi\u011fi Toplulu\u011fu\u2019 Eski\u015fehir halk\u0131na muhte\u015fem bir t\u00fcrk\u00fc gecesi ya\u015fatt\u0131 - AvrupaPress\" \/>\n<meta property=\"og:description\" content=\"HABER \/ FOTO\u011eRAF: ERTU\u011eRUL ALTINEL \u2013 B\u0130LG\u0130N \u00d6Z\u00c7\u0130FT\u00c7\u0130 \u2013 AVRUPA PRESS &#8211; BEL\u00c7\u0130KA \u2018T\u00fcrk Halk M\u00fczi\u011fi Toplulu\u011fu\u2019 Eski\u015fehir Yunus Emre K\u00fclt\u00fcr ve Sanat Merkezi\u2019nde Eski\u015fehir halk\u0131na muhte\u015fem bir t\u00fcrk\u00fc gecesi ya\u015fatt\u0131. Konser, yo\u011fun ilgi g\u00f6rd\u00fc. Konser salonunda yer bulamayan bir\u00e7ok ki\u015fi, konseri d\u0131\u015far\u0131dan e\u015flik ederek dinledi. Konsere: Eski\u015fehir&rsquo;in \u00f6nde gelen protokol\u00fc, sivil toplum temsilcileri ve [&hellip;]\" \/>\n<meta property=\"og:url\" content=\"https:\/\/avrupapress.com\/main\/2026\/05\/01\/turk-halk-muzigi-toplulugu-eskisehir-halkina-muhtesem-bir-turku-gecesi-yasatti\/\" \/>\n<meta property=\"og:site_name\" content=\"AvrupaPress\" \/>\n<meta property=\"article:published_time\" content=\"2026-05-01T08:53:18+00:00\" \/>\n<meta property=\"article:modified_time\" content=\"2026-05-01T08:54:27+00:00\" \/>\n<meta property=\"og:image\" content=\"https:\/\/avrupapress.com\/main\/wp-content\/uploads\/2026\/05\/WhatsApp-Image-2026-04-30-at-22.02.51.jpeg\" \/>\n\t<meta property=\"og:image:width\" content=\"1244\" \/>\n\t<meta property=\"og:image:height\" content=\"1066\" \/>\n\t<meta property=\"og:image:type\" content=\"image\/jpeg\" \/>\n<meta name=\"author\" content=\"Edit\u00f6r\" \/>\n<meta name=\"twitter:card\" content=\"summary_large_image\" \/>\n<meta name=\"twitter:label1\" content=\"\u00c9crit par\" \/>\n\t<meta name=\"twitter:data1\" content=\"Edit\u00f6r\" \/>\n\t<meta name=\"twitter:label2\" content=\"Dur\u00e9e de lecture est.\" \/>\n\t<meta name=\"twitter:data2\" content=\"3 minutes\" \/>\n<script type=\"application\/ld+json\" class=\"yoast-schema-graph\">{\"@context\":\"https:\/\/schema.org\",\"@graph\":[{\"@type\":\"Article\",\"@id\":\"https:\/\/avrupapress.com\/main\/2026\/05\/01\/turk-halk-muzigi-toplulugu-eskisehir-halkina-muhtesem-bir-turku-gecesi-yasatti\/#article\",\"isPartOf\":{\"@id\":\"https:\/\/avrupapress.com\/main\/2026\/05\/01\/turk-halk-muzigi-toplulugu-eskisehir-halkina-muhtesem-bir-turku-gecesi-yasatti\/\"},\"author\":{\"name\":\"Edit\u00f6r\",\"@id\":\"https:\/\/avrupapress.com\/#\/schema\/person\/68428444ec60970d1e1b700cf4ca1e8f\"},\"headline\":\"\u2018T\u00fcrk Halk M\u00fczi\u011fi Toplulu\u011fu\u2019 Eski\u015fehir halk\u0131na muhte\u015fem bir t\u00fcrk\u00fc gecesi ya\u015fatt\u0131\",\"datePublished\":\"2026-05-01T08:53:18+00:00\",\"dateModified\":\"2026-05-01T08:54:27+00:00\",\"mainEntityOfPage\":{\"@id\":\"https:\/\/avrupapress.com\/main\/2026\/05\/01\/turk-halk-muzigi-toplulugu-eskisehir-halkina-muhtesem-bir-turku-gecesi-yasatti\/\"},\"wordCount\":231,\"publisher\":{\"@id\":\"https:\/\/avrupapress.com\/#\/schema\/person\/0223dca19c72c43575bf30d1a2d8f4fa\"},\"image\":{\"@id\":\"https:\/\/avrupapress.com\/main\/2026\/05\/01\/turk-halk-muzigi-toplulugu-eskisehir-halkina-muhtesem-bir-turku-gecesi-yasatti\/#primaryimage\"},\"thumbnailUrl\":\"https:\/\/avrupapress.com\/main\/wp-content\/uploads\/2026\/05\/WhatsApp-Image-2026-04-30-at-22.02.51.jpeg\",\"articleSection\":[\"Avrupa\",\"Bel\u00e7ika\",\"D\u00fcnya\",\"Ekonomi\",\"K\u00fclt\u00fcr-Sanat\",\"Spor\",\"Tan\u0131t\u0131m\",\"T\u00fcrkiye\",\"Uncategorized\"],\"inLanguage\":\"fr-BE\"},{\"@type\":\"WebPage\",\"@id\":\"https:\/\/avrupapress.com\/main\/2026\/05\/01\/turk-halk-muzigi-toplulugu-eskisehir-halkina-muhtesem-bir-turku-gecesi-yasatti\/\",\"url\":\"https:\/\/avrupapress.com\/main\/2026\/05\/01\/turk-halk-muzigi-toplulugu-eskisehir-halkina-muhtesem-bir-turku-gecesi-yasatti\/\",\"name\":\"\u2018T\u00fcrk Halk M\u00fczi\u011fi Toplulu\u011fu\u2019 Eski\u015fehir halk\u0131na muhte\u015fem bir t\u00fcrk\u00fc gecesi ya\u015fatt\u0131 - AvrupaPress\",\"isPartOf\":{\"@id\":\"https:\/\/avrupapress.com\/#website\"},\"primaryImageOfPage\":{\"@id\":\"https:\/\/avrupapress.com\/main\/2026\/05\/01\/turk-halk-muzigi-toplulugu-eskisehir-halkina-muhtesem-bir-turku-gecesi-yasatti\/#primaryimage\"},\"image\":{\"@id\":\"https:\/\/avrupapress.com\/main\/2026\/05\/01\/turk-halk-muzigi-toplulugu-eskisehir-halkina-muhtesem-bir-turku-gecesi-yasatti\/#primaryimage\"},\"thumbnailUrl\":\"https:\/\/avrupapress.com\/main\/wp-content\/uploads\/2026\/05\/WhatsApp-Image-2026-04-30-at-22.02.51.jpeg\",\"datePublished\":\"2026-05-01T08:53:18+00:00\",\"dateModified\":\"2026-05-01T08:54:27+00:00\",\"breadcrumb\":{\"@id\":\"https:\/\/avrupapress.com\/main\/2026\/05\/01\/turk-halk-muzigi-toplulugu-eskisehir-halkina-muhtesem-bir-turku-gecesi-yasatti\/#breadcrumb\"},\"inLanguage\":\"fr-BE\",\"potentialAction\":[{\"@type\":\"ReadAction\",\"target\":[\"https:\/\/avrupapress.com\/main\/2026\/05\/01\/turk-halk-muzigi-toplulugu-eskisehir-halkina-muhtesem-bir-turku-gecesi-yasatti\/\"]}]},{\"@type\":\"ImageObject\",\"inLanguage\":\"fr-BE\",\"@id\":\"https:\/\/avrupapress.com\/main\/2026\/05\/01\/turk-halk-muzigi-toplulugu-eskisehir-halkina-muhtesem-bir-turku-gecesi-yasatti\/#primaryimage\",\"url\":\"https:\/\/avrupapress.com\/main\/wp-content\/uploads\/2026\/05\/WhatsApp-Image-2026-04-30-at-22.02.51.jpeg\",\"contentUrl\":\"https:\/\/avrupapress.com\/main\/wp-content\/uploads\/2026\/05\/WhatsApp-Image-2026-04-30-at-22.02.51.jpeg\",\"width\":1244,\"height\":1066},{\"@type\":\"BreadcrumbList\",\"@id\":\"https:\/\/avrupapress.com\/main\/2026\/05\/01\/turk-halk-muzigi-toplulugu-eskisehir-halkina-muhtesem-bir-turku-gecesi-yasatti\/#breadcrumb\",\"itemListElement\":[{\"@type\":\"ListItem\",\"position\":1,\"name\":\"Anasayfa\",\"item\":\"https:\/\/avrupapress.com\/\"},{\"@type\":\"ListItem\",\"position\":2,\"name\":\"\u2018T\u00fcrk Halk M\u00fczi\u011fi Toplulu\u011fu\u2019 Eski\u015fehir halk\u0131na muhte\u015fem bir t\u00fcrk\u00fc gecesi ya\u015fatt\u0131\"}]},{\"@type\":\"WebSite\",\"@id\":\"https:\/\/avrupapress.com\/#website\",\"url\":\"https:\/\/avrupapress.com\/\",\"name\":\"AvrupaPress\",\"description\":\"Haberin Adresi\",\"publisher\":{\"@id\":\"https:\/\/avrupapress.com\/#\/schema\/person\/0223dca19c72c43575bf30d1a2d8f4fa\"},\"potentialAction\":[{\"@type\":\"SearchAction\",\"target\":{\"@type\":\"EntryPoint\",\"urlTemplate\":\"https:\/\/avrupapress.com\/?s={search_term_string}\"},\"query-input\":{\"@type\":\"PropertyValueSpecification\",\"valueRequired\":true,\"valueName\":\"search_term_string\"}}],\"inLanguage\":\"fr-BE\"},{\"@type\":[\"Person\",\"Organization\"],\"@id\":\"https:\/\/avrupapress.com\/#\/schema\/person\/0223dca19c72c43575bf30d1a2d8f4fa\",\"name\":\"Bilgin \u00d6z\u00e7ift\u00e7i\",\"image\":{\"@type\":\"ImageObject\",\"inLanguage\":\"fr-BE\",\"@id\":\"https:\/\/avrupapress.com\/#\/schema\/person\/image\/\",\"url\":\"https:\/\/secure.gravatar.com\/avatar\/0f23b280433a21e1ea7a0adcc46ed0ad16afe3ad8e630fd13d8a017dcbd54ef3?s=96&d=mm&r=g\",\"contentUrl\":\"https:\/\/secure.gravatar.com\/avatar\/0f23b280433a21e1ea7a0adcc46ed0ad16afe3ad8e630fd13d8a017dcbd54ef3?s=96&d=mm&r=g\",\"caption\":\"Bilgin \u00d6z\u00e7ift\u00e7i\"},\"logo\":{\"@id\":\"https:\/\/avrupapress.com\/#\/schema\/person\/image\/\"},\"description\":\"Ne ben, nede sen... Biz ancak \\\"biz\\\" olursak g\u00fc\u00e7l\u00fc olabiliriz\"},{\"@type\":\"Person\",\"@id\":\"https:\/\/avrupapress.com\/#\/schema\/person\/68428444ec60970d1e1b700cf4ca1e8f\",\"name\":\"Edit\u00f6r\",\"image\":{\"@type\":\"ImageObject\",\"inLanguage\":\"fr-BE\",\"@id\":\"https:\/\/avrupapress.com\/#\/schema\/person\/image\/\",\"url\":\"https:\/\/secure.gravatar.com\/avatar\/74996b0977aa5f1559ba9883776652508b229005c0d78fb2597897f0bd651c09?s=96&d=mm&r=g\",\"contentUrl\":\"https:\/\/secure.gravatar.com\/avatar\/74996b0977aa5f1559ba9883776652508b229005c0d78fb2597897f0bd651c09?s=96&d=mm&r=g\",\"caption\":\"Edit\u00f6r\"},\"sameAs\":[\"http:\/\/www.avrupapress.com\"],\"url\":\"https:\/\/avrupapress.com\/main\/author\/editor\/\"}]}<\/script>\n<!-- \/ Yoast SEO plugin. -->","yoast_head_json":{"title":"\u2018T\u00fcrk Halk M\u00fczi\u011fi Toplulu\u011fu\u2019 Eski\u015fehir halk\u0131na muhte\u015fem bir t\u00fcrk\u00fc gecesi ya\u015fatt\u0131 - AvrupaPress","robots":{"index":"index","follow":"follow","max-snippet":"max-snippet:-1","max-image-preview":"max-image-preview:large","max-video-preview":"max-video-preview:-1"},"canonical":"https:\/\/avrupapress.com\/main\/2026\/05\/01\/turk-halk-muzigi-toplulugu-eskisehir-halkina-muhtesem-bir-turku-gecesi-yasatti\/","og_locale":"fr_FR","og_type":"article","og_title":"\u2018T\u00fcrk Halk M\u00fczi\u011fi Toplulu\u011fu\u2019 Eski\u015fehir halk\u0131na muhte\u015fem bir t\u00fcrk\u00fc gecesi ya\u015fatt\u0131 - AvrupaPress","og_description":"HABER \/ FOTO\u011eRAF: ERTU\u011eRUL ALTINEL \u2013 B\u0130LG\u0130N \u00d6Z\u00c7\u0130FT\u00c7\u0130 \u2013 AVRUPA PRESS &#8211; BEL\u00c7\u0130KA \u2018T\u00fcrk Halk M\u00fczi\u011fi Toplulu\u011fu\u2019 Eski\u015fehir Yunus Emre K\u00fclt\u00fcr ve Sanat Merkezi\u2019nde Eski\u015fehir halk\u0131na muhte\u015fem bir t\u00fcrk\u00fc gecesi ya\u015fatt\u0131. Konser, yo\u011fun ilgi g\u00f6rd\u00fc. Konser salonunda yer bulamayan bir\u00e7ok ki\u015fi, konseri d\u0131\u015far\u0131dan e\u015flik ederek dinledi. Konsere: Eski\u015fehir&rsquo;in \u00f6nde gelen protokol\u00fc, sivil toplum temsilcileri ve [&hellip;]","og_url":"https:\/\/avrupapress.com\/main\/2026\/05\/01\/turk-halk-muzigi-toplulugu-eskisehir-halkina-muhtesem-bir-turku-gecesi-yasatti\/","og_site_name":"AvrupaPress","article_published_time":"2026-05-01T08:53:18+00:00","article_modified_time":"2026-05-01T08:54:27+00:00","og_image":[{"width":1244,"height":1066,"url":"https:\/\/avrupapress.com\/main\/wp-content\/uploads\/2026\/05\/WhatsApp-Image-2026-04-30-at-22.02.51.jpeg","type":"image\/jpeg"}],"author":"Edit\u00f6r","twitter_card":"summary_large_image","twitter_misc":{"\u00c9crit par":"Edit\u00f6r","Dur\u00e9e de lecture est.":"3 minutes"},"schema":{"@context":"https:\/\/schema.org","@graph":[{"@type":"Article","@id":"https:\/\/avrupapress.com\/main\/2026\/05\/01\/turk-halk-muzigi-toplulugu-eskisehir-halkina-muhtesem-bir-turku-gecesi-yasatti\/#article","isPartOf":{"@id":"https:\/\/avrupapress.com\/main\/2026\/05\/01\/turk-halk-muzigi-toplulugu-eskisehir-halkina-muhtesem-bir-turku-gecesi-yasatti\/"},"author":{"name":"Edit\u00f6r","@id":"https:\/\/avrupapress.com\/#\/schema\/person\/68428444ec60970d1e1b700cf4ca1e8f"},"headline":"\u2018T\u00fcrk Halk M\u00fczi\u011fi Toplulu\u011fu\u2019 Eski\u015fehir halk\u0131na muhte\u015fem bir t\u00fcrk\u00fc gecesi ya\u015fatt\u0131","datePublished":"2026-05-01T08:53:18+00:00","dateModified":"2026-05-01T08:54:27+00:00","mainEntityOfPage":{"@id":"https:\/\/avrupapress.com\/main\/2026\/05\/01\/turk-halk-muzigi-toplulugu-eskisehir-halkina-muhtesem-bir-turku-gecesi-yasatti\/"},"wordCount":231,"publisher":{"@id":"https:\/\/avrupapress.com\/#\/schema\/person\/0223dca19c72c43575bf30d1a2d8f4fa"},"image":{"@id":"https:\/\/avrupapress.com\/main\/2026\/05\/01\/turk-halk-muzigi-toplulugu-eskisehir-halkina-muhtesem-bir-turku-gecesi-yasatti\/#primaryimage"},"thumbnailUrl":"https:\/\/avrupapress.com\/main\/wp-content\/uploads\/2026\/05\/WhatsApp-Image-2026-04-30-at-22.02.51.jpeg","articleSection":["Avrupa","Bel\u00e7ika","D\u00fcnya","Ekonomi","K\u00fclt\u00fcr-Sanat","Spor","Tan\u0131t\u0131m","T\u00fcrkiye","Uncategorized"],"inLanguage":"fr-BE"},{"@type":"WebPage","@id":"https:\/\/avrupapress.com\/main\/2026\/05\/01\/turk-halk-muzigi-toplulugu-eskisehir-halkina-muhtesem-bir-turku-gecesi-yasatti\/","url":"https:\/\/avrupapress.com\/main\/2026\/05\/01\/turk-halk-muzigi-toplulugu-eskisehir-halkina-muhtesem-bir-turku-gecesi-yasatti\/","name":"\u2018T\u00fcrk Halk M\u00fczi\u011fi Toplulu\u011fu\u2019 Eski\u015fehir halk\u0131na muhte\u015fem bir t\u00fcrk\u00fc gecesi ya\u015fatt\u0131 - AvrupaPress","isPartOf":{"@id":"https:\/\/avrupapress.com\/#website"},"primaryImageOfPage":{"@id":"https:\/\/avrupapress.com\/main\/2026\/05\/01\/turk-halk-muzigi-toplulugu-eskisehir-halkina-muhtesem-bir-turku-gecesi-yasatti\/#primaryimage"},"image":{"@id":"https:\/\/avrupapress.com\/main\/2026\/05\/01\/turk-halk-muzigi-toplulugu-eskisehir-halkina-muhtesem-bir-turku-gecesi-yasatti\/#primaryimage"},"thumbnailUrl":"https:\/\/avrupapress.com\/main\/wp-content\/uploads\/2026\/05\/WhatsApp-Image-2026-04-30-at-22.02.51.jpeg","datePublished":"2026-05-01T08:53:18+00:00","dateModified":"2026-05-01T08:54:27+00:00","breadcrumb":{"@id":"https:\/\/avrupapress.com\/main\/2026\/05\/01\/turk-halk-muzigi-toplulugu-eskisehir-halkina-muhtesem-bir-turku-gecesi-yasatti\/#breadcrumb"},"inLanguage":"fr-BE","potentialAction":[{"@type":"ReadAction","target":["https:\/\/avrupapress.com\/main\/2026\/05\/01\/turk-halk-muzigi-toplulugu-eskisehir-halkina-muhtesem-bir-turku-gecesi-yasatti\/"]}]},{"@type":"ImageObject","inLanguage":"fr-BE","@id":"https:\/\/avrupapress.com\/main\/2026\/05\/01\/turk-halk-muzigi-toplulugu-eskisehir-halkina-muhtesem-bir-turku-gecesi-yasatti\/#primaryimage","url":"https:\/\/avrupapress.com\/main\/wp-content\/uploads\/2026\/05\/WhatsApp-Image-2026-04-30-at-22.02.51.jpeg","contentUrl":"https:\/\/avrupapress.com\/main\/wp-content\/uploads\/2026\/05\/WhatsApp-Image-2026-04-30-at-22.02.51.jpeg","width":1244,"height":1066},{"@type":"BreadcrumbList","@id":"https:\/\/avrupapress.com\/main\/2026\/05\/01\/turk-halk-muzigi-toplulugu-eskisehir-halkina-muhtesem-bir-turku-gecesi-yasatti\/#breadcrumb","itemListElement":[{"@type":"ListItem","position":1,"name":"Anasayfa","item":"https:\/\/avrupapress.com\/"},{"@type":"ListItem","position":2,"name":"\u2018T\u00fcrk Halk M\u00fczi\u011fi Toplulu\u011fu\u2019 Eski\u015fehir halk\u0131na muhte\u015fem bir t\u00fcrk\u00fc gecesi ya\u015fatt\u0131"}]},{"@type":"WebSite","@id":"https:\/\/avrupapress.com\/#website","url":"https:\/\/avrupapress.com\/","name":"AvrupaPress","description":"Haberin Adresi","publisher":{"@id":"https:\/\/avrupapress.com\/#\/schema\/person\/0223dca19c72c43575bf30d1a2d8f4fa"},"potentialAction":[{"@type":"SearchAction","target":{"@type":"EntryPoint","urlTemplate":"https:\/\/avrupapress.com\/?s={search_term_string}"},"query-input":{"@type":"PropertyValueSpecification","valueRequired":true,"valueName":"search_term_string"}}],"inLanguage":"fr-BE"},{"@type":["Person","Organization"],"@id":"https:\/\/avrupapress.com\/#\/schema\/person\/0223dca19c72c43575bf30d1a2d8f4fa","name":"Bilgin \u00d6z\u00e7ift\u00e7i","image":{"@type":"ImageObject","inLanguage":"fr-BE","@id":"https:\/\/avrupapress.com\/#\/schema\/person\/image\/","url":"https:\/\/secure.gravatar.com\/avatar\/0f23b280433a21e1ea7a0adcc46ed0ad16afe3ad8e630fd13d8a017dcbd54ef3?s=96&d=mm&r=g","contentUrl":"https:\/\/secure.gravatar.com\/avatar\/0f23b280433a21e1ea7a0adcc46ed0ad16afe3ad8e630fd13d8a017dcbd54ef3?s=96&d=mm&r=g","caption":"Bilgin \u00d6z\u00e7ift\u00e7i"},"logo":{"@id":"https:\/\/avrupapress.com\/#\/schema\/person\/image\/"},"description":"Ne ben, nede sen... Biz ancak \"biz\" olursak g\u00fc\u00e7l\u00fc olabiliriz"},{"@type":"Person","@id":"https:\/\/avrupapress.com\/#\/schema\/person\/68428444ec60970d1e1b700cf4ca1e8f","name":"Edit\u00f6r","image":{"@type":"ImageObject","inLanguage":"fr-BE","@id":"https:\/\/avrupapress.com\/#\/schema\/person\/image\/","url":"https:\/\/secure.gravatar.com\/avatar\/74996b0977aa5f1559ba9883776652508b229005c0d78fb2597897f0bd651c09?s=96&d=mm&r=g","contentUrl":"https:\/\/secure.gravatar.com\/avatar\/74996b0977aa5f1559ba9883776652508b229005c0d78fb2597897f0bd651c09?s=96&d=mm&r=g","caption":"Edit\u00f6r"},"sameAs":["http:\/\/www.avrupapress.com"],"url":"https:\/\/avrupapress.com\/main\/author\/editor\/"}]}},"_links":{"self":[{"href":"https:\/\/avrupapress.com\/main\/wp-json\/wp\/v2\/posts\/34590","targetHints":{"allow":["GET"]}}],"collection":[{"href":"https:\/\/avrupapress.com\/main\/wp-json\/wp\/v2\/posts"}],"about":[{"href":"https:\/\/avrupapress.com\/main\/wp-json\/wp\/v2\/types\/post"}],"author":[{"embeddable":true,"href":"https:\/\/avrupapress.com\/main\/wp-json\/wp\/v2\/users\/3"}],"replies":[{"embeddable":true,"href":"https:\/\/avrupapress.com\/main\/wp-json\/wp\/v2\/comments?post=34590"}],"version-history":[{"count":1,"href":"https:\/\/avrupapress.com\/main\/wp-json\/wp\/v2\/posts\/34590\/revisions"}],"predecessor-version":[{"id":34598,"href":"https:\/\/avrupapress.com\/main\/wp-json\/wp\/v2\/posts\/34590\/revisions\/34598"}],"wp:featuredmedia":[{"embeddable":true,"href":"https:\/\/avrupapress.com\/main\/wp-json\/wp\/v2\/media\/34591"}],"wp:attachment":[{"href":"https:\/\/avrupapress.com\/main\/wp-json\/wp\/v2\/media?parent=34590"}],"wp:term":[{"taxonomy":"category","embeddable":true,"href":"https:\/\/avrupapress.com\/main\/wp-json\/wp\/v2\/categories?post=34590"},{"taxonomy":"post_tag","embeddable":true,"href":"https:\/\/avrupapress.com\/main\/wp-json\/wp\/v2\/tags?post=34590"}],"curies":[{"name":"wp","href":"https:\/\/api.w.org\/{rel}","templated":true}]}}