{"id":34575,"date":"2026-05-01T08:35:07","date_gmt":"2026-05-01T08:35:07","guid":{"rendered":"https:\/\/avrupapress.com\/main\/?p=34575"},"modified":"2026-05-01T08:35:11","modified_gmt":"2026-05-01T08:35:11","slug":"eskisehir-il-protokolundan-kizilelma-turan-dernegine-nezaket-ziyareti","status":"publish","type":"post","link":"https:\/\/avrupapress.com\/main\/2026\/05\/01\/eskisehir-il-protokolundan-kizilelma-turan-dernegine-nezaket-ziyareti\/","title":{"rendered":"Eski\u015fehir \u0130l Protokolu\u2019ndan K\u0131z\u0131lelma Turan Derne\u011fi\u2019ne nezaket ziyareti"},"content":{"rendered":"<p><strong>HABER \/ FOTO\u011eRAF: ERTU\u011eRUL ALTINEL \u2013 B\u0130LG\u0130N \u00d6Z\u00c7\u0130FT\u00c7\u0130 \u2013 AVRUPA PRESS \u2013 BEL\u00c7\u0130KA<\/strong><\/p>\n<p>Eski\u015fehir Vali Yard\u0131mc\u0131s\u0131 Hasan \u00c7i\u00e7ek, Vali Yard\u0131mc\u0131s\u0131 Abdulhamit Karaca, Eski\u015fehir Cumhuriyet Ba\u015fsavc\u0131 Vekili Mehmet \u00d6zel, Eski\u015fehir \u0130l N\u00fcfus Vatanda\u015fl\u0131k \u0130\u015fleri M\u00fcd\u00fcr\u00fc Ahmet Nuri O\u011fuz, \u0130l Sivil Toplumla \u0130li\u015fkiler M\u00fcd\u00fcr\u00fc Nihat Bahar, Eski\u015fehir K\u0131z\u0131lelma Turan Derne\u011fi\u2019ne nezaket ziyaretinde bulundular.<\/p>\n<p>K\u0131z\u0131lelma Turan Derne\u011fi Ba\u015fkan\u0131 Ahmet H\u0131zlan yapt\u0131\u011f\u0131 konu\u015fmas\u0131nda, \u2018\u2019Bu ziyaretle Derne\u011fimizin y\u00fcr\u00fctt\u00fc\u011f\u00fc faaliyetlerin B\u00fcrokrasimiz taraf\u0131ndan \u00f6nemsenmesi ve \u00e7al\u0131\u015fmalar\u0131n\u0131z\u0131n takdir edilmesi olumlu ve verimli bir geli\u015fmedir. Bu t\u00fcr ziyaretler, dernek-devlet i\u015fbirli\u011fini g\u00fc\u00e7lendirmek, projelerimizi do\u011frudan aktarmak ve destek aray\u0131\u015flar\u0131 i\u00e7in \u00f6nemli bir f\u0131rsatt\u0131r. Derne\u011fin ama\u00e7lar\u0131 ve y\u00fcr\u00fctt\u00fckleri \u00e7al\u0131\u015fmalar hakk\u0131nda bilgiler verdik. \u0130l Protokolu\u2019nun nazik ziyaretleri bizleri onurland\u0131rd\u0131 ve \u00f6zverili katk\u0131lar\u0131 ve Eski\u015fehir\u2019in geli\u015fimine sunduklar\u0131 de\u011ferli destekler i\u00e7in te\u015fekk\u00fcr ederiz. Kendilerini, Derne\u011fimizde a\u011f\u0131rlamaktan b\u00fcy\u00fck bir memnuniyet ve onur duyduk\u2019\u2019 dedi.<\/p>\n<p>Vali yard\u0131mc\u0131lar\u0131; tecr\u00fcbelerini payla\u015ft\u0131lar. \u2018\u2019K\u0131z\u0131lelma Turan Derne\u011fi, g\u00fc\u00e7l\u00fc, dernek faaliyetleri ile Eski\u015fehir\u2019de toplumsal birlikteli\u011fe, k\u00fclt\u00fcrel miras\u0131n korunmas\u0131na ve T\u00fcrk D\u00fcnyas\u0131n\u0131n dayan\u0131\u015fmas\u0131na sa\u011flad\u0131\u011f\u0131 katk\u0131lar\u0131 takdirle kar\u015f\u0131l\u0131yoruz Ayr\u0131ca, sivil toplum kurulu\u015flar\u0131n\u0131n yerelde, kamu kurumlar\u0131 ve b\u00fcrokrasi ile i\u015f birli\u011finin toplumun sosyal geli\u015fimi a\u00e7\u0131s\u0131ndan de\u011ferlidir\u2019\u2019 dediler.<\/p>\n<p><img loading=\"lazy\" decoding=\"async\" class=\"alignnone size-medium wp-image-34577\" src=\"https:\/\/avrupapress.com\/main\/wp-content\/uploads\/2026\/05\/WhatsApp-Image-2026-04-29-at-14.12.33-300x225.jpeg\" alt=\"\" width=\"300\" height=\"225\" srcset=\"https:\/\/avrupapress.com\/main\/wp-content\/uploads\/2026\/05\/WhatsApp-Image-2026-04-29-at-14.12.33-300x225.jpeg 300w, https:\/\/avrupapress.com\/main\/wp-content\/uploads\/2026\/05\/WhatsApp-Image-2026-04-29-at-14.12.33-1024x768.jpeg 1024w, https:\/\/avrupapress.com\/main\/wp-content\/uploads\/2026\/05\/WhatsApp-Image-2026-04-29-at-14.12.33-768x576.jpeg 768w, https:\/\/avrupapress.com\/main\/wp-content\/uploads\/2026\/05\/WhatsApp-Image-2026-04-29-at-14.12.33-1536x1152.jpeg 1536w, https:\/\/avrupapress.com\/main\/wp-content\/uploads\/2026\/05\/WhatsApp-Image-2026-04-29-at-14.12.33.jpeg 1600w\" sizes=\"auto, (max-width: 300px) 100vw, 300px\" \/><\/p>\n<p><img loading=\"lazy\" decoding=\"async\" class=\"alignnone size-medium wp-image-34578\" src=\"https:\/\/avrupapress.com\/main\/wp-content\/uploads\/2026\/05\/WhatsApp-Image-2026-04-29-at-14.12.43-300x225.jpeg\" alt=\"\" width=\"300\" height=\"225\" srcset=\"https:\/\/avrupapress.com\/main\/wp-content\/uploads\/2026\/05\/WhatsApp-Image-2026-04-29-at-14.12.43-300x225.jpeg 300w, https:\/\/avrupapress.com\/main\/wp-content\/uploads\/2026\/05\/WhatsApp-Image-2026-04-29-at-14.12.43-1024x768.jpeg 1024w, https:\/\/avrupapress.com\/main\/wp-content\/uploads\/2026\/05\/WhatsApp-Image-2026-04-29-at-14.12.43-768x576.jpeg 768w, https:\/\/avrupapress.com\/main\/wp-content\/uploads\/2026\/05\/WhatsApp-Image-2026-04-29-at-14.12.43-1536x1152.jpeg 1536w, https:\/\/avrupapress.com\/main\/wp-content\/uploads\/2026\/05\/WhatsApp-Image-2026-04-29-at-14.12.43.jpeg 1600w\" sizes=\"auto, (max-width: 300px) 100vw, 300px\" \/><\/p>\n<p><strong>HABER \/ FOTO\u011eRAF: ERTU\u011eRUL ALTINEL \u2013 B\u0130LG\u0130N \u00d6Z\u00c7\u0130FT\u00c7<\/strong><strong>\u0130 \u2013 AVRUPA PRESS \u2013 BEL\u00c7\u0130KA<\/strong><\/p>\n","protected":false},"excerpt":{"rendered":"<p>HABER \/ FOTO\u011eRAF: ERTU\u011eRUL ALTINEL \u2013 B\u0130LG\u0130N \u00d6Z\u00c7\u0130FT\u00c7\u0130 \u2013 AVRUPA PRESS \u2013 BEL\u00c7\u0130KA Eski\u015fehir Vali Yard\u0131mc\u0131s\u0131 Hasan \u00c7i\u00e7ek, Vali Yard\u0131mc\u0131s\u0131 Abdulhamit Karaca, Eski\u015fehir Cumhuriyet Ba\u015fsavc\u0131 Vekili Mehmet \u00d6zel, Eski\u015fehir \u0130l N\u00fcfus Vatanda\u015fl\u0131k \u0130\u015fleri M\u00fcd\u00fcr\u00fc Ahmet Nuri O\u011fuz, \u0130l Sivil Toplumla \u0130li\u015fkiler M\u00fcd\u00fcr\u00fc Nihat Bahar, Eski\u015fehir K\u0131z\u0131lelma Turan Derne\u011fi\u2019ne nezaket ziyaretinde bulundular. K\u0131z\u0131lelma Turan Derne\u011fi Ba\u015fkan\u0131 [&hellip;]<\/p>\n","protected":false},"author":3,"featured_media":34577,"comment_status":"closed","ping_status":"open","sticky":false,"template":"","format":"standard","meta":{"footnotes":""},"categories":[14,16,3,17,18,15,19,2,1],"tags":[],"class_list":["post-34575","post","type-post","status-publish","format-standard","has-post-thumbnail","hentry","category-avrupa","category-belcika","category-dunya","category-ekonomi","category-kultur-sanat","category-spor","category-tanitim","category-turkiye","category-uncategorized"],"yoast_head":"<!-- This site is optimized with the Yoast SEO plugin v26.9 - https:\/\/yoast.com\/product\/yoast-seo-wordpress\/ -->\n<title>Eski\u015fehir \u0130l Protokolu\u2019ndan K\u0131z\u0131lelma Turan Derne\u011fi\u2019ne nezaket ziyareti - AvrupaPress<\/title>\n<meta name=\"robots\" content=\"index, follow, max-snippet:-1, max-image-preview:large, max-video-preview:-1\" \/>\n<link rel=\"canonical\" href=\"https:\/\/avrupapress.com\/main\/2026\/05\/01\/eskisehir-il-protokolundan-kizilelma-turan-dernegine-nezaket-ziyareti\/\" \/>\n<meta property=\"og:locale\" content=\"fr_FR\" \/>\n<meta property=\"og:type\" content=\"article\" \/>\n<meta property=\"og:title\" content=\"Eski\u015fehir \u0130l Protokolu\u2019ndan K\u0131z\u0131lelma Turan Derne\u011fi\u2019ne nezaket ziyareti - AvrupaPress\" \/>\n<meta property=\"og:description\" content=\"HABER \/ FOTO\u011eRAF: ERTU\u011eRUL ALTINEL \u2013 B\u0130LG\u0130N \u00d6Z\u00c7\u0130FT\u00c7\u0130 \u2013 AVRUPA PRESS \u2013 BEL\u00c7\u0130KA Eski\u015fehir Vali Yard\u0131mc\u0131s\u0131 Hasan \u00c7i\u00e7ek, Vali Yard\u0131mc\u0131s\u0131 Abdulhamit Karaca, Eski\u015fehir Cumhuriyet Ba\u015fsavc\u0131 Vekili Mehmet \u00d6zel, Eski\u015fehir \u0130l N\u00fcfus Vatanda\u015fl\u0131k \u0130\u015fleri M\u00fcd\u00fcr\u00fc Ahmet Nuri O\u011fuz, \u0130l Sivil Toplumla \u0130li\u015fkiler M\u00fcd\u00fcr\u00fc Nihat Bahar, Eski\u015fehir K\u0131z\u0131lelma Turan Derne\u011fi\u2019ne nezaket ziyaretinde bulundular. K\u0131z\u0131lelma Turan Derne\u011fi Ba\u015fkan\u0131 [&hellip;]\" \/>\n<meta property=\"og:url\" content=\"https:\/\/avrupapress.com\/main\/2026\/05\/01\/eskisehir-il-protokolundan-kizilelma-turan-dernegine-nezaket-ziyareti\/\" \/>\n<meta property=\"og:site_name\" content=\"AvrupaPress\" \/>\n<meta property=\"article:published_time\" content=\"2026-05-01T08:35:07+00:00\" \/>\n<meta property=\"article:modified_time\" content=\"2026-05-01T08:35:11+00:00\" \/>\n<meta property=\"og:image\" content=\"https:\/\/avrupapress.com\/main\/wp-content\/uploads\/2026\/05\/WhatsApp-Image-2026-04-29-at-14.12.33.jpeg\" \/>\n\t<meta property=\"og:image:width\" content=\"1600\" \/>\n\t<meta property=\"og:image:height\" content=\"1200\" \/>\n\t<meta property=\"og:image:type\" content=\"image\/jpeg\" \/>\n<meta name=\"author\" content=\"Edit\u00f6r\" \/>\n<meta name=\"twitter:card\" content=\"summary_large_image\" \/>\n<meta name=\"twitter:label1\" content=\"\u00c9crit par\" \/>\n\t<meta name=\"twitter:data1\" content=\"Edit\u00f6r\" \/>\n\t<meta name=\"twitter:label2\" content=\"Dur\u00e9e de lecture est.\" \/>\n\t<meta name=\"twitter:data2\" content=\"2 minutes\" \/>\n<script type=\"application\/ld+json\" class=\"yoast-schema-graph\">{\"@context\":\"https:\/\/schema.org\",\"@graph\":[{\"@type\":\"Article\",\"@id\":\"https:\/\/avrupapress.com\/main\/2026\/05\/01\/eskisehir-il-protokolundan-kizilelma-turan-dernegine-nezaket-ziyareti\/#article\",\"isPartOf\":{\"@id\":\"https:\/\/avrupapress.com\/main\/2026\/05\/01\/eskisehir-il-protokolundan-kizilelma-turan-dernegine-nezaket-ziyareti\/\"},\"author\":{\"name\":\"Edit\u00f6r\",\"@id\":\"https:\/\/avrupapress.com\/#\/schema\/person\/68428444ec60970d1e1b700cf4ca1e8f\"},\"headline\":\"Eski\u015fehir \u0130l Protokolu\u2019ndan K\u0131z\u0131lelma Turan Derne\u011fi\u2019ne nezaket ziyareti\",\"datePublished\":\"2026-05-01T08:35:07+00:00\",\"dateModified\":\"2026-05-01T08:35:11+00:00\",\"mainEntityOfPage\":{\"@id\":\"https:\/\/avrupapress.com\/main\/2026\/05\/01\/eskisehir-il-protokolundan-kizilelma-turan-dernegine-nezaket-ziyareti\/\"},\"wordCount\":308,\"publisher\":{\"@id\":\"https:\/\/avrupapress.com\/#\/schema\/person\/0223dca19c72c43575bf30d1a2d8f4fa\"},\"image\":{\"@id\":\"https:\/\/avrupapress.com\/main\/2026\/05\/01\/eskisehir-il-protokolundan-kizilelma-turan-dernegine-nezaket-ziyareti\/#primaryimage\"},\"thumbnailUrl\":\"https:\/\/avrupapress.com\/main\/wp-content\/uploads\/2026\/05\/WhatsApp-Image-2026-04-29-at-14.12.33.jpeg\",\"articleSection\":[\"Avrupa\",\"Bel\u00e7ika\",\"D\u00fcnya\",\"Ekonomi\",\"K\u00fclt\u00fcr-Sanat\",\"Spor\",\"Tan\u0131t\u0131m\",\"T\u00fcrkiye\",\"Uncategorized\"],\"inLanguage\":\"fr-BE\"},{\"@type\":\"WebPage\",\"@id\":\"https:\/\/avrupapress.com\/main\/2026\/05\/01\/eskisehir-il-protokolundan-kizilelma-turan-dernegine-nezaket-ziyareti\/\",\"url\":\"https:\/\/avrupapress.com\/main\/2026\/05\/01\/eskisehir-il-protokolundan-kizilelma-turan-dernegine-nezaket-ziyareti\/\",\"name\":\"Eski\u015fehir \u0130l Protokolu\u2019ndan K\u0131z\u0131lelma Turan Derne\u011fi\u2019ne nezaket ziyareti - AvrupaPress\",\"isPartOf\":{\"@id\":\"https:\/\/avrupapress.com\/#website\"},\"primaryImageOfPage\":{\"@id\":\"https:\/\/avrupapress.com\/main\/2026\/05\/01\/eskisehir-il-protokolundan-kizilelma-turan-dernegine-nezaket-ziyareti\/#primaryimage\"},\"image\":{\"@id\":\"https:\/\/avrupapress.com\/main\/2026\/05\/01\/eskisehir-il-protokolundan-kizilelma-turan-dernegine-nezaket-ziyareti\/#primaryimage\"},\"thumbnailUrl\":\"https:\/\/avrupapress.com\/main\/wp-content\/uploads\/2026\/05\/WhatsApp-Image-2026-04-29-at-14.12.33.jpeg\",\"datePublished\":\"2026-05-01T08:35:07+00:00\",\"dateModified\":\"2026-05-01T08:35:11+00:00\",\"breadcrumb\":{\"@id\":\"https:\/\/avrupapress.com\/main\/2026\/05\/01\/eskisehir-il-protokolundan-kizilelma-turan-dernegine-nezaket-ziyareti\/#breadcrumb\"},\"inLanguage\":\"fr-BE\",\"potentialAction\":[{\"@type\":\"ReadAction\",\"target\":[\"https:\/\/avrupapress.com\/main\/2026\/05\/01\/eskisehir-il-protokolundan-kizilelma-turan-dernegine-nezaket-ziyareti\/\"]}]},{\"@type\":\"ImageObject\",\"inLanguage\":\"fr-BE\",\"@id\":\"https:\/\/avrupapress.com\/main\/2026\/05\/01\/eskisehir-il-protokolundan-kizilelma-turan-dernegine-nezaket-ziyareti\/#primaryimage\",\"url\":\"https:\/\/avrupapress.com\/main\/wp-content\/uploads\/2026\/05\/WhatsApp-Image-2026-04-29-at-14.12.33.jpeg\",\"contentUrl\":\"https:\/\/avrupapress.com\/main\/wp-content\/uploads\/2026\/05\/WhatsApp-Image-2026-04-29-at-14.12.33.jpeg\",\"width\":1600,\"height\":1200},{\"@type\":\"BreadcrumbList\",\"@id\":\"https:\/\/avrupapress.com\/main\/2026\/05\/01\/eskisehir-il-protokolundan-kizilelma-turan-dernegine-nezaket-ziyareti\/#breadcrumb\",\"itemListElement\":[{\"@type\":\"ListItem\",\"position\":1,\"name\":\"Anasayfa\",\"item\":\"https:\/\/avrupapress.com\/\"},{\"@type\":\"ListItem\",\"position\":2,\"name\":\"Eski\u015fehir \u0130l Protokolu\u2019ndan K\u0131z\u0131lelma Turan Derne\u011fi\u2019ne nezaket ziyareti\"}]},{\"@type\":\"WebSite\",\"@id\":\"https:\/\/avrupapress.com\/#website\",\"url\":\"https:\/\/avrupapress.com\/\",\"name\":\"AvrupaPress\",\"description\":\"Haberin Adresi\",\"publisher\":{\"@id\":\"https:\/\/avrupapress.com\/#\/schema\/person\/0223dca19c72c43575bf30d1a2d8f4fa\"},\"potentialAction\":[{\"@type\":\"SearchAction\",\"target\":{\"@type\":\"EntryPoint\",\"urlTemplate\":\"https:\/\/avrupapress.com\/?s={search_term_string}\"},\"query-input\":{\"@type\":\"PropertyValueSpecification\",\"valueRequired\":true,\"valueName\":\"search_term_string\"}}],\"inLanguage\":\"fr-BE\"},{\"@type\":[\"Person\",\"Organization\"],\"@id\":\"https:\/\/avrupapress.com\/#\/schema\/person\/0223dca19c72c43575bf30d1a2d8f4fa\",\"name\":\"Bilgin \u00d6z\u00e7ift\u00e7i\",\"image\":{\"@type\":\"ImageObject\",\"inLanguage\":\"fr-BE\",\"@id\":\"https:\/\/avrupapress.com\/#\/schema\/person\/image\/\",\"url\":\"https:\/\/secure.gravatar.com\/avatar\/0f23b280433a21e1ea7a0adcc46ed0ad16afe3ad8e630fd13d8a017dcbd54ef3?s=96&d=mm&r=g\",\"contentUrl\":\"https:\/\/secure.gravatar.com\/avatar\/0f23b280433a21e1ea7a0adcc46ed0ad16afe3ad8e630fd13d8a017dcbd54ef3?s=96&d=mm&r=g\",\"caption\":\"Bilgin \u00d6z\u00e7ift\u00e7i\"},\"logo\":{\"@id\":\"https:\/\/avrupapress.com\/#\/schema\/person\/image\/\"},\"description\":\"Ne ben, nede sen... Biz ancak \\\"biz\\\" olursak g\u00fc\u00e7l\u00fc olabiliriz\"},{\"@type\":\"Person\",\"@id\":\"https:\/\/avrupapress.com\/#\/schema\/person\/68428444ec60970d1e1b700cf4ca1e8f\",\"name\":\"Edit\u00f6r\",\"image\":{\"@type\":\"ImageObject\",\"inLanguage\":\"fr-BE\",\"@id\":\"https:\/\/avrupapress.com\/#\/schema\/person\/image\/\",\"url\":\"https:\/\/secure.gravatar.com\/avatar\/74996b0977aa5f1559ba9883776652508b229005c0d78fb2597897f0bd651c09?s=96&d=mm&r=g\",\"contentUrl\":\"https:\/\/secure.gravatar.com\/avatar\/74996b0977aa5f1559ba9883776652508b229005c0d78fb2597897f0bd651c09?s=96&d=mm&r=g\",\"caption\":\"Edit\u00f6r\"},\"sameAs\":[\"http:\/\/www.avrupapress.com\"],\"url\":\"https:\/\/avrupapress.com\/main\/author\/editor\/\"}]}<\/script>\n<!-- \/ Yoast SEO plugin. -->","yoast_head_json":{"title":"Eski\u015fehir \u0130l Protokolu\u2019ndan K\u0131z\u0131lelma Turan Derne\u011fi\u2019ne nezaket ziyareti - AvrupaPress","robots":{"index":"index","follow":"follow","max-snippet":"max-snippet:-1","max-image-preview":"max-image-preview:large","max-video-preview":"max-video-preview:-1"},"canonical":"https:\/\/avrupapress.com\/main\/2026\/05\/01\/eskisehir-il-protokolundan-kizilelma-turan-dernegine-nezaket-ziyareti\/","og_locale":"fr_FR","og_type":"article","og_title":"Eski\u015fehir \u0130l Protokolu\u2019ndan K\u0131z\u0131lelma Turan Derne\u011fi\u2019ne nezaket ziyareti - AvrupaPress","og_description":"HABER \/ FOTO\u011eRAF: ERTU\u011eRUL ALTINEL \u2013 B\u0130LG\u0130N \u00d6Z\u00c7\u0130FT\u00c7\u0130 \u2013 AVRUPA PRESS \u2013 BEL\u00c7\u0130KA Eski\u015fehir Vali Yard\u0131mc\u0131s\u0131 Hasan \u00c7i\u00e7ek, Vali Yard\u0131mc\u0131s\u0131 Abdulhamit Karaca, Eski\u015fehir Cumhuriyet Ba\u015fsavc\u0131 Vekili Mehmet \u00d6zel, Eski\u015fehir \u0130l N\u00fcfus Vatanda\u015fl\u0131k \u0130\u015fleri M\u00fcd\u00fcr\u00fc Ahmet Nuri O\u011fuz, \u0130l Sivil Toplumla \u0130li\u015fkiler M\u00fcd\u00fcr\u00fc Nihat Bahar, Eski\u015fehir K\u0131z\u0131lelma Turan Derne\u011fi\u2019ne nezaket ziyaretinde bulundular. K\u0131z\u0131lelma Turan Derne\u011fi Ba\u015fkan\u0131 [&hellip;]","og_url":"https:\/\/avrupapress.com\/main\/2026\/05\/01\/eskisehir-il-protokolundan-kizilelma-turan-dernegine-nezaket-ziyareti\/","og_site_name":"AvrupaPress","article_published_time":"2026-05-01T08:35:07+00:00","article_modified_time":"2026-05-01T08:35:11+00:00","og_image":[{"width":1600,"height":1200,"url":"https:\/\/avrupapress.com\/main\/wp-content\/uploads\/2026\/05\/WhatsApp-Image-2026-04-29-at-14.12.33.jpeg","type":"image\/jpeg"}],"author":"Edit\u00f6r","twitter_card":"summary_large_image","twitter_misc":{"\u00c9crit par":"Edit\u00f6r","Dur\u00e9e de lecture est.":"2 minutes"},"schema":{"@context":"https:\/\/schema.org","@graph":[{"@type":"Article","@id":"https:\/\/avrupapress.com\/main\/2026\/05\/01\/eskisehir-il-protokolundan-kizilelma-turan-dernegine-nezaket-ziyareti\/#article","isPartOf":{"@id":"https:\/\/avrupapress.com\/main\/2026\/05\/01\/eskisehir-il-protokolundan-kizilelma-turan-dernegine-nezaket-ziyareti\/"},"author":{"name":"Edit\u00f6r","@id":"https:\/\/avrupapress.com\/#\/schema\/person\/68428444ec60970d1e1b700cf4ca1e8f"},"headline":"Eski\u015fehir \u0130l Protokolu\u2019ndan K\u0131z\u0131lelma Turan Derne\u011fi\u2019ne nezaket ziyareti","datePublished":"2026-05-01T08:35:07+00:00","dateModified":"2026-05-01T08:35:11+00:00","mainEntityOfPage":{"@id":"https:\/\/avrupapress.com\/main\/2026\/05\/01\/eskisehir-il-protokolundan-kizilelma-turan-dernegine-nezaket-ziyareti\/"},"wordCount":308,"publisher":{"@id":"https:\/\/avrupapress.com\/#\/schema\/person\/0223dca19c72c43575bf30d1a2d8f4fa"},"image":{"@id":"https:\/\/avrupapress.com\/main\/2026\/05\/01\/eskisehir-il-protokolundan-kizilelma-turan-dernegine-nezaket-ziyareti\/#primaryimage"},"thumbnailUrl":"https:\/\/avrupapress.com\/main\/wp-content\/uploads\/2026\/05\/WhatsApp-Image-2026-04-29-at-14.12.33.jpeg","articleSection":["Avrupa","Bel\u00e7ika","D\u00fcnya","Ekonomi","K\u00fclt\u00fcr-Sanat","Spor","Tan\u0131t\u0131m","T\u00fcrkiye","Uncategorized"],"inLanguage":"fr-BE"},{"@type":"WebPage","@id":"https:\/\/avrupapress.com\/main\/2026\/05\/01\/eskisehir-il-protokolundan-kizilelma-turan-dernegine-nezaket-ziyareti\/","url":"https:\/\/avrupapress.com\/main\/2026\/05\/01\/eskisehir-il-protokolundan-kizilelma-turan-dernegine-nezaket-ziyareti\/","name":"Eski\u015fehir \u0130l Protokolu\u2019ndan K\u0131z\u0131lelma Turan Derne\u011fi\u2019ne nezaket ziyareti - AvrupaPress","isPartOf":{"@id":"https:\/\/avrupapress.com\/#website"},"primaryImageOfPage":{"@id":"https:\/\/avrupapress.com\/main\/2026\/05\/01\/eskisehir-il-protokolundan-kizilelma-turan-dernegine-nezaket-ziyareti\/#primaryimage"},"image":{"@id":"https:\/\/avrupapress.com\/main\/2026\/05\/01\/eskisehir-il-protokolundan-kizilelma-turan-dernegine-nezaket-ziyareti\/#primaryimage"},"thumbnailUrl":"https:\/\/avrupapress.com\/main\/wp-content\/uploads\/2026\/05\/WhatsApp-Image-2026-04-29-at-14.12.33.jpeg","datePublished":"2026-05-01T08:35:07+00:00","dateModified":"2026-05-01T08:35:11+00:00","breadcrumb":{"@id":"https:\/\/avrupapress.com\/main\/2026\/05\/01\/eskisehir-il-protokolundan-kizilelma-turan-dernegine-nezaket-ziyareti\/#breadcrumb"},"inLanguage":"fr-BE","potentialAction":[{"@type":"ReadAction","target":["https:\/\/avrupapress.com\/main\/2026\/05\/01\/eskisehir-il-protokolundan-kizilelma-turan-dernegine-nezaket-ziyareti\/"]}]},{"@type":"ImageObject","inLanguage":"fr-BE","@id":"https:\/\/avrupapress.com\/main\/2026\/05\/01\/eskisehir-il-protokolundan-kizilelma-turan-dernegine-nezaket-ziyareti\/#primaryimage","url":"https:\/\/avrupapress.com\/main\/wp-content\/uploads\/2026\/05\/WhatsApp-Image-2026-04-29-at-14.12.33.jpeg","contentUrl":"https:\/\/avrupapress.com\/main\/wp-content\/uploads\/2026\/05\/WhatsApp-Image-2026-04-29-at-14.12.33.jpeg","width":1600,"height":1200},{"@type":"BreadcrumbList","@id":"https:\/\/avrupapress.com\/main\/2026\/05\/01\/eskisehir-il-protokolundan-kizilelma-turan-dernegine-nezaket-ziyareti\/#breadcrumb","itemListElement":[{"@type":"ListItem","position":1,"name":"Anasayfa","item":"https:\/\/avrupapress.com\/"},{"@type":"ListItem","position":2,"name":"Eski\u015fehir \u0130l Protokolu\u2019ndan K\u0131z\u0131lelma Turan Derne\u011fi\u2019ne nezaket ziyareti"}]},{"@type":"WebSite","@id":"https:\/\/avrupapress.com\/#website","url":"https:\/\/avrupapress.com\/","name":"AvrupaPress","description":"Haberin Adresi","publisher":{"@id":"https:\/\/avrupapress.com\/#\/schema\/person\/0223dca19c72c43575bf30d1a2d8f4fa"},"potentialAction":[{"@type":"SearchAction","target":{"@type":"EntryPoint","urlTemplate":"https:\/\/avrupapress.com\/?s={search_term_string}"},"query-input":{"@type":"PropertyValueSpecification","valueRequired":true,"valueName":"search_term_string"}}],"inLanguage":"fr-BE"},{"@type":["Person","Organization"],"@id":"https:\/\/avrupapress.com\/#\/schema\/person\/0223dca19c72c43575bf30d1a2d8f4fa","name":"Bilgin \u00d6z\u00e7ift\u00e7i","image":{"@type":"ImageObject","inLanguage":"fr-BE","@id":"https:\/\/avrupapress.com\/#\/schema\/person\/image\/","url":"https:\/\/secure.gravatar.com\/avatar\/0f23b280433a21e1ea7a0adcc46ed0ad16afe3ad8e630fd13d8a017dcbd54ef3?s=96&d=mm&r=g","contentUrl":"https:\/\/secure.gravatar.com\/avatar\/0f23b280433a21e1ea7a0adcc46ed0ad16afe3ad8e630fd13d8a017dcbd54ef3?s=96&d=mm&r=g","caption":"Bilgin \u00d6z\u00e7ift\u00e7i"},"logo":{"@id":"https:\/\/avrupapress.com\/#\/schema\/person\/image\/"},"description":"Ne ben, nede sen... Biz ancak \"biz\" olursak g\u00fc\u00e7l\u00fc olabiliriz"},{"@type":"Person","@id":"https:\/\/avrupapress.com\/#\/schema\/person\/68428444ec60970d1e1b700cf4ca1e8f","name":"Edit\u00f6r","image":{"@type":"ImageObject","inLanguage":"fr-BE","@id":"https:\/\/avrupapress.com\/#\/schema\/person\/image\/","url":"https:\/\/secure.gravatar.com\/avatar\/74996b0977aa5f1559ba9883776652508b229005c0d78fb2597897f0bd651c09?s=96&d=mm&r=g","contentUrl":"https:\/\/secure.gravatar.com\/avatar\/74996b0977aa5f1559ba9883776652508b229005c0d78fb2597897f0bd651c09?s=96&d=mm&r=g","caption":"Edit\u00f6r"},"sameAs":["http:\/\/www.avrupapress.com"],"url":"https:\/\/avrupapress.com\/main\/author\/editor\/"}]}},"_links":{"self":[{"href":"https:\/\/avrupapress.com\/main\/wp-json\/wp\/v2\/posts\/34575","targetHints":{"allow":["GET"]}}],"collection":[{"href":"https:\/\/avrupapress.com\/main\/wp-json\/wp\/v2\/posts"}],"about":[{"href":"https:\/\/avrupapress.com\/main\/wp-json\/wp\/v2\/types\/post"}],"author":[{"embeddable":true,"href":"https:\/\/avrupapress.com\/main\/wp-json\/wp\/v2\/users\/3"}],"replies":[{"embeddable":true,"href":"https:\/\/avrupapress.com\/main\/wp-json\/wp\/v2\/comments?post=34575"}],"version-history":[{"count":1,"href":"https:\/\/avrupapress.com\/main\/wp-json\/wp\/v2\/posts\/34575\/revisions"}],"predecessor-version":[{"id":34579,"href":"https:\/\/avrupapress.com\/main\/wp-json\/wp\/v2\/posts\/34575\/revisions\/34579"}],"wp:featuredmedia":[{"embeddable":true,"href":"https:\/\/avrupapress.com\/main\/wp-json\/wp\/v2\/media\/34577"}],"wp:attachment":[{"href":"https:\/\/avrupapress.com\/main\/wp-json\/wp\/v2\/media?parent=34575"}],"wp:term":[{"taxonomy":"category","embeddable":true,"href":"https:\/\/avrupapress.com\/main\/wp-json\/wp\/v2\/categories?post=34575"},{"taxonomy":"post_tag","embeddable":true,"href":"https:\/\/avrupapress.com\/main\/wp-json\/wp\/v2\/tags?post=34575"}],"curies":[{"name":"wp","href":"https:\/\/api.w.org\/{rel}","templated":true}]}}