{"id":34544,"date":"2026-04-28T19:16:35","date_gmt":"2026-04-28T19:16:35","guid":{"rendered":"https:\/\/avrupapress.com\/main\/?p=34544"},"modified":"2026-04-28T19:20:10","modified_gmt":"2026-04-28T19:20:10","slug":"belcika-kralice-mathildenin-baskanliginda-duzenlenen-belcika-kraliyet-ekonomik-misyonu-turkiyede-bir-araya-getiriyor","status":"publish","type":"post","link":"https:\/\/avrupapress.com\/main\/2026\/04\/28\/belcika-kralice-mathildenin-baskanliginda-duzenlenen-belcika-kraliyet-ekonomik-misyonu-turkiyede-bir-araya-getiriyor\/","title":{"rendered":"Bel\u00e7ika Krali\u00e7e Mathilde\u2019nin ba\u015fkanl\u0131\u011f\u0131nda d\u00fczenlenen Bel\u00e7ika Kraliyet Ekonomik Misyonu,  T\u00fcrkiye\u2019de bir araya getiriyor."},"content":{"rendered":"<p><strong>Bilgin Ozcifci BEUKSEL<\/strong> \u00b7 Ekonomik Diplomasi &amp; Uluslararas\u0131 \u0130li\u015fkiler<br \/>\nKRAL\u0130YET EKONOM\u0130K M\u0130SYONU \u00b7 BEL\u00c7\u0130KA \u2013 T\u00dcRK\u0130YE \u00b7 MAYIS 2026<br \/>\nAnkara ve \u0130stanbul, Bel\u00e7ika\u2019n\u0131n stratejik yeniden konumlanmas\u0131n\u0131n merkezinde<\/p>\n<p>&nbsp;<\/p>\n<p><strong>10\u201314 May\u0131s 2026 tarihleri aras\u0131nda, Krali\u00e7e Mathilde\u2019nin ba\u015fkanl\u0131\u011f\u0131nda d\u00fczenlenen Bel\u00e7ika Kraliyet Ekonomik Misyonu, \u015firketler, \u00fcniversiteler ve kamu kurumlar\u0131ndan olu\u015fan 428 kat\u0131l\u0131mc\u0131y\u0131 T\u00fcrkiye\u2019de bir araya getiriyor.<\/strong><\/p>\n<p>Br\u00fcksel\u2019de BNP Paribas Fortis merkezinde ger\u00e7ekle\u015ftirilen haz\u0131rl\u0131k toplant\u0131s\u0131, bu geni\u015f \u00e7apl\u0131 giri\u015fimde yer alan t\u00fcm federal ve b\u00f6lgesel akt\u00f6rleri bir araya getirdi. M\u00fcdahalelerin analizi, Bel\u00e7ika\u2019n\u0131n d\u0131\u015f ekonomik stratejisindeki d\u00f6n\u00fc\u015f\u00fcm\u00fc ortaya koyuyor.<\/p>\n<p>&nbsp;<\/p>\n<p>Y\u00fcksek yo\u011funluklu ekonomik diplomasi<\/p>\n<p>Bel\u00e7ika\u2019n\u0131n T\u00fcrkiye\u2019ye y\u00f6nelik kraliyet ekonomik misyonu i\u00e7in d\u00fczenlenen haz\u0131rl\u0131k toplant\u0131s\u0131, basit bir lojistik brifingin \u00f6tesine ge\u00e7iyor. Bu toplant\u0131, Bel\u00e7ika d\u0131\u015f politikas\u0131n\u0131n y\u00fcksek jeopolitik de\u011fer ta\u015f\u0131yan ortakl\u0131klara do\u011fru y\u00f6neldi\u011fini g\u00f6steren stratejik bir k\u0131r\u0131lma an\u0131 niteli\u011finde.<\/p>\n<p>2012 y\u0131l\u0131nda Philippe of Belgium taraf\u0131ndan y\u00fcr\u00fct\u00fclen misyondan 14 y\u0131l sonra, Bel\u00e7ika Ankara\u2013\u0130stanbul hatt\u0131n\u0131 yeniden aktive ediyor.<\/p>\n<p>428 ki\u015filik delegasyon, iki ana merkezde (\u0130stanbul ve Ankara) be\u015f stratejik sekt\u00f6re odaklanacak:<\/p>\n<p>Enerji d\u00f6n\u00fc\u015f\u00fcm\u00fc &amp; cleantech<br \/>\nUla\u015f\u0131m &amp; lojistik<br \/>\nSa\u011fl\u0131k &amp; ya\u015fam bilimleri<br \/>\nHavac\u0131l\u0131k &amp; savunma<br \/>\nDijitalle\u015fme &amp; End\u00fcstri 4.0\u20135.0<\/p>\n<p>Siyasi d\u00fczeyde ise misyon, Maxime Pr\u00e9vot, Theo Francken ve \u00fc\u00e7 b\u00f6lgenin ba\u015fbakanlar\u0131n\u0131n kat\u0131l\u0131m\u0131yla \u00fcst d\u00fczey bir diplomatik sekans i\u00e7inde yer al\u0131yor.<\/p>\n<p>I. Kurumsal yap\u0131: federal ve b\u00f6lgesel koordinasyon<br \/>\nKatrien Van Loocke \u2013 BFTA<\/p>\n<p>Belgian Foreign Trade Agency temsilcisi Katrien Van Loocke, misyonun tarihsel ve operasyonel \u00e7er\u00e7evesini \u00e7izdi.<\/p>\n<p>Ana mesaj:<\/p>\n<p>Bir ekonomik misyonun de\u011feri be\u015f g\u00fcnle de\u011fil, uzun vadeli ortakl\u0131klarla \u00f6l\u00e7\u00fcl\u00fcr.<\/p>\n<p>Operasyonel \u00e7er\u00e7eve:<\/p>\n<p>Ge\u00e7erli kimlik\/pasaport (en az 6 ay)<br \/>\nBel\u00e7ika vatanda\u015flar\u0131 i\u00e7in vize muafiyeti<br \/>\nMerkezi lojistik ve g\u00fcvenlik organizasyonu<br \/>\nBFTA platformu ve mobil uygulama \u00fczerinden eri\u015fim<br \/>\nBirgit Stevens \u2013 D\u0131\u015fi\u015fleri Bakanl\u0131\u011f\u0131<\/p>\n<p>FPS Foreign Affairs Genel M\u00fcd\u00fcr\u00fc Birgit Stevens, misyonu uzun vadeli tarihsel perspektife oturttu:<\/p>\n<p>1838: Osmanl\u0131 \u0130mparatorlu\u011fu ile dostluk ve ticaret anla\u015fmas\u0131<br \/>\n\u0130stanbul: ilk Bel\u00e7ika diplomatik merkezlerinden biri<br \/>\nAnkara\u2019ya ge\u00e7i\u015f: modern T\u00fcrkiye Cumhuriyeti<\/p>\n<p>Bug\u00fcn:<\/p>\n<p>T\u00fcrkiye, AB d\u0131\u015f\u0131ndaki \u00f6nemli ticaret ortaklar\u0131ndan biri<br \/>\nBel\u00e7ika\u2019ya y\u00f6nelik T\u00fcrk yat\u0131r\u0131mlar\u0131 art\u0131\u015fta<br \/>\nIsabelle Grippa \u2013 hub.brussels<\/p>\n<p>hub.brussels CEO\u2019su Isabelle Grippa, T\u00fcrkiye\u2019yi jeoekonomik perspektiften de\u011ferlendirdi.<\/p>\n<p>T\u00fcrkiye: AB d\u0131\u015f\u0131 4. ticaret orta\u011f\u0131<br \/>\n2009\u2019dan beri \u0130stanbul\u2019da temsil<br \/>\nT\u00fcrkiye: b\u00f6lgesel bir merkez<\/p>\n<p>Stratejik yorum:<\/p>\n<p>K\u00fcresel tedarik zincirlerinin par\u00e7aland\u0131\u011f\u0131 bir d\u00f6nemde T\u00fcrkiye, Br\u00fcksel i\u00e7in kritik bir lojistik ve politik sabit noktad\u0131r.<\/p>\n<p>Piet Demunter \u2013 FIT<\/p>\n<p>Flanders Investment &amp; Trade CEO\u2019su Piet Demunter d\u00f6rt ana eksen belirledi:<\/p>\n<p>Enerji d\u00f6n\u00fc\u015f\u00fcm\u00fc<br \/>\nHavac\u0131l\u0131k &amp; savunma<br \/>\nLimanlar &amp; lojistik<br \/>\nEnd\u00fcstri 4.0<\/p>\n<p>Ziyaret program\u0131:<\/p>\n<p>Baykar<br \/>\nSEFINE Shipyard<br \/>\nTeknopark Istanbul<br \/>\nMichel Kempeneers \u2013 AWEX<\/p>\n<p>AWEX temsilcisi Michel Kempeneers, Wallonya\u2019n\u0131n y\u00fcksek teknoloji odakl\u0131 yakla\u015f\u0131m\u0131n\u0131 ortaya koydu:<\/p>\n<p>\u0130hracat\u0131n %43,2\u2019si: ila\u00e7 sekt\u00f6r\u00fc<br \/>\nAkt\u00f6rler: UCB, FN Browning, Thales Belgium<br \/>\nII. St\u00e9phane Vermeire: T\u00fcrk modeliyle y\u00fczle\u015fme<\/p>\n<p>BNP Paribas Fortis y\u00f6neticisi St\u00e9phane Vermeire\u2019nin konu\u015fmas\u0131 iki temel g\u00f6zleme dayan\u0131yor:<\/p>\n<p>1. Teknolojik \u00fcst\u00fcnl\u00fck<\/p>\n<p>T\u00fcrk bankac\u0131l\u0131k sistemi:<\/p>\n<p>ileri dijitalle\u015fme<br \/>\ng\u00fc\u00e7l\u00fc CRM sistemleri<br \/>\nesnek yap\u0131<br \/>\n2. Y\u00f6netim k\u00fclt\u00fcr\u00fc<\/p>\n<p>T\u00fcrk y\u00f6neticilerden gelen kritik soru:<\/p>\n<p>Neden y\u00f6netim kurulunuzda kad\u0131n yok?<\/p>\n<p>Bu soru, k\u00fclt\u00fcrel farklar\u0131 a\u00e7\u0131k bi\u00e7imde ortaya koyuyor.<\/p>\n<p>III. S.E. Bar\u0131\u015f Tantekin: T\u00fcrkiye\u2019nin jeopolitik rol\u00fc<\/p>\n<p>Bar\u0131\u015f Tantekin, T\u00fcrkiye\u2019nin konumunu net \u015fekilde tan\u0131mlad\u0131:<\/p>\n<p>NATO \u00fcyesi<br \/>\nAB ile G\u00fcmr\u00fck Birli\u011fi<br \/>\nAB aday \u00fclkesi<\/p>\n<p>Stratejik konum:<\/p>\n<p>Do\u011fu\u2013Bat\u0131 ve Kuzey\u2013G\u00fcney aras\u0131nda k\u00f6pr\u00fc<\/p>\n<p>Ek vurgular:<\/p>\n<p>De\u011fer zincirlerine entegrasyon<br \/>\nEnerji koridoru rol\u00fc<br \/>\nBel\u00e7ika\u2019daki T\u00fcrk diasporas\u0131<\/p>\n<p>Diplomatik hedef:<\/p>\n<p>Bu misyonu iki \u00fclke i\u00e7in kal\u0131c\u0131 bir ba\u015far\u0131ya d\u00f6n\u00fc\u015ft\u00fcrmek.<\/p>\n<p>IV. Jeopolitik okuma: ticaretin \u00f6tesinde<\/p>\n<p>Bu toplant\u0131, Bel\u00e7ika\u2019n\u0131n d\u0131\u015f politika doktrininde bir evrimi do\u011fruluyor:<\/p>\n<p>Klasik model:<\/p>\n<p>Ticari diplomasi<\/p>\n<p>Yeni model:<\/p>\n<p>Stratejik ekonomik diplomasi<\/p>\n<p>T\u00fcrkiye\u2019ye atfedilen \u00fc\u00e7 rol:<\/p>\n<p>End\u00fcstriyel platform<br \/>\nEnerji orta\u011f\u0131<br \/>\nB\u00f6lgesel etki arac\u0131<br \/>\nSonu\u00e7: A\u00e7\u0131k bir stratejik denklem<\/p>\n<p>Bel\u00e7ika, par\u00e7alanm\u0131\u015f bir uluslararas\u0131 sistemde yeniden konumlanma s\u00fcrecine giriyor.<\/p>\n<p>Temel soru de\u011fi\u015fmiyor:<\/p>\n<p>Bu t\u00fcr misyonlar, kal\u0131c\u0131 stratejik avantaja d\u00f6n\u00fc\u015febilecek mi?<\/p>\n<p>Temel bilgiler<br \/>\nTarih: 10\u201314 May\u0131s 2026<br \/>\n\u015eehirler: \u0130stanbul \u2013 Ankara<br \/>\nKat\u0131l\u0131mc\u0131lar: 428<br \/>\nSekt\u00f6rler: enerji, lojistik, sa\u011fl\u0131k, savunma, dijital<br \/>\nBa\u015fkanl\u0131k: Krali\u00e7e Mathilde<br \/>\nOrganizasyon: BFTA, hub.brussels, FIT, AWEX<br \/>\nHaz\u0131rl\u0131k toplant\u0131s\u0131: BNP Paribas Fortis (Br\u00fcksel)<\/p>\n<p><img loading=\"lazy\" decoding=\"async\" class=\"alignnone size-medium wp-image-34545\" src=\"https:\/\/avrupapress.com\/main\/wp-content\/uploads\/2026\/04\/WhatsApp-Image-2026-04-28-at-06.03.39-300x225.jpeg\" alt=\"\" width=\"300\" height=\"225\" srcset=\"https:\/\/avrupapress.com\/main\/wp-content\/uploads\/2026\/04\/WhatsApp-Image-2026-04-28-at-06.03.39-300x225.jpeg 300w, https:\/\/avrupapress.com\/main\/wp-content\/uploads\/2026\/04\/WhatsApp-Image-2026-04-28-at-06.03.39-1024x768.jpeg 1024w, https:\/\/avrupapress.com\/main\/wp-content\/uploads\/2026\/04\/WhatsApp-Image-2026-04-28-at-06.03.39-768x576.jpeg 768w, https:\/\/avrupapress.com\/main\/wp-content\/uploads\/2026\/04\/WhatsApp-Image-2026-04-28-at-06.03.39-1536x1152.jpeg 1536w, https:\/\/avrupapress.com\/main\/wp-content\/uploads\/2026\/04\/WhatsApp-Image-2026-04-28-at-06.03.39.jpeg 1600w\" sizes=\"auto, (max-width: 300px) 100vw, 300px\" \/><\/p>\n<p><img loading=\"lazy\" decoding=\"async\" class=\"alignnone size-medium wp-image-34546\" src=\"https:\/\/avrupapress.com\/main\/wp-content\/uploads\/2026\/04\/WhatsApp-Image-2026-04-28-at-06.03.39-1-300x225.jpeg\" alt=\"\" width=\"300\" height=\"225\" srcset=\"https:\/\/avrupapress.com\/main\/wp-content\/uploads\/2026\/04\/WhatsApp-Image-2026-04-28-at-06.03.39-1-300x225.jpeg 300w, https:\/\/avrupapress.com\/main\/wp-content\/uploads\/2026\/04\/WhatsApp-Image-2026-04-28-at-06.03.39-1-1024x768.jpeg 1024w, https:\/\/avrupapress.com\/main\/wp-content\/uploads\/2026\/04\/WhatsApp-Image-2026-04-28-at-06.03.39-1-768x576.jpeg 768w, https:\/\/avrupapress.com\/main\/wp-content\/uploads\/2026\/04\/WhatsApp-Image-2026-04-28-at-06.03.39-1-1536x1152.jpeg 1536w, https:\/\/avrupapress.com\/main\/wp-content\/uploads\/2026\/04\/WhatsApp-Image-2026-04-28-at-06.03.39-1.jpeg 1600w\" sizes=\"auto, (max-width: 300px) 100vw, 300px\" \/><\/p>\n<p><img loading=\"lazy\" decoding=\"async\" class=\"alignnone size-medium wp-image-34547\" src=\"https:\/\/avrupapress.com\/main\/wp-content\/uploads\/2026\/04\/WhatsApp-Image-2026-04-28-at-06.03.38-4-225x300.jpeg\" alt=\"\" width=\"225\" height=\"300\" srcset=\"https:\/\/avrupapress.com\/main\/wp-content\/uploads\/2026\/04\/WhatsApp-Image-2026-04-28-at-06.03.38-4-225x300.jpeg 225w, https:\/\/avrupapress.com\/main\/wp-content\/uploads\/2026\/04\/WhatsApp-Image-2026-04-28-at-06.03.38-4-768x1024.jpeg 768w, https:\/\/avrupapress.com\/main\/wp-content\/uploads\/2026\/04\/WhatsApp-Image-2026-04-28-at-06.03.38-4-1152x1536.jpeg 1152w, https:\/\/avrupapress.com\/main\/wp-content\/uploads\/2026\/04\/WhatsApp-Image-2026-04-28-at-06.03.38-4.jpeg 1200w\" sizes=\"auto, (max-width: 225px) 100vw, 225px\" \/><\/p>\n<p><img loading=\"lazy\" decoding=\"async\" class=\"alignnone size-medium wp-image-34548\" src=\"https:\/\/avrupapress.com\/main\/wp-content\/uploads\/2026\/04\/WhatsApp-Image-2026-04-28-at-06.03.38-300x225.jpeg\" alt=\"\" width=\"300\" height=\"225\" srcset=\"https:\/\/avrupapress.com\/main\/wp-content\/uploads\/2026\/04\/WhatsApp-Image-2026-04-28-at-06.03.38-300x225.jpeg 300w, https:\/\/avrupapress.com\/main\/wp-content\/uploads\/2026\/04\/WhatsApp-Image-2026-04-28-at-06.03.38-1024x768.jpeg 1024w, https:\/\/avrupapress.com\/main\/wp-content\/uploads\/2026\/04\/WhatsApp-Image-2026-04-28-at-06.03.38-768x576.jpeg 768w, https:\/\/avrupapress.com\/main\/wp-content\/uploads\/2026\/04\/WhatsApp-Image-2026-04-28-at-06.03.38-1536x1152.jpeg 1536w, https:\/\/avrupapress.com\/main\/wp-content\/uploads\/2026\/04\/WhatsApp-Image-2026-04-28-at-06.03.38.jpeg 1600w\" sizes=\"auto, (max-width: 300px) 100vw, 300px\" \/><\/p>\n<p><img loading=\"lazy\" decoding=\"async\" class=\"alignnone size-medium wp-image-34549\" src=\"https:\/\/avrupapress.com\/main\/wp-content\/uploads\/2026\/04\/WhatsApp-Image-2026-04-28-at-06.03.38-1-300x225.jpeg\" alt=\"\" width=\"300\" height=\"225\" srcset=\"https:\/\/avrupapress.com\/main\/wp-content\/uploads\/2026\/04\/WhatsApp-Image-2026-04-28-at-06.03.38-1-300x225.jpeg 300w, https:\/\/avrupapress.com\/main\/wp-content\/uploads\/2026\/04\/WhatsApp-Image-2026-04-28-at-06.03.38-1-1024x768.jpeg 1024w, https:\/\/avrupapress.com\/main\/wp-content\/uploads\/2026\/04\/WhatsApp-Image-2026-04-28-at-06.03.38-1-768x576.jpeg 768w, https:\/\/avrupapress.com\/main\/wp-content\/uploads\/2026\/04\/WhatsApp-Image-2026-04-28-at-06.03.38-1-1536x1152.jpeg 1536w, https:\/\/avrupapress.com\/main\/wp-content\/uploads\/2026\/04\/WhatsApp-Image-2026-04-28-at-06.03.38-1.jpeg 1600w\" sizes=\"auto, (max-width: 300px) 100vw, 300px\" \/><\/p>\n<p><img loading=\"lazy\" decoding=\"async\" class=\"alignnone size-medium wp-image-34550\" src=\"https:\/\/avrupapress.com\/main\/wp-content\/uploads\/2026\/04\/WhatsApp-Image-2026-04-28-at-21.51.36-300x253.jpeg\" alt=\"\" width=\"300\" height=\"253\" srcset=\"https:\/\/avrupapress.com\/main\/wp-content\/uploads\/2026\/04\/WhatsApp-Image-2026-04-28-at-21.51.36-300x253.jpeg 300w, https:\/\/avrupapress.com\/main\/wp-content\/uploads\/2026\/04\/WhatsApp-Image-2026-04-28-at-21.51.36-1024x864.jpeg 1024w, https:\/\/avrupapress.com\/main\/wp-content\/uploads\/2026\/04\/WhatsApp-Image-2026-04-28-at-21.51.36-768x648.jpeg 768w, https:\/\/avrupapress.com\/main\/wp-content\/uploads\/2026\/04\/WhatsApp-Image-2026-04-28-at-21.51.36-1536x1295.jpeg 1536w, https:\/\/avrupapress.com\/main\/wp-content\/uploads\/2026\/04\/WhatsApp-Image-2026-04-28-at-21.51.36.jpeg 2048w\" sizes=\"auto, (max-width: 300px) 100vw, 300px\" \/><\/p>\n<p>&nbsp;<\/p>\n<p><img loading=\"lazy\" decoding=\"async\" class=\"alignnone size-medium wp-image-34552\" src=\"https:\/\/avrupapress.com\/main\/wp-content\/uploads\/2026\/04\/WhatsApp-Image-2026-04-28-at-22.12.26-252x300.jpeg\" alt=\"\" width=\"252\" height=\"300\" srcset=\"https:\/\/avrupapress.com\/main\/wp-content\/uploads\/2026\/04\/WhatsApp-Image-2026-04-28-at-22.12.26-252x300.jpeg 252w, https:\/\/avrupapress.com\/main\/wp-content\/uploads\/2026\/04\/WhatsApp-Image-2026-04-28-at-22.12.26.jpeg 709w\" sizes=\"auto, (max-width: 252px) 100vw, 252px\" \/><\/p>\n<p>&nbsp;<\/p>\n<p><strong>Bilgin\u00a0 Ozcifci\u00a0 \u00a0 \u00a0 \u00a0 \u00a0\/\u00a0 \u00a0 \u00a0 \u00a0 \u00a0AVRUPAPRESS<\/strong><\/p>\n<p>&nbsp;<\/p>\n","protected":false},"excerpt":{"rendered":"<p>Bilgin Ozcifci BEUKSEL \u00b7 Ekonomik Diplomasi &amp; Uluslararas\u0131 \u0130li\u015fkiler KRAL\u0130YET EKONOM\u0130K M\u0130SYONU \u00b7 BEL\u00c7\u0130KA \u2013 T\u00dcRK\u0130YE \u00b7 MAYIS 2026 Ankara ve \u0130stanbul, Bel\u00e7ika\u2019n\u0131n stratejik yeniden konumlanmas\u0131n\u0131n merkezinde &nbsp; 10\u201314 May\u0131s 2026 tarihleri aras\u0131nda, Krali\u00e7e Mathilde\u2019nin ba\u015fkanl\u0131\u011f\u0131nda d\u00fczenlenen Bel\u00e7ika Kraliyet Ekonomik Misyonu, \u015firketler, \u00fcniversiteler ve kamu kurumlar\u0131ndan olu\u015fan 428 kat\u0131l\u0131mc\u0131y\u0131 T\u00fcrkiye\u2019de bir araya getiriyor. Br\u00fcksel\u2019de BNP [&hellip;]<\/p>\n","protected":false},"author":3,"featured_media":34553,"comment_status":"closed","ping_status":"open","sticky":false,"template":"","format":"standard","meta":{"footnotes":""},"categories":[14,16,3,17,18,15,19,2,1],"tags":[],"class_list":["post-34544","post","type-post","status-publish","format-standard","has-post-thumbnail","hentry","category-avrupa","category-belcika","category-dunya","category-ekonomi","category-kultur-sanat","category-spor","category-tanitim","category-turkiye","category-uncategorized"],"yoast_head":"<!-- This site is optimized with the Yoast SEO plugin v26.9 - https:\/\/yoast.com\/product\/yoast-seo-wordpress\/ -->\n<title>Bel\u00e7ika Krali\u00e7e Mathilde\u2019nin ba\u015fkanl\u0131\u011f\u0131nda d\u00fczenlenen Bel\u00e7ika Kraliyet Ekonomik Misyonu, T\u00fcrkiye\u2019de bir araya getiriyor. - AvrupaPress<\/title>\n<meta name=\"robots\" content=\"index, follow, max-snippet:-1, max-image-preview:large, max-video-preview:-1\" \/>\n<link rel=\"canonical\" href=\"https:\/\/avrupapress.com\/main\/2026\/04\/28\/belcika-kralice-mathildenin-baskanliginda-duzenlenen-belcika-kraliyet-ekonomik-misyonu-turkiyede-bir-araya-getiriyor\/\" \/>\n<meta property=\"og:locale\" content=\"fr_FR\" \/>\n<meta property=\"og:type\" content=\"article\" \/>\n<meta property=\"og:title\" content=\"Bel\u00e7ika Krali\u00e7e Mathilde\u2019nin ba\u015fkanl\u0131\u011f\u0131nda d\u00fczenlenen Bel\u00e7ika Kraliyet Ekonomik Misyonu, T\u00fcrkiye\u2019de bir araya getiriyor. - AvrupaPress\" \/>\n<meta property=\"og:description\" content=\"Bilgin Ozcifci BEUKSEL \u00b7 Ekonomik Diplomasi &amp; Uluslararas\u0131 \u0130li\u015fkiler KRAL\u0130YET EKONOM\u0130K M\u0130SYONU \u00b7 BEL\u00c7\u0130KA \u2013 T\u00dcRK\u0130YE \u00b7 MAYIS 2026 Ankara ve \u0130stanbul, Bel\u00e7ika\u2019n\u0131n stratejik yeniden konumlanmas\u0131n\u0131n merkezinde &nbsp; 10\u201314 May\u0131s 2026 tarihleri aras\u0131nda, Krali\u00e7e Mathilde\u2019nin ba\u015fkanl\u0131\u011f\u0131nda d\u00fczenlenen Bel\u00e7ika Kraliyet Ekonomik Misyonu, \u015firketler, \u00fcniversiteler ve kamu kurumlar\u0131ndan olu\u015fan 428 kat\u0131l\u0131mc\u0131y\u0131 T\u00fcrkiye\u2019de bir araya getiriyor. Br\u00fcksel\u2019de BNP [&hellip;]\" \/>\n<meta property=\"og:url\" content=\"https:\/\/avrupapress.com\/main\/2026\/04\/28\/belcika-kralice-mathildenin-baskanliginda-duzenlenen-belcika-kraliyet-ekonomik-misyonu-turkiyede-bir-araya-getiriyor\/\" \/>\n<meta property=\"og:site_name\" content=\"AvrupaPress\" \/>\n<meta property=\"article:published_time\" content=\"2026-04-28T19:16:35+00:00\" \/>\n<meta property=\"article:modified_time\" content=\"2026-04-28T19:20:10+00:00\" \/>\n<meta property=\"og:image\" content=\"https:\/\/avrupapress.com\/main\/wp-content\/uploads\/2026\/04\/WhatsApp-Image-2026-04-28-at-06.03.38-3-e1777403991157.jpeg\" \/>\n\t<meta property=\"og:image:width\" content=\"1600\" \/>\n\t<meta property=\"og:image:height\" content=\"648\" \/>\n\t<meta property=\"og:image:type\" content=\"image\/jpeg\" \/>\n<meta name=\"author\" content=\"Edit\u00f6r\" \/>\n<meta name=\"twitter:card\" content=\"summary_large_image\" \/>\n<meta name=\"twitter:label1\" content=\"\u00c9crit par\" \/>\n\t<meta name=\"twitter:data1\" content=\"Edit\u00f6r\" \/>\n\t<meta name=\"twitter:label2\" content=\"Dur\u00e9e de lecture est.\" \/>\n\t<meta name=\"twitter:data2\" content=\"5 minutes\" \/>\n<script type=\"application\/ld+json\" class=\"yoast-schema-graph\">{\"@context\":\"https:\/\/schema.org\",\"@graph\":[{\"@type\":\"Article\",\"@id\":\"https:\/\/avrupapress.com\/main\/2026\/04\/28\/belcika-kralice-mathildenin-baskanliginda-duzenlenen-belcika-kraliyet-ekonomik-misyonu-turkiyede-bir-araya-getiriyor\/#article\",\"isPartOf\":{\"@id\":\"https:\/\/avrupapress.com\/main\/2026\/04\/28\/belcika-kralice-mathildenin-baskanliginda-duzenlenen-belcika-kraliyet-ekonomik-misyonu-turkiyede-bir-araya-getiriyor\/\"},\"author\":{\"name\":\"Edit\u00f6r\",\"@id\":\"https:\/\/avrupapress.com\/#\/schema\/person\/68428444ec60970d1e1b700cf4ca1e8f\"},\"headline\":\"Bel\u00e7ika Krali\u00e7e Mathilde\u2019nin ba\u015fkanl\u0131\u011f\u0131nda d\u00fczenlenen Bel\u00e7ika Kraliyet Ekonomik Misyonu, T\u00fcrkiye\u2019de bir araya getiriyor.\",\"datePublished\":\"2026-04-28T19:16:35+00:00\",\"dateModified\":\"2026-04-28T19:20:10+00:00\",\"mainEntityOfPage\":{\"@id\":\"https:\/\/avrupapress.com\/main\/2026\/04\/28\/belcika-kralice-mathildenin-baskanliginda-duzenlenen-belcika-kraliyet-ekonomik-misyonu-turkiyede-bir-araya-getiriyor\/\"},\"wordCount\":862,\"publisher\":{\"@id\":\"https:\/\/avrupapress.com\/#\/schema\/person\/0223dca19c72c43575bf30d1a2d8f4fa\"},\"image\":{\"@id\":\"https:\/\/avrupapress.com\/main\/2026\/04\/28\/belcika-kralice-mathildenin-baskanliginda-duzenlenen-belcika-kraliyet-ekonomik-misyonu-turkiyede-bir-araya-getiriyor\/#primaryimage\"},\"thumbnailUrl\":\"https:\/\/avrupapress.com\/main\/wp-content\/uploads\/2026\/04\/WhatsApp-Image-2026-04-28-at-06.03.38-3-e1777403991157.jpeg\",\"articleSection\":[\"Avrupa\",\"Bel\u00e7ika\",\"D\u00fcnya\",\"Ekonomi\",\"K\u00fclt\u00fcr-Sanat\",\"Spor\",\"Tan\u0131t\u0131m\",\"T\u00fcrkiye\",\"Uncategorized\"],\"inLanguage\":\"fr-BE\"},{\"@type\":\"WebPage\",\"@id\":\"https:\/\/avrupapress.com\/main\/2026\/04\/28\/belcika-kralice-mathildenin-baskanliginda-duzenlenen-belcika-kraliyet-ekonomik-misyonu-turkiyede-bir-araya-getiriyor\/\",\"url\":\"https:\/\/avrupapress.com\/main\/2026\/04\/28\/belcika-kralice-mathildenin-baskanliginda-duzenlenen-belcika-kraliyet-ekonomik-misyonu-turkiyede-bir-araya-getiriyor\/\",\"name\":\"Bel\u00e7ika Krali\u00e7e Mathilde\u2019nin ba\u015fkanl\u0131\u011f\u0131nda d\u00fczenlenen Bel\u00e7ika Kraliyet Ekonomik Misyonu, T\u00fcrkiye\u2019de bir araya getiriyor. - AvrupaPress\",\"isPartOf\":{\"@id\":\"https:\/\/avrupapress.com\/#website\"},\"primaryImageOfPage\":{\"@id\":\"https:\/\/avrupapress.com\/main\/2026\/04\/28\/belcika-kralice-mathildenin-baskanliginda-duzenlenen-belcika-kraliyet-ekonomik-misyonu-turkiyede-bir-araya-getiriyor\/#primaryimage\"},\"image\":{\"@id\":\"https:\/\/avrupapress.com\/main\/2026\/04\/28\/belcika-kralice-mathildenin-baskanliginda-duzenlenen-belcika-kraliyet-ekonomik-misyonu-turkiyede-bir-araya-getiriyor\/#primaryimage\"},\"thumbnailUrl\":\"https:\/\/avrupapress.com\/main\/wp-content\/uploads\/2026\/04\/WhatsApp-Image-2026-04-28-at-06.03.38-3-e1777403991157.jpeg\",\"datePublished\":\"2026-04-28T19:16:35+00:00\",\"dateModified\":\"2026-04-28T19:20:10+00:00\",\"breadcrumb\":{\"@id\":\"https:\/\/avrupapress.com\/main\/2026\/04\/28\/belcika-kralice-mathildenin-baskanliginda-duzenlenen-belcika-kraliyet-ekonomik-misyonu-turkiyede-bir-araya-getiriyor\/#breadcrumb\"},\"inLanguage\":\"fr-BE\",\"potentialAction\":[{\"@type\":\"ReadAction\",\"target\":[\"https:\/\/avrupapress.com\/main\/2026\/04\/28\/belcika-kralice-mathildenin-baskanliginda-duzenlenen-belcika-kraliyet-ekonomik-misyonu-turkiyede-bir-araya-getiriyor\/\"]}]},{\"@type\":\"ImageObject\",\"inLanguage\":\"fr-BE\",\"@id\":\"https:\/\/avrupapress.com\/main\/2026\/04\/28\/belcika-kralice-mathildenin-baskanliginda-duzenlenen-belcika-kraliyet-ekonomik-misyonu-turkiyede-bir-araya-getiriyor\/#primaryimage\",\"url\":\"https:\/\/avrupapress.com\/main\/wp-content\/uploads\/2026\/04\/WhatsApp-Image-2026-04-28-at-06.03.38-3-e1777403991157.jpeg\",\"contentUrl\":\"https:\/\/avrupapress.com\/main\/wp-content\/uploads\/2026\/04\/WhatsApp-Image-2026-04-28-at-06.03.38-3-e1777403991157.jpeg\",\"width\":1600,\"height\":648},{\"@type\":\"BreadcrumbList\",\"@id\":\"https:\/\/avrupapress.com\/main\/2026\/04\/28\/belcika-kralice-mathildenin-baskanliginda-duzenlenen-belcika-kraliyet-ekonomik-misyonu-turkiyede-bir-araya-getiriyor\/#breadcrumb\",\"itemListElement\":[{\"@type\":\"ListItem\",\"position\":1,\"name\":\"Anasayfa\",\"item\":\"https:\/\/avrupapress.com\/\"},{\"@type\":\"ListItem\",\"position\":2,\"name\":\"Bel\u00e7ika Krali\u00e7e Mathilde\u2019nin ba\u015fkanl\u0131\u011f\u0131nda d\u00fczenlenen Bel\u00e7ika Kraliyet Ekonomik Misyonu, T\u00fcrkiye\u2019de bir araya getiriyor.\"}]},{\"@type\":\"WebSite\",\"@id\":\"https:\/\/avrupapress.com\/#website\",\"url\":\"https:\/\/avrupapress.com\/\",\"name\":\"AvrupaPress\",\"description\":\"Haberin Adresi\",\"publisher\":{\"@id\":\"https:\/\/avrupapress.com\/#\/schema\/person\/0223dca19c72c43575bf30d1a2d8f4fa\"},\"potentialAction\":[{\"@type\":\"SearchAction\",\"target\":{\"@type\":\"EntryPoint\",\"urlTemplate\":\"https:\/\/avrupapress.com\/?s={search_term_string}\"},\"query-input\":{\"@type\":\"PropertyValueSpecification\",\"valueRequired\":true,\"valueName\":\"search_term_string\"}}],\"inLanguage\":\"fr-BE\"},{\"@type\":[\"Person\",\"Organization\"],\"@id\":\"https:\/\/avrupapress.com\/#\/schema\/person\/0223dca19c72c43575bf30d1a2d8f4fa\",\"name\":\"Bilgin \u00d6z\u00e7ift\u00e7i\",\"image\":{\"@type\":\"ImageObject\",\"inLanguage\":\"fr-BE\",\"@id\":\"https:\/\/avrupapress.com\/#\/schema\/person\/image\/\",\"url\":\"https:\/\/secure.gravatar.com\/avatar\/0f23b280433a21e1ea7a0adcc46ed0ad16afe3ad8e630fd13d8a017dcbd54ef3?s=96&d=mm&r=g\",\"contentUrl\":\"https:\/\/secure.gravatar.com\/avatar\/0f23b280433a21e1ea7a0adcc46ed0ad16afe3ad8e630fd13d8a017dcbd54ef3?s=96&d=mm&r=g\",\"caption\":\"Bilgin \u00d6z\u00e7ift\u00e7i\"},\"logo\":{\"@id\":\"https:\/\/avrupapress.com\/#\/schema\/person\/image\/\"},\"description\":\"Ne ben, nede sen... Biz ancak \\\"biz\\\" olursak g\u00fc\u00e7l\u00fc olabiliriz\"},{\"@type\":\"Person\",\"@id\":\"https:\/\/avrupapress.com\/#\/schema\/person\/68428444ec60970d1e1b700cf4ca1e8f\",\"name\":\"Edit\u00f6r\",\"image\":{\"@type\":\"ImageObject\",\"inLanguage\":\"fr-BE\",\"@id\":\"https:\/\/avrupapress.com\/#\/schema\/person\/image\/\",\"url\":\"https:\/\/secure.gravatar.com\/avatar\/74996b0977aa5f1559ba9883776652508b229005c0d78fb2597897f0bd651c09?s=96&d=mm&r=g\",\"contentUrl\":\"https:\/\/secure.gravatar.com\/avatar\/74996b0977aa5f1559ba9883776652508b229005c0d78fb2597897f0bd651c09?s=96&d=mm&r=g\",\"caption\":\"Edit\u00f6r\"},\"sameAs\":[\"http:\/\/www.avrupapress.com\"],\"url\":\"https:\/\/avrupapress.com\/main\/author\/editor\/\"}]}<\/script>\n<!-- \/ Yoast SEO plugin. -->","yoast_head_json":{"title":"Bel\u00e7ika Krali\u00e7e Mathilde\u2019nin ba\u015fkanl\u0131\u011f\u0131nda d\u00fczenlenen Bel\u00e7ika Kraliyet Ekonomik Misyonu, T\u00fcrkiye\u2019de bir araya getiriyor. - AvrupaPress","robots":{"index":"index","follow":"follow","max-snippet":"max-snippet:-1","max-image-preview":"max-image-preview:large","max-video-preview":"max-video-preview:-1"},"canonical":"https:\/\/avrupapress.com\/main\/2026\/04\/28\/belcika-kralice-mathildenin-baskanliginda-duzenlenen-belcika-kraliyet-ekonomik-misyonu-turkiyede-bir-araya-getiriyor\/","og_locale":"fr_FR","og_type":"article","og_title":"Bel\u00e7ika Krali\u00e7e Mathilde\u2019nin ba\u015fkanl\u0131\u011f\u0131nda d\u00fczenlenen Bel\u00e7ika Kraliyet Ekonomik Misyonu, T\u00fcrkiye\u2019de bir araya getiriyor. - AvrupaPress","og_description":"Bilgin Ozcifci BEUKSEL \u00b7 Ekonomik Diplomasi &amp; Uluslararas\u0131 \u0130li\u015fkiler KRAL\u0130YET EKONOM\u0130K M\u0130SYONU \u00b7 BEL\u00c7\u0130KA \u2013 T\u00dcRK\u0130YE \u00b7 MAYIS 2026 Ankara ve \u0130stanbul, Bel\u00e7ika\u2019n\u0131n stratejik yeniden konumlanmas\u0131n\u0131n merkezinde &nbsp; 10\u201314 May\u0131s 2026 tarihleri aras\u0131nda, Krali\u00e7e Mathilde\u2019nin ba\u015fkanl\u0131\u011f\u0131nda d\u00fczenlenen Bel\u00e7ika Kraliyet Ekonomik Misyonu, \u015firketler, \u00fcniversiteler ve kamu kurumlar\u0131ndan olu\u015fan 428 kat\u0131l\u0131mc\u0131y\u0131 T\u00fcrkiye\u2019de bir araya getiriyor. Br\u00fcksel\u2019de BNP [&hellip;]","og_url":"https:\/\/avrupapress.com\/main\/2026\/04\/28\/belcika-kralice-mathildenin-baskanliginda-duzenlenen-belcika-kraliyet-ekonomik-misyonu-turkiyede-bir-araya-getiriyor\/","og_site_name":"AvrupaPress","article_published_time":"2026-04-28T19:16:35+00:00","article_modified_time":"2026-04-28T19:20:10+00:00","og_image":[{"width":1600,"height":648,"url":"https:\/\/avrupapress.com\/main\/wp-content\/uploads\/2026\/04\/WhatsApp-Image-2026-04-28-at-06.03.38-3-e1777403991157.jpeg","type":"image\/jpeg"}],"author":"Edit\u00f6r","twitter_card":"summary_large_image","twitter_misc":{"\u00c9crit par":"Edit\u00f6r","Dur\u00e9e de lecture est.":"5 minutes"},"schema":{"@context":"https:\/\/schema.org","@graph":[{"@type":"Article","@id":"https:\/\/avrupapress.com\/main\/2026\/04\/28\/belcika-kralice-mathildenin-baskanliginda-duzenlenen-belcika-kraliyet-ekonomik-misyonu-turkiyede-bir-araya-getiriyor\/#article","isPartOf":{"@id":"https:\/\/avrupapress.com\/main\/2026\/04\/28\/belcika-kralice-mathildenin-baskanliginda-duzenlenen-belcika-kraliyet-ekonomik-misyonu-turkiyede-bir-araya-getiriyor\/"},"author":{"name":"Edit\u00f6r","@id":"https:\/\/avrupapress.com\/#\/schema\/person\/68428444ec60970d1e1b700cf4ca1e8f"},"headline":"Bel\u00e7ika Krali\u00e7e Mathilde\u2019nin ba\u015fkanl\u0131\u011f\u0131nda d\u00fczenlenen Bel\u00e7ika Kraliyet Ekonomik Misyonu, T\u00fcrkiye\u2019de bir araya getiriyor.","datePublished":"2026-04-28T19:16:35+00:00","dateModified":"2026-04-28T19:20:10+00:00","mainEntityOfPage":{"@id":"https:\/\/avrupapress.com\/main\/2026\/04\/28\/belcika-kralice-mathildenin-baskanliginda-duzenlenen-belcika-kraliyet-ekonomik-misyonu-turkiyede-bir-araya-getiriyor\/"},"wordCount":862,"publisher":{"@id":"https:\/\/avrupapress.com\/#\/schema\/person\/0223dca19c72c43575bf30d1a2d8f4fa"},"image":{"@id":"https:\/\/avrupapress.com\/main\/2026\/04\/28\/belcika-kralice-mathildenin-baskanliginda-duzenlenen-belcika-kraliyet-ekonomik-misyonu-turkiyede-bir-araya-getiriyor\/#primaryimage"},"thumbnailUrl":"https:\/\/avrupapress.com\/main\/wp-content\/uploads\/2026\/04\/WhatsApp-Image-2026-04-28-at-06.03.38-3-e1777403991157.jpeg","articleSection":["Avrupa","Bel\u00e7ika","D\u00fcnya","Ekonomi","K\u00fclt\u00fcr-Sanat","Spor","Tan\u0131t\u0131m","T\u00fcrkiye","Uncategorized"],"inLanguage":"fr-BE"},{"@type":"WebPage","@id":"https:\/\/avrupapress.com\/main\/2026\/04\/28\/belcika-kralice-mathildenin-baskanliginda-duzenlenen-belcika-kraliyet-ekonomik-misyonu-turkiyede-bir-araya-getiriyor\/","url":"https:\/\/avrupapress.com\/main\/2026\/04\/28\/belcika-kralice-mathildenin-baskanliginda-duzenlenen-belcika-kraliyet-ekonomik-misyonu-turkiyede-bir-araya-getiriyor\/","name":"Bel\u00e7ika Krali\u00e7e Mathilde\u2019nin ba\u015fkanl\u0131\u011f\u0131nda d\u00fczenlenen Bel\u00e7ika Kraliyet Ekonomik Misyonu, T\u00fcrkiye\u2019de bir araya getiriyor. - AvrupaPress","isPartOf":{"@id":"https:\/\/avrupapress.com\/#website"},"primaryImageOfPage":{"@id":"https:\/\/avrupapress.com\/main\/2026\/04\/28\/belcika-kralice-mathildenin-baskanliginda-duzenlenen-belcika-kraliyet-ekonomik-misyonu-turkiyede-bir-araya-getiriyor\/#primaryimage"},"image":{"@id":"https:\/\/avrupapress.com\/main\/2026\/04\/28\/belcika-kralice-mathildenin-baskanliginda-duzenlenen-belcika-kraliyet-ekonomik-misyonu-turkiyede-bir-araya-getiriyor\/#primaryimage"},"thumbnailUrl":"https:\/\/avrupapress.com\/main\/wp-content\/uploads\/2026\/04\/WhatsApp-Image-2026-04-28-at-06.03.38-3-e1777403991157.jpeg","datePublished":"2026-04-28T19:16:35+00:00","dateModified":"2026-04-28T19:20:10+00:00","breadcrumb":{"@id":"https:\/\/avrupapress.com\/main\/2026\/04\/28\/belcika-kralice-mathildenin-baskanliginda-duzenlenen-belcika-kraliyet-ekonomik-misyonu-turkiyede-bir-araya-getiriyor\/#breadcrumb"},"inLanguage":"fr-BE","potentialAction":[{"@type":"ReadAction","target":["https:\/\/avrupapress.com\/main\/2026\/04\/28\/belcika-kralice-mathildenin-baskanliginda-duzenlenen-belcika-kraliyet-ekonomik-misyonu-turkiyede-bir-araya-getiriyor\/"]}]},{"@type":"ImageObject","inLanguage":"fr-BE","@id":"https:\/\/avrupapress.com\/main\/2026\/04\/28\/belcika-kralice-mathildenin-baskanliginda-duzenlenen-belcika-kraliyet-ekonomik-misyonu-turkiyede-bir-araya-getiriyor\/#primaryimage","url":"https:\/\/avrupapress.com\/main\/wp-content\/uploads\/2026\/04\/WhatsApp-Image-2026-04-28-at-06.03.38-3-e1777403991157.jpeg","contentUrl":"https:\/\/avrupapress.com\/main\/wp-content\/uploads\/2026\/04\/WhatsApp-Image-2026-04-28-at-06.03.38-3-e1777403991157.jpeg","width":1600,"height":648},{"@type":"BreadcrumbList","@id":"https:\/\/avrupapress.com\/main\/2026\/04\/28\/belcika-kralice-mathildenin-baskanliginda-duzenlenen-belcika-kraliyet-ekonomik-misyonu-turkiyede-bir-araya-getiriyor\/#breadcrumb","itemListElement":[{"@type":"ListItem","position":1,"name":"Anasayfa","item":"https:\/\/avrupapress.com\/"},{"@type":"ListItem","position":2,"name":"Bel\u00e7ika Krali\u00e7e Mathilde\u2019nin ba\u015fkanl\u0131\u011f\u0131nda d\u00fczenlenen Bel\u00e7ika Kraliyet Ekonomik Misyonu, T\u00fcrkiye\u2019de bir araya getiriyor."}]},{"@type":"WebSite","@id":"https:\/\/avrupapress.com\/#website","url":"https:\/\/avrupapress.com\/","name":"AvrupaPress","description":"Haberin Adresi","publisher":{"@id":"https:\/\/avrupapress.com\/#\/schema\/person\/0223dca19c72c43575bf30d1a2d8f4fa"},"potentialAction":[{"@type":"SearchAction","target":{"@type":"EntryPoint","urlTemplate":"https:\/\/avrupapress.com\/?s={search_term_string}"},"query-input":{"@type":"PropertyValueSpecification","valueRequired":true,"valueName":"search_term_string"}}],"inLanguage":"fr-BE"},{"@type":["Person","Organization"],"@id":"https:\/\/avrupapress.com\/#\/schema\/person\/0223dca19c72c43575bf30d1a2d8f4fa","name":"Bilgin \u00d6z\u00e7ift\u00e7i","image":{"@type":"ImageObject","inLanguage":"fr-BE","@id":"https:\/\/avrupapress.com\/#\/schema\/person\/image\/","url":"https:\/\/secure.gravatar.com\/avatar\/0f23b280433a21e1ea7a0adcc46ed0ad16afe3ad8e630fd13d8a017dcbd54ef3?s=96&d=mm&r=g","contentUrl":"https:\/\/secure.gravatar.com\/avatar\/0f23b280433a21e1ea7a0adcc46ed0ad16afe3ad8e630fd13d8a017dcbd54ef3?s=96&d=mm&r=g","caption":"Bilgin \u00d6z\u00e7ift\u00e7i"},"logo":{"@id":"https:\/\/avrupapress.com\/#\/schema\/person\/image\/"},"description":"Ne ben, nede sen... Biz ancak \"biz\" olursak g\u00fc\u00e7l\u00fc olabiliriz"},{"@type":"Person","@id":"https:\/\/avrupapress.com\/#\/schema\/person\/68428444ec60970d1e1b700cf4ca1e8f","name":"Edit\u00f6r","image":{"@type":"ImageObject","inLanguage":"fr-BE","@id":"https:\/\/avrupapress.com\/#\/schema\/person\/image\/","url":"https:\/\/secure.gravatar.com\/avatar\/74996b0977aa5f1559ba9883776652508b229005c0d78fb2597897f0bd651c09?s=96&d=mm&r=g","contentUrl":"https:\/\/secure.gravatar.com\/avatar\/74996b0977aa5f1559ba9883776652508b229005c0d78fb2597897f0bd651c09?s=96&d=mm&r=g","caption":"Edit\u00f6r"},"sameAs":["http:\/\/www.avrupapress.com"],"url":"https:\/\/avrupapress.com\/main\/author\/editor\/"}]}},"_links":{"self":[{"href":"https:\/\/avrupapress.com\/main\/wp-json\/wp\/v2\/posts\/34544","targetHints":{"allow":["GET"]}}],"collection":[{"href":"https:\/\/avrupapress.com\/main\/wp-json\/wp\/v2\/posts"}],"about":[{"href":"https:\/\/avrupapress.com\/main\/wp-json\/wp\/v2\/types\/post"}],"author":[{"embeddable":true,"href":"https:\/\/avrupapress.com\/main\/wp-json\/wp\/v2\/users\/3"}],"replies":[{"embeddable":true,"href":"https:\/\/avrupapress.com\/main\/wp-json\/wp\/v2\/comments?post=34544"}],"version-history":[{"count":1,"href":"https:\/\/avrupapress.com\/main\/wp-json\/wp\/v2\/posts\/34544\/revisions"}],"predecessor-version":[{"id":34555,"href":"https:\/\/avrupapress.com\/main\/wp-json\/wp\/v2\/posts\/34544\/revisions\/34555"}],"wp:featuredmedia":[{"embeddable":true,"href":"https:\/\/avrupapress.com\/main\/wp-json\/wp\/v2\/media\/34553"}],"wp:attachment":[{"href":"https:\/\/avrupapress.com\/main\/wp-json\/wp\/v2\/media?parent=34544"}],"wp:term":[{"taxonomy":"category","embeddable":true,"href":"https:\/\/avrupapress.com\/main\/wp-json\/wp\/v2\/categories?post=34544"},{"taxonomy":"post_tag","embeddable":true,"href":"https:\/\/avrupapress.com\/main\/wp-json\/wp\/v2\/tags?post=34544"}],"curies":[{"name":"wp","href":"https:\/\/api.w.org\/{rel}","templated":true}]}}