{"id":34539,"date":"2026-04-28T18:29:55","date_gmt":"2026-04-28T18:29:55","guid":{"rendered":"https:\/\/avrupapress.com\/main\/?p=34539"},"modified":"2026-04-28T18:30:24","modified_gmt":"2026-04-28T18:30:24","slug":"belcikada-12-mayis-sali-gunu-ulke-genelinde-buyuk-bir-grev-dalgasi-geliyor","status":"publish","type":"post","link":"https:\/\/avrupapress.com\/main\/2026\/04\/28\/belcikada-12-mayis-sali-gunu-ulke-genelinde-buyuk-bir-grev-dalgasi-geliyor\/","title":{"rendered":"Bel\u00e7ika\u2019da 12 May\u0131s Sal\u0131 g\u00fcn\u00fc \u00fclke genelinde b\u00fcy\u00fck bir grev dalgas\u0131 geliyor"},"content":{"rendered":"<p>Bel\u00e7ika\u2019da 12 May\u0131s Sal\u0131 g\u00fcn\u00fc \u00fclke genelinde b\u00fcy\u00fck bir grev dalgas\u0131 geliyor. \u00dclkenin en b\u00fcy\u00fck sendikalar\u0131 (ABVV, ACV, ACLVB), h\u00fck\u00fcmetin ekonomi ve sosyal reformlar\u0131na kar\u015f\u0131 i\u015f b\u0131rakma \u00e7a\u011fr\u0131s\u0131 yapt\u0131.<\/p>\n<p>Grev en \u00e7ok ula\u015f\u0131m, kamu hizmetleri ve havalimanlar\u0131nda etkili olacak .<\/p>\n<p>\u2708\ufe0f Ayn\u0131 g\u00fcn havac\u0131l\u0131k sekt\u00f6r\u00fc de ciddi \u015fekilde etkilenecek. \u00d6zellikle Brussels Airport, kalk\u0131\u015f u\u00e7u\u015flar\u0131n\u0131n neredeyse yar\u0131s\u0131n\u0131n iptal edilebilece\u011fini a\u00e7\u0131klad\u0131.<\/p>\n<p>\ud83d\udc49\ud83c\udffbGrevin ana nedenleri:<br \/>\n* Artan enerji fiyatlar\u0131<br \/>\n* D\u00fc\u015fen al\u0131m g\u00fcc\u00fc<br \/>\n* Tart\u0131\u015fmal\u0131 emeklilik reformu<\/p>\n<p>Bel\u00e7ika\u2019ya seyahat plan\u0131 olanlar dikkat: U\u00e7u\u015flar\u0131n\u0131z\u0131 ve planlar\u0131n\u0131z\u0131 \u015fimdiden mutlaka kontrol edin!<\/p>\n<p>kaynak belcika zaman<\/p>\n<p><img loading=\"lazy\" decoding=\"async\" class=\"alignnone size-medium wp-image-34540\" src=\"https:\/\/avrupapress.com\/main\/wp-content\/uploads\/2026\/04\/WhatsApp-Image-2026-04-28-at-21.03.26-e1777400739350-254x300.jpeg\" alt=\"\" width=\"254\" height=\"300\" srcset=\"https:\/\/avrupapress.com\/main\/wp-content\/uploads\/2026\/04\/WhatsApp-Image-2026-04-28-at-21.03.26-e1777400739350-254x300.jpeg 254w, https:\/\/avrupapress.com\/main\/wp-content\/uploads\/2026\/04\/WhatsApp-Image-2026-04-28-at-21.03.26-e1777400739350-868x1024.jpeg 868w, https:\/\/avrupapress.com\/main\/wp-content\/uploads\/2026\/04\/WhatsApp-Image-2026-04-28-at-21.03.26-e1777400739350-768x906.jpeg 768w, https:\/\/avrupapress.com\/main\/wp-content\/uploads\/2026\/04\/WhatsApp-Image-2026-04-28-at-21.03.26-e1777400739350.jpeg 1297w\" sizes=\"auto, (max-width: 254px) 100vw, 254px\" \/><\/p>\n<p>&nbsp;<\/p>\n","protected":false},"excerpt":{"rendered":"<p>Bel\u00e7ika\u2019da 12 May\u0131s Sal\u0131 g\u00fcn\u00fc \u00fclke genelinde b\u00fcy\u00fck bir grev dalgas\u0131 geliyor. \u00dclkenin en b\u00fcy\u00fck sendikalar\u0131 (ABVV, ACV, ACLVB), h\u00fck\u00fcmetin ekonomi ve sosyal reformlar\u0131na kar\u015f\u0131 i\u015f b\u0131rakma \u00e7a\u011fr\u0131s\u0131 yapt\u0131. Grev en \u00e7ok ula\u015f\u0131m, kamu hizmetleri ve havalimanlar\u0131nda etkili olacak . \u2708\ufe0f Ayn\u0131 g\u00fcn havac\u0131l\u0131k sekt\u00f6r\u00fc de ciddi \u015fekilde etkilenecek. \u00d6zellikle Brussels Airport, kalk\u0131\u015f u\u00e7u\u015flar\u0131n\u0131n neredeyse [&hellip;]<\/p>\n","protected":false},"author":3,"featured_media":34542,"comment_status":"closed","ping_status":"open","sticky":false,"template":"","format":"standard","meta":{"footnotes":""},"categories":[14,16,3,17,18,15,19,2,1],"tags":[],"class_list":["post-34539","post","type-post","status-publish","format-standard","has-post-thumbnail","hentry","category-avrupa","category-belcika","category-dunya","category-ekonomi","category-kultur-sanat","category-spor","category-tanitim","category-turkiye","category-uncategorized"],"yoast_head":"<!-- This site is optimized with the Yoast SEO plugin v26.9 - https:\/\/yoast.com\/product\/yoast-seo-wordpress\/ -->\n<title>Bel\u00e7ika\u2019da 12 May\u0131s Sal\u0131 g\u00fcn\u00fc \u00fclke genelinde b\u00fcy\u00fck bir grev dalgas\u0131 geliyor - AvrupaPress<\/title>\n<meta name=\"robots\" content=\"index, follow, max-snippet:-1, max-image-preview:large, max-video-preview:-1\" \/>\n<link rel=\"canonical\" href=\"https:\/\/avrupapress.com\/main\/2026\/04\/28\/belcikada-12-mayis-sali-gunu-ulke-genelinde-buyuk-bir-grev-dalgasi-geliyor\/\" \/>\n<meta property=\"og:locale\" content=\"fr_FR\" \/>\n<meta property=\"og:type\" content=\"article\" \/>\n<meta property=\"og:title\" content=\"Bel\u00e7ika\u2019da 12 May\u0131s Sal\u0131 g\u00fcn\u00fc \u00fclke genelinde b\u00fcy\u00fck bir grev dalgas\u0131 geliyor - AvrupaPress\" \/>\n<meta property=\"og:description\" content=\"Bel\u00e7ika\u2019da 12 May\u0131s Sal\u0131 g\u00fcn\u00fc \u00fclke genelinde b\u00fcy\u00fck bir grev dalgas\u0131 geliyor. \u00dclkenin en b\u00fcy\u00fck sendikalar\u0131 (ABVV, ACV, ACLVB), h\u00fck\u00fcmetin ekonomi ve sosyal reformlar\u0131na kar\u015f\u0131 i\u015f b\u0131rakma \u00e7a\u011fr\u0131s\u0131 yapt\u0131. Grev en \u00e7ok ula\u015f\u0131m, kamu hizmetleri ve havalimanlar\u0131nda etkili olacak . \u2708\ufe0f Ayn\u0131 g\u00fcn havac\u0131l\u0131k sekt\u00f6r\u00fc de ciddi \u015fekilde etkilenecek. \u00d6zellikle Brussels Airport, kalk\u0131\u015f u\u00e7u\u015flar\u0131n\u0131n neredeyse [&hellip;]\" \/>\n<meta property=\"og:url\" content=\"https:\/\/avrupapress.com\/main\/2026\/04\/28\/belcikada-12-mayis-sali-gunu-ulke-genelinde-buyuk-bir-grev-dalgasi-geliyor\/\" \/>\n<meta property=\"og:site_name\" content=\"AvrupaPress\" \/>\n<meta property=\"article:published_time\" content=\"2026-04-28T18:29:55+00:00\" \/>\n<meta property=\"article:modified_time\" content=\"2026-04-28T18:30:24+00:00\" \/>\n<meta property=\"og:image\" content=\"https:\/\/avrupapress.com\/main\/wp-content\/uploads\/2026\/04\/WhatsApp-Image-2026-04-28-at-21.03.26-2-e1777400977592.jpeg\" \/>\n\t<meta property=\"og:image:width\" content=\"1297\" \/>\n\t<meta property=\"og:image:height\" content=\"1520\" \/>\n\t<meta property=\"og:image:type\" content=\"image\/jpeg\" \/>\n<meta name=\"author\" content=\"Edit\u00f6r\" \/>\n<meta name=\"twitter:card\" content=\"summary_large_image\" \/>\n<meta name=\"twitter:label1\" content=\"\u00c9crit par\" \/>\n\t<meta name=\"twitter:data1\" content=\"Edit\u00f6r\" \/>\n\t<meta name=\"twitter:label2\" content=\"Dur\u00e9e de lecture est.\" \/>\n\t<meta name=\"twitter:data2\" content=\"1 minute\" \/>\n<script type=\"application\/ld+json\" class=\"yoast-schema-graph\">{\"@context\":\"https:\/\/schema.org\",\"@graph\":[{\"@type\":\"Article\",\"@id\":\"https:\/\/avrupapress.com\/main\/2026\/04\/28\/belcikada-12-mayis-sali-gunu-ulke-genelinde-buyuk-bir-grev-dalgasi-geliyor\/#article\",\"isPartOf\":{\"@id\":\"https:\/\/avrupapress.com\/main\/2026\/04\/28\/belcikada-12-mayis-sali-gunu-ulke-genelinde-buyuk-bir-grev-dalgasi-geliyor\/\"},\"author\":{\"name\":\"Edit\u00f6r\",\"@id\":\"https:\/\/avrupapress.com\/#\/schema\/person\/68428444ec60970d1e1b700cf4ca1e8f\"},\"headline\":\"Bel\u00e7ika\u2019da 12 May\u0131s Sal\u0131 g\u00fcn\u00fc \u00fclke genelinde b\u00fcy\u00fck bir grev dalgas\u0131 geliyor\",\"datePublished\":\"2026-04-28T18:29:55+00:00\",\"dateModified\":\"2026-04-28T18:30:24+00:00\",\"mainEntityOfPage\":{\"@id\":\"https:\/\/avrupapress.com\/main\/2026\/04\/28\/belcikada-12-mayis-sali-gunu-ulke-genelinde-buyuk-bir-grev-dalgasi-geliyor\/\"},\"wordCount\":142,\"publisher\":{\"@id\":\"https:\/\/avrupapress.com\/#\/schema\/person\/0223dca19c72c43575bf30d1a2d8f4fa\"},\"image\":{\"@id\":\"https:\/\/avrupapress.com\/main\/2026\/04\/28\/belcikada-12-mayis-sali-gunu-ulke-genelinde-buyuk-bir-grev-dalgasi-geliyor\/#primaryimage\"},\"thumbnailUrl\":\"https:\/\/avrupapress.com\/main\/wp-content\/uploads\/2026\/04\/WhatsApp-Image-2026-04-28-at-21.03.26-2-e1777400977592.jpeg\",\"articleSection\":[\"Avrupa\",\"Bel\u00e7ika\",\"D\u00fcnya\",\"Ekonomi\",\"K\u00fclt\u00fcr-Sanat\",\"Spor\",\"Tan\u0131t\u0131m\",\"T\u00fcrkiye\",\"Uncategorized\"],\"inLanguage\":\"fr-BE\"},{\"@type\":\"WebPage\",\"@id\":\"https:\/\/avrupapress.com\/main\/2026\/04\/28\/belcikada-12-mayis-sali-gunu-ulke-genelinde-buyuk-bir-grev-dalgasi-geliyor\/\",\"url\":\"https:\/\/avrupapress.com\/main\/2026\/04\/28\/belcikada-12-mayis-sali-gunu-ulke-genelinde-buyuk-bir-grev-dalgasi-geliyor\/\",\"name\":\"Bel\u00e7ika\u2019da 12 May\u0131s Sal\u0131 g\u00fcn\u00fc \u00fclke genelinde b\u00fcy\u00fck bir grev dalgas\u0131 geliyor - AvrupaPress\",\"isPartOf\":{\"@id\":\"https:\/\/avrupapress.com\/#website\"},\"primaryImageOfPage\":{\"@id\":\"https:\/\/avrupapress.com\/main\/2026\/04\/28\/belcikada-12-mayis-sali-gunu-ulke-genelinde-buyuk-bir-grev-dalgasi-geliyor\/#primaryimage\"},\"image\":{\"@id\":\"https:\/\/avrupapress.com\/main\/2026\/04\/28\/belcikada-12-mayis-sali-gunu-ulke-genelinde-buyuk-bir-grev-dalgasi-geliyor\/#primaryimage\"},\"thumbnailUrl\":\"https:\/\/avrupapress.com\/main\/wp-content\/uploads\/2026\/04\/WhatsApp-Image-2026-04-28-at-21.03.26-2-e1777400977592.jpeg\",\"datePublished\":\"2026-04-28T18:29:55+00:00\",\"dateModified\":\"2026-04-28T18:30:24+00:00\",\"breadcrumb\":{\"@id\":\"https:\/\/avrupapress.com\/main\/2026\/04\/28\/belcikada-12-mayis-sali-gunu-ulke-genelinde-buyuk-bir-grev-dalgasi-geliyor\/#breadcrumb\"},\"inLanguage\":\"fr-BE\",\"potentialAction\":[{\"@type\":\"ReadAction\",\"target\":[\"https:\/\/avrupapress.com\/main\/2026\/04\/28\/belcikada-12-mayis-sali-gunu-ulke-genelinde-buyuk-bir-grev-dalgasi-geliyor\/\"]}]},{\"@type\":\"ImageObject\",\"inLanguage\":\"fr-BE\",\"@id\":\"https:\/\/avrupapress.com\/main\/2026\/04\/28\/belcikada-12-mayis-sali-gunu-ulke-genelinde-buyuk-bir-grev-dalgasi-geliyor\/#primaryimage\",\"url\":\"https:\/\/avrupapress.com\/main\/wp-content\/uploads\/2026\/04\/WhatsApp-Image-2026-04-28-at-21.03.26-2-e1777400977592.jpeg\",\"contentUrl\":\"https:\/\/avrupapress.com\/main\/wp-content\/uploads\/2026\/04\/WhatsApp-Image-2026-04-28-at-21.03.26-2-e1777400977592.jpeg\",\"width\":1297,\"height\":1520},{\"@type\":\"BreadcrumbList\",\"@id\":\"https:\/\/avrupapress.com\/main\/2026\/04\/28\/belcikada-12-mayis-sali-gunu-ulke-genelinde-buyuk-bir-grev-dalgasi-geliyor\/#breadcrumb\",\"itemListElement\":[{\"@type\":\"ListItem\",\"position\":1,\"name\":\"Anasayfa\",\"item\":\"https:\/\/avrupapress.com\/\"},{\"@type\":\"ListItem\",\"position\":2,\"name\":\"Bel\u00e7ika\u2019da 12 May\u0131s Sal\u0131 g\u00fcn\u00fc \u00fclke genelinde b\u00fcy\u00fck bir grev dalgas\u0131 geliyor\"}]},{\"@type\":\"WebSite\",\"@id\":\"https:\/\/avrupapress.com\/#website\",\"url\":\"https:\/\/avrupapress.com\/\",\"name\":\"AvrupaPress\",\"description\":\"Haberin Adresi\",\"publisher\":{\"@id\":\"https:\/\/avrupapress.com\/#\/schema\/person\/0223dca19c72c43575bf30d1a2d8f4fa\"},\"potentialAction\":[{\"@type\":\"SearchAction\",\"target\":{\"@type\":\"EntryPoint\",\"urlTemplate\":\"https:\/\/avrupapress.com\/?s={search_term_string}\"},\"query-input\":{\"@type\":\"PropertyValueSpecification\",\"valueRequired\":true,\"valueName\":\"search_term_string\"}}],\"inLanguage\":\"fr-BE\"},{\"@type\":[\"Person\",\"Organization\"],\"@id\":\"https:\/\/avrupapress.com\/#\/schema\/person\/0223dca19c72c43575bf30d1a2d8f4fa\",\"name\":\"Bilgin \u00d6z\u00e7ift\u00e7i\",\"image\":{\"@type\":\"ImageObject\",\"inLanguage\":\"fr-BE\",\"@id\":\"https:\/\/avrupapress.com\/#\/schema\/person\/image\/\",\"url\":\"https:\/\/secure.gravatar.com\/avatar\/0f23b280433a21e1ea7a0adcc46ed0ad16afe3ad8e630fd13d8a017dcbd54ef3?s=96&d=mm&r=g\",\"contentUrl\":\"https:\/\/secure.gravatar.com\/avatar\/0f23b280433a21e1ea7a0adcc46ed0ad16afe3ad8e630fd13d8a017dcbd54ef3?s=96&d=mm&r=g\",\"caption\":\"Bilgin \u00d6z\u00e7ift\u00e7i\"},\"logo\":{\"@id\":\"https:\/\/avrupapress.com\/#\/schema\/person\/image\/\"},\"description\":\"Ne ben, nede sen... Biz ancak \\\"biz\\\" olursak g\u00fc\u00e7l\u00fc olabiliriz\"},{\"@type\":\"Person\",\"@id\":\"https:\/\/avrupapress.com\/#\/schema\/person\/68428444ec60970d1e1b700cf4ca1e8f\",\"name\":\"Edit\u00f6r\",\"image\":{\"@type\":\"ImageObject\",\"inLanguage\":\"fr-BE\",\"@id\":\"https:\/\/avrupapress.com\/#\/schema\/person\/image\/\",\"url\":\"https:\/\/secure.gravatar.com\/avatar\/74996b0977aa5f1559ba9883776652508b229005c0d78fb2597897f0bd651c09?s=96&d=mm&r=g\",\"contentUrl\":\"https:\/\/secure.gravatar.com\/avatar\/74996b0977aa5f1559ba9883776652508b229005c0d78fb2597897f0bd651c09?s=96&d=mm&r=g\",\"caption\":\"Edit\u00f6r\"},\"sameAs\":[\"http:\/\/www.avrupapress.com\"],\"url\":\"https:\/\/avrupapress.com\/main\/author\/editor\/\"}]}<\/script>\n<!-- \/ Yoast SEO plugin. -->","yoast_head_json":{"title":"Bel\u00e7ika\u2019da 12 May\u0131s Sal\u0131 g\u00fcn\u00fc \u00fclke genelinde b\u00fcy\u00fck bir grev dalgas\u0131 geliyor - AvrupaPress","robots":{"index":"index","follow":"follow","max-snippet":"max-snippet:-1","max-image-preview":"max-image-preview:large","max-video-preview":"max-video-preview:-1"},"canonical":"https:\/\/avrupapress.com\/main\/2026\/04\/28\/belcikada-12-mayis-sali-gunu-ulke-genelinde-buyuk-bir-grev-dalgasi-geliyor\/","og_locale":"fr_FR","og_type":"article","og_title":"Bel\u00e7ika\u2019da 12 May\u0131s Sal\u0131 g\u00fcn\u00fc \u00fclke genelinde b\u00fcy\u00fck bir grev dalgas\u0131 geliyor - AvrupaPress","og_description":"Bel\u00e7ika\u2019da 12 May\u0131s Sal\u0131 g\u00fcn\u00fc \u00fclke genelinde b\u00fcy\u00fck bir grev dalgas\u0131 geliyor. \u00dclkenin en b\u00fcy\u00fck sendikalar\u0131 (ABVV, ACV, ACLVB), h\u00fck\u00fcmetin ekonomi ve sosyal reformlar\u0131na kar\u015f\u0131 i\u015f b\u0131rakma \u00e7a\u011fr\u0131s\u0131 yapt\u0131. Grev en \u00e7ok ula\u015f\u0131m, kamu hizmetleri ve havalimanlar\u0131nda etkili olacak . \u2708\ufe0f Ayn\u0131 g\u00fcn havac\u0131l\u0131k sekt\u00f6r\u00fc de ciddi \u015fekilde etkilenecek. \u00d6zellikle Brussels Airport, kalk\u0131\u015f u\u00e7u\u015flar\u0131n\u0131n neredeyse [&hellip;]","og_url":"https:\/\/avrupapress.com\/main\/2026\/04\/28\/belcikada-12-mayis-sali-gunu-ulke-genelinde-buyuk-bir-grev-dalgasi-geliyor\/","og_site_name":"AvrupaPress","article_published_time":"2026-04-28T18:29:55+00:00","article_modified_time":"2026-04-28T18:30:24+00:00","og_image":[{"width":1297,"height":1520,"url":"https:\/\/avrupapress.com\/main\/wp-content\/uploads\/2026\/04\/WhatsApp-Image-2026-04-28-at-21.03.26-2-e1777400977592.jpeg","type":"image\/jpeg"}],"author":"Edit\u00f6r","twitter_card":"summary_large_image","twitter_misc":{"\u00c9crit par":"Edit\u00f6r","Dur\u00e9e de lecture est.":"1 minute"},"schema":{"@context":"https:\/\/schema.org","@graph":[{"@type":"Article","@id":"https:\/\/avrupapress.com\/main\/2026\/04\/28\/belcikada-12-mayis-sali-gunu-ulke-genelinde-buyuk-bir-grev-dalgasi-geliyor\/#article","isPartOf":{"@id":"https:\/\/avrupapress.com\/main\/2026\/04\/28\/belcikada-12-mayis-sali-gunu-ulke-genelinde-buyuk-bir-grev-dalgasi-geliyor\/"},"author":{"name":"Edit\u00f6r","@id":"https:\/\/avrupapress.com\/#\/schema\/person\/68428444ec60970d1e1b700cf4ca1e8f"},"headline":"Bel\u00e7ika\u2019da 12 May\u0131s Sal\u0131 g\u00fcn\u00fc \u00fclke genelinde b\u00fcy\u00fck bir grev dalgas\u0131 geliyor","datePublished":"2026-04-28T18:29:55+00:00","dateModified":"2026-04-28T18:30:24+00:00","mainEntityOfPage":{"@id":"https:\/\/avrupapress.com\/main\/2026\/04\/28\/belcikada-12-mayis-sali-gunu-ulke-genelinde-buyuk-bir-grev-dalgasi-geliyor\/"},"wordCount":142,"publisher":{"@id":"https:\/\/avrupapress.com\/#\/schema\/person\/0223dca19c72c43575bf30d1a2d8f4fa"},"image":{"@id":"https:\/\/avrupapress.com\/main\/2026\/04\/28\/belcikada-12-mayis-sali-gunu-ulke-genelinde-buyuk-bir-grev-dalgasi-geliyor\/#primaryimage"},"thumbnailUrl":"https:\/\/avrupapress.com\/main\/wp-content\/uploads\/2026\/04\/WhatsApp-Image-2026-04-28-at-21.03.26-2-e1777400977592.jpeg","articleSection":["Avrupa","Bel\u00e7ika","D\u00fcnya","Ekonomi","K\u00fclt\u00fcr-Sanat","Spor","Tan\u0131t\u0131m","T\u00fcrkiye","Uncategorized"],"inLanguage":"fr-BE"},{"@type":"WebPage","@id":"https:\/\/avrupapress.com\/main\/2026\/04\/28\/belcikada-12-mayis-sali-gunu-ulke-genelinde-buyuk-bir-grev-dalgasi-geliyor\/","url":"https:\/\/avrupapress.com\/main\/2026\/04\/28\/belcikada-12-mayis-sali-gunu-ulke-genelinde-buyuk-bir-grev-dalgasi-geliyor\/","name":"Bel\u00e7ika\u2019da 12 May\u0131s Sal\u0131 g\u00fcn\u00fc \u00fclke genelinde b\u00fcy\u00fck bir grev dalgas\u0131 geliyor - AvrupaPress","isPartOf":{"@id":"https:\/\/avrupapress.com\/#website"},"primaryImageOfPage":{"@id":"https:\/\/avrupapress.com\/main\/2026\/04\/28\/belcikada-12-mayis-sali-gunu-ulke-genelinde-buyuk-bir-grev-dalgasi-geliyor\/#primaryimage"},"image":{"@id":"https:\/\/avrupapress.com\/main\/2026\/04\/28\/belcikada-12-mayis-sali-gunu-ulke-genelinde-buyuk-bir-grev-dalgasi-geliyor\/#primaryimage"},"thumbnailUrl":"https:\/\/avrupapress.com\/main\/wp-content\/uploads\/2026\/04\/WhatsApp-Image-2026-04-28-at-21.03.26-2-e1777400977592.jpeg","datePublished":"2026-04-28T18:29:55+00:00","dateModified":"2026-04-28T18:30:24+00:00","breadcrumb":{"@id":"https:\/\/avrupapress.com\/main\/2026\/04\/28\/belcikada-12-mayis-sali-gunu-ulke-genelinde-buyuk-bir-grev-dalgasi-geliyor\/#breadcrumb"},"inLanguage":"fr-BE","potentialAction":[{"@type":"ReadAction","target":["https:\/\/avrupapress.com\/main\/2026\/04\/28\/belcikada-12-mayis-sali-gunu-ulke-genelinde-buyuk-bir-grev-dalgasi-geliyor\/"]}]},{"@type":"ImageObject","inLanguage":"fr-BE","@id":"https:\/\/avrupapress.com\/main\/2026\/04\/28\/belcikada-12-mayis-sali-gunu-ulke-genelinde-buyuk-bir-grev-dalgasi-geliyor\/#primaryimage","url":"https:\/\/avrupapress.com\/main\/wp-content\/uploads\/2026\/04\/WhatsApp-Image-2026-04-28-at-21.03.26-2-e1777400977592.jpeg","contentUrl":"https:\/\/avrupapress.com\/main\/wp-content\/uploads\/2026\/04\/WhatsApp-Image-2026-04-28-at-21.03.26-2-e1777400977592.jpeg","width":1297,"height":1520},{"@type":"BreadcrumbList","@id":"https:\/\/avrupapress.com\/main\/2026\/04\/28\/belcikada-12-mayis-sali-gunu-ulke-genelinde-buyuk-bir-grev-dalgasi-geliyor\/#breadcrumb","itemListElement":[{"@type":"ListItem","position":1,"name":"Anasayfa","item":"https:\/\/avrupapress.com\/"},{"@type":"ListItem","position":2,"name":"Bel\u00e7ika\u2019da 12 May\u0131s Sal\u0131 g\u00fcn\u00fc \u00fclke genelinde b\u00fcy\u00fck bir grev dalgas\u0131 geliyor"}]},{"@type":"WebSite","@id":"https:\/\/avrupapress.com\/#website","url":"https:\/\/avrupapress.com\/","name":"AvrupaPress","description":"Haberin Adresi","publisher":{"@id":"https:\/\/avrupapress.com\/#\/schema\/person\/0223dca19c72c43575bf30d1a2d8f4fa"},"potentialAction":[{"@type":"SearchAction","target":{"@type":"EntryPoint","urlTemplate":"https:\/\/avrupapress.com\/?s={search_term_string}"},"query-input":{"@type":"PropertyValueSpecification","valueRequired":true,"valueName":"search_term_string"}}],"inLanguage":"fr-BE"},{"@type":["Person","Organization"],"@id":"https:\/\/avrupapress.com\/#\/schema\/person\/0223dca19c72c43575bf30d1a2d8f4fa","name":"Bilgin \u00d6z\u00e7ift\u00e7i","image":{"@type":"ImageObject","inLanguage":"fr-BE","@id":"https:\/\/avrupapress.com\/#\/schema\/person\/image\/","url":"https:\/\/secure.gravatar.com\/avatar\/0f23b280433a21e1ea7a0adcc46ed0ad16afe3ad8e630fd13d8a017dcbd54ef3?s=96&d=mm&r=g","contentUrl":"https:\/\/secure.gravatar.com\/avatar\/0f23b280433a21e1ea7a0adcc46ed0ad16afe3ad8e630fd13d8a017dcbd54ef3?s=96&d=mm&r=g","caption":"Bilgin \u00d6z\u00e7ift\u00e7i"},"logo":{"@id":"https:\/\/avrupapress.com\/#\/schema\/person\/image\/"},"description":"Ne ben, nede sen... Biz ancak \"biz\" olursak g\u00fc\u00e7l\u00fc olabiliriz"},{"@type":"Person","@id":"https:\/\/avrupapress.com\/#\/schema\/person\/68428444ec60970d1e1b700cf4ca1e8f","name":"Edit\u00f6r","image":{"@type":"ImageObject","inLanguage":"fr-BE","@id":"https:\/\/avrupapress.com\/#\/schema\/person\/image\/","url":"https:\/\/secure.gravatar.com\/avatar\/74996b0977aa5f1559ba9883776652508b229005c0d78fb2597897f0bd651c09?s=96&d=mm&r=g","contentUrl":"https:\/\/secure.gravatar.com\/avatar\/74996b0977aa5f1559ba9883776652508b229005c0d78fb2597897f0bd651c09?s=96&d=mm&r=g","caption":"Edit\u00f6r"},"sameAs":["http:\/\/www.avrupapress.com"],"url":"https:\/\/avrupapress.com\/main\/author\/editor\/"}]}},"_links":{"self":[{"href":"https:\/\/avrupapress.com\/main\/wp-json\/wp\/v2\/posts\/34539","targetHints":{"allow":["GET"]}}],"collection":[{"href":"https:\/\/avrupapress.com\/main\/wp-json\/wp\/v2\/posts"}],"about":[{"href":"https:\/\/avrupapress.com\/main\/wp-json\/wp\/v2\/types\/post"}],"author":[{"embeddable":true,"href":"https:\/\/avrupapress.com\/main\/wp-json\/wp\/v2\/users\/3"}],"replies":[{"embeddable":true,"href":"https:\/\/avrupapress.com\/main\/wp-json\/wp\/v2\/comments?post=34539"}],"version-history":[{"count":1,"href":"https:\/\/avrupapress.com\/main\/wp-json\/wp\/v2\/posts\/34539\/revisions"}],"predecessor-version":[{"id":34543,"href":"https:\/\/avrupapress.com\/main\/wp-json\/wp\/v2\/posts\/34539\/revisions\/34543"}],"wp:featuredmedia":[{"embeddable":true,"href":"https:\/\/avrupapress.com\/main\/wp-json\/wp\/v2\/media\/34542"}],"wp:attachment":[{"href":"https:\/\/avrupapress.com\/main\/wp-json\/wp\/v2\/media?parent=34539"}],"wp:term":[{"taxonomy":"category","embeddable":true,"href":"https:\/\/avrupapress.com\/main\/wp-json\/wp\/v2\/categories?post=34539"},{"taxonomy":"post_tag","embeddable":true,"href":"https:\/\/avrupapress.com\/main\/wp-json\/wp\/v2\/tags?post=34539"}],"curies":[{"name":"wp","href":"https:\/\/api.w.org\/{rel}","templated":true}]}}