{"id":34534,"date":"2026-04-27T20:29:22","date_gmt":"2026-04-27T20:29:22","guid":{"rendered":"https:\/\/avrupapress.com\/main\/?p=34534"},"modified":"2026-04-27T20:29:28","modified_gmt":"2026-04-27T20:29:28","slug":"emirdag-devlet-hastanesi-hizmete-acildi","status":"publish","type":"post","link":"https:\/\/avrupapress.com\/main\/2026\/04\/27\/emirdag-devlet-hastanesi-hizmete-acildi\/","title":{"rendered":"Emirdag  Devlet Hastanesi Hizmete a\u00e7\u0131ld\u0131."},"content":{"rendered":"<p>Bug\u00fcn hizmet vermeye ba\u015flayan Yeni Devlet Hastanesi a\u00e7\u0131l\u0131\u015f\u0131 dolay\u0131s\u0131 ile il\u00e7emize gelen<br \/>\nAK Parti Afyonkarahisar Milletvekilleri \u0130L Sa\u011fl\u0131k M\u00fcd\u00fcr\u00fc,Belediye Baskan\u0131m\u0131z ve AK Pari il\u00e7e<br \/>\nBa\u015fkan\u0131m\u0131z Hastanede bir dizi ziyaret de bulundu.<\/p>\n<p>A\u00e7\u0131l\u0131\u015f dolay\u0131s\u0131 ile AK Parti il\u00e7e Ba\u015fkan\u0131m\u0131z Emrah Mola &lsquo;Ba\u015fta Cumhurba\u015fkan\u0131m\u0131z Recep Tayyip Erdo\u011fan olmak \u00fczere, Aile ve Sosyal Hizmetler Bakan\u0131m\u0131z Mahinur \u00d6zdemir G\u00f6kta\u015f, \u0130l Ba\u015fkan\u0131m\u0131z Turgay \u015eahin, TBMM Divan K\u00e2tip \u00dcyesi Milletvekilimiz \u0130brahim Yurdunuseven, Milletvekilimiz Hasan Arslan ve arsa tahsisinden temel at\u0131m\u0131na, bina yap\u0131m\u0131ndan t\u0131bbi te\u00e7hizatlar\u0131n teminine kadar her a\u015famas\u0131nda b\u00fcy\u00fck emekleri bulunan Milletvekilimiz Ali \u00d6zkaya\u2019ya \u015f\u00fckranlar\u0131m\u0131 sunuyorum.<\/p>\n<p>Ayr\u0131ca, o d\u00f6nemde \u0130l\u00e7e Ba\u015fkan\u0131m\u0131z, bug\u00fcn ise Belediye Ba\u015fkan\u0131m\u0131z olan Serkan Koyuncu\u2019ya; hastanemizin t\u00fcm s\u00fcre\u00e7lerinde g\u00f6sterdi\u011fi gayret, destek ve k\u0131ymetli katk\u0131lar\u0131 dolay\u0131s\u0131yla te\u015fekk\u00fcr ediyorum.<\/p>\n<p>Yeni Emirda\u011f Devlet Hastanemizin il\u00e7emize ve k\u0131ymetli Emirda\u011fl\u0131 hem\u015fehrilerimize hay\u0131rl\u0131, u\u011furlu olmas\u0131n\u0131 diliyor; Rabbim sa\u011fl\u0131kla, huzurla ve nice g\u00fczel hizmetlerle kullanmay\u0131 nasip etsin&rsquo; dedi.<\/p>\n<p><img loading=\"lazy\" decoding=\"async\" class=\"alignnone size-medium wp-image-34535\" src=\"https:\/\/avrupapress.com\/main\/wp-content\/uploads\/2026\/04\/WhatsApp-Image-2026-04-27-at-15.54.59-300x200.jpeg\" alt=\"\" width=\"300\" height=\"200\" srcset=\"https:\/\/avrupapress.com\/main\/wp-content\/uploads\/2026\/04\/WhatsApp-Image-2026-04-27-at-15.54.59-300x200.jpeg 300w, https:\/\/avrupapress.com\/main\/wp-content\/uploads\/2026\/04\/WhatsApp-Image-2026-04-27-at-15.54.59-1024x681.jpeg 1024w, https:\/\/avrupapress.com\/main\/wp-content\/uploads\/2026\/04\/WhatsApp-Image-2026-04-27-at-15.54.59-768x511.jpeg 768w, https:\/\/avrupapress.com\/main\/wp-content\/uploads\/2026\/04\/WhatsApp-Image-2026-04-27-at-15.54.59-1536x1021.jpeg 1536w, https:\/\/avrupapress.com\/main\/wp-content\/uploads\/2026\/04\/WhatsApp-Image-2026-04-27-at-15.54.59.jpeg 1600w\" sizes=\"auto, (max-width: 300px) 100vw, 300px\" \/><\/p>\n<p><img loading=\"lazy\" decoding=\"async\" class=\"alignnone size-medium wp-image-34536\" src=\"https:\/\/avrupapress.com\/main\/wp-content\/uploads\/2026\/04\/WhatsApp-Image-2026-04-27-at-15.55.19-300x200.jpeg\" alt=\"\" width=\"300\" height=\"200\" srcset=\"https:\/\/avrupapress.com\/main\/wp-content\/uploads\/2026\/04\/WhatsApp-Image-2026-04-27-at-15.55.19-300x200.jpeg 300w, https:\/\/avrupapress.com\/main\/wp-content\/uploads\/2026\/04\/WhatsApp-Image-2026-04-27-at-15.55.19-1024x681.jpeg 1024w, https:\/\/avrupapress.com\/main\/wp-content\/uploads\/2026\/04\/WhatsApp-Image-2026-04-27-at-15.55.19-768x511.jpeg 768w, https:\/\/avrupapress.com\/main\/wp-content\/uploads\/2026\/04\/WhatsApp-Image-2026-04-27-at-15.55.19-1536x1021.jpeg 1536w, https:\/\/avrupapress.com\/main\/wp-content\/uploads\/2026\/04\/WhatsApp-Image-2026-04-27-at-15.55.19.jpeg 1600w\" sizes=\"auto, (max-width: 300px) 100vw, 300px\" \/><\/p>\n<p><img loading=\"lazy\" decoding=\"async\" class=\"alignnone size-medium wp-image-34537\" src=\"https:\/\/avrupapress.com\/main\/wp-content\/uploads\/2026\/04\/WhatsApp-Image-2026-04-27-at-15.55.31-300x200.jpeg\" alt=\"\" width=\"300\" height=\"200\" srcset=\"https:\/\/avrupapress.com\/main\/wp-content\/uploads\/2026\/04\/WhatsApp-Image-2026-04-27-at-15.55.31-300x200.jpeg 300w, https:\/\/avrupapress.com\/main\/wp-content\/uploads\/2026\/04\/WhatsApp-Image-2026-04-27-at-15.55.31-1024x681.jpeg 1024w, https:\/\/avrupapress.com\/main\/wp-content\/uploads\/2026\/04\/WhatsApp-Image-2026-04-27-at-15.55.31-768x511.jpeg 768w, https:\/\/avrupapress.com\/main\/wp-content\/uploads\/2026\/04\/WhatsApp-Image-2026-04-27-at-15.55.31-1536x1021.jpeg 1536w, https:\/\/avrupapress.com\/main\/wp-content\/uploads\/2026\/04\/WhatsApp-Image-2026-04-27-at-15.55.31.jpeg 1600w\" sizes=\"auto, (max-width: 300px) 100vw, 300px\" \/><\/p>\n<p><strong>Bilgin\u00a0 Ozcifci\u00a0 \u00a0 \u00a0 \u00a0 \u00a0 \/\u00a0 \u00a0 \u00a0 \u00a0 \u00a0 \u00a0 AVRUPAPRESS<\/strong><\/p>\n","protected":false},"excerpt":{"rendered":"<p>Bug\u00fcn hizmet vermeye ba\u015flayan Yeni Devlet Hastanesi a\u00e7\u0131l\u0131\u015f\u0131 dolay\u0131s\u0131 ile il\u00e7emize gelen AK Parti Afyonkarahisar Milletvekilleri \u0130L Sa\u011fl\u0131k M\u00fcd\u00fcr\u00fc,Belediye Baskan\u0131m\u0131z ve AK Pari il\u00e7e Ba\u015fkan\u0131m\u0131z Hastanede bir dizi ziyaret de bulundu. A\u00e7\u0131l\u0131\u015f dolay\u0131s\u0131 ile AK Parti il\u00e7e Ba\u015fkan\u0131m\u0131z Emrah Mola &lsquo;Ba\u015fta Cumhurba\u015fkan\u0131m\u0131z Recep Tayyip Erdo\u011fan olmak \u00fczere, Aile ve Sosyal Hizmetler Bakan\u0131m\u0131z Mahinur \u00d6zdemir G\u00f6kta\u015f, [&hellip;]<\/p>\n","protected":false},"author":3,"featured_media":34535,"comment_status":"closed","ping_status":"open","sticky":false,"template":"","format":"standard","meta":{"footnotes":""},"categories":[14,16,3,17,18,15,19,2,1],"tags":[],"class_list":["post-34534","post","type-post","status-publish","format-standard","has-post-thumbnail","hentry","category-avrupa","category-belcika","category-dunya","category-ekonomi","category-kultur-sanat","category-spor","category-tanitim","category-turkiye","category-uncategorized"],"yoast_head":"<!-- This site is optimized with the Yoast SEO plugin v26.9 - https:\/\/yoast.com\/product\/yoast-seo-wordpress\/ -->\n<title>Emirdag Devlet Hastanesi Hizmete a\u00e7\u0131ld\u0131. - AvrupaPress<\/title>\n<meta name=\"robots\" content=\"index, follow, max-snippet:-1, max-image-preview:large, max-video-preview:-1\" \/>\n<link rel=\"canonical\" href=\"https:\/\/avrupapress.com\/main\/2026\/04\/27\/emirdag-devlet-hastanesi-hizmete-acildi\/\" \/>\n<meta property=\"og:locale\" content=\"fr_FR\" \/>\n<meta property=\"og:type\" content=\"article\" \/>\n<meta property=\"og:title\" content=\"Emirdag Devlet Hastanesi Hizmete a\u00e7\u0131ld\u0131. - AvrupaPress\" \/>\n<meta property=\"og:description\" content=\"Bug\u00fcn hizmet vermeye ba\u015flayan Yeni Devlet Hastanesi a\u00e7\u0131l\u0131\u015f\u0131 dolay\u0131s\u0131 ile il\u00e7emize gelen AK Parti Afyonkarahisar Milletvekilleri \u0130L Sa\u011fl\u0131k M\u00fcd\u00fcr\u00fc,Belediye Baskan\u0131m\u0131z ve AK Pari il\u00e7e Ba\u015fkan\u0131m\u0131z Hastanede bir dizi ziyaret de bulundu. A\u00e7\u0131l\u0131\u015f dolay\u0131s\u0131 ile AK Parti il\u00e7e Ba\u015fkan\u0131m\u0131z Emrah Mola &lsquo;Ba\u015fta Cumhurba\u015fkan\u0131m\u0131z Recep Tayyip Erdo\u011fan olmak \u00fczere, Aile ve Sosyal Hizmetler Bakan\u0131m\u0131z Mahinur \u00d6zdemir G\u00f6kta\u015f, [&hellip;]\" \/>\n<meta property=\"og:url\" content=\"https:\/\/avrupapress.com\/main\/2026\/04\/27\/emirdag-devlet-hastanesi-hizmete-acildi\/\" \/>\n<meta property=\"og:site_name\" content=\"AvrupaPress\" \/>\n<meta property=\"article:published_time\" content=\"2026-04-27T20:29:22+00:00\" \/>\n<meta property=\"article:modified_time\" content=\"2026-04-27T20:29:28+00:00\" \/>\n<meta property=\"og:image\" content=\"https:\/\/avrupapress.com\/main\/wp-content\/uploads\/2026\/04\/WhatsApp-Image-2026-04-27-at-15.54.59.jpeg\" \/>\n\t<meta property=\"og:image:width\" content=\"1600\" \/>\n\t<meta property=\"og:image:height\" content=\"1064\" \/>\n\t<meta property=\"og:image:type\" content=\"image\/jpeg\" \/>\n<meta name=\"author\" content=\"Edit\u00f6r\" \/>\n<meta name=\"twitter:card\" content=\"summary_large_image\" \/>\n<meta name=\"twitter:label1\" content=\"\u00c9crit par\" \/>\n\t<meta name=\"twitter:data1\" content=\"Edit\u00f6r\" \/>\n\t<meta name=\"twitter:label2\" content=\"Dur\u00e9e de lecture est.\" \/>\n\t<meta name=\"twitter:data2\" content=\"2 minutes\" \/>\n<script type=\"application\/ld+json\" class=\"yoast-schema-graph\">{\"@context\":\"https:\/\/schema.org\",\"@graph\":[{\"@type\":\"Article\",\"@id\":\"https:\/\/avrupapress.com\/main\/2026\/04\/27\/emirdag-devlet-hastanesi-hizmete-acildi\/#article\",\"isPartOf\":{\"@id\":\"https:\/\/avrupapress.com\/main\/2026\/04\/27\/emirdag-devlet-hastanesi-hizmete-acildi\/\"},\"author\":{\"name\":\"Edit\u00f6r\",\"@id\":\"https:\/\/avrupapress.com\/#\/schema\/person\/68428444ec60970d1e1b700cf4ca1e8f\"},\"headline\":\"Emirdag Devlet Hastanesi Hizmete a\u00e7\u0131ld\u0131.\",\"datePublished\":\"2026-04-27T20:29:22+00:00\",\"dateModified\":\"2026-04-27T20:29:28+00:00\",\"mainEntityOfPage\":{\"@id\":\"https:\/\/avrupapress.com\/main\/2026\/04\/27\/emirdag-devlet-hastanesi-hizmete-acildi\/\"},\"wordCount\":226,\"publisher\":{\"@id\":\"https:\/\/avrupapress.com\/#\/schema\/person\/0223dca19c72c43575bf30d1a2d8f4fa\"},\"image\":{\"@id\":\"https:\/\/avrupapress.com\/main\/2026\/04\/27\/emirdag-devlet-hastanesi-hizmete-acildi\/#primaryimage\"},\"thumbnailUrl\":\"https:\/\/avrupapress.com\/main\/wp-content\/uploads\/2026\/04\/WhatsApp-Image-2026-04-27-at-15.54.59.jpeg\",\"articleSection\":[\"Avrupa\",\"Bel\u00e7ika\",\"D\u00fcnya\",\"Ekonomi\",\"K\u00fclt\u00fcr-Sanat\",\"Spor\",\"Tan\u0131t\u0131m\",\"T\u00fcrkiye\",\"Uncategorized\"],\"inLanguage\":\"fr-BE\"},{\"@type\":\"WebPage\",\"@id\":\"https:\/\/avrupapress.com\/main\/2026\/04\/27\/emirdag-devlet-hastanesi-hizmete-acildi\/\",\"url\":\"https:\/\/avrupapress.com\/main\/2026\/04\/27\/emirdag-devlet-hastanesi-hizmete-acildi\/\",\"name\":\"Emirdag Devlet Hastanesi Hizmete a\u00e7\u0131ld\u0131. - AvrupaPress\",\"isPartOf\":{\"@id\":\"https:\/\/avrupapress.com\/#website\"},\"primaryImageOfPage\":{\"@id\":\"https:\/\/avrupapress.com\/main\/2026\/04\/27\/emirdag-devlet-hastanesi-hizmete-acildi\/#primaryimage\"},\"image\":{\"@id\":\"https:\/\/avrupapress.com\/main\/2026\/04\/27\/emirdag-devlet-hastanesi-hizmete-acildi\/#primaryimage\"},\"thumbnailUrl\":\"https:\/\/avrupapress.com\/main\/wp-content\/uploads\/2026\/04\/WhatsApp-Image-2026-04-27-at-15.54.59.jpeg\",\"datePublished\":\"2026-04-27T20:29:22+00:00\",\"dateModified\":\"2026-04-27T20:29:28+00:00\",\"breadcrumb\":{\"@id\":\"https:\/\/avrupapress.com\/main\/2026\/04\/27\/emirdag-devlet-hastanesi-hizmete-acildi\/#breadcrumb\"},\"inLanguage\":\"fr-BE\",\"potentialAction\":[{\"@type\":\"ReadAction\",\"target\":[\"https:\/\/avrupapress.com\/main\/2026\/04\/27\/emirdag-devlet-hastanesi-hizmete-acildi\/\"]}]},{\"@type\":\"ImageObject\",\"inLanguage\":\"fr-BE\",\"@id\":\"https:\/\/avrupapress.com\/main\/2026\/04\/27\/emirdag-devlet-hastanesi-hizmete-acildi\/#primaryimage\",\"url\":\"https:\/\/avrupapress.com\/main\/wp-content\/uploads\/2026\/04\/WhatsApp-Image-2026-04-27-at-15.54.59.jpeg\",\"contentUrl\":\"https:\/\/avrupapress.com\/main\/wp-content\/uploads\/2026\/04\/WhatsApp-Image-2026-04-27-at-15.54.59.jpeg\",\"width\":1600,\"height\":1064},{\"@type\":\"BreadcrumbList\",\"@id\":\"https:\/\/avrupapress.com\/main\/2026\/04\/27\/emirdag-devlet-hastanesi-hizmete-acildi\/#breadcrumb\",\"itemListElement\":[{\"@type\":\"ListItem\",\"position\":1,\"name\":\"Anasayfa\",\"item\":\"https:\/\/avrupapress.com\/\"},{\"@type\":\"ListItem\",\"position\":2,\"name\":\"Emirdag Devlet Hastanesi Hizmete a\u00e7\u0131ld\u0131.\"}]},{\"@type\":\"WebSite\",\"@id\":\"https:\/\/avrupapress.com\/#website\",\"url\":\"https:\/\/avrupapress.com\/\",\"name\":\"AvrupaPress\",\"description\":\"Haberin Adresi\",\"publisher\":{\"@id\":\"https:\/\/avrupapress.com\/#\/schema\/person\/0223dca19c72c43575bf30d1a2d8f4fa\"},\"potentialAction\":[{\"@type\":\"SearchAction\",\"target\":{\"@type\":\"EntryPoint\",\"urlTemplate\":\"https:\/\/avrupapress.com\/?s={search_term_string}\"},\"query-input\":{\"@type\":\"PropertyValueSpecification\",\"valueRequired\":true,\"valueName\":\"search_term_string\"}}],\"inLanguage\":\"fr-BE\"},{\"@type\":[\"Person\",\"Organization\"],\"@id\":\"https:\/\/avrupapress.com\/#\/schema\/person\/0223dca19c72c43575bf30d1a2d8f4fa\",\"name\":\"Bilgin \u00d6z\u00e7ift\u00e7i\",\"image\":{\"@type\":\"ImageObject\",\"inLanguage\":\"fr-BE\",\"@id\":\"https:\/\/avrupapress.com\/#\/schema\/person\/image\/\",\"url\":\"https:\/\/secure.gravatar.com\/avatar\/0f23b280433a21e1ea7a0adcc46ed0ad16afe3ad8e630fd13d8a017dcbd54ef3?s=96&d=mm&r=g\",\"contentUrl\":\"https:\/\/secure.gravatar.com\/avatar\/0f23b280433a21e1ea7a0adcc46ed0ad16afe3ad8e630fd13d8a017dcbd54ef3?s=96&d=mm&r=g\",\"caption\":\"Bilgin \u00d6z\u00e7ift\u00e7i\"},\"logo\":{\"@id\":\"https:\/\/avrupapress.com\/#\/schema\/person\/image\/\"},\"description\":\"Ne ben, nede sen... Biz ancak \\\"biz\\\" olursak g\u00fc\u00e7l\u00fc olabiliriz\"},{\"@type\":\"Person\",\"@id\":\"https:\/\/avrupapress.com\/#\/schema\/person\/68428444ec60970d1e1b700cf4ca1e8f\",\"name\":\"Edit\u00f6r\",\"image\":{\"@type\":\"ImageObject\",\"inLanguage\":\"fr-BE\",\"@id\":\"https:\/\/avrupapress.com\/#\/schema\/person\/image\/\",\"url\":\"https:\/\/secure.gravatar.com\/avatar\/74996b0977aa5f1559ba9883776652508b229005c0d78fb2597897f0bd651c09?s=96&d=mm&r=g\",\"contentUrl\":\"https:\/\/secure.gravatar.com\/avatar\/74996b0977aa5f1559ba9883776652508b229005c0d78fb2597897f0bd651c09?s=96&d=mm&r=g\",\"caption\":\"Edit\u00f6r\"},\"sameAs\":[\"http:\/\/www.avrupapress.com\"],\"url\":\"https:\/\/avrupapress.com\/main\/author\/editor\/\"}]}<\/script>\n<!-- \/ Yoast SEO plugin. -->","yoast_head_json":{"title":"Emirdag Devlet Hastanesi Hizmete a\u00e7\u0131ld\u0131. - AvrupaPress","robots":{"index":"index","follow":"follow","max-snippet":"max-snippet:-1","max-image-preview":"max-image-preview:large","max-video-preview":"max-video-preview:-1"},"canonical":"https:\/\/avrupapress.com\/main\/2026\/04\/27\/emirdag-devlet-hastanesi-hizmete-acildi\/","og_locale":"fr_FR","og_type":"article","og_title":"Emirdag Devlet Hastanesi Hizmete a\u00e7\u0131ld\u0131. - AvrupaPress","og_description":"Bug\u00fcn hizmet vermeye ba\u015flayan Yeni Devlet Hastanesi a\u00e7\u0131l\u0131\u015f\u0131 dolay\u0131s\u0131 ile il\u00e7emize gelen AK Parti Afyonkarahisar Milletvekilleri \u0130L Sa\u011fl\u0131k M\u00fcd\u00fcr\u00fc,Belediye Baskan\u0131m\u0131z ve AK Pari il\u00e7e Ba\u015fkan\u0131m\u0131z Hastanede bir dizi ziyaret de bulundu. A\u00e7\u0131l\u0131\u015f dolay\u0131s\u0131 ile AK Parti il\u00e7e Ba\u015fkan\u0131m\u0131z Emrah Mola &lsquo;Ba\u015fta Cumhurba\u015fkan\u0131m\u0131z Recep Tayyip Erdo\u011fan olmak \u00fczere, Aile ve Sosyal Hizmetler Bakan\u0131m\u0131z Mahinur \u00d6zdemir G\u00f6kta\u015f, [&hellip;]","og_url":"https:\/\/avrupapress.com\/main\/2026\/04\/27\/emirdag-devlet-hastanesi-hizmete-acildi\/","og_site_name":"AvrupaPress","article_published_time":"2026-04-27T20:29:22+00:00","article_modified_time":"2026-04-27T20:29:28+00:00","og_image":[{"width":1600,"height":1064,"url":"https:\/\/avrupapress.com\/main\/wp-content\/uploads\/2026\/04\/WhatsApp-Image-2026-04-27-at-15.54.59.jpeg","type":"image\/jpeg"}],"author":"Edit\u00f6r","twitter_card":"summary_large_image","twitter_misc":{"\u00c9crit par":"Edit\u00f6r","Dur\u00e9e de lecture est.":"2 minutes"},"schema":{"@context":"https:\/\/schema.org","@graph":[{"@type":"Article","@id":"https:\/\/avrupapress.com\/main\/2026\/04\/27\/emirdag-devlet-hastanesi-hizmete-acildi\/#article","isPartOf":{"@id":"https:\/\/avrupapress.com\/main\/2026\/04\/27\/emirdag-devlet-hastanesi-hizmete-acildi\/"},"author":{"name":"Edit\u00f6r","@id":"https:\/\/avrupapress.com\/#\/schema\/person\/68428444ec60970d1e1b700cf4ca1e8f"},"headline":"Emirdag Devlet Hastanesi Hizmete a\u00e7\u0131ld\u0131.","datePublished":"2026-04-27T20:29:22+00:00","dateModified":"2026-04-27T20:29:28+00:00","mainEntityOfPage":{"@id":"https:\/\/avrupapress.com\/main\/2026\/04\/27\/emirdag-devlet-hastanesi-hizmete-acildi\/"},"wordCount":226,"publisher":{"@id":"https:\/\/avrupapress.com\/#\/schema\/person\/0223dca19c72c43575bf30d1a2d8f4fa"},"image":{"@id":"https:\/\/avrupapress.com\/main\/2026\/04\/27\/emirdag-devlet-hastanesi-hizmete-acildi\/#primaryimage"},"thumbnailUrl":"https:\/\/avrupapress.com\/main\/wp-content\/uploads\/2026\/04\/WhatsApp-Image-2026-04-27-at-15.54.59.jpeg","articleSection":["Avrupa","Bel\u00e7ika","D\u00fcnya","Ekonomi","K\u00fclt\u00fcr-Sanat","Spor","Tan\u0131t\u0131m","T\u00fcrkiye","Uncategorized"],"inLanguage":"fr-BE"},{"@type":"WebPage","@id":"https:\/\/avrupapress.com\/main\/2026\/04\/27\/emirdag-devlet-hastanesi-hizmete-acildi\/","url":"https:\/\/avrupapress.com\/main\/2026\/04\/27\/emirdag-devlet-hastanesi-hizmete-acildi\/","name":"Emirdag Devlet Hastanesi Hizmete a\u00e7\u0131ld\u0131. - AvrupaPress","isPartOf":{"@id":"https:\/\/avrupapress.com\/#website"},"primaryImageOfPage":{"@id":"https:\/\/avrupapress.com\/main\/2026\/04\/27\/emirdag-devlet-hastanesi-hizmete-acildi\/#primaryimage"},"image":{"@id":"https:\/\/avrupapress.com\/main\/2026\/04\/27\/emirdag-devlet-hastanesi-hizmete-acildi\/#primaryimage"},"thumbnailUrl":"https:\/\/avrupapress.com\/main\/wp-content\/uploads\/2026\/04\/WhatsApp-Image-2026-04-27-at-15.54.59.jpeg","datePublished":"2026-04-27T20:29:22+00:00","dateModified":"2026-04-27T20:29:28+00:00","breadcrumb":{"@id":"https:\/\/avrupapress.com\/main\/2026\/04\/27\/emirdag-devlet-hastanesi-hizmete-acildi\/#breadcrumb"},"inLanguage":"fr-BE","potentialAction":[{"@type":"ReadAction","target":["https:\/\/avrupapress.com\/main\/2026\/04\/27\/emirdag-devlet-hastanesi-hizmete-acildi\/"]}]},{"@type":"ImageObject","inLanguage":"fr-BE","@id":"https:\/\/avrupapress.com\/main\/2026\/04\/27\/emirdag-devlet-hastanesi-hizmete-acildi\/#primaryimage","url":"https:\/\/avrupapress.com\/main\/wp-content\/uploads\/2026\/04\/WhatsApp-Image-2026-04-27-at-15.54.59.jpeg","contentUrl":"https:\/\/avrupapress.com\/main\/wp-content\/uploads\/2026\/04\/WhatsApp-Image-2026-04-27-at-15.54.59.jpeg","width":1600,"height":1064},{"@type":"BreadcrumbList","@id":"https:\/\/avrupapress.com\/main\/2026\/04\/27\/emirdag-devlet-hastanesi-hizmete-acildi\/#breadcrumb","itemListElement":[{"@type":"ListItem","position":1,"name":"Anasayfa","item":"https:\/\/avrupapress.com\/"},{"@type":"ListItem","position":2,"name":"Emirdag Devlet Hastanesi Hizmete a\u00e7\u0131ld\u0131."}]},{"@type":"WebSite","@id":"https:\/\/avrupapress.com\/#website","url":"https:\/\/avrupapress.com\/","name":"AvrupaPress","description":"Haberin Adresi","publisher":{"@id":"https:\/\/avrupapress.com\/#\/schema\/person\/0223dca19c72c43575bf30d1a2d8f4fa"},"potentialAction":[{"@type":"SearchAction","target":{"@type":"EntryPoint","urlTemplate":"https:\/\/avrupapress.com\/?s={search_term_string}"},"query-input":{"@type":"PropertyValueSpecification","valueRequired":true,"valueName":"search_term_string"}}],"inLanguage":"fr-BE"},{"@type":["Person","Organization"],"@id":"https:\/\/avrupapress.com\/#\/schema\/person\/0223dca19c72c43575bf30d1a2d8f4fa","name":"Bilgin \u00d6z\u00e7ift\u00e7i","image":{"@type":"ImageObject","inLanguage":"fr-BE","@id":"https:\/\/avrupapress.com\/#\/schema\/person\/image\/","url":"https:\/\/secure.gravatar.com\/avatar\/0f23b280433a21e1ea7a0adcc46ed0ad16afe3ad8e630fd13d8a017dcbd54ef3?s=96&d=mm&r=g","contentUrl":"https:\/\/secure.gravatar.com\/avatar\/0f23b280433a21e1ea7a0adcc46ed0ad16afe3ad8e630fd13d8a017dcbd54ef3?s=96&d=mm&r=g","caption":"Bilgin \u00d6z\u00e7ift\u00e7i"},"logo":{"@id":"https:\/\/avrupapress.com\/#\/schema\/person\/image\/"},"description":"Ne ben, nede sen... Biz ancak \"biz\" olursak g\u00fc\u00e7l\u00fc olabiliriz"},{"@type":"Person","@id":"https:\/\/avrupapress.com\/#\/schema\/person\/68428444ec60970d1e1b700cf4ca1e8f","name":"Edit\u00f6r","image":{"@type":"ImageObject","inLanguage":"fr-BE","@id":"https:\/\/avrupapress.com\/#\/schema\/person\/image\/","url":"https:\/\/secure.gravatar.com\/avatar\/74996b0977aa5f1559ba9883776652508b229005c0d78fb2597897f0bd651c09?s=96&d=mm&r=g","contentUrl":"https:\/\/secure.gravatar.com\/avatar\/74996b0977aa5f1559ba9883776652508b229005c0d78fb2597897f0bd651c09?s=96&d=mm&r=g","caption":"Edit\u00f6r"},"sameAs":["http:\/\/www.avrupapress.com"],"url":"https:\/\/avrupapress.com\/main\/author\/editor\/"}]}},"_links":{"self":[{"href":"https:\/\/avrupapress.com\/main\/wp-json\/wp\/v2\/posts\/34534","targetHints":{"allow":["GET"]}}],"collection":[{"href":"https:\/\/avrupapress.com\/main\/wp-json\/wp\/v2\/posts"}],"about":[{"href":"https:\/\/avrupapress.com\/main\/wp-json\/wp\/v2\/types\/post"}],"author":[{"embeddable":true,"href":"https:\/\/avrupapress.com\/main\/wp-json\/wp\/v2\/users\/3"}],"replies":[{"embeddable":true,"href":"https:\/\/avrupapress.com\/main\/wp-json\/wp\/v2\/comments?post=34534"}],"version-history":[{"count":1,"href":"https:\/\/avrupapress.com\/main\/wp-json\/wp\/v2\/posts\/34534\/revisions"}],"predecessor-version":[{"id":34538,"href":"https:\/\/avrupapress.com\/main\/wp-json\/wp\/v2\/posts\/34534\/revisions\/34538"}],"wp:featuredmedia":[{"embeddable":true,"href":"https:\/\/avrupapress.com\/main\/wp-json\/wp\/v2\/media\/34535"}],"wp:attachment":[{"href":"https:\/\/avrupapress.com\/main\/wp-json\/wp\/v2\/media?parent=34534"}],"wp:term":[{"taxonomy":"category","embeddable":true,"href":"https:\/\/avrupapress.com\/main\/wp-json\/wp\/v2\/categories?post=34534"},{"taxonomy":"post_tag","embeddable":true,"href":"https:\/\/avrupapress.com\/main\/wp-json\/wp\/v2\/tags?post=34534"}],"curies":[{"name":"wp","href":"https:\/\/api.w.org\/{rel}","templated":true}]}}