{"id":34525,"date":"2026-04-27T20:13:32","date_gmt":"2026-04-27T20:13:32","guid":{"rendered":"https:\/\/avrupapress.com\/main\/?p=34525"},"modified":"2026-04-27T20:18:40","modified_gmt":"2026-04-27T20:18:40","slug":"bir-afrika-atasozu-soyle-der-bir-parmakla-un-toplanmaz","status":"publish","type":"post","link":"https:\/\/avrupapress.com\/main\/2026\/04\/27\/bir-afrika-atasozu-soyle-der-bir-parmakla-un-toplanmaz\/","title":{"rendered":"Bir Afrika atas\u00f6z\u00fc \u015f\u00f6yle der. \u00a0\u00bb Bir parmakla un toplanmaz.\u00a0\u00bb"},"content":{"rendered":"<p>Bir Afrika atas\u00f6z\u00fc \u015f\u00f6yle der. \u00a0\u00bb Bir parmakla un toplanmaz.\u00a0\u00bb<br \/>\nYani ba\u015farmak i\u00e7in yaln\u0131z ata oynanmaz. 25 y\u0131ld\u0131r Br\u00fcksel T\u00fcrkleri bu kafayla oy kulland\u0131. Sonu\u00e7 ve netice s\u0131f\u0131r.<br \/>\n10 ila 14 may\u0131sta Bel\u00e7ika Kraliyeti himayesinde bir ticari misyon organize olunacak.<br \/>\nBundan 20 y\u0131l \u00f6nce b\u00f6yle bir misyona \u00f6nc\u00fcl\u00fck etmi\u015ftim ve Beyo\u011flu \/ Schaerbeek ve Isparta \/ Gent belediyeleri karde\u015fli\u011fi yan\u0131s\u0131ra Nasreddin hoca heykelini diktirttik. Bunlar bir \u00f6n \u00e7al\u0131\u015fmayla ger\u00e7ekle\u015fti.<br \/>\nSon misyonada T\u00fcrk k\u00f6kenli pokitikac\u0131lar\u0131 mercekle aray\u0131p bulamad\u0131m. Her Ticari misyonun bir sosyal y\u00f6n\u00fcde var iki \u00fclkeyi yak\u0131nla\u015ft\u0131rmakt\u0131r.<br \/>\nBu i\u015fler b\u00f6yle olur.<br \/>\nBa\u015fta sayd\u0131\u011f\u0131m ata s\u00f6z\u00fc bizim g\u00fcncel politik\u00e7ilere ge\u00e7erlidir. Hep ben oluyum egosunu a\u015ft\u0131\u011f\u0131m\u0131zda bir ad\u0131m ileri gideriz.<\/p>\n<p>&nbsp;<\/p>\n<p><img loading=\"lazy\" decoding=\"async\" class=\"alignnone size-medium wp-image-34526\" src=\"https:\/\/avrupapress.com\/main\/wp-content\/uploads\/2026\/04\/WhatsApp-Image-2026-04-27-at-22.38.17-169x300.jpeg\" alt=\"\" width=\"169\" height=\"300\" srcset=\"https:\/\/avrupapress.com\/main\/wp-content\/uploads\/2026\/04\/WhatsApp-Image-2026-04-27-at-22.38.17-169x300.jpeg 169w, https:\/\/avrupapress.com\/main\/wp-content\/uploads\/2026\/04\/WhatsApp-Image-2026-04-27-at-22.38.17-576x1024.jpeg 576w, https:\/\/avrupapress.com\/main\/wp-content\/uploads\/2026\/04\/WhatsApp-Image-2026-04-27-at-22.38.17-768x1365.jpeg 768w, https:\/\/avrupapress.com\/main\/wp-content\/uploads\/2026\/04\/WhatsApp-Image-2026-04-27-at-22.38.17-864x1536.jpeg 864w, https:\/\/avrupapress.com\/main\/wp-content\/uploads\/2026\/04\/WhatsApp-Image-2026-04-27-at-22.38.17.jpeg 1152w\" sizes=\"auto, (max-width: 169px) 100vw, 169px\" \/><\/p>\n<p><strong>Halis\u00a0 Kokten\u00a0 \u00a0 \u00a0 \u00a0 \u00a0\/\u00a0 \u00a0 \u00a0 \u00a0 \u00a0AVRUPAPRESS<\/strong><\/p>\n","protected":false},"excerpt":{"rendered":"<p>Bir Afrika atas\u00f6z\u00fc \u015f\u00f6yle der. \u00a0\u00bb Bir parmakla un toplanmaz.\u00a0\u00bb Yani ba\u015farmak i\u00e7in yaln\u0131z ata oynanmaz. 25 y\u0131ld\u0131r Br\u00fcksel T\u00fcrkleri bu kafayla oy kulland\u0131. Sonu\u00e7 ve netice s\u0131f\u0131r. 10 ila 14 may\u0131sta Bel\u00e7ika Kraliyeti himayesinde bir ticari misyon organize olunacak. Bundan 20 y\u0131l \u00f6nce b\u00f6yle bir misyona \u00f6nc\u00fcl\u00fck etmi\u015ftim ve Beyo\u011flu \/ Schaerbeek ve Isparta [&hellip;]<\/p>\n","protected":false},"author":3,"featured_media":34527,"comment_status":"closed","ping_status":"open","sticky":false,"template":"","format":"standard","meta":{"footnotes":""},"categories":[14,16,3,17,18,15,19,2,1],"tags":[],"class_list":["post-34525","post","type-post","status-publish","format-standard","has-post-thumbnail","hentry","category-avrupa","category-belcika","category-dunya","category-ekonomi","category-kultur-sanat","category-spor","category-tanitim","category-turkiye","category-uncategorized"],"yoast_head":"<!-- This site is optimized with the Yoast SEO plugin v26.9 - https:\/\/yoast.com\/product\/yoast-seo-wordpress\/ -->\n<title>Bir Afrika atas\u00f6z\u00fc \u015f\u00f6yle der. &quot; Bir parmakla un toplanmaz.&quot; - AvrupaPress<\/title>\n<meta name=\"robots\" content=\"index, follow, max-snippet:-1, max-image-preview:large, max-video-preview:-1\" \/>\n<link rel=\"canonical\" href=\"https:\/\/avrupapress.com\/main\/2026\/04\/27\/bir-afrika-atasozu-soyle-der-bir-parmakla-un-toplanmaz\/\" \/>\n<meta property=\"og:locale\" content=\"fr_FR\" \/>\n<meta property=\"og:type\" content=\"article\" \/>\n<meta property=\"og:title\" content=\"Bir Afrika atas\u00f6z\u00fc \u015f\u00f6yle der. &quot; Bir parmakla un toplanmaz.&quot; - AvrupaPress\" \/>\n<meta property=\"og:description\" content=\"Bir Afrika atas\u00f6z\u00fc \u015f\u00f6yle der. \u00a0\u00bb Bir parmakla un toplanmaz.\u00a0\u00bb Yani ba\u015farmak i\u00e7in yaln\u0131z ata oynanmaz. 25 y\u0131ld\u0131r Br\u00fcksel T\u00fcrkleri bu kafayla oy kulland\u0131. Sonu\u00e7 ve netice s\u0131f\u0131r. 10 ila 14 may\u0131sta Bel\u00e7ika Kraliyeti himayesinde bir ticari misyon organize olunacak. Bundan 20 y\u0131l \u00f6nce b\u00f6yle bir misyona \u00f6nc\u00fcl\u00fck etmi\u015ftim ve Beyo\u011flu \/ Schaerbeek ve Isparta [&hellip;]\" \/>\n<meta property=\"og:url\" content=\"https:\/\/avrupapress.com\/main\/2026\/04\/27\/bir-afrika-atasozu-soyle-der-bir-parmakla-un-toplanmaz\/\" \/>\n<meta property=\"og:site_name\" content=\"AvrupaPress\" \/>\n<meta property=\"article:published_time\" content=\"2026-04-27T20:13:32+00:00\" \/>\n<meta property=\"article:modified_time\" content=\"2026-04-27T20:18:40+00:00\" \/>\n<meta property=\"og:image\" content=\"https:\/\/avrupapress.com\/main\/wp-content\/uploads\/2026\/04\/WhatsApp-Image-2026-04-27-at-22.38.17-1-e1777320802767.jpeg\" \/>\n\t<meta property=\"og:image:width\" content=\"1152\" \/>\n\t<meta property=\"og:image:height\" content=\"1164\" \/>\n\t<meta property=\"og:image:type\" content=\"image\/jpeg\" \/>\n<meta name=\"author\" content=\"Edit\u00f6r\" \/>\n<meta name=\"twitter:card\" content=\"summary_large_image\" \/>\n<meta name=\"twitter:label1\" content=\"\u00c9crit par\" \/>\n\t<meta name=\"twitter:data1\" content=\"Edit\u00f6r\" \/>\n\t<meta name=\"twitter:label2\" content=\"Dur\u00e9e de lecture est.\" \/>\n\t<meta name=\"twitter:data2\" content=\"1 minute\" \/>\n<script type=\"application\/ld+json\" class=\"yoast-schema-graph\">{\"@context\":\"https:\/\/schema.org\",\"@graph\":[{\"@type\":\"Article\",\"@id\":\"https:\/\/avrupapress.com\/main\/2026\/04\/27\/bir-afrika-atasozu-soyle-der-bir-parmakla-un-toplanmaz\/#article\",\"isPartOf\":{\"@id\":\"https:\/\/avrupapress.com\/main\/2026\/04\/27\/bir-afrika-atasozu-soyle-der-bir-parmakla-un-toplanmaz\/\"},\"author\":{\"name\":\"Edit\u00f6r\",\"@id\":\"https:\/\/avrupapress.com\/#\/schema\/person\/68428444ec60970d1e1b700cf4ca1e8f\"},\"headline\":\"Bir Afrika atas\u00f6z\u00fc \u015f\u00f6yle der. \u00a0\u00bb Bir parmakla un toplanmaz.\u00a0\u00bb\",\"datePublished\":\"2026-04-27T20:13:32+00:00\",\"dateModified\":\"2026-04-27T20:18:40+00:00\",\"mainEntityOfPage\":{\"@id\":\"https:\/\/avrupapress.com\/main\/2026\/04\/27\/bir-afrika-atasozu-soyle-der-bir-parmakla-un-toplanmaz\/\"},\"wordCount\":163,\"publisher\":{\"@id\":\"https:\/\/avrupapress.com\/#\/schema\/person\/0223dca19c72c43575bf30d1a2d8f4fa\"},\"image\":{\"@id\":\"https:\/\/avrupapress.com\/main\/2026\/04\/27\/bir-afrika-atasozu-soyle-der-bir-parmakla-un-toplanmaz\/#primaryimage\"},\"thumbnailUrl\":\"https:\/\/avrupapress.com\/main\/wp-content\/uploads\/2026\/04\/WhatsApp-Image-2026-04-27-at-22.38.17-1-e1777320802767.jpeg\",\"articleSection\":[\"Avrupa\",\"Bel\u00e7ika\",\"D\u00fcnya\",\"Ekonomi\",\"K\u00fclt\u00fcr-Sanat\",\"Spor\",\"Tan\u0131t\u0131m\",\"T\u00fcrkiye\",\"Uncategorized\"],\"inLanguage\":\"fr-BE\"},{\"@type\":\"WebPage\",\"@id\":\"https:\/\/avrupapress.com\/main\/2026\/04\/27\/bir-afrika-atasozu-soyle-der-bir-parmakla-un-toplanmaz\/\",\"url\":\"https:\/\/avrupapress.com\/main\/2026\/04\/27\/bir-afrika-atasozu-soyle-der-bir-parmakla-un-toplanmaz\/\",\"name\":\"Bir Afrika atas\u00f6z\u00fc \u015f\u00f6yle der. \\\" Bir parmakla un toplanmaz.\\\" - AvrupaPress\",\"isPartOf\":{\"@id\":\"https:\/\/avrupapress.com\/#website\"},\"primaryImageOfPage\":{\"@id\":\"https:\/\/avrupapress.com\/main\/2026\/04\/27\/bir-afrika-atasozu-soyle-der-bir-parmakla-un-toplanmaz\/#primaryimage\"},\"image\":{\"@id\":\"https:\/\/avrupapress.com\/main\/2026\/04\/27\/bir-afrika-atasozu-soyle-der-bir-parmakla-un-toplanmaz\/#primaryimage\"},\"thumbnailUrl\":\"https:\/\/avrupapress.com\/main\/wp-content\/uploads\/2026\/04\/WhatsApp-Image-2026-04-27-at-22.38.17-1-e1777320802767.jpeg\",\"datePublished\":\"2026-04-27T20:13:32+00:00\",\"dateModified\":\"2026-04-27T20:18:40+00:00\",\"breadcrumb\":{\"@id\":\"https:\/\/avrupapress.com\/main\/2026\/04\/27\/bir-afrika-atasozu-soyle-der-bir-parmakla-un-toplanmaz\/#breadcrumb\"},\"inLanguage\":\"fr-BE\",\"potentialAction\":[{\"@type\":\"ReadAction\",\"target\":[\"https:\/\/avrupapress.com\/main\/2026\/04\/27\/bir-afrika-atasozu-soyle-der-bir-parmakla-un-toplanmaz\/\"]}]},{\"@type\":\"ImageObject\",\"inLanguage\":\"fr-BE\",\"@id\":\"https:\/\/avrupapress.com\/main\/2026\/04\/27\/bir-afrika-atasozu-soyle-der-bir-parmakla-un-toplanmaz\/#primaryimage\",\"url\":\"https:\/\/avrupapress.com\/main\/wp-content\/uploads\/2026\/04\/WhatsApp-Image-2026-04-27-at-22.38.17-1-e1777320802767.jpeg\",\"contentUrl\":\"https:\/\/avrupapress.com\/main\/wp-content\/uploads\/2026\/04\/WhatsApp-Image-2026-04-27-at-22.38.17-1-e1777320802767.jpeg\",\"width\":1152,\"height\":1164},{\"@type\":\"BreadcrumbList\",\"@id\":\"https:\/\/avrupapress.com\/main\/2026\/04\/27\/bir-afrika-atasozu-soyle-der-bir-parmakla-un-toplanmaz\/#breadcrumb\",\"itemListElement\":[{\"@type\":\"ListItem\",\"position\":1,\"name\":\"Anasayfa\",\"item\":\"https:\/\/avrupapress.com\/\"},{\"@type\":\"ListItem\",\"position\":2,\"name\":\"Bir Afrika atas\u00f6z\u00fc \u015f\u00f6yle der. &#8221; Bir parmakla un toplanmaz.&#8221;\"}]},{\"@type\":\"WebSite\",\"@id\":\"https:\/\/avrupapress.com\/#website\",\"url\":\"https:\/\/avrupapress.com\/\",\"name\":\"AvrupaPress\",\"description\":\"Haberin Adresi\",\"publisher\":{\"@id\":\"https:\/\/avrupapress.com\/#\/schema\/person\/0223dca19c72c43575bf30d1a2d8f4fa\"},\"potentialAction\":[{\"@type\":\"SearchAction\",\"target\":{\"@type\":\"EntryPoint\",\"urlTemplate\":\"https:\/\/avrupapress.com\/?s={search_term_string}\"},\"query-input\":{\"@type\":\"PropertyValueSpecification\",\"valueRequired\":true,\"valueName\":\"search_term_string\"}}],\"inLanguage\":\"fr-BE\"},{\"@type\":[\"Person\",\"Organization\"],\"@id\":\"https:\/\/avrupapress.com\/#\/schema\/person\/0223dca19c72c43575bf30d1a2d8f4fa\",\"name\":\"Bilgin \u00d6z\u00e7ift\u00e7i\",\"image\":{\"@type\":\"ImageObject\",\"inLanguage\":\"fr-BE\",\"@id\":\"https:\/\/avrupapress.com\/#\/schema\/person\/image\/\",\"url\":\"https:\/\/secure.gravatar.com\/avatar\/0f23b280433a21e1ea7a0adcc46ed0ad16afe3ad8e630fd13d8a017dcbd54ef3?s=96&d=mm&r=g\",\"contentUrl\":\"https:\/\/secure.gravatar.com\/avatar\/0f23b280433a21e1ea7a0adcc46ed0ad16afe3ad8e630fd13d8a017dcbd54ef3?s=96&d=mm&r=g\",\"caption\":\"Bilgin \u00d6z\u00e7ift\u00e7i\"},\"logo\":{\"@id\":\"https:\/\/avrupapress.com\/#\/schema\/person\/image\/\"},\"description\":\"Ne ben, nede sen... Biz ancak \\\"biz\\\" olursak g\u00fc\u00e7l\u00fc olabiliriz\"},{\"@type\":\"Person\",\"@id\":\"https:\/\/avrupapress.com\/#\/schema\/person\/68428444ec60970d1e1b700cf4ca1e8f\",\"name\":\"Edit\u00f6r\",\"image\":{\"@type\":\"ImageObject\",\"inLanguage\":\"fr-BE\",\"@id\":\"https:\/\/avrupapress.com\/#\/schema\/person\/image\/\",\"url\":\"https:\/\/secure.gravatar.com\/avatar\/74996b0977aa5f1559ba9883776652508b229005c0d78fb2597897f0bd651c09?s=96&d=mm&r=g\",\"contentUrl\":\"https:\/\/secure.gravatar.com\/avatar\/74996b0977aa5f1559ba9883776652508b229005c0d78fb2597897f0bd651c09?s=96&d=mm&r=g\",\"caption\":\"Edit\u00f6r\"},\"sameAs\":[\"http:\/\/www.avrupapress.com\"],\"url\":\"https:\/\/avrupapress.com\/main\/author\/editor\/\"}]}<\/script>\n<!-- \/ Yoast SEO plugin. -->","yoast_head_json":{"title":"Bir Afrika atas\u00f6z\u00fc \u015f\u00f6yle der. \" Bir parmakla un toplanmaz.\" - AvrupaPress","robots":{"index":"index","follow":"follow","max-snippet":"max-snippet:-1","max-image-preview":"max-image-preview:large","max-video-preview":"max-video-preview:-1"},"canonical":"https:\/\/avrupapress.com\/main\/2026\/04\/27\/bir-afrika-atasozu-soyle-der-bir-parmakla-un-toplanmaz\/","og_locale":"fr_FR","og_type":"article","og_title":"Bir Afrika atas\u00f6z\u00fc \u015f\u00f6yle der. \" Bir parmakla un toplanmaz.\" - AvrupaPress","og_description":"Bir Afrika atas\u00f6z\u00fc \u015f\u00f6yle der. \u00a0\u00bb Bir parmakla un toplanmaz.\u00a0\u00bb Yani ba\u015farmak i\u00e7in yaln\u0131z ata oynanmaz. 25 y\u0131ld\u0131r Br\u00fcksel T\u00fcrkleri bu kafayla oy kulland\u0131. Sonu\u00e7 ve netice s\u0131f\u0131r. 10 ila 14 may\u0131sta Bel\u00e7ika Kraliyeti himayesinde bir ticari misyon organize olunacak. Bundan 20 y\u0131l \u00f6nce b\u00f6yle bir misyona \u00f6nc\u00fcl\u00fck etmi\u015ftim ve Beyo\u011flu \/ Schaerbeek ve Isparta [&hellip;]","og_url":"https:\/\/avrupapress.com\/main\/2026\/04\/27\/bir-afrika-atasozu-soyle-der-bir-parmakla-un-toplanmaz\/","og_site_name":"AvrupaPress","article_published_time":"2026-04-27T20:13:32+00:00","article_modified_time":"2026-04-27T20:18:40+00:00","og_image":[{"width":1152,"height":1164,"url":"https:\/\/avrupapress.com\/main\/wp-content\/uploads\/2026\/04\/WhatsApp-Image-2026-04-27-at-22.38.17-1-e1777320802767.jpeg","type":"image\/jpeg"}],"author":"Edit\u00f6r","twitter_card":"summary_large_image","twitter_misc":{"\u00c9crit par":"Edit\u00f6r","Dur\u00e9e de lecture est.":"1 minute"},"schema":{"@context":"https:\/\/schema.org","@graph":[{"@type":"Article","@id":"https:\/\/avrupapress.com\/main\/2026\/04\/27\/bir-afrika-atasozu-soyle-der-bir-parmakla-un-toplanmaz\/#article","isPartOf":{"@id":"https:\/\/avrupapress.com\/main\/2026\/04\/27\/bir-afrika-atasozu-soyle-der-bir-parmakla-un-toplanmaz\/"},"author":{"name":"Edit\u00f6r","@id":"https:\/\/avrupapress.com\/#\/schema\/person\/68428444ec60970d1e1b700cf4ca1e8f"},"headline":"Bir Afrika atas\u00f6z\u00fc \u015f\u00f6yle der. \u00a0\u00bb Bir parmakla un toplanmaz.\u00a0\u00bb","datePublished":"2026-04-27T20:13:32+00:00","dateModified":"2026-04-27T20:18:40+00:00","mainEntityOfPage":{"@id":"https:\/\/avrupapress.com\/main\/2026\/04\/27\/bir-afrika-atasozu-soyle-der-bir-parmakla-un-toplanmaz\/"},"wordCount":163,"publisher":{"@id":"https:\/\/avrupapress.com\/#\/schema\/person\/0223dca19c72c43575bf30d1a2d8f4fa"},"image":{"@id":"https:\/\/avrupapress.com\/main\/2026\/04\/27\/bir-afrika-atasozu-soyle-der-bir-parmakla-un-toplanmaz\/#primaryimage"},"thumbnailUrl":"https:\/\/avrupapress.com\/main\/wp-content\/uploads\/2026\/04\/WhatsApp-Image-2026-04-27-at-22.38.17-1-e1777320802767.jpeg","articleSection":["Avrupa","Bel\u00e7ika","D\u00fcnya","Ekonomi","K\u00fclt\u00fcr-Sanat","Spor","Tan\u0131t\u0131m","T\u00fcrkiye","Uncategorized"],"inLanguage":"fr-BE"},{"@type":"WebPage","@id":"https:\/\/avrupapress.com\/main\/2026\/04\/27\/bir-afrika-atasozu-soyle-der-bir-parmakla-un-toplanmaz\/","url":"https:\/\/avrupapress.com\/main\/2026\/04\/27\/bir-afrika-atasozu-soyle-der-bir-parmakla-un-toplanmaz\/","name":"Bir Afrika atas\u00f6z\u00fc \u015f\u00f6yle der. \" Bir parmakla un toplanmaz.\" - AvrupaPress","isPartOf":{"@id":"https:\/\/avrupapress.com\/#website"},"primaryImageOfPage":{"@id":"https:\/\/avrupapress.com\/main\/2026\/04\/27\/bir-afrika-atasozu-soyle-der-bir-parmakla-un-toplanmaz\/#primaryimage"},"image":{"@id":"https:\/\/avrupapress.com\/main\/2026\/04\/27\/bir-afrika-atasozu-soyle-der-bir-parmakla-un-toplanmaz\/#primaryimage"},"thumbnailUrl":"https:\/\/avrupapress.com\/main\/wp-content\/uploads\/2026\/04\/WhatsApp-Image-2026-04-27-at-22.38.17-1-e1777320802767.jpeg","datePublished":"2026-04-27T20:13:32+00:00","dateModified":"2026-04-27T20:18:40+00:00","breadcrumb":{"@id":"https:\/\/avrupapress.com\/main\/2026\/04\/27\/bir-afrika-atasozu-soyle-der-bir-parmakla-un-toplanmaz\/#breadcrumb"},"inLanguage":"fr-BE","potentialAction":[{"@type":"ReadAction","target":["https:\/\/avrupapress.com\/main\/2026\/04\/27\/bir-afrika-atasozu-soyle-der-bir-parmakla-un-toplanmaz\/"]}]},{"@type":"ImageObject","inLanguage":"fr-BE","@id":"https:\/\/avrupapress.com\/main\/2026\/04\/27\/bir-afrika-atasozu-soyle-der-bir-parmakla-un-toplanmaz\/#primaryimage","url":"https:\/\/avrupapress.com\/main\/wp-content\/uploads\/2026\/04\/WhatsApp-Image-2026-04-27-at-22.38.17-1-e1777320802767.jpeg","contentUrl":"https:\/\/avrupapress.com\/main\/wp-content\/uploads\/2026\/04\/WhatsApp-Image-2026-04-27-at-22.38.17-1-e1777320802767.jpeg","width":1152,"height":1164},{"@type":"BreadcrumbList","@id":"https:\/\/avrupapress.com\/main\/2026\/04\/27\/bir-afrika-atasozu-soyle-der-bir-parmakla-un-toplanmaz\/#breadcrumb","itemListElement":[{"@type":"ListItem","position":1,"name":"Anasayfa","item":"https:\/\/avrupapress.com\/"},{"@type":"ListItem","position":2,"name":"Bir Afrika atas\u00f6z\u00fc \u015f\u00f6yle der. &#8221; Bir parmakla un toplanmaz.&#8221;"}]},{"@type":"WebSite","@id":"https:\/\/avrupapress.com\/#website","url":"https:\/\/avrupapress.com\/","name":"AvrupaPress","description":"Haberin Adresi","publisher":{"@id":"https:\/\/avrupapress.com\/#\/schema\/person\/0223dca19c72c43575bf30d1a2d8f4fa"},"potentialAction":[{"@type":"SearchAction","target":{"@type":"EntryPoint","urlTemplate":"https:\/\/avrupapress.com\/?s={search_term_string}"},"query-input":{"@type":"PropertyValueSpecification","valueRequired":true,"valueName":"search_term_string"}}],"inLanguage":"fr-BE"},{"@type":["Person","Organization"],"@id":"https:\/\/avrupapress.com\/#\/schema\/person\/0223dca19c72c43575bf30d1a2d8f4fa","name":"Bilgin \u00d6z\u00e7ift\u00e7i","image":{"@type":"ImageObject","inLanguage":"fr-BE","@id":"https:\/\/avrupapress.com\/#\/schema\/person\/image\/","url":"https:\/\/secure.gravatar.com\/avatar\/0f23b280433a21e1ea7a0adcc46ed0ad16afe3ad8e630fd13d8a017dcbd54ef3?s=96&d=mm&r=g","contentUrl":"https:\/\/secure.gravatar.com\/avatar\/0f23b280433a21e1ea7a0adcc46ed0ad16afe3ad8e630fd13d8a017dcbd54ef3?s=96&d=mm&r=g","caption":"Bilgin \u00d6z\u00e7ift\u00e7i"},"logo":{"@id":"https:\/\/avrupapress.com\/#\/schema\/person\/image\/"},"description":"Ne ben, nede sen... Biz ancak \"biz\" olursak g\u00fc\u00e7l\u00fc olabiliriz"},{"@type":"Person","@id":"https:\/\/avrupapress.com\/#\/schema\/person\/68428444ec60970d1e1b700cf4ca1e8f","name":"Edit\u00f6r","image":{"@type":"ImageObject","inLanguage":"fr-BE","@id":"https:\/\/avrupapress.com\/#\/schema\/person\/image\/","url":"https:\/\/secure.gravatar.com\/avatar\/74996b0977aa5f1559ba9883776652508b229005c0d78fb2597897f0bd651c09?s=96&d=mm&r=g","contentUrl":"https:\/\/secure.gravatar.com\/avatar\/74996b0977aa5f1559ba9883776652508b229005c0d78fb2597897f0bd651c09?s=96&d=mm&r=g","caption":"Edit\u00f6r"},"sameAs":["http:\/\/www.avrupapress.com"],"url":"https:\/\/avrupapress.com\/main\/author\/editor\/"}]}},"_links":{"self":[{"href":"https:\/\/avrupapress.com\/main\/wp-json\/wp\/v2\/posts\/34525","targetHints":{"allow":["GET"]}}],"collection":[{"href":"https:\/\/avrupapress.com\/main\/wp-json\/wp\/v2\/posts"}],"about":[{"href":"https:\/\/avrupapress.com\/main\/wp-json\/wp\/v2\/types\/post"}],"author":[{"embeddable":true,"href":"https:\/\/avrupapress.com\/main\/wp-json\/wp\/v2\/users\/3"}],"replies":[{"embeddable":true,"href":"https:\/\/avrupapress.com\/main\/wp-json\/wp\/v2\/comments?post=34525"}],"version-history":[{"count":1,"href":"https:\/\/avrupapress.com\/main\/wp-json\/wp\/v2\/posts\/34525\/revisions"}],"predecessor-version":[{"id":34528,"href":"https:\/\/avrupapress.com\/main\/wp-json\/wp\/v2\/posts\/34525\/revisions\/34528"}],"wp:featuredmedia":[{"embeddable":true,"href":"https:\/\/avrupapress.com\/main\/wp-json\/wp\/v2\/media\/34527"}],"wp:attachment":[{"href":"https:\/\/avrupapress.com\/main\/wp-json\/wp\/v2\/media?parent=34525"}],"wp:term":[{"taxonomy":"category","embeddable":true,"href":"https:\/\/avrupapress.com\/main\/wp-json\/wp\/v2\/categories?post=34525"},{"taxonomy":"post_tag","embeddable":true,"href":"https:\/\/avrupapress.com\/main\/wp-json\/wp\/v2\/tags?post=34525"}],"curies":[{"name":"wp","href":"https:\/\/api.w.org\/{rel}","templated":true}]}}