{"id":34510,"date":"2026-04-27T19:11:46","date_gmt":"2026-04-27T19:11:46","guid":{"rendered":"https:\/\/avrupapress.com\/main\/?p=34510"},"modified":"2026-04-27T20:10:53","modified_gmt":"2026-04-27T20:10:53","slug":"basortusu-yasagina-tepki-sessizlik-daha-cok-yaraliyor","status":"publish","type":"post","link":"https:\/\/avrupapress.com\/main\/2026\/04\/27\/basortusu-yasagina-tepki-sessizlik-daha-cok-yaraliyor\/","title":{"rendered":"Ba\u015f\u00f6rt\u00fcs\u00fc yasa\u011f\u0131na tepki: \u201cSessizlik daha \u00e7ok yaral\u0131yor\u201d"},"content":{"rendered":"<p>Ba\u015f\u00f6rt\u00fcs\u00fc yasa\u011f\u0131na tepki: \u201cSessizlik daha \u00e7ok yaral\u0131yor\u201d<br \/>\nBel\u00e7ika\u2019n\u0131n Flandre b\u00f6lgesinde 2026 y\u0131l\u0131n\u0131n Eyl\u00fcl ay\u0131ndan itibaren y\u00fcr\u00fcrl\u00fc\u011fe girmesi planlanan ba\u015f\u00f6rt\u00fcs\u00fc yasa\u011f\u0131 tart\u0131\u015fma konusu olmaya devam ediyor. Konuya ili\u015fkin de\u011ferlendirmelerde bulunan Ilkay G\u00fcl, hem al\u0131nan karara hem de siyasi sessizli\u011fe dikkat \u00e7ekti.<br \/>\n\u0130lkay G\u00fcl\u00a0 a\u00e7\u0131klamas\u0131nda \u015fu ifadeleri kulland\u0131:<br \/>\n\u201cBug\u00fcn size i\u00e7imde uzun bir s\u00fcredir s\u0131k\u0131nt\u0131 olarak birikmi\u015f olan bir meseleyi anlatmak istiyorum ve eminim ki bende oldu\u011fu gibi bir\u00e7o\u011funuzun i\u00e7inde dert olmu\u015ftur bu konu. Biliyorsunuz ki 2026 senesinin Eyl\u00fcl ay\u0131ndan itibaren Bel\u00e7ika\u2019n\u0131n Flandre b\u00f6lgesinde ba\u015f\u00f6rt\u00fcs\u00fc yasa\u011f\u0131 y\u00fcr\u00fcrl\u00fc\u011fe giriyor. Bu da demek oluyor ki kendi h\u00fcr iradesiyle tesett\u00fcre b\u00fcr\u00fcnmek isteyen k\u0131z \u00e7ocuklar\u0131 ya h\u00fcrriyetlerinden al\u0131konulacak ya da e\u011fitim haklar\u0131ndan al\u0131konulacak.<br \/>\n\u015eunu da \u00f6ng\u00f6rmek m\u00fcmk\u00fcn; bu karar uzun vadeli bir projenin ilk ad\u0131m\u0131. Hi\u00e7 kimse soka\u011fa birden ba\u015f\u00f6rt\u00fc yasa\u011f\u0131 getiremez ama yava\u015f yava\u015f, sindire sindire, ilk etapta okullarda, sonra kamu alanlar\u0131nda, sokakta yasaklamaya ba\u015flayacaklar ve bug\u00fcnleri g\u00f6rmenize fazla bir \u015fey kalmad\u0131.<br \/>\nYaln\u0131z beni bu karar\u0131n kendisinden \u00e7ok \u00fczen \u015fey, bu karara kar\u015f\u0131 g\u00f6sterilen derin sessizlik oldu. Se\u00e7im zaman\u0131 cami cami gezip oy isteyen siyaset\u00e7ilerimiz nerede? Mesele elini ta\u015f\u0131n alt\u0131na koymak olunca neden bu siyaset\u00e7ileri ortal\u0131kta g\u00f6remiyoruz?<br \/>\n\u00dczerine al\u0131nan al\u0131ns\u0131n ama b\u00fct\u00fcn siyaset\u00e7ilerimiz s\u0131n\u0131fta kald\u0131lar. Ben a\u00e7\u0131k\u00e7as\u0131 bekliyordum ki bu karar verildikten sonra siyaset\u00e7ilerimiz g\u00fczel organizasyonlar yapar ve toplum olarak protesto ederiz. Ancak siyaset\u00e7iler ortal\u0131kta yok. Se\u00e7im d\u00f6neminde aslan kesilenler, \u015fimdi adeta kediye d\u00f6nm\u00fc\u015f durumda.<br \/>\nBak\u0131n, bug\u00fcne kadar sizden hi\u00e7bir zaman \u2018l\u00fctfen benim videomu payla\u015f\u0131n\u2019 ricas\u0131nda bulunmad\u0131m ama \u015fimdi bulunuyorum. \u00c7\u00fcnk\u00fc bir \u00e7a\u011fr\u0131da bulunaca\u011f\u0131m. Bel\u00e7ika\u2019daki b\u00fct\u00fcn T\u00fcrk siyaset\u00e7ilerine sesleniyorum; Flandre b\u00f6lgesindeki ba\u015f\u00f6rt\u00fc yasa\u011f\u0131n\u0131 sosyal medya \u00fczerinden yaz\u0131l\u0131 bir \u015fekilde protesto etti\u011finizi beyan edin, g\u00f6relim sizi. Bakal\u0131m hanginiz samimi, hanginiz samimiyetsiz. Bakal\u0131m hanginiz bizim i\u00e7in siyaset yap\u0131yor, hanginiz ba\u015fka menfaatleri kolluyor.<br \/>\nBu \u00e7a\u011fr\u0131y\u0131 yapmayacak olan siyaset\u00e7ilere de sesleniyorum; bir daha sizi se\u00e7im \u00e7al\u0131\u015fmalar\u0131nda, cami lokallerinde oy isterken g\u00f6rmeyelim. Aksi halde kendinizi ciddi anlamda rezil etmi\u015f olursunuz.\u201d<\/p>\n<p><img loading=\"lazy\" decoding=\"async\" class=\"alignnone size-medium wp-image-34517\" src=\"https:\/\/avrupapress.com\/main\/wp-content\/uploads\/2026\/04\/WhatsApp-Image-2026-04-27-at-22.59.26-245x300.jpeg\" alt=\"\" width=\"245\" height=\"300\" srcset=\"https:\/\/avrupapress.com\/main\/wp-content\/uploads\/2026\/04\/WhatsApp-Image-2026-04-27-at-22.59.26-245x300.jpeg 245w, https:\/\/avrupapress.com\/main\/wp-content\/uploads\/2026\/04\/WhatsApp-Image-2026-04-27-at-22.59.26-835x1024.jpeg 835w, https:\/\/avrupapress.com\/main\/wp-content\/uploads\/2026\/04\/WhatsApp-Image-2026-04-27-at-22.59.26-768x942.jpeg 768w, https:\/\/avrupapress.com\/main\/wp-content\/uploads\/2026\/04\/WhatsApp-Image-2026-04-27-at-22.59.26-1253x1536.jpeg 1253w, https:\/\/avrupapress.com\/main\/wp-content\/uploads\/2026\/04\/WhatsApp-Image-2026-04-27-at-22.59.26.jpeg 1305w\" sizes=\"auto, (max-width: 245px) 100vw, 245px\" \/><\/p>\n<p>&nbsp;<\/p>\n<p><strong>Bilgin\u00a0 Ozcifci\u00a0 \u00a0 \u00a0 \u00a0 \u00a0 \u00a0\/\u00a0 \u00a0 \u00a0 \u00a0 \u00a0 AVRUPAPRESS<\/strong><\/p>\n","protected":false},"excerpt":{"rendered":"<p>Ba\u015f\u00f6rt\u00fcs\u00fc yasa\u011f\u0131na tepki: \u201cSessizlik daha \u00e7ok yaral\u0131yor\u201d Bel\u00e7ika\u2019n\u0131n Flandre b\u00f6lgesinde 2026 y\u0131l\u0131n\u0131n Eyl\u00fcl ay\u0131ndan itibaren y\u00fcr\u00fcrl\u00fc\u011fe girmesi planlanan ba\u015f\u00f6rt\u00fcs\u00fc yasa\u011f\u0131 tart\u0131\u015fma konusu olmaya devam ediyor. Konuya ili\u015fkin de\u011ferlendirmelerde bulunan Ilkay G\u00fcl, hem al\u0131nan karara hem de siyasi sessizli\u011fe dikkat \u00e7ekti. \u0130lkay G\u00fcl\u00a0 a\u00e7\u0131klamas\u0131nda \u015fu ifadeleri kulland\u0131: \u201cBug\u00fcn size i\u00e7imde uzun bir s\u00fcredir s\u0131k\u0131nt\u0131 olarak birikmi\u015f [&hellip;]<\/p>\n","protected":false},"author":3,"featured_media":34518,"comment_status":"closed","ping_status":"open","sticky":false,"template":"","format":"standard","meta":{"footnotes":""},"categories":[14,16,3,17,18,15,19,2,1],"tags":[],"class_list":["post-34510","post","type-post","status-publish","format-standard","has-post-thumbnail","hentry","category-avrupa","category-belcika","category-dunya","category-ekonomi","category-kultur-sanat","category-spor","category-tanitim","category-turkiye","category-uncategorized"],"yoast_head":"<!-- This site is optimized with the Yoast SEO plugin v26.9 - https:\/\/yoast.com\/product\/yoast-seo-wordpress\/ -->\n<title>Ba\u015f\u00f6rt\u00fcs\u00fc yasa\u011f\u0131na tepki: \u201cSessizlik daha \u00e7ok yaral\u0131yor\u201d - AvrupaPress<\/title>\n<meta name=\"robots\" content=\"index, follow, max-snippet:-1, max-image-preview:large, max-video-preview:-1\" \/>\n<link rel=\"canonical\" href=\"https:\/\/avrupapress.com\/main\/2026\/04\/27\/basortusu-yasagina-tepki-sessizlik-daha-cok-yaraliyor\/\" \/>\n<meta property=\"og:locale\" content=\"fr_FR\" \/>\n<meta property=\"og:type\" content=\"article\" \/>\n<meta property=\"og:title\" content=\"Ba\u015f\u00f6rt\u00fcs\u00fc yasa\u011f\u0131na tepki: \u201cSessizlik daha \u00e7ok yaral\u0131yor\u201d - AvrupaPress\" \/>\n<meta property=\"og:description\" content=\"Ba\u015f\u00f6rt\u00fcs\u00fc yasa\u011f\u0131na tepki: \u201cSessizlik daha \u00e7ok yaral\u0131yor\u201d Bel\u00e7ika\u2019n\u0131n Flandre b\u00f6lgesinde 2026 y\u0131l\u0131n\u0131n Eyl\u00fcl ay\u0131ndan itibaren y\u00fcr\u00fcrl\u00fc\u011fe girmesi planlanan ba\u015f\u00f6rt\u00fcs\u00fc yasa\u011f\u0131 tart\u0131\u015fma konusu olmaya devam ediyor. Konuya ili\u015fkin de\u011ferlendirmelerde bulunan Ilkay G\u00fcl, hem al\u0131nan karara hem de siyasi sessizli\u011fe dikkat \u00e7ekti. \u0130lkay G\u00fcl\u00a0 a\u00e7\u0131klamas\u0131nda \u015fu ifadeleri kulland\u0131: \u201cBug\u00fcn size i\u00e7imde uzun bir s\u00fcredir s\u0131k\u0131nt\u0131 olarak birikmi\u015f [&hellip;]\" \/>\n<meta property=\"og:url\" content=\"https:\/\/avrupapress.com\/main\/2026\/04\/27\/basortusu-yasagina-tepki-sessizlik-daha-cok-yaraliyor\/\" \/>\n<meta property=\"og:site_name\" content=\"AvrupaPress\" \/>\n<meta property=\"article:published_time\" content=\"2026-04-27T19:11:46+00:00\" \/>\n<meta property=\"article:modified_time\" content=\"2026-04-27T20:10:53+00:00\" \/>\n<meta property=\"og:image\" content=\"https:\/\/avrupapress.com\/main\/wp-content\/uploads\/2026\/04\/WhatsApp-Image-2026-04-27-at-22.59.26-1-e1777320109450.jpeg\" \/>\n\t<meta property=\"og:image:width\" content=\"1304\" \/>\n\t<meta property=\"og:image:height\" content=\"980\" \/>\n\t<meta property=\"og:image:type\" content=\"image\/jpeg\" \/>\n<meta name=\"author\" content=\"Edit\u00f6r\" \/>\n<meta name=\"twitter:card\" content=\"summary_large_image\" \/>\n<meta name=\"twitter:label1\" content=\"\u00c9crit par\" \/>\n\t<meta name=\"twitter:data1\" content=\"Edit\u00f6r\" \/>\n\t<meta name=\"twitter:label2\" content=\"Dur\u00e9e de lecture est.\" \/>\n\t<meta name=\"twitter:data2\" content=\"2 minutes\" \/>\n<script type=\"application\/ld+json\" class=\"yoast-schema-graph\">{\"@context\":\"https:\/\/schema.org\",\"@graph\":[{\"@type\":\"Article\",\"@id\":\"https:\/\/avrupapress.com\/main\/2026\/04\/27\/basortusu-yasagina-tepki-sessizlik-daha-cok-yaraliyor\/#article\",\"isPartOf\":{\"@id\":\"https:\/\/avrupapress.com\/main\/2026\/04\/27\/basortusu-yasagina-tepki-sessizlik-daha-cok-yaraliyor\/\"},\"author\":{\"name\":\"Edit\u00f6r\",\"@id\":\"https:\/\/avrupapress.com\/#\/schema\/person\/68428444ec60970d1e1b700cf4ca1e8f\"},\"headline\":\"Ba\u015f\u00f6rt\u00fcs\u00fc yasa\u011f\u0131na tepki: \u201cSessizlik daha \u00e7ok yaral\u0131yor\u201d\",\"datePublished\":\"2026-04-27T19:11:46+00:00\",\"dateModified\":\"2026-04-27T20:10:53+00:00\",\"mainEntityOfPage\":{\"@id\":\"https:\/\/avrupapress.com\/main\/2026\/04\/27\/basortusu-yasagina-tepki-sessizlik-daha-cok-yaraliyor\/\"},\"wordCount\":443,\"publisher\":{\"@id\":\"https:\/\/avrupapress.com\/#\/schema\/person\/0223dca19c72c43575bf30d1a2d8f4fa\"},\"image\":{\"@id\":\"https:\/\/avrupapress.com\/main\/2026\/04\/27\/basortusu-yasagina-tepki-sessizlik-daha-cok-yaraliyor\/#primaryimage\"},\"thumbnailUrl\":\"https:\/\/avrupapress.com\/main\/wp-content\/uploads\/2026\/04\/WhatsApp-Image-2026-04-27-at-22.59.26-1-e1777320109450.jpeg\",\"articleSection\":[\"Avrupa\",\"Bel\u00e7ika\",\"D\u00fcnya\",\"Ekonomi\",\"K\u00fclt\u00fcr-Sanat\",\"Spor\",\"Tan\u0131t\u0131m\",\"T\u00fcrkiye\",\"Uncategorized\"],\"inLanguage\":\"fr-BE\"},{\"@type\":\"WebPage\",\"@id\":\"https:\/\/avrupapress.com\/main\/2026\/04\/27\/basortusu-yasagina-tepki-sessizlik-daha-cok-yaraliyor\/\",\"url\":\"https:\/\/avrupapress.com\/main\/2026\/04\/27\/basortusu-yasagina-tepki-sessizlik-daha-cok-yaraliyor\/\",\"name\":\"Ba\u015f\u00f6rt\u00fcs\u00fc yasa\u011f\u0131na tepki: \u201cSessizlik daha \u00e7ok yaral\u0131yor\u201d - AvrupaPress\",\"isPartOf\":{\"@id\":\"https:\/\/avrupapress.com\/#website\"},\"primaryImageOfPage\":{\"@id\":\"https:\/\/avrupapress.com\/main\/2026\/04\/27\/basortusu-yasagina-tepki-sessizlik-daha-cok-yaraliyor\/#primaryimage\"},\"image\":{\"@id\":\"https:\/\/avrupapress.com\/main\/2026\/04\/27\/basortusu-yasagina-tepki-sessizlik-daha-cok-yaraliyor\/#primaryimage\"},\"thumbnailUrl\":\"https:\/\/avrupapress.com\/main\/wp-content\/uploads\/2026\/04\/WhatsApp-Image-2026-04-27-at-22.59.26-1-e1777320109450.jpeg\",\"datePublished\":\"2026-04-27T19:11:46+00:00\",\"dateModified\":\"2026-04-27T20:10:53+00:00\",\"breadcrumb\":{\"@id\":\"https:\/\/avrupapress.com\/main\/2026\/04\/27\/basortusu-yasagina-tepki-sessizlik-daha-cok-yaraliyor\/#breadcrumb\"},\"inLanguage\":\"fr-BE\",\"potentialAction\":[{\"@type\":\"ReadAction\",\"target\":[\"https:\/\/avrupapress.com\/main\/2026\/04\/27\/basortusu-yasagina-tepki-sessizlik-daha-cok-yaraliyor\/\"]}]},{\"@type\":\"ImageObject\",\"inLanguage\":\"fr-BE\",\"@id\":\"https:\/\/avrupapress.com\/main\/2026\/04\/27\/basortusu-yasagina-tepki-sessizlik-daha-cok-yaraliyor\/#primaryimage\",\"url\":\"https:\/\/avrupapress.com\/main\/wp-content\/uploads\/2026\/04\/WhatsApp-Image-2026-04-27-at-22.59.26-1-e1777320109450.jpeg\",\"contentUrl\":\"https:\/\/avrupapress.com\/main\/wp-content\/uploads\/2026\/04\/WhatsApp-Image-2026-04-27-at-22.59.26-1-e1777320109450.jpeg\",\"width\":1304,\"height\":980},{\"@type\":\"BreadcrumbList\",\"@id\":\"https:\/\/avrupapress.com\/main\/2026\/04\/27\/basortusu-yasagina-tepki-sessizlik-daha-cok-yaraliyor\/#breadcrumb\",\"itemListElement\":[{\"@type\":\"ListItem\",\"position\":1,\"name\":\"Anasayfa\",\"item\":\"https:\/\/avrupapress.com\/\"},{\"@type\":\"ListItem\",\"position\":2,\"name\":\"Ba\u015f\u00f6rt\u00fcs\u00fc yasa\u011f\u0131na tepki: \u201cSessizlik daha \u00e7ok yaral\u0131yor\u201d\"}]},{\"@type\":\"WebSite\",\"@id\":\"https:\/\/avrupapress.com\/#website\",\"url\":\"https:\/\/avrupapress.com\/\",\"name\":\"AvrupaPress\",\"description\":\"Haberin Adresi\",\"publisher\":{\"@id\":\"https:\/\/avrupapress.com\/#\/schema\/person\/0223dca19c72c43575bf30d1a2d8f4fa\"},\"potentialAction\":[{\"@type\":\"SearchAction\",\"target\":{\"@type\":\"EntryPoint\",\"urlTemplate\":\"https:\/\/avrupapress.com\/?s={search_term_string}\"},\"query-input\":{\"@type\":\"PropertyValueSpecification\",\"valueRequired\":true,\"valueName\":\"search_term_string\"}}],\"inLanguage\":\"fr-BE\"},{\"@type\":[\"Person\",\"Organization\"],\"@id\":\"https:\/\/avrupapress.com\/#\/schema\/person\/0223dca19c72c43575bf30d1a2d8f4fa\",\"name\":\"Bilgin \u00d6z\u00e7ift\u00e7i\",\"image\":{\"@type\":\"ImageObject\",\"inLanguage\":\"fr-BE\",\"@id\":\"https:\/\/avrupapress.com\/#\/schema\/person\/image\/\",\"url\":\"https:\/\/secure.gravatar.com\/avatar\/0f23b280433a21e1ea7a0adcc46ed0ad16afe3ad8e630fd13d8a017dcbd54ef3?s=96&d=mm&r=g\",\"contentUrl\":\"https:\/\/secure.gravatar.com\/avatar\/0f23b280433a21e1ea7a0adcc46ed0ad16afe3ad8e630fd13d8a017dcbd54ef3?s=96&d=mm&r=g\",\"caption\":\"Bilgin \u00d6z\u00e7ift\u00e7i\"},\"logo\":{\"@id\":\"https:\/\/avrupapress.com\/#\/schema\/person\/image\/\"},\"description\":\"Ne ben, nede sen... Biz ancak \\\"biz\\\" olursak g\u00fc\u00e7l\u00fc olabiliriz\"},{\"@type\":\"Person\",\"@id\":\"https:\/\/avrupapress.com\/#\/schema\/person\/68428444ec60970d1e1b700cf4ca1e8f\",\"name\":\"Edit\u00f6r\",\"image\":{\"@type\":\"ImageObject\",\"inLanguage\":\"fr-BE\",\"@id\":\"https:\/\/avrupapress.com\/#\/schema\/person\/image\/\",\"url\":\"https:\/\/secure.gravatar.com\/avatar\/74996b0977aa5f1559ba9883776652508b229005c0d78fb2597897f0bd651c09?s=96&d=mm&r=g\",\"contentUrl\":\"https:\/\/secure.gravatar.com\/avatar\/74996b0977aa5f1559ba9883776652508b229005c0d78fb2597897f0bd651c09?s=96&d=mm&r=g\",\"caption\":\"Edit\u00f6r\"},\"sameAs\":[\"http:\/\/www.avrupapress.com\"],\"url\":\"https:\/\/avrupapress.com\/main\/author\/editor\/\"}]}<\/script>\n<!-- \/ Yoast SEO plugin. -->","yoast_head_json":{"title":"Ba\u015f\u00f6rt\u00fcs\u00fc yasa\u011f\u0131na tepki: \u201cSessizlik daha \u00e7ok yaral\u0131yor\u201d - AvrupaPress","robots":{"index":"index","follow":"follow","max-snippet":"max-snippet:-1","max-image-preview":"max-image-preview:large","max-video-preview":"max-video-preview:-1"},"canonical":"https:\/\/avrupapress.com\/main\/2026\/04\/27\/basortusu-yasagina-tepki-sessizlik-daha-cok-yaraliyor\/","og_locale":"fr_FR","og_type":"article","og_title":"Ba\u015f\u00f6rt\u00fcs\u00fc yasa\u011f\u0131na tepki: \u201cSessizlik daha \u00e7ok yaral\u0131yor\u201d - AvrupaPress","og_description":"Ba\u015f\u00f6rt\u00fcs\u00fc yasa\u011f\u0131na tepki: \u201cSessizlik daha \u00e7ok yaral\u0131yor\u201d Bel\u00e7ika\u2019n\u0131n Flandre b\u00f6lgesinde 2026 y\u0131l\u0131n\u0131n Eyl\u00fcl ay\u0131ndan itibaren y\u00fcr\u00fcrl\u00fc\u011fe girmesi planlanan ba\u015f\u00f6rt\u00fcs\u00fc yasa\u011f\u0131 tart\u0131\u015fma konusu olmaya devam ediyor. Konuya ili\u015fkin de\u011ferlendirmelerde bulunan Ilkay G\u00fcl, hem al\u0131nan karara hem de siyasi sessizli\u011fe dikkat \u00e7ekti. \u0130lkay G\u00fcl\u00a0 a\u00e7\u0131klamas\u0131nda \u015fu ifadeleri kulland\u0131: \u201cBug\u00fcn size i\u00e7imde uzun bir s\u00fcredir s\u0131k\u0131nt\u0131 olarak birikmi\u015f [&hellip;]","og_url":"https:\/\/avrupapress.com\/main\/2026\/04\/27\/basortusu-yasagina-tepki-sessizlik-daha-cok-yaraliyor\/","og_site_name":"AvrupaPress","article_published_time":"2026-04-27T19:11:46+00:00","article_modified_time":"2026-04-27T20:10:53+00:00","og_image":[{"width":1304,"height":980,"url":"https:\/\/avrupapress.com\/main\/wp-content\/uploads\/2026\/04\/WhatsApp-Image-2026-04-27-at-22.59.26-1-e1777320109450.jpeg","type":"image\/jpeg"}],"author":"Edit\u00f6r","twitter_card":"summary_large_image","twitter_misc":{"\u00c9crit par":"Edit\u00f6r","Dur\u00e9e de lecture est.":"2 minutes"},"schema":{"@context":"https:\/\/schema.org","@graph":[{"@type":"Article","@id":"https:\/\/avrupapress.com\/main\/2026\/04\/27\/basortusu-yasagina-tepki-sessizlik-daha-cok-yaraliyor\/#article","isPartOf":{"@id":"https:\/\/avrupapress.com\/main\/2026\/04\/27\/basortusu-yasagina-tepki-sessizlik-daha-cok-yaraliyor\/"},"author":{"name":"Edit\u00f6r","@id":"https:\/\/avrupapress.com\/#\/schema\/person\/68428444ec60970d1e1b700cf4ca1e8f"},"headline":"Ba\u015f\u00f6rt\u00fcs\u00fc yasa\u011f\u0131na tepki: \u201cSessizlik daha \u00e7ok yaral\u0131yor\u201d","datePublished":"2026-04-27T19:11:46+00:00","dateModified":"2026-04-27T20:10:53+00:00","mainEntityOfPage":{"@id":"https:\/\/avrupapress.com\/main\/2026\/04\/27\/basortusu-yasagina-tepki-sessizlik-daha-cok-yaraliyor\/"},"wordCount":443,"publisher":{"@id":"https:\/\/avrupapress.com\/#\/schema\/person\/0223dca19c72c43575bf30d1a2d8f4fa"},"image":{"@id":"https:\/\/avrupapress.com\/main\/2026\/04\/27\/basortusu-yasagina-tepki-sessizlik-daha-cok-yaraliyor\/#primaryimage"},"thumbnailUrl":"https:\/\/avrupapress.com\/main\/wp-content\/uploads\/2026\/04\/WhatsApp-Image-2026-04-27-at-22.59.26-1-e1777320109450.jpeg","articleSection":["Avrupa","Bel\u00e7ika","D\u00fcnya","Ekonomi","K\u00fclt\u00fcr-Sanat","Spor","Tan\u0131t\u0131m","T\u00fcrkiye","Uncategorized"],"inLanguage":"fr-BE"},{"@type":"WebPage","@id":"https:\/\/avrupapress.com\/main\/2026\/04\/27\/basortusu-yasagina-tepki-sessizlik-daha-cok-yaraliyor\/","url":"https:\/\/avrupapress.com\/main\/2026\/04\/27\/basortusu-yasagina-tepki-sessizlik-daha-cok-yaraliyor\/","name":"Ba\u015f\u00f6rt\u00fcs\u00fc yasa\u011f\u0131na tepki: \u201cSessizlik daha \u00e7ok yaral\u0131yor\u201d - AvrupaPress","isPartOf":{"@id":"https:\/\/avrupapress.com\/#website"},"primaryImageOfPage":{"@id":"https:\/\/avrupapress.com\/main\/2026\/04\/27\/basortusu-yasagina-tepki-sessizlik-daha-cok-yaraliyor\/#primaryimage"},"image":{"@id":"https:\/\/avrupapress.com\/main\/2026\/04\/27\/basortusu-yasagina-tepki-sessizlik-daha-cok-yaraliyor\/#primaryimage"},"thumbnailUrl":"https:\/\/avrupapress.com\/main\/wp-content\/uploads\/2026\/04\/WhatsApp-Image-2026-04-27-at-22.59.26-1-e1777320109450.jpeg","datePublished":"2026-04-27T19:11:46+00:00","dateModified":"2026-04-27T20:10:53+00:00","breadcrumb":{"@id":"https:\/\/avrupapress.com\/main\/2026\/04\/27\/basortusu-yasagina-tepki-sessizlik-daha-cok-yaraliyor\/#breadcrumb"},"inLanguage":"fr-BE","potentialAction":[{"@type":"ReadAction","target":["https:\/\/avrupapress.com\/main\/2026\/04\/27\/basortusu-yasagina-tepki-sessizlik-daha-cok-yaraliyor\/"]}]},{"@type":"ImageObject","inLanguage":"fr-BE","@id":"https:\/\/avrupapress.com\/main\/2026\/04\/27\/basortusu-yasagina-tepki-sessizlik-daha-cok-yaraliyor\/#primaryimage","url":"https:\/\/avrupapress.com\/main\/wp-content\/uploads\/2026\/04\/WhatsApp-Image-2026-04-27-at-22.59.26-1-e1777320109450.jpeg","contentUrl":"https:\/\/avrupapress.com\/main\/wp-content\/uploads\/2026\/04\/WhatsApp-Image-2026-04-27-at-22.59.26-1-e1777320109450.jpeg","width":1304,"height":980},{"@type":"BreadcrumbList","@id":"https:\/\/avrupapress.com\/main\/2026\/04\/27\/basortusu-yasagina-tepki-sessizlik-daha-cok-yaraliyor\/#breadcrumb","itemListElement":[{"@type":"ListItem","position":1,"name":"Anasayfa","item":"https:\/\/avrupapress.com\/"},{"@type":"ListItem","position":2,"name":"Ba\u015f\u00f6rt\u00fcs\u00fc yasa\u011f\u0131na tepki: \u201cSessizlik daha \u00e7ok yaral\u0131yor\u201d"}]},{"@type":"WebSite","@id":"https:\/\/avrupapress.com\/#website","url":"https:\/\/avrupapress.com\/","name":"AvrupaPress","description":"Haberin Adresi","publisher":{"@id":"https:\/\/avrupapress.com\/#\/schema\/person\/0223dca19c72c43575bf30d1a2d8f4fa"},"potentialAction":[{"@type":"SearchAction","target":{"@type":"EntryPoint","urlTemplate":"https:\/\/avrupapress.com\/?s={search_term_string}"},"query-input":{"@type":"PropertyValueSpecification","valueRequired":true,"valueName":"search_term_string"}}],"inLanguage":"fr-BE"},{"@type":["Person","Organization"],"@id":"https:\/\/avrupapress.com\/#\/schema\/person\/0223dca19c72c43575bf30d1a2d8f4fa","name":"Bilgin \u00d6z\u00e7ift\u00e7i","image":{"@type":"ImageObject","inLanguage":"fr-BE","@id":"https:\/\/avrupapress.com\/#\/schema\/person\/image\/","url":"https:\/\/secure.gravatar.com\/avatar\/0f23b280433a21e1ea7a0adcc46ed0ad16afe3ad8e630fd13d8a017dcbd54ef3?s=96&d=mm&r=g","contentUrl":"https:\/\/secure.gravatar.com\/avatar\/0f23b280433a21e1ea7a0adcc46ed0ad16afe3ad8e630fd13d8a017dcbd54ef3?s=96&d=mm&r=g","caption":"Bilgin \u00d6z\u00e7ift\u00e7i"},"logo":{"@id":"https:\/\/avrupapress.com\/#\/schema\/person\/image\/"},"description":"Ne ben, nede sen... Biz ancak \"biz\" olursak g\u00fc\u00e7l\u00fc olabiliriz"},{"@type":"Person","@id":"https:\/\/avrupapress.com\/#\/schema\/person\/68428444ec60970d1e1b700cf4ca1e8f","name":"Edit\u00f6r","image":{"@type":"ImageObject","inLanguage":"fr-BE","@id":"https:\/\/avrupapress.com\/#\/schema\/person\/image\/","url":"https:\/\/secure.gravatar.com\/avatar\/74996b0977aa5f1559ba9883776652508b229005c0d78fb2597897f0bd651c09?s=96&d=mm&r=g","contentUrl":"https:\/\/secure.gravatar.com\/avatar\/74996b0977aa5f1559ba9883776652508b229005c0d78fb2597897f0bd651c09?s=96&d=mm&r=g","caption":"Edit\u00f6r"},"sameAs":["http:\/\/www.avrupapress.com"],"url":"https:\/\/avrupapress.com\/main\/author\/editor\/"}]}},"_links":{"self":[{"href":"https:\/\/avrupapress.com\/main\/wp-json\/wp\/v2\/posts\/34510","targetHints":{"allow":["GET"]}}],"collection":[{"href":"https:\/\/avrupapress.com\/main\/wp-json\/wp\/v2\/posts"}],"about":[{"href":"https:\/\/avrupapress.com\/main\/wp-json\/wp\/v2\/types\/post"}],"author":[{"embeddable":true,"href":"https:\/\/avrupapress.com\/main\/wp-json\/wp\/v2\/users\/3"}],"replies":[{"embeddable":true,"href":"https:\/\/avrupapress.com\/main\/wp-json\/wp\/v2\/comments?post=34510"}],"version-history":[{"count":7,"href":"https:\/\/avrupapress.com\/main\/wp-json\/wp\/v2\/posts\/34510\/revisions"}],"predecessor-version":[{"id":34523,"href":"https:\/\/avrupapress.com\/main\/wp-json\/wp\/v2\/posts\/34510\/revisions\/34523"}],"wp:featuredmedia":[{"embeddable":true,"href":"https:\/\/avrupapress.com\/main\/wp-json\/wp\/v2\/media\/34518"}],"wp:attachment":[{"href":"https:\/\/avrupapress.com\/main\/wp-json\/wp\/v2\/media?parent=34510"}],"wp:term":[{"taxonomy":"category","embeddable":true,"href":"https:\/\/avrupapress.com\/main\/wp-json\/wp\/v2\/categories?post=34510"},{"taxonomy":"post_tag","embeddable":true,"href":"https:\/\/avrupapress.com\/main\/wp-json\/wp\/v2\/tags?post=34510"}],"curies":[{"name":"wp","href":"https:\/\/api.w.org\/{rel}","templated":true}]}}