{"id":34505,"date":"2026-04-27T18:59:35","date_gmt":"2026-04-27T18:59:35","guid":{"rendered":"https:\/\/avrupapress.com\/main\/?p=34505"},"modified":"2026-04-27T19:00:30","modified_gmt":"2026-04-27T19:00:30","slug":"34505","status":"publish","type":"post","link":"https:\/\/avrupapress.com\/main\/2026\/04\/27\/34505\/","title":{"rendered":"Lufthansada yeni d\u00f6nem kabin bagaj\u0131 \u00fccretli oluyor."},"content":{"rendered":"<p>Lufthansa, k\u0131sa ve orta mesafeli u\u00e7u\u015flarda art\u0131k kabin boy valizin \u00fccretsiz ta\u015f\u0131nmas\u0131n\u0131 kald\u0131r\u0131yor.<br \/>\nLufthansada yeni d\u00f6nem kabin bagaj\u0131 \u00fccretli oluyor.<\/p>\n<p>Yeni tarifeye g\u00f6re yolcular sadece k\u00fc\u00e7\u00fck bir ki\u015fisel e\u015fyay\u0131 (\u00f6rne\u011fin \u00e7anta veya laptop \u00e7antas\u0131) \u00fccretsiz alabilecek.<br \/>\nKabin valizi ise art\u0131k ekstra \u00fccretli olacak.<br \/>\nBa\u015flang\u0131\u00e7 fiyat\u0131: en az 15 Euro.<br \/>\nUygulama 19 May\u0131s itibar\u0131yla ge\u00e7erli olacak.<br \/>\nYeni biletler ise 28 Nisan\u2019dan itibaren sat\u0131\u015fa sunuluyor.<\/p>\n<p>\u015eirket bu karar\u0131, yolculara daha d\u00fc\u015f\u00fck ba\u015flang\u0131\u00e7 fiyat\u0131 ve daha fazla se\u00e7enek sunmakla a\u00e7\u0131kl\u0131yor.<br \/>\nAncak t\u00fcketici kurulu\u015flar\u0131, bu t\u00fcr uygulamalar\u0131n yolcular i\u00e7in ek maliyet yaratt\u0131\u011f\u0131n\u0131 savunuyor.<\/p>\n<p>Benzer kurallar halihaz\u0131rda bir\u00e7ok d\u00fc\u015f\u00fck maliyetli havayolunda da uygulan\u0131yor.<\/p>\n<p>Lufthansa, k\u0131sa ve orta mesafeli u\u00e7u\u015flarda art\u0131k kabin boy valizin \u00fccretsiz ta\u015f\u0131nmas\u0131n\u0131 kald\u0131r\u0131yor.<\/p>\n<p>Lufthansa, k\u0131sa ve orta mesafeli u\u00e7u\u015flarda art\u0131k kabin boy valizin \u00fccretsiz ta\u015f\u0131nmas\u0131n\u0131 kald\u0131r\u0131yor.<\/p>\n<p>Lufthansa, k\u0131sa ve orta mesafeli u\u00e7u\u015flarda art\u0131k kabin boy valizin \u00fccretsiz ta\u015f\u0131nmas\u0131n\u0131 kald\u0131r\u0131yor.<\/p>\n<p><img loading=\"lazy\" decoding=\"async\" class=\"alignnone size-medium wp-image-34506\" src=\"https:\/\/avrupapress.com\/main\/wp-content\/uploads\/2026\/04\/WhatsApp-Image-2026-04-27-at-21.56.49-240x300.jpeg\" alt=\"\" width=\"240\" height=\"300\" srcset=\"https:\/\/avrupapress.com\/main\/wp-content\/uploads\/2026\/04\/WhatsApp-Image-2026-04-27-at-21.56.49-240x300.jpeg 240w, https:\/\/avrupapress.com\/main\/wp-content\/uploads\/2026\/04\/WhatsApp-Image-2026-04-27-at-21.56.49-819x1024.jpeg 819w, https:\/\/avrupapress.com\/main\/wp-content\/uploads\/2026\/04\/WhatsApp-Image-2026-04-27-at-21.56.49-768x960.jpeg 768w, https:\/\/avrupapress.com\/main\/wp-content\/uploads\/2026\/04\/WhatsApp-Image-2026-04-27-at-21.56.49.jpeg 1080w\" sizes=\"auto, (max-width: 240px) 100vw, 240px\" \/><\/p>\n<p>&nbsp;<\/p>\n<p><strong>Bilgin\u00a0 Ozcifci\u00a0 \u00a0 \u00a0 \u00a0 \u00a0\/\u00a0 \u00a0 \u00a0 \u00a0 \u00a0AVRUPAPRESS<\/strong><\/p>\n","protected":false},"excerpt":{"rendered":"<p>Lufthansa, k\u0131sa ve orta mesafeli u\u00e7u\u015flarda art\u0131k kabin boy valizin \u00fccretsiz ta\u015f\u0131nmas\u0131n\u0131 kald\u0131r\u0131yor. Lufthansada yeni d\u00f6nem kabin bagaj\u0131 \u00fccretli oluyor. Yeni tarifeye g\u00f6re yolcular sadece k\u00fc\u00e7\u00fck bir ki\u015fisel e\u015fyay\u0131 (\u00f6rne\u011fin \u00e7anta veya laptop \u00e7antas\u0131) \u00fccretsiz alabilecek. Kabin valizi ise art\u0131k ekstra \u00fccretli olacak. Ba\u015flang\u0131\u00e7 fiyat\u0131: en az 15 Euro. Uygulama 19 May\u0131s itibar\u0131yla ge\u00e7erli olacak. [&hellip;]<\/p>\n","protected":false},"author":3,"featured_media":34507,"comment_status":"closed","ping_status":"open","sticky":false,"template":"","format":"standard","meta":{"footnotes":""},"categories":[14,16,3,17,18,15,19,2,1],"tags":[],"class_list":["post-34505","post","type-post","status-publish","format-standard","has-post-thumbnail","hentry","category-avrupa","category-belcika","category-dunya","category-ekonomi","category-kultur-sanat","category-spor","category-tanitim","category-turkiye","category-uncategorized"],"yoast_head":"<!-- This site is optimized with the Yoast SEO plugin v26.9 - https:\/\/yoast.com\/product\/yoast-seo-wordpress\/ -->\n<title>Lufthansada yeni d\u00f6nem kabin bagaj\u0131 \u00fccretli oluyor. - AvrupaPress<\/title>\n<meta name=\"robots\" content=\"index, follow, max-snippet:-1, max-image-preview:large, max-video-preview:-1\" \/>\n<link rel=\"canonical\" href=\"https:\/\/avrupapress.com\/main\/2026\/04\/27\/34505\/\" \/>\n<meta property=\"og:locale\" content=\"fr_FR\" \/>\n<meta property=\"og:type\" content=\"article\" \/>\n<meta property=\"og:title\" content=\"Lufthansada yeni d\u00f6nem kabin bagaj\u0131 \u00fccretli oluyor. - AvrupaPress\" \/>\n<meta property=\"og:description\" content=\"Lufthansa, k\u0131sa ve orta mesafeli u\u00e7u\u015flarda art\u0131k kabin boy valizin \u00fccretsiz ta\u015f\u0131nmas\u0131n\u0131 kald\u0131r\u0131yor. Lufthansada yeni d\u00f6nem kabin bagaj\u0131 \u00fccretli oluyor. Yeni tarifeye g\u00f6re yolcular sadece k\u00fc\u00e7\u00fck bir ki\u015fisel e\u015fyay\u0131 (\u00f6rne\u011fin \u00e7anta veya laptop \u00e7antas\u0131) \u00fccretsiz alabilecek. Kabin valizi ise art\u0131k ekstra \u00fccretli olacak. Ba\u015flang\u0131\u00e7 fiyat\u0131: en az 15 Euro. Uygulama 19 May\u0131s itibar\u0131yla ge\u00e7erli olacak. [&hellip;]\" \/>\n<meta property=\"og:url\" content=\"https:\/\/avrupapress.com\/main\/2026\/04\/27\/34505\/\" \/>\n<meta property=\"og:site_name\" content=\"AvrupaPress\" \/>\n<meta property=\"article:published_time\" content=\"2026-04-27T18:59:35+00:00\" \/>\n<meta property=\"article:modified_time\" content=\"2026-04-27T19:00:30+00:00\" \/>\n<meta property=\"og:image\" content=\"https:\/\/avrupapress.com\/main\/wp-content\/uploads\/2026\/04\/WhatsApp-Image-2026-04-27-at-21.56.49-1-e1777316367609.jpeg\" \/>\n\t<meta property=\"og:image:width\" content=\"1080\" \/>\n\t<meta property=\"og:image:height\" content=\"646\" \/>\n\t<meta property=\"og:image:type\" content=\"image\/jpeg\" \/>\n<meta name=\"author\" content=\"Edit\u00f6r\" \/>\n<meta name=\"twitter:card\" content=\"summary_large_image\" \/>\n<meta name=\"twitter:label1\" content=\"\u00c9crit par\" \/>\n\t<meta name=\"twitter:data1\" content=\"Edit\u00f6r\" \/>\n\t<meta name=\"twitter:label2\" content=\"Dur\u00e9e de lecture est.\" \/>\n\t<meta name=\"twitter:data2\" content=\"2 minutes\" \/>\n<script type=\"application\/ld+json\" class=\"yoast-schema-graph\">{\"@context\":\"https:\/\/schema.org\",\"@graph\":[{\"@type\":\"Article\",\"@id\":\"https:\/\/avrupapress.com\/main\/2026\/04\/27\/34505\/#article\",\"isPartOf\":{\"@id\":\"https:\/\/avrupapress.com\/main\/2026\/04\/27\/34505\/\"},\"author\":{\"name\":\"Edit\u00f6r\",\"@id\":\"https:\/\/avrupapress.com\/#\/schema\/person\/68428444ec60970d1e1b700cf4ca1e8f\"},\"headline\":\"Lufthansada yeni d\u00f6nem kabin bagaj\u0131 \u00fccretli oluyor.\",\"datePublished\":\"2026-04-27T18:59:35+00:00\",\"dateModified\":\"2026-04-27T19:00:30+00:00\",\"mainEntityOfPage\":{\"@id\":\"https:\/\/avrupapress.com\/main\/2026\/04\/27\/34505\/\"},\"wordCount\":206,\"publisher\":{\"@id\":\"https:\/\/avrupapress.com\/#\/schema\/person\/0223dca19c72c43575bf30d1a2d8f4fa\"},\"image\":{\"@id\":\"https:\/\/avrupapress.com\/main\/2026\/04\/27\/34505\/#primaryimage\"},\"thumbnailUrl\":\"https:\/\/avrupapress.com\/main\/wp-content\/uploads\/2026\/04\/WhatsApp-Image-2026-04-27-at-21.56.49-1-e1777316367609.jpeg\",\"articleSection\":[\"Avrupa\",\"Bel\u00e7ika\",\"D\u00fcnya\",\"Ekonomi\",\"K\u00fclt\u00fcr-Sanat\",\"Spor\",\"Tan\u0131t\u0131m\",\"T\u00fcrkiye\",\"Uncategorized\"],\"inLanguage\":\"fr-BE\"},{\"@type\":\"WebPage\",\"@id\":\"https:\/\/avrupapress.com\/main\/2026\/04\/27\/34505\/\",\"url\":\"https:\/\/avrupapress.com\/main\/2026\/04\/27\/34505\/\",\"name\":\"Lufthansada yeni d\u00f6nem kabin bagaj\u0131 \u00fccretli oluyor. - AvrupaPress\",\"isPartOf\":{\"@id\":\"https:\/\/avrupapress.com\/#website\"},\"primaryImageOfPage\":{\"@id\":\"https:\/\/avrupapress.com\/main\/2026\/04\/27\/34505\/#primaryimage\"},\"image\":{\"@id\":\"https:\/\/avrupapress.com\/main\/2026\/04\/27\/34505\/#primaryimage\"},\"thumbnailUrl\":\"https:\/\/avrupapress.com\/main\/wp-content\/uploads\/2026\/04\/WhatsApp-Image-2026-04-27-at-21.56.49-1-e1777316367609.jpeg\",\"datePublished\":\"2026-04-27T18:59:35+00:00\",\"dateModified\":\"2026-04-27T19:00:30+00:00\",\"breadcrumb\":{\"@id\":\"https:\/\/avrupapress.com\/main\/2026\/04\/27\/34505\/#breadcrumb\"},\"inLanguage\":\"fr-BE\",\"potentialAction\":[{\"@type\":\"ReadAction\",\"target\":[\"https:\/\/avrupapress.com\/main\/2026\/04\/27\/34505\/\"]}]},{\"@type\":\"ImageObject\",\"inLanguage\":\"fr-BE\",\"@id\":\"https:\/\/avrupapress.com\/main\/2026\/04\/27\/34505\/#primaryimage\",\"url\":\"https:\/\/avrupapress.com\/main\/wp-content\/uploads\/2026\/04\/WhatsApp-Image-2026-04-27-at-21.56.49-1-e1777316367609.jpeg\",\"contentUrl\":\"https:\/\/avrupapress.com\/main\/wp-content\/uploads\/2026\/04\/WhatsApp-Image-2026-04-27-at-21.56.49-1-e1777316367609.jpeg\",\"width\":1080,\"height\":646},{\"@type\":\"BreadcrumbList\",\"@id\":\"https:\/\/avrupapress.com\/main\/2026\/04\/27\/34505\/#breadcrumb\",\"itemListElement\":[{\"@type\":\"ListItem\",\"position\":1,\"name\":\"Anasayfa\",\"item\":\"https:\/\/avrupapress.com\/\"},{\"@type\":\"ListItem\",\"position\":2,\"name\":\"Lufthansada yeni d\u00f6nem kabin bagaj\u0131 \u00fccretli oluyor.\"}]},{\"@type\":\"WebSite\",\"@id\":\"https:\/\/avrupapress.com\/#website\",\"url\":\"https:\/\/avrupapress.com\/\",\"name\":\"AvrupaPress\",\"description\":\"Haberin Adresi\",\"publisher\":{\"@id\":\"https:\/\/avrupapress.com\/#\/schema\/person\/0223dca19c72c43575bf30d1a2d8f4fa\"},\"potentialAction\":[{\"@type\":\"SearchAction\",\"target\":{\"@type\":\"EntryPoint\",\"urlTemplate\":\"https:\/\/avrupapress.com\/?s={search_term_string}\"},\"query-input\":{\"@type\":\"PropertyValueSpecification\",\"valueRequired\":true,\"valueName\":\"search_term_string\"}}],\"inLanguage\":\"fr-BE\"},{\"@type\":[\"Person\",\"Organization\"],\"@id\":\"https:\/\/avrupapress.com\/#\/schema\/person\/0223dca19c72c43575bf30d1a2d8f4fa\",\"name\":\"Bilgin \u00d6z\u00e7ift\u00e7i\",\"image\":{\"@type\":\"ImageObject\",\"inLanguage\":\"fr-BE\",\"@id\":\"https:\/\/avrupapress.com\/#\/schema\/person\/image\/\",\"url\":\"https:\/\/secure.gravatar.com\/avatar\/0f23b280433a21e1ea7a0adcc46ed0ad16afe3ad8e630fd13d8a017dcbd54ef3?s=96&d=mm&r=g\",\"contentUrl\":\"https:\/\/secure.gravatar.com\/avatar\/0f23b280433a21e1ea7a0adcc46ed0ad16afe3ad8e630fd13d8a017dcbd54ef3?s=96&d=mm&r=g\",\"caption\":\"Bilgin \u00d6z\u00e7ift\u00e7i\"},\"logo\":{\"@id\":\"https:\/\/avrupapress.com\/#\/schema\/person\/image\/\"},\"description\":\"Ne ben, nede sen... Biz ancak \\\"biz\\\" olursak g\u00fc\u00e7l\u00fc olabiliriz\"},{\"@type\":\"Person\",\"@id\":\"https:\/\/avrupapress.com\/#\/schema\/person\/68428444ec60970d1e1b700cf4ca1e8f\",\"name\":\"Edit\u00f6r\",\"image\":{\"@type\":\"ImageObject\",\"inLanguage\":\"fr-BE\",\"@id\":\"https:\/\/avrupapress.com\/#\/schema\/person\/image\/\",\"url\":\"https:\/\/secure.gravatar.com\/avatar\/74996b0977aa5f1559ba9883776652508b229005c0d78fb2597897f0bd651c09?s=96&d=mm&r=g\",\"contentUrl\":\"https:\/\/secure.gravatar.com\/avatar\/74996b0977aa5f1559ba9883776652508b229005c0d78fb2597897f0bd651c09?s=96&d=mm&r=g\",\"caption\":\"Edit\u00f6r\"},\"sameAs\":[\"http:\/\/www.avrupapress.com\"],\"url\":\"https:\/\/avrupapress.com\/main\/author\/editor\/\"}]}<\/script>\n<!-- \/ Yoast SEO plugin. -->","yoast_head_json":{"title":"Lufthansada yeni d\u00f6nem kabin bagaj\u0131 \u00fccretli oluyor. - AvrupaPress","robots":{"index":"index","follow":"follow","max-snippet":"max-snippet:-1","max-image-preview":"max-image-preview:large","max-video-preview":"max-video-preview:-1"},"canonical":"https:\/\/avrupapress.com\/main\/2026\/04\/27\/34505\/","og_locale":"fr_FR","og_type":"article","og_title":"Lufthansada yeni d\u00f6nem kabin bagaj\u0131 \u00fccretli oluyor. - AvrupaPress","og_description":"Lufthansa, k\u0131sa ve orta mesafeli u\u00e7u\u015flarda art\u0131k kabin boy valizin \u00fccretsiz ta\u015f\u0131nmas\u0131n\u0131 kald\u0131r\u0131yor. Lufthansada yeni d\u00f6nem kabin bagaj\u0131 \u00fccretli oluyor. Yeni tarifeye g\u00f6re yolcular sadece k\u00fc\u00e7\u00fck bir ki\u015fisel e\u015fyay\u0131 (\u00f6rne\u011fin \u00e7anta veya laptop \u00e7antas\u0131) \u00fccretsiz alabilecek. Kabin valizi ise art\u0131k ekstra \u00fccretli olacak. Ba\u015flang\u0131\u00e7 fiyat\u0131: en az 15 Euro. Uygulama 19 May\u0131s itibar\u0131yla ge\u00e7erli olacak. [&hellip;]","og_url":"https:\/\/avrupapress.com\/main\/2026\/04\/27\/34505\/","og_site_name":"AvrupaPress","article_published_time":"2026-04-27T18:59:35+00:00","article_modified_time":"2026-04-27T19:00:30+00:00","og_image":[{"width":1080,"height":646,"url":"https:\/\/avrupapress.com\/main\/wp-content\/uploads\/2026\/04\/WhatsApp-Image-2026-04-27-at-21.56.49-1-e1777316367609.jpeg","type":"image\/jpeg"}],"author":"Edit\u00f6r","twitter_card":"summary_large_image","twitter_misc":{"\u00c9crit par":"Edit\u00f6r","Dur\u00e9e de lecture est.":"2 minutes"},"schema":{"@context":"https:\/\/schema.org","@graph":[{"@type":"Article","@id":"https:\/\/avrupapress.com\/main\/2026\/04\/27\/34505\/#article","isPartOf":{"@id":"https:\/\/avrupapress.com\/main\/2026\/04\/27\/34505\/"},"author":{"name":"Edit\u00f6r","@id":"https:\/\/avrupapress.com\/#\/schema\/person\/68428444ec60970d1e1b700cf4ca1e8f"},"headline":"Lufthansada yeni d\u00f6nem kabin bagaj\u0131 \u00fccretli oluyor.","datePublished":"2026-04-27T18:59:35+00:00","dateModified":"2026-04-27T19:00:30+00:00","mainEntityOfPage":{"@id":"https:\/\/avrupapress.com\/main\/2026\/04\/27\/34505\/"},"wordCount":206,"publisher":{"@id":"https:\/\/avrupapress.com\/#\/schema\/person\/0223dca19c72c43575bf30d1a2d8f4fa"},"image":{"@id":"https:\/\/avrupapress.com\/main\/2026\/04\/27\/34505\/#primaryimage"},"thumbnailUrl":"https:\/\/avrupapress.com\/main\/wp-content\/uploads\/2026\/04\/WhatsApp-Image-2026-04-27-at-21.56.49-1-e1777316367609.jpeg","articleSection":["Avrupa","Bel\u00e7ika","D\u00fcnya","Ekonomi","K\u00fclt\u00fcr-Sanat","Spor","Tan\u0131t\u0131m","T\u00fcrkiye","Uncategorized"],"inLanguage":"fr-BE"},{"@type":"WebPage","@id":"https:\/\/avrupapress.com\/main\/2026\/04\/27\/34505\/","url":"https:\/\/avrupapress.com\/main\/2026\/04\/27\/34505\/","name":"Lufthansada yeni d\u00f6nem kabin bagaj\u0131 \u00fccretli oluyor. - AvrupaPress","isPartOf":{"@id":"https:\/\/avrupapress.com\/#website"},"primaryImageOfPage":{"@id":"https:\/\/avrupapress.com\/main\/2026\/04\/27\/34505\/#primaryimage"},"image":{"@id":"https:\/\/avrupapress.com\/main\/2026\/04\/27\/34505\/#primaryimage"},"thumbnailUrl":"https:\/\/avrupapress.com\/main\/wp-content\/uploads\/2026\/04\/WhatsApp-Image-2026-04-27-at-21.56.49-1-e1777316367609.jpeg","datePublished":"2026-04-27T18:59:35+00:00","dateModified":"2026-04-27T19:00:30+00:00","breadcrumb":{"@id":"https:\/\/avrupapress.com\/main\/2026\/04\/27\/34505\/#breadcrumb"},"inLanguage":"fr-BE","potentialAction":[{"@type":"ReadAction","target":["https:\/\/avrupapress.com\/main\/2026\/04\/27\/34505\/"]}]},{"@type":"ImageObject","inLanguage":"fr-BE","@id":"https:\/\/avrupapress.com\/main\/2026\/04\/27\/34505\/#primaryimage","url":"https:\/\/avrupapress.com\/main\/wp-content\/uploads\/2026\/04\/WhatsApp-Image-2026-04-27-at-21.56.49-1-e1777316367609.jpeg","contentUrl":"https:\/\/avrupapress.com\/main\/wp-content\/uploads\/2026\/04\/WhatsApp-Image-2026-04-27-at-21.56.49-1-e1777316367609.jpeg","width":1080,"height":646},{"@type":"BreadcrumbList","@id":"https:\/\/avrupapress.com\/main\/2026\/04\/27\/34505\/#breadcrumb","itemListElement":[{"@type":"ListItem","position":1,"name":"Anasayfa","item":"https:\/\/avrupapress.com\/"},{"@type":"ListItem","position":2,"name":"Lufthansada yeni d\u00f6nem kabin bagaj\u0131 \u00fccretli oluyor."}]},{"@type":"WebSite","@id":"https:\/\/avrupapress.com\/#website","url":"https:\/\/avrupapress.com\/","name":"AvrupaPress","description":"Haberin Adresi","publisher":{"@id":"https:\/\/avrupapress.com\/#\/schema\/person\/0223dca19c72c43575bf30d1a2d8f4fa"},"potentialAction":[{"@type":"SearchAction","target":{"@type":"EntryPoint","urlTemplate":"https:\/\/avrupapress.com\/?s={search_term_string}"},"query-input":{"@type":"PropertyValueSpecification","valueRequired":true,"valueName":"search_term_string"}}],"inLanguage":"fr-BE"},{"@type":["Person","Organization"],"@id":"https:\/\/avrupapress.com\/#\/schema\/person\/0223dca19c72c43575bf30d1a2d8f4fa","name":"Bilgin \u00d6z\u00e7ift\u00e7i","image":{"@type":"ImageObject","inLanguage":"fr-BE","@id":"https:\/\/avrupapress.com\/#\/schema\/person\/image\/","url":"https:\/\/secure.gravatar.com\/avatar\/0f23b280433a21e1ea7a0adcc46ed0ad16afe3ad8e630fd13d8a017dcbd54ef3?s=96&d=mm&r=g","contentUrl":"https:\/\/secure.gravatar.com\/avatar\/0f23b280433a21e1ea7a0adcc46ed0ad16afe3ad8e630fd13d8a017dcbd54ef3?s=96&d=mm&r=g","caption":"Bilgin \u00d6z\u00e7ift\u00e7i"},"logo":{"@id":"https:\/\/avrupapress.com\/#\/schema\/person\/image\/"},"description":"Ne ben, nede sen... Biz ancak \"biz\" olursak g\u00fc\u00e7l\u00fc olabiliriz"},{"@type":"Person","@id":"https:\/\/avrupapress.com\/#\/schema\/person\/68428444ec60970d1e1b700cf4ca1e8f","name":"Edit\u00f6r","image":{"@type":"ImageObject","inLanguage":"fr-BE","@id":"https:\/\/avrupapress.com\/#\/schema\/person\/image\/","url":"https:\/\/secure.gravatar.com\/avatar\/74996b0977aa5f1559ba9883776652508b229005c0d78fb2597897f0bd651c09?s=96&d=mm&r=g","contentUrl":"https:\/\/secure.gravatar.com\/avatar\/74996b0977aa5f1559ba9883776652508b229005c0d78fb2597897f0bd651c09?s=96&d=mm&r=g","caption":"Edit\u00f6r"},"sameAs":["http:\/\/www.avrupapress.com"],"url":"https:\/\/avrupapress.com\/main\/author\/editor\/"}]}},"_links":{"self":[{"href":"https:\/\/avrupapress.com\/main\/wp-json\/wp\/v2\/posts\/34505","targetHints":{"allow":["GET"]}}],"collection":[{"href":"https:\/\/avrupapress.com\/main\/wp-json\/wp\/v2\/posts"}],"about":[{"href":"https:\/\/avrupapress.com\/main\/wp-json\/wp\/v2\/types\/post"}],"author":[{"embeddable":true,"href":"https:\/\/avrupapress.com\/main\/wp-json\/wp\/v2\/users\/3"}],"replies":[{"embeddable":true,"href":"https:\/\/avrupapress.com\/main\/wp-json\/wp\/v2\/comments?post=34505"}],"version-history":[{"count":2,"href":"https:\/\/avrupapress.com\/main\/wp-json\/wp\/v2\/posts\/34505\/revisions"}],"predecessor-version":[{"id":34509,"href":"https:\/\/avrupapress.com\/main\/wp-json\/wp\/v2\/posts\/34505\/revisions\/34509"}],"wp:featuredmedia":[{"embeddable":true,"href":"https:\/\/avrupapress.com\/main\/wp-json\/wp\/v2\/media\/34507"}],"wp:attachment":[{"href":"https:\/\/avrupapress.com\/main\/wp-json\/wp\/v2\/media?parent=34505"}],"wp:term":[{"taxonomy":"category","embeddable":true,"href":"https:\/\/avrupapress.com\/main\/wp-json\/wp\/v2\/categories?post=34505"},{"taxonomy":"post_tag","embeddable":true,"href":"https:\/\/avrupapress.com\/main\/wp-json\/wp\/v2\/tags?post=34505"}],"curies":[{"name":"wp","href":"https:\/\/api.w.org\/{rel}","templated":true}]}}