{"id":34498,"date":"2026-04-26T06:13:49","date_gmt":"2026-04-26T06:13:49","guid":{"rendered":"https:\/\/avrupapress.com\/main\/?p=34498"},"modified":"2026-04-26T06:15:14","modified_gmt":"2026-04-26T06:15:14","slug":"biz-yine-hikayenin-kenarindaydik-bitlisin-kadim-kulturu-bu-kez-istanbulda-sahne-aldi","status":"publish","type":"post","link":"https:\/\/avrupapress.com\/main\/2026\/04\/26\/biz-yine-hikayenin-kenarindaydik-bitlisin-kadim-kulturu-bu-kez-istanbulda-sahne-aldi\/","title":{"rendered":"Biz Yine Hik\u00e2yenin Kenar\u0131ndayd\u0131k Bitlis\u2019in kadim k\u00fclt\u00fcr\u00fc bu kez \u0130stanbul\u2019da sahne ald\u0131&#8230;"},"content":{"rendered":"<p><strong>Biz Yine Hik\u00e2yenin Kenar\u0131ndayd\u0131k<\/strong><br \/>\n<strong>Bitlis\u2019in kadim k\u00fclt\u00fcr\u00fc bu kez \u0130stanbul\u2019da sahne ald\u0131.<\/strong><br \/>\nI\u015f\u0131klar yerindeydi, salon doluydu, programlar \u00f6zenle haz\u0131rlanm\u0131\u015ft\u0131.<br \/>\nKonu\u015fmalar yap\u0131ld\u0131, ustalar anlat\u0131ld\u0131, ge\u00e7mi\u015f bir kez daha gelece\u011fe selam verdi.<br \/>\nBiz de her zamanki gibi takipteydik.<br \/>\nYerimizden de\u011fil\u2026 al\u0131\u015ft\u0131\u011f\u0131m\u0131z y\u00f6ntemle:<br \/>\nFoto\u011fraflar\u0131n i\u00e7inden \ud83d\ude04<br \/>\n\u015eimdi yanl\u0131\u015f anla\u015f\u0131lmas\u0131n,<br \/>\nbu bir \u201cniye \u00e7a\u011fr\u0131lmad\u0131k\u201d yaz\u0131s\u0131 de\u011fil.<br \/>\nBiz o defteri \u00e7oktan kapatt\u0131k.<br \/>\nAma insan ister istemez d\u00fc\u015f\u00fcn\u00fcyor:<br \/>\n\u201cHani biz genelde bu i\u015flerin i\u00e7indeydik?\u201d diye.<br \/>\n\u00c7\u00fcnk\u00fc bizim meslek biraz tuhaf\u2026<br \/>\nDavetiye gelmese de gideriz,<br \/>\n\u00e7a\u011fr\u0131lmasak da duyar\u0131z,<br \/>\ngitmesek de yazar\u0131z.<br \/>\nYani bir \u015fekilde oraday\u0131z asl\u0131nda.<br \/>\nBu kez sadece k\u00fc\u00e7\u00fck bir fark vard\u0131:<br \/>\nBiz salonda de\u011fil,<br \/>\nhik\u00e2yenin biraz d\u0131\u015f\u0131nda kald\u0131k.<br \/>\nAma yine de vazge\u00e7medik.<br \/>\nFoto\u011fraflara bakt\u0131k, sat\u0131r aralar\u0131n\u0131 okuduk,<br \/>\nve i\u00e7imizden \u015fu ge\u00e7ti:<br \/>\n\u201cDemek ki g\u00fczel ge\u00e7mi\u015f\u2026\u201d \ud83d\ude04<br \/>\nHani olur ya, bir ortamda herkes bulunur,<br \/>\nsen sonradan \u00f6\u011frenirsin\u2026<br \/>\n\u201c\u00c7ay da i\u00e7ilmi\u015f, sohbet de g\u00fczelmi\u015f\u201d dersin.<br \/>\nBizimkisi tam olarak o.<br \/>\nAma i\u015fin en g\u00fczel taraf\u0131 \u015fu:<br \/>\nBiz yine de o hik\u00e2yeyi sahipleniyoruz.<br \/>\n\u00c7\u00fcnk\u00fc mesele sadece davet edilmek de\u011fil,<br \/>\nanlat\u0131lmaya de\u011fer olan\u0131 g\u00f6rmek.<br \/>\nBiz mikrofonu kapmay\u0131z belki\u2026<br \/>\nama tutulmas\u0131 gereken yerde tutar\u0131z.<br \/>\nKameran\u0131n \u00f6n\u00fcnde de\u011filizdir \u00e7o\u011fu zaman,<br \/>\nama kadraj\u0131n d\u0131\u015f\u0131nda olan\u0131 da biliriz.<br \/>\nVe \u015funu \u00e7ok iyi biliriz:<br \/>\nBir \u015fehir ne kadar anlat\u0131l\u0131rsa, o kadar b\u00fcy\u00fcr.<br \/>\nO y\u00fczden biz buraday\u0131z.<br \/>\nDavetiyeli ya da davetiyesiz\u2026 fark etmez.<br \/>\nBir dahaki programda belki salonda oluruz,<br \/>\nbelki yine foto\u011fraflardan izleriz.<br \/>\nAma sonu\u00e7 de\u011fi\u015fmez:<br \/>\nBiz yine yazar\u0131z \ud83d\ude04<\/p>\n<p><img loading=\"lazy\" decoding=\"async\" class=\"alignnone size-medium wp-image-34499\" src=\"https:\/\/avrupapress.com\/main\/wp-content\/uploads\/2026\/04\/WhatsApp-Image-2026-04-26-at-09.11.36-223x300.jpeg\" alt=\"\" width=\"223\" height=\"300\" srcset=\"https:\/\/avrupapress.com\/main\/wp-content\/uploads\/2026\/04\/WhatsApp-Image-2026-04-26-at-09.11.36-223x300.jpeg 223w, https:\/\/avrupapress.com\/main\/wp-content\/uploads\/2026\/04\/WhatsApp-Image-2026-04-26-at-09.11.36-760x1024.jpeg 760w, https:\/\/avrupapress.com\/main\/wp-content\/uploads\/2026\/04\/WhatsApp-Image-2026-04-26-at-09.11.36-768x1035.jpeg 768w, https:\/\/avrupapress.com\/main\/wp-content\/uploads\/2026\/04\/WhatsApp-Image-2026-04-26-at-09.11.36.jpeg 890w\" sizes=\"auto, (max-width: 223px) 100vw, 223px\" \/><\/p>\n<p><strong>K\u00fcbra A\u00e7ar \/ AVRUPAPRESS<\/strong><\/p>\n","protected":false},"excerpt":{"rendered":"<p>Biz Yine Hik\u00e2yenin Kenar\u0131ndayd\u0131k Bitlis\u2019in kadim k\u00fclt\u00fcr\u00fc bu kez \u0130stanbul\u2019da sahne ald\u0131. I\u015f\u0131klar yerindeydi, salon doluydu, programlar \u00f6zenle haz\u0131rlanm\u0131\u015ft\u0131. Konu\u015fmalar yap\u0131ld\u0131, ustalar anlat\u0131ld\u0131, ge\u00e7mi\u015f bir kez daha gelece\u011fe selam verdi. Biz de her zamanki gibi takipteydik. Yerimizden de\u011fil\u2026 al\u0131\u015ft\u0131\u011f\u0131m\u0131z y\u00f6ntemle: Foto\u011fraflar\u0131n i\u00e7inden \ud83d\ude04 \u015eimdi yanl\u0131\u015f anla\u015f\u0131lmas\u0131n, bu bir \u201cniye \u00e7a\u011fr\u0131lmad\u0131k\u201d yaz\u0131s\u0131 de\u011fil. Biz o defteri [&hellip;]<\/p>\n","protected":false},"author":3,"featured_media":34500,"comment_status":"closed","ping_status":"open","sticky":false,"template":"","format":"standard","meta":{"footnotes":""},"categories":[14,16,3,17,18,15,19,2,1],"tags":[],"class_list":["post-34498","post","type-post","status-publish","format-standard","has-post-thumbnail","hentry","category-avrupa","category-belcika","category-dunya","category-ekonomi","category-kultur-sanat","category-spor","category-tanitim","category-turkiye","category-uncategorized"],"yoast_head":"<!-- This site is optimized with the Yoast SEO plugin v26.9 - https:\/\/yoast.com\/product\/yoast-seo-wordpress\/ -->\n<title>Biz Yine Hik\u00e2yenin Kenar\u0131ndayd\u0131k Bitlis\u2019in kadim k\u00fclt\u00fcr\u00fc bu kez \u0130stanbul\u2019da sahne ald\u0131... - AvrupaPress<\/title>\n<meta name=\"robots\" content=\"index, follow, max-snippet:-1, max-image-preview:large, max-video-preview:-1\" \/>\n<link rel=\"canonical\" href=\"https:\/\/avrupapress.com\/main\/2026\/04\/26\/biz-yine-hikayenin-kenarindaydik-bitlisin-kadim-kulturu-bu-kez-istanbulda-sahne-aldi\/\" \/>\n<meta property=\"og:locale\" content=\"fr_FR\" \/>\n<meta property=\"og:type\" content=\"article\" \/>\n<meta property=\"og:title\" content=\"Biz Yine Hik\u00e2yenin Kenar\u0131ndayd\u0131k Bitlis\u2019in kadim k\u00fclt\u00fcr\u00fc bu kez \u0130stanbul\u2019da sahne ald\u0131... - AvrupaPress\" \/>\n<meta property=\"og:description\" content=\"Biz Yine Hik\u00e2yenin Kenar\u0131ndayd\u0131k Bitlis\u2019in kadim k\u00fclt\u00fcr\u00fc bu kez \u0130stanbul\u2019da sahne ald\u0131. I\u015f\u0131klar yerindeydi, salon doluydu, programlar \u00f6zenle haz\u0131rlanm\u0131\u015ft\u0131. Konu\u015fmalar yap\u0131ld\u0131, ustalar anlat\u0131ld\u0131, ge\u00e7mi\u015f bir kez daha gelece\u011fe selam verdi. Biz de her zamanki gibi takipteydik. Yerimizden de\u011fil\u2026 al\u0131\u015ft\u0131\u011f\u0131m\u0131z y\u00f6ntemle: Foto\u011fraflar\u0131n i\u00e7inden \ud83d\ude04 \u015eimdi yanl\u0131\u015f anla\u015f\u0131lmas\u0131n, bu bir \u201cniye \u00e7a\u011fr\u0131lmad\u0131k\u201d yaz\u0131s\u0131 de\u011fil. Biz o defteri [&hellip;]\" \/>\n<meta property=\"og:url\" content=\"https:\/\/avrupapress.com\/main\/2026\/04\/26\/biz-yine-hikayenin-kenarindaydik-bitlisin-kadim-kulturu-bu-kez-istanbulda-sahne-aldi\/\" \/>\n<meta property=\"og:site_name\" content=\"AvrupaPress\" \/>\n<meta property=\"article:published_time\" content=\"2026-04-26T06:13:49+00:00\" \/>\n<meta property=\"article:modified_time\" content=\"2026-04-26T06:15:14+00:00\" \/>\n<meta property=\"og:image\" content=\"https:\/\/avrupapress.com\/main\/wp-content\/uploads\/2026\/04\/WhatsApp-Image-2026-04-26-at-09.10.36-e1777184103976.jpeg\" \/>\n\t<meta property=\"og:image:width\" content=\"1080\" \/>\n\t<meta property=\"og:image:height\" content=\"648\" \/>\n\t<meta property=\"og:image:type\" content=\"image\/jpeg\" \/>\n<meta name=\"author\" content=\"Edit\u00f6r\" \/>\n<meta name=\"twitter:card\" content=\"summary_large_image\" \/>\n<meta name=\"twitter:label1\" content=\"\u00c9crit par\" \/>\n\t<meta name=\"twitter:data1\" content=\"Edit\u00f6r\" \/>\n\t<meta name=\"twitter:label2\" content=\"Dur\u00e9e de lecture est.\" \/>\n\t<meta name=\"twitter:data2\" content=\"2 minutes\" \/>\n<script type=\"application\/ld+json\" class=\"yoast-schema-graph\">{\"@context\":\"https:\/\/schema.org\",\"@graph\":[{\"@type\":\"Article\",\"@id\":\"https:\/\/avrupapress.com\/main\/2026\/04\/26\/biz-yine-hikayenin-kenarindaydik-bitlisin-kadim-kulturu-bu-kez-istanbulda-sahne-aldi\/#article\",\"isPartOf\":{\"@id\":\"https:\/\/avrupapress.com\/main\/2026\/04\/26\/biz-yine-hikayenin-kenarindaydik-bitlisin-kadim-kulturu-bu-kez-istanbulda-sahne-aldi\/\"},\"author\":{\"name\":\"Edit\u00f6r\",\"@id\":\"https:\/\/avrupapress.com\/#\/schema\/person\/68428444ec60970d1e1b700cf4ca1e8f\"},\"headline\":\"Biz Yine Hik\u00e2yenin Kenar\u0131ndayd\u0131k Bitlis\u2019in kadim k\u00fclt\u00fcr\u00fc bu kez \u0130stanbul\u2019da sahne ald\u0131&#8230;\",\"datePublished\":\"2026-04-26T06:13:49+00:00\",\"dateModified\":\"2026-04-26T06:15:14+00:00\",\"mainEntityOfPage\":{\"@id\":\"https:\/\/avrupapress.com\/main\/2026\/04\/26\/biz-yine-hikayenin-kenarindaydik-bitlisin-kadim-kulturu-bu-kez-istanbulda-sahne-aldi\/\"},\"wordCount\":327,\"publisher\":{\"@id\":\"https:\/\/avrupapress.com\/#\/schema\/person\/0223dca19c72c43575bf30d1a2d8f4fa\"},\"image\":{\"@id\":\"https:\/\/avrupapress.com\/main\/2026\/04\/26\/biz-yine-hikayenin-kenarindaydik-bitlisin-kadim-kulturu-bu-kez-istanbulda-sahne-aldi\/#primaryimage\"},\"thumbnailUrl\":\"https:\/\/avrupapress.com\/main\/wp-content\/uploads\/2026\/04\/WhatsApp-Image-2026-04-26-at-09.10.36-e1777184103976.jpeg\",\"articleSection\":[\"Avrupa\",\"Bel\u00e7ika\",\"D\u00fcnya\",\"Ekonomi\",\"K\u00fclt\u00fcr-Sanat\",\"Spor\",\"Tan\u0131t\u0131m\",\"T\u00fcrkiye\",\"Uncategorized\"],\"inLanguage\":\"fr-BE\"},{\"@type\":\"WebPage\",\"@id\":\"https:\/\/avrupapress.com\/main\/2026\/04\/26\/biz-yine-hikayenin-kenarindaydik-bitlisin-kadim-kulturu-bu-kez-istanbulda-sahne-aldi\/\",\"url\":\"https:\/\/avrupapress.com\/main\/2026\/04\/26\/biz-yine-hikayenin-kenarindaydik-bitlisin-kadim-kulturu-bu-kez-istanbulda-sahne-aldi\/\",\"name\":\"Biz Yine Hik\u00e2yenin Kenar\u0131ndayd\u0131k Bitlis\u2019in kadim k\u00fclt\u00fcr\u00fc bu kez \u0130stanbul\u2019da sahne ald\u0131... - AvrupaPress\",\"isPartOf\":{\"@id\":\"https:\/\/avrupapress.com\/#website\"},\"primaryImageOfPage\":{\"@id\":\"https:\/\/avrupapress.com\/main\/2026\/04\/26\/biz-yine-hikayenin-kenarindaydik-bitlisin-kadim-kulturu-bu-kez-istanbulda-sahne-aldi\/#primaryimage\"},\"image\":{\"@id\":\"https:\/\/avrupapress.com\/main\/2026\/04\/26\/biz-yine-hikayenin-kenarindaydik-bitlisin-kadim-kulturu-bu-kez-istanbulda-sahne-aldi\/#primaryimage\"},\"thumbnailUrl\":\"https:\/\/avrupapress.com\/main\/wp-content\/uploads\/2026\/04\/WhatsApp-Image-2026-04-26-at-09.10.36-e1777184103976.jpeg\",\"datePublished\":\"2026-04-26T06:13:49+00:00\",\"dateModified\":\"2026-04-26T06:15:14+00:00\",\"breadcrumb\":{\"@id\":\"https:\/\/avrupapress.com\/main\/2026\/04\/26\/biz-yine-hikayenin-kenarindaydik-bitlisin-kadim-kulturu-bu-kez-istanbulda-sahne-aldi\/#breadcrumb\"},\"inLanguage\":\"fr-BE\",\"potentialAction\":[{\"@type\":\"ReadAction\",\"target\":[\"https:\/\/avrupapress.com\/main\/2026\/04\/26\/biz-yine-hikayenin-kenarindaydik-bitlisin-kadim-kulturu-bu-kez-istanbulda-sahne-aldi\/\"]}]},{\"@type\":\"ImageObject\",\"inLanguage\":\"fr-BE\",\"@id\":\"https:\/\/avrupapress.com\/main\/2026\/04\/26\/biz-yine-hikayenin-kenarindaydik-bitlisin-kadim-kulturu-bu-kez-istanbulda-sahne-aldi\/#primaryimage\",\"url\":\"https:\/\/avrupapress.com\/main\/wp-content\/uploads\/2026\/04\/WhatsApp-Image-2026-04-26-at-09.10.36-e1777184103976.jpeg\",\"contentUrl\":\"https:\/\/avrupapress.com\/main\/wp-content\/uploads\/2026\/04\/WhatsApp-Image-2026-04-26-at-09.10.36-e1777184103976.jpeg\",\"width\":1080,\"height\":648},{\"@type\":\"BreadcrumbList\",\"@id\":\"https:\/\/avrupapress.com\/main\/2026\/04\/26\/biz-yine-hikayenin-kenarindaydik-bitlisin-kadim-kulturu-bu-kez-istanbulda-sahne-aldi\/#breadcrumb\",\"itemListElement\":[{\"@type\":\"ListItem\",\"position\":1,\"name\":\"Anasayfa\",\"item\":\"https:\/\/avrupapress.com\/\"},{\"@type\":\"ListItem\",\"position\":2,\"name\":\"Biz Yine Hik\u00e2yenin Kenar\u0131ndayd\u0131k Bitlis\u2019in kadim k\u00fclt\u00fcr\u00fc bu kez \u0130stanbul\u2019da sahne ald\u0131&#8230;\"}]},{\"@type\":\"WebSite\",\"@id\":\"https:\/\/avrupapress.com\/#website\",\"url\":\"https:\/\/avrupapress.com\/\",\"name\":\"AvrupaPress\",\"description\":\"Haberin Adresi\",\"publisher\":{\"@id\":\"https:\/\/avrupapress.com\/#\/schema\/person\/0223dca19c72c43575bf30d1a2d8f4fa\"},\"potentialAction\":[{\"@type\":\"SearchAction\",\"target\":{\"@type\":\"EntryPoint\",\"urlTemplate\":\"https:\/\/avrupapress.com\/?s={search_term_string}\"},\"query-input\":{\"@type\":\"PropertyValueSpecification\",\"valueRequired\":true,\"valueName\":\"search_term_string\"}}],\"inLanguage\":\"fr-BE\"},{\"@type\":[\"Person\",\"Organization\"],\"@id\":\"https:\/\/avrupapress.com\/#\/schema\/person\/0223dca19c72c43575bf30d1a2d8f4fa\",\"name\":\"Bilgin \u00d6z\u00e7ift\u00e7i\",\"image\":{\"@type\":\"ImageObject\",\"inLanguage\":\"fr-BE\",\"@id\":\"https:\/\/avrupapress.com\/#\/schema\/person\/image\/\",\"url\":\"https:\/\/secure.gravatar.com\/avatar\/0f23b280433a21e1ea7a0adcc46ed0ad16afe3ad8e630fd13d8a017dcbd54ef3?s=96&d=mm&r=g\",\"contentUrl\":\"https:\/\/secure.gravatar.com\/avatar\/0f23b280433a21e1ea7a0adcc46ed0ad16afe3ad8e630fd13d8a017dcbd54ef3?s=96&d=mm&r=g\",\"caption\":\"Bilgin \u00d6z\u00e7ift\u00e7i\"},\"logo\":{\"@id\":\"https:\/\/avrupapress.com\/#\/schema\/person\/image\/\"},\"description\":\"Ne ben, nede sen... Biz ancak \\\"biz\\\" olursak g\u00fc\u00e7l\u00fc olabiliriz\"},{\"@type\":\"Person\",\"@id\":\"https:\/\/avrupapress.com\/#\/schema\/person\/68428444ec60970d1e1b700cf4ca1e8f\",\"name\":\"Edit\u00f6r\",\"image\":{\"@type\":\"ImageObject\",\"inLanguage\":\"fr-BE\",\"@id\":\"https:\/\/avrupapress.com\/#\/schema\/person\/image\/\",\"url\":\"https:\/\/secure.gravatar.com\/avatar\/74996b0977aa5f1559ba9883776652508b229005c0d78fb2597897f0bd651c09?s=96&d=mm&r=g\",\"contentUrl\":\"https:\/\/secure.gravatar.com\/avatar\/74996b0977aa5f1559ba9883776652508b229005c0d78fb2597897f0bd651c09?s=96&d=mm&r=g\",\"caption\":\"Edit\u00f6r\"},\"sameAs\":[\"http:\/\/www.avrupapress.com\"],\"url\":\"https:\/\/avrupapress.com\/main\/author\/editor\/\"}]}<\/script>\n<!-- \/ Yoast SEO plugin. -->","yoast_head_json":{"title":"Biz Yine Hik\u00e2yenin Kenar\u0131ndayd\u0131k Bitlis\u2019in kadim k\u00fclt\u00fcr\u00fc bu kez \u0130stanbul\u2019da sahne ald\u0131... - AvrupaPress","robots":{"index":"index","follow":"follow","max-snippet":"max-snippet:-1","max-image-preview":"max-image-preview:large","max-video-preview":"max-video-preview:-1"},"canonical":"https:\/\/avrupapress.com\/main\/2026\/04\/26\/biz-yine-hikayenin-kenarindaydik-bitlisin-kadim-kulturu-bu-kez-istanbulda-sahne-aldi\/","og_locale":"fr_FR","og_type":"article","og_title":"Biz Yine Hik\u00e2yenin Kenar\u0131ndayd\u0131k Bitlis\u2019in kadim k\u00fclt\u00fcr\u00fc bu kez \u0130stanbul\u2019da sahne ald\u0131... - AvrupaPress","og_description":"Biz Yine Hik\u00e2yenin Kenar\u0131ndayd\u0131k Bitlis\u2019in kadim k\u00fclt\u00fcr\u00fc bu kez \u0130stanbul\u2019da sahne ald\u0131. I\u015f\u0131klar yerindeydi, salon doluydu, programlar \u00f6zenle haz\u0131rlanm\u0131\u015ft\u0131. Konu\u015fmalar yap\u0131ld\u0131, ustalar anlat\u0131ld\u0131, ge\u00e7mi\u015f bir kez daha gelece\u011fe selam verdi. Biz de her zamanki gibi takipteydik. Yerimizden de\u011fil\u2026 al\u0131\u015ft\u0131\u011f\u0131m\u0131z y\u00f6ntemle: Foto\u011fraflar\u0131n i\u00e7inden \ud83d\ude04 \u015eimdi yanl\u0131\u015f anla\u015f\u0131lmas\u0131n, bu bir \u201cniye \u00e7a\u011fr\u0131lmad\u0131k\u201d yaz\u0131s\u0131 de\u011fil. Biz o defteri [&hellip;]","og_url":"https:\/\/avrupapress.com\/main\/2026\/04\/26\/biz-yine-hikayenin-kenarindaydik-bitlisin-kadim-kulturu-bu-kez-istanbulda-sahne-aldi\/","og_site_name":"AvrupaPress","article_published_time":"2026-04-26T06:13:49+00:00","article_modified_time":"2026-04-26T06:15:14+00:00","og_image":[{"width":1080,"height":648,"url":"https:\/\/avrupapress.com\/main\/wp-content\/uploads\/2026\/04\/WhatsApp-Image-2026-04-26-at-09.10.36-e1777184103976.jpeg","type":"image\/jpeg"}],"author":"Edit\u00f6r","twitter_card":"summary_large_image","twitter_misc":{"\u00c9crit par":"Edit\u00f6r","Dur\u00e9e de lecture est.":"2 minutes"},"schema":{"@context":"https:\/\/schema.org","@graph":[{"@type":"Article","@id":"https:\/\/avrupapress.com\/main\/2026\/04\/26\/biz-yine-hikayenin-kenarindaydik-bitlisin-kadim-kulturu-bu-kez-istanbulda-sahne-aldi\/#article","isPartOf":{"@id":"https:\/\/avrupapress.com\/main\/2026\/04\/26\/biz-yine-hikayenin-kenarindaydik-bitlisin-kadim-kulturu-bu-kez-istanbulda-sahne-aldi\/"},"author":{"name":"Edit\u00f6r","@id":"https:\/\/avrupapress.com\/#\/schema\/person\/68428444ec60970d1e1b700cf4ca1e8f"},"headline":"Biz Yine Hik\u00e2yenin Kenar\u0131ndayd\u0131k Bitlis\u2019in kadim k\u00fclt\u00fcr\u00fc bu kez \u0130stanbul\u2019da sahne ald\u0131&#8230;","datePublished":"2026-04-26T06:13:49+00:00","dateModified":"2026-04-26T06:15:14+00:00","mainEntityOfPage":{"@id":"https:\/\/avrupapress.com\/main\/2026\/04\/26\/biz-yine-hikayenin-kenarindaydik-bitlisin-kadim-kulturu-bu-kez-istanbulda-sahne-aldi\/"},"wordCount":327,"publisher":{"@id":"https:\/\/avrupapress.com\/#\/schema\/person\/0223dca19c72c43575bf30d1a2d8f4fa"},"image":{"@id":"https:\/\/avrupapress.com\/main\/2026\/04\/26\/biz-yine-hikayenin-kenarindaydik-bitlisin-kadim-kulturu-bu-kez-istanbulda-sahne-aldi\/#primaryimage"},"thumbnailUrl":"https:\/\/avrupapress.com\/main\/wp-content\/uploads\/2026\/04\/WhatsApp-Image-2026-04-26-at-09.10.36-e1777184103976.jpeg","articleSection":["Avrupa","Bel\u00e7ika","D\u00fcnya","Ekonomi","K\u00fclt\u00fcr-Sanat","Spor","Tan\u0131t\u0131m","T\u00fcrkiye","Uncategorized"],"inLanguage":"fr-BE"},{"@type":"WebPage","@id":"https:\/\/avrupapress.com\/main\/2026\/04\/26\/biz-yine-hikayenin-kenarindaydik-bitlisin-kadim-kulturu-bu-kez-istanbulda-sahne-aldi\/","url":"https:\/\/avrupapress.com\/main\/2026\/04\/26\/biz-yine-hikayenin-kenarindaydik-bitlisin-kadim-kulturu-bu-kez-istanbulda-sahne-aldi\/","name":"Biz Yine Hik\u00e2yenin Kenar\u0131ndayd\u0131k Bitlis\u2019in kadim k\u00fclt\u00fcr\u00fc bu kez \u0130stanbul\u2019da sahne ald\u0131... - AvrupaPress","isPartOf":{"@id":"https:\/\/avrupapress.com\/#website"},"primaryImageOfPage":{"@id":"https:\/\/avrupapress.com\/main\/2026\/04\/26\/biz-yine-hikayenin-kenarindaydik-bitlisin-kadim-kulturu-bu-kez-istanbulda-sahne-aldi\/#primaryimage"},"image":{"@id":"https:\/\/avrupapress.com\/main\/2026\/04\/26\/biz-yine-hikayenin-kenarindaydik-bitlisin-kadim-kulturu-bu-kez-istanbulda-sahne-aldi\/#primaryimage"},"thumbnailUrl":"https:\/\/avrupapress.com\/main\/wp-content\/uploads\/2026\/04\/WhatsApp-Image-2026-04-26-at-09.10.36-e1777184103976.jpeg","datePublished":"2026-04-26T06:13:49+00:00","dateModified":"2026-04-26T06:15:14+00:00","breadcrumb":{"@id":"https:\/\/avrupapress.com\/main\/2026\/04\/26\/biz-yine-hikayenin-kenarindaydik-bitlisin-kadim-kulturu-bu-kez-istanbulda-sahne-aldi\/#breadcrumb"},"inLanguage":"fr-BE","potentialAction":[{"@type":"ReadAction","target":["https:\/\/avrupapress.com\/main\/2026\/04\/26\/biz-yine-hikayenin-kenarindaydik-bitlisin-kadim-kulturu-bu-kez-istanbulda-sahne-aldi\/"]}]},{"@type":"ImageObject","inLanguage":"fr-BE","@id":"https:\/\/avrupapress.com\/main\/2026\/04\/26\/biz-yine-hikayenin-kenarindaydik-bitlisin-kadim-kulturu-bu-kez-istanbulda-sahne-aldi\/#primaryimage","url":"https:\/\/avrupapress.com\/main\/wp-content\/uploads\/2026\/04\/WhatsApp-Image-2026-04-26-at-09.10.36-e1777184103976.jpeg","contentUrl":"https:\/\/avrupapress.com\/main\/wp-content\/uploads\/2026\/04\/WhatsApp-Image-2026-04-26-at-09.10.36-e1777184103976.jpeg","width":1080,"height":648},{"@type":"BreadcrumbList","@id":"https:\/\/avrupapress.com\/main\/2026\/04\/26\/biz-yine-hikayenin-kenarindaydik-bitlisin-kadim-kulturu-bu-kez-istanbulda-sahne-aldi\/#breadcrumb","itemListElement":[{"@type":"ListItem","position":1,"name":"Anasayfa","item":"https:\/\/avrupapress.com\/"},{"@type":"ListItem","position":2,"name":"Biz Yine Hik\u00e2yenin Kenar\u0131ndayd\u0131k Bitlis\u2019in kadim k\u00fclt\u00fcr\u00fc bu kez \u0130stanbul\u2019da sahne ald\u0131&#8230;"}]},{"@type":"WebSite","@id":"https:\/\/avrupapress.com\/#website","url":"https:\/\/avrupapress.com\/","name":"AvrupaPress","description":"Haberin Adresi","publisher":{"@id":"https:\/\/avrupapress.com\/#\/schema\/person\/0223dca19c72c43575bf30d1a2d8f4fa"},"potentialAction":[{"@type":"SearchAction","target":{"@type":"EntryPoint","urlTemplate":"https:\/\/avrupapress.com\/?s={search_term_string}"},"query-input":{"@type":"PropertyValueSpecification","valueRequired":true,"valueName":"search_term_string"}}],"inLanguage":"fr-BE"},{"@type":["Person","Organization"],"@id":"https:\/\/avrupapress.com\/#\/schema\/person\/0223dca19c72c43575bf30d1a2d8f4fa","name":"Bilgin \u00d6z\u00e7ift\u00e7i","image":{"@type":"ImageObject","inLanguage":"fr-BE","@id":"https:\/\/avrupapress.com\/#\/schema\/person\/image\/","url":"https:\/\/secure.gravatar.com\/avatar\/0f23b280433a21e1ea7a0adcc46ed0ad16afe3ad8e630fd13d8a017dcbd54ef3?s=96&d=mm&r=g","contentUrl":"https:\/\/secure.gravatar.com\/avatar\/0f23b280433a21e1ea7a0adcc46ed0ad16afe3ad8e630fd13d8a017dcbd54ef3?s=96&d=mm&r=g","caption":"Bilgin \u00d6z\u00e7ift\u00e7i"},"logo":{"@id":"https:\/\/avrupapress.com\/#\/schema\/person\/image\/"},"description":"Ne ben, nede sen... Biz ancak \"biz\" olursak g\u00fc\u00e7l\u00fc olabiliriz"},{"@type":"Person","@id":"https:\/\/avrupapress.com\/#\/schema\/person\/68428444ec60970d1e1b700cf4ca1e8f","name":"Edit\u00f6r","image":{"@type":"ImageObject","inLanguage":"fr-BE","@id":"https:\/\/avrupapress.com\/#\/schema\/person\/image\/","url":"https:\/\/secure.gravatar.com\/avatar\/74996b0977aa5f1559ba9883776652508b229005c0d78fb2597897f0bd651c09?s=96&d=mm&r=g","contentUrl":"https:\/\/secure.gravatar.com\/avatar\/74996b0977aa5f1559ba9883776652508b229005c0d78fb2597897f0bd651c09?s=96&d=mm&r=g","caption":"Edit\u00f6r"},"sameAs":["http:\/\/www.avrupapress.com"],"url":"https:\/\/avrupapress.com\/main\/author\/editor\/"}]}},"_links":{"self":[{"href":"https:\/\/avrupapress.com\/main\/wp-json\/wp\/v2\/posts\/34498","targetHints":{"allow":["GET"]}}],"collection":[{"href":"https:\/\/avrupapress.com\/main\/wp-json\/wp\/v2\/posts"}],"about":[{"href":"https:\/\/avrupapress.com\/main\/wp-json\/wp\/v2\/types\/post"}],"author":[{"embeddable":true,"href":"https:\/\/avrupapress.com\/main\/wp-json\/wp\/v2\/users\/3"}],"replies":[{"embeddable":true,"href":"https:\/\/avrupapress.com\/main\/wp-json\/wp\/v2\/comments?post=34498"}],"version-history":[{"count":1,"href":"https:\/\/avrupapress.com\/main\/wp-json\/wp\/v2\/posts\/34498\/revisions"}],"predecessor-version":[{"id":34501,"href":"https:\/\/avrupapress.com\/main\/wp-json\/wp\/v2\/posts\/34498\/revisions\/34501"}],"wp:featuredmedia":[{"embeddable":true,"href":"https:\/\/avrupapress.com\/main\/wp-json\/wp\/v2\/media\/34500"}],"wp:attachment":[{"href":"https:\/\/avrupapress.com\/main\/wp-json\/wp\/v2\/media?parent=34498"}],"wp:term":[{"taxonomy":"category","embeddable":true,"href":"https:\/\/avrupapress.com\/main\/wp-json\/wp\/v2\/categories?post=34498"},{"taxonomy":"post_tag","embeddable":true,"href":"https:\/\/avrupapress.com\/main\/wp-json\/wp\/v2\/tags?post=34498"}],"curies":[{"name":"wp","href":"https:\/\/api.w.org\/{rel}","templated":true}]}}