{"id":34495,"date":"2026-04-25T21:00:36","date_gmt":"2026-04-25T21:00:36","guid":{"rendered":"https:\/\/avrupapress.com\/main\/?p=34495"},"modified":"2026-04-25T21:00:47","modified_gmt":"2026-04-25T21:00:47","slug":"avrupanin-kalbinde-turkiye-genc-liderler-brukselde-bulusuyor","status":"publish","type":"post","link":"https:\/\/avrupapress.com\/main\/2026\/04\/25\/avrupanin-kalbinde-turkiye-genc-liderler-brukselde-bulusuyor\/","title":{"rendered":"Avrupa\u2019n\u0131n Kalbinde T\u00fcrkiye: Gen\u00e7 Liderler Br\u00fcksel\u2019de Bulu\u015fuyor."},"content":{"rendered":"<p>Uluslararas\u0131 Demokratlar Birli\u011fi (UID) Bel\u00e7ika ve Gen\u00e7lik Kollar\u0131 i\u015f birli\u011fiyle d\u00fczenlenen \u201cAvrupa\u2019n\u0131n Kalbinde T\u00fcrkiye: Gen\u00e7 Liderler ile Bulu\u015fma\u201d program\u0131, bu y\u0131l ikinci kez gen\u00e7leri Br\u00fcksel\u2019de bir araya getirmeye haz\u0131rlan\u0131yor.<\/p>\n<p>9 May\u0131s 2026 tarihinde ger\u00e7ekle\u015ftirilecek olan program; Avrupa\u2019da ya\u015fayan \u00fcniversite \u00f6\u011frencileri ve gen\u00e7 profesyonellere, T\u00fcrkiye\u2013Avrupa Birli\u011fi ili\u015fkilerini yerinde g\u00f6zlemleme, diplomasi s\u00fcre\u00e7lerini yak\u0131ndan tan\u0131ma ve uluslararas\u0131 vizyon kazanma imk\u00e2n\u0131 sunmay\u0131 ama\u00e7l\u0131yor.<\/p>\n<p>Program kapsam\u0131nda kat\u0131l\u0131mc\u0131lar; T.C. Avrupa Birli\u011fi Daim\u00ee Temsilcili\u011fi\u2019nde ger\u00e7ekle\u015ftirilecek s\u00f6yle\u015filer, Avrupa Parlamentosu ziyareti ve T\u00fcrkiye\u2013AB ili\u015fkilerine dair interaktif oturumlar ile diplomasi, liderlik ve uluslararas\u0131 i\u015f birlikleri konular\u0131nda kapsaml\u0131 bir deneyim elde edecekler.<\/p>\n<p>Program, UID Bel\u00e7ika AR-GE ve E\u011fitim Birim Ba\u015fkan\u0131 Sevda Ba\u011fator\u2019un koordinat\u00f6rl\u00fc\u011f\u00fcnde, T.C. Avrupa Birli\u011fi Daim\u00ee Temsilcili\u011fi ile y\u00fcr\u00fct\u00fclen ortak \u00e7al\u0131\u015fmalar \u00e7er\u00e7evesinde icra edilmektedir.<\/p>\n<p>Avrupa\u2019n\u0131n bir\u00e7ok \u00fclkesinden yo\u011fun ilgi g\u00f6ren programa ba\u015fvuran gen\u00e7ler aras\u0131ndan, yaln\u0131zca 25 ki\u015filik se\u00e7kin bir kat\u0131l\u0131mc\u0131 grubu titizlikle belirlenmektedir.<\/p>\n<p>Programa kat\u0131lan gen\u00e7ler, bu bulu\u015fman\u0131n kendilerine sundu\u011fu de\u011feri ve kazand\u0131rd\u0131\u011f\u0131 fark\u0131ndal\u0131\u011f\u0131 kat\u0131l\u0131m sonras\u0131nda \u00e7ok daha iyi ifade etmekte; bu durum program\u0131n etkisini her ge\u00e7en y\u0131l daha da art\u0131rmaktad\u0131r.<\/p>\n<p>Bu do\u011frultuda, ba\u015fta T.C. Avrupa Birli\u011fi Daim\u00ee Temsilcili\u011fi olmak \u00fczere ilgili kurumlar programa destek vermekte; de\u011ferli b\u00fcy\u00fckel\u00e7iler ve yetkililer<br \/>\ngen\u00e7lere gerekli ilgiyi ve ihtimam\u0131 g\u00f6stermektedir.<\/p>\n<p>UID Bel\u00e7ika yetkilileri, gen\u00e7lerin uluslararas\u0131 alanda daha aktif rol almalar\u0131n\u0131 te\u015fvik eden bu t\u00fcr programlar\u0131n \u00f6n\u00fcm\u00fczdeki d\u00f6nemlerde de devam edece\u011fini belirtirken, ba\u015fvurular\u0131n 4 May\u0131s 2026 tarihine kadar a\u00e7\u0131k oldu\u011funu hat\u0131rlatt\u0131.<\/p>\n<p>&nbsp;<\/p>\n<p>https:\/\/docs.google.com\/forms\/d\/e\/1FAIpQLSdfxD5aLgzz8dLrF9joAaaQ8GL6yMUNM40iLXSM-kNpGJX4AQ\/viewform<\/p>\n<p>&nbsp;<\/p>\n<p>&nbsp;<\/p>\n<p><img loading=\"lazy\" decoding=\"async\" class=\"alignnone size-medium wp-image-34496\" src=\"https:\/\/avrupapress.com\/main\/wp-content\/uploads\/2026\/04\/WhatsApp-Image-2026-04-25-at-23.52.00-212x300.jpeg\" alt=\"\" width=\"212\" height=\"300\" \/><\/p>\n<p>&nbsp;<\/p>\n<p><strong>Bilgin\u00a0 Ozcifci\u00a0 \u00a0 \u00a0 \u00a0 \/\u00a0 \u00a0 \u00a0 \u00a0 AVRUPAPRESS<\/strong><\/p>\n<p>&nbsp;<\/p>\n","protected":false},"excerpt":{"rendered":"<p>Uluslararas\u0131 Demokratlar Birli\u011fi (UID) Bel\u00e7ika ve Gen\u00e7lik Kollar\u0131 i\u015f birli\u011fiyle d\u00fczenlenen \u201cAvrupa\u2019n\u0131n Kalbinde T\u00fcrkiye: Gen\u00e7 Liderler ile Bulu\u015fma\u201d program\u0131, bu y\u0131l ikinci kez gen\u00e7leri Br\u00fcksel\u2019de bir araya getirmeye haz\u0131rlan\u0131yor. 9 May\u0131s 2026 tarihinde ger\u00e7ekle\u015ftirilecek olan program; Avrupa\u2019da ya\u015fayan \u00fcniversite \u00f6\u011frencileri ve gen\u00e7 profesyonellere, T\u00fcrkiye\u2013Avrupa Birli\u011fi ili\u015fkilerini yerinde g\u00f6zlemleme, diplomasi s\u00fcre\u00e7lerini yak\u0131ndan tan\u0131ma ve uluslararas\u0131 vizyon [&hellip;]<\/p>\n","protected":false},"author":3,"featured_media":34496,"comment_status":"closed","ping_status":"open","sticky":false,"template":"","format":"standard","meta":{"footnotes":""},"categories":[14,16,3,17,18,15,19,2,1],"tags":[],"class_list":["post-34495","post","type-post","status-publish","format-standard","has-post-thumbnail","hentry","category-avrupa","category-belcika","category-dunya","category-ekonomi","category-kultur-sanat","category-spor","category-tanitim","category-turkiye","category-uncategorized"],"yoast_head":"<!-- This site is optimized with the Yoast SEO plugin v26.9 - https:\/\/yoast.com\/product\/yoast-seo-wordpress\/ -->\n<title>Avrupa\u2019n\u0131n Kalbinde T\u00fcrkiye: Gen\u00e7 Liderler Br\u00fcksel\u2019de Bulu\u015fuyor. - AvrupaPress<\/title>\n<meta name=\"robots\" content=\"index, follow, max-snippet:-1, max-image-preview:large, max-video-preview:-1\" \/>\n<link rel=\"canonical\" href=\"https:\/\/avrupapress.com\/main\/2026\/04\/25\/avrupanin-kalbinde-turkiye-genc-liderler-brukselde-bulusuyor\/\" \/>\n<meta property=\"og:locale\" content=\"fr_FR\" \/>\n<meta property=\"og:type\" content=\"article\" \/>\n<meta property=\"og:title\" content=\"Avrupa\u2019n\u0131n Kalbinde T\u00fcrkiye: Gen\u00e7 Liderler Br\u00fcksel\u2019de Bulu\u015fuyor. - AvrupaPress\" \/>\n<meta property=\"og:description\" content=\"Uluslararas\u0131 Demokratlar Birli\u011fi (UID) Bel\u00e7ika ve Gen\u00e7lik Kollar\u0131 i\u015f birli\u011fiyle d\u00fczenlenen \u201cAvrupa\u2019n\u0131n Kalbinde T\u00fcrkiye: Gen\u00e7 Liderler ile Bulu\u015fma\u201d program\u0131, bu y\u0131l ikinci kez gen\u00e7leri Br\u00fcksel\u2019de bir araya getirmeye haz\u0131rlan\u0131yor. 9 May\u0131s 2026 tarihinde ger\u00e7ekle\u015ftirilecek olan program; Avrupa\u2019da ya\u015fayan \u00fcniversite \u00f6\u011frencileri ve gen\u00e7 profesyonellere, T\u00fcrkiye\u2013Avrupa Birli\u011fi ili\u015fkilerini yerinde g\u00f6zlemleme, diplomasi s\u00fcre\u00e7lerini yak\u0131ndan tan\u0131ma ve uluslararas\u0131 vizyon [&hellip;]\" \/>\n<meta property=\"og:url\" content=\"https:\/\/avrupapress.com\/main\/2026\/04\/25\/avrupanin-kalbinde-turkiye-genc-liderler-brukselde-bulusuyor\/\" \/>\n<meta property=\"og:site_name\" content=\"AvrupaPress\" \/>\n<meta property=\"article:published_time\" content=\"2026-04-25T21:00:36+00:00\" \/>\n<meta property=\"article:modified_time\" content=\"2026-04-25T21:00:47+00:00\" \/>\n<meta property=\"og:image\" content=\"https:\/\/avrupapress.com\/main\/wp-content\/uploads\/2026\/04\/WhatsApp-Image-2026-04-25-at-23.52.00-e1777150815477.jpeg\" \/>\n\t<meta property=\"og:image:width\" content=\"1054\" \/>\n\t<meta property=\"og:image:height\" content=\"863\" \/>\n\t<meta property=\"og:image:type\" content=\"image\/jpeg\" \/>\n<meta name=\"author\" content=\"Edit\u00f6r\" \/>\n<meta name=\"twitter:card\" content=\"summary_large_image\" \/>\n<meta name=\"twitter:label1\" content=\"\u00c9crit par\" \/>\n\t<meta name=\"twitter:data1\" content=\"Edit\u00f6r\" \/>\n\t<meta name=\"twitter:label2\" content=\"Dur\u00e9e de lecture est.\" \/>\n\t<meta name=\"twitter:data2\" content=\"2 minutes\" \/>\n<script type=\"application\/ld+json\" class=\"yoast-schema-graph\">{\"@context\":\"https:\/\/schema.org\",\"@graph\":[{\"@type\":\"Article\",\"@id\":\"https:\/\/avrupapress.com\/main\/2026\/04\/25\/avrupanin-kalbinde-turkiye-genc-liderler-brukselde-bulusuyor\/#article\",\"isPartOf\":{\"@id\":\"https:\/\/avrupapress.com\/main\/2026\/04\/25\/avrupanin-kalbinde-turkiye-genc-liderler-brukselde-bulusuyor\/\"},\"author\":{\"name\":\"Edit\u00f6r\",\"@id\":\"https:\/\/avrupapress.com\/#\/schema\/person\/68428444ec60970d1e1b700cf4ca1e8f\"},\"headline\":\"Avrupa\u2019n\u0131n Kalbinde T\u00fcrkiye: Gen\u00e7 Liderler Br\u00fcksel\u2019de Bulu\u015fuyor.\",\"datePublished\":\"2026-04-25T21:00:36+00:00\",\"dateModified\":\"2026-04-25T21:00:47+00:00\",\"mainEntityOfPage\":{\"@id\":\"https:\/\/avrupapress.com\/main\/2026\/04\/25\/avrupanin-kalbinde-turkiye-genc-liderler-brukselde-bulusuyor\/\"},\"wordCount\":367,\"publisher\":{\"@id\":\"https:\/\/avrupapress.com\/#\/schema\/person\/0223dca19c72c43575bf30d1a2d8f4fa\"},\"image\":{\"@id\":\"https:\/\/avrupapress.com\/main\/2026\/04\/25\/avrupanin-kalbinde-turkiye-genc-liderler-brukselde-bulusuyor\/#primaryimage\"},\"thumbnailUrl\":\"https:\/\/avrupapress.com\/main\/wp-content\/uploads\/2026\/04\/WhatsApp-Image-2026-04-25-at-23.52.00-e1777150815477.jpeg\",\"articleSection\":[\"Avrupa\",\"Bel\u00e7ika\",\"D\u00fcnya\",\"Ekonomi\",\"K\u00fclt\u00fcr-Sanat\",\"Spor\",\"Tan\u0131t\u0131m\",\"T\u00fcrkiye\",\"Uncategorized\"],\"inLanguage\":\"fr-BE\"},{\"@type\":\"WebPage\",\"@id\":\"https:\/\/avrupapress.com\/main\/2026\/04\/25\/avrupanin-kalbinde-turkiye-genc-liderler-brukselde-bulusuyor\/\",\"url\":\"https:\/\/avrupapress.com\/main\/2026\/04\/25\/avrupanin-kalbinde-turkiye-genc-liderler-brukselde-bulusuyor\/\",\"name\":\"Avrupa\u2019n\u0131n Kalbinde T\u00fcrkiye: Gen\u00e7 Liderler Br\u00fcksel\u2019de Bulu\u015fuyor. - AvrupaPress\",\"isPartOf\":{\"@id\":\"https:\/\/avrupapress.com\/#website\"},\"primaryImageOfPage\":{\"@id\":\"https:\/\/avrupapress.com\/main\/2026\/04\/25\/avrupanin-kalbinde-turkiye-genc-liderler-brukselde-bulusuyor\/#primaryimage\"},\"image\":{\"@id\":\"https:\/\/avrupapress.com\/main\/2026\/04\/25\/avrupanin-kalbinde-turkiye-genc-liderler-brukselde-bulusuyor\/#primaryimage\"},\"thumbnailUrl\":\"https:\/\/avrupapress.com\/main\/wp-content\/uploads\/2026\/04\/WhatsApp-Image-2026-04-25-at-23.52.00-e1777150815477.jpeg\",\"datePublished\":\"2026-04-25T21:00:36+00:00\",\"dateModified\":\"2026-04-25T21:00:47+00:00\",\"breadcrumb\":{\"@id\":\"https:\/\/avrupapress.com\/main\/2026\/04\/25\/avrupanin-kalbinde-turkiye-genc-liderler-brukselde-bulusuyor\/#breadcrumb\"},\"inLanguage\":\"fr-BE\",\"potentialAction\":[{\"@type\":\"ReadAction\",\"target\":[\"https:\/\/avrupapress.com\/main\/2026\/04\/25\/avrupanin-kalbinde-turkiye-genc-liderler-brukselde-bulusuyor\/\"]}]},{\"@type\":\"ImageObject\",\"inLanguage\":\"fr-BE\",\"@id\":\"https:\/\/avrupapress.com\/main\/2026\/04\/25\/avrupanin-kalbinde-turkiye-genc-liderler-brukselde-bulusuyor\/#primaryimage\",\"url\":\"https:\/\/avrupapress.com\/main\/wp-content\/uploads\/2026\/04\/WhatsApp-Image-2026-04-25-at-23.52.00-e1777150815477.jpeg\",\"contentUrl\":\"https:\/\/avrupapress.com\/main\/wp-content\/uploads\/2026\/04\/WhatsApp-Image-2026-04-25-at-23.52.00-e1777150815477.jpeg\",\"width\":1054,\"height\":863},{\"@type\":\"BreadcrumbList\",\"@id\":\"https:\/\/avrupapress.com\/main\/2026\/04\/25\/avrupanin-kalbinde-turkiye-genc-liderler-brukselde-bulusuyor\/#breadcrumb\",\"itemListElement\":[{\"@type\":\"ListItem\",\"position\":1,\"name\":\"Anasayfa\",\"item\":\"https:\/\/avrupapress.com\/\"},{\"@type\":\"ListItem\",\"position\":2,\"name\":\"Avrupa\u2019n\u0131n Kalbinde T\u00fcrkiye: Gen\u00e7 Liderler Br\u00fcksel\u2019de Bulu\u015fuyor.\"}]},{\"@type\":\"WebSite\",\"@id\":\"https:\/\/avrupapress.com\/#website\",\"url\":\"https:\/\/avrupapress.com\/\",\"name\":\"AvrupaPress\",\"description\":\"Haberin Adresi\",\"publisher\":{\"@id\":\"https:\/\/avrupapress.com\/#\/schema\/person\/0223dca19c72c43575bf30d1a2d8f4fa\"},\"potentialAction\":[{\"@type\":\"SearchAction\",\"target\":{\"@type\":\"EntryPoint\",\"urlTemplate\":\"https:\/\/avrupapress.com\/?s={search_term_string}\"},\"query-input\":{\"@type\":\"PropertyValueSpecification\",\"valueRequired\":true,\"valueName\":\"search_term_string\"}}],\"inLanguage\":\"fr-BE\"},{\"@type\":[\"Person\",\"Organization\"],\"@id\":\"https:\/\/avrupapress.com\/#\/schema\/person\/0223dca19c72c43575bf30d1a2d8f4fa\",\"name\":\"Bilgin \u00d6z\u00e7ift\u00e7i\",\"image\":{\"@type\":\"ImageObject\",\"inLanguage\":\"fr-BE\",\"@id\":\"https:\/\/avrupapress.com\/#\/schema\/person\/image\/\",\"url\":\"https:\/\/secure.gravatar.com\/avatar\/0f23b280433a21e1ea7a0adcc46ed0ad16afe3ad8e630fd13d8a017dcbd54ef3?s=96&d=mm&r=g\",\"contentUrl\":\"https:\/\/secure.gravatar.com\/avatar\/0f23b280433a21e1ea7a0adcc46ed0ad16afe3ad8e630fd13d8a017dcbd54ef3?s=96&d=mm&r=g\",\"caption\":\"Bilgin \u00d6z\u00e7ift\u00e7i\"},\"logo\":{\"@id\":\"https:\/\/avrupapress.com\/#\/schema\/person\/image\/\"},\"description\":\"Ne ben, nede sen... Biz ancak \\\"biz\\\" olursak g\u00fc\u00e7l\u00fc olabiliriz\"},{\"@type\":\"Person\",\"@id\":\"https:\/\/avrupapress.com\/#\/schema\/person\/68428444ec60970d1e1b700cf4ca1e8f\",\"name\":\"Edit\u00f6r\",\"image\":{\"@type\":\"ImageObject\",\"inLanguage\":\"fr-BE\",\"@id\":\"https:\/\/avrupapress.com\/#\/schema\/person\/image\/\",\"url\":\"https:\/\/secure.gravatar.com\/avatar\/74996b0977aa5f1559ba9883776652508b229005c0d78fb2597897f0bd651c09?s=96&d=mm&r=g\",\"contentUrl\":\"https:\/\/secure.gravatar.com\/avatar\/74996b0977aa5f1559ba9883776652508b229005c0d78fb2597897f0bd651c09?s=96&d=mm&r=g\",\"caption\":\"Edit\u00f6r\"},\"sameAs\":[\"http:\/\/www.avrupapress.com\"],\"url\":\"https:\/\/avrupapress.com\/main\/author\/editor\/\"}]}<\/script>\n<!-- \/ Yoast SEO plugin. -->","yoast_head_json":{"title":"Avrupa\u2019n\u0131n Kalbinde T\u00fcrkiye: Gen\u00e7 Liderler Br\u00fcksel\u2019de Bulu\u015fuyor. - AvrupaPress","robots":{"index":"index","follow":"follow","max-snippet":"max-snippet:-1","max-image-preview":"max-image-preview:large","max-video-preview":"max-video-preview:-1"},"canonical":"https:\/\/avrupapress.com\/main\/2026\/04\/25\/avrupanin-kalbinde-turkiye-genc-liderler-brukselde-bulusuyor\/","og_locale":"fr_FR","og_type":"article","og_title":"Avrupa\u2019n\u0131n Kalbinde T\u00fcrkiye: Gen\u00e7 Liderler Br\u00fcksel\u2019de Bulu\u015fuyor. - AvrupaPress","og_description":"Uluslararas\u0131 Demokratlar Birli\u011fi (UID) Bel\u00e7ika ve Gen\u00e7lik Kollar\u0131 i\u015f birli\u011fiyle d\u00fczenlenen \u201cAvrupa\u2019n\u0131n Kalbinde T\u00fcrkiye: Gen\u00e7 Liderler ile Bulu\u015fma\u201d program\u0131, bu y\u0131l ikinci kez gen\u00e7leri Br\u00fcksel\u2019de bir araya getirmeye haz\u0131rlan\u0131yor. 9 May\u0131s 2026 tarihinde ger\u00e7ekle\u015ftirilecek olan program; Avrupa\u2019da ya\u015fayan \u00fcniversite \u00f6\u011frencileri ve gen\u00e7 profesyonellere, T\u00fcrkiye\u2013Avrupa Birli\u011fi ili\u015fkilerini yerinde g\u00f6zlemleme, diplomasi s\u00fcre\u00e7lerini yak\u0131ndan tan\u0131ma ve uluslararas\u0131 vizyon [&hellip;]","og_url":"https:\/\/avrupapress.com\/main\/2026\/04\/25\/avrupanin-kalbinde-turkiye-genc-liderler-brukselde-bulusuyor\/","og_site_name":"AvrupaPress","article_published_time":"2026-04-25T21:00:36+00:00","article_modified_time":"2026-04-25T21:00:47+00:00","og_image":[{"width":1054,"height":863,"url":"https:\/\/avrupapress.com\/main\/wp-content\/uploads\/2026\/04\/WhatsApp-Image-2026-04-25-at-23.52.00-e1777150815477.jpeg","type":"image\/jpeg"}],"author":"Edit\u00f6r","twitter_card":"summary_large_image","twitter_misc":{"\u00c9crit par":"Edit\u00f6r","Dur\u00e9e de lecture est.":"2 minutes"},"schema":{"@context":"https:\/\/schema.org","@graph":[{"@type":"Article","@id":"https:\/\/avrupapress.com\/main\/2026\/04\/25\/avrupanin-kalbinde-turkiye-genc-liderler-brukselde-bulusuyor\/#article","isPartOf":{"@id":"https:\/\/avrupapress.com\/main\/2026\/04\/25\/avrupanin-kalbinde-turkiye-genc-liderler-brukselde-bulusuyor\/"},"author":{"name":"Edit\u00f6r","@id":"https:\/\/avrupapress.com\/#\/schema\/person\/68428444ec60970d1e1b700cf4ca1e8f"},"headline":"Avrupa\u2019n\u0131n Kalbinde T\u00fcrkiye: Gen\u00e7 Liderler Br\u00fcksel\u2019de Bulu\u015fuyor.","datePublished":"2026-04-25T21:00:36+00:00","dateModified":"2026-04-25T21:00:47+00:00","mainEntityOfPage":{"@id":"https:\/\/avrupapress.com\/main\/2026\/04\/25\/avrupanin-kalbinde-turkiye-genc-liderler-brukselde-bulusuyor\/"},"wordCount":367,"publisher":{"@id":"https:\/\/avrupapress.com\/#\/schema\/person\/0223dca19c72c43575bf30d1a2d8f4fa"},"image":{"@id":"https:\/\/avrupapress.com\/main\/2026\/04\/25\/avrupanin-kalbinde-turkiye-genc-liderler-brukselde-bulusuyor\/#primaryimage"},"thumbnailUrl":"https:\/\/avrupapress.com\/main\/wp-content\/uploads\/2026\/04\/WhatsApp-Image-2026-04-25-at-23.52.00-e1777150815477.jpeg","articleSection":["Avrupa","Bel\u00e7ika","D\u00fcnya","Ekonomi","K\u00fclt\u00fcr-Sanat","Spor","Tan\u0131t\u0131m","T\u00fcrkiye","Uncategorized"],"inLanguage":"fr-BE"},{"@type":"WebPage","@id":"https:\/\/avrupapress.com\/main\/2026\/04\/25\/avrupanin-kalbinde-turkiye-genc-liderler-brukselde-bulusuyor\/","url":"https:\/\/avrupapress.com\/main\/2026\/04\/25\/avrupanin-kalbinde-turkiye-genc-liderler-brukselde-bulusuyor\/","name":"Avrupa\u2019n\u0131n Kalbinde T\u00fcrkiye: Gen\u00e7 Liderler Br\u00fcksel\u2019de Bulu\u015fuyor. - AvrupaPress","isPartOf":{"@id":"https:\/\/avrupapress.com\/#website"},"primaryImageOfPage":{"@id":"https:\/\/avrupapress.com\/main\/2026\/04\/25\/avrupanin-kalbinde-turkiye-genc-liderler-brukselde-bulusuyor\/#primaryimage"},"image":{"@id":"https:\/\/avrupapress.com\/main\/2026\/04\/25\/avrupanin-kalbinde-turkiye-genc-liderler-brukselde-bulusuyor\/#primaryimage"},"thumbnailUrl":"https:\/\/avrupapress.com\/main\/wp-content\/uploads\/2026\/04\/WhatsApp-Image-2026-04-25-at-23.52.00-e1777150815477.jpeg","datePublished":"2026-04-25T21:00:36+00:00","dateModified":"2026-04-25T21:00:47+00:00","breadcrumb":{"@id":"https:\/\/avrupapress.com\/main\/2026\/04\/25\/avrupanin-kalbinde-turkiye-genc-liderler-brukselde-bulusuyor\/#breadcrumb"},"inLanguage":"fr-BE","potentialAction":[{"@type":"ReadAction","target":["https:\/\/avrupapress.com\/main\/2026\/04\/25\/avrupanin-kalbinde-turkiye-genc-liderler-brukselde-bulusuyor\/"]}]},{"@type":"ImageObject","inLanguage":"fr-BE","@id":"https:\/\/avrupapress.com\/main\/2026\/04\/25\/avrupanin-kalbinde-turkiye-genc-liderler-brukselde-bulusuyor\/#primaryimage","url":"https:\/\/avrupapress.com\/main\/wp-content\/uploads\/2026\/04\/WhatsApp-Image-2026-04-25-at-23.52.00-e1777150815477.jpeg","contentUrl":"https:\/\/avrupapress.com\/main\/wp-content\/uploads\/2026\/04\/WhatsApp-Image-2026-04-25-at-23.52.00-e1777150815477.jpeg","width":1054,"height":863},{"@type":"BreadcrumbList","@id":"https:\/\/avrupapress.com\/main\/2026\/04\/25\/avrupanin-kalbinde-turkiye-genc-liderler-brukselde-bulusuyor\/#breadcrumb","itemListElement":[{"@type":"ListItem","position":1,"name":"Anasayfa","item":"https:\/\/avrupapress.com\/"},{"@type":"ListItem","position":2,"name":"Avrupa\u2019n\u0131n Kalbinde T\u00fcrkiye: Gen\u00e7 Liderler Br\u00fcksel\u2019de Bulu\u015fuyor."}]},{"@type":"WebSite","@id":"https:\/\/avrupapress.com\/#website","url":"https:\/\/avrupapress.com\/","name":"AvrupaPress","description":"Haberin Adresi","publisher":{"@id":"https:\/\/avrupapress.com\/#\/schema\/person\/0223dca19c72c43575bf30d1a2d8f4fa"},"potentialAction":[{"@type":"SearchAction","target":{"@type":"EntryPoint","urlTemplate":"https:\/\/avrupapress.com\/?s={search_term_string}"},"query-input":{"@type":"PropertyValueSpecification","valueRequired":true,"valueName":"search_term_string"}}],"inLanguage":"fr-BE"},{"@type":["Person","Organization"],"@id":"https:\/\/avrupapress.com\/#\/schema\/person\/0223dca19c72c43575bf30d1a2d8f4fa","name":"Bilgin \u00d6z\u00e7ift\u00e7i","image":{"@type":"ImageObject","inLanguage":"fr-BE","@id":"https:\/\/avrupapress.com\/#\/schema\/person\/image\/","url":"https:\/\/secure.gravatar.com\/avatar\/0f23b280433a21e1ea7a0adcc46ed0ad16afe3ad8e630fd13d8a017dcbd54ef3?s=96&d=mm&r=g","contentUrl":"https:\/\/secure.gravatar.com\/avatar\/0f23b280433a21e1ea7a0adcc46ed0ad16afe3ad8e630fd13d8a017dcbd54ef3?s=96&d=mm&r=g","caption":"Bilgin \u00d6z\u00e7ift\u00e7i"},"logo":{"@id":"https:\/\/avrupapress.com\/#\/schema\/person\/image\/"},"description":"Ne ben, nede sen... Biz ancak \"biz\" olursak g\u00fc\u00e7l\u00fc olabiliriz"},{"@type":"Person","@id":"https:\/\/avrupapress.com\/#\/schema\/person\/68428444ec60970d1e1b700cf4ca1e8f","name":"Edit\u00f6r","image":{"@type":"ImageObject","inLanguage":"fr-BE","@id":"https:\/\/avrupapress.com\/#\/schema\/person\/image\/","url":"https:\/\/secure.gravatar.com\/avatar\/74996b0977aa5f1559ba9883776652508b229005c0d78fb2597897f0bd651c09?s=96&d=mm&r=g","contentUrl":"https:\/\/secure.gravatar.com\/avatar\/74996b0977aa5f1559ba9883776652508b229005c0d78fb2597897f0bd651c09?s=96&d=mm&r=g","caption":"Edit\u00f6r"},"sameAs":["http:\/\/www.avrupapress.com"],"url":"https:\/\/avrupapress.com\/main\/author\/editor\/"}]}},"_links":{"self":[{"href":"https:\/\/avrupapress.com\/main\/wp-json\/wp\/v2\/posts\/34495","targetHints":{"allow":["GET"]}}],"collection":[{"href":"https:\/\/avrupapress.com\/main\/wp-json\/wp\/v2\/posts"}],"about":[{"href":"https:\/\/avrupapress.com\/main\/wp-json\/wp\/v2\/types\/post"}],"author":[{"embeddable":true,"href":"https:\/\/avrupapress.com\/main\/wp-json\/wp\/v2\/users\/3"}],"replies":[{"embeddable":true,"href":"https:\/\/avrupapress.com\/main\/wp-json\/wp\/v2\/comments?post=34495"}],"version-history":[{"count":1,"href":"https:\/\/avrupapress.com\/main\/wp-json\/wp\/v2\/posts\/34495\/revisions"}],"predecessor-version":[{"id":34497,"href":"https:\/\/avrupapress.com\/main\/wp-json\/wp\/v2\/posts\/34495\/revisions\/34497"}],"wp:featuredmedia":[{"embeddable":true,"href":"https:\/\/avrupapress.com\/main\/wp-json\/wp\/v2\/media\/34496"}],"wp:attachment":[{"href":"https:\/\/avrupapress.com\/main\/wp-json\/wp\/v2\/media?parent=34495"}],"wp:term":[{"taxonomy":"category","embeddable":true,"href":"https:\/\/avrupapress.com\/main\/wp-json\/wp\/v2\/categories?post=34495"},{"taxonomy":"post_tag","embeddable":true,"href":"https:\/\/avrupapress.com\/main\/wp-json\/wp\/v2\/tags?post=34495"}],"curies":[{"name":"wp","href":"https:\/\/api.w.org\/{rel}","templated":true}]}}