{"id":34489,"date":"2026-04-25T19:54:22","date_gmt":"2026-04-25T19:54:22","guid":{"rendered":"https:\/\/avrupapress.com\/main\/?p=34489"},"modified":"2026-04-25T19:57:39","modified_gmt":"2026-04-25T19:57:39","slug":"thy-bagaj-kurallarini-guncelledi-valizinizin-en-boy-derinlik-toplami-158-cmyi-gecerse-ekstra-buyuk-boy-bagaj","status":"publish","type":"post","link":"https:\/\/avrupapress.com\/main\/2026\/04\/25\/thy-bagaj-kurallarini-guncelledi-valizinizin-en-boy-derinlik-toplami-158-cmyi-gecerse-ekstra-buyuk-boy-bagaj\/","title":{"rendered":"THY Bagaj Kurallarin\u0131 G\u00fcncelledi! Valizinizin en + boy + derinlik toplam\u0131 158 cm&rsquo;yi ge\u00e7erse \u00ab\u00a0ekstra b\u00fcy\u00fck boy bagaj\u00a0\u00bb\u00fccreti odeyebilirsiniz&#8230;"},"content":{"rendered":"<p><strong>THY Bagaj Kurallarin\u0131 G\u00fcncelledi! Valizinizin en + boy + derinlik toplam\u0131 158 cm&rsquo;yi ge\u00e7erse \u00ab\u00a0ekstra b\u00fcy\u00fck boy bagaj\u00a0\u00bb\u00fccreti odeyebilirsiniz&#8230;<\/strong><\/p>\n<p>Ek \u00dccretler<br \/>\ni\u00e7 hat: 1.ooo TL<br \/>\nDi\u015f hat aktarmal\u0131: 90 USD<\/p>\n<p>THY Bagaj Kurallarin\u0131 G\u00fcncelledi!<br \/>\nDikkat!<br \/>\nT\u00fcrk Hava Yollar\u0131 bagaj politikalar\u0131nda \u00f6nemli bir<br \/>\nde\u011fi\u015fikli\u011fe gitti. Art\u0131k sadece kilo de\u011fil, valizin<br \/>\nboyutu da \u00fccretlendirmeyi etkiliyor!<br \/>\nYeni Kural Ne Diyor?<br \/>\nValizinizin en + boy + derinlik toplam\u0131 158 cm&rsquo;yi<br \/>\nge\u00e7erse \u00ab\u00a0ekstra b\u00fcy\u00fck boy bagaj\u00a0\u00bb say\u0131l\u0131yor.<br \/>\nEk \u00dccretler<br \/>\n*i\u00e7 hat: 1.000 TL<br \/>\n* Di\u015f hat aktarmal: 90 USD<br \/>\nF<br \/>\nDIS hat ba\u011flant\u0131l\u0131 u\u00e7u\u015flar i\u00e7in ba\u015flang\u0131\u00e7: 1<br \/>\nValiz hafif olsa bile \u00f6l\u00e7\u00fc sin\u0131r\u0131n\u0131 a\u015farsa ek \u00fccret<br \/>\nka\u00e7\u0131n\u0131lmaz!<br \/>\nTavsiyemiz:<br \/>\nU\u00e7u\u015f \u00f6ncesi valizinizi evde \u00f6l\u00e7\u00fcn, havaliman\u0131nda<br \/>\ns\u00fcrpriz ya\u015famayin.<\/p>\n<p><img loading=\"lazy\" decoding=\"async\" class=\"alignnone size-medium wp-image-34490\" src=\"https:\/\/avrupapress.com\/main\/wp-content\/uploads\/2026\/04\/WhatsApp-Image-2026-04-25-at-22.33.28-250x300.jpeg\" alt=\"\" width=\"250\" height=\"300\" srcset=\"https:\/\/avrupapress.com\/main\/wp-content\/uploads\/2026\/04\/WhatsApp-Image-2026-04-25-at-22.33.28-250x300.jpeg 250w, https:\/\/avrupapress.com\/main\/wp-content\/uploads\/2026\/04\/WhatsApp-Image-2026-04-25-at-22.33.28-855x1024.jpeg 855w, https:\/\/avrupapress.com\/main\/wp-content\/uploads\/2026\/04\/WhatsApp-Image-2026-04-25-at-22.33.28-768x920.jpeg 768w, https:\/\/avrupapress.com\/main\/wp-content\/uploads\/2026\/04\/WhatsApp-Image-2026-04-25-at-22.33.28.jpeg 1080w\" sizes=\"auto, (max-width: 250px) 100vw, 250px\" \/><\/p>\n<p><strong>Bilgin Ozciftcii\u00a0 \u00a0 \u00a0 \u00a0 \u00a0 \/\u00a0 \u00a0 \u00a0 \u00a0 \u00a0AVRUPAPRESS<\/strong><\/p>\n","protected":false},"excerpt":{"rendered":"<p>THY Bagaj Kurallarin\u0131 G\u00fcncelledi! Valizinizin en + boy + derinlik toplam\u0131 158 cm&rsquo;yi ge\u00e7erse \u00ab\u00a0ekstra b\u00fcy\u00fck boy bagaj\u00a0\u00bb\u00fccreti odeyebilirsiniz&#8230; Ek \u00dccretler i\u00e7 hat: 1.ooo TL Di\u015f hat aktarmal\u0131: 90 USD THY Bagaj Kurallarin\u0131 G\u00fcncelledi! Dikkat! T\u00fcrk Hava Yollar\u0131 bagaj politikalar\u0131nda \u00f6nemli bir de\u011fi\u015fikli\u011fe gitti. Art\u0131k sadece kilo de\u011fil, valizin boyutu da \u00fccretlendirmeyi etkiliyor! Yeni Kural [&hellip;]<\/p>\n","protected":false},"author":3,"featured_media":34491,"comment_status":"closed","ping_status":"open","sticky":false,"template":"","format":"standard","meta":{"footnotes":""},"categories":[14,16,3,17,18,15,19,2,1],"tags":[],"class_list":["post-34489","post","type-post","status-publish","format-standard","has-post-thumbnail","hentry","category-avrupa","category-belcika","category-dunya","category-ekonomi","category-kultur-sanat","category-spor","category-tanitim","category-turkiye","category-uncategorized"],"yoast_head":"<!-- This site is optimized with the Yoast SEO plugin v26.9 - https:\/\/yoast.com\/product\/yoast-seo-wordpress\/ -->\n<title>THY Bagaj Kurallarin\u0131 G\u00fcncelledi! Valizinizin en + boy + derinlik toplam\u0131 158 cm&#039;yi ge\u00e7erse &quot;ekstra b\u00fcy\u00fck boy bagaj&quot;\u00fccreti odeyebilirsiniz... - AvrupaPress<\/title>\n<meta name=\"robots\" content=\"index, follow, max-snippet:-1, max-image-preview:large, max-video-preview:-1\" \/>\n<link rel=\"canonical\" href=\"https:\/\/avrupapress.com\/main\/2026\/04\/25\/thy-bagaj-kurallarini-guncelledi-valizinizin-en-boy-derinlik-toplami-158-cmyi-gecerse-ekstra-buyuk-boy-bagaj\/\" \/>\n<meta property=\"og:locale\" content=\"fr_FR\" \/>\n<meta property=\"og:type\" content=\"article\" \/>\n<meta property=\"og:title\" content=\"THY Bagaj Kurallarin\u0131 G\u00fcncelledi! Valizinizin en + boy + derinlik toplam\u0131 158 cm&#039;yi ge\u00e7erse &quot;ekstra b\u00fcy\u00fck boy bagaj&quot;\u00fccreti odeyebilirsiniz... - AvrupaPress\" \/>\n<meta property=\"og:description\" content=\"THY Bagaj Kurallarin\u0131 G\u00fcncelledi! Valizinizin en + boy + derinlik toplam\u0131 158 cm&rsquo;yi ge\u00e7erse \u00ab\u00a0ekstra b\u00fcy\u00fck boy bagaj\u00a0\u00bb\u00fccreti odeyebilirsiniz&#8230; Ek \u00dccretler i\u00e7 hat: 1.ooo TL Di\u015f hat aktarmal\u0131: 90 USD THY Bagaj Kurallarin\u0131 G\u00fcncelledi! Dikkat! T\u00fcrk Hava Yollar\u0131 bagaj politikalar\u0131nda \u00f6nemli bir de\u011fi\u015fikli\u011fe gitti. Art\u0131k sadece kilo de\u011fil, valizin boyutu da \u00fccretlendirmeyi etkiliyor! Yeni Kural [&hellip;]\" \/>\n<meta property=\"og:url\" content=\"https:\/\/avrupapress.com\/main\/2026\/04\/25\/thy-bagaj-kurallarini-guncelledi-valizinizin-en-boy-derinlik-toplami-158-cmyi-gecerse-ekstra-buyuk-boy-bagaj\/\" \/>\n<meta property=\"og:site_name\" content=\"AvrupaPress\" \/>\n<meta property=\"article:published_time\" content=\"2026-04-25T19:54:22+00:00\" \/>\n<meta property=\"article:modified_time\" content=\"2026-04-25T19:57:39+00:00\" \/>\n<meta property=\"og:image\" content=\"https:\/\/avrupapress.com\/main\/wp-content\/uploads\/2026\/04\/WhatsApp-Image-2026-04-25-at-22.33.28-1-e1777146850593.jpeg\" \/>\n\t<meta property=\"og:image:width\" content=\"1080\" \/>\n\t<meta property=\"og:image:height\" content=\"906\" \/>\n\t<meta property=\"og:image:type\" content=\"image\/jpeg\" \/>\n<meta name=\"author\" content=\"Edit\u00f6r\" \/>\n<meta name=\"twitter:card\" content=\"summary_large_image\" \/>\n<meta name=\"twitter:label1\" content=\"\u00c9crit par\" \/>\n\t<meta name=\"twitter:data1\" content=\"Edit\u00f6r\" \/>\n\t<meta name=\"twitter:label2\" content=\"Dur\u00e9e de lecture est.\" \/>\n\t<meta name=\"twitter:data2\" content=\"1 minute\" \/>\n<script type=\"application\/ld+json\" class=\"yoast-schema-graph\">{\"@context\":\"https:\/\/schema.org\",\"@graph\":[{\"@type\":\"Article\",\"@id\":\"https:\/\/avrupapress.com\/main\/2026\/04\/25\/thy-bagaj-kurallarini-guncelledi-valizinizin-en-boy-derinlik-toplami-158-cmyi-gecerse-ekstra-buyuk-boy-bagaj\/#article\",\"isPartOf\":{\"@id\":\"https:\/\/avrupapress.com\/main\/2026\/04\/25\/thy-bagaj-kurallarini-guncelledi-valizinizin-en-boy-derinlik-toplami-158-cmyi-gecerse-ekstra-buyuk-boy-bagaj\/\"},\"author\":{\"name\":\"Edit\u00f6r\",\"@id\":\"https:\/\/avrupapress.com\/#\/schema\/person\/68428444ec60970d1e1b700cf4ca1e8f\"},\"headline\":\"THY Bagaj Kurallarin\u0131 G\u00fcncelledi! Valizinizin en + boy + derinlik toplam\u0131 158 cm&rsquo;yi ge\u00e7erse \u00ab\u00a0ekstra b\u00fcy\u00fck boy bagaj\u00a0\u00bb\u00fccreti odeyebilirsiniz&#8230;\",\"datePublished\":\"2026-04-25T19:54:22+00:00\",\"dateModified\":\"2026-04-25T19:57:39+00:00\",\"mainEntityOfPage\":{\"@id\":\"https:\/\/avrupapress.com\/main\/2026\/04\/25\/thy-bagaj-kurallarini-guncelledi-valizinizin-en-boy-derinlik-toplami-158-cmyi-gecerse-ekstra-buyuk-boy-bagaj\/\"},\"wordCount\":158,\"publisher\":{\"@id\":\"https:\/\/avrupapress.com\/#\/schema\/person\/0223dca19c72c43575bf30d1a2d8f4fa\"},\"image\":{\"@id\":\"https:\/\/avrupapress.com\/main\/2026\/04\/25\/thy-bagaj-kurallarini-guncelledi-valizinizin-en-boy-derinlik-toplami-158-cmyi-gecerse-ekstra-buyuk-boy-bagaj\/#primaryimage\"},\"thumbnailUrl\":\"https:\/\/avrupapress.com\/main\/wp-content\/uploads\/2026\/04\/WhatsApp-Image-2026-04-25-at-22.33.28-1-e1777146850593.jpeg\",\"articleSection\":[\"Avrupa\",\"Bel\u00e7ika\",\"D\u00fcnya\",\"Ekonomi\",\"K\u00fclt\u00fcr-Sanat\",\"Spor\",\"Tan\u0131t\u0131m\",\"T\u00fcrkiye\",\"Uncategorized\"],\"inLanguage\":\"fr-BE\"},{\"@type\":\"WebPage\",\"@id\":\"https:\/\/avrupapress.com\/main\/2026\/04\/25\/thy-bagaj-kurallarini-guncelledi-valizinizin-en-boy-derinlik-toplami-158-cmyi-gecerse-ekstra-buyuk-boy-bagaj\/\",\"url\":\"https:\/\/avrupapress.com\/main\/2026\/04\/25\/thy-bagaj-kurallarini-guncelledi-valizinizin-en-boy-derinlik-toplami-158-cmyi-gecerse-ekstra-buyuk-boy-bagaj\/\",\"name\":\"THY Bagaj Kurallarin\u0131 G\u00fcncelledi! Valizinizin en + boy + derinlik toplam\u0131 158 cm'yi ge\u00e7erse \\\"ekstra b\u00fcy\u00fck boy bagaj\\\"\u00fccreti odeyebilirsiniz... - AvrupaPress\",\"isPartOf\":{\"@id\":\"https:\/\/avrupapress.com\/#website\"},\"primaryImageOfPage\":{\"@id\":\"https:\/\/avrupapress.com\/main\/2026\/04\/25\/thy-bagaj-kurallarini-guncelledi-valizinizin-en-boy-derinlik-toplami-158-cmyi-gecerse-ekstra-buyuk-boy-bagaj\/#primaryimage\"},\"image\":{\"@id\":\"https:\/\/avrupapress.com\/main\/2026\/04\/25\/thy-bagaj-kurallarini-guncelledi-valizinizin-en-boy-derinlik-toplami-158-cmyi-gecerse-ekstra-buyuk-boy-bagaj\/#primaryimage\"},\"thumbnailUrl\":\"https:\/\/avrupapress.com\/main\/wp-content\/uploads\/2026\/04\/WhatsApp-Image-2026-04-25-at-22.33.28-1-e1777146850593.jpeg\",\"datePublished\":\"2026-04-25T19:54:22+00:00\",\"dateModified\":\"2026-04-25T19:57:39+00:00\",\"breadcrumb\":{\"@id\":\"https:\/\/avrupapress.com\/main\/2026\/04\/25\/thy-bagaj-kurallarini-guncelledi-valizinizin-en-boy-derinlik-toplami-158-cmyi-gecerse-ekstra-buyuk-boy-bagaj\/#breadcrumb\"},\"inLanguage\":\"fr-BE\",\"potentialAction\":[{\"@type\":\"ReadAction\",\"target\":[\"https:\/\/avrupapress.com\/main\/2026\/04\/25\/thy-bagaj-kurallarini-guncelledi-valizinizin-en-boy-derinlik-toplami-158-cmyi-gecerse-ekstra-buyuk-boy-bagaj\/\"]}]},{\"@type\":\"ImageObject\",\"inLanguage\":\"fr-BE\",\"@id\":\"https:\/\/avrupapress.com\/main\/2026\/04\/25\/thy-bagaj-kurallarini-guncelledi-valizinizin-en-boy-derinlik-toplami-158-cmyi-gecerse-ekstra-buyuk-boy-bagaj\/#primaryimage\",\"url\":\"https:\/\/avrupapress.com\/main\/wp-content\/uploads\/2026\/04\/WhatsApp-Image-2026-04-25-at-22.33.28-1-e1777146850593.jpeg\",\"contentUrl\":\"https:\/\/avrupapress.com\/main\/wp-content\/uploads\/2026\/04\/WhatsApp-Image-2026-04-25-at-22.33.28-1-e1777146850593.jpeg\",\"width\":1080,\"height\":906},{\"@type\":\"BreadcrumbList\",\"@id\":\"https:\/\/avrupapress.com\/main\/2026\/04\/25\/thy-bagaj-kurallarini-guncelledi-valizinizin-en-boy-derinlik-toplami-158-cmyi-gecerse-ekstra-buyuk-boy-bagaj\/#breadcrumb\",\"itemListElement\":[{\"@type\":\"ListItem\",\"position\":1,\"name\":\"Anasayfa\",\"item\":\"https:\/\/avrupapress.com\/\"},{\"@type\":\"ListItem\",\"position\":2,\"name\":\"THY Bagaj Kurallarin\u0131 G\u00fcncelledi! Valizinizin en + boy + derinlik toplam\u0131 158 cm&#8217;yi ge\u00e7erse &#8220;ekstra b\u00fcy\u00fck boy bagaj&#8221;\u00fccreti odeyebilirsiniz&#8230;\"}]},{\"@type\":\"WebSite\",\"@id\":\"https:\/\/avrupapress.com\/#website\",\"url\":\"https:\/\/avrupapress.com\/\",\"name\":\"AvrupaPress\",\"description\":\"Haberin Adresi\",\"publisher\":{\"@id\":\"https:\/\/avrupapress.com\/#\/schema\/person\/0223dca19c72c43575bf30d1a2d8f4fa\"},\"potentialAction\":[{\"@type\":\"SearchAction\",\"target\":{\"@type\":\"EntryPoint\",\"urlTemplate\":\"https:\/\/avrupapress.com\/?s={search_term_string}\"},\"query-input\":{\"@type\":\"PropertyValueSpecification\",\"valueRequired\":true,\"valueName\":\"search_term_string\"}}],\"inLanguage\":\"fr-BE\"},{\"@type\":[\"Person\",\"Organization\"],\"@id\":\"https:\/\/avrupapress.com\/#\/schema\/person\/0223dca19c72c43575bf30d1a2d8f4fa\",\"name\":\"Bilgin \u00d6z\u00e7ift\u00e7i\",\"image\":{\"@type\":\"ImageObject\",\"inLanguage\":\"fr-BE\",\"@id\":\"https:\/\/avrupapress.com\/#\/schema\/person\/image\/\",\"url\":\"https:\/\/secure.gravatar.com\/avatar\/0f23b280433a21e1ea7a0adcc46ed0ad16afe3ad8e630fd13d8a017dcbd54ef3?s=96&d=mm&r=g\",\"contentUrl\":\"https:\/\/secure.gravatar.com\/avatar\/0f23b280433a21e1ea7a0adcc46ed0ad16afe3ad8e630fd13d8a017dcbd54ef3?s=96&d=mm&r=g\",\"caption\":\"Bilgin \u00d6z\u00e7ift\u00e7i\"},\"logo\":{\"@id\":\"https:\/\/avrupapress.com\/#\/schema\/person\/image\/\"},\"description\":\"Ne ben, nede sen... Biz ancak \\\"biz\\\" olursak g\u00fc\u00e7l\u00fc olabiliriz\"},{\"@type\":\"Person\",\"@id\":\"https:\/\/avrupapress.com\/#\/schema\/person\/68428444ec60970d1e1b700cf4ca1e8f\",\"name\":\"Edit\u00f6r\",\"image\":{\"@type\":\"ImageObject\",\"inLanguage\":\"fr-BE\",\"@id\":\"https:\/\/avrupapress.com\/#\/schema\/person\/image\/\",\"url\":\"https:\/\/secure.gravatar.com\/avatar\/74996b0977aa5f1559ba9883776652508b229005c0d78fb2597897f0bd651c09?s=96&d=mm&r=g\",\"contentUrl\":\"https:\/\/secure.gravatar.com\/avatar\/74996b0977aa5f1559ba9883776652508b229005c0d78fb2597897f0bd651c09?s=96&d=mm&r=g\",\"caption\":\"Edit\u00f6r\"},\"sameAs\":[\"http:\/\/www.avrupapress.com\"],\"url\":\"https:\/\/avrupapress.com\/main\/author\/editor\/\"}]}<\/script>\n<!-- \/ Yoast SEO plugin. -->","yoast_head_json":{"title":"THY Bagaj Kurallarin\u0131 G\u00fcncelledi! Valizinizin en + boy + derinlik toplam\u0131 158 cm'yi ge\u00e7erse \"ekstra b\u00fcy\u00fck boy bagaj\"\u00fccreti odeyebilirsiniz... - AvrupaPress","robots":{"index":"index","follow":"follow","max-snippet":"max-snippet:-1","max-image-preview":"max-image-preview:large","max-video-preview":"max-video-preview:-1"},"canonical":"https:\/\/avrupapress.com\/main\/2026\/04\/25\/thy-bagaj-kurallarini-guncelledi-valizinizin-en-boy-derinlik-toplami-158-cmyi-gecerse-ekstra-buyuk-boy-bagaj\/","og_locale":"fr_FR","og_type":"article","og_title":"THY Bagaj Kurallarin\u0131 G\u00fcncelledi! Valizinizin en + boy + derinlik toplam\u0131 158 cm'yi ge\u00e7erse \"ekstra b\u00fcy\u00fck boy bagaj\"\u00fccreti odeyebilirsiniz... - AvrupaPress","og_description":"THY Bagaj Kurallarin\u0131 G\u00fcncelledi! Valizinizin en + boy + derinlik toplam\u0131 158 cm&rsquo;yi ge\u00e7erse \u00ab\u00a0ekstra b\u00fcy\u00fck boy bagaj\u00a0\u00bb\u00fccreti odeyebilirsiniz&#8230; Ek \u00dccretler i\u00e7 hat: 1.ooo TL Di\u015f hat aktarmal\u0131: 90 USD THY Bagaj Kurallarin\u0131 G\u00fcncelledi! Dikkat! T\u00fcrk Hava Yollar\u0131 bagaj politikalar\u0131nda \u00f6nemli bir de\u011fi\u015fikli\u011fe gitti. Art\u0131k sadece kilo de\u011fil, valizin boyutu da \u00fccretlendirmeyi etkiliyor! Yeni Kural [&hellip;]","og_url":"https:\/\/avrupapress.com\/main\/2026\/04\/25\/thy-bagaj-kurallarini-guncelledi-valizinizin-en-boy-derinlik-toplami-158-cmyi-gecerse-ekstra-buyuk-boy-bagaj\/","og_site_name":"AvrupaPress","article_published_time":"2026-04-25T19:54:22+00:00","article_modified_time":"2026-04-25T19:57:39+00:00","og_image":[{"width":1080,"height":906,"url":"https:\/\/avrupapress.com\/main\/wp-content\/uploads\/2026\/04\/WhatsApp-Image-2026-04-25-at-22.33.28-1-e1777146850593.jpeg","type":"image\/jpeg"}],"author":"Edit\u00f6r","twitter_card":"summary_large_image","twitter_misc":{"\u00c9crit par":"Edit\u00f6r","Dur\u00e9e de lecture est.":"1 minute"},"schema":{"@context":"https:\/\/schema.org","@graph":[{"@type":"Article","@id":"https:\/\/avrupapress.com\/main\/2026\/04\/25\/thy-bagaj-kurallarini-guncelledi-valizinizin-en-boy-derinlik-toplami-158-cmyi-gecerse-ekstra-buyuk-boy-bagaj\/#article","isPartOf":{"@id":"https:\/\/avrupapress.com\/main\/2026\/04\/25\/thy-bagaj-kurallarini-guncelledi-valizinizin-en-boy-derinlik-toplami-158-cmyi-gecerse-ekstra-buyuk-boy-bagaj\/"},"author":{"name":"Edit\u00f6r","@id":"https:\/\/avrupapress.com\/#\/schema\/person\/68428444ec60970d1e1b700cf4ca1e8f"},"headline":"THY Bagaj Kurallarin\u0131 G\u00fcncelledi! Valizinizin en + boy + derinlik toplam\u0131 158 cm&rsquo;yi ge\u00e7erse \u00ab\u00a0ekstra b\u00fcy\u00fck boy bagaj\u00a0\u00bb\u00fccreti odeyebilirsiniz&#8230;","datePublished":"2026-04-25T19:54:22+00:00","dateModified":"2026-04-25T19:57:39+00:00","mainEntityOfPage":{"@id":"https:\/\/avrupapress.com\/main\/2026\/04\/25\/thy-bagaj-kurallarini-guncelledi-valizinizin-en-boy-derinlik-toplami-158-cmyi-gecerse-ekstra-buyuk-boy-bagaj\/"},"wordCount":158,"publisher":{"@id":"https:\/\/avrupapress.com\/#\/schema\/person\/0223dca19c72c43575bf30d1a2d8f4fa"},"image":{"@id":"https:\/\/avrupapress.com\/main\/2026\/04\/25\/thy-bagaj-kurallarini-guncelledi-valizinizin-en-boy-derinlik-toplami-158-cmyi-gecerse-ekstra-buyuk-boy-bagaj\/#primaryimage"},"thumbnailUrl":"https:\/\/avrupapress.com\/main\/wp-content\/uploads\/2026\/04\/WhatsApp-Image-2026-04-25-at-22.33.28-1-e1777146850593.jpeg","articleSection":["Avrupa","Bel\u00e7ika","D\u00fcnya","Ekonomi","K\u00fclt\u00fcr-Sanat","Spor","Tan\u0131t\u0131m","T\u00fcrkiye","Uncategorized"],"inLanguage":"fr-BE"},{"@type":"WebPage","@id":"https:\/\/avrupapress.com\/main\/2026\/04\/25\/thy-bagaj-kurallarini-guncelledi-valizinizin-en-boy-derinlik-toplami-158-cmyi-gecerse-ekstra-buyuk-boy-bagaj\/","url":"https:\/\/avrupapress.com\/main\/2026\/04\/25\/thy-bagaj-kurallarini-guncelledi-valizinizin-en-boy-derinlik-toplami-158-cmyi-gecerse-ekstra-buyuk-boy-bagaj\/","name":"THY Bagaj Kurallarin\u0131 G\u00fcncelledi! Valizinizin en + boy + derinlik toplam\u0131 158 cm'yi ge\u00e7erse \"ekstra b\u00fcy\u00fck boy bagaj\"\u00fccreti odeyebilirsiniz... - AvrupaPress","isPartOf":{"@id":"https:\/\/avrupapress.com\/#website"},"primaryImageOfPage":{"@id":"https:\/\/avrupapress.com\/main\/2026\/04\/25\/thy-bagaj-kurallarini-guncelledi-valizinizin-en-boy-derinlik-toplami-158-cmyi-gecerse-ekstra-buyuk-boy-bagaj\/#primaryimage"},"image":{"@id":"https:\/\/avrupapress.com\/main\/2026\/04\/25\/thy-bagaj-kurallarini-guncelledi-valizinizin-en-boy-derinlik-toplami-158-cmyi-gecerse-ekstra-buyuk-boy-bagaj\/#primaryimage"},"thumbnailUrl":"https:\/\/avrupapress.com\/main\/wp-content\/uploads\/2026\/04\/WhatsApp-Image-2026-04-25-at-22.33.28-1-e1777146850593.jpeg","datePublished":"2026-04-25T19:54:22+00:00","dateModified":"2026-04-25T19:57:39+00:00","breadcrumb":{"@id":"https:\/\/avrupapress.com\/main\/2026\/04\/25\/thy-bagaj-kurallarini-guncelledi-valizinizin-en-boy-derinlik-toplami-158-cmyi-gecerse-ekstra-buyuk-boy-bagaj\/#breadcrumb"},"inLanguage":"fr-BE","potentialAction":[{"@type":"ReadAction","target":["https:\/\/avrupapress.com\/main\/2026\/04\/25\/thy-bagaj-kurallarini-guncelledi-valizinizin-en-boy-derinlik-toplami-158-cmyi-gecerse-ekstra-buyuk-boy-bagaj\/"]}]},{"@type":"ImageObject","inLanguage":"fr-BE","@id":"https:\/\/avrupapress.com\/main\/2026\/04\/25\/thy-bagaj-kurallarini-guncelledi-valizinizin-en-boy-derinlik-toplami-158-cmyi-gecerse-ekstra-buyuk-boy-bagaj\/#primaryimage","url":"https:\/\/avrupapress.com\/main\/wp-content\/uploads\/2026\/04\/WhatsApp-Image-2026-04-25-at-22.33.28-1-e1777146850593.jpeg","contentUrl":"https:\/\/avrupapress.com\/main\/wp-content\/uploads\/2026\/04\/WhatsApp-Image-2026-04-25-at-22.33.28-1-e1777146850593.jpeg","width":1080,"height":906},{"@type":"BreadcrumbList","@id":"https:\/\/avrupapress.com\/main\/2026\/04\/25\/thy-bagaj-kurallarini-guncelledi-valizinizin-en-boy-derinlik-toplami-158-cmyi-gecerse-ekstra-buyuk-boy-bagaj\/#breadcrumb","itemListElement":[{"@type":"ListItem","position":1,"name":"Anasayfa","item":"https:\/\/avrupapress.com\/"},{"@type":"ListItem","position":2,"name":"THY Bagaj Kurallarin\u0131 G\u00fcncelledi! Valizinizin en + boy + derinlik toplam\u0131 158 cm&#8217;yi ge\u00e7erse &#8220;ekstra b\u00fcy\u00fck boy bagaj&#8221;\u00fccreti odeyebilirsiniz&#8230;"}]},{"@type":"WebSite","@id":"https:\/\/avrupapress.com\/#website","url":"https:\/\/avrupapress.com\/","name":"AvrupaPress","description":"Haberin Adresi","publisher":{"@id":"https:\/\/avrupapress.com\/#\/schema\/person\/0223dca19c72c43575bf30d1a2d8f4fa"},"potentialAction":[{"@type":"SearchAction","target":{"@type":"EntryPoint","urlTemplate":"https:\/\/avrupapress.com\/?s={search_term_string}"},"query-input":{"@type":"PropertyValueSpecification","valueRequired":true,"valueName":"search_term_string"}}],"inLanguage":"fr-BE"},{"@type":["Person","Organization"],"@id":"https:\/\/avrupapress.com\/#\/schema\/person\/0223dca19c72c43575bf30d1a2d8f4fa","name":"Bilgin \u00d6z\u00e7ift\u00e7i","image":{"@type":"ImageObject","inLanguage":"fr-BE","@id":"https:\/\/avrupapress.com\/#\/schema\/person\/image\/","url":"https:\/\/secure.gravatar.com\/avatar\/0f23b280433a21e1ea7a0adcc46ed0ad16afe3ad8e630fd13d8a017dcbd54ef3?s=96&d=mm&r=g","contentUrl":"https:\/\/secure.gravatar.com\/avatar\/0f23b280433a21e1ea7a0adcc46ed0ad16afe3ad8e630fd13d8a017dcbd54ef3?s=96&d=mm&r=g","caption":"Bilgin \u00d6z\u00e7ift\u00e7i"},"logo":{"@id":"https:\/\/avrupapress.com\/#\/schema\/person\/image\/"},"description":"Ne ben, nede sen... Biz ancak \"biz\" olursak g\u00fc\u00e7l\u00fc olabiliriz"},{"@type":"Person","@id":"https:\/\/avrupapress.com\/#\/schema\/person\/68428444ec60970d1e1b700cf4ca1e8f","name":"Edit\u00f6r","image":{"@type":"ImageObject","inLanguage":"fr-BE","@id":"https:\/\/avrupapress.com\/#\/schema\/person\/image\/","url":"https:\/\/secure.gravatar.com\/avatar\/74996b0977aa5f1559ba9883776652508b229005c0d78fb2597897f0bd651c09?s=96&d=mm&r=g","contentUrl":"https:\/\/secure.gravatar.com\/avatar\/74996b0977aa5f1559ba9883776652508b229005c0d78fb2597897f0bd651c09?s=96&d=mm&r=g","caption":"Edit\u00f6r"},"sameAs":["http:\/\/www.avrupapress.com"],"url":"https:\/\/avrupapress.com\/main\/author\/editor\/"}]}},"_links":{"self":[{"href":"https:\/\/avrupapress.com\/main\/wp-json\/wp\/v2\/posts\/34489","targetHints":{"allow":["GET"]}}],"collection":[{"href":"https:\/\/avrupapress.com\/main\/wp-json\/wp\/v2\/posts"}],"about":[{"href":"https:\/\/avrupapress.com\/main\/wp-json\/wp\/v2\/types\/post"}],"author":[{"embeddable":true,"href":"https:\/\/avrupapress.com\/main\/wp-json\/wp\/v2\/users\/3"}],"replies":[{"embeddable":true,"href":"https:\/\/avrupapress.com\/main\/wp-json\/wp\/v2\/comments?post=34489"}],"version-history":[{"count":3,"href":"https:\/\/avrupapress.com\/main\/wp-json\/wp\/v2\/posts\/34489\/revisions"}],"predecessor-version":[{"id":34494,"href":"https:\/\/avrupapress.com\/main\/wp-json\/wp\/v2\/posts\/34489\/revisions\/34494"}],"wp:featuredmedia":[{"embeddable":true,"href":"https:\/\/avrupapress.com\/main\/wp-json\/wp\/v2\/media\/34491"}],"wp:attachment":[{"href":"https:\/\/avrupapress.com\/main\/wp-json\/wp\/v2\/media?parent=34489"}],"wp:term":[{"taxonomy":"category","embeddable":true,"href":"https:\/\/avrupapress.com\/main\/wp-json\/wp\/v2\/categories?post=34489"},{"taxonomy":"post_tag","embeddable":true,"href":"https:\/\/avrupapress.com\/main\/wp-json\/wp\/v2\/tags?post=34489"}],"curies":[{"name":"wp","href":"https:\/\/api.w.org\/{rel}","templated":true}]}}