{"id":34485,"date":"2026-04-25T18:59:35","date_gmt":"2026-04-25T18:59:35","guid":{"rendered":"https:\/\/avrupapress.com\/main\/?p=34485"},"modified":"2026-04-25T18:59:49","modified_gmt":"2026-04-25T18:59:49","slug":"birinci-meclisin-acilisinda-yarbay-arif-bey","status":"publish","type":"post","link":"https:\/\/avrupapress.com\/main\/2026\/04\/25\/birinci-meclisin-acilisinda-yarbay-arif-bey\/","title":{"rendered":"B\u0130R\u0130NC\u0130 MECL\u0130S\u0130N A\u00c7ILI\u015eINDA YARBAY AR\u0130F BEY"},"content":{"rendered":"<p>B\u0130R\u0130NC\u0130 MECL\u0130S\u0130N A\u00c7ILI\u015eINDA YARBAY AR\u0130F BEY<br \/>\n23 Nisan 1920&rsquo;de Ankara&rsquo;da a\u00e7\u0131lan Birinci Meclis, \u0130stanbul&rsquo;daki Osmanl\u0131 Meclis-i Mebusan\u0131&rsquo;n\u0131n \u0130tilaf Devletleri taraf\u0131ndan kapat\u0131lmas\u0131 \u00fczerine kurulan bir direni\u015f meclisidir. \u0130stanbul H\u00fck\u00fcmeti&rsquo;nin i\u015fgalci g\u00fc\u00e7lerle i\u015fbirli\u011fi yaparak Ankara&rsquo;daki bu meclisi yok etme, \u00fcyelerini idama mahk\u00fbm etme ve meclis kar\u015f\u0131t\u0131 ayaklanmalar\u0131 te\u015fvik etme giri\u015fimleri olmu\u015ftur. Anzavur, Kuva-y\u0131 \u0130nzibatiye ve Ankara\u2019n\u0131n yak\u0131n \u00e7evresinde bulunan di\u011fer i\u015fbirlik\u00e7i g\u00fc\u00e7lerin Birinci Meclis\u2019in a\u00e7\u0131lmamas\u0131 konusundaki giri\u015fimleri bertaraf edilmi\u015ftir.<br \/>\nYarbay Arif Bey ve komutas\u0131ndaki Karake\u00e7ili Alay\u0131 Birinci Meclis\u2019in a\u00e7\u0131l\u0131\u015f\u0131nda bulunmu\u015f, ihanet giri\u015fimlerine kar\u015f\u0131 milli duru\u015flar\u0131n\u0131 g\u00f6stermi\u015flerdir.<\/p>\n<p><img loading=\"lazy\" decoding=\"async\" class=\"alignnone size-medium wp-image-34486\" src=\"https:\/\/avrupapress.com\/main\/wp-content\/uploads\/2026\/04\/WhatsApp-Image-2026-04-23-at-09.58.35-e1777143524510-300x194.jpeg\" alt=\"\" width=\"300\" height=\"194\" srcset=\"https:\/\/avrupapress.com\/main\/wp-content\/uploads\/2026\/04\/WhatsApp-Image-2026-04-23-at-09.58.35-e1777143524510-300x194.jpeg 300w, https:\/\/avrupapress.com\/main\/wp-content\/uploads\/2026\/04\/WhatsApp-Image-2026-04-23-at-09.58.35-e1777143524510-768x496.jpeg 768w, https:\/\/avrupapress.com\/main\/wp-content\/uploads\/2026\/04\/WhatsApp-Image-2026-04-23-at-09.58.35-e1777143524510.jpeg 945w\" sizes=\"auto, (max-width: 300px) 100vw, 300px\" \/><\/p>\n<p><strong>Ahmet Urfali\u00a0 \u00a0 \u00a0 \u00a0 \u00a0\/\u00a0 \u00a0 \u00a0 \u00a0 \u00a0AVRUPAPRESS<\/strong><\/p>\n","protected":false},"excerpt":{"rendered":"<p>B\u0130R\u0130NC\u0130 MECL\u0130S\u0130N A\u00c7ILI\u015eINDA YARBAY AR\u0130F BEY 23 Nisan 1920&rsquo;de Ankara&rsquo;da a\u00e7\u0131lan Birinci Meclis, \u0130stanbul&rsquo;daki Osmanl\u0131 Meclis-i Mebusan\u0131&rsquo;n\u0131n \u0130tilaf Devletleri taraf\u0131ndan kapat\u0131lmas\u0131 \u00fczerine kurulan bir direni\u015f meclisidir. \u0130stanbul H\u00fck\u00fcmeti&rsquo;nin i\u015fgalci g\u00fc\u00e7lerle i\u015fbirli\u011fi yaparak Ankara&rsquo;daki bu meclisi yok etme, \u00fcyelerini idama mahk\u00fbm etme ve meclis kar\u015f\u0131t\u0131 ayaklanmalar\u0131 te\u015fvik etme giri\u015fimleri olmu\u015ftur. Anzavur, Kuva-y\u0131 \u0130nzibatiye ve Ankara\u2019n\u0131n yak\u0131n [&hellip;]<\/p>\n","protected":false},"author":3,"featured_media":34487,"comment_status":"closed","ping_status":"open","sticky":false,"template":"","format":"standard","meta":{"footnotes":""},"categories":[14,16,3,17,18,15,19,2,1],"tags":[],"class_list":["post-34485","post","type-post","status-publish","format-standard","has-post-thumbnail","hentry","category-avrupa","category-belcika","category-dunya","category-ekonomi","category-kultur-sanat","category-spor","category-tanitim","category-turkiye","category-uncategorized"],"yoast_head":"<!-- This site is optimized with the Yoast SEO plugin v26.9 - https:\/\/yoast.com\/product\/yoast-seo-wordpress\/ -->\n<title>B\u0130R\u0130NC\u0130 MECL\u0130S\u0130N A\u00c7ILI\u015eINDA YARBAY AR\u0130F BEY - AvrupaPress<\/title>\n<meta name=\"robots\" content=\"index, follow, max-snippet:-1, max-image-preview:large, max-video-preview:-1\" \/>\n<link rel=\"canonical\" href=\"https:\/\/avrupapress.com\/main\/2026\/04\/25\/birinci-meclisin-acilisinda-yarbay-arif-bey\/\" \/>\n<meta property=\"og:locale\" content=\"fr_FR\" \/>\n<meta property=\"og:type\" content=\"article\" \/>\n<meta property=\"og:title\" content=\"B\u0130R\u0130NC\u0130 MECL\u0130S\u0130N A\u00c7ILI\u015eINDA YARBAY AR\u0130F BEY - AvrupaPress\" \/>\n<meta property=\"og:description\" content=\"B\u0130R\u0130NC\u0130 MECL\u0130S\u0130N A\u00c7ILI\u015eINDA YARBAY AR\u0130F BEY 23 Nisan 1920&rsquo;de Ankara&rsquo;da a\u00e7\u0131lan Birinci Meclis, \u0130stanbul&rsquo;daki Osmanl\u0131 Meclis-i Mebusan\u0131&rsquo;n\u0131n \u0130tilaf Devletleri taraf\u0131ndan kapat\u0131lmas\u0131 \u00fczerine kurulan bir direni\u015f meclisidir. \u0130stanbul H\u00fck\u00fcmeti&rsquo;nin i\u015fgalci g\u00fc\u00e7lerle i\u015fbirli\u011fi yaparak Ankara&rsquo;daki bu meclisi yok etme, \u00fcyelerini idama mahk\u00fbm etme ve meclis kar\u015f\u0131t\u0131 ayaklanmalar\u0131 te\u015fvik etme giri\u015fimleri olmu\u015ftur. Anzavur, Kuva-y\u0131 \u0130nzibatiye ve Ankara\u2019n\u0131n yak\u0131n [&hellip;]\" \/>\n<meta property=\"og:url\" content=\"https:\/\/avrupapress.com\/main\/2026\/04\/25\/birinci-meclisin-acilisinda-yarbay-arif-bey\/\" \/>\n<meta property=\"og:site_name\" content=\"AvrupaPress\" \/>\n<meta property=\"article:published_time\" content=\"2026-04-25T18:59:35+00:00\" \/>\n<meta property=\"article:modified_time\" content=\"2026-04-25T18:59:49+00:00\" \/>\n<meta property=\"og:image\" content=\"https:\/\/avrupapress.com\/main\/wp-content\/uploads\/2026\/04\/WhatsApp-Image-2026-04-23-at-09.58.35-e1777143524510-300x194-1.jpg\" \/>\n\t<meta property=\"og:image:width\" content=\"300\" \/>\n\t<meta property=\"og:image:height\" content=\"194\" \/>\n\t<meta property=\"og:image:type\" content=\"image\/jpeg\" \/>\n<meta name=\"author\" content=\"Edit\u00f6r\" \/>\n<meta name=\"twitter:card\" content=\"summary_large_image\" \/>\n<meta name=\"twitter:label1\" content=\"\u00c9crit par\" \/>\n\t<meta name=\"twitter:data1\" content=\"Edit\u00f6r\" \/>\n\t<meta name=\"twitter:label2\" content=\"Dur\u00e9e de lecture est.\" \/>\n\t<meta name=\"twitter:data2\" content=\"1 minute\" \/>\n<script type=\"application\/ld+json\" class=\"yoast-schema-graph\">{\"@context\":\"https:\/\/schema.org\",\"@graph\":[{\"@type\":\"Article\",\"@id\":\"https:\/\/avrupapress.com\/main\/2026\/04\/25\/birinci-meclisin-acilisinda-yarbay-arif-bey\/#article\",\"isPartOf\":{\"@id\":\"https:\/\/avrupapress.com\/main\/2026\/04\/25\/birinci-meclisin-acilisinda-yarbay-arif-bey\/\"},\"author\":{\"name\":\"Edit\u00f6r\",\"@id\":\"https:\/\/avrupapress.com\/#\/schema\/person\/68428444ec60970d1e1b700cf4ca1e8f\"},\"headline\":\"B\u0130R\u0130NC\u0130 MECL\u0130S\u0130N A\u00c7ILI\u015eINDA YARBAY AR\u0130F BEY\",\"datePublished\":\"2026-04-25T18:59:35+00:00\",\"dateModified\":\"2026-04-25T18:59:49+00:00\",\"mainEntityOfPage\":{\"@id\":\"https:\/\/avrupapress.com\/main\/2026\/04\/25\/birinci-meclisin-acilisinda-yarbay-arif-bey\/\"},\"wordCount\":143,\"publisher\":{\"@id\":\"https:\/\/avrupapress.com\/#\/schema\/person\/0223dca19c72c43575bf30d1a2d8f4fa\"},\"image\":{\"@id\":\"https:\/\/avrupapress.com\/main\/2026\/04\/25\/birinci-meclisin-acilisinda-yarbay-arif-bey\/#primaryimage\"},\"thumbnailUrl\":\"https:\/\/avrupapress.com\/main\/wp-content\/uploads\/2026\/04\/WhatsApp-Image-2026-04-23-at-09.58.35-e1777143524510-300x194-1.jpg\",\"articleSection\":[\"Avrupa\",\"Bel\u00e7ika\",\"D\u00fcnya\",\"Ekonomi\",\"K\u00fclt\u00fcr-Sanat\",\"Spor\",\"Tan\u0131t\u0131m\",\"T\u00fcrkiye\",\"Uncategorized\"],\"inLanguage\":\"fr-BE\"},{\"@type\":\"WebPage\",\"@id\":\"https:\/\/avrupapress.com\/main\/2026\/04\/25\/birinci-meclisin-acilisinda-yarbay-arif-bey\/\",\"url\":\"https:\/\/avrupapress.com\/main\/2026\/04\/25\/birinci-meclisin-acilisinda-yarbay-arif-bey\/\",\"name\":\"B\u0130R\u0130NC\u0130 MECL\u0130S\u0130N A\u00c7ILI\u015eINDA YARBAY AR\u0130F BEY - AvrupaPress\",\"isPartOf\":{\"@id\":\"https:\/\/avrupapress.com\/#website\"},\"primaryImageOfPage\":{\"@id\":\"https:\/\/avrupapress.com\/main\/2026\/04\/25\/birinci-meclisin-acilisinda-yarbay-arif-bey\/#primaryimage\"},\"image\":{\"@id\":\"https:\/\/avrupapress.com\/main\/2026\/04\/25\/birinci-meclisin-acilisinda-yarbay-arif-bey\/#primaryimage\"},\"thumbnailUrl\":\"https:\/\/avrupapress.com\/main\/wp-content\/uploads\/2026\/04\/WhatsApp-Image-2026-04-23-at-09.58.35-e1777143524510-300x194-1.jpg\",\"datePublished\":\"2026-04-25T18:59:35+00:00\",\"dateModified\":\"2026-04-25T18:59:49+00:00\",\"breadcrumb\":{\"@id\":\"https:\/\/avrupapress.com\/main\/2026\/04\/25\/birinci-meclisin-acilisinda-yarbay-arif-bey\/#breadcrumb\"},\"inLanguage\":\"fr-BE\",\"potentialAction\":[{\"@type\":\"ReadAction\",\"target\":[\"https:\/\/avrupapress.com\/main\/2026\/04\/25\/birinci-meclisin-acilisinda-yarbay-arif-bey\/\"]}]},{\"@type\":\"ImageObject\",\"inLanguage\":\"fr-BE\",\"@id\":\"https:\/\/avrupapress.com\/main\/2026\/04\/25\/birinci-meclisin-acilisinda-yarbay-arif-bey\/#primaryimage\",\"url\":\"https:\/\/avrupapress.com\/main\/wp-content\/uploads\/2026\/04\/WhatsApp-Image-2026-04-23-at-09.58.35-e1777143524510-300x194-1.jpg\",\"contentUrl\":\"https:\/\/avrupapress.com\/main\/wp-content\/uploads\/2026\/04\/WhatsApp-Image-2026-04-23-at-09.58.35-e1777143524510-300x194-1.jpg\",\"width\":300,\"height\":194},{\"@type\":\"BreadcrumbList\",\"@id\":\"https:\/\/avrupapress.com\/main\/2026\/04\/25\/birinci-meclisin-acilisinda-yarbay-arif-bey\/#breadcrumb\",\"itemListElement\":[{\"@type\":\"ListItem\",\"position\":1,\"name\":\"Anasayfa\",\"item\":\"https:\/\/avrupapress.com\/\"},{\"@type\":\"ListItem\",\"position\":2,\"name\":\"B\u0130R\u0130NC\u0130 MECL\u0130S\u0130N A\u00c7ILI\u015eINDA YARBAY AR\u0130F BEY\"}]},{\"@type\":\"WebSite\",\"@id\":\"https:\/\/avrupapress.com\/#website\",\"url\":\"https:\/\/avrupapress.com\/\",\"name\":\"AvrupaPress\",\"description\":\"Haberin Adresi\",\"publisher\":{\"@id\":\"https:\/\/avrupapress.com\/#\/schema\/person\/0223dca19c72c43575bf30d1a2d8f4fa\"},\"potentialAction\":[{\"@type\":\"SearchAction\",\"target\":{\"@type\":\"EntryPoint\",\"urlTemplate\":\"https:\/\/avrupapress.com\/?s={search_term_string}\"},\"query-input\":{\"@type\":\"PropertyValueSpecification\",\"valueRequired\":true,\"valueName\":\"search_term_string\"}}],\"inLanguage\":\"fr-BE\"},{\"@type\":[\"Person\",\"Organization\"],\"@id\":\"https:\/\/avrupapress.com\/#\/schema\/person\/0223dca19c72c43575bf30d1a2d8f4fa\",\"name\":\"Bilgin \u00d6z\u00e7ift\u00e7i\",\"image\":{\"@type\":\"ImageObject\",\"inLanguage\":\"fr-BE\",\"@id\":\"https:\/\/avrupapress.com\/#\/schema\/person\/image\/\",\"url\":\"https:\/\/secure.gravatar.com\/avatar\/0f23b280433a21e1ea7a0adcc46ed0ad16afe3ad8e630fd13d8a017dcbd54ef3?s=96&d=mm&r=g\",\"contentUrl\":\"https:\/\/secure.gravatar.com\/avatar\/0f23b280433a21e1ea7a0adcc46ed0ad16afe3ad8e630fd13d8a017dcbd54ef3?s=96&d=mm&r=g\",\"caption\":\"Bilgin \u00d6z\u00e7ift\u00e7i\"},\"logo\":{\"@id\":\"https:\/\/avrupapress.com\/#\/schema\/person\/image\/\"},\"description\":\"Ne ben, nede sen... Biz ancak \\\"biz\\\" olursak g\u00fc\u00e7l\u00fc olabiliriz\"},{\"@type\":\"Person\",\"@id\":\"https:\/\/avrupapress.com\/#\/schema\/person\/68428444ec60970d1e1b700cf4ca1e8f\",\"name\":\"Edit\u00f6r\",\"image\":{\"@type\":\"ImageObject\",\"inLanguage\":\"fr-BE\",\"@id\":\"https:\/\/avrupapress.com\/#\/schema\/person\/image\/\",\"url\":\"https:\/\/secure.gravatar.com\/avatar\/74996b0977aa5f1559ba9883776652508b229005c0d78fb2597897f0bd651c09?s=96&d=mm&r=g\",\"contentUrl\":\"https:\/\/secure.gravatar.com\/avatar\/74996b0977aa5f1559ba9883776652508b229005c0d78fb2597897f0bd651c09?s=96&d=mm&r=g\",\"caption\":\"Edit\u00f6r\"},\"sameAs\":[\"http:\/\/www.avrupapress.com\"],\"url\":\"https:\/\/avrupapress.com\/main\/author\/editor\/\"}]}<\/script>\n<!-- \/ Yoast SEO plugin. -->","yoast_head_json":{"title":"B\u0130R\u0130NC\u0130 MECL\u0130S\u0130N A\u00c7ILI\u015eINDA YARBAY AR\u0130F BEY - AvrupaPress","robots":{"index":"index","follow":"follow","max-snippet":"max-snippet:-1","max-image-preview":"max-image-preview:large","max-video-preview":"max-video-preview:-1"},"canonical":"https:\/\/avrupapress.com\/main\/2026\/04\/25\/birinci-meclisin-acilisinda-yarbay-arif-bey\/","og_locale":"fr_FR","og_type":"article","og_title":"B\u0130R\u0130NC\u0130 MECL\u0130S\u0130N A\u00c7ILI\u015eINDA YARBAY AR\u0130F BEY - AvrupaPress","og_description":"B\u0130R\u0130NC\u0130 MECL\u0130S\u0130N A\u00c7ILI\u015eINDA YARBAY AR\u0130F BEY 23 Nisan 1920&rsquo;de Ankara&rsquo;da a\u00e7\u0131lan Birinci Meclis, \u0130stanbul&rsquo;daki Osmanl\u0131 Meclis-i Mebusan\u0131&rsquo;n\u0131n \u0130tilaf Devletleri taraf\u0131ndan kapat\u0131lmas\u0131 \u00fczerine kurulan bir direni\u015f meclisidir. \u0130stanbul H\u00fck\u00fcmeti&rsquo;nin i\u015fgalci g\u00fc\u00e7lerle i\u015fbirli\u011fi yaparak Ankara&rsquo;daki bu meclisi yok etme, \u00fcyelerini idama mahk\u00fbm etme ve meclis kar\u015f\u0131t\u0131 ayaklanmalar\u0131 te\u015fvik etme giri\u015fimleri olmu\u015ftur. Anzavur, Kuva-y\u0131 \u0130nzibatiye ve Ankara\u2019n\u0131n yak\u0131n [&hellip;]","og_url":"https:\/\/avrupapress.com\/main\/2026\/04\/25\/birinci-meclisin-acilisinda-yarbay-arif-bey\/","og_site_name":"AvrupaPress","article_published_time":"2026-04-25T18:59:35+00:00","article_modified_time":"2026-04-25T18:59:49+00:00","og_image":[{"width":300,"height":194,"url":"https:\/\/avrupapress.com\/main\/wp-content\/uploads\/2026\/04\/WhatsApp-Image-2026-04-23-at-09.58.35-e1777143524510-300x194-1.jpg","type":"image\/jpeg"}],"author":"Edit\u00f6r","twitter_card":"summary_large_image","twitter_misc":{"\u00c9crit par":"Edit\u00f6r","Dur\u00e9e de lecture est.":"1 minute"},"schema":{"@context":"https:\/\/schema.org","@graph":[{"@type":"Article","@id":"https:\/\/avrupapress.com\/main\/2026\/04\/25\/birinci-meclisin-acilisinda-yarbay-arif-bey\/#article","isPartOf":{"@id":"https:\/\/avrupapress.com\/main\/2026\/04\/25\/birinci-meclisin-acilisinda-yarbay-arif-bey\/"},"author":{"name":"Edit\u00f6r","@id":"https:\/\/avrupapress.com\/#\/schema\/person\/68428444ec60970d1e1b700cf4ca1e8f"},"headline":"B\u0130R\u0130NC\u0130 MECL\u0130S\u0130N A\u00c7ILI\u015eINDA YARBAY AR\u0130F BEY","datePublished":"2026-04-25T18:59:35+00:00","dateModified":"2026-04-25T18:59:49+00:00","mainEntityOfPage":{"@id":"https:\/\/avrupapress.com\/main\/2026\/04\/25\/birinci-meclisin-acilisinda-yarbay-arif-bey\/"},"wordCount":143,"publisher":{"@id":"https:\/\/avrupapress.com\/#\/schema\/person\/0223dca19c72c43575bf30d1a2d8f4fa"},"image":{"@id":"https:\/\/avrupapress.com\/main\/2026\/04\/25\/birinci-meclisin-acilisinda-yarbay-arif-bey\/#primaryimage"},"thumbnailUrl":"https:\/\/avrupapress.com\/main\/wp-content\/uploads\/2026\/04\/WhatsApp-Image-2026-04-23-at-09.58.35-e1777143524510-300x194-1.jpg","articleSection":["Avrupa","Bel\u00e7ika","D\u00fcnya","Ekonomi","K\u00fclt\u00fcr-Sanat","Spor","Tan\u0131t\u0131m","T\u00fcrkiye","Uncategorized"],"inLanguage":"fr-BE"},{"@type":"WebPage","@id":"https:\/\/avrupapress.com\/main\/2026\/04\/25\/birinci-meclisin-acilisinda-yarbay-arif-bey\/","url":"https:\/\/avrupapress.com\/main\/2026\/04\/25\/birinci-meclisin-acilisinda-yarbay-arif-bey\/","name":"B\u0130R\u0130NC\u0130 MECL\u0130S\u0130N A\u00c7ILI\u015eINDA YARBAY AR\u0130F BEY - AvrupaPress","isPartOf":{"@id":"https:\/\/avrupapress.com\/#website"},"primaryImageOfPage":{"@id":"https:\/\/avrupapress.com\/main\/2026\/04\/25\/birinci-meclisin-acilisinda-yarbay-arif-bey\/#primaryimage"},"image":{"@id":"https:\/\/avrupapress.com\/main\/2026\/04\/25\/birinci-meclisin-acilisinda-yarbay-arif-bey\/#primaryimage"},"thumbnailUrl":"https:\/\/avrupapress.com\/main\/wp-content\/uploads\/2026\/04\/WhatsApp-Image-2026-04-23-at-09.58.35-e1777143524510-300x194-1.jpg","datePublished":"2026-04-25T18:59:35+00:00","dateModified":"2026-04-25T18:59:49+00:00","breadcrumb":{"@id":"https:\/\/avrupapress.com\/main\/2026\/04\/25\/birinci-meclisin-acilisinda-yarbay-arif-bey\/#breadcrumb"},"inLanguage":"fr-BE","potentialAction":[{"@type":"ReadAction","target":["https:\/\/avrupapress.com\/main\/2026\/04\/25\/birinci-meclisin-acilisinda-yarbay-arif-bey\/"]}]},{"@type":"ImageObject","inLanguage":"fr-BE","@id":"https:\/\/avrupapress.com\/main\/2026\/04\/25\/birinci-meclisin-acilisinda-yarbay-arif-bey\/#primaryimage","url":"https:\/\/avrupapress.com\/main\/wp-content\/uploads\/2026\/04\/WhatsApp-Image-2026-04-23-at-09.58.35-e1777143524510-300x194-1.jpg","contentUrl":"https:\/\/avrupapress.com\/main\/wp-content\/uploads\/2026\/04\/WhatsApp-Image-2026-04-23-at-09.58.35-e1777143524510-300x194-1.jpg","width":300,"height":194},{"@type":"BreadcrumbList","@id":"https:\/\/avrupapress.com\/main\/2026\/04\/25\/birinci-meclisin-acilisinda-yarbay-arif-bey\/#breadcrumb","itemListElement":[{"@type":"ListItem","position":1,"name":"Anasayfa","item":"https:\/\/avrupapress.com\/"},{"@type":"ListItem","position":2,"name":"B\u0130R\u0130NC\u0130 MECL\u0130S\u0130N A\u00c7ILI\u015eINDA YARBAY AR\u0130F BEY"}]},{"@type":"WebSite","@id":"https:\/\/avrupapress.com\/#website","url":"https:\/\/avrupapress.com\/","name":"AvrupaPress","description":"Haberin Adresi","publisher":{"@id":"https:\/\/avrupapress.com\/#\/schema\/person\/0223dca19c72c43575bf30d1a2d8f4fa"},"potentialAction":[{"@type":"SearchAction","target":{"@type":"EntryPoint","urlTemplate":"https:\/\/avrupapress.com\/?s={search_term_string}"},"query-input":{"@type":"PropertyValueSpecification","valueRequired":true,"valueName":"search_term_string"}}],"inLanguage":"fr-BE"},{"@type":["Person","Organization"],"@id":"https:\/\/avrupapress.com\/#\/schema\/person\/0223dca19c72c43575bf30d1a2d8f4fa","name":"Bilgin \u00d6z\u00e7ift\u00e7i","image":{"@type":"ImageObject","inLanguage":"fr-BE","@id":"https:\/\/avrupapress.com\/#\/schema\/person\/image\/","url":"https:\/\/secure.gravatar.com\/avatar\/0f23b280433a21e1ea7a0adcc46ed0ad16afe3ad8e630fd13d8a017dcbd54ef3?s=96&d=mm&r=g","contentUrl":"https:\/\/secure.gravatar.com\/avatar\/0f23b280433a21e1ea7a0adcc46ed0ad16afe3ad8e630fd13d8a017dcbd54ef3?s=96&d=mm&r=g","caption":"Bilgin \u00d6z\u00e7ift\u00e7i"},"logo":{"@id":"https:\/\/avrupapress.com\/#\/schema\/person\/image\/"},"description":"Ne ben, nede sen... Biz ancak \"biz\" olursak g\u00fc\u00e7l\u00fc olabiliriz"},{"@type":"Person","@id":"https:\/\/avrupapress.com\/#\/schema\/person\/68428444ec60970d1e1b700cf4ca1e8f","name":"Edit\u00f6r","image":{"@type":"ImageObject","inLanguage":"fr-BE","@id":"https:\/\/avrupapress.com\/#\/schema\/person\/image\/","url":"https:\/\/secure.gravatar.com\/avatar\/74996b0977aa5f1559ba9883776652508b229005c0d78fb2597897f0bd651c09?s=96&d=mm&r=g","contentUrl":"https:\/\/secure.gravatar.com\/avatar\/74996b0977aa5f1559ba9883776652508b229005c0d78fb2597897f0bd651c09?s=96&d=mm&r=g","caption":"Edit\u00f6r"},"sameAs":["http:\/\/www.avrupapress.com"],"url":"https:\/\/avrupapress.com\/main\/author\/editor\/"}]}},"_links":{"self":[{"href":"https:\/\/avrupapress.com\/main\/wp-json\/wp\/v2\/posts\/34485","targetHints":{"allow":["GET"]}}],"collection":[{"href":"https:\/\/avrupapress.com\/main\/wp-json\/wp\/v2\/posts"}],"about":[{"href":"https:\/\/avrupapress.com\/main\/wp-json\/wp\/v2\/types\/post"}],"author":[{"embeddable":true,"href":"https:\/\/avrupapress.com\/main\/wp-json\/wp\/v2\/users\/3"}],"replies":[{"embeddable":true,"href":"https:\/\/avrupapress.com\/main\/wp-json\/wp\/v2\/comments?post=34485"}],"version-history":[{"count":1,"href":"https:\/\/avrupapress.com\/main\/wp-json\/wp\/v2\/posts\/34485\/revisions"}],"predecessor-version":[{"id":34488,"href":"https:\/\/avrupapress.com\/main\/wp-json\/wp\/v2\/posts\/34485\/revisions\/34488"}],"wp:featuredmedia":[{"embeddable":true,"href":"https:\/\/avrupapress.com\/main\/wp-json\/wp\/v2\/media\/34487"}],"wp:attachment":[{"href":"https:\/\/avrupapress.com\/main\/wp-json\/wp\/v2\/media?parent=34485"}],"wp:term":[{"taxonomy":"category","embeddable":true,"href":"https:\/\/avrupapress.com\/main\/wp-json\/wp\/v2\/categories?post=34485"},{"taxonomy":"post_tag","embeddable":true,"href":"https:\/\/avrupapress.com\/main\/wp-json\/wp\/v2\/tags?post=34485"}],"curies":[{"name":"wp","href":"https:\/\/api.w.org\/{rel}","templated":true}]}}