{"id":34451,"date":"2026-04-22T18:20:03","date_gmt":"2026-04-22T18:20:03","guid":{"rendered":"https:\/\/avrupapress.com\/main\/?p=34451"},"modified":"2026-04-22T18:20:10","modified_gmt":"2026-04-22T18:20:10","slug":"yazar-osman-karakaya-dan-anlamli-bulusma-ozel-ulku-yatili-bakim-merkezinde-imza-ve-okuma-etkinligi","status":"publish","type":"post","link":"https:\/\/avrupapress.com\/main\/2026\/04\/22\/yazar-osman-karakaya-dan-anlamli-bulusma-ozel-ulku-yatili-bakim-merkezinde-imza-ve-okuma-etkinligi\/","title":{"rendered":"Yazar Osman KARAKAYA \u2019dan Anlaml\u0131 Bulu\u015fma: \u00d6zel \u00dclk\u00fc Yat\u0131l\u0131 Bak\u0131m Merkezi\u2019nde \u0130mza ve Okuma Etkinli\u011fi"},"content":{"rendered":"<p>Yazar Osman KARAKAYA \u2019dan Anlaml\u0131 Bulu\u015fma:<br \/>\n\u00d6zel \u00dclk\u00fc Yat\u0131l\u0131 Bak\u0131m Merkezi\u2019nde \u0130mza ve Okuma Etkinli\u011fi<\/p>\n<p>Toplumsal fark\u0131ndal\u0131\u011f\u0131 art\u0131rmaya y\u00f6nelik k\u00fclt\u00fcrel etkinliklere bir yenisi daha eklendi. Yazar Osman KARAKAYA, \u00d6zel \u00dclk\u00fc Yat\u0131l\u0131 Bak\u0131m Merkezi i\u015f birli\u011fiyle d\u00fczenlenen imza ve kitap okuma etkinli\u011finde bak\u0131m merkezi sakinleri ve davetlilerle bir araya geldi.<br \/>\nS\u0131cak ve samimi bir atmosferde ger\u00e7ekle\u015fen etkinlikte, Osman KARAKAYA sevilen eserlerinden b\u00f6l\u00fcmler okuyarak kat\u0131l\u0131mc\u0131lara duygu dolu anlar ya\u015fatt\u0131. Okuma program\u0131n\u0131n ard\u0131ndan d\u00fczenlenen imza b\u00f6l\u00fcm\u00fcnde ise yazar, kitaplar\u0131n\u0131 imzalayarak okurlar\u0131yla birebir sohbet etme f\u0131rsat\u0131 buldu.<br \/>\nEtkinlik bak\u0131m merkezi sakinlerinin sosyal hayata kat\u0131l\u0131m\u0131n\u0131 desteklemek ve k\u00fclt\u00fcrel faaliyetlerle moral motivasyonlar\u0131n\u0131 artt\u0131rmak amac\u0131yla organize edildi. Kat\u0131l\u0131mc\u0131lar, bu t\u00fcr etkinliklerin kendileri i\u00e7in b\u00fcy\u00fck anlam ta\u015f\u0131d\u0131\u011f\u0131n\u0131 ifade ederek organizasyondan duyduklar\u0131 memnuniyeti dile getirdi.<br \/>\n\u00d6zel \u00dclk\u00fc Yat\u0131l\u0131 Bak\u0131m Merkezi yetkilileri, k\u00fclt\u00fcr ve sanat faaliyetlerine verdikleri \u00f6nemin alt\u0131n\u0131 \u00e7izerek benzer etkinliklerin \u00f6n\u00fcm\u00fczdeki d\u00f6nemde de devam edece\u011fini belirtti. Yazar Osman KARAKAYA ise b\u00f6yle anlaml\u0131 bir organizasyonda yer almaktan duydu\u011fu mutlulu\u011fu ifade ederek, kitaplar\u0131n insanlar aras\u0131nda g\u00fc\u00e7l\u00fc bir ba\u011f kurdu\u011funu vurgulad\u0131.<br \/>\nYo\u011fun ilgi g\u00f6ren etkinlik, kat\u0131l\u0131mc\u0131lar taraf\u0131ndan b\u00fcy\u00fck be\u011feni toplarken, edebiyat\u0131n birle\u015ftirici g\u00fcc\u00fcn\u00fc bir kez daha g\u00f6zler \u00f6n\u00fcne serdi.<\/p>\n<p><img loading=\"lazy\" decoding=\"async\" class=\"alignnone size-medium wp-image-34452\" src=\"https:\/\/avrupapress.com\/main\/wp-content\/uploads\/2026\/04\/WhatsApp-Image-2026-04-22-at-18.53.12-300x225.jpeg\" alt=\"\" width=\"300\" height=\"225\" srcset=\"https:\/\/avrupapress.com\/main\/wp-content\/uploads\/2026\/04\/WhatsApp-Image-2026-04-22-at-18.53.12-300x225.jpeg 300w, https:\/\/avrupapress.com\/main\/wp-content\/uploads\/2026\/04\/WhatsApp-Image-2026-04-22-at-18.53.12-1024x768.jpeg 1024w, https:\/\/avrupapress.com\/main\/wp-content\/uploads\/2026\/04\/WhatsApp-Image-2026-04-22-at-18.53.12-768x576.jpeg 768w, https:\/\/avrupapress.com\/main\/wp-content\/uploads\/2026\/04\/WhatsApp-Image-2026-04-22-at-18.53.12-1536x1152.jpeg 1536w, https:\/\/avrupapress.com\/main\/wp-content\/uploads\/2026\/04\/WhatsApp-Image-2026-04-22-at-18.53.12.jpeg 2040w\" sizes=\"auto, (max-width: 300px) 100vw, 300px\" \/><\/p>\n<p><img loading=\"lazy\" decoding=\"async\" class=\"alignnone size-medium wp-image-34453\" src=\"https:\/\/avrupapress.com\/main\/wp-content\/uploads\/2026\/04\/WhatsApp-Image-2026-04-22-at-18.53.12-1-300x225.jpeg\" alt=\"\" width=\"300\" height=\"225\" srcset=\"https:\/\/avrupapress.com\/main\/wp-content\/uploads\/2026\/04\/WhatsApp-Image-2026-04-22-at-18.53.12-1-300x225.jpeg 300w, https:\/\/avrupapress.com\/main\/wp-content\/uploads\/2026\/04\/WhatsApp-Image-2026-04-22-at-18.53.12-1-1024x768.jpeg 1024w, https:\/\/avrupapress.com\/main\/wp-content\/uploads\/2026\/04\/WhatsApp-Image-2026-04-22-at-18.53.12-1-768x576.jpeg 768w, https:\/\/avrupapress.com\/main\/wp-content\/uploads\/2026\/04\/WhatsApp-Image-2026-04-22-at-18.53.12-1-1536x1152.jpeg 1536w, https:\/\/avrupapress.com\/main\/wp-content\/uploads\/2026\/04\/WhatsApp-Image-2026-04-22-at-18.53.12-1.jpeg 2040w\" sizes=\"auto, (max-width: 300px) 100vw, 300px\" \/><\/p>\n<p><strong>Bilgin\u00a0 Ozcifci\u00a0 \u00a0 \u00a0 \u00a0 \u00a0\/\u00a0 \u00a0 \u00a0 \u00a0 AVRUPAPRESS<\/strong><\/p>\n","protected":false},"excerpt":{"rendered":"<p>Yazar Osman KARAKAYA \u2019dan Anlaml\u0131 Bulu\u015fma: \u00d6zel \u00dclk\u00fc Yat\u0131l\u0131 Bak\u0131m Merkezi\u2019nde \u0130mza ve Okuma Etkinli\u011fi Toplumsal fark\u0131ndal\u0131\u011f\u0131 art\u0131rmaya y\u00f6nelik k\u00fclt\u00fcrel etkinliklere bir yenisi daha eklendi. Yazar Osman KARAKAYA, \u00d6zel \u00dclk\u00fc Yat\u0131l\u0131 Bak\u0131m Merkezi i\u015f birli\u011fiyle d\u00fczenlenen imza ve kitap okuma etkinli\u011finde bak\u0131m merkezi sakinleri ve davetlilerle bir araya geldi. S\u0131cak ve samimi bir atmosferde ger\u00e7ekle\u015fen [&hellip;]<\/p>\n","protected":false},"author":3,"featured_media":34452,"comment_status":"closed","ping_status":"open","sticky":false,"template":"","format":"standard","meta":{"footnotes":""},"categories":[14,16,3,17,18,15,19,2,1],"tags":[],"class_list":["post-34451","post","type-post","status-publish","format-standard","has-post-thumbnail","hentry","category-avrupa","category-belcika","category-dunya","category-ekonomi","category-kultur-sanat","category-spor","category-tanitim","category-turkiye","category-uncategorized"],"yoast_head":"<!-- This site is optimized with the Yoast SEO plugin v26.9 - https:\/\/yoast.com\/product\/yoast-seo-wordpress\/ -->\n<title>Yazar Osman KARAKAYA \u2019dan Anlaml\u0131 Bulu\u015fma: \u00d6zel \u00dclk\u00fc Yat\u0131l\u0131 Bak\u0131m Merkezi\u2019nde \u0130mza ve Okuma Etkinli\u011fi - AvrupaPress<\/title>\n<meta name=\"robots\" content=\"index, follow, max-snippet:-1, max-image-preview:large, max-video-preview:-1\" \/>\n<link rel=\"canonical\" href=\"https:\/\/avrupapress.com\/main\/2026\/04\/22\/yazar-osman-karakaya-dan-anlamli-bulusma-ozel-ulku-yatili-bakim-merkezinde-imza-ve-okuma-etkinligi\/\" \/>\n<meta property=\"og:locale\" content=\"fr_FR\" \/>\n<meta property=\"og:type\" content=\"article\" \/>\n<meta property=\"og:title\" content=\"Yazar Osman KARAKAYA \u2019dan Anlaml\u0131 Bulu\u015fma: \u00d6zel \u00dclk\u00fc Yat\u0131l\u0131 Bak\u0131m Merkezi\u2019nde \u0130mza ve Okuma Etkinli\u011fi - AvrupaPress\" \/>\n<meta property=\"og:description\" content=\"Yazar Osman KARAKAYA \u2019dan Anlaml\u0131 Bulu\u015fma: \u00d6zel \u00dclk\u00fc Yat\u0131l\u0131 Bak\u0131m Merkezi\u2019nde \u0130mza ve Okuma Etkinli\u011fi Toplumsal fark\u0131ndal\u0131\u011f\u0131 art\u0131rmaya y\u00f6nelik k\u00fclt\u00fcrel etkinliklere bir yenisi daha eklendi. Yazar Osman KARAKAYA, \u00d6zel \u00dclk\u00fc Yat\u0131l\u0131 Bak\u0131m Merkezi i\u015f birli\u011fiyle d\u00fczenlenen imza ve kitap okuma etkinli\u011finde bak\u0131m merkezi sakinleri ve davetlilerle bir araya geldi. S\u0131cak ve samimi bir atmosferde ger\u00e7ekle\u015fen [&hellip;]\" \/>\n<meta property=\"og:url\" content=\"https:\/\/avrupapress.com\/main\/2026\/04\/22\/yazar-osman-karakaya-dan-anlamli-bulusma-ozel-ulku-yatili-bakim-merkezinde-imza-ve-okuma-etkinligi\/\" \/>\n<meta property=\"og:site_name\" content=\"AvrupaPress\" \/>\n<meta property=\"article:published_time\" content=\"2026-04-22T18:20:03+00:00\" \/>\n<meta property=\"article:modified_time\" content=\"2026-04-22T18:20:10+00:00\" \/>\n<meta property=\"og:image\" content=\"https:\/\/avrupapress.com\/main\/wp-content\/uploads\/2026\/04\/WhatsApp-Image-2026-04-22-at-18.53.12.jpeg\" \/>\n\t<meta property=\"og:image:width\" content=\"2040\" \/>\n\t<meta property=\"og:image:height\" content=\"1530\" \/>\n\t<meta property=\"og:image:type\" content=\"image\/jpeg\" \/>\n<meta name=\"author\" content=\"Edit\u00f6r\" \/>\n<meta name=\"twitter:card\" content=\"summary_large_image\" \/>\n<meta name=\"twitter:label1\" content=\"\u00c9crit par\" \/>\n\t<meta name=\"twitter:data1\" content=\"Edit\u00f6r\" \/>\n\t<meta name=\"twitter:label2\" content=\"Dur\u00e9e de lecture est.\" \/>\n\t<meta name=\"twitter:data2\" content=\"2 minutes\" \/>\n<script type=\"application\/ld+json\" class=\"yoast-schema-graph\">{\"@context\":\"https:\/\/schema.org\",\"@graph\":[{\"@type\":\"Article\",\"@id\":\"https:\/\/avrupapress.com\/main\/2026\/04\/22\/yazar-osman-karakaya-dan-anlamli-bulusma-ozel-ulku-yatili-bakim-merkezinde-imza-ve-okuma-etkinligi\/#article\",\"isPartOf\":{\"@id\":\"https:\/\/avrupapress.com\/main\/2026\/04\/22\/yazar-osman-karakaya-dan-anlamli-bulusma-ozel-ulku-yatili-bakim-merkezinde-imza-ve-okuma-etkinligi\/\"},\"author\":{\"name\":\"Edit\u00f6r\",\"@id\":\"https:\/\/avrupapress.com\/#\/schema\/person\/68428444ec60970d1e1b700cf4ca1e8f\"},\"headline\":\"Yazar Osman KARAKAYA \u2019dan Anlaml\u0131 Bulu\u015fma: \u00d6zel \u00dclk\u00fc Yat\u0131l\u0131 Bak\u0131m Merkezi\u2019nde \u0130mza ve Okuma Etkinli\u011fi\",\"datePublished\":\"2026-04-22T18:20:03+00:00\",\"dateModified\":\"2026-04-22T18:20:10+00:00\",\"mainEntityOfPage\":{\"@id\":\"https:\/\/avrupapress.com\/main\/2026\/04\/22\/yazar-osman-karakaya-dan-anlamli-bulusma-ozel-ulku-yatili-bakim-merkezinde-imza-ve-okuma-etkinligi\/\"},\"wordCount\":285,\"publisher\":{\"@id\":\"https:\/\/avrupapress.com\/#\/schema\/person\/0223dca19c72c43575bf30d1a2d8f4fa\"},\"image\":{\"@id\":\"https:\/\/avrupapress.com\/main\/2026\/04\/22\/yazar-osman-karakaya-dan-anlamli-bulusma-ozel-ulku-yatili-bakim-merkezinde-imza-ve-okuma-etkinligi\/#primaryimage\"},\"thumbnailUrl\":\"https:\/\/avrupapress.com\/main\/wp-content\/uploads\/2026\/04\/WhatsApp-Image-2026-04-22-at-18.53.12.jpeg\",\"articleSection\":[\"Avrupa\",\"Bel\u00e7ika\",\"D\u00fcnya\",\"Ekonomi\",\"K\u00fclt\u00fcr-Sanat\",\"Spor\",\"Tan\u0131t\u0131m\",\"T\u00fcrkiye\",\"Uncategorized\"],\"inLanguage\":\"fr-BE\"},{\"@type\":\"WebPage\",\"@id\":\"https:\/\/avrupapress.com\/main\/2026\/04\/22\/yazar-osman-karakaya-dan-anlamli-bulusma-ozel-ulku-yatili-bakim-merkezinde-imza-ve-okuma-etkinligi\/\",\"url\":\"https:\/\/avrupapress.com\/main\/2026\/04\/22\/yazar-osman-karakaya-dan-anlamli-bulusma-ozel-ulku-yatili-bakim-merkezinde-imza-ve-okuma-etkinligi\/\",\"name\":\"Yazar Osman KARAKAYA \u2019dan Anlaml\u0131 Bulu\u015fma: \u00d6zel \u00dclk\u00fc Yat\u0131l\u0131 Bak\u0131m Merkezi\u2019nde \u0130mza ve Okuma Etkinli\u011fi - AvrupaPress\",\"isPartOf\":{\"@id\":\"https:\/\/avrupapress.com\/#website\"},\"primaryImageOfPage\":{\"@id\":\"https:\/\/avrupapress.com\/main\/2026\/04\/22\/yazar-osman-karakaya-dan-anlamli-bulusma-ozel-ulku-yatili-bakim-merkezinde-imza-ve-okuma-etkinligi\/#primaryimage\"},\"image\":{\"@id\":\"https:\/\/avrupapress.com\/main\/2026\/04\/22\/yazar-osman-karakaya-dan-anlamli-bulusma-ozel-ulku-yatili-bakim-merkezinde-imza-ve-okuma-etkinligi\/#primaryimage\"},\"thumbnailUrl\":\"https:\/\/avrupapress.com\/main\/wp-content\/uploads\/2026\/04\/WhatsApp-Image-2026-04-22-at-18.53.12.jpeg\",\"datePublished\":\"2026-04-22T18:20:03+00:00\",\"dateModified\":\"2026-04-22T18:20:10+00:00\",\"breadcrumb\":{\"@id\":\"https:\/\/avrupapress.com\/main\/2026\/04\/22\/yazar-osman-karakaya-dan-anlamli-bulusma-ozel-ulku-yatili-bakim-merkezinde-imza-ve-okuma-etkinligi\/#breadcrumb\"},\"inLanguage\":\"fr-BE\",\"potentialAction\":[{\"@type\":\"ReadAction\",\"target\":[\"https:\/\/avrupapress.com\/main\/2026\/04\/22\/yazar-osman-karakaya-dan-anlamli-bulusma-ozel-ulku-yatili-bakim-merkezinde-imza-ve-okuma-etkinligi\/\"]}]},{\"@type\":\"ImageObject\",\"inLanguage\":\"fr-BE\",\"@id\":\"https:\/\/avrupapress.com\/main\/2026\/04\/22\/yazar-osman-karakaya-dan-anlamli-bulusma-ozel-ulku-yatili-bakim-merkezinde-imza-ve-okuma-etkinligi\/#primaryimage\",\"url\":\"https:\/\/avrupapress.com\/main\/wp-content\/uploads\/2026\/04\/WhatsApp-Image-2026-04-22-at-18.53.12.jpeg\",\"contentUrl\":\"https:\/\/avrupapress.com\/main\/wp-content\/uploads\/2026\/04\/WhatsApp-Image-2026-04-22-at-18.53.12.jpeg\",\"width\":2040,\"height\":1530},{\"@type\":\"BreadcrumbList\",\"@id\":\"https:\/\/avrupapress.com\/main\/2026\/04\/22\/yazar-osman-karakaya-dan-anlamli-bulusma-ozel-ulku-yatili-bakim-merkezinde-imza-ve-okuma-etkinligi\/#breadcrumb\",\"itemListElement\":[{\"@type\":\"ListItem\",\"position\":1,\"name\":\"Anasayfa\",\"item\":\"https:\/\/avrupapress.com\/\"},{\"@type\":\"ListItem\",\"position\":2,\"name\":\"Yazar Osman KARAKAYA \u2019dan Anlaml\u0131 Bulu\u015fma: \u00d6zel \u00dclk\u00fc Yat\u0131l\u0131 Bak\u0131m Merkezi\u2019nde \u0130mza ve Okuma Etkinli\u011fi\"}]},{\"@type\":\"WebSite\",\"@id\":\"https:\/\/avrupapress.com\/#website\",\"url\":\"https:\/\/avrupapress.com\/\",\"name\":\"AvrupaPress\",\"description\":\"Haberin Adresi\",\"publisher\":{\"@id\":\"https:\/\/avrupapress.com\/#\/schema\/person\/0223dca19c72c43575bf30d1a2d8f4fa\"},\"potentialAction\":[{\"@type\":\"SearchAction\",\"target\":{\"@type\":\"EntryPoint\",\"urlTemplate\":\"https:\/\/avrupapress.com\/?s={search_term_string}\"},\"query-input\":{\"@type\":\"PropertyValueSpecification\",\"valueRequired\":true,\"valueName\":\"search_term_string\"}}],\"inLanguage\":\"fr-BE\"},{\"@type\":[\"Person\",\"Organization\"],\"@id\":\"https:\/\/avrupapress.com\/#\/schema\/person\/0223dca19c72c43575bf30d1a2d8f4fa\",\"name\":\"Bilgin \u00d6z\u00e7ift\u00e7i\",\"image\":{\"@type\":\"ImageObject\",\"inLanguage\":\"fr-BE\",\"@id\":\"https:\/\/avrupapress.com\/#\/schema\/person\/image\/\",\"url\":\"https:\/\/secure.gravatar.com\/avatar\/0f23b280433a21e1ea7a0adcc46ed0ad16afe3ad8e630fd13d8a017dcbd54ef3?s=96&d=mm&r=g\",\"contentUrl\":\"https:\/\/secure.gravatar.com\/avatar\/0f23b280433a21e1ea7a0adcc46ed0ad16afe3ad8e630fd13d8a017dcbd54ef3?s=96&d=mm&r=g\",\"caption\":\"Bilgin \u00d6z\u00e7ift\u00e7i\"},\"logo\":{\"@id\":\"https:\/\/avrupapress.com\/#\/schema\/person\/image\/\"},\"description\":\"Ne ben, nede sen... Biz ancak \\\"biz\\\" olursak g\u00fc\u00e7l\u00fc olabiliriz\"},{\"@type\":\"Person\",\"@id\":\"https:\/\/avrupapress.com\/#\/schema\/person\/68428444ec60970d1e1b700cf4ca1e8f\",\"name\":\"Edit\u00f6r\",\"image\":{\"@type\":\"ImageObject\",\"inLanguage\":\"fr-BE\",\"@id\":\"https:\/\/avrupapress.com\/#\/schema\/person\/image\/\",\"url\":\"https:\/\/secure.gravatar.com\/avatar\/74996b0977aa5f1559ba9883776652508b229005c0d78fb2597897f0bd651c09?s=96&d=mm&r=g\",\"contentUrl\":\"https:\/\/secure.gravatar.com\/avatar\/74996b0977aa5f1559ba9883776652508b229005c0d78fb2597897f0bd651c09?s=96&d=mm&r=g\",\"caption\":\"Edit\u00f6r\"},\"sameAs\":[\"http:\/\/www.avrupapress.com\"],\"url\":\"https:\/\/avrupapress.com\/main\/author\/editor\/\"}]}<\/script>\n<!-- \/ Yoast SEO plugin. -->","yoast_head_json":{"title":"Yazar Osman KARAKAYA \u2019dan Anlaml\u0131 Bulu\u015fma: \u00d6zel \u00dclk\u00fc Yat\u0131l\u0131 Bak\u0131m Merkezi\u2019nde \u0130mza ve Okuma Etkinli\u011fi - AvrupaPress","robots":{"index":"index","follow":"follow","max-snippet":"max-snippet:-1","max-image-preview":"max-image-preview:large","max-video-preview":"max-video-preview:-1"},"canonical":"https:\/\/avrupapress.com\/main\/2026\/04\/22\/yazar-osman-karakaya-dan-anlamli-bulusma-ozel-ulku-yatili-bakim-merkezinde-imza-ve-okuma-etkinligi\/","og_locale":"fr_FR","og_type":"article","og_title":"Yazar Osman KARAKAYA \u2019dan Anlaml\u0131 Bulu\u015fma: \u00d6zel \u00dclk\u00fc Yat\u0131l\u0131 Bak\u0131m Merkezi\u2019nde \u0130mza ve Okuma Etkinli\u011fi - AvrupaPress","og_description":"Yazar Osman KARAKAYA \u2019dan Anlaml\u0131 Bulu\u015fma: \u00d6zel \u00dclk\u00fc Yat\u0131l\u0131 Bak\u0131m Merkezi\u2019nde \u0130mza ve Okuma Etkinli\u011fi Toplumsal fark\u0131ndal\u0131\u011f\u0131 art\u0131rmaya y\u00f6nelik k\u00fclt\u00fcrel etkinliklere bir yenisi daha eklendi. Yazar Osman KARAKAYA, \u00d6zel \u00dclk\u00fc Yat\u0131l\u0131 Bak\u0131m Merkezi i\u015f birli\u011fiyle d\u00fczenlenen imza ve kitap okuma etkinli\u011finde bak\u0131m merkezi sakinleri ve davetlilerle bir araya geldi. S\u0131cak ve samimi bir atmosferde ger\u00e7ekle\u015fen [&hellip;]","og_url":"https:\/\/avrupapress.com\/main\/2026\/04\/22\/yazar-osman-karakaya-dan-anlamli-bulusma-ozel-ulku-yatili-bakim-merkezinde-imza-ve-okuma-etkinligi\/","og_site_name":"AvrupaPress","article_published_time":"2026-04-22T18:20:03+00:00","article_modified_time":"2026-04-22T18:20:10+00:00","og_image":[{"width":2040,"height":1530,"url":"https:\/\/avrupapress.com\/main\/wp-content\/uploads\/2026\/04\/WhatsApp-Image-2026-04-22-at-18.53.12.jpeg","type":"image\/jpeg"}],"author":"Edit\u00f6r","twitter_card":"summary_large_image","twitter_misc":{"\u00c9crit par":"Edit\u00f6r","Dur\u00e9e de lecture est.":"2 minutes"},"schema":{"@context":"https:\/\/schema.org","@graph":[{"@type":"Article","@id":"https:\/\/avrupapress.com\/main\/2026\/04\/22\/yazar-osman-karakaya-dan-anlamli-bulusma-ozel-ulku-yatili-bakim-merkezinde-imza-ve-okuma-etkinligi\/#article","isPartOf":{"@id":"https:\/\/avrupapress.com\/main\/2026\/04\/22\/yazar-osman-karakaya-dan-anlamli-bulusma-ozel-ulku-yatili-bakim-merkezinde-imza-ve-okuma-etkinligi\/"},"author":{"name":"Edit\u00f6r","@id":"https:\/\/avrupapress.com\/#\/schema\/person\/68428444ec60970d1e1b700cf4ca1e8f"},"headline":"Yazar Osman KARAKAYA \u2019dan Anlaml\u0131 Bulu\u015fma: \u00d6zel \u00dclk\u00fc Yat\u0131l\u0131 Bak\u0131m Merkezi\u2019nde \u0130mza ve Okuma Etkinli\u011fi","datePublished":"2026-04-22T18:20:03+00:00","dateModified":"2026-04-22T18:20:10+00:00","mainEntityOfPage":{"@id":"https:\/\/avrupapress.com\/main\/2026\/04\/22\/yazar-osman-karakaya-dan-anlamli-bulusma-ozel-ulku-yatili-bakim-merkezinde-imza-ve-okuma-etkinligi\/"},"wordCount":285,"publisher":{"@id":"https:\/\/avrupapress.com\/#\/schema\/person\/0223dca19c72c43575bf30d1a2d8f4fa"},"image":{"@id":"https:\/\/avrupapress.com\/main\/2026\/04\/22\/yazar-osman-karakaya-dan-anlamli-bulusma-ozel-ulku-yatili-bakim-merkezinde-imza-ve-okuma-etkinligi\/#primaryimage"},"thumbnailUrl":"https:\/\/avrupapress.com\/main\/wp-content\/uploads\/2026\/04\/WhatsApp-Image-2026-04-22-at-18.53.12.jpeg","articleSection":["Avrupa","Bel\u00e7ika","D\u00fcnya","Ekonomi","K\u00fclt\u00fcr-Sanat","Spor","Tan\u0131t\u0131m","T\u00fcrkiye","Uncategorized"],"inLanguage":"fr-BE"},{"@type":"WebPage","@id":"https:\/\/avrupapress.com\/main\/2026\/04\/22\/yazar-osman-karakaya-dan-anlamli-bulusma-ozel-ulku-yatili-bakim-merkezinde-imza-ve-okuma-etkinligi\/","url":"https:\/\/avrupapress.com\/main\/2026\/04\/22\/yazar-osman-karakaya-dan-anlamli-bulusma-ozel-ulku-yatili-bakim-merkezinde-imza-ve-okuma-etkinligi\/","name":"Yazar Osman KARAKAYA \u2019dan Anlaml\u0131 Bulu\u015fma: \u00d6zel \u00dclk\u00fc Yat\u0131l\u0131 Bak\u0131m Merkezi\u2019nde \u0130mza ve Okuma Etkinli\u011fi - AvrupaPress","isPartOf":{"@id":"https:\/\/avrupapress.com\/#website"},"primaryImageOfPage":{"@id":"https:\/\/avrupapress.com\/main\/2026\/04\/22\/yazar-osman-karakaya-dan-anlamli-bulusma-ozel-ulku-yatili-bakim-merkezinde-imza-ve-okuma-etkinligi\/#primaryimage"},"image":{"@id":"https:\/\/avrupapress.com\/main\/2026\/04\/22\/yazar-osman-karakaya-dan-anlamli-bulusma-ozel-ulku-yatili-bakim-merkezinde-imza-ve-okuma-etkinligi\/#primaryimage"},"thumbnailUrl":"https:\/\/avrupapress.com\/main\/wp-content\/uploads\/2026\/04\/WhatsApp-Image-2026-04-22-at-18.53.12.jpeg","datePublished":"2026-04-22T18:20:03+00:00","dateModified":"2026-04-22T18:20:10+00:00","breadcrumb":{"@id":"https:\/\/avrupapress.com\/main\/2026\/04\/22\/yazar-osman-karakaya-dan-anlamli-bulusma-ozel-ulku-yatili-bakim-merkezinde-imza-ve-okuma-etkinligi\/#breadcrumb"},"inLanguage":"fr-BE","potentialAction":[{"@type":"ReadAction","target":["https:\/\/avrupapress.com\/main\/2026\/04\/22\/yazar-osman-karakaya-dan-anlamli-bulusma-ozel-ulku-yatili-bakim-merkezinde-imza-ve-okuma-etkinligi\/"]}]},{"@type":"ImageObject","inLanguage":"fr-BE","@id":"https:\/\/avrupapress.com\/main\/2026\/04\/22\/yazar-osman-karakaya-dan-anlamli-bulusma-ozel-ulku-yatili-bakim-merkezinde-imza-ve-okuma-etkinligi\/#primaryimage","url":"https:\/\/avrupapress.com\/main\/wp-content\/uploads\/2026\/04\/WhatsApp-Image-2026-04-22-at-18.53.12.jpeg","contentUrl":"https:\/\/avrupapress.com\/main\/wp-content\/uploads\/2026\/04\/WhatsApp-Image-2026-04-22-at-18.53.12.jpeg","width":2040,"height":1530},{"@type":"BreadcrumbList","@id":"https:\/\/avrupapress.com\/main\/2026\/04\/22\/yazar-osman-karakaya-dan-anlamli-bulusma-ozel-ulku-yatili-bakim-merkezinde-imza-ve-okuma-etkinligi\/#breadcrumb","itemListElement":[{"@type":"ListItem","position":1,"name":"Anasayfa","item":"https:\/\/avrupapress.com\/"},{"@type":"ListItem","position":2,"name":"Yazar Osman KARAKAYA \u2019dan Anlaml\u0131 Bulu\u015fma: \u00d6zel \u00dclk\u00fc Yat\u0131l\u0131 Bak\u0131m Merkezi\u2019nde \u0130mza ve Okuma Etkinli\u011fi"}]},{"@type":"WebSite","@id":"https:\/\/avrupapress.com\/#website","url":"https:\/\/avrupapress.com\/","name":"AvrupaPress","description":"Haberin Adresi","publisher":{"@id":"https:\/\/avrupapress.com\/#\/schema\/person\/0223dca19c72c43575bf30d1a2d8f4fa"},"potentialAction":[{"@type":"SearchAction","target":{"@type":"EntryPoint","urlTemplate":"https:\/\/avrupapress.com\/?s={search_term_string}"},"query-input":{"@type":"PropertyValueSpecification","valueRequired":true,"valueName":"search_term_string"}}],"inLanguage":"fr-BE"},{"@type":["Person","Organization"],"@id":"https:\/\/avrupapress.com\/#\/schema\/person\/0223dca19c72c43575bf30d1a2d8f4fa","name":"Bilgin \u00d6z\u00e7ift\u00e7i","image":{"@type":"ImageObject","inLanguage":"fr-BE","@id":"https:\/\/avrupapress.com\/#\/schema\/person\/image\/","url":"https:\/\/secure.gravatar.com\/avatar\/0f23b280433a21e1ea7a0adcc46ed0ad16afe3ad8e630fd13d8a017dcbd54ef3?s=96&d=mm&r=g","contentUrl":"https:\/\/secure.gravatar.com\/avatar\/0f23b280433a21e1ea7a0adcc46ed0ad16afe3ad8e630fd13d8a017dcbd54ef3?s=96&d=mm&r=g","caption":"Bilgin \u00d6z\u00e7ift\u00e7i"},"logo":{"@id":"https:\/\/avrupapress.com\/#\/schema\/person\/image\/"},"description":"Ne ben, nede sen... Biz ancak \"biz\" olursak g\u00fc\u00e7l\u00fc olabiliriz"},{"@type":"Person","@id":"https:\/\/avrupapress.com\/#\/schema\/person\/68428444ec60970d1e1b700cf4ca1e8f","name":"Edit\u00f6r","image":{"@type":"ImageObject","inLanguage":"fr-BE","@id":"https:\/\/avrupapress.com\/#\/schema\/person\/image\/","url":"https:\/\/secure.gravatar.com\/avatar\/74996b0977aa5f1559ba9883776652508b229005c0d78fb2597897f0bd651c09?s=96&d=mm&r=g","contentUrl":"https:\/\/secure.gravatar.com\/avatar\/74996b0977aa5f1559ba9883776652508b229005c0d78fb2597897f0bd651c09?s=96&d=mm&r=g","caption":"Edit\u00f6r"},"sameAs":["http:\/\/www.avrupapress.com"],"url":"https:\/\/avrupapress.com\/main\/author\/editor\/"}]}},"_links":{"self":[{"href":"https:\/\/avrupapress.com\/main\/wp-json\/wp\/v2\/posts\/34451","targetHints":{"allow":["GET"]}}],"collection":[{"href":"https:\/\/avrupapress.com\/main\/wp-json\/wp\/v2\/posts"}],"about":[{"href":"https:\/\/avrupapress.com\/main\/wp-json\/wp\/v2\/types\/post"}],"author":[{"embeddable":true,"href":"https:\/\/avrupapress.com\/main\/wp-json\/wp\/v2\/users\/3"}],"replies":[{"embeddable":true,"href":"https:\/\/avrupapress.com\/main\/wp-json\/wp\/v2\/comments?post=34451"}],"version-history":[{"count":1,"href":"https:\/\/avrupapress.com\/main\/wp-json\/wp\/v2\/posts\/34451\/revisions"}],"predecessor-version":[{"id":34454,"href":"https:\/\/avrupapress.com\/main\/wp-json\/wp\/v2\/posts\/34451\/revisions\/34454"}],"wp:featuredmedia":[{"embeddable":true,"href":"https:\/\/avrupapress.com\/main\/wp-json\/wp\/v2\/media\/34452"}],"wp:attachment":[{"href":"https:\/\/avrupapress.com\/main\/wp-json\/wp\/v2\/media?parent=34451"}],"wp:term":[{"taxonomy":"category","embeddable":true,"href":"https:\/\/avrupapress.com\/main\/wp-json\/wp\/v2\/categories?post=34451"},{"taxonomy":"post_tag","embeddable":true,"href":"https:\/\/avrupapress.com\/main\/wp-json\/wp\/v2\/tags?post=34451"}],"curies":[{"name":"wp","href":"https:\/\/api.w.org\/{rel}","templated":true}]}}