{"id":34442,"date":"2026-04-22T18:05:55","date_gmt":"2026-04-22T18:05:55","guid":{"rendered":"https:\/\/avrupapress.com\/main\/?p=34442"},"modified":"2026-04-22T18:06:01","modified_gmt":"2026-04-22T18:06:01","slug":"bir-sevdadir-emirdag","status":"publish","type":"post","link":"https:\/\/avrupapress.com\/main\/2026\/04\/22\/bir-sevdadir-emirdag\/","title":{"rendered":"B\u0130R SEVDADIR EM\u0130RDA\u011e"},"content":{"rendered":"<p>B\u0130R SEVDADIR EM\u0130RDA\u011e<br \/>\nEmirda\u011f; tarihtir ge\u00e7mi\u015ften gelece\u011fe, maziden atiye.<br \/>\nK\u00f6k\u00fc Ulu\u011f T\u00fcrkistan zamanlar\u0131na ula\u015fan bir k\u00f6pr\u00fcd\u00fcr Emirda\u011f. Kiliminin deseninde, t\u00fcrk\u00fcs\u00fcn\u00fcn ezgisinde, s\u00f6z\u00fcn\u00fcn sesinde Ulu\u011f T\u00fcrkistan\u2019\u0131n izleri vard\u0131r. Emirda\u011f; Hun atl\u0131lar\u0131n\u0131n i\u00e7inde yeti\u015fmi\u015f g\u00f6z\u00fc pek bir \u00e7eridir. G\u00f6kt\u00fcrk\u2019t\u00fcr abidelerinde ya\u015fayan. Uygur\u2019dur uygarl\u0131\u011f\u0131n kurucusu. Karahanl\u0131\u2019d\u0131r, Sel\u00e7uklu\u2019dur do\u011fudan bat\u0131ya h\u00fckmedici kuvvet. Osmanl\u0131\u2019d\u0131r Cumhuriyet\u2019tir sonsuzlu\u011fa kap\u0131 a\u00e7an\u2026 Emirda\u011f, O\u011fuz\u2019dur bozk\u0131rlar\u0131n efendisidir.<br \/>\nAlp-eren, gazi- dervi\u015f, Mehmet\u00e7ik\u2019tir adlar\u0131. Topla\u015f\u0131rlar ulu \u00e7a\u011fr\u0131y\u0131 duyup, \u00e7oban ate\u015fleri yakarlar y\u00fcce da\u011flar\u0131n sarp yama\u00e7lar\u0131nda O\u011fuz\u2019un nesli i\u00e7in. \u015eehirler ayd\u0131nlan\u0131r \u0131\u015f\u0131k \u0131\u015f\u0131k. Tan a\u011fart\u0131s\u0131 d\u00fc\u015fmeden bozk\u0131ra uyan\u0131rlar. D\u00fc\u015fman kesse de yollar\u0131n\u0131, bozk\u0131r\u0131n yi\u011fit atl\u0131lar\u0131 nallar\u0131ndan \u00e7\u0131ng\u0131lar sa\u00e7\u0131p toz koparan k\u00fcheylanlar\u0131 ile dal\u0131p girerler er meydanlar\u0131na. Yelesinde ter bu\u011fulan\u0131r atlar\u0131n. K\u0131l\u0131\u00e7lar\u0131 O\u011fuz Han miras\u0131, \u00fclk\u00fcleri Fatih vasiyeti, hedefleri Atat\u00fcrk emanetidir\u2026<\/p>\n<p>Emirda\u011f; yaylad\u0131r, her bahar t\u00fcrk\u00fclerle tekrarlanan bir hayat tarz\u0131d\u0131r. Yayla ku\u015flar\u0131, Yellibel\u2019den sitare getirirler. \u00c7i\u011fillip\u0131nar so\u011fuk sular\u0131n\u0131 sunar insanlara.<br \/>\nEmirda\u011f\u2019da mevsimlerle akar tela\u015fs\u0131z ve s\u00fcrekli. \u0130nsanlar\u0131n g\u00fcl\u00fcmsemesi baharla gelir y\u00fczlere. S\u00fcr\u00fcp gider a\u011flamas\u0131 k\u0131\u015fla f\u0131rt\u0131nayla boranla. Da\u011f \u00e7i\u00e7eklerinin kokusundad\u0131r as\u0131rl\u0131k \u00e7a\u011fr\u0131lar\u0131. Kardelenler boy verince kar i\u00e7inden. Ba\u015f\u0131 dumanl\u0131 da\u011flara var\u0131nca ba\u015f\u0131 gururlu insanlar. Bir ba\u011f\u0131ms\u0131zl\u0131k hayk\u0131r\u0131\u015f\u0131d\u0131r bozlaklarda dillenen. Sevdas\u0131d\u0131r g\u00f6n\u00fcllerin co\u015fup ta\u015fan \u00fclfeti. Ve y\u00fcr\u00fcy\u00fc\u015fleri at \u00fcst\u00fcnde Hun sava\u015f\u00e7\u0131lar\u0131 kadar soylu. Kervanlar\u0131 neft\u00ee ikindilerin i\u00e7inden ge\u00e7er. \u015eenlenir dal h\u0131\u015f\u0131rt\u0131lar\u0131yla g\u00f6\u011feren me\u015fe korulu\u011fu. Vadilerden yama\u00e7lara ta\u015far s\u00fcr\u00fc y\u0131lk\u0131 ve ke\u015fik. Bin bir sevin\u00e7 yay\u0131l\u0131r \u00e7ocuklar\u0131n gamzeli y\u00fcz\u00fcne. Ok\u015fay\u0131nca ba\u015f\u0131n\u0131 ya\u015fl\u0131 ve nas\u0131rl\u0131 eller dua ile. Na\u011fmesi y\u00fckselir serin derelerden kaval\u0131n ve ba\u011flaman\u0131n<br \/>\nVar\u0131p k\u0131r \u00e7i\u00e7eklerine t\u00fcrl\u00fc renk olur. Birle\u015ftirir kokusuyla ezgisini da\u011fdan a\u015f\u0131p gelen r\u00fczg\u00e2r. Uzaklardan b\u00fclb\u00fcl sesleri gelir ve g\u00fcl dudaklardan t\u00fcrk\u00fcler.Bu arma\u011fan\u0131d\u0131r g\u00f6ky\u00fcz\u00fcn\u00fcn mehtapl\u0131 saltanat\u0131 yayla gecelerine. Emirda\u011f g\u00fcnd\u00fcz\u00fc do\u011furan gecenin son an\u0131ndad\u0131r.<\/p>\n<p>Emirda\u011f; bozk\u0131rd\u0131r nal sesleridir, poyrazla yar\u0131\u015fan, karayelle g\u00fcre\u015fen. Bozk\u0131r, alabildi\u011fine \u00e7\u0131plak ve yaln\u0131zd\u0131r.<br \/>\nBahar\u0131 nazl\u0131d\u0131r bozk\u0131r\u0131n. Me\u015feler ge\u00e7 g\u00f6\u011ferir, tez ge\u00e7er vakti alca g\u00fcllerin. Bu y\u00fczden ye\u015fil \u00f6zlemlerin ad\u0131d\u0131r. G\u00fcnd\u00fcz\u00fc kavruktur yazda, k\u0131\u015fta. Gecesi katran karas\u0131 bir \u00e7aresizlik k\u00e2busudur. Efsunludur sanki birbirine yolda\u015f olan b\u00f6ceklerle bitkiler. Ayaz\u0131 kutuplardan gelir, s\u0131ca\u011f\u0131 Afrika g\u00fcne\u015finden \u015fimdi bozlak vaktidir ba\u011fda\u015f kurup oturunca boz topra\u011f\u0131n \u00fcst\u00fcne.<br \/>\nBizler bozk\u0131r medeniyetinin \u00e7ocuklar\u0131y\u0131z. T\u00fcrkistan gecelerinden beri y\u0131ld\u0131zlar toplar\u0131z yeni d\u00fc\u015flerimize. Atlar\u0131m\u0131z\u0131n yelesini dalgaland\u0131ran r\u00fczg\u00e2r, bir zafer t\u00fcrk\u00fcs\u00fc olur dudaklar\u0131m\u0131zda. O\u011fuz\u2019dan emanettir \u00f6zg\u00fcrl\u00fck ve ba\u011f\u0131ms\u0131zl\u0131\u011f\u0131n de\u011ferini bilmek. Dilimizde ota\u011f kurmu\u015ftur, devletin bekas\u0131, devlet-i ebed-m\u00fcddet. Zorluklarla s\u0131nansa da birli\u011fimiz, ters y\u00fcz ederiz fitne ve nifak\u0131n oyununu.<br \/>\nA\u011fustos ak\u015famlar\u0131nda Eyl\u00fcl ikindilerinde destans\u0131 bir hayk\u0131r\u0131\u015f\u0131n yank\u0131s\u0131 \u00e7arpar Emir Baba\u2019dan Yorgun Dede\u2019ye. Suyu dinmi\u015f \u00c7ayderesi\u2019nin g\u00f6zleri nemlenir. Tarihe k\u00fcmelenmi\u015f kederlerini ak\u0131t\u0131r uzak \u0131rmaklara. Bozk\u0131r\u0131n efeleri, O\u011fuz\u2019un erleri t\u00fckenmez. O efeler, bar\u0131\u015fta efendi, sava\u015fta kahramand\u0131rlar. S\u0131rtlar\u0131na y\u00fcklenir as\u0131rl\u0131k \u00e7ilelerin y\u00fck\u00fc. Analar, hasret dualar\u0131yla u\u011furlar vatan imdad\u0131na o\u011fullar\u0131n\u0131. G\u00fcne\u015f mor da\u011flar\u0131n \u00fcst\u00fcne do\u011far. Ve ay y\u00fczl\u00fc yavuklular kalplerine ak\u0131t\u0131r g\u00f6zya\u015flar\u0131n\u0131. Bozk\u0131r\u0131n yi\u011fitleri cennet kap\u0131lar\u0131na yak\u0131n dururlar. F\u0131\u015fk\u0131r\u0131rlar \u00e7orak topra\u011f\u0131n rahminden bereket olup.<\/p>\n<p>Emirda\u011f; g\u00f6\u00e7t\u00fcr, gurbettir. Bir h\u00fcrriyet beyannamesidir g\u00f6\u00e7\u2026<br \/>\nGurbete \u00e7\u0131k\u0131l\u0131r, her g\u00fcn girilen kap\u0131lardan. G\u00f6\u00e7 edilir bilinmedik el kap\u0131lar\u0131na. Ve her sabah umutla a\u00e7\u0131lan kap\u0131; ekmektir, k\u0131smettir, ge\u00e7imdir. \u0130nsan kap\u0131 kap\u0131 dola\u015f\u0131r, nasibinin ard\u0131nda. El kap\u0131s\u0131, muhannet kap\u0131s\u0131d\u0131r. Yeni ufuklardan yeni \u00fcmitler sa\u011fmaya durur ak p\u00fcr\u00e7ekli analar. Eyl\u00fcl gecelerinde y\u0131ld\u0131zlar g\u00f6z k\u0131rpar, \u00f6zg\u00fcr ulusun egemenli\u011fine.<\/p>\n<p>Emirda\u011f; cesarettir, yi\u011fitliktir. Bir kurt gibi yaln\u0131z ve cesur at\u0131l\u0131r yeni ufuklara do\u011fru.<br \/>\nYi\u011fitlik, delikanl\u0131l\u0131k ko\u00e7 olmakt\u0131r ayn\u0131 zamanda. B\u00fct\u00fcn bebekler \u00f6nce kuzudur, erkek o\u011fullara ise ko\u00e7luk yak\u0131\u015f\u0131r. \u00c7\u00fcnk\u00fc onlar ko\u00e7akt\u0131r, ko\u00e7 yi\u011fittir.Onlar g\u00fcc\u00fcn, kuvvetin, neslin devam\u0131n\u0131n simgesidir. Onlar ko\u00e7luk kuzudur.\u201cKo\u00e7 olacak kuzu, ko\u00e7un yan\u0131nda gezer. \u201dZira b\u00f6ylece anadan sayg\u0131l\u0131, babadan g\u00f6rg\u00fcl\u00fc olmay\u0131 \u00f6\u011frenirler. Ko\u00e7aklar; yi\u011fitli\u011fin, mertli\u011fin, kahramanl\u0131\u011f\u0131n, c\u00f6mertli\u011fin \u015fiiri olan ko\u00e7aklamalar\u0131n i\u00e7inden hayk\u0131r\u0131rlar.<br \/>\nEmirda\u011f; bir destand\u0131r, hen\u00fcz yaz\u0131lmam\u0131\u015f\u2026<\/p>\n<p>&nbsp;<\/p>\n<p><strong>Ahmet Urfali\u00a0 \u00a0 \u00a0 \u00a0 \u00a0\/\u00a0 \u00a0 \u00a0 \u00a0 \u00a0AVRUPAPRESS<\/strong><\/p>\n","protected":false},"excerpt":{"rendered":"<p>B\u0130R SEVDADIR EM\u0130RDA\u011e Emirda\u011f; tarihtir ge\u00e7mi\u015ften gelece\u011fe, maziden atiye. K\u00f6k\u00fc Ulu\u011f T\u00fcrkistan zamanlar\u0131na ula\u015fan bir k\u00f6pr\u00fcd\u00fcr Emirda\u011f. Kiliminin deseninde, t\u00fcrk\u00fcs\u00fcn\u00fcn ezgisinde, s\u00f6z\u00fcn\u00fcn sesinde Ulu\u011f T\u00fcrkistan\u2019\u0131n izleri vard\u0131r. Emirda\u011f; Hun atl\u0131lar\u0131n\u0131n i\u00e7inde yeti\u015fmi\u015f g\u00f6z\u00fc pek bir \u00e7eridir. G\u00f6kt\u00fcrk\u2019t\u00fcr abidelerinde ya\u015fayan. Uygur\u2019dur uygarl\u0131\u011f\u0131n kurucusu. Karahanl\u0131\u2019d\u0131r, Sel\u00e7uklu\u2019dur do\u011fudan bat\u0131ya h\u00fckmedici kuvvet. Osmanl\u0131\u2019d\u0131r Cumhuriyet\u2019tir sonsuzlu\u011fa kap\u0131 a\u00e7an\u2026 Emirda\u011f, O\u011fuz\u2019dur [&hellip;]<\/p>\n","protected":false},"author":3,"featured_media":34179,"comment_status":"closed","ping_status":"open","sticky":false,"template":"","format":"standard","meta":{"footnotes":""},"categories":[14,16,3,17,18,15,19],"tags":[],"class_list":["post-34442","post","type-post","status-publish","format-standard","has-post-thumbnail","hentry","category-avrupa","category-belcika","category-dunya","category-ekonomi","category-kultur-sanat","category-spor","category-tanitim"],"yoast_head":"<!-- This site is optimized with the Yoast SEO plugin v26.9 - https:\/\/yoast.com\/product\/yoast-seo-wordpress\/ -->\n<title>B\u0130R SEVDADIR EM\u0130RDA\u011e - AvrupaPress<\/title>\n<meta name=\"robots\" content=\"index, follow, max-snippet:-1, max-image-preview:large, max-video-preview:-1\" \/>\n<link rel=\"canonical\" href=\"https:\/\/avrupapress.com\/main\/2026\/04\/22\/bir-sevdadir-emirdag\/\" \/>\n<meta property=\"og:locale\" content=\"fr_FR\" \/>\n<meta property=\"og:type\" content=\"article\" \/>\n<meta property=\"og:title\" content=\"B\u0130R SEVDADIR EM\u0130RDA\u011e - AvrupaPress\" \/>\n<meta property=\"og:description\" content=\"B\u0130R SEVDADIR EM\u0130RDA\u011e Emirda\u011f; tarihtir ge\u00e7mi\u015ften gelece\u011fe, maziden atiye. K\u00f6k\u00fc Ulu\u011f T\u00fcrkistan zamanlar\u0131na ula\u015fan bir k\u00f6pr\u00fcd\u00fcr Emirda\u011f. Kiliminin deseninde, t\u00fcrk\u00fcs\u00fcn\u00fcn ezgisinde, s\u00f6z\u00fcn\u00fcn sesinde Ulu\u011f T\u00fcrkistan\u2019\u0131n izleri vard\u0131r. Emirda\u011f; Hun atl\u0131lar\u0131n\u0131n i\u00e7inde yeti\u015fmi\u015f g\u00f6z\u00fc pek bir \u00e7eridir. G\u00f6kt\u00fcrk\u2019t\u00fcr abidelerinde ya\u015fayan. Uygur\u2019dur uygarl\u0131\u011f\u0131n kurucusu. Karahanl\u0131\u2019d\u0131r, Sel\u00e7uklu\u2019dur do\u011fudan bat\u0131ya h\u00fckmedici kuvvet. Osmanl\u0131\u2019d\u0131r Cumhuriyet\u2019tir sonsuzlu\u011fa kap\u0131 a\u00e7an\u2026 Emirda\u011f, O\u011fuz\u2019dur [&hellip;]\" \/>\n<meta property=\"og:url\" content=\"https:\/\/avrupapress.com\/main\/2026\/04\/22\/bir-sevdadir-emirdag\/\" \/>\n<meta property=\"og:site_name\" content=\"AvrupaPress\" \/>\n<meta property=\"article:published_time\" content=\"2026-04-22T18:05:55+00:00\" \/>\n<meta property=\"article:modified_time\" content=\"2026-04-22T18:06:01+00:00\" \/>\n<meta property=\"og:image\" content=\"https:\/\/avrupapress.com\/main\/wp-content\/uploads\/2026\/04\/thumbnail_IMG-20240513-WA0009-e1716579599655-506x420-1.jpg\" \/>\n\t<meta property=\"og:image:width\" content=\"506\" \/>\n\t<meta property=\"og:image:height\" content=\"420\" \/>\n\t<meta property=\"og:image:type\" content=\"image\/jpeg\" \/>\n<meta name=\"author\" content=\"Edit\u00f6r\" \/>\n<meta name=\"twitter:card\" content=\"summary_large_image\" \/>\n<meta name=\"twitter:label1\" content=\"\u00c9crit par\" \/>\n\t<meta name=\"twitter:data1\" content=\"Edit\u00f6r\" \/>\n\t<meta name=\"twitter:label2\" content=\"Dur\u00e9e de lecture est.\" \/>\n\t<meta name=\"twitter:data2\" content=\"4 minutes\" \/>\n<script type=\"application\/ld+json\" class=\"yoast-schema-graph\">{\"@context\":\"https:\/\/schema.org\",\"@graph\":[{\"@type\":\"Article\",\"@id\":\"https:\/\/avrupapress.com\/main\/2026\/04\/22\/bir-sevdadir-emirdag\/#article\",\"isPartOf\":{\"@id\":\"https:\/\/avrupapress.com\/main\/2026\/04\/22\/bir-sevdadir-emirdag\/\"},\"author\":{\"name\":\"Edit\u00f6r\",\"@id\":\"https:\/\/avrupapress.com\/#\/schema\/person\/68428444ec60970d1e1b700cf4ca1e8f\"},\"headline\":\"B\u0130R SEVDADIR EM\u0130RDA\u011e\",\"datePublished\":\"2026-04-22T18:05:55+00:00\",\"dateModified\":\"2026-04-22T18:06:01+00:00\",\"mainEntityOfPage\":{\"@id\":\"https:\/\/avrupapress.com\/main\/2026\/04\/22\/bir-sevdadir-emirdag\/\"},\"wordCount\":959,\"publisher\":{\"@id\":\"https:\/\/avrupapress.com\/#\/schema\/person\/0223dca19c72c43575bf30d1a2d8f4fa\"},\"image\":{\"@id\":\"https:\/\/avrupapress.com\/main\/2026\/04\/22\/bir-sevdadir-emirdag\/#primaryimage\"},\"thumbnailUrl\":\"https:\/\/avrupapress.com\/main\/wp-content\/uploads\/2026\/04\/thumbnail_IMG-20240513-WA0009-e1716579599655-506x420-1.jpg\",\"articleSection\":[\"Avrupa\",\"Bel\u00e7ika\",\"D\u00fcnya\",\"Ekonomi\",\"K\u00fclt\u00fcr-Sanat\",\"Spor\",\"Tan\u0131t\u0131m\"],\"inLanguage\":\"fr-BE\"},{\"@type\":\"WebPage\",\"@id\":\"https:\/\/avrupapress.com\/main\/2026\/04\/22\/bir-sevdadir-emirdag\/\",\"url\":\"https:\/\/avrupapress.com\/main\/2026\/04\/22\/bir-sevdadir-emirdag\/\",\"name\":\"B\u0130R SEVDADIR EM\u0130RDA\u011e - AvrupaPress\",\"isPartOf\":{\"@id\":\"https:\/\/avrupapress.com\/#website\"},\"primaryImageOfPage\":{\"@id\":\"https:\/\/avrupapress.com\/main\/2026\/04\/22\/bir-sevdadir-emirdag\/#primaryimage\"},\"image\":{\"@id\":\"https:\/\/avrupapress.com\/main\/2026\/04\/22\/bir-sevdadir-emirdag\/#primaryimage\"},\"thumbnailUrl\":\"https:\/\/avrupapress.com\/main\/wp-content\/uploads\/2026\/04\/thumbnail_IMG-20240513-WA0009-e1716579599655-506x420-1.jpg\",\"datePublished\":\"2026-04-22T18:05:55+00:00\",\"dateModified\":\"2026-04-22T18:06:01+00:00\",\"breadcrumb\":{\"@id\":\"https:\/\/avrupapress.com\/main\/2026\/04\/22\/bir-sevdadir-emirdag\/#breadcrumb\"},\"inLanguage\":\"fr-BE\",\"potentialAction\":[{\"@type\":\"ReadAction\",\"target\":[\"https:\/\/avrupapress.com\/main\/2026\/04\/22\/bir-sevdadir-emirdag\/\"]}]},{\"@type\":\"ImageObject\",\"inLanguage\":\"fr-BE\",\"@id\":\"https:\/\/avrupapress.com\/main\/2026\/04\/22\/bir-sevdadir-emirdag\/#primaryimage\",\"url\":\"https:\/\/avrupapress.com\/main\/wp-content\/uploads\/2026\/04\/thumbnail_IMG-20240513-WA0009-e1716579599655-506x420-1.jpg\",\"contentUrl\":\"https:\/\/avrupapress.com\/main\/wp-content\/uploads\/2026\/04\/thumbnail_IMG-20240513-WA0009-e1716579599655-506x420-1.jpg\",\"width\":506,\"height\":420},{\"@type\":\"BreadcrumbList\",\"@id\":\"https:\/\/avrupapress.com\/main\/2026\/04\/22\/bir-sevdadir-emirdag\/#breadcrumb\",\"itemListElement\":[{\"@type\":\"ListItem\",\"position\":1,\"name\":\"Anasayfa\",\"item\":\"https:\/\/avrupapress.com\/\"},{\"@type\":\"ListItem\",\"position\":2,\"name\":\"B\u0130R SEVDADIR EM\u0130RDA\u011e\"}]},{\"@type\":\"WebSite\",\"@id\":\"https:\/\/avrupapress.com\/#website\",\"url\":\"https:\/\/avrupapress.com\/\",\"name\":\"AvrupaPress\",\"description\":\"Haberin Adresi\",\"publisher\":{\"@id\":\"https:\/\/avrupapress.com\/#\/schema\/person\/0223dca19c72c43575bf30d1a2d8f4fa\"},\"potentialAction\":[{\"@type\":\"SearchAction\",\"target\":{\"@type\":\"EntryPoint\",\"urlTemplate\":\"https:\/\/avrupapress.com\/?s={search_term_string}\"},\"query-input\":{\"@type\":\"PropertyValueSpecification\",\"valueRequired\":true,\"valueName\":\"search_term_string\"}}],\"inLanguage\":\"fr-BE\"},{\"@type\":[\"Person\",\"Organization\"],\"@id\":\"https:\/\/avrupapress.com\/#\/schema\/person\/0223dca19c72c43575bf30d1a2d8f4fa\",\"name\":\"Bilgin \u00d6z\u00e7ift\u00e7i\",\"image\":{\"@type\":\"ImageObject\",\"inLanguage\":\"fr-BE\",\"@id\":\"https:\/\/avrupapress.com\/#\/schema\/person\/image\/\",\"url\":\"https:\/\/secure.gravatar.com\/avatar\/0f23b280433a21e1ea7a0adcc46ed0ad16afe3ad8e630fd13d8a017dcbd54ef3?s=96&d=mm&r=g\",\"contentUrl\":\"https:\/\/secure.gravatar.com\/avatar\/0f23b280433a21e1ea7a0adcc46ed0ad16afe3ad8e630fd13d8a017dcbd54ef3?s=96&d=mm&r=g\",\"caption\":\"Bilgin \u00d6z\u00e7ift\u00e7i\"},\"logo\":{\"@id\":\"https:\/\/avrupapress.com\/#\/schema\/person\/image\/\"},\"description\":\"Ne ben, nede sen... Biz ancak \\\"biz\\\" olursak g\u00fc\u00e7l\u00fc olabiliriz\"},{\"@type\":\"Person\",\"@id\":\"https:\/\/avrupapress.com\/#\/schema\/person\/68428444ec60970d1e1b700cf4ca1e8f\",\"name\":\"Edit\u00f6r\",\"image\":{\"@type\":\"ImageObject\",\"inLanguage\":\"fr-BE\",\"@id\":\"https:\/\/avrupapress.com\/#\/schema\/person\/image\/\",\"url\":\"https:\/\/secure.gravatar.com\/avatar\/74996b0977aa5f1559ba9883776652508b229005c0d78fb2597897f0bd651c09?s=96&d=mm&r=g\",\"contentUrl\":\"https:\/\/secure.gravatar.com\/avatar\/74996b0977aa5f1559ba9883776652508b229005c0d78fb2597897f0bd651c09?s=96&d=mm&r=g\",\"caption\":\"Edit\u00f6r\"},\"sameAs\":[\"http:\/\/www.avrupapress.com\"],\"url\":\"https:\/\/avrupapress.com\/main\/author\/editor\/\"}]}<\/script>\n<!-- \/ Yoast SEO plugin. -->","yoast_head_json":{"title":"B\u0130R SEVDADIR EM\u0130RDA\u011e - AvrupaPress","robots":{"index":"index","follow":"follow","max-snippet":"max-snippet:-1","max-image-preview":"max-image-preview:large","max-video-preview":"max-video-preview:-1"},"canonical":"https:\/\/avrupapress.com\/main\/2026\/04\/22\/bir-sevdadir-emirdag\/","og_locale":"fr_FR","og_type":"article","og_title":"B\u0130R SEVDADIR EM\u0130RDA\u011e - AvrupaPress","og_description":"B\u0130R SEVDADIR EM\u0130RDA\u011e Emirda\u011f; tarihtir ge\u00e7mi\u015ften gelece\u011fe, maziden atiye. K\u00f6k\u00fc Ulu\u011f T\u00fcrkistan zamanlar\u0131na ula\u015fan bir k\u00f6pr\u00fcd\u00fcr Emirda\u011f. Kiliminin deseninde, t\u00fcrk\u00fcs\u00fcn\u00fcn ezgisinde, s\u00f6z\u00fcn\u00fcn sesinde Ulu\u011f T\u00fcrkistan\u2019\u0131n izleri vard\u0131r. Emirda\u011f; Hun atl\u0131lar\u0131n\u0131n i\u00e7inde yeti\u015fmi\u015f g\u00f6z\u00fc pek bir \u00e7eridir. G\u00f6kt\u00fcrk\u2019t\u00fcr abidelerinde ya\u015fayan. Uygur\u2019dur uygarl\u0131\u011f\u0131n kurucusu. Karahanl\u0131\u2019d\u0131r, Sel\u00e7uklu\u2019dur do\u011fudan bat\u0131ya h\u00fckmedici kuvvet. Osmanl\u0131\u2019d\u0131r Cumhuriyet\u2019tir sonsuzlu\u011fa kap\u0131 a\u00e7an\u2026 Emirda\u011f, O\u011fuz\u2019dur [&hellip;]","og_url":"https:\/\/avrupapress.com\/main\/2026\/04\/22\/bir-sevdadir-emirdag\/","og_site_name":"AvrupaPress","article_published_time":"2026-04-22T18:05:55+00:00","article_modified_time":"2026-04-22T18:06:01+00:00","og_image":[{"width":506,"height":420,"url":"https:\/\/avrupapress.com\/main\/wp-content\/uploads\/2026\/04\/thumbnail_IMG-20240513-WA0009-e1716579599655-506x420-1.jpg","type":"image\/jpeg"}],"author":"Edit\u00f6r","twitter_card":"summary_large_image","twitter_misc":{"\u00c9crit par":"Edit\u00f6r","Dur\u00e9e de lecture est.":"4 minutes"},"schema":{"@context":"https:\/\/schema.org","@graph":[{"@type":"Article","@id":"https:\/\/avrupapress.com\/main\/2026\/04\/22\/bir-sevdadir-emirdag\/#article","isPartOf":{"@id":"https:\/\/avrupapress.com\/main\/2026\/04\/22\/bir-sevdadir-emirdag\/"},"author":{"name":"Edit\u00f6r","@id":"https:\/\/avrupapress.com\/#\/schema\/person\/68428444ec60970d1e1b700cf4ca1e8f"},"headline":"B\u0130R SEVDADIR EM\u0130RDA\u011e","datePublished":"2026-04-22T18:05:55+00:00","dateModified":"2026-04-22T18:06:01+00:00","mainEntityOfPage":{"@id":"https:\/\/avrupapress.com\/main\/2026\/04\/22\/bir-sevdadir-emirdag\/"},"wordCount":959,"publisher":{"@id":"https:\/\/avrupapress.com\/#\/schema\/person\/0223dca19c72c43575bf30d1a2d8f4fa"},"image":{"@id":"https:\/\/avrupapress.com\/main\/2026\/04\/22\/bir-sevdadir-emirdag\/#primaryimage"},"thumbnailUrl":"https:\/\/avrupapress.com\/main\/wp-content\/uploads\/2026\/04\/thumbnail_IMG-20240513-WA0009-e1716579599655-506x420-1.jpg","articleSection":["Avrupa","Bel\u00e7ika","D\u00fcnya","Ekonomi","K\u00fclt\u00fcr-Sanat","Spor","Tan\u0131t\u0131m"],"inLanguage":"fr-BE"},{"@type":"WebPage","@id":"https:\/\/avrupapress.com\/main\/2026\/04\/22\/bir-sevdadir-emirdag\/","url":"https:\/\/avrupapress.com\/main\/2026\/04\/22\/bir-sevdadir-emirdag\/","name":"B\u0130R SEVDADIR EM\u0130RDA\u011e - AvrupaPress","isPartOf":{"@id":"https:\/\/avrupapress.com\/#website"},"primaryImageOfPage":{"@id":"https:\/\/avrupapress.com\/main\/2026\/04\/22\/bir-sevdadir-emirdag\/#primaryimage"},"image":{"@id":"https:\/\/avrupapress.com\/main\/2026\/04\/22\/bir-sevdadir-emirdag\/#primaryimage"},"thumbnailUrl":"https:\/\/avrupapress.com\/main\/wp-content\/uploads\/2026\/04\/thumbnail_IMG-20240513-WA0009-e1716579599655-506x420-1.jpg","datePublished":"2026-04-22T18:05:55+00:00","dateModified":"2026-04-22T18:06:01+00:00","breadcrumb":{"@id":"https:\/\/avrupapress.com\/main\/2026\/04\/22\/bir-sevdadir-emirdag\/#breadcrumb"},"inLanguage":"fr-BE","potentialAction":[{"@type":"ReadAction","target":["https:\/\/avrupapress.com\/main\/2026\/04\/22\/bir-sevdadir-emirdag\/"]}]},{"@type":"ImageObject","inLanguage":"fr-BE","@id":"https:\/\/avrupapress.com\/main\/2026\/04\/22\/bir-sevdadir-emirdag\/#primaryimage","url":"https:\/\/avrupapress.com\/main\/wp-content\/uploads\/2026\/04\/thumbnail_IMG-20240513-WA0009-e1716579599655-506x420-1.jpg","contentUrl":"https:\/\/avrupapress.com\/main\/wp-content\/uploads\/2026\/04\/thumbnail_IMG-20240513-WA0009-e1716579599655-506x420-1.jpg","width":506,"height":420},{"@type":"BreadcrumbList","@id":"https:\/\/avrupapress.com\/main\/2026\/04\/22\/bir-sevdadir-emirdag\/#breadcrumb","itemListElement":[{"@type":"ListItem","position":1,"name":"Anasayfa","item":"https:\/\/avrupapress.com\/"},{"@type":"ListItem","position":2,"name":"B\u0130R SEVDADIR EM\u0130RDA\u011e"}]},{"@type":"WebSite","@id":"https:\/\/avrupapress.com\/#website","url":"https:\/\/avrupapress.com\/","name":"AvrupaPress","description":"Haberin Adresi","publisher":{"@id":"https:\/\/avrupapress.com\/#\/schema\/person\/0223dca19c72c43575bf30d1a2d8f4fa"},"potentialAction":[{"@type":"SearchAction","target":{"@type":"EntryPoint","urlTemplate":"https:\/\/avrupapress.com\/?s={search_term_string}"},"query-input":{"@type":"PropertyValueSpecification","valueRequired":true,"valueName":"search_term_string"}}],"inLanguage":"fr-BE"},{"@type":["Person","Organization"],"@id":"https:\/\/avrupapress.com\/#\/schema\/person\/0223dca19c72c43575bf30d1a2d8f4fa","name":"Bilgin \u00d6z\u00e7ift\u00e7i","image":{"@type":"ImageObject","inLanguage":"fr-BE","@id":"https:\/\/avrupapress.com\/#\/schema\/person\/image\/","url":"https:\/\/secure.gravatar.com\/avatar\/0f23b280433a21e1ea7a0adcc46ed0ad16afe3ad8e630fd13d8a017dcbd54ef3?s=96&d=mm&r=g","contentUrl":"https:\/\/secure.gravatar.com\/avatar\/0f23b280433a21e1ea7a0adcc46ed0ad16afe3ad8e630fd13d8a017dcbd54ef3?s=96&d=mm&r=g","caption":"Bilgin \u00d6z\u00e7ift\u00e7i"},"logo":{"@id":"https:\/\/avrupapress.com\/#\/schema\/person\/image\/"},"description":"Ne ben, nede sen... Biz ancak \"biz\" olursak g\u00fc\u00e7l\u00fc olabiliriz"},{"@type":"Person","@id":"https:\/\/avrupapress.com\/#\/schema\/person\/68428444ec60970d1e1b700cf4ca1e8f","name":"Edit\u00f6r","image":{"@type":"ImageObject","inLanguage":"fr-BE","@id":"https:\/\/avrupapress.com\/#\/schema\/person\/image\/","url":"https:\/\/secure.gravatar.com\/avatar\/74996b0977aa5f1559ba9883776652508b229005c0d78fb2597897f0bd651c09?s=96&d=mm&r=g","contentUrl":"https:\/\/secure.gravatar.com\/avatar\/74996b0977aa5f1559ba9883776652508b229005c0d78fb2597897f0bd651c09?s=96&d=mm&r=g","caption":"Edit\u00f6r"},"sameAs":["http:\/\/www.avrupapress.com"],"url":"https:\/\/avrupapress.com\/main\/author\/editor\/"}]}},"_links":{"self":[{"href":"https:\/\/avrupapress.com\/main\/wp-json\/wp\/v2\/posts\/34442","targetHints":{"allow":["GET"]}}],"collection":[{"href":"https:\/\/avrupapress.com\/main\/wp-json\/wp\/v2\/posts"}],"about":[{"href":"https:\/\/avrupapress.com\/main\/wp-json\/wp\/v2\/types\/post"}],"author":[{"embeddable":true,"href":"https:\/\/avrupapress.com\/main\/wp-json\/wp\/v2\/users\/3"}],"replies":[{"embeddable":true,"href":"https:\/\/avrupapress.com\/main\/wp-json\/wp\/v2\/comments?post=34442"}],"version-history":[{"count":1,"href":"https:\/\/avrupapress.com\/main\/wp-json\/wp\/v2\/posts\/34442\/revisions"}],"predecessor-version":[{"id":34443,"href":"https:\/\/avrupapress.com\/main\/wp-json\/wp\/v2\/posts\/34442\/revisions\/34443"}],"wp:featuredmedia":[{"embeddable":true,"href":"https:\/\/avrupapress.com\/main\/wp-json\/wp\/v2\/media\/34179"}],"wp:attachment":[{"href":"https:\/\/avrupapress.com\/main\/wp-json\/wp\/v2\/media?parent=34442"}],"wp:term":[{"taxonomy":"category","embeddable":true,"href":"https:\/\/avrupapress.com\/main\/wp-json\/wp\/v2\/categories?post=34442"},{"taxonomy":"post_tag","embeddable":true,"href":"https:\/\/avrupapress.com\/main\/wp-json\/wp\/v2\/tags?post=34442"}],"curies":[{"name":"wp","href":"https:\/\/api.w.org\/{rel}","templated":true}]}}