{"id":33833,"date":"2026-03-19T19:02:20","date_gmt":"2026-03-19T19:02:20","guid":{"rendered":"https:\/\/avrupapress.com\/main\/?p=33833"},"modified":"2026-03-19T19:02:31","modified_gmt":"2026-03-19T19:02:31","slug":"uid-belcika-baskani-yusuf-taspinardan-ramazan-bayrami-mesaji","status":"publish","type":"post","link":"https:\/\/avrupapress.com\/main\/2026\/03\/19\/uid-belcika-baskani-yusuf-taspinardan-ramazan-bayrami-mesaji\/","title":{"rendered":"UID Bel\u00e7ika Ba\u015fkan\u0131 Yusuf Ta\u015fp\u0131nar\u2019dan Ramazan Bayrami Mesaji"},"content":{"rendered":"<p><strong>UID Bel\u00e7ika Ba\u015fkan\u0131 Yusuf Ta\u015fp\u0131nar\u2019dan Ramazan Bayrami Mesaj\u2026\u2026<\/strong><\/p>\n<p>M\u00fcbarek Ramazan Bayram\u0131\u2019n\u0131z\u0131 Kutlar\u0131z<br \/>\nM\u00fcbarek Ramazan Bayram\u0131\u2019na eri\u015fmenin sevincini ve huzurunu b\u00fcy\u00fck bir mutlulukla ya\u015f\u0131yoruz.<br \/>\nBu m\u00fcstesna g\u00fcnler, sadece bir bayram co\u015fkusu de\u011fil; ayn\u0131 zamanda birlik, beraberlik, karde\u015flik ve dayan\u0131\u015fma duygular\u0131m\u0131z\u0131 peki\u015ftiren, toplumumuzu bir araya getiren anlaml\u0131 bir vesiledir.<\/p>\n<p>Bayram, bizlere payla\u015fman\u0131n, ho\u015fg\u00f6r\u00fcn\u00fcn ve yard\u0131mla\u015fman\u0131n \u00f6nemini hat\u0131rlat\u0131rken; ba\u015fta \u00fclkemiz olmak \u00fczere t\u00fcm insanl\u0131\u011fa sa\u011fl\u0131k, bar\u0131\u015f, huzur ve bereket getirmesini diliyoruz. Ayn\u0131 zamanda bu \u00f6zel g\u00fcnlerin, toplumlar aras\u0131nda sevgi ve anlay\u0131\u015f k\u00f6pr\u00fclerini g\u00fc\u00e7lendirmesini temenni ediyoruz.<\/p>\n<p>Ramazan Bayram\u0131 vesilesiyle, t\u00fcm vatanda\u015flar\u0131m\u0131z\u0131n bayram\u0131n\u0131 en i\u00e7ten dileklerimizle kutlar, sa\u011fl\u0131k, mutluluk ve esenlik dolu g\u00fcnler dileriz.<\/p>\n<p>Yusuf Ta\u015fp\u0131nar<br \/>\nUID Bel\u00e7ika B\u00f6lge Ba\u015fkan\u0131<\/p>\n<p><img loading=\"lazy\" decoding=\"async\" class=\"alignnone size-medium wp-image-33835\" src=\"https:\/\/avrupapress.com\/main\/wp-content\/uploads\/2026\/03\/WhatsApp-Image-2026-03-19-at-20.13.59-2-300x300.jpeg\" alt=\"\" width=\"300\" height=\"300\" srcset=\"https:\/\/avrupapress.com\/main\/wp-content\/uploads\/2026\/03\/WhatsApp-Image-2026-03-19-at-20.13.59-2-300x300.jpeg 300w, https:\/\/avrupapress.com\/main\/wp-content\/uploads\/2026\/03\/WhatsApp-Image-2026-03-19-at-20.13.59-2-1024x1024.jpeg 1024w, https:\/\/avrupapress.com\/main\/wp-content\/uploads\/2026\/03\/WhatsApp-Image-2026-03-19-at-20.13.59-2-150x150.jpeg 150w, https:\/\/avrupapress.com\/main\/wp-content\/uploads\/2026\/03\/WhatsApp-Image-2026-03-19-at-20.13.59-2-768x768.jpeg 768w, https:\/\/avrupapress.com\/main\/wp-content\/uploads\/2026\/03\/WhatsApp-Image-2026-03-19-at-20.13.59-2.jpeg 1080w\" sizes=\"auto, (max-width: 300px) 100vw, 300px\" \/><\/p>\n<p><strong>Bilgin\u00a0 \u00a0Ozcifci\u00a0 \u00a0 \u00a0 \u00a0 \u00a0\/\u00a0 \u00a0 \u00a0 \u00a0 AVRUPAPRESS<\/strong><\/p>\n","protected":false},"excerpt":{"rendered":"<p>UID Bel\u00e7ika Ba\u015fkan\u0131 Yusuf Ta\u015fp\u0131nar\u2019dan Ramazan Bayrami Mesaj\u2026\u2026 M\u00fcbarek Ramazan Bayram\u0131\u2019n\u0131z\u0131 Kutlar\u0131z M\u00fcbarek Ramazan Bayram\u0131\u2019na eri\u015fmenin sevincini ve huzurunu b\u00fcy\u00fck bir mutlulukla ya\u015f\u0131yoruz. Bu m\u00fcstesna g\u00fcnler, sadece bir bayram co\u015fkusu de\u011fil; ayn\u0131 zamanda birlik, beraberlik, karde\u015flik ve dayan\u0131\u015fma duygular\u0131m\u0131z\u0131 peki\u015ftiren, toplumumuzu bir araya getiren anlaml\u0131 bir vesiledir. Bayram, bizlere payla\u015fman\u0131n, ho\u015fg\u00f6r\u00fcn\u00fcn ve yard\u0131mla\u015fman\u0131n \u00f6nemini hat\u0131rlat\u0131rken; [&hellip;]<\/p>\n","protected":false},"author":3,"featured_media":33836,"comment_status":"closed","ping_status":"open","sticky":false,"template":"","format":"standard","meta":{"footnotes":""},"categories":[14,16,3,17,18,15,19,2,1],"tags":[],"class_list":["post-33833","post","type-post","status-publish","format-standard","has-post-thumbnail","hentry","category-avrupa","category-belcika","category-dunya","category-ekonomi","category-kultur-sanat","category-spor","category-tanitim","category-turkiye","category-uncategorized"],"yoast_head":"<!-- This site is optimized with the Yoast SEO plugin v26.9 - https:\/\/yoast.com\/product\/yoast-seo-wordpress\/ -->\n<title>UID Bel\u00e7ika Ba\u015fkan\u0131 Yusuf Ta\u015fp\u0131nar\u2019dan Ramazan Bayrami Mesaji - AvrupaPress<\/title>\n<meta name=\"robots\" content=\"index, follow, max-snippet:-1, max-image-preview:large, max-video-preview:-1\" \/>\n<link rel=\"canonical\" href=\"https:\/\/avrupapress.com\/main\/2026\/03\/19\/uid-belcika-baskani-yusuf-taspinardan-ramazan-bayrami-mesaji\/\" \/>\n<meta property=\"og:locale\" content=\"fr_FR\" \/>\n<meta property=\"og:type\" content=\"article\" \/>\n<meta property=\"og:title\" content=\"UID Bel\u00e7ika Ba\u015fkan\u0131 Yusuf Ta\u015fp\u0131nar\u2019dan Ramazan Bayrami Mesaji - AvrupaPress\" \/>\n<meta property=\"og:description\" content=\"UID Bel\u00e7ika Ba\u015fkan\u0131 Yusuf Ta\u015fp\u0131nar\u2019dan Ramazan Bayrami Mesaj\u2026\u2026 M\u00fcbarek Ramazan Bayram\u0131\u2019n\u0131z\u0131 Kutlar\u0131z M\u00fcbarek Ramazan Bayram\u0131\u2019na eri\u015fmenin sevincini ve huzurunu b\u00fcy\u00fck bir mutlulukla ya\u015f\u0131yoruz. Bu m\u00fcstesna g\u00fcnler, sadece bir bayram co\u015fkusu de\u011fil; ayn\u0131 zamanda birlik, beraberlik, karde\u015flik ve dayan\u0131\u015fma duygular\u0131m\u0131z\u0131 peki\u015ftiren, toplumumuzu bir araya getiren anlaml\u0131 bir vesiledir. Bayram, bizlere payla\u015fman\u0131n, ho\u015fg\u00f6r\u00fcn\u00fcn ve yard\u0131mla\u015fman\u0131n \u00f6nemini hat\u0131rlat\u0131rken; [&hellip;]\" \/>\n<meta property=\"og:url\" content=\"https:\/\/avrupapress.com\/main\/2026\/03\/19\/uid-belcika-baskani-yusuf-taspinardan-ramazan-bayrami-mesaji\/\" \/>\n<meta property=\"og:site_name\" content=\"AvrupaPress\" \/>\n<meta property=\"article:published_time\" content=\"2026-03-19T19:02:20+00:00\" \/>\n<meta property=\"article:modified_time\" content=\"2026-03-19T19:02:31+00:00\" \/>\n<meta property=\"og:image\" content=\"https:\/\/avrupapress.com\/main\/wp-content\/uploads\/2026\/03\/facebook_1761726482601_7389216432884031262-e1761726656369-740x420-1-2.jpg\" \/>\n\t<meta property=\"og:image:width\" content=\"740\" \/>\n\t<meta property=\"og:image:height\" content=\"420\" \/>\n\t<meta property=\"og:image:type\" content=\"image\/jpeg\" \/>\n<meta name=\"author\" content=\"Edit\u00f6r\" \/>\n<meta name=\"twitter:card\" content=\"summary_large_image\" \/>\n<meta name=\"twitter:label1\" content=\"\u00c9crit par\" \/>\n\t<meta name=\"twitter:data1\" content=\"Edit\u00f6r\" \/>\n\t<meta name=\"twitter:label2\" content=\"Dur\u00e9e de lecture est.\" \/>\n\t<meta name=\"twitter:data2\" content=\"1 minute\" \/>\n<script type=\"application\/ld+json\" class=\"yoast-schema-graph\">{\"@context\":\"https:\/\/schema.org\",\"@graph\":[{\"@type\":\"Article\",\"@id\":\"https:\/\/avrupapress.com\/main\/2026\/03\/19\/uid-belcika-baskani-yusuf-taspinardan-ramazan-bayrami-mesaji\/#article\",\"isPartOf\":{\"@id\":\"https:\/\/avrupapress.com\/main\/2026\/03\/19\/uid-belcika-baskani-yusuf-taspinardan-ramazan-bayrami-mesaji\/\"},\"author\":{\"name\":\"Edit\u00f6r\",\"@id\":\"https:\/\/avrupapress.com\/#\/schema\/person\/68428444ec60970d1e1b700cf4ca1e8f\"},\"headline\":\"UID Bel\u00e7ika Ba\u015fkan\u0131 Yusuf Ta\u015fp\u0131nar\u2019dan Ramazan Bayrami Mesaji\",\"datePublished\":\"2026-03-19T19:02:20+00:00\",\"dateModified\":\"2026-03-19T19:02:31+00:00\",\"mainEntityOfPage\":{\"@id\":\"https:\/\/avrupapress.com\/main\/2026\/03\/19\/uid-belcika-baskani-yusuf-taspinardan-ramazan-bayrami-mesaji\/\"},\"wordCount\":181,\"publisher\":{\"@id\":\"https:\/\/avrupapress.com\/#\/schema\/person\/0223dca19c72c43575bf30d1a2d8f4fa\"},\"image\":{\"@id\":\"https:\/\/avrupapress.com\/main\/2026\/03\/19\/uid-belcika-baskani-yusuf-taspinardan-ramazan-bayrami-mesaji\/#primaryimage\"},\"thumbnailUrl\":\"https:\/\/avrupapress.com\/main\/wp-content\/uploads\/2026\/03\/facebook_1761726482601_7389216432884031262-e1761726656369-740x420-1-2.jpg\",\"articleSection\":[\"Avrupa\",\"Bel\u00e7ika\",\"D\u00fcnya\",\"Ekonomi\",\"K\u00fclt\u00fcr-Sanat\",\"Spor\",\"Tan\u0131t\u0131m\",\"T\u00fcrkiye\",\"Uncategorized\"],\"inLanguage\":\"fr-BE\"},{\"@type\":\"WebPage\",\"@id\":\"https:\/\/avrupapress.com\/main\/2026\/03\/19\/uid-belcika-baskani-yusuf-taspinardan-ramazan-bayrami-mesaji\/\",\"url\":\"https:\/\/avrupapress.com\/main\/2026\/03\/19\/uid-belcika-baskani-yusuf-taspinardan-ramazan-bayrami-mesaji\/\",\"name\":\"UID Bel\u00e7ika Ba\u015fkan\u0131 Yusuf Ta\u015fp\u0131nar\u2019dan Ramazan Bayrami Mesaji - AvrupaPress\",\"isPartOf\":{\"@id\":\"https:\/\/avrupapress.com\/#website\"},\"primaryImageOfPage\":{\"@id\":\"https:\/\/avrupapress.com\/main\/2026\/03\/19\/uid-belcika-baskani-yusuf-taspinardan-ramazan-bayrami-mesaji\/#primaryimage\"},\"image\":{\"@id\":\"https:\/\/avrupapress.com\/main\/2026\/03\/19\/uid-belcika-baskani-yusuf-taspinardan-ramazan-bayrami-mesaji\/#primaryimage\"},\"thumbnailUrl\":\"https:\/\/avrupapress.com\/main\/wp-content\/uploads\/2026\/03\/facebook_1761726482601_7389216432884031262-e1761726656369-740x420-1-2.jpg\",\"datePublished\":\"2026-03-19T19:02:20+00:00\",\"dateModified\":\"2026-03-19T19:02:31+00:00\",\"breadcrumb\":{\"@id\":\"https:\/\/avrupapress.com\/main\/2026\/03\/19\/uid-belcika-baskani-yusuf-taspinardan-ramazan-bayrami-mesaji\/#breadcrumb\"},\"inLanguage\":\"fr-BE\",\"potentialAction\":[{\"@type\":\"ReadAction\",\"target\":[\"https:\/\/avrupapress.com\/main\/2026\/03\/19\/uid-belcika-baskani-yusuf-taspinardan-ramazan-bayrami-mesaji\/\"]}]},{\"@type\":\"ImageObject\",\"inLanguage\":\"fr-BE\",\"@id\":\"https:\/\/avrupapress.com\/main\/2026\/03\/19\/uid-belcika-baskani-yusuf-taspinardan-ramazan-bayrami-mesaji\/#primaryimage\",\"url\":\"https:\/\/avrupapress.com\/main\/wp-content\/uploads\/2026\/03\/facebook_1761726482601_7389216432884031262-e1761726656369-740x420-1-2.jpg\",\"contentUrl\":\"https:\/\/avrupapress.com\/main\/wp-content\/uploads\/2026\/03\/facebook_1761726482601_7389216432884031262-e1761726656369-740x420-1-2.jpg\",\"width\":740,\"height\":420},{\"@type\":\"BreadcrumbList\",\"@id\":\"https:\/\/avrupapress.com\/main\/2026\/03\/19\/uid-belcika-baskani-yusuf-taspinardan-ramazan-bayrami-mesaji\/#breadcrumb\",\"itemListElement\":[{\"@type\":\"ListItem\",\"position\":1,\"name\":\"Anasayfa\",\"item\":\"https:\/\/avrupapress.com\/\"},{\"@type\":\"ListItem\",\"position\":2,\"name\":\"UID Bel\u00e7ika Ba\u015fkan\u0131 Yusuf Ta\u015fp\u0131nar\u2019dan Ramazan Bayrami Mesaji\"}]},{\"@type\":\"WebSite\",\"@id\":\"https:\/\/avrupapress.com\/#website\",\"url\":\"https:\/\/avrupapress.com\/\",\"name\":\"AvrupaPress\",\"description\":\"Haberin Adresi\",\"publisher\":{\"@id\":\"https:\/\/avrupapress.com\/#\/schema\/person\/0223dca19c72c43575bf30d1a2d8f4fa\"},\"potentialAction\":[{\"@type\":\"SearchAction\",\"target\":{\"@type\":\"EntryPoint\",\"urlTemplate\":\"https:\/\/avrupapress.com\/?s={search_term_string}\"},\"query-input\":{\"@type\":\"PropertyValueSpecification\",\"valueRequired\":true,\"valueName\":\"search_term_string\"}}],\"inLanguage\":\"fr-BE\"},{\"@type\":[\"Person\",\"Organization\"],\"@id\":\"https:\/\/avrupapress.com\/#\/schema\/person\/0223dca19c72c43575bf30d1a2d8f4fa\",\"name\":\"Bilgin \u00d6z\u00e7ift\u00e7i\",\"image\":{\"@type\":\"ImageObject\",\"inLanguage\":\"fr-BE\",\"@id\":\"https:\/\/avrupapress.com\/#\/schema\/person\/image\/\",\"url\":\"https:\/\/secure.gravatar.com\/avatar\/0f23b280433a21e1ea7a0adcc46ed0ad16afe3ad8e630fd13d8a017dcbd54ef3?s=96&d=mm&r=g\",\"contentUrl\":\"https:\/\/secure.gravatar.com\/avatar\/0f23b280433a21e1ea7a0adcc46ed0ad16afe3ad8e630fd13d8a017dcbd54ef3?s=96&d=mm&r=g\",\"caption\":\"Bilgin \u00d6z\u00e7ift\u00e7i\"},\"logo\":{\"@id\":\"https:\/\/avrupapress.com\/#\/schema\/person\/image\/\"},\"description\":\"Ne ben, nede sen... Biz ancak \\\"biz\\\" olursak g\u00fc\u00e7l\u00fc olabiliriz\"},{\"@type\":\"Person\",\"@id\":\"https:\/\/avrupapress.com\/#\/schema\/person\/68428444ec60970d1e1b700cf4ca1e8f\",\"name\":\"Edit\u00f6r\",\"image\":{\"@type\":\"ImageObject\",\"inLanguage\":\"fr-BE\",\"@id\":\"https:\/\/avrupapress.com\/#\/schema\/person\/image\/\",\"url\":\"https:\/\/secure.gravatar.com\/avatar\/74996b0977aa5f1559ba9883776652508b229005c0d78fb2597897f0bd651c09?s=96&d=mm&r=g\",\"contentUrl\":\"https:\/\/secure.gravatar.com\/avatar\/74996b0977aa5f1559ba9883776652508b229005c0d78fb2597897f0bd651c09?s=96&d=mm&r=g\",\"caption\":\"Edit\u00f6r\"},\"sameAs\":[\"http:\/\/www.avrupapress.com\"],\"url\":\"https:\/\/avrupapress.com\/main\/author\/editor\/\"}]}<\/script>\n<!-- \/ Yoast SEO plugin. -->","yoast_head_json":{"title":"UID Bel\u00e7ika Ba\u015fkan\u0131 Yusuf Ta\u015fp\u0131nar\u2019dan Ramazan Bayrami Mesaji - AvrupaPress","robots":{"index":"index","follow":"follow","max-snippet":"max-snippet:-1","max-image-preview":"max-image-preview:large","max-video-preview":"max-video-preview:-1"},"canonical":"https:\/\/avrupapress.com\/main\/2026\/03\/19\/uid-belcika-baskani-yusuf-taspinardan-ramazan-bayrami-mesaji\/","og_locale":"fr_FR","og_type":"article","og_title":"UID Bel\u00e7ika Ba\u015fkan\u0131 Yusuf Ta\u015fp\u0131nar\u2019dan Ramazan Bayrami Mesaji - AvrupaPress","og_description":"UID Bel\u00e7ika Ba\u015fkan\u0131 Yusuf Ta\u015fp\u0131nar\u2019dan Ramazan Bayrami Mesaj\u2026\u2026 M\u00fcbarek Ramazan Bayram\u0131\u2019n\u0131z\u0131 Kutlar\u0131z M\u00fcbarek Ramazan Bayram\u0131\u2019na eri\u015fmenin sevincini ve huzurunu b\u00fcy\u00fck bir mutlulukla ya\u015f\u0131yoruz. Bu m\u00fcstesna g\u00fcnler, sadece bir bayram co\u015fkusu de\u011fil; ayn\u0131 zamanda birlik, beraberlik, karde\u015flik ve dayan\u0131\u015fma duygular\u0131m\u0131z\u0131 peki\u015ftiren, toplumumuzu bir araya getiren anlaml\u0131 bir vesiledir. Bayram, bizlere payla\u015fman\u0131n, ho\u015fg\u00f6r\u00fcn\u00fcn ve yard\u0131mla\u015fman\u0131n \u00f6nemini hat\u0131rlat\u0131rken; [&hellip;]","og_url":"https:\/\/avrupapress.com\/main\/2026\/03\/19\/uid-belcika-baskani-yusuf-taspinardan-ramazan-bayrami-mesaji\/","og_site_name":"AvrupaPress","article_published_time":"2026-03-19T19:02:20+00:00","article_modified_time":"2026-03-19T19:02:31+00:00","og_image":[{"width":740,"height":420,"url":"https:\/\/avrupapress.com\/main\/wp-content\/uploads\/2026\/03\/facebook_1761726482601_7389216432884031262-e1761726656369-740x420-1-2.jpg","type":"image\/jpeg"}],"author":"Edit\u00f6r","twitter_card":"summary_large_image","twitter_misc":{"\u00c9crit par":"Edit\u00f6r","Dur\u00e9e de lecture est.":"1 minute"},"schema":{"@context":"https:\/\/schema.org","@graph":[{"@type":"Article","@id":"https:\/\/avrupapress.com\/main\/2026\/03\/19\/uid-belcika-baskani-yusuf-taspinardan-ramazan-bayrami-mesaji\/#article","isPartOf":{"@id":"https:\/\/avrupapress.com\/main\/2026\/03\/19\/uid-belcika-baskani-yusuf-taspinardan-ramazan-bayrami-mesaji\/"},"author":{"name":"Edit\u00f6r","@id":"https:\/\/avrupapress.com\/#\/schema\/person\/68428444ec60970d1e1b700cf4ca1e8f"},"headline":"UID Bel\u00e7ika Ba\u015fkan\u0131 Yusuf Ta\u015fp\u0131nar\u2019dan Ramazan Bayrami Mesaji","datePublished":"2026-03-19T19:02:20+00:00","dateModified":"2026-03-19T19:02:31+00:00","mainEntityOfPage":{"@id":"https:\/\/avrupapress.com\/main\/2026\/03\/19\/uid-belcika-baskani-yusuf-taspinardan-ramazan-bayrami-mesaji\/"},"wordCount":181,"publisher":{"@id":"https:\/\/avrupapress.com\/#\/schema\/person\/0223dca19c72c43575bf30d1a2d8f4fa"},"image":{"@id":"https:\/\/avrupapress.com\/main\/2026\/03\/19\/uid-belcika-baskani-yusuf-taspinardan-ramazan-bayrami-mesaji\/#primaryimage"},"thumbnailUrl":"https:\/\/avrupapress.com\/main\/wp-content\/uploads\/2026\/03\/facebook_1761726482601_7389216432884031262-e1761726656369-740x420-1-2.jpg","articleSection":["Avrupa","Bel\u00e7ika","D\u00fcnya","Ekonomi","K\u00fclt\u00fcr-Sanat","Spor","Tan\u0131t\u0131m","T\u00fcrkiye","Uncategorized"],"inLanguage":"fr-BE"},{"@type":"WebPage","@id":"https:\/\/avrupapress.com\/main\/2026\/03\/19\/uid-belcika-baskani-yusuf-taspinardan-ramazan-bayrami-mesaji\/","url":"https:\/\/avrupapress.com\/main\/2026\/03\/19\/uid-belcika-baskani-yusuf-taspinardan-ramazan-bayrami-mesaji\/","name":"UID Bel\u00e7ika Ba\u015fkan\u0131 Yusuf Ta\u015fp\u0131nar\u2019dan Ramazan Bayrami Mesaji - AvrupaPress","isPartOf":{"@id":"https:\/\/avrupapress.com\/#website"},"primaryImageOfPage":{"@id":"https:\/\/avrupapress.com\/main\/2026\/03\/19\/uid-belcika-baskani-yusuf-taspinardan-ramazan-bayrami-mesaji\/#primaryimage"},"image":{"@id":"https:\/\/avrupapress.com\/main\/2026\/03\/19\/uid-belcika-baskani-yusuf-taspinardan-ramazan-bayrami-mesaji\/#primaryimage"},"thumbnailUrl":"https:\/\/avrupapress.com\/main\/wp-content\/uploads\/2026\/03\/facebook_1761726482601_7389216432884031262-e1761726656369-740x420-1-2.jpg","datePublished":"2026-03-19T19:02:20+00:00","dateModified":"2026-03-19T19:02:31+00:00","breadcrumb":{"@id":"https:\/\/avrupapress.com\/main\/2026\/03\/19\/uid-belcika-baskani-yusuf-taspinardan-ramazan-bayrami-mesaji\/#breadcrumb"},"inLanguage":"fr-BE","potentialAction":[{"@type":"ReadAction","target":["https:\/\/avrupapress.com\/main\/2026\/03\/19\/uid-belcika-baskani-yusuf-taspinardan-ramazan-bayrami-mesaji\/"]}]},{"@type":"ImageObject","inLanguage":"fr-BE","@id":"https:\/\/avrupapress.com\/main\/2026\/03\/19\/uid-belcika-baskani-yusuf-taspinardan-ramazan-bayrami-mesaji\/#primaryimage","url":"https:\/\/avrupapress.com\/main\/wp-content\/uploads\/2026\/03\/facebook_1761726482601_7389216432884031262-e1761726656369-740x420-1-2.jpg","contentUrl":"https:\/\/avrupapress.com\/main\/wp-content\/uploads\/2026\/03\/facebook_1761726482601_7389216432884031262-e1761726656369-740x420-1-2.jpg","width":740,"height":420},{"@type":"BreadcrumbList","@id":"https:\/\/avrupapress.com\/main\/2026\/03\/19\/uid-belcika-baskani-yusuf-taspinardan-ramazan-bayrami-mesaji\/#breadcrumb","itemListElement":[{"@type":"ListItem","position":1,"name":"Anasayfa","item":"https:\/\/avrupapress.com\/"},{"@type":"ListItem","position":2,"name":"UID Bel\u00e7ika Ba\u015fkan\u0131 Yusuf Ta\u015fp\u0131nar\u2019dan Ramazan Bayrami Mesaji"}]},{"@type":"WebSite","@id":"https:\/\/avrupapress.com\/#website","url":"https:\/\/avrupapress.com\/","name":"AvrupaPress","description":"Haberin Adresi","publisher":{"@id":"https:\/\/avrupapress.com\/#\/schema\/person\/0223dca19c72c43575bf30d1a2d8f4fa"},"potentialAction":[{"@type":"SearchAction","target":{"@type":"EntryPoint","urlTemplate":"https:\/\/avrupapress.com\/?s={search_term_string}"},"query-input":{"@type":"PropertyValueSpecification","valueRequired":true,"valueName":"search_term_string"}}],"inLanguage":"fr-BE"},{"@type":["Person","Organization"],"@id":"https:\/\/avrupapress.com\/#\/schema\/person\/0223dca19c72c43575bf30d1a2d8f4fa","name":"Bilgin \u00d6z\u00e7ift\u00e7i","image":{"@type":"ImageObject","inLanguage":"fr-BE","@id":"https:\/\/avrupapress.com\/#\/schema\/person\/image\/","url":"https:\/\/secure.gravatar.com\/avatar\/0f23b280433a21e1ea7a0adcc46ed0ad16afe3ad8e630fd13d8a017dcbd54ef3?s=96&d=mm&r=g","contentUrl":"https:\/\/secure.gravatar.com\/avatar\/0f23b280433a21e1ea7a0adcc46ed0ad16afe3ad8e630fd13d8a017dcbd54ef3?s=96&d=mm&r=g","caption":"Bilgin \u00d6z\u00e7ift\u00e7i"},"logo":{"@id":"https:\/\/avrupapress.com\/#\/schema\/person\/image\/"},"description":"Ne ben, nede sen... Biz ancak \"biz\" olursak g\u00fc\u00e7l\u00fc olabiliriz"},{"@type":"Person","@id":"https:\/\/avrupapress.com\/#\/schema\/person\/68428444ec60970d1e1b700cf4ca1e8f","name":"Edit\u00f6r","image":{"@type":"ImageObject","inLanguage":"fr-BE","@id":"https:\/\/avrupapress.com\/#\/schema\/person\/image\/","url":"https:\/\/secure.gravatar.com\/avatar\/74996b0977aa5f1559ba9883776652508b229005c0d78fb2597897f0bd651c09?s=96&d=mm&r=g","contentUrl":"https:\/\/secure.gravatar.com\/avatar\/74996b0977aa5f1559ba9883776652508b229005c0d78fb2597897f0bd651c09?s=96&d=mm&r=g","caption":"Edit\u00f6r"},"sameAs":["http:\/\/www.avrupapress.com"],"url":"https:\/\/avrupapress.com\/main\/author\/editor\/"}]}},"_links":{"self":[{"href":"https:\/\/avrupapress.com\/main\/wp-json\/wp\/v2\/posts\/33833","targetHints":{"allow":["GET"]}}],"collection":[{"href":"https:\/\/avrupapress.com\/main\/wp-json\/wp\/v2\/posts"}],"about":[{"href":"https:\/\/avrupapress.com\/main\/wp-json\/wp\/v2\/types\/post"}],"author":[{"embeddable":true,"href":"https:\/\/avrupapress.com\/main\/wp-json\/wp\/v2\/users\/3"}],"replies":[{"embeddable":true,"href":"https:\/\/avrupapress.com\/main\/wp-json\/wp\/v2\/comments?post=33833"}],"version-history":[{"count":1,"href":"https:\/\/avrupapress.com\/main\/wp-json\/wp\/v2\/posts\/33833\/revisions"}],"predecessor-version":[{"id":33837,"href":"https:\/\/avrupapress.com\/main\/wp-json\/wp\/v2\/posts\/33833\/revisions\/33837"}],"wp:featuredmedia":[{"embeddable":true,"href":"https:\/\/avrupapress.com\/main\/wp-json\/wp\/v2\/media\/33836"}],"wp:attachment":[{"href":"https:\/\/avrupapress.com\/main\/wp-json\/wp\/v2\/media?parent=33833"}],"wp:term":[{"taxonomy":"category","embeddable":true,"href":"https:\/\/avrupapress.com\/main\/wp-json\/wp\/v2\/categories?post=33833"},{"taxonomy":"post_tag","embeddable":true,"href":"https:\/\/avrupapress.com\/main\/wp-json\/wp\/v2\/tags?post=33833"}],"curies":[{"name":"wp","href":"https:\/\/api.w.org\/{rel}","templated":true}]}}