{"id":33605,"date":"2026-03-12T20:18:24","date_gmt":"2026-03-12T20:18:24","guid":{"rendered":"https:\/\/avrupapress.com\/main\/?p=33605"},"modified":"2026-03-12T20:18:24","modified_gmt":"2026-03-12T20:18:24","slug":"emirdaglilar-eskisehir-emirdag-federasyonu-tarafindan-duzenlenen-iftar-programinda-bir-araya-gelerek-birlik-ve-dayanisma-mesaji-verdi","status":"publish","type":"post","link":"https:\/\/avrupapress.com\/main\/2026\/03\/12\/emirdaglilar-eskisehir-emirdag-federasyonu-tarafindan-duzenlenen-iftar-programinda-bir-araya-gelerek-birlik-ve-dayanisma-mesaji-verdi\/","title":{"rendered":"Emirda\u011fl\u0131lar, Eski\u015fehir Emirda\u011f Federasyonu taraf\u0131ndan d\u00fczenlenen iftar program\u0131nda bir araya gelerek birlik ve dayan\u0131\u015fma mesaj\u0131 verdi."},"content":{"rendered":"<p><strong>Emirda\u011fl\u0131lar, Eski\u015fehir Emirda\u011f Federasyonu taraf\u0131ndan d\u00fczenlenen iftar program\u0131nda bir araya gelerek birlik ve dayan\u0131\u015fma mesaj\u0131 verdi. Federasyon \u00fcyeleri ve \u00e7ok say\u0131da hem\u015fehrinin kat\u0131ld\u0131\u011f\u0131 programda, federasyonun kurulu\u015f s\u00fcreci ve gelece\u011fe y\u00f6nelik hedefleri payla\u015f\u0131ld\u0131.<\/strong><\/p>\n<p>Federasyon Ba\u015fkan\u0131 Ahmet Ery\u00fcr\u00fck, d\u00fcnyan\u0131n neresinde olursa olsun t\u00fcm Emirda\u011fl\u0131lar\u0131n yan\u0131nda olmay\u0131 ama\u00e7lad\u0131klar\u0131n\u0131 belirterek ihtiya\u00e7 sahibi vatanda\u015flara destekten sosyal dayan\u0131\u015fmaya kadar bir\u00e7ok alanda aktif olacaklar\u0131n\u0131 ifade etti. Cenazeden d\u00fc\u011f\u00fcn organizasyonlar\u0131na kadar hem\u015fehrilerin ihtiya\u00e7 duydu\u011fu her konuda destek sa\u011flamay\u0131 hedeflediklerini vurgulayan Ery\u00fcr\u00fck, birlik i\u00e7inde daha g\u00fc\u00e7l\u00fc bir yap\u0131 olu\u015fturacaklar\u0131n\u0131 s\u00f6yledi.<\/p>\n<p>Federasyon y\u00f6neticisi Dr. Figen Ayranc\u0131 ise federasyonun temelinin y\u0131llar \u00f6nce kurulan Birlik Beraberlik Platformu\u2019na dayand\u0131\u011f\u0131n\u0131, son aylarda y\u00fcr\u00fct\u00fclen \u00e7al\u0131\u015fmalarla resmi kurulu\u015f s\u00fcrecinin h\u0131zland\u0131r\u0131ld\u0131\u011f\u0131n\u0131 dile getirdi. Geni\u015f Emirda\u011fl\u0131 toplulu\u011funu daha g\u00fc\u00e7l\u00fc bir \u00e7at\u0131 alt\u0131nda toplamak amac\u0131yla federasyon yap\u0131s\u0131na ge\u00e7ildi\u011fini belirten Ayranc\u0131, Ahmet Ery\u00fcr\u00fck\u2019\u00fcn oy birli\u011fiyle ba\u015fkan se\u00e7ildi\u011fini a\u00e7\u0131klad\u0131.<\/p>\n<p>Hem Emirda\u011f\u2019a hem de Eski\u015fehir\u2019e hizmet etmeyi hedeflediklerini vurgulayan federasyon y\u00f6neticileri, kap\u0131lar\u0131n\u0131n herkese a\u00e7\u0131k oldu\u011funu ifade etti. Program, toplu foto\u011fraf \u00e7ekimiyle sona erdi.<\/p>\n<p><img loading=\"lazy\" decoding=\"async\" class=\"alignnone size-medium wp-image-33606\" src=\"https:\/\/avrupapress.com\/main\/wp-content\/uploads\/2026\/03\/WhatsApp-Image-2026-03-12-at-22.59.54-300x213.jpeg\" alt=\"\" width=\"300\" height=\"213\" srcset=\"https:\/\/avrupapress.com\/main\/wp-content\/uploads\/2026\/03\/WhatsApp-Image-2026-03-12-at-22.59.54-300x213.jpeg 300w, https:\/\/avrupapress.com\/main\/wp-content\/uploads\/2026\/03\/WhatsApp-Image-2026-03-12-at-22.59.54-768x546.jpeg 768w, https:\/\/avrupapress.com\/main\/wp-content\/uploads\/2026\/03\/WhatsApp-Image-2026-03-12-at-22.59.54.jpeg 832w\" sizes=\"auto, (max-width: 300px) 100vw, 300px\" \/> <img loading=\"lazy\" decoding=\"async\" class=\"alignnone size-medium wp-image-33607\" src=\"https:\/\/avrupapress.com\/main\/wp-content\/uploads\/2026\/03\/WhatsApp-Image-2026-03-12-at-23.00.17-FEDERASYON-4-300x213.jpeg\" alt=\"\" width=\"300\" height=\"213\" srcset=\"https:\/\/avrupapress.com\/main\/wp-content\/uploads\/2026\/03\/WhatsApp-Image-2026-03-12-at-23.00.17-FEDERASYON-4-300x213.jpeg 300w, https:\/\/avrupapress.com\/main\/wp-content\/uploads\/2026\/03\/WhatsApp-Image-2026-03-12-at-23.00.17-FEDERASYON-4-768x545.jpeg 768w, https:\/\/avrupapress.com\/main\/wp-content\/uploads\/2026\/03\/WhatsApp-Image-2026-03-12-at-23.00.17-FEDERASYON-4.jpeg 831w\" sizes=\"auto, (max-width: 300px) 100vw, 300px\" \/> <img loading=\"lazy\" decoding=\"async\" class=\"alignnone size-medium wp-image-33608\" src=\"https:\/\/avrupapress.com\/main\/wp-content\/uploads\/2026\/03\/WhatsApp-Image-2026-03-12-at-23.00.29-FEDERASYON5-300x213.jpeg\" alt=\"\" width=\"300\" height=\"213\" srcset=\"https:\/\/avrupapress.com\/main\/wp-content\/uploads\/2026\/03\/WhatsApp-Image-2026-03-12-at-23.00.29-FEDERASYON5-300x213.jpeg 300w, https:\/\/avrupapress.com\/main\/wp-content\/uploads\/2026\/03\/WhatsApp-Image-2026-03-12-at-23.00.29-FEDERASYON5-768x546.jpeg 768w, https:\/\/avrupapress.com\/main\/wp-content\/uploads\/2026\/03\/WhatsApp-Image-2026-03-12-at-23.00.29-FEDERASYON5.jpeg 911w\" sizes=\"auto, (max-width: 300px) 100vw, 300px\" \/> <img loading=\"lazy\" decoding=\"async\" class=\"alignnone size-medium wp-image-33609\" src=\"https:\/\/avrupapress.com\/main\/wp-content\/uploads\/2026\/03\/WhatsApp-Image-2026-03-12-at-23.00.08-FEDERASYON3-300x213.jpeg\" alt=\"\" width=\"300\" height=\"213\" srcset=\"https:\/\/avrupapress.com\/main\/wp-content\/uploads\/2026\/03\/WhatsApp-Image-2026-03-12-at-23.00.08-FEDERASYON3-300x213.jpeg 300w, https:\/\/avrupapress.com\/main\/wp-content\/uploads\/2026\/03\/WhatsApp-Image-2026-03-12-at-23.00.08-FEDERASYON3-768x546.jpeg 768w, https:\/\/avrupapress.com\/main\/wp-content\/uploads\/2026\/03\/WhatsApp-Image-2026-03-12-at-23.00.08-FEDERASYON3.jpeg 911w\" sizes=\"auto, (max-width: 300px) 100vw, 300px\" \/> <img loading=\"lazy\" decoding=\"async\" class=\"alignnone size-medium wp-image-33610\" src=\"https:\/\/avrupapress.com\/main\/wp-content\/uploads\/2026\/03\/WhatsApp-Image-2026-03-12-at-23.01.39-FEDERASYON8-300x213.jpeg\" alt=\"\" width=\"300\" height=\"213\" srcset=\"https:\/\/avrupapress.com\/main\/wp-content\/uploads\/2026\/03\/WhatsApp-Image-2026-03-12-at-23.01.39-FEDERASYON8-300x213.jpeg 300w, https:\/\/avrupapress.com\/main\/wp-content\/uploads\/2026\/03\/WhatsApp-Image-2026-03-12-at-23.01.39-FEDERASYON8-768x546.jpeg 768w, https:\/\/avrupapress.com\/main\/wp-content\/uploads\/2026\/03\/WhatsApp-Image-2026-03-12-at-23.01.39-FEDERASYON8.jpeg 911w\" sizes=\"auto, (max-width: 300px) 100vw, 300px\" \/> <img loading=\"lazy\" decoding=\"async\" class=\"alignnone size-medium wp-image-33611\" src=\"https:\/\/avrupapress.com\/main\/wp-content\/uploads\/2026\/03\/FEDERASYON9-300x213.jpeg\" alt=\"\" width=\"300\" height=\"213\" srcset=\"https:\/\/avrupapress.com\/main\/wp-content\/uploads\/2026\/03\/FEDERASYON9-300x213.jpeg 300w, https:\/\/avrupapress.com\/main\/wp-content\/uploads\/2026\/03\/FEDERASYON9-768x545.jpeg 768w, https:\/\/avrupapress.com\/main\/wp-content\/uploads\/2026\/03\/FEDERASYON9.jpeg 831w\" sizes=\"auto, (max-width: 300px) 100vw, 300px\" \/> <img loading=\"lazy\" decoding=\"async\" class=\"alignnone size-medium wp-image-33612\" src=\"https:\/\/avrupapress.com\/main\/wp-content\/uploads\/2026\/03\/WhatsApp-Image-2026-03-12-at-23.02.11-FEDERASYON-11--300x213.jpeg\" alt=\"\" width=\"300\" height=\"213\" srcset=\"https:\/\/avrupapress.com\/main\/wp-content\/uploads\/2026\/03\/WhatsApp-Image-2026-03-12-at-23.02.11-FEDERASYON-11--300x213.jpeg 300w, https:\/\/avrupapress.com\/main\/wp-content\/uploads\/2026\/03\/WhatsApp-Image-2026-03-12-at-23.02.11-FEDERASYON-11--768x546.jpeg 768w, https:\/\/avrupapress.com\/main\/wp-content\/uploads\/2026\/03\/WhatsApp-Image-2026-03-12-at-23.02.11-FEDERASYON-11-.jpeg 911w\" sizes=\"auto, (max-width: 300px) 100vw, 300px\" \/> <img loading=\"lazy\" decoding=\"async\" class=\"alignnone size-medium wp-image-33613\" src=\"https:\/\/avrupapress.com\/main\/wp-content\/uploads\/2026\/03\/WhatsApp-Image-2026-03-12-at-23.02.28-FEDERASYON-13-300x213.jpeg\" alt=\"\" width=\"300\" height=\"213\" srcset=\"https:\/\/avrupapress.com\/main\/wp-content\/uploads\/2026\/03\/WhatsApp-Image-2026-03-12-at-23.02.28-FEDERASYON-13-300x213.jpeg 300w, https:\/\/avrupapress.com\/main\/wp-content\/uploads\/2026\/03\/WhatsApp-Image-2026-03-12-at-23.02.28-FEDERASYON-13-768x545.jpeg 768w, https:\/\/avrupapress.com\/main\/wp-content\/uploads\/2026\/03\/WhatsApp-Image-2026-03-12-at-23.02.28-FEDERASYON-13.jpeg 831w\" sizes=\"auto, (max-width: 300px) 100vw, 300px\" \/><\/p>\n<p>&nbsp;<\/p>\n<p><strong>Bilgin\u00a0 \u00a0Ozcifci\u00a0 \u00a0 \u00a0 \u00a0 \u00a0 \u00a0\/\u00a0 \u00a0 \u00a0 \u00a0 \u00a0 \u00a0AVRUPAPRESS<\/strong><\/p>\n","protected":false},"excerpt":{"rendered":"<p>Emirda\u011fl\u0131lar, Eski\u015fehir Emirda\u011f Federasyonu taraf\u0131ndan d\u00fczenlenen iftar program\u0131nda bir araya gelerek birlik ve dayan\u0131\u015fma mesaj\u0131 verdi. Federasyon \u00fcyeleri ve \u00e7ok say\u0131da hem\u015fehrinin kat\u0131ld\u0131\u011f\u0131 programda, federasyonun kurulu\u015f s\u00fcreci ve gelece\u011fe y\u00f6nelik hedefleri payla\u015f\u0131ld\u0131. Federasyon Ba\u015fkan\u0131 Ahmet Ery\u00fcr\u00fck, d\u00fcnyan\u0131n neresinde olursa olsun t\u00fcm Emirda\u011fl\u0131lar\u0131n yan\u0131nda olmay\u0131 ama\u00e7lad\u0131klar\u0131n\u0131 belirterek ihtiya\u00e7 sahibi vatanda\u015flara destekten sosyal dayan\u0131\u015fmaya kadar bir\u00e7ok alanda [&hellip;]<\/p>\n","protected":false},"author":3,"featured_media":33607,"comment_status":"closed","ping_status":"open","sticky":false,"template":"","format":"standard","meta":{"footnotes":""},"categories":[14,16,3,17,18,15,19,2,1],"tags":[],"class_list":["post-33605","post","type-post","status-publish","format-standard","has-post-thumbnail","hentry","category-avrupa","category-belcika","category-dunya","category-ekonomi","category-kultur-sanat","category-spor","category-tanitim","category-turkiye","category-uncategorized"],"yoast_head":"<!-- This site is optimized with the Yoast SEO plugin v26.9 - https:\/\/yoast.com\/product\/yoast-seo-wordpress\/ -->\n<title>Emirda\u011fl\u0131lar, Eski\u015fehir Emirda\u011f Federasyonu taraf\u0131ndan d\u00fczenlenen iftar program\u0131nda bir araya gelerek birlik ve dayan\u0131\u015fma mesaj\u0131 verdi. - AvrupaPress<\/title>\n<meta name=\"robots\" content=\"index, follow, max-snippet:-1, max-image-preview:large, max-video-preview:-1\" \/>\n<link rel=\"canonical\" href=\"https:\/\/avrupapress.com\/main\/2026\/03\/12\/emirdaglilar-eskisehir-emirdag-federasyonu-tarafindan-duzenlenen-iftar-programinda-bir-araya-gelerek-birlik-ve-dayanisma-mesaji-verdi\/\" \/>\n<meta property=\"og:locale\" content=\"fr_FR\" \/>\n<meta property=\"og:type\" content=\"article\" \/>\n<meta property=\"og:title\" content=\"Emirda\u011fl\u0131lar, Eski\u015fehir Emirda\u011f Federasyonu taraf\u0131ndan d\u00fczenlenen iftar program\u0131nda bir araya gelerek birlik ve dayan\u0131\u015fma mesaj\u0131 verdi. - AvrupaPress\" \/>\n<meta property=\"og:description\" content=\"Emirda\u011fl\u0131lar, Eski\u015fehir Emirda\u011f Federasyonu taraf\u0131ndan d\u00fczenlenen iftar program\u0131nda bir araya gelerek birlik ve dayan\u0131\u015fma mesaj\u0131 verdi. Federasyon \u00fcyeleri ve \u00e7ok say\u0131da hem\u015fehrinin kat\u0131ld\u0131\u011f\u0131 programda, federasyonun kurulu\u015f s\u00fcreci ve gelece\u011fe y\u00f6nelik hedefleri payla\u015f\u0131ld\u0131. Federasyon Ba\u015fkan\u0131 Ahmet Ery\u00fcr\u00fck, d\u00fcnyan\u0131n neresinde olursa olsun t\u00fcm Emirda\u011fl\u0131lar\u0131n yan\u0131nda olmay\u0131 ama\u00e7lad\u0131klar\u0131n\u0131 belirterek ihtiya\u00e7 sahibi vatanda\u015flara destekten sosyal dayan\u0131\u015fmaya kadar bir\u00e7ok alanda [&hellip;]\" \/>\n<meta property=\"og:url\" content=\"https:\/\/avrupapress.com\/main\/2026\/03\/12\/emirdaglilar-eskisehir-emirdag-federasyonu-tarafindan-duzenlenen-iftar-programinda-bir-araya-gelerek-birlik-ve-dayanisma-mesaji-verdi\/\" \/>\n<meta property=\"og:site_name\" content=\"AvrupaPress\" \/>\n<meta property=\"article:published_time\" content=\"2026-03-12T20:18:24+00:00\" \/>\n<meta property=\"og:image\" content=\"https:\/\/avrupapress.com\/main\/wp-content\/uploads\/2026\/03\/WhatsApp-Image-2026-03-12-at-23.00.17-FEDERASYON-4.jpeg\" \/>\n\t<meta property=\"og:image:width\" content=\"831\" \/>\n\t<meta property=\"og:image:height\" content=\"590\" \/>\n\t<meta property=\"og:image:type\" content=\"image\/jpeg\" \/>\n<meta name=\"author\" content=\"Edit\u00f6r\" \/>\n<meta name=\"twitter:card\" content=\"summary_large_image\" \/>\n<meta name=\"twitter:label1\" content=\"\u00c9crit par\" \/>\n\t<meta name=\"twitter:data1\" content=\"Edit\u00f6r\" \/>\n\t<meta name=\"twitter:label2\" content=\"Dur\u00e9e de lecture est.\" \/>\n\t<meta name=\"twitter:data2\" content=\"3 minutes\" \/>\n<script type=\"application\/ld+json\" class=\"yoast-schema-graph\">{\"@context\":\"https:\/\/schema.org\",\"@graph\":[{\"@type\":\"Article\",\"@id\":\"https:\/\/avrupapress.com\/main\/2026\/03\/12\/emirdaglilar-eskisehir-emirdag-federasyonu-tarafindan-duzenlenen-iftar-programinda-bir-araya-gelerek-birlik-ve-dayanisma-mesaji-verdi\/#article\",\"isPartOf\":{\"@id\":\"https:\/\/avrupapress.com\/main\/2026\/03\/12\/emirdaglilar-eskisehir-emirdag-federasyonu-tarafindan-duzenlenen-iftar-programinda-bir-araya-gelerek-birlik-ve-dayanisma-mesaji-verdi\/\"},\"author\":{\"name\":\"Edit\u00f6r\",\"@id\":\"https:\/\/avrupapress.com\/#\/schema\/person\/68428444ec60970d1e1b700cf4ca1e8f\"},\"headline\":\"Emirda\u011fl\u0131lar, Eski\u015fehir Emirda\u011f Federasyonu taraf\u0131ndan d\u00fczenlenen iftar program\u0131nda bir araya gelerek birlik ve dayan\u0131\u015fma mesaj\u0131 verdi.\",\"datePublished\":\"2026-03-12T20:18:24+00:00\",\"mainEntityOfPage\":{\"@id\":\"https:\/\/avrupapress.com\/main\/2026\/03\/12\/emirdaglilar-eskisehir-emirdag-federasyonu-tarafindan-duzenlenen-iftar-programinda-bir-araya-gelerek-birlik-ve-dayanisma-mesaji-verdi\/\"},\"wordCount\":261,\"publisher\":{\"@id\":\"https:\/\/avrupapress.com\/#\/schema\/person\/0223dca19c72c43575bf30d1a2d8f4fa\"},\"image\":{\"@id\":\"https:\/\/avrupapress.com\/main\/2026\/03\/12\/emirdaglilar-eskisehir-emirdag-federasyonu-tarafindan-duzenlenen-iftar-programinda-bir-araya-gelerek-birlik-ve-dayanisma-mesaji-verdi\/#primaryimage\"},\"thumbnailUrl\":\"https:\/\/avrupapress.com\/main\/wp-content\/uploads\/2026\/03\/WhatsApp-Image-2026-03-12-at-23.00.17-FEDERASYON-4.jpeg\",\"articleSection\":[\"Avrupa\",\"Bel\u00e7ika\",\"D\u00fcnya\",\"Ekonomi\",\"K\u00fclt\u00fcr-Sanat\",\"Spor\",\"Tan\u0131t\u0131m\",\"T\u00fcrkiye\",\"Uncategorized\"],\"inLanguage\":\"fr-BE\"},{\"@type\":\"WebPage\",\"@id\":\"https:\/\/avrupapress.com\/main\/2026\/03\/12\/emirdaglilar-eskisehir-emirdag-federasyonu-tarafindan-duzenlenen-iftar-programinda-bir-araya-gelerek-birlik-ve-dayanisma-mesaji-verdi\/\",\"url\":\"https:\/\/avrupapress.com\/main\/2026\/03\/12\/emirdaglilar-eskisehir-emirdag-federasyonu-tarafindan-duzenlenen-iftar-programinda-bir-araya-gelerek-birlik-ve-dayanisma-mesaji-verdi\/\",\"name\":\"Emirda\u011fl\u0131lar, Eski\u015fehir Emirda\u011f Federasyonu taraf\u0131ndan d\u00fczenlenen iftar program\u0131nda bir araya gelerek birlik ve dayan\u0131\u015fma mesaj\u0131 verdi. - AvrupaPress\",\"isPartOf\":{\"@id\":\"https:\/\/avrupapress.com\/#website\"},\"primaryImageOfPage\":{\"@id\":\"https:\/\/avrupapress.com\/main\/2026\/03\/12\/emirdaglilar-eskisehir-emirdag-federasyonu-tarafindan-duzenlenen-iftar-programinda-bir-araya-gelerek-birlik-ve-dayanisma-mesaji-verdi\/#primaryimage\"},\"image\":{\"@id\":\"https:\/\/avrupapress.com\/main\/2026\/03\/12\/emirdaglilar-eskisehir-emirdag-federasyonu-tarafindan-duzenlenen-iftar-programinda-bir-araya-gelerek-birlik-ve-dayanisma-mesaji-verdi\/#primaryimage\"},\"thumbnailUrl\":\"https:\/\/avrupapress.com\/main\/wp-content\/uploads\/2026\/03\/WhatsApp-Image-2026-03-12-at-23.00.17-FEDERASYON-4.jpeg\",\"datePublished\":\"2026-03-12T20:18:24+00:00\",\"breadcrumb\":{\"@id\":\"https:\/\/avrupapress.com\/main\/2026\/03\/12\/emirdaglilar-eskisehir-emirdag-federasyonu-tarafindan-duzenlenen-iftar-programinda-bir-araya-gelerek-birlik-ve-dayanisma-mesaji-verdi\/#breadcrumb\"},\"inLanguage\":\"fr-BE\",\"potentialAction\":[{\"@type\":\"ReadAction\",\"target\":[\"https:\/\/avrupapress.com\/main\/2026\/03\/12\/emirdaglilar-eskisehir-emirdag-federasyonu-tarafindan-duzenlenen-iftar-programinda-bir-araya-gelerek-birlik-ve-dayanisma-mesaji-verdi\/\"]}]},{\"@type\":\"ImageObject\",\"inLanguage\":\"fr-BE\",\"@id\":\"https:\/\/avrupapress.com\/main\/2026\/03\/12\/emirdaglilar-eskisehir-emirdag-federasyonu-tarafindan-duzenlenen-iftar-programinda-bir-araya-gelerek-birlik-ve-dayanisma-mesaji-verdi\/#primaryimage\",\"url\":\"https:\/\/avrupapress.com\/main\/wp-content\/uploads\/2026\/03\/WhatsApp-Image-2026-03-12-at-23.00.17-FEDERASYON-4.jpeg\",\"contentUrl\":\"https:\/\/avrupapress.com\/main\/wp-content\/uploads\/2026\/03\/WhatsApp-Image-2026-03-12-at-23.00.17-FEDERASYON-4.jpeg\",\"width\":831,\"height\":590},{\"@type\":\"BreadcrumbList\",\"@id\":\"https:\/\/avrupapress.com\/main\/2026\/03\/12\/emirdaglilar-eskisehir-emirdag-federasyonu-tarafindan-duzenlenen-iftar-programinda-bir-araya-gelerek-birlik-ve-dayanisma-mesaji-verdi\/#breadcrumb\",\"itemListElement\":[{\"@type\":\"ListItem\",\"position\":1,\"name\":\"Anasayfa\",\"item\":\"https:\/\/avrupapress.com\/\"},{\"@type\":\"ListItem\",\"position\":2,\"name\":\"Emirda\u011fl\u0131lar, Eski\u015fehir Emirda\u011f Federasyonu taraf\u0131ndan d\u00fczenlenen iftar program\u0131nda bir araya gelerek birlik ve dayan\u0131\u015fma mesaj\u0131 verdi.\"}]},{\"@type\":\"WebSite\",\"@id\":\"https:\/\/avrupapress.com\/#website\",\"url\":\"https:\/\/avrupapress.com\/\",\"name\":\"AvrupaPress\",\"description\":\"Haberin Adresi\",\"publisher\":{\"@id\":\"https:\/\/avrupapress.com\/#\/schema\/person\/0223dca19c72c43575bf30d1a2d8f4fa\"},\"potentialAction\":[{\"@type\":\"SearchAction\",\"target\":{\"@type\":\"EntryPoint\",\"urlTemplate\":\"https:\/\/avrupapress.com\/?s={search_term_string}\"},\"query-input\":{\"@type\":\"PropertyValueSpecification\",\"valueRequired\":true,\"valueName\":\"search_term_string\"}}],\"inLanguage\":\"fr-BE\"},{\"@type\":[\"Person\",\"Organization\"],\"@id\":\"https:\/\/avrupapress.com\/#\/schema\/person\/0223dca19c72c43575bf30d1a2d8f4fa\",\"name\":\"Bilgin \u00d6z\u00e7ift\u00e7i\",\"image\":{\"@type\":\"ImageObject\",\"inLanguage\":\"fr-BE\",\"@id\":\"https:\/\/avrupapress.com\/#\/schema\/person\/image\/\",\"url\":\"https:\/\/secure.gravatar.com\/avatar\/0f23b280433a21e1ea7a0adcc46ed0ad16afe3ad8e630fd13d8a017dcbd54ef3?s=96&d=mm&r=g\",\"contentUrl\":\"https:\/\/secure.gravatar.com\/avatar\/0f23b280433a21e1ea7a0adcc46ed0ad16afe3ad8e630fd13d8a017dcbd54ef3?s=96&d=mm&r=g\",\"caption\":\"Bilgin \u00d6z\u00e7ift\u00e7i\"},\"logo\":{\"@id\":\"https:\/\/avrupapress.com\/#\/schema\/person\/image\/\"},\"description\":\"Ne ben, nede sen... Biz ancak \\\"biz\\\" olursak g\u00fc\u00e7l\u00fc olabiliriz\"},{\"@type\":\"Person\",\"@id\":\"https:\/\/avrupapress.com\/#\/schema\/person\/68428444ec60970d1e1b700cf4ca1e8f\",\"name\":\"Edit\u00f6r\",\"image\":{\"@type\":\"ImageObject\",\"inLanguage\":\"fr-BE\",\"@id\":\"https:\/\/avrupapress.com\/#\/schema\/person\/image\/\",\"url\":\"https:\/\/secure.gravatar.com\/avatar\/74996b0977aa5f1559ba9883776652508b229005c0d78fb2597897f0bd651c09?s=96&d=mm&r=g\",\"contentUrl\":\"https:\/\/secure.gravatar.com\/avatar\/74996b0977aa5f1559ba9883776652508b229005c0d78fb2597897f0bd651c09?s=96&d=mm&r=g\",\"caption\":\"Edit\u00f6r\"},\"sameAs\":[\"http:\/\/www.avrupapress.com\"],\"url\":\"https:\/\/avrupapress.com\/main\/author\/editor\/\"}]}<\/script>\n<!-- \/ Yoast SEO plugin. -->","yoast_head_json":{"title":"Emirda\u011fl\u0131lar, Eski\u015fehir Emirda\u011f Federasyonu taraf\u0131ndan d\u00fczenlenen iftar program\u0131nda bir araya gelerek birlik ve dayan\u0131\u015fma mesaj\u0131 verdi. - AvrupaPress","robots":{"index":"index","follow":"follow","max-snippet":"max-snippet:-1","max-image-preview":"max-image-preview:large","max-video-preview":"max-video-preview:-1"},"canonical":"https:\/\/avrupapress.com\/main\/2026\/03\/12\/emirdaglilar-eskisehir-emirdag-federasyonu-tarafindan-duzenlenen-iftar-programinda-bir-araya-gelerek-birlik-ve-dayanisma-mesaji-verdi\/","og_locale":"fr_FR","og_type":"article","og_title":"Emirda\u011fl\u0131lar, Eski\u015fehir Emirda\u011f Federasyonu taraf\u0131ndan d\u00fczenlenen iftar program\u0131nda bir araya gelerek birlik ve dayan\u0131\u015fma mesaj\u0131 verdi. - AvrupaPress","og_description":"Emirda\u011fl\u0131lar, Eski\u015fehir Emirda\u011f Federasyonu taraf\u0131ndan d\u00fczenlenen iftar program\u0131nda bir araya gelerek birlik ve dayan\u0131\u015fma mesaj\u0131 verdi. Federasyon \u00fcyeleri ve \u00e7ok say\u0131da hem\u015fehrinin kat\u0131ld\u0131\u011f\u0131 programda, federasyonun kurulu\u015f s\u00fcreci ve gelece\u011fe y\u00f6nelik hedefleri payla\u015f\u0131ld\u0131. Federasyon Ba\u015fkan\u0131 Ahmet Ery\u00fcr\u00fck, d\u00fcnyan\u0131n neresinde olursa olsun t\u00fcm Emirda\u011fl\u0131lar\u0131n yan\u0131nda olmay\u0131 ama\u00e7lad\u0131klar\u0131n\u0131 belirterek ihtiya\u00e7 sahibi vatanda\u015flara destekten sosyal dayan\u0131\u015fmaya kadar bir\u00e7ok alanda [&hellip;]","og_url":"https:\/\/avrupapress.com\/main\/2026\/03\/12\/emirdaglilar-eskisehir-emirdag-federasyonu-tarafindan-duzenlenen-iftar-programinda-bir-araya-gelerek-birlik-ve-dayanisma-mesaji-verdi\/","og_site_name":"AvrupaPress","article_published_time":"2026-03-12T20:18:24+00:00","og_image":[{"width":831,"height":590,"url":"https:\/\/avrupapress.com\/main\/wp-content\/uploads\/2026\/03\/WhatsApp-Image-2026-03-12-at-23.00.17-FEDERASYON-4.jpeg","type":"image\/jpeg"}],"author":"Edit\u00f6r","twitter_card":"summary_large_image","twitter_misc":{"\u00c9crit par":"Edit\u00f6r","Dur\u00e9e de lecture est.":"3 minutes"},"schema":{"@context":"https:\/\/schema.org","@graph":[{"@type":"Article","@id":"https:\/\/avrupapress.com\/main\/2026\/03\/12\/emirdaglilar-eskisehir-emirdag-federasyonu-tarafindan-duzenlenen-iftar-programinda-bir-araya-gelerek-birlik-ve-dayanisma-mesaji-verdi\/#article","isPartOf":{"@id":"https:\/\/avrupapress.com\/main\/2026\/03\/12\/emirdaglilar-eskisehir-emirdag-federasyonu-tarafindan-duzenlenen-iftar-programinda-bir-araya-gelerek-birlik-ve-dayanisma-mesaji-verdi\/"},"author":{"name":"Edit\u00f6r","@id":"https:\/\/avrupapress.com\/#\/schema\/person\/68428444ec60970d1e1b700cf4ca1e8f"},"headline":"Emirda\u011fl\u0131lar, Eski\u015fehir Emirda\u011f Federasyonu taraf\u0131ndan d\u00fczenlenen iftar program\u0131nda bir araya gelerek birlik ve dayan\u0131\u015fma mesaj\u0131 verdi.","datePublished":"2026-03-12T20:18:24+00:00","mainEntityOfPage":{"@id":"https:\/\/avrupapress.com\/main\/2026\/03\/12\/emirdaglilar-eskisehir-emirdag-federasyonu-tarafindan-duzenlenen-iftar-programinda-bir-araya-gelerek-birlik-ve-dayanisma-mesaji-verdi\/"},"wordCount":261,"publisher":{"@id":"https:\/\/avrupapress.com\/#\/schema\/person\/0223dca19c72c43575bf30d1a2d8f4fa"},"image":{"@id":"https:\/\/avrupapress.com\/main\/2026\/03\/12\/emirdaglilar-eskisehir-emirdag-federasyonu-tarafindan-duzenlenen-iftar-programinda-bir-araya-gelerek-birlik-ve-dayanisma-mesaji-verdi\/#primaryimage"},"thumbnailUrl":"https:\/\/avrupapress.com\/main\/wp-content\/uploads\/2026\/03\/WhatsApp-Image-2026-03-12-at-23.00.17-FEDERASYON-4.jpeg","articleSection":["Avrupa","Bel\u00e7ika","D\u00fcnya","Ekonomi","K\u00fclt\u00fcr-Sanat","Spor","Tan\u0131t\u0131m","T\u00fcrkiye","Uncategorized"],"inLanguage":"fr-BE"},{"@type":"WebPage","@id":"https:\/\/avrupapress.com\/main\/2026\/03\/12\/emirdaglilar-eskisehir-emirdag-federasyonu-tarafindan-duzenlenen-iftar-programinda-bir-araya-gelerek-birlik-ve-dayanisma-mesaji-verdi\/","url":"https:\/\/avrupapress.com\/main\/2026\/03\/12\/emirdaglilar-eskisehir-emirdag-federasyonu-tarafindan-duzenlenen-iftar-programinda-bir-araya-gelerek-birlik-ve-dayanisma-mesaji-verdi\/","name":"Emirda\u011fl\u0131lar, Eski\u015fehir Emirda\u011f Federasyonu taraf\u0131ndan d\u00fczenlenen iftar program\u0131nda bir araya gelerek birlik ve dayan\u0131\u015fma mesaj\u0131 verdi. - AvrupaPress","isPartOf":{"@id":"https:\/\/avrupapress.com\/#website"},"primaryImageOfPage":{"@id":"https:\/\/avrupapress.com\/main\/2026\/03\/12\/emirdaglilar-eskisehir-emirdag-federasyonu-tarafindan-duzenlenen-iftar-programinda-bir-araya-gelerek-birlik-ve-dayanisma-mesaji-verdi\/#primaryimage"},"image":{"@id":"https:\/\/avrupapress.com\/main\/2026\/03\/12\/emirdaglilar-eskisehir-emirdag-federasyonu-tarafindan-duzenlenen-iftar-programinda-bir-araya-gelerek-birlik-ve-dayanisma-mesaji-verdi\/#primaryimage"},"thumbnailUrl":"https:\/\/avrupapress.com\/main\/wp-content\/uploads\/2026\/03\/WhatsApp-Image-2026-03-12-at-23.00.17-FEDERASYON-4.jpeg","datePublished":"2026-03-12T20:18:24+00:00","breadcrumb":{"@id":"https:\/\/avrupapress.com\/main\/2026\/03\/12\/emirdaglilar-eskisehir-emirdag-federasyonu-tarafindan-duzenlenen-iftar-programinda-bir-araya-gelerek-birlik-ve-dayanisma-mesaji-verdi\/#breadcrumb"},"inLanguage":"fr-BE","potentialAction":[{"@type":"ReadAction","target":["https:\/\/avrupapress.com\/main\/2026\/03\/12\/emirdaglilar-eskisehir-emirdag-federasyonu-tarafindan-duzenlenen-iftar-programinda-bir-araya-gelerek-birlik-ve-dayanisma-mesaji-verdi\/"]}]},{"@type":"ImageObject","inLanguage":"fr-BE","@id":"https:\/\/avrupapress.com\/main\/2026\/03\/12\/emirdaglilar-eskisehir-emirdag-federasyonu-tarafindan-duzenlenen-iftar-programinda-bir-araya-gelerek-birlik-ve-dayanisma-mesaji-verdi\/#primaryimage","url":"https:\/\/avrupapress.com\/main\/wp-content\/uploads\/2026\/03\/WhatsApp-Image-2026-03-12-at-23.00.17-FEDERASYON-4.jpeg","contentUrl":"https:\/\/avrupapress.com\/main\/wp-content\/uploads\/2026\/03\/WhatsApp-Image-2026-03-12-at-23.00.17-FEDERASYON-4.jpeg","width":831,"height":590},{"@type":"BreadcrumbList","@id":"https:\/\/avrupapress.com\/main\/2026\/03\/12\/emirdaglilar-eskisehir-emirdag-federasyonu-tarafindan-duzenlenen-iftar-programinda-bir-araya-gelerek-birlik-ve-dayanisma-mesaji-verdi\/#breadcrumb","itemListElement":[{"@type":"ListItem","position":1,"name":"Anasayfa","item":"https:\/\/avrupapress.com\/"},{"@type":"ListItem","position":2,"name":"Emirda\u011fl\u0131lar, Eski\u015fehir Emirda\u011f Federasyonu taraf\u0131ndan d\u00fczenlenen iftar program\u0131nda bir araya gelerek birlik ve dayan\u0131\u015fma mesaj\u0131 verdi."}]},{"@type":"WebSite","@id":"https:\/\/avrupapress.com\/#website","url":"https:\/\/avrupapress.com\/","name":"AvrupaPress","description":"Haberin Adresi","publisher":{"@id":"https:\/\/avrupapress.com\/#\/schema\/person\/0223dca19c72c43575bf30d1a2d8f4fa"},"potentialAction":[{"@type":"SearchAction","target":{"@type":"EntryPoint","urlTemplate":"https:\/\/avrupapress.com\/?s={search_term_string}"},"query-input":{"@type":"PropertyValueSpecification","valueRequired":true,"valueName":"search_term_string"}}],"inLanguage":"fr-BE"},{"@type":["Person","Organization"],"@id":"https:\/\/avrupapress.com\/#\/schema\/person\/0223dca19c72c43575bf30d1a2d8f4fa","name":"Bilgin \u00d6z\u00e7ift\u00e7i","image":{"@type":"ImageObject","inLanguage":"fr-BE","@id":"https:\/\/avrupapress.com\/#\/schema\/person\/image\/","url":"https:\/\/secure.gravatar.com\/avatar\/0f23b280433a21e1ea7a0adcc46ed0ad16afe3ad8e630fd13d8a017dcbd54ef3?s=96&d=mm&r=g","contentUrl":"https:\/\/secure.gravatar.com\/avatar\/0f23b280433a21e1ea7a0adcc46ed0ad16afe3ad8e630fd13d8a017dcbd54ef3?s=96&d=mm&r=g","caption":"Bilgin \u00d6z\u00e7ift\u00e7i"},"logo":{"@id":"https:\/\/avrupapress.com\/#\/schema\/person\/image\/"},"description":"Ne ben, nede sen... Biz ancak \"biz\" olursak g\u00fc\u00e7l\u00fc olabiliriz"},{"@type":"Person","@id":"https:\/\/avrupapress.com\/#\/schema\/person\/68428444ec60970d1e1b700cf4ca1e8f","name":"Edit\u00f6r","image":{"@type":"ImageObject","inLanguage":"fr-BE","@id":"https:\/\/avrupapress.com\/#\/schema\/person\/image\/","url":"https:\/\/secure.gravatar.com\/avatar\/74996b0977aa5f1559ba9883776652508b229005c0d78fb2597897f0bd651c09?s=96&d=mm&r=g","contentUrl":"https:\/\/secure.gravatar.com\/avatar\/74996b0977aa5f1559ba9883776652508b229005c0d78fb2597897f0bd651c09?s=96&d=mm&r=g","caption":"Edit\u00f6r"},"sameAs":["http:\/\/www.avrupapress.com"],"url":"https:\/\/avrupapress.com\/main\/author\/editor\/"}]}},"_links":{"self":[{"href":"https:\/\/avrupapress.com\/main\/wp-json\/wp\/v2\/posts\/33605","targetHints":{"allow":["GET"]}}],"collection":[{"href":"https:\/\/avrupapress.com\/main\/wp-json\/wp\/v2\/posts"}],"about":[{"href":"https:\/\/avrupapress.com\/main\/wp-json\/wp\/v2\/types\/post"}],"author":[{"embeddable":true,"href":"https:\/\/avrupapress.com\/main\/wp-json\/wp\/v2\/users\/3"}],"replies":[{"embeddable":true,"href":"https:\/\/avrupapress.com\/main\/wp-json\/wp\/v2\/comments?post=33605"}],"version-history":[{"count":1,"href":"https:\/\/avrupapress.com\/main\/wp-json\/wp\/v2\/posts\/33605\/revisions"}],"predecessor-version":[{"id":33614,"href":"https:\/\/avrupapress.com\/main\/wp-json\/wp\/v2\/posts\/33605\/revisions\/33614"}],"wp:featuredmedia":[{"embeddable":true,"href":"https:\/\/avrupapress.com\/main\/wp-json\/wp\/v2\/media\/33607"}],"wp:attachment":[{"href":"https:\/\/avrupapress.com\/main\/wp-json\/wp\/v2\/media?parent=33605"}],"wp:term":[{"taxonomy":"category","embeddable":true,"href":"https:\/\/avrupapress.com\/main\/wp-json\/wp\/v2\/categories?post=33605"},{"taxonomy":"post_tag","embeddable":true,"href":"https:\/\/avrupapress.com\/main\/wp-json\/wp\/v2\/tags?post=33605"}],"curies":[{"name":"wp","href":"https:\/\/api.w.org\/{rel}","templated":true}]}}