{"id":33597,"date":"2026-03-12T18:36:54","date_gmt":"2026-03-12T18:36:54","guid":{"rendered":"https:\/\/avrupapress.com\/main\/?p=33597"},"modified":"2026-03-12T19:40:12","modified_gmt":"2026-03-12T19:40:12","slug":"diplomasinin-iki-yuzu-ilke-ve-gerceklik","status":"publish","type":"post","link":"https:\/\/avrupapress.com\/main\/2026\/03\/12\/diplomasinin-iki-yuzu-ilke-ve-gerceklik\/","title":{"rendered":"Sava\u015f\u0131n G\u00f6lgesinde \u0130ki Ba\u015fkent: Ankara ve Br\u00fckselin iran S\u0131nav\u0131"},"content":{"rendered":"<p><strong>Sava\u015f\u0131n G\u00f6lgesinde \u0130ki Ba\u015fkent: Ankara ve Br\u00fckselin iran S\u0131nav\u0131<\/strong><br \/>\nD\u00fcnya, Mart 2026 ya Orta Do\u011fu&rsquo;dan y\u00fckselen alevlerin g\u00f6lgesinde girdi. israil ve ABD&rsquo;nin<br \/>\n\u0130ran a y\u00f6nelik operasyonlar\u0131 kritik bir evreye girerken, sars\u0131nt\u0131 dalgalar\u0131 sadece b\u00f6lgeyi<br \/>\nde\u011fil,binlerce kilometre \u00f6tedeki Avrupa&rsquo;n\u0131n kalbi Br\u00fcksel&rsquo;i ve bu firtinan\u0131n tam e\u015fi\u011findeki<br \/>\nAnkara&rsquo;y\u0131 ayn\u0131 anda vurdu. Bug\u00fcn gelinen noktada, T\u00fcrkiye ve Bel\u00e7ika, farkl\u0131<br \/>\nco\u011frafyalarda olsalar da ayn\u0131 hayati sorunun cevab\u0131n\u0131 ar\u0131yor:<strong> Bu yang\u0131n kap\u0131m\u0131za ne<\/strong><br \/>\n<strong>zaman dayanacak?<\/strong><\/p>\n<p><strong>Diplomasinin \u0130ki Y\u00fcz\u00fc: ilke ve Ger\u00e7eklik<\/strong><\/p>\n<p>Bel\u00e7ika, bu krizde Avrupa Birli\u011fi&rsquo;nin \u00ab\u00a0diplomatik vicdan\u00a0\u00bb olarak \u00f6ne \u00e7\u0131k\u0131yor. Br\u00fcksel&rsquo;den<br \/>\ny\u00fckselen ses net: \u00ab\u00a0Uluslararas\u0131 hukuk ihlal edilemez.\u00a0\u00bb Bel\u00e7ika h\u00fck\u00fcmeti, b\u00f6lgedeki<br \/>\ngerilimin k\u00fcresel bir felakete d\u00f6n\u00fc\u015fmemesi i\u00e7in adeta bir fren mekanizmas\u0131 g\u00f6revi<br \/>\ng\u00f6r\u00fcyor. \u00d6te yandan Ankara, meselenin sadece hukuk de\u011fil, bir \u00ab\u00a0beka\u00a0\u00bb meselesi<br \/>\noldu\u011funun bilincinde. T\u00fcrkiye, bir yandan NATO savunma sistemlerini tetikte tutarken,<br \/>\ndi\u011fer yandan b\u00f6lgesel bir arabulucu olarak \u00ab\u00a0itidal\u00a0\u00bb \u00e7a\u011fr\u0131s\u0131 yapan ana akt\u00f6r konumunda.<\/p>\n<p><strong>H\u00fcrm\u00fcz&rsquo;den Antwerp&rsquo;e: Ortak Ekonomik Kader<\/strong><br \/>\nSava\u015f sadece cephede de\u011fil, limanlarda<br \/>\nenerji hatlar\u0131nda da ya\u015fan\u0131yor. H\u00fcrm\u00fcz<br \/>\nVe<\/p>\n<p>Bo\u011faz\u0165&rsquo;ndaki aksamalar T\u00fcrkiye&rsquo;nin enerji g\u00fcvenli\u011fini tehdit ederken, Avrupa&rsquo;n\u0131n en<br \/>\nb\u00fcy\u00fck limanlarindan biri olan Antwerp&rsquo;te lojistik bir fel\u00e7 durumuna yol a\u00e7\u0131yor. Artan<br \/>\nmaliyetler istanbull daki bir esnafi da, Br\u00fcksel&rsquo;deki bir sanayiciyi de ayn\u0131 \u015fiddette vuruyor.<br \/>\nBu ekonomik sarmal, iki \u00fc lkeyi de sava\u015f\u0131n durdurulmas\u0131 noktas\u0131nda zorunlu bir is<br \/>\nbirlig\u011fine itiyor.<\/p>\n<p><strong>G\u00fcvenlik Denklemi: Bir K\u00f6pr\u00fc m\u00fc, Bir Hedef mi?<\/strong><br \/>\nT\u00fcrkiye&rsquo;nin co\u011frafi konumu, onu bu sava\u015f\u0131n hem en stratejik arabulucusu hem de en a\u00e7ik<br \/>\nhedefi haline getiriyor. S\u0131\u0131rlar\u0131m\u0131za kadar yakla\u015fan tehditler kar\u015f\u0131s\u0131nda T\u00fcrkiye&rsquo;nin<br \/>\nsergiledi\u011fi duru\u015f, Bel\u00e7ika ve di\u011fer m\u00fcttefikler i\u00e7in \u00ab\u00a0Avrupa&rsquo;nin g\u00fcvenli\u011fi Ankara&rsquo;dan<br \/>\nba\u015flar\u00a0\u00bb tezini yeniden kan\u0131tl\u0131yor. Br\u00fckselin T\u00fcrkiye ile kurdu\u011fu stratejik diyalog, asl\u0131nda<br \/>\nyakla\u015fan bu b\u00fcy\u00fck firtinaya kar\u015f\u0131 ortak bir s\u0131\u011f\u0131nak in\u015fa etme \u00e7abasindan ba\u015fka bir sey<br \/>\nde\u011fil.<\/p>\n<p><strong>D\u00fcnyan\u0131 en b\u00fcy\u00fck trajedisi k\u00f6t\u00fc insanlar\u0131n \u015fiddeti de\u011fil, iyi insanlar\u0131n<\/strong><br \/>\n<strong>sessizli\u011fidir.<\/strong>\u00a0\u00bb Martin Luther King<\/p>\n<p><img loading=\"lazy\" decoding=\"async\" class=\"alignnone size-medium wp-image-33600\" src=\"https:\/\/avrupapress.com\/main\/wp-content\/uploads\/2026\/03\/223ed967-7ab2-4899-91f8-43aae568be46-1-768x928-2-248x300.jpg\" alt=\"\" width=\"248\" height=\"300\" srcset=\"https:\/\/avrupapress.com\/main\/wp-content\/uploads\/2026\/03\/223ed967-7ab2-4899-91f8-43aae568be46-1-768x928-2-248x300.jpg 248w, https:\/\/avrupapress.com\/main\/wp-content\/uploads\/2026\/03\/223ed967-7ab2-4899-91f8-43aae568be46-1-768x928-2.jpg 768w\" sizes=\"auto, (max-width: 248px) 100vw, 248px\" \/><\/p>\n<p><b>Av. Besra YA\u015e\u0130K \u015eENER\u00a0 \u00a0 \u00a0 \u00a0 \u00a0\/\u00a0 \u00a0 \u00a0 \u00a0 \u00a0AVRUPAPRESS<\/b><\/p>\n","protected":false},"excerpt":{"rendered":"<p>Sava\u015f\u0131n G\u00f6lgesinde \u0130ki Ba\u015fkent: Ankara ve Br\u00fckselin iran S\u0131nav\u0131 D\u00fcnya, Mart 2026 ya Orta Do\u011fu&rsquo;dan y\u00fckselen alevlerin g\u00f6lgesinde girdi. israil ve ABD&rsquo;nin \u0130ran a y\u00f6nelik operasyonlar\u0131 kritik bir evreye girerken, sars\u0131nt\u0131 dalgalar\u0131 sadece b\u00f6lgeyi de\u011fil,binlerce kilometre \u00f6tedeki Avrupa&rsquo;n\u0131n kalbi Br\u00fcksel&rsquo;i ve bu firtinan\u0131n tam e\u015fi\u011findeki Ankara&rsquo;y\u0131 ayn\u0131 anda vurdu. Bug\u00fcn gelinen noktada, T\u00fcrkiye ve Bel\u00e7ika, [&hellip;]<\/p>\n","protected":false},"author":3,"featured_media":33598,"comment_status":"closed","ping_status":"open","sticky":false,"template":"","format":"standard","meta":{"footnotes":""},"categories":[14,16,3,17,18,15,19,2,1],"tags":[],"class_list":["post-33597","post","type-post","status-publish","format-standard","has-post-thumbnail","hentry","category-avrupa","category-belcika","category-dunya","category-ekonomi","category-kultur-sanat","category-spor","category-tanitim","category-turkiye","category-uncategorized"],"yoast_head":"<!-- This site is optimized with the Yoast SEO plugin v26.9 - https:\/\/yoast.com\/product\/yoast-seo-wordpress\/ -->\n<title>Sava\u015f\u0131n G\u00f6lgesinde \u0130ki Ba\u015fkent: Ankara ve Br\u00fckselin iran S\u0131nav\u0131 - AvrupaPress<\/title>\n<meta name=\"robots\" content=\"index, follow, max-snippet:-1, max-image-preview:large, max-video-preview:-1\" \/>\n<link rel=\"canonical\" href=\"https:\/\/avrupapress.com\/main\/2026\/03\/12\/diplomasinin-iki-yuzu-ilke-ve-gerceklik\/\" \/>\n<meta property=\"og:locale\" content=\"fr_FR\" \/>\n<meta property=\"og:type\" content=\"article\" \/>\n<meta property=\"og:title\" content=\"Sava\u015f\u0131n G\u00f6lgesinde \u0130ki Ba\u015fkent: Ankara ve Br\u00fckselin iran S\u0131nav\u0131 - AvrupaPress\" \/>\n<meta property=\"og:description\" content=\"Sava\u015f\u0131n G\u00f6lgesinde \u0130ki Ba\u015fkent: Ankara ve Br\u00fckselin iran S\u0131nav\u0131 D\u00fcnya, Mart 2026 ya Orta Do\u011fu&rsquo;dan y\u00fckselen alevlerin g\u00f6lgesinde girdi. israil ve ABD&rsquo;nin \u0130ran a y\u00f6nelik operasyonlar\u0131 kritik bir evreye girerken, sars\u0131nt\u0131 dalgalar\u0131 sadece b\u00f6lgeyi de\u011fil,binlerce kilometre \u00f6tedeki Avrupa&rsquo;n\u0131n kalbi Br\u00fcksel&rsquo;i ve bu firtinan\u0131n tam e\u015fi\u011findeki Ankara&rsquo;y\u0131 ayn\u0131 anda vurdu. Bug\u00fcn gelinen noktada, T\u00fcrkiye ve Bel\u00e7ika, [&hellip;]\" \/>\n<meta property=\"og:url\" content=\"https:\/\/avrupapress.com\/main\/2026\/03\/12\/diplomasinin-iki-yuzu-ilke-ve-gerceklik\/\" \/>\n<meta property=\"og:site_name\" content=\"AvrupaPress\" \/>\n<meta property=\"article:published_time\" content=\"2026-03-12T18:36:54+00:00\" \/>\n<meta property=\"article:modified_time\" content=\"2026-03-12T19:40:12+00:00\" \/>\n<meta property=\"og:image\" content=\"https:\/\/avrupapress.com\/main\/wp-content\/uploads\/2026\/03\/223ed967-7ab2-4899-91f8-43aae568be46-1-768x928-1.jpg\" \/>\n\t<meta property=\"og:image:width\" content=\"768\" \/>\n\t<meta property=\"og:image:height\" content=\"928\" \/>\n\t<meta property=\"og:image:type\" content=\"image\/jpeg\" \/>\n<meta name=\"author\" content=\"Edit\u00f6r\" \/>\n<meta name=\"twitter:card\" content=\"summary_large_image\" \/>\n<meta name=\"twitter:label1\" content=\"\u00c9crit par\" \/>\n\t<meta name=\"twitter:data1\" content=\"Edit\u00f6r\" \/>\n\t<meta name=\"twitter:label2\" content=\"Dur\u00e9e de lecture est.\" \/>\n\t<meta name=\"twitter:data2\" content=\"2 minutes\" \/>\n<script type=\"application\/ld+json\" class=\"yoast-schema-graph\">{\"@context\":\"https:\/\/schema.org\",\"@graph\":[{\"@type\":\"Article\",\"@id\":\"https:\/\/avrupapress.com\/main\/2026\/03\/12\/diplomasinin-iki-yuzu-ilke-ve-gerceklik\/#article\",\"isPartOf\":{\"@id\":\"https:\/\/avrupapress.com\/main\/2026\/03\/12\/diplomasinin-iki-yuzu-ilke-ve-gerceklik\/\"},\"author\":{\"name\":\"Edit\u00f6r\",\"@id\":\"https:\/\/avrupapress.com\/#\/schema\/person\/68428444ec60970d1e1b700cf4ca1e8f\"},\"headline\":\"Sava\u015f\u0131n G\u00f6lgesinde \u0130ki Ba\u015fkent: Ankara ve Br\u00fckselin iran S\u0131nav\u0131\",\"datePublished\":\"2026-03-12T18:36:54+00:00\",\"dateModified\":\"2026-03-12T19:40:12+00:00\",\"mainEntityOfPage\":{\"@id\":\"https:\/\/avrupapress.com\/main\/2026\/03\/12\/diplomasinin-iki-yuzu-ilke-ve-gerceklik\/\"},\"wordCount\":422,\"publisher\":{\"@id\":\"https:\/\/avrupapress.com\/#\/schema\/person\/0223dca19c72c43575bf30d1a2d8f4fa\"},\"image\":{\"@id\":\"https:\/\/avrupapress.com\/main\/2026\/03\/12\/diplomasinin-iki-yuzu-ilke-ve-gerceklik\/#primaryimage\"},\"thumbnailUrl\":\"https:\/\/avrupapress.com\/main\/wp-content\/uploads\/2026\/03\/223ed967-7ab2-4899-91f8-43aae568be46-1-768x928-1.jpg\",\"articleSection\":[\"Avrupa\",\"Bel\u00e7ika\",\"D\u00fcnya\",\"Ekonomi\",\"K\u00fclt\u00fcr-Sanat\",\"Spor\",\"Tan\u0131t\u0131m\",\"T\u00fcrkiye\",\"Uncategorized\"],\"inLanguage\":\"fr-BE\"},{\"@type\":\"WebPage\",\"@id\":\"https:\/\/avrupapress.com\/main\/2026\/03\/12\/diplomasinin-iki-yuzu-ilke-ve-gerceklik\/\",\"url\":\"https:\/\/avrupapress.com\/main\/2026\/03\/12\/diplomasinin-iki-yuzu-ilke-ve-gerceklik\/\",\"name\":\"Sava\u015f\u0131n G\u00f6lgesinde \u0130ki Ba\u015fkent: Ankara ve Br\u00fckselin iran S\u0131nav\u0131 - AvrupaPress\",\"isPartOf\":{\"@id\":\"https:\/\/avrupapress.com\/#website\"},\"primaryImageOfPage\":{\"@id\":\"https:\/\/avrupapress.com\/main\/2026\/03\/12\/diplomasinin-iki-yuzu-ilke-ve-gerceklik\/#primaryimage\"},\"image\":{\"@id\":\"https:\/\/avrupapress.com\/main\/2026\/03\/12\/diplomasinin-iki-yuzu-ilke-ve-gerceklik\/#primaryimage\"},\"thumbnailUrl\":\"https:\/\/avrupapress.com\/main\/wp-content\/uploads\/2026\/03\/223ed967-7ab2-4899-91f8-43aae568be46-1-768x928-1.jpg\",\"datePublished\":\"2026-03-12T18:36:54+00:00\",\"dateModified\":\"2026-03-12T19:40:12+00:00\",\"breadcrumb\":{\"@id\":\"https:\/\/avrupapress.com\/main\/2026\/03\/12\/diplomasinin-iki-yuzu-ilke-ve-gerceklik\/#breadcrumb\"},\"inLanguage\":\"fr-BE\",\"potentialAction\":[{\"@type\":\"ReadAction\",\"target\":[\"https:\/\/avrupapress.com\/main\/2026\/03\/12\/diplomasinin-iki-yuzu-ilke-ve-gerceklik\/\"]}]},{\"@type\":\"ImageObject\",\"inLanguage\":\"fr-BE\",\"@id\":\"https:\/\/avrupapress.com\/main\/2026\/03\/12\/diplomasinin-iki-yuzu-ilke-ve-gerceklik\/#primaryimage\",\"url\":\"https:\/\/avrupapress.com\/main\/wp-content\/uploads\/2026\/03\/223ed967-7ab2-4899-91f8-43aae568be46-1-768x928-1.jpg\",\"contentUrl\":\"https:\/\/avrupapress.com\/main\/wp-content\/uploads\/2026\/03\/223ed967-7ab2-4899-91f8-43aae568be46-1-768x928-1.jpg\",\"width\":768,\"height\":928},{\"@type\":\"BreadcrumbList\",\"@id\":\"https:\/\/avrupapress.com\/main\/2026\/03\/12\/diplomasinin-iki-yuzu-ilke-ve-gerceklik\/#breadcrumb\",\"itemListElement\":[{\"@type\":\"ListItem\",\"position\":1,\"name\":\"Anasayfa\",\"item\":\"https:\/\/avrupapress.com\/\"},{\"@type\":\"ListItem\",\"position\":2,\"name\":\"Sava\u015f\u0131n G\u00f6lgesinde \u0130ki Ba\u015fkent: Ankara ve Br\u00fckselin iran S\u0131nav\u0131\"}]},{\"@type\":\"WebSite\",\"@id\":\"https:\/\/avrupapress.com\/#website\",\"url\":\"https:\/\/avrupapress.com\/\",\"name\":\"AvrupaPress\",\"description\":\"Haberin Adresi\",\"publisher\":{\"@id\":\"https:\/\/avrupapress.com\/#\/schema\/person\/0223dca19c72c43575bf30d1a2d8f4fa\"},\"potentialAction\":[{\"@type\":\"SearchAction\",\"target\":{\"@type\":\"EntryPoint\",\"urlTemplate\":\"https:\/\/avrupapress.com\/?s={search_term_string}\"},\"query-input\":{\"@type\":\"PropertyValueSpecification\",\"valueRequired\":true,\"valueName\":\"search_term_string\"}}],\"inLanguage\":\"fr-BE\"},{\"@type\":[\"Person\",\"Organization\"],\"@id\":\"https:\/\/avrupapress.com\/#\/schema\/person\/0223dca19c72c43575bf30d1a2d8f4fa\",\"name\":\"Bilgin \u00d6z\u00e7ift\u00e7i\",\"image\":{\"@type\":\"ImageObject\",\"inLanguage\":\"fr-BE\",\"@id\":\"https:\/\/avrupapress.com\/#\/schema\/person\/image\/\",\"url\":\"https:\/\/secure.gravatar.com\/avatar\/0f23b280433a21e1ea7a0adcc46ed0ad16afe3ad8e630fd13d8a017dcbd54ef3?s=96&d=mm&r=g\",\"contentUrl\":\"https:\/\/secure.gravatar.com\/avatar\/0f23b280433a21e1ea7a0adcc46ed0ad16afe3ad8e630fd13d8a017dcbd54ef3?s=96&d=mm&r=g\",\"caption\":\"Bilgin \u00d6z\u00e7ift\u00e7i\"},\"logo\":{\"@id\":\"https:\/\/avrupapress.com\/#\/schema\/person\/image\/\"},\"description\":\"Ne ben, nede sen... Biz ancak \\\"biz\\\" olursak g\u00fc\u00e7l\u00fc olabiliriz\"},{\"@type\":\"Person\",\"@id\":\"https:\/\/avrupapress.com\/#\/schema\/person\/68428444ec60970d1e1b700cf4ca1e8f\",\"name\":\"Edit\u00f6r\",\"image\":{\"@type\":\"ImageObject\",\"inLanguage\":\"fr-BE\",\"@id\":\"https:\/\/avrupapress.com\/#\/schema\/person\/image\/\",\"url\":\"https:\/\/secure.gravatar.com\/avatar\/74996b0977aa5f1559ba9883776652508b229005c0d78fb2597897f0bd651c09?s=96&d=mm&r=g\",\"contentUrl\":\"https:\/\/secure.gravatar.com\/avatar\/74996b0977aa5f1559ba9883776652508b229005c0d78fb2597897f0bd651c09?s=96&d=mm&r=g\",\"caption\":\"Edit\u00f6r\"},\"sameAs\":[\"http:\/\/www.avrupapress.com\"],\"url\":\"https:\/\/avrupapress.com\/main\/author\/editor\/\"}]}<\/script>\n<!-- \/ Yoast SEO plugin. -->","yoast_head_json":{"title":"Sava\u015f\u0131n G\u00f6lgesinde \u0130ki Ba\u015fkent: Ankara ve Br\u00fckselin iran S\u0131nav\u0131 - AvrupaPress","robots":{"index":"index","follow":"follow","max-snippet":"max-snippet:-1","max-image-preview":"max-image-preview:large","max-video-preview":"max-video-preview:-1"},"canonical":"https:\/\/avrupapress.com\/main\/2026\/03\/12\/diplomasinin-iki-yuzu-ilke-ve-gerceklik\/","og_locale":"fr_FR","og_type":"article","og_title":"Sava\u015f\u0131n G\u00f6lgesinde \u0130ki Ba\u015fkent: Ankara ve Br\u00fckselin iran S\u0131nav\u0131 - AvrupaPress","og_description":"Sava\u015f\u0131n G\u00f6lgesinde \u0130ki Ba\u015fkent: Ankara ve Br\u00fckselin iran S\u0131nav\u0131 D\u00fcnya, Mart 2026 ya Orta Do\u011fu&rsquo;dan y\u00fckselen alevlerin g\u00f6lgesinde girdi. israil ve ABD&rsquo;nin \u0130ran a y\u00f6nelik operasyonlar\u0131 kritik bir evreye girerken, sars\u0131nt\u0131 dalgalar\u0131 sadece b\u00f6lgeyi de\u011fil,binlerce kilometre \u00f6tedeki Avrupa&rsquo;n\u0131n kalbi Br\u00fcksel&rsquo;i ve bu firtinan\u0131n tam e\u015fi\u011findeki Ankara&rsquo;y\u0131 ayn\u0131 anda vurdu. Bug\u00fcn gelinen noktada, T\u00fcrkiye ve Bel\u00e7ika, [&hellip;]","og_url":"https:\/\/avrupapress.com\/main\/2026\/03\/12\/diplomasinin-iki-yuzu-ilke-ve-gerceklik\/","og_site_name":"AvrupaPress","article_published_time":"2026-03-12T18:36:54+00:00","article_modified_time":"2026-03-12T19:40:12+00:00","og_image":[{"width":768,"height":928,"url":"https:\/\/avrupapress.com\/main\/wp-content\/uploads\/2026\/03\/223ed967-7ab2-4899-91f8-43aae568be46-1-768x928-1.jpg","type":"image\/jpeg"}],"author":"Edit\u00f6r","twitter_card":"summary_large_image","twitter_misc":{"\u00c9crit par":"Edit\u00f6r","Dur\u00e9e de lecture est.":"2 minutes"},"schema":{"@context":"https:\/\/schema.org","@graph":[{"@type":"Article","@id":"https:\/\/avrupapress.com\/main\/2026\/03\/12\/diplomasinin-iki-yuzu-ilke-ve-gerceklik\/#article","isPartOf":{"@id":"https:\/\/avrupapress.com\/main\/2026\/03\/12\/diplomasinin-iki-yuzu-ilke-ve-gerceklik\/"},"author":{"name":"Edit\u00f6r","@id":"https:\/\/avrupapress.com\/#\/schema\/person\/68428444ec60970d1e1b700cf4ca1e8f"},"headline":"Sava\u015f\u0131n G\u00f6lgesinde \u0130ki Ba\u015fkent: Ankara ve Br\u00fckselin iran S\u0131nav\u0131","datePublished":"2026-03-12T18:36:54+00:00","dateModified":"2026-03-12T19:40:12+00:00","mainEntityOfPage":{"@id":"https:\/\/avrupapress.com\/main\/2026\/03\/12\/diplomasinin-iki-yuzu-ilke-ve-gerceklik\/"},"wordCount":422,"publisher":{"@id":"https:\/\/avrupapress.com\/#\/schema\/person\/0223dca19c72c43575bf30d1a2d8f4fa"},"image":{"@id":"https:\/\/avrupapress.com\/main\/2026\/03\/12\/diplomasinin-iki-yuzu-ilke-ve-gerceklik\/#primaryimage"},"thumbnailUrl":"https:\/\/avrupapress.com\/main\/wp-content\/uploads\/2026\/03\/223ed967-7ab2-4899-91f8-43aae568be46-1-768x928-1.jpg","articleSection":["Avrupa","Bel\u00e7ika","D\u00fcnya","Ekonomi","K\u00fclt\u00fcr-Sanat","Spor","Tan\u0131t\u0131m","T\u00fcrkiye","Uncategorized"],"inLanguage":"fr-BE"},{"@type":"WebPage","@id":"https:\/\/avrupapress.com\/main\/2026\/03\/12\/diplomasinin-iki-yuzu-ilke-ve-gerceklik\/","url":"https:\/\/avrupapress.com\/main\/2026\/03\/12\/diplomasinin-iki-yuzu-ilke-ve-gerceklik\/","name":"Sava\u015f\u0131n G\u00f6lgesinde \u0130ki Ba\u015fkent: Ankara ve Br\u00fckselin iran S\u0131nav\u0131 - AvrupaPress","isPartOf":{"@id":"https:\/\/avrupapress.com\/#website"},"primaryImageOfPage":{"@id":"https:\/\/avrupapress.com\/main\/2026\/03\/12\/diplomasinin-iki-yuzu-ilke-ve-gerceklik\/#primaryimage"},"image":{"@id":"https:\/\/avrupapress.com\/main\/2026\/03\/12\/diplomasinin-iki-yuzu-ilke-ve-gerceklik\/#primaryimage"},"thumbnailUrl":"https:\/\/avrupapress.com\/main\/wp-content\/uploads\/2026\/03\/223ed967-7ab2-4899-91f8-43aae568be46-1-768x928-1.jpg","datePublished":"2026-03-12T18:36:54+00:00","dateModified":"2026-03-12T19:40:12+00:00","breadcrumb":{"@id":"https:\/\/avrupapress.com\/main\/2026\/03\/12\/diplomasinin-iki-yuzu-ilke-ve-gerceklik\/#breadcrumb"},"inLanguage":"fr-BE","potentialAction":[{"@type":"ReadAction","target":["https:\/\/avrupapress.com\/main\/2026\/03\/12\/diplomasinin-iki-yuzu-ilke-ve-gerceklik\/"]}]},{"@type":"ImageObject","inLanguage":"fr-BE","@id":"https:\/\/avrupapress.com\/main\/2026\/03\/12\/diplomasinin-iki-yuzu-ilke-ve-gerceklik\/#primaryimage","url":"https:\/\/avrupapress.com\/main\/wp-content\/uploads\/2026\/03\/223ed967-7ab2-4899-91f8-43aae568be46-1-768x928-1.jpg","contentUrl":"https:\/\/avrupapress.com\/main\/wp-content\/uploads\/2026\/03\/223ed967-7ab2-4899-91f8-43aae568be46-1-768x928-1.jpg","width":768,"height":928},{"@type":"BreadcrumbList","@id":"https:\/\/avrupapress.com\/main\/2026\/03\/12\/diplomasinin-iki-yuzu-ilke-ve-gerceklik\/#breadcrumb","itemListElement":[{"@type":"ListItem","position":1,"name":"Anasayfa","item":"https:\/\/avrupapress.com\/"},{"@type":"ListItem","position":2,"name":"Sava\u015f\u0131n G\u00f6lgesinde \u0130ki Ba\u015fkent: Ankara ve Br\u00fckselin iran S\u0131nav\u0131"}]},{"@type":"WebSite","@id":"https:\/\/avrupapress.com\/#website","url":"https:\/\/avrupapress.com\/","name":"AvrupaPress","description":"Haberin Adresi","publisher":{"@id":"https:\/\/avrupapress.com\/#\/schema\/person\/0223dca19c72c43575bf30d1a2d8f4fa"},"potentialAction":[{"@type":"SearchAction","target":{"@type":"EntryPoint","urlTemplate":"https:\/\/avrupapress.com\/?s={search_term_string}"},"query-input":{"@type":"PropertyValueSpecification","valueRequired":true,"valueName":"search_term_string"}}],"inLanguage":"fr-BE"},{"@type":["Person","Organization"],"@id":"https:\/\/avrupapress.com\/#\/schema\/person\/0223dca19c72c43575bf30d1a2d8f4fa","name":"Bilgin \u00d6z\u00e7ift\u00e7i","image":{"@type":"ImageObject","inLanguage":"fr-BE","@id":"https:\/\/avrupapress.com\/#\/schema\/person\/image\/","url":"https:\/\/secure.gravatar.com\/avatar\/0f23b280433a21e1ea7a0adcc46ed0ad16afe3ad8e630fd13d8a017dcbd54ef3?s=96&d=mm&r=g","contentUrl":"https:\/\/secure.gravatar.com\/avatar\/0f23b280433a21e1ea7a0adcc46ed0ad16afe3ad8e630fd13d8a017dcbd54ef3?s=96&d=mm&r=g","caption":"Bilgin \u00d6z\u00e7ift\u00e7i"},"logo":{"@id":"https:\/\/avrupapress.com\/#\/schema\/person\/image\/"},"description":"Ne ben, nede sen... Biz ancak \"biz\" olursak g\u00fc\u00e7l\u00fc olabiliriz"},{"@type":"Person","@id":"https:\/\/avrupapress.com\/#\/schema\/person\/68428444ec60970d1e1b700cf4ca1e8f","name":"Edit\u00f6r","image":{"@type":"ImageObject","inLanguage":"fr-BE","@id":"https:\/\/avrupapress.com\/#\/schema\/person\/image\/","url":"https:\/\/secure.gravatar.com\/avatar\/74996b0977aa5f1559ba9883776652508b229005c0d78fb2597897f0bd651c09?s=96&d=mm&r=g","contentUrl":"https:\/\/secure.gravatar.com\/avatar\/74996b0977aa5f1559ba9883776652508b229005c0d78fb2597897f0bd651c09?s=96&d=mm&r=g","caption":"Edit\u00f6r"},"sameAs":["http:\/\/www.avrupapress.com"],"url":"https:\/\/avrupapress.com\/main\/author\/editor\/"}]}},"_links":{"self":[{"href":"https:\/\/avrupapress.com\/main\/wp-json\/wp\/v2\/posts\/33597","targetHints":{"allow":["GET"]}}],"collection":[{"href":"https:\/\/avrupapress.com\/main\/wp-json\/wp\/v2\/posts"}],"about":[{"href":"https:\/\/avrupapress.com\/main\/wp-json\/wp\/v2\/types\/post"}],"author":[{"embeddable":true,"href":"https:\/\/avrupapress.com\/main\/wp-json\/wp\/v2\/users\/3"}],"replies":[{"embeddable":true,"href":"https:\/\/avrupapress.com\/main\/wp-json\/wp\/v2\/comments?post=33597"}],"version-history":[{"count":5,"href":"https:\/\/avrupapress.com\/main\/wp-json\/wp\/v2\/posts\/33597\/revisions"}],"predecessor-version":[{"id":33604,"href":"https:\/\/avrupapress.com\/main\/wp-json\/wp\/v2\/posts\/33597\/revisions\/33604"}],"wp:featuredmedia":[{"embeddable":true,"href":"https:\/\/avrupapress.com\/main\/wp-json\/wp\/v2\/media\/33598"}],"wp:attachment":[{"href":"https:\/\/avrupapress.com\/main\/wp-json\/wp\/v2\/media?parent=33597"}],"wp:term":[{"taxonomy":"category","embeddable":true,"href":"https:\/\/avrupapress.com\/main\/wp-json\/wp\/v2\/categories?post=33597"},{"taxonomy":"post_tag","embeddable":true,"href":"https:\/\/avrupapress.com\/main\/wp-json\/wp\/v2\/tags?post=33597"}],"curies":[{"name":"wp","href":"https:\/\/api.w.org\/{rel}","templated":true}]}}