{"id":33582,"date":"2026-03-11T21:39:20","date_gmt":"2026-03-11T21:39:20","guid":{"rendered":"https:\/\/avrupapress.com\/main\/?p=33582"},"modified":"2026-03-11T21:39:30","modified_gmt":"2026-03-11T21:39:30","slug":"belcikadan-turkiyeye-rekor-ekonomik-misyon-buyukelci-tantekin-acikladi","status":"publish","type":"post","link":"https:\/\/avrupapress.com\/main\/2026\/03\/11\/belcikadan-turkiyeye-rekor-ekonomik-misyon-buyukelci-tantekin-acikladi\/","title":{"rendered":"Bel\u00e7ika\u2019dan T\u00fcrkiye\u2019ye Rekor Ekonomik Misyon: B\u00fcy\u00fckel\u00e7i Tantekin A\u00e7\u0131klad\u0131"},"content":{"rendered":"<div class=\"kanews-article-thumbnail\"><img loading=\"lazy\" decoding=\"async\" class=\"wp-post-image\" src=\"https:\/\/nhaber.nl\/wp-content\/uploads\/2026\/03\/FB_IMG_1773259099563-1005x1024.jpg\" alt=\"featured\" width=\"750\" height=\"764\" \/><\/div>\n<div class=\"kanews-article-action\">\n<div class=\"row justift-content-between align-items-center\">\n<div class=\"kanews-article-action-left flex-wrap col-12 col-lg d-flex align-items-center\"><\/div>\n<div class=\"kanews-article-action-right col-12 col-lg-auto\">\n<div class=\"d-flex align-items-center flex-wrap\">\n<div id=\"kanews-popup-share-67625\" class=\"kanews-popup\">\n<div class=\"kanews-popup-close\" data-toggle=\"kanews-popup-share-67625\">\n<p>Krali\u00e7e Mathilde Ba\u015fkanl\u0131\u011f\u0131nda Bel\u00e7ika\u2019dan T\u00fcrkiye\u2019ye Tarihi Ekonomik Misyon: 400\u2019\u00fc A\u015fk\u0131n Kat\u0131l\u0131mc\u0131yla Stratejik \u0130\u015fbirli\u011fi D\u00f6nemi Ba\u015fl\u0131yor<\/p>\n<p>Bel\u00e7ika Krali\u00e7esi Mathilde\u2019nin ba\u015fkanl\u0131\u011f\u0131nda 10-14 May\u0131s 2026 tarihlerinde T\u00fcrkiye\u2019ye d\u00fczenlenecek kapsaml\u0131 ekonomik misyonun haz\u0131rl\u0131klar\u0131 t\u00fcm h\u0131z\u0131yla s\u00fcr\u00fcyor. T\u00fcrkiye\u2019nin Br\u00fcksel B\u00fcy\u00fckel\u00e7isi G\u00f6rkem Bar\u0131\u015f Tantekin\u2019in Bel\u00e7ika D\u0131\u015f Ticaret Ajans\u0131 (ACE\/ABH) ile yapt\u0131\u011f\u0131 g\u00f6r\u00fc\u015fmeler ve yo\u011fun diplomasi trafi\u011fi, bu \u00f6nemli ziyaretin temellerini at\u0131yor.<\/p>\n<p>Bel\u00e7ika D\u0131\u015f Ticaret Ajans\u0131 taraf\u0131ndan organize edilen ve \u015fimdiden 400\u2019\u00fc a\u015fk\u0131n kat\u0131l\u0131mc\u0131n\u0131n kay\u0131t yapt\u0131rd\u0131\u011f\u0131 ekonomik misyon, \u0130stanbul (10-12 May\u0131s) ve Ankara (13-14 May\u0131s) olmak \u00fczere iki \u015fehirde ger\u00e7ekle\u015ftirilecek. Misyona Bel\u00e7ika federal bakanlar\u0131 ile b\u00f6lge ba\u015fbakanlar\u0131 ve bakanlar\u0131n\u0131n yan\u0131 s\u0131ra, Flaman, Valon ve Br\u00fcksel Ba\u015fkent b\u00f6lgelerinin ticaret ajanslar\u0131 da kat\u0131lacak.<\/p>\n<p><strong>Yo\u011fun Haz\u0131rl\u0131k Trafi\u011fi<\/strong><\/p>\n<p>B\u00fcy\u00fckel\u00e7i Tantekin, 30 Ocak 2026 tarihinde Bel\u00e7ika D\u0131\u015f Ticaret Ajans\u0131 Genel M\u00fcd\u00fcr\u00fc Fabienne L\u2019Hoost ile bir araya gelerek ekonomik misyonun detaylar\u0131n\u0131 g\u00f6r\u00fc\u015ft\u00fc. Tantekin\u2019e Ticaret M\u00fc\u015faviri Mehmet Kay\u0131\u015f ve 3. Sekreter Merce Kahya e\u015flik etti. Bu ziyaret, Krali\u00e7e Mathilde\u2019nin ba\u015fkanl\u0131\u011f\u0131nda ilk kez d\u00fczenlenecek bu prestijli misyonun planlanmas\u0131 a\u00e7\u0131s\u0131ndan kritik \u00f6nem ta\u015f\u0131yor.<\/p>\n<p>Mart ay\u0131n\u0131n ilk haftas\u0131nda ise Kraliyet Saray\u0131, Ankara B\u00fcy\u00fckel\u00e7ili\u011fi, \u0130stanbul Ba\u015fkonsoloslu\u011fu, D\u0131\u015fi\u015fleri Bakanl\u0131\u011f\u0131 ve b\u00f6lgesel ticaret ajanslar\u0131ndan olu\u015fan premisyon ekibi Ankara ve \u0130stanbul\u2019da incelemelerde bulunarak misyon i\u00e7in belirlenen mekanlar\u0131 ziyaret etti ve yerel partnerlerle g\u00f6r\u00fc\u015fmeler ger\u00e7ekle\u015ftirdi.<\/p>\n<figure class=\"wp-block-image size-large\"><img loading=\"lazy\" decoding=\"async\" class=\"wp-image-67628\" title=\"Bel\u00e7ika'dan T\u00fcrkiye'ye Rekor Ekonomik Misyon: B\u00fcy\u00fckel\u00e7i Tantekin A\u00e7\u0131klad\u0131 5\" src=\"https:\/\/nhaber.nl\/wp-content\/uploads\/2026\/03\/88931-628x1024.jpg\" alt=\"88931\" width=\"628\" height=\"1024\" \/><\/figure>\n<p><strong>Be\u015f Stratejik Sekt\u00f6rde \u0130\u015fbirli\u011fi<\/strong><\/p>\n<p>Ekonomik misyon be\u015f ana sekt\u00f6re odaklan\u0131yor:<\/p>\n<p class=\"has-text-align-left\"><em><strong>Enerji Ge\u00e7i\u015fi<br \/>\nLiman Operasyonlar\u0131, Ta\u015f\u0131mac\u0131l\u0131k ve Lojistik<br \/>\nSa\u011fl\u0131k, \u0130la\u00e7 ve Ya\u015fam Bilimleri<br \/>\nHavac\u0131l\u0131k ve Savunma<br \/>\nDijitalle\u015fme ve End\u00fcstri 4.0<\/strong><\/em><\/p>\n<p class=\"has-text-align-left\">Bu sekt\u00f6rler, hem T\u00fcrkiye\u2019nin hem de Bel\u00e7ika\u2019n\u0131n g\u00fc\u00e7l\u00fc oldu\u011fu alanlar olarak \u00f6ne \u00e7\u0131k\u0131yor ve iki \u00fclke aras\u0131ndaki ticari potansiyelin geni\u015fletilmesi hedefleniyor.<\/p>\n<p><strong>Dijital Altyap\u0131 ve Eri\u015fim<\/strong><\/p>\n<p>Bel\u00e7ika D\u0131\u015f Ticaret Ajans\u0131, misyon i\u00e7in \u00f6zel bir ge\u00e7ici web sitesi (www.belgianeconomicmission.be) ve iOS ile Android platformlar\u0131nda \u201cBelgian Economic Mission\u201d adl\u0131 bir mobil uygulama haz\u0131rlad\u0131. Bu dijital platformlar arac\u0131l\u0131\u011f\u0131yla kat\u0131l\u0131mc\u0131lar, etkinlikler hakk\u0131nda genel bilgilere, \u015firket profillerine, ileti\u015fim detaylar\u0131na, program ak\u0131\u015f\u0131na ve ekonomik g\u00f6stergeler, bilgilendirme k\u0131lavuzu, bas\u0131n b\u00fcltenleri gibi belgelere eri\u015febilecek.<\/p>\n<p><strong>\u0130ki \u00dclke Aras\u0131ndaki G\u00fc\u00e7l\u00fc Ba\u011flar<\/strong><\/p>\n<p>T\u00fcrkiye ile Bel\u00e7ika aras\u0131ndaki ekonomik ve siyasi ili\u015fkiler, k\u00f6kl\u00fc dostluk, i\u015fbirli\u011fi ve ittifak ba\u011flar\u0131na dayan\u0131yor. B\u00fcy\u00fckel\u00e7i Tantekin\u2019in daha \u00f6nceki a\u00e7\u0131klamalar\u0131nda vurgulad\u0131\u011f\u0131 gibi, iki \u00fclke aras\u0131ndaki ili\u015fkileri ilerletmek i\u00e7in yo\u011fun bir \u00e7al\u0131\u015fma s\u00fcreci devam ediyor.<\/p>\n<p>Kay\u0131tlar\u0131n 26 \u015eubat 2026 tarihin<\/p>\n<p>de sona ermesi ve kat\u0131l\u0131mc\u0131 say\u0131s\u0131n\u0131n \u015fimdiden 400\u2019\u00fc a\u015fmas\u0131, misyona olan yo\u011fun ilgiyi g\u00f6steriyor. Bel\u00e7ika i\u015f d\u00fcnyas\u0131n\u0131n T\u00fcrkiye pazar\u0131na olan g\u00fc\u00e7l\u00fc ilgisi, her iki \u00fclkenin ekonomik potansiyelini birle\u015ftirme konusundaki kararl\u0131l\u0131\u011f\u0131n\u0131n bir g\u00f6stergesi.<\/p>\n<p><strong>Organizasyon ve Partnerler<\/strong><\/p>\n<p>Ekonomik misyon, Bel\u00e7ika D\u0131\u015f Ticaret Ajans\u0131 koordinasyonunda, Valon \u0130hracat ve Yabanc\u0131 Yat\u0131r\u0131mlar Ajans\u0131 (AWEX), hub.brussels, Flanders Investment &amp; Trade (FIT) ve D\u0131\u015fi\u015fleri Bakanl\u0131\u011f\u0131 i\u015f birli\u011fiyle organize ediliyor. Resmi seyahat partneri Uniglobe arac\u0131l\u0131\u011f\u0131yla kat\u0131l\u0131mc\u0131lar i\u00e7in u\u00e7u\u015f ve konaklama rezervasyonlar\u0131 yap\u0131l\u0131yor.Bu tarihi ziyaret, T\u00fcrkiye ile Bel\u00e7ika aras\u0131ndaki ticari ili\u015fkilerin yeni bir boyuta ta\u015f\u0131nmas\u0131 ve stratejik sekt\u00f6rlerde uzun vadeli i\u015fbirli\u011fi f\u0131rsatlar\u0131n\u0131n yarat\u0131lmas\u0131 a\u00e7\u0131s\u0131ndan kritik bir d\u00f6n\u00fcm noktas\u0131 olacak.<\/p>\n<p><strong>Kaynak: Bel\u00e7ika D\u0131\u015f Ticaret Ajans\u0131<\/strong><\/p>\n<\/div>\n<\/div>\n<\/div>\n<\/div>\n<\/div>\n<\/div>\n<p>&nbsp;<\/p>\n<p><strong>Bilgin\u00a0 \u00a0Ozcifci\u00a0 \u00a0 \u00a0 \u00a0 \u00a0\/\u00a0 \u00a0 \u00a0 \u00a0 \u00a0AVRUPAPRESS<\/strong><\/p>\n<div class=\"kanews-article-action\">\n<div class=\"row justift-content-between align-items-center\">\n<div class=\"kanews-article-action-right col-12 col-lg-auto\">\n<div class=\"d-flex align-items-center flex-wrap\">\n<div id=\"kanews-popup-share-67625\" class=\"kanews-popup\">\n<div class=\"kanews-popup-content\">\n<h4 class=\"kanews-popup-title\"><\/h4>\n<\/div>\n<\/div>\n<\/div>\n<\/div>\n<\/div>\n<\/div>\n<div class=\"kanews-article-content entry-content\">\n<div class=\"kanews-banner kanews-banner-single\">\n<div id=\"gt-wrapper-19589346\" class=\"gtranslate_wrapper gt_container-wsm5fq\"><\/div>\n<\/div>\n<div class=\"entry-content-wrapper\">\n<div class=\"entry-content-inner\"><\/div>\n<\/div>\n<\/div>\n","protected":false},"excerpt":{"rendered":"<p>Krali\u00e7e Mathilde Ba\u015fkanl\u0131\u011f\u0131nda Bel\u00e7ika\u2019dan T\u00fcrkiye\u2019ye Tarihi Ekonomik Misyon: 400\u2019\u00fc A\u015fk\u0131n Kat\u0131l\u0131mc\u0131yla Stratejik \u0130\u015fbirli\u011fi D\u00f6nemi Ba\u015fl\u0131yor Bel\u00e7ika Krali\u00e7esi Mathilde\u2019nin ba\u015fkanl\u0131\u011f\u0131nda 10-14 May\u0131s 2026 tarihlerinde T\u00fcrkiye\u2019ye d\u00fczenlenecek kapsaml\u0131 ekonomik misyonun haz\u0131rl\u0131klar\u0131 t\u00fcm h\u0131z\u0131yla s\u00fcr\u00fcyor. T\u00fcrkiye\u2019nin Br\u00fcksel B\u00fcy\u00fckel\u00e7isi G\u00f6rkem Bar\u0131\u015f Tantekin\u2019in Bel\u00e7ika D\u0131\u015f Ticaret Ajans\u0131 (ACE\/ABH) ile yapt\u0131\u011f\u0131 g\u00f6r\u00fc\u015fmeler ve yo\u011fun diplomasi trafi\u011fi, bu \u00f6nemli ziyaretin temellerini at\u0131yor. [&hellip;]<\/p>\n","protected":false},"author":3,"featured_media":33583,"comment_status":"closed","ping_status":"open","sticky":false,"template":"","format":"standard","meta":{"footnotes":""},"categories":[14,16,3,17,18,15,19,2,1],"tags":[],"class_list":["post-33582","post","type-post","status-publish","format-standard","has-post-thumbnail","hentry","category-avrupa","category-belcika","category-dunya","category-ekonomi","category-kultur-sanat","category-spor","category-tanitim","category-turkiye","category-uncategorized"],"yoast_head":"<!-- This site is optimized with the Yoast SEO plugin v26.9 - https:\/\/yoast.com\/product\/yoast-seo-wordpress\/ -->\n<title>Bel\u00e7ika\u2019dan T\u00fcrkiye\u2019ye Rekor Ekonomik Misyon: B\u00fcy\u00fckel\u00e7i Tantekin A\u00e7\u0131klad\u0131 - AvrupaPress<\/title>\n<meta name=\"robots\" content=\"index, follow, max-snippet:-1, max-image-preview:large, max-video-preview:-1\" \/>\n<link rel=\"canonical\" href=\"https:\/\/avrupapress.com\/main\/2026\/03\/11\/belcikadan-turkiyeye-rekor-ekonomik-misyon-buyukelci-tantekin-acikladi\/\" \/>\n<meta property=\"og:locale\" content=\"fr_FR\" \/>\n<meta property=\"og:type\" content=\"article\" \/>\n<meta property=\"og:title\" content=\"Bel\u00e7ika\u2019dan T\u00fcrkiye\u2019ye Rekor Ekonomik Misyon: B\u00fcy\u00fckel\u00e7i Tantekin A\u00e7\u0131klad\u0131 - AvrupaPress\" \/>\n<meta property=\"og:description\" content=\"Krali\u00e7e Mathilde Ba\u015fkanl\u0131\u011f\u0131nda Bel\u00e7ika\u2019dan T\u00fcrkiye\u2019ye Tarihi Ekonomik Misyon: 400\u2019\u00fc A\u015fk\u0131n Kat\u0131l\u0131mc\u0131yla Stratejik \u0130\u015fbirli\u011fi D\u00f6nemi Ba\u015fl\u0131yor Bel\u00e7ika Krali\u00e7esi Mathilde\u2019nin ba\u015fkanl\u0131\u011f\u0131nda 10-14 May\u0131s 2026 tarihlerinde T\u00fcrkiye\u2019ye d\u00fczenlenecek kapsaml\u0131 ekonomik misyonun haz\u0131rl\u0131klar\u0131 t\u00fcm h\u0131z\u0131yla s\u00fcr\u00fcyor. T\u00fcrkiye\u2019nin Br\u00fcksel B\u00fcy\u00fckel\u00e7isi G\u00f6rkem Bar\u0131\u015f Tantekin\u2019in Bel\u00e7ika D\u0131\u015f Ticaret Ajans\u0131 (ACE\/ABH) ile yapt\u0131\u011f\u0131 g\u00f6r\u00fc\u015fmeler ve yo\u011fun diplomasi trafi\u011fi, bu \u00f6nemli ziyaretin temellerini at\u0131yor. [&hellip;]\" \/>\n<meta property=\"og:url\" content=\"https:\/\/avrupapress.com\/main\/2026\/03\/11\/belcikadan-turkiyeye-rekor-ekonomik-misyon-buyukelci-tantekin-acikladi\/\" \/>\n<meta property=\"og:site_name\" content=\"AvrupaPress\" \/>\n<meta property=\"article:published_time\" content=\"2026-03-11T21:39:20+00:00\" \/>\n<meta property=\"article:modified_time\" content=\"2026-03-11T21:39:30+00:00\" \/>\n<meta property=\"og:image\" content=\"https:\/\/avrupapress.com\/main\/wp-content\/uploads\/2026\/03\/FB_IMG_1773259099563-1005x1024-1.jpg\" \/>\n\t<meta property=\"og:image:width\" content=\"1005\" \/>\n\t<meta property=\"og:image:height\" content=\"1024\" \/>\n\t<meta property=\"og:image:type\" content=\"image\/jpeg\" \/>\n<meta name=\"author\" content=\"Edit\u00f6r\" \/>\n<meta name=\"twitter:card\" content=\"summary_large_image\" \/>\n<meta name=\"twitter:label1\" content=\"\u00c9crit par\" \/>\n\t<meta name=\"twitter:data1\" content=\"Edit\u00f6r\" \/>\n\t<meta name=\"twitter:label2\" content=\"Dur\u00e9e de lecture est.\" \/>\n\t<meta name=\"twitter:data2\" content=\"3 minutes\" \/>\n<script type=\"application\/ld+json\" class=\"yoast-schema-graph\">{\"@context\":\"https:\/\/schema.org\",\"@graph\":[{\"@type\":\"Article\",\"@id\":\"https:\/\/avrupapress.com\/main\/2026\/03\/11\/belcikadan-turkiyeye-rekor-ekonomik-misyon-buyukelci-tantekin-acikladi\/#article\",\"isPartOf\":{\"@id\":\"https:\/\/avrupapress.com\/main\/2026\/03\/11\/belcikadan-turkiyeye-rekor-ekonomik-misyon-buyukelci-tantekin-acikladi\/\"},\"author\":{\"name\":\"Edit\u00f6r\",\"@id\":\"https:\/\/avrupapress.com\/#\/schema\/person\/68428444ec60970d1e1b700cf4ca1e8f\"},\"headline\":\"Bel\u00e7ika\u2019dan T\u00fcrkiye\u2019ye Rekor Ekonomik Misyon: B\u00fcy\u00fckel\u00e7i Tantekin A\u00e7\u0131klad\u0131\",\"datePublished\":\"2026-03-11T21:39:20+00:00\",\"dateModified\":\"2026-03-11T21:39:30+00:00\",\"mainEntityOfPage\":{\"@id\":\"https:\/\/avrupapress.com\/main\/2026\/03\/11\/belcikadan-turkiyeye-rekor-ekonomik-misyon-buyukelci-tantekin-acikladi\/\"},\"wordCount\":702,\"publisher\":{\"@id\":\"https:\/\/avrupapress.com\/#\/schema\/person\/0223dca19c72c43575bf30d1a2d8f4fa\"},\"image\":{\"@id\":\"https:\/\/avrupapress.com\/main\/2026\/03\/11\/belcikadan-turkiyeye-rekor-ekonomik-misyon-buyukelci-tantekin-acikladi\/#primaryimage\"},\"thumbnailUrl\":\"https:\/\/avrupapress.com\/main\/wp-content\/uploads\/2026\/03\/FB_IMG_1773259099563-1005x1024-1.jpg\",\"articleSection\":[\"Avrupa\",\"Bel\u00e7ika\",\"D\u00fcnya\",\"Ekonomi\",\"K\u00fclt\u00fcr-Sanat\",\"Spor\",\"Tan\u0131t\u0131m\",\"T\u00fcrkiye\",\"Uncategorized\"],\"inLanguage\":\"fr-BE\"},{\"@type\":\"WebPage\",\"@id\":\"https:\/\/avrupapress.com\/main\/2026\/03\/11\/belcikadan-turkiyeye-rekor-ekonomik-misyon-buyukelci-tantekin-acikladi\/\",\"url\":\"https:\/\/avrupapress.com\/main\/2026\/03\/11\/belcikadan-turkiyeye-rekor-ekonomik-misyon-buyukelci-tantekin-acikladi\/\",\"name\":\"Bel\u00e7ika\u2019dan T\u00fcrkiye\u2019ye Rekor Ekonomik Misyon: B\u00fcy\u00fckel\u00e7i Tantekin A\u00e7\u0131klad\u0131 - AvrupaPress\",\"isPartOf\":{\"@id\":\"https:\/\/avrupapress.com\/#website\"},\"primaryImageOfPage\":{\"@id\":\"https:\/\/avrupapress.com\/main\/2026\/03\/11\/belcikadan-turkiyeye-rekor-ekonomik-misyon-buyukelci-tantekin-acikladi\/#primaryimage\"},\"image\":{\"@id\":\"https:\/\/avrupapress.com\/main\/2026\/03\/11\/belcikadan-turkiyeye-rekor-ekonomik-misyon-buyukelci-tantekin-acikladi\/#primaryimage\"},\"thumbnailUrl\":\"https:\/\/avrupapress.com\/main\/wp-content\/uploads\/2026\/03\/FB_IMG_1773259099563-1005x1024-1.jpg\",\"datePublished\":\"2026-03-11T21:39:20+00:00\",\"dateModified\":\"2026-03-11T21:39:30+00:00\",\"breadcrumb\":{\"@id\":\"https:\/\/avrupapress.com\/main\/2026\/03\/11\/belcikadan-turkiyeye-rekor-ekonomik-misyon-buyukelci-tantekin-acikladi\/#breadcrumb\"},\"inLanguage\":\"fr-BE\",\"potentialAction\":[{\"@type\":\"ReadAction\",\"target\":[\"https:\/\/avrupapress.com\/main\/2026\/03\/11\/belcikadan-turkiyeye-rekor-ekonomik-misyon-buyukelci-tantekin-acikladi\/\"]}]},{\"@type\":\"ImageObject\",\"inLanguage\":\"fr-BE\",\"@id\":\"https:\/\/avrupapress.com\/main\/2026\/03\/11\/belcikadan-turkiyeye-rekor-ekonomik-misyon-buyukelci-tantekin-acikladi\/#primaryimage\",\"url\":\"https:\/\/avrupapress.com\/main\/wp-content\/uploads\/2026\/03\/FB_IMG_1773259099563-1005x1024-1.jpg\",\"contentUrl\":\"https:\/\/avrupapress.com\/main\/wp-content\/uploads\/2026\/03\/FB_IMG_1773259099563-1005x1024-1.jpg\",\"width\":1005,\"height\":1024},{\"@type\":\"BreadcrumbList\",\"@id\":\"https:\/\/avrupapress.com\/main\/2026\/03\/11\/belcikadan-turkiyeye-rekor-ekonomik-misyon-buyukelci-tantekin-acikladi\/#breadcrumb\",\"itemListElement\":[{\"@type\":\"ListItem\",\"position\":1,\"name\":\"Anasayfa\",\"item\":\"https:\/\/avrupapress.com\/\"},{\"@type\":\"ListItem\",\"position\":2,\"name\":\"Bel\u00e7ika\u2019dan T\u00fcrkiye\u2019ye Rekor Ekonomik Misyon: B\u00fcy\u00fckel\u00e7i Tantekin A\u00e7\u0131klad\u0131\"}]},{\"@type\":\"WebSite\",\"@id\":\"https:\/\/avrupapress.com\/#website\",\"url\":\"https:\/\/avrupapress.com\/\",\"name\":\"AvrupaPress\",\"description\":\"Haberin Adresi\",\"publisher\":{\"@id\":\"https:\/\/avrupapress.com\/#\/schema\/person\/0223dca19c72c43575bf30d1a2d8f4fa\"},\"potentialAction\":[{\"@type\":\"SearchAction\",\"target\":{\"@type\":\"EntryPoint\",\"urlTemplate\":\"https:\/\/avrupapress.com\/?s={search_term_string}\"},\"query-input\":{\"@type\":\"PropertyValueSpecification\",\"valueRequired\":true,\"valueName\":\"search_term_string\"}}],\"inLanguage\":\"fr-BE\"},{\"@type\":[\"Person\",\"Organization\"],\"@id\":\"https:\/\/avrupapress.com\/#\/schema\/person\/0223dca19c72c43575bf30d1a2d8f4fa\",\"name\":\"Bilgin \u00d6z\u00e7ift\u00e7i\",\"image\":{\"@type\":\"ImageObject\",\"inLanguage\":\"fr-BE\",\"@id\":\"https:\/\/avrupapress.com\/#\/schema\/person\/image\/\",\"url\":\"https:\/\/secure.gravatar.com\/avatar\/0f23b280433a21e1ea7a0adcc46ed0ad16afe3ad8e630fd13d8a017dcbd54ef3?s=96&d=mm&r=g\",\"contentUrl\":\"https:\/\/secure.gravatar.com\/avatar\/0f23b280433a21e1ea7a0adcc46ed0ad16afe3ad8e630fd13d8a017dcbd54ef3?s=96&d=mm&r=g\",\"caption\":\"Bilgin \u00d6z\u00e7ift\u00e7i\"},\"logo\":{\"@id\":\"https:\/\/avrupapress.com\/#\/schema\/person\/image\/\"},\"description\":\"Ne ben, nede sen... Biz ancak \\\"biz\\\" olursak g\u00fc\u00e7l\u00fc olabiliriz\"},{\"@type\":\"Person\",\"@id\":\"https:\/\/avrupapress.com\/#\/schema\/person\/68428444ec60970d1e1b700cf4ca1e8f\",\"name\":\"Edit\u00f6r\",\"image\":{\"@type\":\"ImageObject\",\"inLanguage\":\"fr-BE\",\"@id\":\"https:\/\/avrupapress.com\/#\/schema\/person\/image\/\",\"url\":\"https:\/\/secure.gravatar.com\/avatar\/74996b0977aa5f1559ba9883776652508b229005c0d78fb2597897f0bd651c09?s=96&d=mm&r=g\",\"contentUrl\":\"https:\/\/secure.gravatar.com\/avatar\/74996b0977aa5f1559ba9883776652508b229005c0d78fb2597897f0bd651c09?s=96&d=mm&r=g\",\"caption\":\"Edit\u00f6r\"},\"sameAs\":[\"http:\/\/www.avrupapress.com\"],\"url\":\"https:\/\/avrupapress.com\/main\/author\/editor\/\"}]}<\/script>\n<!-- \/ Yoast SEO plugin. -->","yoast_head_json":{"title":"Bel\u00e7ika\u2019dan T\u00fcrkiye\u2019ye Rekor Ekonomik Misyon: B\u00fcy\u00fckel\u00e7i Tantekin A\u00e7\u0131klad\u0131 - AvrupaPress","robots":{"index":"index","follow":"follow","max-snippet":"max-snippet:-1","max-image-preview":"max-image-preview:large","max-video-preview":"max-video-preview:-1"},"canonical":"https:\/\/avrupapress.com\/main\/2026\/03\/11\/belcikadan-turkiyeye-rekor-ekonomik-misyon-buyukelci-tantekin-acikladi\/","og_locale":"fr_FR","og_type":"article","og_title":"Bel\u00e7ika\u2019dan T\u00fcrkiye\u2019ye Rekor Ekonomik Misyon: B\u00fcy\u00fckel\u00e7i Tantekin A\u00e7\u0131klad\u0131 - AvrupaPress","og_description":"Krali\u00e7e Mathilde Ba\u015fkanl\u0131\u011f\u0131nda Bel\u00e7ika\u2019dan T\u00fcrkiye\u2019ye Tarihi Ekonomik Misyon: 400\u2019\u00fc A\u015fk\u0131n Kat\u0131l\u0131mc\u0131yla Stratejik \u0130\u015fbirli\u011fi D\u00f6nemi Ba\u015fl\u0131yor Bel\u00e7ika Krali\u00e7esi Mathilde\u2019nin ba\u015fkanl\u0131\u011f\u0131nda 10-14 May\u0131s 2026 tarihlerinde T\u00fcrkiye\u2019ye d\u00fczenlenecek kapsaml\u0131 ekonomik misyonun haz\u0131rl\u0131klar\u0131 t\u00fcm h\u0131z\u0131yla s\u00fcr\u00fcyor. T\u00fcrkiye\u2019nin Br\u00fcksel B\u00fcy\u00fckel\u00e7isi G\u00f6rkem Bar\u0131\u015f Tantekin\u2019in Bel\u00e7ika D\u0131\u015f Ticaret Ajans\u0131 (ACE\/ABH) ile yapt\u0131\u011f\u0131 g\u00f6r\u00fc\u015fmeler ve yo\u011fun diplomasi trafi\u011fi, bu \u00f6nemli ziyaretin temellerini at\u0131yor. [&hellip;]","og_url":"https:\/\/avrupapress.com\/main\/2026\/03\/11\/belcikadan-turkiyeye-rekor-ekonomik-misyon-buyukelci-tantekin-acikladi\/","og_site_name":"AvrupaPress","article_published_time":"2026-03-11T21:39:20+00:00","article_modified_time":"2026-03-11T21:39:30+00:00","og_image":[{"width":1005,"height":1024,"url":"https:\/\/avrupapress.com\/main\/wp-content\/uploads\/2026\/03\/FB_IMG_1773259099563-1005x1024-1.jpg","type":"image\/jpeg"}],"author":"Edit\u00f6r","twitter_card":"summary_large_image","twitter_misc":{"\u00c9crit par":"Edit\u00f6r","Dur\u00e9e de lecture est.":"3 minutes"},"schema":{"@context":"https:\/\/schema.org","@graph":[{"@type":"Article","@id":"https:\/\/avrupapress.com\/main\/2026\/03\/11\/belcikadan-turkiyeye-rekor-ekonomik-misyon-buyukelci-tantekin-acikladi\/#article","isPartOf":{"@id":"https:\/\/avrupapress.com\/main\/2026\/03\/11\/belcikadan-turkiyeye-rekor-ekonomik-misyon-buyukelci-tantekin-acikladi\/"},"author":{"name":"Edit\u00f6r","@id":"https:\/\/avrupapress.com\/#\/schema\/person\/68428444ec60970d1e1b700cf4ca1e8f"},"headline":"Bel\u00e7ika\u2019dan T\u00fcrkiye\u2019ye Rekor Ekonomik Misyon: B\u00fcy\u00fckel\u00e7i Tantekin A\u00e7\u0131klad\u0131","datePublished":"2026-03-11T21:39:20+00:00","dateModified":"2026-03-11T21:39:30+00:00","mainEntityOfPage":{"@id":"https:\/\/avrupapress.com\/main\/2026\/03\/11\/belcikadan-turkiyeye-rekor-ekonomik-misyon-buyukelci-tantekin-acikladi\/"},"wordCount":702,"publisher":{"@id":"https:\/\/avrupapress.com\/#\/schema\/person\/0223dca19c72c43575bf30d1a2d8f4fa"},"image":{"@id":"https:\/\/avrupapress.com\/main\/2026\/03\/11\/belcikadan-turkiyeye-rekor-ekonomik-misyon-buyukelci-tantekin-acikladi\/#primaryimage"},"thumbnailUrl":"https:\/\/avrupapress.com\/main\/wp-content\/uploads\/2026\/03\/FB_IMG_1773259099563-1005x1024-1.jpg","articleSection":["Avrupa","Bel\u00e7ika","D\u00fcnya","Ekonomi","K\u00fclt\u00fcr-Sanat","Spor","Tan\u0131t\u0131m","T\u00fcrkiye","Uncategorized"],"inLanguage":"fr-BE"},{"@type":"WebPage","@id":"https:\/\/avrupapress.com\/main\/2026\/03\/11\/belcikadan-turkiyeye-rekor-ekonomik-misyon-buyukelci-tantekin-acikladi\/","url":"https:\/\/avrupapress.com\/main\/2026\/03\/11\/belcikadan-turkiyeye-rekor-ekonomik-misyon-buyukelci-tantekin-acikladi\/","name":"Bel\u00e7ika\u2019dan T\u00fcrkiye\u2019ye Rekor Ekonomik Misyon: B\u00fcy\u00fckel\u00e7i Tantekin A\u00e7\u0131klad\u0131 - AvrupaPress","isPartOf":{"@id":"https:\/\/avrupapress.com\/#website"},"primaryImageOfPage":{"@id":"https:\/\/avrupapress.com\/main\/2026\/03\/11\/belcikadan-turkiyeye-rekor-ekonomik-misyon-buyukelci-tantekin-acikladi\/#primaryimage"},"image":{"@id":"https:\/\/avrupapress.com\/main\/2026\/03\/11\/belcikadan-turkiyeye-rekor-ekonomik-misyon-buyukelci-tantekin-acikladi\/#primaryimage"},"thumbnailUrl":"https:\/\/avrupapress.com\/main\/wp-content\/uploads\/2026\/03\/FB_IMG_1773259099563-1005x1024-1.jpg","datePublished":"2026-03-11T21:39:20+00:00","dateModified":"2026-03-11T21:39:30+00:00","breadcrumb":{"@id":"https:\/\/avrupapress.com\/main\/2026\/03\/11\/belcikadan-turkiyeye-rekor-ekonomik-misyon-buyukelci-tantekin-acikladi\/#breadcrumb"},"inLanguage":"fr-BE","potentialAction":[{"@type":"ReadAction","target":["https:\/\/avrupapress.com\/main\/2026\/03\/11\/belcikadan-turkiyeye-rekor-ekonomik-misyon-buyukelci-tantekin-acikladi\/"]}]},{"@type":"ImageObject","inLanguage":"fr-BE","@id":"https:\/\/avrupapress.com\/main\/2026\/03\/11\/belcikadan-turkiyeye-rekor-ekonomik-misyon-buyukelci-tantekin-acikladi\/#primaryimage","url":"https:\/\/avrupapress.com\/main\/wp-content\/uploads\/2026\/03\/FB_IMG_1773259099563-1005x1024-1.jpg","contentUrl":"https:\/\/avrupapress.com\/main\/wp-content\/uploads\/2026\/03\/FB_IMG_1773259099563-1005x1024-1.jpg","width":1005,"height":1024},{"@type":"BreadcrumbList","@id":"https:\/\/avrupapress.com\/main\/2026\/03\/11\/belcikadan-turkiyeye-rekor-ekonomik-misyon-buyukelci-tantekin-acikladi\/#breadcrumb","itemListElement":[{"@type":"ListItem","position":1,"name":"Anasayfa","item":"https:\/\/avrupapress.com\/"},{"@type":"ListItem","position":2,"name":"Bel\u00e7ika\u2019dan T\u00fcrkiye\u2019ye Rekor Ekonomik Misyon: B\u00fcy\u00fckel\u00e7i Tantekin A\u00e7\u0131klad\u0131"}]},{"@type":"WebSite","@id":"https:\/\/avrupapress.com\/#website","url":"https:\/\/avrupapress.com\/","name":"AvrupaPress","description":"Haberin Adresi","publisher":{"@id":"https:\/\/avrupapress.com\/#\/schema\/person\/0223dca19c72c43575bf30d1a2d8f4fa"},"potentialAction":[{"@type":"SearchAction","target":{"@type":"EntryPoint","urlTemplate":"https:\/\/avrupapress.com\/?s={search_term_string}"},"query-input":{"@type":"PropertyValueSpecification","valueRequired":true,"valueName":"search_term_string"}}],"inLanguage":"fr-BE"},{"@type":["Person","Organization"],"@id":"https:\/\/avrupapress.com\/#\/schema\/person\/0223dca19c72c43575bf30d1a2d8f4fa","name":"Bilgin \u00d6z\u00e7ift\u00e7i","image":{"@type":"ImageObject","inLanguage":"fr-BE","@id":"https:\/\/avrupapress.com\/#\/schema\/person\/image\/","url":"https:\/\/secure.gravatar.com\/avatar\/0f23b280433a21e1ea7a0adcc46ed0ad16afe3ad8e630fd13d8a017dcbd54ef3?s=96&d=mm&r=g","contentUrl":"https:\/\/secure.gravatar.com\/avatar\/0f23b280433a21e1ea7a0adcc46ed0ad16afe3ad8e630fd13d8a017dcbd54ef3?s=96&d=mm&r=g","caption":"Bilgin \u00d6z\u00e7ift\u00e7i"},"logo":{"@id":"https:\/\/avrupapress.com\/#\/schema\/person\/image\/"},"description":"Ne ben, nede sen... Biz ancak \"biz\" olursak g\u00fc\u00e7l\u00fc olabiliriz"},{"@type":"Person","@id":"https:\/\/avrupapress.com\/#\/schema\/person\/68428444ec60970d1e1b700cf4ca1e8f","name":"Edit\u00f6r","image":{"@type":"ImageObject","inLanguage":"fr-BE","@id":"https:\/\/avrupapress.com\/#\/schema\/person\/image\/","url":"https:\/\/secure.gravatar.com\/avatar\/74996b0977aa5f1559ba9883776652508b229005c0d78fb2597897f0bd651c09?s=96&d=mm&r=g","contentUrl":"https:\/\/secure.gravatar.com\/avatar\/74996b0977aa5f1559ba9883776652508b229005c0d78fb2597897f0bd651c09?s=96&d=mm&r=g","caption":"Edit\u00f6r"},"sameAs":["http:\/\/www.avrupapress.com"],"url":"https:\/\/avrupapress.com\/main\/author\/editor\/"}]}},"_links":{"self":[{"href":"https:\/\/avrupapress.com\/main\/wp-json\/wp\/v2\/posts\/33582","targetHints":{"allow":["GET"]}}],"collection":[{"href":"https:\/\/avrupapress.com\/main\/wp-json\/wp\/v2\/posts"}],"about":[{"href":"https:\/\/avrupapress.com\/main\/wp-json\/wp\/v2\/types\/post"}],"author":[{"embeddable":true,"href":"https:\/\/avrupapress.com\/main\/wp-json\/wp\/v2\/users\/3"}],"replies":[{"embeddable":true,"href":"https:\/\/avrupapress.com\/main\/wp-json\/wp\/v2\/comments?post=33582"}],"version-history":[{"count":1,"href":"https:\/\/avrupapress.com\/main\/wp-json\/wp\/v2\/posts\/33582\/revisions"}],"predecessor-version":[{"id":33584,"href":"https:\/\/avrupapress.com\/main\/wp-json\/wp\/v2\/posts\/33582\/revisions\/33584"}],"wp:featuredmedia":[{"embeddable":true,"href":"https:\/\/avrupapress.com\/main\/wp-json\/wp\/v2\/media\/33583"}],"wp:attachment":[{"href":"https:\/\/avrupapress.com\/main\/wp-json\/wp\/v2\/media?parent=33582"}],"wp:term":[{"taxonomy":"category","embeddable":true,"href":"https:\/\/avrupapress.com\/main\/wp-json\/wp\/v2\/categories?post=33582"},{"taxonomy":"post_tag","embeddable":true,"href":"https:\/\/avrupapress.com\/main\/wp-json\/wp\/v2\/tags?post=33582"}],"curies":[{"name":"wp","href":"https:\/\/api.w.org\/{rel}","templated":true}]}}