{"id":33578,"date":"2026-03-11T21:30:12","date_gmt":"2026-03-11T21:30:12","guid":{"rendered":"https:\/\/avrupapress.com\/main\/?p=33578"},"modified":"2026-03-11T21:30:17","modified_gmt":"2026-03-11T21:30:17","slug":"korkma","status":"publish","type":"post","link":"https:\/\/avrupapress.com\/main\/2026\/03\/11\/korkma\/","title":{"rendered":"KORKMA!&#8230;."},"content":{"rendered":"<p><strong>KORKMA!<\/strong><br \/>\nMehmet Akif, Ankara\u2019da Taceddin Dergah\u0131nda\u2019ndaki odas\u0131nda yazd\u0131\u011f\u0131 \u0130stiklal Mar\u015f\u0131nda T\u00fcrk ordusuna hitap etmi\u015ftir.<br \/>\nMehmet Akif \u015fiirinde; Kurtulu\u015f Sava\u015f\u0131n\u0131 verenlerin azim ve kararl\u0131l\u0131\u011f\u0131na olan inanc\u0131n\u0131, T\u00fcrk askerinin cesaretine ve fedakarl\u0131\u011f\u0131na g\u00fcvenini, T\u00fcrk ulusunun ba\u011f\u0131ms\u0131zl\u0131\u011f\u0131na olan d\u00fc\u015fk\u00fcnl\u00fc\u011f\u00fcn\u00fc, T\u00fcrk milletinin milli de\u011ferlere ve dinine ba\u011fl\u0131l\u0131\u011f\u0131n\u0131 dile getirmi\u015ftir. O tarihte kulland\u0131\u011f\u0131 ak\u0131c\u0131 ve etkileyici T\u00fcrk\u00e7esiyle T\u00fcrk diline olan sayg\u0131s\u0131n\u0131 da g\u00f6stermi\u015ftir.<br \/>\n\u0130stiklal Mar\u015f\u0131, 12 Mart 1921&rsquo;de Mustafa Kemal&rsquo;in ba\u015fkanl\u0131\u011f\u0131n\u0131 yapt\u0131\u011f\u0131 Meclis oturumunda Meclis k\u00fcrs\u00fcs\u00fcnde Hamdullah Suphi Bey taraf\u0131ndan okunmu\u015ftur. \u015eiir okundu\u011funda milletvekillerini \u00e7ok etkilemi\u015f ve Mehmet Akif&rsquo;in \u015fiiri co\u015fkulu alk\u0131\u015flarla kabul edilmi\u015ftir.<br \/>\nA\u00e7\u0131lan yar\u0131\u015fma sonunda be\u015f y\u00fcz liral\u0131k \u00f6d\u00fcl\u00fc kazanan Mehmet Akif, bu paray\u0131 da yoksul kad\u0131n ve \u00e7ocuklara i\u015f \u00f6\u011freterek yoksulluklar\u0131na son vermek i\u00e7in kurulan Dar\u00fclmesai\u2019ye ba\u011f\u0131\u015flam\u0131\u015ft\u0131r.<br \/>\n\u0130stiklal Mar\u015f\u0131n\u0131 kaleme alan Mehmet Akif \u015fiirinde bizlere verdi\u011fi b\u00fct\u00fcn mesajlar\u0131 hayat\u0131nda ya\u015fam\u0131\u015ft\u0131r.<br \/>\nAslolan da bu de\u011fil midir? Esas olan insanlar\u0131n s\u00f6ylediklerini ya\u015fant\u0131s\u0131yla g\u00f6stermesidir. T\u00fcrkl\u00fc\u011f\u00fcn de, M\u00fcsl\u00fcmanl\u0131\u011f\u0131n da ana hedefi budur. G\u00fcn\u00fcm\u00fcz siyaset\u00e7ilerinin, y\u00f6netenlerinin, e\u011fitenlerinin ve dahi t\u00fcm vatanda\u015flar\u0131n \u0130stiklal Mar\u015f\u0131n\u0131 anlayarak ve ya\u015famlar\u0131na tatbik ederek hayatlar\u0131n\u0131 s\u00fcrd\u00fcrmeleri, dezenformasyona u\u011fram\u0131\u015f g\u00fcn\u00fcm\u00fcz ya\u015fant\u0131lar\u0131n\u0131, do\u011fru hizalamalar\u0131n\u0131 sa\u011flayacakt\u0131r. \u0130stiklal Mar\u015f\u0131na farkl\u0131 bir bak\u0131\u015f a\u00e7\u0131s\u0131yla ve bu pencereden bakt\u0131\u011f\u0131m\u0131zda, T\u00fcrk Milletinin parlak gelece\u011fi bu hasletlere muhta\u00e7t\u0131r.<br \/>\nBu d\u00fc\u015f\u00fcncelerle \u0130stiklal Mar\u015f\u0131 yazar\u0131 Mehmet Akif Ersoy\u2019u rahmetle an\u0131yorum. Celab-\u0131 Allah\u2019\u0131n bir daha \u0130stiklal Mar\u015f\u0131 yazd\u0131rmamas\u0131 i\u00e7in ba\u015fta y\u00f6neticiler olmak \u00fczere herkesin \u00fczerine d\u00fc\u015fen g\u00f6revi en iyi \u015fekilde yapmas\u0131n\u0131 diliyorum. Nice 105. y\u0131llara.<\/p>\n<p><img loading=\"lazy\" decoding=\"async\" class=\"alignnone size-medium wp-image-33579\" src=\"https:\/\/avrupapress.com\/main\/wp-content\/uploads\/2026\/03\/IMG-20251020-WA0100-740x420-1-1-1-3-300x170.jpg\" alt=\"\" width=\"300\" height=\"170\" srcset=\"https:\/\/avrupapress.com\/main\/wp-content\/uploads\/2026\/03\/IMG-20251020-WA0100-740x420-1-1-1-3-300x170.jpg 300w, https:\/\/avrupapress.com\/main\/wp-content\/uploads\/2026\/03\/IMG-20251020-WA0100-740x420-1-1-1-3.jpg 740w\" sizes=\"auto, (max-width: 300px) 100vw, 300px\" \/><\/p>\n<p>&nbsp;<\/p>\n<p><strong>Recep Cansu\u00a0 \u00a0 \u00a0 \u00a0 \u00a0\/\u00a0 \u00a0 \u00a0 \u00a0 AVRUPAPRESS<\/strong><\/p>\n","protected":false},"excerpt":{"rendered":"<p>KORKMA! Mehmet Akif, Ankara\u2019da Taceddin Dergah\u0131nda\u2019ndaki odas\u0131nda yazd\u0131\u011f\u0131 \u0130stiklal Mar\u015f\u0131nda T\u00fcrk ordusuna hitap etmi\u015ftir. Mehmet Akif \u015fiirinde; Kurtulu\u015f Sava\u015f\u0131n\u0131 verenlerin azim ve kararl\u0131l\u0131\u011f\u0131na olan inanc\u0131n\u0131, T\u00fcrk askerinin cesaretine ve fedakarl\u0131\u011f\u0131na g\u00fcvenini, T\u00fcrk ulusunun ba\u011f\u0131ms\u0131zl\u0131\u011f\u0131na olan d\u00fc\u015fk\u00fcnl\u00fc\u011f\u00fcn\u00fc, T\u00fcrk milletinin milli de\u011ferlere ve dinine ba\u011fl\u0131l\u0131\u011f\u0131n\u0131 dile getirmi\u015ftir. O tarihte kulland\u0131\u011f\u0131 ak\u0131c\u0131 ve etkileyici T\u00fcrk\u00e7esiyle T\u00fcrk diline olan [&hellip;]<\/p>\n","protected":false},"author":3,"featured_media":33580,"comment_status":"closed","ping_status":"open","sticky":false,"template":"","format":"standard","meta":{"footnotes":""},"categories":[14,16,3,17,18,15,19,2,1],"tags":[],"class_list":["post-33578","post","type-post","status-publish","format-standard","has-post-thumbnail","hentry","category-avrupa","category-belcika","category-dunya","category-ekonomi","category-kultur-sanat","category-spor","category-tanitim","category-turkiye","category-uncategorized"],"yoast_head":"<!-- This site is optimized with the Yoast SEO plugin v26.9 - https:\/\/yoast.com\/product\/yoast-seo-wordpress\/ -->\n<title>KORKMA!.... - AvrupaPress<\/title>\n<meta name=\"robots\" content=\"index, follow, max-snippet:-1, max-image-preview:large, max-video-preview:-1\" \/>\n<link rel=\"canonical\" href=\"https:\/\/avrupapress.com\/main\/2026\/03\/11\/korkma\/\" \/>\n<meta property=\"og:locale\" content=\"fr_FR\" \/>\n<meta property=\"og:type\" content=\"article\" \/>\n<meta property=\"og:title\" content=\"KORKMA!.... - AvrupaPress\" \/>\n<meta property=\"og:description\" content=\"KORKMA! Mehmet Akif, Ankara\u2019da Taceddin Dergah\u0131nda\u2019ndaki odas\u0131nda yazd\u0131\u011f\u0131 \u0130stiklal Mar\u015f\u0131nda T\u00fcrk ordusuna hitap etmi\u015ftir. Mehmet Akif \u015fiirinde; Kurtulu\u015f Sava\u015f\u0131n\u0131 verenlerin azim ve kararl\u0131l\u0131\u011f\u0131na olan inanc\u0131n\u0131, T\u00fcrk askerinin cesaretine ve fedakarl\u0131\u011f\u0131na g\u00fcvenini, T\u00fcrk ulusunun ba\u011f\u0131ms\u0131zl\u0131\u011f\u0131na olan d\u00fc\u015fk\u00fcnl\u00fc\u011f\u00fcn\u00fc, T\u00fcrk milletinin milli de\u011ferlere ve dinine ba\u011fl\u0131l\u0131\u011f\u0131n\u0131 dile getirmi\u015ftir. O tarihte kulland\u0131\u011f\u0131 ak\u0131c\u0131 ve etkileyici T\u00fcrk\u00e7esiyle T\u00fcrk diline olan [&hellip;]\" \/>\n<meta property=\"og:url\" content=\"https:\/\/avrupapress.com\/main\/2026\/03\/11\/korkma\/\" \/>\n<meta property=\"og:site_name\" content=\"AvrupaPress\" \/>\n<meta property=\"article:published_time\" content=\"2026-03-11T21:30:12+00:00\" \/>\n<meta property=\"article:modified_time\" content=\"2026-03-11T21:30:17+00:00\" \/>\n<meta property=\"og:image\" content=\"https:\/\/avrupapress.com\/main\/wp-content\/uploads\/2026\/03\/IMG-20251020-WA0100-740x420-1-1-1-3-1.jpg\" \/>\n\t<meta property=\"og:image:width\" content=\"740\" \/>\n\t<meta property=\"og:image:height\" content=\"420\" \/>\n\t<meta property=\"og:image:type\" content=\"image\/jpeg\" \/>\n<meta name=\"author\" content=\"Edit\u00f6r\" \/>\n<meta name=\"twitter:card\" content=\"summary_large_image\" \/>\n<meta name=\"twitter:label1\" content=\"\u00c9crit par\" \/>\n\t<meta name=\"twitter:data1\" content=\"Edit\u00f6r\" \/>\n\t<meta name=\"twitter:label2\" content=\"Dur\u00e9e de lecture est.\" \/>\n\t<meta name=\"twitter:data2\" content=\"2 minutes\" \/>\n<script type=\"application\/ld+json\" class=\"yoast-schema-graph\">{\"@context\":\"https:\/\/schema.org\",\"@graph\":[{\"@type\":\"Article\",\"@id\":\"https:\/\/avrupapress.com\/main\/2026\/03\/11\/korkma\/#article\",\"isPartOf\":{\"@id\":\"https:\/\/avrupapress.com\/main\/2026\/03\/11\/korkma\/\"},\"author\":{\"name\":\"Edit\u00f6r\",\"@id\":\"https:\/\/avrupapress.com\/#\/schema\/person\/68428444ec60970d1e1b700cf4ca1e8f\"},\"headline\":\"KORKMA!&#8230;.\",\"datePublished\":\"2026-03-11T21:30:12+00:00\",\"dateModified\":\"2026-03-11T21:30:17+00:00\",\"mainEntityOfPage\":{\"@id\":\"https:\/\/avrupapress.com\/main\/2026\/03\/11\/korkma\/\"},\"wordCount\":350,\"publisher\":{\"@id\":\"https:\/\/avrupapress.com\/#\/schema\/person\/0223dca19c72c43575bf30d1a2d8f4fa\"},\"image\":{\"@id\":\"https:\/\/avrupapress.com\/main\/2026\/03\/11\/korkma\/#primaryimage\"},\"thumbnailUrl\":\"https:\/\/avrupapress.com\/main\/wp-content\/uploads\/2026\/03\/IMG-20251020-WA0100-740x420-1-1-1-3-1.jpg\",\"articleSection\":[\"Avrupa\",\"Bel\u00e7ika\",\"D\u00fcnya\",\"Ekonomi\",\"K\u00fclt\u00fcr-Sanat\",\"Spor\",\"Tan\u0131t\u0131m\",\"T\u00fcrkiye\",\"Uncategorized\"],\"inLanguage\":\"fr-BE\"},{\"@type\":\"WebPage\",\"@id\":\"https:\/\/avrupapress.com\/main\/2026\/03\/11\/korkma\/\",\"url\":\"https:\/\/avrupapress.com\/main\/2026\/03\/11\/korkma\/\",\"name\":\"KORKMA!.... - AvrupaPress\",\"isPartOf\":{\"@id\":\"https:\/\/avrupapress.com\/#website\"},\"primaryImageOfPage\":{\"@id\":\"https:\/\/avrupapress.com\/main\/2026\/03\/11\/korkma\/#primaryimage\"},\"image\":{\"@id\":\"https:\/\/avrupapress.com\/main\/2026\/03\/11\/korkma\/#primaryimage\"},\"thumbnailUrl\":\"https:\/\/avrupapress.com\/main\/wp-content\/uploads\/2026\/03\/IMG-20251020-WA0100-740x420-1-1-1-3-1.jpg\",\"datePublished\":\"2026-03-11T21:30:12+00:00\",\"dateModified\":\"2026-03-11T21:30:17+00:00\",\"breadcrumb\":{\"@id\":\"https:\/\/avrupapress.com\/main\/2026\/03\/11\/korkma\/#breadcrumb\"},\"inLanguage\":\"fr-BE\",\"potentialAction\":[{\"@type\":\"ReadAction\",\"target\":[\"https:\/\/avrupapress.com\/main\/2026\/03\/11\/korkma\/\"]}]},{\"@type\":\"ImageObject\",\"inLanguage\":\"fr-BE\",\"@id\":\"https:\/\/avrupapress.com\/main\/2026\/03\/11\/korkma\/#primaryimage\",\"url\":\"https:\/\/avrupapress.com\/main\/wp-content\/uploads\/2026\/03\/IMG-20251020-WA0100-740x420-1-1-1-3-1.jpg\",\"contentUrl\":\"https:\/\/avrupapress.com\/main\/wp-content\/uploads\/2026\/03\/IMG-20251020-WA0100-740x420-1-1-1-3-1.jpg\",\"width\":740,\"height\":420},{\"@type\":\"BreadcrumbList\",\"@id\":\"https:\/\/avrupapress.com\/main\/2026\/03\/11\/korkma\/#breadcrumb\",\"itemListElement\":[{\"@type\":\"ListItem\",\"position\":1,\"name\":\"Anasayfa\",\"item\":\"https:\/\/avrupapress.com\/\"},{\"@type\":\"ListItem\",\"position\":2,\"name\":\"KORKMA!&#8230;.\"}]},{\"@type\":\"WebSite\",\"@id\":\"https:\/\/avrupapress.com\/#website\",\"url\":\"https:\/\/avrupapress.com\/\",\"name\":\"AvrupaPress\",\"description\":\"Haberin Adresi\",\"publisher\":{\"@id\":\"https:\/\/avrupapress.com\/#\/schema\/person\/0223dca19c72c43575bf30d1a2d8f4fa\"},\"potentialAction\":[{\"@type\":\"SearchAction\",\"target\":{\"@type\":\"EntryPoint\",\"urlTemplate\":\"https:\/\/avrupapress.com\/?s={search_term_string}\"},\"query-input\":{\"@type\":\"PropertyValueSpecification\",\"valueRequired\":true,\"valueName\":\"search_term_string\"}}],\"inLanguage\":\"fr-BE\"},{\"@type\":[\"Person\",\"Organization\"],\"@id\":\"https:\/\/avrupapress.com\/#\/schema\/person\/0223dca19c72c43575bf30d1a2d8f4fa\",\"name\":\"Bilgin \u00d6z\u00e7ift\u00e7i\",\"image\":{\"@type\":\"ImageObject\",\"inLanguage\":\"fr-BE\",\"@id\":\"https:\/\/avrupapress.com\/#\/schema\/person\/image\/\",\"url\":\"https:\/\/secure.gravatar.com\/avatar\/0f23b280433a21e1ea7a0adcc46ed0ad16afe3ad8e630fd13d8a017dcbd54ef3?s=96&d=mm&r=g\",\"contentUrl\":\"https:\/\/secure.gravatar.com\/avatar\/0f23b280433a21e1ea7a0adcc46ed0ad16afe3ad8e630fd13d8a017dcbd54ef3?s=96&d=mm&r=g\",\"caption\":\"Bilgin \u00d6z\u00e7ift\u00e7i\"},\"logo\":{\"@id\":\"https:\/\/avrupapress.com\/#\/schema\/person\/image\/\"},\"description\":\"Ne ben, nede sen... Biz ancak \\\"biz\\\" olursak g\u00fc\u00e7l\u00fc olabiliriz\"},{\"@type\":\"Person\",\"@id\":\"https:\/\/avrupapress.com\/#\/schema\/person\/68428444ec60970d1e1b700cf4ca1e8f\",\"name\":\"Edit\u00f6r\",\"image\":{\"@type\":\"ImageObject\",\"inLanguage\":\"fr-BE\",\"@id\":\"https:\/\/avrupapress.com\/#\/schema\/person\/image\/\",\"url\":\"https:\/\/secure.gravatar.com\/avatar\/74996b0977aa5f1559ba9883776652508b229005c0d78fb2597897f0bd651c09?s=96&d=mm&r=g\",\"contentUrl\":\"https:\/\/secure.gravatar.com\/avatar\/74996b0977aa5f1559ba9883776652508b229005c0d78fb2597897f0bd651c09?s=96&d=mm&r=g\",\"caption\":\"Edit\u00f6r\"},\"sameAs\":[\"http:\/\/www.avrupapress.com\"],\"url\":\"https:\/\/avrupapress.com\/main\/author\/editor\/\"}]}<\/script>\n<!-- \/ Yoast SEO plugin. -->","yoast_head_json":{"title":"KORKMA!.... - AvrupaPress","robots":{"index":"index","follow":"follow","max-snippet":"max-snippet:-1","max-image-preview":"max-image-preview:large","max-video-preview":"max-video-preview:-1"},"canonical":"https:\/\/avrupapress.com\/main\/2026\/03\/11\/korkma\/","og_locale":"fr_FR","og_type":"article","og_title":"KORKMA!.... - AvrupaPress","og_description":"KORKMA! Mehmet Akif, Ankara\u2019da Taceddin Dergah\u0131nda\u2019ndaki odas\u0131nda yazd\u0131\u011f\u0131 \u0130stiklal Mar\u015f\u0131nda T\u00fcrk ordusuna hitap etmi\u015ftir. Mehmet Akif \u015fiirinde; Kurtulu\u015f Sava\u015f\u0131n\u0131 verenlerin azim ve kararl\u0131l\u0131\u011f\u0131na olan inanc\u0131n\u0131, T\u00fcrk askerinin cesaretine ve fedakarl\u0131\u011f\u0131na g\u00fcvenini, T\u00fcrk ulusunun ba\u011f\u0131ms\u0131zl\u0131\u011f\u0131na olan d\u00fc\u015fk\u00fcnl\u00fc\u011f\u00fcn\u00fc, T\u00fcrk milletinin milli de\u011ferlere ve dinine ba\u011fl\u0131l\u0131\u011f\u0131n\u0131 dile getirmi\u015ftir. O tarihte kulland\u0131\u011f\u0131 ak\u0131c\u0131 ve etkileyici T\u00fcrk\u00e7esiyle T\u00fcrk diline olan [&hellip;]","og_url":"https:\/\/avrupapress.com\/main\/2026\/03\/11\/korkma\/","og_site_name":"AvrupaPress","article_published_time":"2026-03-11T21:30:12+00:00","article_modified_time":"2026-03-11T21:30:17+00:00","og_image":[{"width":740,"height":420,"url":"https:\/\/avrupapress.com\/main\/wp-content\/uploads\/2026\/03\/IMG-20251020-WA0100-740x420-1-1-1-3-1.jpg","type":"image\/jpeg"}],"author":"Edit\u00f6r","twitter_card":"summary_large_image","twitter_misc":{"\u00c9crit par":"Edit\u00f6r","Dur\u00e9e de lecture est.":"2 minutes"},"schema":{"@context":"https:\/\/schema.org","@graph":[{"@type":"Article","@id":"https:\/\/avrupapress.com\/main\/2026\/03\/11\/korkma\/#article","isPartOf":{"@id":"https:\/\/avrupapress.com\/main\/2026\/03\/11\/korkma\/"},"author":{"name":"Edit\u00f6r","@id":"https:\/\/avrupapress.com\/#\/schema\/person\/68428444ec60970d1e1b700cf4ca1e8f"},"headline":"KORKMA!&#8230;.","datePublished":"2026-03-11T21:30:12+00:00","dateModified":"2026-03-11T21:30:17+00:00","mainEntityOfPage":{"@id":"https:\/\/avrupapress.com\/main\/2026\/03\/11\/korkma\/"},"wordCount":350,"publisher":{"@id":"https:\/\/avrupapress.com\/#\/schema\/person\/0223dca19c72c43575bf30d1a2d8f4fa"},"image":{"@id":"https:\/\/avrupapress.com\/main\/2026\/03\/11\/korkma\/#primaryimage"},"thumbnailUrl":"https:\/\/avrupapress.com\/main\/wp-content\/uploads\/2026\/03\/IMG-20251020-WA0100-740x420-1-1-1-3-1.jpg","articleSection":["Avrupa","Bel\u00e7ika","D\u00fcnya","Ekonomi","K\u00fclt\u00fcr-Sanat","Spor","Tan\u0131t\u0131m","T\u00fcrkiye","Uncategorized"],"inLanguage":"fr-BE"},{"@type":"WebPage","@id":"https:\/\/avrupapress.com\/main\/2026\/03\/11\/korkma\/","url":"https:\/\/avrupapress.com\/main\/2026\/03\/11\/korkma\/","name":"KORKMA!.... - AvrupaPress","isPartOf":{"@id":"https:\/\/avrupapress.com\/#website"},"primaryImageOfPage":{"@id":"https:\/\/avrupapress.com\/main\/2026\/03\/11\/korkma\/#primaryimage"},"image":{"@id":"https:\/\/avrupapress.com\/main\/2026\/03\/11\/korkma\/#primaryimage"},"thumbnailUrl":"https:\/\/avrupapress.com\/main\/wp-content\/uploads\/2026\/03\/IMG-20251020-WA0100-740x420-1-1-1-3-1.jpg","datePublished":"2026-03-11T21:30:12+00:00","dateModified":"2026-03-11T21:30:17+00:00","breadcrumb":{"@id":"https:\/\/avrupapress.com\/main\/2026\/03\/11\/korkma\/#breadcrumb"},"inLanguage":"fr-BE","potentialAction":[{"@type":"ReadAction","target":["https:\/\/avrupapress.com\/main\/2026\/03\/11\/korkma\/"]}]},{"@type":"ImageObject","inLanguage":"fr-BE","@id":"https:\/\/avrupapress.com\/main\/2026\/03\/11\/korkma\/#primaryimage","url":"https:\/\/avrupapress.com\/main\/wp-content\/uploads\/2026\/03\/IMG-20251020-WA0100-740x420-1-1-1-3-1.jpg","contentUrl":"https:\/\/avrupapress.com\/main\/wp-content\/uploads\/2026\/03\/IMG-20251020-WA0100-740x420-1-1-1-3-1.jpg","width":740,"height":420},{"@type":"BreadcrumbList","@id":"https:\/\/avrupapress.com\/main\/2026\/03\/11\/korkma\/#breadcrumb","itemListElement":[{"@type":"ListItem","position":1,"name":"Anasayfa","item":"https:\/\/avrupapress.com\/"},{"@type":"ListItem","position":2,"name":"KORKMA!&#8230;."}]},{"@type":"WebSite","@id":"https:\/\/avrupapress.com\/#website","url":"https:\/\/avrupapress.com\/","name":"AvrupaPress","description":"Haberin Adresi","publisher":{"@id":"https:\/\/avrupapress.com\/#\/schema\/person\/0223dca19c72c43575bf30d1a2d8f4fa"},"potentialAction":[{"@type":"SearchAction","target":{"@type":"EntryPoint","urlTemplate":"https:\/\/avrupapress.com\/?s={search_term_string}"},"query-input":{"@type":"PropertyValueSpecification","valueRequired":true,"valueName":"search_term_string"}}],"inLanguage":"fr-BE"},{"@type":["Person","Organization"],"@id":"https:\/\/avrupapress.com\/#\/schema\/person\/0223dca19c72c43575bf30d1a2d8f4fa","name":"Bilgin \u00d6z\u00e7ift\u00e7i","image":{"@type":"ImageObject","inLanguage":"fr-BE","@id":"https:\/\/avrupapress.com\/#\/schema\/person\/image\/","url":"https:\/\/secure.gravatar.com\/avatar\/0f23b280433a21e1ea7a0adcc46ed0ad16afe3ad8e630fd13d8a017dcbd54ef3?s=96&d=mm&r=g","contentUrl":"https:\/\/secure.gravatar.com\/avatar\/0f23b280433a21e1ea7a0adcc46ed0ad16afe3ad8e630fd13d8a017dcbd54ef3?s=96&d=mm&r=g","caption":"Bilgin \u00d6z\u00e7ift\u00e7i"},"logo":{"@id":"https:\/\/avrupapress.com\/#\/schema\/person\/image\/"},"description":"Ne ben, nede sen... Biz ancak \"biz\" olursak g\u00fc\u00e7l\u00fc olabiliriz"},{"@type":"Person","@id":"https:\/\/avrupapress.com\/#\/schema\/person\/68428444ec60970d1e1b700cf4ca1e8f","name":"Edit\u00f6r","image":{"@type":"ImageObject","inLanguage":"fr-BE","@id":"https:\/\/avrupapress.com\/#\/schema\/person\/image\/","url":"https:\/\/secure.gravatar.com\/avatar\/74996b0977aa5f1559ba9883776652508b229005c0d78fb2597897f0bd651c09?s=96&d=mm&r=g","contentUrl":"https:\/\/secure.gravatar.com\/avatar\/74996b0977aa5f1559ba9883776652508b229005c0d78fb2597897f0bd651c09?s=96&d=mm&r=g","caption":"Edit\u00f6r"},"sameAs":["http:\/\/www.avrupapress.com"],"url":"https:\/\/avrupapress.com\/main\/author\/editor\/"}]}},"_links":{"self":[{"href":"https:\/\/avrupapress.com\/main\/wp-json\/wp\/v2\/posts\/33578","targetHints":{"allow":["GET"]}}],"collection":[{"href":"https:\/\/avrupapress.com\/main\/wp-json\/wp\/v2\/posts"}],"about":[{"href":"https:\/\/avrupapress.com\/main\/wp-json\/wp\/v2\/types\/post"}],"author":[{"embeddable":true,"href":"https:\/\/avrupapress.com\/main\/wp-json\/wp\/v2\/users\/3"}],"replies":[{"embeddable":true,"href":"https:\/\/avrupapress.com\/main\/wp-json\/wp\/v2\/comments?post=33578"}],"version-history":[{"count":1,"href":"https:\/\/avrupapress.com\/main\/wp-json\/wp\/v2\/posts\/33578\/revisions"}],"predecessor-version":[{"id":33581,"href":"https:\/\/avrupapress.com\/main\/wp-json\/wp\/v2\/posts\/33578\/revisions\/33581"}],"wp:featuredmedia":[{"embeddable":true,"href":"https:\/\/avrupapress.com\/main\/wp-json\/wp\/v2\/media\/33580"}],"wp:attachment":[{"href":"https:\/\/avrupapress.com\/main\/wp-json\/wp\/v2\/media?parent=33578"}],"wp:term":[{"taxonomy":"category","embeddable":true,"href":"https:\/\/avrupapress.com\/main\/wp-json\/wp\/v2\/categories?post=33578"},{"taxonomy":"post_tag","embeddable":true,"href":"https:\/\/avrupapress.com\/main\/wp-json\/wp\/v2\/tags?post=33578"}],"curies":[{"name":"wp","href":"https:\/\/api.w.org\/{rel}","templated":true}]}}