{"id":33574,"date":"2026-03-11T21:23:08","date_gmt":"2026-03-11T21:23:08","guid":{"rendered":"https:\/\/avrupapress.com\/main\/?p=33574"},"modified":"2026-03-11T21:24:16","modified_gmt":"2026-03-11T21:24:16","slug":"emirdag-camili-koyundegecmiste-camilide-gercek-kombabayi-bulduk-galiba","status":"publish","type":"post","link":"https:\/\/avrupapress.com\/main\/2026\/03\/11\/emirdag-camili-koyundegecmiste-camilide-gercek-kombabayi-bulduk-galiba\/","title":{"rendered":"EMIRDAG CAM\u0130L\u0130 K\u00d6Y\u00dcN&rsquo;DEGE\u00c7M\u0130\u015eTE CAM\u0130L\u0130&rsquo;DE GER\u00c7EK KOMBABAYI BULDUK GAL\u0130BA"},"content":{"rendered":"<div dir=\"auto\" data-olk-copy-source=\"MessageBody\">GE\u00c7M\u0130\u015eTE CAM\u0130L\u0130&rsquo;DE\u00a0 GER\u00c7EK KOMBABAYI BULDUK GAL\u0130BA<\/div>\n<div dir=\"auto\" data-olk-copy-source=\"MessageBody\"><\/div>\n<div dir=\"auto\" data-olk-copy-source=\"MessageBody\">\n<div dir=\"auto\">\u00a0 \u00a0Sivrihisar da\u011flar\u0131n\u0131n devam\u0131nda ki da\u011flar mitolojide ARAY\u0130T da\u011f\u0131 olarak ge\u00e7er. \u0130nan\u0131\u015fa g\u00f6re Bereket tanr\u0131\u00e7as\u0131 K\u0130BELE bu da\u011f\u0131n zirvesinde oturur ovay\u0131 kutsay\u0131p bereketlendirirmi\u015f. Heykellerinde Kibele bir tahta oturarak tasvir edilmi\u015ftir. KUBABA ismiyle de an\u0131lmaktad\u0131r.<\/div>\n<div dir=\"auto\">\u00a0 \u00a0 Y\u00f6remizde \u00a0 KUBABA ismi zamanla \u00a0KOMBABA ya d\u00f6n\u00fc\u015fm\u00fc\u015f, evden \u00e7\u0131kmayan, s\u00fcrekli evde oturanlara KOMBABA G\u0130B\u0130 OTURUYOR yak\u0131\u015ft\u0131rmas\u0131 yap\u0131lm\u0131\u015f kanaatindeyim.<\/div>\n<div dir=\"auto\">\u00a0 \u00a0 \u00a0 \u00a0 B\u00f6lgemizde \u00f6zellikle muhacir k\u00f6ylerinin bulundu\u011fu topraklar kire\u00e7 oran\u0131 y\u00fcksek verimsiz topraklar olup, ya\u011f\u0131\u015f rejimi de d\u00fc\u015f\u00fckt\u00fcr. \u0130\u015fin \u015fakas\u0131 Kibele bu ovalar\u0131 kutsarken bizim tarafa arkas\u0131n\u0131 m\u0131 d\u00f6nd\u00fc demekten kendimi alam\u0131yorum&#8230;&#8230;..<\/div>\n<\/div>\n<div dir=\"auto\"><\/div>\n<div dir=\"auto\"><img loading=\"lazy\" decoding=\"async\" class=\"alignnone size-medium wp-image-33575\" src=\"https:\/\/avrupapress.com\/main\/wp-content\/uploads\/2026\/03\/ddd17f1c-cf58-457b-ac4b-2d1ff5d2fb7b-225x300.jpg\" alt=\"\" width=\"225\" height=\"300\" \/><\/div>\n<div dir=\"auto\"><\/div>\n<div dir=\"auto\"><strong>Bilgin\u00a0 \u00a0 Ozcifci\u00a0 \u00a0 \u00a0 \u00a0 \u00a0 \/\u00a0 \u00a0 \u00a0 \u00a0 \u00a0AVRUPAPRESS<\/strong><\/div>\n","protected":false},"excerpt":{"rendered":"<p>GE\u00c7M\u0130\u015eTE CAM\u0130L\u0130&rsquo;DE\u00a0 GER\u00c7EK KOMBABAYI BULDUK GAL\u0130BA \u00a0 \u00a0Sivrihisar da\u011flar\u0131n\u0131n devam\u0131nda ki da\u011flar mitolojide ARAY\u0130T da\u011f\u0131 olarak ge\u00e7er. \u0130nan\u0131\u015fa g\u00f6re Bereket tanr\u0131\u00e7as\u0131 K\u0130BELE bu da\u011f\u0131n zirvesinde oturur ovay\u0131 kutsay\u0131p bereketlendirirmi\u015f. Heykellerinde Kibele bir tahta oturarak tasvir edilmi\u015ftir. KUBABA ismiyle de an\u0131lmaktad\u0131r. \u00a0 \u00a0 Y\u00f6remizde \u00a0 KUBABA ismi zamanla \u00a0KOMBABA ya d\u00f6n\u00fc\u015fm\u00fc\u015f, evden \u00e7\u0131kmayan, s\u00fcrekli evde oturanlara [&hellip;]<\/p>\n","protected":false},"author":3,"featured_media":33575,"comment_status":"closed","ping_status":"open","sticky":false,"template":"","format":"standard","meta":{"footnotes":""},"categories":[14,16,3,17,18,15,19,2,1],"tags":[],"class_list":["post-33574","post","type-post","status-publish","format-standard","has-post-thumbnail","hentry","category-avrupa","category-belcika","category-dunya","category-ekonomi","category-kultur-sanat","category-spor","category-tanitim","category-turkiye","category-uncategorized"],"yoast_head":"<!-- This site is optimized with the Yoast SEO plugin v26.9 - https:\/\/yoast.com\/product\/yoast-seo-wordpress\/ -->\n<title>EMIRDAG CAM\u0130L\u0130 K\u00d6Y\u00dcN&#039;DEGE\u00c7M\u0130\u015eTE CAM\u0130L\u0130&#039;DE GER\u00c7EK KOMBABAYI BULDUK GAL\u0130BA - AvrupaPress<\/title>\n<meta name=\"robots\" content=\"index, follow, max-snippet:-1, max-image-preview:large, max-video-preview:-1\" \/>\n<link rel=\"canonical\" href=\"https:\/\/avrupapress.com\/main\/2026\/03\/11\/emirdag-camili-koyundegecmiste-camilide-gercek-kombabayi-bulduk-galiba\/\" \/>\n<meta property=\"og:locale\" content=\"fr_FR\" \/>\n<meta property=\"og:type\" content=\"article\" \/>\n<meta property=\"og:title\" content=\"EMIRDAG CAM\u0130L\u0130 K\u00d6Y\u00dcN&#039;DEGE\u00c7M\u0130\u015eTE CAM\u0130L\u0130&#039;DE GER\u00c7EK KOMBABAYI BULDUK GAL\u0130BA - AvrupaPress\" \/>\n<meta property=\"og:description\" content=\"GE\u00c7M\u0130\u015eTE CAM\u0130L\u0130&rsquo;DE\u00a0 GER\u00c7EK KOMBABAYI BULDUK GAL\u0130BA \u00a0 \u00a0Sivrihisar da\u011flar\u0131n\u0131n devam\u0131nda ki da\u011flar mitolojide ARAY\u0130T da\u011f\u0131 olarak ge\u00e7er. \u0130nan\u0131\u015fa g\u00f6re Bereket tanr\u0131\u00e7as\u0131 K\u0130BELE bu da\u011f\u0131n zirvesinde oturur ovay\u0131 kutsay\u0131p bereketlendirirmi\u015f. Heykellerinde Kibele bir tahta oturarak tasvir edilmi\u015ftir. KUBABA ismiyle de an\u0131lmaktad\u0131r. \u00a0 \u00a0 Y\u00f6remizde \u00a0 KUBABA ismi zamanla \u00a0KOMBABA ya d\u00f6n\u00fc\u015fm\u00fc\u015f, evden \u00e7\u0131kmayan, s\u00fcrekli evde oturanlara [&hellip;]\" \/>\n<meta property=\"og:url\" content=\"https:\/\/avrupapress.com\/main\/2026\/03\/11\/emirdag-camili-koyundegecmiste-camilide-gercek-kombabayi-bulduk-galiba\/\" \/>\n<meta property=\"og:site_name\" content=\"AvrupaPress\" \/>\n<meta property=\"article:published_time\" content=\"2026-03-11T21:23:08+00:00\" \/>\n<meta property=\"article:modified_time\" content=\"2026-03-11T21:24:16+00:00\" \/>\n<meta property=\"og:image\" content=\"https:\/\/avrupapress.com\/main\/wp-content\/uploads\/2026\/03\/ddd17f1c-cf58-457b-ac4b-2d1ff5d2fb7b-e1773264249708.jpg\" \/>\n\t<meta property=\"og:image:width\" content=\"750\" \/>\n\t<meta property=\"og:image:height\" content=\"587\" \/>\n\t<meta property=\"og:image:type\" content=\"image\/jpeg\" \/>\n<meta name=\"author\" content=\"Edit\u00f6r\" \/>\n<meta name=\"twitter:card\" content=\"summary_large_image\" \/>\n<meta name=\"twitter:label1\" content=\"\u00c9crit par\" \/>\n\t<meta name=\"twitter:data1\" content=\"Edit\u00f6r\" \/>\n\t<meta name=\"twitter:label2\" content=\"Dur\u00e9e de lecture est.\" \/>\n\t<meta name=\"twitter:data2\" content=\"1 minute\" \/>\n<script type=\"application\/ld+json\" class=\"yoast-schema-graph\">{\"@context\":\"https:\/\/schema.org\",\"@graph\":[{\"@type\":\"Article\",\"@id\":\"https:\/\/avrupapress.com\/main\/2026\/03\/11\/emirdag-camili-koyundegecmiste-camilide-gercek-kombabayi-bulduk-galiba\/#article\",\"isPartOf\":{\"@id\":\"https:\/\/avrupapress.com\/main\/2026\/03\/11\/emirdag-camili-koyundegecmiste-camilide-gercek-kombabayi-bulduk-galiba\/\"},\"author\":{\"name\":\"Edit\u00f6r\",\"@id\":\"https:\/\/avrupapress.com\/#\/schema\/person\/68428444ec60970d1e1b700cf4ca1e8f\"},\"headline\":\"EMIRDAG CAM\u0130L\u0130 K\u00d6Y\u00dcN&rsquo;DEGE\u00c7M\u0130\u015eTE CAM\u0130L\u0130&rsquo;DE GER\u00c7EK KOMBABAYI BULDUK GAL\u0130BA\",\"datePublished\":\"2026-03-11T21:23:08+00:00\",\"dateModified\":\"2026-03-11T21:24:16+00:00\",\"mainEntityOfPage\":{\"@id\":\"https:\/\/avrupapress.com\/main\/2026\/03\/11\/emirdag-camili-koyundegecmiste-camilide-gercek-kombabayi-bulduk-galiba\/\"},\"wordCount\":146,\"publisher\":{\"@id\":\"https:\/\/avrupapress.com\/#\/schema\/person\/0223dca19c72c43575bf30d1a2d8f4fa\"},\"image\":{\"@id\":\"https:\/\/avrupapress.com\/main\/2026\/03\/11\/emirdag-camili-koyundegecmiste-camilide-gercek-kombabayi-bulduk-galiba\/#primaryimage\"},\"thumbnailUrl\":\"https:\/\/avrupapress.com\/main\/wp-content\/uploads\/2026\/03\/ddd17f1c-cf58-457b-ac4b-2d1ff5d2fb7b-e1773264249708.jpg\",\"articleSection\":[\"Avrupa\",\"Bel\u00e7ika\",\"D\u00fcnya\",\"Ekonomi\",\"K\u00fclt\u00fcr-Sanat\",\"Spor\",\"Tan\u0131t\u0131m\",\"T\u00fcrkiye\",\"Uncategorized\"],\"inLanguage\":\"fr-BE\"},{\"@type\":\"WebPage\",\"@id\":\"https:\/\/avrupapress.com\/main\/2026\/03\/11\/emirdag-camili-koyundegecmiste-camilide-gercek-kombabayi-bulduk-galiba\/\",\"url\":\"https:\/\/avrupapress.com\/main\/2026\/03\/11\/emirdag-camili-koyundegecmiste-camilide-gercek-kombabayi-bulduk-galiba\/\",\"name\":\"EMIRDAG CAM\u0130L\u0130 K\u00d6Y\u00dcN'DEGE\u00c7M\u0130\u015eTE CAM\u0130L\u0130'DE GER\u00c7EK KOMBABAYI BULDUK GAL\u0130BA - AvrupaPress\",\"isPartOf\":{\"@id\":\"https:\/\/avrupapress.com\/#website\"},\"primaryImageOfPage\":{\"@id\":\"https:\/\/avrupapress.com\/main\/2026\/03\/11\/emirdag-camili-koyundegecmiste-camilide-gercek-kombabayi-bulduk-galiba\/#primaryimage\"},\"image\":{\"@id\":\"https:\/\/avrupapress.com\/main\/2026\/03\/11\/emirdag-camili-koyundegecmiste-camilide-gercek-kombabayi-bulduk-galiba\/#primaryimage\"},\"thumbnailUrl\":\"https:\/\/avrupapress.com\/main\/wp-content\/uploads\/2026\/03\/ddd17f1c-cf58-457b-ac4b-2d1ff5d2fb7b-e1773264249708.jpg\",\"datePublished\":\"2026-03-11T21:23:08+00:00\",\"dateModified\":\"2026-03-11T21:24:16+00:00\",\"breadcrumb\":{\"@id\":\"https:\/\/avrupapress.com\/main\/2026\/03\/11\/emirdag-camili-koyundegecmiste-camilide-gercek-kombabayi-bulduk-galiba\/#breadcrumb\"},\"inLanguage\":\"fr-BE\",\"potentialAction\":[{\"@type\":\"ReadAction\",\"target\":[\"https:\/\/avrupapress.com\/main\/2026\/03\/11\/emirdag-camili-koyundegecmiste-camilide-gercek-kombabayi-bulduk-galiba\/\"]}]},{\"@type\":\"ImageObject\",\"inLanguage\":\"fr-BE\",\"@id\":\"https:\/\/avrupapress.com\/main\/2026\/03\/11\/emirdag-camili-koyundegecmiste-camilide-gercek-kombabayi-bulduk-galiba\/#primaryimage\",\"url\":\"https:\/\/avrupapress.com\/main\/wp-content\/uploads\/2026\/03\/ddd17f1c-cf58-457b-ac4b-2d1ff5d2fb7b-e1773264249708.jpg\",\"contentUrl\":\"https:\/\/avrupapress.com\/main\/wp-content\/uploads\/2026\/03\/ddd17f1c-cf58-457b-ac4b-2d1ff5d2fb7b-e1773264249708.jpg\",\"width\":750,\"height\":587},{\"@type\":\"BreadcrumbList\",\"@id\":\"https:\/\/avrupapress.com\/main\/2026\/03\/11\/emirdag-camili-koyundegecmiste-camilide-gercek-kombabayi-bulduk-galiba\/#breadcrumb\",\"itemListElement\":[{\"@type\":\"ListItem\",\"position\":1,\"name\":\"Anasayfa\",\"item\":\"https:\/\/avrupapress.com\/\"},{\"@type\":\"ListItem\",\"position\":2,\"name\":\"EMIRDAG CAM\u0130L\u0130 K\u00d6Y\u00dcN&#8217;DEGE\u00c7M\u0130\u015eTE CAM\u0130L\u0130&#8217;DE GER\u00c7EK KOMBABAYI BULDUK GAL\u0130BA\"}]},{\"@type\":\"WebSite\",\"@id\":\"https:\/\/avrupapress.com\/#website\",\"url\":\"https:\/\/avrupapress.com\/\",\"name\":\"AvrupaPress\",\"description\":\"Haberin Adresi\",\"publisher\":{\"@id\":\"https:\/\/avrupapress.com\/#\/schema\/person\/0223dca19c72c43575bf30d1a2d8f4fa\"},\"potentialAction\":[{\"@type\":\"SearchAction\",\"target\":{\"@type\":\"EntryPoint\",\"urlTemplate\":\"https:\/\/avrupapress.com\/?s={search_term_string}\"},\"query-input\":{\"@type\":\"PropertyValueSpecification\",\"valueRequired\":true,\"valueName\":\"search_term_string\"}}],\"inLanguage\":\"fr-BE\"},{\"@type\":[\"Person\",\"Organization\"],\"@id\":\"https:\/\/avrupapress.com\/#\/schema\/person\/0223dca19c72c43575bf30d1a2d8f4fa\",\"name\":\"Bilgin \u00d6z\u00e7ift\u00e7i\",\"image\":{\"@type\":\"ImageObject\",\"inLanguage\":\"fr-BE\",\"@id\":\"https:\/\/avrupapress.com\/#\/schema\/person\/image\/\",\"url\":\"https:\/\/secure.gravatar.com\/avatar\/0f23b280433a21e1ea7a0adcc46ed0ad16afe3ad8e630fd13d8a017dcbd54ef3?s=96&d=mm&r=g\",\"contentUrl\":\"https:\/\/secure.gravatar.com\/avatar\/0f23b280433a21e1ea7a0adcc46ed0ad16afe3ad8e630fd13d8a017dcbd54ef3?s=96&d=mm&r=g\",\"caption\":\"Bilgin \u00d6z\u00e7ift\u00e7i\"},\"logo\":{\"@id\":\"https:\/\/avrupapress.com\/#\/schema\/person\/image\/\"},\"description\":\"Ne ben, nede sen... Biz ancak \\\"biz\\\" olursak g\u00fc\u00e7l\u00fc olabiliriz\"},{\"@type\":\"Person\",\"@id\":\"https:\/\/avrupapress.com\/#\/schema\/person\/68428444ec60970d1e1b700cf4ca1e8f\",\"name\":\"Edit\u00f6r\",\"image\":{\"@type\":\"ImageObject\",\"inLanguage\":\"fr-BE\",\"@id\":\"https:\/\/avrupapress.com\/#\/schema\/person\/image\/\",\"url\":\"https:\/\/secure.gravatar.com\/avatar\/74996b0977aa5f1559ba9883776652508b229005c0d78fb2597897f0bd651c09?s=96&d=mm&r=g\",\"contentUrl\":\"https:\/\/secure.gravatar.com\/avatar\/74996b0977aa5f1559ba9883776652508b229005c0d78fb2597897f0bd651c09?s=96&d=mm&r=g\",\"caption\":\"Edit\u00f6r\"},\"sameAs\":[\"http:\/\/www.avrupapress.com\"],\"url\":\"https:\/\/avrupapress.com\/main\/author\/editor\/\"}]}<\/script>\n<!-- \/ Yoast SEO plugin. -->","yoast_head_json":{"title":"EMIRDAG CAM\u0130L\u0130 K\u00d6Y\u00dcN'DEGE\u00c7M\u0130\u015eTE CAM\u0130L\u0130'DE GER\u00c7EK KOMBABAYI BULDUK GAL\u0130BA - AvrupaPress","robots":{"index":"index","follow":"follow","max-snippet":"max-snippet:-1","max-image-preview":"max-image-preview:large","max-video-preview":"max-video-preview:-1"},"canonical":"https:\/\/avrupapress.com\/main\/2026\/03\/11\/emirdag-camili-koyundegecmiste-camilide-gercek-kombabayi-bulduk-galiba\/","og_locale":"fr_FR","og_type":"article","og_title":"EMIRDAG CAM\u0130L\u0130 K\u00d6Y\u00dcN'DEGE\u00c7M\u0130\u015eTE CAM\u0130L\u0130'DE GER\u00c7EK KOMBABAYI BULDUK GAL\u0130BA - AvrupaPress","og_description":"GE\u00c7M\u0130\u015eTE CAM\u0130L\u0130&rsquo;DE\u00a0 GER\u00c7EK KOMBABAYI BULDUK GAL\u0130BA \u00a0 \u00a0Sivrihisar da\u011flar\u0131n\u0131n devam\u0131nda ki da\u011flar mitolojide ARAY\u0130T da\u011f\u0131 olarak ge\u00e7er. \u0130nan\u0131\u015fa g\u00f6re Bereket tanr\u0131\u00e7as\u0131 K\u0130BELE bu da\u011f\u0131n zirvesinde oturur ovay\u0131 kutsay\u0131p bereketlendirirmi\u015f. Heykellerinde Kibele bir tahta oturarak tasvir edilmi\u015ftir. KUBABA ismiyle de an\u0131lmaktad\u0131r. \u00a0 \u00a0 Y\u00f6remizde \u00a0 KUBABA ismi zamanla \u00a0KOMBABA ya d\u00f6n\u00fc\u015fm\u00fc\u015f, evden \u00e7\u0131kmayan, s\u00fcrekli evde oturanlara [&hellip;]","og_url":"https:\/\/avrupapress.com\/main\/2026\/03\/11\/emirdag-camili-koyundegecmiste-camilide-gercek-kombabayi-bulduk-galiba\/","og_site_name":"AvrupaPress","article_published_time":"2026-03-11T21:23:08+00:00","article_modified_time":"2026-03-11T21:24:16+00:00","og_image":[{"width":750,"height":587,"url":"https:\/\/avrupapress.com\/main\/wp-content\/uploads\/2026\/03\/ddd17f1c-cf58-457b-ac4b-2d1ff5d2fb7b-e1773264249708.jpg","type":"image\/jpeg"}],"author":"Edit\u00f6r","twitter_card":"summary_large_image","twitter_misc":{"\u00c9crit par":"Edit\u00f6r","Dur\u00e9e de lecture est.":"1 minute"},"schema":{"@context":"https:\/\/schema.org","@graph":[{"@type":"Article","@id":"https:\/\/avrupapress.com\/main\/2026\/03\/11\/emirdag-camili-koyundegecmiste-camilide-gercek-kombabayi-bulduk-galiba\/#article","isPartOf":{"@id":"https:\/\/avrupapress.com\/main\/2026\/03\/11\/emirdag-camili-koyundegecmiste-camilide-gercek-kombabayi-bulduk-galiba\/"},"author":{"name":"Edit\u00f6r","@id":"https:\/\/avrupapress.com\/#\/schema\/person\/68428444ec60970d1e1b700cf4ca1e8f"},"headline":"EMIRDAG CAM\u0130L\u0130 K\u00d6Y\u00dcN&rsquo;DEGE\u00c7M\u0130\u015eTE CAM\u0130L\u0130&rsquo;DE GER\u00c7EK KOMBABAYI BULDUK GAL\u0130BA","datePublished":"2026-03-11T21:23:08+00:00","dateModified":"2026-03-11T21:24:16+00:00","mainEntityOfPage":{"@id":"https:\/\/avrupapress.com\/main\/2026\/03\/11\/emirdag-camili-koyundegecmiste-camilide-gercek-kombabayi-bulduk-galiba\/"},"wordCount":146,"publisher":{"@id":"https:\/\/avrupapress.com\/#\/schema\/person\/0223dca19c72c43575bf30d1a2d8f4fa"},"image":{"@id":"https:\/\/avrupapress.com\/main\/2026\/03\/11\/emirdag-camili-koyundegecmiste-camilide-gercek-kombabayi-bulduk-galiba\/#primaryimage"},"thumbnailUrl":"https:\/\/avrupapress.com\/main\/wp-content\/uploads\/2026\/03\/ddd17f1c-cf58-457b-ac4b-2d1ff5d2fb7b-e1773264249708.jpg","articleSection":["Avrupa","Bel\u00e7ika","D\u00fcnya","Ekonomi","K\u00fclt\u00fcr-Sanat","Spor","Tan\u0131t\u0131m","T\u00fcrkiye","Uncategorized"],"inLanguage":"fr-BE"},{"@type":"WebPage","@id":"https:\/\/avrupapress.com\/main\/2026\/03\/11\/emirdag-camili-koyundegecmiste-camilide-gercek-kombabayi-bulduk-galiba\/","url":"https:\/\/avrupapress.com\/main\/2026\/03\/11\/emirdag-camili-koyundegecmiste-camilide-gercek-kombabayi-bulduk-galiba\/","name":"EMIRDAG CAM\u0130L\u0130 K\u00d6Y\u00dcN'DEGE\u00c7M\u0130\u015eTE CAM\u0130L\u0130'DE GER\u00c7EK KOMBABAYI BULDUK GAL\u0130BA - AvrupaPress","isPartOf":{"@id":"https:\/\/avrupapress.com\/#website"},"primaryImageOfPage":{"@id":"https:\/\/avrupapress.com\/main\/2026\/03\/11\/emirdag-camili-koyundegecmiste-camilide-gercek-kombabayi-bulduk-galiba\/#primaryimage"},"image":{"@id":"https:\/\/avrupapress.com\/main\/2026\/03\/11\/emirdag-camili-koyundegecmiste-camilide-gercek-kombabayi-bulduk-galiba\/#primaryimage"},"thumbnailUrl":"https:\/\/avrupapress.com\/main\/wp-content\/uploads\/2026\/03\/ddd17f1c-cf58-457b-ac4b-2d1ff5d2fb7b-e1773264249708.jpg","datePublished":"2026-03-11T21:23:08+00:00","dateModified":"2026-03-11T21:24:16+00:00","breadcrumb":{"@id":"https:\/\/avrupapress.com\/main\/2026\/03\/11\/emirdag-camili-koyundegecmiste-camilide-gercek-kombabayi-bulduk-galiba\/#breadcrumb"},"inLanguage":"fr-BE","potentialAction":[{"@type":"ReadAction","target":["https:\/\/avrupapress.com\/main\/2026\/03\/11\/emirdag-camili-koyundegecmiste-camilide-gercek-kombabayi-bulduk-galiba\/"]}]},{"@type":"ImageObject","inLanguage":"fr-BE","@id":"https:\/\/avrupapress.com\/main\/2026\/03\/11\/emirdag-camili-koyundegecmiste-camilide-gercek-kombabayi-bulduk-galiba\/#primaryimage","url":"https:\/\/avrupapress.com\/main\/wp-content\/uploads\/2026\/03\/ddd17f1c-cf58-457b-ac4b-2d1ff5d2fb7b-e1773264249708.jpg","contentUrl":"https:\/\/avrupapress.com\/main\/wp-content\/uploads\/2026\/03\/ddd17f1c-cf58-457b-ac4b-2d1ff5d2fb7b-e1773264249708.jpg","width":750,"height":587},{"@type":"BreadcrumbList","@id":"https:\/\/avrupapress.com\/main\/2026\/03\/11\/emirdag-camili-koyundegecmiste-camilide-gercek-kombabayi-bulduk-galiba\/#breadcrumb","itemListElement":[{"@type":"ListItem","position":1,"name":"Anasayfa","item":"https:\/\/avrupapress.com\/"},{"@type":"ListItem","position":2,"name":"EMIRDAG CAM\u0130L\u0130 K\u00d6Y\u00dcN&#8217;DEGE\u00c7M\u0130\u015eTE CAM\u0130L\u0130&#8217;DE GER\u00c7EK KOMBABAYI BULDUK GAL\u0130BA"}]},{"@type":"WebSite","@id":"https:\/\/avrupapress.com\/#website","url":"https:\/\/avrupapress.com\/","name":"AvrupaPress","description":"Haberin Adresi","publisher":{"@id":"https:\/\/avrupapress.com\/#\/schema\/person\/0223dca19c72c43575bf30d1a2d8f4fa"},"potentialAction":[{"@type":"SearchAction","target":{"@type":"EntryPoint","urlTemplate":"https:\/\/avrupapress.com\/?s={search_term_string}"},"query-input":{"@type":"PropertyValueSpecification","valueRequired":true,"valueName":"search_term_string"}}],"inLanguage":"fr-BE"},{"@type":["Person","Organization"],"@id":"https:\/\/avrupapress.com\/#\/schema\/person\/0223dca19c72c43575bf30d1a2d8f4fa","name":"Bilgin \u00d6z\u00e7ift\u00e7i","image":{"@type":"ImageObject","inLanguage":"fr-BE","@id":"https:\/\/avrupapress.com\/#\/schema\/person\/image\/","url":"https:\/\/secure.gravatar.com\/avatar\/0f23b280433a21e1ea7a0adcc46ed0ad16afe3ad8e630fd13d8a017dcbd54ef3?s=96&d=mm&r=g","contentUrl":"https:\/\/secure.gravatar.com\/avatar\/0f23b280433a21e1ea7a0adcc46ed0ad16afe3ad8e630fd13d8a017dcbd54ef3?s=96&d=mm&r=g","caption":"Bilgin \u00d6z\u00e7ift\u00e7i"},"logo":{"@id":"https:\/\/avrupapress.com\/#\/schema\/person\/image\/"},"description":"Ne ben, nede sen... Biz ancak \"biz\" olursak g\u00fc\u00e7l\u00fc olabiliriz"},{"@type":"Person","@id":"https:\/\/avrupapress.com\/#\/schema\/person\/68428444ec60970d1e1b700cf4ca1e8f","name":"Edit\u00f6r","image":{"@type":"ImageObject","inLanguage":"fr-BE","@id":"https:\/\/avrupapress.com\/#\/schema\/person\/image\/","url":"https:\/\/secure.gravatar.com\/avatar\/74996b0977aa5f1559ba9883776652508b229005c0d78fb2597897f0bd651c09?s=96&d=mm&r=g","contentUrl":"https:\/\/secure.gravatar.com\/avatar\/74996b0977aa5f1559ba9883776652508b229005c0d78fb2597897f0bd651c09?s=96&d=mm&r=g","caption":"Edit\u00f6r"},"sameAs":["http:\/\/www.avrupapress.com"],"url":"https:\/\/avrupapress.com\/main\/author\/editor\/"}]}},"_links":{"self":[{"href":"https:\/\/avrupapress.com\/main\/wp-json\/wp\/v2\/posts\/33574","targetHints":{"allow":["GET"]}}],"collection":[{"href":"https:\/\/avrupapress.com\/main\/wp-json\/wp\/v2\/posts"}],"about":[{"href":"https:\/\/avrupapress.com\/main\/wp-json\/wp\/v2\/types\/post"}],"author":[{"embeddable":true,"href":"https:\/\/avrupapress.com\/main\/wp-json\/wp\/v2\/users\/3"}],"replies":[{"embeddable":true,"href":"https:\/\/avrupapress.com\/main\/wp-json\/wp\/v2\/comments?post=33574"}],"version-history":[{"count":1,"href":"https:\/\/avrupapress.com\/main\/wp-json\/wp\/v2\/posts\/33574\/revisions"}],"predecessor-version":[{"id":33577,"href":"https:\/\/avrupapress.com\/main\/wp-json\/wp\/v2\/posts\/33574\/revisions\/33577"}],"wp:featuredmedia":[{"embeddable":true,"href":"https:\/\/avrupapress.com\/main\/wp-json\/wp\/v2\/media\/33575"}],"wp:attachment":[{"href":"https:\/\/avrupapress.com\/main\/wp-json\/wp\/v2\/media?parent=33574"}],"wp:term":[{"taxonomy":"category","embeddable":true,"href":"https:\/\/avrupapress.com\/main\/wp-json\/wp\/v2\/categories?post=33574"},{"taxonomy":"post_tag","embeddable":true,"href":"https:\/\/avrupapress.com\/main\/wp-json\/wp\/v2\/tags?post=33574"}],"curies":[{"name":"wp","href":"https:\/\/api.w.org\/{rel}","templated":true}]}}