{"id":33568,"date":"2026-03-11T20:53:08","date_gmt":"2026-03-11T20:53:08","guid":{"rendered":"https:\/\/avrupapress.com\/main\/?p=33568"},"modified":"2026-03-11T20:54:29","modified_gmt":"2026-03-11T20:54:29","slug":"kara-huseyin-cetesi","status":"publish","type":"post","link":"https:\/\/avrupapress.com\/main\/2026\/03\/11\/kara-huseyin-cetesi\/","title":{"rendered":"KARA H\u00dcSEY\u0130N \u00c7ETES\u0130"},"content":{"rendered":"<p>KARA H\u00dcSEY\u0130N \u00c7ETES\u0130 -5<\/p>\n<p>Jandarma Komutan\u0131 Ali Faik Bey verilen s\u00f6ze uymam\u0131\u015f ve Kara H\u00fcseyin\u2019e pusu kurmu\u015ftur. Kara H\u00fcseyin ve beraberindekiler k\u00f6y giri\u015fine geldiklerinde k\u00f6yde bir tuhafl\u0131k oldu\u011funu hissetmi\u015flerdir. \u00d6\u011fle vakti olmas\u0131na ra\u011fmen etrafta hi\u00e7 kimse yoktur.<br \/>\nKoca Mustafa durumu hemen fark ederek havaya birka\u00e7 el ate\u015f etmi\u015f ama sessizlik yine bozulmam\u0131\u015ft\u0131r. Bu arada bir \u00e7ocuk k\u00f6yde jandarman\u0131n kendilerine pusu kurdu\u011funu s\u00f6ylemi\u015ftir. Kara H\u00fcseyin yan\u0131ndakilere ikiye ayr\u0131larak k\u00f6y\u00fcn \u00e7\u0131k\u0131\u015f\u0131ndaki bo\u011faz\u0131 arkadan<br \/>\nku\u015fatmalar\u0131 talimat\u0131n\u0131 vermi\u015ftir . Seydi A\u011fa ve \u00c7erkez Mehmet b\u00fcy\u00fck bir \u015fa\u015fk\u0131nl\u0131kla ka\u00e7maya ba\u015flam\u0131\u015ft\u0131r. Seydi A\u011fa \u00e7eteciler taraf\u0131ndan vurulmu\u015ftur. Afyonkarahisar hastanesine g\u00f6t\u00fcr\u00fcl\u00fcrken 31 Aral\u0131k 1919 tarihinde yolda hayat\u0131n\u0131 kaybetmi\u015ftir. \u00c7erkez Mehmet ise Demir\u00e7ili K\u00f6y\u00fc\u2019ne gelip bir evin y\u00fckl\u00fc\u011f\u00fcne saklanarak hayat\u0131n\u0131 kurtarm\u0131\u015ft\u0131r. Epeyce bir asker Kara H\u00fcseyin taraf\u0131ndan esir al\u0131narak Karacalar K\u00f6y\u00fc camisine doldurulmu\u015ftur. Jandarma komutan\u0131 Ali Faik, 10 kadar jandarma ile Davulga-Hamzahac\u0131l\u0131 y\u00f6n\u00fcnden dola\u015farak Aziziye\u2019ye gelmi\u015ftir. Bu olay, Mill\u00ee M\u00fccadele kar\u015f\u0131t\u0131 ba\u015fkald\u0131rma emaresi olarak g\u00f6r\u00fclmeye ba\u015flam\u0131\u015ft\u0131r. B\u00f6lgeyi e\u015fk\u0131ya ve \u00e7etelerden temizleyece\u011fim diye s\u00f6z veren Arif Bey\u2019in otoritesini de iyiden iyiye sarsm\u0131\u015ft\u0131r .<br \/>\nHabibe KALAYCI, M\u0130LL\u0130 M\u00dcCADELE D\u00d6NEM\u0130\u2019NDE AFYONKARAH\u0130SAR\u2019DA ASAY\u0130\u015e (1919-1923) s.51-59<\/p>\n<p>&nbsp;<\/p>\n<p><strong>Ahmet Urfali\u00a0 \u00a0 \u00a0 \u00a0 \u00a0 \/\u00a0 \u00a0 \u00a0 \u00a0 AVRUPAPRESS<\/strong><\/p>\n","protected":false},"excerpt":{"rendered":"<p>KARA H\u00dcSEY\u0130N \u00c7ETES\u0130 -5 Jandarma Komutan\u0131 Ali Faik Bey verilen s\u00f6ze uymam\u0131\u015f ve Kara H\u00fcseyin\u2019e pusu kurmu\u015ftur. Kara H\u00fcseyin ve beraberindekiler k\u00f6y giri\u015fine geldiklerinde k\u00f6yde bir tuhafl\u0131k oldu\u011funu hissetmi\u015flerdir. \u00d6\u011fle vakti olmas\u0131na ra\u011fmen etrafta hi\u00e7 kimse yoktur. Koca Mustafa durumu hemen fark ederek havaya birka\u00e7 el ate\u015f etmi\u015f ama sessizlik yine bozulmam\u0131\u015ft\u0131r. Bu arada bir [&hellip;]<\/p>\n","protected":false},"author":3,"featured_media":33471,"comment_status":"closed","ping_status":"open","sticky":false,"template":"","format":"standard","meta":{"footnotes":""},"categories":[14,16,3,17,18,15,19,2,1],"tags":[],"class_list":["post-33568","post","type-post","status-publish","format-standard","has-post-thumbnail","hentry","category-avrupa","category-belcika","category-dunya","category-ekonomi","category-kultur-sanat","category-spor","category-tanitim","category-turkiye","category-uncategorized"],"yoast_head":"<!-- This site is optimized with the Yoast SEO plugin v26.9 - https:\/\/yoast.com\/product\/yoast-seo-wordpress\/ -->\n<title>KARA H\u00dcSEY\u0130N \u00c7ETES\u0130 - AvrupaPress<\/title>\n<meta name=\"robots\" content=\"index, follow, max-snippet:-1, max-image-preview:large, max-video-preview:-1\" \/>\n<link rel=\"canonical\" href=\"https:\/\/avrupapress.com\/main\/2026\/03\/11\/kara-huseyin-cetesi\/\" \/>\n<meta property=\"og:locale\" content=\"fr_FR\" \/>\n<meta property=\"og:type\" content=\"article\" \/>\n<meta property=\"og:title\" content=\"KARA H\u00dcSEY\u0130N \u00c7ETES\u0130 - AvrupaPress\" \/>\n<meta property=\"og:description\" content=\"KARA H\u00dcSEY\u0130N \u00c7ETES\u0130 -5 Jandarma Komutan\u0131 Ali Faik Bey verilen s\u00f6ze uymam\u0131\u015f ve Kara H\u00fcseyin\u2019e pusu kurmu\u015ftur. Kara H\u00fcseyin ve beraberindekiler k\u00f6y giri\u015fine geldiklerinde k\u00f6yde bir tuhafl\u0131k oldu\u011funu hissetmi\u015flerdir. \u00d6\u011fle vakti olmas\u0131na ra\u011fmen etrafta hi\u00e7 kimse yoktur. Koca Mustafa durumu hemen fark ederek havaya birka\u00e7 el ate\u015f etmi\u015f ama sessizlik yine bozulmam\u0131\u015ft\u0131r. Bu arada bir [&hellip;]\" \/>\n<meta property=\"og:url\" content=\"https:\/\/avrupapress.com\/main\/2026\/03\/11\/kara-huseyin-cetesi\/\" \/>\n<meta property=\"og:site_name\" content=\"AvrupaPress\" \/>\n<meta property=\"article:published_time\" content=\"2026-03-11T20:53:08+00:00\" \/>\n<meta property=\"article:modified_time\" content=\"2026-03-11T20:54:29+00:00\" \/>\n<meta property=\"og:image\" content=\"https:\/\/avrupapress.com\/main\/wp-content\/uploads\/2026\/03\/thumbnail_IMG-20240513-WA0009-e1716579599655-506x420-1.jpg\" \/>\n\t<meta property=\"og:image:width\" content=\"506\" \/>\n\t<meta property=\"og:image:height\" content=\"420\" \/>\n\t<meta property=\"og:image:type\" content=\"image\/jpeg\" \/>\n<meta name=\"author\" content=\"Edit\u00f6r\" \/>\n<meta name=\"twitter:card\" content=\"summary_large_image\" \/>\n<meta name=\"twitter:label1\" content=\"\u00c9crit par\" \/>\n\t<meta name=\"twitter:data1\" content=\"Edit\u00f6r\" \/>\n\t<meta name=\"twitter:label2\" content=\"Dur\u00e9e de lecture est.\" \/>\n\t<meta name=\"twitter:data2\" content=\"2 minutes\" \/>\n<script type=\"application\/ld+json\" class=\"yoast-schema-graph\">{\"@context\":\"https:\/\/schema.org\",\"@graph\":[{\"@type\":\"Article\",\"@id\":\"https:\/\/avrupapress.com\/main\/2026\/03\/11\/kara-huseyin-cetesi\/#article\",\"isPartOf\":{\"@id\":\"https:\/\/avrupapress.com\/main\/2026\/03\/11\/kara-huseyin-cetesi\/\"},\"author\":{\"name\":\"Edit\u00f6r\",\"@id\":\"https:\/\/avrupapress.com\/#\/schema\/person\/68428444ec60970d1e1b700cf4ca1e8f\"},\"headline\":\"KARA H\u00dcSEY\u0130N \u00c7ETES\u0130\",\"datePublished\":\"2026-03-11T20:53:08+00:00\",\"dateModified\":\"2026-03-11T20:54:29+00:00\",\"mainEntityOfPage\":{\"@id\":\"https:\/\/avrupapress.com\/main\/2026\/03\/11\/kara-huseyin-cetesi\/\"},\"wordCount\":271,\"publisher\":{\"@id\":\"https:\/\/avrupapress.com\/#\/schema\/person\/0223dca19c72c43575bf30d1a2d8f4fa\"},\"image\":{\"@id\":\"https:\/\/avrupapress.com\/main\/2026\/03\/11\/kara-huseyin-cetesi\/#primaryimage\"},\"thumbnailUrl\":\"https:\/\/avrupapress.com\/main\/wp-content\/uploads\/2026\/03\/thumbnail_IMG-20240513-WA0009-e1716579599655-506x420-1.jpg\",\"articleSection\":[\"Avrupa\",\"Bel\u00e7ika\",\"D\u00fcnya\",\"Ekonomi\",\"K\u00fclt\u00fcr-Sanat\",\"Spor\",\"Tan\u0131t\u0131m\",\"T\u00fcrkiye\",\"Uncategorized\"],\"inLanguage\":\"fr-BE\"},{\"@type\":\"WebPage\",\"@id\":\"https:\/\/avrupapress.com\/main\/2026\/03\/11\/kara-huseyin-cetesi\/\",\"url\":\"https:\/\/avrupapress.com\/main\/2026\/03\/11\/kara-huseyin-cetesi\/\",\"name\":\"KARA H\u00dcSEY\u0130N \u00c7ETES\u0130 - AvrupaPress\",\"isPartOf\":{\"@id\":\"https:\/\/avrupapress.com\/#website\"},\"primaryImageOfPage\":{\"@id\":\"https:\/\/avrupapress.com\/main\/2026\/03\/11\/kara-huseyin-cetesi\/#primaryimage\"},\"image\":{\"@id\":\"https:\/\/avrupapress.com\/main\/2026\/03\/11\/kara-huseyin-cetesi\/#primaryimage\"},\"thumbnailUrl\":\"https:\/\/avrupapress.com\/main\/wp-content\/uploads\/2026\/03\/thumbnail_IMG-20240513-WA0009-e1716579599655-506x420-1.jpg\",\"datePublished\":\"2026-03-11T20:53:08+00:00\",\"dateModified\":\"2026-03-11T20:54:29+00:00\",\"breadcrumb\":{\"@id\":\"https:\/\/avrupapress.com\/main\/2026\/03\/11\/kara-huseyin-cetesi\/#breadcrumb\"},\"inLanguage\":\"fr-BE\",\"potentialAction\":[{\"@type\":\"ReadAction\",\"target\":[\"https:\/\/avrupapress.com\/main\/2026\/03\/11\/kara-huseyin-cetesi\/\"]}]},{\"@type\":\"ImageObject\",\"inLanguage\":\"fr-BE\",\"@id\":\"https:\/\/avrupapress.com\/main\/2026\/03\/11\/kara-huseyin-cetesi\/#primaryimage\",\"url\":\"https:\/\/avrupapress.com\/main\/wp-content\/uploads\/2026\/03\/thumbnail_IMG-20240513-WA0009-e1716579599655-506x420-1.jpg\",\"contentUrl\":\"https:\/\/avrupapress.com\/main\/wp-content\/uploads\/2026\/03\/thumbnail_IMG-20240513-WA0009-e1716579599655-506x420-1.jpg\",\"width\":506,\"height\":420},{\"@type\":\"BreadcrumbList\",\"@id\":\"https:\/\/avrupapress.com\/main\/2026\/03\/11\/kara-huseyin-cetesi\/#breadcrumb\",\"itemListElement\":[{\"@type\":\"ListItem\",\"position\":1,\"name\":\"Anasayfa\",\"item\":\"https:\/\/avrupapress.com\/\"},{\"@type\":\"ListItem\",\"position\":2,\"name\":\"KARA H\u00dcSEY\u0130N \u00c7ETES\u0130\"}]},{\"@type\":\"WebSite\",\"@id\":\"https:\/\/avrupapress.com\/#website\",\"url\":\"https:\/\/avrupapress.com\/\",\"name\":\"AvrupaPress\",\"description\":\"Haberin Adresi\",\"publisher\":{\"@id\":\"https:\/\/avrupapress.com\/#\/schema\/person\/0223dca19c72c43575bf30d1a2d8f4fa\"},\"potentialAction\":[{\"@type\":\"SearchAction\",\"target\":{\"@type\":\"EntryPoint\",\"urlTemplate\":\"https:\/\/avrupapress.com\/?s={search_term_string}\"},\"query-input\":{\"@type\":\"PropertyValueSpecification\",\"valueRequired\":true,\"valueName\":\"search_term_string\"}}],\"inLanguage\":\"fr-BE\"},{\"@type\":[\"Person\",\"Organization\"],\"@id\":\"https:\/\/avrupapress.com\/#\/schema\/person\/0223dca19c72c43575bf30d1a2d8f4fa\",\"name\":\"Bilgin \u00d6z\u00e7ift\u00e7i\",\"image\":{\"@type\":\"ImageObject\",\"inLanguage\":\"fr-BE\",\"@id\":\"https:\/\/avrupapress.com\/#\/schema\/person\/image\/\",\"url\":\"https:\/\/secure.gravatar.com\/avatar\/0f23b280433a21e1ea7a0adcc46ed0ad16afe3ad8e630fd13d8a017dcbd54ef3?s=96&d=mm&r=g\",\"contentUrl\":\"https:\/\/secure.gravatar.com\/avatar\/0f23b280433a21e1ea7a0adcc46ed0ad16afe3ad8e630fd13d8a017dcbd54ef3?s=96&d=mm&r=g\",\"caption\":\"Bilgin \u00d6z\u00e7ift\u00e7i\"},\"logo\":{\"@id\":\"https:\/\/avrupapress.com\/#\/schema\/person\/image\/\"},\"description\":\"Ne ben, nede sen... Biz ancak \\\"biz\\\" olursak g\u00fc\u00e7l\u00fc olabiliriz\"},{\"@type\":\"Person\",\"@id\":\"https:\/\/avrupapress.com\/#\/schema\/person\/68428444ec60970d1e1b700cf4ca1e8f\",\"name\":\"Edit\u00f6r\",\"image\":{\"@type\":\"ImageObject\",\"inLanguage\":\"fr-BE\",\"@id\":\"https:\/\/avrupapress.com\/#\/schema\/person\/image\/\",\"url\":\"https:\/\/secure.gravatar.com\/avatar\/74996b0977aa5f1559ba9883776652508b229005c0d78fb2597897f0bd651c09?s=96&d=mm&r=g\",\"contentUrl\":\"https:\/\/secure.gravatar.com\/avatar\/74996b0977aa5f1559ba9883776652508b229005c0d78fb2597897f0bd651c09?s=96&d=mm&r=g\",\"caption\":\"Edit\u00f6r\"},\"sameAs\":[\"http:\/\/www.avrupapress.com\"],\"url\":\"https:\/\/avrupapress.com\/main\/author\/editor\/\"}]}<\/script>\n<!-- \/ Yoast SEO plugin. -->","yoast_head_json":{"title":"KARA H\u00dcSEY\u0130N \u00c7ETES\u0130 - AvrupaPress","robots":{"index":"index","follow":"follow","max-snippet":"max-snippet:-1","max-image-preview":"max-image-preview:large","max-video-preview":"max-video-preview:-1"},"canonical":"https:\/\/avrupapress.com\/main\/2026\/03\/11\/kara-huseyin-cetesi\/","og_locale":"fr_FR","og_type":"article","og_title":"KARA H\u00dcSEY\u0130N \u00c7ETES\u0130 - AvrupaPress","og_description":"KARA H\u00dcSEY\u0130N \u00c7ETES\u0130 -5 Jandarma Komutan\u0131 Ali Faik Bey verilen s\u00f6ze uymam\u0131\u015f ve Kara H\u00fcseyin\u2019e pusu kurmu\u015ftur. Kara H\u00fcseyin ve beraberindekiler k\u00f6y giri\u015fine geldiklerinde k\u00f6yde bir tuhafl\u0131k oldu\u011funu hissetmi\u015flerdir. \u00d6\u011fle vakti olmas\u0131na ra\u011fmen etrafta hi\u00e7 kimse yoktur. Koca Mustafa durumu hemen fark ederek havaya birka\u00e7 el ate\u015f etmi\u015f ama sessizlik yine bozulmam\u0131\u015ft\u0131r. Bu arada bir [&hellip;]","og_url":"https:\/\/avrupapress.com\/main\/2026\/03\/11\/kara-huseyin-cetesi\/","og_site_name":"AvrupaPress","article_published_time":"2026-03-11T20:53:08+00:00","article_modified_time":"2026-03-11T20:54:29+00:00","og_image":[{"width":506,"height":420,"url":"https:\/\/avrupapress.com\/main\/wp-content\/uploads\/2026\/03\/thumbnail_IMG-20240513-WA0009-e1716579599655-506x420-1.jpg","type":"image\/jpeg"}],"author":"Edit\u00f6r","twitter_card":"summary_large_image","twitter_misc":{"\u00c9crit par":"Edit\u00f6r","Dur\u00e9e de lecture est.":"2 minutes"},"schema":{"@context":"https:\/\/schema.org","@graph":[{"@type":"Article","@id":"https:\/\/avrupapress.com\/main\/2026\/03\/11\/kara-huseyin-cetesi\/#article","isPartOf":{"@id":"https:\/\/avrupapress.com\/main\/2026\/03\/11\/kara-huseyin-cetesi\/"},"author":{"name":"Edit\u00f6r","@id":"https:\/\/avrupapress.com\/#\/schema\/person\/68428444ec60970d1e1b700cf4ca1e8f"},"headline":"KARA H\u00dcSEY\u0130N \u00c7ETES\u0130","datePublished":"2026-03-11T20:53:08+00:00","dateModified":"2026-03-11T20:54:29+00:00","mainEntityOfPage":{"@id":"https:\/\/avrupapress.com\/main\/2026\/03\/11\/kara-huseyin-cetesi\/"},"wordCount":271,"publisher":{"@id":"https:\/\/avrupapress.com\/#\/schema\/person\/0223dca19c72c43575bf30d1a2d8f4fa"},"image":{"@id":"https:\/\/avrupapress.com\/main\/2026\/03\/11\/kara-huseyin-cetesi\/#primaryimage"},"thumbnailUrl":"https:\/\/avrupapress.com\/main\/wp-content\/uploads\/2026\/03\/thumbnail_IMG-20240513-WA0009-e1716579599655-506x420-1.jpg","articleSection":["Avrupa","Bel\u00e7ika","D\u00fcnya","Ekonomi","K\u00fclt\u00fcr-Sanat","Spor","Tan\u0131t\u0131m","T\u00fcrkiye","Uncategorized"],"inLanguage":"fr-BE"},{"@type":"WebPage","@id":"https:\/\/avrupapress.com\/main\/2026\/03\/11\/kara-huseyin-cetesi\/","url":"https:\/\/avrupapress.com\/main\/2026\/03\/11\/kara-huseyin-cetesi\/","name":"KARA H\u00dcSEY\u0130N \u00c7ETES\u0130 - AvrupaPress","isPartOf":{"@id":"https:\/\/avrupapress.com\/#website"},"primaryImageOfPage":{"@id":"https:\/\/avrupapress.com\/main\/2026\/03\/11\/kara-huseyin-cetesi\/#primaryimage"},"image":{"@id":"https:\/\/avrupapress.com\/main\/2026\/03\/11\/kara-huseyin-cetesi\/#primaryimage"},"thumbnailUrl":"https:\/\/avrupapress.com\/main\/wp-content\/uploads\/2026\/03\/thumbnail_IMG-20240513-WA0009-e1716579599655-506x420-1.jpg","datePublished":"2026-03-11T20:53:08+00:00","dateModified":"2026-03-11T20:54:29+00:00","breadcrumb":{"@id":"https:\/\/avrupapress.com\/main\/2026\/03\/11\/kara-huseyin-cetesi\/#breadcrumb"},"inLanguage":"fr-BE","potentialAction":[{"@type":"ReadAction","target":["https:\/\/avrupapress.com\/main\/2026\/03\/11\/kara-huseyin-cetesi\/"]}]},{"@type":"ImageObject","inLanguage":"fr-BE","@id":"https:\/\/avrupapress.com\/main\/2026\/03\/11\/kara-huseyin-cetesi\/#primaryimage","url":"https:\/\/avrupapress.com\/main\/wp-content\/uploads\/2026\/03\/thumbnail_IMG-20240513-WA0009-e1716579599655-506x420-1.jpg","contentUrl":"https:\/\/avrupapress.com\/main\/wp-content\/uploads\/2026\/03\/thumbnail_IMG-20240513-WA0009-e1716579599655-506x420-1.jpg","width":506,"height":420},{"@type":"BreadcrumbList","@id":"https:\/\/avrupapress.com\/main\/2026\/03\/11\/kara-huseyin-cetesi\/#breadcrumb","itemListElement":[{"@type":"ListItem","position":1,"name":"Anasayfa","item":"https:\/\/avrupapress.com\/"},{"@type":"ListItem","position":2,"name":"KARA H\u00dcSEY\u0130N \u00c7ETES\u0130"}]},{"@type":"WebSite","@id":"https:\/\/avrupapress.com\/#website","url":"https:\/\/avrupapress.com\/","name":"AvrupaPress","description":"Haberin Adresi","publisher":{"@id":"https:\/\/avrupapress.com\/#\/schema\/person\/0223dca19c72c43575bf30d1a2d8f4fa"},"potentialAction":[{"@type":"SearchAction","target":{"@type":"EntryPoint","urlTemplate":"https:\/\/avrupapress.com\/?s={search_term_string}"},"query-input":{"@type":"PropertyValueSpecification","valueRequired":true,"valueName":"search_term_string"}}],"inLanguage":"fr-BE"},{"@type":["Person","Organization"],"@id":"https:\/\/avrupapress.com\/#\/schema\/person\/0223dca19c72c43575bf30d1a2d8f4fa","name":"Bilgin \u00d6z\u00e7ift\u00e7i","image":{"@type":"ImageObject","inLanguage":"fr-BE","@id":"https:\/\/avrupapress.com\/#\/schema\/person\/image\/","url":"https:\/\/secure.gravatar.com\/avatar\/0f23b280433a21e1ea7a0adcc46ed0ad16afe3ad8e630fd13d8a017dcbd54ef3?s=96&d=mm&r=g","contentUrl":"https:\/\/secure.gravatar.com\/avatar\/0f23b280433a21e1ea7a0adcc46ed0ad16afe3ad8e630fd13d8a017dcbd54ef3?s=96&d=mm&r=g","caption":"Bilgin \u00d6z\u00e7ift\u00e7i"},"logo":{"@id":"https:\/\/avrupapress.com\/#\/schema\/person\/image\/"},"description":"Ne ben, nede sen... Biz ancak \"biz\" olursak g\u00fc\u00e7l\u00fc olabiliriz"},{"@type":"Person","@id":"https:\/\/avrupapress.com\/#\/schema\/person\/68428444ec60970d1e1b700cf4ca1e8f","name":"Edit\u00f6r","image":{"@type":"ImageObject","inLanguage":"fr-BE","@id":"https:\/\/avrupapress.com\/#\/schema\/person\/image\/","url":"https:\/\/secure.gravatar.com\/avatar\/74996b0977aa5f1559ba9883776652508b229005c0d78fb2597897f0bd651c09?s=96&d=mm&r=g","contentUrl":"https:\/\/secure.gravatar.com\/avatar\/74996b0977aa5f1559ba9883776652508b229005c0d78fb2597897f0bd651c09?s=96&d=mm&r=g","caption":"Edit\u00f6r"},"sameAs":["http:\/\/www.avrupapress.com"],"url":"https:\/\/avrupapress.com\/main\/author\/editor\/"}]}},"_links":{"self":[{"href":"https:\/\/avrupapress.com\/main\/wp-json\/wp\/v2\/posts\/33568","targetHints":{"allow":["GET"]}}],"collection":[{"href":"https:\/\/avrupapress.com\/main\/wp-json\/wp\/v2\/posts"}],"about":[{"href":"https:\/\/avrupapress.com\/main\/wp-json\/wp\/v2\/types\/post"}],"author":[{"embeddable":true,"href":"https:\/\/avrupapress.com\/main\/wp-json\/wp\/v2\/users\/3"}],"replies":[{"embeddable":true,"href":"https:\/\/avrupapress.com\/main\/wp-json\/wp\/v2\/comments?post=33568"}],"version-history":[{"count":3,"href":"https:\/\/avrupapress.com\/main\/wp-json\/wp\/v2\/posts\/33568\/revisions"}],"predecessor-version":[{"id":33571,"href":"https:\/\/avrupapress.com\/main\/wp-json\/wp\/v2\/posts\/33568\/revisions\/33571"}],"wp:featuredmedia":[{"embeddable":true,"href":"https:\/\/avrupapress.com\/main\/wp-json\/wp\/v2\/media\/33471"}],"wp:attachment":[{"href":"https:\/\/avrupapress.com\/main\/wp-json\/wp\/v2\/media?parent=33568"}],"wp:term":[{"taxonomy":"category","embeddable":true,"href":"https:\/\/avrupapress.com\/main\/wp-json\/wp\/v2\/categories?post=33568"},{"taxonomy":"post_tag","embeddable":true,"href":"https:\/\/avrupapress.com\/main\/wp-json\/wp\/v2\/tags?post=33568"}],"curies":[{"name":"wp","href":"https:\/\/api.w.org\/{rel}","templated":true}]}}