{"id":33557,"date":"2026-03-10T17:53:15","date_gmt":"2026-03-10T17:53:15","guid":{"rendered":"https:\/\/avrupapress.com\/main\/?p=33557"},"modified":"2026-03-10T17:54:31","modified_gmt":"2026-03-10T17:54:31","slug":"emirdag-fen-lisesinde-ogrencilere-isik-kirliligi-sunumu-yapildi","status":"publish","type":"post","link":"https:\/\/avrupapress.com\/main\/2026\/03\/10\/emirdag-fen-lisesinde-ogrencilere-isik-kirliligi-sunumu-yapildi\/","title":{"rendered":"Emirda\u011f Fen Lisesi\u2019nde \u00f6\u011frencilere \u2018I\u015f\u0131k Kirlili\u011fi\u2019 sunumu yap\u0131ld\u0131"},"content":{"rendered":"<p>&nbsp;<\/p>\n<p><strong>HABER \/ FOTO\u011eRAF: ERTU\u011eRUL ALTINEL \u2013 B\u0130LG\u0130N \u00d6Z\u00c7\u0130FT\u00c7\u0130 \u2013 AVRUPA PRESS \u2013 BEL\u00c7\u0130KA.<\/strong><br \/>\nEmirda\u011f Fen Lisesi\u2019nde \u2018Liselerde Bilim Uygulamalar\u0131 (LBU)\u2019 kapsam\u0131nda dikkat \u00e7ekici bir sunum ger\u00e7ekle\u015ftirildi. Programa; Emirda\u011f \u0130l\u00e7e Mill\u00ee E\u011fitim M\u00fcd\u00fcr\u00fcm\u00fcz G\u00fcrkan Emeksiz kat\u0131ld\u0131.<\/p>\n<p>Fizik \u00d6\u011fretmeni Sibel Alt\u0131nta\u015f ve Kimya \u00d6\u011fretmeni Asl\u0131 Karata\u015f dan\u0131\u015fmanl\u0131\u011f\u0131nda 9. s\u0131n\u0131f \u00f6\u011frencileri taraf\u0131ndan haz\u0131rlanan \u2018I\u015f\u0131k Kirlili\u011fi\u2019 konulu sunum, kat\u0131l\u0131mc\u0131lar taraf\u0131ndan ilgiyle takip edildi.<br \/>\nSunumda: I\u015f\u0131k kirlili\u011finin olu\u015fma nedenleri, do\u011fa ve canl\u0131 ya\u015fam\u0131 \u00fczerindeki olumsuz etkileri, \u0131\u015f\u0131k kirlili\u011fini \u00f6nleme yollar\u0131, enerji ve ekonomi \u00fczerindeki etkileri gibi \u00f6nemli ba\u015fl\u0131klar ele al\u0131nd\u0131. \u00d6\u011frencilerin bilimsel bak\u0131\u015f a\u00e7\u0131s\u0131yla haz\u0131rlad\u0131klar\u0131 \u00e7al\u0131\u015fma, \u00e7evre bilinci ve s\u00fcrd\u00fcr\u00fclebilir ya\u015fam konusunda fark\u0131ndal\u0131k olu\u015fturdu.<\/p>\n<p>Program sonunda: Emirda\u011f \u0130l\u00e7e Mill\u00ee E\u011fitim M\u00fcd\u00fcr\u00fc G\u00fcrkan Emeksiz, \u2018\u2019Eme\u011fi ge\u00e7en \u00f6\u011fretmen ve \u00f6\u011frencileri tebrik ediyorum ve ba\u015far\u0131lar dilerim. Bu t\u00fcr bilimsel \u00e7al\u0131\u015fmalar, \u00f6\u011frencilerin ara\u015ft\u0131rma ve sorgulama becerilerini geli\u015ftirmesi a\u00e7\u0131s\u0131ndan b\u00fcy\u00fck \u00f6nem ta\u015f\u0131maktad\u0131r\u2019\u2019 dedi.<\/p>\n<p><img loading=\"lazy\" decoding=\"async\" class=\"alignnone size-medium wp-image-33558\" src=\"https:\/\/avrupapress.com\/main\/wp-content\/uploads\/2026\/03\/WhatsApp-Image-2026-03-10-at-00.52.45-ertus-111-300x225.jpeg\" alt=\"\" width=\"300\" height=\"225\" srcset=\"https:\/\/avrupapress.com\/main\/wp-content\/uploads\/2026\/03\/WhatsApp-Image-2026-03-10-at-00.52.45-ertus-111-300x225.jpeg 300w, https:\/\/avrupapress.com\/main\/wp-content\/uploads\/2026\/03\/WhatsApp-Image-2026-03-10-at-00.52.45-ertus-111-1024x768.jpeg 1024w, https:\/\/avrupapress.com\/main\/wp-content\/uploads\/2026\/03\/WhatsApp-Image-2026-03-10-at-00.52.45-ertus-111-768x576.jpeg 768w, https:\/\/avrupapress.com\/main\/wp-content\/uploads\/2026\/03\/WhatsApp-Image-2026-03-10-at-00.52.45-ertus-111-1536x1152.jpeg 1536w, https:\/\/avrupapress.com\/main\/wp-content\/uploads\/2026\/03\/WhatsApp-Image-2026-03-10-at-00.52.45-ertus-111.jpeg 1600w\" sizes=\"auto, (max-width: 300px) 100vw, 300px\" \/><\/p>\n<p><img loading=\"lazy\" decoding=\"async\" class=\"alignnone size-medium wp-image-33559\" src=\"https:\/\/avrupapress.com\/main\/wp-content\/uploads\/2026\/03\/WhatsApp-Image-2026-03-10-at-00.52.57-ertus-222-300x225.jpeg\" alt=\"\" width=\"300\" height=\"225\" srcset=\"https:\/\/avrupapress.com\/main\/wp-content\/uploads\/2026\/03\/WhatsApp-Image-2026-03-10-at-00.52.57-ertus-222-300x225.jpeg 300w, https:\/\/avrupapress.com\/main\/wp-content\/uploads\/2026\/03\/WhatsApp-Image-2026-03-10-at-00.52.57-ertus-222-1024x768.jpeg 1024w, https:\/\/avrupapress.com\/main\/wp-content\/uploads\/2026\/03\/WhatsApp-Image-2026-03-10-at-00.52.57-ertus-222-768x576.jpeg 768w, https:\/\/avrupapress.com\/main\/wp-content\/uploads\/2026\/03\/WhatsApp-Image-2026-03-10-at-00.52.57-ertus-222-1536x1152.jpeg 1536w, https:\/\/avrupapress.com\/main\/wp-content\/uploads\/2026\/03\/WhatsApp-Image-2026-03-10-at-00.52.57-ertus-222.jpeg 1600w\" sizes=\"auto, (max-width: 300px) 100vw, 300px\" \/><\/p>\n<p><img loading=\"lazy\" decoding=\"async\" class=\"alignnone size-medium wp-image-33560\" src=\"https:\/\/avrupapress.com\/main\/wp-content\/uploads\/2026\/03\/WhatsApp-Image-2026-03-10-at-00.53.08-ertus444-300x225.jpeg\" alt=\"\" width=\"300\" height=\"225\" srcset=\"https:\/\/avrupapress.com\/main\/wp-content\/uploads\/2026\/03\/WhatsApp-Image-2026-03-10-at-00.53.08-ertus444-300x225.jpeg 300w, https:\/\/avrupapress.com\/main\/wp-content\/uploads\/2026\/03\/WhatsApp-Image-2026-03-10-at-00.53.08-ertus444-1024x768.jpeg 1024w, https:\/\/avrupapress.com\/main\/wp-content\/uploads\/2026\/03\/WhatsApp-Image-2026-03-10-at-00.53.08-ertus444-768x576.jpeg 768w, https:\/\/avrupapress.com\/main\/wp-content\/uploads\/2026\/03\/WhatsApp-Image-2026-03-10-at-00.53.08-ertus444-1536x1152.jpeg 1536w, https:\/\/avrupapress.com\/main\/wp-content\/uploads\/2026\/03\/WhatsApp-Image-2026-03-10-at-00.53.08-ertus444.jpeg 1600w\" sizes=\"auto, (max-width: 300px) 100vw, 300px\" \/><\/p>\n<p><img loading=\"lazy\" decoding=\"async\" class=\"alignnone size-medium wp-image-33561\" src=\"https:\/\/avrupapress.com\/main\/wp-content\/uploads\/2026\/03\/WhatsApp-Image-2026-03-10-at-00.53.23-ertus-6666-300x200.jpeg\" alt=\"\" width=\"300\" height=\"200\" srcset=\"https:\/\/avrupapress.com\/main\/wp-content\/uploads\/2026\/03\/WhatsApp-Image-2026-03-10-at-00.53.23-ertus-6666-300x200.jpeg 300w, https:\/\/avrupapress.com\/main\/wp-content\/uploads\/2026\/03\/WhatsApp-Image-2026-03-10-at-00.53.23-ertus-6666-1024x682.jpeg 1024w, https:\/\/avrupapress.com\/main\/wp-content\/uploads\/2026\/03\/WhatsApp-Image-2026-03-10-at-00.53.23-ertus-6666-768x512.jpeg 768w, https:\/\/avrupapress.com\/main\/wp-content\/uploads\/2026\/03\/WhatsApp-Image-2026-03-10-at-00.53.23-ertus-6666-1536x1023.jpeg 1536w, https:\/\/avrupapress.com\/main\/wp-content\/uploads\/2026\/03\/WhatsApp-Image-2026-03-10-at-00.53.23-ertus-6666.jpeg 1600w\" sizes=\"auto, (max-width: 300px) 100vw, 300px\" \/><\/p>\n<p><strong>HABER \/ FOTO\u011eRAF: ERTU\u011eRUL ALTINEL \u2013 B\u0130LG\u0130N \u00d6Z\u00c7\u0130FT\u00c7\u0130 \u2013 AVRUPA PRESS \u2013 BEL\u00c7\u0130KA.<\/strong><\/p>\n","protected":false},"excerpt":{"rendered":"<p>&nbsp; HABER \/ FOTO\u011eRAF: ERTU\u011eRUL ALTINEL \u2013 B\u0130LG\u0130N \u00d6Z\u00c7\u0130FT\u00c7\u0130 \u2013 AVRUPA PRESS \u2013 BEL\u00c7\u0130KA. Emirda\u011f Fen Lisesi\u2019nde \u2018Liselerde Bilim Uygulamalar\u0131 (LBU)\u2019 kapsam\u0131nda dikkat \u00e7ekici bir sunum ger\u00e7ekle\u015ftirildi. Programa; Emirda\u011f \u0130l\u00e7e Mill\u00ee E\u011fitim M\u00fcd\u00fcr\u00fcm\u00fcz G\u00fcrkan Emeksiz kat\u0131ld\u0131. Fizik \u00d6\u011fretmeni Sibel Alt\u0131nta\u015f ve Kimya \u00d6\u011fretmeni Asl\u0131 Karata\u015f dan\u0131\u015fmanl\u0131\u011f\u0131nda 9. s\u0131n\u0131f \u00f6\u011frencileri taraf\u0131ndan haz\u0131rlanan \u2018I\u015f\u0131k Kirlili\u011fi\u2019 konulu sunum, [&hellip;]<\/p>\n","protected":false},"author":3,"featured_media":33558,"comment_status":"closed","ping_status":"open","sticky":false,"template":"","format":"standard","meta":{"footnotes":""},"categories":[14,16,3,17,18,15,19,2,1],"tags":[],"class_list":["post-33557","post","type-post","status-publish","format-standard","has-post-thumbnail","hentry","category-avrupa","category-belcika","category-dunya","category-ekonomi","category-kultur-sanat","category-spor","category-tanitim","category-turkiye","category-uncategorized"],"yoast_head":"<!-- This site is optimized with the Yoast SEO plugin v26.9 - https:\/\/yoast.com\/product\/yoast-seo-wordpress\/ -->\n<title>Emirda\u011f Fen Lisesi\u2019nde \u00f6\u011frencilere \u2018I\u015f\u0131k Kirlili\u011fi\u2019 sunumu yap\u0131ld\u0131 - AvrupaPress<\/title>\n<meta name=\"robots\" content=\"index, follow, max-snippet:-1, max-image-preview:large, max-video-preview:-1\" \/>\n<link rel=\"canonical\" href=\"https:\/\/avrupapress.com\/main\/2026\/03\/10\/emirdag-fen-lisesinde-ogrencilere-isik-kirliligi-sunumu-yapildi\/\" \/>\n<meta property=\"og:locale\" content=\"fr_FR\" \/>\n<meta property=\"og:type\" content=\"article\" \/>\n<meta property=\"og:title\" content=\"Emirda\u011f Fen Lisesi\u2019nde \u00f6\u011frencilere \u2018I\u015f\u0131k Kirlili\u011fi\u2019 sunumu yap\u0131ld\u0131 - AvrupaPress\" \/>\n<meta property=\"og:description\" content=\"&nbsp; HABER \/ FOTO\u011eRAF: ERTU\u011eRUL ALTINEL \u2013 B\u0130LG\u0130N \u00d6Z\u00c7\u0130FT\u00c7\u0130 \u2013 AVRUPA PRESS \u2013 BEL\u00c7\u0130KA. Emirda\u011f Fen Lisesi\u2019nde \u2018Liselerde Bilim Uygulamalar\u0131 (LBU)\u2019 kapsam\u0131nda dikkat \u00e7ekici bir sunum ger\u00e7ekle\u015ftirildi. Programa; Emirda\u011f \u0130l\u00e7e Mill\u00ee E\u011fitim M\u00fcd\u00fcr\u00fcm\u00fcz G\u00fcrkan Emeksiz kat\u0131ld\u0131. Fizik \u00d6\u011fretmeni Sibel Alt\u0131nta\u015f ve Kimya \u00d6\u011fretmeni Asl\u0131 Karata\u015f dan\u0131\u015fmanl\u0131\u011f\u0131nda 9. s\u0131n\u0131f \u00f6\u011frencileri taraf\u0131ndan haz\u0131rlanan \u2018I\u015f\u0131k Kirlili\u011fi\u2019 konulu sunum, [&hellip;]\" \/>\n<meta property=\"og:url\" content=\"https:\/\/avrupapress.com\/main\/2026\/03\/10\/emirdag-fen-lisesinde-ogrencilere-isik-kirliligi-sunumu-yapildi\/\" \/>\n<meta property=\"og:site_name\" content=\"AvrupaPress\" \/>\n<meta property=\"article:published_time\" content=\"2026-03-10T17:53:15+00:00\" \/>\n<meta property=\"article:modified_time\" content=\"2026-03-10T17:54:31+00:00\" \/>\n<meta property=\"og:image\" content=\"https:\/\/avrupapress.com\/main\/wp-content\/uploads\/2026\/03\/WhatsApp-Image-2026-03-10-at-00.52.45-ertus-111.jpeg\" \/>\n\t<meta property=\"og:image:width\" content=\"1600\" \/>\n\t<meta property=\"og:image:height\" content=\"1200\" \/>\n\t<meta property=\"og:image:type\" content=\"image\/jpeg\" \/>\n<meta name=\"author\" content=\"Edit\u00f6r\" \/>\n<meta name=\"twitter:card\" content=\"summary_large_image\" \/>\n<meta name=\"twitter:label1\" content=\"\u00c9crit par\" \/>\n\t<meta name=\"twitter:data1\" content=\"Edit\u00f6r\" \/>\n\t<meta name=\"twitter:label2\" content=\"Dur\u00e9e de lecture est.\" \/>\n\t<meta name=\"twitter:data2\" content=\"2 minutes\" \/>\n<script type=\"application\/ld+json\" class=\"yoast-schema-graph\">{\"@context\":\"https:\/\/schema.org\",\"@graph\":[{\"@type\":\"Article\",\"@id\":\"https:\/\/avrupapress.com\/main\/2026\/03\/10\/emirdag-fen-lisesinde-ogrencilere-isik-kirliligi-sunumu-yapildi\/#article\",\"isPartOf\":{\"@id\":\"https:\/\/avrupapress.com\/main\/2026\/03\/10\/emirdag-fen-lisesinde-ogrencilere-isik-kirliligi-sunumu-yapildi\/\"},\"author\":{\"name\":\"Edit\u00f6r\",\"@id\":\"https:\/\/avrupapress.com\/#\/schema\/person\/68428444ec60970d1e1b700cf4ca1e8f\"},\"headline\":\"Emirda\u011f Fen Lisesi\u2019nde \u00f6\u011frencilere \u2018I\u015f\u0131k Kirlili\u011fi\u2019 sunumu yap\u0131ld\u0131\",\"datePublished\":\"2026-03-10T17:53:15+00:00\",\"dateModified\":\"2026-03-10T17:54:31+00:00\",\"mainEntityOfPage\":{\"@id\":\"https:\/\/avrupapress.com\/main\/2026\/03\/10\/emirdag-fen-lisesinde-ogrencilere-isik-kirliligi-sunumu-yapildi\/\"},\"wordCount\":228,\"publisher\":{\"@id\":\"https:\/\/avrupapress.com\/#\/schema\/person\/0223dca19c72c43575bf30d1a2d8f4fa\"},\"image\":{\"@id\":\"https:\/\/avrupapress.com\/main\/2026\/03\/10\/emirdag-fen-lisesinde-ogrencilere-isik-kirliligi-sunumu-yapildi\/#primaryimage\"},\"thumbnailUrl\":\"https:\/\/avrupapress.com\/main\/wp-content\/uploads\/2026\/03\/WhatsApp-Image-2026-03-10-at-00.52.45-ertus-111.jpeg\",\"articleSection\":[\"Avrupa\",\"Bel\u00e7ika\",\"D\u00fcnya\",\"Ekonomi\",\"K\u00fclt\u00fcr-Sanat\",\"Spor\",\"Tan\u0131t\u0131m\",\"T\u00fcrkiye\",\"Uncategorized\"],\"inLanguage\":\"fr-BE\"},{\"@type\":\"WebPage\",\"@id\":\"https:\/\/avrupapress.com\/main\/2026\/03\/10\/emirdag-fen-lisesinde-ogrencilere-isik-kirliligi-sunumu-yapildi\/\",\"url\":\"https:\/\/avrupapress.com\/main\/2026\/03\/10\/emirdag-fen-lisesinde-ogrencilere-isik-kirliligi-sunumu-yapildi\/\",\"name\":\"Emirda\u011f Fen Lisesi\u2019nde \u00f6\u011frencilere \u2018I\u015f\u0131k Kirlili\u011fi\u2019 sunumu yap\u0131ld\u0131 - AvrupaPress\",\"isPartOf\":{\"@id\":\"https:\/\/avrupapress.com\/#website\"},\"primaryImageOfPage\":{\"@id\":\"https:\/\/avrupapress.com\/main\/2026\/03\/10\/emirdag-fen-lisesinde-ogrencilere-isik-kirliligi-sunumu-yapildi\/#primaryimage\"},\"image\":{\"@id\":\"https:\/\/avrupapress.com\/main\/2026\/03\/10\/emirdag-fen-lisesinde-ogrencilere-isik-kirliligi-sunumu-yapildi\/#primaryimage\"},\"thumbnailUrl\":\"https:\/\/avrupapress.com\/main\/wp-content\/uploads\/2026\/03\/WhatsApp-Image-2026-03-10-at-00.52.45-ertus-111.jpeg\",\"datePublished\":\"2026-03-10T17:53:15+00:00\",\"dateModified\":\"2026-03-10T17:54:31+00:00\",\"breadcrumb\":{\"@id\":\"https:\/\/avrupapress.com\/main\/2026\/03\/10\/emirdag-fen-lisesinde-ogrencilere-isik-kirliligi-sunumu-yapildi\/#breadcrumb\"},\"inLanguage\":\"fr-BE\",\"potentialAction\":[{\"@type\":\"ReadAction\",\"target\":[\"https:\/\/avrupapress.com\/main\/2026\/03\/10\/emirdag-fen-lisesinde-ogrencilere-isik-kirliligi-sunumu-yapildi\/\"]}]},{\"@type\":\"ImageObject\",\"inLanguage\":\"fr-BE\",\"@id\":\"https:\/\/avrupapress.com\/main\/2026\/03\/10\/emirdag-fen-lisesinde-ogrencilere-isik-kirliligi-sunumu-yapildi\/#primaryimage\",\"url\":\"https:\/\/avrupapress.com\/main\/wp-content\/uploads\/2026\/03\/WhatsApp-Image-2026-03-10-at-00.52.45-ertus-111.jpeg\",\"contentUrl\":\"https:\/\/avrupapress.com\/main\/wp-content\/uploads\/2026\/03\/WhatsApp-Image-2026-03-10-at-00.52.45-ertus-111.jpeg\",\"width\":1600,\"height\":1200},{\"@type\":\"BreadcrumbList\",\"@id\":\"https:\/\/avrupapress.com\/main\/2026\/03\/10\/emirdag-fen-lisesinde-ogrencilere-isik-kirliligi-sunumu-yapildi\/#breadcrumb\",\"itemListElement\":[{\"@type\":\"ListItem\",\"position\":1,\"name\":\"Anasayfa\",\"item\":\"https:\/\/avrupapress.com\/\"},{\"@type\":\"ListItem\",\"position\":2,\"name\":\"Emirda\u011f Fen Lisesi\u2019nde \u00f6\u011frencilere \u2018I\u015f\u0131k Kirlili\u011fi\u2019 sunumu yap\u0131ld\u0131\"}]},{\"@type\":\"WebSite\",\"@id\":\"https:\/\/avrupapress.com\/#website\",\"url\":\"https:\/\/avrupapress.com\/\",\"name\":\"AvrupaPress\",\"description\":\"Haberin Adresi\",\"publisher\":{\"@id\":\"https:\/\/avrupapress.com\/#\/schema\/person\/0223dca19c72c43575bf30d1a2d8f4fa\"},\"potentialAction\":[{\"@type\":\"SearchAction\",\"target\":{\"@type\":\"EntryPoint\",\"urlTemplate\":\"https:\/\/avrupapress.com\/?s={search_term_string}\"},\"query-input\":{\"@type\":\"PropertyValueSpecification\",\"valueRequired\":true,\"valueName\":\"search_term_string\"}}],\"inLanguage\":\"fr-BE\"},{\"@type\":[\"Person\",\"Organization\"],\"@id\":\"https:\/\/avrupapress.com\/#\/schema\/person\/0223dca19c72c43575bf30d1a2d8f4fa\",\"name\":\"Bilgin \u00d6z\u00e7ift\u00e7i\",\"image\":{\"@type\":\"ImageObject\",\"inLanguage\":\"fr-BE\",\"@id\":\"https:\/\/avrupapress.com\/#\/schema\/person\/image\/\",\"url\":\"https:\/\/secure.gravatar.com\/avatar\/0f23b280433a21e1ea7a0adcc46ed0ad16afe3ad8e630fd13d8a017dcbd54ef3?s=96&d=mm&r=g\",\"contentUrl\":\"https:\/\/secure.gravatar.com\/avatar\/0f23b280433a21e1ea7a0adcc46ed0ad16afe3ad8e630fd13d8a017dcbd54ef3?s=96&d=mm&r=g\",\"caption\":\"Bilgin \u00d6z\u00e7ift\u00e7i\"},\"logo\":{\"@id\":\"https:\/\/avrupapress.com\/#\/schema\/person\/image\/\"},\"description\":\"Ne ben, nede sen... Biz ancak \\\"biz\\\" olursak g\u00fc\u00e7l\u00fc olabiliriz\"},{\"@type\":\"Person\",\"@id\":\"https:\/\/avrupapress.com\/#\/schema\/person\/68428444ec60970d1e1b700cf4ca1e8f\",\"name\":\"Edit\u00f6r\",\"image\":{\"@type\":\"ImageObject\",\"inLanguage\":\"fr-BE\",\"@id\":\"https:\/\/avrupapress.com\/#\/schema\/person\/image\/\",\"url\":\"https:\/\/secure.gravatar.com\/avatar\/74996b0977aa5f1559ba9883776652508b229005c0d78fb2597897f0bd651c09?s=96&d=mm&r=g\",\"contentUrl\":\"https:\/\/secure.gravatar.com\/avatar\/74996b0977aa5f1559ba9883776652508b229005c0d78fb2597897f0bd651c09?s=96&d=mm&r=g\",\"caption\":\"Edit\u00f6r\"},\"sameAs\":[\"http:\/\/www.avrupapress.com\"],\"url\":\"https:\/\/avrupapress.com\/main\/author\/editor\/\"}]}<\/script>\n<!-- \/ Yoast SEO plugin. -->","yoast_head_json":{"title":"Emirda\u011f Fen Lisesi\u2019nde \u00f6\u011frencilere \u2018I\u015f\u0131k Kirlili\u011fi\u2019 sunumu yap\u0131ld\u0131 - AvrupaPress","robots":{"index":"index","follow":"follow","max-snippet":"max-snippet:-1","max-image-preview":"max-image-preview:large","max-video-preview":"max-video-preview:-1"},"canonical":"https:\/\/avrupapress.com\/main\/2026\/03\/10\/emirdag-fen-lisesinde-ogrencilere-isik-kirliligi-sunumu-yapildi\/","og_locale":"fr_FR","og_type":"article","og_title":"Emirda\u011f Fen Lisesi\u2019nde \u00f6\u011frencilere \u2018I\u015f\u0131k Kirlili\u011fi\u2019 sunumu yap\u0131ld\u0131 - AvrupaPress","og_description":"&nbsp; HABER \/ FOTO\u011eRAF: ERTU\u011eRUL ALTINEL \u2013 B\u0130LG\u0130N \u00d6Z\u00c7\u0130FT\u00c7\u0130 \u2013 AVRUPA PRESS \u2013 BEL\u00c7\u0130KA. Emirda\u011f Fen Lisesi\u2019nde \u2018Liselerde Bilim Uygulamalar\u0131 (LBU)\u2019 kapsam\u0131nda dikkat \u00e7ekici bir sunum ger\u00e7ekle\u015ftirildi. Programa; Emirda\u011f \u0130l\u00e7e Mill\u00ee E\u011fitim M\u00fcd\u00fcr\u00fcm\u00fcz G\u00fcrkan Emeksiz kat\u0131ld\u0131. Fizik \u00d6\u011fretmeni Sibel Alt\u0131nta\u015f ve Kimya \u00d6\u011fretmeni Asl\u0131 Karata\u015f dan\u0131\u015fmanl\u0131\u011f\u0131nda 9. s\u0131n\u0131f \u00f6\u011frencileri taraf\u0131ndan haz\u0131rlanan \u2018I\u015f\u0131k Kirlili\u011fi\u2019 konulu sunum, [&hellip;]","og_url":"https:\/\/avrupapress.com\/main\/2026\/03\/10\/emirdag-fen-lisesinde-ogrencilere-isik-kirliligi-sunumu-yapildi\/","og_site_name":"AvrupaPress","article_published_time":"2026-03-10T17:53:15+00:00","article_modified_time":"2026-03-10T17:54:31+00:00","og_image":[{"width":1600,"height":1200,"url":"https:\/\/avrupapress.com\/main\/wp-content\/uploads\/2026\/03\/WhatsApp-Image-2026-03-10-at-00.52.45-ertus-111.jpeg","type":"image\/jpeg"}],"author":"Edit\u00f6r","twitter_card":"summary_large_image","twitter_misc":{"\u00c9crit par":"Edit\u00f6r","Dur\u00e9e de lecture est.":"2 minutes"},"schema":{"@context":"https:\/\/schema.org","@graph":[{"@type":"Article","@id":"https:\/\/avrupapress.com\/main\/2026\/03\/10\/emirdag-fen-lisesinde-ogrencilere-isik-kirliligi-sunumu-yapildi\/#article","isPartOf":{"@id":"https:\/\/avrupapress.com\/main\/2026\/03\/10\/emirdag-fen-lisesinde-ogrencilere-isik-kirliligi-sunumu-yapildi\/"},"author":{"name":"Edit\u00f6r","@id":"https:\/\/avrupapress.com\/#\/schema\/person\/68428444ec60970d1e1b700cf4ca1e8f"},"headline":"Emirda\u011f Fen Lisesi\u2019nde \u00f6\u011frencilere \u2018I\u015f\u0131k Kirlili\u011fi\u2019 sunumu yap\u0131ld\u0131","datePublished":"2026-03-10T17:53:15+00:00","dateModified":"2026-03-10T17:54:31+00:00","mainEntityOfPage":{"@id":"https:\/\/avrupapress.com\/main\/2026\/03\/10\/emirdag-fen-lisesinde-ogrencilere-isik-kirliligi-sunumu-yapildi\/"},"wordCount":228,"publisher":{"@id":"https:\/\/avrupapress.com\/#\/schema\/person\/0223dca19c72c43575bf30d1a2d8f4fa"},"image":{"@id":"https:\/\/avrupapress.com\/main\/2026\/03\/10\/emirdag-fen-lisesinde-ogrencilere-isik-kirliligi-sunumu-yapildi\/#primaryimage"},"thumbnailUrl":"https:\/\/avrupapress.com\/main\/wp-content\/uploads\/2026\/03\/WhatsApp-Image-2026-03-10-at-00.52.45-ertus-111.jpeg","articleSection":["Avrupa","Bel\u00e7ika","D\u00fcnya","Ekonomi","K\u00fclt\u00fcr-Sanat","Spor","Tan\u0131t\u0131m","T\u00fcrkiye","Uncategorized"],"inLanguage":"fr-BE"},{"@type":"WebPage","@id":"https:\/\/avrupapress.com\/main\/2026\/03\/10\/emirdag-fen-lisesinde-ogrencilere-isik-kirliligi-sunumu-yapildi\/","url":"https:\/\/avrupapress.com\/main\/2026\/03\/10\/emirdag-fen-lisesinde-ogrencilere-isik-kirliligi-sunumu-yapildi\/","name":"Emirda\u011f Fen Lisesi\u2019nde \u00f6\u011frencilere \u2018I\u015f\u0131k Kirlili\u011fi\u2019 sunumu yap\u0131ld\u0131 - AvrupaPress","isPartOf":{"@id":"https:\/\/avrupapress.com\/#website"},"primaryImageOfPage":{"@id":"https:\/\/avrupapress.com\/main\/2026\/03\/10\/emirdag-fen-lisesinde-ogrencilere-isik-kirliligi-sunumu-yapildi\/#primaryimage"},"image":{"@id":"https:\/\/avrupapress.com\/main\/2026\/03\/10\/emirdag-fen-lisesinde-ogrencilere-isik-kirliligi-sunumu-yapildi\/#primaryimage"},"thumbnailUrl":"https:\/\/avrupapress.com\/main\/wp-content\/uploads\/2026\/03\/WhatsApp-Image-2026-03-10-at-00.52.45-ertus-111.jpeg","datePublished":"2026-03-10T17:53:15+00:00","dateModified":"2026-03-10T17:54:31+00:00","breadcrumb":{"@id":"https:\/\/avrupapress.com\/main\/2026\/03\/10\/emirdag-fen-lisesinde-ogrencilere-isik-kirliligi-sunumu-yapildi\/#breadcrumb"},"inLanguage":"fr-BE","potentialAction":[{"@type":"ReadAction","target":["https:\/\/avrupapress.com\/main\/2026\/03\/10\/emirdag-fen-lisesinde-ogrencilere-isik-kirliligi-sunumu-yapildi\/"]}]},{"@type":"ImageObject","inLanguage":"fr-BE","@id":"https:\/\/avrupapress.com\/main\/2026\/03\/10\/emirdag-fen-lisesinde-ogrencilere-isik-kirliligi-sunumu-yapildi\/#primaryimage","url":"https:\/\/avrupapress.com\/main\/wp-content\/uploads\/2026\/03\/WhatsApp-Image-2026-03-10-at-00.52.45-ertus-111.jpeg","contentUrl":"https:\/\/avrupapress.com\/main\/wp-content\/uploads\/2026\/03\/WhatsApp-Image-2026-03-10-at-00.52.45-ertus-111.jpeg","width":1600,"height":1200},{"@type":"BreadcrumbList","@id":"https:\/\/avrupapress.com\/main\/2026\/03\/10\/emirdag-fen-lisesinde-ogrencilere-isik-kirliligi-sunumu-yapildi\/#breadcrumb","itemListElement":[{"@type":"ListItem","position":1,"name":"Anasayfa","item":"https:\/\/avrupapress.com\/"},{"@type":"ListItem","position":2,"name":"Emirda\u011f Fen Lisesi\u2019nde \u00f6\u011frencilere \u2018I\u015f\u0131k Kirlili\u011fi\u2019 sunumu yap\u0131ld\u0131"}]},{"@type":"WebSite","@id":"https:\/\/avrupapress.com\/#website","url":"https:\/\/avrupapress.com\/","name":"AvrupaPress","description":"Haberin Adresi","publisher":{"@id":"https:\/\/avrupapress.com\/#\/schema\/person\/0223dca19c72c43575bf30d1a2d8f4fa"},"potentialAction":[{"@type":"SearchAction","target":{"@type":"EntryPoint","urlTemplate":"https:\/\/avrupapress.com\/?s={search_term_string}"},"query-input":{"@type":"PropertyValueSpecification","valueRequired":true,"valueName":"search_term_string"}}],"inLanguage":"fr-BE"},{"@type":["Person","Organization"],"@id":"https:\/\/avrupapress.com\/#\/schema\/person\/0223dca19c72c43575bf30d1a2d8f4fa","name":"Bilgin \u00d6z\u00e7ift\u00e7i","image":{"@type":"ImageObject","inLanguage":"fr-BE","@id":"https:\/\/avrupapress.com\/#\/schema\/person\/image\/","url":"https:\/\/secure.gravatar.com\/avatar\/0f23b280433a21e1ea7a0adcc46ed0ad16afe3ad8e630fd13d8a017dcbd54ef3?s=96&d=mm&r=g","contentUrl":"https:\/\/secure.gravatar.com\/avatar\/0f23b280433a21e1ea7a0adcc46ed0ad16afe3ad8e630fd13d8a017dcbd54ef3?s=96&d=mm&r=g","caption":"Bilgin \u00d6z\u00e7ift\u00e7i"},"logo":{"@id":"https:\/\/avrupapress.com\/#\/schema\/person\/image\/"},"description":"Ne ben, nede sen... Biz ancak \"biz\" olursak g\u00fc\u00e7l\u00fc olabiliriz"},{"@type":"Person","@id":"https:\/\/avrupapress.com\/#\/schema\/person\/68428444ec60970d1e1b700cf4ca1e8f","name":"Edit\u00f6r","image":{"@type":"ImageObject","inLanguage":"fr-BE","@id":"https:\/\/avrupapress.com\/#\/schema\/person\/image\/","url":"https:\/\/secure.gravatar.com\/avatar\/74996b0977aa5f1559ba9883776652508b229005c0d78fb2597897f0bd651c09?s=96&d=mm&r=g","contentUrl":"https:\/\/secure.gravatar.com\/avatar\/74996b0977aa5f1559ba9883776652508b229005c0d78fb2597897f0bd651c09?s=96&d=mm&r=g","caption":"Edit\u00f6r"},"sameAs":["http:\/\/www.avrupapress.com"],"url":"https:\/\/avrupapress.com\/main\/author\/editor\/"}]}},"_links":{"self":[{"href":"https:\/\/avrupapress.com\/main\/wp-json\/wp\/v2\/posts\/33557","targetHints":{"allow":["GET"]}}],"collection":[{"href":"https:\/\/avrupapress.com\/main\/wp-json\/wp\/v2\/posts"}],"about":[{"href":"https:\/\/avrupapress.com\/main\/wp-json\/wp\/v2\/types\/post"}],"author":[{"embeddable":true,"href":"https:\/\/avrupapress.com\/main\/wp-json\/wp\/v2\/users\/3"}],"replies":[{"embeddable":true,"href":"https:\/\/avrupapress.com\/main\/wp-json\/wp\/v2\/comments?post=33557"}],"version-history":[{"count":1,"href":"https:\/\/avrupapress.com\/main\/wp-json\/wp\/v2\/posts\/33557\/revisions"}],"predecessor-version":[{"id":33562,"href":"https:\/\/avrupapress.com\/main\/wp-json\/wp\/v2\/posts\/33557\/revisions\/33562"}],"wp:featuredmedia":[{"embeddable":true,"href":"https:\/\/avrupapress.com\/main\/wp-json\/wp\/v2\/media\/33558"}],"wp:attachment":[{"href":"https:\/\/avrupapress.com\/main\/wp-json\/wp\/v2\/media?parent=33557"}],"wp:term":[{"taxonomy":"category","embeddable":true,"href":"https:\/\/avrupapress.com\/main\/wp-json\/wp\/v2\/categories?post=33557"},{"taxonomy":"post_tag","embeddable":true,"href":"https:\/\/avrupapress.com\/main\/wp-json\/wp\/v2\/tags?post=33557"}],"curies":[{"name":"wp","href":"https:\/\/api.w.org\/{rel}","templated":true}]}}