{"id":33545,"date":"2026-03-10T17:13:13","date_gmt":"2026-03-10T17:13:13","guid":{"rendered":"https:\/\/avrupapress.com\/main\/?p=33545"},"modified":"2026-03-10T17:13:21","modified_gmt":"2026-03-10T17:13:21","slug":"emirdagda-ali-riza-ve-havva-kara-anaokulu-ogrencileri-ramazan-kolilerini-hazirladilar","status":"publish","type":"post","link":"https:\/\/avrupapress.com\/main\/2026\/03\/10\/emirdagda-ali-riza-ve-havva-kara-anaokulu-ogrencileri-ramazan-kolilerini-hazirladilar\/","title":{"rendered":"Emirda\u011f\u2019da Ali R\u0131za ve Havva Kara Anaokulu \u00f6\u011frencileri \u2018Ramazan kolilerini\u2019 haz\u0131rlad\u0131lar"},"content":{"rendered":"<p>&nbsp;<\/p>\n<p>(\/FOTO\u011eRAFLI<strong>)<\/strong><\/p>\n<p><strong>HABER \/ FOTO\u011eRAF: ERTU\u011eRUL ALTINEL \u2013 B\u0130LG\u0130N \u00d6Z\u00c7\u0130FT\u00c7\u0130 \u2013 AVRUPA PRESS \u2013 BEL\u00c7\u0130KA.<\/strong><br \/>\nEmirda\u011f\u2019da Ali R\u0131za ve Havva Kara Anaokulu \u00f6\u011frencileri; Maarifin Kalbinde, Ramazan etkinli\u011fi kapsam\u0131nda \u2018Ramazan kolilerini\u2019 g\u00f6n\u00fcll\u00fc olarak haz\u0131rlad\u0131lar. \u00d6\u011frenciler, \u2018Ramazan kolileri\u2019 haz\u0131rlayarak payla\u015fman\u0131n, yard\u0131mla\u015fman\u0131n ve iyili\u011fin mutlulu\u011funu tatt\u0131lar.<\/p>\n<p>Emirda\u011f \u0130l\u00e7e Milli E\u011fitim M\u00fcd\u00fcr\u00fc G\u00fcrkan Emeksiz, \u2018\u2019Ramazan ay\u0131n\u0131n ruhunu \u00e7ocuklar\u0131m\u0131zla birlikte ke\u015ffetmeye devam ediyoruz. Okulumuzda; mahalle muhtar\u0131m\u0131z\u0131n kat\u0131l\u0131m\u0131yla \u00e7ocuklar\u0131m\u0131z yard\u0131m etmenin mutlulu\u011funu, birlikte hareket etmenin \u00f6nemini ve ba\u015fkalar\u0131n\u0131 d\u00fc\u015f\u00fcnmenin de\u011ferini \u00f6\u011frendiler.<br \/>\nRamazan demek; payla\u015fmak, yard\u0131mla\u015fmak ve iyili\u011fi \u00e7o\u011faltmak demektir.<br \/>\nRamazan ay\u0131n\u0131n bereketi ve manevi atmosferiyle birlikte \u00f6\u011frencilerimizle Maarifin Kalbinde Ramazan etkinli\u011fi kapsam\u0131nda Ramazan kolileri haz\u0131rlayarak payla\u015fman\u0131n, yard\u0131mla\u015fman\u0131n ve iyili\u011fin mutlulu\u011funu konu\u015ftuk. Birlikte haz\u0131rlad\u0131\u011f\u0131m\u0131z Ramazan kolileri sayesinde \u00e7ocuklar\u0131m\u0131z; ihtiya\u00e7 sahiplerini d\u00fc\u015f\u00fcnmenin, payla\u015fman\u0131n ve iyilik yapman\u0131n ne kadar anlaml\u0131 oldu\u011funu deneyimlediler. K\u00fc\u00e7\u00fck ya\u015flarda \u00f6\u011frenilen bu g\u00fczel de\u011ferlerin onlar\u0131n hayat\u0131na \u0131\u015f\u0131k olmas\u0131n\u0131 diliyoruz. \u0130yilik k\u00fc\u00e7\u00fck bir ad\u0131mla ba\u015flar ve d\u00fcnyay\u0131 g\u00fczelle\u015ftirir. \u0130yilik payla\u015ft\u0131k\u00e7a \u00e7o\u011fal\u0131r. K\u00fc\u00e7\u00fck kalplerden \u00e7\u0131kan iyilikler d\u00fcnyay\u0131 g\u00fczelle\u015ftirir, kalplerden \u00e7\u0131kan b\u00fcy\u00fck iyiliklerle Ramazan\u2019\u0131n bereketini birlikte ya\u015f\u0131yoruz\u2019\u2019 dedi.<\/p>\n<p><img loading=\"lazy\" decoding=\"async\" class=\"alignnone size-medium wp-image-33546\" src=\"https:\/\/avrupapress.com\/main\/wp-content\/uploads\/2026\/03\/WhatsApp-Image-2026-03-10-at-00.48.28ertugrul-300x225.jpeg\" alt=\"\" width=\"300\" height=\"225\" srcset=\"https:\/\/avrupapress.com\/main\/wp-content\/uploads\/2026\/03\/WhatsApp-Image-2026-03-10-at-00.48.28ertugrul-300x225.jpeg 300w, https:\/\/avrupapress.com\/main\/wp-content\/uploads\/2026\/03\/WhatsApp-Image-2026-03-10-at-00.48.28ertugrul-1024x768.jpeg 1024w, https:\/\/avrupapress.com\/main\/wp-content\/uploads\/2026\/03\/WhatsApp-Image-2026-03-10-at-00.48.28ertugrul-768x576.jpeg 768w, https:\/\/avrupapress.com\/main\/wp-content\/uploads\/2026\/03\/WhatsApp-Image-2026-03-10-at-00.48.28ertugrul-1536x1152.jpeg 1536w, https:\/\/avrupapress.com\/main\/wp-content\/uploads\/2026\/03\/WhatsApp-Image-2026-03-10-at-00.48.28ertugrul.jpeg 1600w\" sizes=\"auto, (max-width: 300px) 100vw, 300px\" \/><\/p>\n<p><img loading=\"lazy\" decoding=\"async\" class=\"alignnone size-medium wp-image-33547\" src=\"https:\/\/avrupapress.com\/main\/wp-content\/uploads\/2026\/03\/WhatsApp-Image-2026-03-10-at-00.48.41ertugrul2-225x300.jpeg\" alt=\"\" width=\"225\" height=\"300\" srcset=\"https:\/\/avrupapress.com\/main\/wp-content\/uploads\/2026\/03\/WhatsApp-Image-2026-03-10-at-00.48.41ertugrul2-225x300.jpeg 225w, https:\/\/avrupapress.com\/main\/wp-content\/uploads\/2026\/03\/WhatsApp-Image-2026-03-10-at-00.48.41ertugrul2-768x1024.jpeg 768w, https:\/\/avrupapress.com\/main\/wp-content\/uploads\/2026\/03\/WhatsApp-Image-2026-03-10-at-00.48.41ertugrul2-1152x1536.jpeg 1152w, https:\/\/avrupapress.com\/main\/wp-content\/uploads\/2026\/03\/WhatsApp-Image-2026-03-10-at-00.48.41ertugrul2.jpeg 1200w\" sizes=\"auto, (max-width: 225px) 100vw, 225px\" \/><\/p>\n<p><strong>HABER \/ FOTO\u011eRAF: ERTU\u011eRUL ALTINEL \u2013 B\u0130LG\u0130N \u00d6Z\u00c7\u0130FT\u00c7\u0130 \u2013 AVRUPA\u00a0PRESS \u2013 BEL\u00c7\u0130KA.<\/strong><\/p>\n","protected":false},"excerpt":{"rendered":"<p>&nbsp; (\/FOTO\u011eRAFLI) HABER \/ FOTO\u011eRAF: ERTU\u011eRUL ALTINEL \u2013 B\u0130LG\u0130N \u00d6Z\u00c7\u0130FT\u00c7\u0130 \u2013 AVRUPA PRESS \u2013 BEL\u00c7\u0130KA. Emirda\u011f\u2019da Ali R\u0131za ve Havva Kara Anaokulu \u00f6\u011frencileri; Maarifin Kalbinde, Ramazan etkinli\u011fi kapsam\u0131nda \u2018Ramazan kolilerini\u2019 g\u00f6n\u00fcll\u00fc olarak haz\u0131rlad\u0131lar. \u00d6\u011frenciler, \u2018Ramazan kolileri\u2019 haz\u0131rlayarak payla\u015fman\u0131n, yard\u0131mla\u015fman\u0131n ve iyili\u011fin mutlulu\u011funu tatt\u0131lar. Emirda\u011f \u0130l\u00e7e Milli E\u011fitim M\u00fcd\u00fcr\u00fc G\u00fcrkan Emeksiz, \u2018\u2019Ramazan ay\u0131n\u0131n ruhunu \u00e7ocuklar\u0131m\u0131zla birlikte [&hellip;]<\/p>\n","protected":false},"author":3,"featured_media":33546,"comment_status":"closed","ping_status":"open","sticky":false,"template":"","format":"standard","meta":{"footnotes":""},"categories":[14,16,3,17,18,15,19,2,1],"tags":[],"class_list":["post-33545","post","type-post","status-publish","format-standard","has-post-thumbnail","hentry","category-avrupa","category-belcika","category-dunya","category-ekonomi","category-kultur-sanat","category-spor","category-tanitim","category-turkiye","category-uncategorized"],"yoast_head":"<!-- This site is optimized with the Yoast SEO plugin v26.9 - https:\/\/yoast.com\/product\/yoast-seo-wordpress\/ -->\n<title>Emirda\u011f\u2019da Ali R\u0131za ve Havva Kara Anaokulu \u00f6\u011frencileri \u2018Ramazan kolilerini\u2019 haz\u0131rlad\u0131lar - AvrupaPress<\/title>\n<meta name=\"robots\" content=\"index, follow, max-snippet:-1, max-image-preview:large, max-video-preview:-1\" \/>\n<link rel=\"canonical\" href=\"https:\/\/avrupapress.com\/main\/2026\/03\/10\/emirdagda-ali-riza-ve-havva-kara-anaokulu-ogrencileri-ramazan-kolilerini-hazirladilar\/\" \/>\n<meta property=\"og:locale\" content=\"fr_FR\" \/>\n<meta property=\"og:type\" content=\"article\" \/>\n<meta property=\"og:title\" content=\"Emirda\u011f\u2019da Ali R\u0131za ve Havva Kara Anaokulu \u00f6\u011frencileri \u2018Ramazan kolilerini\u2019 haz\u0131rlad\u0131lar - AvrupaPress\" \/>\n<meta property=\"og:description\" content=\"&nbsp; (\/FOTO\u011eRAFLI) HABER \/ FOTO\u011eRAF: ERTU\u011eRUL ALTINEL \u2013 B\u0130LG\u0130N \u00d6Z\u00c7\u0130FT\u00c7\u0130 \u2013 AVRUPA PRESS \u2013 BEL\u00c7\u0130KA. Emirda\u011f\u2019da Ali R\u0131za ve Havva Kara Anaokulu \u00f6\u011frencileri; Maarifin Kalbinde, Ramazan etkinli\u011fi kapsam\u0131nda \u2018Ramazan kolilerini\u2019 g\u00f6n\u00fcll\u00fc olarak haz\u0131rlad\u0131lar. \u00d6\u011frenciler, \u2018Ramazan kolileri\u2019 haz\u0131rlayarak payla\u015fman\u0131n, yard\u0131mla\u015fman\u0131n ve iyili\u011fin mutlulu\u011funu tatt\u0131lar. Emirda\u011f \u0130l\u00e7e Milli E\u011fitim M\u00fcd\u00fcr\u00fc G\u00fcrkan Emeksiz, \u2018\u2019Ramazan ay\u0131n\u0131n ruhunu \u00e7ocuklar\u0131m\u0131zla birlikte [&hellip;]\" \/>\n<meta property=\"og:url\" content=\"https:\/\/avrupapress.com\/main\/2026\/03\/10\/emirdagda-ali-riza-ve-havva-kara-anaokulu-ogrencileri-ramazan-kolilerini-hazirladilar\/\" \/>\n<meta property=\"og:site_name\" content=\"AvrupaPress\" \/>\n<meta property=\"article:published_time\" content=\"2026-03-10T17:13:13+00:00\" \/>\n<meta property=\"article:modified_time\" content=\"2026-03-10T17:13:21+00:00\" \/>\n<meta property=\"og:image\" content=\"https:\/\/avrupapress.com\/main\/wp-content\/uploads\/2026\/03\/WhatsApp-Image-2026-03-10-at-00.48.28ertugrul.jpeg\" \/>\n\t<meta property=\"og:image:width\" content=\"1600\" \/>\n\t<meta property=\"og:image:height\" content=\"1200\" \/>\n\t<meta property=\"og:image:type\" content=\"image\/jpeg\" \/>\n<meta name=\"author\" content=\"Edit\u00f6r\" \/>\n<meta name=\"twitter:card\" content=\"summary_large_image\" \/>\n<meta name=\"twitter:label1\" content=\"\u00c9crit par\" \/>\n\t<meta name=\"twitter:data1\" content=\"Edit\u00f6r\" \/>\n\t<meta name=\"twitter:label2\" content=\"Dur\u00e9e de lecture est.\" \/>\n\t<meta name=\"twitter:data2\" content=\"2 minutes\" \/>\n<script type=\"application\/ld+json\" class=\"yoast-schema-graph\">{\"@context\":\"https:\/\/schema.org\",\"@graph\":[{\"@type\":\"Article\",\"@id\":\"https:\/\/avrupapress.com\/main\/2026\/03\/10\/emirdagda-ali-riza-ve-havva-kara-anaokulu-ogrencileri-ramazan-kolilerini-hazirladilar\/#article\",\"isPartOf\":{\"@id\":\"https:\/\/avrupapress.com\/main\/2026\/03\/10\/emirdagda-ali-riza-ve-havva-kara-anaokulu-ogrencileri-ramazan-kolilerini-hazirladilar\/\"},\"author\":{\"name\":\"Edit\u00f6r\",\"@id\":\"https:\/\/avrupapress.com\/#\/schema\/person\/68428444ec60970d1e1b700cf4ca1e8f\"},\"headline\":\"Emirda\u011f\u2019da Ali R\u0131za ve Havva Kara Anaokulu \u00f6\u011frencileri \u2018Ramazan kolilerini\u2019 haz\u0131rlad\u0131lar\",\"datePublished\":\"2026-03-10T17:13:13+00:00\",\"dateModified\":\"2026-03-10T17:13:21+00:00\",\"mainEntityOfPage\":{\"@id\":\"https:\/\/avrupapress.com\/main\/2026\/03\/10\/emirdagda-ali-riza-ve-havva-kara-anaokulu-ogrencileri-ramazan-kolilerini-hazirladilar\/\"},\"wordCount\":288,\"publisher\":{\"@id\":\"https:\/\/avrupapress.com\/#\/schema\/person\/0223dca19c72c43575bf30d1a2d8f4fa\"},\"image\":{\"@id\":\"https:\/\/avrupapress.com\/main\/2026\/03\/10\/emirdagda-ali-riza-ve-havva-kara-anaokulu-ogrencileri-ramazan-kolilerini-hazirladilar\/#primaryimage\"},\"thumbnailUrl\":\"https:\/\/avrupapress.com\/main\/wp-content\/uploads\/2026\/03\/WhatsApp-Image-2026-03-10-at-00.48.28ertugrul.jpeg\",\"articleSection\":[\"Avrupa\",\"Bel\u00e7ika\",\"D\u00fcnya\",\"Ekonomi\",\"K\u00fclt\u00fcr-Sanat\",\"Spor\",\"Tan\u0131t\u0131m\",\"T\u00fcrkiye\",\"Uncategorized\"],\"inLanguage\":\"fr-BE\"},{\"@type\":\"WebPage\",\"@id\":\"https:\/\/avrupapress.com\/main\/2026\/03\/10\/emirdagda-ali-riza-ve-havva-kara-anaokulu-ogrencileri-ramazan-kolilerini-hazirladilar\/\",\"url\":\"https:\/\/avrupapress.com\/main\/2026\/03\/10\/emirdagda-ali-riza-ve-havva-kara-anaokulu-ogrencileri-ramazan-kolilerini-hazirladilar\/\",\"name\":\"Emirda\u011f\u2019da Ali R\u0131za ve Havva Kara Anaokulu \u00f6\u011frencileri \u2018Ramazan kolilerini\u2019 haz\u0131rlad\u0131lar - AvrupaPress\",\"isPartOf\":{\"@id\":\"https:\/\/avrupapress.com\/#website\"},\"primaryImageOfPage\":{\"@id\":\"https:\/\/avrupapress.com\/main\/2026\/03\/10\/emirdagda-ali-riza-ve-havva-kara-anaokulu-ogrencileri-ramazan-kolilerini-hazirladilar\/#primaryimage\"},\"image\":{\"@id\":\"https:\/\/avrupapress.com\/main\/2026\/03\/10\/emirdagda-ali-riza-ve-havva-kara-anaokulu-ogrencileri-ramazan-kolilerini-hazirladilar\/#primaryimage\"},\"thumbnailUrl\":\"https:\/\/avrupapress.com\/main\/wp-content\/uploads\/2026\/03\/WhatsApp-Image-2026-03-10-at-00.48.28ertugrul.jpeg\",\"datePublished\":\"2026-03-10T17:13:13+00:00\",\"dateModified\":\"2026-03-10T17:13:21+00:00\",\"breadcrumb\":{\"@id\":\"https:\/\/avrupapress.com\/main\/2026\/03\/10\/emirdagda-ali-riza-ve-havva-kara-anaokulu-ogrencileri-ramazan-kolilerini-hazirladilar\/#breadcrumb\"},\"inLanguage\":\"fr-BE\",\"potentialAction\":[{\"@type\":\"ReadAction\",\"target\":[\"https:\/\/avrupapress.com\/main\/2026\/03\/10\/emirdagda-ali-riza-ve-havva-kara-anaokulu-ogrencileri-ramazan-kolilerini-hazirladilar\/\"]}]},{\"@type\":\"ImageObject\",\"inLanguage\":\"fr-BE\",\"@id\":\"https:\/\/avrupapress.com\/main\/2026\/03\/10\/emirdagda-ali-riza-ve-havva-kara-anaokulu-ogrencileri-ramazan-kolilerini-hazirladilar\/#primaryimage\",\"url\":\"https:\/\/avrupapress.com\/main\/wp-content\/uploads\/2026\/03\/WhatsApp-Image-2026-03-10-at-00.48.28ertugrul.jpeg\",\"contentUrl\":\"https:\/\/avrupapress.com\/main\/wp-content\/uploads\/2026\/03\/WhatsApp-Image-2026-03-10-at-00.48.28ertugrul.jpeg\",\"width\":1600,\"height\":1200},{\"@type\":\"BreadcrumbList\",\"@id\":\"https:\/\/avrupapress.com\/main\/2026\/03\/10\/emirdagda-ali-riza-ve-havva-kara-anaokulu-ogrencileri-ramazan-kolilerini-hazirladilar\/#breadcrumb\",\"itemListElement\":[{\"@type\":\"ListItem\",\"position\":1,\"name\":\"Anasayfa\",\"item\":\"https:\/\/avrupapress.com\/\"},{\"@type\":\"ListItem\",\"position\":2,\"name\":\"Emirda\u011f\u2019da Ali R\u0131za ve Havva Kara Anaokulu \u00f6\u011frencileri \u2018Ramazan kolilerini\u2019 haz\u0131rlad\u0131lar\"}]},{\"@type\":\"WebSite\",\"@id\":\"https:\/\/avrupapress.com\/#website\",\"url\":\"https:\/\/avrupapress.com\/\",\"name\":\"AvrupaPress\",\"description\":\"Haberin Adresi\",\"publisher\":{\"@id\":\"https:\/\/avrupapress.com\/#\/schema\/person\/0223dca19c72c43575bf30d1a2d8f4fa\"},\"potentialAction\":[{\"@type\":\"SearchAction\",\"target\":{\"@type\":\"EntryPoint\",\"urlTemplate\":\"https:\/\/avrupapress.com\/?s={search_term_string}\"},\"query-input\":{\"@type\":\"PropertyValueSpecification\",\"valueRequired\":true,\"valueName\":\"search_term_string\"}}],\"inLanguage\":\"fr-BE\"},{\"@type\":[\"Person\",\"Organization\"],\"@id\":\"https:\/\/avrupapress.com\/#\/schema\/person\/0223dca19c72c43575bf30d1a2d8f4fa\",\"name\":\"Bilgin \u00d6z\u00e7ift\u00e7i\",\"image\":{\"@type\":\"ImageObject\",\"inLanguage\":\"fr-BE\",\"@id\":\"https:\/\/avrupapress.com\/#\/schema\/person\/image\/\",\"url\":\"https:\/\/secure.gravatar.com\/avatar\/0f23b280433a21e1ea7a0adcc46ed0ad16afe3ad8e630fd13d8a017dcbd54ef3?s=96&d=mm&r=g\",\"contentUrl\":\"https:\/\/secure.gravatar.com\/avatar\/0f23b280433a21e1ea7a0adcc46ed0ad16afe3ad8e630fd13d8a017dcbd54ef3?s=96&d=mm&r=g\",\"caption\":\"Bilgin \u00d6z\u00e7ift\u00e7i\"},\"logo\":{\"@id\":\"https:\/\/avrupapress.com\/#\/schema\/person\/image\/\"},\"description\":\"Ne ben, nede sen... Biz ancak \\\"biz\\\" olursak g\u00fc\u00e7l\u00fc olabiliriz\"},{\"@type\":\"Person\",\"@id\":\"https:\/\/avrupapress.com\/#\/schema\/person\/68428444ec60970d1e1b700cf4ca1e8f\",\"name\":\"Edit\u00f6r\",\"image\":{\"@type\":\"ImageObject\",\"inLanguage\":\"fr-BE\",\"@id\":\"https:\/\/avrupapress.com\/#\/schema\/person\/image\/\",\"url\":\"https:\/\/secure.gravatar.com\/avatar\/74996b0977aa5f1559ba9883776652508b229005c0d78fb2597897f0bd651c09?s=96&d=mm&r=g\",\"contentUrl\":\"https:\/\/secure.gravatar.com\/avatar\/74996b0977aa5f1559ba9883776652508b229005c0d78fb2597897f0bd651c09?s=96&d=mm&r=g\",\"caption\":\"Edit\u00f6r\"},\"sameAs\":[\"http:\/\/www.avrupapress.com\"],\"url\":\"https:\/\/avrupapress.com\/main\/author\/editor\/\"}]}<\/script>\n<!-- \/ Yoast SEO plugin. -->","yoast_head_json":{"title":"Emirda\u011f\u2019da Ali R\u0131za ve Havva Kara Anaokulu \u00f6\u011frencileri \u2018Ramazan kolilerini\u2019 haz\u0131rlad\u0131lar - AvrupaPress","robots":{"index":"index","follow":"follow","max-snippet":"max-snippet:-1","max-image-preview":"max-image-preview:large","max-video-preview":"max-video-preview:-1"},"canonical":"https:\/\/avrupapress.com\/main\/2026\/03\/10\/emirdagda-ali-riza-ve-havva-kara-anaokulu-ogrencileri-ramazan-kolilerini-hazirladilar\/","og_locale":"fr_FR","og_type":"article","og_title":"Emirda\u011f\u2019da Ali R\u0131za ve Havva Kara Anaokulu \u00f6\u011frencileri \u2018Ramazan kolilerini\u2019 haz\u0131rlad\u0131lar - AvrupaPress","og_description":"&nbsp; (\/FOTO\u011eRAFLI) HABER \/ FOTO\u011eRAF: ERTU\u011eRUL ALTINEL \u2013 B\u0130LG\u0130N \u00d6Z\u00c7\u0130FT\u00c7\u0130 \u2013 AVRUPA PRESS \u2013 BEL\u00c7\u0130KA. Emirda\u011f\u2019da Ali R\u0131za ve Havva Kara Anaokulu \u00f6\u011frencileri; Maarifin Kalbinde, Ramazan etkinli\u011fi kapsam\u0131nda \u2018Ramazan kolilerini\u2019 g\u00f6n\u00fcll\u00fc olarak haz\u0131rlad\u0131lar. \u00d6\u011frenciler, \u2018Ramazan kolileri\u2019 haz\u0131rlayarak payla\u015fman\u0131n, yard\u0131mla\u015fman\u0131n ve iyili\u011fin mutlulu\u011funu tatt\u0131lar. Emirda\u011f \u0130l\u00e7e Milli E\u011fitim M\u00fcd\u00fcr\u00fc G\u00fcrkan Emeksiz, \u2018\u2019Ramazan ay\u0131n\u0131n ruhunu \u00e7ocuklar\u0131m\u0131zla birlikte [&hellip;]","og_url":"https:\/\/avrupapress.com\/main\/2026\/03\/10\/emirdagda-ali-riza-ve-havva-kara-anaokulu-ogrencileri-ramazan-kolilerini-hazirladilar\/","og_site_name":"AvrupaPress","article_published_time":"2026-03-10T17:13:13+00:00","article_modified_time":"2026-03-10T17:13:21+00:00","og_image":[{"width":1600,"height":1200,"url":"https:\/\/avrupapress.com\/main\/wp-content\/uploads\/2026\/03\/WhatsApp-Image-2026-03-10-at-00.48.28ertugrul.jpeg","type":"image\/jpeg"}],"author":"Edit\u00f6r","twitter_card":"summary_large_image","twitter_misc":{"\u00c9crit par":"Edit\u00f6r","Dur\u00e9e de lecture est.":"2 minutes"},"schema":{"@context":"https:\/\/schema.org","@graph":[{"@type":"Article","@id":"https:\/\/avrupapress.com\/main\/2026\/03\/10\/emirdagda-ali-riza-ve-havva-kara-anaokulu-ogrencileri-ramazan-kolilerini-hazirladilar\/#article","isPartOf":{"@id":"https:\/\/avrupapress.com\/main\/2026\/03\/10\/emirdagda-ali-riza-ve-havva-kara-anaokulu-ogrencileri-ramazan-kolilerini-hazirladilar\/"},"author":{"name":"Edit\u00f6r","@id":"https:\/\/avrupapress.com\/#\/schema\/person\/68428444ec60970d1e1b700cf4ca1e8f"},"headline":"Emirda\u011f\u2019da Ali R\u0131za ve Havva Kara Anaokulu \u00f6\u011frencileri \u2018Ramazan kolilerini\u2019 haz\u0131rlad\u0131lar","datePublished":"2026-03-10T17:13:13+00:00","dateModified":"2026-03-10T17:13:21+00:00","mainEntityOfPage":{"@id":"https:\/\/avrupapress.com\/main\/2026\/03\/10\/emirdagda-ali-riza-ve-havva-kara-anaokulu-ogrencileri-ramazan-kolilerini-hazirladilar\/"},"wordCount":288,"publisher":{"@id":"https:\/\/avrupapress.com\/#\/schema\/person\/0223dca19c72c43575bf30d1a2d8f4fa"},"image":{"@id":"https:\/\/avrupapress.com\/main\/2026\/03\/10\/emirdagda-ali-riza-ve-havva-kara-anaokulu-ogrencileri-ramazan-kolilerini-hazirladilar\/#primaryimage"},"thumbnailUrl":"https:\/\/avrupapress.com\/main\/wp-content\/uploads\/2026\/03\/WhatsApp-Image-2026-03-10-at-00.48.28ertugrul.jpeg","articleSection":["Avrupa","Bel\u00e7ika","D\u00fcnya","Ekonomi","K\u00fclt\u00fcr-Sanat","Spor","Tan\u0131t\u0131m","T\u00fcrkiye","Uncategorized"],"inLanguage":"fr-BE"},{"@type":"WebPage","@id":"https:\/\/avrupapress.com\/main\/2026\/03\/10\/emirdagda-ali-riza-ve-havva-kara-anaokulu-ogrencileri-ramazan-kolilerini-hazirladilar\/","url":"https:\/\/avrupapress.com\/main\/2026\/03\/10\/emirdagda-ali-riza-ve-havva-kara-anaokulu-ogrencileri-ramazan-kolilerini-hazirladilar\/","name":"Emirda\u011f\u2019da Ali R\u0131za ve Havva Kara Anaokulu \u00f6\u011frencileri \u2018Ramazan kolilerini\u2019 haz\u0131rlad\u0131lar - AvrupaPress","isPartOf":{"@id":"https:\/\/avrupapress.com\/#website"},"primaryImageOfPage":{"@id":"https:\/\/avrupapress.com\/main\/2026\/03\/10\/emirdagda-ali-riza-ve-havva-kara-anaokulu-ogrencileri-ramazan-kolilerini-hazirladilar\/#primaryimage"},"image":{"@id":"https:\/\/avrupapress.com\/main\/2026\/03\/10\/emirdagda-ali-riza-ve-havva-kara-anaokulu-ogrencileri-ramazan-kolilerini-hazirladilar\/#primaryimage"},"thumbnailUrl":"https:\/\/avrupapress.com\/main\/wp-content\/uploads\/2026\/03\/WhatsApp-Image-2026-03-10-at-00.48.28ertugrul.jpeg","datePublished":"2026-03-10T17:13:13+00:00","dateModified":"2026-03-10T17:13:21+00:00","breadcrumb":{"@id":"https:\/\/avrupapress.com\/main\/2026\/03\/10\/emirdagda-ali-riza-ve-havva-kara-anaokulu-ogrencileri-ramazan-kolilerini-hazirladilar\/#breadcrumb"},"inLanguage":"fr-BE","potentialAction":[{"@type":"ReadAction","target":["https:\/\/avrupapress.com\/main\/2026\/03\/10\/emirdagda-ali-riza-ve-havva-kara-anaokulu-ogrencileri-ramazan-kolilerini-hazirladilar\/"]}]},{"@type":"ImageObject","inLanguage":"fr-BE","@id":"https:\/\/avrupapress.com\/main\/2026\/03\/10\/emirdagda-ali-riza-ve-havva-kara-anaokulu-ogrencileri-ramazan-kolilerini-hazirladilar\/#primaryimage","url":"https:\/\/avrupapress.com\/main\/wp-content\/uploads\/2026\/03\/WhatsApp-Image-2026-03-10-at-00.48.28ertugrul.jpeg","contentUrl":"https:\/\/avrupapress.com\/main\/wp-content\/uploads\/2026\/03\/WhatsApp-Image-2026-03-10-at-00.48.28ertugrul.jpeg","width":1600,"height":1200},{"@type":"BreadcrumbList","@id":"https:\/\/avrupapress.com\/main\/2026\/03\/10\/emirdagda-ali-riza-ve-havva-kara-anaokulu-ogrencileri-ramazan-kolilerini-hazirladilar\/#breadcrumb","itemListElement":[{"@type":"ListItem","position":1,"name":"Anasayfa","item":"https:\/\/avrupapress.com\/"},{"@type":"ListItem","position":2,"name":"Emirda\u011f\u2019da Ali R\u0131za ve Havva Kara Anaokulu \u00f6\u011frencileri \u2018Ramazan kolilerini\u2019 haz\u0131rlad\u0131lar"}]},{"@type":"WebSite","@id":"https:\/\/avrupapress.com\/#website","url":"https:\/\/avrupapress.com\/","name":"AvrupaPress","description":"Haberin Adresi","publisher":{"@id":"https:\/\/avrupapress.com\/#\/schema\/person\/0223dca19c72c43575bf30d1a2d8f4fa"},"potentialAction":[{"@type":"SearchAction","target":{"@type":"EntryPoint","urlTemplate":"https:\/\/avrupapress.com\/?s={search_term_string}"},"query-input":{"@type":"PropertyValueSpecification","valueRequired":true,"valueName":"search_term_string"}}],"inLanguage":"fr-BE"},{"@type":["Person","Organization"],"@id":"https:\/\/avrupapress.com\/#\/schema\/person\/0223dca19c72c43575bf30d1a2d8f4fa","name":"Bilgin \u00d6z\u00e7ift\u00e7i","image":{"@type":"ImageObject","inLanguage":"fr-BE","@id":"https:\/\/avrupapress.com\/#\/schema\/person\/image\/","url":"https:\/\/secure.gravatar.com\/avatar\/0f23b280433a21e1ea7a0adcc46ed0ad16afe3ad8e630fd13d8a017dcbd54ef3?s=96&d=mm&r=g","contentUrl":"https:\/\/secure.gravatar.com\/avatar\/0f23b280433a21e1ea7a0adcc46ed0ad16afe3ad8e630fd13d8a017dcbd54ef3?s=96&d=mm&r=g","caption":"Bilgin \u00d6z\u00e7ift\u00e7i"},"logo":{"@id":"https:\/\/avrupapress.com\/#\/schema\/person\/image\/"},"description":"Ne ben, nede sen... Biz ancak \"biz\" olursak g\u00fc\u00e7l\u00fc olabiliriz"},{"@type":"Person","@id":"https:\/\/avrupapress.com\/#\/schema\/person\/68428444ec60970d1e1b700cf4ca1e8f","name":"Edit\u00f6r","image":{"@type":"ImageObject","inLanguage":"fr-BE","@id":"https:\/\/avrupapress.com\/#\/schema\/person\/image\/","url":"https:\/\/secure.gravatar.com\/avatar\/74996b0977aa5f1559ba9883776652508b229005c0d78fb2597897f0bd651c09?s=96&d=mm&r=g","contentUrl":"https:\/\/secure.gravatar.com\/avatar\/74996b0977aa5f1559ba9883776652508b229005c0d78fb2597897f0bd651c09?s=96&d=mm&r=g","caption":"Edit\u00f6r"},"sameAs":["http:\/\/www.avrupapress.com"],"url":"https:\/\/avrupapress.com\/main\/author\/editor\/"}]}},"_links":{"self":[{"href":"https:\/\/avrupapress.com\/main\/wp-json\/wp\/v2\/posts\/33545","targetHints":{"allow":["GET"]}}],"collection":[{"href":"https:\/\/avrupapress.com\/main\/wp-json\/wp\/v2\/posts"}],"about":[{"href":"https:\/\/avrupapress.com\/main\/wp-json\/wp\/v2\/types\/post"}],"author":[{"embeddable":true,"href":"https:\/\/avrupapress.com\/main\/wp-json\/wp\/v2\/users\/3"}],"replies":[{"embeddable":true,"href":"https:\/\/avrupapress.com\/main\/wp-json\/wp\/v2\/comments?post=33545"}],"version-history":[{"count":1,"href":"https:\/\/avrupapress.com\/main\/wp-json\/wp\/v2\/posts\/33545\/revisions"}],"predecessor-version":[{"id":33548,"href":"https:\/\/avrupapress.com\/main\/wp-json\/wp\/v2\/posts\/33545\/revisions\/33548"}],"wp:featuredmedia":[{"embeddable":true,"href":"https:\/\/avrupapress.com\/main\/wp-json\/wp\/v2\/media\/33546"}],"wp:attachment":[{"href":"https:\/\/avrupapress.com\/main\/wp-json\/wp\/v2\/media?parent=33545"}],"wp:term":[{"taxonomy":"category","embeddable":true,"href":"https:\/\/avrupapress.com\/main\/wp-json\/wp\/v2\/categories?post=33545"},{"taxonomy":"post_tag","embeddable":true,"href":"https:\/\/avrupapress.com\/main\/wp-json\/wp\/v2\/tags?post=33545"}],"curies":[{"name":"wp","href":"https:\/\/api.w.org\/{rel}","templated":true}]}}