{"id":33541,"date":"2026-03-09T20:55:57","date_gmt":"2026-03-09T20:55:57","guid":{"rendered":"https:\/\/avrupapress.com\/main\/?p=33541"},"modified":"2026-03-09T20:56:42","modified_gmt":"2026-03-09T20:56:42","slug":"33541","status":"publish","type":"post","link":"https:\/\/avrupapress.com\/main\/2026\/03\/09\/33541\/","title":{"rendered":""},"content":{"rendered":"<p><strong>6284 Say\u0131l\u0131 Kanunda Velayet Hakk\u0131 Nedir?<\/strong><br \/>\nAile i\u00e7i \u015fiddet, \u00fclkemizdeki en \u00f6nemli toplumsal sorunlardan biridir. Bu sorundan en \u00e7ok etkilenen ve \u00f6rselenen kesim ise \u00e7ocuklard\u0131r. Bu nedenle, 6284 say\u0131l\u0131 Ailenin Korunmas\u0131 ve Kad\u0131na Kar\u015f\u0131 \u015eiddetin \u00d6nlenmesine Dair Kanun, \u015fiddet ma\u011fduru kad\u0131n ve \u00e7ocuklar\u0131n korunmas\u0131na y\u00f6nelik kapsaml\u0131 d\u00fczenlemeler i\u00e7ermektedir.<br \/>\n<strong>\u015eiddet ma\u011fduru \u00e7ocuklar\u0131n korunmas\u0131 amac\u0131yla velayet hususu da 6284 say\u0131l\u0131 Kanun kapsam\u0131nda d\u00fczenlenmi\u015ftir. Kanunda, h\u00e2kimin<\/strong> <strong>bo\u015fanma davas\u0131 a\u00e7\u0131lm\u0131\u015f olmasa dahi velayetin de\u011fi\u015ftirilmesine karar verebilece\u011fi a\u00e7\u0131k\u00e7a h\u00fckme ba\u011flanm\u0131\u015ft\u0131r.<\/strong><br \/>\n6284 say\u0131l\u0131 Kanun\u2019un 5\/3. maddesi gere\u011fince h\u00e2kim, bu Kanun\u2019da yer alan koruyucu ve \u00f6nleyici tedbirlerin yan\u0131nda, 4721 say\u0131l\u0131 T\u00fcrk Medeni Kanunu h\u00fck\u00fcmleri uyar\u0131nca velayet, kayy\u0131m atanmas\u0131, nafaka ve \u00e7ocukla ki\u015fisel ili\u015fki kurulmas\u0131 konular\u0131nda da karar verebilir.Bu h\u00fck\u00fcm do\u011frultusunda h\u00e2kim, \u00e7ocu\u011fun \u00fcst\u00fcn yarar\u0131 ilkesi gere\u011fince olay\u0131n \u00f6zelliklerini de\u011ferlendirerek; \u00e7ocu\u011fun psikolojik, e\u011fitsel ve sosyal geli\u015fiminin korunmas\u0131n\u0131, ebeveynleri ile sa\u011fl\u0131kl\u0131 ileti\u015fim kurabilmesini sa\u011flamak amac\u0131yla 5395 say\u0131l\u0131 \u00c7ocuk Koruma Kanunu\u2019nda d\u00fczenlenen koruyucu ve destekleyici tedbirlere de h\u00fckmedebilir. Ayn\u0131 zamanda, T\u00fcrk Medeni Kanunu\u2019nda yer alan velayet, kayy\u0131m, nafaka ve ki\u015fisel ili\u015fki kurulmas\u0131na ili\u015fkin h\u00fck\u00fcmler de uygulanabilir.<br \/>\n<strong>H\u00e2kim, bu tedbir kararlar\u0131n\u0131 vermeden \u00f6nce sosyal inceleme raporu alabilir. Sosyal inceleme raporunda, \u00e7ocu\u011fun \u00fcst\u00fcn yarar\u0131 esas al\u0131narak velayet konusunda de\u011ferlendirme yap\u0131lmaktad\u0131r.<\/strong><br \/>\n<strong>Velayet Anneye mi Verilir?<\/strong><br \/>\nVelayet konusunda temel ilke \u00e7ocu\u011fun \u00fcst\u00fcn yarar\u0131d\u0131r. \u00c7ocu\u011fun ya\u015f\u0131n\u0131n k\u00fc\u00e7\u00fck olmas\u0131 h\u00e2linde velayetin genellikle anneye b\u0131rak\u0131ld\u0131\u011f\u0131 y\u00f6n\u00fcnde bir uygulama bulunsa da, bu durum mutlak de\u011fildir. Olay\u0131n \u00f6zelliklerine g\u00f6re k\u00fc\u00e7\u00fck ya\u015ftaki \u00e7ocu\u011fun velayeti babaya da verilebilir. Yarg\u0131tay kararlar\u0131nda da belirtildi\u011fi \u00fczere; \u00e7ocu\u011fun anne yan\u0131nda kalmas\u0131n\u0131n bedensel, zihinsel ve ahlaki geli\u015fimine engel olaca\u011f\u0131na dair ciddi ve inand\u0131r\u0131c\u0131 deliller bulunmad\u0131k\u00e7a ve derh\u00e2l ger\u00e7ekle\u015fmesi muhtemel bir tehlike ispat edilmedik\u00e7e, anne bak\u0131m ve \u015fefkatine muhta\u00e7 olan k\u00fc\u00e7\u00fck ya\u015ftaki \u00e7ocu\u011fun velayetinin anneye verilmesi gerekti\u011fi kabul edilmektedir.<br \/>\n<strong>6284 Say\u0131l\u0131 Kanuna G\u00f6re Velayet Koruma Karar\u0131 Nas\u0131l Al\u0131n\u0131r?<\/strong><br \/>\n6284 say\u0131l\u0131 Kanun uyar\u0131nca koruyucu ve \u00f6nleyici tedbirler Aile Mahkemesi taraf\u0131ndan al\u0131n\u0131r. Aile Mahkemesi bulunmayan yerlerde ise davalar Asliye Hukuk Mahkemesi taraf\u0131ndan Aile Mahkemesi s\u0131fat\u0131yla g\u00f6r\u00fcl\u00fcr ve karara ba\u011flan\u0131r.<\/p>\n<p>&nbsp;<\/p>\n<p><img loading=\"lazy\" decoding=\"async\" class=\"alignnone size-medium wp-image-33542\" src=\"https:\/\/avrupapress.com\/main\/wp-content\/uploads\/2026\/03\/thumbnail_IMG-20241207-WA0012-e1733689019920-740x420-1-1-2-1-1-1-1-1-1-1-1-1-2-2-1-1-1-1-1-1-1-1-1-300x170.jpg\" alt=\"\" width=\"300\" height=\"170\" srcset=\"https:\/\/avrupapress.com\/main\/wp-content\/uploads\/2026\/03\/thumbnail_IMG-20241207-WA0012-e1733689019920-740x420-1-1-2-1-1-1-1-1-1-1-1-1-2-2-1-1-1-1-1-1-1-1-1-300x170.jpg 300w, https:\/\/avrupapress.com\/main\/wp-content\/uploads\/2026\/03\/thumbnail_IMG-20241207-WA0012-e1733689019920-740x420-1-1-2-1-1-1-1-1-1-1-1-1-2-2-1-1-1-1-1-1-1-1-1.jpg 740w\" sizes=\"auto, (max-width: 300px) 100vw, 300px\" \/><\/p>\n<p>&nbsp;<\/p>\n<p><strong>\u00a0E-mail : av.cerenyanik@hotmail.com<\/strong><\/p>\n<p>&nbsp;<\/p>\n<p>&nbsp;<\/p>\n<p><strong>Avukat\u00a0<\/strong>\u00a0<strong>Ceren Yan\u0131k\u00a0 \u00a0 \u00a0\/\u00a0 \u00a0 \u00a0AVRUPAPRESS<\/strong><\/p>\n","protected":false},"excerpt":{"rendered":"<p>6284 Say\u0131l\u0131 Kanunda Velayet Hakk\u0131 Nedir? Aile i\u00e7i \u015fiddet, \u00fclkemizdeki en \u00f6nemli toplumsal sorunlardan biridir. Bu sorundan en \u00e7ok etkilenen ve \u00f6rselenen kesim ise \u00e7ocuklard\u0131r. Bu nedenle, 6284 say\u0131l\u0131 Ailenin Korunmas\u0131 ve Kad\u0131na Kar\u015f\u0131 \u015eiddetin \u00d6nlenmesine Dair Kanun, \u015fiddet ma\u011fduru kad\u0131n ve \u00e7ocuklar\u0131n korunmas\u0131na y\u00f6nelik kapsaml\u0131 d\u00fczenlemeler i\u00e7ermektedir. \u015eiddet ma\u011fduru \u00e7ocuklar\u0131n korunmas\u0131 amac\u0131yla velayet hususu [&hellip;]<\/p>\n","protected":false},"author":3,"featured_media":33544,"comment_status":"closed","ping_status":"open","sticky":false,"template":"","format":"standard","meta":{"footnotes":""},"categories":[14,16,3,17,18,15,19,2,1],"tags":[],"class_list":["post-33541","post","type-post","status-publish","format-standard","has-post-thumbnail","hentry","category-avrupa","category-belcika","category-dunya","category-ekonomi","category-kultur-sanat","category-spor","category-tanitim","category-turkiye","category-uncategorized"],"yoast_head":"<!-- This site is optimized with the Yoast SEO plugin v26.9 - https:\/\/yoast.com\/product\/yoast-seo-wordpress\/ -->\n<title>- AvrupaPress<\/title>\n<meta name=\"robots\" content=\"index, follow, max-snippet:-1, max-image-preview:large, max-video-preview:-1\" \/>\n<link rel=\"canonical\" href=\"https:\/\/avrupapress.com\/main\/2026\/03\/09\/33541\/\" \/>\n<meta property=\"og:locale\" content=\"fr_FR\" \/>\n<meta property=\"og:type\" content=\"article\" \/>\n<meta property=\"og:title\" content=\"- AvrupaPress\" \/>\n<meta property=\"og:description\" content=\"6284 Say\u0131l\u0131 Kanunda Velayet Hakk\u0131 Nedir? Aile i\u00e7i \u015fiddet, \u00fclkemizdeki en \u00f6nemli toplumsal sorunlardan biridir. Bu sorundan en \u00e7ok etkilenen ve \u00f6rselenen kesim ise \u00e7ocuklard\u0131r. Bu nedenle, 6284 say\u0131l\u0131 Ailenin Korunmas\u0131 ve Kad\u0131na Kar\u015f\u0131 \u015eiddetin \u00d6nlenmesine Dair Kanun, \u015fiddet ma\u011fduru kad\u0131n ve \u00e7ocuklar\u0131n korunmas\u0131na y\u00f6nelik kapsaml\u0131 d\u00fczenlemeler i\u00e7ermektedir. \u015eiddet ma\u011fduru \u00e7ocuklar\u0131n korunmas\u0131 amac\u0131yla velayet hususu [&hellip;]\" \/>\n<meta property=\"og:url\" content=\"https:\/\/avrupapress.com\/main\/2026\/03\/09\/33541\/\" \/>\n<meta property=\"og:site_name\" content=\"AvrupaPress\" \/>\n<meta property=\"article:published_time\" content=\"2026-03-09T20:55:57+00:00\" \/>\n<meta property=\"article:modified_time\" content=\"2026-03-09T20:56:42+00:00\" \/>\n<meta property=\"og:image\" content=\"https:\/\/avrupapress.com\/main\/wp-content\/uploads\/2026\/03\/thumbnail_IMG-20241207-WA0012-e1733689019920-740x420-1-1-2-1-1-1-1-1-1-1-1-1-2-1-1-1-1-1-1-1-1-1-1-1.jpg\" \/>\n\t<meta property=\"og:image:width\" content=\"740\" \/>\n\t<meta property=\"og:image:height\" content=\"420\" \/>\n\t<meta property=\"og:image:type\" content=\"image\/jpeg\" \/>\n<meta name=\"author\" content=\"Edit\u00f6r\" \/>\n<meta name=\"twitter:card\" content=\"summary_large_image\" \/>\n<meta name=\"twitter:label1\" content=\"\u00c9crit par\" \/>\n\t<meta name=\"twitter:data1\" content=\"Edit\u00f6r\" \/>\n\t<meta name=\"twitter:label2\" content=\"Dur\u00e9e de lecture est.\" \/>\n\t<meta name=\"twitter:data2\" content=\"3 minutes\" \/>\n<script type=\"application\/ld+json\" class=\"yoast-schema-graph\">{\"@context\":\"https:\/\/schema.org\",\"@graph\":[{\"@type\":\"Article\",\"@id\":\"https:\/\/avrupapress.com\/main\/2026\/03\/09\/33541\/#article\",\"isPartOf\":{\"@id\":\"https:\/\/avrupapress.com\/main\/2026\/03\/09\/33541\/\"},\"author\":{\"name\":\"Edit\u00f6r\",\"@id\":\"https:\/\/avrupapress.com\/#\/schema\/person\/68428444ec60970d1e1b700cf4ca1e8f\"},\"headline\":\"Aucun titre\",\"datePublished\":\"2026-03-09T20:55:57+00:00\",\"dateModified\":\"2026-03-09T20:56:42+00:00\",\"mainEntityOfPage\":{\"@id\":\"https:\/\/avrupapress.com\/main\/2026\/03\/09\/33541\/\"},\"wordCount\":460,\"publisher\":{\"@id\":\"https:\/\/avrupapress.com\/#\/schema\/person\/0223dca19c72c43575bf30d1a2d8f4fa\"},\"image\":{\"@id\":\"https:\/\/avrupapress.com\/main\/2026\/03\/09\/33541\/#primaryimage\"},\"thumbnailUrl\":\"https:\/\/avrupapress.com\/main\/wp-content\/uploads\/2026\/03\/thumbnail_IMG-20241207-WA0012-e1733689019920-740x420-1-1-2-1-1-1-1-1-1-1-1-1-2-1-1-1-1-1-1-1-1-1-1-1.jpg\",\"articleSection\":[\"Avrupa\",\"Bel\u00e7ika\",\"D\u00fcnya\",\"Ekonomi\",\"K\u00fclt\u00fcr-Sanat\",\"Spor\",\"Tan\u0131t\u0131m\",\"T\u00fcrkiye\",\"Uncategorized\"],\"inLanguage\":\"fr-BE\"},{\"@type\":\"WebPage\",\"@id\":\"https:\/\/avrupapress.com\/main\/2026\/03\/09\/33541\/\",\"url\":\"https:\/\/avrupapress.com\/main\/2026\/03\/09\/33541\/\",\"name\":\"- AvrupaPress\",\"isPartOf\":{\"@id\":\"https:\/\/avrupapress.com\/#website\"},\"primaryImageOfPage\":{\"@id\":\"https:\/\/avrupapress.com\/main\/2026\/03\/09\/33541\/#primaryimage\"},\"image\":{\"@id\":\"https:\/\/avrupapress.com\/main\/2026\/03\/09\/33541\/#primaryimage\"},\"thumbnailUrl\":\"https:\/\/avrupapress.com\/main\/wp-content\/uploads\/2026\/03\/thumbnail_IMG-20241207-WA0012-e1733689019920-740x420-1-1-2-1-1-1-1-1-1-1-1-1-2-1-1-1-1-1-1-1-1-1-1-1.jpg\",\"datePublished\":\"2026-03-09T20:55:57+00:00\",\"dateModified\":\"2026-03-09T20:56:42+00:00\",\"inLanguage\":\"fr-BE\",\"potentialAction\":[{\"@type\":\"ReadAction\",\"target\":[\"https:\/\/avrupapress.com\/main\/2026\/03\/09\/33541\/\"]}]},{\"@type\":\"ImageObject\",\"inLanguage\":\"fr-BE\",\"@id\":\"https:\/\/avrupapress.com\/main\/2026\/03\/09\/33541\/#primaryimage\",\"url\":\"https:\/\/avrupapress.com\/main\/wp-content\/uploads\/2026\/03\/thumbnail_IMG-20241207-WA0012-e1733689019920-740x420-1-1-2-1-1-1-1-1-1-1-1-1-2-1-1-1-1-1-1-1-1-1-1-1.jpg\",\"contentUrl\":\"https:\/\/avrupapress.com\/main\/wp-content\/uploads\/2026\/03\/thumbnail_IMG-20241207-WA0012-e1733689019920-740x420-1-1-2-1-1-1-1-1-1-1-1-1-2-1-1-1-1-1-1-1-1-1-1-1.jpg\",\"width\":740,\"height\":420},{\"@type\":\"WebSite\",\"@id\":\"https:\/\/avrupapress.com\/#website\",\"url\":\"https:\/\/avrupapress.com\/\",\"name\":\"AvrupaPress\",\"description\":\"Haberin Adresi\",\"publisher\":{\"@id\":\"https:\/\/avrupapress.com\/#\/schema\/person\/0223dca19c72c43575bf30d1a2d8f4fa\"},\"potentialAction\":[{\"@type\":\"SearchAction\",\"target\":{\"@type\":\"EntryPoint\",\"urlTemplate\":\"https:\/\/avrupapress.com\/?s={search_term_string}\"},\"query-input\":{\"@type\":\"PropertyValueSpecification\",\"valueRequired\":true,\"valueName\":\"search_term_string\"}}],\"inLanguage\":\"fr-BE\"},{\"@type\":[\"Person\",\"Organization\"],\"@id\":\"https:\/\/avrupapress.com\/#\/schema\/person\/0223dca19c72c43575bf30d1a2d8f4fa\",\"name\":\"Bilgin \u00d6z\u00e7ift\u00e7i\",\"image\":{\"@type\":\"ImageObject\",\"inLanguage\":\"fr-BE\",\"@id\":\"https:\/\/avrupapress.com\/#\/schema\/person\/image\/\",\"url\":\"https:\/\/secure.gravatar.com\/avatar\/0f23b280433a21e1ea7a0adcc46ed0ad16afe3ad8e630fd13d8a017dcbd54ef3?s=96&d=mm&r=g\",\"contentUrl\":\"https:\/\/secure.gravatar.com\/avatar\/0f23b280433a21e1ea7a0adcc46ed0ad16afe3ad8e630fd13d8a017dcbd54ef3?s=96&d=mm&r=g\",\"caption\":\"Bilgin \u00d6z\u00e7ift\u00e7i\"},\"logo\":{\"@id\":\"https:\/\/avrupapress.com\/#\/schema\/person\/image\/\"},\"description\":\"Ne ben, nede sen... Biz ancak \\\"biz\\\" olursak g\u00fc\u00e7l\u00fc olabiliriz\"},{\"@type\":\"Person\",\"@id\":\"https:\/\/avrupapress.com\/#\/schema\/person\/68428444ec60970d1e1b700cf4ca1e8f\",\"name\":\"Edit\u00f6r\",\"image\":{\"@type\":\"ImageObject\",\"inLanguage\":\"fr-BE\",\"@id\":\"https:\/\/avrupapress.com\/#\/schema\/person\/image\/\",\"url\":\"https:\/\/secure.gravatar.com\/avatar\/74996b0977aa5f1559ba9883776652508b229005c0d78fb2597897f0bd651c09?s=96&d=mm&r=g\",\"contentUrl\":\"https:\/\/secure.gravatar.com\/avatar\/74996b0977aa5f1559ba9883776652508b229005c0d78fb2597897f0bd651c09?s=96&d=mm&r=g\",\"caption\":\"Edit\u00f6r\"},\"sameAs\":[\"http:\/\/www.avrupapress.com\"],\"url\":\"https:\/\/avrupapress.com\/main\/author\/editor\/\"}]}<\/script>\n<!-- \/ Yoast SEO plugin. -->","yoast_head_json":{"title":"- AvrupaPress","robots":{"index":"index","follow":"follow","max-snippet":"max-snippet:-1","max-image-preview":"max-image-preview:large","max-video-preview":"max-video-preview:-1"},"canonical":"https:\/\/avrupapress.com\/main\/2026\/03\/09\/33541\/","og_locale":"fr_FR","og_type":"article","og_title":"- AvrupaPress","og_description":"6284 Say\u0131l\u0131 Kanunda Velayet Hakk\u0131 Nedir? Aile i\u00e7i \u015fiddet, \u00fclkemizdeki en \u00f6nemli toplumsal sorunlardan biridir. Bu sorundan en \u00e7ok etkilenen ve \u00f6rselenen kesim ise \u00e7ocuklard\u0131r. Bu nedenle, 6284 say\u0131l\u0131 Ailenin Korunmas\u0131 ve Kad\u0131na Kar\u015f\u0131 \u015eiddetin \u00d6nlenmesine Dair Kanun, \u015fiddet ma\u011fduru kad\u0131n ve \u00e7ocuklar\u0131n korunmas\u0131na y\u00f6nelik kapsaml\u0131 d\u00fczenlemeler i\u00e7ermektedir. \u015eiddet ma\u011fduru \u00e7ocuklar\u0131n korunmas\u0131 amac\u0131yla velayet hususu [&hellip;]","og_url":"https:\/\/avrupapress.com\/main\/2026\/03\/09\/33541\/","og_site_name":"AvrupaPress","article_published_time":"2026-03-09T20:55:57+00:00","article_modified_time":"2026-03-09T20:56:42+00:00","og_image":[{"width":740,"height":420,"url":"https:\/\/avrupapress.com\/main\/wp-content\/uploads\/2026\/03\/thumbnail_IMG-20241207-WA0012-e1733689019920-740x420-1-1-2-1-1-1-1-1-1-1-1-1-2-1-1-1-1-1-1-1-1-1-1-1.jpg","type":"image\/jpeg"}],"author":"Edit\u00f6r","twitter_card":"summary_large_image","twitter_misc":{"\u00c9crit par":"Edit\u00f6r","Dur\u00e9e de lecture est.":"3 minutes"},"schema":{"@context":"https:\/\/schema.org","@graph":[{"@type":"Article","@id":"https:\/\/avrupapress.com\/main\/2026\/03\/09\/33541\/#article","isPartOf":{"@id":"https:\/\/avrupapress.com\/main\/2026\/03\/09\/33541\/"},"author":{"name":"Edit\u00f6r","@id":"https:\/\/avrupapress.com\/#\/schema\/person\/68428444ec60970d1e1b700cf4ca1e8f"},"headline":"Aucun titre","datePublished":"2026-03-09T20:55:57+00:00","dateModified":"2026-03-09T20:56:42+00:00","mainEntityOfPage":{"@id":"https:\/\/avrupapress.com\/main\/2026\/03\/09\/33541\/"},"wordCount":460,"publisher":{"@id":"https:\/\/avrupapress.com\/#\/schema\/person\/0223dca19c72c43575bf30d1a2d8f4fa"},"image":{"@id":"https:\/\/avrupapress.com\/main\/2026\/03\/09\/33541\/#primaryimage"},"thumbnailUrl":"https:\/\/avrupapress.com\/main\/wp-content\/uploads\/2026\/03\/thumbnail_IMG-20241207-WA0012-e1733689019920-740x420-1-1-2-1-1-1-1-1-1-1-1-1-2-1-1-1-1-1-1-1-1-1-1-1.jpg","articleSection":["Avrupa","Bel\u00e7ika","D\u00fcnya","Ekonomi","K\u00fclt\u00fcr-Sanat","Spor","Tan\u0131t\u0131m","T\u00fcrkiye","Uncategorized"],"inLanguage":"fr-BE"},{"@type":"WebPage","@id":"https:\/\/avrupapress.com\/main\/2026\/03\/09\/33541\/","url":"https:\/\/avrupapress.com\/main\/2026\/03\/09\/33541\/","name":"- AvrupaPress","isPartOf":{"@id":"https:\/\/avrupapress.com\/#website"},"primaryImageOfPage":{"@id":"https:\/\/avrupapress.com\/main\/2026\/03\/09\/33541\/#primaryimage"},"image":{"@id":"https:\/\/avrupapress.com\/main\/2026\/03\/09\/33541\/#primaryimage"},"thumbnailUrl":"https:\/\/avrupapress.com\/main\/wp-content\/uploads\/2026\/03\/thumbnail_IMG-20241207-WA0012-e1733689019920-740x420-1-1-2-1-1-1-1-1-1-1-1-1-2-1-1-1-1-1-1-1-1-1-1-1.jpg","datePublished":"2026-03-09T20:55:57+00:00","dateModified":"2026-03-09T20:56:42+00:00","inLanguage":"fr-BE","potentialAction":[{"@type":"ReadAction","target":["https:\/\/avrupapress.com\/main\/2026\/03\/09\/33541\/"]}]},{"@type":"ImageObject","inLanguage":"fr-BE","@id":"https:\/\/avrupapress.com\/main\/2026\/03\/09\/33541\/#primaryimage","url":"https:\/\/avrupapress.com\/main\/wp-content\/uploads\/2026\/03\/thumbnail_IMG-20241207-WA0012-e1733689019920-740x420-1-1-2-1-1-1-1-1-1-1-1-1-2-1-1-1-1-1-1-1-1-1-1-1.jpg","contentUrl":"https:\/\/avrupapress.com\/main\/wp-content\/uploads\/2026\/03\/thumbnail_IMG-20241207-WA0012-e1733689019920-740x420-1-1-2-1-1-1-1-1-1-1-1-1-2-1-1-1-1-1-1-1-1-1-1-1.jpg","width":740,"height":420},{"@type":"WebSite","@id":"https:\/\/avrupapress.com\/#website","url":"https:\/\/avrupapress.com\/","name":"AvrupaPress","description":"Haberin Adresi","publisher":{"@id":"https:\/\/avrupapress.com\/#\/schema\/person\/0223dca19c72c43575bf30d1a2d8f4fa"},"potentialAction":[{"@type":"SearchAction","target":{"@type":"EntryPoint","urlTemplate":"https:\/\/avrupapress.com\/?s={search_term_string}"},"query-input":{"@type":"PropertyValueSpecification","valueRequired":true,"valueName":"search_term_string"}}],"inLanguage":"fr-BE"},{"@type":["Person","Organization"],"@id":"https:\/\/avrupapress.com\/#\/schema\/person\/0223dca19c72c43575bf30d1a2d8f4fa","name":"Bilgin \u00d6z\u00e7ift\u00e7i","image":{"@type":"ImageObject","inLanguage":"fr-BE","@id":"https:\/\/avrupapress.com\/#\/schema\/person\/image\/","url":"https:\/\/secure.gravatar.com\/avatar\/0f23b280433a21e1ea7a0adcc46ed0ad16afe3ad8e630fd13d8a017dcbd54ef3?s=96&d=mm&r=g","contentUrl":"https:\/\/secure.gravatar.com\/avatar\/0f23b280433a21e1ea7a0adcc46ed0ad16afe3ad8e630fd13d8a017dcbd54ef3?s=96&d=mm&r=g","caption":"Bilgin \u00d6z\u00e7ift\u00e7i"},"logo":{"@id":"https:\/\/avrupapress.com\/#\/schema\/person\/image\/"},"description":"Ne ben, nede sen... Biz ancak \"biz\" olursak g\u00fc\u00e7l\u00fc olabiliriz"},{"@type":"Person","@id":"https:\/\/avrupapress.com\/#\/schema\/person\/68428444ec60970d1e1b700cf4ca1e8f","name":"Edit\u00f6r","image":{"@type":"ImageObject","inLanguage":"fr-BE","@id":"https:\/\/avrupapress.com\/#\/schema\/person\/image\/","url":"https:\/\/secure.gravatar.com\/avatar\/74996b0977aa5f1559ba9883776652508b229005c0d78fb2597897f0bd651c09?s=96&d=mm&r=g","contentUrl":"https:\/\/secure.gravatar.com\/avatar\/74996b0977aa5f1559ba9883776652508b229005c0d78fb2597897f0bd651c09?s=96&d=mm&r=g","caption":"Edit\u00f6r"},"sameAs":["http:\/\/www.avrupapress.com"],"url":"https:\/\/avrupapress.com\/main\/author\/editor\/"}]}},"_links":{"self":[{"href":"https:\/\/avrupapress.com\/main\/wp-json\/wp\/v2\/posts\/33541","targetHints":{"allow":["GET"]}}],"collection":[{"href":"https:\/\/avrupapress.com\/main\/wp-json\/wp\/v2\/posts"}],"about":[{"href":"https:\/\/avrupapress.com\/main\/wp-json\/wp\/v2\/types\/post"}],"author":[{"embeddable":true,"href":"https:\/\/avrupapress.com\/main\/wp-json\/wp\/v2\/users\/3"}],"replies":[{"embeddable":true,"href":"https:\/\/avrupapress.com\/main\/wp-json\/wp\/v2\/comments?post=33541"}],"version-history":[{"count":1,"href":"https:\/\/avrupapress.com\/main\/wp-json\/wp\/v2\/posts\/33541\/revisions"}],"predecessor-version":[{"id":33543,"href":"https:\/\/avrupapress.com\/main\/wp-json\/wp\/v2\/posts\/33541\/revisions\/33543"}],"wp:featuredmedia":[{"embeddable":true,"href":"https:\/\/avrupapress.com\/main\/wp-json\/wp\/v2\/media\/33544"}],"wp:attachment":[{"href":"https:\/\/avrupapress.com\/main\/wp-json\/wp\/v2\/media?parent=33541"}],"wp:term":[{"taxonomy":"category","embeddable":true,"href":"https:\/\/avrupapress.com\/main\/wp-json\/wp\/v2\/categories?post=33541"},{"taxonomy":"post_tag","embeddable":true,"href":"https:\/\/avrupapress.com\/main\/wp-json\/wp\/v2\/tags?post=33541"}],"curies":[{"name":"wp","href":"https:\/\/api.w.org\/{rel}","templated":true}]}}