{"id":33528,"date":"2026-03-08T21:25:21","date_gmt":"2026-03-08T21:25:21","guid":{"rendered":"https:\/\/avrupapress.com\/main\/?p=33528"},"modified":"2026-03-09T04:14:12","modified_gmt":"2026-03-09T04:14:12","slug":"avrupapres-turkiye-temsilcimize-yeni-gorev","status":"publish","type":"post","link":"https:\/\/avrupapress.com\/main\/2026\/03\/08\/avrupapres-turkiye-temsilcimize-yeni-gorev\/","title":{"rendered":"AVRUPAPRES T\u00dcRK\u0130YE TEMS\u0130LC\u0130M\u0130ZE YEN\u0130 G\u00d6REV&#8230;."},"content":{"rendered":"<p>AVRUPAPRES T\u00dcRK\u0130YE TEMS\u0130LC\u0130M\u0130ZE YEN\u0130 G\u00d6REV<\/p>\n<p>Mehir Vakf\u0131 M\u00fctevelli Ba\u015fkan\u0131 Mustafa \u00d6zdemir taraf\u0131ndan K\u0131r\u0131kkale Mehir Aile Platformu kurucu ba\u015fkanl\u0131\u011f\u0131na P\u0131nar Ta\u015f\u00e7\u0131 YIKILMAZ getirildi .<br \/>\nMehir Aile Platformu K\u0131r\u0131kkale temsilcisi P\u0131nar Y\u0131k\u0131lmaz;<br \/>\n\u201c Platformumuz milli ve manevi noktalarda halk\u0131m\u0131z\u0131n ve ailelerimizin yan\u0131nda olacakt\u0131r. D\u00fcn milli m\u00fccadelemizde vatan\u0131m\u0131z\u0131 savunan analar\u0131m\u0131z gibi bug\u00fcn\u00fcn kad\u0131nlar\u0131 olarak bizler de \u00fclkemizin geli\u015fen d\u00fcnya ile rekabet edebilmesi ve rekabet edebilecek yeni nesiller yeti\u015ftirebilmesi i\u00e7in g\u00fc\u00e7l\u00fc ailemizle bilgi ve beceri d\u00fczeyimizi s\u00fcrekli art\u0131rarak; ilmi, ahlaki, sosyal ve ekonomik hayatta erke\u011fimizin orta\u011f\u0131, arkada\u015f\u0131, yard\u0131mc\u0131s\u0131 ve hatta yeri geldi\u011finde koruyucusu olaca\u011f\u0131z. \u201c dedi.<br \/>\nKIRIKKALE MEH\u0130R A\u0130LE PLATFORMU SAHAYA \u0130ND\u0130<br \/>\n\u201dRamazan ay\u0131nda yard\u0131mlar\u0131m\u0131zla ailelerimizi ziyaret ediyoruz. G\u00f6n\u00fcll\u00fcl\u00fck esas\u0131yla \u00e7al\u0131\u015ft\u0131\u011f\u0131m\u0131z platforma t\u00fcm karde\u015flerimizi ve ailelerimizi ,K\u0131r\u0131kkaleli han\u0131mefendileri K\u0131r\u0131kkale Mehir Aile Platformuna davet ediyoruz.<br \/>\nHeyecanl\u0131y\u0131z.Siyasi \u00e7al\u0131\u015fmalar\u0131m\u0131z\u0131n yan\u0131nda Aileyi g\u00fc\u00e7lendiren ,koruyan ve geli\u015ftiren toplumsal fark\u0131ndal\u0131k \u00e7al\u0131\u015fmalar\u0131m\u0131z\u0131 Mehir Aile Platformu \u00e7at\u0131s\u0131nda s\u00fcrd\u00fcrmekteyiz.Bulundu\u011fumuz her ortamda 81 ilde h\u0131zl\u0131 yap\u0131lanmas\u0131yla dikkat \u00e7eken Mehir Aile Platformumuzu tan\u0131t\u0131yoruz.\u0130limize de\u011fer katan ,ailelerimizi ve gen\u00e7lerimizi g\u00fc\u00e7lendiren her t\u00fcrl\u00fc \u00e7al\u0131\u015fmada g\u00f6n\u00fcll\u00fcy\u00fcz.<br \/>\nB\u00fcy\u00fcyerek \u00e7al\u0131\u015fmalar\u0131m\u0131z\u0131 g\u00fc\u00e7lendirece\u011fiz\u201ddedi .<br \/>\nBizde Belcika Bagimsiz\u00a0 Bas\u0131n Birligi ,TIGAD Avrupa Baskani , Avrupapress Gazetesi ve Basin Birligi cemiyeti olarak say\u0131n P\u0131nar Ta\u015f\u00e7\u0131 YIKILMAZ han\u0131mefendiyi tebrik ediyor ,her t\u00fcrl\u00fc \u00e7al\u0131\u015fmalar\u0131nda yan\u0131nda oldu\u011fumuzu bildiriyoruz.<br \/>\nHay\u0131rl\u0131 olsun<\/p>\n<p><img loading=\"lazy\" decoding=\"async\" class=\"alignnone size-medium wp-image-33529\" src=\"https:\/\/avrupapress.com\/main\/wp-content\/uploads\/2026\/03\/WhatsApp-Image-2026-03-09-at-00.12.26-238x300.jpeg\" alt=\"\" width=\"238\" height=\"300\" srcset=\"https:\/\/avrupapress.com\/main\/wp-content\/uploads\/2026\/03\/WhatsApp-Image-2026-03-09-at-00.12.26-238x300.jpeg 238w, https:\/\/avrupapress.com\/main\/wp-content\/uploads\/2026\/03\/WhatsApp-Image-2026-03-09-at-00.12.26-811x1024.jpeg 811w, https:\/\/avrupapress.com\/main\/wp-content\/uploads\/2026\/03\/WhatsApp-Image-2026-03-09-at-00.12.26-768x969.jpeg 768w, https:\/\/avrupapress.com\/main\/wp-content\/uploads\/2026\/03\/WhatsApp-Image-2026-03-09-at-00.12.26.jpeg 1064w\" sizes=\"auto, (max-width: 238px) 100vw, 238px\" \/><\/p>\n<p><img loading=\"lazy\" decoding=\"async\" class=\"alignnone size-medium wp-image-33530\" src=\"https:\/\/avrupapress.com\/main\/wp-content\/uploads\/2026\/03\/WhatsApp-Image-2026-03-09-at-00.11.29-300x300.jpeg\" alt=\"\" width=\"300\" height=\"300\" srcset=\"https:\/\/avrupapress.com\/main\/wp-content\/uploads\/2026\/03\/WhatsApp-Image-2026-03-09-at-00.11.29-300x300.jpeg 300w, https:\/\/avrupapress.com\/main\/wp-content\/uploads\/2026\/03\/WhatsApp-Image-2026-03-09-at-00.11.29-1024x1024.jpeg 1024w, https:\/\/avrupapress.com\/main\/wp-content\/uploads\/2026\/03\/WhatsApp-Image-2026-03-09-at-00.11.29-150x150.jpeg 150w, https:\/\/avrupapress.com\/main\/wp-content\/uploads\/2026\/03\/WhatsApp-Image-2026-03-09-at-00.11.29-768x768.jpeg 768w, https:\/\/avrupapress.com\/main\/wp-content\/uploads\/2026\/03\/WhatsApp-Image-2026-03-09-at-00.11.29.jpeg 1500w\" sizes=\"auto, (max-width: 300px) 100vw, 300px\" \/><\/p>\n<p><strong>Bas\u0131n Cemiyeti Ba\u015fkan Yardimcisi<\/strong><\/p>\n<p><strong>TIGAD Avrupa Baskani<\/strong><\/p>\n<p><strong>Avrupapress Gazetesi Imtiyaz sahibi ve Edit\u00f6r\u00fc<\/strong><\/p>\n<p><strong>\u00a0 \u00a0 \u00a0 \u00a0 \u00a0 \u00a0 Bilgin \u00d6Z\u00c7\u0130FC\u0130\u00a0<\/strong><\/p>\n<p>&nbsp;<\/p>\n<p>&nbsp;<\/p>\n","protected":false},"excerpt":{"rendered":"<p>AVRUPAPRES T\u00dcRK\u0130YE TEMS\u0130LC\u0130M\u0130ZE YEN\u0130 G\u00d6REV Mehir Vakf\u0131 M\u00fctevelli Ba\u015fkan\u0131 Mustafa \u00d6zdemir taraf\u0131ndan K\u0131r\u0131kkale Mehir Aile Platformu kurucu ba\u015fkanl\u0131\u011f\u0131na P\u0131nar Ta\u015f\u00e7\u0131 YIKILMAZ getirildi . Mehir Aile Platformu K\u0131r\u0131kkale temsilcisi P\u0131nar Y\u0131k\u0131lmaz; \u201c Platformumuz milli ve manevi noktalarda halk\u0131m\u0131z\u0131n ve ailelerimizin yan\u0131nda olacakt\u0131r. D\u00fcn milli m\u00fccadelemizde vatan\u0131m\u0131z\u0131 savunan analar\u0131m\u0131z gibi bug\u00fcn\u00fcn kad\u0131nlar\u0131 olarak bizler de \u00fclkemizin geli\u015fen [&hellip;]<\/p>\n","protected":false},"author":3,"featured_media":33531,"comment_status":"closed","ping_status":"open","sticky":false,"template":"","format":"standard","meta":{"footnotes":""},"categories":[14,16,3,17,18,15,19,2,1],"tags":[],"class_list":["post-33528","post","type-post","status-publish","format-standard","has-post-thumbnail","hentry","category-avrupa","category-belcika","category-dunya","category-ekonomi","category-kultur-sanat","category-spor","category-tanitim","category-turkiye","category-uncategorized"],"yoast_head":"<!-- This site is optimized with the Yoast SEO plugin v26.9 - https:\/\/yoast.com\/product\/yoast-seo-wordpress\/ -->\n<title>AVRUPAPRES T\u00dcRK\u0130YE TEMS\u0130LC\u0130M\u0130ZE YEN\u0130 G\u00d6REV.... - AvrupaPress<\/title>\n<meta name=\"robots\" content=\"index, follow, max-snippet:-1, max-image-preview:large, max-video-preview:-1\" \/>\n<link rel=\"canonical\" href=\"https:\/\/avrupapress.com\/main\/2026\/03\/08\/avrupapres-turkiye-temsilcimize-yeni-gorev\/\" \/>\n<meta property=\"og:locale\" content=\"fr_FR\" \/>\n<meta property=\"og:type\" content=\"article\" \/>\n<meta property=\"og:title\" content=\"AVRUPAPRES T\u00dcRK\u0130YE TEMS\u0130LC\u0130M\u0130ZE YEN\u0130 G\u00d6REV.... - AvrupaPress\" \/>\n<meta property=\"og:description\" content=\"AVRUPAPRES T\u00dcRK\u0130YE TEMS\u0130LC\u0130M\u0130ZE YEN\u0130 G\u00d6REV Mehir Vakf\u0131 M\u00fctevelli Ba\u015fkan\u0131 Mustafa \u00d6zdemir taraf\u0131ndan K\u0131r\u0131kkale Mehir Aile Platformu kurucu ba\u015fkanl\u0131\u011f\u0131na P\u0131nar Ta\u015f\u00e7\u0131 YIKILMAZ getirildi . Mehir Aile Platformu K\u0131r\u0131kkale temsilcisi P\u0131nar Y\u0131k\u0131lmaz; \u201c Platformumuz milli ve manevi noktalarda halk\u0131m\u0131z\u0131n ve ailelerimizin yan\u0131nda olacakt\u0131r. D\u00fcn milli m\u00fccadelemizde vatan\u0131m\u0131z\u0131 savunan analar\u0131m\u0131z gibi bug\u00fcn\u00fcn kad\u0131nlar\u0131 olarak bizler de \u00fclkemizin geli\u015fen [&hellip;]\" \/>\n<meta property=\"og:url\" content=\"https:\/\/avrupapress.com\/main\/2026\/03\/08\/avrupapres-turkiye-temsilcimize-yeni-gorev\/\" \/>\n<meta property=\"og:site_name\" content=\"AvrupaPress\" \/>\n<meta property=\"article:published_time\" content=\"2026-03-08T21:25:21+00:00\" \/>\n<meta property=\"article:modified_time\" content=\"2026-03-09T04:14:12+00:00\" \/>\n<meta property=\"og:image\" content=\"https:\/\/avrupapress.com\/main\/wp-content\/uploads\/2026\/03\/WhatsApp-Image-2026-03-09-at-00.12.26-1-e1773005111661.jpeg\" \/>\n\t<meta property=\"og:image:width\" content=\"1063\" \/>\n\t<meta property=\"og:image:height\" content=\"870\" \/>\n\t<meta property=\"og:image:type\" content=\"image\/jpeg\" \/>\n<meta name=\"author\" content=\"Edit\u00f6r\" \/>\n<meta name=\"twitter:card\" content=\"summary_large_image\" \/>\n<meta name=\"twitter:label1\" content=\"\u00c9crit par\" \/>\n\t<meta name=\"twitter:data1\" content=\"Edit\u00f6r\" \/>\n\t<meta name=\"twitter:label2\" content=\"Dur\u00e9e de lecture est.\" \/>\n\t<meta name=\"twitter:data2\" content=\"2 minutes\" \/>\n<script type=\"application\/ld+json\" class=\"yoast-schema-graph\">{\"@context\":\"https:\/\/schema.org\",\"@graph\":[{\"@type\":\"Article\",\"@id\":\"https:\/\/avrupapress.com\/main\/2026\/03\/08\/avrupapres-turkiye-temsilcimize-yeni-gorev\/#article\",\"isPartOf\":{\"@id\":\"https:\/\/avrupapress.com\/main\/2026\/03\/08\/avrupapres-turkiye-temsilcimize-yeni-gorev\/\"},\"author\":{\"name\":\"Edit\u00f6r\",\"@id\":\"https:\/\/avrupapress.com\/#\/schema\/person\/68428444ec60970d1e1b700cf4ca1e8f\"},\"headline\":\"AVRUPAPRES T\u00dcRK\u0130YE TEMS\u0130LC\u0130M\u0130ZE YEN\u0130 G\u00d6REV&#8230;.\",\"datePublished\":\"2026-03-08T21:25:21+00:00\",\"dateModified\":\"2026-03-09T04:14:12+00:00\",\"mainEntityOfPage\":{\"@id\":\"https:\/\/avrupapress.com\/main\/2026\/03\/08\/avrupapres-turkiye-temsilcimize-yeni-gorev\/\"},\"wordCount\":340,\"publisher\":{\"@id\":\"https:\/\/avrupapress.com\/#\/schema\/person\/0223dca19c72c43575bf30d1a2d8f4fa\"},\"image\":{\"@id\":\"https:\/\/avrupapress.com\/main\/2026\/03\/08\/avrupapres-turkiye-temsilcimize-yeni-gorev\/#primaryimage\"},\"thumbnailUrl\":\"https:\/\/avrupapress.com\/main\/wp-content\/uploads\/2026\/03\/WhatsApp-Image-2026-03-09-at-00.12.26-1-e1773005111661.jpeg\",\"articleSection\":[\"Avrupa\",\"Bel\u00e7ika\",\"D\u00fcnya\",\"Ekonomi\",\"K\u00fclt\u00fcr-Sanat\",\"Spor\",\"Tan\u0131t\u0131m\",\"T\u00fcrkiye\",\"Uncategorized\"],\"inLanguage\":\"fr-BE\"},{\"@type\":\"WebPage\",\"@id\":\"https:\/\/avrupapress.com\/main\/2026\/03\/08\/avrupapres-turkiye-temsilcimize-yeni-gorev\/\",\"url\":\"https:\/\/avrupapress.com\/main\/2026\/03\/08\/avrupapres-turkiye-temsilcimize-yeni-gorev\/\",\"name\":\"AVRUPAPRES T\u00dcRK\u0130YE TEMS\u0130LC\u0130M\u0130ZE YEN\u0130 G\u00d6REV.... - AvrupaPress\",\"isPartOf\":{\"@id\":\"https:\/\/avrupapress.com\/#website\"},\"primaryImageOfPage\":{\"@id\":\"https:\/\/avrupapress.com\/main\/2026\/03\/08\/avrupapres-turkiye-temsilcimize-yeni-gorev\/#primaryimage\"},\"image\":{\"@id\":\"https:\/\/avrupapress.com\/main\/2026\/03\/08\/avrupapres-turkiye-temsilcimize-yeni-gorev\/#primaryimage\"},\"thumbnailUrl\":\"https:\/\/avrupapress.com\/main\/wp-content\/uploads\/2026\/03\/WhatsApp-Image-2026-03-09-at-00.12.26-1-e1773005111661.jpeg\",\"datePublished\":\"2026-03-08T21:25:21+00:00\",\"dateModified\":\"2026-03-09T04:14:12+00:00\",\"breadcrumb\":{\"@id\":\"https:\/\/avrupapress.com\/main\/2026\/03\/08\/avrupapres-turkiye-temsilcimize-yeni-gorev\/#breadcrumb\"},\"inLanguage\":\"fr-BE\",\"potentialAction\":[{\"@type\":\"ReadAction\",\"target\":[\"https:\/\/avrupapress.com\/main\/2026\/03\/08\/avrupapres-turkiye-temsilcimize-yeni-gorev\/\"]}]},{\"@type\":\"ImageObject\",\"inLanguage\":\"fr-BE\",\"@id\":\"https:\/\/avrupapress.com\/main\/2026\/03\/08\/avrupapres-turkiye-temsilcimize-yeni-gorev\/#primaryimage\",\"url\":\"https:\/\/avrupapress.com\/main\/wp-content\/uploads\/2026\/03\/WhatsApp-Image-2026-03-09-at-00.12.26-1-e1773005111661.jpeg\",\"contentUrl\":\"https:\/\/avrupapress.com\/main\/wp-content\/uploads\/2026\/03\/WhatsApp-Image-2026-03-09-at-00.12.26-1-e1773005111661.jpeg\",\"width\":1063,\"height\":870},{\"@type\":\"BreadcrumbList\",\"@id\":\"https:\/\/avrupapress.com\/main\/2026\/03\/08\/avrupapres-turkiye-temsilcimize-yeni-gorev\/#breadcrumb\",\"itemListElement\":[{\"@type\":\"ListItem\",\"position\":1,\"name\":\"Anasayfa\",\"item\":\"https:\/\/avrupapress.com\/\"},{\"@type\":\"ListItem\",\"position\":2,\"name\":\"AVRUPAPRES T\u00dcRK\u0130YE TEMS\u0130LC\u0130M\u0130ZE YEN\u0130 G\u00d6REV&#8230;.\"}]},{\"@type\":\"WebSite\",\"@id\":\"https:\/\/avrupapress.com\/#website\",\"url\":\"https:\/\/avrupapress.com\/\",\"name\":\"AvrupaPress\",\"description\":\"Haberin Adresi\",\"publisher\":{\"@id\":\"https:\/\/avrupapress.com\/#\/schema\/person\/0223dca19c72c43575bf30d1a2d8f4fa\"},\"potentialAction\":[{\"@type\":\"SearchAction\",\"target\":{\"@type\":\"EntryPoint\",\"urlTemplate\":\"https:\/\/avrupapress.com\/?s={search_term_string}\"},\"query-input\":{\"@type\":\"PropertyValueSpecification\",\"valueRequired\":true,\"valueName\":\"search_term_string\"}}],\"inLanguage\":\"fr-BE\"},{\"@type\":[\"Person\",\"Organization\"],\"@id\":\"https:\/\/avrupapress.com\/#\/schema\/person\/0223dca19c72c43575bf30d1a2d8f4fa\",\"name\":\"Bilgin \u00d6z\u00e7ift\u00e7i\",\"image\":{\"@type\":\"ImageObject\",\"inLanguage\":\"fr-BE\",\"@id\":\"https:\/\/avrupapress.com\/#\/schema\/person\/image\/\",\"url\":\"https:\/\/secure.gravatar.com\/avatar\/0f23b280433a21e1ea7a0adcc46ed0ad16afe3ad8e630fd13d8a017dcbd54ef3?s=96&d=mm&r=g\",\"contentUrl\":\"https:\/\/secure.gravatar.com\/avatar\/0f23b280433a21e1ea7a0adcc46ed0ad16afe3ad8e630fd13d8a017dcbd54ef3?s=96&d=mm&r=g\",\"caption\":\"Bilgin \u00d6z\u00e7ift\u00e7i\"},\"logo\":{\"@id\":\"https:\/\/avrupapress.com\/#\/schema\/person\/image\/\"},\"description\":\"Ne ben, nede sen... Biz ancak \\\"biz\\\" olursak g\u00fc\u00e7l\u00fc olabiliriz\"},{\"@type\":\"Person\",\"@id\":\"https:\/\/avrupapress.com\/#\/schema\/person\/68428444ec60970d1e1b700cf4ca1e8f\",\"name\":\"Edit\u00f6r\",\"image\":{\"@type\":\"ImageObject\",\"inLanguage\":\"fr-BE\",\"@id\":\"https:\/\/avrupapress.com\/#\/schema\/person\/image\/\",\"url\":\"https:\/\/secure.gravatar.com\/avatar\/74996b0977aa5f1559ba9883776652508b229005c0d78fb2597897f0bd651c09?s=96&d=mm&r=g\",\"contentUrl\":\"https:\/\/secure.gravatar.com\/avatar\/74996b0977aa5f1559ba9883776652508b229005c0d78fb2597897f0bd651c09?s=96&d=mm&r=g\",\"caption\":\"Edit\u00f6r\"},\"sameAs\":[\"http:\/\/www.avrupapress.com\"],\"url\":\"https:\/\/avrupapress.com\/main\/author\/editor\/\"}]}<\/script>\n<!-- \/ Yoast SEO plugin. -->","yoast_head_json":{"title":"AVRUPAPRES T\u00dcRK\u0130YE TEMS\u0130LC\u0130M\u0130ZE YEN\u0130 G\u00d6REV.... - AvrupaPress","robots":{"index":"index","follow":"follow","max-snippet":"max-snippet:-1","max-image-preview":"max-image-preview:large","max-video-preview":"max-video-preview:-1"},"canonical":"https:\/\/avrupapress.com\/main\/2026\/03\/08\/avrupapres-turkiye-temsilcimize-yeni-gorev\/","og_locale":"fr_FR","og_type":"article","og_title":"AVRUPAPRES T\u00dcRK\u0130YE TEMS\u0130LC\u0130M\u0130ZE YEN\u0130 G\u00d6REV.... - AvrupaPress","og_description":"AVRUPAPRES T\u00dcRK\u0130YE TEMS\u0130LC\u0130M\u0130ZE YEN\u0130 G\u00d6REV Mehir Vakf\u0131 M\u00fctevelli Ba\u015fkan\u0131 Mustafa \u00d6zdemir taraf\u0131ndan K\u0131r\u0131kkale Mehir Aile Platformu kurucu ba\u015fkanl\u0131\u011f\u0131na P\u0131nar Ta\u015f\u00e7\u0131 YIKILMAZ getirildi . Mehir Aile Platformu K\u0131r\u0131kkale temsilcisi P\u0131nar Y\u0131k\u0131lmaz; \u201c Platformumuz milli ve manevi noktalarda halk\u0131m\u0131z\u0131n ve ailelerimizin yan\u0131nda olacakt\u0131r. D\u00fcn milli m\u00fccadelemizde vatan\u0131m\u0131z\u0131 savunan analar\u0131m\u0131z gibi bug\u00fcn\u00fcn kad\u0131nlar\u0131 olarak bizler de \u00fclkemizin geli\u015fen [&hellip;]","og_url":"https:\/\/avrupapress.com\/main\/2026\/03\/08\/avrupapres-turkiye-temsilcimize-yeni-gorev\/","og_site_name":"AvrupaPress","article_published_time":"2026-03-08T21:25:21+00:00","article_modified_time":"2026-03-09T04:14:12+00:00","og_image":[{"width":1063,"height":870,"url":"https:\/\/avrupapress.com\/main\/wp-content\/uploads\/2026\/03\/WhatsApp-Image-2026-03-09-at-00.12.26-1-e1773005111661.jpeg","type":"image\/jpeg"}],"author":"Edit\u00f6r","twitter_card":"summary_large_image","twitter_misc":{"\u00c9crit par":"Edit\u00f6r","Dur\u00e9e de lecture est.":"2 minutes"},"schema":{"@context":"https:\/\/schema.org","@graph":[{"@type":"Article","@id":"https:\/\/avrupapress.com\/main\/2026\/03\/08\/avrupapres-turkiye-temsilcimize-yeni-gorev\/#article","isPartOf":{"@id":"https:\/\/avrupapress.com\/main\/2026\/03\/08\/avrupapres-turkiye-temsilcimize-yeni-gorev\/"},"author":{"name":"Edit\u00f6r","@id":"https:\/\/avrupapress.com\/#\/schema\/person\/68428444ec60970d1e1b700cf4ca1e8f"},"headline":"AVRUPAPRES T\u00dcRK\u0130YE TEMS\u0130LC\u0130M\u0130ZE YEN\u0130 G\u00d6REV&#8230;.","datePublished":"2026-03-08T21:25:21+00:00","dateModified":"2026-03-09T04:14:12+00:00","mainEntityOfPage":{"@id":"https:\/\/avrupapress.com\/main\/2026\/03\/08\/avrupapres-turkiye-temsilcimize-yeni-gorev\/"},"wordCount":340,"publisher":{"@id":"https:\/\/avrupapress.com\/#\/schema\/person\/0223dca19c72c43575bf30d1a2d8f4fa"},"image":{"@id":"https:\/\/avrupapress.com\/main\/2026\/03\/08\/avrupapres-turkiye-temsilcimize-yeni-gorev\/#primaryimage"},"thumbnailUrl":"https:\/\/avrupapress.com\/main\/wp-content\/uploads\/2026\/03\/WhatsApp-Image-2026-03-09-at-00.12.26-1-e1773005111661.jpeg","articleSection":["Avrupa","Bel\u00e7ika","D\u00fcnya","Ekonomi","K\u00fclt\u00fcr-Sanat","Spor","Tan\u0131t\u0131m","T\u00fcrkiye","Uncategorized"],"inLanguage":"fr-BE"},{"@type":"WebPage","@id":"https:\/\/avrupapress.com\/main\/2026\/03\/08\/avrupapres-turkiye-temsilcimize-yeni-gorev\/","url":"https:\/\/avrupapress.com\/main\/2026\/03\/08\/avrupapres-turkiye-temsilcimize-yeni-gorev\/","name":"AVRUPAPRES T\u00dcRK\u0130YE TEMS\u0130LC\u0130M\u0130ZE YEN\u0130 G\u00d6REV.... - AvrupaPress","isPartOf":{"@id":"https:\/\/avrupapress.com\/#website"},"primaryImageOfPage":{"@id":"https:\/\/avrupapress.com\/main\/2026\/03\/08\/avrupapres-turkiye-temsilcimize-yeni-gorev\/#primaryimage"},"image":{"@id":"https:\/\/avrupapress.com\/main\/2026\/03\/08\/avrupapres-turkiye-temsilcimize-yeni-gorev\/#primaryimage"},"thumbnailUrl":"https:\/\/avrupapress.com\/main\/wp-content\/uploads\/2026\/03\/WhatsApp-Image-2026-03-09-at-00.12.26-1-e1773005111661.jpeg","datePublished":"2026-03-08T21:25:21+00:00","dateModified":"2026-03-09T04:14:12+00:00","breadcrumb":{"@id":"https:\/\/avrupapress.com\/main\/2026\/03\/08\/avrupapres-turkiye-temsilcimize-yeni-gorev\/#breadcrumb"},"inLanguage":"fr-BE","potentialAction":[{"@type":"ReadAction","target":["https:\/\/avrupapress.com\/main\/2026\/03\/08\/avrupapres-turkiye-temsilcimize-yeni-gorev\/"]}]},{"@type":"ImageObject","inLanguage":"fr-BE","@id":"https:\/\/avrupapress.com\/main\/2026\/03\/08\/avrupapres-turkiye-temsilcimize-yeni-gorev\/#primaryimage","url":"https:\/\/avrupapress.com\/main\/wp-content\/uploads\/2026\/03\/WhatsApp-Image-2026-03-09-at-00.12.26-1-e1773005111661.jpeg","contentUrl":"https:\/\/avrupapress.com\/main\/wp-content\/uploads\/2026\/03\/WhatsApp-Image-2026-03-09-at-00.12.26-1-e1773005111661.jpeg","width":1063,"height":870},{"@type":"BreadcrumbList","@id":"https:\/\/avrupapress.com\/main\/2026\/03\/08\/avrupapres-turkiye-temsilcimize-yeni-gorev\/#breadcrumb","itemListElement":[{"@type":"ListItem","position":1,"name":"Anasayfa","item":"https:\/\/avrupapress.com\/"},{"@type":"ListItem","position":2,"name":"AVRUPAPRES T\u00dcRK\u0130YE TEMS\u0130LC\u0130M\u0130ZE YEN\u0130 G\u00d6REV&#8230;."}]},{"@type":"WebSite","@id":"https:\/\/avrupapress.com\/#website","url":"https:\/\/avrupapress.com\/","name":"AvrupaPress","description":"Haberin Adresi","publisher":{"@id":"https:\/\/avrupapress.com\/#\/schema\/person\/0223dca19c72c43575bf30d1a2d8f4fa"},"potentialAction":[{"@type":"SearchAction","target":{"@type":"EntryPoint","urlTemplate":"https:\/\/avrupapress.com\/?s={search_term_string}"},"query-input":{"@type":"PropertyValueSpecification","valueRequired":true,"valueName":"search_term_string"}}],"inLanguage":"fr-BE"},{"@type":["Person","Organization"],"@id":"https:\/\/avrupapress.com\/#\/schema\/person\/0223dca19c72c43575bf30d1a2d8f4fa","name":"Bilgin \u00d6z\u00e7ift\u00e7i","image":{"@type":"ImageObject","inLanguage":"fr-BE","@id":"https:\/\/avrupapress.com\/#\/schema\/person\/image\/","url":"https:\/\/secure.gravatar.com\/avatar\/0f23b280433a21e1ea7a0adcc46ed0ad16afe3ad8e630fd13d8a017dcbd54ef3?s=96&d=mm&r=g","contentUrl":"https:\/\/secure.gravatar.com\/avatar\/0f23b280433a21e1ea7a0adcc46ed0ad16afe3ad8e630fd13d8a017dcbd54ef3?s=96&d=mm&r=g","caption":"Bilgin \u00d6z\u00e7ift\u00e7i"},"logo":{"@id":"https:\/\/avrupapress.com\/#\/schema\/person\/image\/"},"description":"Ne ben, nede sen... Biz ancak \"biz\" olursak g\u00fc\u00e7l\u00fc olabiliriz"},{"@type":"Person","@id":"https:\/\/avrupapress.com\/#\/schema\/person\/68428444ec60970d1e1b700cf4ca1e8f","name":"Edit\u00f6r","image":{"@type":"ImageObject","inLanguage":"fr-BE","@id":"https:\/\/avrupapress.com\/#\/schema\/person\/image\/","url":"https:\/\/secure.gravatar.com\/avatar\/74996b0977aa5f1559ba9883776652508b229005c0d78fb2597897f0bd651c09?s=96&d=mm&r=g","contentUrl":"https:\/\/secure.gravatar.com\/avatar\/74996b0977aa5f1559ba9883776652508b229005c0d78fb2597897f0bd651c09?s=96&d=mm&r=g","caption":"Edit\u00f6r"},"sameAs":["http:\/\/www.avrupapress.com"],"url":"https:\/\/avrupapress.com\/main\/author\/editor\/"}]}},"_links":{"self":[{"href":"https:\/\/avrupapress.com\/main\/wp-json\/wp\/v2\/posts\/33528","targetHints":{"allow":["GET"]}}],"collection":[{"href":"https:\/\/avrupapress.com\/main\/wp-json\/wp\/v2\/posts"}],"about":[{"href":"https:\/\/avrupapress.com\/main\/wp-json\/wp\/v2\/types\/post"}],"author":[{"embeddable":true,"href":"https:\/\/avrupapress.com\/main\/wp-json\/wp\/v2\/users\/3"}],"replies":[{"embeddable":true,"href":"https:\/\/avrupapress.com\/main\/wp-json\/wp\/v2\/comments?post=33528"}],"version-history":[{"count":3,"href":"https:\/\/avrupapress.com\/main\/wp-json\/wp\/v2\/posts\/33528\/revisions"}],"predecessor-version":[{"id":33534,"href":"https:\/\/avrupapress.com\/main\/wp-json\/wp\/v2\/posts\/33528\/revisions\/33534"}],"wp:featuredmedia":[{"embeddable":true,"href":"https:\/\/avrupapress.com\/main\/wp-json\/wp\/v2\/media\/33531"}],"wp:attachment":[{"href":"https:\/\/avrupapress.com\/main\/wp-json\/wp\/v2\/media?parent=33528"}],"wp:term":[{"taxonomy":"category","embeddable":true,"href":"https:\/\/avrupapress.com\/main\/wp-json\/wp\/v2\/categories?post=33528"},{"taxonomy":"post_tag","embeddable":true,"href":"https:\/\/avrupapress.com\/main\/wp-json\/wp\/v2\/tags?post=33528"}],"curies":[{"name":"wp","href":"https:\/\/api.w.org\/{rel}","templated":true}]}}