{"id":33522,"date":"2026-03-08T20:58:07","date_gmt":"2026-03-08T20:58:07","guid":{"rendered":"https:\/\/avrupapress.com\/main\/?p=33522"},"modified":"2026-03-08T20:58:07","modified_gmt":"2026-03-08T20:58:07","slug":"mahalle-destek-merkezleri-madeki-kuracagiz","status":"publish","type":"post","link":"https:\/\/avrupapress.com\/main\/2026\/03\/08\/mahalle-destek-merkezleri-madeki-kuracagiz\/","title":{"rendered":"\u201cMahalle Destek Merkezleri MADEK\u2019i Kuraca\u011f\u0131z\u201d"},"content":{"rendered":"<p><strong>\u201cMahalle Destek Merkezleri MADEK\u2019i Kuraca\u011f\u0131z\u201d<\/strong><\/p>\n<p>Anadolu \u00c7\u0131narlar\u0131 Partisi ( A\u00c7IP ) Genel Ba\u015fkan\u0131\u00a0 H\u00fcseyin Ak\u0131n; \u201cPsikolojik Destek L\u00fcks De\u011fil, Hakt\u0131r: Mahalle Destek Merkezleri MADEK\u2019i Kuraca\u011f\u0131z\u201d dedi.<br \/>\nToplumumuzun temel ta\u015f\u0131n\u0131n \u00a0aile, ailenin dayana\u011f\u0131n\u0131n \u00a0ise mahalle oldu\u011funu dile getiren Anadolu \u00c7\u0131narlar\u0131 Partisi Genel Ba\u015fkan\u0131\u00a0 H\u00fcseyin Ak\u0131n, \u00a0bug\u00fcn mahallelerimizde b\u00fcy\u00fcyen sorunlara \u00e7o\u011fu zaman \u00e7e\u015fitli nedenlerle \u00a0zaman\u0131nda\u00a0 m\u00fcdahale edilemedi\u011fini a\u00e7\u0131klad\u0131.<br \/>\nAile i\u00e7i \u015fiddetin, gen\u00e7lerin su\u00e7a y\u00f6neliminin, ba\u011f\u0131ml\u0131l\u0131\u011f\u0131n, akran zorbal\u0131\u011f\u0131 ve psikolojik \u00e7\u00f6k\u00fc\u015f\u00fcn \u00fclkemizde her ge\u00e7en g\u00fcn artt\u0131\u011f\u0131n\u0131 ifade eden A\u00c7IP Parti Genel Ba\u015fkan\u0131 H\u00fcseyin Ak\u0131n \u201cBize g\u00f6re d\u00fc\u015f\u00fcnce olay olduktan sonra de\u011fil, olu\u015fmadan \u00f6nce ele al\u0131nmal\u0131d\u0131r.\u201d dedi.<br \/>\nParti olarak Biz, \u201csorunla de\u011fil, sorunun kayna\u011f\u0131yla m\u00fccadele eden bir anlay\u0131\u015f\u0131 savunuyoruz.\u201d diyen Parti Genel Ba\u015fkan\u0131 H\u00fcseyin Ak\u0131n\u00a0 \u201cBu do\u011frultuda, Y\u00f6netime gelince biz muhtarl\u0131klar\u0131 yeniden yap\u0131land\u0131rarak \u201cMahalle Destek Merkezleri\u201d MADEK\u00a0 modelini hayata ge\u00e7irmeyi hedefliyoruz.\u201d \u015feklinde konu\u015ftu.<br \/>\n\u201cBizim Y\u00f6netimimizde, muhtarl\u0131klar art\u0131k sadece evrak d\u00fczenleyen birimler olmayacak; mahalle sakinlerinin \u00fccretsiz psikolojik dan\u0131\u015fmanl\u0131k hizmetine ula\u015fabildi\u011fi, ailelerin destek alabildi\u011fi, gen\u00e7lerin y\u00f6nlendirildi\u011fi aktif sosyal merkezler haline gelecektir.\u201d A\u00e7\u0131klamas\u0131n\u0131 yapan A\u00c7IP Genel Ba\u015fkan\u0131 H\u00fcseyin Ak\u0131n \u015f\u00f6yle konu\u015ftu;<br \/>\nHer mahallede , Sorumlu bir psikolog n\u00f6betlendirilerek g\u00f6revlendirilecek, N\u00fcfusa g\u00f6re sosyal hizmet uzman\u0131 atanacak, Gizlilik esasl\u0131 dan\u0131\u015fmanl\u0131k sistemi kurulacakt\u0131r. Psikolojik destek bir ayr\u0131cal\u0131k de\u011fil, temel bir hakt\u0131r. Maddi imk\u00e2n\u0131 olan\u0131n de\u011fil, ihtiyac\u0131 olan herkesin eri\u015febilece\u011fi bir kamu hizmetine d\u00f6n\u00fc\u015fecektir. Mahalle bazl\u0131 erken uyar\u0131 sistemi sayesinde: Aile i\u00e7i \u015fiddet \u00f6nlenecek, \u00c7ocuklar\u0131n su\u00e7a s\u00fcr\u00fcklenmesi engellenecek, Ba\u011f\u0131ml\u0131l\u0131kla m\u00fccadele g\u00fc\u00e7lenecek, Sosyal yard\u0131mlar do\u011fru ki\u015filere ula\u015facakt\u0131r. Bu model yaln\u0131zca sosyal bir proje de\u011fil; ayn\u0131 zamanda su\u00e7un, \u015fiddetin ve toplumsal \u00e7\u00f6k\u00fc\u015f\u00fcn \u00f6nlenmesine y\u00f6nelik g\u00fc\u00e7l\u00fc bir devlet reformudur. Devlet vatanda\u015f\u0131na en yak\u0131n noktada, mahallede var olmal\u0131d\u0131r. G\u00fc\u00e7l\u00fc mahalle, g\u00fc\u00e7l\u00fc aile demektir. G\u00fc\u00e7l\u00fc aile ise g\u00fc\u00e7l\u00fc T\u00fcrkiye demektir. Biz inan\u0131yoruz ki; Devlet mahallede ba\u015flar. \u00a0Psikolojik destek herkesin hakk\u0131d\u0131r. Sorun b\u00fcy\u00fcmeden \u00e7\u00f6z\u00fclmelidir.\u201d<\/p>\n<p><img loading=\"lazy\" decoding=\"async\" class=\"alignnone size-medium wp-image-33524\" src=\"https:\/\/avrupapress.com\/main\/wp-content\/uploads\/2026\/03\/ANADOLU-CINARLARI-300x173.jpeg\" alt=\"\" width=\"300\" height=\"173\" srcset=\"https:\/\/avrupapress.com\/main\/wp-content\/uploads\/2026\/03\/ANADOLU-CINARLARI-300x173.jpeg 300w, https:\/\/avrupapress.com\/main\/wp-content\/uploads\/2026\/03\/ANADOLU-CINARLARI-1024x589.jpeg 1024w, https:\/\/avrupapress.com\/main\/wp-content\/uploads\/2026\/03\/ANADOLU-CINARLARI-768x442.jpeg 768w, https:\/\/avrupapress.com\/main\/wp-content\/uploads\/2026\/03\/ANADOLU-CINARLARI.jpeg 1173w\" sizes=\"auto, (max-width: 300px) 100vw, 300px\" \/><\/p>\n<p><img loading=\"lazy\" decoding=\"async\" class=\"alignnone size-medium wp-image-33525\" src=\"https:\/\/avrupapress.com\/main\/wp-content\/uploads\/2026\/03\/WhatsApp-Image-2026-03-08-at-22.10.30-294x300.jpeg\" alt=\"\" width=\"294\" height=\"300\" srcset=\"https:\/\/avrupapress.com\/main\/wp-content\/uploads\/2026\/03\/WhatsApp-Image-2026-03-08-at-22.10.30-294x300.jpeg 294w, https:\/\/avrupapress.com\/main\/wp-content\/uploads\/2026\/03\/WhatsApp-Image-2026-03-08-at-22.10.30.jpeg 598w\" sizes=\"auto, (max-width: 294px) 100vw, 294px\" \/><\/p>\n<p><strong>Bilgin\u00a0 \u00a0 Ozcifci\u00a0 \u00a0 \u00a0 \u00a0 \u00a0\/\u00a0 \u00a0 \u00a0 \u00a0 AVRUPAPRESS<\/strong><\/p>\n","protected":false},"excerpt":{"rendered":"<p>\u201cMahalle Destek Merkezleri MADEK\u2019i Kuraca\u011f\u0131z\u201d Anadolu \u00c7\u0131narlar\u0131 Partisi ( A\u00c7IP ) Genel Ba\u015fkan\u0131\u00a0 H\u00fcseyin Ak\u0131n; \u201cPsikolojik Destek L\u00fcks De\u011fil, Hakt\u0131r: Mahalle Destek Merkezleri MADEK\u2019i Kuraca\u011f\u0131z\u201d dedi. Toplumumuzun temel ta\u015f\u0131n\u0131n \u00a0aile, ailenin dayana\u011f\u0131n\u0131n \u00a0ise mahalle oldu\u011funu dile getiren Anadolu \u00c7\u0131narlar\u0131 Partisi Genel Ba\u015fkan\u0131\u00a0 H\u00fcseyin Ak\u0131n, \u00a0bug\u00fcn mahallelerimizde b\u00fcy\u00fcyen sorunlara \u00e7o\u011fu zaman \u00e7e\u015fitli nedenlerle \u00a0zaman\u0131nda\u00a0 m\u00fcdahale edilemedi\u011fini [&hellip;]<\/p>\n","protected":false},"author":3,"featured_media":33526,"comment_status":"closed","ping_status":"open","sticky":false,"template":"","format":"standard","meta":{"footnotes":""},"categories":[14,16,3,17,18,15,19,2,1],"tags":[],"class_list":["post-33522","post","type-post","status-publish","format-standard","has-post-thumbnail","hentry","category-avrupa","category-belcika","category-dunya","category-ekonomi","category-kultur-sanat","category-spor","category-tanitim","category-turkiye","category-uncategorized"],"yoast_head":"<!-- This site is optimized with the Yoast SEO plugin v26.9 - https:\/\/yoast.com\/product\/yoast-seo-wordpress\/ -->\n<title>\u201cMahalle Destek Merkezleri MADEK\u2019i Kuraca\u011f\u0131z\u201d - AvrupaPress<\/title>\n<meta name=\"robots\" content=\"index, follow, max-snippet:-1, max-image-preview:large, max-video-preview:-1\" \/>\n<link rel=\"canonical\" href=\"https:\/\/avrupapress.com\/main\/2026\/03\/08\/mahalle-destek-merkezleri-madeki-kuracagiz\/\" \/>\n<meta property=\"og:locale\" content=\"fr_FR\" \/>\n<meta property=\"og:type\" content=\"article\" \/>\n<meta property=\"og:title\" content=\"\u201cMahalle Destek Merkezleri MADEK\u2019i Kuraca\u011f\u0131z\u201d - AvrupaPress\" \/>\n<meta property=\"og:description\" content=\"\u201cMahalle Destek Merkezleri MADEK\u2019i Kuraca\u011f\u0131z\u201d Anadolu \u00c7\u0131narlar\u0131 Partisi ( A\u00c7IP ) Genel Ba\u015fkan\u0131\u00a0 H\u00fcseyin Ak\u0131n; \u201cPsikolojik Destek L\u00fcks De\u011fil, Hakt\u0131r: Mahalle Destek Merkezleri MADEK\u2019i Kuraca\u011f\u0131z\u201d dedi. Toplumumuzun temel ta\u015f\u0131n\u0131n \u00a0aile, ailenin dayana\u011f\u0131n\u0131n \u00a0ise mahalle oldu\u011funu dile getiren Anadolu \u00c7\u0131narlar\u0131 Partisi Genel Ba\u015fkan\u0131\u00a0 H\u00fcseyin Ak\u0131n, \u00a0bug\u00fcn mahallelerimizde b\u00fcy\u00fcyen sorunlara \u00e7o\u011fu zaman \u00e7e\u015fitli nedenlerle \u00a0zaman\u0131nda\u00a0 m\u00fcdahale edilemedi\u011fini [&hellip;]\" \/>\n<meta property=\"og:url\" content=\"https:\/\/avrupapress.com\/main\/2026\/03\/08\/mahalle-destek-merkezleri-madeki-kuracagiz\/\" \/>\n<meta property=\"og:site_name\" content=\"AvrupaPress\" \/>\n<meta property=\"article:published_time\" content=\"2026-03-08T20:58:07+00:00\" \/>\n<meta property=\"og:image\" content=\"https:\/\/avrupapress.com\/main\/wp-content\/uploads\/2026\/03\/ANADOLU-CINARLARI-1.jpeg\" \/>\n\t<meta property=\"og:image:width\" content=\"1173\" \/>\n\t<meta property=\"og:image:height\" content=\"675\" \/>\n\t<meta property=\"og:image:type\" content=\"image\/jpeg\" \/>\n<meta name=\"author\" content=\"Edit\u00f6r\" \/>\n<meta name=\"twitter:card\" content=\"summary_large_image\" \/>\n<meta name=\"twitter:label1\" content=\"\u00c9crit par\" \/>\n\t<meta name=\"twitter:data1\" content=\"Edit\u00f6r\" \/>\n\t<meta name=\"twitter:label2\" content=\"Dur\u00e9e de lecture est.\" \/>\n\t<meta name=\"twitter:data2\" content=\"3 minutes\" \/>\n<script type=\"application\/ld+json\" class=\"yoast-schema-graph\">{\"@context\":\"https:\/\/schema.org\",\"@graph\":[{\"@type\":\"Article\",\"@id\":\"https:\/\/avrupapress.com\/main\/2026\/03\/08\/mahalle-destek-merkezleri-madeki-kuracagiz\/#article\",\"isPartOf\":{\"@id\":\"https:\/\/avrupapress.com\/main\/2026\/03\/08\/mahalle-destek-merkezleri-madeki-kuracagiz\/\"},\"author\":{\"name\":\"Edit\u00f6r\",\"@id\":\"https:\/\/avrupapress.com\/#\/schema\/person\/68428444ec60970d1e1b700cf4ca1e8f\"},\"headline\":\"\u201cMahalle Destek Merkezleri MADEK\u2019i Kuraca\u011f\u0131z\u201d\",\"datePublished\":\"2026-03-08T20:58:07+00:00\",\"mainEntityOfPage\":{\"@id\":\"https:\/\/avrupapress.com\/main\/2026\/03\/08\/mahalle-destek-merkezleri-madeki-kuracagiz\/\"},\"wordCount\":421,\"publisher\":{\"@id\":\"https:\/\/avrupapress.com\/#\/schema\/person\/0223dca19c72c43575bf30d1a2d8f4fa\"},\"image\":{\"@id\":\"https:\/\/avrupapress.com\/main\/2026\/03\/08\/mahalle-destek-merkezleri-madeki-kuracagiz\/#primaryimage\"},\"thumbnailUrl\":\"https:\/\/avrupapress.com\/main\/wp-content\/uploads\/2026\/03\/ANADOLU-CINARLARI-1.jpeg\",\"articleSection\":[\"Avrupa\",\"Bel\u00e7ika\",\"D\u00fcnya\",\"Ekonomi\",\"K\u00fclt\u00fcr-Sanat\",\"Spor\",\"Tan\u0131t\u0131m\",\"T\u00fcrkiye\",\"Uncategorized\"],\"inLanguage\":\"fr-BE\"},{\"@type\":\"WebPage\",\"@id\":\"https:\/\/avrupapress.com\/main\/2026\/03\/08\/mahalle-destek-merkezleri-madeki-kuracagiz\/\",\"url\":\"https:\/\/avrupapress.com\/main\/2026\/03\/08\/mahalle-destek-merkezleri-madeki-kuracagiz\/\",\"name\":\"\u201cMahalle Destek Merkezleri MADEK\u2019i Kuraca\u011f\u0131z\u201d - AvrupaPress\",\"isPartOf\":{\"@id\":\"https:\/\/avrupapress.com\/#website\"},\"primaryImageOfPage\":{\"@id\":\"https:\/\/avrupapress.com\/main\/2026\/03\/08\/mahalle-destek-merkezleri-madeki-kuracagiz\/#primaryimage\"},\"image\":{\"@id\":\"https:\/\/avrupapress.com\/main\/2026\/03\/08\/mahalle-destek-merkezleri-madeki-kuracagiz\/#primaryimage\"},\"thumbnailUrl\":\"https:\/\/avrupapress.com\/main\/wp-content\/uploads\/2026\/03\/ANADOLU-CINARLARI-1.jpeg\",\"datePublished\":\"2026-03-08T20:58:07+00:00\",\"breadcrumb\":{\"@id\":\"https:\/\/avrupapress.com\/main\/2026\/03\/08\/mahalle-destek-merkezleri-madeki-kuracagiz\/#breadcrumb\"},\"inLanguage\":\"fr-BE\",\"potentialAction\":[{\"@type\":\"ReadAction\",\"target\":[\"https:\/\/avrupapress.com\/main\/2026\/03\/08\/mahalle-destek-merkezleri-madeki-kuracagiz\/\"]}]},{\"@type\":\"ImageObject\",\"inLanguage\":\"fr-BE\",\"@id\":\"https:\/\/avrupapress.com\/main\/2026\/03\/08\/mahalle-destek-merkezleri-madeki-kuracagiz\/#primaryimage\",\"url\":\"https:\/\/avrupapress.com\/main\/wp-content\/uploads\/2026\/03\/ANADOLU-CINARLARI-1.jpeg\",\"contentUrl\":\"https:\/\/avrupapress.com\/main\/wp-content\/uploads\/2026\/03\/ANADOLU-CINARLARI-1.jpeg\",\"width\":1173,\"height\":675},{\"@type\":\"BreadcrumbList\",\"@id\":\"https:\/\/avrupapress.com\/main\/2026\/03\/08\/mahalle-destek-merkezleri-madeki-kuracagiz\/#breadcrumb\",\"itemListElement\":[{\"@type\":\"ListItem\",\"position\":1,\"name\":\"Anasayfa\",\"item\":\"https:\/\/avrupapress.com\/\"},{\"@type\":\"ListItem\",\"position\":2,\"name\":\"\u201cMahalle Destek Merkezleri MADEK\u2019i Kuraca\u011f\u0131z\u201d\"}]},{\"@type\":\"WebSite\",\"@id\":\"https:\/\/avrupapress.com\/#website\",\"url\":\"https:\/\/avrupapress.com\/\",\"name\":\"AvrupaPress\",\"description\":\"Haberin Adresi\",\"publisher\":{\"@id\":\"https:\/\/avrupapress.com\/#\/schema\/person\/0223dca19c72c43575bf30d1a2d8f4fa\"},\"potentialAction\":[{\"@type\":\"SearchAction\",\"target\":{\"@type\":\"EntryPoint\",\"urlTemplate\":\"https:\/\/avrupapress.com\/?s={search_term_string}\"},\"query-input\":{\"@type\":\"PropertyValueSpecification\",\"valueRequired\":true,\"valueName\":\"search_term_string\"}}],\"inLanguage\":\"fr-BE\"},{\"@type\":[\"Person\",\"Organization\"],\"@id\":\"https:\/\/avrupapress.com\/#\/schema\/person\/0223dca19c72c43575bf30d1a2d8f4fa\",\"name\":\"Bilgin \u00d6z\u00e7ift\u00e7i\",\"image\":{\"@type\":\"ImageObject\",\"inLanguage\":\"fr-BE\",\"@id\":\"https:\/\/avrupapress.com\/#\/schema\/person\/image\/\",\"url\":\"https:\/\/secure.gravatar.com\/avatar\/0f23b280433a21e1ea7a0adcc46ed0ad16afe3ad8e630fd13d8a017dcbd54ef3?s=96&d=mm&r=g\",\"contentUrl\":\"https:\/\/secure.gravatar.com\/avatar\/0f23b280433a21e1ea7a0adcc46ed0ad16afe3ad8e630fd13d8a017dcbd54ef3?s=96&d=mm&r=g\",\"caption\":\"Bilgin \u00d6z\u00e7ift\u00e7i\"},\"logo\":{\"@id\":\"https:\/\/avrupapress.com\/#\/schema\/person\/image\/\"},\"description\":\"Ne ben, nede sen... Biz ancak \\\"biz\\\" olursak g\u00fc\u00e7l\u00fc olabiliriz\"},{\"@type\":\"Person\",\"@id\":\"https:\/\/avrupapress.com\/#\/schema\/person\/68428444ec60970d1e1b700cf4ca1e8f\",\"name\":\"Edit\u00f6r\",\"image\":{\"@type\":\"ImageObject\",\"inLanguage\":\"fr-BE\",\"@id\":\"https:\/\/avrupapress.com\/#\/schema\/person\/image\/\",\"url\":\"https:\/\/secure.gravatar.com\/avatar\/74996b0977aa5f1559ba9883776652508b229005c0d78fb2597897f0bd651c09?s=96&d=mm&r=g\",\"contentUrl\":\"https:\/\/secure.gravatar.com\/avatar\/74996b0977aa5f1559ba9883776652508b229005c0d78fb2597897f0bd651c09?s=96&d=mm&r=g\",\"caption\":\"Edit\u00f6r\"},\"sameAs\":[\"http:\/\/www.avrupapress.com\"],\"url\":\"https:\/\/avrupapress.com\/main\/author\/editor\/\"}]}<\/script>\n<!-- \/ Yoast SEO plugin. -->","yoast_head_json":{"title":"\u201cMahalle Destek Merkezleri MADEK\u2019i Kuraca\u011f\u0131z\u201d - AvrupaPress","robots":{"index":"index","follow":"follow","max-snippet":"max-snippet:-1","max-image-preview":"max-image-preview:large","max-video-preview":"max-video-preview:-1"},"canonical":"https:\/\/avrupapress.com\/main\/2026\/03\/08\/mahalle-destek-merkezleri-madeki-kuracagiz\/","og_locale":"fr_FR","og_type":"article","og_title":"\u201cMahalle Destek Merkezleri MADEK\u2019i Kuraca\u011f\u0131z\u201d - AvrupaPress","og_description":"\u201cMahalle Destek Merkezleri MADEK\u2019i Kuraca\u011f\u0131z\u201d Anadolu \u00c7\u0131narlar\u0131 Partisi ( A\u00c7IP ) Genel Ba\u015fkan\u0131\u00a0 H\u00fcseyin Ak\u0131n; \u201cPsikolojik Destek L\u00fcks De\u011fil, Hakt\u0131r: Mahalle Destek Merkezleri MADEK\u2019i Kuraca\u011f\u0131z\u201d dedi. Toplumumuzun temel ta\u015f\u0131n\u0131n \u00a0aile, ailenin dayana\u011f\u0131n\u0131n \u00a0ise mahalle oldu\u011funu dile getiren Anadolu \u00c7\u0131narlar\u0131 Partisi Genel Ba\u015fkan\u0131\u00a0 H\u00fcseyin Ak\u0131n, \u00a0bug\u00fcn mahallelerimizde b\u00fcy\u00fcyen sorunlara \u00e7o\u011fu zaman \u00e7e\u015fitli nedenlerle \u00a0zaman\u0131nda\u00a0 m\u00fcdahale edilemedi\u011fini [&hellip;]","og_url":"https:\/\/avrupapress.com\/main\/2026\/03\/08\/mahalle-destek-merkezleri-madeki-kuracagiz\/","og_site_name":"AvrupaPress","article_published_time":"2026-03-08T20:58:07+00:00","og_image":[{"width":1173,"height":675,"url":"https:\/\/avrupapress.com\/main\/wp-content\/uploads\/2026\/03\/ANADOLU-CINARLARI-1.jpeg","type":"image\/jpeg"}],"author":"Edit\u00f6r","twitter_card":"summary_large_image","twitter_misc":{"\u00c9crit par":"Edit\u00f6r","Dur\u00e9e de lecture est.":"3 minutes"},"schema":{"@context":"https:\/\/schema.org","@graph":[{"@type":"Article","@id":"https:\/\/avrupapress.com\/main\/2026\/03\/08\/mahalle-destek-merkezleri-madeki-kuracagiz\/#article","isPartOf":{"@id":"https:\/\/avrupapress.com\/main\/2026\/03\/08\/mahalle-destek-merkezleri-madeki-kuracagiz\/"},"author":{"name":"Edit\u00f6r","@id":"https:\/\/avrupapress.com\/#\/schema\/person\/68428444ec60970d1e1b700cf4ca1e8f"},"headline":"\u201cMahalle Destek Merkezleri MADEK\u2019i Kuraca\u011f\u0131z\u201d","datePublished":"2026-03-08T20:58:07+00:00","mainEntityOfPage":{"@id":"https:\/\/avrupapress.com\/main\/2026\/03\/08\/mahalle-destek-merkezleri-madeki-kuracagiz\/"},"wordCount":421,"publisher":{"@id":"https:\/\/avrupapress.com\/#\/schema\/person\/0223dca19c72c43575bf30d1a2d8f4fa"},"image":{"@id":"https:\/\/avrupapress.com\/main\/2026\/03\/08\/mahalle-destek-merkezleri-madeki-kuracagiz\/#primaryimage"},"thumbnailUrl":"https:\/\/avrupapress.com\/main\/wp-content\/uploads\/2026\/03\/ANADOLU-CINARLARI-1.jpeg","articleSection":["Avrupa","Bel\u00e7ika","D\u00fcnya","Ekonomi","K\u00fclt\u00fcr-Sanat","Spor","Tan\u0131t\u0131m","T\u00fcrkiye","Uncategorized"],"inLanguage":"fr-BE"},{"@type":"WebPage","@id":"https:\/\/avrupapress.com\/main\/2026\/03\/08\/mahalle-destek-merkezleri-madeki-kuracagiz\/","url":"https:\/\/avrupapress.com\/main\/2026\/03\/08\/mahalle-destek-merkezleri-madeki-kuracagiz\/","name":"\u201cMahalle Destek Merkezleri MADEK\u2019i Kuraca\u011f\u0131z\u201d - AvrupaPress","isPartOf":{"@id":"https:\/\/avrupapress.com\/#website"},"primaryImageOfPage":{"@id":"https:\/\/avrupapress.com\/main\/2026\/03\/08\/mahalle-destek-merkezleri-madeki-kuracagiz\/#primaryimage"},"image":{"@id":"https:\/\/avrupapress.com\/main\/2026\/03\/08\/mahalle-destek-merkezleri-madeki-kuracagiz\/#primaryimage"},"thumbnailUrl":"https:\/\/avrupapress.com\/main\/wp-content\/uploads\/2026\/03\/ANADOLU-CINARLARI-1.jpeg","datePublished":"2026-03-08T20:58:07+00:00","breadcrumb":{"@id":"https:\/\/avrupapress.com\/main\/2026\/03\/08\/mahalle-destek-merkezleri-madeki-kuracagiz\/#breadcrumb"},"inLanguage":"fr-BE","potentialAction":[{"@type":"ReadAction","target":["https:\/\/avrupapress.com\/main\/2026\/03\/08\/mahalle-destek-merkezleri-madeki-kuracagiz\/"]}]},{"@type":"ImageObject","inLanguage":"fr-BE","@id":"https:\/\/avrupapress.com\/main\/2026\/03\/08\/mahalle-destek-merkezleri-madeki-kuracagiz\/#primaryimage","url":"https:\/\/avrupapress.com\/main\/wp-content\/uploads\/2026\/03\/ANADOLU-CINARLARI-1.jpeg","contentUrl":"https:\/\/avrupapress.com\/main\/wp-content\/uploads\/2026\/03\/ANADOLU-CINARLARI-1.jpeg","width":1173,"height":675},{"@type":"BreadcrumbList","@id":"https:\/\/avrupapress.com\/main\/2026\/03\/08\/mahalle-destek-merkezleri-madeki-kuracagiz\/#breadcrumb","itemListElement":[{"@type":"ListItem","position":1,"name":"Anasayfa","item":"https:\/\/avrupapress.com\/"},{"@type":"ListItem","position":2,"name":"\u201cMahalle Destek Merkezleri MADEK\u2019i Kuraca\u011f\u0131z\u201d"}]},{"@type":"WebSite","@id":"https:\/\/avrupapress.com\/#website","url":"https:\/\/avrupapress.com\/","name":"AvrupaPress","description":"Haberin Adresi","publisher":{"@id":"https:\/\/avrupapress.com\/#\/schema\/person\/0223dca19c72c43575bf30d1a2d8f4fa"},"potentialAction":[{"@type":"SearchAction","target":{"@type":"EntryPoint","urlTemplate":"https:\/\/avrupapress.com\/?s={search_term_string}"},"query-input":{"@type":"PropertyValueSpecification","valueRequired":true,"valueName":"search_term_string"}}],"inLanguage":"fr-BE"},{"@type":["Person","Organization"],"@id":"https:\/\/avrupapress.com\/#\/schema\/person\/0223dca19c72c43575bf30d1a2d8f4fa","name":"Bilgin \u00d6z\u00e7ift\u00e7i","image":{"@type":"ImageObject","inLanguage":"fr-BE","@id":"https:\/\/avrupapress.com\/#\/schema\/person\/image\/","url":"https:\/\/secure.gravatar.com\/avatar\/0f23b280433a21e1ea7a0adcc46ed0ad16afe3ad8e630fd13d8a017dcbd54ef3?s=96&d=mm&r=g","contentUrl":"https:\/\/secure.gravatar.com\/avatar\/0f23b280433a21e1ea7a0adcc46ed0ad16afe3ad8e630fd13d8a017dcbd54ef3?s=96&d=mm&r=g","caption":"Bilgin \u00d6z\u00e7ift\u00e7i"},"logo":{"@id":"https:\/\/avrupapress.com\/#\/schema\/person\/image\/"},"description":"Ne ben, nede sen... Biz ancak \"biz\" olursak g\u00fc\u00e7l\u00fc olabiliriz"},{"@type":"Person","@id":"https:\/\/avrupapress.com\/#\/schema\/person\/68428444ec60970d1e1b700cf4ca1e8f","name":"Edit\u00f6r","image":{"@type":"ImageObject","inLanguage":"fr-BE","@id":"https:\/\/avrupapress.com\/#\/schema\/person\/image\/","url":"https:\/\/secure.gravatar.com\/avatar\/74996b0977aa5f1559ba9883776652508b229005c0d78fb2597897f0bd651c09?s=96&d=mm&r=g","contentUrl":"https:\/\/secure.gravatar.com\/avatar\/74996b0977aa5f1559ba9883776652508b229005c0d78fb2597897f0bd651c09?s=96&d=mm&r=g","caption":"Edit\u00f6r"},"sameAs":["http:\/\/www.avrupapress.com"],"url":"https:\/\/avrupapress.com\/main\/author\/editor\/"}]}},"_links":{"self":[{"href":"https:\/\/avrupapress.com\/main\/wp-json\/wp\/v2\/posts\/33522","targetHints":{"allow":["GET"]}}],"collection":[{"href":"https:\/\/avrupapress.com\/main\/wp-json\/wp\/v2\/posts"}],"about":[{"href":"https:\/\/avrupapress.com\/main\/wp-json\/wp\/v2\/types\/post"}],"author":[{"embeddable":true,"href":"https:\/\/avrupapress.com\/main\/wp-json\/wp\/v2\/users\/3"}],"replies":[{"embeddable":true,"href":"https:\/\/avrupapress.com\/main\/wp-json\/wp\/v2\/comments?post=33522"}],"version-history":[{"count":1,"href":"https:\/\/avrupapress.com\/main\/wp-json\/wp\/v2\/posts\/33522\/revisions"}],"predecessor-version":[{"id":33527,"href":"https:\/\/avrupapress.com\/main\/wp-json\/wp\/v2\/posts\/33522\/revisions\/33527"}],"wp:featuredmedia":[{"embeddable":true,"href":"https:\/\/avrupapress.com\/main\/wp-json\/wp\/v2\/media\/33526"}],"wp:attachment":[{"href":"https:\/\/avrupapress.com\/main\/wp-json\/wp\/v2\/media?parent=33522"}],"wp:term":[{"taxonomy":"category","embeddable":true,"href":"https:\/\/avrupapress.com\/main\/wp-json\/wp\/v2\/categories?post=33522"},{"taxonomy":"post_tag","embeddable":true,"href":"https:\/\/avrupapress.com\/main\/wp-json\/wp\/v2\/tags?post=33522"}],"curies":[{"name":"wp","href":"https:\/\/api.w.org\/{rel}","templated":true}]}}