{"id":33073,"date":"2026-02-22T21:16:46","date_gmt":"2026-02-22T21:16:46","guid":{"rendered":"https:\/\/avrupapress.com\/main\/?p=33073"},"modified":"2026-02-22T21:16:52","modified_gmt":"2026-02-22T21:16:52","slug":"ramazan-i-serifin-bereketini-caliyorlar","status":"publish","type":"post","link":"https:\/\/avrupapress.com\/main\/2026\/02\/22\/ramazan-i-serifin-bereketini-caliyorlar\/","title":{"rendered":"RAMAZAN-I \u015eER\u0130F\u0130N BEREKET\u0130N\u0130 \u00c7ALIYORLAR"},"content":{"rendered":"<p>Bir insan\u0131n benli\u011fine, enaniyetine ve ruhuna Allah korkusu sirayet etmemi\u015fse ve o insan h\u0131rs\u0131zl\u0131\u011f\u0131, ars\u0131zl\u0131\u011f\u0131, had bilmezli\u011fi ve her t\u00fcrl\u00fc yobazl\u0131\u011f\u0131 kendine k\u00e2r say\u0131yorsa, ona insan denilmez. Bu fiiliyatlar\u0131 benliklerine i\u015fleyerek esnafl\u0131k yapanlara h\u0131rs\u0131z, kurumsal kimli\u011fi kendine kalkan yaparak yolsuzluk yapanlara da ars\u0131z denir. Bunlar, her defas<\/p>\n<p>\u0131nda f\u0131rsat\u0131 kendilerine hak bilip milleti talan etmekten b\u0131km\u0131yorlar. \u00c7\u00fcnk\u00fc yapt\u0131klar\u0131 her mel&rsquo;anet, serbest piyasan\u0131n getirdi\u011fi denetimsizlikler y\u00fcz\u00fcnden yanlar\u0131na k\u00e2r kal\u0131yor. Asl\u0131nda onlar\u0131 ne esnafl\u0131k kisveti ve nede kalkan olarak kulland\u0131klar\u0131 kurumsal kimlikleri temize \u00e7\u0131kart\u0131r. Zira b\u00f6yleleri, adeta itin kuyru\u011fu gibidirler. \u0130tin kuyru\u011fu ise, ne kadar kal\u0131ba koyarsan koy, ne zaman kal\u0131ptan \u00e7\u0131kar\u0131rsan \u00e7\u0131kar, yine e\u011fri b\u00fc\u011fr\u00fc olur. Onun i\u00e7in b\u00f6yle \u015fahsiyetsizleri derhal toplumdan uzakla\u015ft\u0131rarak vatanda\u015f\u0131 selamete \u00e7\u0131karmak gerekir. E\u011fer bunlar d\u00fczelecek olsalard\u0131, Cenab-\u0131 Allah bunlar\u0131n ecdad\u0131 olan \u015euayip kavminin \u015fehrini presleyerek yerle yeksan etmezdi. Onlarda kilo ile metrenin, yani \u00f6l\u00e7\u00fcn\u00fcn h\u0131rs\u0131zlar\u0131yd\u0131lar.<\/p>\n<p>Bakar m\u0131s\u0131n\u0131z; devletimiz bin bir zahmet ile milletin refah\u0131 i\u00e7in ve m\u00fcbarek ramazan\u0131 \u015ferifin bereketi arts\u0131n diye \u00fc\u00e7 be\u015f zam yapar, onlarda deveyi hamudu ile beraber g\u00f6t\u00fcr\u00fcrler. Maalesef ki devlet yetkilileri de buna serbest piyasadan dolay\u0131 sessiz kal\u0131yor. Evet, ufak tefek baz\u0131 yapt\u0131r\u0131mlarda bulunsa da vatanda\u015f\u0131n ma\u011fduriyetini gideremiyorlar. \u00c7\u00fcnk\u00fc vakti zamanda X partili bir h\u00fck\u00fcmet, serbest piyasa diye bir kanunu y\u00fcr\u00fcrl\u00fc\u011fe soktu ki kimse bir daha bozam\u0131yor. Onun i\u00e7in bu yasan\u0131n derhal kald\u0131r\u0131lmas\u0131 ve otoriter bir devlet anlay\u0131\u015f\u0131n\u0131n hakim olmas\u0131 gerekir. Aksi halde ne talan\u0131m\u0131z, ne yolsuzluklar\u0131m\u0131z ve nede yalan dolan\u0131m\u0131z eksik olur. Bu mevcut yasalarla ancak milleti talan ederler.<\/p>\n<p>Bu tarz vicdans\u0131zl\u0131klar\u0131 bir zamanlar devlet ad\u0131na devleti y\u00f6neten h\u00fck\u00fcmetler yapard\u0131. \u015eimdi ise, esnaf kisvetindeki s\u00fct\u00fc bozuklar zamm\u0131, b\u00fcrokrasi kimli\u011fini kendine kalkan yapan vicdans\u0131zlarda her t\u00fcrl\u00fc yolsuzlu\u011fu yap\u0131yorlar. Bunu yapanlara sorsan, hepsi de elhamd\u00fclillah M\u00fcsl\u00fcman. Ama \u015funu bilmezler ki bu aziz milletin \u00fcst\u00fcn feraseti onlar\u0131 her defas\u0131nda ayyuka \u00e7\u0131kart\u0131r ve aforoz eder. \u00c7\u00fcnk\u00fc hem M\u00fcsl\u00fcmanl\u0131k, hem de \u00e7irkeflik ayn\u0131 anda bir arada tek derede akmaz. Bu i\u015fte ya tam M\u00fcsl\u00fcman\u0131m diyerek b\u00fct\u00fcn vas\u0131flar\u0131 \u015fahs\u0131 manevinizde b\u00fct\u00fcnle\u015ftirerek kan\u0131tlay\u0131p ya\u015fayacaks\u0131n, ya da \u00e7irkefli\u011fi se\u00e7erek m\u00fcnaf\u0131kl\u0131\u011f\u0131n\u0131z\u0131 tasdikletirip saf\u0131n\u0131z\u0131 belli edeceksiniz ki, bir daha insanlar size g\u00fcvenerek aldanmas\u0131n. Tabiki dinini diyanetini harfiyyen ya\u015fay\u0131p do\u011fruyu do\u011fru, e\u011friyi e\u011fri g\u00f6rerek d\u00fcr\u00fcstl\u00fc\u011f\u00fc hayat\u0131 i\u00e7timaiyesine nak\u015f ederek ya\u015fayanlar, bu s\u00f6ylediklerimizden tenzih ederek m\u00fcstesna tutuyoruz. Ama ne yaz\u0131k ki istisnalar ise, usul kaideyi bozmuyor.<\/p>\n<p>Daha \u00fc\u00e7 g\u00fcn \u00f6nce arabada haberleri dinlerken bu konumuzu tasdikleyen bir haber g\u00fcndeme geldi. Adam\u0131n biri X bir kafeye gidiyor bir porsiyon k\u00f6fte biraz peynir ve birazda salata sipari\u015f veriyor ve yedikten sonra gelen hesap adam\u0131n y\u00fcre\u011fine oturuyor. Gelen hesap bin de\u011fil, 5bin de\u011fil, 10bin hi\u00e7 de\u011fil, tam 22bin lira hesap \u00f6dettiriliyor. Adam bakm\u0131\u015f bu hesab\u0131 \u00f6demezse, \u00fcstelik birde bir kamyon sopa yiyecek. Mecburiyetten o paray\u0131 \u00f6demek zorunda kal\u0131yor ve \u00f6dedikten sonra sizi \u015fikayet edece\u011fim diye hayk\u0131rarak<\/p>\n<p>\u00e7\u0131km\u0131\u015f ve solu\u011fu direk mahkemede alm\u0131\u015f. Ke\u015fke de almaz olsaym\u0131\u015f. \u00c7\u00fcnk\u00fc en esasl\u0131 kaz\u0131\u011f\u0131, mahkemeden yemi\u015f. Neymi\u015f, serbest piyasaym\u0131\u015f ve kimse kar\u0131\u015fam\u0131yormu\u015f. Oda yetmezmi\u015f gibi, fi\u015f almad\u0131\u011f\u0131 i\u00e7in birde adamca\u011f\u0131za 7bin lira cezay\u0131 reva g\u00f6rm\u00fc\u015f. Oysaki bu m\u00fcbarek ay\u0131n evveli rahmet, ortas\u0131 ma\u011ffiret, sonu cehennem den azat olmak var iken, bu zul\u00fcm ve i\u015fkence niye? Bu eziyeti din karde\u015fine ve \u00fclk\u00fcda\u015f\u0131na niye yap\u0131yorsunuz? Neden her sofraya oturdu\u011fumuzda kendinize bu\u011fuz ettiriyorsunuz? Neden her defas\u0131nda sizi Allah\u2019a emanet yerine havale ettiriyorsunuz?<\/p>\n<p>\u00c7\u00fcnk\u00fc sizler, fahi\u015f fiyatlar\u0131n\u0131z y\u00fcz\u00fcnden ceplerimizden hak etmediklerinizi bizden \u00e7alarak bizlere z\u00fcl ediyorsunuz. \u0130\u015fte tamda bunun i\u00e7in sizleri Allah\u2019a havale ediyoruz. Bug\u00fcn en basitinden bir pide \u00fczerinden \u00f6rnekleme yapacak olursak pidenin gramaj\u0131n\u0131 dibe indirip fiyat\u0131da tam zirveye \u00e7\u0131karanlara gel de bereketten, hay\u0131rdan ve hasanattan bahset. Halbuki her \u015feyden \u00f6nce kontrol mekanizmalar\u0131n dizginleri elinizde sa\u011flam tutulsa, b\u00f6yle ekonomi yobazl\u0131\u011f\u0131 devam etmeyecektir. \u00d6nce biz birbirimize merhamet etmeliyiz ki Cenab\u0131 hak Te\u00e2l\u00e2 da rahmeti ile bizlere merhamet etsin. Aksi halde bu d\u00fcnyadaki cefam\u0131z, ahir alemde ise ezam\u0131z eksik olmaz. Her \u015feyden evvel devleti y\u00f6neten h\u00fck\u00fcmetler ve idareciler, kontrol mekanizmalar\u0131n dizginlerini elinde tutacak, sonra esnaf esnafl\u0131\u011f\u0131n\u0131 yapacak ki vatanda\u015fta onlar\u0131 hay\u0131r dualar\u0131ndan esirgemeyecek. Bak o zaman hakk\u0131n h\u00e2kim, bat\u0131l\u0131n ise zail oldu\u011funu nas\u0131lda g\u00f6rm\u00fc\u015f olaca\u011f\u0131z.<\/p>\n<p>la ahiri kelam\u0131m\u0131z\u0131n hulasas\u0131nda yine bir dua ile y\u00fcce Allah tan temenni ve niyazda bulunarak makalemizi noktalam\u0131\u015f olaca\u011f\u0131z. Y\u00fcce Allah c\u00fcmle \u00fcmmeti zalimin \u015ferrinden vicdans\u0131zlar\u0131n s\u00f6m\u00fcrmesinden Settar ismi h\u00fcrmetine muhafaza eylesin. Allah c\u00fcmlemizden raz\u0131 olsun. Allah yar ve yard\u0131mc\u0131m\u0131z olsun. Selam ve dua ile huzur i\u00e7inde kal\u0131n selametle efendim&#8230;<\/p>\n<p>\u201cSAYGILARIMLA VESSEL\u00c2M\u201d<\/p>\n<p>&nbsp;<\/p>\n<p><strong>Abdullah Taskin\u00a0 \u00a0 \u00a0 \u00a0 \/\u00a0 \u00a0 \u00a0 \u00a0 \u00a0AVRUPAPRESS<\/strong><\/p>\n","protected":false},"excerpt":{"rendered":"<p>Bir insan\u0131n benli\u011fine, enaniyetine ve ruhuna Allah korkusu sirayet etmemi\u015fse ve o insan h\u0131rs\u0131zl\u0131\u011f\u0131, ars\u0131zl\u0131\u011f\u0131, had bilmezli\u011fi ve her t\u00fcrl\u00fc yobazl\u0131\u011f\u0131 kendine k\u00e2r say\u0131yorsa, ona insan denilmez. Bu fiiliyatlar\u0131 benliklerine i\u015fleyerek esnafl\u0131k yapanlara h\u0131rs\u0131z, kurumsal kimli\u011fi kendine kalkan yaparak yolsuzluk yapanlara da ars\u0131z denir. Bunlar, her defas \u0131nda f\u0131rsat\u0131 kendilerine hak bilip milleti talan etmekten [&hellip;]<\/p>\n","protected":false},"author":3,"featured_media":33074,"comment_status":"closed","ping_status":"open","sticky":false,"template":"","format":"standard","meta":{"footnotes":""},"categories":[14,16,3,17,18,15,19,2,1],"tags":[],"class_list":["post-33073","post","type-post","status-publish","format-standard","has-post-thumbnail","hentry","category-avrupa","category-belcika","category-dunya","category-ekonomi","category-kultur-sanat","category-spor","category-tanitim","category-turkiye","category-uncategorized"],"yoast_head":"<!-- This site is optimized with the Yoast SEO plugin v26.9 - https:\/\/yoast.com\/product\/yoast-seo-wordpress\/ -->\n<title>RAMAZAN-I \u015eER\u0130F\u0130N BEREKET\u0130N\u0130 \u00c7ALIYORLAR - AvrupaPress<\/title>\n<meta name=\"robots\" content=\"index, follow, max-snippet:-1, max-image-preview:large, max-video-preview:-1\" \/>\n<link rel=\"canonical\" href=\"https:\/\/avrupapress.com\/main\/2026\/02\/22\/ramazan-i-serifin-bereketini-caliyorlar\/\" \/>\n<meta property=\"og:locale\" content=\"fr_FR\" \/>\n<meta property=\"og:type\" content=\"article\" \/>\n<meta property=\"og:title\" content=\"RAMAZAN-I \u015eER\u0130F\u0130N BEREKET\u0130N\u0130 \u00c7ALIYORLAR - AvrupaPress\" \/>\n<meta property=\"og:description\" content=\"Bir insan\u0131n benli\u011fine, enaniyetine ve ruhuna Allah korkusu sirayet etmemi\u015fse ve o insan h\u0131rs\u0131zl\u0131\u011f\u0131, ars\u0131zl\u0131\u011f\u0131, had bilmezli\u011fi ve her t\u00fcrl\u00fc yobazl\u0131\u011f\u0131 kendine k\u00e2r say\u0131yorsa, ona insan denilmez. Bu fiiliyatlar\u0131 benliklerine i\u015fleyerek esnafl\u0131k yapanlara h\u0131rs\u0131z, kurumsal kimli\u011fi kendine kalkan yaparak yolsuzluk yapanlara da ars\u0131z denir. Bunlar, her defas \u0131nda f\u0131rsat\u0131 kendilerine hak bilip milleti talan etmekten [&hellip;]\" \/>\n<meta property=\"og:url\" content=\"https:\/\/avrupapress.com\/main\/2026\/02\/22\/ramazan-i-serifin-bereketini-caliyorlar\/\" \/>\n<meta property=\"og:site_name\" content=\"AvrupaPress\" \/>\n<meta property=\"article:published_time\" content=\"2026-02-22T21:16:46+00:00\" \/>\n<meta property=\"article:modified_time\" content=\"2026-02-22T21:16:52+00:00\" \/>\n<meta property=\"og:image\" content=\"https:\/\/avrupapress.com\/main\/wp-content\/uploads\/2026\/02\/thumbnail_IMG-20210209-WA0004-728x410-2-2-1-1.jpg\" \/>\n\t<meta property=\"og:image:width\" content=\"728\" \/>\n\t<meta property=\"og:image:height\" content=\"410\" \/>\n\t<meta property=\"og:image:type\" content=\"image\/jpeg\" \/>\n<meta name=\"author\" content=\"Edit\u00f6r\" \/>\n<meta name=\"twitter:card\" content=\"summary_large_image\" \/>\n<meta name=\"twitter:label1\" content=\"\u00c9crit par\" \/>\n\t<meta name=\"twitter:data1\" content=\"Edit\u00f6r\" \/>\n\t<meta name=\"twitter:label2\" content=\"Dur\u00e9e de lecture est.\" \/>\n\t<meta name=\"twitter:data2\" content=\"4 minutes\" \/>\n<script type=\"application\/ld+json\" class=\"yoast-schema-graph\">{\"@context\":\"https:\/\/schema.org\",\"@graph\":[{\"@type\":\"Article\",\"@id\":\"https:\/\/avrupapress.com\/main\/2026\/02\/22\/ramazan-i-serifin-bereketini-caliyorlar\/#article\",\"isPartOf\":{\"@id\":\"https:\/\/avrupapress.com\/main\/2026\/02\/22\/ramazan-i-serifin-bereketini-caliyorlar\/\"},\"author\":{\"name\":\"Edit\u00f6r\",\"@id\":\"https:\/\/avrupapress.com\/#\/schema\/person\/68428444ec60970d1e1b700cf4ca1e8f\"},\"headline\":\"RAMAZAN-I \u015eER\u0130F\u0130N BEREKET\u0130N\u0130 \u00c7ALIYORLAR\",\"datePublished\":\"2026-02-22T21:16:46+00:00\",\"dateModified\":\"2026-02-22T21:16:52+00:00\",\"mainEntityOfPage\":{\"@id\":\"https:\/\/avrupapress.com\/main\/2026\/02\/22\/ramazan-i-serifin-bereketini-caliyorlar\/\"},\"wordCount\":932,\"publisher\":{\"@id\":\"https:\/\/avrupapress.com\/#\/schema\/person\/0223dca19c72c43575bf30d1a2d8f4fa\"},\"image\":{\"@id\":\"https:\/\/avrupapress.com\/main\/2026\/02\/22\/ramazan-i-serifin-bereketini-caliyorlar\/#primaryimage\"},\"thumbnailUrl\":\"https:\/\/avrupapress.com\/main\/wp-content\/uploads\/2026\/02\/thumbnail_IMG-20210209-WA0004-728x410-2-2-1-1.jpg\",\"articleSection\":[\"Avrupa\",\"Bel\u00e7ika\",\"D\u00fcnya\",\"Ekonomi\",\"K\u00fclt\u00fcr-Sanat\",\"Spor\",\"Tan\u0131t\u0131m\",\"T\u00fcrkiye\",\"Uncategorized\"],\"inLanguage\":\"fr-BE\"},{\"@type\":\"WebPage\",\"@id\":\"https:\/\/avrupapress.com\/main\/2026\/02\/22\/ramazan-i-serifin-bereketini-caliyorlar\/\",\"url\":\"https:\/\/avrupapress.com\/main\/2026\/02\/22\/ramazan-i-serifin-bereketini-caliyorlar\/\",\"name\":\"RAMAZAN-I \u015eER\u0130F\u0130N BEREKET\u0130N\u0130 \u00c7ALIYORLAR - AvrupaPress\",\"isPartOf\":{\"@id\":\"https:\/\/avrupapress.com\/#website\"},\"primaryImageOfPage\":{\"@id\":\"https:\/\/avrupapress.com\/main\/2026\/02\/22\/ramazan-i-serifin-bereketini-caliyorlar\/#primaryimage\"},\"image\":{\"@id\":\"https:\/\/avrupapress.com\/main\/2026\/02\/22\/ramazan-i-serifin-bereketini-caliyorlar\/#primaryimage\"},\"thumbnailUrl\":\"https:\/\/avrupapress.com\/main\/wp-content\/uploads\/2026\/02\/thumbnail_IMG-20210209-WA0004-728x410-2-2-1-1.jpg\",\"datePublished\":\"2026-02-22T21:16:46+00:00\",\"dateModified\":\"2026-02-22T21:16:52+00:00\",\"breadcrumb\":{\"@id\":\"https:\/\/avrupapress.com\/main\/2026\/02\/22\/ramazan-i-serifin-bereketini-caliyorlar\/#breadcrumb\"},\"inLanguage\":\"fr-BE\",\"potentialAction\":[{\"@type\":\"ReadAction\",\"target\":[\"https:\/\/avrupapress.com\/main\/2026\/02\/22\/ramazan-i-serifin-bereketini-caliyorlar\/\"]}]},{\"@type\":\"ImageObject\",\"inLanguage\":\"fr-BE\",\"@id\":\"https:\/\/avrupapress.com\/main\/2026\/02\/22\/ramazan-i-serifin-bereketini-caliyorlar\/#primaryimage\",\"url\":\"https:\/\/avrupapress.com\/main\/wp-content\/uploads\/2026\/02\/thumbnail_IMG-20210209-WA0004-728x410-2-2-1-1.jpg\",\"contentUrl\":\"https:\/\/avrupapress.com\/main\/wp-content\/uploads\/2026\/02\/thumbnail_IMG-20210209-WA0004-728x410-2-2-1-1.jpg\",\"width\":728,\"height\":410},{\"@type\":\"BreadcrumbList\",\"@id\":\"https:\/\/avrupapress.com\/main\/2026\/02\/22\/ramazan-i-serifin-bereketini-caliyorlar\/#breadcrumb\",\"itemListElement\":[{\"@type\":\"ListItem\",\"position\":1,\"name\":\"Anasayfa\",\"item\":\"https:\/\/avrupapress.com\/\"},{\"@type\":\"ListItem\",\"position\":2,\"name\":\"RAMAZAN-I \u015eER\u0130F\u0130N BEREKET\u0130N\u0130 \u00c7ALIYORLAR\"}]},{\"@type\":\"WebSite\",\"@id\":\"https:\/\/avrupapress.com\/#website\",\"url\":\"https:\/\/avrupapress.com\/\",\"name\":\"AvrupaPress\",\"description\":\"Haberin Adresi\",\"publisher\":{\"@id\":\"https:\/\/avrupapress.com\/#\/schema\/person\/0223dca19c72c43575bf30d1a2d8f4fa\"},\"potentialAction\":[{\"@type\":\"SearchAction\",\"target\":{\"@type\":\"EntryPoint\",\"urlTemplate\":\"https:\/\/avrupapress.com\/?s={search_term_string}\"},\"query-input\":{\"@type\":\"PropertyValueSpecification\",\"valueRequired\":true,\"valueName\":\"search_term_string\"}}],\"inLanguage\":\"fr-BE\"},{\"@type\":[\"Person\",\"Organization\"],\"@id\":\"https:\/\/avrupapress.com\/#\/schema\/person\/0223dca19c72c43575bf30d1a2d8f4fa\",\"name\":\"Bilgin \u00d6z\u00e7ift\u00e7i\",\"image\":{\"@type\":\"ImageObject\",\"inLanguage\":\"fr-BE\",\"@id\":\"https:\/\/avrupapress.com\/#\/schema\/person\/image\/\",\"url\":\"https:\/\/secure.gravatar.com\/avatar\/0f23b280433a21e1ea7a0adcc46ed0ad16afe3ad8e630fd13d8a017dcbd54ef3?s=96&d=mm&r=g\",\"contentUrl\":\"https:\/\/secure.gravatar.com\/avatar\/0f23b280433a21e1ea7a0adcc46ed0ad16afe3ad8e630fd13d8a017dcbd54ef3?s=96&d=mm&r=g\",\"caption\":\"Bilgin \u00d6z\u00e7ift\u00e7i\"},\"logo\":{\"@id\":\"https:\/\/avrupapress.com\/#\/schema\/person\/image\/\"},\"description\":\"Ne ben, nede sen... Biz ancak \\\"biz\\\" olursak g\u00fc\u00e7l\u00fc olabiliriz\"},{\"@type\":\"Person\",\"@id\":\"https:\/\/avrupapress.com\/#\/schema\/person\/68428444ec60970d1e1b700cf4ca1e8f\",\"name\":\"Edit\u00f6r\",\"image\":{\"@type\":\"ImageObject\",\"inLanguage\":\"fr-BE\",\"@id\":\"https:\/\/avrupapress.com\/#\/schema\/person\/image\/\",\"url\":\"https:\/\/secure.gravatar.com\/avatar\/74996b0977aa5f1559ba9883776652508b229005c0d78fb2597897f0bd651c09?s=96&d=mm&r=g\",\"contentUrl\":\"https:\/\/secure.gravatar.com\/avatar\/74996b0977aa5f1559ba9883776652508b229005c0d78fb2597897f0bd651c09?s=96&d=mm&r=g\",\"caption\":\"Edit\u00f6r\"},\"sameAs\":[\"http:\/\/www.avrupapress.com\"],\"url\":\"https:\/\/avrupapress.com\/main\/author\/editor\/\"}]}<\/script>\n<!-- \/ Yoast SEO plugin. -->","yoast_head_json":{"title":"RAMAZAN-I \u015eER\u0130F\u0130N BEREKET\u0130N\u0130 \u00c7ALIYORLAR - AvrupaPress","robots":{"index":"index","follow":"follow","max-snippet":"max-snippet:-1","max-image-preview":"max-image-preview:large","max-video-preview":"max-video-preview:-1"},"canonical":"https:\/\/avrupapress.com\/main\/2026\/02\/22\/ramazan-i-serifin-bereketini-caliyorlar\/","og_locale":"fr_FR","og_type":"article","og_title":"RAMAZAN-I \u015eER\u0130F\u0130N BEREKET\u0130N\u0130 \u00c7ALIYORLAR - AvrupaPress","og_description":"Bir insan\u0131n benli\u011fine, enaniyetine ve ruhuna Allah korkusu sirayet etmemi\u015fse ve o insan h\u0131rs\u0131zl\u0131\u011f\u0131, ars\u0131zl\u0131\u011f\u0131, had bilmezli\u011fi ve her t\u00fcrl\u00fc yobazl\u0131\u011f\u0131 kendine k\u00e2r say\u0131yorsa, ona insan denilmez. Bu fiiliyatlar\u0131 benliklerine i\u015fleyerek esnafl\u0131k yapanlara h\u0131rs\u0131z, kurumsal kimli\u011fi kendine kalkan yaparak yolsuzluk yapanlara da ars\u0131z denir. Bunlar, her defas \u0131nda f\u0131rsat\u0131 kendilerine hak bilip milleti talan etmekten [&hellip;]","og_url":"https:\/\/avrupapress.com\/main\/2026\/02\/22\/ramazan-i-serifin-bereketini-caliyorlar\/","og_site_name":"AvrupaPress","article_published_time":"2026-02-22T21:16:46+00:00","article_modified_time":"2026-02-22T21:16:52+00:00","og_image":[{"width":728,"height":410,"url":"https:\/\/avrupapress.com\/main\/wp-content\/uploads\/2026\/02\/thumbnail_IMG-20210209-WA0004-728x410-2-2-1-1.jpg","type":"image\/jpeg"}],"author":"Edit\u00f6r","twitter_card":"summary_large_image","twitter_misc":{"\u00c9crit par":"Edit\u00f6r","Dur\u00e9e de lecture est.":"4 minutes"},"schema":{"@context":"https:\/\/schema.org","@graph":[{"@type":"Article","@id":"https:\/\/avrupapress.com\/main\/2026\/02\/22\/ramazan-i-serifin-bereketini-caliyorlar\/#article","isPartOf":{"@id":"https:\/\/avrupapress.com\/main\/2026\/02\/22\/ramazan-i-serifin-bereketini-caliyorlar\/"},"author":{"name":"Edit\u00f6r","@id":"https:\/\/avrupapress.com\/#\/schema\/person\/68428444ec60970d1e1b700cf4ca1e8f"},"headline":"RAMAZAN-I \u015eER\u0130F\u0130N BEREKET\u0130N\u0130 \u00c7ALIYORLAR","datePublished":"2026-02-22T21:16:46+00:00","dateModified":"2026-02-22T21:16:52+00:00","mainEntityOfPage":{"@id":"https:\/\/avrupapress.com\/main\/2026\/02\/22\/ramazan-i-serifin-bereketini-caliyorlar\/"},"wordCount":932,"publisher":{"@id":"https:\/\/avrupapress.com\/#\/schema\/person\/0223dca19c72c43575bf30d1a2d8f4fa"},"image":{"@id":"https:\/\/avrupapress.com\/main\/2026\/02\/22\/ramazan-i-serifin-bereketini-caliyorlar\/#primaryimage"},"thumbnailUrl":"https:\/\/avrupapress.com\/main\/wp-content\/uploads\/2026\/02\/thumbnail_IMG-20210209-WA0004-728x410-2-2-1-1.jpg","articleSection":["Avrupa","Bel\u00e7ika","D\u00fcnya","Ekonomi","K\u00fclt\u00fcr-Sanat","Spor","Tan\u0131t\u0131m","T\u00fcrkiye","Uncategorized"],"inLanguage":"fr-BE"},{"@type":"WebPage","@id":"https:\/\/avrupapress.com\/main\/2026\/02\/22\/ramazan-i-serifin-bereketini-caliyorlar\/","url":"https:\/\/avrupapress.com\/main\/2026\/02\/22\/ramazan-i-serifin-bereketini-caliyorlar\/","name":"RAMAZAN-I \u015eER\u0130F\u0130N BEREKET\u0130N\u0130 \u00c7ALIYORLAR - AvrupaPress","isPartOf":{"@id":"https:\/\/avrupapress.com\/#website"},"primaryImageOfPage":{"@id":"https:\/\/avrupapress.com\/main\/2026\/02\/22\/ramazan-i-serifin-bereketini-caliyorlar\/#primaryimage"},"image":{"@id":"https:\/\/avrupapress.com\/main\/2026\/02\/22\/ramazan-i-serifin-bereketini-caliyorlar\/#primaryimage"},"thumbnailUrl":"https:\/\/avrupapress.com\/main\/wp-content\/uploads\/2026\/02\/thumbnail_IMG-20210209-WA0004-728x410-2-2-1-1.jpg","datePublished":"2026-02-22T21:16:46+00:00","dateModified":"2026-02-22T21:16:52+00:00","breadcrumb":{"@id":"https:\/\/avrupapress.com\/main\/2026\/02\/22\/ramazan-i-serifin-bereketini-caliyorlar\/#breadcrumb"},"inLanguage":"fr-BE","potentialAction":[{"@type":"ReadAction","target":["https:\/\/avrupapress.com\/main\/2026\/02\/22\/ramazan-i-serifin-bereketini-caliyorlar\/"]}]},{"@type":"ImageObject","inLanguage":"fr-BE","@id":"https:\/\/avrupapress.com\/main\/2026\/02\/22\/ramazan-i-serifin-bereketini-caliyorlar\/#primaryimage","url":"https:\/\/avrupapress.com\/main\/wp-content\/uploads\/2026\/02\/thumbnail_IMG-20210209-WA0004-728x410-2-2-1-1.jpg","contentUrl":"https:\/\/avrupapress.com\/main\/wp-content\/uploads\/2026\/02\/thumbnail_IMG-20210209-WA0004-728x410-2-2-1-1.jpg","width":728,"height":410},{"@type":"BreadcrumbList","@id":"https:\/\/avrupapress.com\/main\/2026\/02\/22\/ramazan-i-serifin-bereketini-caliyorlar\/#breadcrumb","itemListElement":[{"@type":"ListItem","position":1,"name":"Anasayfa","item":"https:\/\/avrupapress.com\/"},{"@type":"ListItem","position":2,"name":"RAMAZAN-I \u015eER\u0130F\u0130N BEREKET\u0130N\u0130 \u00c7ALIYORLAR"}]},{"@type":"WebSite","@id":"https:\/\/avrupapress.com\/#website","url":"https:\/\/avrupapress.com\/","name":"AvrupaPress","description":"Haberin Adresi","publisher":{"@id":"https:\/\/avrupapress.com\/#\/schema\/person\/0223dca19c72c43575bf30d1a2d8f4fa"},"potentialAction":[{"@type":"SearchAction","target":{"@type":"EntryPoint","urlTemplate":"https:\/\/avrupapress.com\/?s={search_term_string}"},"query-input":{"@type":"PropertyValueSpecification","valueRequired":true,"valueName":"search_term_string"}}],"inLanguage":"fr-BE"},{"@type":["Person","Organization"],"@id":"https:\/\/avrupapress.com\/#\/schema\/person\/0223dca19c72c43575bf30d1a2d8f4fa","name":"Bilgin \u00d6z\u00e7ift\u00e7i","image":{"@type":"ImageObject","inLanguage":"fr-BE","@id":"https:\/\/avrupapress.com\/#\/schema\/person\/image\/","url":"https:\/\/secure.gravatar.com\/avatar\/0f23b280433a21e1ea7a0adcc46ed0ad16afe3ad8e630fd13d8a017dcbd54ef3?s=96&d=mm&r=g","contentUrl":"https:\/\/secure.gravatar.com\/avatar\/0f23b280433a21e1ea7a0adcc46ed0ad16afe3ad8e630fd13d8a017dcbd54ef3?s=96&d=mm&r=g","caption":"Bilgin \u00d6z\u00e7ift\u00e7i"},"logo":{"@id":"https:\/\/avrupapress.com\/#\/schema\/person\/image\/"},"description":"Ne ben, nede sen... Biz ancak \"biz\" olursak g\u00fc\u00e7l\u00fc olabiliriz"},{"@type":"Person","@id":"https:\/\/avrupapress.com\/#\/schema\/person\/68428444ec60970d1e1b700cf4ca1e8f","name":"Edit\u00f6r","image":{"@type":"ImageObject","inLanguage":"fr-BE","@id":"https:\/\/avrupapress.com\/#\/schema\/person\/image\/","url":"https:\/\/secure.gravatar.com\/avatar\/74996b0977aa5f1559ba9883776652508b229005c0d78fb2597897f0bd651c09?s=96&d=mm&r=g","contentUrl":"https:\/\/secure.gravatar.com\/avatar\/74996b0977aa5f1559ba9883776652508b229005c0d78fb2597897f0bd651c09?s=96&d=mm&r=g","caption":"Edit\u00f6r"},"sameAs":["http:\/\/www.avrupapress.com"],"url":"https:\/\/avrupapress.com\/main\/author\/editor\/"}]}},"_links":{"self":[{"href":"https:\/\/avrupapress.com\/main\/wp-json\/wp\/v2\/posts\/33073","targetHints":{"allow":["GET"]}}],"collection":[{"href":"https:\/\/avrupapress.com\/main\/wp-json\/wp\/v2\/posts"}],"about":[{"href":"https:\/\/avrupapress.com\/main\/wp-json\/wp\/v2\/types\/post"}],"author":[{"embeddable":true,"href":"https:\/\/avrupapress.com\/main\/wp-json\/wp\/v2\/users\/3"}],"replies":[{"embeddable":true,"href":"https:\/\/avrupapress.com\/main\/wp-json\/wp\/v2\/comments?post=33073"}],"version-history":[{"count":1,"href":"https:\/\/avrupapress.com\/main\/wp-json\/wp\/v2\/posts\/33073\/revisions"}],"predecessor-version":[{"id":33075,"href":"https:\/\/avrupapress.com\/main\/wp-json\/wp\/v2\/posts\/33073\/revisions\/33075"}],"wp:featuredmedia":[{"embeddable":true,"href":"https:\/\/avrupapress.com\/main\/wp-json\/wp\/v2\/media\/33074"}],"wp:attachment":[{"href":"https:\/\/avrupapress.com\/main\/wp-json\/wp\/v2\/media?parent=33073"}],"wp:term":[{"taxonomy":"category","embeddable":true,"href":"https:\/\/avrupapress.com\/main\/wp-json\/wp\/v2\/categories?post=33073"},{"taxonomy":"post_tag","embeddable":true,"href":"https:\/\/avrupapress.com\/main\/wp-json\/wp\/v2\/tags?post=33073"}],"curies":[{"name":"wp","href":"https:\/\/api.w.org\/{rel}","templated":true}]}}