{"id":33067,"date":"2026-02-22T16:46:14","date_gmt":"2026-02-22T16:46:14","guid":{"rendered":"https:\/\/avrupapress.com\/main\/?p=33067"},"modified":"2026-02-22T16:47:23","modified_gmt":"2026-02-22T16:47:23","slug":"turkiyede-ciftcilere-ucukbas-hayvan-destegi","status":"publish","type":"post","link":"https:\/\/avrupapress.com\/main\/2026\/02\/22\/turkiyede-ciftcilere-ucukbas-hayvan-destegi\/","title":{"rendered":"T\u00fcrkiye&rsquo;de \u00c7ift\u00e7ilere K\u00fc\u00e7\u00fckba\u015f Hayvan Deste\u011fi!"},"content":{"rendered":"<h2 class=\"news-spot\">Cumhurba\u015fkan\u0131 Recep Tayyip Erdo\u011fan, \u00ab\u00a0K\u0131rsalda bereket, k\u00fc\u00e7\u00fckba\u015fa destek ad\u0131n\u0131 verdi\u011fimiz projenin ilk etab\u0131nda tam 150 bin k\u00fc\u00e7\u00fckba\u015f\u0131 \u00fcreticilerimize uygun \u015fartlarda verece\u011fiz. Ayl\u0131k 15 bin TL besleme deste\u011fini biz kar\u015f\u0131layaca\u011f\u0131z. \u0130lk hayvanlar\u0131 bu y\u0131l i\u00e7inde teslim edece\u011fiz\u00a0\u00bb a\u00e7\u0131klamas\u0131n\u0131 yapt\u0131.<\/h2>\n<p>Cumhurba\u015fkan\u0131 Recep Tayyip Erdo\u011fan, hayvanc\u0131l\u0131\u011f\u0131 te\u015fvik etmek ve k\u0131rsal kalk\u0131nmay\u0131 h\u0131zland\u0131rmak amac\u0131yla haz\u0131rlanan \u00ab\u00a0K\u0131rsalda Bereket, K\u00fc\u00e7\u00fckba\u015fa Destek\u00a0\u00bb projesinin m\u00fcjdesini verdi. Yeni proje kapsam\u0131nda \u00fcreticilere hayvan tedari\u011finden finansmana, bak\u0131m deste\u011finden sigortaya kadar geni\u015f kapsaml\u0131 bir paket sunuluyor.<\/p>\n<p>150 Bin K\u00fc\u00e7\u00fckba\u015f Hayvan \u00dcreticilerle Bulu\u015fuyor<\/p>\n<p>Proje \u00e7er\u00e7evesinde toplam 150 bin k\u00fc\u00e7\u00fckba\u015f hayvan, uygun \u015fartlarda \u00fcreticilere teslim edilecek. \u0130\u015fletme kurmak veya kapasitesini art\u0131rmak isteyenlere her bir birim i\u00e7in 95 di\u015fi ve 5 erkek olmak \u00fczere toplam 100 k\u00fc\u00e7\u00fckba\u015f hayvan temin edilecek.<\/p>\n<p>Devletten Bak\u0131m ve Sigorta Deste\u011fi<\/p>\n<p>\u00dcreticinin y\u00fck\u00fcn\u00fc hafifletmeyi ama\u00e7layan projede, bak\u0131m ve besleme giderleri i\u00e7in devlet elini ta\u015f\u0131n alt\u0131na koyuyor:<\/p>\n<p>Ayl\u0131k 15 bin TL, y\u0131ll\u0131k toplamda ise 180 bin TL bak\u0131m ve besleme deste\u011fi verilecek.<\/p>\n<p>K\u00fc\u00e7\u00fckba\u015f hayvanlar\u0131n 1 y\u0131ll\u0131k sigorta masraf\u0131 tamamen devlet taraf\u0131ndan kar\u015f\u0131lanacak.<\/p>\n<p>Faizsiz Kredi ve Uzun Vade \u0130mkan\u0131<\/p>\n<p>Ziraat Bankas\u0131 arac\u0131l\u0131\u011f\u0131yla sunulacak finansman deste\u011fi ile \u00fcreticiler nefes alacak. Proje kapsam\u0131nda kullan\u0131lacak krediler faizsiz olacak. Ayr\u0131ca, \u00fcreticilere 2 y\u0131la kadar geri \u00f6demesiz ve toplam 7 y\u0131la kadar vade se\u00e7enekleri sunulacak.<\/p>\n<p>\u00d6ncelik Kad\u0131nlar, Gen\u00e7ler ve Yeni Mezunlarda<\/p>\n<p>2026 y\u0131l\u0131 k\u0131rsal kalk\u0131nma destek b\u00fct\u00e7esinin yar\u0131s\u0131; gen\u00e7 \u00fcreticiler, kad\u0131n \u00fcreticiler ve aile i\u015fletmelerine ayr\u0131ld\u0131. \u00d6zellikle \u015fu gruplar \u00f6ncelikli olarak de\u011ferlendirilecek:<\/p>\n<p>&nbsp;<\/p>\n<p><img loading=\"lazy\" decoding=\"async\" class=\"alignnone size-medium wp-image-33068\" src=\"https:\/\/avrupapress.com\/main\/wp-content\/uploads\/2026\/02\/2440843-225x300.jpg\" alt=\"\" width=\"225\" height=\"300\" srcset=\"https:\/\/avrupapress.com\/main\/wp-content\/uploads\/2026\/02\/2440843-225x300.jpg 225w, https:\/\/avrupapress.com\/main\/wp-content\/uploads\/2026\/02\/2440843-768x1024.jpg 768w, https:\/\/avrupapress.com\/main\/wp-content\/uploads\/2026\/02\/2440843-1152x1536.jpg 1152w, https:\/\/avrupapress.com\/main\/wp-content\/uploads\/2026\/02\/2440843.jpg 1200w\" sizes=\"auto, (max-width: 225px) 100vw, 225px\" \/><\/p>\n<p><strong>Bilgin\u00a0 Ozcifci\u00a0 \u00a0 \u00a0 \u00a0 \/\u00a0 \u00a0 \u00a0 \u00a0 AVRUPAPRESS<\/strong><\/p>\n","protected":false},"excerpt":{"rendered":"<p>Cumhurba\u015fkan\u0131 Recep Tayyip Erdo\u011fan, \u00ab\u00a0K\u0131rsalda bereket, k\u00fc\u00e7\u00fckba\u015fa destek ad\u0131n\u0131 verdi\u011fimiz projenin ilk etab\u0131nda tam 150 bin k\u00fc\u00e7\u00fckba\u015f\u0131 \u00fcreticilerimize uygun \u015fartlarda verece\u011fiz. Ayl\u0131k 15 bin TL besleme deste\u011fini biz kar\u015f\u0131layaca\u011f\u0131z. \u0130lk hayvanlar\u0131 bu y\u0131l i\u00e7inde teslim edece\u011fiz\u00a0\u00bb a\u00e7\u0131klamas\u0131n\u0131 yapt\u0131. Cumhurba\u015fkan\u0131 Recep Tayyip Erdo\u011fan, hayvanc\u0131l\u0131\u011f\u0131 te\u015fvik etmek ve k\u0131rsal kalk\u0131nmay\u0131 h\u0131zland\u0131rmak amac\u0131yla haz\u0131rlanan \u00ab\u00a0K\u0131rsalda Bereket, K\u00fc\u00e7\u00fckba\u015fa Destek\u00a0\u00bb [&hellip;]<\/p>\n","protected":false},"author":3,"featured_media":33069,"comment_status":"closed","ping_status":"open","sticky":false,"template":"","format":"standard","meta":{"footnotes":""},"categories":[14,16,3,17,18,15,19,2,1],"tags":[],"class_list":["post-33067","post","type-post","status-publish","format-standard","has-post-thumbnail","hentry","category-avrupa","category-belcika","category-dunya","category-ekonomi","category-kultur-sanat","category-spor","category-tanitim","category-turkiye","category-uncategorized"],"yoast_head":"<!-- This site is optimized with the Yoast SEO plugin v26.9 - https:\/\/yoast.com\/product\/yoast-seo-wordpress\/ -->\n<title>T\u00fcrkiye&#039;de \u00c7ift\u00e7ilere K\u00fc\u00e7\u00fckba\u015f Hayvan Deste\u011fi! - AvrupaPress<\/title>\n<meta name=\"robots\" content=\"index, follow, max-snippet:-1, max-image-preview:large, max-video-preview:-1\" \/>\n<link rel=\"canonical\" href=\"https:\/\/avrupapress.com\/main\/2026\/02\/22\/turkiyede-ciftcilere-ucukbas-hayvan-destegi\/\" \/>\n<meta property=\"og:locale\" content=\"fr_FR\" \/>\n<meta property=\"og:type\" content=\"article\" \/>\n<meta property=\"og:title\" content=\"T\u00fcrkiye&#039;de \u00c7ift\u00e7ilere K\u00fc\u00e7\u00fckba\u015f Hayvan Deste\u011fi! - AvrupaPress\" \/>\n<meta property=\"og:description\" content=\"Cumhurba\u015fkan\u0131 Recep Tayyip Erdo\u011fan, \u00ab\u00a0K\u0131rsalda bereket, k\u00fc\u00e7\u00fckba\u015fa destek ad\u0131n\u0131 verdi\u011fimiz projenin ilk etab\u0131nda tam 150 bin k\u00fc\u00e7\u00fckba\u015f\u0131 \u00fcreticilerimize uygun \u015fartlarda verece\u011fiz. Ayl\u0131k 15 bin TL besleme deste\u011fini biz kar\u015f\u0131layaca\u011f\u0131z. \u0130lk hayvanlar\u0131 bu y\u0131l i\u00e7inde teslim edece\u011fiz\u00a0\u00bb a\u00e7\u0131klamas\u0131n\u0131 yapt\u0131. Cumhurba\u015fkan\u0131 Recep Tayyip Erdo\u011fan, hayvanc\u0131l\u0131\u011f\u0131 te\u015fvik etmek ve k\u0131rsal kalk\u0131nmay\u0131 h\u0131zland\u0131rmak amac\u0131yla haz\u0131rlanan \u00ab\u00a0K\u0131rsalda Bereket, K\u00fc\u00e7\u00fckba\u015fa Destek\u00a0\u00bb [&hellip;]\" \/>\n<meta property=\"og:url\" content=\"https:\/\/avrupapress.com\/main\/2026\/02\/22\/turkiyede-ciftcilere-ucukbas-hayvan-destegi\/\" \/>\n<meta property=\"og:site_name\" content=\"AvrupaPress\" \/>\n<meta property=\"article:published_time\" content=\"2026-02-22T16:46:14+00:00\" \/>\n<meta property=\"article:modified_time\" content=\"2026-02-22T16:47:23+00:00\" \/>\n<meta property=\"og:image\" content=\"https:\/\/avrupapress.com\/main\/wp-content\/uploads\/2026\/02\/v2koyun_1670232279_1771705061.jpg\" \/>\n\t<meta property=\"og:image:width\" content=\"800\" \/>\n\t<meta property=\"og:image:height\" content=\"450\" \/>\n\t<meta property=\"og:image:type\" content=\"image\/jpeg\" \/>\n<meta name=\"author\" content=\"Edit\u00f6r\" \/>\n<meta name=\"twitter:card\" content=\"summary_large_image\" \/>\n<meta name=\"twitter:label1\" content=\"\u00c9crit par\" \/>\n\t<meta name=\"twitter:data1\" content=\"Edit\u00f6r\" \/>\n\t<meta name=\"twitter:label2\" content=\"Dur\u00e9e de lecture est.\" \/>\n\t<meta name=\"twitter:data2\" content=\"2 minutes\" \/>\n<script type=\"application\/ld+json\" class=\"yoast-schema-graph\">{\"@context\":\"https:\/\/schema.org\",\"@graph\":[{\"@type\":\"Article\",\"@id\":\"https:\/\/avrupapress.com\/main\/2026\/02\/22\/turkiyede-ciftcilere-ucukbas-hayvan-destegi\/#article\",\"isPartOf\":{\"@id\":\"https:\/\/avrupapress.com\/main\/2026\/02\/22\/turkiyede-ciftcilere-ucukbas-hayvan-destegi\/\"},\"author\":{\"name\":\"Edit\u00f6r\",\"@id\":\"https:\/\/avrupapress.com\/#\/schema\/person\/68428444ec60970d1e1b700cf4ca1e8f\"},\"headline\":\"T\u00fcrkiye&rsquo;de \u00c7ift\u00e7ilere K\u00fc\u00e7\u00fckba\u015f Hayvan Deste\u011fi!\",\"datePublished\":\"2026-02-22T16:46:14+00:00\",\"dateModified\":\"2026-02-22T16:47:23+00:00\",\"mainEntityOfPage\":{\"@id\":\"https:\/\/avrupapress.com\/main\/2026\/02\/22\/turkiyede-ciftcilere-ucukbas-hayvan-destegi\/\"},\"wordCount\":310,\"publisher\":{\"@id\":\"https:\/\/avrupapress.com\/#\/schema\/person\/0223dca19c72c43575bf30d1a2d8f4fa\"},\"image\":{\"@id\":\"https:\/\/avrupapress.com\/main\/2026\/02\/22\/turkiyede-ciftcilere-ucukbas-hayvan-destegi\/#primaryimage\"},\"thumbnailUrl\":\"https:\/\/avrupapress.com\/main\/wp-content\/uploads\/2026\/02\/v2koyun_1670232279_1771705061.jpg\",\"articleSection\":[\"Avrupa\",\"Bel\u00e7ika\",\"D\u00fcnya\",\"Ekonomi\",\"K\u00fclt\u00fcr-Sanat\",\"Spor\",\"Tan\u0131t\u0131m\",\"T\u00fcrkiye\",\"Uncategorized\"],\"inLanguage\":\"fr-BE\"},{\"@type\":\"WebPage\",\"@id\":\"https:\/\/avrupapress.com\/main\/2026\/02\/22\/turkiyede-ciftcilere-ucukbas-hayvan-destegi\/\",\"url\":\"https:\/\/avrupapress.com\/main\/2026\/02\/22\/turkiyede-ciftcilere-ucukbas-hayvan-destegi\/\",\"name\":\"T\u00fcrkiye'de \u00c7ift\u00e7ilere K\u00fc\u00e7\u00fckba\u015f Hayvan Deste\u011fi! - AvrupaPress\",\"isPartOf\":{\"@id\":\"https:\/\/avrupapress.com\/#website\"},\"primaryImageOfPage\":{\"@id\":\"https:\/\/avrupapress.com\/main\/2026\/02\/22\/turkiyede-ciftcilere-ucukbas-hayvan-destegi\/#primaryimage\"},\"image\":{\"@id\":\"https:\/\/avrupapress.com\/main\/2026\/02\/22\/turkiyede-ciftcilere-ucukbas-hayvan-destegi\/#primaryimage\"},\"thumbnailUrl\":\"https:\/\/avrupapress.com\/main\/wp-content\/uploads\/2026\/02\/v2koyun_1670232279_1771705061.jpg\",\"datePublished\":\"2026-02-22T16:46:14+00:00\",\"dateModified\":\"2026-02-22T16:47:23+00:00\",\"breadcrumb\":{\"@id\":\"https:\/\/avrupapress.com\/main\/2026\/02\/22\/turkiyede-ciftcilere-ucukbas-hayvan-destegi\/#breadcrumb\"},\"inLanguage\":\"fr-BE\",\"potentialAction\":[{\"@type\":\"ReadAction\",\"target\":[\"https:\/\/avrupapress.com\/main\/2026\/02\/22\/turkiyede-ciftcilere-ucukbas-hayvan-destegi\/\"]}]},{\"@type\":\"ImageObject\",\"inLanguage\":\"fr-BE\",\"@id\":\"https:\/\/avrupapress.com\/main\/2026\/02\/22\/turkiyede-ciftcilere-ucukbas-hayvan-destegi\/#primaryimage\",\"url\":\"https:\/\/avrupapress.com\/main\/wp-content\/uploads\/2026\/02\/v2koyun_1670232279_1771705061.jpg\",\"contentUrl\":\"https:\/\/avrupapress.com\/main\/wp-content\/uploads\/2026\/02\/v2koyun_1670232279_1771705061.jpg\",\"width\":800,\"height\":450},{\"@type\":\"BreadcrumbList\",\"@id\":\"https:\/\/avrupapress.com\/main\/2026\/02\/22\/turkiyede-ciftcilere-ucukbas-hayvan-destegi\/#breadcrumb\",\"itemListElement\":[{\"@type\":\"ListItem\",\"position\":1,\"name\":\"Anasayfa\",\"item\":\"https:\/\/avrupapress.com\/\"},{\"@type\":\"ListItem\",\"position\":2,\"name\":\"T\u00fcrkiye&#8217;de \u00c7ift\u00e7ilere K\u00fc\u00e7\u00fckba\u015f Hayvan Deste\u011fi!\"}]},{\"@type\":\"WebSite\",\"@id\":\"https:\/\/avrupapress.com\/#website\",\"url\":\"https:\/\/avrupapress.com\/\",\"name\":\"AvrupaPress\",\"description\":\"Haberin Adresi\",\"publisher\":{\"@id\":\"https:\/\/avrupapress.com\/#\/schema\/person\/0223dca19c72c43575bf30d1a2d8f4fa\"},\"potentialAction\":[{\"@type\":\"SearchAction\",\"target\":{\"@type\":\"EntryPoint\",\"urlTemplate\":\"https:\/\/avrupapress.com\/?s={search_term_string}\"},\"query-input\":{\"@type\":\"PropertyValueSpecification\",\"valueRequired\":true,\"valueName\":\"search_term_string\"}}],\"inLanguage\":\"fr-BE\"},{\"@type\":[\"Person\",\"Organization\"],\"@id\":\"https:\/\/avrupapress.com\/#\/schema\/person\/0223dca19c72c43575bf30d1a2d8f4fa\",\"name\":\"Bilgin \u00d6z\u00e7ift\u00e7i\",\"image\":{\"@type\":\"ImageObject\",\"inLanguage\":\"fr-BE\",\"@id\":\"https:\/\/avrupapress.com\/#\/schema\/person\/image\/\",\"url\":\"https:\/\/secure.gravatar.com\/avatar\/0f23b280433a21e1ea7a0adcc46ed0ad16afe3ad8e630fd13d8a017dcbd54ef3?s=96&d=mm&r=g\",\"contentUrl\":\"https:\/\/secure.gravatar.com\/avatar\/0f23b280433a21e1ea7a0adcc46ed0ad16afe3ad8e630fd13d8a017dcbd54ef3?s=96&d=mm&r=g\",\"caption\":\"Bilgin \u00d6z\u00e7ift\u00e7i\"},\"logo\":{\"@id\":\"https:\/\/avrupapress.com\/#\/schema\/person\/image\/\"},\"description\":\"Ne ben, nede sen... Biz ancak \\\"biz\\\" olursak g\u00fc\u00e7l\u00fc olabiliriz\"},{\"@type\":\"Person\",\"@id\":\"https:\/\/avrupapress.com\/#\/schema\/person\/68428444ec60970d1e1b700cf4ca1e8f\",\"name\":\"Edit\u00f6r\",\"image\":{\"@type\":\"ImageObject\",\"inLanguage\":\"fr-BE\",\"@id\":\"https:\/\/avrupapress.com\/#\/schema\/person\/image\/\",\"url\":\"https:\/\/secure.gravatar.com\/avatar\/74996b0977aa5f1559ba9883776652508b229005c0d78fb2597897f0bd651c09?s=96&d=mm&r=g\",\"contentUrl\":\"https:\/\/secure.gravatar.com\/avatar\/74996b0977aa5f1559ba9883776652508b229005c0d78fb2597897f0bd651c09?s=96&d=mm&r=g\",\"caption\":\"Edit\u00f6r\"},\"sameAs\":[\"http:\/\/www.avrupapress.com\"],\"url\":\"https:\/\/avrupapress.com\/main\/author\/editor\/\"}]}<\/script>\n<!-- \/ Yoast SEO plugin. -->","yoast_head_json":{"title":"T\u00fcrkiye'de \u00c7ift\u00e7ilere K\u00fc\u00e7\u00fckba\u015f Hayvan Deste\u011fi! - AvrupaPress","robots":{"index":"index","follow":"follow","max-snippet":"max-snippet:-1","max-image-preview":"max-image-preview:large","max-video-preview":"max-video-preview:-1"},"canonical":"https:\/\/avrupapress.com\/main\/2026\/02\/22\/turkiyede-ciftcilere-ucukbas-hayvan-destegi\/","og_locale":"fr_FR","og_type":"article","og_title":"T\u00fcrkiye'de \u00c7ift\u00e7ilere K\u00fc\u00e7\u00fckba\u015f Hayvan Deste\u011fi! - AvrupaPress","og_description":"Cumhurba\u015fkan\u0131 Recep Tayyip Erdo\u011fan, \u00ab\u00a0K\u0131rsalda bereket, k\u00fc\u00e7\u00fckba\u015fa destek ad\u0131n\u0131 verdi\u011fimiz projenin ilk etab\u0131nda tam 150 bin k\u00fc\u00e7\u00fckba\u015f\u0131 \u00fcreticilerimize uygun \u015fartlarda verece\u011fiz. Ayl\u0131k 15 bin TL besleme deste\u011fini biz kar\u015f\u0131layaca\u011f\u0131z. \u0130lk hayvanlar\u0131 bu y\u0131l i\u00e7inde teslim edece\u011fiz\u00a0\u00bb a\u00e7\u0131klamas\u0131n\u0131 yapt\u0131. Cumhurba\u015fkan\u0131 Recep Tayyip Erdo\u011fan, hayvanc\u0131l\u0131\u011f\u0131 te\u015fvik etmek ve k\u0131rsal kalk\u0131nmay\u0131 h\u0131zland\u0131rmak amac\u0131yla haz\u0131rlanan \u00ab\u00a0K\u0131rsalda Bereket, K\u00fc\u00e7\u00fckba\u015fa Destek\u00a0\u00bb [&hellip;]","og_url":"https:\/\/avrupapress.com\/main\/2026\/02\/22\/turkiyede-ciftcilere-ucukbas-hayvan-destegi\/","og_site_name":"AvrupaPress","article_published_time":"2026-02-22T16:46:14+00:00","article_modified_time":"2026-02-22T16:47:23+00:00","og_image":[{"width":800,"height":450,"url":"https:\/\/avrupapress.com\/main\/wp-content\/uploads\/2026\/02\/v2koyun_1670232279_1771705061.jpg","type":"image\/jpeg"}],"author":"Edit\u00f6r","twitter_card":"summary_large_image","twitter_misc":{"\u00c9crit par":"Edit\u00f6r","Dur\u00e9e de lecture est.":"2 minutes"},"schema":{"@context":"https:\/\/schema.org","@graph":[{"@type":"Article","@id":"https:\/\/avrupapress.com\/main\/2026\/02\/22\/turkiyede-ciftcilere-ucukbas-hayvan-destegi\/#article","isPartOf":{"@id":"https:\/\/avrupapress.com\/main\/2026\/02\/22\/turkiyede-ciftcilere-ucukbas-hayvan-destegi\/"},"author":{"name":"Edit\u00f6r","@id":"https:\/\/avrupapress.com\/#\/schema\/person\/68428444ec60970d1e1b700cf4ca1e8f"},"headline":"T\u00fcrkiye&rsquo;de \u00c7ift\u00e7ilere K\u00fc\u00e7\u00fckba\u015f Hayvan Deste\u011fi!","datePublished":"2026-02-22T16:46:14+00:00","dateModified":"2026-02-22T16:47:23+00:00","mainEntityOfPage":{"@id":"https:\/\/avrupapress.com\/main\/2026\/02\/22\/turkiyede-ciftcilere-ucukbas-hayvan-destegi\/"},"wordCount":310,"publisher":{"@id":"https:\/\/avrupapress.com\/#\/schema\/person\/0223dca19c72c43575bf30d1a2d8f4fa"},"image":{"@id":"https:\/\/avrupapress.com\/main\/2026\/02\/22\/turkiyede-ciftcilere-ucukbas-hayvan-destegi\/#primaryimage"},"thumbnailUrl":"https:\/\/avrupapress.com\/main\/wp-content\/uploads\/2026\/02\/v2koyun_1670232279_1771705061.jpg","articleSection":["Avrupa","Bel\u00e7ika","D\u00fcnya","Ekonomi","K\u00fclt\u00fcr-Sanat","Spor","Tan\u0131t\u0131m","T\u00fcrkiye","Uncategorized"],"inLanguage":"fr-BE"},{"@type":"WebPage","@id":"https:\/\/avrupapress.com\/main\/2026\/02\/22\/turkiyede-ciftcilere-ucukbas-hayvan-destegi\/","url":"https:\/\/avrupapress.com\/main\/2026\/02\/22\/turkiyede-ciftcilere-ucukbas-hayvan-destegi\/","name":"T\u00fcrkiye'de \u00c7ift\u00e7ilere K\u00fc\u00e7\u00fckba\u015f Hayvan Deste\u011fi! - AvrupaPress","isPartOf":{"@id":"https:\/\/avrupapress.com\/#website"},"primaryImageOfPage":{"@id":"https:\/\/avrupapress.com\/main\/2026\/02\/22\/turkiyede-ciftcilere-ucukbas-hayvan-destegi\/#primaryimage"},"image":{"@id":"https:\/\/avrupapress.com\/main\/2026\/02\/22\/turkiyede-ciftcilere-ucukbas-hayvan-destegi\/#primaryimage"},"thumbnailUrl":"https:\/\/avrupapress.com\/main\/wp-content\/uploads\/2026\/02\/v2koyun_1670232279_1771705061.jpg","datePublished":"2026-02-22T16:46:14+00:00","dateModified":"2026-02-22T16:47:23+00:00","breadcrumb":{"@id":"https:\/\/avrupapress.com\/main\/2026\/02\/22\/turkiyede-ciftcilere-ucukbas-hayvan-destegi\/#breadcrumb"},"inLanguage":"fr-BE","potentialAction":[{"@type":"ReadAction","target":["https:\/\/avrupapress.com\/main\/2026\/02\/22\/turkiyede-ciftcilere-ucukbas-hayvan-destegi\/"]}]},{"@type":"ImageObject","inLanguage":"fr-BE","@id":"https:\/\/avrupapress.com\/main\/2026\/02\/22\/turkiyede-ciftcilere-ucukbas-hayvan-destegi\/#primaryimage","url":"https:\/\/avrupapress.com\/main\/wp-content\/uploads\/2026\/02\/v2koyun_1670232279_1771705061.jpg","contentUrl":"https:\/\/avrupapress.com\/main\/wp-content\/uploads\/2026\/02\/v2koyun_1670232279_1771705061.jpg","width":800,"height":450},{"@type":"BreadcrumbList","@id":"https:\/\/avrupapress.com\/main\/2026\/02\/22\/turkiyede-ciftcilere-ucukbas-hayvan-destegi\/#breadcrumb","itemListElement":[{"@type":"ListItem","position":1,"name":"Anasayfa","item":"https:\/\/avrupapress.com\/"},{"@type":"ListItem","position":2,"name":"T\u00fcrkiye&#8217;de \u00c7ift\u00e7ilere K\u00fc\u00e7\u00fckba\u015f Hayvan Deste\u011fi!"}]},{"@type":"WebSite","@id":"https:\/\/avrupapress.com\/#website","url":"https:\/\/avrupapress.com\/","name":"AvrupaPress","description":"Haberin Adresi","publisher":{"@id":"https:\/\/avrupapress.com\/#\/schema\/person\/0223dca19c72c43575bf30d1a2d8f4fa"},"potentialAction":[{"@type":"SearchAction","target":{"@type":"EntryPoint","urlTemplate":"https:\/\/avrupapress.com\/?s={search_term_string}"},"query-input":{"@type":"PropertyValueSpecification","valueRequired":true,"valueName":"search_term_string"}}],"inLanguage":"fr-BE"},{"@type":["Person","Organization"],"@id":"https:\/\/avrupapress.com\/#\/schema\/person\/0223dca19c72c43575bf30d1a2d8f4fa","name":"Bilgin \u00d6z\u00e7ift\u00e7i","image":{"@type":"ImageObject","inLanguage":"fr-BE","@id":"https:\/\/avrupapress.com\/#\/schema\/person\/image\/","url":"https:\/\/secure.gravatar.com\/avatar\/0f23b280433a21e1ea7a0adcc46ed0ad16afe3ad8e630fd13d8a017dcbd54ef3?s=96&d=mm&r=g","contentUrl":"https:\/\/secure.gravatar.com\/avatar\/0f23b280433a21e1ea7a0adcc46ed0ad16afe3ad8e630fd13d8a017dcbd54ef3?s=96&d=mm&r=g","caption":"Bilgin \u00d6z\u00e7ift\u00e7i"},"logo":{"@id":"https:\/\/avrupapress.com\/#\/schema\/person\/image\/"},"description":"Ne ben, nede sen... Biz ancak \"biz\" olursak g\u00fc\u00e7l\u00fc olabiliriz"},{"@type":"Person","@id":"https:\/\/avrupapress.com\/#\/schema\/person\/68428444ec60970d1e1b700cf4ca1e8f","name":"Edit\u00f6r","image":{"@type":"ImageObject","inLanguage":"fr-BE","@id":"https:\/\/avrupapress.com\/#\/schema\/person\/image\/","url":"https:\/\/secure.gravatar.com\/avatar\/74996b0977aa5f1559ba9883776652508b229005c0d78fb2597897f0bd651c09?s=96&d=mm&r=g","contentUrl":"https:\/\/secure.gravatar.com\/avatar\/74996b0977aa5f1559ba9883776652508b229005c0d78fb2597897f0bd651c09?s=96&d=mm&r=g","caption":"Edit\u00f6r"},"sameAs":["http:\/\/www.avrupapress.com"],"url":"https:\/\/avrupapress.com\/main\/author\/editor\/"}]}},"_links":{"self":[{"href":"https:\/\/avrupapress.com\/main\/wp-json\/wp\/v2\/posts\/33067","targetHints":{"allow":["GET"]}}],"collection":[{"href":"https:\/\/avrupapress.com\/main\/wp-json\/wp\/v2\/posts"}],"about":[{"href":"https:\/\/avrupapress.com\/main\/wp-json\/wp\/v2\/types\/post"}],"author":[{"embeddable":true,"href":"https:\/\/avrupapress.com\/main\/wp-json\/wp\/v2\/users\/3"}],"replies":[{"embeddable":true,"href":"https:\/\/avrupapress.com\/main\/wp-json\/wp\/v2\/comments?post=33067"}],"version-history":[{"count":3,"href":"https:\/\/avrupapress.com\/main\/wp-json\/wp\/v2\/posts\/33067\/revisions"}],"predecessor-version":[{"id":33072,"href":"https:\/\/avrupapress.com\/main\/wp-json\/wp\/v2\/posts\/33067\/revisions\/33072"}],"wp:featuredmedia":[{"embeddable":true,"href":"https:\/\/avrupapress.com\/main\/wp-json\/wp\/v2\/media\/33069"}],"wp:attachment":[{"href":"https:\/\/avrupapress.com\/main\/wp-json\/wp\/v2\/media?parent=33067"}],"wp:term":[{"taxonomy":"category","embeddable":true,"href":"https:\/\/avrupapress.com\/main\/wp-json\/wp\/v2\/categories?post=33067"},{"taxonomy":"post_tag","embeddable":true,"href":"https:\/\/avrupapress.com\/main\/wp-json\/wp\/v2\/tags?post=33067"}],"curies":[{"name":"wp","href":"https:\/\/api.w.org\/{rel}","templated":true}]}}