{"id":33040,"date":"2026-02-21T21:25:15","date_gmt":"2026-02-21T21:25:15","guid":{"rendered":"https:\/\/avrupapress.com\/main\/?p=33040"},"modified":"2026-02-21T21:25:33","modified_gmt":"2026-02-21T21:25:33","slug":"gecmiste-emirdag-muhacir-koylerinden-camilide-bir-yufka-hikayesi","status":"publish","type":"post","link":"https:\/\/avrupapress.com\/main\/2026\/02\/21\/gecmiste-emirdag-muhacir-koylerinden-camilide-bir-yufka-hikayesi\/","title":{"rendered":"GE\u00c7M\u0130\u015eTE EM\u0130RDAG  MUHAC\u0130R K\u00d6YLER\u0130NDEN CAMIL\u0130&rsquo;DE B\u0130R YUFKA H\u0130KAYES\u0130"},"content":{"rendered":"<div dir=\"auto\" data-olk-copy-source=\"MessageBody\"><strong>GE\u00c7M\u0130\u015eTE EM\u0130RDAG MUHAC\u0130R K\u00d6YLER\u0130NDEN CAMIL\u0130&rsquo;DE B\u0130R YUFKA H\u0130KAYES\u0130<\/strong><\/div>\n<div dir=\"auto\"><\/div>\n<div dir=\"auto\">\u00a0 \u00a0 \u00a0Yufka genellikle konar g\u00f6\u00e7er k\u00fclt\u00fcr\u00fcn bir miras\u0131d\u0131r. Muhacir k\u00f6yleri yayla k\u00fclt\u00fcr\u00fcnden uzak olduklar\u0131 i\u00e7in sofralar\u0131nda f\u0131r\u0131n ekme\u011fi kullan\u0131rlar. Ayn\u0131 zamanda yufka a\u00e7mak maharet ve g\u00fc\u00e7 isteyen bir u\u011fra\u015ft\u0131r.<\/div>\n<div dir=\"auto\"><\/div>\n<div dir=\"auto\">\u00a0 \u00a0 \u00a0 Hikaye yakla\u015f\u0131k 75 y\u0131l \u00f6nce ya\u015fan\u0131r. \u00c7evre k\u00f6ylerden bir hem\u015ferimiz Han\u0131m\u0131n\u0131 \u00e7ocu\u011funu at arabas\u0131na bindirir. Emirda\u011f\u0131na do\u011fru yola \u00e7\u0131kar. Yol \u00fczerindeki k\u00f6ylerden birinde bir kad\u0131n para kar\u015f\u0131l\u0131\u011f\u0131 yufka yapmaktad\u0131r. Yufka yap\u0131m\u0131 i\u00e7in yar\u0131m \u00e7uval unu ve yanlar\u0131ndaki \u00e7ocu\u011fu d\u00f6n\u00fc\u015fte almak \u00fczere kad\u0131na b\u0131rak\u0131rlar.<\/div>\n<div dir=\"auto\"><\/div>\n<div dir=\"auto\">\u00a0 \u00a0 \u00a0 \u00a0Kad\u0131n bir sundurma alt\u0131na bez yay\u0131p a\u00e7t\u0131\u011f\u0131 yufkalar\u0131 bezin \u00fcst\u00fcne yaymaya ba\u015flar. Bu s\u0131rada ya\u011fmur ba\u015flar. Bah\u00e7ede \u0131slanan k\u00f6pek sundurman\u0131n alt\u0131na gelip yufkalar\u0131n \u00fczerine silkinir. Kad\u0131n elindeki oklavayla k\u00f6pe\u011fe vurup kovalar. K\u00f6pek \u0131sland\u0131k\u00e7a sundurman\u0131n alt\u0131na gelip silkinir kad\u0131n kovalar. Bu m\u00fccadele bir s\u00fcre devam eder. O g\u00fcnlerde \u00e7ocuk olup y\u0131llar \u00f6nce ebediyete intikal etmi\u015f b\u00fcy\u00fc\u011f\u00fcm\u00fcz\u00fcn \u00f6mr\u00fc boyunca yufka yemedi\u011fi anlat\u0131l\u0131r\u2026..<\/div>\n<div dir=\"auto\"><\/div>\n<div dir=\"auto\"><img loading=\"lazy\" decoding=\"async\" class=\"alignnone size-medium wp-image-33041\" src=\"https:\/\/avrupapress.com\/main\/wp-content\/uploads\/2026\/02\/847f14b6-1b68-4b71-bb67-370c1b1057ff-240x300.jpg\" alt=\"\" width=\"240\" height=\"300\" srcset=\"https:\/\/avrupapress.com\/main\/wp-content\/uploads\/2026\/02\/847f14b6-1b68-4b71-bb67-370c1b1057ff-240x300.jpg 240w, https:\/\/avrupapress.com\/main\/wp-content\/uploads\/2026\/02\/847f14b6-1b68-4b71-bb67-370c1b1057ff.jpg 317w\" sizes=\"auto, (max-width: 240px) 100vw, 240px\" \/><\/div>\n<div dir=\"auto\"><\/div>\n<div dir=\"auto\"><strong>Bilgin\u00a0 Ozcifci\u00a0 \u00a0 \u00a0 \u00a0 \u00a0\/\u00a0 \u00a0 \u00a0 \u00a0 AVRUPAPRESS<\/strong><\/div>\n","protected":false},"excerpt":{"rendered":"<p>GE\u00c7M\u0130\u015eTE EM\u0130RDAG MUHAC\u0130R K\u00d6YLER\u0130NDEN CAMIL\u0130&rsquo;DE B\u0130R YUFKA H\u0130KAYES\u0130 \u00a0 \u00a0 \u00a0Yufka genellikle konar g\u00f6\u00e7er k\u00fclt\u00fcr\u00fcn bir miras\u0131d\u0131r. Muhacir k\u00f6yleri yayla k\u00fclt\u00fcr\u00fcnden uzak olduklar\u0131 i\u00e7in sofralar\u0131nda f\u0131r\u0131n ekme\u011fi kullan\u0131rlar. Ayn\u0131 zamanda yufka a\u00e7mak maharet ve g\u00fc\u00e7 isteyen bir u\u011fra\u015ft\u0131r. \u00a0 \u00a0 \u00a0 Hikaye yakla\u015f\u0131k 75 y\u0131l \u00f6nce ya\u015fan\u0131r. \u00c7evre k\u00f6ylerden bir hem\u015ferimiz Han\u0131m\u0131n\u0131 \u00e7ocu\u011funu at arabas\u0131na [&hellip;]<\/p>\n","protected":false},"author":3,"featured_media":33042,"comment_status":"closed","ping_status":"open","sticky":false,"template":"","format":"standard","meta":{"footnotes":""},"categories":[14,16,3,17,18,15,19,2,1],"tags":[],"class_list":["post-33040","post","type-post","status-publish","format-standard","has-post-thumbnail","hentry","category-avrupa","category-belcika","category-dunya","category-ekonomi","category-kultur-sanat","category-spor","category-tanitim","category-turkiye","category-uncategorized"],"yoast_head":"<!-- This site is optimized with the Yoast SEO plugin v26.9 - https:\/\/yoast.com\/product\/yoast-seo-wordpress\/ -->\n<title>GE\u00c7M\u0130\u015eTE EM\u0130RDAG MUHAC\u0130R K\u00d6YLER\u0130NDEN CAMIL\u0130&#039;DE B\u0130R YUFKA H\u0130KAYES\u0130 - AvrupaPress<\/title>\n<meta name=\"robots\" content=\"index, follow, max-snippet:-1, max-image-preview:large, max-video-preview:-1\" \/>\n<link rel=\"canonical\" href=\"https:\/\/avrupapress.com\/main\/2026\/02\/21\/gecmiste-emirdag-muhacir-koylerinden-camilide-bir-yufka-hikayesi\/\" \/>\n<meta property=\"og:locale\" content=\"fr_FR\" \/>\n<meta property=\"og:type\" content=\"article\" \/>\n<meta property=\"og:title\" content=\"GE\u00c7M\u0130\u015eTE EM\u0130RDAG MUHAC\u0130R K\u00d6YLER\u0130NDEN CAMIL\u0130&#039;DE B\u0130R YUFKA H\u0130KAYES\u0130 - AvrupaPress\" \/>\n<meta property=\"og:description\" content=\"GE\u00c7M\u0130\u015eTE EM\u0130RDAG MUHAC\u0130R K\u00d6YLER\u0130NDEN CAMIL\u0130&rsquo;DE B\u0130R YUFKA H\u0130KAYES\u0130 \u00a0 \u00a0 \u00a0Yufka genellikle konar g\u00f6\u00e7er k\u00fclt\u00fcr\u00fcn bir miras\u0131d\u0131r. Muhacir k\u00f6yleri yayla k\u00fclt\u00fcr\u00fcnden uzak olduklar\u0131 i\u00e7in sofralar\u0131nda f\u0131r\u0131n ekme\u011fi kullan\u0131rlar. Ayn\u0131 zamanda yufka a\u00e7mak maharet ve g\u00fc\u00e7 isteyen bir u\u011fra\u015ft\u0131r. \u00a0 \u00a0 \u00a0 Hikaye yakla\u015f\u0131k 75 y\u0131l \u00f6nce ya\u015fan\u0131r. \u00c7evre k\u00f6ylerden bir hem\u015ferimiz Han\u0131m\u0131n\u0131 \u00e7ocu\u011funu at arabas\u0131na [&hellip;]\" \/>\n<meta property=\"og:url\" content=\"https:\/\/avrupapress.com\/main\/2026\/02\/21\/gecmiste-emirdag-muhacir-koylerinden-camilide-bir-yufka-hikayesi\/\" \/>\n<meta property=\"og:site_name\" content=\"AvrupaPress\" \/>\n<meta property=\"article:published_time\" content=\"2026-02-21T21:25:15+00:00\" \/>\n<meta property=\"article:modified_time\" content=\"2026-02-21T21:25:33+00:00\" \/>\n<meta property=\"og:image\" content=\"https:\/\/avrupapress.com\/main\/wp-content\/uploads\/2026\/02\/8789707f-3e32-4eb0-8e6c-11e476482846-e1771709107399.jpg\" \/>\n\t<meta property=\"og:image:width\" content=\"317\" \/>\n\t<meta property=\"og:image:height\" content=\"335\" \/>\n\t<meta property=\"og:image:type\" content=\"image\/jpeg\" \/>\n<meta name=\"author\" content=\"Edit\u00f6r\" \/>\n<meta name=\"twitter:card\" content=\"summary_large_image\" \/>\n<meta name=\"twitter:label1\" content=\"\u00c9crit par\" \/>\n\t<meta name=\"twitter:data1\" content=\"Edit\u00f6r\" \/>\n\t<meta name=\"twitter:label2\" content=\"Dur\u00e9e de lecture est.\" \/>\n\t<meta name=\"twitter:data2\" content=\"2 minutes\" \/>\n<script type=\"application\/ld+json\" class=\"yoast-schema-graph\">{\"@context\":\"https:\/\/schema.org\",\"@graph\":[{\"@type\":\"Article\",\"@id\":\"https:\/\/avrupapress.com\/main\/2026\/02\/21\/gecmiste-emirdag-muhacir-koylerinden-camilide-bir-yufka-hikayesi\/#article\",\"isPartOf\":{\"@id\":\"https:\/\/avrupapress.com\/main\/2026\/02\/21\/gecmiste-emirdag-muhacir-koylerinden-camilide-bir-yufka-hikayesi\/\"},\"author\":{\"name\":\"Edit\u00f6r\",\"@id\":\"https:\/\/avrupapress.com\/#\/schema\/person\/68428444ec60970d1e1b700cf4ca1e8f\"},\"headline\":\"GE\u00c7M\u0130\u015eTE EM\u0130RDAG MUHAC\u0130R K\u00d6YLER\u0130NDEN CAMIL\u0130&rsquo;DE B\u0130R YUFKA H\u0130KAYES\u0130\",\"datePublished\":\"2026-02-21T21:25:15+00:00\",\"dateModified\":\"2026-02-21T21:25:33+00:00\",\"mainEntityOfPage\":{\"@id\":\"https:\/\/avrupapress.com\/main\/2026\/02\/21\/gecmiste-emirdag-muhacir-koylerinden-camilide-bir-yufka-hikayesi\/\"},\"wordCount\":247,\"publisher\":{\"@id\":\"https:\/\/avrupapress.com\/#\/schema\/person\/0223dca19c72c43575bf30d1a2d8f4fa\"},\"image\":{\"@id\":\"https:\/\/avrupapress.com\/main\/2026\/02\/21\/gecmiste-emirdag-muhacir-koylerinden-camilide-bir-yufka-hikayesi\/#primaryimage\"},\"thumbnailUrl\":\"https:\/\/avrupapress.com\/main\/wp-content\/uploads\/2026\/02\/8789707f-3e32-4eb0-8e6c-11e476482846-e1771709107399.jpg\",\"articleSection\":[\"Avrupa\",\"Bel\u00e7ika\",\"D\u00fcnya\",\"Ekonomi\",\"K\u00fclt\u00fcr-Sanat\",\"Spor\",\"Tan\u0131t\u0131m\",\"T\u00fcrkiye\",\"Uncategorized\"],\"inLanguage\":\"fr-BE\"},{\"@type\":\"WebPage\",\"@id\":\"https:\/\/avrupapress.com\/main\/2026\/02\/21\/gecmiste-emirdag-muhacir-koylerinden-camilide-bir-yufka-hikayesi\/\",\"url\":\"https:\/\/avrupapress.com\/main\/2026\/02\/21\/gecmiste-emirdag-muhacir-koylerinden-camilide-bir-yufka-hikayesi\/\",\"name\":\"GE\u00c7M\u0130\u015eTE EM\u0130RDAG MUHAC\u0130R K\u00d6YLER\u0130NDEN CAMIL\u0130'DE B\u0130R YUFKA H\u0130KAYES\u0130 - AvrupaPress\",\"isPartOf\":{\"@id\":\"https:\/\/avrupapress.com\/#website\"},\"primaryImageOfPage\":{\"@id\":\"https:\/\/avrupapress.com\/main\/2026\/02\/21\/gecmiste-emirdag-muhacir-koylerinden-camilide-bir-yufka-hikayesi\/#primaryimage\"},\"image\":{\"@id\":\"https:\/\/avrupapress.com\/main\/2026\/02\/21\/gecmiste-emirdag-muhacir-koylerinden-camilide-bir-yufka-hikayesi\/#primaryimage\"},\"thumbnailUrl\":\"https:\/\/avrupapress.com\/main\/wp-content\/uploads\/2026\/02\/8789707f-3e32-4eb0-8e6c-11e476482846-e1771709107399.jpg\",\"datePublished\":\"2026-02-21T21:25:15+00:00\",\"dateModified\":\"2026-02-21T21:25:33+00:00\",\"breadcrumb\":{\"@id\":\"https:\/\/avrupapress.com\/main\/2026\/02\/21\/gecmiste-emirdag-muhacir-koylerinden-camilide-bir-yufka-hikayesi\/#breadcrumb\"},\"inLanguage\":\"fr-BE\",\"potentialAction\":[{\"@type\":\"ReadAction\",\"target\":[\"https:\/\/avrupapress.com\/main\/2026\/02\/21\/gecmiste-emirdag-muhacir-koylerinden-camilide-bir-yufka-hikayesi\/\"]}]},{\"@type\":\"ImageObject\",\"inLanguage\":\"fr-BE\",\"@id\":\"https:\/\/avrupapress.com\/main\/2026\/02\/21\/gecmiste-emirdag-muhacir-koylerinden-camilide-bir-yufka-hikayesi\/#primaryimage\",\"url\":\"https:\/\/avrupapress.com\/main\/wp-content\/uploads\/2026\/02\/8789707f-3e32-4eb0-8e6c-11e476482846-e1771709107399.jpg\",\"contentUrl\":\"https:\/\/avrupapress.com\/main\/wp-content\/uploads\/2026\/02\/8789707f-3e32-4eb0-8e6c-11e476482846-e1771709107399.jpg\",\"width\":317,\"height\":335},{\"@type\":\"BreadcrumbList\",\"@id\":\"https:\/\/avrupapress.com\/main\/2026\/02\/21\/gecmiste-emirdag-muhacir-koylerinden-camilide-bir-yufka-hikayesi\/#breadcrumb\",\"itemListElement\":[{\"@type\":\"ListItem\",\"position\":1,\"name\":\"Anasayfa\",\"item\":\"https:\/\/avrupapress.com\/\"},{\"@type\":\"ListItem\",\"position\":2,\"name\":\"GE\u00c7M\u0130\u015eTE EM\u0130RDAG MUHAC\u0130R K\u00d6YLER\u0130NDEN CAMIL\u0130&#8217;DE B\u0130R YUFKA H\u0130KAYES\u0130\"}]},{\"@type\":\"WebSite\",\"@id\":\"https:\/\/avrupapress.com\/#website\",\"url\":\"https:\/\/avrupapress.com\/\",\"name\":\"AvrupaPress\",\"description\":\"Haberin Adresi\",\"publisher\":{\"@id\":\"https:\/\/avrupapress.com\/#\/schema\/person\/0223dca19c72c43575bf30d1a2d8f4fa\"},\"potentialAction\":[{\"@type\":\"SearchAction\",\"target\":{\"@type\":\"EntryPoint\",\"urlTemplate\":\"https:\/\/avrupapress.com\/?s={search_term_string}\"},\"query-input\":{\"@type\":\"PropertyValueSpecification\",\"valueRequired\":true,\"valueName\":\"search_term_string\"}}],\"inLanguage\":\"fr-BE\"},{\"@type\":[\"Person\",\"Organization\"],\"@id\":\"https:\/\/avrupapress.com\/#\/schema\/person\/0223dca19c72c43575bf30d1a2d8f4fa\",\"name\":\"Bilgin \u00d6z\u00e7ift\u00e7i\",\"image\":{\"@type\":\"ImageObject\",\"inLanguage\":\"fr-BE\",\"@id\":\"https:\/\/avrupapress.com\/#\/schema\/person\/image\/\",\"url\":\"https:\/\/secure.gravatar.com\/avatar\/0f23b280433a21e1ea7a0adcc46ed0ad16afe3ad8e630fd13d8a017dcbd54ef3?s=96&d=mm&r=g\",\"contentUrl\":\"https:\/\/secure.gravatar.com\/avatar\/0f23b280433a21e1ea7a0adcc46ed0ad16afe3ad8e630fd13d8a017dcbd54ef3?s=96&d=mm&r=g\",\"caption\":\"Bilgin \u00d6z\u00e7ift\u00e7i\"},\"logo\":{\"@id\":\"https:\/\/avrupapress.com\/#\/schema\/person\/image\/\"},\"description\":\"Ne ben, nede sen... Biz ancak \\\"biz\\\" olursak g\u00fc\u00e7l\u00fc olabiliriz\"},{\"@type\":\"Person\",\"@id\":\"https:\/\/avrupapress.com\/#\/schema\/person\/68428444ec60970d1e1b700cf4ca1e8f\",\"name\":\"Edit\u00f6r\",\"image\":{\"@type\":\"ImageObject\",\"inLanguage\":\"fr-BE\",\"@id\":\"https:\/\/avrupapress.com\/#\/schema\/person\/image\/\",\"url\":\"https:\/\/secure.gravatar.com\/avatar\/74996b0977aa5f1559ba9883776652508b229005c0d78fb2597897f0bd651c09?s=96&d=mm&r=g\",\"contentUrl\":\"https:\/\/secure.gravatar.com\/avatar\/74996b0977aa5f1559ba9883776652508b229005c0d78fb2597897f0bd651c09?s=96&d=mm&r=g\",\"caption\":\"Edit\u00f6r\"},\"sameAs\":[\"http:\/\/www.avrupapress.com\"],\"url\":\"https:\/\/avrupapress.com\/main\/author\/editor\/\"}]}<\/script>\n<!-- \/ Yoast SEO plugin. -->","yoast_head_json":{"title":"GE\u00c7M\u0130\u015eTE EM\u0130RDAG MUHAC\u0130R K\u00d6YLER\u0130NDEN CAMIL\u0130'DE B\u0130R YUFKA H\u0130KAYES\u0130 - AvrupaPress","robots":{"index":"index","follow":"follow","max-snippet":"max-snippet:-1","max-image-preview":"max-image-preview:large","max-video-preview":"max-video-preview:-1"},"canonical":"https:\/\/avrupapress.com\/main\/2026\/02\/21\/gecmiste-emirdag-muhacir-koylerinden-camilide-bir-yufka-hikayesi\/","og_locale":"fr_FR","og_type":"article","og_title":"GE\u00c7M\u0130\u015eTE EM\u0130RDAG MUHAC\u0130R K\u00d6YLER\u0130NDEN CAMIL\u0130'DE B\u0130R YUFKA H\u0130KAYES\u0130 - AvrupaPress","og_description":"GE\u00c7M\u0130\u015eTE EM\u0130RDAG MUHAC\u0130R K\u00d6YLER\u0130NDEN CAMIL\u0130&rsquo;DE B\u0130R YUFKA H\u0130KAYES\u0130 \u00a0 \u00a0 \u00a0Yufka genellikle konar g\u00f6\u00e7er k\u00fclt\u00fcr\u00fcn bir miras\u0131d\u0131r. Muhacir k\u00f6yleri yayla k\u00fclt\u00fcr\u00fcnden uzak olduklar\u0131 i\u00e7in sofralar\u0131nda f\u0131r\u0131n ekme\u011fi kullan\u0131rlar. Ayn\u0131 zamanda yufka a\u00e7mak maharet ve g\u00fc\u00e7 isteyen bir u\u011fra\u015ft\u0131r. \u00a0 \u00a0 \u00a0 Hikaye yakla\u015f\u0131k 75 y\u0131l \u00f6nce ya\u015fan\u0131r. \u00c7evre k\u00f6ylerden bir hem\u015ferimiz Han\u0131m\u0131n\u0131 \u00e7ocu\u011funu at arabas\u0131na [&hellip;]","og_url":"https:\/\/avrupapress.com\/main\/2026\/02\/21\/gecmiste-emirdag-muhacir-koylerinden-camilide-bir-yufka-hikayesi\/","og_site_name":"AvrupaPress","article_published_time":"2026-02-21T21:25:15+00:00","article_modified_time":"2026-02-21T21:25:33+00:00","og_image":[{"width":317,"height":335,"url":"https:\/\/avrupapress.com\/main\/wp-content\/uploads\/2026\/02\/8789707f-3e32-4eb0-8e6c-11e476482846-e1771709107399.jpg","type":"image\/jpeg"}],"author":"Edit\u00f6r","twitter_card":"summary_large_image","twitter_misc":{"\u00c9crit par":"Edit\u00f6r","Dur\u00e9e de lecture est.":"2 minutes"},"schema":{"@context":"https:\/\/schema.org","@graph":[{"@type":"Article","@id":"https:\/\/avrupapress.com\/main\/2026\/02\/21\/gecmiste-emirdag-muhacir-koylerinden-camilide-bir-yufka-hikayesi\/#article","isPartOf":{"@id":"https:\/\/avrupapress.com\/main\/2026\/02\/21\/gecmiste-emirdag-muhacir-koylerinden-camilide-bir-yufka-hikayesi\/"},"author":{"name":"Edit\u00f6r","@id":"https:\/\/avrupapress.com\/#\/schema\/person\/68428444ec60970d1e1b700cf4ca1e8f"},"headline":"GE\u00c7M\u0130\u015eTE EM\u0130RDAG MUHAC\u0130R K\u00d6YLER\u0130NDEN CAMIL\u0130&rsquo;DE B\u0130R YUFKA H\u0130KAYES\u0130","datePublished":"2026-02-21T21:25:15+00:00","dateModified":"2026-02-21T21:25:33+00:00","mainEntityOfPage":{"@id":"https:\/\/avrupapress.com\/main\/2026\/02\/21\/gecmiste-emirdag-muhacir-koylerinden-camilide-bir-yufka-hikayesi\/"},"wordCount":247,"publisher":{"@id":"https:\/\/avrupapress.com\/#\/schema\/person\/0223dca19c72c43575bf30d1a2d8f4fa"},"image":{"@id":"https:\/\/avrupapress.com\/main\/2026\/02\/21\/gecmiste-emirdag-muhacir-koylerinden-camilide-bir-yufka-hikayesi\/#primaryimage"},"thumbnailUrl":"https:\/\/avrupapress.com\/main\/wp-content\/uploads\/2026\/02\/8789707f-3e32-4eb0-8e6c-11e476482846-e1771709107399.jpg","articleSection":["Avrupa","Bel\u00e7ika","D\u00fcnya","Ekonomi","K\u00fclt\u00fcr-Sanat","Spor","Tan\u0131t\u0131m","T\u00fcrkiye","Uncategorized"],"inLanguage":"fr-BE"},{"@type":"WebPage","@id":"https:\/\/avrupapress.com\/main\/2026\/02\/21\/gecmiste-emirdag-muhacir-koylerinden-camilide-bir-yufka-hikayesi\/","url":"https:\/\/avrupapress.com\/main\/2026\/02\/21\/gecmiste-emirdag-muhacir-koylerinden-camilide-bir-yufka-hikayesi\/","name":"GE\u00c7M\u0130\u015eTE EM\u0130RDAG MUHAC\u0130R K\u00d6YLER\u0130NDEN CAMIL\u0130'DE B\u0130R YUFKA H\u0130KAYES\u0130 - AvrupaPress","isPartOf":{"@id":"https:\/\/avrupapress.com\/#website"},"primaryImageOfPage":{"@id":"https:\/\/avrupapress.com\/main\/2026\/02\/21\/gecmiste-emirdag-muhacir-koylerinden-camilide-bir-yufka-hikayesi\/#primaryimage"},"image":{"@id":"https:\/\/avrupapress.com\/main\/2026\/02\/21\/gecmiste-emirdag-muhacir-koylerinden-camilide-bir-yufka-hikayesi\/#primaryimage"},"thumbnailUrl":"https:\/\/avrupapress.com\/main\/wp-content\/uploads\/2026\/02\/8789707f-3e32-4eb0-8e6c-11e476482846-e1771709107399.jpg","datePublished":"2026-02-21T21:25:15+00:00","dateModified":"2026-02-21T21:25:33+00:00","breadcrumb":{"@id":"https:\/\/avrupapress.com\/main\/2026\/02\/21\/gecmiste-emirdag-muhacir-koylerinden-camilide-bir-yufka-hikayesi\/#breadcrumb"},"inLanguage":"fr-BE","potentialAction":[{"@type":"ReadAction","target":["https:\/\/avrupapress.com\/main\/2026\/02\/21\/gecmiste-emirdag-muhacir-koylerinden-camilide-bir-yufka-hikayesi\/"]}]},{"@type":"ImageObject","inLanguage":"fr-BE","@id":"https:\/\/avrupapress.com\/main\/2026\/02\/21\/gecmiste-emirdag-muhacir-koylerinden-camilide-bir-yufka-hikayesi\/#primaryimage","url":"https:\/\/avrupapress.com\/main\/wp-content\/uploads\/2026\/02\/8789707f-3e32-4eb0-8e6c-11e476482846-e1771709107399.jpg","contentUrl":"https:\/\/avrupapress.com\/main\/wp-content\/uploads\/2026\/02\/8789707f-3e32-4eb0-8e6c-11e476482846-e1771709107399.jpg","width":317,"height":335},{"@type":"BreadcrumbList","@id":"https:\/\/avrupapress.com\/main\/2026\/02\/21\/gecmiste-emirdag-muhacir-koylerinden-camilide-bir-yufka-hikayesi\/#breadcrumb","itemListElement":[{"@type":"ListItem","position":1,"name":"Anasayfa","item":"https:\/\/avrupapress.com\/"},{"@type":"ListItem","position":2,"name":"GE\u00c7M\u0130\u015eTE EM\u0130RDAG MUHAC\u0130R K\u00d6YLER\u0130NDEN CAMIL\u0130&#8217;DE B\u0130R YUFKA H\u0130KAYES\u0130"}]},{"@type":"WebSite","@id":"https:\/\/avrupapress.com\/#website","url":"https:\/\/avrupapress.com\/","name":"AvrupaPress","description":"Haberin Adresi","publisher":{"@id":"https:\/\/avrupapress.com\/#\/schema\/person\/0223dca19c72c43575bf30d1a2d8f4fa"},"potentialAction":[{"@type":"SearchAction","target":{"@type":"EntryPoint","urlTemplate":"https:\/\/avrupapress.com\/?s={search_term_string}"},"query-input":{"@type":"PropertyValueSpecification","valueRequired":true,"valueName":"search_term_string"}}],"inLanguage":"fr-BE"},{"@type":["Person","Organization"],"@id":"https:\/\/avrupapress.com\/#\/schema\/person\/0223dca19c72c43575bf30d1a2d8f4fa","name":"Bilgin \u00d6z\u00e7ift\u00e7i","image":{"@type":"ImageObject","inLanguage":"fr-BE","@id":"https:\/\/avrupapress.com\/#\/schema\/person\/image\/","url":"https:\/\/secure.gravatar.com\/avatar\/0f23b280433a21e1ea7a0adcc46ed0ad16afe3ad8e630fd13d8a017dcbd54ef3?s=96&d=mm&r=g","contentUrl":"https:\/\/secure.gravatar.com\/avatar\/0f23b280433a21e1ea7a0adcc46ed0ad16afe3ad8e630fd13d8a017dcbd54ef3?s=96&d=mm&r=g","caption":"Bilgin \u00d6z\u00e7ift\u00e7i"},"logo":{"@id":"https:\/\/avrupapress.com\/#\/schema\/person\/image\/"},"description":"Ne ben, nede sen... Biz ancak \"biz\" olursak g\u00fc\u00e7l\u00fc olabiliriz"},{"@type":"Person","@id":"https:\/\/avrupapress.com\/#\/schema\/person\/68428444ec60970d1e1b700cf4ca1e8f","name":"Edit\u00f6r","image":{"@type":"ImageObject","inLanguage":"fr-BE","@id":"https:\/\/avrupapress.com\/#\/schema\/person\/image\/","url":"https:\/\/secure.gravatar.com\/avatar\/74996b0977aa5f1559ba9883776652508b229005c0d78fb2597897f0bd651c09?s=96&d=mm&r=g","contentUrl":"https:\/\/secure.gravatar.com\/avatar\/74996b0977aa5f1559ba9883776652508b229005c0d78fb2597897f0bd651c09?s=96&d=mm&r=g","caption":"Edit\u00f6r"},"sameAs":["http:\/\/www.avrupapress.com"],"url":"https:\/\/avrupapress.com\/main\/author\/editor\/"}]}},"_links":{"self":[{"href":"https:\/\/avrupapress.com\/main\/wp-json\/wp\/v2\/posts\/33040","targetHints":{"allow":["GET"]}}],"collection":[{"href":"https:\/\/avrupapress.com\/main\/wp-json\/wp\/v2\/posts"}],"about":[{"href":"https:\/\/avrupapress.com\/main\/wp-json\/wp\/v2\/types\/post"}],"author":[{"embeddable":true,"href":"https:\/\/avrupapress.com\/main\/wp-json\/wp\/v2\/users\/3"}],"replies":[{"embeddable":true,"href":"https:\/\/avrupapress.com\/main\/wp-json\/wp\/v2\/comments?post=33040"}],"version-history":[{"count":1,"href":"https:\/\/avrupapress.com\/main\/wp-json\/wp\/v2\/posts\/33040\/revisions"}],"predecessor-version":[{"id":33043,"href":"https:\/\/avrupapress.com\/main\/wp-json\/wp\/v2\/posts\/33040\/revisions\/33043"}],"wp:featuredmedia":[{"embeddable":true,"href":"https:\/\/avrupapress.com\/main\/wp-json\/wp\/v2\/media\/33042"}],"wp:attachment":[{"href":"https:\/\/avrupapress.com\/main\/wp-json\/wp\/v2\/media?parent=33040"}],"wp:term":[{"taxonomy":"category","embeddable":true,"href":"https:\/\/avrupapress.com\/main\/wp-json\/wp\/v2\/categories?post=33040"},{"taxonomy":"post_tag","embeddable":true,"href":"https:\/\/avrupapress.com\/main\/wp-json\/wp\/v2\/tags?post=33040"}],"curies":[{"name":"wp","href":"https:\/\/api.w.org\/{rel}","templated":true}]}}