{"id":33036,"date":"2026-02-21T21:10:27","date_gmt":"2026-02-21T21:10:27","guid":{"rendered":"https:\/\/avrupapress.com\/main\/?p=33036"},"modified":"2026-02-21T21:11:53","modified_gmt":"2026-02-21T21:11:53","slug":"tahir-efe-birligi-2","status":"publish","type":"post","link":"https:\/\/avrupapress.com\/main\/2026\/02\/21\/tahir-efe-birligi-2\/","title":{"rendered":"TAH\u0130R EFE B\u0130RL\u0130\u011e\u0130 -2"},"content":{"rendered":"<div dir=\"auto\" data-olk-copy-source=\"MessageBody\">AH\u0130R EFE B\u0130RL\u0130\u011e\u0130 -2<\/div>\n<div dir=\"auto\">\u0130neg\u00f6l, Keles, \u00d6demi\u015f, Bay\u0131nd\u0131r, Tire, Torbal\u0131 muharebelerine de birli\u011fi ile birlikte katk\u0131da bulunmu\u015ftur. B\u00fcy\u00fck Taarruz sonras\u0131 Yunan kuvvetlerinin \u0130zmir\u2019e do\u011fru \u00e7ekildi\u011fi s\u0131rada Seydi K\u00f6y, Buca ve Kadifekale\u2019de d\u00fc\u015fman ile \u00e7arp\u0131\u015fm\u0131\u015f, Urla, Ala\u00e7at\u0131 ve \u00c7e\u015fme\u2019de d\u00fc\u015fman\u0131n kovulmas\u0131nda \u00f6n saflarda yer alm\u0131\u015ft\u0131r. 3. S\u00fcvari T\u00fcmeni, 27. Alay, 2. B\u00f6l\u00fck Komutan\u0131 olan Orgeneral Fahri \u00d6zdilek, Tahir Efe\u2019nin Milli \u00a0M\u00fccadele\u2019deki kahramanl\u0131klar\u0131na yak\u0131ndan \u015fahit oldu\u011funu dile getirmi\u015ftir. An\u0131lara g\u00f6re Emirda\u011f\u2019da Kuva-y\u0131 Milliye denildi\u011finde Tahir Efe de ilk akla gelen isimlerdendir. \u00a0Mustafa Yard\u0131mc\u0131 an\u0131lar\u0131nda Tahir Efe\u2019nin etraf\u0131nda kendisi de dahil \u00a0olmak \u00fczere 100 s\u00fcvariyi toplad\u0131\u011f\u0131n\u0131 belirtmi\u015ftir.<\/div>\n<div dir=\"auto\">Habibe KALAYCI, M\u0130LL\u0130 M\u00dcCADELE D\u00d6NEM\u0130\u2019NDE AFYONKARAH\u0130SAR\u2019DA ASAY\u0130\u015e (1919-1923) s.63<\/div>\n<div dir=\"auto\"><\/div>\n<div dir=\"auto\"><img loading=\"lazy\" decoding=\"async\" class=\"alignnone size-medium wp-image-33037\" src=\"https:\/\/avrupapress.com\/main\/wp-content\/uploads\/2026\/02\/26b61955-87bd-4e81-b838-cbb087f1fdf8-264x300.jpg\" alt=\"\" width=\"264\" height=\"300\" srcset=\"https:\/\/avrupapress.com\/main\/wp-content\/uploads\/2026\/02\/26b61955-87bd-4e81-b838-cbb087f1fdf8-264x300.jpg 264w, https:\/\/avrupapress.com\/main\/wp-content\/uploads\/2026\/02\/26b61955-87bd-4e81-b838-cbb087f1fdf8-902x1024.jpg 902w, https:\/\/avrupapress.com\/main\/wp-content\/uploads\/2026\/02\/26b61955-87bd-4e81-b838-cbb087f1fdf8-768x871.jpg 768w, https:\/\/avrupapress.com\/main\/wp-content\/uploads\/2026\/02\/26b61955-87bd-4e81-b838-cbb087f1fdf8-1354x1536.jpg 1354w, https:\/\/avrupapress.com\/main\/wp-content\/uploads\/2026\/02\/26b61955-87bd-4e81-b838-cbb087f1fdf8.jpg 1522w\" sizes=\"auto, (max-width: 264px) 100vw, 264px\" \/><\/div>\n<div dir=\"auto\"><\/div>\n<div dir=\"auto\"><strong>Ahmet Urfali\u00a0 \u00a0 \u00a0 \u00a0 \u00a0\/\u00a0 \u00a0 \u00a0 \u00a0AVRUPAPRESS<\/strong><\/div>\n","protected":false},"excerpt":{"rendered":"<p>AH\u0130R EFE B\u0130RL\u0130\u011e\u0130 -2 \u0130neg\u00f6l, Keles, \u00d6demi\u015f, Bay\u0131nd\u0131r, Tire, Torbal\u0131 muharebelerine de birli\u011fi ile birlikte katk\u0131da bulunmu\u015ftur. B\u00fcy\u00fck Taarruz sonras\u0131 Yunan kuvvetlerinin \u0130zmir\u2019e do\u011fru \u00e7ekildi\u011fi s\u0131rada Seydi K\u00f6y, Buca ve Kadifekale\u2019de d\u00fc\u015fman ile \u00e7arp\u0131\u015fm\u0131\u015f, Urla, Ala\u00e7at\u0131 ve \u00c7e\u015fme\u2019de d\u00fc\u015fman\u0131n kovulmas\u0131nda \u00f6n saflarda yer alm\u0131\u015ft\u0131r. 3. S\u00fcvari T\u00fcmeni, 27. Alay, 2. B\u00f6l\u00fck Komutan\u0131 olan Orgeneral Fahri [&hellip;]<\/p>\n","protected":false},"author":3,"featured_media":33038,"comment_status":"closed","ping_status":"open","sticky":false,"template":"","format":"standard","meta":{"footnotes":""},"categories":[14,16,3,17,18,15,19,2,1],"tags":[],"class_list":["post-33036","post","type-post","status-publish","format-standard","has-post-thumbnail","hentry","category-avrupa","category-belcika","category-dunya","category-ekonomi","category-kultur-sanat","category-spor","category-tanitim","category-turkiye","category-uncategorized"],"yoast_head":"<!-- This site is optimized with the Yoast SEO plugin v26.9 - https:\/\/yoast.com\/product\/yoast-seo-wordpress\/ -->\n<title>TAH\u0130R EFE B\u0130RL\u0130\u011e\u0130 -2 - AvrupaPress<\/title>\n<meta name=\"robots\" content=\"index, follow, max-snippet:-1, max-image-preview:large, max-video-preview:-1\" \/>\n<link rel=\"canonical\" href=\"https:\/\/avrupapress.com\/main\/2026\/02\/21\/tahir-efe-birligi-2\/\" \/>\n<meta property=\"og:locale\" content=\"fr_FR\" \/>\n<meta property=\"og:type\" content=\"article\" \/>\n<meta property=\"og:title\" content=\"TAH\u0130R EFE B\u0130RL\u0130\u011e\u0130 -2 - AvrupaPress\" \/>\n<meta property=\"og:description\" content=\"AH\u0130R EFE B\u0130RL\u0130\u011e\u0130 -2 \u0130neg\u00f6l, Keles, \u00d6demi\u015f, Bay\u0131nd\u0131r, Tire, Torbal\u0131 muharebelerine de birli\u011fi ile birlikte katk\u0131da bulunmu\u015ftur. B\u00fcy\u00fck Taarruz sonras\u0131 Yunan kuvvetlerinin \u0130zmir\u2019e do\u011fru \u00e7ekildi\u011fi s\u0131rada Seydi K\u00f6y, Buca ve Kadifekale\u2019de d\u00fc\u015fman ile \u00e7arp\u0131\u015fm\u0131\u015f, Urla, Ala\u00e7at\u0131 ve \u00c7e\u015fme\u2019de d\u00fc\u015fman\u0131n kovulmas\u0131nda \u00f6n saflarda yer alm\u0131\u015ft\u0131r. 3. S\u00fcvari T\u00fcmeni, 27. Alay, 2. B\u00f6l\u00fck Komutan\u0131 olan Orgeneral Fahri [&hellip;]\" \/>\n<meta property=\"og:url\" content=\"https:\/\/avrupapress.com\/main\/2026\/02\/21\/tahir-efe-birligi-2\/\" \/>\n<meta property=\"og:site_name\" content=\"AvrupaPress\" \/>\n<meta property=\"article:published_time\" content=\"2026-02-21T21:10:27+00:00\" \/>\n<meta property=\"article:modified_time\" content=\"2026-02-21T21:11:53+00:00\" \/>\n<meta property=\"og:image\" content=\"https:\/\/avrupapress.com\/main\/wp-content\/uploads\/2026\/02\/26b61955-87bd-4e81-b838-cbb087f1fdf8-1-e1771708303702.jpg\" \/>\n\t<meta property=\"og:image:width\" content=\"1522\" \/>\n\t<meta property=\"og:image:height\" content=\"898\" \/>\n\t<meta property=\"og:image:type\" content=\"image\/jpeg\" \/>\n<meta name=\"author\" content=\"Edit\u00f6r\" \/>\n<meta name=\"twitter:card\" content=\"summary_large_image\" \/>\n<meta name=\"twitter:label1\" content=\"\u00c9crit par\" \/>\n\t<meta name=\"twitter:data1\" content=\"Edit\u00f6r\" \/>\n\t<meta name=\"twitter:label2\" content=\"Dur\u00e9e de lecture est.\" \/>\n\t<meta name=\"twitter:data2\" content=\"1 minute\" \/>\n<script type=\"application\/ld+json\" class=\"yoast-schema-graph\">{\"@context\":\"https:\/\/schema.org\",\"@graph\":[{\"@type\":\"Article\",\"@id\":\"https:\/\/avrupapress.com\/main\/2026\/02\/21\/tahir-efe-birligi-2\/#article\",\"isPartOf\":{\"@id\":\"https:\/\/avrupapress.com\/main\/2026\/02\/21\/tahir-efe-birligi-2\/\"},\"author\":{\"name\":\"Edit\u00f6r\",\"@id\":\"https:\/\/avrupapress.com\/#\/schema\/person\/68428444ec60970d1e1b700cf4ca1e8f\"},\"headline\":\"TAH\u0130R EFE B\u0130RL\u0130\u011e\u0130 -2\",\"datePublished\":\"2026-02-21T21:10:27+00:00\",\"dateModified\":\"2026-02-21T21:11:53+00:00\",\"mainEntityOfPage\":{\"@id\":\"https:\/\/avrupapress.com\/main\/2026\/02\/21\/tahir-efe-birligi-2\/\"},\"wordCount\":164,\"publisher\":{\"@id\":\"https:\/\/avrupapress.com\/#\/schema\/person\/0223dca19c72c43575bf30d1a2d8f4fa\"},\"image\":{\"@id\":\"https:\/\/avrupapress.com\/main\/2026\/02\/21\/tahir-efe-birligi-2\/#primaryimage\"},\"thumbnailUrl\":\"https:\/\/avrupapress.com\/main\/wp-content\/uploads\/2026\/02\/26b61955-87bd-4e81-b838-cbb087f1fdf8-1-e1771708303702.jpg\",\"articleSection\":[\"Avrupa\",\"Bel\u00e7ika\",\"D\u00fcnya\",\"Ekonomi\",\"K\u00fclt\u00fcr-Sanat\",\"Spor\",\"Tan\u0131t\u0131m\",\"T\u00fcrkiye\",\"Uncategorized\"],\"inLanguage\":\"fr-BE\"},{\"@type\":\"WebPage\",\"@id\":\"https:\/\/avrupapress.com\/main\/2026\/02\/21\/tahir-efe-birligi-2\/\",\"url\":\"https:\/\/avrupapress.com\/main\/2026\/02\/21\/tahir-efe-birligi-2\/\",\"name\":\"TAH\u0130R EFE B\u0130RL\u0130\u011e\u0130 -2 - AvrupaPress\",\"isPartOf\":{\"@id\":\"https:\/\/avrupapress.com\/#website\"},\"primaryImageOfPage\":{\"@id\":\"https:\/\/avrupapress.com\/main\/2026\/02\/21\/tahir-efe-birligi-2\/#primaryimage\"},\"image\":{\"@id\":\"https:\/\/avrupapress.com\/main\/2026\/02\/21\/tahir-efe-birligi-2\/#primaryimage\"},\"thumbnailUrl\":\"https:\/\/avrupapress.com\/main\/wp-content\/uploads\/2026\/02\/26b61955-87bd-4e81-b838-cbb087f1fdf8-1-e1771708303702.jpg\",\"datePublished\":\"2026-02-21T21:10:27+00:00\",\"dateModified\":\"2026-02-21T21:11:53+00:00\",\"breadcrumb\":{\"@id\":\"https:\/\/avrupapress.com\/main\/2026\/02\/21\/tahir-efe-birligi-2\/#breadcrumb\"},\"inLanguage\":\"fr-BE\",\"potentialAction\":[{\"@type\":\"ReadAction\",\"target\":[\"https:\/\/avrupapress.com\/main\/2026\/02\/21\/tahir-efe-birligi-2\/\"]}]},{\"@type\":\"ImageObject\",\"inLanguage\":\"fr-BE\",\"@id\":\"https:\/\/avrupapress.com\/main\/2026\/02\/21\/tahir-efe-birligi-2\/#primaryimage\",\"url\":\"https:\/\/avrupapress.com\/main\/wp-content\/uploads\/2026\/02\/26b61955-87bd-4e81-b838-cbb087f1fdf8-1-e1771708303702.jpg\",\"contentUrl\":\"https:\/\/avrupapress.com\/main\/wp-content\/uploads\/2026\/02\/26b61955-87bd-4e81-b838-cbb087f1fdf8-1-e1771708303702.jpg\",\"width\":1522,\"height\":898},{\"@type\":\"BreadcrumbList\",\"@id\":\"https:\/\/avrupapress.com\/main\/2026\/02\/21\/tahir-efe-birligi-2\/#breadcrumb\",\"itemListElement\":[{\"@type\":\"ListItem\",\"position\":1,\"name\":\"Anasayfa\",\"item\":\"https:\/\/avrupapress.com\/\"},{\"@type\":\"ListItem\",\"position\":2,\"name\":\"TAH\u0130R EFE B\u0130RL\u0130\u011e\u0130 -2\"}]},{\"@type\":\"WebSite\",\"@id\":\"https:\/\/avrupapress.com\/#website\",\"url\":\"https:\/\/avrupapress.com\/\",\"name\":\"AvrupaPress\",\"description\":\"Haberin Adresi\",\"publisher\":{\"@id\":\"https:\/\/avrupapress.com\/#\/schema\/person\/0223dca19c72c43575bf30d1a2d8f4fa\"},\"potentialAction\":[{\"@type\":\"SearchAction\",\"target\":{\"@type\":\"EntryPoint\",\"urlTemplate\":\"https:\/\/avrupapress.com\/?s={search_term_string}\"},\"query-input\":{\"@type\":\"PropertyValueSpecification\",\"valueRequired\":true,\"valueName\":\"search_term_string\"}}],\"inLanguage\":\"fr-BE\"},{\"@type\":[\"Person\",\"Organization\"],\"@id\":\"https:\/\/avrupapress.com\/#\/schema\/person\/0223dca19c72c43575bf30d1a2d8f4fa\",\"name\":\"Bilgin \u00d6z\u00e7ift\u00e7i\",\"image\":{\"@type\":\"ImageObject\",\"inLanguage\":\"fr-BE\",\"@id\":\"https:\/\/avrupapress.com\/#\/schema\/person\/image\/\",\"url\":\"https:\/\/secure.gravatar.com\/avatar\/0f23b280433a21e1ea7a0adcc46ed0ad16afe3ad8e630fd13d8a017dcbd54ef3?s=96&d=mm&r=g\",\"contentUrl\":\"https:\/\/secure.gravatar.com\/avatar\/0f23b280433a21e1ea7a0adcc46ed0ad16afe3ad8e630fd13d8a017dcbd54ef3?s=96&d=mm&r=g\",\"caption\":\"Bilgin \u00d6z\u00e7ift\u00e7i\"},\"logo\":{\"@id\":\"https:\/\/avrupapress.com\/#\/schema\/person\/image\/\"},\"description\":\"Ne ben, nede sen... Biz ancak \\\"biz\\\" olursak g\u00fc\u00e7l\u00fc olabiliriz\"},{\"@type\":\"Person\",\"@id\":\"https:\/\/avrupapress.com\/#\/schema\/person\/68428444ec60970d1e1b700cf4ca1e8f\",\"name\":\"Edit\u00f6r\",\"image\":{\"@type\":\"ImageObject\",\"inLanguage\":\"fr-BE\",\"@id\":\"https:\/\/avrupapress.com\/#\/schema\/person\/image\/\",\"url\":\"https:\/\/secure.gravatar.com\/avatar\/74996b0977aa5f1559ba9883776652508b229005c0d78fb2597897f0bd651c09?s=96&d=mm&r=g\",\"contentUrl\":\"https:\/\/secure.gravatar.com\/avatar\/74996b0977aa5f1559ba9883776652508b229005c0d78fb2597897f0bd651c09?s=96&d=mm&r=g\",\"caption\":\"Edit\u00f6r\"},\"sameAs\":[\"http:\/\/www.avrupapress.com\"],\"url\":\"https:\/\/avrupapress.com\/main\/author\/editor\/\"}]}<\/script>\n<!-- \/ Yoast SEO plugin. -->","yoast_head_json":{"title":"TAH\u0130R EFE B\u0130RL\u0130\u011e\u0130 -2 - AvrupaPress","robots":{"index":"index","follow":"follow","max-snippet":"max-snippet:-1","max-image-preview":"max-image-preview:large","max-video-preview":"max-video-preview:-1"},"canonical":"https:\/\/avrupapress.com\/main\/2026\/02\/21\/tahir-efe-birligi-2\/","og_locale":"fr_FR","og_type":"article","og_title":"TAH\u0130R EFE B\u0130RL\u0130\u011e\u0130 -2 - AvrupaPress","og_description":"AH\u0130R EFE B\u0130RL\u0130\u011e\u0130 -2 \u0130neg\u00f6l, Keles, \u00d6demi\u015f, Bay\u0131nd\u0131r, Tire, Torbal\u0131 muharebelerine de birli\u011fi ile birlikte katk\u0131da bulunmu\u015ftur. B\u00fcy\u00fck Taarruz sonras\u0131 Yunan kuvvetlerinin \u0130zmir\u2019e do\u011fru \u00e7ekildi\u011fi s\u0131rada Seydi K\u00f6y, Buca ve Kadifekale\u2019de d\u00fc\u015fman ile \u00e7arp\u0131\u015fm\u0131\u015f, Urla, Ala\u00e7at\u0131 ve \u00c7e\u015fme\u2019de d\u00fc\u015fman\u0131n kovulmas\u0131nda \u00f6n saflarda yer alm\u0131\u015ft\u0131r. 3. S\u00fcvari T\u00fcmeni, 27. Alay, 2. B\u00f6l\u00fck Komutan\u0131 olan Orgeneral Fahri [&hellip;]","og_url":"https:\/\/avrupapress.com\/main\/2026\/02\/21\/tahir-efe-birligi-2\/","og_site_name":"AvrupaPress","article_published_time":"2026-02-21T21:10:27+00:00","article_modified_time":"2026-02-21T21:11:53+00:00","og_image":[{"width":1522,"height":898,"url":"https:\/\/avrupapress.com\/main\/wp-content\/uploads\/2026\/02\/26b61955-87bd-4e81-b838-cbb087f1fdf8-1-e1771708303702.jpg","type":"image\/jpeg"}],"author":"Edit\u00f6r","twitter_card":"summary_large_image","twitter_misc":{"\u00c9crit par":"Edit\u00f6r","Dur\u00e9e de lecture est.":"1 minute"},"schema":{"@context":"https:\/\/schema.org","@graph":[{"@type":"Article","@id":"https:\/\/avrupapress.com\/main\/2026\/02\/21\/tahir-efe-birligi-2\/#article","isPartOf":{"@id":"https:\/\/avrupapress.com\/main\/2026\/02\/21\/tahir-efe-birligi-2\/"},"author":{"name":"Edit\u00f6r","@id":"https:\/\/avrupapress.com\/#\/schema\/person\/68428444ec60970d1e1b700cf4ca1e8f"},"headline":"TAH\u0130R EFE B\u0130RL\u0130\u011e\u0130 -2","datePublished":"2026-02-21T21:10:27+00:00","dateModified":"2026-02-21T21:11:53+00:00","mainEntityOfPage":{"@id":"https:\/\/avrupapress.com\/main\/2026\/02\/21\/tahir-efe-birligi-2\/"},"wordCount":164,"publisher":{"@id":"https:\/\/avrupapress.com\/#\/schema\/person\/0223dca19c72c43575bf30d1a2d8f4fa"},"image":{"@id":"https:\/\/avrupapress.com\/main\/2026\/02\/21\/tahir-efe-birligi-2\/#primaryimage"},"thumbnailUrl":"https:\/\/avrupapress.com\/main\/wp-content\/uploads\/2026\/02\/26b61955-87bd-4e81-b838-cbb087f1fdf8-1-e1771708303702.jpg","articleSection":["Avrupa","Bel\u00e7ika","D\u00fcnya","Ekonomi","K\u00fclt\u00fcr-Sanat","Spor","Tan\u0131t\u0131m","T\u00fcrkiye","Uncategorized"],"inLanguage":"fr-BE"},{"@type":"WebPage","@id":"https:\/\/avrupapress.com\/main\/2026\/02\/21\/tahir-efe-birligi-2\/","url":"https:\/\/avrupapress.com\/main\/2026\/02\/21\/tahir-efe-birligi-2\/","name":"TAH\u0130R EFE B\u0130RL\u0130\u011e\u0130 -2 - AvrupaPress","isPartOf":{"@id":"https:\/\/avrupapress.com\/#website"},"primaryImageOfPage":{"@id":"https:\/\/avrupapress.com\/main\/2026\/02\/21\/tahir-efe-birligi-2\/#primaryimage"},"image":{"@id":"https:\/\/avrupapress.com\/main\/2026\/02\/21\/tahir-efe-birligi-2\/#primaryimage"},"thumbnailUrl":"https:\/\/avrupapress.com\/main\/wp-content\/uploads\/2026\/02\/26b61955-87bd-4e81-b838-cbb087f1fdf8-1-e1771708303702.jpg","datePublished":"2026-02-21T21:10:27+00:00","dateModified":"2026-02-21T21:11:53+00:00","breadcrumb":{"@id":"https:\/\/avrupapress.com\/main\/2026\/02\/21\/tahir-efe-birligi-2\/#breadcrumb"},"inLanguage":"fr-BE","potentialAction":[{"@type":"ReadAction","target":["https:\/\/avrupapress.com\/main\/2026\/02\/21\/tahir-efe-birligi-2\/"]}]},{"@type":"ImageObject","inLanguage":"fr-BE","@id":"https:\/\/avrupapress.com\/main\/2026\/02\/21\/tahir-efe-birligi-2\/#primaryimage","url":"https:\/\/avrupapress.com\/main\/wp-content\/uploads\/2026\/02\/26b61955-87bd-4e81-b838-cbb087f1fdf8-1-e1771708303702.jpg","contentUrl":"https:\/\/avrupapress.com\/main\/wp-content\/uploads\/2026\/02\/26b61955-87bd-4e81-b838-cbb087f1fdf8-1-e1771708303702.jpg","width":1522,"height":898},{"@type":"BreadcrumbList","@id":"https:\/\/avrupapress.com\/main\/2026\/02\/21\/tahir-efe-birligi-2\/#breadcrumb","itemListElement":[{"@type":"ListItem","position":1,"name":"Anasayfa","item":"https:\/\/avrupapress.com\/"},{"@type":"ListItem","position":2,"name":"TAH\u0130R EFE B\u0130RL\u0130\u011e\u0130 -2"}]},{"@type":"WebSite","@id":"https:\/\/avrupapress.com\/#website","url":"https:\/\/avrupapress.com\/","name":"AvrupaPress","description":"Haberin Adresi","publisher":{"@id":"https:\/\/avrupapress.com\/#\/schema\/person\/0223dca19c72c43575bf30d1a2d8f4fa"},"potentialAction":[{"@type":"SearchAction","target":{"@type":"EntryPoint","urlTemplate":"https:\/\/avrupapress.com\/?s={search_term_string}"},"query-input":{"@type":"PropertyValueSpecification","valueRequired":true,"valueName":"search_term_string"}}],"inLanguage":"fr-BE"},{"@type":["Person","Organization"],"@id":"https:\/\/avrupapress.com\/#\/schema\/person\/0223dca19c72c43575bf30d1a2d8f4fa","name":"Bilgin \u00d6z\u00e7ift\u00e7i","image":{"@type":"ImageObject","inLanguage":"fr-BE","@id":"https:\/\/avrupapress.com\/#\/schema\/person\/image\/","url":"https:\/\/secure.gravatar.com\/avatar\/0f23b280433a21e1ea7a0adcc46ed0ad16afe3ad8e630fd13d8a017dcbd54ef3?s=96&d=mm&r=g","contentUrl":"https:\/\/secure.gravatar.com\/avatar\/0f23b280433a21e1ea7a0adcc46ed0ad16afe3ad8e630fd13d8a017dcbd54ef3?s=96&d=mm&r=g","caption":"Bilgin \u00d6z\u00e7ift\u00e7i"},"logo":{"@id":"https:\/\/avrupapress.com\/#\/schema\/person\/image\/"},"description":"Ne ben, nede sen... Biz ancak \"biz\" olursak g\u00fc\u00e7l\u00fc olabiliriz"},{"@type":"Person","@id":"https:\/\/avrupapress.com\/#\/schema\/person\/68428444ec60970d1e1b700cf4ca1e8f","name":"Edit\u00f6r","image":{"@type":"ImageObject","inLanguage":"fr-BE","@id":"https:\/\/avrupapress.com\/#\/schema\/person\/image\/","url":"https:\/\/secure.gravatar.com\/avatar\/74996b0977aa5f1559ba9883776652508b229005c0d78fb2597897f0bd651c09?s=96&d=mm&r=g","contentUrl":"https:\/\/secure.gravatar.com\/avatar\/74996b0977aa5f1559ba9883776652508b229005c0d78fb2597897f0bd651c09?s=96&d=mm&r=g","caption":"Edit\u00f6r"},"sameAs":["http:\/\/www.avrupapress.com"],"url":"https:\/\/avrupapress.com\/main\/author\/editor\/"}]}},"_links":{"self":[{"href":"https:\/\/avrupapress.com\/main\/wp-json\/wp\/v2\/posts\/33036","targetHints":{"allow":["GET"]}}],"collection":[{"href":"https:\/\/avrupapress.com\/main\/wp-json\/wp\/v2\/posts"}],"about":[{"href":"https:\/\/avrupapress.com\/main\/wp-json\/wp\/v2\/types\/post"}],"author":[{"embeddable":true,"href":"https:\/\/avrupapress.com\/main\/wp-json\/wp\/v2\/users\/3"}],"replies":[{"embeddable":true,"href":"https:\/\/avrupapress.com\/main\/wp-json\/wp\/v2\/comments?post=33036"}],"version-history":[{"count":1,"href":"https:\/\/avrupapress.com\/main\/wp-json\/wp\/v2\/posts\/33036\/revisions"}],"predecessor-version":[{"id":33039,"href":"https:\/\/avrupapress.com\/main\/wp-json\/wp\/v2\/posts\/33036\/revisions\/33039"}],"wp:featuredmedia":[{"embeddable":true,"href":"https:\/\/avrupapress.com\/main\/wp-json\/wp\/v2\/media\/33038"}],"wp:attachment":[{"href":"https:\/\/avrupapress.com\/main\/wp-json\/wp\/v2\/media?parent=33036"}],"wp:term":[{"taxonomy":"category","embeddable":true,"href":"https:\/\/avrupapress.com\/main\/wp-json\/wp\/v2\/categories?post=33036"},{"taxonomy":"post_tag","embeddable":true,"href":"https:\/\/avrupapress.com\/main\/wp-json\/wp\/v2\/tags?post=33036"}],"curies":[{"name":"wp","href":"https:\/\/api.w.org\/{rel}","templated":true}]}}