{"id":33032,"date":"2026-02-20T19:00:41","date_gmt":"2026-02-20T19:00:41","guid":{"rendered":"https:\/\/avrupapress.com\/main\/?p=33032"},"modified":"2026-02-20T19:00:47","modified_gmt":"2026-02-20T19:00:47","slug":"avrupapress-gazetesinin-yazar-kadrosuna-yeni-isim","status":"publish","type":"post","link":"https:\/\/avrupapress.com\/main\/2026\/02\/20\/avrupapress-gazetesinin-yazar-kadrosuna-yeni-isim\/","title":{"rendered":"AvrupaPress Gazetesi\u2019nin Yazar Kadrosuna Yeni \u0130sim"},"content":{"rendered":"<div dir=\"auto\" data-olk-copy-source=\"MessageBody\">AvrupaPress Gazetesi\u2019nin Yazar Kadrosuna Yeni \u0130sim<\/div>\n<div dir=\"auto\">Avrupa\u2019da yay\u0131n hayat\u0131n\u0131 s\u00fcrd\u00fcren AvrupaPress Gazetesi, yazar kadrosunu g\u00fc\u00e7lendirmeye devam ediyor. Gazetenin k\u00f6\u015fe yazarlar\u0131 aras\u0131na e\u011fitim camias\u0131nda uzun y\u0131llara dayanan tecr\u00fcbeye sahip yeni bir isim kat\u0131ld\u0131.<\/div>\n<div dir=\"auto\">1964 y\u0131l\u0131nda Afyonkarahisar\u2019\u0131n Emirda\u011f il\u00e7esinde d\u00fcnyaya gelen yazar, ilkokul e\u011fitimini tamamlad\u0131ktan sonra orta\u00f6\u011frenimini \u0130mam-Hatip Lisesi\u2019nde bitirdi. Lisans e\u011fitimini Atat\u00fcrk \u00dcniversitesi \u0130lahiyat Fak\u00fcltesi\u2019nde tamamlayan yazar, daha sonra Anadolu \u00dcniversitesi Sosyoloji B\u00f6l\u00fcm\u00fc\u2019nden mezun oldu.<\/div>\n<div dir=\"auto\">Meslek hayat\u0131 boyunca e\u011fitim alan\u0131nda \u00e7e\u015fitli idari g\u00f6revlerde bulunan yazar; Emirda\u011f \u0130mam-Hatip Lisesi M\u00fcd\u00fcrl\u00fc\u011f\u00fc, \u00c7ifteler Milli E\u011fitim \u015eube M\u00fcd\u00fcrl\u00fc\u011f\u00fc ve Mahmudiye \u0130l\u00e7e Milli E\u011fitim M\u00fcd\u00fcrl\u00fc\u011f\u00fc g\u00f6revlerini \u00fcstlendi. H\u00e2len Eski\u015fehir Milli E\u011fitim M\u00fcd\u00fcrl\u00fc\u011f\u00fc\u2019nde \u201cE\u011fitim Uzman\u0131\u201d olarak g\u00f6rev yapmaktad\u0131r. Ayn\u0131 zamanda Anadolu \u00dcniversitesi Sosyoloji B\u00f6l\u00fcm\u00fc sekizinci d\u00f6nem \u00f6\u011frencisi olarak akademik \u00e7al\u0131\u015fmalar\u0131n\u0131 s\u00fcrd\u00fcrmektedir.<\/div>\n<div dir=\"auto\">Evli ve \u00fc\u00e7 \u00e7ocuk babas\u0131 olan yazar\u0131n, AvrupaPress Gazetesi\u2019nde kaleme alaca\u011f\u0131 yaz\u0131larla e\u011fitim, toplum ve sosyal meseleler \u00fczerine \u00f6nemli katk\u0131lar sunmas\u0131 bekleniyor.<\/div>\n<div dir=\"auto\"><\/div>\n<div dir=\"auto\"><img loading=\"lazy\" decoding=\"async\" class=\"alignnone size-medium wp-image-33033\" src=\"https:\/\/avrupapress.com\/main\/wp-content\/uploads\/2026\/02\/60ba794a-7f1d-4870-bf19-1cd64ccace31-221x300.jpg\" alt=\"\" width=\"221\" height=\"300\" srcset=\"https:\/\/avrupapress.com\/main\/wp-content\/uploads\/2026\/02\/60ba794a-7f1d-4870-bf19-1cd64ccace31-221x300.jpg 221w, https:\/\/avrupapress.com\/main\/wp-content\/uploads\/2026\/02\/60ba794a-7f1d-4870-bf19-1cd64ccace31-755x1024.jpg 755w, https:\/\/avrupapress.com\/main\/wp-content\/uploads\/2026\/02\/60ba794a-7f1d-4870-bf19-1cd64ccace31-768x1042.jpg 768w, https:\/\/avrupapress.com\/main\/wp-content\/uploads\/2026\/02\/60ba794a-7f1d-4870-bf19-1cd64ccace31-1132x1536.jpg 1132w, https:\/\/avrupapress.com\/main\/wp-content\/uploads\/2026\/02\/60ba794a-7f1d-4870-bf19-1cd64ccace31.jpg 1179w\" sizes=\"auto, (max-width: 221px) 100vw, 221px\" \/><\/div>\n<div dir=\"auto\"><\/div>\n<div dir=\"auto\"><strong>Bilgin\u00a0 Ozcifci\u00a0 \u00a0 \u00a0 \u00a0 \/\u00a0 \u00a0 \u00a0 \u00a0 AVRUPAPRESS<\/strong><\/div>\n","protected":false},"excerpt":{"rendered":"<p>AvrupaPress Gazetesi\u2019nin Yazar Kadrosuna Yeni \u0130sim Avrupa\u2019da yay\u0131n hayat\u0131n\u0131 s\u00fcrd\u00fcren AvrupaPress Gazetesi, yazar kadrosunu g\u00fc\u00e7lendirmeye devam ediyor. Gazetenin k\u00f6\u015fe yazarlar\u0131 aras\u0131na e\u011fitim camias\u0131nda uzun y\u0131llara dayanan tecr\u00fcbeye sahip yeni bir isim kat\u0131ld\u0131. 1964 y\u0131l\u0131nda Afyonkarahisar\u2019\u0131n Emirda\u011f il\u00e7esinde d\u00fcnyaya gelen yazar, ilkokul e\u011fitimini tamamlad\u0131ktan sonra orta\u00f6\u011frenimini \u0130mam-Hatip Lisesi\u2019nde bitirdi. Lisans e\u011fitimini Atat\u00fcrk \u00dcniversitesi \u0130lahiyat Fak\u00fcltesi\u2019nde tamamlayan [&hellip;]<\/p>\n","protected":false},"author":3,"featured_media":33034,"comment_status":"closed","ping_status":"open","sticky":false,"template":"","format":"standard","meta":{"footnotes":""},"categories":[14,16,3,17,18,15,19,2,1],"tags":[],"class_list":["post-33032","post","type-post","status-publish","format-standard","has-post-thumbnail","hentry","category-avrupa","category-belcika","category-dunya","category-ekonomi","category-kultur-sanat","category-spor","category-tanitim","category-turkiye","category-uncategorized"],"yoast_head":"<!-- This site is optimized with the Yoast SEO plugin v26.9 - https:\/\/yoast.com\/product\/yoast-seo-wordpress\/ -->\n<title>AvrupaPress Gazetesi\u2019nin Yazar Kadrosuna Yeni \u0130sim - AvrupaPress<\/title>\n<meta name=\"robots\" content=\"index, follow, max-snippet:-1, max-image-preview:large, max-video-preview:-1\" \/>\n<link rel=\"canonical\" href=\"https:\/\/avrupapress.com\/main\/2026\/02\/20\/avrupapress-gazetesinin-yazar-kadrosuna-yeni-isim\/\" \/>\n<meta property=\"og:locale\" content=\"fr_FR\" \/>\n<meta property=\"og:type\" content=\"article\" \/>\n<meta property=\"og:title\" content=\"AvrupaPress Gazetesi\u2019nin Yazar Kadrosuna Yeni \u0130sim - AvrupaPress\" \/>\n<meta property=\"og:description\" content=\"AvrupaPress Gazetesi\u2019nin Yazar Kadrosuna Yeni \u0130sim Avrupa\u2019da yay\u0131n hayat\u0131n\u0131 s\u00fcrd\u00fcren AvrupaPress Gazetesi, yazar kadrosunu g\u00fc\u00e7lendirmeye devam ediyor. Gazetenin k\u00f6\u015fe yazarlar\u0131 aras\u0131na e\u011fitim camias\u0131nda uzun y\u0131llara dayanan tecr\u00fcbeye sahip yeni bir isim kat\u0131ld\u0131. 1964 y\u0131l\u0131nda Afyonkarahisar\u2019\u0131n Emirda\u011f il\u00e7esinde d\u00fcnyaya gelen yazar, ilkokul e\u011fitimini tamamlad\u0131ktan sonra orta\u00f6\u011frenimini \u0130mam-Hatip Lisesi\u2019nde bitirdi. Lisans e\u011fitimini Atat\u00fcrk \u00dcniversitesi \u0130lahiyat Fak\u00fcltesi\u2019nde tamamlayan [&hellip;]\" \/>\n<meta property=\"og:url\" content=\"https:\/\/avrupapress.com\/main\/2026\/02\/20\/avrupapress-gazetesinin-yazar-kadrosuna-yeni-isim\/\" \/>\n<meta property=\"og:site_name\" content=\"AvrupaPress\" \/>\n<meta property=\"article:published_time\" content=\"2026-02-20T19:00:41+00:00\" \/>\n<meta property=\"article:modified_time\" content=\"2026-02-20T19:00:47+00:00\" \/>\n<meta property=\"og:image\" content=\"https:\/\/avrupapress.com\/main\/wp-content\/uploads\/2026\/02\/60ba794a-7f1d-4870-bf19-1cd64ccace31-1-e1771614030542.jpg\" \/>\n\t<meta property=\"og:image:width\" content=\"1179\" \/>\n\t<meta property=\"og:image:height\" content=\"973\" \/>\n\t<meta property=\"og:image:type\" content=\"image\/jpeg\" \/>\n<meta name=\"author\" content=\"Edit\u00f6r\" \/>\n<meta name=\"twitter:card\" content=\"summary_large_image\" \/>\n<meta name=\"twitter:label1\" content=\"\u00c9crit par\" \/>\n\t<meta name=\"twitter:data1\" content=\"Edit\u00f6r\" \/>\n\t<meta name=\"twitter:label2\" content=\"Dur\u00e9e de lecture est.\" \/>\n\t<meta name=\"twitter:data2\" content=\"2 minutes\" \/>\n<script type=\"application\/ld+json\" class=\"yoast-schema-graph\">{\"@context\":\"https:\/\/schema.org\",\"@graph\":[{\"@type\":\"Article\",\"@id\":\"https:\/\/avrupapress.com\/main\/2026\/02\/20\/avrupapress-gazetesinin-yazar-kadrosuna-yeni-isim\/#article\",\"isPartOf\":{\"@id\":\"https:\/\/avrupapress.com\/main\/2026\/02\/20\/avrupapress-gazetesinin-yazar-kadrosuna-yeni-isim\/\"},\"author\":{\"name\":\"Edit\u00f6r\",\"@id\":\"https:\/\/avrupapress.com\/#\/schema\/person\/68428444ec60970d1e1b700cf4ca1e8f\"},\"headline\":\"AvrupaPress Gazetesi\u2019nin Yazar Kadrosuna Yeni \u0130sim\",\"datePublished\":\"2026-02-20T19:00:41+00:00\",\"dateModified\":\"2026-02-20T19:00:47+00:00\",\"mainEntityOfPage\":{\"@id\":\"https:\/\/avrupapress.com\/main\/2026\/02\/20\/avrupapress-gazetesinin-yazar-kadrosuna-yeni-isim\/\"},\"wordCount\":209,\"publisher\":{\"@id\":\"https:\/\/avrupapress.com\/#\/schema\/person\/0223dca19c72c43575bf30d1a2d8f4fa\"},\"image\":{\"@id\":\"https:\/\/avrupapress.com\/main\/2026\/02\/20\/avrupapress-gazetesinin-yazar-kadrosuna-yeni-isim\/#primaryimage\"},\"thumbnailUrl\":\"https:\/\/avrupapress.com\/main\/wp-content\/uploads\/2026\/02\/60ba794a-7f1d-4870-bf19-1cd64ccace31-1-e1771614030542.jpg\",\"articleSection\":[\"Avrupa\",\"Bel\u00e7ika\",\"D\u00fcnya\",\"Ekonomi\",\"K\u00fclt\u00fcr-Sanat\",\"Spor\",\"Tan\u0131t\u0131m\",\"T\u00fcrkiye\",\"Uncategorized\"],\"inLanguage\":\"fr-BE\"},{\"@type\":\"WebPage\",\"@id\":\"https:\/\/avrupapress.com\/main\/2026\/02\/20\/avrupapress-gazetesinin-yazar-kadrosuna-yeni-isim\/\",\"url\":\"https:\/\/avrupapress.com\/main\/2026\/02\/20\/avrupapress-gazetesinin-yazar-kadrosuna-yeni-isim\/\",\"name\":\"AvrupaPress Gazetesi\u2019nin Yazar Kadrosuna Yeni \u0130sim - AvrupaPress\",\"isPartOf\":{\"@id\":\"https:\/\/avrupapress.com\/#website\"},\"primaryImageOfPage\":{\"@id\":\"https:\/\/avrupapress.com\/main\/2026\/02\/20\/avrupapress-gazetesinin-yazar-kadrosuna-yeni-isim\/#primaryimage\"},\"image\":{\"@id\":\"https:\/\/avrupapress.com\/main\/2026\/02\/20\/avrupapress-gazetesinin-yazar-kadrosuna-yeni-isim\/#primaryimage\"},\"thumbnailUrl\":\"https:\/\/avrupapress.com\/main\/wp-content\/uploads\/2026\/02\/60ba794a-7f1d-4870-bf19-1cd64ccace31-1-e1771614030542.jpg\",\"datePublished\":\"2026-02-20T19:00:41+00:00\",\"dateModified\":\"2026-02-20T19:00:47+00:00\",\"breadcrumb\":{\"@id\":\"https:\/\/avrupapress.com\/main\/2026\/02\/20\/avrupapress-gazetesinin-yazar-kadrosuna-yeni-isim\/#breadcrumb\"},\"inLanguage\":\"fr-BE\",\"potentialAction\":[{\"@type\":\"ReadAction\",\"target\":[\"https:\/\/avrupapress.com\/main\/2026\/02\/20\/avrupapress-gazetesinin-yazar-kadrosuna-yeni-isim\/\"]}]},{\"@type\":\"ImageObject\",\"inLanguage\":\"fr-BE\",\"@id\":\"https:\/\/avrupapress.com\/main\/2026\/02\/20\/avrupapress-gazetesinin-yazar-kadrosuna-yeni-isim\/#primaryimage\",\"url\":\"https:\/\/avrupapress.com\/main\/wp-content\/uploads\/2026\/02\/60ba794a-7f1d-4870-bf19-1cd64ccace31-1-e1771614030542.jpg\",\"contentUrl\":\"https:\/\/avrupapress.com\/main\/wp-content\/uploads\/2026\/02\/60ba794a-7f1d-4870-bf19-1cd64ccace31-1-e1771614030542.jpg\",\"width\":1179,\"height\":973},{\"@type\":\"BreadcrumbList\",\"@id\":\"https:\/\/avrupapress.com\/main\/2026\/02\/20\/avrupapress-gazetesinin-yazar-kadrosuna-yeni-isim\/#breadcrumb\",\"itemListElement\":[{\"@type\":\"ListItem\",\"position\":1,\"name\":\"Anasayfa\",\"item\":\"https:\/\/avrupapress.com\/\"},{\"@type\":\"ListItem\",\"position\":2,\"name\":\"AvrupaPress Gazetesi\u2019nin Yazar Kadrosuna Yeni \u0130sim\"}]},{\"@type\":\"WebSite\",\"@id\":\"https:\/\/avrupapress.com\/#website\",\"url\":\"https:\/\/avrupapress.com\/\",\"name\":\"AvrupaPress\",\"description\":\"Haberin Adresi\",\"publisher\":{\"@id\":\"https:\/\/avrupapress.com\/#\/schema\/person\/0223dca19c72c43575bf30d1a2d8f4fa\"},\"potentialAction\":[{\"@type\":\"SearchAction\",\"target\":{\"@type\":\"EntryPoint\",\"urlTemplate\":\"https:\/\/avrupapress.com\/?s={search_term_string}\"},\"query-input\":{\"@type\":\"PropertyValueSpecification\",\"valueRequired\":true,\"valueName\":\"search_term_string\"}}],\"inLanguage\":\"fr-BE\"},{\"@type\":[\"Person\",\"Organization\"],\"@id\":\"https:\/\/avrupapress.com\/#\/schema\/person\/0223dca19c72c43575bf30d1a2d8f4fa\",\"name\":\"Bilgin \u00d6z\u00e7ift\u00e7i\",\"image\":{\"@type\":\"ImageObject\",\"inLanguage\":\"fr-BE\",\"@id\":\"https:\/\/avrupapress.com\/#\/schema\/person\/image\/\",\"url\":\"https:\/\/secure.gravatar.com\/avatar\/0f23b280433a21e1ea7a0adcc46ed0ad16afe3ad8e630fd13d8a017dcbd54ef3?s=96&d=mm&r=g\",\"contentUrl\":\"https:\/\/secure.gravatar.com\/avatar\/0f23b280433a21e1ea7a0adcc46ed0ad16afe3ad8e630fd13d8a017dcbd54ef3?s=96&d=mm&r=g\",\"caption\":\"Bilgin \u00d6z\u00e7ift\u00e7i\"},\"logo\":{\"@id\":\"https:\/\/avrupapress.com\/#\/schema\/person\/image\/\"},\"description\":\"Ne ben, nede sen... Biz ancak \\\"biz\\\" olursak g\u00fc\u00e7l\u00fc olabiliriz\"},{\"@type\":\"Person\",\"@id\":\"https:\/\/avrupapress.com\/#\/schema\/person\/68428444ec60970d1e1b700cf4ca1e8f\",\"name\":\"Edit\u00f6r\",\"image\":{\"@type\":\"ImageObject\",\"inLanguage\":\"fr-BE\",\"@id\":\"https:\/\/avrupapress.com\/#\/schema\/person\/image\/\",\"url\":\"https:\/\/secure.gravatar.com\/avatar\/74996b0977aa5f1559ba9883776652508b229005c0d78fb2597897f0bd651c09?s=96&d=mm&r=g\",\"contentUrl\":\"https:\/\/secure.gravatar.com\/avatar\/74996b0977aa5f1559ba9883776652508b229005c0d78fb2597897f0bd651c09?s=96&d=mm&r=g\",\"caption\":\"Edit\u00f6r\"},\"sameAs\":[\"http:\/\/www.avrupapress.com\"],\"url\":\"https:\/\/avrupapress.com\/main\/author\/editor\/\"}]}<\/script>\n<!-- \/ Yoast SEO plugin. -->","yoast_head_json":{"title":"AvrupaPress Gazetesi\u2019nin Yazar Kadrosuna Yeni \u0130sim - AvrupaPress","robots":{"index":"index","follow":"follow","max-snippet":"max-snippet:-1","max-image-preview":"max-image-preview:large","max-video-preview":"max-video-preview:-1"},"canonical":"https:\/\/avrupapress.com\/main\/2026\/02\/20\/avrupapress-gazetesinin-yazar-kadrosuna-yeni-isim\/","og_locale":"fr_FR","og_type":"article","og_title":"AvrupaPress Gazetesi\u2019nin Yazar Kadrosuna Yeni \u0130sim - AvrupaPress","og_description":"AvrupaPress Gazetesi\u2019nin Yazar Kadrosuna Yeni \u0130sim Avrupa\u2019da yay\u0131n hayat\u0131n\u0131 s\u00fcrd\u00fcren AvrupaPress Gazetesi, yazar kadrosunu g\u00fc\u00e7lendirmeye devam ediyor. Gazetenin k\u00f6\u015fe yazarlar\u0131 aras\u0131na e\u011fitim camias\u0131nda uzun y\u0131llara dayanan tecr\u00fcbeye sahip yeni bir isim kat\u0131ld\u0131. 1964 y\u0131l\u0131nda Afyonkarahisar\u2019\u0131n Emirda\u011f il\u00e7esinde d\u00fcnyaya gelen yazar, ilkokul e\u011fitimini tamamlad\u0131ktan sonra orta\u00f6\u011frenimini \u0130mam-Hatip Lisesi\u2019nde bitirdi. Lisans e\u011fitimini Atat\u00fcrk \u00dcniversitesi \u0130lahiyat Fak\u00fcltesi\u2019nde tamamlayan [&hellip;]","og_url":"https:\/\/avrupapress.com\/main\/2026\/02\/20\/avrupapress-gazetesinin-yazar-kadrosuna-yeni-isim\/","og_site_name":"AvrupaPress","article_published_time":"2026-02-20T19:00:41+00:00","article_modified_time":"2026-02-20T19:00:47+00:00","og_image":[{"width":1179,"height":973,"url":"https:\/\/avrupapress.com\/main\/wp-content\/uploads\/2026\/02\/60ba794a-7f1d-4870-bf19-1cd64ccace31-1-e1771614030542.jpg","type":"image\/jpeg"}],"author":"Edit\u00f6r","twitter_card":"summary_large_image","twitter_misc":{"\u00c9crit par":"Edit\u00f6r","Dur\u00e9e de lecture est.":"2 minutes"},"schema":{"@context":"https:\/\/schema.org","@graph":[{"@type":"Article","@id":"https:\/\/avrupapress.com\/main\/2026\/02\/20\/avrupapress-gazetesinin-yazar-kadrosuna-yeni-isim\/#article","isPartOf":{"@id":"https:\/\/avrupapress.com\/main\/2026\/02\/20\/avrupapress-gazetesinin-yazar-kadrosuna-yeni-isim\/"},"author":{"name":"Edit\u00f6r","@id":"https:\/\/avrupapress.com\/#\/schema\/person\/68428444ec60970d1e1b700cf4ca1e8f"},"headline":"AvrupaPress Gazetesi\u2019nin Yazar Kadrosuna Yeni \u0130sim","datePublished":"2026-02-20T19:00:41+00:00","dateModified":"2026-02-20T19:00:47+00:00","mainEntityOfPage":{"@id":"https:\/\/avrupapress.com\/main\/2026\/02\/20\/avrupapress-gazetesinin-yazar-kadrosuna-yeni-isim\/"},"wordCount":209,"publisher":{"@id":"https:\/\/avrupapress.com\/#\/schema\/person\/0223dca19c72c43575bf30d1a2d8f4fa"},"image":{"@id":"https:\/\/avrupapress.com\/main\/2026\/02\/20\/avrupapress-gazetesinin-yazar-kadrosuna-yeni-isim\/#primaryimage"},"thumbnailUrl":"https:\/\/avrupapress.com\/main\/wp-content\/uploads\/2026\/02\/60ba794a-7f1d-4870-bf19-1cd64ccace31-1-e1771614030542.jpg","articleSection":["Avrupa","Bel\u00e7ika","D\u00fcnya","Ekonomi","K\u00fclt\u00fcr-Sanat","Spor","Tan\u0131t\u0131m","T\u00fcrkiye","Uncategorized"],"inLanguage":"fr-BE"},{"@type":"WebPage","@id":"https:\/\/avrupapress.com\/main\/2026\/02\/20\/avrupapress-gazetesinin-yazar-kadrosuna-yeni-isim\/","url":"https:\/\/avrupapress.com\/main\/2026\/02\/20\/avrupapress-gazetesinin-yazar-kadrosuna-yeni-isim\/","name":"AvrupaPress Gazetesi\u2019nin Yazar Kadrosuna Yeni \u0130sim - AvrupaPress","isPartOf":{"@id":"https:\/\/avrupapress.com\/#website"},"primaryImageOfPage":{"@id":"https:\/\/avrupapress.com\/main\/2026\/02\/20\/avrupapress-gazetesinin-yazar-kadrosuna-yeni-isim\/#primaryimage"},"image":{"@id":"https:\/\/avrupapress.com\/main\/2026\/02\/20\/avrupapress-gazetesinin-yazar-kadrosuna-yeni-isim\/#primaryimage"},"thumbnailUrl":"https:\/\/avrupapress.com\/main\/wp-content\/uploads\/2026\/02\/60ba794a-7f1d-4870-bf19-1cd64ccace31-1-e1771614030542.jpg","datePublished":"2026-02-20T19:00:41+00:00","dateModified":"2026-02-20T19:00:47+00:00","breadcrumb":{"@id":"https:\/\/avrupapress.com\/main\/2026\/02\/20\/avrupapress-gazetesinin-yazar-kadrosuna-yeni-isim\/#breadcrumb"},"inLanguage":"fr-BE","potentialAction":[{"@type":"ReadAction","target":["https:\/\/avrupapress.com\/main\/2026\/02\/20\/avrupapress-gazetesinin-yazar-kadrosuna-yeni-isim\/"]}]},{"@type":"ImageObject","inLanguage":"fr-BE","@id":"https:\/\/avrupapress.com\/main\/2026\/02\/20\/avrupapress-gazetesinin-yazar-kadrosuna-yeni-isim\/#primaryimage","url":"https:\/\/avrupapress.com\/main\/wp-content\/uploads\/2026\/02\/60ba794a-7f1d-4870-bf19-1cd64ccace31-1-e1771614030542.jpg","contentUrl":"https:\/\/avrupapress.com\/main\/wp-content\/uploads\/2026\/02\/60ba794a-7f1d-4870-bf19-1cd64ccace31-1-e1771614030542.jpg","width":1179,"height":973},{"@type":"BreadcrumbList","@id":"https:\/\/avrupapress.com\/main\/2026\/02\/20\/avrupapress-gazetesinin-yazar-kadrosuna-yeni-isim\/#breadcrumb","itemListElement":[{"@type":"ListItem","position":1,"name":"Anasayfa","item":"https:\/\/avrupapress.com\/"},{"@type":"ListItem","position":2,"name":"AvrupaPress Gazetesi\u2019nin Yazar Kadrosuna Yeni \u0130sim"}]},{"@type":"WebSite","@id":"https:\/\/avrupapress.com\/#website","url":"https:\/\/avrupapress.com\/","name":"AvrupaPress","description":"Haberin Adresi","publisher":{"@id":"https:\/\/avrupapress.com\/#\/schema\/person\/0223dca19c72c43575bf30d1a2d8f4fa"},"potentialAction":[{"@type":"SearchAction","target":{"@type":"EntryPoint","urlTemplate":"https:\/\/avrupapress.com\/?s={search_term_string}"},"query-input":{"@type":"PropertyValueSpecification","valueRequired":true,"valueName":"search_term_string"}}],"inLanguage":"fr-BE"},{"@type":["Person","Organization"],"@id":"https:\/\/avrupapress.com\/#\/schema\/person\/0223dca19c72c43575bf30d1a2d8f4fa","name":"Bilgin \u00d6z\u00e7ift\u00e7i","image":{"@type":"ImageObject","inLanguage":"fr-BE","@id":"https:\/\/avrupapress.com\/#\/schema\/person\/image\/","url":"https:\/\/secure.gravatar.com\/avatar\/0f23b280433a21e1ea7a0adcc46ed0ad16afe3ad8e630fd13d8a017dcbd54ef3?s=96&d=mm&r=g","contentUrl":"https:\/\/secure.gravatar.com\/avatar\/0f23b280433a21e1ea7a0adcc46ed0ad16afe3ad8e630fd13d8a017dcbd54ef3?s=96&d=mm&r=g","caption":"Bilgin \u00d6z\u00e7ift\u00e7i"},"logo":{"@id":"https:\/\/avrupapress.com\/#\/schema\/person\/image\/"},"description":"Ne ben, nede sen... Biz ancak \"biz\" olursak g\u00fc\u00e7l\u00fc olabiliriz"},{"@type":"Person","@id":"https:\/\/avrupapress.com\/#\/schema\/person\/68428444ec60970d1e1b700cf4ca1e8f","name":"Edit\u00f6r","image":{"@type":"ImageObject","inLanguage":"fr-BE","@id":"https:\/\/avrupapress.com\/#\/schema\/person\/image\/","url":"https:\/\/secure.gravatar.com\/avatar\/74996b0977aa5f1559ba9883776652508b229005c0d78fb2597897f0bd651c09?s=96&d=mm&r=g","contentUrl":"https:\/\/secure.gravatar.com\/avatar\/74996b0977aa5f1559ba9883776652508b229005c0d78fb2597897f0bd651c09?s=96&d=mm&r=g","caption":"Edit\u00f6r"},"sameAs":["http:\/\/www.avrupapress.com"],"url":"https:\/\/avrupapress.com\/main\/author\/editor\/"}]}},"_links":{"self":[{"href":"https:\/\/avrupapress.com\/main\/wp-json\/wp\/v2\/posts\/33032","targetHints":{"allow":["GET"]}}],"collection":[{"href":"https:\/\/avrupapress.com\/main\/wp-json\/wp\/v2\/posts"}],"about":[{"href":"https:\/\/avrupapress.com\/main\/wp-json\/wp\/v2\/types\/post"}],"author":[{"embeddable":true,"href":"https:\/\/avrupapress.com\/main\/wp-json\/wp\/v2\/users\/3"}],"replies":[{"embeddable":true,"href":"https:\/\/avrupapress.com\/main\/wp-json\/wp\/v2\/comments?post=33032"}],"version-history":[{"count":1,"href":"https:\/\/avrupapress.com\/main\/wp-json\/wp\/v2\/posts\/33032\/revisions"}],"predecessor-version":[{"id":33035,"href":"https:\/\/avrupapress.com\/main\/wp-json\/wp\/v2\/posts\/33032\/revisions\/33035"}],"wp:featuredmedia":[{"embeddable":true,"href":"https:\/\/avrupapress.com\/main\/wp-json\/wp\/v2\/media\/33034"}],"wp:attachment":[{"href":"https:\/\/avrupapress.com\/main\/wp-json\/wp\/v2\/media?parent=33032"}],"wp:term":[{"taxonomy":"category","embeddable":true,"href":"https:\/\/avrupapress.com\/main\/wp-json\/wp\/v2\/categories?post=33032"},{"taxonomy":"post_tag","embeddable":true,"href":"https:\/\/avrupapress.com\/main\/wp-json\/wp\/v2\/tags?post=33032"}],"curies":[{"name":"wp","href":"https:\/\/api.w.org\/{rel}","templated":true}]}}