{"id":33028,"date":"2026-02-20T18:48:59","date_gmt":"2026-02-20T18:48:59","guid":{"rendered":"https:\/\/avrupapress.com\/main\/?p=33028"},"modified":"2026-02-20T18:49:04","modified_gmt":"2026-02-20T18:49:04","slug":"emirdagda-ramazan-pidesi-fiyati-belirlendi","status":"publish","type":"post","link":"https:\/\/avrupapress.com\/main\/2026\/02\/20\/emirdagda-ramazan-pidesi-fiyati-belirlendi\/","title":{"rendered":"Emirda\u011f\u2019da Ramazan Pidesi Fiyat\u0131 Belirlendi"},"content":{"rendered":"<div dir=\"auto\"><strong>Emirda\u011f\u2019da Ramazan Pidesi Fiyat\u0131 Belirlendi<\/strong><\/div>\n<div dir=\"auto\"><\/div>\n<div dir=\"auto\">Emirda\u011f Esnaf ve Sanatk\u00e2rlar Odas\u0131 Ba\u015fkan\u0131 Hac\u0131 Veli Y\u00fcksel ve oda y\u00f6netiminin f\u0131r\u0131nc\u0131 esnaf\u0131yla yapt\u0131\u011f\u0131 isti\u015fareler sonucunda, Ramazan ay\u0131nda uygulanacak pide fiyatlar\u0131 g\u00fcncellendi.<\/div>\n<div dir=\"auto\"><\/div>\n<div dir=\"auto\">Al\u0131nan karara g\u00f6re, 350 gram yumurtal\u0131 susaml\u0131 Ramazan pidesi 30 TL olarak belirlendi. \u00d6zel Ramazan pidelerinin fiyat\u0131 ise serbest b\u0131rak\u0131ld\u0131.<\/div>\n<div dir=\"auto\"><\/div>\n<div dir=\"auto\">Oda y\u00f6netimi taraf\u0131ndan yap\u0131lan a\u00e7\u0131klamada, belirlenen fiyat\u0131n hem vatanda\u015flar\u0131n hem de f\u0131r\u0131nc\u0131 esnaf\u0131n\u0131n ma\u011fduriyet ya\u015famamas\u0131 amac\u0131yla isti\u015fareyle kararla\u015ft\u0131r\u0131ld\u0131\u011f\u0131 ifade edildi. A\u00e7\u0131klamada, \u201cHalk\u0131m\u0131za ve esnaf\u0131m\u0131za hay\u0131rl\u0131 olmas\u0131n\u0131 temenni eder, m\u00fcbarek Ramazan ay\u0131n\u0131n bereket ve huzur getirmesini dileriz\u201d denildi.<\/div>\n<div dir=\"auto\"><\/div>\n<div dir=\"auto\">G\u00fcncellenen fiyat tarifesinin Ramazan ay\u0131 boyunca il\u00e7edeki f\u0131r\u0131nlarda uygulanaca\u011f\u0131 bildirildi.<\/div>\n<div dir=\"auto\"><\/div>\n<div dir=\"auto\"><img loading=\"lazy\" decoding=\"async\" class=\"alignnone size-medium wp-image-33029\" src=\"https:\/\/avrupapress.com\/main\/wp-content\/uploads\/2026\/02\/aaf98614-9ddd-4843-813d-99a24a233e5c-300x160.jpg\" alt=\"\" width=\"300\" height=\"160\" srcset=\"https:\/\/avrupapress.com\/main\/wp-content\/uploads\/2026\/02\/aaf98614-9ddd-4843-813d-99a24a233e5c-300x160.jpg 300w, https:\/\/avrupapress.com\/main\/wp-content\/uploads\/2026\/02\/aaf98614-9ddd-4843-813d-99a24a233e5c-1024x547.jpg 1024w, https:\/\/avrupapress.com\/main\/wp-content\/uploads\/2026\/02\/aaf98614-9ddd-4843-813d-99a24a233e5c-768x410.jpg 768w, https:\/\/avrupapress.com\/main\/wp-content\/uploads\/2026\/02\/aaf98614-9ddd-4843-813d-99a24a233e5c.jpg 1118w\" sizes=\"auto, (max-width: 300px) 100vw, 300px\" \/><\/div>\n<div dir=\"auto\"><\/div>\n<div dir=\"auto\"><strong>Bilgin\u00a0 Ozcifci\u00a0 \u00a0 \u00a0 \u00a0 \u00a0\/\u00a0 \u00a0 \u00a0 \u00a0AVRUPAPRESS<\/strong><\/div>\n","protected":false},"excerpt":{"rendered":"<p>Emirda\u011f\u2019da Ramazan Pidesi Fiyat\u0131 Belirlendi Emirda\u011f Esnaf ve Sanatk\u00e2rlar Odas\u0131 Ba\u015fkan\u0131 Hac\u0131 Veli Y\u00fcksel ve oda y\u00f6netiminin f\u0131r\u0131nc\u0131 esnaf\u0131yla yapt\u0131\u011f\u0131 isti\u015fareler sonucunda, Ramazan ay\u0131nda uygulanacak pide fiyatlar\u0131 g\u00fcncellendi. Al\u0131nan karara g\u00f6re, 350 gram yumurtal\u0131 susaml\u0131 Ramazan pidesi 30 TL olarak belirlendi. \u00d6zel Ramazan pidelerinin fiyat\u0131 ise serbest b\u0131rak\u0131ld\u0131. Oda y\u00f6netimi taraf\u0131ndan yap\u0131lan a\u00e7\u0131klamada, belirlenen fiyat\u0131n [&hellip;]<\/p>\n","protected":false},"author":3,"featured_media":33030,"comment_status":"closed","ping_status":"open","sticky":false,"template":"","format":"standard","meta":{"footnotes":""},"categories":[14,16,3,17,18,15,19,2,1],"tags":[],"class_list":["post-33028","post","type-post","status-publish","format-standard","has-post-thumbnail","hentry","category-avrupa","category-belcika","category-dunya","category-ekonomi","category-kultur-sanat","category-spor","category-tanitim","category-turkiye","category-uncategorized"],"yoast_head":"<!-- This site is optimized with the Yoast SEO plugin v26.9 - https:\/\/yoast.com\/product\/yoast-seo-wordpress\/ -->\n<title>Emirda\u011f\u2019da Ramazan Pidesi Fiyat\u0131 Belirlendi - AvrupaPress<\/title>\n<meta name=\"robots\" content=\"index, follow, max-snippet:-1, max-image-preview:large, max-video-preview:-1\" \/>\n<link rel=\"canonical\" href=\"https:\/\/avrupapress.com\/main\/2026\/02\/20\/emirdagda-ramazan-pidesi-fiyati-belirlendi\/\" \/>\n<meta property=\"og:locale\" content=\"fr_FR\" \/>\n<meta property=\"og:type\" content=\"article\" \/>\n<meta property=\"og:title\" content=\"Emirda\u011f\u2019da Ramazan Pidesi Fiyat\u0131 Belirlendi - AvrupaPress\" \/>\n<meta property=\"og:description\" content=\"Emirda\u011f\u2019da Ramazan Pidesi Fiyat\u0131 Belirlendi Emirda\u011f Esnaf ve Sanatk\u00e2rlar Odas\u0131 Ba\u015fkan\u0131 Hac\u0131 Veli Y\u00fcksel ve oda y\u00f6netiminin f\u0131r\u0131nc\u0131 esnaf\u0131yla yapt\u0131\u011f\u0131 isti\u015fareler sonucunda, Ramazan ay\u0131nda uygulanacak pide fiyatlar\u0131 g\u00fcncellendi. Al\u0131nan karara g\u00f6re, 350 gram yumurtal\u0131 susaml\u0131 Ramazan pidesi 30 TL olarak belirlendi. \u00d6zel Ramazan pidelerinin fiyat\u0131 ise serbest b\u0131rak\u0131ld\u0131. Oda y\u00f6netimi taraf\u0131ndan yap\u0131lan a\u00e7\u0131klamada, belirlenen fiyat\u0131n [&hellip;]\" \/>\n<meta property=\"og:url\" content=\"https:\/\/avrupapress.com\/main\/2026\/02\/20\/emirdagda-ramazan-pidesi-fiyati-belirlendi\/\" \/>\n<meta property=\"og:site_name\" content=\"AvrupaPress\" \/>\n<meta property=\"article:published_time\" content=\"2026-02-20T18:48:59+00:00\" \/>\n<meta property=\"article:modified_time\" content=\"2026-02-20T18:49:04+00:00\" \/>\n<meta property=\"og:image\" content=\"https:\/\/avrupapress.com\/main\/wp-content\/uploads\/2026\/02\/aaf98614-9ddd-4843-813d-99a24a233e5c-1.jpg\" \/>\n\t<meta property=\"og:image:width\" content=\"1118\" \/>\n\t<meta property=\"og:image:height\" content=\"597\" \/>\n\t<meta property=\"og:image:type\" content=\"image\/jpeg\" \/>\n<meta name=\"author\" content=\"Edit\u00f6r\" \/>\n<meta name=\"twitter:card\" content=\"summary_large_image\" \/>\n<meta name=\"twitter:label1\" content=\"\u00c9crit par\" \/>\n\t<meta name=\"twitter:data1\" content=\"Edit\u00f6r\" \/>\n\t<meta name=\"twitter:label2\" content=\"Dur\u00e9e de lecture est.\" \/>\n\t<meta name=\"twitter:data2\" content=\"1 minute\" \/>\n<script type=\"application\/ld+json\" class=\"yoast-schema-graph\">{\"@context\":\"https:\/\/schema.org\",\"@graph\":[{\"@type\":\"Article\",\"@id\":\"https:\/\/avrupapress.com\/main\/2026\/02\/20\/emirdagda-ramazan-pidesi-fiyati-belirlendi\/#article\",\"isPartOf\":{\"@id\":\"https:\/\/avrupapress.com\/main\/2026\/02\/20\/emirdagda-ramazan-pidesi-fiyati-belirlendi\/\"},\"author\":{\"name\":\"Edit\u00f6r\",\"@id\":\"https:\/\/avrupapress.com\/#\/schema\/person\/68428444ec60970d1e1b700cf4ca1e8f\"},\"headline\":\"Emirda\u011f\u2019da Ramazan Pidesi Fiyat\u0131 Belirlendi\",\"datePublished\":\"2026-02-20T18:48:59+00:00\",\"dateModified\":\"2026-02-20T18:49:04+00:00\",\"mainEntityOfPage\":{\"@id\":\"https:\/\/avrupapress.com\/main\/2026\/02\/20\/emirdagda-ramazan-pidesi-fiyati-belirlendi\/\"},\"wordCount\":149,\"publisher\":{\"@id\":\"https:\/\/avrupapress.com\/#\/schema\/person\/0223dca19c72c43575bf30d1a2d8f4fa\"},\"image\":{\"@id\":\"https:\/\/avrupapress.com\/main\/2026\/02\/20\/emirdagda-ramazan-pidesi-fiyati-belirlendi\/#primaryimage\"},\"thumbnailUrl\":\"https:\/\/avrupapress.com\/main\/wp-content\/uploads\/2026\/02\/aaf98614-9ddd-4843-813d-99a24a233e5c-1.jpg\",\"articleSection\":[\"Avrupa\",\"Bel\u00e7ika\",\"D\u00fcnya\",\"Ekonomi\",\"K\u00fclt\u00fcr-Sanat\",\"Spor\",\"Tan\u0131t\u0131m\",\"T\u00fcrkiye\",\"Uncategorized\"],\"inLanguage\":\"fr-BE\"},{\"@type\":\"WebPage\",\"@id\":\"https:\/\/avrupapress.com\/main\/2026\/02\/20\/emirdagda-ramazan-pidesi-fiyati-belirlendi\/\",\"url\":\"https:\/\/avrupapress.com\/main\/2026\/02\/20\/emirdagda-ramazan-pidesi-fiyati-belirlendi\/\",\"name\":\"Emirda\u011f\u2019da Ramazan Pidesi Fiyat\u0131 Belirlendi - AvrupaPress\",\"isPartOf\":{\"@id\":\"https:\/\/avrupapress.com\/#website\"},\"primaryImageOfPage\":{\"@id\":\"https:\/\/avrupapress.com\/main\/2026\/02\/20\/emirdagda-ramazan-pidesi-fiyati-belirlendi\/#primaryimage\"},\"image\":{\"@id\":\"https:\/\/avrupapress.com\/main\/2026\/02\/20\/emirdagda-ramazan-pidesi-fiyati-belirlendi\/#primaryimage\"},\"thumbnailUrl\":\"https:\/\/avrupapress.com\/main\/wp-content\/uploads\/2026\/02\/aaf98614-9ddd-4843-813d-99a24a233e5c-1.jpg\",\"datePublished\":\"2026-02-20T18:48:59+00:00\",\"dateModified\":\"2026-02-20T18:49:04+00:00\",\"breadcrumb\":{\"@id\":\"https:\/\/avrupapress.com\/main\/2026\/02\/20\/emirdagda-ramazan-pidesi-fiyati-belirlendi\/#breadcrumb\"},\"inLanguage\":\"fr-BE\",\"potentialAction\":[{\"@type\":\"ReadAction\",\"target\":[\"https:\/\/avrupapress.com\/main\/2026\/02\/20\/emirdagda-ramazan-pidesi-fiyati-belirlendi\/\"]}]},{\"@type\":\"ImageObject\",\"inLanguage\":\"fr-BE\",\"@id\":\"https:\/\/avrupapress.com\/main\/2026\/02\/20\/emirdagda-ramazan-pidesi-fiyati-belirlendi\/#primaryimage\",\"url\":\"https:\/\/avrupapress.com\/main\/wp-content\/uploads\/2026\/02\/aaf98614-9ddd-4843-813d-99a24a233e5c-1.jpg\",\"contentUrl\":\"https:\/\/avrupapress.com\/main\/wp-content\/uploads\/2026\/02\/aaf98614-9ddd-4843-813d-99a24a233e5c-1.jpg\",\"width\":1118,\"height\":597},{\"@type\":\"BreadcrumbList\",\"@id\":\"https:\/\/avrupapress.com\/main\/2026\/02\/20\/emirdagda-ramazan-pidesi-fiyati-belirlendi\/#breadcrumb\",\"itemListElement\":[{\"@type\":\"ListItem\",\"position\":1,\"name\":\"Anasayfa\",\"item\":\"https:\/\/avrupapress.com\/\"},{\"@type\":\"ListItem\",\"position\":2,\"name\":\"Emirda\u011f\u2019da Ramazan Pidesi Fiyat\u0131 Belirlendi\"}]},{\"@type\":\"WebSite\",\"@id\":\"https:\/\/avrupapress.com\/#website\",\"url\":\"https:\/\/avrupapress.com\/\",\"name\":\"AvrupaPress\",\"description\":\"Haberin Adresi\",\"publisher\":{\"@id\":\"https:\/\/avrupapress.com\/#\/schema\/person\/0223dca19c72c43575bf30d1a2d8f4fa\"},\"potentialAction\":[{\"@type\":\"SearchAction\",\"target\":{\"@type\":\"EntryPoint\",\"urlTemplate\":\"https:\/\/avrupapress.com\/?s={search_term_string}\"},\"query-input\":{\"@type\":\"PropertyValueSpecification\",\"valueRequired\":true,\"valueName\":\"search_term_string\"}}],\"inLanguage\":\"fr-BE\"},{\"@type\":[\"Person\",\"Organization\"],\"@id\":\"https:\/\/avrupapress.com\/#\/schema\/person\/0223dca19c72c43575bf30d1a2d8f4fa\",\"name\":\"Bilgin \u00d6z\u00e7ift\u00e7i\",\"image\":{\"@type\":\"ImageObject\",\"inLanguage\":\"fr-BE\",\"@id\":\"https:\/\/avrupapress.com\/#\/schema\/person\/image\/\",\"url\":\"https:\/\/secure.gravatar.com\/avatar\/0f23b280433a21e1ea7a0adcc46ed0ad16afe3ad8e630fd13d8a017dcbd54ef3?s=96&d=mm&r=g\",\"contentUrl\":\"https:\/\/secure.gravatar.com\/avatar\/0f23b280433a21e1ea7a0adcc46ed0ad16afe3ad8e630fd13d8a017dcbd54ef3?s=96&d=mm&r=g\",\"caption\":\"Bilgin \u00d6z\u00e7ift\u00e7i\"},\"logo\":{\"@id\":\"https:\/\/avrupapress.com\/#\/schema\/person\/image\/\"},\"description\":\"Ne ben, nede sen... Biz ancak \\\"biz\\\" olursak g\u00fc\u00e7l\u00fc olabiliriz\"},{\"@type\":\"Person\",\"@id\":\"https:\/\/avrupapress.com\/#\/schema\/person\/68428444ec60970d1e1b700cf4ca1e8f\",\"name\":\"Edit\u00f6r\",\"image\":{\"@type\":\"ImageObject\",\"inLanguage\":\"fr-BE\",\"@id\":\"https:\/\/avrupapress.com\/#\/schema\/person\/image\/\",\"url\":\"https:\/\/secure.gravatar.com\/avatar\/74996b0977aa5f1559ba9883776652508b229005c0d78fb2597897f0bd651c09?s=96&d=mm&r=g\",\"contentUrl\":\"https:\/\/secure.gravatar.com\/avatar\/74996b0977aa5f1559ba9883776652508b229005c0d78fb2597897f0bd651c09?s=96&d=mm&r=g\",\"caption\":\"Edit\u00f6r\"},\"sameAs\":[\"http:\/\/www.avrupapress.com\"],\"url\":\"https:\/\/avrupapress.com\/main\/author\/editor\/\"}]}<\/script>\n<!-- \/ Yoast SEO plugin. -->","yoast_head_json":{"title":"Emirda\u011f\u2019da Ramazan Pidesi Fiyat\u0131 Belirlendi - AvrupaPress","robots":{"index":"index","follow":"follow","max-snippet":"max-snippet:-1","max-image-preview":"max-image-preview:large","max-video-preview":"max-video-preview:-1"},"canonical":"https:\/\/avrupapress.com\/main\/2026\/02\/20\/emirdagda-ramazan-pidesi-fiyati-belirlendi\/","og_locale":"fr_FR","og_type":"article","og_title":"Emirda\u011f\u2019da Ramazan Pidesi Fiyat\u0131 Belirlendi - AvrupaPress","og_description":"Emirda\u011f\u2019da Ramazan Pidesi Fiyat\u0131 Belirlendi Emirda\u011f Esnaf ve Sanatk\u00e2rlar Odas\u0131 Ba\u015fkan\u0131 Hac\u0131 Veli Y\u00fcksel ve oda y\u00f6netiminin f\u0131r\u0131nc\u0131 esnaf\u0131yla yapt\u0131\u011f\u0131 isti\u015fareler sonucunda, Ramazan ay\u0131nda uygulanacak pide fiyatlar\u0131 g\u00fcncellendi. Al\u0131nan karara g\u00f6re, 350 gram yumurtal\u0131 susaml\u0131 Ramazan pidesi 30 TL olarak belirlendi. \u00d6zel Ramazan pidelerinin fiyat\u0131 ise serbest b\u0131rak\u0131ld\u0131. Oda y\u00f6netimi taraf\u0131ndan yap\u0131lan a\u00e7\u0131klamada, belirlenen fiyat\u0131n [&hellip;]","og_url":"https:\/\/avrupapress.com\/main\/2026\/02\/20\/emirdagda-ramazan-pidesi-fiyati-belirlendi\/","og_site_name":"AvrupaPress","article_published_time":"2026-02-20T18:48:59+00:00","article_modified_time":"2026-02-20T18:49:04+00:00","og_image":[{"width":1118,"height":597,"url":"https:\/\/avrupapress.com\/main\/wp-content\/uploads\/2026\/02\/aaf98614-9ddd-4843-813d-99a24a233e5c-1.jpg","type":"image\/jpeg"}],"author":"Edit\u00f6r","twitter_card":"summary_large_image","twitter_misc":{"\u00c9crit par":"Edit\u00f6r","Dur\u00e9e de lecture est.":"1 minute"},"schema":{"@context":"https:\/\/schema.org","@graph":[{"@type":"Article","@id":"https:\/\/avrupapress.com\/main\/2026\/02\/20\/emirdagda-ramazan-pidesi-fiyati-belirlendi\/#article","isPartOf":{"@id":"https:\/\/avrupapress.com\/main\/2026\/02\/20\/emirdagda-ramazan-pidesi-fiyati-belirlendi\/"},"author":{"name":"Edit\u00f6r","@id":"https:\/\/avrupapress.com\/#\/schema\/person\/68428444ec60970d1e1b700cf4ca1e8f"},"headline":"Emirda\u011f\u2019da Ramazan Pidesi Fiyat\u0131 Belirlendi","datePublished":"2026-02-20T18:48:59+00:00","dateModified":"2026-02-20T18:49:04+00:00","mainEntityOfPage":{"@id":"https:\/\/avrupapress.com\/main\/2026\/02\/20\/emirdagda-ramazan-pidesi-fiyati-belirlendi\/"},"wordCount":149,"publisher":{"@id":"https:\/\/avrupapress.com\/#\/schema\/person\/0223dca19c72c43575bf30d1a2d8f4fa"},"image":{"@id":"https:\/\/avrupapress.com\/main\/2026\/02\/20\/emirdagda-ramazan-pidesi-fiyati-belirlendi\/#primaryimage"},"thumbnailUrl":"https:\/\/avrupapress.com\/main\/wp-content\/uploads\/2026\/02\/aaf98614-9ddd-4843-813d-99a24a233e5c-1.jpg","articleSection":["Avrupa","Bel\u00e7ika","D\u00fcnya","Ekonomi","K\u00fclt\u00fcr-Sanat","Spor","Tan\u0131t\u0131m","T\u00fcrkiye","Uncategorized"],"inLanguage":"fr-BE"},{"@type":"WebPage","@id":"https:\/\/avrupapress.com\/main\/2026\/02\/20\/emirdagda-ramazan-pidesi-fiyati-belirlendi\/","url":"https:\/\/avrupapress.com\/main\/2026\/02\/20\/emirdagda-ramazan-pidesi-fiyati-belirlendi\/","name":"Emirda\u011f\u2019da Ramazan Pidesi Fiyat\u0131 Belirlendi - AvrupaPress","isPartOf":{"@id":"https:\/\/avrupapress.com\/#website"},"primaryImageOfPage":{"@id":"https:\/\/avrupapress.com\/main\/2026\/02\/20\/emirdagda-ramazan-pidesi-fiyati-belirlendi\/#primaryimage"},"image":{"@id":"https:\/\/avrupapress.com\/main\/2026\/02\/20\/emirdagda-ramazan-pidesi-fiyati-belirlendi\/#primaryimage"},"thumbnailUrl":"https:\/\/avrupapress.com\/main\/wp-content\/uploads\/2026\/02\/aaf98614-9ddd-4843-813d-99a24a233e5c-1.jpg","datePublished":"2026-02-20T18:48:59+00:00","dateModified":"2026-02-20T18:49:04+00:00","breadcrumb":{"@id":"https:\/\/avrupapress.com\/main\/2026\/02\/20\/emirdagda-ramazan-pidesi-fiyati-belirlendi\/#breadcrumb"},"inLanguage":"fr-BE","potentialAction":[{"@type":"ReadAction","target":["https:\/\/avrupapress.com\/main\/2026\/02\/20\/emirdagda-ramazan-pidesi-fiyati-belirlendi\/"]}]},{"@type":"ImageObject","inLanguage":"fr-BE","@id":"https:\/\/avrupapress.com\/main\/2026\/02\/20\/emirdagda-ramazan-pidesi-fiyati-belirlendi\/#primaryimage","url":"https:\/\/avrupapress.com\/main\/wp-content\/uploads\/2026\/02\/aaf98614-9ddd-4843-813d-99a24a233e5c-1.jpg","contentUrl":"https:\/\/avrupapress.com\/main\/wp-content\/uploads\/2026\/02\/aaf98614-9ddd-4843-813d-99a24a233e5c-1.jpg","width":1118,"height":597},{"@type":"BreadcrumbList","@id":"https:\/\/avrupapress.com\/main\/2026\/02\/20\/emirdagda-ramazan-pidesi-fiyati-belirlendi\/#breadcrumb","itemListElement":[{"@type":"ListItem","position":1,"name":"Anasayfa","item":"https:\/\/avrupapress.com\/"},{"@type":"ListItem","position":2,"name":"Emirda\u011f\u2019da Ramazan Pidesi Fiyat\u0131 Belirlendi"}]},{"@type":"WebSite","@id":"https:\/\/avrupapress.com\/#website","url":"https:\/\/avrupapress.com\/","name":"AvrupaPress","description":"Haberin Adresi","publisher":{"@id":"https:\/\/avrupapress.com\/#\/schema\/person\/0223dca19c72c43575bf30d1a2d8f4fa"},"potentialAction":[{"@type":"SearchAction","target":{"@type":"EntryPoint","urlTemplate":"https:\/\/avrupapress.com\/?s={search_term_string}"},"query-input":{"@type":"PropertyValueSpecification","valueRequired":true,"valueName":"search_term_string"}}],"inLanguage":"fr-BE"},{"@type":["Person","Organization"],"@id":"https:\/\/avrupapress.com\/#\/schema\/person\/0223dca19c72c43575bf30d1a2d8f4fa","name":"Bilgin \u00d6z\u00e7ift\u00e7i","image":{"@type":"ImageObject","inLanguage":"fr-BE","@id":"https:\/\/avrupapress.com\/#\/schema\/person\/image\/","url":"https:\/\/secure.gravatar.com\/avatar\/0f23b280433a21e1ea7a0adcc46ed0ad16afe3ad8e630fd13d8a017dcbd54ef3?s=96&d=mm&r=g","contentUrl":"https:\/\/secure.gravatar.com\/avatar\/0f23b280433a21e1ea7a0adcc46ed0ad16afe3ad8e630fd13d8a017dcbd54ef3?s=96&d=mm&r=g","caption":"Bilgin \u00d6z\u00e7ift\u00e7i"},"logo":{"@id":"https:\/\/avrupapress.com\/#\/schema\/person\/image\/"},"description":"Ne ben, nede sen... Biz ancak \"biz\" olursak g\u00fc\u00e7l\u00fc olabiliriz"},{"@type":"Person","@id":"https:\/\/avrupapress.com\/#\/schema\/person\/68428444ec60970d1e1b700cf4ca1e8f","name":"Edit\u00f6r","image":{"@type":"ImageObject","inLanguage":"fr-BE","@id":"https:\/\/avrupapress.com\/#\/schema\/person\/image\/","url":"https:\/\/secure.gravatar.com\/avatar\/74996b0977aa5f1559ba9883776652508b229005c0d78fb2597897f0bd651c09?s=96&d=mm&r=g","contentUrl":"https:\/\/secure.gravatar.com\/avatar\/74996b0977aa5f1559ba9883776652508b229005c0d78fb2597897f0bd651c09?s=96&d=mm&r=g","caption":"Edit\u00f6r"},"sameAs":["http:\/\/www.avrupapress.com"],"url":"https:\/\/avrupapress.com\/main\/author\/editor\/"}]}},"_links":{"self":[{"href":"https:\/\/avrupapress.com\/main\/wp-json\/wp\/v2\/posts\/33028","targetHints":{"allow":["GET"]}}],"collection":[{"href":"https:\/\/avrupapress.com\/main\/wp-json\/wp\/v2\/posts"}],"about":[{"href":"https:\/\/avrupapress.com\/main\/wp-json\/wp\/v2\/types\/post"}],"author":[{"embeddable":true,"href":"https:\/\/avrupapress.com\/main\/wp-json\/wp\/v2\/users\/3"}],"replies":[{"embeddable":true,"href":"https:\/\/avrupapress.com\/main\/wp-json\/wp\/v2\/comments?post=33028"}],"version-history":[{"count":1,"href":"https:\/\/avrupapress.com\/main\/wp-json\/wp\/v2\/posts\/33028\/revisions"}],"predecessor-version":[{"id":33031,"href":"https:\/\/avrupapress.com\/main\/wp-json\/wp\/v2\/posts\/33028\/revisions\/33031"}],"wp:featuredmedia":[{"embeddable":true,"href":"https:\/\/avrupapress.com\/main\/wp-json\/wp\/v2\/media\/33030"}],"wp:attachment":[{"href":"https:\/\/avrupapress.com\/main\/wp-json\/wp\/v2\/media?parent=33028"}],"wp:term":[{"taxonomy":"category","embeddable":true,"href":"https:\/\/avrupapress.com\/main\/wp-json\/wp\/v2\/categories?post=33028"},{"taxonomy":"post_tag","embeddable":true,"href":"https:\/\/avrupapress.com\/main\/wp-json\/wp\/v2\/tags?post=33028"}],"curies":[{"name":"wp","href":"https:\/\/api.w.org\/{rel}","templated":true}]}}