{"id":33025,"date":"2026-02-20T18:39:13","date_gmt":"2026-02-20T18:39:13","guid":{"rendered":"https:\/\/avrupapress.com\/main\/?p=33025"},"modified":"2026-02-20T18:39:18","modified_gmt":"2026-02-20T18:39:18","slug":"korkularimiz-yenmenin-yolu","status":"publish","type":"post","link":"https:\/\/avrupapress.com\/main\/2026\/02\/20\/korkularimiz-yenmenin-yolu\/","title":{"rendered":"KORKULARIMIZ YENMEN\u0130N YOLU&#8230;!"},"content":{"rendered":"<p class=\"x_article-text x_container-padding\"><span data-olk-copy-source=\"MessageBody\">Yazarl\u0131k hayat\u0131ma ba\u015flad\u0131\u011f\u0131mdan beri siz sevgili okurlar\u0131mla bir \u015feyleri anlat\u0131rken \u00f6nceli\u011fim anla\u015f\u0131l\u0131r olmak. E\u011fer ben sizlerle do\u011fru ileti\u015fimi kurmak istiyorsam bunun i\u00e7inde sizin yazd\u0131\u011f\u0131m konuyu anlayarak yorumlaman\u0131z\u0131 gerekir. Bunu yapman\u0131z i\u00e7inde her zaman ne diyorum; \u00ab\u00a0Sorgulay\u0131n\u00a0\u00bb tarih sorgulayan insanlar\u0131n ba\u015far\u0131lar\u0131n\u0131n bahseder. Sanat\u0131 sorgulay\u0131n size ne anlatt\u0131\u011f\u0131n\u0131 anlayabilesiniz. Demokrasiyi sorgulay\u0131n menfaatlerin nerede kald\u0131\u011f\u0131n\u0131 \u00f6\u011frenin. E\u011fitimi sorgulay\u0131n, verdi\u011fi bilgi sizi ileriye ta\u015f\u0131yor mu. k\u00fclt\u00fcrel farkl\u0131l\u0131klar\u0131 sorgulay\u0131n, g\u00fcn\u00fc geldi\u011finde ortak dili kullan\u0131n. Sayg\u0131y\u0131 sevgiyi, adaleti, hukuk sistemini, \u00f6zg\u00fcrl\u00fckleri sorgulay\u0131n ki boynunuza tak\u0131lan halkadan kurtulmaya \u015fans\u0131n\u0131z olsun. E\u011fer ki do\u011fruya ula\u015fmak istiyorsak bir arkada\u015f\u0131m\u0131z bize nasihatlerde bulunurken amac\u0131n\u0131 sorgulamal\u0131y\u0131z ki kar\u015f\u0131m\u0131zdaki insan\u0131n samimiyetini g\u00f6rmemiz gerekir. Bizleri sorgulamaktan men eden unsursa do\u011fru ileti\u015fimi kurmay\u0131p, yeterince okumuyor olmam\u0131zdand\u0131r. Okumak ufkunuzu geni\u015fletti\u011fi gibi e\u011fitim seviyenizi de y\u00fckseltir. Ben tan\u0131d\u0131\u011f\u0131m herkese felsefe kitaplar\u0131n\u0131 okumalar\u0131n\u0131 \u00f6neririm. \u00c7\u00fcnk\u00fc felsefe yapanlar hayat\u0131 sorgulayanlard\u0131r. Ancak ba\u011f\u0131ml\u0131 korkaklar felsefeden \u00e7ekinirler. Onlar\u0131n tak\u0131nt\u0131l\u0131 olduklar\u0131 ba\u011fnazl\u0131klar\u0131 y\u0131kmas\u0131ndan \u00e7ekinirler. Peygamberler tarihine bak\u0131n Hazreti \u0130brahim e\u011fer Kommagene kral\u0131 Nemrut rivayetlere g\u00f6re putperesti \u0130brahim ve ailesi Babil\u2019den kovulup Nemrut&rsquo;tun krall\u0131\u011f\u0131na geldi\u011finde tek Tanr\u0131 inanc\u0131n\u0131 da beraberinde getirmi\u015fti. Tek tanr\u0131 varl\u0131\u011f\u0131n\u0131 anlat\u0131rken amac\u0131 putperestli\u011fi y\u0131kmakt\u0131. Babil\u2019den halk\u0131 aras\u0131nda olaylar\u0131 dile getirirken felsefe yaparak anlatt\u0131\u011f\u0131 i\u00e7in bu y\u00fczden pop\u00fclaritesi de artm\u0131\u015ft\u0131. Ve Tanr\u0131 (yine rivayetlere g\u00f6re) kendisine Tanr\u0131 felsefesini yaymas\u0131n\u0131 ve emirlerini insanlara tebli\u011f etmesini emretmi\u015fti. Bunu isterken de yard\u0131m edece\u011fini s\u00f6ylemi\u015fti. Hazreti \u0130brahim Kommagene imparatorlu\u011funa geldi\u011finde oradakilerin putlara tapt\u0131klar\u0131n\u0131 g\u00f6r\u00fcnce bunun do\u011fru bir \u015fey olmad\u0131\u011f\u0131n\u0131, Tanr\u0131&rsquo;n\u0131n g\u00f6r\u00fcnmedi\u011fi sadece duygularda ve kalpte ya\u015fad\u0131\u011f\u0131n\u0131 s\u00f6yleyerek onlar\u0131 sapk\u0131nl\u0131kla su\u00e7lam\u0131\u015ft\u0131. Bir an \u00f6nce sapk\u0131nl\u0131ktan d\u00f6nmelerini gerekti\u011fini, kendisinin tebli\u011f etti\u011fi \u015fekilde dinlerini ya\u015famlar\u0131n\u0131 s\u00f6ylese de ba\u015fta babas\u0131 olmak \u00fczere kral bunu kabul etmemi\u015fti. Bunun \u00fczerine bir sine\u011fin kral\u0131n burnundan girerek Nemrut\u2019un can\u0131n\u0131 ald\u0131\u011f\u0131n\u0131 biliyoruz da nas\u0131l biliyoruz? \u00c7\u00fcnk\u00fc okuyoruz, ara\u015ft\u0131r\u0131yoruz, dini kitaplar taraf\u0131ndan bilgilendiriliyoruz. Hazreti Musa, \u0130sa ve k\u00e2inat\u0131n son peygamberi Hazreti Muhammet\u2019e gelen kutsal kitaplar arac\u0131l\u0131\u011f\u0131yla \u00f6\u011frenmedik mi? peki Hazreti \u0130sa\u2019n\u0131n \u00e7arm\u0131\u011fa gerildi\u011fini ve bir bakirenin \u00e7ocu\u011fu oldu\u011funu o kitaplardan \u00f6\u011frenmedik mi? Hazreti Muhammet \u0130slamiyet\u2019i yayarken e\u011fer felsefi yakla\u015fmasayd\u0131 Tanr\u0131 varl\u0131\u011f\u0131na felsefi yorumlam\u0131\u015f olsayd\u0131 bug\u00fcn \u0130slamiyet hakk\u0131nda bilgimiz tek d\u00fcze olurdu. Dikkat edin gelen ayetlerin hi\u00e7biri peygamber taraf\u0131ndan tefsir edilerek a\u00e7\u0131kl\u0131k getirilmemi\u015ftir. Neden peki? \u00c7\u00fcnk\u00fc insanlar\u0131n dinlerini anlamalar\u0131 i\u00e7in kendilerinden yorumlar atmas\u0131n\u0131 ve dinleri hakk\u0131nda gerekli bilgiye ara\u015ft\u0131rarak ula\u015fmas\u0131n\u0131 istedi\u011fi olabilir mi? Felsefeyi okumaya \u00e7ocuklar\u0131n\u0131zla beraber y\u00f6nelin ki hayat\u0131 sorgulaman\u0131z kolayla\u015fs\u0131n. Felsefeden bir zehirli b\u00f6cek gibi bahsetmeyin. G\u00f6z\u00fcn\u00fczde b\u00fcy\u00fctmeyin. \u00c7\u00fcnk\u00fc felsefe insanl\u0131\u011fa de\u011fer katar. Ya\u015fam \u015feklinize de\u011ferler katar. Sokrates, Nice ve Karl Marks gibi felsefeciler hala din ve insanl\u0131\u011f\u0131n geli\u015fmesi i\u00e7in \u00f6nemli katk\u0131lar sunmu\u015flard\u0131r. Bu sayd\u0131klar\u0131m\u0131n hepsi kendi dallar\u0131nda hayat\u0131 ger\u00e7ek anlamda sorgulayarak hem fizyolojik olarak hem de ruhsal olarak Tanr\u0131\u2019ya ula\u015fmaya gayret etmi\u015fler. Hakikat i\u00e7imizdedir; hakikate ula\u015fman\u0131n temel noktas\u0131 onunla nas\u0131l temas kurman\u0131z gerekti\u011fini bilmektir. Hayat\u0131n ger\u00e7eklerine ula\u015fmakta bir felsefedir. Do\u011fru bilgiye sahip olmadan ya\u015fant\u0131n\u0131za y\u00f6n vermeye kalkmak insan\u0131 hataya veya yanl\u0131g\u0131ya itebilir. Maalesef ki biz toplum olarak anl\u0131k hislerimizle hareket etti\u011fimizden kendi karakterimizi g\u00f6remiyoruz. \u0130nsanlar bug\u00fcn korkular\u0131n\u0131 yenemediklerinden bireysellikten uzak hareket ederek bir yerlerden yard\u0131m alma gere\u011fi duymaktalar. Fikirler ve d\u00fc\u015f\u00fcncelerimizi arz ederken dahi \u00e7ekinerek yap\u0131yoruz. Belki de bunun m\u00fcsebbibi bize o g\u00fcveni vermeyen ebeveynlerimizdir kim bilir. Kaybetmi\u015f oldu\u011fumuz \u00f6zg\u00fcvenle birlikte ifade ederken kendimizi devaml\u0131 \u00fcst\u00fcm \u00fczerinde oluruz. Sorgularken kendimize duymam\u0131z gereken sayg\u0131dan \u00e7ok kar\u015f\u0131 tarafa \u015firin g\u00f6r\u00fcnmek isteriz. Oysa ki bug\u00fcn biz b\u00fcy\u00fcklerde dahil herkes hayat\u0131n\u0131 felsefi a\u00e7\u0131dan de\u011ferlendirme imk\u00e2n\u0131 bulmu\u015f olsa hi\u00e7 kimse de ifade konusunda g\u00fc\u00e7l\u00fck \u00e7ekmez. Zaman zaman yak\u0131n\u0131m\u0131z da bulunan \u00e7ok bilmi\u015flere kar\u015f\u0131 tutukluk \u00e7ekeriz. Bunun 2 t\u00fcrl\u00fc nedeni olabilir, birincisi muhatap olmamak iste\u011fidir ki bunun nedeni kar\u015f\u0131n\u0131zdaki insan\u0131n Narsist olmas\u0131 ve s\u00f6zden anlamam\u0131\u015f olmamas\u0131d\u0131r. Di\u011feri ise rezil olmak istemedi\u011finizdendir. Her ikisi de olabilir veya olmaya da bilir. Ama \u00f6nemli olan sizin olaylar\u0131 sorgulama yetisine sahip olman\u0131zd\u0131r.<\/span><\/p>\n<p class=\"x_article-text x_container-padding\">Felsefi d\u00fc\u015f\u00fcncenin \u00f6zellikleri: sorgulay\u0131c\u0131, ele\u015ftirel, refleksif, evrensel olabildi\u011fi kadar \u00f6znel, yarat\u0131c\u0131 soru sorma sanat\u0131 olu\u015fu halinde d\u00fc\u015f\u00fcn\u00fclebilir. Sistematik bir bi\u00e7imde fikir \u00fcretme ve bunu sosyal ya\u015fam\u0131 ve evreni ilgilendiren t\u00fcm alanlarda yapmas\u0131d\u0131r. Ayr\u0131ca, b\u00fct\u00fcnc\u00fcl bir bak\u0131\u015f\u0131 oldu\u011funu da g\u00f6stermektedir. Us, madde, tin, varl\u0131k, bilgi \u00fczerine \u00e7e\u015fitli yakla\u015f\u0131mlar geli\u015ftirerek gerek paradoksal gerek metaforik bir dil kullanmaktad\u0131r. Bireylere mant\u0131ksal \u00f6nermeler \u0131\u015f\u0131\u011f\u0131nda rehberlik sunmaktad\u0131r. Felsefi d\u00fc\u015f\u00fcncenin nitelikleri denince akla tek bir bi\u00e7im gelmemeli \u00e7ok y\u00f6nl\u00fc d\u00fc\u015f\u00fcn\u00fclmelidir. En genel tan\u0131m\u0131yla bir sorgulama disiplini olan bu alanda filozoflar d\u00fcnyaya iz b\u0131rakan teoriler ve metaforlar b\u0131rakm\u0131\u015ft\u0131r. Her zaman dogmatik ve kat\u0131 tutumlar\u0131n putla\u015ft\u0131r\u0131lm\u0131\u015f ideolojiler oldu\u011funu savunmu\u015f ve bunu y\u0131kmaya \u00e7al\u0131\u015fan olduk\u00e7a ho\u015fg\u00f6r\u00fcl\u00fc bir sistem olmu\u015ftur. Detayland\u0131rmak gerekirse \u015funlar s\u00f6ylenebilmektedir;<\/p>\n<div class=\"x_mb-3 x_text-center\" dir=\"auto\" data-rotation=\"120\" data-advert=\"temedya\" data-channel=\"121\"><\/div>\n<div class=\"x_mb-3 x_text-center\" dir=\"auto\" data-rotation=\"120\" data-advert=\"temedya\" data-channel=\"121\"><\/div>\n<p class=\"x_article-text x_container-padding\">Sorular \u00f6n plandad\u0131r.<\/p>\n<p class=\"x_article-text x_container-padding\">D\u00f6ng\u00fcseldir. (Her cevap kendi sorusunu yarat\u0131r)<\/p>\n<p class=\"x_article-text x_container-padding\">\u00c7ift y\u00f6nl\u00fc d\u00fc\u015f\u00fcnmeyi esas al\u0131r (refleksif)<\/p>\n<p class=\"x_article-text x_container-padding\">Ele\u015ftirel ve sorgulay\u0131c\u0131 olmay\u0131 ilke edinir.<\/p>\n<p class=\"x_article-text x_container-padding\">Ussald\u0131r.<\/p>\n<p class=\"x_article-text x_container-padding\">Bilimde oldu\u011fu gibi do\u011frulama veya yanl\u0131\u015flama ilkesi yoktur. Mant\u0131kl\u0131 olmas\u0131 yeterlidir.<\/p>\n<p class=\"x_article-text x_container-padding\">Analitiktir ve sentezcidir.<\/p>\n<p class=\"x_article-text x_container-padding\">\u00d6znelli\u011fi esas al\u0131r.<\/p>\n<p class=\"x_article-text x_container-padding\">Meselelere bak\u0131\u015f\u0131 y\u00f6n\u00fcnde evrenseldir. (Her konuyu inceleyebilir)<\/p>\n<p class=\"x_article-text x_container-padding\">\u00c7e\u015fitli metodik yakla\u015f\u0131mlar\u0131 vard\u0131r. K\u0131yas-\u00f6nerme-hipotez<\/p>\n<p>&nbsp;<\/p>\n<p><img loading=\"lazy\" decoding=\"async\" class=\"alignnone size-medium wp-image-33026\" src=\"https:\/\/avrupapress.com\/main\/wp-content\/uploads\/2026\/02\/thumbnail_Screenshot_20231101_225510_Samsung-Internet-740x420-1-1-300x170.jpg\" alt=\"\" width=\"300\" height=\"170\" srcset=\"https:\/\/avrupapress.com\/main\/wp-content\/uploads\/2026\/02\/thumbnail_Screenshot_20231101_225510_Samsung-Internet-740x420-1-1-300x170.jpg 300w, https:\/\/avrupapress.com\/main\/wp-content\/uploads\/2026\/02\/thumbnail_Screenshot_20231101_225510_Samsung-Internet-740x420-1-1.jpg 740w\" sizes=\"auto, (max-width: 300px) 100vw, 300px\" \/><\/p>\n<p><strong>Davut Izol\u00a0 \u00a0 \u00a0 \u00a0 \u00a0\/\u00a0 \u00a0 \u00a0 \u00a0 AVRUPAPRESS<\/strong><\/p>\n","protected":false},"excerpt":{"rendered":"<p>Yazarl\u0131k hayat\u0131ma ba\u015flad\u0131\u011f\u0131mdan beri siz sevgili okurlar\u0131mla bir \u015feyleri anlat\u0131rken \u00f6nceli\u011fim anla\u015f\u0131l\u0131r olmak. E\u011fer ben sizlerle do\u011fru ileti\u015fimi kurmak istiyorsam bunun i\u00e7inde sizin yazd\u0131\u011f\u0131m konuyu anlayarak yorumlaman\u0131z\u0131 gerekir. Bunu yapman\u0131z i\u00e7inde her zaman ne diyorum; \u00ab\u00a0Sorgulay\u0131n\u00a0\u00bb tarih sorgulayan insanlar\u0131n ba\u015far\u0131lar\u0131n\u0131n bahseder. Sanat\u0131 sorgulay\u0131n size ne anlatt\u0131\u011f\u0131n\u0131 anlayabilesiniz. Demokrasiyi sorgulay\u0131n menfaatlerin nerede kald\u0131\u011f\u0131n\u0131 \u00f6\u011frenin. E\u011fitimi sorgulay\u0131n, [&hellip;]<\/p>\n","protected":false},"author":3,"featured_media":33026,"comment_status":"closed","ping_status":"open","sticky":false,"template":"","format":"standard","meta":{"footnotes":""},"categories":[14,16,3,17,18,15,19,2,1],"tags":[],"class_list":["post-33025","post","type-post","status-publish","format-standard","has-post-thumbnail","hentry","category-avrupa","category-belcika","category-dunya","category-ekonomi","category-kultur-sanat","category-spor","category-tanitim","category-turkiye","category-uncategorized"],"yoast_head":"<!-- This site is optimized with the Yoast SEO plugin v26.9 - https:\/\/yoast.com\/product\/yoast-seo-wordpress\/ -->\n<title>KORKULARIMIZ YENMEN\u0130N YOLU...! - AvrupaPress<\/title>\n<meta name=\"robots\" content=\"index, follow, max-snippet:-1, max-image-preview:large, max-video-preview:-1\" \/>\n<link rel=\"canonical\" href=\"https:\/\/avrupapress.com\/main\/2026\/02\/20\/korkularimiz-yenmenin-yolu\/\" \/>\n<meta property=\"og:locale\" content=\"fr_FR\" \/>\n<meta property=\"og:type\" content=\"article\" \/>\n<meta property=\"og:title\" content=\"KORKULARIMIZ YENMEN\u0130N YOLU...! - AvrupaPress\" \/>\n<meta property=\"og:description\" content=\"Yazarl\u0131k hayat\u0131ma ba\u015flad\u0131\u011f\u0131mdan beri siz sevgili okurlar\u0131mla bir \u015feyleri anlat\u0131rken \u00f6nceli\u011fim anla\u015f\u0131l\u0131r olmak. E\u011fer ben sizlerle do\u011fru ileti\u015fimi kurmak istiyorsam bunun i\u00e7inde sizin yazd\u0131\u011f\u0131m konuyu anlayarak yorumlaman\u0131z\u0131 gerekir. Bunu yapman\u0131z i\u00e7inde her zaman ne diyorum; \u00ab\u00a0Sorgulay\u0131n\u00a0\u00bb tarih sorgulayan insanlar\u0131n ba\u015far\u0131lar\u0131n\u0131n bahseder. Sanat\u0131 sorgulay\u0131n size ne anlatt\u0131\u011f\u0131n\u0131 anlayabilesiniz. Demokrasiyi sorgulay\u0131n menfaatlerin nerede kald\u0131\u011f\u0131n\u0131 \u00f6\u011frenin. E\u011fitimi sorgulay\u0131n, [&hellip;]\" \/>\n<meta property=\"og:url\" content=\"https:\/\/avrupapress.com\/main\/2026\/02\/20\/korkularimiz-yenmenin-yolu\/\" \/>\n<meta property=\"og:site_name\" content=\"AvrupaPress\" \/>\n<meta property=\"article:published_time\" content=\"2026-02-20T18:39:13+00:00\" \/>\n<meta property=\"article:modified_time\" content=\"2026-02-20T18:39:18+00:00\" \/>\n<meta property=\"og:image\" content=\"https:\/\/avrupapress.com\/main\/wp-content\/uploads\/2026\/02\/thumbnail_Screenshot_20231101_225510_Samsung-Internet-740x420-1-1.jpg\" \/>\n\t<meta property=\"og:image:width\" content=\"740\" \/>\n\t<meta property=\"og:image:height\" content=\"420\" \/>\n\t<meta property=\"og:image:type\" content=\"image\/jpeg\" \/>\n<meta name=\"author\" content=\"Edit\u00f6r\" \/>\n<meta name=\"twitter:card\" content=\"summary_large_image\" \/>\n<meta name=\"twitter:label1\" content=\"\u00c9crit par\" \/>\n\t<meta name=\"twitter:data1\" content=\"Edit\u00f6r\" \/>\n\t<meta name=\"twitter:label2\" content=\"Dur\u00e9e de lecture est.\" \/>\n\t<meta name=\"twitter:data2\" content=\"5 minutes\" \/>\n<script type=\"application\/ld+json\" class=\"yoast-schema-graph\">{\"@context\":\"https:\/\/schema.org\",\"@graph\":[{\"@type\":\"Article\",\"@id\":\"https:\/\/avrupapress.com\/main\/2026\/02\/20\/korkularimiz-yenmenin-yolu\/#article\",\"isPartOf\":{\"@id\":\"https:\/\/avrupapress.com\/main\/2026\/02\/20\/korkularimiz-yenmenin-yolu\/\"},\"author\":{\"name\":\"Edit\u00f6r\",\"@id\":\"https:\/\/avrupapress.com\/#\/schema\/person\/68428444ec60970d1e1b700cf4ca1e8f\"},\"headline\":\"KORKULARIMIZ YENMEN\u0130N YOLU&#8230;!\",\"datePublished\":\"2026-02-20T18:39:13+00:00\",\"dateModified\":\"2026-02-20T18:39:18+00:00\",\"mainEntityOfPage\":{\"@id\":\"https:\/\/avrupapress.com\/main\/2026\/02\/20\/korkularimiz-yenmenin-yolu\/\"},\"wordCount\":1103,\"publisher\":{\"@id\":\"https:\/\/avrupapress.com\/#\/schema\/person\/0223dca19c72c43575bf30d1a2d8f4fa\"},\"image\":{\"@id\":\"https:\/\/avrupapress.com\/main\/2026\/02\/20\/korkularimiz-yenmenin-yolu\/#primaryimage\"},\"thumbnailUrl\":\"https:\/\/avrupapress.com\/main\/wp-content\/uploads\/2026\/02\/thumbnail_Screenshot_20231101_225510_Samsung-Internet-740x420-1-1.jpg\",\"articleSection\":[\"Avrupa\",\"Bel\u00e7ika\",\"D\u00fcnya\",\"Ekonomi\",\"K\u00fclt\u00fcr-Sanat\",\"Spor\",\"Tan\u0131t\u0131m\",\"T\u00fcrkiye\",\"Uncategorized\"],\"inLanguage\":\"fr-BE\"},{\"@type\":\"WebPage\",\"@id\":\"https:\/\/avrupapress.com\/main\/2026\/02\/20\/korkularimiz-yenmenin-yolu\/\",\"url\":\"https:\/\/avrupapress.com\/main\/2026\/02\/20\/korkularimiz-yenmenin-yolu\/\",\"name\":\"KORKULARIMIZ YENMEN\u0130N YOLU...! - AvrupaPress\",\"isPartOf\":{\"@id\":\"https:\/\/avrupapress.com\/#website\"},\"primaryImageOfPage\":{\"@id\":\"https:\/\/avrupapress.com\/main\/2026\/02\/20\/korkularimiz-yenmenin-yolu\/#primaryimage\"},\"image\":{\"@id\":\"https:\/\/avrupapress.com\/main\/2026\/02\/20\/korkularimiz-yenmenin-yolu\/#primaryimage\"},\"thumbnailUrl\":\"https:\/\/avrupapress.com\/main\/wp-content\/uploads\/2026\/02\/thumbnail_Screenshot_20231101_225510_Samsung-Internet-740x420-1-1.jpg\",\"datePublished\":\"2026-02-20T18:39:13+00:00\",\"dateModified\":\"2026-02-20T18:39:18+00:00\",\"breadcrumb\":{\"@id\":\"https:\/\/avrupapress.com\/main\/2026\/02\/20\/korkularimiz-yenmenin-yolu\/#breadcrumb\"},\"inLanguage\":\"fr-BE\",\"potentialAction\":[{\"@type\":\"ReadAction\",\"target\":[\"https:\/\/avrupapress.com\/main\/2026\/02\/20\/korkularimiz-yenmenin-yolu\/\"]}]},{\"@type\":\"ImageObject\",\"inLanguage\":\"fr-BE\",\"@id\":\"https:\/\/avrupapress.com\/main\/2026\/02\/20\/korkularimiz-yenmenin-yolu\/#primaryimage\",\"url\":\"https:\/\/avrupapress.com\/main\/wp-content\/uploads\/2026\/02\/thumbnail_Screenshot_20231101_225510_Samsung-Internet-740x420-1-1.jpg\",\"contentUrl\":\"https:\/\/avrupapress.com\/main\/wp-content\/uploads\/2026\/02\/thumbnail_Screenshot_20231101_225510_Samsung-Internet-740x420-1-1.jpg\",\"width\":740,\"height\":420},{\"@type\":\"BreadcrumbList\",\"@id\":\"https:\/\/avrupapress.com\/main\/2026\/02\/20\/korkularimiz-yenmenin-yolu\/#breadcrumb\",\"itemListElement\":[{\"@type\":\"ListItem\",\"position\":1,\"name\":\"Anasayfa\",\"item\":\"https:\/\/avrupapress.com\/\"},{\"@type\":\"ListItem\",\"position\":2,\"name\":\"KORKULARIMIZ YENMEN\u0130N YOLU&#8230;!\"}]},{\"@type\":\"WebSite\",\"@id\":\"https:\/\/avrupapress.com\/#website\",\"url\":\"https:\/\/avrupapress.com\/\",\"name\":\"AvrupaPress\",\"description\":\"Haberin Adresi\",\"publisher\":{\"@id\":\"https:\/\/avrupapress.com\/#\/schema\/person\/0223dca19c72c43575bf30d1a2d8f4fa\"},\"potentialAction\":[{\"@type\":\"SearchAction\",\"target\":{\"@type\":\"EntryPoint\",\"urlTemplate\":\"https:\/\/avrupapress.com\/?s={search_term_string}\"},\"query-input\":{\"@type\":\"PropertyValueSpecification\",\"valueRequired\":true,\"valueName\":\"search_term_string\"}}],\"inLanguage\":\"fr-BE\"},{\"@type\":[\"Person\",\"Organization\"],\"@id\":\"https:\/\/avrupapress.com\/#\/schema\/person\/0223dca19c72c43575bf30d1a2d8f4fa\",\"name\":\"Bilgin \u00d6z\u00e7ift\u00e7i\",\"image\":{\"@type\":\"ImageObject\",\"inLanguage\":\"fr-BE\",\"@id\":\"https:\/\/avrupapress.com\/#\/schema\/person\/image\/\",\"url\":\"https:\/\/secure.gravatar.com\/avatar\/0f23b280433a21e1ea7a0adcc46ed0ad16afe3ad8e630fd13d8a017dcbd54ef3?s=96&d=mm&r=g\",\"contentUrl\":\"https:\/\/secure.gravatar.com\/avatar\/0f23b280433a21e1ea7a0adcc46ed0ad16afe3ad8e630fd13d8a017dcbd54ef3?s=96&d=mm&r=g\",\"caption\":\"Bilgin \u00d6z\u00e7ift\u00e7i\"},\"logo\":{\"@id\":\"https:\/\/avrupapress.com\/#\/schema\/person\/image\/\"},\"description\":\"Ne ben, nede sen... Biz ancak \\\"biz\\\" olursak g\u00fc\u00e7l\u00fc olabiliriz\"},{\"@type\":\"Person\",\"@id\":\"https:\/\/avrupapress.com\/#\/schema\/person\/68428444ec60970d1e1b700cf4ca1e8f\",\"name\":\"Edit\u00f6r\",\"image\":{\"@type\":\"ImageObject\",\"inLanguage\":\"fr-BE\",\"@id\":\"https:\/\/avrupapress.com\/#\/schema\/person\/image\/\",\"url\":\"https:\/\/secure.gravatar.com\/avatar\/74996b0977aa5f1559ba9883776652508b229005c0d78fb2597897f0bd651c09?s=96&d=mm&r=g\",\"contentUrl\":\"https:\/\/secure.gravatar.com\/avatar\/74996b0977aa5f1559ba9883776652508b229005c0d78fb2597897f0bd651c09?s=96&d=mm&r=g\",\"caption\":\"Edit\u00f6r\"},\"sameAs\":[\"http:\/\/www.avrupapress.com\"],\"url\":\"https:\/\/avrupapress.com\/main\/author\/editor\/\"}]}<\/script>\n<!-- \/ Yoast SEO plugin. -->","yoast_head_json":{"title":"KORKULARIMIZ YENMEN\u0130N YOLU...! - AvrupaPress","robots":{"index":"index","follow":"follow","max-snippet":"max-snippet:-1","max-image-preview":"max-image-preview:large","max-video-preview":"max-video-preview:-1"},"canonical":"https:\/\/avrupapress.com\/main\/2026\/02\/20\/korkularimiz-yenmenin-yolu\/","og_locale":"fr_FR","og_type":"article","og_title":"KORKULARIMIZ YENMEN\u0130N YOLU...! - AvrupaPress","og_description":"Yazarl\u0131k hayat\u0131ma ba\u015flad\u0131\u011f\u0131mdan beri siz sevgili okurlar\u0131mla bir \u015feyleri anlat\u0131rken \u00f6nceli\u011fim anla\u015f\u0131l\u0131r olmak. E\u011fer ben sizlerle do\u011fru ileti\u015fimi kurmak istiyorsam bunun i\u00e7inde sizin yazd\u0131\u011f\u0131m konuyu anlayarak yorumlaman\u0131z\u0131 gerekir. Bunu yapman\u0131z i\u00e7inde her zaman ne diyorum; \u00ab\u00a0Sorgulay\u0131n\u00a0\u00bb tarih sorgulayan insanlar\u0131n ba\u015far\u0131lar\u0131n\u0131n bahseder. Sanat\u0131 sorgulay\u0131n size ne anlatt\u0131\u011f\u0131n\u0131 anlayabilesiniz. Demokrasiyi sorgulay\u0131n menfaatlerin nerede kald\u0131\u011f\u0131n\u0131 \u00f6\u011frenin. E\u011fitimi sorgulay\u0131n, [&hellip;]","og_url":"https:\/\/avrupapress.com\/main\/2026\/02\/20\/korkularimiz-yenmenin-yolu\/","og_site_name":"AvrupaPress","article_published_time":"2026-02-20T18:39:13+00:00","article_modified_time":"2026-02-20T18:39:18+00:00","og_image":[{"width":740,"height":420,"url":"https:\/\/avrupapress.com\/main\/wp-content\/uploads\/2026\/02\/thumbnail_Screenshot_20231101_225510_Samsung-Internet-740x420-1-1.jpg","type":"image\/jpeg"}],"author":"Edit\u00f6r","twitter_card":"summary_large_image","twitter_misc":{"\u00c9crit par":"Edit\u00f6r","Dur\u00e9e de lecture est.":"5 minutes"},"schema":{"@context":"https:\/\/schema.org","@graph":[{"@type":"Article","@id":"https:\/\/avrupapress.com\/main\/2026\/02\/20\/korkularimiz-yenmenin-yolu\/#article","isPartOf":{"@id":"https:\/\/avrupapress.com\/main\/2026\/02\/20\/korkularimiz-yenmenin-yolu\/"},"author":{"name":"Edit\u00f6r","@id":"https:\/\/avrupapress.com\/#\/schema\/person\/68428444ec60970d1e1b700cf4ca1e8f"},"headline":"KORKULARIMIZ YENMEN\u0130N YOLU&#8230;!","datePublished":"2026-02-20T18:39:13+00:00","dateModified":"2026-02-20T18:39:18+00:00","mainEntityOfPage":{"@id":"https:\/\/avrupapress.com\/main\/2026\/02\/20\/korkularimiz-yenmenin-yolu\/"},"wordCount":1103,"publisher":{"@id":"https:\/\/avrupapress.com\/#\/schema\/person\/0223dca19c72c43575bf30d1a2d8f4fa"},"image":{"@id":"https:\/\/avrupapress.com\/main\/2026\/02\/20\/korkularimiz-yenmenin-yolu\/#primaryimage"},"thumbnailUrl":"https:\/\/avrupapress.com\/main\/wp-content\/uploads\/2026\/02\/thumbnail_Screenshot_20231101_225510_Samsung-Internet-740x420-1-1.jpg","articleSection":["Avrupa","Bel\u00e7ika","D\u00fcnya","Ekonomi","K\u00fclt\u00fcr-Sanat","Spor","Tan\u0131t\u0131m","T\u00fcrkiye","Uncategorized"],"inLanguage":"fr-BE"},{"@type":"WebPage","@id":"https:\/\/avrupapress.com\/main\/2026\/02\/20\/korkularimiz-yenmenin-yolu\/","url":"https:\/\/avrupapress.com\/main\/2026\/02\/20\/korkularimiz-yenmenin-yolu\/","name":"KORKULARIMIZ YENMEN\u0130N YOLU...! - AvrupaPress","isPartOf":{"@id":"https:\/\/avrupapress.com\/#website"},"primaryImageOfPage":{"@id":"https:\/\/avrupapress.com\/main\/2026\/02\/20\/korkularimiz-yenmenin-yolu\/#primaryimage"},"image":{"@id":"https:\/\/avrupapress.com\/main\/2026\/02\/20\/korkularimiz-yenmenin-yolu\/#primaryimage"},"thumbnailUrl":"https:\/\/avrupapress.com\/main\/wp-content\/uploads\/2026\/02\/thumbnail_Screenshot_20231101_225510_Samsung-Internet-740x420-1-1.jpg","datePublished":"2026-02-20T18:39:13+00:00","dateModified":"2026-02-20T18:39:18+00:00","breadcrumb":{"@id":"https:\/\/avrupapress.com\/main\/2026\/02\/20\/korkularimiz-yenmenin-yolu\/#breadcrumb"},"inLanguage":"fr-BE","potentialAction":[{"@type":"ReadAction","target":["https:\/\/avrupapress.com\/main\/2026\/02\/20\/korkularimiz-yenmenin-yolu\/"]}]},{"@type":"ImageObject","inLanguage":"fr-BE","@id":"https:\/\/avrupapress.com\/main\/2026\/02\/20\/korkularimiz-yenmenin-yolu\/#primaryimage","url":"https:\/\/avrupapress.com\/main\/wp-content\/uploads\/2026\/02\/thumbnail_Screenshot_20231101_225510_Samsung-Internet-740x420-1-1.jpg","contentUrl":"https:\/\/avrupapress.com\/main\/wp-content\/uploads\/2026\/02\/thumbnail_Screenshot_20231101_225510_Samsung-Internet-740x420-1-1.jpg","width":740,"height":420},{"@type":"BreadcrumbList","@id":"https:\/\/avrupapress.com\/main\/2026\/02\/20\/korkularimiz-yenmenin-yolu\/#breadcrumb","itemListElement":[{"@type":"ListItem","position":1,"name":"Anasayfa","item":"https:\/\/avrupapress.com\/"},{"@type":"ListItem","position":2,"name":"KORKULARIMIZ YENMEN\u0130N YOLU&#8230;!"}]},{"@type":"WebSite","@id":"https:\/\/avrupapress.com\/#website","url":"https:\/\/avrupapress.com\/","name":"AvrupaPress","description":"Haberin Adresi","publisher":{"@id":"https:\/\/avrupapress.com\/#\/schema\/person\/0223dca19c72c43575bf30d1a2d8f4fa"},"potentialAction":[{"@type":"SearchAction","target":{"@type":"EntryPoint","urlTemplate":"https:\/\/avrupapress.com\/?s={search_term_string}"},"query-input":{"@type":"PropertyValueSpecification","valueRequired":true,"valueName":"search_term_string"}}],"inLanguage":"fr-BE"},{"@type":["Person","Organization"],"@id":"https:\/\/avrupapress.com\/#\/schema\/person\/0223dca19c72c43575bf30d1a2d8f4fa","name":"Bilgin \u00d6z\u00e7ift\u00e7i","image":{"@type":"ImageObject","inLanguage":"fr-BE","@id":"https:\/\/avrupapress.com\/#\/schema\/person\/image\/","url":"https:\/\/secure.gravatar.com\/avatar\/0f23b280433a21e1ea7a0adcc46ed0ad16afe3ad8e630fd13d8a017dcbd54ef3?s=96&d=mm&r=g","contentUrl":"https:\/\/secure.gravatar.com\/avatar\/0f23b280433a21e1ea7a0adcc46ed0ad16afe3ad8e630fd13d8a017dcbd54ef3?s=96&d=mm&r=g","caption":"Bilgin \u00d6z\u00e7ift\u00e7i"},"logo":{"@id":"https:\/\/avrupapress.com\/#\/schema\/person\/image\/"},"description":"Ne ben, nede sen... Biz ancak \"biz\" olursak g\u00fc\u00e7l\u00fc olabiliriz"},{"@type":"Person","@id":"https:\/\/avrupapress.com\/#\/schema\/person\/68428444ec60970d1e1b700cf4ca1e8f","name":"Edit\u00f6r","image":{"@type":"ImageObject","inLanguage":"fr-BE","@id":"https:\/\/avrupapress.com\/#\/schema\/person\/image\/","url":"https:\/\/secure.gravatar.com\/avatar\/74996b0977aa5f1559ba9883776652508b229005c0d78fb2597897f0bd651c09?s=96&d=mm&r=g","contentUrl":"https:\/\/secure.gravatar.com\/avatar\/74996b0977aa5f1559ba9883776652508b229005c0d78fb2597897f0bd651c09?s=96&d=mm&r=g","caption":"Edit\u00f6r"},"sameAs":["http:\/\/www.avrupapress.com"],"url":"https:\/\/avrupapress.com\/main\/author\/editor\/"}]}},"_links":{"self":[{"href":"https:\/\/avrupapress.com\/main\/wp-json\/wp\/v2\/posts\/33025","targetHints":{"allow":["GET"]}}],"collection":[{"href":"https:\/\/avrupapress.com\/main\/wp-json\/wp\/v2\/posts"}],"about":[{"href":"https:\/\/avrupapress.com\/main\/wp-json\/wp\/v2\/types\/post"}],"author":[{"embeddable":true,"href":"https:\/\/avrupapress.com\/main\/wp-json\/wp\/v2\/users\/3"}],"replies":[{"embeddable":true,"href":"https:\/\/avrupapress.com\/main\/wp-json\/wp\/v2\/comments?post=33025"}],"version-history":[{"count":1,"href":"https:\/\/avrupapress.com\/main\/wp-json\/wp\/v2\/posts\/33025\/revisions"}],"predecessor-version":[{"id":33027,"href":"https:\/\/avrupapress.com\/main\/wp-json\/wp\/v2\/posts\/33025\/revisions\/33027"}],"wp:featuredmedia":[{"embeddable":true,"href":"https:\/\/avrupapress.com\/main\/wp-json\/wp\/v2\/media\/33026"}],"wp:attachment":[{"href":"https:\/\/avrupapress.com\/main\/wp-json\/wp\/v2\/media?parent=33025"}],"wp:term":[{"taxonomy":"category","embeddable":true,"href":"https:\/\/avrupapress.com\/main\/wp-json\/wp\/v2\/categories?post=33025"},{"taxonomy":"post_tag","embeddable":true,"href":"https:\/\/avrupapress.com\/main\/wp-json\/wp\/v2\/tags?post=33025"}],"curies":[{"name":"wp","href":"https:\/\/api.w.org\/{rel}","templated":true}]}}