{"id":33020,"date":"2026-02-20T18:08:23","date_gmt":"2026-02-20T18:08:23","guid":{"rendered":"https:\/\/avrupapress.com\/main\/?p=33020"},"modified":"2026-02-20T18:09:16","modified_gmt":"2026-02-20T18:09:16","slug":"afyonkarahisarin-emirdag-ilcesinde-esnaf-dernegi-kuruldu","status":"publish","type":"post","link":"https:\/\/avrupapress.com\/main\/2026\/02\/20\/afyonkarahisarin-emirdag-ilcesinde-esnaf-dernegi-kuruldu\/","title":{"rendered":"Afyonkarahisar&rsquo;in\u00a0 Emirdag \u0130lcesinde\u00a0 Esnaf Derne\u011fi Kuruldu"},"content":{"rendered":"<div dir=\"auto\" data-olk-copy-source=\"MessageBody\">Afyonkarahisar&rsquo;in\u00a0 Emirdag Ilcesinde\u00a0 Esnaf Derne\u011fi Kuruldu.<\/div>\n<div dir=\"auto\">Esnaflar aras\u0131nda yard\u0131mla\u015fma k\u00fclt\u00fcr\u00fcn\u00fc<\/div>\n<div dir=\"auto\">Hayata ge\u00e7irecek bu Dernek yak\u0131n zamanda<\/div>\n<div dir=\"auto\">Sahada olacak.<\/div>\n<div dir=\"auto\">\u00c7ocuklara burs verecek.<\/div>\n<div dir=\"auto\">Ramazan erza\u011f\u0131 da\u011f\u0131tacak.<\/div>\n<div dir=\"auto\">Her t\u00fcrl\u00fc yap\u0131lan yard\u0131mlarda<\/div>\n<div dir=\"auto\">\u00d6ncelik Esnaf olacak.<\/div>\n<div dir=\"auto\">Darda kalan Esnafa dayanak olan<\/div>\n<div dir=\"auto\">Bu Dernek il\u00e7eye hay\u0131rlar getirsin.<\/div>\n<div dir=\"auto\">Ramazan Ay\u0131 i\u00e7inde sevgili Ceylan \u00d6zkara<\/div>\n<div dir=\"auto\">\u0130le Ramazan Sohbetinde Faaliyetler Konu\u015faca\u011f\u0131z.<\/div>\n<div dir=\"auto\">Hay\u0131rl\u0131 Olsun.<\/div>\n<div dir=\"auto\">Emirda\u011f Dayan\u0131\u015fma ve Yard\u0131mla\u015fma Derne\u011fi.<\/div>\n<div dir=\"auto\">kaynak cuneytgargili<\/div>\n<div dir=\"auto\"><\/div>\n<div dir=\"auto\"><\/div>\n<div dir=\"auto\"><img loading=\"lazy\" decoding=\"async\" class=\"alignnone size-medium wp-image-33021\" src=\"https:\/\/avrupapress.com\/main\/wp-content\/uploads\/2026\/02\/8ba7b3c9-ff65-42dd-8b1d-ea9a178efcb3-300x200.jpg\" alt=\"\" width=\"300\" height=\"200\" srcset=\"https:\/\/avrupapress.com\/main\/wp-content\/uploads\/2026\/02\/8ba7b3c9-ff65-42dd-8b1d-ea9a178efcb3-300x200.jpg 300w, https:\/\/avrupapress.com\/main\/wp-content\/uploads\/2026\/02\/8ba7b3c9-ff65-42dd-8b1d-ea9a178efcb3-1024x683.jpg 1024w, https:\/\/avrupapress.com\/main\/wp-content\/uploads\/2026\/02\/8ba7b3c9-ff65-42dd-8b1d-ea9a178efcb3-768x512.jpg 768w, https:\/\/avrupapress.com\/main\/wp-content\/uploads\/2026\/02\/8ba7b3c9-ff65-42dd-8b1d-ea9a178efcb3.jpg 1536w\" sizes=\"auto, (max-width: 300px) 100vw, 300px\" \/><\/div>\n<div dir=\"auto\"><\/div>\n<div dir=\"auto\"><strong>Bilgin\u00a0 Ozcifci\u00a0 \u00a0 \u00a0 \u00a0 \/\u00a0 \u00a0 \u00a0 \u00a0 AVRUPAPRESS<\/strong><\/div>\n","protected":false},"excerpt":{"rendered":"<p>Afyonkarahisar&rsquo;in\u00a0 Emirdag Ilcesinde\u00a0 Esnaf Derne\u011fi Kuruldu. Esnaflar aras\u0131nda yard\u0131mla\u015fma k\u00fclt\u00fcr\u00fcn\u00fc Hayata ge\u00e7irecek bu Dernek yak\u0131n zamanda Sahada olacak. \u00c7ocuklara burs verecek. Ramazan erza\u011f\u0131 da\u011f\u0131tacak. Her t\u00fcrl\u00fc yap\u0131lan yard\u0131mlarda \u00d6ncelik Esnaf olacak. Darda kalan Esnafa dayanak olan Bu Dernek il\u00e7eye hay\u0131rlar getirsin. Ramazan Ay\u0131 i\u00e7inde sevgili Ceylan \u00d6zkara \u0130le Ramazan Sohbetinde Faaliyetler Konu\u015faca\u011f\u0131z. Hay\u0131rl\u0131 Olsun. Emirda\u011f [&hellip;]<\/p>\n","protected":false},"author":3,"featured_media":33022,"comment_status":"closed","ping_status":"open","sticky":false,"template":"","format":"standard","meta":{"footnotes":""},"categories":[14,16,3,17,18,15,19,2,1],"tags":[],"class_list":["post-33020","post","type-post","status-publish","format-standard","has-post-thumbnail","hentry","category-avrupa","category-belcika","category-dunya","category-ekonomi","category-kultur-sanat","category-spor","category-tanitim","category-turkiye","category-uncategorized"],"yoast_head":"<!-- This site is optimized with the Yoast SEO plugin v26.9 - https:\/\/yoast.com\/product\/yoast-seo-wordpress\/ -->\n<title>Afyonkarahisar&#039;in\u00a0 Emirdag \u0130lcesinde\u00a0 Esnaf Derne\u011fi Kuruldu - AvrupaPress<\/title>\n<meta name=\"robots\" content=\"index, follow, max-snippet:-1, max-image-preview:large, max-video-preview:-1\" \/>\n<link rel=\"canonical\" href=\"https:\/\/avrupapress.com\/main\/2026\/02\/20\/afyonkarahisarin-emirdag-ilcesinde-esnaf-dernegi-kuruldu\/\" \/>\n<meta property=\"og:locale\" content=\"fr_FR\" \/>\n<meta property=\"og:type\" content=\"article\" \/>\n<meta property=\"og:title\" content=\"Afyonkarahisar&#039;in\u00a0 Emirdag \u0130lcesinde\u00a0 Esnaf Derne\u011fi Kuruldu - AvrupaPress\" \/>\n<meta property=\"og:description\" content=\"Afyonkarahisar&rsquo;in\u00a0 Emirdag Ilcesinde\u00a0 Esnaf Derne\u011fi Kuruldu. Esnaflar aras\u0131nda yard\u0131mla\u015fma k\u00fclt\u00fcr\u00fcn\u00fc Hayata ge\u00e7irecek bu Dernek yak\u0131n zamanda Sahada olacak. \u00c7ocuklara burs verecek. Ramazan erza\u011f\u0131 da\u011f\u0131tacak. Her t\u00fcrl\u00fc yap\u0131lan yard\u0131mlarda \u00d6ncelik Esnaf olacak. Darda kalan Esnafa dayanak olan Bu Dernek il\u00e7eye hay\u0131rlar getirsin. Ramazan Ay\u0131 i\u00e7inde sevgili Ceylan \u00d6zkara \u0130le Ramazan Sohbetinde Faaliyetler Konu\u015faca\u011f\u0131z. Hay\u0131rl\u0131 Olsun. Emirda\u011f [&hellip;]\" \/>\n<meta property=\"og:url\" content=\"https:\/\/avrupapress.com\/main\/2026\/02\/20\/afyonkarahisarin-emirdag-ilcesinde-esnaf-dernegi-kuruldu\/\" \/>\n<meta property=\"og:site_name\" content=\"AvrupaPress\" \/>\n<meta property=\"article:published_time\" content=\"2026-02-20T18:08:23+00:00\" \/>\n<meta property=\"article:modified_time\" content=\"2026-02-20T18:09:16+00:00\" \/>\n<meta property=\"og:image\" content=\"https:\/\/avrupapress.com\/main\/wp-content\/uploads\/2026\/02\/8ba7b3c9-ff65-42dd-8b1d-ea9a178efcb3-1.jpg\" \/>\n\t<meta property=\"og:image:width\" content=\"1536\" \/>\n\t<meta property=\"og:image:height\" content=\"1024\" \/>\n\t<meta property=\"og:image:type\" content=\"image\/jpeg\" \/>\n<meta name=\"author\" content=\"Edit\u00f6r\" \/>\n<meta name=\"twitter:card\" content=\"summary_large_image\" \/>\n<meta name=\"twitter:label1\" content=\"\u00c9crit par\" \/>\n\t<meta name=\"twitter:data1\" content=\"Edit\u00f6r\" \/>\n\t<meta name=\"twitter:label2\" content=\"Dur\u00e9e de lecture est.\" \/>\n\t<meta name=\"twitter:data2\" content=\"1 minute\" \/>\n<script type=\"application\/ld+json\" class=\"yoast-schema-graph\">{\"@context\":\"https:\/\/schema.org\",\"@graph\":[{\"@type\":\"Article\",\"@id\":\"https:\/\/avrupapress.com\/main\/2026\/02\/20\/afyonkarahisarin-emirdag-ilcesinde-esnaf-dernegi-kuruldu\/#article\",\"isPartOf\":{\"@id\":\"https:\/\/avrupapress.com\/main\/2026\/02\/20\/afyonkarahisarin-emirdag-ilcesinde-esnaf-dernegi-kuruldu\/\"},\"author\":{\"name\":\"Edit\u00f6r\",\"@id\":\"https:\/\/avrupapress.com\/#\/schema\/person\/68428444ec60970d1e1b700cf4ca1e8f\"},\"headline\":\"Afyonkarahisar&rsquo;in\u00a0 Emirdag \u0130lcesinde\u00a0 Esnaf Derne\u011fi Kuruldu\",\"datePublished\":\"2026-02-20T18:08:23+00:00\",\"dateModified\":\"2026-02-20T18:09:16+00:00\",\"mainEntityOfPage\":{\"@id\":\"https:\/\/avrupapress.com\/main\/2026\/02\/20\/afyonkarahisarin-emirdag-ilcesinde-esnaf-dernegi-kuruldu\/\"},\"wordCount\":94,\"publisher\":{\"@id\":\"https:\/\/avrupapress.com\/#\/schema\/person\/0223dca19c72c43575bf30d1a2d8f4fa\"},\"image\":{\"@id\":\"https:\/\/avrupapress.com\/main\/2026\/02\/20\/afyonkarahisarin-emirdag-ilcesinde-esnaf-dernegi-kuruldu\/#primaryimage\"},\"thumbnailUrl\":\"https:\/\/avrupapress.com\/main\/wp-content\/uploads\/2026\/02\/8ba7b3c9-ff65-42dd-8b1d-ea9a178efcb3-1.jpg\",\"articleSection\":[\"Avrupa\",\"Bel\u00e7ika\",\"D\u00fcnya\",\"Ekonomi\",\"K\u00fclt\u00fcr-Sanat\",\"Spor\",\"Tan\u0131t\u0131m\",\"T\u00fcrkiye\",\"Uncategorized\"],\"inLanguage\":\"fr-BE\"},{\"@type\":\"WebPage\",\"@id\":\"https:\/\/avrupapress.com\/main\/2026\/02\/20\/afyonkarahisarin-emirdag-ilcesinde-esnaf-dernegi-kuruldu\/\",\"url\":\"https:\/\/avrupapress.com\/main\/2026\/02\/20\/afyonkarahisarin-emirdag-ilcesinde-esnaf-dernegi-kuruldu\/\",\"name\":\"Afyonkarahisar'in\u00a0 Emirdag \u0130lcesinde\u00a0 Esnaf Derne\u011fi Kuruldu - AvrupaPress\",\"isPartOf\":{\"@id\":\"https:\/\/avrupapress.com\/#website\"},\"primaryImageOfPage\":{\"@id\":\"https:\/\/avrupapress.com\/main\/2026\/02\/20\/afyonkarahisarin-emirdag-ilcesinde-esnaf-dernegi-kuruldu\/#primaryimage\"},\"image\":{\"@id\":\"https:\/\/avrupapress.com\/main\/2026\/02\/20\/afyonkarahisarin-emirdag-ilcesinde-esnaf-dernegi-kuruldu\/#primaryimage\"},\"thumbnailUrl\":\"https:\/\/avrupapress.com\/main\/wp-content\/uploads\/2026\/02\/8ba7b3c9-ff65-42dd-8b1d-ea9a178efcb3-1.jpg\",\"datePublished\":\"2026-02-20T18:08:23+00:00\",\"dateModified\":\"2026-02-20T18:09:16+00:00\",\"breadcrumb\":{\"@id\":\"https:\/\/avrupapress.com\/main\/2026\/02\/20\/afyonkarahisarin-emirdag-ilcesinde-esnaf-dernegi-kuruldu\/#breadcrumb\"},\"inLanguage\":\"fr-BE\",\"potentialAction\":[{\"@type\":\"ReadAction\",\"target\":[\"https:\/\/avrupapress.com\/main\/2026\/02\/20\/afyonkarahisarin-emirdag-ilcesinde-esnaf-dernegi-kuruldu\/\"]}]},{\"@type\":\"ImageObject\",\"inLanguage\":\"fr-BE\",\"@id\":\"https:\/\/avrupapress.com\/main\/2026\/02\/20\/afyonkarahisarin-emirdag-ilcesinde-esnaf-dernegi-kuruldu\/#primaryimage\",\"url\":\"https:\/\/avrupapress.com\/main\/wp-content\/uploads\/2026\/02\/8ba7b3c9-ff65-42dd-8b1d-ea9a178efcb3-1.jpg\",\"contentUrl\":\"https:\/\/avrupapress.com\/main\/wp-content\/uploads\/2026\/02\/8ba7b3c9-ff65-42dd-8b1d-ea9a178efcb3-1.jpg\",\"width\":1536,\"height\":1024},{\"@type\":\"BreadcrumbList\",\"@id\":\"https:\/\/avrupapress.com\/main\/2026\/02\/20\/afyonkarahisarin-emirdag-ilcesinde-esnaf-dernegi-kuruldu\/#breadcrumb\",\"itemListElement\":[{\"@type\":\"ListItem\",\"position\":1,\"name\":\"Anasayfa\",\"item\":\"https:\/\/avrupapress.com\/\"},{\"@type\":\"ListItem\",\"position\":2,\"name\":\"Afyonkarahisar&#8217;in\u00a0 Emirdag \u0130lcesinde\u00a0 Esnaf Derne\u011fi Kuruldu\"}]},{\"@type\":\"WebSite\",\"@id\":\"https:\/\/avrupapress.com\/#website\",\"url\":\"https:\/\/avrupapress.com\/\",\"name\":\"AvrupaPress\",\"description\":\"Haberin Adresi\",\"publisher\":{\"@id\":\"https:\/\/avrupapress.com\/#\/schema\/person\/0223dca19c72c43575bf30d1a2d8f4fa\"},\"potentialAction\":[{\"@type\":\"SearchAction\",\"target\":{\"@type\":\"EntryPoint\",\"urlTemplate\":\"https:\/\/avrupapress.com\/?s={search_term_string}\"},\"query-input\":{\"@type\":\"PropertyValueSpecification\",\"valueRequired\":true,\"valueName\":\"search_term_string\"}}],\"inLanguage\":\"fr-BE\"},{\"@type\":[\"Person\",\"Organization\"],\"@id\":\"https:\/\/avrupapress.com\/#\/schema\/person\/0223dca19c72c43575bf30d1a2d8f4fa\",\"name\":\"Bilgin \u00d6z\u00e7ift\u00e7i\",\"image\":{\"@type\":\"ImageObject\",\"inLanguage\":\"fr-BE\",\"@id\":\"https:\/\/avrupapress.com\/#\/schema\/person\/image\/\",\"url\":\"https:\/\/secure.gravatar.com\/avatar\/0f23b280433a21e1ea7a0adcc46ed0ad16afe3ad8e630fd13d8a017dcbd54ef3?s=96&d=mm&r=g\",\"contentUrl\":\"https:\/\/secure.gravatar.com\/avatar\/0f23b280433a21e1ea7a0adcc46ed0ad16afe3ad8e630fd13d8a017dcbd54ef3?s=96&d=mm&r=g\",\"caption\":\"Bilgin \u00d6z\u00e7ift\u00e7i\"},\"logo\":{\"@id\":\"https:\/\/avrupapress.com\/#\/schema\/person\/image\/\"},\"description\":\"Ne ben, nede sen... Biz ancak \\\"biz\\\" olursak g\u00fc\u00e7l\u00fc olabiliriz\"},{\"@type\":\"Person\",\"@id\":\"https:\/\/avrupapress.com\/#\/schema\/person\/68428444ec60970d1e1b700cf4ca1e8f\",\"name\":\"Edit\u00f6r\",\"image\":{\"@type\":\"ImageObject\",\"inLanguage\":\"fr-BE\",\"@id\":\"https:\/\/avrupapress.com\/#\/schema\/person\/image\/\",\"url\":\"https:\/\/secure.gravatar.com\/avatar\/74996b0977aa5f1559ba9883776652508b229005c0d78fb2597897f0bd651c09?s=96&d=mm&r=g\",\"contentUrl\":\"https:\/\/secure.gravatar.com\/avatar\/74996b0977aa5f1559ba9883776652508b229005c0d78fb2597897f0bd651c09?s=96&d=mm&r=g\",\"caption\":\"Edit\u00f6r\"},\"sameAs\":[\"http:\/\/www.avrupapress.com\"],\"url\":\"https:\/\/avrupapress.com\/main\/author\/editor\/\"}]}<\/script>\n<!-- \/ Yoast SEO plugin. -->","yoast_head_json":{"title":"Afyonkarahisar'in\u00a0 Emirdag \u0130lcesinde\u00a0 Esnaf Derne\u011fi Kuruldu - AvrupaPress","robots":{"index":"index","follow":"follow","max-snippet":"max-snippet:-1","max-image-preview":"max-image-preview:large","max-video-preview":"max-video-preview:-1"},"canonical":"https:\/\/avrupapress.com\/main\/2026\/02\/20\/afyonkarahisarin-emirdag-ilcesinde-esnaf-dernegi-kuruldu\/","og_locale":"fr_FR","og_type":"article","og_title":"Afyonkarahisar'in\u00a0 Emirdag \u0130lcesinde\u00a0 Esnaf Derne\u011fi Kuruldu - AvrupaPress","og_description":"Afyonkarahisar&rsquo;in\u00a0 Emirdag Ilcesinde\u00a0 Esnaf Derne\u011fi Kuruldu. Esnaflar aras\u0131nda yard\u0131mla\u015fma k\u00fclt\u00fcr\u00fcn\u00fc Hayata ge\u00e7irecek bu Dernek yak\u0131n zamanda Sahada olacak. \u00c7ocuklara burs verecek. Ramazan erza\u011f\u0131 da\u011f\u0131tacak. Her t\u00fcrl\u00fc yap\u0131lan yard\u0131mlarda \u00d6ncelik Esnaf olacak. Darda kalan Esnafa dayanak olan Bu Dernek il\u00e7eye hay\u0131rlar getirsin. Ramazan Ay\u0131 i\u00e7inde sevgili Ceylan \u00d6zkara \u0130le Ramazan Sohbetinde Faaliyetler Konu\u015faca\u011f\u0131z. Hay\u0131rl\u0131 Olsun. Emirda\u011f [&hellip;]","og_url":"https:\/\/avrupapress.com\/main\/2026\/02\/20\/afyonkarahisarin-emirdag-ilcesinde-esnaf-dernegi-kuruldu\/","og_site_name":"AvrupaPress","article_published_time":"2026-02-20T18:08:23+00:00","article_modified_time":"2026-02-20T18:09:16+00:00","og_image":[{"width":1536,"height":1024,"url":"https:\/\/avrupapress.com\/main\/wp-content\/uploads\/2026\/02\/8ba7b3c9-ff65-42dd-8b1d-ea9a178efcb3-1.jpg","type":"image\/jpeg"}],"author":"Edit\u00f6r","twitter_card":"summary_large_image","twitter_misc":{"\u00c9crit par":"Edit\u00f6r","Dur\u00e9e de lecture est.":"1 minute"},"schema":{"@context":"https:\/\/schema.org","@graph":[{"@type":"Article","@id":"https:\/\/avrupapress.com\/main\/2026\/02\/20\/afyonkarahisarin-emirdag-ilcesinde-esnaf-dernegi-kuruldu\/#article","isPartOf":{"@id":"https:\/\/avrupapress.com\/main\/2026\/02\/20\/afyonkarahisarin-emirdag-ilcesinde-esnaf-dernegi-kuruldu\/"},"author":{"name":"Edit\u00f6r","@id":"https:\/\/avrupapress.com\/#\/schema\/person\/68428444ec60970d1e1b700cf4ca1e8f"},"headline":"Afyonkarahisar&rsquo;in\u00a0 Emirdag \u0130lcesinde\u00a0 Esnaf Derne\u011fi Kuruldu","datePublished":"2026-02-20T18:08:23+00:00","dateModified":"2026-02-20T18:09:16+00:00","mainEntityOfPage":{"@id":"https:\/\/avrupapress.com\/main\/2026\/02\/20\/afyonkarahisarin-emirdag-ilcesinde-esnaf-dernegi-kuruldu\/"},"wordCount":94,"publisher":{"@id":"https:\/\/avrupapress.com\/#\/schema\/person\/0223dca19c72c43575bf30d1a2d8f4fa"},"image":{"@id":"https:\/\/avrupapress.com\/main\/2026\/02\/20\/afyonkarahisarin-emirdag-ilcesinde-esnaf-dernegi-kuruldu\/#primaryimage"},"thumbnailUrl":"https:\/\/avrupapress.com\/main\/wp-content\/uploads\/2026\/02\/8ba7b3c9-ff65-42dd-8b1d-ea9a178efcb3-1.jpg","articleSection":["Avrupa","Bel\u00e7ika","D\u00fcnya","Ekonomi","K\u00fclt\u00fcr-Sanat","Spor","Tan\u0131t\u0131m","T\u00fcrkiye","Uncategorized"],"inLanguage":"fr-BE"},{"@type":"WebPage","@id":"https:\/\/avrupapress.com\/main\/2026\/02\/20\/afyonkarahisarin-emirdag-ilcesinde-esnaf-dernegi-kuruldu\/","url":"https:\/\/avrupapress.com\/main\/2026\/02\/20\/afyonkarahisarin-emirdag-ilcesinde-esnaf-dernegi-kuruldu\/","name":"Afyonkarahisar'in\u00a0 Emirdag \u0130lcesinde\u00a0 Esnaf Derne\u011fi Kuruldu - AvrupaPress","isPartOf":{"@id":"https:\/\/avrupapress.com\/#website"},"primaryImageOfPage":{"@id":"https:\/\/avrupapress.com\/main\/2026\/02\/20\/afyonkarahisarin-emirdag-ilcesinde-esnaf-dernegi-kuruldu\/#primaryimage"},"image":{"@id":"https:\/\/avrupapress.com\/main\/2026\/02\/20\/afyonkarahisarin-emirdag-ilcesinde-esnaf-dernegi-kuruldu\/#primaryimage"},"thumbnailUrl":"https:\/\/avrupapress.com\/main\/wp-content\/uploads\/2026\/02\/8ba7b3c9-ff65-42dd-8b1d-ea9a178efcb3-1.jpg","datePublished":"2026-02-20T18:08:23+00:00","dateModified":"2026-02-20T18:09:16+00:00","breadcrumb":{"@id":"https:\/\/avrupapress.com\/main\/2026\/02\/20\/afyonkarahisarin-emirdag-ilcesinde-esnaf-dernegi-kuruldu\/#breadcrumb"},"inLanguage":"fr-BE","potentialAction":[{"@type":"ReadAction","target":["https:\/\/avrupapress.com\/main\/2026\/02\/20\/afyonkarahisarin-emirdag-ilcesinde-esnaf-dernegi-kuruldu\/"]}]},{"@type":"ImageObject","inLanguage":"fr-BE","@id":"https:\/\/avrupapress.com\/main\/2026\/02\/20\/afyonkarahisarin-emirdag-ilcesinde-esnaf-dernegi-kuruldu\/#primaryimage","url":"https:\/\/avrupapress.com\/main\/wp-content\/uploads\/2026\/02\/8ba7b3c9-ff65-42dd-8b1d-ea9a178efcb3-1.jpg","contentUrl":"https:\/\/avrupapress.com\/main\/wp-content\/uploads\/2026\/02\/8ba7b3c9-ff65-42dd-8b1d-ea9a178efcb3-1.jpg","width":1536,"height":1024},{"@type":"BreadcrumbList","@id":"https:\/\/avrupapress.com\/main\/2026\/02\/20\/afyonkarahisarin-emirdag-ilcesinde-esnaf-dernegi-kuruldu\/#breadcrumb","itemListElement":[{"@type":"ListItem","position":1,"name":"Anasayfa","item":"https:\/\/avrupapress.com\/"},{"@type":"ListItem","position":2,"name":"Afyonkarahisar&#8217;in\u00a0 Emirdag \u0130lcesinde\u00a0 Esnaf Derne\u011fi Kuruldu"}]},{"@type":"WebSite","@id":"https:\/\/avrupapress.com\/#website","url":"https:\/\/avrupapress.com\/","name":"AvrupaPress","description":"Haberin Adresi","publisher":{"@id":"https:\/\/avrupapress.com\/#\/schema\/person\/0223dca19c72c43575bf30d1a2d8f4fa"},"potentialAction":[{"@type":"SearchAction","target":{"@type":"EntryPoint","urlTemplate":"https:\/\/avrupapress.com\/?s={search_term_string}"},"query-input":{"@type":"PropertyValueSpecification","valueRequired":true,"valueName":"search_term_string"}}],"inLanguage":"fr-BE"},{"@type":["Person","Organization"],"@id":"https:\/\/avrupapress.com\/#\/schema\/person\/0223dca19c72c43575bf30d1a2d8f4fa","name":"Bilgin \u00d6z\u00e7ift\u00e7i","image":{"@type":"ImageObject","inLanguage":"fr-BE","@id":"https:\/\/avrupapress.com\/#\/schema\/person\/image\/","url":"https:\/\/secure.gravatar.com\/avatar\/0f23b280433a21e1ea7a0adcc46ed0ad16afe3ad8e630fd13d8a017dcbd54ef3?s=96&d=mm&r=g","contentUrl":"https:\/\/secure.gravatar.com\/avatar\/0f23b280433a21e1ea7a0adcc46ed0ad16afe3ad8e630fd13d8a017dcbd54ef3?s=96&d=mm&r=g","caption":"Bilgin \u00d6z\u00e7ift\u00e7i"},"logo":{"@id":"https:\/\/avrupapress.com\/#\/schema\/person\/image\/"},"description":"Ne ben, nede sen... Biz ancak \"biz\" olursak g\u00fc\u00e7l\u00fc olabiliriz"},{"@type":"Person","@id":"https:\/\/avrupapress.com\/#\/schema\/person\/68428444ec60970d1e1b700cf4ca1e8f","name":"Edit\u00f6r","image":{"@type":"ImageObject","inLanguage":"fr-BE","@id":"https:\/\/avrupapress.com\/#\/schema\/person\/image\/","url":"https:\/\/secure.gravatar.com\/avatar\/74996b0977aa5f1559ba9883776652508b229005c0d78fb2597897f0bd651c09?s=96&d=mm&r=g","contentUrl":"https:\/\/secure.gravatar.com\/avatar\/74996b0977aa5f1559ba9883776652508b229005c0d78fb2597897f0bd651c09?s=96&d=mm&r=g","caption":"Edit\u00f6r"},"sameAs":["http:\/\/www.avrupapress.com"],"url":"https:\/\/avrupapress.com\/main\/author\/editor\/"}]}},"_links":{"self":[{"href":"https:\/\/avrupapress.com\/main\/wp-json\/wp\/v2\/posts\/33020","targetHints":{"allow":["GET"]}}],"collection":[{"href":"https:\/\/avrupapress.com\/main\/wp-json\/wp\/v2\/posts"}],"about":[{"href":"https:\/\/avrupapress.com\/main\/wp-json\/wp\/v2\/types\/post"}],"author":[{"embeddable":true,"href":"https:\/\/avrupapress.com\/main\/wp-json\/wp\/v2\/users\/3"}],"replies":[{"embeddable":true,"href":"https:\/\/avrupapress.com\/main\/wp-json\/wp\/v2\/comments?post=33020"}],"version-history":[{"count":2,"href":"https:\/\/avrupapress.com\/main\/wp-json\/wp\/v2\/posts\/33020\/revisions"}],"predecessor-version":[{"id":33024,"href":"https:\/\/avrupapress.com\/main\/wp-json\/wp\/v2\/posts\/33020\/revisions\/33024"}],"wp:featuredmedia":[{"embeddable":true,"href":"https:\/\/avrupapress.com\/main\/wp-json\/wp\/v2\/media\/33022"}],"wp:attachment":[{"href":"https:\/\/avrupapress.com\/main\/wp-json\/wp\/v2\/media?parent=33020"}],"wp:term":[{"taxonomy":"category","embeddable":true,"href":"https:\/\/avrupapress.com\/main\/wp-json\/wp\/v2\/categories?post=33020"},{"taxonomy":"post_tag","embeddable":true,"href":"https:\/\/avrupapress.com\/main\/wp-json\/wp\/v2\/tags?post=33020"}],"curies":[{"name":"wp","href":"https:\/\/api.w.org\/{rel}","templated":true}]}}