{"id":33016,"date":"2026-02-20T17:55:44","date_gmt":"2026-02-20T17:55:44","guid":{"rendered":"https:\/\/avrupapress.com\/main\/?p=33016"},"modified":"2026-02-20T17:55:52","modified_gmt":"2026-02-20T17:55:52","slug":"tahir-efe-birligi-1","status":"publish","type":"post","link":"https:\/\/avrupapress.com\/main\/2026\/02\/20\/tahir-efe-birligi-1\/","title":{"rendered":"TAH\u0130R EFE B\u0130RL\u0130\u011e\u0130-1"},"content":{"rendered":"<p>Tahir Efe Birli\u011fi Emirda\u011f y\u00f6resinden \u00f6rg\u00fctlenmi\u015f, Milli M\u00fccaele\u2019ye Afyonkarahisar ve \u00e7evresinde \u00f6nemli katk\u0131lar yapm\u0131\u015ft\u0131r. Milli M\u00fccadele kahramanlar\u0131ndan biri olarak g\u00f6r\u00fclen Tahir Efe, 19 Aral\u0131k 1929\u2019da 2473 numaral\u0131 \u0130stiklal \u00a0Madalyas\u0131 ile \u00f6d\u00fcllendirilmi\u015f, 26 Nisan 1920\u2019de g\u00f6n\u00fcll\u00fc olarak Milli Ordu\u2019ya kat\u0131lm\u0131\u015ft\u0131r. 22 Eyl\u00fcl 1921\u2019de Tahir Efe\u2019ye m\u00fclazimisani r\u00fctbesi verilmi\u015ftir ve 16 Aral\u0131k 1922\u2019de terhis edilmi\u015ftir. Cesareti ile Emirda\u011f y\u00f6resi ve Afyonkarahisar\u2019da nam salan bu isim, tek ba\u015f\u0131na Yunan hatlar\u0131na ge\u00e7mi\u015f ve b\u00fcy\u00fck zaiyat vererek esir ald\u0131\u011f\u0131 be\u015f Yunan askeri ile birlikte d\u00f6nm\u00fc\u015ft\u00fcr.<\/p>\n<div dir=\"auto\">Habibe KALAYCI, M\u0130LL\u0130 M\u00dcCADELE D\u00d6NEM\u0130\u2019NDE AFYONKARAH\u0130SAR\u2019DA ASAY\u0130\u015e (1919-1923) s.63<\/div>\n<div dir=\"auto\"><\/div>\n<div dir=\"auto\"><\/div>\n<div dir=\"auto\"><img loading=\"lazy\" decoding=\"async\" class=\"alignnone size-medium wp-image-33017\" src=\"https:\/\/avrupapress.com\/main\/wp-content\/uploads\/2026\/02\/cdf8a92d-6f12-4099-9227-a4ccd521cba2-300x295.jpg\" alt=\"\" width=\"300\" height=\"295\" srcset=\"https:\/\/avrupapress.com\/main\/wp-content\/uploads\/2026\/02\/cdf8a92d-6f12-4099-9227-a4ccd521cba2-300x295.jpg 300w, https:\/\/avrupapress.com\/main\/wp-content\/uploads\/2026\/02\/cdf8a92d-6f12-4099-9227-a4ccd521cba2.jpg 331w\" sizes=\"auto, (max-width: 300px) 100vw, 300px\" \/><\/div>\n<div dir=\"auto\"><\/div>\n<div dir=\"auto\"><strong>Ahmet\u00a0 Urfali\u00a0 \u00a0 \u00a0 \u00a0 AVRUPAPRESS<\/strong><\/div>\n<div id=\"x_ms-outlook-mobile-body-separator-line\" dir=\"auto\" data-applydefaultfontstyles=\"true\">\n<div dir=\"auto\"><\/div>\n<\/div>\n","protected":false},"excerpt":{"rendered":"<p>Tahir Efe Birli\u011fi Emirda\u011f y\u00f6resinden \u00f6rg\u00fctlenmi\u015f, Milli M\u00fccaele\u2019ye Afyonkarahisar ve \u00e7evresinde \u00f6nemli katk\u0131lar yapm\u0131\u015ft\u0131r. Milli M\u00fccadele kahramanlar\u0131ndan biri olarak g\u00f6r\u00fclen Tahir Efe, 19 Aral\u0131k 1929\u2019da 2473 numaral\u0131 \u0130stiklal \u00a0Madalyas\u0131 ile \u00f6d\u00fcllendirilmi\u015f, 26 Nisan 1920\u2019de g\u00f6n\u00fcll\u00fc olarak Milli Ordu\u2019ya kat\u0131lm\u0131\u015ft\u0131r. 22 Eyl\u00fcl 1921\u2019de Tahir Efe\u2019ye m\u00fclazimisani r\u00fctbesi verilmi\u015ftir ve 16 Aral\u0131k 1922\u2019de terhis edilmi\u015ftir. Cesareti ile [&hellip;]<\/p>\n","protected":false},"author":3,"featured_media":33018,"comment_status":"closed","ping_status":"open","sticky":false,"template":"","format":"standard","meta":{"footnotes":""},"categories":[14,16,3,17,18,15,19,2,1],"tags":[],"class_list":["post-33016","post","type-post","status-publish","format-standard","has-post-thumbnail","hentry","category-avrupa","category-belcika","category-dunya","category-ekonomi","category-kultur-sanat","category-spor","category-tanitim","category-turkiye","category-uncategorized"],"yoast_head":"<!-- This site is optimized with the Yoast SEO plugin v26.9 - https:\/\/yoast.com\/product\/yoast-seo-wordpress\/ -->\n<title>TAH\u0130R EFE B\u0130RL\u0130\u011e\u0130-1 - AvrupaPress<\/title>\n<meta name=\"robots\" content=\"index, follow, max-snippet:-1, max-image-preview:large, max-video-preview:-1\" \/>\n<link rel=\"canonical\" href=\"https:\/\/avrupapress.com\/main\/2026\/02\/20\/tahir-efe-birligi-1\/\" \/>\n<meta property=\"og:locale\" content=\"fr_FR\" \/>\n<meta property=\"og:type\" content=\"article\" \/>\n<meta property=\"og:title\" content=\"TAH\u0130R EFE B\u0130RL\u0130\u011e\u0130-1 - AvrupaPress\" \/>\n<meta property=\"og:description\" content=\"Tahir Efe Birli\u011fi Emirda\u011f y\u00f6resinden \u00f6rg\u00fctlenmi\u015f, Milli M\u00fccaele\u2019ye Afyonkarahisar ve \u00e7evresinde \u00f6nemli katk\u0131lar yapm\u0131\u015ft\u0131r. Milli M\u00fccadele kahramanlar\u0131ndan biri olarak g\u00f6r\u00fclen Tahir Efe, 19 Aral\u0131k 1929\u2019da 2473 numaral\u0131 \u0130stiklal \u00a0Madalyas\u0131 ile \u00f6d\u00fcllendirilmi\u015f, 26 Nisan 1920\u2019de g\u00f6n\u00fcll\u00fc olarak Milli Ordu\u2019ya kat\u0131lm\u0131\u015ft\u0131r. 22 Eyl\u00fcl 1921\u2019de Tahir Efe\u2019ye m\u00fclazimisani r\u00fctbesi verilmi\u015ftir ve 16 Aral\u0131k 1922\u2019de terhis edilmi\u015ftir. Cesareti ile [&hellip;]\" \/>\n<meta property=\"og:url\" content=\"https:\/\/avrupapress.com\/main\/2026\/02\/20\/tahir-efe-birligi-1\/\" \/>\n<meta property=\"og:site_name\" content=\"AvrupaPress\" \/>\n<meta property=\"article:published_time\" content=\"2026-02-20T17:55:44+00:00\" \/>\n<meta property=\"article:modified_time\" content=\"2026-02-20T17:55:52+00:00\" \/>\n<meta property=\"og:image\" content=\"https:\/\/avrupapress.com\/main\/wp-content\/uploads\/2026\/02\/cdf8a92d-6f12-4099-9227-a4ccd521cba2-1-e1771610134788.jpg\" \/>\n\t<meta property=\"og:image:width\" content=\"331\" \/>\n\t<meta property=\"og:image:height\" content=\"227\" \/>\n\t<meta property=\"og:image:type\" content=\"image\/jpeg\" \/>\n<meta name=\"author\" content=\"Edit\u00f6r\" \/>\n<meta name=\"twitter:card\" content=\"summary_large_image\" \/>\n<meta name=\"twitter:label1\" content=\"\u00c9crit par\" \/>\n\t<meta name=\"twitter:data1\" content=\"Edit\u00f6r\" \/>\n\t<meta name=\"twitter:label2\" content=\"Dur\u00e9e de lecture est.\" \/>\n\t<meta name=\"twitter:data2\" content=\"1 minute\" \/>\n<script type=\"application\/ld+json\" class=\"yoast-schema-graph\">{\"@context\":\"https:\/\/schema.org\",\"@graph\":[{\"@type\":\"Article\",\"@id\":\"https:\/\/avrupapress.com\/main\/2026\/02\/20\/tahir-efe-birligi-1\/#article\",\"isPartOf\":{\"@id\":\"https:\/\/avrupapress.com\/main\/2026\/02\/20\/tahir-efe-birligi-1\/\"},\"author\":{\"name\":\"Edit\u00f6r\",\"@id\":\"https:\/\/avrupapress.com\/#\/schema\/person\/68428444ec60970d1e1b700cf4ca1e8f\"},\"headline\":\"TAH\u0130R EFE B\u0130RL\u0130\u011e\u0130-1\",\"datePublished\":\"2026-02-20T17:55:44+00:00\",\"dateModified\":\"2026-02-20T17:55:52+00:00\",\"mainEntityOfPage\":{\"@id\":\"https:\/\/avrupapress.com\/main\/2026\/02\/20\/tahir-efe-birligi-1\/\"},\"wordCount\":136,\"publisher\":{\"@id\":\"https:\/\/avrupapress.com\/#\/schema\/person\/0223dca19c72c43575bf30d1a2d8f4fa\"},\"image\":{\"@id\":\"https:\/\/avrupapress.com\/main\/2026\/02\/20\/tahir-efe-birligi-1\/#primaryimage\"},\"thumbnailUrl\":\"https:\/\/avrupapress.com\/main\/wp-content\/uploads\/2026\/02\/cdf8a92d-6f12-4099-9227-a4ccd521cba2-1-e1771610134788.jpg\",\"articleSection\":[\"Avrupa\",\"Bel\u00e7ika\",\"D\u00fcnya\",\"Ekonomi\",\"K\u00fclt\u00fcr-Sanat\",\"Spor\",\"Tan\u0131t\u0131m\",\"T\u00fcrkiye\",\"Uncategorized\"],\"inLanguage\":\"fr-BE\"},{\"@type\":\"WebPage\",\"@id\":\"https:\/\/avrupapress.com\/main\/2026\/02\/20\/tahir-efe-birligi-1\/\",\"url\":\"https:\/\/avrupapress.com\/main\/2026\/02\/20\/tahir-efe-birligi-1\/\",\"name\":\"TAH\u0130R EFE B\u0130RL\u0130\u011e\u0130-1 - AvrupaPress\",\"isPartOf\":{\"@id\":\"https:\/\/avrupapress.com\/#website\"},\"primaryImageOfPage\":{\"@id\":\"https:\/\/avrupapress.com\/main\/2026\/02\/20\/tahir-efe-birligi-1\/#primaryimage\"},\"image\":{\"@id\":\"https:\/\/avrupapress.com\/main\/2026\/02\/20\/tahir-efe-birligi-1\/#primaryimage\"},\"thumbnailUrl\":\"https:\/\/avrupapress.com\/main\/wp-content\/uploads\/2026\/02\/cdf8a92d-6f12-4099-9227-a4ccd521cba2-1-e1771610134788.jpg\",\"datePublished\":\"2026-02-20T17:55:44+00:00\",\"dateModified\":\"2026-02-20T17:55:52+00:00\",\"breadcrumb\":{\"@id\":\"https:\/\/avrupapress.com\/main\/2026\/02\/20\/tahir-efe-birligi-1\/#breadcrumb\"},\"inLanguage\":\"fr-BE\",\"potentialAction\":[{\"@type\":\"ReadAction\",\"target\":[\"https:\/\/avrupapress.com\/main\/2026\/02\/20\/tahir-efe-birligi-1\/\"]}]},{\"@type\":\"ImageObject\",\"inLanguage\":\"fr-BE\",\"@id\":\"https:\/\/avrupapress.com\/main\/2026\/02\/20\/tahir-efe-birligi-1\/#primaryimage\",\"url\":\"https:\/\/avrupapress.com\/main\/wp-content\/uploads\/2026\/02\/cdf8a92d-6f12-4099-9227-a4ccd521cba2-1-e1771610134788.jpg\",\"contentUrl\":\"https:\/\/avrupapress.com\/main\/wp-content\/uploads\/2026\/02\/cdf8a92d-6f12-4099-9227-a4ccd521cba2-1-e1771610134788.jpg\",\"width\":331,\"height\":227},{\"@type\":\"BreadcrumbList\",\"@id\":\"https:\/\/avrupapress.com\/main\/2026\/02\/20\/tahir-efe-birligi-1\/#breadcrumb\",\"itemListElement\":[{\"@type\":\"ListItem\",\"position\":1,\"name\":\"Anasayfa\",\"item\":\"https:\/\/avrupapress.com\/\"},{\"@type\":\"ListItem\",\"position\":2,\"name\":\"TAH\u0130R EFE B\u0130RL\u0130\u011e\u0130-1\"}]},{\"@type\":\"WebSite\",\"@id\":\"https:\/\/avrupapress.com\/#website\",\"url\":\"https:\/\/avrupapress.com\/\",\"name\":\"AvrupaPress\",\"description\":\"Haberin Adresi\",\"publisher\":{\"@id\":\"https:\/\/avrupapress.com\/#\/schema\/person\/0223dca19c72c43575bf30d1a2d8f4fa\"},\"potentialAction\":[{\"@type\":\"SearchAction\",\"target\":{\"@type\":\"EntryPoint\",\"urlTemplate\":\"https:\/\/avrupapress.com\/?s={search_term_string}\"},\"query-input\":{\"@type\":\"PropertyValueSpecification\",\"valueRequired\":true,\"valueName\":\"search_term_string\"}}],\"inLanguage\":\"fr-BE\"},{\"@type\":[\"Person\",\"Organization\"],\"@id\":\"https:\/\/avrupapress.com\/#\/schema\/person\/0223dca19c72c43575bf30d1a2d8f4fa\",\"name\":\"Bilgin \u00d6z\u00e7ift\u00e7i\",\"image\":{\"@type\":\"ImageObject\",\"inLanguage\":\"fr-BE\",\"@id\":\"https:\/\/avrupapress.com\/#\/schema\/person\/image\/\",\"url\":\"https:\/\/secure.gravatar.com\/avatar\/0f23b280433a21e1ea7a0adcc46ed0ad16afe3ad8e630fd13d8a017dcbd54ef3?s=96&d=mm&r=g\",\"contentUrl\":\"https:\/\/secure.gravatar.com\/avatar\/0f23b280433a21e1ea7a0adcc46ed0ad16afe3ad8e630fd13d8a017dcbd54ef3?s=96&d=mm&r=g\",\"caption\":\"Bilgin \u00d6z\u00e7ift\u00e7i\"},\"logo\":{\"@id\":\"https:\/\/avrupapress.com\/#\/schema\/person\/image\/\"},\"description\":\"Ne ben, nede sen... Biz ancak \\\"biz\\\" olursak g\u00fc\u00e7l\u00fc olabiliriz\"},{\"@type\":\"Person\",\"@id\":\"https:\/\/avrupapress.com\/#\/schema\/person\/68428444ec60970d1e1b700cf4ca1e8f\",\"name\":\"Edit\u00f6r\",\"image\":{\"@type\":\"ImageObject\",\"inLanguage\":\"fr-BE\",\"@id\":\"https:\/\/avrupapress.com\/#\/schema\/person\/image\/\",\"url\":\"https:\/\/secure.gravatar.com\/avatar\/74996b0977aa5f1559ba9883776652508b229005c0d78fb2597897f0bd651c09?s=96&d=mm&r=g\",\"contentUrl\":\"https:\/\/secure.gravatar.com\/avatar\/74996b0977aa5f1559ba9883776652508b229005c0d78fb2597897f0bd651c09?s=96&d=mm&r=g\",\"caption\":\"Edit\u00f6r\"},\"sameAs\":[\"http:\/\/www.avrupapress.com\"],\"url\":\"https:\/\/avrupapress.com\/main\/author\/editor\/\"}]}<\/script>\n<!-- \/ Yoast SEO plugin. -->","yoast_head_json":{"title":"TAH\u0130R EFE B\u0130RL\u0130\u011e\u0130-1 - AvrupaPress","robots":{"index":"index","follow":"follow","max-snippet":"max-snippet:-1","max-image-preview":"max-image-preview:large","max-video-preview":"max-video-preview:-1"},"canonical":"https:\/\/avrupapress.com\/main\/2026\/02\/20\/tahir-efe-birligi-1\/","og_locale":"fr_FR","og_type":"article","og_title":"TAH\u0130R EFE B\u0130RL\u0130\u011e\u0130-1 - AvrupaPress","og_description":"Tahir Efe Birli\u011fi Emirda\u011f y\u00f6resinden \u00f6rg\u00fctlenmi\u015f, Milli M\u00fccaele\u2019ye Afyonkarahisar ve \u00e7evresinde \u00f6nemli katk\u0131lar yapm\u0131\u015ft\u0131r. Milli M\u00fccadele kahramanlar\u0131ndan biri olarak g\u00f6r\u00fclen Tahir Efe, 19 Aral\u0131k 1929\u2019da 2473 numaral\u0131 \u0130stiklal \u00a0Madalyas\u0131 ile \u00f6d\u00fcllendirilmi\u015f, 26 Nisan 1920\u2019de g\u00f6n\u00fcll\u00fc olarak Milli Ordu\u2019ya kat\u0131lm\u0131\u015ft\u0131r. 22 Eyl\u00fcl 1921\u2019de Tahir Efe\u2019ye m\u00fclazimisani r\u00fctbesi verilmi\u015ftir ve 16 Aral\u0131k 1922\u2019de terhis edilmi\u015ftir. Cesareti ile [&hellip;]","og_url":"https:\/\/avrupapress.com\/main\/2026\/02\/20\/tahir-efe-birligi-1\/","og_site_name":"AvrupaPress","article_published_time":"2026-02-20T17:55:44+00:00","article_modified_time":"2026-02-20T17:55:52+00:00","og_image":[{"width":331,"height":227,"url":"https:\/\/avrupapress.com\/main\/wp-content\/uploads\/2026\/02\/cdf8a92d-6f12-4099-9227-a4ccd521cba2-1-e1771610134788.jpg","type":"image\/jpeg"}],"author":"Edit\u00f6r","twitter_card":"summary_large_image","twitter_misc":{"\u00c9crit par":"Edit\u00f6r","Dur\u00e9e de lecture est.":"1 minute"},"schema":{"@context":"https:\/\/schema.org","@graph":[{"@type":"Article","@id":"https:\/\/avrupapress.com\/main\/2026\/02\/20\/tahir-efe-birligi-1\/#article","isPartOf":{"@id":"https:\/\/avrupapress.com\/main\/2026\/02\/20\/tahir-efe-birligi-1\/"},"author":{"name":"Edit\u00f6r","@id":"https:\/\/avrupapress.com\/#\/schema\/person\/68428444ec60970d1e1b700cf4ca1e8f"},"headline":"TAH\u0130R EFE B\u0130RL\u0130\u011e\u0130-1","datePublished":"2026-02-20T17:55:44+00:00","dateModified":"2026-02-20T17:55:52+00:00","mainEntityOfPage":{"@id":"https:\/\/avrupapress.com\/main\/2026\/02\/20\/tahir-efe-birligi-1\/"},"wordCount":136,"publisher":{"@id":"https:\/\/avrupapress.com\/#\/schema\/person\/0223dca19c72c43575bf30d1a2d8f4fa"},"image":{"@id":"https:\/\/avrupapress.com\/main\/2026\/02\/20\/tahir-efe-birligi-1\/#primaryimage"},"thumbnailUrl":"https:\/\/avrupapress.com\/main\/wp-content\/uploads\/2026\/02\/cdf8a92d-6f12-4099-9227-a4ccd521cba2-1-e1771610134788.jpg","articleSection":["Avrupa","Bel\u00e7ika","D\u00fcnya","Ekonomi","K\u00fclt\u00fcr-Sanat","Spor","Tan\u0131t\u0131m","T\u00fcrkiye","Uncategorized"],"inLanguage":"fr-BE"},{"@type":"WebPage","@id":"https:\/\/avrupapress.com\/main\/2026\/02\/20\/tahir-efe-birligi-1\/","url":"https:\/\/avrupapress.com\/main\/2026\/02\/20\/tahir-efe-birligi-1\/","name":"TAH\u0130R EFE B\u0130RL\u0130\u011e\u0130-1 - AvrupaPress","isPartOf":{"@id":"https:\/\/avrupapress.com\/#website"},"primaryImageOfPage":{"@id":"https:\/\/avrupapress.com\/main\/2026\/02\/20\/tahir-efe-birligi-1\/#primaryimage"},"image":{"@id":"https:\/\/avrupapress.com\/main\/2026\/02\/20\/tahir-efe-birligi-1\/#primaryimage"},"thumbnailUrl":"https:\/\/avrupapress.com\/main\/wp-content\/uploads\/2026\/02\/cdf8a92d-6f12-4099-9227-a4ccd521cba2-1-e1771610134788.jpg","datePublished":"2026-02-20T17:55:44+00:00","dateModified":"2026-02-20T17:55:52+00:00","breadcrumb":{"@id":"https:\/\/avrupapress.com\/main\/2026\/02\/20\/tahir-efe-birligi-1\/#breadcrumb"},"inLanguage":"fr-BE","potentialAction":[{"@type":"ReadAction","target":["https:\/\/avrupapress.com\/main\/2026\/02\/20\/tahir-efe-birligi-1\/"]}]},{"@type":"ImageObject","inLanguage":"fr-BE","@id":"https:\/\/avrupapress.com\/main\/2026\/02\/20\/tahir-efe-birligi-1\/#primaryimage","url":"https:\/\/avrupapress.com\/main\/wp-content\/uploads\/2026\/02\/cdf8a92d-6f12-4099-9227-a4ccd521cba2-1-e1771610134788.jpg","contentUrl":"https:\/\/avrupapress.com\/main\/wp-content\/uploads\/2026\/02\/cdf8a92d-6f12-4099-9227-a4ccd521cba2-1-e1771610134788.jpg","width":331,"height":227},{"@type":"BreadcrumbList","@id":"https:\/\/avrupapress.com\/main\/2026\/02\/20\/tahir-efe-birligi-1\/#breadcrumb","itemListElement":[{"@type":"ListItem","position":1,"name":"Anasayfa","item":"https:\/\/avrupapress.com\/"},{"@type":"ListItem","position":2,"name":"TAH\u0130R EFE B\u0130RL\u0130\u011e\u0130-1"}]},{"@type":"WebSite","@id":"https:\/\/avrupapress.com\/#website","url":"https:\/\/avrupapress.com\/","name":"AvrupaPress","description":"Haberin Adresi","publisher":{"@id":"https:\/\/avrupapress.com\/#\/schema\/person\/0223dca19c72c43575bf30d1a2d8f4fa"},"potentialAction":[{"@type":"SearchAction","target":{"@type":"EntryPoint","urlTemplate":"https:\/\/avrupapress.com\/?s={search_term_string}"},"query-input":{"@type":"PropertyValueSpecification","valueRequired":true,"valueName":"search_term_string"}}],"inLanguage":"fr-BE"},{"@type":["Person","Organization"],"@id":"https:\/\/avrupapress.com\/#\/schema\/person\/0223dca19c72c43575bf30d1a2d8f4fa","name":"Bilgin \u00d6z\u00e7ift\u00e7i","image":{"@type":"ImageObject","inLanguage":"fr-BE","@id":"https:\/\/avrupapress.com\/#\/schema\/person\/image\/","url":"https:\/\/secure.gravatar.com\/avatar\/0f23b280433a21e1ea7a0adcc46ed0ad16afe3ad8e630fd13d8a017dcbd54ef3?s=96&d=mm&r=g","contentUrl":"https:\/\/secure.gravatar.com\/avatar\/0f23b280433a21e1ea7a0adcc46ed0ad16afe3ad8e630fd13d8a017dcbd54ef3?s=96&d=mm&r=g","caption":"Bilgin \u00d6z\u00e7ift\u00e7i"},"logo":{"@id":"https:\/\/avrupapress.com\/#\/schema\/person\/image\/"},"description":"Ne ben, nede sen... Biz ancak \"biz\" olursak g\u00fc\u00e7l\u00fc olabiliriz"},{"@type":"Person","@id":"https:\/\/avrupapress.com\/#\/schema\/person\/68428444ec60970d1e1b700cf4ca1e8f","name":"Edit\u00f6r","image":{"@type":"ImageObject","inLanguage":"fr-BE","@id":"https:\/\/avrupapress.com\/#\/schema\/person\/image\/","url":"https:\/\/secure.gravatar.com\/avatar\/74996b0977aa5f1559ba9883776652508b229005c0d78fb2597897f0bd651c09?s=96&d=mm&r=g","contentUrl":"https:\/\/secure.gravatar.com\/avatar\/74996b0977aa5f1559ba9883776652508b229005c0d78fb2597897f0bd651c09?s=96&d=mm&r=g","caption":"Edit\u00f6r"},"sameAs":["http:\/\/www.avrupapress.com"],"url":"https:\/\/avrupapress.com\/main\/author\/editor\/"}]}},"_links":{"self":[{"href":"https:\/\/avrupapress.com\/main\/wp-json\/wp\/v2\/posts\/33016","targetHints":{"allow":["GET"]}}],"collection":[{"href":"https:\/\/avrupapress.com\/main\/wp-json\/wp\/v2\/posts"}],"about":[{"href":"https:\/\/avrupapress.com\/main\/wp-json\/wp\/v2\/types\/post"}],"author":[{"embeddable":true,"href":"https:\/\/avrupapress.com\/main\/wp-json\/wp\/v2\/users\/3"}],"replies":[{"embeddable":true,"href":"https:\/\/avrupapress.com\/main\/wp-json\/wp\/v2\/comments?post=33016"}],"version-history":[{"count":1,"href":"https:\/\/avrupapress.com\/main\/wp-json\/wp\/v2\/posts\/33016\/revisions"}],"predecessor-version":[{"id":33019,"href":"https:\/\/avrupapress.com\/main\/wp-json\/wp\/v2\/posts\/33016\/revisions\/33019"}],"wp:featuredmedia":[{"embeddable":true,"href":"https:\/\/avrupapress.com\/main\/wp-json\/wp\/v2\/media\/33018"}],"wp:attachment":[{"href":"https:\/\/avrupapress.com\/main\/wp-json\/wp\/v2\/media?parent=33016"}],"wp:term":[{"taxonomy":"category","embeddable":true,"href":"https:\/\/avrupapress.com\/main\/wp-json\/wp\/v2\/categories?post=33016"},{"taxonomy":"post_tag","embeddable":true,"href":"https:\/\/avrupapress.com\/main\/wp-json\/wp\/v2\/tags?post=33016"}],"curies":[{"name":"wp","href":"https:\/\/api.w.org\/{rel}","templated":true}]}}