{"id":33010,"date":"2026-02-20T05:08:50","date_gmt":"2026-02-20T05:08:50","guid":{"rendered":"https:\/\/avrupapress.com\/main\/?p=33010"},"modified":"2026-02-20T05:12:29","modified_gmt":"2026-02-20T05:12:29","slug":"adalet-ve-ic-isleri-bakan-yardimcilari-belli-oldu-bakanliklarda-ve-valiliklerde-buyuk-atama-dalgasi-19-subat-2026-kararlari-yayinlandi","status":"publish","type":"post","link":"https:\/\/avrupapress.com\/main\/2026\/02\/20\/adalet-ve-ic-isleri-bakan-yardimcilari-belli-oldu-bakanliklarda-ve-valiliklerde-buyuk-atama-dalgasi-19-subat-2026-kararlari-yayinlandi\/","title":{"rendered":"Adalet ve \u0130\u00e7i\u015fleri Bakan Yard\u0131mc\u0131lar\u0131 Belli Oldu Bakanl\u0131klarda ve Valiliklerde B\u00fcy\u00fck Atama Dalgas\u0131: 19 \u015eubat 2026 Kararlar\u0131 Yay\u0131nland\u0131"},"content":{"rendered":"<p><strong>19 \u015eubat 2026 tarihli Resmi Gazete&rsquo;de yay\u0131mlanan kararlarla Adalet ve \u0130\u00e7i\u015fleri Bakanl\u0131klar\u0131nda bakan yard\u0131mc\u0131lar\u0131 de\u011fi\u015fti, 5 ile yeni vali atand\u0131. \u0130\u015fte o isimler&#8230;<\/strong><\/p>\n<p><strong>Afyonkarahisar Valisi K\u00fcbra G\u00fcran Yi\u011fitba\u015f\u0131\u00a0 \u0130\u00e7i\u015fleri Bakan Yard\u0131mc\u0131 Oldu&#8230;.<\/strong><\/p>\n<div class=\"post-cover f-foto full-width-ms c-mask-ratio crop -sol\">\n<div class=\"first\">\n<figure><a class=\"swipe\" href=\"https:\/\/static.daktilo.com\/sites\/1783\/uploads\/2026\/02\/20\/a5cdb2d5-eca0-4abf-bd3f-cfb32daec916-kopya-1778838920.webp\" target=\"_blank\" rel=\"noopener\" data-size=\"1600x980\" data-itemswipe=\"1\"><s class=\"expand m-sag w-sol\"><i class=\"ss-pika ss-expand\"><\/i><\/s><s class=\"desen f-1\"><\/s><s class=\"grand\"><\/s><img decoding=\"async\" class=\"real yt\" src=\"https:\/\/static.daktilo.com\/sites\/1783\/uploads\/2026\/02\/20\/large\/a5cdb2d5-eca0-4abf-bd3f-cfb32daec916-kopya-1778838920.webp\" alt=\"Bakanl\u0131klarda ve Valiliklerde B\u00fcy\u00fck Atama Dalgas\u0131: 19 \u015eubat 2026 Kararlar\u0131 Yay\u0131nland\u0131\" \/><\/a><\/figure>\n<figure>\n<p data-path-to-node=\"6\">Cumhurba\u015fkan\u0131 Recep Tayyip Erdo\u011fan\u2019\u0131n imzas\u0131yla 19 \u015eubat 2026 tarihli atama kararlar\u0131 Resmi Gazete\u2019de yay\u0131mlanarak y\u00fcr\u00fcrl\u00fc\u011fe girdi. Yay\u0131mlanan 2026\/60, 61 ve 62 say\u0131l\u0131 kararlar kapsam\u0131nda Adalet Bakanl\u0131\u011f\u0131 ve \u0130\u00e7i\u015fleri Bakanl\u0131\u011f\u0131\u2019nda \u00fcst d\u00fczey g\u00f6rev de\u011fi\u015fimleri yap\u0131ld\u0131. Kararname ile toplamda 5 ilin valisi de\u011fi\u015firken, \u00e7ok say\u0131da kaymakam ve vali yard\u0131mc\u0131s\u0131n\u0131n da g\u00f6rev yerleri yeniden belirlendi. Bu kapsaml\u0131 atama listesi, yerel y\u00f6netimlerde ve merkez te\u015fkilatlar\u0131nda yeni bir d\u00f6nemi ba\u015flatt\u0131.<\/p>\n<h2 data-path-to-node=\"5\">Adalet ve \u0130\u00e7i\u015fleri Bakanl\u0131klar\u0131nda Bakan Yard\u0131mc\u0131lar\u0131 De\u011fi\u015fti<\/h2>\n<p data-path-to-node=\"6\">2026\/60 say\u0131l\u0131 karar do\u011frultusunda Adalet Bakanl\u0131\u011f\u0131 b\u00fcnyesinde g\u00f6rev yapan Bakan Yard\u0131mc\u0131lar\u0131 Ramazan Can, Hur\u015fit Y\u0131ld\u0131r\u0131m, Mehmet Y\u0131lmaz ve Niyazi Acar g\u00f6revlerinden al\u0131nd\u0131. Bu isimlerin yerine Bakan Yard\u0131mc\u0131l\u0131\u011f\u0131 g\u00f6revlerine Abdullah Aydo\u011fdu, Burak Ceyhan, Can Tuncay ve Sedat Ayy\u0131ld\u0131z atand\u0131.<\/p>\n<p data-path-to-node=\"7\">\u0130\u00e7i\u015fleri Bakanl\u0131\u011f\u0131\u2019nda ise 2026\/61 say\u0131l\u0131 karar ile Bakan Yard\u0131mc\u0131lar\u0131 M\u00fcnir Karalo\u011flu, Mehmet Sa\u011flam ve Mehmet Akta\u015f g\u00f6revden ayr\u0131ld\u0131. Bo\u015falan koltuklara Hakkari Valisi Ali \u00c7elik,<strong>Afyonkarahisar Valisi K\u00fcbra G\u00fcran Yi\u011fitba\u015f\u0131<\/strong> ve Mehmet Cangir getirildi.<\/p>\n<h3 data-path-to-node=\"8\">5 \u0130le Yeni Vali Atamas\u0131 Yap\u0131ld\u0131<\/h3>\n<p data-path-to-node=\"9\">Cumhurba\u015fkanl\u0131\u011f\u0131 kararnamesinin 2. ve 3. maddeleri uyar\u0131nca 5 ilde valilik d\u00fczeyinde atamalar ger\u00e7ekle\u015ftirildi. U\u015fak Valisi Naci Akta\u015f Afyonkarahisar Valili\u011fine atan\u0131rken, Hakkari Valili\u011fine N\u00fcfus ve Vatanda\u015fl\u0131k \u0130\u015fleri Genel M\u00fcd\u00fcr\u00fc \u0130brahim Ta\u015fyapan getirildi. Destek Hizmetleri Dairesi Ba\u015fkan\u0131 Serdar Kartal U\u015fak Valisi, G\u00fcm\u00fc\u015fhane Valisi Ayd\u0131n Baru\u015f ise Erzurum Valisi olarak g\u00f6revlendirildi.<\/p>\n<p data-path-to-node=\"10\">G\u00fcm\u00fc\u015fhane Valili\u011fi g\u00f6revine ise Vali-M\u00fclkiye Ba\u015fm\u00fcfetti\u015fi Cevdet Atay atand\u0131. Bu atamalarla birlikte, g\u00f6rev yerleri de\u011fi\u015fen valilerin yerine gelen isimlerin \u00f6zge\u00e7mi\u015fleri ve \u00f6nceki g\u00f6revleri m\u00fclki idare amirleri s\u0131n\u0131fland\u0131rmas\u0131na g\u00f6re belirlendi.<\/p>\n<p data-path-to-node=\"10\">\u0131n\u0131fland\u0131rmas\u0131na g\u00f6re belirlendi.<\/p>\n<h3 data-path-to-node=\"11\">Kaymakam ve Vali Yard\u0131mc\u0131lar\u0131 Listesi G\u00fcncellendi<\/h3>\n<p data-path-to-node=\"12\">Atama kararlar\u0131n\u0131n eki olan listelerde \u00e7ok say\u0131da il\u00e7enin kaymakam\u0131 ve illerin vali yard\u0131mc\u0131lar\u0131 de\u011fi\u015fti. G\u00f6\u00e7 \u0130daresi Ba\u015fkanl\u0131\u011f\u0131 b\u00fcnyesinde daire ba\u015fkanl\u0131klar\u0131na Abdurrahman \u00c7elebi, Ertu\u011frul Aslan ve U\u011fur \u00dcnsal getirilirken; \u0130stanbul Sar\u0131yer, Ankara \u00c7ankaya ve Kahramankazan gibi kritik il\u00e7elerde yeni kaymakamlar g\u00f6reve ba\u015flad\u0131.<\/p>\n<p data-path-to-node=\"13\">Listenin devam\u0131nda, T\u00fcrkiye genelindeki pek \u00e7ok ilde vali yard\u0131mc\u0131l\u0131\u011f\u0131 kadrolar\u0131na yeni atamalar yap\u0131ld\u0131\u011f\u0131 g\u00f6r\u00fcld\u00fc. \u00d6zellikle Konya, Sakarya, Antalya ve Rize gibi illerdeki m\u00fclki idare amirli\u011fi kadrolar\u0131nda rotasyona gidilerek, \u00e7e\u015fitli il\u00e7elerden kaymakamlar\u0131n vali yard\u0131mc\u0131l\u0131\u011f\u0131 g\u00f6revine y\u00fckseltildi\u011fi veya yatay ge\u00e7i\u015f yapt\u0131\u011f\u0131 kay\u0131tlara ge\u00e7ti.<\/p>\n<h3 data-path-to-node=\"14\">Kaymakam Adaylar\u0131n\u0131n Atamalar\u0131 Tamamland\u0131<\/h3>\n<p data-path-to-node=\"15\">Hizmet i\u00e7i e\u011fitimlerini ve adayl\u0131k s\u00fcre\u00e7lerini tamamlayan \u00e7ok say\u0131da kaymakam aday\u0131, yay\u0131nlanan liste ile asil g\u00f6rev yerlerine atand\u0131. Kararname kapsam\u0131nda Ni\u011fde-\u00c7amard\u0131, Tokat-Ye\u015filyurt, Karaman-Ermenek ve Eski\u015fehir-Mihalgazi gibi bir\u00e7ok il\u00e7eye yeni kaymakam atamas\u0131 yap\u0131ld\u0131<\/p>\n<\/figure>\n<\/div>\n<\/div>\n<div id=\"main-text\" class=\"post-text mb20 word em dark-1 tleft detay\" data-zoom=\"4\">\n<p data-path-to-node=\"3\">Cumhurba\u015fkan\u0131 Recep Tayyip Erdo\u011fan\u2019\u0131n imzas\u0131yla 19 \u015eubat 2026 tarihli atama kararlar\u0131 Resmi Gazete\u2019de yay\u0131mlanarak y\u00fcr\u00fcrl\u00fc\u011fe girdi. Yay\u0131mlanan 2026\/60, 61 ve 62 say\u0131l\u0131 kararlar kapsam\u0131nda Adalet Bakanl\u0131\u011f\u0131 ve \u0130\u00e7i\u015fleri Bakanl\u0131\u011f\u0131\u2019nda \u00fcst d\u00fczey g\u00f6rev de\u011fi\u015fimleri yap\u0131ld\u0131. Kararname ile toplamda 5 ilin valisi de\u011fi\u015firken, \u00e7ok say\u0131da kaymakam ve vali yard\u0131mc\u0131s\u0131n\u0131n da g\u00f6rev<\/p>\n<\/div>\n","protected":false},"excerpt":{"rendered":"<p>19 \u015eubat 2026 tarihli Resmi Gazete&rsquo;de yay\u0131mlanan kararlarla Adalet ve \u0130\u00e7i\u015fleri Bakanl\u0131klar\u0131nda bakan yard\u0131mc\u0131lar\u0131 de\u011fi\u015fti, 5 ile yeni vali atand\u0131. \u0130\u015fte o isimler&#8230; Afyonkarahisar Valisi K\u00fcbra G\u00fcran Yi\u011fitba\u015f\u0131\u00a0 \u0130\u00e7i\u015fleri Bakan Yard\u0131mc\u0131 Oldu&#8230;. Cumhurba\u015fkan\u0131 Recep Tayyip Erdo\u011fan\u2019\u0131n imzas\u0131yla 19 \u015eubat 2026 tarihli atama kararlar\u0131 Resmi Gazete\u2019de yay\u0131mlanarak y\u00fcr\u00fcrl\u00fc\u011fe girdi. Yay\u0131mlanan 2026\/60, 61 ve 62 say\u0131l\u0131 kararlar [&hellip;]<\/p>\n","protected":false},"author":3,"featured_media":33012,"comment_status":"closed","ping_status":"open","sticky":false,"template":"","format":"standard","meta":{"footnotes":""},"categories":[14,16,3,17,18,15,19,2,1],"tags":[],"class_list":["post-33010","post","type-post","status-publish","format-standard","has-post-thumbnail","hentry","category-avrupa","category-belcika","category-dunya","category-ekonomi","category-kultur-sanat","category-spor","category-tanitim","category-turkiye","category-uncategorized"],"yoast_head":"<!-- This site is optimized with the Yoast SEO plugin v26.9 - https:\/\/yoast.com\/product\/yoast-seo-wordpress\/ -->\n<title>Adalet ve \u0130\u00e7i\u015fleri Bakan Yard\u0131mc\u0131lar\u0131 Belli Oldu Bakanl\u0131klarda ve Valiliklerde B\u00fcy\u00fck Atama Dalgas\u0131: 19 \u015eubat 2026 Kararlar\u0131 Yay\u0131nland\u0131 - AvrupaPress<\/title>\n<meta name=\"robots\" content=\"index, follow, max-snippet:-1, max-image-preview:large, max-video-preview:-1\" \/>\n<link rel=\"canonical\" href=\"https:\/\/avrupapress.com\/main\/2026\/02\/20\/adalet-ve-ic-isleri-bakan-yardimcilari-belli-oldu-bakanliklarda-ve-valiliklerde-buyuk-atama-dalgasi-19-subat-2026-kararlari-yayinlandi\/\" \/>\n<meta property=\"og:locale\" content=\"fr_FR\" \/>\n<meta property=\"og:type\" content=\"article\" \/>\n<meta property=\"og:title\" content=\"Adalet ve \u0130\u00e7i\u015fleri Bakan Yard\u0131mc\u0131lar\u0131 Belli Oldu Bakanl\u0131klarda ve Valiliklerde B\u00fcy\u00fck Atama Dalgas\u0131: 19 \u015eubat 2026 Kararlar\u0131 Yay\u0131nland\u0131 - AvrupaPress\" \/>\n<meta property=\"og:description\" content=\"19 \u015eubat 2026 tarihli Resmi Gazete&rsquo;de yay\u0131mlanan kararlarla Adalet ve \u0130\u00e7i\u015fleri Bakanl\u0131klar\u0131nda bakan yard\u0131mc\u0131lar\u0131 de\u011fi\u015fti, 5 ile yeni vali atand\u0131. \u0130\u015fte o isimler&#8230; Afyonkarahisar Valisi K\u00fcbra G\u00fcran Yi\u011fitba\u015f\u0131\u00a0 \u0130\u00e7i\u015fleri Bakan Yard\u0131mc\u0131 Oldu&#8230;. Cumhurba\u015fkan\u0131 Recep Tayyip Erdo\u011fan\u2019\u0131n imzas\u0131yla 19 \u015eubat 2026 tarihli atama kararlar\u0131 Resmi Gazete\u2019de yay\u0131mlanarak y\u00fcr\u00fcrl\u00fc\u011fe girdi. Yay\u0131mlanan 2026\/60, 61 ve 62 say\u0131l\u0131 kararlar [&hellip;]\" \/>\n<meta property=\"og:url\" content=\"https:\/\/avrupapress.com\/main\/2026\/02\/20\/adalet-ve-ic-isleri-bakan-yardimcilari-belli-oldu-bakanliklarda-ve-valiliklerde-buyuk-atama-dalgasi-19-subat-2026-kararlari-yayinlandi\/\" \/>\n<meta property=\"og:site_name\" content=\"AvrupaPress\" \/>\n<meta property=\"article:published_time\" content=\"2026-02-20T05:08:50+00:00\" \/>\n<meta property=\"article:modified_time\" content=\"2026-02-20T05:12:29+00:00\" \/>\n<meta property=\"og:image\" content=\"https:\/\/avrupapress.com\/main\/wp-content\/uploads\/2026\/02\/a5cdb2d5-eca0-4abf-bd3f-cfb32daec916-kopya-1778838920.webp\" \/>\n\t<meta property=\"og:image:width\" content=\"1280\" \/>\n\t<meta property=\"og:image:height\" content=\"720\" \/>\n\t<meta property=\"og:image:type\" content=\"image\/webp\" \/>\n<meta name=\"author\" content=\"Edit\u00f6r\" \/>\n<meta name=\"twitter:card\" content=\"summary_large_image\" \/>\n<meta name=\"twitter:label1\" content=\"\u00c9crit par\" \/>\n\t<meta name=\"twitter:data1\" content=\"Edit\u00f6r\" \/>\n\t<meta name=\"twitter:label2\" content=\"Dur\u00e9e de lecture est.\" \/>\n\t<meta name=\"twitter:data2\" content=\"3 minutes\" \/>\n<script type=\"application\/ld+json\" class=\"yoast-schema-graph\">{\"@context\":\"https:\/\/schema.org\",\"@graph\":[{\"@type\":\"Article\",\"@id\":\"https:\/\/avrupapress.com\/main\/2026\/02\/20\/adalet-ve-ic-isleri-bakan-yardimcilari-belli-oldu-bakanliklarda-ve-valiliklerde-buyuk-atama-dalgasi-19-subat-2026-kararlari-yayinlandi\/#article\",\"isPartOf\":{\"@id\":\"https:\/\/avrupapress.com\/main\/2026\/02\/20\/adalet-ve-ic-isleri-bakan-yardimcilari-belli-oldu-bakanliklarda-ve-valiliklerde-buyuk-atama-dalgasi-19-subat-2026-kararlari-yayinlandi\/\"},\"author\":{\"name\":\"Edit\u00f6r\",\"@id\":\"https:\/\/avrupapress.com\/#\/schema\/person\/68428444ec60970d1e1b700cf4ca1e8f\"},\"headline\":\"Adalet ve \u0130\u00e7i\u015fleri Bakan Yard\u0131mc\u0131lar\u0131 Belli Oldu Bakanl\u0131klarda ve Valiliklerde B\u00fcy\u00fck Atama Dalgas\u0131: 19 \u015eubat 2026 Kararlar\u0131 Yay\u0131nland\u0131\",\"datePublished\":\"2026-02-20T05:08:50+00:00\",\"dateModified\":\"2026-02-20T05:12:29+00:00\",\"mainEntityOfPage\":{\"@id\":\"https:\/\/avrupapress.com\/main\/2026\/02\/20\/adalet-ve-ic-isleri-bakan-yardimcilari-belli-oldu-bakanliklarda-ve-valiliklerde-buyuk-atama-dalgasi-19-subat-2026-kararlari-yayinlandi\/\"},\"wordCount\":656,\"publisher\":{\"@id\":\"https:\/\/avrupapress.com\/#\/schema\/person\/0223dca19c72c43575bf30d1a2d8f4fa\"},\"image\":{\"@id\":\"https:\/\/avrupapress.com\/main\/2026\/02\/20\/adalet-ve-ic-isleri-bakan-yardimcilari-belli-oldu-bakanliklarda-ve-valiliklerde-buyuk-atama-dalgasi-19-subat-2026-kararlari-yayinlandi\/#primaryimage\"},\"thumbnailUrl\":\"https:\/\/avrupapress.com\/main\/wp-content\/uploads\/2026\/02\/a5cdb2d5-eca0-4abf-bd3f-cfb32daec916-kopya-1778838920.webp\",\"articleSection\":[\"Avrupa\",\"Bel\u00e7ika\",\"D\u00fcnya\",\"Ekonomi\",\"K\u00fclt\u00fcr-Sanat\",\"Spor\",\"Tan\u0131t\u0131m\",\"T\u00fcrkiye\",\"Uncategorized\"],\"inLanguage\":\"fr-BE\"},{\"@type\":\"WebPage\",\"@id\":\"https:\/\/avrupapress.com\/main\/2026\/02\/20\/adalet-ve-ic-isleri-bakan-yardimcilari-belli-oldu-bakanliklarda-ve-valiliklerde-buyuk-atama-dalgasi-19-subat-2026-kararlari-yayinlandi\/\",\"url\":\"https:\/\/avrupapress.com\/main\/2026\/02\/20\/adalet-ve-ic-isleri-bakan-yardimcilari-belli-oldu-bakanliklarda-ve-valiliklerde-buyuk-atama-dalgasi-19-subat-2026-kararlari-yayinlandi\/\",\"name\":\"Adalet ve \u0130\u00e7i\u015fleri Bakan Yard\u0131mc\u0131lar\u0131 Belli Oldu Bakanl\u0131klarda ve Valiliklerde B\u00fcy\u00fck Atama Dalgas\u0131: 19 \u015eubat 2026 Kararlar\u0131 Yay\u0131nland\u0131 - AvrupaPress\",\"isPartOf\":{\"@id\":\"https:\/\/avrupapress.com\/#website\"},\"primaryImageOfPage\":{\"@id\":\"https:\/\/avrupapress.com\/main\/2026\/02\/20\/adalet-ve-ic-isleri-bakan-yardimcilari-belli-oldu-bakanliklarda-ve-valiliklerde-buyuk-atama-dalgasi-19-subat-2026-kararlari-yayinlandi\/#primaryimage\"},\"image\":{\"@id\":\"https:\/\/avrupapress.com\/main\/2026\/02\/20\/adalet-ve-ic-isleri-bakan-yardimcilari-belli-oldu-bakanliklarda-ve-valiliklerde-buyuk-atama-dalgasi-19-subat-2026-kararlari-yayinlandi\/#primaryimage\"},\"thumbnailUrl\":\"https:\/\/avrupapress.com\/main\/wp-content\/uploads\/2026\/02\/a5cdb2d5-eca0-4abf-bd3f-cfb32daec916-kopya-1778838920.webp\",\"datePublished\":\"2026-02-20T05:08:50+00:00\",\"dateModified\":\"2026-02-20T05:12:29+00:00\",\"breadcrumb\":{\"@id\":\"https:\/\/avrupapress.com\/main\/2026\/02\/20\/adalet-ve-ic-isleri-bakan-yardimcilari-belli-oldu-bakanliklarda-ve-valiliklerde-buyuk-atama-dalgasi-19-subat-2026-kararlari-yayinlandi\/#breadcrumb\"},\"inLanguage\":\"fr-BE\",\"potentialAction\":[{\"@type\":\"ReadAction\",\"target\":[\"https:\/\/avrupapress.com\/main\/2026\/02\/20\/adalet-ve-ic-isleri-bakan-yardimcilari-belli-oldu-bakanliklarda-ve-valiliklerde-buyuk-atama-dalgasi-19-subat-2026-kararlari-yayinlandi\/\"]}]},{\"@type\":\"ImageObject\",\"inLanguage\":\"fr-BE\",\"@id\":\"https:\/\/avrupapress.com\/main\/2026\/02\/20\/adalet-ve-ic-isleri-bakan-yardimcilari-belli-oldu-bakanliklarda-ve-valiliklerde-buyuk-atama-dalgasi-19-subat-2026-kararlari-yayinlandi\/#primaryimage\",\"url\":\"https:\/\/avrupapress.com\/main\/wp-content\/uploads\/2026\/02\/a5cdb2d5-eca0-4abf-bd3f-cfb32daec916-kopya-1778838920.webp\",\"contentUrl\":\"https:\/\/avrupapress.com\/main\/wp-content\/uploads\/2026\/02\/a5cdb2d5-eca0-4abf-bd3f-cfb32daec916-kopya-1778838920.webp\",\"width\":1280,\"height\":720},{\"@type\":\"BreadcrumbList\",\"@id\":\"https:\/\/avrupapress.com\/main\/2026\/02\/20\/adalet-ve-ic-isleri-bakan-yardimcilari-belli-oldu-bakanliklarda-ve-valiliklerde-buyuk-atama-dalgasi-19-subat-2026-kararlari-yayinlandi\/#breadcrumb\",\"itemListElement\":[{\"@type\":\"ListItem\",\"position\":1,\"name\":\"Anasayfa\",\"item\":\"https:\/\/avrupapress.com\/\"},{\"@type\":\"ListItem\",\"position\":2,\"name\":\"Adalet ve \u0130\u00e7i\u015fleri Bakan Yard\u0131mc\u0131lar\u0131 Belli Oldu Bakanl\u0131klarda ve Valiliklerde B\u00fcy\u00fck Atama Dalgas\u0131: 19 \u015eubat 2026 Kararlar\u0131 Yay\u0131nland\u0131\"}]},{\"@type\":\"WebSite\",\"@id\":\"https:\/\/avrupapress.com\/#website\",\"url\":\"https:\/\/avrupapress.com\/\",\"name\":\"AvrupaPress\",\"description\":\"Haberin Adresi\",\"publisher\":{\"@id\":\"https:\/\/avrupapress.com\/#\/schema\/person\/0223dca19c72c43575bf30d1a2d8f4fa\"},\"potentialAction\":[{\"@type\":\"SearchAction\",\"target\":{\"@type\":\"EntryPoint\",\"urlTemplate\":\"https:\/\/avrupapress.com\/?s={search_term_string}\"},\"query-input\":{\"@type\":\"PropertyValueSpecification\",\"valueRequired\":true,\"valueName\":\"search_term_string\"}}],\"inLanguage\":\"fr-BE\"},{\"@type\":[\"Person\",\"Organization\"],\"@id\":\"https:\/\/avrupapress.com\/#\/schema\/person\/0223dca19c72c43575bf30d1a2d8f4fa\",\"name\":\"Bilgin \u00d6z\u00e7ift\u00e7i\",\"image\":{\"@type\":\"ImageObject\",\"inLanguage\":\"fr-BE\",\"@id\":\"https:\/\/avrupapress.com\/#\/schema\/person\/image\/\",\"url\":\"https:\/\/secure.gravatar.com\/avatar\/0f23b280433a21e1ea7a0adcc46ed0ad16afe3ad8e630fd13d8a017dcbd54ef3?s=96&d=mm&r=g\",\"contentUrl\":\"https:\/\/secure.gravatar.com\/avatar\/0f23b280433a21e1ea7a0adcc46ed0ad16afe3ad8e630fd13d8a017dcbd54ef3?s=96&d=mm&r=g\",\"caption\":\"Bilgin \u00d6z\u00e7ift\u00e7i\"},\"logo\":{\"@id\":\"https:\/\/avrupapress.com\/#\/schema\/person\/image\/\"},\"description\":\"Ne ben, nede sen... Biz ancak \\\"biz\\\" olursak g\u00fc\u00e7l\u00fc olabiliriz\"},{\"@type\":\"Person\",\"@id\":\"https:\/\/avrupapress.com\/#\/schema\/person\/68428444ec60970d1e1b700cf4ca1e8f\",\"name\":\"Edit\u00f6r\",\"image\":{\"@type\":\"ImageObject\",\"inLanguage\":\"fr-BE\",\"@id\":\"https:\/\/avrupapress.com\/#\/schema\/person\/image\/\",\"url\":\"https:\/\/secure.gravatar.com\/avatar\/74996b0977aa5f1559ba9883776652508b229005c0d78fb2597897f0bd651c09?s=96&d=mm&r=g\",\"contentUrl\":\"https:\/\/secure.gravatar.com\/avatar\/74996b0977aa5f1559ba9883776652508b229005c0d78fb2597897f0bd651c09?s=96&d=mm&r=g\",\"caption\":\"Edit\u00f6r\"},\"sameAs\":[\"http:\/\/www.avrupapress.com\"],\"url\":\"https:\/\/avrupapress.com\/main\/author\/editor\/\"}]}<\/script>\n<!-- \/ Yoast SEO plugin. -->","yoast_head_json":{"title":"Adalet ve \u0130\u00e7i\u015fleri Bakan Yard\u0131mc\u0131lar\u0131 Belli Oldu Bakanl\u0131klarda ve Valiliklerde B\u00fcy\u00fck Atama Dalgas\u0131: 19 \u015eubat 2026 Kararlar\u0131 Yay\u0131nland\u0131 - AvrupaPress","robots":{"index":"index","follow":"follow","max-snippet":"max-snippet:-1","max-image-preview":"max-image-preview:large","max-video-preview":"max-video-preview:-1"},"canonical":"https:\/\/avrupapress.com\/main\/2026\/02\/20\/adalet-ve-ic-isleri-bakan-yardimcilari-belli-oldu-bakanliklarda-ve-valiliklerde-buyuk-atama-dalgasi-19-subat-2026-kararlari-yayinlandi\/","og_locale":"fr_FR","og_type":"article","og_title":"Adalet ve \u0130\u00e7i\u015fleri Bakan Yard\u0131mc\u0131lar\u0131 Belli Oldu Bakanl\u0131klarda ve Valiliklerde B\u00fcy\u00fck Atama Dalgas\u0131: 19 \u015eubat 2026 Kararlar\u0131 Yay\u0131nland\u0131 - AvrupaPress","og_description":"19 \u015eubat 2026 tarihli Resmi Gazete&rsquo;de yay\u0131mlanan kararlarla Adalet ve \u0130\u00e7i\u015fleri Bakanl\u0131klar\u0131nda bakan yard\u0131mc\u0131lar\u0131 de\u011fi\u015fti, 5 ile yeni vali atand\u0131. \u0130\u015fte o isimler&#8230; Afyonkarahisar Valisi K\u00fcbra G\u00fcran Yi\u011fitba\u015f\u0131\u00a0 \u0130\u00e7i\u015fleri Bakan Yard\u0131mc\u0131 Oldu&#8230;. Cumhurba\u015fkan\u0131 Recep Tayyip Erdo\u011fan\u2019\u0131n imzas\u0131yla 19 \u015eubat 2026 tarihli atama kararlar\u0131 Resmi Gazete\u2019de yay\u0131mlanarak y\u00fcr\u00fcrl\u00fc\u011fe girdi. Yay\u0131mlanan 2026\/60, 61 ve 62 say\u0131l\u0131 kararlar [&hellip;]","og_url":"https:\/\/avrupapress.com\/main\/2026\/02\/20\/adalet-ve-ic-isleri-bakan-yardimcilari-belli-oldu-bakanliklarda-ve-valiliklerde-buyuk-atama-dalgasi-19-subat-2026-kararlari-yayinlandi\/","og_site_name":"AvrupaPress","article_published_time":"2026-02-20T05:08:50+00:00","article_modified_time":"2026-02-20T05:12:29+00:00","og_image":[{"width":1280,"height":720,"url":"https:\/\/avrupapress.com\/main\/wp-content\/uploads\/2026\/02\/a5cdb2d5-eca0-4abf-bd3f-cfb32daec916-kopya-1778838920.webp","type":"image\/webp"}],"author":"Edit\u00f6r","twitter_card":"summary_large_image","twitter_misc":{"\u00c9crit par":"Edit\u00f6r","Dur\u00e9e de lecture est.":"3 minutes"},"schema":{"@context":"https:\/\/schema.org","@graph":[{"@type":"Article","@id":"https:\/\/avrupapress.com\/main\/2026\/02\/20\/adalet-ve-ic-isleri-bakan-yardimcilari-belli-oldu-bakanliklarda-ve-valiliklerde-buyuk-atama-dalgasi-19-subat-2026-kararlari-yayinlandi\/#article","isPartOf":{"@id":"https:\/\/avrupapress.com\/main\/2026\/02\/20\/adalet-ve-ic-isleri-bakan-yardimcilari-belli-oldu-bakanliklarda-ve-valiliklerde-buyuk-atama-dalgasi-19-subat-2026-kararlari-yayinlandi\/"},"author":{"name":"Edit\u00f6r","@id":"https:\/\/avrupapress.com\/#\/schema\/person\/68428444ec60970d1e1b700cf4ca1e8f"},"headline":"Adalet ve \u0130\u00e7i\u015fleri Bakan Yard\u0131mc\u0131lar\u0131 Belli Oldu Bakanl\u0131klarda ve Valiliklerde B\u00fcy\u00fck Atama Dalgas\u0131: 19 \u015eubat 2026 Kararlar\u0131 Yay\u0131nland\u0131","datePublished":"2026-02-20T05:08:50+00:00","dateModified":"2026-02-20T05:12:29+00:00","mainEntityOfPage":{"@id":"https:\/\/avrupapress.com\/main\/2026\/02\/20\/adalet-ve-ic-isleri-bakan-yardimcilari-belli-oldu-bakanliklarda-ve-valiliklerde-buyuk-atama-dalgasi-19-subat-2026-kararlari-yayinlandi\/"},"wordCount":656,"publisher":{"@id":"https:\/\/avrupapress.com\/#\/schema\/person\/0223dca19c72c43575bf30d1a2d8f4fa"},"image":{"@id":"https:\/\/avrupapress.com\/main\/2026\/02\/20\/adalet-ve-ic-isleri-bakan-yardimcilari-belli-oldu-bakanliklarda-ve-valiliklerde-buyuk-atama-dalgasi-19-subat-2026-kararlari-yayinlandi\/#primaryimage"},"thumbnailUrl":"https:\/\/avrupapress.com\/main\/wp-content\/uploads\/2026\/02\/a5cdb2d5-eca0-4abf-bd3f-cfb32daec916-kopya-1778838920.webp","articleSection":["Avrupa","Bel\u00e7ika","D\u00fcnya","Ekonomi","K\u00fclt\u00fcr-Sanat","Spor","Tan\u0131t\u0131m","T\u00fcrkiye","Uncategorized"],"inLanguage":"fr-BE"},{"@type":"WebPage","@id":"https:\/\/avrupapress.com\/main\/2026\/02\/20\/adalet-ve-ic-isleri-bakan-yardimcilari-belli-oldu-bakanliklarda-ve-valiliklerde-buyuk-atama-dalgasi-19-subat-2026-kararlari-yayinlandi\/","url":"https:\/\/avrupapress.com\/main\/2026\/02\/20\/adalet-ve-ic-isleri-bakan-yardimcilari-belli-oldu-bakanliklarda-ve-valiliklerde-buyuk-atama-dalgasi-19-subat-2026-kararlari-yayinlandi\/","name":"Adalet ve \u0130\u00e7i\u015fleri Bakan Yard\u0131mc\u0131lar\u0131 Belli Oldu Bakanl\u0131klarda ve Valiliklerde B\u00fcy\u00fck Atama Dalgas\u0131: 19 \u015eubat 2026 Kararlar\u0131 Yay\u0131nland\u0131 - AvrupaPress","isPartOf":{"@id":"https:\/\/avrupapress.com\/#website"},"primaryImageOfPage":{"@id":"https:\/\/avrupapress.com\/main\/2026\/02\/20\/adalet-ve-ic-isleri-bakan-yardimcilari-belli-oldu-bakanliklarda-ve-valiliklerde-buyuk-atama-dalgasi-19-subat-2026-kararlari-yayinlandi\/#primaryimage"},"image":{"@id":"https:\/\/avrupapress.com\/main\/2026\/02\/20\/adalet-ve-ic-isleri-bakan-yardimcilari-belli-oldu-bakanliklarda-ve-valiliklerde-buyuk-atama-dalgasi-19-subat-2026-kararlari-yayinlandi\/#primaryimage"},"thumbnailUrl":"https:\/\/avrupapress.com\/main\/wp-content\/uploads\/2026\/02\/a5cdb2d5-eca0-4abf-bd3f-cfb32daec916-kopya-1778838920.webp","datePublished":"2026-02-20T05:08:50+00:00","dateModified":"2026-02-20T05:12:29+00:00","breadcrumb":{"@id":"https:\/\/avrupapress.com\/main\/2026\/02\/20\/adalet-ve-ic-isleri-bakan-yardimcilari-belli-oldu-bakanliklarda-ve-valiliklerde-buyuk-atama-dalgasi-19-subat-2026-kararlari-yayinlandi\/#breadcrumb"},"inLanguage":"fr-BE","potentialAction":[{"@type":"ReadAction","target":["https:\/\/avrupapress.com\/main\/2026\/02\/20\/adalet-ve-ic-isleri-bakan-yardimcilari-belli-oldu-bakanliklarda-ve-valiliklerde-buyuk-atama-dalgasi-19-subat-2026-kararlari-yayinlandi\/"]}]},{"@type":"ImageObject","inLanguage":"fr-BE","@id":"https:\/\/avrupapress.com\/main\/2026\/02\/20\/adalet-ve-ic-isleri-bakan-yardimcilari-belli-oldu-bakanliklarda-ve-valiliklerde-buyuk-atama-dalgasi-19-subat-2026-kararlari-yayinlandi\/#primaryimage","url":"https:\/\/avrupapress.com\/main\/wp-content\/uploads\/2026\/02\/a5cdb2d5-eca0-4abf-bd3f-cfb32daec916-kopya-1778838920.webp","contentUrl":"https:\/\/avrupapress.com\/main\/wp-content\/uploads\/2026\/02\/a5cdb2d5-eca0-4abf-bd3f-cfb32daec916-kopya-1778838920.webp","width":1280,"height":720},{"@type":"BreadcrumbList","@id":"https:\/\/avrupapress.com\/main\/2026\/02\/20\/adalet-ve-ic-isleri-bakan-yardimcilari-belli-oldu-bakanliklarda-ve-valiliklerde-buyuk-atama-dalgasi-19-subat-2026-kararlari-yayinlandi\/#breadcrumb","itemListElement":[{"@type":"ListItem","position":1,"name":"Anasayfa","item":"https:\/\/avrupapress.com\/"},{"@type":"ListItem","position":2,"name":"Adalet ve \u0130\u00e7i\u015fleri Bakan Yard\u0131mc\u0131lar\u0131 Belli Oldu Bakanl\u0131klarda ve Valiliklerde B\u00fcy\u00fck Atama Dalgas\u0131: 19 \u015eubat 2026 Kararlar\u0131 Yay\u0131nland\u0131"}]},{"@type":"WebSite","@id":"https:\/\/avrupapress.com\/#website","url":"https:\/\/avrupapress.com\/","name":"AvrupaPress","description":"Haberin Adresi","publisher":{"@id":"https:\/\/avrupapress.com\/#\/schema\/person\/0223dca19c72c43575bf30d1a2d8f4fa"},"potentialAction":[{"@type":"SearchAction","target":{"@type":"EntryPoint","urlTemplate":"https:\/\/avrupapress.com\/?s={search_term_string}"},"query-input":{"@type":"PropertyValueSpecification","valueRequired":true,"valueName":"search_term_string"}}],"inLanguage":"fr-BE"},{"@type":["Person","Organization"],"@id":"https:\/\/avrupapress.com\/#\/schema\/person\/0223dca19c72c43575bf30d1a2d8f4fa","name":"Bilgin \u00d6z\u00e7ift\u00e7i","image":{"@type":"ImageObject","inLanguage":"fr-BE","@id":"https:\/\/avrupapress.com\/#\/schema\/person\/image\/","url":"https:\/\/secure.gravatar.com\/avatar\/0f23b280433a21e1ea7a0adcc46ed0ad16afe3ad8e630fd13d8a017dcbd54ef3?s=96&d=mm&r=g","contentUrl":"https:\/\/secure.gravatar.com\/avatar\/0f23b280433a21e1ea7a0adcc46ed0ad16afe3ad8e630fd13d8a017dcbd54ef3?s=96&d=mm&r=g","caption":"Bilgin \u00d6z\u00e7ift\u00e7i"},"logo":{"@id":"https:\/\/avrupapress.com\/#\/schema\/person\/image\/"},"description":"Ne ben, nede sen... Biz ancak \"biz\" olursak g\u00fc\u00e7l\u00fc olabiliriz"},{"@type":"Person","@id":"https:\/\/avrupapress.com\/#\/schema\/person\/68428444ec60970d1e1b700cf4ca1e8f","name":"Edit\u00f6r","image":{"@type":"ImageObject","inLanguage":"fr-BE","@id":"https:\/\/avrupapress.com\/#\/schema\/person\/image\/","url":"https:\/\/secure.gravatar.com\/avatar\/74996b0977aa5f1559ba9883776652508b229005c0d78fb2597897f0bd651c09?s=96&d=mm&r=g","contentUrl":"https:\/\/secure.gravatar.com\/avatar\/74996b0977aa5f1559ba9883776652508b229005c0d78fb2597897f0bd651c09?s=96&d=mm&r=g","caption":"Edit\u00f6r"},"sameAs":["http:\/\/www.avrupapress.com"],"url":"https:\/\/avrupapress.com\/main\/author\/editor\/"}]}},"_links":{"self":[{"href":"https:\/\/avrupapress.com\/main\/wp-json\/wp\/v2\/posts\/33010","targetHints":{"allow":["GET"]}}],"collection":[{"href":"https:\/\/avrupapress.com\/main\/wp-json\/wp\/v2\/posts"}],"about":[{"href":"https:\/\/avrupapress.com\/main\/wp-json\/wp\/v2\/types\/post"}],"author":[{"embeddable":true,"href":"https:\/\/avrupapress.com\/main\/wp-json\/wp\/v2\/users\/3"}],"replies":[{"embeddable":true,"href":"https:\/\/avrupapress.com\/main\/wp-json\/wp\/v2\/comments?post=33010"}],"version-history":[{"count":4,"href":"https:\/\/avrupapress.com\/main\/wp-json\/wp\/v2\/posts\/33010\/revisions"}],"predecessor-version":[{"id":33015,"href":"https:\/\/avrupapress.com\/main\/wp-json\/wp\/v2\/posts\/33010\/revisions\/33015"}],"wp:featuredmedia":[{"embeddable":true,"href":"https:\/\/avrupapress.com\/main\/wp-json\/wp\/v2\/media\/33012"}],"wp:attachment":[{"href":"https:\/\/avrupapress.com\/main\/wp-json\/wp\/v2\/media?parent=33010"}],"wp:term":[{"taxonomy":"category","embeddable":true,"href":"https:\/\/avrupapress.com\/main\/wp-json\/wp\/v2\/categories?post=33010"},{"taxonomy":"post_tag","embeddable":true,"href":"https:\/\/avrupapress.com\/main\/wp-json\/wp\/v2\/tags?post=33010"}],"curies":[{"name":"wp","href":"https:\/\/api.w.org\/{rel}","templated":true}]}}