{"id":32996,"date":"2026-02-19T18:26:02","date_gmt":"2026-02-19T18:26:02","guid":{"rendered":"https:\/\/avrupapress.com\/main\/?p=32996"},"modified":"2026-02-19T18:26:11","modified_gmt":"2026-02-19T18:26:11","slug":"emirdag-ilcesine-bagli-gomu-ortaokulu-avrupadan-etwinning-projesiyle-odulle-dondu","status":"publish","type":"post","link":"https:\/\/avrupapress.com\/main\/2026\/02\/19\/emirdag-ilcesine-bagli-gomu-ortaokulu-avrupadan-etwinning-projesiyle-odulle-dondu\/","title":{"rendered":"Emirda\u011f il\u00e7esine ba\u011fl\u0131 G\u00f6m\u00fc Ortaokulu, Avrupa\u2019dan \u2018eTwinning\u2019 projesiyle \u00f6d\u00fclle d\u00f6nd\u00fc"},"content":{"rendered":"<div dir=\"auto\" data-olk-copy-source=\"MessageBody\"><strong>HABER \/ FOTO\u011eRAF: ERTU\u011eRUL ALTINEL \u2013 B\u0130LG\u0130N \u00d6Z\u00c7\u0130FT\u00c7\u0130 \u2013 AVRUPA PRESS \u2013 BEL\u00c7\u0130KA.<\/strong><\/div>\n<div dir=\"auto\" data-olk-copy-source=\"MessageBody\"><\/div>\n<div dir=\"auto\">2025 E\u011fitim-\u00d6\u011fretim Y\u0131l\u0131\u2019nda Afyonkarahisar\u2019\u0131n Emirda\u011f il\u00e7esinde bulunan G\u00f6m\u00fc Ortaokulu; y\u00fcr\u00fctt\u00fc\u011f\u00fc iki \u2018eTwinning\u2019 projesiyle, hem \u2018Ulusal Kalite Etiketi\u2019 hem de \u2018Avrupa Kalite Etiketi\u2019 almaya hak kazand\u0131.<\/div>\n<div dir=\"auto\">Fen Bilimleri \u00d6\u011fretmeni Ay\u015fenur G\u00f6nen\u2019in koordinat\u00f6rl\u00fc\u011f\u00fcnde ger\u00e7ekle\u015ftirilen projeler, uluslararas\u0131 i\u015f birli\u011fi ve yenilik\u00e7i e\u011fitim uygulamalar\u0131yla dikkat \u00e7ekti. Ba\u015far\u0131 kapsam\u0131nda \u00f6\u011fretmen ve \u00f6\u011frencilere d\u00fczenlenen t\u00f6rende sertifikalar\u0131 takdim edildi. Sertifika t\u00f6reni i\u00e7in Emirda\u011f \u0130l\u00e7e Milli E\u011fitim M\u00fcd\u00fcr\u00fc G\u00fcrkan Emeksiz, G\u00f6m\u00fc Ortaokulu\u2019nu ziyaret etti. Ziyarette okul y\u00f6netimi, \u00f6\u011fretmenler ve \u00f6\u011frenciler haz\u0131r bulundu. \u0130l\u00e7e Milli E\u011fitim M\u00fcd\u00fcr\u00fc G\u00fcrkan Emeksiz, Fen Bilimleri \u00d6\u011fretmeni Ay\u015fenur G\u00f6nen\u2019i ve \u00f6\u011frencilerini tebrik etti.<\/div>\n<div dir=\"auto\">\u0130l\u00e7e Milli E\u011fitim M\u00fcd\u00fcr\u00fc G\u00fcrkan Emeksiz, \u2018\u2019eTwinning\u2019 projeleri, akademik ve sosyal geli\u015fimine katk\u0131 sa\u011flad\u0131. Emirda\u011f il\u00e7esi, e\u011fitim ve \u00f6\u011fretimde y\u00fcksek performans g\u00f6stermektedir\u2019\u2019 dedi.<\/div>\n<div dir=\"auto\">Okul y\u00f6netimi ise, \u2018\u2019Elde edilen kalite etiketleri, kurumsal ba\u015far\u0131 a\u00e7\u0131s\u0131ndan \u00f6nemlidir\u2019\u2019 dedi. Fen Bilimleri \u00d6\u011fretmeni Ay\u015fenur G\u00f6nen, \u2018\u2019Projeler, disiplinli bir \u00e7al\u0131\u015fma s\u00fcreci sonunda tamamland\u0131. \u2018eTwinning\u2019 program\u0131, Avrupa\u2019daki okullar aras\u0131nda dijital ortamda i\u015f birli\u011fi yap\u0131lmas\u0131n\u0131 ama\u00e7layan bir platform olarak biliniyor. \u2018Ulusal\u2019 ve \u2018Avrupa Kalite Etiketleri\u2019, projelerin belirlenen kalite standartlar\u0131n\u0131 kar\u015f\u0131lad\u0131\u011f\u0131n\u0131 g\u00f6steriyor. T\u00fcrkiye genelinde bir\u00e7ok okul bu program kapsam\u0131nda projeler y\u00fcr\u00fct\u00fcrken, kalite etiketi alan \u00e7al\u0131\u015fmalar ayr\u0131 bir de\u011ferlendirme s\u00fcrecinden ge\u00e7iyor. G\u00f6m\u00fc Ortaokulu\u2019nun elde etti\u011fi bu ba\u015far\u0131, il\u00e7edeki e\u011fitim faaliyetlerine katk\u0131 sa\u011flayan \u00f6rnek \u00e7al\u0131\u015fmalar aras\u0131nda g\u00f6steriliyor\u2019\u2019 dedi.<\/div>\n<div dir=\"auto\">Ziyaretin ard\u0131ndan \u0130l\u00e7e Milli E\u011fitim M\u00fcd\u00fcr\u00fc G\u00fcrkan Emeksiz, \u00f6\u011fretmenlerle bir araya gelerek e\u011fitim \u00e7al\u0131\u015fmalar\u0131 hakk\u0131nda de\u011ferlendirmelerde bulundu. Okul y\u00f6netimi, nazik ziyaretleri dolay\u0131s\u0131yla Emirda\u011f \u0130l\u00e7e Milli E\u011fitim M\u00fcd\u00fcr\u00fc G\u00fcrkan Emeksiz\u2019e te\u015fekk\u00fcr etti. G\u00f6m\u00fc Ortaokulu, \u00f6n\u00fcm\u00fczdeki d\u00f6nemde de \u2018ulusal\u2019 ve uluslararas\u0131 projelerde yer almay\u0131 s\u00fcrd\u00fcrmesi bekleniyor.<\/div>\n<div dir=\"auto\">G\u00f6m\u00fc Ortaokulu, iki \u2018eTwinning\u2019 projesiyle, hem \u2018Ulusal\u2019 hem de \u2018Avrupa Kalite Etiketi\u2019 ald\u0131. \u0130l\u00e7e Milli E\u011fitim M\u00fcd\u00fcr\u00fc G\u00fcrkan Emeksiz, \u00f6\u011fretmen ve \u00f6\u011frencilere sertifikalar\u0131n\u0131 t\u00f6renle takdim etti ve ba\u015far\u0131lar diledi.<\/div>\n<div dir=\"auto\"><\/div>\n<div dir=\"auto\"><\/div>\n<div dir=\"auto\"><img loading=\"lazy\" decoding=\"async\" class=\"alignnone size-medium wp-image-32997\" src=\"https:\/\/avrupapress.com\/main\/wp-content\/uploads\/2026\/02\/1395b76d-7801-411f-94bb-4128bb211874-300x225.jpg\" alt=\"\" width=\"300\" height=\"225\" srcset=\"https:\/\/avrupapress.com\/main\/wp-content\/uploads\/2026\/02\/1395b76d-7801-411f-94bb-4128bb211874-300x225.jpg 300w, https:\/\/avrupapress.com\/main\/wp-content\/uploads\/2026\/02\/1395b76d-7801-411f-94bb-4128bb211874-1024x768.jpg 1024w, https:\/\/avrupapress.com\/main\/wp-content\/uploads\/2026\/02\/1395b76d-7801-411f-94bb-4128bb211874-768x576.jpg 768w, https:\/\/avrupapress.com\/main\/wp-content\/uploads\/2026\/02\/1395b76d-7801-411f-94bb-4128bb211874-1536x1152.jpg 1536w, https:\/\/avrupapress.com\/main\/wp-content\/uploads\/2026\/02\/1395b76d-7801-411f-94bb-4128bb211874.jpg 1600w\" sizes=\"auto, (max-width: 300px) 100vw, 300px\" \/><\/div>\n<div dir=\"auto\"><img loading=\"lazy\" decoding=\"async\" class=\"alignnone size-medium wp-image-32998\" src=\"https:\/\/avrupapress.com\/main\/wp-content\/uploads\/2026\/02\/05a84ebe-03d8-4203-8585-56a7cb6a0172-300x138.jpg\" alt=\"\" width=\"300\" height=\"138\" srcset=\"https:\/\/avrupapress.com\/main\/wp-content\/uploads\/2026\/02\/05a84ebe-03d8-4203-8585-56a7cb6a0172-300x138.jpg 300w, https:\/\/avrupapress.com\/main\/wp-content\/uploads\/2026\/02\/05a84ebe-03d8-4203-8585-56a7cb6a0172-1024x471.jpg 1024w, https:\/\/avrupapress.com\/main\/wp-content\/uploads\/2026\/02\/05a84ebe-03d8-4203-8585-56a7cb6a0172-768x353.jpg 768w, https:\/\/avrupapress.com\/main\/wp-content\/uploads\/2026\/02\/05a84ebe-03d8-4203-8585-56a7cb6a0172.jpg 1292w\" sizes=\"auto, (max-width: 300px) 100vw, 300px\" \/><\/div>\n<div dir=\"auto\"><\/div>\n<div dir=\"auto\"><strong>HABER \/ FOTO\u011eRAF: ERTU\u011eRUL ALTINEL \u2013 B\u0130LG\u0130N \u00d6Z\u00c7\u0130FT\u00c7\u0130 \u2013 AVRUPA PRESS \u2013 BEL\u00c7\u0130KA.<\/strong><\/div>\n","protected":false},"excerpt":{"rendered":"<p>HABER \/ FOTO\u011eRAF: ERTU\u011eRUL ALTINEL \u2013 B\u0130LG\u0130N \u00d6Z\u00c7\u0130FT\u00c7\u0130 \u2013 AVRUPA PRESS \u2013 BEL\u00c7\u0130KA. 2025 E\u011fitim-\u00d6\u011fretim Y\u0131l\u0131\u2019nda Afyonkarahisar\u2019\u0131n Emirda\u011f il\u00e7esinde bulunan G\u00f6m\u00fc Ortaokulu; y\u00fcr\u00fctt\u00fc\u011f\u00fc iki \u2018eTwinning\u2019 projesiyle, hem \u2018Ulusal Kalite Etiketi\u2019 hem de \u2018Avrupa Kalite Etiketi\u2019 almaya hak kazand\u0131. Fen Bilimleri \u00d6\u011fretmeni Ay\u015fenur G\u00f6nen\u2019in koordinat\u00f6rl\u00fc\u011f\u00fcnde ger\u00e7ekle\u015ftirilen projeler, uluslararas\u0131 i\u015f birli\u011fi ve yenilik\u00e7i e\u011fitim uygulamalar\u0131yla dikkat \u00e7ekti. [&hellip;]<\/p>\n","protected":false},"author":3,"featured_media":32999,"comment_status":"closed","ping_status":"open","sticky":false,"template":"","format":"standard","meta":{"footnotes":""},"categories":[14,16,3,17,18,15,19,2,1],"tags":[],"class_list":["post-32996","post","type-post","status-publish","format-standard","has-post-thumbnail","hentry","category-avrupa","category-belcika","category-dunya","category-ekonomi","category-kultur-sanat","category-spor","category-tanitim","category-turkiye","category-uncategorized"],"yoast_head":"<!-- This site is optimized with the Yoast SEO plugin v26.9 - https:\/\/yoast.com\/product\/yoast-seo-wordpress\/ -->\n<title>Emirda\u011f il\u00e7esine ba\u011fl\u0131 G\u00f6m\u00fc Ortaokulu, Avrupa\u2019dan \u2018eTwinning\u2019 projesiyle \u00f6d\u00fclle d\u00f6nd\u00fc - AvrupaPress<\/title>\n<meta name=\"robots\" content=\"index, follow, max-snippet:-1, max-image-preview:large, max-video-preview:-1\" \/>\n<link rel=\"canonical\" href=\"https:\/\/avrupapress.com\/main\/2026\/02\/19\/emirdag-ilcesine-bagli-gomu-ortaokulu-avrupadan-etwinning-projesiyle-odulle-dondu\/\" \/>\n<meta property=\"og:locale\" content=\"fr_FR\" \/>\n<meta property=\"og:type\" content=\"article\" \/>\n<meta property=\"og:title\" content=\"Emirda\u011f il\u00e7esine ba\u011fl\u0131 G\u00f6m\u00fc Ortaokulu, Avrupa\u2019dan \u2018eTwinning\u2019 projesiyle \u00f6d\u00fclle d\u00f6nd\u00fc - AvrupaPress\" \/>\n<meta property=\"og:description\" content=\"HABER \/ FOTO\u011eRAF: ERTU\u011eRUL ALTINEL \u2013 B\u0130LG\u0130N \u00d6Z\u00c7\u0130FT\u00c7\u0130 \u2013 AVRUPA PRESS \u2013 BEL\u00c7\u0130KA. 2025 E\u011fitim-\u00d6\u011fretim Y\u0131l\u0131\u2019nda Afyonkarahisar\u2019\u0131n Emirda\u011f il\u00e7esinde bulunan G\u00f6m\u00fc Ortaokulu; y\u00fcr\u00fctt\u00fc\u011f\u00fc iki \u2018eTwinning\u2019 projesiyle, hem \u2018Ulusal Kalite Etiketi\u2019 hem de \u2018Avrupa Kalite Etiketi\u2019 almaya hak kazand\u0131. Fen Bilimleri \u00d6\u011fretmeni Ay\u015fenur G\u00f6nen\u2019in koordinat\u00f6rl\u00fc\u011f\u00fcnde ger\u00e7ekle\u015ftirilen projeler, uluslararas\u0131 i\u015f birli\u011fi ve yenilik\u00e7i e\u011fitim uygulamalar\u0131yla dikkat \u00e7ekti. [&hellip;]\" \/>\n<meta property=\"og:url\" content=\"https:\/\/avrupapress.com\/main\/2026\/02\/19\/emirdag-ilcesine-bagli-gomu-ortaokulu-avrupadan-etwinning-projesiyle-odulle-dondu\/\" \/>\n<meta property=\"og:site_name\" content=\"AvrupaPress\" \/>\n<meta property=\"article:published_time\" content=\"2026-02-19T18:26:02+00:00\" \/>\n<meta property=\"article:modified_time\" content=\"2026-02-19T18:26:11+00:00\" \/>\n<meta property=\"og:image\" content=\"https:\/\/avrupapress.com\/main\/wp-content\/uploads\/2026\/02\/05a84ebe-03d8-4203-8585-56a7cb6a0172-1.jpg\" \/>\n\t<meta property=\"og:image:width\" content=\"1292\" \/>\n\t<meta property=\"og:image:height\" content=\"594\" \/>\n\t<meta property=\"og:image:type\" content=\"image\/jpeg\" \/>\n<meta name=\"author\" content=\"Edit\u00f6r\" \/>\n<meta name=\"twitter:card\" content=\"summary_large_image\" \/>\n<meta name=\"twitter:label1\" content=\"\u00c9crit par\" \/>\n\t<meta name=\"twitter:data1\" content=\"Edit\u00f6r\" \/>\n\t<meta name=\"twitter:label2\" content=\"Dur\u00e9e de lecture est.\" \/>\n\t<meta name=\"twitter:data2\" content=\"3 minutes\" \/>\n<script type=\"application\/ld+json\" class=\"yoast-schema-graph\">{\"@context\":\"https:\/\/schema.org\",\"@graph\":[{\"@type\":\"Article\",\"@id\":\"https:\/\/avrupapress.com\/main\/2026\/02\/19\/emirdag-ilcesine-bagli-gomu-ortaokulu-avrupadan-etwinning-projesiyle-odulle-dondu\/#article\",\"isPartOf\":{\"@id\":\"https:\/\/avrupapress.com\/main\/2026\/02\/19\/emirdag-ilcesine-bagli-gomu-ortaokulu-avrupadan-etwinning-projesiyle-odulle-dondu\/\"},\"author\":{\"name\":\"Edit\u00f6r\",\"@id\":\"https:\/\/avrupapress.com\/#\/schema\/person\/68428444ec60970d1e1b700cf4ca1e8f\"},\"headline\":\"Emirda\u011f il\u00e7esine ba\u011fl\u0131 G\u00f6m\u00fc Ortaokulu, Avrupa\u2019dan \u2018eTwinning\u2019 projesiyle \u00f6d\u00fclle d\u00f6nd\u00fc\",\"datePublished\":\"2026-02-19T18:26:02+00:00\",\"dateModified\":\"2026-02-19T18:26:11+00:00\",\"mainEntityOfPage\":{\"@id\":\"https:\/\/avrupapress.com\/main\/2026\/02\/19\/emirdag-ilcesine-bagli-gomu-ortaokulu-avrupadan-etwinning-projesiyle-odulle-dondu\/\"},\"wordCount\":443,\"publisher\":{\"@id\":\"https:\/\/avrupapress.com\/#\/schema\/person\/0223dca19c72c43575bf30d1a2d8f4fa\"},\"image\":{\"@id\":\"https:\/\/avrupapress.com\/main\/2026\/02\/19\/emirdag-ilcesine-bagli-gomu-ortaokulu-avrupadan-etwinning-projesiyle-odulle-dondu\/#primaryimage\"},\"thumbnailUrl\":\"https:\/\/avrupapress.com\/main\/wp-content\/uploads\/2026\/02\/05a84ebe-03d8-4203-8585-56a7cb6a0172-1.jpg\",\"articleSection\":[\"Avrupa\",\"Bel\u00e7ika\",\"D\u00fcnya\",\"Ekonomi\",\"K\u00fclt\u00fcr-Sanat\",\"Spor\",\"Tan\u0131t\u0131m\",\"T\u00fcrkiye\",\"Uncategorized\"],\"inLanguage\":\"fr-BE\"},{\"@type\":\"WebPage\",\"@id\":\"https:\/\/avrupapress.com\/main\/2026\/02\/19\/emirdag-ilcesine-bagli-gomu-ortaokulu-avrupadan-etwinning-projesiyle-odulle-dondu\/\",\"url\":\"https:\/\/avrupapress.com\/main\/2026\/02\/19\/emirdag-ilcesine-bagli-gomu-ortaokulu-avrupadan-etwinning-projesiyle-odulle-dondu\/\",\"name\":\"Emirda\u011f il\u00e7esine ba\u011fl\u0131 G\u00f6m\u00fc Ortaokulu, Avrupa\u2019dan \u2018eTwinning\u2019 projesiyle \u00f6d\u00fclle d\u00f6nd\u00fc - AvrupaPress\",\"isPartOf\":{\"@id\":\"https:\/\/avrupapress.com\/#website\"},\"primaryImageOfPage\":{\"@id\":\"https:\/\/avrupapress.com\/main\/2026\/02\/19\/emirdag-ilcesine-bagli-gomu-ortaokulu-avrupadan-etwinning-projesiyle-odulle-dondu\/#primaryimage\"},\"image\":{\"@id\":\"https:\/\/avrupapress.com\/main\/2026\/02\/19\/emirdag-ilcesine-bagli-gomu-ortaokulu-avrupadan-etwinning-projesiyle-odulle-dondu\/#primaryimage\"},\"thumbnailUrl\":\"https:\/\/avrupapress.com\/main\/wp-content\/uploads\/2026\/02\/05a84ebe-03d8-4203-8585-56a7cb6a0172-1.jpg\",\"datePublished\":\"2026-02-19T18:26:02+00:00\",\"dateModified\":\"2026-02-19T18:26:11+00:00\",\"breadcrumb\":{\"@id\":\"https:\/\/avrupapress.com\/main\/2026\/02\/19\/emirdag-ilcesine-bagli-gomu-ortaokulu-avrupadan-etwinning-projesiyle-odulle-dondu\/#breadcrumb\"},\"inLanguage\":\"fr-BE\",\"potentialAction\":[{\"@type\":\"ReadAction\",\"target\":[\"https:\/\/avrupapress.com\/main\/2026\/02\/19\/emirdag-ilcesine-bagli-gomu-ortaokulu-avrupadan-etwinning-projesiyle-odulle-dondu\/\"]}]},{\"@type\":\"ImageObject\",\"inLanguage\":\"fr-BE\",\"@id\":\"https:\/\/avrupapress.com\/main\/2026\/02\/19\/emirdag-ilcesine-bagli-gomu-ortaokulu-avrupadan-etwinning-projesiyle-odulle-dondu\/#primaryimage\",\"url\":\"https:\/\/avrupapress.com\/main\/wp-content\/uploads\/2026\/02\/05a84ebe-03d8-4203-8585-56a7cb6a0172-1.jpg\",\"contentUrl\":\"https:\/\/avrupapress.com\/main\/wp-content\/uploads\/2026\/02\/05a84ebe-03d8-4203-8585-56a7cb6a0172-1.jpg\",\"width\":1292,\"height\":594},{\"@type\":\"BreadcrumbList\",\"@id\":\"https:\/\/avrupapress.com\/main\/2026\/02\/19\/emirdag-ilcesine-bagli-gomu-ortaokulu-avrupadan-etwinning-projesiyle-odulle-dondu\/#breadcrumb\",\"itemListElement\":[{\"@type\":\"ListItem\",\"position\":1,\"name\":\"Anasayfa\",\"item\":\"https:\/\/avrupapress.com\/\"},{\"@type\":\"ListItem\",\"position\":2,\"name\":\"Emirda\u011f il\u00e7esine ba\u011fl\u0131 G\u00f6m\u00fc Ortaokulu, Avrupa\u2019dan \u2018eTwinning\u2019 projesiyle \u00f6d\u00fclle d\u00f6nd\u00fc\"}]},{\"@type\":\"WebSite\",\"@id\":\"https:\/\/avrupapress.com\/#website\",\"url\":\"https:\/\/avrupapress.com\/\",\"name\":\"AvrupaPress\",\"description\":\"Haberin Adresi\",\"publisher\":{\"@id\":\"https:\/\/avrupapress.com\/#\/schema\/person\/0223dca19c72c43575bf30d1a2d8f4fa\"},\"potentialAction\":[{\"@type\":\"SearchAction\",\"target\":{\"@type\":\"EntryPoint\",\"urlTemplate\":\"https:\/\/avrupapress.com\/?s={search_term_string}\"},\"query-input\":{\"@type\":\"PropertyValueSpecification\",\"valueRequired\":true,\"valueName\":\"search_term_string\"}}],\"inLanguage\":\"fr-BE\"},{\"@type\":[\"Person\",\"Organization\"],\"@id\":\"https:\/\/avrupapress.com\/#\/schema\/person\/0223dca19c72c43575bf30d1a2d8f4fa\",\"name\":\"Bilgin \u00d6z\u00e7ift\u00e7i\",\"image\":{\"@type\":\"ImageObject\",\"inLanguage\":\"fr-BE\",\"@id\":\"https:\/\/avrupapress.com\/#\/schema\/person\/image\/\",\"url\":\"https:\/\/secure.gravatar.com\/avatar\/0f23b280433a21e1ea7a0adcc46ed0ad16afe3ad8e630fd13d8a017dcbd54ef3?s=96&d=mm&r=g\",\"contentUrl\":\"https:\/\/secure.gravatar.com\/avatar\/0f23b280433a21e1ea7a0adcc46ed0ad16afe3ad8e630fd13d8a017dcbd54ef3?s=96&d=mm&r=g\",\"caption\":\"Bilgin \u00d6z\u00e7ift\u00e7i\"},\"logo\":{\"@id\":\"https:\/\/avrupapress.com\/#\/schema\/person\/image\/\"},\"description\":\"Ne ben, nede sen... Biz ancak \\\"biz\\\" olursak g\u00fc\u00e7l\u00fc olabiliriz\"},{\"@type\":\"Person\",\"@id\":\"https:\/\/avrupapress.com\/#\/schema\/person\/68428444ec60970d1e1b700cf4ca1e8f\",\"name\":\"Edit\u00f6r\",\"image\":{\"@type\":\"ImageObject\",\"inLanguage\":\"fr-BE\",\"@id\":\"https:\/\/avrupapress.com\/#\/schema\/person\/image\/\",\"url\":\"https:\/\/secure.gravatar.com\/avatar\/74996b0977aa5f1559ba9883776652508b229005c0d78fb2597897f0bd651c09?s=96&d=mm&r=g\",\"contentUrl\":\"https:\/\/secure.gravatar.com\/avatar\/74996b0977aa5f1559ba9883776652508b229005c0d78fb2597897f0bd651c09?s=96&d=mm&r=g\",\"caption\":\"Edit\u00f6r\"},\"sameAs\":[\"http:\/\/www.avrupapress.com\"],\"url\":\"https:\/\/avrupapress.com\/main\/author\/editor\/\"}]}<\/script>\n<!-- \/ Yoast SEO plugin. -->","yoast_head_json":{"title":"Emirda\u011f il\u00e7esine ba\u011fl\u0131 G\u00f6m\u00fc Ortaokulu, Avrupa\u2019dan \u2018eTwinning\u2019 projesiyle \u00f6d\u00fclle d\u00f6nd\u00fc - AvrupaPress","robots":{"index":"index","follow":"follow","max-snippet":"max-snippet:-1","max-image-preview":"max-image-preview:large","max-video-preview":"max-video-preview:-1"},"canonical":"https:\/\/avrupapress.com\/main\/2026\/02\/19\/emirdag-ilcesine-bagli-gomu-ortaokulu-avrupadan-etwinning-projesiyle-odulle-dondu\/","og_locale":"fr_FR","og_type":"article","og_title":"Emirda\u011f il\u00e7esine ba\u011fl\u0131 G\u00f6m\u00fc Ortaokulu, Avrupa\u2019dan \u2018eTwinning\u2019 projesiyle \u00f6d\u00fclle d\u00f6nd\u00fc - AvrupaPress","og_description":"HABER \/ FOTO\u011eRAF: ERTU\u011eRUL ALTINEL \u2013 B\u0130LG\u0130N \u00d6Z\u00c7\u0130FT\u00c7\u0130 \u2013 AVRUPA PRESS \u2013 BEL\u00c7\u0130KA. 2025 E\u011fitim-\u00d6\u011fretim Y\u0131l\u0131\u2019nda Afyonkarahisar\u2019\u0131n Emirda\u011f il\u00e7esinde bulunan G\u00f6m\u00fc Ortaokulu; y\u00fcr\u00fctt\u00fc\u011f\u00fc iki \u2018eTwinning\u2019 projesiyle, hem \u2018Ulusal Kalite Etiketi\u2019 hem de \u2018Avrupa Kalite Etiketi\u2019 almaya hak kazand\u0131. Fen Bilimleri \u00d6\u011fretmeni Ay\u015fenur G\u00f6nen\u2019in koordinat\u00f6rl\u00fc\u011f\u00fcnde ger\u00e7ekle\u015ftirilen projeler, uluslararas\u0131 i\u015f birli\u011fi ve yenilik\u00e7i e\u011fitim uygulamalar\u0131yla dikkat \u00e7ekti. [&hellip;]","og_url":"https:\/\/avrupapress.com\/main\/2026\/02\/19\/emirdag-ilcesine-bagli-gomu-ortaokulu-avrupadan-etwinning-projesiyle-odulle-dondu\/","og_site_name":"AvrupaPress","article_published_time":"2026-02-19T18:26:02+00:00","article_modified_time":"2026-02-19T18:26:11+00:00","og_image":[{"width":1292,"height":594,"url":"https:\/\/avrupapress.com\/main\/wp-content\/uploads\/2026\/02\/05a84ebe-03d8-4203-8585-56a7cb6a0172-1.jpg","type":"image\/jpeg"}],"author":"Edit\u00f6r","twitter_card":"summary_large_image","twitter_misc":{"\u00c9crit par":"Edit\u00f6r","Dur\u00e9e de lecture est.":"3 minutes"},"schema":{"@context":"https:\/\/schema.org","@graph":[{"@type":"Article","@id":"https:\/\/avrupapress.com\/main\/2026\/02\/19\/emirdag-ilcesine-bagli-gomu-ortaokulu-avrupadan-etwinning-projesiyle-odulle-dondu\/#article","isPartOf":{"@id":"https:\/\/avrupapress.com\/main\/2026\/02\/19\/emirdag-ilcesine-bagli-gomu-ortaokulu-avrupadan-etwinning-projesiyle-odulle-dondu\/"},"author":{"name":"Edit\u00f6r","@id":"https:\/\/avrupapress.com\/#\/schema\/person\/68428444ec60970d1e1b700cf4ca1e8f"},"headline":"Emirda\u011f il\u00e7esine ba\u011fl\u0131 G\u00f6m\u00fc Ortaokulu, Avrupa\u2019dan \u2018eTwinning\u2019 projesiyle \u00f6d\u00fclle d\u00f6nd\u00fc","datePublished":"2026-02-19T18:26:02+00:00","dateModified":"2026-02-19T18:26:11+00:00","mainEntityOfPage":{"@id":"https:\/\/avrupapress.com\/main\/2026\/02\/19\/emirdag-ilcesine-bagli-gomu-ortaokulu-avrupadan-etwinning-projesiyle-odulle-dondu\/"},"wordCount":443,"publisher":{"@id":"https:\/\/avrupapress.com\/#\/schema\/person\/0223dca19c72c43575bf30d1a2d8f4fa"},"image":{"@id":"https:\/\/avrupapress.com\/main\/2026\/02\/19\/emirdag-ilcesine-bagli-gomu-ortaokulu-avrupadan-etwinning-projesiyle-odulle-dondu\/#primaryimage"},"thumbnailUrl":"https:\/\/avrupapress.com\/main\/wp-content\/uploads\/2026\/02\/05a84ebe-03d8-4203-8585-56a7cb6a0172-1.jpg","articleSection":["Avrupa","Bel\u00e7ika","D\u00fcnya","Ekonomi","K\u00fclt\u00fcr-Sanat","Spor","Tan\u0131t\u0131m","T\u00fcrkiye","Uncategorized"],"inLanguage":"fr-BE"},{"@type":"WebPage","@id":"https:\/\/avrupapress.com\/main\/2026\/02\/19\/emirdag-ilcesine-bagli-gomu-ortaokulu-avrupadan-etwinning-projesiyle-odulle-dondu\/","url":"https:\/\/avrupapress.com\/main\/2026\/02\/19\/emirdag-ilcesine-bagli-gomu-ortaokulu-avrupadan-etwinning-projesiyle-odulle-dondu\/","name":"Emirda\u011f il\u00e7esine ba\u011fl\u0131 G\u00f6m\u00fc Ortaokulu, Avrupa\u2019dan \u2018eTwinning\u2019 projesiyle \u00f6d\u00fclle d\u00f6nd\u00fc - AvrupaPress","isPartOf":{"@id":"https:\/\/avrupapress.com\/#website"},"primaryImageOfPage":{"@id":"https:\/\/avrupapress.com\/main\/2026\/02\/19\/emirdag-ilcesine-bagli-gomu-ortaokulu-avrupadan-etwinning-projesiyle-odulle-dondu\/#primaryimage"},"image":{"@id":"https:\/\/avrupapress.com\/main\/2026\/02\/19\/emirdag-ilcesine-bagli-gomu-ortaokulu-avrupadan-etwinning-projesiyle-odulle-dondu\/#primaryimage"},"thumbnailUrl":"https:\/\/avrupapress.com\/main\/wp-content\/uploads\/2026\/02\/05a84ebe-03d8-4203-8585-56a7cb6a0172-1.jpg","datePublished":"2026-02-19T18:26:02+00:00","dateModified":"2026-02-19T18:26:11+00:00","breadcrumb":{"@id":"https:\/\/avrupapress.com\/main\/2026\/02\/19\/emirdag-ilcesine-bagli-gomu-ortaokulu-avrupadan-etwinning-projesiyle-odulle-dondu\/#breadcrumb"},"inLanguage":"fr-BE","potentialAction":[{"@type":"ReadAction","target":["https:\/\/avrupapress.com\/main\/2026\/02\/19\/emirdag-ilcesine-bagli-gomu-ortaokulu-avrupadan-etwinning-projesiyle-odulle-dondu\/"]}]},{"@type":"ImageObject","inLanguage":"fr-BE","@id":"https:\/\/avrupapress.com\/main\/2026\/02\/19\/emirdag-ilcesine-bagli-gomu-ortaokulu-avrupadan-etwinning-projesiyle-odulle-dondu\/#primaryimage","url":"https:\/\/avrupapress.com\/main\/wp-content\/uploads\/2026\/02\/05a84ebe-03d8-4203-8585-56a7cb6a0172-1.jpg","contentUrl":"https:\/\/avrupapress.com\/main\/wp-content\/uploads\/2026\/02\/05a84ebe-03d8-4203-8585-56a7cb6a0172-1.jpg","width":1292,"height":594},{"@type":"BreadcrumbList","@id":"https:\/\/avrupapress.com\/main\/2026\/02\/19\/emirdag-ilcesine-bagli-gomu-ortaokulu-avrupadan-etwinning-projesiyle-odulle-dondu\/#breadcrumb","itemListElement":[{"@type":"ListItem","position":1,"name":"Anasayfa","item":"https:\/\/avrupapress.com\/"},{"@type":"ListItem","position":2,"name":"Emirda\u011f il\u00e7esine ba\u011fl\u0131 G\u00f6m\u00fc Ortaokulu, Avrupa\u2019dan \u2018eTwinning\u2019 projesiyle \u00f6d\u00fclle d\u00f6nd\u00fc"}]},{"@type":"WebSite","@id":"https:\/\/avrupapress.com\/#website","url":"https:\/\/avrupapress.com\/","name":"AvrupaPress","description":"Haberin Adresi","publisher":{"@id":"https:\/\/avrupapress.com\/#\/schema\/person\/0223dca19c72c43575bf30d1a2d8f4fa"},"potentialAction":[{"@type":"SearchAction","target":{"@type":"EntryPoint","urlTemplate":"https:\/\/avrupapress.com\/?s={search_term_string}"},"query-input":{"@type":"PropertyValueSpecification","valueRequired":true,"valueName":"search_term_string"}}],"inLanguage":"fr-BE"},{"@type":["Person","Organization"],"@id":"https:\/\/avrupapress.com\/#\/schema\/person\/0223dca19c72c43575bf30d1a2d8f4fa","name":"Bilgin \u00d6z\u00e7ift\u00e7i","image":{"@type":"ImageObject","inLanguage":"fr-BE","@id":"https:\/\/avrupapress.com\/#\/schema\/person\/image\/","url":"https:\/\/secure.gravatar.com\/avatar\/0f23b280433a21e1ea7a0adcc46ed0ad16afe3ad8e630fd13d8a017dcbd54ef3?s=96&d=mm&r=g","contentUrl":"https:\/\/secure.gravatar.com\/avatar\/0f23b280433a21e1ea7a0adcc46ed0ad16afe3ad8e630fd13d8a017dcbd54ef3?s=96&d=mm&r=g","caption":"Bilgin \u00d6z\u00e7ift\u00e7i"},"logo":{"@id":"https:\/\/avrupapress.com\/#\/schema\/person\/image\/"},"description":"Ne ben, nede sen... Biz ancak \"biz\" olursak g\u00fc\u00e7l\u00fc olabiliriz"},{"@type":"Person","@id":"https:\/\/avrupapress.com\/#\/schema\/person\/68428444ec60970d1e1b700cf4ca1e8f","name":"Edit\u00f6r","image":{"@type":"ImageObject","inLanguage":"fr-BE","@id":"https:\/\/avrupapress.com\/#\/schema\/person\/image\/","url":"https:\/\/secure.gravatar.com\/avatar\/74996b0977aa5f1559ba9883776652508b229005c0d78fb2597897f0bd651c09?s=96&d=mm&r=g","contentUrl":"https:\/\/secure.gravatar.com\/avatar\/74996b0977aa5f1559ba9883776652508b229005c0d78fb2597897f0bd651c09?s=96&d=mm&r=g","caption":"Edit\u00f6r"},"sameAs":["http:\/\/www.avrupapress.com"],"url":"https:\/\/avrupapress.com\/main\/author\/editor\/"}]}},"_links":{"self":[{"href":"https:\/\/avrupapress.com\/main\/wp-json\/wp\/v2\/posts\/32996","targetHints":{"allow":["GET"]}}],"collection":[{"href":"https:\/\/avrupapress.com\/main\/wp-json\/wp\/v2\/posts"}],"about":[{"href":"https:\/\/avrupapress.com\/main\/wp-json\/wp\/v2\/types\/post"}],"author":[{"embeddable":true,"href":"https:\/\/avrupapress.com\/main\/wp-json\/wp\/v2\/users\/3"}],"replies":[{"embeddable":true,"href":"https:\/\/avrupapress.com\/main\/wp-json\/wp\/v2\/comments?post=32996"}],"version-history":[{"count":1,"href":"https:\/\/avrupapress.com\/main\/wp-json\/wp\/v2\/posts\/32996\/revisions"}],"predecessor-version":[{"id":33000,"href":"https:\/\/avrupapress.com\/main\/wp-json\/wp\/v2\/posts\/32996\/revisions\/33000"}],"wp:featuredmedia":[{"embeddable":true,"href":"https:\/\/avrupapress.com\/main\/wp-json\/wp\/v2\/media\/32999"}],"wp:attachment":[{"href":"https:\/\/avrupapress.com\/main\/wp-json\/wp\/v2\/media?parent=32996"}],"wp:term":[{"taxonomy":"category","embeddable":true,"href":"https:\/\/avrupapress.com\/main\/wp-json\/wp\/v2\/categories?post=32996"},{"taxonomy":"post_tag","embeddable":true,"href":"https:\/\/avrupapress.com\/main\/wp-json\/wp\/v2\/tags?post=32996"}],"curies":[{"name":"wp","href":"https:\/\/api.w.org\/{rel}","templated":true}]}}