{"id":32992,"date":"2026-02-19T18:13:58","date_gmt":"2026-02-19T18:13:58","guid":{"rendered":"https:\/\/avrupapress.com\/main\/?p=32992"},"modified":"2026-02-19T18:14:04","modified_gmt":"2026-02-19T18:14:04","slug":"gurbetci-vatandas-hollanda-ordusunda-genral-oldu","status":"publish","type":"post","link":"https:\/\/avrupapress.com\/main\/2026\/02\/19\/gurbetci-vatandas-hollanda-ordusunda-genral-oldu\/","title":{"rendered":"Gurbetci Vatandas Hollanda ordusunda genral Oldu"},"content":{"rendered":"<div dir=\"auto\" data-olk-copy-source=\"MessageBody\"><strong>Gurbetci Vatandas Hollanda ordusunda genral Oldu<\/strong><\/div>\n<div dir=\"auto\" data-olk-copy-source=\"MessageBody\"><\/div>\n<div dir=\"auto\" data-olk-copy-source=\"MessageBody\">2003 y\u0131l\u0131nda Hollanda Ordusu\u2019nda y\u00fczba\u015f\u0131 olarak g\u00f6rev yaparken, \u00e7ifte vatanda\u015f oldu\u011fu i\u00e7in T\u00fcrk ordusunda Er olarak vatani g\u00f6revini tamamlayan Aslen Erzurumlu Cengiz \u015eahan, Hollanda\u2019da yeni kurulan Hava Destek Komutanl\u0131\u011f\u0131\u2019n\u0131n ba\u015f\u0131na getirildi. Tu\u011fgeneral r\u00fctbesindeki Cengiz \u015eahan g\u00f6revini t\u00f6renle devrald\u0131.<\/div>\n<div dir=\"auto\"><\/div>\n<div dir=\"auto\">\u00a0Hollanda tarihinde kuvvet komutanl\u0131\u011f\u0131 d\u00fczeyinde \u00fcst d\u00fczey g\u00f6reve getirilen ilk T\u00fcrk k\u00f6kenli subay olmu\u015ftur.<\/div>\n<div dir=\"auto\"><\/div>\n<div dir=\"auto\">\ud83d\uded1Allah yolunu a\u00e7\u0131k etsin Pa\u015fam seni her t\u00fcrl\u00fc k\u00f6t\u00fcl\u00fckten korusun\ud83e\udd32<\/div>\n<div dir=\"auto\"><\/div>\n<div dir=\"auto\">Gurbet\u00e7iler Pa\u015fam\u0131za Ma\u015fallah diyelim dua edelim sahip \u00e7\u0131kal\u0131m\ud83e\udd32<\/div>\n<div dir=\"auto\"><\/div>\n<div dir=\"auto\"><img loading=\"lazy\" decoding=\"async\" class=\"alignnone size-medium wp-image-32993\" src=\"https:\/\/avrupapress.com\/main\/wp-content\/uploads\/2026\/02\/e15ed3c8-805b-41cc-a82f-9bef21566258-211x300.jpg\" alt=\"\" width=\"211\" height=\"300\" srcset=\"https:\/\/avrupapress.com\/main\/wp-content\/uploads\/2026\/02\/e15ed3c8-805b-41cc-a82f-9bef21566258-211x300.jpg 211w, https:\/\/avrupapress.com\/main\/wp-content\/uploads\/2026\/02\/e15ed3c8-805b-41cc-a82f-9bef21566258-720x1024.jpg 720w, https:\/\/avrupapress.com\/main\/wp-content\/uploads\/2026\/02\/e15ed3c8-805b-41cc-a82f-9bef21566258-768x1092.jpg 768w, https:\/\/avrupapress.com\/main\/wp-content\/uploads\/2026\/02\/e15ed3c8-805b-41cc-a82f-9bef21566258.jpg 1080w\" sizes=\"auto, (max-width: 211px) 100vw, 211px\" \/><\/div>\n<div id=\"x_ms-outlook-mobile-body-separator-line\" dir=\"auto\" data-applydefaultfontstyles=\"true\">\n<div dir=\"auto\"><\/div>\n<\/div>\n","protected":false},"excerpt":{"rendered":"<p>Gurbetci Vatandas Hollanda ordusunda genral Oldu 2003 y\u0131l\u0131nda Hollanda Ordusu\u2019nda y\u00fczba\u015f\u0131 olarak g\u00f6rev yaparken, \u00e7ifte vatanda\u015f oldu\u011fu i\u00e7in T\u00fcrk ordusunda Er olarak vatani g\u00f6revini tamamlayan Aslen Erzurumlu Cengiz \u015eahan, Hollanda\u2019da yeni kurulan Hava Destek Komutanl\u0131\u011f\u0131\u2019n\u0131n ba\u015f\u0131na getirildi. Tu\u011fgeneral r\u00fctbesindeki Cengiz \u015eahan g\u00f6revini t\u00f6renle devrald\u0131. \u00a0Hollanda tarihinde kuvvet komutanl\u0131\u011f\u0131 d\u00fczeyinde \u00fcst d\u00fczey g\u00f6reve getirilen ilk T\u00fcrk [&hellip;]<\/p>\n","protected":false},"author":3,"featured_media":32994,"comment_status":"closed","ping_status":"open","sticky":false,"template":"","format":"standard","meta":{"footnotes":""},"categories":[14,16,3,17,18,15,19,2,1],"tags":[],"class_list":["post-32992","post","type-post","status-publish","format-standard","has-post-thumbnail","hentry","category-avrupa","category-belcika","category-dunya","category-ekonomi","category-kultur-sanat","category-spor","category-tanitim","category-turkiye","category-uncategorized"],"yoast_head":"<!-- This site is optimized with the Yoast SEO plugin v26.9 - https:\/\/yoast.com\/product\/yoast-seo-wordpress\/ -->\n<title>Gurbetci Vatandas Hollanda ordusunda genral Oldu - AvrupaPress<\/title>\n<meta name=\"robots\" content=\"index, follow, max-snippet:-1, max-image-preview:large, max-video-preview:-1\" \/>\n<link rel=\"canonical\" href=\"https:\/\/avrupapress.com\/main\/2026\/02\/19\/gurbetci-vatandas-hollanda-ordusunda-genral-oldu\/\" \/>\n<meta property=\"og:locale\" content=\"fr_FR\" \/>\n<meta property=\"og:type\" content=\"article\" \/>\n<meta property=\"og:title\" content=\"Gurbetci Vatandas Hollanda ordusunda genral Oldu - AvrupaPress\" \/>\n<meta property=\"og:description\" content=\"Gurbetci Vatandas Hollanda ordusunda genral Oldu 2003 y\u0131l\u0131nda Hollanda Ordusu\u2019nda y\u00fczba\u015f\u0131 olarak g\u00f6rev yaparken, \u00e7ifte vatanda\u015f oldu\u011fu i\u00e7in T\u00fcrk ordusunda Er olarak vatani g\u00f6revini tamamlayan Aslen Erzurumlu Cengiz \u015eahan, Hollanda\u2019da yeni kurulan Hava Destek Komutanl\u0131\u011f\u0131\u2019n\u0131n ba\u015f\u0131na getirildi. Tu\u011fgeneral r\u00fctbesindeki Cengiz \u015eahan g\u00f6revini t\u00f6renle devrald\u0131. \u00a0Hollanda tarihinde kuvvet komutanl\u0131\u011f\u0131 d\u00fczeyinde \u00fcst d\u00fczey g\u00f6reve getirilen ilk T\u00fcrk [&hellip;]\" \/>\n<meta property=\"og:url\" content=\"https:\/\/avrupapress.com\/main\/2026\/02\/19\/gurbetci-vatandas-hollanda-ordusunda-genral-oldu\/\" \/>\n<meta property=\"og:site_name\" content=\"AvrupaPress\" \/>\n<meta property=\"article:published_time\" content=\"2026-02-19T18:13:58+00:00\" \/>\n<meta property=\"article:modified_time\" content=\"2026-02-19T18:14:04+00:00\" \/>\n<meta property=\"og:image\" content=\"https:\/\/avrupapress.com\/main\/wp-content\/uploads\/2026\/02\/4a3db4d0-8e98-40e5-b678-26b6faf83b90-e1771524828172.jpg\" \/>\n\t<meta property=\"og:image:width\" content=\"1080\" \/>\n\t<meta property=\"og:image:height\" content=\"680\" \/>\n\t<meta property=\"og:image:type\" content=\"image\/jpeg\" \/>\n<meta name=\"author\" content=\"Edit\u00f6r\" \/>\n<meta name=\"twitter:card\" content=\"summary_large_image\" \/>\n<meta name=\"twitter:label1\" content=\"\u00c9crit par\" \/>\n\t<meta name=\"twitter:data1\" content=\"Edit\u00f6r\" \/>\n\t<meta name=\"twitter:label2\" content=\"Dur\u00e9e de lecture est.\" \/>\n\t<meta name=\"twitter:data2\" content=\"1 minute\" \/>\n<script type=\"application\/ld+json\" class=\"yoast-schema-graph\">{\"@context\":\"https:\/\/schema.org\",\"@graph\":[{\"@type\":\"Article\",\"@id\":\"https:\/\/avrupapress.com\/main\/2026\/02\/19\/gurbetci-vatandas-hollanda-ordusunda-genral-oldu\/#article\",\"isPartOf\":{\"@id\":\"https:\/\/avrupapress.com\/main\/2026\/02\/19\/gurbetci-vatandas-hollanda-ordusunda-genral-oldu\/\"},\"author\":{\"name\":\"Edit\u00f6r\",\"@id\":\"https:\/\/avrupapress.com\/#\/schema\/person\/68428444ec60970d1e1b700cf4ca1e8f\"},\"headline\":\"Gurbetci Vatandas Hollanda ordusunda genral Oldu\",\"datePublished\":\"2026-02-19T18:13:58+00:00\",\"dateModified\":\"2026-02-19T18:14:04+00:00\",\"mainEntityOfPage\":{\"@id\":\"https:\/\/avrupapress.com\/main\/2026\/02\/19\/gurbetci-vatandas-hollanda-ordusunda-genral-oldu\/\"},\"wordCount\":115,\"publisher\":{\"@id\":\"https:\/\/avrupapress.com\/#\/schema\/person\/0223dca19c72c43575bf30d1a2d8f4fa\"},\"image\":{\"@id\":\"https:\/\/avrupapress.com\/main\/2026\/02\/19\/gurbetci-vatandas-hollanda-ordusunda-genral-oldu\/#primaryimage\"},\"thumbnailUrl\":\"https:\/\/avrupapress.com\/main\/wp-content\/uploads\/2026\/02\/4a3db4d0-8e98-40e5-b678-26b6faf83b90-e1771524828172.jpg\",\"articleSection\":[\"Avrupa\",\"Bel\u00e7ika\",\"D\u00fcnya\",\"Ekonomi\",\"K\u00fclt\u00fcr-Sanat\",\"Spor\",\"Tan\u0131t\u0131m\",\"T\u00fcrkiye\",\"Uncategorized\"],\"inLanguage\":\"fr-BE\"},{\"@type\":\"WebPage\",\"@id\":\"https:\/\/avrupapress.com\/main\/2026\/02\/19\/gurbetci-vatandas-hollanda-ordusunda-genral-oldu\/\",\"url\":\"https:\/\/avrupapress.com\/main\/2026\/02\/19\/gurbetci-vatandas-hollanda-ordusunda-genral-oldu\/\",\"name\":\"Gurbetci Vatandas Hollanda ordusunda genral Oldu - AvrupaPress\",\"isPartOf\":{\"@id\":\"https:\/\/avrupapress.com\/#website\"},\"primaryImageOfPage\":{\"@id\":\"https:\/\/avrupapress.com\/main\/2026\/02\/19\/gurbetci-vatandas-hollanda-ordusunda-genral-oldu\/#primaryimage\"},\"image\":{\"@id\":\"https:\/\/avrupapress.com\/main\/2026\/02\/19\/gurbetci-vatandas-hollanda-ordusunda-genral-oldu\/#primaryimage\"},\"thumbnailUrl\":\"https:\/\/avrupapress.com\/main\/wp-content\/uploads\/2026\/02\/4a3db4d0-8e98-40e5-b678-26b6faf83b90-e1771524828172.jpg\",\"datePublished\":\"2026-02-19T18:13:58+00:00\",\"dateModified\":\"2026-02-19T18:14:04+00:00\",\"breadcrumb\":{\"@id\":\"https:\/\/avrupapress.com\/main\/2026\/02\/19\/gurbetci-vatandas-hollanda-ordusunda-genral-oldu\/#breadcrumb\"},\"inLanguage\":\"fr-BE\",\"potentialAction\":[{\"@type\":\"ReadAction\",\"target\":[\"https:\/\/avrupapress.com\/main\/2026\/02\/19\/gurbetci-vatandas-hollanda-ordusunda-genral-oldu\/\"]}]},{\"@type\":\"ImageObject\",\"inLanguage\":\"fr-BE\",\"@id\":\"https:\/\/avrupapress.com\/main\/2026\/02\/19\/gurbetci-vatandas-hollanda-ordusunda-genral-oldu\/#primaryimage\",\"url\":\"https:\/\/avrupapress.com\/main\/wp-content\/uploads\/2026\/02\/4a3db4d0-8e98-40e5-b678-26b6faf83b90-e1771524828172.jpg\",\"contentUrl\":\"https:\/\/avrupapress.com\/main\/wp-content\/uploads\/2026\/02\/4a3db4d0-8e98-40e5-b678-26b6faf83b90-e1771524828172.jpg\",\"width\":1080,\"height\":680},{\"@type\":\"BreadcrumbList\",\"@id\":\"https:\/\/avrupapress.com\/main\/2026\/02\/19\/gurbetci-vatandas-hollanda-ordusunda-genral-oldu\/#breadcrumb\",\"itemListElement\":[{\"@type\":\"ListItem\",\"position\":1,\"name\":\"Anasayfa\",\"item\":\"https:\/\/avrupapress.com\/\"},{\"@type\":\"ListItem\",\"position\":2,\"name\":\"Gurbetci Vatandas Hollanda ordusunda genral Oldu\"}]},{\"@type\":\"WebSite\",\"@id\":\"https:\/\/avrupapress.com\/#website\",\"url\":\"https:\/\/avrupapress.com\/\",\"name\":\"AvrupaPress\",\"description\":\"Haberin Adresi\",\"publisher\":{\"@id\":\"https:\/\/avrupapress.com\/#\/schema\/person\/0223dca19c72c43575bf30d1a2d8f4fa\"},\"potentialAction\":[{\"@type\":\"SearchAction\",\"target\":{\"@type\":\"EntryPoint\",\"urlTemplate\":\"https:\/\/avrupapress.com\/?s={search_term_string}\"},\"query-input\":{\"@type\":\"PropertyValueSpecification\",\"valueRequired\":true,\"valueName\":\"search_term_string\"}}],\"inLanguage\":\"fr-BE\"},{\"@type\":[\"Person\",\"Organization\"],\"@id\":\"https:\/\/avrupapress.com\/#\/schema\/person\/0223dca19c72c43575bf30d1a2d8f4fa\",\"name\":\"Bilgin \u00d6z\u00e7ift\u00e7i\",\"image\":{\"@type\":\"ImageObject\",\"inLanguage\":\"fr-BE\",\"@id\":\"https:\/\/avrupapress.com\/#\/schema\/person\/image\/\",\"url\":\"https:\/\/secure.gravatar.com\/avatar\/0f23b280433a21e1ea7a0adcc46ed0ad16afe3ad8e630fd13d8a017dcbd54ef3?s=96&d=mm&r=g\",\"contentUrl\":\"https:\/\/secure.gravatar.com\/avatar\/0f23b280433a21e1ea7a0adcc46ed0ad16afe3ad8e630fd13d8a017dcbd54ef3?s=96&d=mm&r=g\",\"caption\":\"Bilgin \u00d6z\u00e7ift\u00e7i\"},\"logo\":{\"@id\":\"https:\/\/avrupapress.com\/#\/schema\/person\/image\/\"},\"description\":\"Ne ben, nede sen... Biz ancak \\\"biz\\\" olursak g\u00fc\u00e7l\u00fc olabiliriz\"},{\"@type\":\"Person\",\"@id\":\"https:\/\/avrupapress.com\/#\/schema\/person\/68428444ec60970d1e1b700cf4ca1e8f\",\"name\":\"Edit\u00f6r\",\"image\":{\"@type\":\"ImageObject\",\"inLanguage\":\"fr-BE\",\"@id\":\"https:\/\/avrupapress.com\/#\/schema\/person\/image\/\",\"url\":\"https:\/\/secure.gravatar.com\/avatar\/74996b0977aa5f1559ba9883776652508b229005c0d78fb2597897f0bd651c09?s=96&d=mm&r=g\",\"contentUrl\":\"https:\/\/secure.gravatar.com\/avatar\/74996b0977aa5f1559ba9883776652508b229005c0d78fb2597897f0bd651c09?s=96&d=mm&r=g\",\"caption\":\"Edit\u00f6r\"},\"sameAs\":[\"http:\/\/www.avrupapress.com\"],\"url\":\"https:\/\/avrupapress.com\/main\/author\/editor\/\"}]}<\/script>\n<!-- \/ Yoast SEO plugin. -->","yoast_head_json":{"title":"Gurbetci Vatandas Hollanda ordusunda genral Oldu - AvrupaPress","robots":{"index":"index","follow":"follow","max-snippet":"max-snippet:-1","max-image-preview":"max-image-preview:large","max-video-preview":"max-video-preview:-1"},"canonical":"https:\/\/avrupapress.com\/main\/2026\/02\/19\/gurbetci-vatandas-hollanda-ordusunda-genral-oldu\/","og_locale":"fr_FR","og_type":"article","og_title":"Gurbetci Vatandas Hollanda ordusunda genral Oldu - AvrupaPress","og_description":"Gurbetci Vatandas Hollanda ordusunda genral Oldu 2003 y\u0131l\u0131nda Hollanda Ordusu\u2019nda y\u00fczba\u015f\u0131 olarak g\u00f6rev yaparken, \u00e7ifte vatanda\u015f oldu\u011fu i\u00e7in T\u00fcrk ordusunda Er olarak vatani g\u00f6revini tamamlayan Aslen Erzurumlu Cengiz \u015eahan, Hollanda\u2019da yeni kurulan Hava Destek Komutanl\u0131\u011f\u0131\u2019n\u0131n ba\u015f\u0131na getirildi. Tu\u011fgeneral r\u00fctbesindeki Cengiz \u015eahan g\u00f6revini t\u00f6renle devrald\u0131. \u00a0Hollanda tarihinde kuvvet komutanl\u0131\u011f\u0131 d\u00fczeyinde \u00fcst d\u00fczey g\u00f6reve getirilen ilk T\u00fcrk [&hellip;]","og_url":"https:\/\/avrupapress.com\/main\/2026\/02\/19\/gurbetci-vatandas-hollanda-ordusunda-genral-oldu\/","og_site_name":"AvrupaPress","article_published_time":"2026-02-19T18:13:58+00:00","article_modified_time":"2026-02-19T18:14:04+00:00","og_image":[{"width":1080,"height":680,"url":"https:\/\/avrupapress.com\/main\/wp-content\/uploads\/2026\/02\/4a3db4d0-8e98-40e5-b678-26b6faf83b90-e1771524828172.jpg","type":"image\/jpeg"}],"author":"Edit\u00f6r","twitter_card":"summary_large_image","twitter_misc":{"\u00c9crit par":"Edit\u00f6r","Dur\u00e9e de lecture est.":"1 minute"},"schema":{"@context":"https:\/\/schema.org","@graph":[{"@type":"Article","@id":"https:\/\/avrupapress.com\/main\/2026\/02\/19\/gurbetci-vatandas-hollanda-ordusunda-genral-oldu\/#article","isPartOf":{"@id":"https:\/\/avrupapress.com\/main\/2026\/02\/19\/gurbetci-vatandas-hollanda-ordusunda-genral-oldu\/"},"author":{"name":"Edit\u00f6r","@id":"https:\/\/avrupapress.com\/#\/schema\/person\/68428444ec60970d1e1b700cf4ca1e8f"},"headline":"Gurbetci Vatandas Hollanda ordusunda genral Oldu","datePublished":"2026-02-19T18:13:58+00:00","dateModified":"2026-02-19T18:14:04+00:00","mainEntityOfPage":{"@id":"https:\/\/avrupapress.com\/main\/2026\/02\/19\/gurbetci-vatandas-hollanda-ordusunda-genral-oldu\/"},"wordCount":115,"publisher":{"@id":"https:\/\/avrupapress.com\/#\/schema\/person\/0223dca19c72c43575bf30d1a2d8f4fa"},"image":{"@id":"https:\/\/avrupapress.com\/main\/2026\/02\/19\/gurbetci-vatandas-hollanda-ordusunda-genral-oldu\/#primaryimage"},"thumbnailUrl":"https:\/\/avrupapress.com\/main\/wp-content\/uploads\/2026\/02\/4a3db4d0-8e98-40e5-b678-26b6faf83b90-e1771524828172.jpg","articleSection":["Avrupa","Bel\u00e7ika","D\u00fcnya","Ekonomi","K\u00fclt\u00fcr-Sanat","Spor","Tan\u0131t\u0131m","T\u00fcrkiye","Uncategorized"],"inLanguage":"fr-BE"},{"@type":"WebPage","@id":"https:\/\/avrupapress.com\/main\/2026\/02\/19\/gurbetci-vatandas-hollanda-ordusunda-genral-oldu\/","url":"https:\/\/avrupapress.com\/main\/2026\/02\/19\/gurbetci-vatandas-hollanda-ordusunda-genral-oldu\/","name":"Gurbetci Vatandas Hollanda ordusunda genral Oldu - AvrupaPress","isPartOf":{"@id":"https:\/\/avrupapress.com\/#website"},"primaryImageOfPage":{"@id":"https:\/\/avrupapress.com\/main\/2026\/02\/19\/gurbetci-vatandas-hollanda-ordusunda-genral-oldu\/#primaryimage"},"image":{"@id":"https:\/\/avrupapress.com\/main\/2026\/02\/19\/gurbetci-vatandas-hollanda-ordusunda-genral-oldu\/#primaryimage"},"thumbnailUrl":"https:\/\/avrupapress.com\/main\/wp-content\/uploads\/2026\/02\/4a3db4d0-8e98-40e5-b678-26b6faf83b90-e1771524828172.jpg","datePublished":"2026-02-19T18:13:58+00:00","dateModified":"2026-02-19T18:14:04+00:00","breadcrumb":{"@id":"https:\/\/avrupapress.com\/main\/2026\/02\/19\/gurbetci-vatandas-hollanda-ordusunda-genral-oldu\/#breadcrumb"},"inLanguage":"fr-BE","potentialAction":[{"@type":"ReadAction","target":["https:\/\/avrupapress.com\/main\/2026\/02\/19\/gurbetci-vatandas-hollanda-ordusunda-genral-oldu\/"]}]},{"@type":"ImageObject","inLanguage":"fr-BE","@id":"https:\/\/avrupapress.com\/main\/2026\/02\/19\/gurbetci-vatandas-hollanda-ordusunda-genral-oldu\/#primaryimage","url":"https:\/\/avrupapress.com\/main\/wp-content\/uploads\/2026\/02\/4a3db4d0-8e98-40e5-b678-26b6faf83b90-e1771524828172.jpg","contentUrl":"https:\/\/avrupapress.com\/main\/wp-content\/uploads\/2026\/02\/4a3db4d0-8e98-40e5-b678-26b6faf83b90-e1771524828172.jpg","width":1080,"height":680},{"@type":"BreadcrumbList","@id":"https:\/\/avrupapress.com\/main\/2026\/02\/19\/gurbetci-vatandas-hollanda-ordusunda-genral-oldu\/#breadcrumb","itemListElement":[{"@type":"ListItem","position":1,"name":"Anasayfa","item":"https:\/\/avrupapress.com\/"},{"@type":"ListItem","position":2,"name":"Gurbetci Vatandas Hollanda ordusunda genral Oldu"}]},{"@type":"WebSite","@id":"https:\/\/avrupapress.com\/#website","url":"https:\/\/avrupapress.com\/","name":"AvrupaPress","description":"Haberin Adresi","publisher":{"@id":"https:\/\/avrupapress.com\/#\/schema\/person\/0223dca19c72c43575bf30d1a2d8f4fa"},"potentialAction":[{"@type":"SearchAction","target":{"@type":"EntryPoint","urlTemplate":"https:\/\/avrupapress.com\/?s={search_term_string}"},"query-input":{"@type":"PropertyValueSpecification","valueRequired":true,"valueName":"search_term_string"}}],"inLanguage":"fr-BE"},{"@type":["Person","Organization"],"@id":"https:\/\/avrupapress.com\/#\/schema\/person\/0223dca19c72c43575bf30d1a2d8f4fa","name":"Bilgin \u00d6z\u00e7ift\u00e7i","image":{"@type":"ImageObject","inLanguage":"fr-BE","@id":"https:\/\/avrupapress.com\/#\/schema\/person\/image\/","url":"https:\/\/secure.gravatar.com\/avatar\/0f23b280433a21e1ea7a0adcc46ed0ad16afe3ad8e630fd13d8a017dcbd54ef3?s=96&d=mm&r=g","contentUrl":"https:\/\/secure.gravatar.com\/avatar\/0f23b280433a21e1ea7a0adcc46ed0ad16afe3ad8e630fd13d8a017dcbd54ef3?s=96&d=mm&r=g","caption":"Bilgin \u00d6z\u00e7ift\u00e7i"},"logo":{"@id":"https:\/\/avrupapress.com\/#\/schema\/person\/image\/"},"description":"Ne ben, nede sen... Biz ancak \"biz\" olursak g\u00fc\u00e7l\u00fc olabiliriz"},{"@type":"Person","@id":"https:\/\/avrupapress.com\/#\/schema\/person\/68428444ec60970d1e1b700cf4ca1e8f","name":"Edit\u00f6r","image":{"@type":"ImageObject","inLanguage":"fr-BE","@id":"https:\/\/avrupapress.com\/#\/schema\/person\/image\/","url":"https:\/\/secure.gravatar.com\/avatar\/74996b0977aa5f1559ba9883776652508b229005c0d78fb2597897f0bd651c09?s=96&d=mm&r=g","contentUrl":"https:\/\/secure.gravatar.com\/avatar\/74996b0977aa5f1559ba9883776652508b229005c0d78fb2597897f0bd651c09?s=96&d=mm&r=g","caption":"Edit\u00f6r"},"sameAs":["http:\/\/www.avrupapress.com"],"url":"https:\/\/avrupapress.com\/main\/author\/editor\/"}]}},"_links":{"self":[{"href":"https:\/\/avrupapress.com\/main\/wp-json\/wp\/v2\/posts\/32992","targetHints":{"allow":["GET"]}}],"collection":[{"href":"https:\/\/avrupapress.com\/main\/wp-json\/wp\/v2\/posts"}],"about":[{"href":"https:\/\/avrupapress.com\/main\/wp-json\/wp\/v2\/types\/post"}],"author":[{"embeddable":true,"href":"https:\/\/avrupapress.com\/main\/wp-json\/wp\/v2\/users\/3"}],"replies":[{"embeddable":true,"href":"https:\/\/avrupapress.com\/main\/wp-json\/wp\/v2\/comments?post=32992"}],"version-history":[{"count":1,"href":"https:\/\/avrupapress.com\/main\/wp-json\/wp\/v2\/posts\/32992\/revisions"}],"predecessor-version":[{"id":32995,"href":"https:\/\/avrupapress.com\/main\/wp-json\/wp\/v2\/posts\/32992\/revisions\/32995"}],"wp:featuredmedia":[{"embeddable":true,"href":"https:\/\/avrupapress.com\/main\/wp-json\/wp\/v2\/media\/32994"}],"wp:attachment":[{"href":"https:\/\/avrupapress.com\/main\/wp-json\/wp\/v2\/media?parent=32992"}],"wp:term":[{"taxonomy":"category","embeddable":true,"href":"https:\/\/avrupapress.com\/main\/wp-json\/wp\/v2\/categories?post=32992"},{"taxonomy":"post_tag","embeddable":true,"href":"https:\/\/avrupapress.com\/main\/wp-json\/wp\/v2\/tags?post=32992"}],"curies":[{"name":"wp","href":"https:\/\/api.w.org\/{rel}","templated":true}]}}