{"id":32871,"date":"2026-02-14T21:24:39","date_gmt":"2026-02-14T21:24:39","guid":{"rendered":"https:\/\/avrupapress.com\/main\/?p=32871"},"modified":"2026-02-14T21:26:40","modified_gmt":"2026-02-14T21:26:40","slug":"emirdag-camilikoyunde-sina-cekmek","status":"publish","type":"post","link":"https:\/\/avrupapress.com\/main\/2026\/02\/14\/emirdag-camilikoyunde-sina-cekmek\/","title":{"rendered":"EM\u0130RDAG CAM\u0130L\u0130&rsquo;K\u00d6Y\u00dcNDE&#8230;&#8230;&#8230;&#8230;.. \u00a0 \u00a0 \u015eINA \u00c7EKMEK"},"content":{"rendered":"<p><span data-olk-copy-source=\"MessageBody\">GE\u00c7M\u0130\u015eTE CAM\u0130L\u0130&rsquo;DE&#8230;&#8230;&#8230;&#8230;.. \u00a0 \u00a0 \u015eINA \u00c7EKMEK<\/span><\/p>\n<p>&nbsp;<\/p>\n<div dir=\"auto\" data-olk-copy-source=\"MessageBody\">Beygir arabas\u0131 tekerleklerinin d\u0131\u015f k\u0131sm\u0131ndaki demir kasna\u011fa \u00a0\u015eINA denirdi. \u00a0\u015e\u0131na n\u0131n \u00e7ap\u0131 ah\u015fap kasnaktan k\u00fc\u00e7\u00fck olup \u015f\u0131na \u0131s\u0131t\u0131larak kasna\u011fa tak\u0131l\u0131r, so\u011fuyunca ah\u015fap tekeri s\u0131kard\u0131. Bu i\u015fleme \u015e\u0131na \u00e7ekme denirdi.<\/div>\n<div dir=\"auto\"><\/div>\n<div dir=\"auto\">\u00a0 \u00a0 \u00a0Baz\u0131 beygir arabalar\u0131n\u0131n tekerlekleri \u00e7amparal\u0131yd\u0131. Tekerlek d\u00f6nd\u00fck\u00e7e metal sesi \u00e7\u0131kar\u0131rd\u0131. Resimdeki anahtar \u015f\u0131na anahtar\u0131 olarak ge\u00e7er, tekerlek g\u00f6bek somununu s\u00f6kerdi. Di\u011fer ucuda bir i\u015fe yar\u0131yor ama ben bilmiyorum.<\/div>\n<div dir=\"auto\">\u00a0 \u00a0 \u00a0 \u00a0Bazen samanl\u0131klarda sayalarda duvara as\u0131l\u0131 \u015f\u0131na anahtar\u0131 g\u00f6z\u00fcn\u00fcze \u00e7arpar<\/div>\n<div dir=\"auto\"><\/div>\n<div dir=\"auto\"><img loading=\"lazy\" decoding=\"async\" class=\"alignnone size-medium wp-image-32872\" src=\"https:\/\/avrupapress.com\/main\/wp-content\/uploads\/2026\/02\/64d46fe3-00a5-4c53-8ac2-cec5db8f041b-300x110.jpg\" alt=\"\" width=\"300\" height=\"110\" srcset=\"https:\/\/avrupapress.com\/main\/wp-content\/uploads\/2026\/02\/64d46fe3-00a5-4c53-8ac2-cec5db8f041b-300x110.jpg 300w, https:\/\/avrupapress.com\/main\/wp-content\/uploads\/2026\/02\/64d46fe3-00a5-4c53-8ac2-cec5db8f041b-768x282.jpg 768w, https:\/\/avrupapress.com\/main\/wp-content\/uploads\/2026\/02\/64d46fe3-00a5-4c53-8ac2-cec5db8f041b.jpg 799w\" sizes=\"auto, (max-width: 300px) 100vw, 300px\" \/><\/div>\n<div dir=\"auto\"><\/div>\n<div dir=\"auto\"><strong>Bilgin\u00a0 Ozcifci\u00a0 \u00a0 \u00a0 \u00a0\/\u00a0 \u00a0 \u00a0 \u00a0AVRUPAPRESS<\/strong><\/div>\n","protected":false},"excerpt":{"rendered":"<p>GE\u00c7M\u0130\u015eTE CAM\u0130L\u0130&rsquo;DE&#8230;&#8230;&#8230;&#8230;.. \u00a0 \u00a0 \u015eINA \u00c7EKMEK &nbsp; Beygir arabas\u0131 tekerleklerinin d\u0131\u015f k\u0131sm\u0131ndaki demir kasna\u011fa \u00a0\u015eINA denirdi. \u00a0\u015e\u0131na n\u0131n \u00e7ap\u0131 ah\u015fap kasnaktan k\u00fc\u00e7\u00fck olup \u015f\u0131na \u0131s\u0131t\u0131larak kasna\u011fa tak\u0131l\u0131r, so\u011fuyunca ah\u015fap tekeri s\u0131kard\u0131. Bu i\u015fleme \u015e\u0131na \u00e7ekme denirdi. \u00a0 \u00a0 \u00a0Baz\u0131 beygir arabalar\u0131n\u0131n tekerlekleri \u00e7amparal\u0131yd\u0131. Tekerlek d\u00f6nd\u00fck\u00e7e metal sesi \u00e7\u0131kar\u0131rd\u0131. Resimdeki anahtar \u015f\u0131na anahtar\u0131 olarak ge\u00e7er, tekerlek [&hellip;]<\/p>\n","protected":false},"author":3,"featured_media":32873,"comment_status":"closed","ping_status":"open","sticky":false,"template":"","format":"standard","meta":{"footnotes":""},"categories":[14,16,3,17,18,15,19,2,1],"tags":[],"class_list":["post-32871","post","type-post","status-publish","format-standard","has-post-thumbnail","hentry","category-avrupa","category-belcika","category-dunya","category-ekonomi","category-kultur-sanat","category-spor","category-tanitim","category-turkiye","category-uncategorized"],"yoast_head":"<!-- This site is optimized with the Yoast SEO plugin v26.9 - https:\/\/yoast.com\/product\/yoast-seo-wordpress\/ -->\n<title>EM\u0130RDAG CAM\u0130L\u0130&#039;K\u00d6Y\u00dcNDE.............. \u00a0 \u00a0 \u015eINA \u00c7EKMEK - AvrupaPress<\/title>\n<meta name=\"robots\" content=\"index, follow, max-snippet:-1, max-image-preview:large, max-video-preview:-1\" \/>\n<link rel=\"canonical\" href=\"https:\/\/avrupapress.com\/main\/2026\/02\/14\/emirdag-camilikoyunde-sina-cekmek\/\" \/>\n<meta property=\"og:locale\" content=\"fr_FR\" \/>\n<meta property=\"og:type\" content=\"article\" \/>\n<meta property=\"og:title\" content=\"EM\u0130RDAG CAM\u0130L\u0130&#039;K\u00d6Y\u00dcNDE.............. \u00a0 \u00a0 \u015eINA \u00c7EKMEK - AvrupaPress\" \/>\n<meta property=\"og:description\" content=\"GE\u00c7M\u0130\u015eTE CAM\u0130L\u0130&rsquo;DE&#8230;&#8230;&#8230;&#8230;.. \u00a0 \u00a0 \u015eINA \u00c7EKMEK &nbsp; Beygir arabas\u0131 tekerleklerinin d\u0131\u015f k\u0131sm\u0131ndaki demir kasna\u011fa \u00a0\u015eINA denirdi. \u00a0\u015e\u0131na n\u0131n \u00e7ap\u0131 ah\u015fap kasnaktan k\u00fc\u00e7\u00fck olup \u015f\u0131na \u0131s\u0131t\u0131larak kasna\u011fa tak\u0131l\u0131r, so\u011fuyunca ah\u015fap tekeri s\u0131kard\u0131. Bu i\u015fleme \u015e\u0131na \u00e7ekme denirdi. \u00a0 \u00a0 \u00a0Baz\u0131 beygir arabalar\u0131n\u0131n tekerlekleri \u00e7amparal\u0131yd\u0131. Tekerlek d\u00f6nd\u00fck\u00e7e metal sesi \u00e7\u0131kar\u0131rd\u0131. Resimdeki anahtar \u015f\u0131na anahtar\u0131 olarak ge\u00e7er, tekerlek [&hellip;]\" \/>\n<meta property=\"og:url\" content=\"https:\/\/avrupapress.com\/main\/2026\/02\/14\/emirdag-camilikoyunde-sina-cekmek\/\" \/>\n<meta property=\"og:site_name\" content=\"AvrupaPress\" \/>\n<meta property=\"article:published_time\" content=\"2026-02-14T21:24:39+00:00\" \/>\n<meta property=\"article:modified_time\" content=\"2026-02-14T21:26:40+00:00\" \/>\n<meta property=\"og:image\" content=\"https:\/\/avrupapress.com\/main\/wp-content\/uploads\/2026\/02\/64d46fe3-00a5-4c53-8ac2-cec5db8f041b-1.jpg\" \/>\n\t<meta property=\"og:image:width\" content=\"799\" \/>\n\t<meta property=\"og:image:height\" content=\"293\" \/>\n\t<meta property=\"og:image:type\" content=\"image\/jpeg\" \/>\n<meta name=\"author\" content=\"Edit\u00f6r\" \/>\n<meta name=\"twitter:card\" content=\"summary_large_image\" \/>\n<meta name=\"twitter:label1\" content=\"\u00c9crit par\" \/>\n\t<meta name=\"twitter:data1\" content=\"Edit\u00f6r\" \/>\n\t<meta name=\"twitter:label2\" content=\"Dur\u00e9e de lecture est.\" \/>\n\t<meta name=\"twitter:data2\" content=\"1 minute\" \/>\n<script type=\"application\/ld+json\" class=\"yoast-schema-graph\">{\"@context\":\"https:\/\/schema.org\",\"@graph\":[{\"@type\":\"Article\",\"@id\":\"https:\/\/avrupapress.com\/main\/2026\/02\/14\/emirdag-camilikoyunde-sina-cekmek\/#article\",\"isPartOf\":{\"@id\":\"https:\/\/avrupapress.com\/main\/2026\/02\/14\/emirdag-camilikoyunde-sina-cekmek\/\"},\"author\":{\"name\":\"Edit\u00f6r\",\"@id\":\"https:\/\/avrupapress.com\/#\/schema\/person\/68428444ec60970d1e1b700cf4ca1e8f\"},\"headline\":\"EM\u0130RDAG CAM\u0130L\u0130&rsquo;K\u00d6Y\u00dcNDE&#8230;&#8230;&#8230;&#8230;.. \u00a0 \u00a0 \u015eINA \u00c7EKMEK\",\"datePublished\":\"2026-02-14T21:24:39+00:00\",\"dateModified\":\"2026-02-14T21:26:40+00:00\",\"mainEntityOfPage\":{\"@id\":\"https:\/\/avrupapress.com\/main\/2026\/02\/14\/emirdag-camilikoyunde-sina-cekmek\/\"},\"wordCount\":120,\"publisher\":{\"@id\":\"https:\/\/avrupapress.com\/#\/schema\/person\/0223dca19c72c43575bf30d1a2d8f4fa\"},\"image\":{\"@id\":\"https:\/\/avrupapress.com\/main\/2026\/02\/14\/emirdag-camilikoyunde-sina-cekmek\/#primaryimage\"},\"thumbnailUrl\":\"https:\/\/avrupapress.com\/main\/wp-content\/uploads\/2026\/02\/64d46fe3-00a5-4c53-8ac2-cec5db8f041b-1.jpg\",\"articleSection\":[\"Avrupa\",\"Bel\u00e7ika\",\"D\u00fcnya\",\"Ekonomi\",\"K\u00fclt\u00fcr-Sanat\",\"Spor\",\"Tan\u0131t\u0131m\",\"T\u00fcrkiye\",\"Uncategorized\"],\"inLanguage\":\"fr-BE\"},{\"@type\":\"WebPage\",\"@id\":\"https:\/\/avrupapress.com\/main\/2026\/02\/14\/emirdag-camilikoyunde-sina-cekmek\/\",\"url\":\"https:\/\/avrupapress.com\/main\/2026\/02\/14\/emirdag-camilikoyunde-sina-cekmek\/\",\"name\":\"EM\u0130RDAG CAM\u0130L\u0130'K\u00d6Y\u00dcNDE.............. \u00a0 \u00a0 \u015eINA \u00c7EKMEK - AvrupaPress\",\"isPartOf\":{\"@id\":\"https:\/\/avrupapress.com\/#website\"},\"primaryImageOfPage\":{\"@id\":\"https:\/\/avrupapress.com\/main\/2026\/02\/14\/emirdag-camilikoyunde-sina-cekmek\/#primaryimage\"},\"image\":{\"@id\":\"https:\/\/avrupapress.com\/main\/2026\/02\/14\/emirdag-camilikoyunde-sina-cekmek\/#primaryimage\"},\"thumbnailUrl\":\"https:\/\/avrupapress.com\/main\/wp-content\/uploads\/2026\/02\/64d46fe3-00a5-4c53-8ac2-cec5db8f041b-1.jpg\",\"datePublished\":\"2026-02-14T21:24:39+00:00\",\"dateModified\":\"2026-02-14T21:26:40+00:00\",\"breadcrumb\":{\"@id\":\"https:\/\/avrupapress.com\/main\/2026\/02\/14\/emirdag-camilikoyunde-sina-cekmek\/#breadcrumb\"},\"inLanguage\":\"fr-BE\",\"potentialAction\":[{\"@type\":\"ReadAction\",\"target\":[\"https:\/\/avrupapress.com\/main\/2026\/02\/14\/emirdag-camilikoyunde-sina-cekmek\/\"]}]},{\"@type\":\"ImageObject\",\"inLanguage\":\"fr-BE\",\"@id\":\"https:\/\/avrupapress.com\/main\/2026\/02\/14\/emirdag-camilikoyunde-sina-cekmek\/#primaryimage\",\"url\":\"https:\/\/avrupapress.com\/main\/wp-content\/uploads\/2026\/02\/64d46fe3-00a5-4c53-8ac2-cec5db8f041b-1.jpg\",\"contentUrl\":\"https:\/\/avrupapress.com\/main\/wp-content\/uploads\/2026\/02\/64d46fe3-00a5-4c53-8ac2-cec5db8f041b-1.jpg\",\"width\":799,\"height\":293},{\"@type\":\"BreadcrumbList\",\"@id\":\"https:\/\/avrupapress.com\/main\/2026\/02\/14\/emirdag-camilikoyunde-sina-cekmek\/#breadcrumb\",\"itemListElement\":[{\"@type\":\"ListItem\",\"position\":1,\"name\":\"Anasayfa\",\"item\":\"https:\/\/avrupapress.com\/\"},{\"@type\":\"ListItem\",\"position\":2,\"name\":\"EM\u0130RDAG CAM\u0130L\u0130&#8217;K\u00d6Y\u00dcNDE&#8230;&#8230;&#8230;&#8230;.. \u00a0 \u00a0 \u015eINA \u00c7EKMEK\"}]},{\"@type\":\"WebSite\",\"@id\":\"https:\/\/avrupapress.com\/#website\",\"url\":\"https:\/\/avrupapress.com\/\",\"name\":\"AvrupaPress\",\"description\":\"Haberin Adresi\",\"publisher\":{\"@id\":\"https:\/\/avrupapress.com\/#\/schema\/person\/0223dca19c72c43575bf30d1a2d8f4fa\"},\"potentialAction\":[{\"@type\":\"SearchAction\",\"target\":{\"@type\":\"EntryPoint\",\"urlTemplate\":\"https:\/\/avrupapress.com\/?s={search_term_string}\"},\"query-input\":{\"@type\":\"PropertyValueSpecification\",\"valueRequired\":true,\"valueName\":\"search_term_string\"}}],\"inLanguage\":\"fr-BE\"},{\"@type\":[\"Person\",\"Organization\"],\"@id\":\"https:\/\/avrupapress.com\/#\/schema\/person\/0223dca19c72c43575bf30d1a2d8f4fa\",\"name\":\"Bilgin \u00d6z\u00e7ift\u00e7i\",\"image\":{\"@type\":\"ImageObject\",\"inLanguage\":\"fr-BE\",\"@id\":\"https:\/\/avrupapress.com\/#\/schema\/person\/image\/\",\"url\":\"https:\/\/secure.gravatar.com\/avatar\/0f23b280433a21e1ea7a0adcc46ed0ad16afe3ad8e630fd13d8a017dcbd54ef3?s=96&d=mm&r=g\",\"contentUrl\":\"https:\/\/secure.gravatar.com\/avatar\/0f23b280433a21e1ea7a0adcc46ed0ad16afe3ad8e630fd13d8a017dcbd54ef3?s=96&d=mm&r=g\",\"caption\":\"Bilgin \u00d6z\u00e7ift\u00e7i\"},\"logo\":{\"@id\":\"https:\/\/avrupapress.com\/#\/schema\/person\/image\/\"},\"description\":\"Ne ben, nede sen... Biz ancak \\\"biz\\\" olursak g\u00fc\u00e7l\u00fc olabiliriz\"},{\"@type\":\"Person\",\"@id\":\"https:\/\/avrupapress.com\/#\/schema\/person\/68428444ec60970d1e1b700cf4ca1e8f\",\"name\":\"Edit\u00f6r\",\"image\":{\"@type\":\"ImageObject\",\"inLanguage\":\"fr-BE\",\"@id\":\"https:\/\/avrupapress.com\/#\/schema\/person\/image\/\",\"url\":\"https:\/\/secure.gravatar.com\/avatar\/74996b0977aa5f1559ba9883776652508b229005c0d78fb2597897f0bd651c09?s=96&d=mm&r=g\",\"contentUrl\":\"https:\/\/secure.gravatar.com\/avatar\/74996b0977aa5f1559ba9883776652508b229005c0d78fb2597897f0bd651c09?s=96&d=mm&r=g\",\"caption\":\"Edit\u00f6r\"},\"sameAs\":[\"http:\/\/www.avrupapress.com\"],\"url\":\"https:\/\/avrupapress.com\/main\/author\/editor\/\"}]}<\/script>\n<!-- \/ Yoast SEO plugin. -->","yoast_head_json":{"title":"EM\u0130RDAG CAM\u0130L\u0130'K\u00d6Y\u00dcNDE.............. \u00a0 \u00a0 \u015eINA \u00c7EKMEK - AvrupaPress","robots":{"index":"index","follow":"follow","max-snippet":"max-snippet:-1","max-image-preview":"max-image-preview:large","max-video-preview":"max-video-preview:-1"},"canonical":"https:\/\/avrupapress.com\/main\/2026\/02\/14\/emirdag-camilikoyunde-sina-cekmek\/","og_locale":"fr_FR","og_type":"article","og_title":"EM\u0130RDAG CAM\u0130L\u0130'K\u00d6Y\u00dcNDE.............. \u00a0 \u00a0 \u015eINA \u00c7EKMEK - AvrupaPress","og_description":"GE\u00c7M\u0130\u015eTE CAM\u0130L\u0130&rsquo;DE&#8230;&#8230;&#8230;&#8230;.. \u00a0 \u00a0 \u015eINA \u00c7EKMEK &nbsp; Beygir arabas\u0131 tekerleklerinin d\u0131\u015f k\u0131sm\u0131ndaki demir kasna\u011fa \u00a0\u015eINA denirdi. \u00a0\u015e\u0131na n\u0131n \u00e7ap\u0131 ah\u015fap kasnaktan k\u00fc\u00e7\u00fck olup \u015f\u0131na \u0131s\u0131t\u0131larak kasna\u011fa tak\u0131l\u0131r, so\u011fuyunca ah\u015fap tekeri s\u0131kard\u0131. Bu i\u015fleme \u015e\u0131na \u00e7ekme denirdi. \u00a0 \u00a0 \u00a0Baz\u0131 beygir arabalar\u0131n\u0131n tekerlekleri \u00e7amparal\u0131yd\u0131. Tekerlek d\u00f6nd\u00fck\u00e7e metal sesi \u00e7\u0131kar\u0131rd\u0131. Resimdeki anahtar \u015f\u0131na anahtar\u0131 olarak ge\u00e7er, tekerlek [&hellip;]","og_url":"https:\/\/avrupapress.com\/main\/2026\/02\/14\/emirdag-camilikoyunde-sina-cekmek\/","og_site_name":"AvrupaPress","article_published_time":"2026-02-14T21:24:39+00:00","article_modified_time":"2026-02-14T21:26:40+00:00","og_image":[{"width":799,"height":293,"url":"https:\/\/avrupapress.com\/main\/wp-content\/uploads\/2026\/02\/64d46fe3-00a5-4c53-8ac2-cec5db8f041b-1.jpg","type":"image\/jpeg"}],"author":"Edit\u00f6r","twitter_card":"summary_large_image","twitter_misc":{"\u00c9crit par":"Edit\u00f6r","Dur\u00e9e de lecture est.":"1 minute"},"schema":{"@context":"https:\/\/schema.org","@graph":[{"@type":"Article","@id":"https:\/\/avrupapress.com\/main\/2026\/02\/14\/emirdag-camilikoyunde-sina-cekmek\/#article","isPartOf":{"@id":"https:\/\/avrupapress.com\/main\/2026\/02\/14\/emirdag-camilikoyunde-sina-cekmek\/"},"author":{"name":"Edit\u00f6r","@id":"https:\/\/avrupapress.com\/#\/schema\/person\/68428444ec60970d1e1b700cf4ca1e8f"},"headline":"EM\u0130RDAG CAM\u0130L\u0130&rsquo;K\u00d6Y\u00dcNDE&#8230;&#8230;&#8230;&#8230;.. \u00a0 \u00a0 \u015eINA \u00c7EKMEK","datePublished":"2026-02-14T21:24:39+00:00","dateModified":"2026-02-14T21:26:40+00:00","mainEntityOfPage":{"@id":"https:\/\/avrupapress.com\/main\/2026\/02\/14\/emirdag-camilikoyunde-sina-cekmek\/"},"wordCount":120,"publisher":{"@id":"https:\/\/avrupapress.com\/#\/schema\/person\/0223dca19c72c43575bf30d1a2d8f4fa"},"image":{"@id":"https:\/\/avrupapress.com\/main\/2026\/02\/14\/emirdag-camilikoyunde-sina-cekmek\/#primaryimage"},"thumbnailUrl":"https:\/\/avrupapress.com\/main\/wp-content\/uploads\/2026\/02\/64d46fe3-00a5-4c53-8ac2-cec5db8f041b-1.jpg","articleSection":["Avrupa","Bel\u00e7ika","D\u00fcnya","Ekonomi","K\u00fclt\u00fcr-Sanat","Spor","Tan\u0131t\u0131m","T\u00fcrkiye","Uncategorized"],"inLanguage":"fr-BE"},{"@type":"WebPage","@id":"https:\/\/avrupapress.com\/main\/2026\/02\/14\/emirdag-camilikoyunde-sina-cekmek\/","url":"https:\/\/avrupapress.com\/main\/2026\/02\/14\/emirdag-camilikoyunde-sina-cekmek\/","name":"EM\u0130RDAG CAM\u0130L\u0130'K\u00d6Y\u00dcNDE.............. \u00a0 \u00a0 \u015eINA \u00c7EKMEK - AvrupaPress","isPartOf":{"@id":"https:\/\/avrupapress.com\/#website"},"primaryImageOfPage":{"@id":"https:\/\/avrupapress.com\/main\/2026\/02\/14\/emirdag-camilikoyunde-sina-cekmek\/#primaryimage"},"image":{"@id":"https:\/\/avrupapress.com\/main\/2026\/02\/14\/emirdag-camilikoyunde-sina-cekmek\/#primaryimage"},"thumbnailUrl":"https:\/\/avrupapress.com\/main\/wp-content\/uploads\/2026\/02\/64d46fe3-00a5-4c53-8ac2-cec5db8f041b-1.jpg","datePublished":"2026-02-14T21:24:39+00:00","dateModified":"2026-02-14T21:26:40+00:00","breadcrumb":{"@id":"https:\/\/avrupapress.com\/main\/2026\/02\/14\/emirdag-camilikoyunde-sina-cekmek\/#breadcrumb"},"inLanguage":"fr-BE","potentialAction":[{"@type":"ReadAction","target":["https:\/\/avrupapress.com\/main\/2026\/02\/14\/emirdag-camilikoyunde-sina-cekmek\/"]}]},{"@type":"ImageObject","inLanguage":"fr-BE","@id":"https:\/\/avrupapress.com\/main\/2026\/02\/14\/emirdag-camilikoyunde-sina-cekmek\/#primaryimage","url":"https:\/\/avrupapress.com\/main\/wp-content\/uploads\/2026\/02\/64d46fe3-00a5-4c53-8ac2-cec5db8f041b-1.jpg","contentUrl":"https:\/\/avrupapress.com\/main\/wp-content\/uploads\/2026\/02\/64d46fe3-00a5-4c53-8ac2-cec5db8f041b-1.jpg","width":799,"height":293},{"@type":"BreadcrumbList","@id":"https:\/\/avrupapress.com\/main\/2026\/02\/14\/emirdag-camilikoyunde-sina-cekmek\/#breadcrumb","itemListElement":[{"@type":"ListItem","position":1,"name":"Anasayfa","item":"https:\/\/avrupapress.com\/"},{"@type":"ListItem","position":2,"name":"EM\u0130RDAG CAM\u0130L\u0130&#8217;K\u00d6Y\u00dcNDE&#8230;&#8230;&#8230;&#8230;.. \u00a0 \u00a0 \u015eINA \u00c7EKMEK"}]},{"@type":"WebSite","@id":"https:\/\/avrupapress.com\/#website","url":"https:\/\/avrupapress.com\/","name":"AvrupaPress","description":"Haberin Adresi","publisher":{"@id":"https:\/\/avrupapress.com\/#\/schema\/person\/0223dca19c72c43575bf30d1a2d8f4fa"},"potentialAction":[{"@type":"SearchAction","target":{"@type":"EntryPoint","urlTemplate":"https:\/\/avrupapress.com\/?s={search_term_string}"},"query-input":{"@type":"PropertyValueSpecification","valueRequired":true,"valueName":"search_term_string"}}],"inLanguage":"fr-BE"},{"@type":["Person","Organization"],"@id":"https:\/\/avrupapress.com\/#\/schema\/person\/0223dca19c72c43575bf30d1a2d8f4fa","name":"Bilgin \u00d6z\u00e7ift\u00e7i","image":{"@type":"ImageObject","inLanguage":"fr-BE","@id":"https:\/\/avrupapress.com\/#\/schema\/person\/image\/","url":"https:\/\/secure.gravatar.com\/avatar\/0f23b280433a21e1ea7a0adcc46ed0ad16afe3ad8e630fd13d8a017dcbd54ef3?s=96&d=mm&r=g","contentUrl":"https:\/\/secure.gravatar.com\/avatar\/0f23b280433a21e1ea7a0adcc46ed0ad16afe3ad8e630fd13d8a017dcbd54ef3?s=96&d=mm&r=g","caption":"Bilgin \u00d6z\u00e7ift\u00e7i"},"logo":{"@id":"https:\/\/avrupapress.com\/#\/schema\/person\/image\/"},"description":"Ne ben, nede sen... Biz ancak \"biz\" olursak g\u00fc\u00e7l\u00fc olabiliriz"},{"@type":"Person","@id":"https:\/\/avrupapress.com\/#\/schema\/person\/68428444ec60970d1e1b700cf4ca1e8f","name":"Edit\u00f6r","image":{"@type":"ImageObject","inLanguage":"fr-BE","@id":"https:\/\/avrupapress.com\/#\/schema\/person\/image\/","url":"https:\/\/secure.gravatar.com\/avatar\/74996b0977aa5f1559ba9883776652508b229005c0d78fb2597897f0bd651c09?s=96&d=mm&r=g","contentUrl":"https:\/\/secure.gravatar.com\/avatar\/74996b0977aa5f1559ba9883776652508b229005c0d78fb2597897f0bd651c09?s=96&d=mm&r=g","caption":"Edit\u00f6r"},"sameAs":["http:\/\/www.avrupapress.com"],"url":"https:\/\/avrupapress.com\/main\/author\/editor\/"}]}},"_links":{"self":[{"href":"https:\/\/avrupapress.com\/main\/wp-json\/wp\/v2\/posts\/32871","targetHints":{"allow":["GET"]}}],"collection":[{"href":"https:\/\/avrupapress.com\/main\/wp-json\/wp\/v2\/posts"}],"about":[{"href":"https:\/\/avrupapress.com\/main\/wp-json\/wp\/v2\/types\/post"}],"author":[{"embeddable":true,"href":"https:\/\/avrupapress.com\/main\/wp-json\/wp\/v2\/users\/3"}],"replies":[{"embeddable":true,"href":"https:\/\/avrupapress.com\/main\/wp-json\/wp\/v2\/comments?post=32871"}],"version-history":[{"count":4,"href":"https:\/\/avrupapress.com\/main\/wp-json\/wp\/v2\/posts\/32871\/revisions"}],"predecessor-version":[{"id":32877,"href":"https:\/\/avrupapress.com\/main\/wp-json\/wp\/v2\/posts\/32871\/revisions\/32877"}],"wp:featuredmedia":[{"embeddable":true,"href":"https:\/\/avrupapress.com\/main\/wp-json\/wp\/v2\/media\/32873"}],"wp:attachment":[{"href":"https:\/\/avrupapress.com\/main\/wp-json\/wp\/v2\/media?parent=32871"}],"wp:term":[{"taxonomy":"category","embeddable":true,"href":"https:\/\/avrupapress.com\/main\/wp-json\/wp\/v2\/categories?post=32871"},{"taxonomy":"post_tag","embeddable":true,"href":"https:\/\/avrupapress.com\/main\/wp-json\/wp\/v2\/tags?post=32871"}],"curies":[{"name":"wp","href":"https:\/\/api.w.org\/{rel}","templated":true}]}}