{"id":32867,"date":"2026-02-14T21:15:25","date_gmt":"2026-02-14T21:15:25","guid":{"rendered":"https:\/\/avrupapress.com\/main\/?p=32867"},"modified":"2026-02-14T21:15:30","modified_gmt":"2026-02-14T21:15:30","slug":"belcika-polisi-uluslararasi-arac-hirsizligi-cetesini-cokertti","status":"publish","type":"post","link":"https:\/\/avrupapress.com\/main\/2026\/02\/14\/belcika-polisi-uluslararasi-arac-hirsizligi-cetesini-cokertti\/","title":{"rendered":"Bel\u00e7ika Polisi, uluslararas\u0131 ara\u00e7 h\u0131rs\u0131zl\u0131\u011f\u0131 \u00e7etesini \u00e7\u00f6kertti."},"content":{"rendered":"<div dir=\"auto\" data-olk-copy-source=\"MessageBody\">Bel\u00e7ika Federal Yarg\u0131 Polisi, Mons-Tournai&rsquo;de y\u00fcr\u00fct\u00fclen geni\u015f \u00e7apl\u0131 bir operasyon kapsam\u0131nda, uluslararas\u0131 d\u00fczeyde faaliyet g\u00f6steren bir ara\u00e7 h\u0131rs\u0131zl\u0131\u011f\u0131 \u00e7etesini \u00e7\u00f6kertti. 3 \u015eubat 2026 tarihinde yap\u0131lan operasyon, Fransa&rsquo;da \u00e7al\u0131nan ara\u00e7lar\u0131n sahte belgelerle Bel\u00e7ika&rsquo;ya sokulmas\u0131 ve bu ara\u00e7lar\u0131n yeniden piyasaya s\u00fcr\u00fclmesini sa\u011flayan karma\u015f\u0131k bir a\u011f\u0131n ortaya \u00e7\u0131kar\u0131lmas\u0131na odakland\u0131.<\/div>\n<div dir=\"auto\"><\/div>\n<div dir=\"auto\">Operasyon kapsam\u0131nda Valon B\u00f6lgesi&rsquo;nde, Centre ve Binche b\u00f6lgelerinde toplam alt\u0131 ayr\u0131 adrese bask\u0131n yap\u0131ld\u0131. Ekipler, \u00e7al\u0131nan ara\u00e7lar\u0131n depoland\u0131\u011f\u0131 bir hangar ile k\u0131sa s\u00fcre \u00f6nce \u00e7al\u0131nm\u0131\u015f ara\u00e7lar\u0131n bulundu\u011fu bir deniz konteynerini ortaya \u00e7\u0131kard\u0131.<\/div>\n<div dir=\"auto\"><\/div>\n<div dir=\"auto\">Aramalarda \u00fc\u00e7 adet 2026 model Toyota marka \u00e7al\u0131nt\u0131 ara\u00e7, toplamda yakla\u015f\u0131k 16.900 euroya denk gelen nakit para, ara\u00e7 programlama ve sinyal kar\u0131\u015ft\u0131rma cihazlar\u0131, \u00e7e\u015fitli ara\u00e7 belgeleri, 12 kalibrelik fi\u015fekler ve bili\u015fim ekipmanlar\u0131 ele ge\u00e7irildi. Olayla ba\u011flant\u0131l\u0131 \u00fc\u00e7 ki\u015fi tutuklanarak haklar\u0131nda soru\u015fturma ba\u015flat\u0131ld\u0131.<\/div>\n<div dir=\"auto\"><\/div>\n<div dir=\"auto\">Yetkililer, operasyonun Valon B\u00f6lgesi&rsquo;nde yerel polis birimlerinin i\u015f birli\u011fiyle y\u00fcr\u00fct\u00fcld\u00fc\u011f\u00fcn\u00fc ve soru\u015fturman\u0131n halen devam etti\u011fini belirtti.<\/div>\n<div dir=\"auto\"><\/div>\n<div dir=\"auto\"><img loading=\"lazy\" decoding=\"async\" class=\"alignnone size-medium wp-image-32868\" src=\"https:\/\/avrupapress.com\/main\/wp-content\/uploads\/2026\/02\/286f419a-c9ca-46a5-854c-a42b7cd69614-286x300.jpg\" alt=\"\" width=\"286\" height=\"300\" srcset=\"https:\/\/avrupapress.com\/main\/wp-content\/uploads\/2026\/02\/286f419a-c9ca-46a5-854c-a42b7cd69614-286x300.jpg 286w, https:\/\/avrupapress.com\/main\/wp-content\/uploads\/2026\/02\/286f419a-c9ca-46a5-854c-a42b7cd69614-768x806.jpg 768w, https:\/\/avrupapress.com\/main\/wp-content\/uploads\/2026\/02\/286f419a-c9ca-46a5-854c-a42b7cd69614.jpg 960w\" sizes=\"auto, (max-width: 286px) 100vw, 286px\" \/><\/div>\n<div dir=\"auto\"><\/div>\n<div dir=\"auto\"><strong>Bilgin\u00a0 Ozcifci\u00a0 \u00a0 \u00a0 \/\u00a0 \u00a0 \u00a0 AVRUPAPRESS<\/strong><\/div>\n","protected":false},"excerpt":{"rendered":"<p>Bel\u00e7ika Federal Yarg\u0131 Polisi, Mons-Tournai&rsquo;de y\u00fcr\u00fct\u00fclen geni\u015f \u00e7apl\u0131 bir operasyon kapsam\u0131nda, uluslararas\u0131 d\u00fczeyde faaliyet g\u00f6steren bir ara\u00e7 h\u0131rs\u0131zl\u0131\u011f\u0131 \u00e7etesini \u00e7\u00f6kertti. 3 \u015eubat 2026 tarihinde yap\u0131lan operasyon, Fransa&rsquo;da \u00e7al\u0131nan ara\u00e7lar\u0131n sahte belgelerle Bel\u00e7ika&rsquo;ya sokulmas\u0131 ve bu ara\u00e7lar\u0131n yeniden piyasaya s\u00fcr\u00fclmesini sa\u011flayan karma\u015f\u0131k bir a\u011f\u0131n ortaya \u00e7\u0131kar\u0131lmas\u0131na odakland\u0131. Operasyon kapsam\u0131nda Valon B\u00f6lgesi&rsquo;nde, Centre ve Binche b\u00f6lgelerinde toplam [&hellip;]<\/p>\n","protected":false},"author":3,"featured_media":32869,"comment_status":"closed","ping_status":"open","sticky":false,"template":"","format":"standard","meta":{"footnotes":""},"categories":[14,16,3,17,18,15,19,2,1],"tags":[],"class_list":["post-32867","post","type-post","status-publish","format-standard","has-post-thumbnail","hentry","category-avrupa","category-belcika","category-dunya","category-ekonomi","category-kultur-sanat","category-spor","category-tanitim","category-turkiye","category-uncategorized"],"yoast_head":"<!-- This site is optimized with the Yoast SEO plugin v26.9 - https:\/\/yoast.com\/product\/yoast-seo-wordpress\/ -->\n<title>Bel\u00e7ika Polisi, uluslararas\u0131 ara\u00e7 h\u0131rs\u0131zl\u0131\u011f\u0131 \u00e7etesini \u00e7\u00f6kertti. - AvrupaPress<\/title>\n<meta name=\"robots\" content=\"index, follow, max-snippet:-1, max-image-preview:large, max-video-preview:-1\" \/>\n<link rel=\"canonical\" href=\"https:\/\/avrupapress.com\/main\/2026\/02\/14\/belcika-polisi-uluslararasi-arac-hirsizligi-cetesini-cokertti\/\" \/>\n<meta property=\"og:locale\" content=\"fr_FR\" \/>\n<meta property=\"og:type\" content=\"article\" \/>\n<meta property=\"og:title\" content=\"Bel\u00e7ika Polisi, uluslararas\u0131 ara\u00e7 h\u0131rs\u0131zl\u0131\u011f\u0131 \u00e7etesini \u00e7\u00f6kertti. - AvrupaPress\" \/>\n<meta property=\"og:description\" content=\"Bel\u00e7ika Federal Yarg\u0131 Polisi, Mons-Tournai&rsquo;de y\u00fcr\u00fct\u00fclen geni\u015f \u00e7apl\u0131 bir operasyon kapsam\u0131nda, uluslararas\u0131 d\u00fczeyde faaliyet g\u00f6steren bir ara\u00e7 h\u0131rs\u0131zl\u0131\u011f\u0131 \u00e7etesini \u00e7\u00f6kertti. 3 \u015eubat 2026 tarihinde yap\u0131lan operasyon, Fransa&rsquo;da \u00e7al\u0131nan ara\u00e7lar\u0131n sahte belgelerle Bel\u00e7ika&rsquo;ya sokulmas\u0131 ve bu ara\u00e7lar\u0131n yeniden piyasaya s\u00fcr\u00fclmesini sa\u011flayan karma\u015f\u0131k bir a\u011f\u0131n ortaya \u00e7\u0131kar\u0131lmas\u0131na odakland\u0131. Operasyon kapsam\u0131nda Valon B\u00f6lgesi&rsquo;nde, Centre ve Binche b\u00f6lgelerinde toplam [&hellip;]\" \/>\n<meta property=\"og:url\" content=\"https:\/\/avrupapress.com\/main\/2026\/02\/14\/belcika-polisi-uluslararasi-arac-hirsizligi-cetesini-cokertti\/\" \/>\n<meta property=\"og:site_name\" content=\"AvrupaPress\" \/>\n<meta property=\"article:published_time\" content=\"2026-02-14T21:15:25+00:00\" \/>\n<meta property=\"article:modified_time\" content=\"2026-02-14T21:15:30+00:00\" \/>\n<meta property=\"og:image\" content=\"https:\/\/avrupapress.com\/main\/wp-content\/uploads\/2026\/02\/286f419a-c9ca-46a5-854c-a42b7cd69614-1.jpg\" \/>\n\t<meta property=\"og:image:width\" content=\"960\" \/>\n\t<meta property=\"og:image:height\" content=\"1008\" \/>\n\t<meta property=\"og:image:type\" content=\"image\/jpeg\" \/>\n<meta name=\"author\" content=\"Edit\u00f6r\" \/>\n<meta name=\"twitter:card\" content=\"summary_large_image\" \/>\n<meta name=\"twitter:label1\" content=\"\u00c9crit par\" \/>\n\t<meta name=\"twitter:data1\" content=\"Edit\u00f6r\" \/>\n\t<meta name=\"twitter:label2\" content=\"Dur\u00e9e de lecture est.\" \/>\n\t<meta name=\"twitter:data2\" content=\"2 minutes\" \/>\n<script type=\"application\/ld+json\" class=\"yoast-schema-graph\">{\"@context\":\"https:\/\/schema.org\",\"@graph\":[{\"@type\":\"Article\",\"@id\":\"https:\/\/avrupapress.com\/main\/2026\/02\/14\/belcika-polisi-uluslararasi-arac-hirsizligi-cetesini-cokertti\/#article\",\"isPartOf\":{\"@id\":\"https:\/\/avrupapress.com\/main\/2026\/02\/14\/belcika-polisi-uluslararasi-arac-hirsizligi-cetesini-cokertti\/\"},\"author\":{\"name\":\"Edit\u00f6r\",\"@id\":\"https:\/\/avrupapress.com\/#\/schema\/person\/68428444ec60970d1e1b700cf4ca1e8f\"},\"headline\":\"Bel\u00e7ika Polisi, uluslararas\u0131 ara\u00e7 h\u0131rs\u0131zl\u0131\u011f\u0131 \u00e7etesini \u00e7\u00f6kertti.\",\"datePublished\":\"2026-02-14T21:15:25+00:00\",\"dateModified\":\"2026-02-14T21:15:30+00:00\",\"mainEntityOfPage\":{\"@id\":\"https:\/\/avrupapress.com\/main\/2026\/02\/14\/belcika-polisi-uluslararasi-arac-hirsizligi-cetesini-cokertti\/\"},\"wordCount\":203,\"publisher\":{\"@id\":\"https:\/\/avrupapress.com\/#\/schema\/person\/0223dca19c72c43575bf30d1a2d8f4fa\"},\"image\":{\"@id\":\"https:\/\/avrupapress.com\/main\/2026\/02\/14\/belcika-polisi-uluslararasi-arac-hirsizligi-cetesini-cokertti\/#primaryimage\"},\"thumbnailUrl\":\"https:\/\/avrupapress.com\/main\/wp-content\/uploads\/2026\/02\/286f419a-c9ca-46a5-854c-a42b7cd69614-1.jpg\",\"articleSection\":[\"Avrupa\",\"Bel\u00e7ika\",\"D\u00fcnya\",\"Ekonomi\",\"K\u00fclt\u00fcr-Sanat\",\"Spor\",\"Tan\u0131t\u0131m\",\"T\u00fcrkiye\",\"Uncategorized\"],\"inLanguage\":\"fr-BE\"},{\"@type\":\"WebPage\",\"@id\":\"https:\/\/avrupapress.com\/main\/2026\/02\/14\/belcika-polisi-uluslararasi-arac-hirsizligi-cetesini-cokertti\/\",\"url\":\"https:\/\/avrupapress.com\/main\/2026\/02\/14\/belcika-polisi-uluslararasi-arac-hirsizligi-cetesini-cokertti\/\",\"name\":\"Bel\u00e7ika Polisi, uluslararas\u0131 ara\u00e7 h\u0131rs\u0131zl\u0131\u011f\u0131 \u00e7etesini \u00e7\u00f6kertti. - AvrupaPress\",\"isPartOf\":{\"@id\":\"https:\/\/avrupapress.com\/#website\"},\"primaryImageOfPage\":{\"@id\":\"https:\/\/avrupapress.com\/main\/2026\/02\/14\/belcika-polisi-uluslararasi-arac-hirsizligi-cetesini-cokertti\/#primaryimage\"},\"image\":{\"@id\":\"https:\/\/avrupapress.com\/main\/2026\/02\/14\/belcika-polisi-uluslararasi-arac-hirsizligi-cetesini-cokertti\/#primaryimage\"},\"thumbnailUrl\":\"https:\/\/avrupapress.com\/main\/wp-content\/uploads\/2026\/02\/286f419a-c9ca-46a5-854c-a42b7cd69614-1.jpg\",\"datePublished\":\"2026-02-14T21:15:25+00:00\",\"dateModified\":\"2026-02-14T21:15:30+00:00\",\"breadcrumb\":{\"@id\":\"https:\/\/avrupapress.com\/main\/2026\/02\/14\/belcika-polisi-uluslararasi-arac-hirsizligi-cetesini-cokertti\/#breadcrumb\"},\"inLanguage\":\"fr-BE\",\"potentialAction\":[{\"@type\":\"ReadAction\",\"target\":[\"https:\/\/avrupapress.com\/main\/2026\/02\/14\/belcika-polisi-uluslararasi-arac-hirsizligi-cetesini-cokertti\/\"]}]},{\"@type\":\"ImageObject\",\"inLanguage\":\"fr-BE\",\"@id\":\"https:\/\/avrupapress.com\/main\/2026\/02\/14\/belcika-polisi-uluslararasi-arac-hirsizligi-cetesini-cokertti\/#primaryimage\",\"url\":\"https:\/\/avrupapress.com\/main\/wp-content\/uploads\/2026\/02\/286f419a-c9ca-46a5-854c-a42b7cd69614-1.jpg\",\"contentUrl\":\"https:\/\/avrupapress.com\/main\/wp-content\/uploads\/2026\/02\/286f419a-c9ca-46a5-854c-a42b7cd69614-1.jpg\",\"width\":960,\"height\":1008},{\"@type\":\"BreadcrumbList\",\"@id\":\"https:\/\/avrupapress.com\/main\/2026\/02\/14\/belcika-polisi-uluslararasi-arac-hirsizligi-cetesini-cokertti\/#breadcrumb\",\"itemListElement\":[{\"@type\":\"ListItem\",\"position\":1,\"name\":\"Anasayfa\",\"item\":\"https:\/\/avrupapress.com\/\"},{\"@type\":\"ListItem\",\"position\":2,\"name\":\"Bel\u00e7ika Polisi, uluslararas\u0131 ara\u00e7 h\u0131rs\u0131zl\u0131\u011f\u0131 \u00e7etesini \u00e7\u00f6kertti.\"}]},{\"@type\":\"WebSite\",\"@id\":\"https:\/\/avrupapress.com\/#website\",\"url\":\"https:\/\/avrupapress.com\/\",\"name\":\"AvrupaPress\",\"description\":\"Haberin Adresi\",\"publisher\":{\"@id\":\"https:\/\/avrupapress.com\/#\/schema\/person\/0223dca19c72c43575bf30d1a2d8f4fa\"},\"potentialAction\":[{\"@type\":\"SearchAction\",\"target\":{\"@type\":\"EntryPoint\",\"urlTemplate\":\"https:\/\/avrupapress.com\/?s={search_term_string}\"},\"query-input\":{\"@type\":\"PropertyValueSpecification\",\"valueRequired\":true,\"valueName\":\"search_term_string\"}}],\"inLanguage\":\"fr-BE\"},{\"@type\":[\"Person\",\"Organization\"],\"@id\":\"https:\/\/avrupapress.com\/#\/schema\/person\/0223dca19c72c43575bf30d1a2d8f4fa\",\"name\":\"Bilgin \u00d6z\u00e7ift\u00e7i\",\"image\":{\"@type\":\"ImageObject\",\"inLanguage\":\"fr-BE\",\"@id\":\"https:\/\/avrupapress.com\/#\/schema\/person\/image\/\",\"url\":\"https:\/\/secure.gravatar.com\/avatar\/0f23b280433a21e1ea7a0adcc46ed0ad16afe3ad8e630fd13d8a017dcbd54ef3?s=96&d=mm&r=g\",\"contentUrl\":\"https:\/\/secure.gravatar.com\/avatar\/0f23b280433a21e1ea7a0adcc46ed0ad16afe3ad8e630fd13d8a017dcbd54ef3?s=96&d=mm&r=g\",\"caption\":\"Bilgin \u00d6z\u00e7ift\u00e7i\"},\"logo\":{\"@id\":\"https:\/\/avrupapress.com\/#\/schema\/person\/image\/\"},\"description\":\"Ne ben, nede sen... Biz ancak \\\"biz\\\" olursak g\u00fc\u00e7l\u00fc olabiliriz\"},{\"@type\":\"Person\",\"@id\":\"https:\/\/avrupapress.com\/#\/schema\/person\/68428444ec60970d1e1b700cf4ca1e8f\",\"name\":\"Edit\u00f6r\",\"image\":{\"@type\":\"ImageObject\",\"inLanguage\":\"fr-BE\",\"@id\":\"https:\/\/avrupapress.com\/#\/schema\/person\/image\/\",\"url\":\"https:\/\/secure.gravatar.com\/avatar\/74996b0977aa5f1559ba9883776652508b229005c0d78fb2597897f0bd651c09?s=96&d=mm&r=g\",\"contentUrl\":\"https:\/\/secure.gravatar.com\/avatar\/74996b0977aa5f1559ba9883776652508b229005c0d78fb2597897f0bd651c09?s=96&d=mm&r=g\",\"caption\":\"Edit\u00f6r\"},\"sameAs\":[\"http:\/\/www.avrupapress.com\"],\"url\":\"https:\/\/avrupapress.com\/main\/author\/editor\/\"}]}<\/script>\n<!-- \/ Yoast SEO plugin. -->","yoast_head_json":{"title":"Bel\u00e7ika Polisi, uluslararas\u0131 ara\u00e7 h\u0131rs\u0131zl\u0131\u011f\u0131 \u00e7etesini \u00e7\u00f6kertti. - AvrupaPress","robots":{"index":"index","follow":"follow","max-snippet":"max-snippet:-1","max-image-preview":"max-image-preview:large","max-video-preview":"max-video-preview:-1"},"canonical":"https:\/\/avrupapress.com\/main\/2026\/02\/14\/belcika-polisi-uluslararasi-arac-hirsizligi-cetesini-cokertti\/","og_locale":"fr_FR","og_type":"article","og_title":"Bel\u00e7ika Polisi, uluslararas\u0131 ara\u00e7 h\u0131rs\u0131zl\u0131\u011f\u0131 \u00e7etesini \u00e7\u00f6kertti. - AvrupaPress","og_description":"Bel\u00e7ika Federal Yarg\u0131 Polisi, Mons-Tournai&rsquo;de y\u00fcr\u00fct\u00fclen geni\u015f \u00e7apl\u0131 bir operasyon kapsam\u0131nda, uluslararas\u0131 d\u00fczeyde faaliyet g\u00f6steren bir ara\u00e7 h\u0131rs\u0131zl\u0131\u011f\u0131 \u00e7etesini \u00e7\u00f6kertti. 3 \u015eubat 2026 tarihinde yap\u0131lan operasyon, Fransa&rsquo;da \u00e7al\u0131nan ara\u00e7lar\u0131n sahte belgelerle Bel\u00e7ika&rsquo;ya sokulmas\u0131 ve bu ara\u00e7lar\u0131n yeniden piyasaya s\u00fcr\u00fclmesini sa\u011flayan karma\u015f\u0131k bir a\u011f\u0131n ortaya \u00e7\u0131kar\u0131lmas\u0131na odakland\u0131. Operasyon kapsam\u0131nda Valon B\u00f6lgesi&rsquo;nde, Centre ve Binche b\u00f6lgelerinde toplam [&hellip;]","og_url":"https:\/\/avrupapress.com\/main\/2026\/02\/14\/belcika-polisi-uluslararasi-arac-hirsizligi-cetesini-cokertti\/","og_site_name":"AvrupaPress","article_published_time":"2026-02-14T21:15:25+00:00","article_modified_time":"2026-02-14T21:15:30+00:00","og_image":[{"width":960,"height":1008,"url":"https:\/\/avrupapress.com\/main\/wp-content\/uploads\/2026\/02\/286f419a-c9ca-46a5-854c-a42b7cd69614-1.jpg","type":"image\/jpeg"}],"author":"Edit\u00f6r","twitter_card":"summary_large_image","twitter_misc":{"\u00c9crit par":"Edit\u00f6r","Dur\u00e9e de lecture est.":"2 minutes"},"schema":{"@context":"https:\/\/schema.org","@graph":[{"@type":"Article","@id":"https:\/\/avrupapress.com\/main\/2026\/02\/14\/belcika-polisi-uluslararasi-arac-hirsizligi-cetesini-cokertti\/#article","isPartOf":{"@id":"https:\/\/avrupapress.com\/main\/2026\/02\/14\/belcika-polisi-uluslararasi-arac-hirsizligi-cetesini-cokertti\/"},"author":{"name":"Edit\u00f6r","@id":"https:\/\/avrupapress.com\/#\/schema\/person\/68428444ec60970d1e1b700cf4ca1e8f"},"headline":"Bel\u00e7ika Polisi, uluslararas\u0131 ara\u00e7 h\u0131rs\u0131zl\u0131\u011f\u0131 \u00e7etesini \u00e7\u00f6kertti.","datePublished":"2026-02-14T21:15:25+00:00","dateModified":"2026-02-14T21:15:30+00:00","mainEntityOfPage":{"@id":"https:\/\/avrupapress.com\/main\/2026\/02\/14\/belcika-polisi-uluslararasi-arac-hirsizligi-cetesini-cokertti\/"},"wordCount":203,"publisher":{"@id":"https:\/\/avrupapress.com\/#\/schema\/person\/0223dca19c72c43575bf30d1a2d8f4fa"},"image":{"@id":"https:\/\/avrupapress.com\/main\/2026\/02\/14\/belcika-polisi-uluslararasi-arac-hirsizligi-cetesini-cokertti\/#primaryimage"},"thumbnailUrl":"https:\/\/avrupapress.com\/main\/wp-content\/uploads\/2026\/02\/286f419a-c9ca-46a5-854c-a42b7cd69614-1.jpg","articleSection":["Avrupa","Bel\u00e7ika","D\u00fcnya","Ekonomi","K\u00fclt\u00fcr-Sanat","Spor","Tan\u0131t\u0131m","T\u00fcrkiye","Uncategorized"],"inLanguage":"fr-BE"},{"@type":"WebPage","@id":"https:\/\/avrupapress.com\/main\/2026\/02\/14\/belcika-polisi-uluslararasi-arac-hirsizligi-cetesini-cokertti\/","url":"https:\/\/avrupapress.com\/main\/2026\/02\/14\/belcika-polisi-uluslararasi-arac-hirsizligi-cetesini-cokertti\/","name":"Bel\u00e7ika Polisi, uluslararas\u0131 ara\u00e7 h\u0131rs\u0131zl\u0131\u011f\u0131 \u00e7etesini \u00e7\u00f6kertti. - AvrupaPress","isPartOf":{"@id":"https:\/\/avrupapress.com\/#website"},"primaryImageOfPage":{"@id":"https:\/\/avrupapress.com\/main\/2026\/02\/14\/belcika-polisi-uluslararasi-arac-hirsizligi-cetesini-cokertti\/#primaryimage"},"image":{"@id":"https:\/\/avrupapress.com\/main\/2026\/02\/14\/belcika-polisi-uluslararasi-arac-hirsizligi-cetesini-cokertti\/#primaryimage"},"thumbnailUrl":"https:\/\/avrupapress.com\/main\/wp-content\/uploads\/2026\/02\/286f419a-c9ca-46a5-854c-a42b7cd69614-1.jpg","datePublished":"2026-02-14T21:15:25+00:00","dateModified":"2026-02-14T21:15:30+00:00","breadcrumb":{"@id":"https:\/\/avrupapress.com\/main\/2026\/02\/14\/belcika-polisi-uluslararasi-arac-hirsizligi-cetesini-cokertti\/#breadcrumb"},"inLanguage":"fr-BE","potentialAction":[{"@type":"ReadAction","target":["https:\/\/avrupapress.com\/main\/2026\/02\/14\/belcika-polisi-uluslararasi-arac-hirsizligi-cetesini-cokertti\/"]}]},{"@type":"ImageObject","inLanguage":"fr-BE","@id":"https:\/\/avrupapress.com\/main\/2026\/02\/14\/belcika-polisi-uluslararasi-arac-hirsizligi-cetesini-cokertti\/#primaryimage","url":"https:\/\/avrupapress.com\/main\/wp-content\/uploads\/2026\/02\/286f419a-c9ca-46a5-854c-a42b7cd69614-1.jpg","contentUrl":"https:\/\/avrupapress.com\/main\/wp-content\/uploads\/2026\/02\/286f419a-c9ca-46a5-854c-a42b7cd69614-1.jpg","width":960,"height":1008},{"@type":"BreadcrumbList","@id":"https:\/\/avrupapress.com\/main\/2026\/02\/14\/belcika-polisi-uluslararasi-arac-hirsizligi-cetesini-cokertti\/#breadcrumb","itemListElement":[{"@type":"ListItem","position":1,"name":"Anasayfa","item":"https:\/\/avrupapress.com\/"},{"@type":"ListItem","position":2,"name":"Bel\u00e7ika Polisi, uluslararas\u0131 ara\u00e7 h\u0131rs\u0131zl\u0131\u011f\u0131 \u00e7etesini \u00e7\u00f6kertti."}]},{"@type":"WebSite","@id":"https:\/\/avrupapress.com\/#website","url":"https:\/\/avrupapress.com\/","name":"AvrupaPress","description":"Haberin Adresi","publisher":{"@id":"https:\/\/avrupapress.com\/#\/schema\/person\/0223dca19c72c43575bf30d1a2d8f4fa"},"potentialAction":[{"@type":"SearchAction","target":{"@type":"EntryPoint","urlTemplate":"https:\/\/avrupapress.com\/?s={search_term_string}"},"query-input":{"@type":"PropertyValueSpecification","valueRequired":true,"valueName":"search_term_string"}}],"inLanguage":"fr-BE"},{"@type":["Person","Organization"],"@id":"https:\/\/avrupapress.com\/#\/schema\/person\/0223dca19c72c43575bf30d1a2d8f4fa","name":"Bilgin \u00d6z\u00e7ift\u00e7i","image":{"@type":"ImageObject","inLanguage":"fr-BE","@id":"https:\/\/avrupapress.com\/#\/schema\/person\/image\/","url":"https:\/\/secure.gravatar.com\/avatar\/0f23b280433a21e1ea7a0adcc46ed0ad16afe3ad8e630fd13d8a017dcbd54ef3?s=96&d=mm&r=g","contentUrl":"https:\/\/secure.gravatar.com\/avatar\/0f23b280433a21e1ea7a0adcc46ed0ad16afe3ad8e630fd13d8a017dcbd54ef3?s=96&d=mm&r=g","caption":"Bilgin \u00d6z\u00e7ift\u00e7i"},"logo":{"@id":"https:\/\/avrupapress.com\/#\/schema\/person\/image\/"},"description":"Ne ben, nede sen... Biz ancak \"biz\" olursak g\u00fc\u00e7l\u00fc olabiliriz"},{"@type":"Person","@id":"https:\/\/avrupapress.com\/#\/schema\/person\/68428444ec60970d1e1b700cf4ca1e8f","name":"Edit\u00f6r","image":{"@type":"ImageObject","inLanguage":"fr-BE","@id":"https:\/\/avrupapress.com\/#\/schema\/person\/image\/","url":"https:\/\/secure.gravatar.com\/avatar\/74996b0977aa5f1559ba9883776652508b229005c0d78fb2597897f0bd651c09?s=96&d=mm&r=g","contentUrl":"https:\/\/secure.gravatar.com\/avatar\/74996b0977aa5f1559ba9883776652508b229005c0d78fb2597897f0bd651c09?s=96&d=mm&r=g","caption":"Edit\u00f6r"},"sameAs":["http:\/\/www.avrupapress.com"],"url":"https:\/\/avrupapress.com\/main\/author\/editor\/"}]}},"_links":{"self":[{"href":"https:\/\/avrupapress.com\/main\/wp-json\/wp\/v2\/posts\/32867","targetHints":{"allow":["GET"]}}],"collection":[{"href":"https:\/\/avrupapress.com\/main\/wp-json\/wp\/v2\/posts"}],"about":[{"href":"https:\/\/avrupapress.com\/main\/wp-json\/wp\/v2\/types\/post"}],"author":[{"embeddable":true,"href":"https:\/\/avrupapress.com\/main\/wp-json\/wp\/v2\/users\/3"}],"replies":[{"embeddable":true,"href":"https:\/\/avrupapress.com\/main\/wp-json\/wp\/v2\/comments?post=32867"}],"version-history":[{"count":1,"href":"https:\/\/avrupapress.com\/main\/wp-json\/wp\/v2\/posts\/32867\/revisions"}],"predecessor-version":[{"id":32870,"href":"https:\/\/avrupapress.com\/main\/wp-json\/wp\/v2\/posts\/32867\/revisions\/32870"}],"wp:featuredmedia":[{"embeddable":true,"href":"https:\/\/avrupapress.com\/main\/wp-json\/wp\/v2\/media\/32869"}],"wp:attachment":[{"href":"https:\/\/avrupapress.com\/main\/wp-json\/wp\/v2\/media?parent=32867"}],"wp:term":[{"taxonomy":"category","embeddable":true,"href":"https:\/\/avrupapress.com\/main\/wp-json\/wp\/v2\/categories?post=32867"},{"taxonomy":"post_tag","embeddable":true,"href":"https:\/\/avrupapress.com\/main\/wp-json\/wp\/v2\/tags?post=32867"}],"curies":[{"name":"wp","href":"https:\/\/api.w.org\/{rel}","templated":true}]}}