{"id":32860,"date":"2026-02-14T21:05:53","date_gmt":"2026-02-14T21:05:53","guid":{"rendered":"https:\/\/avrupapress.com\/main\/?p=32860"},"modified":"2026-02-14T21:06:00","modified_gmt":"2026-02-14T21:06:00","slug":"yunakli-yagmur-zulfikar-turkiye-genelinde-149-kisi-arasindan-turkiye-birincisi-oldu","status":"publish","type":"post","link":"https:\/\/avrupapress.com\/main\/2026\/02\/14\/yunakli-yagmur-zulfikar-turkiye-genelinde-149-kisi-arasindan-turkiye-birincisi-oldu\/","title":{"rendered":"YUNAKLI YA\u011eMUR Z\u00dcLF\u0130KAR T\u00dcRK\u0130YE GENEL\u0130NDE 149 K\u0130\u015e\u0130 ARASINDAN T\u00dcRK\u0130YE B\u0130R\u0130NC\u0130S\u0130 OLDU"},"content":{"rendered":"<div dir=\"auto\" data-olk-copy-source=\"MessageBody\">Mill\u00ee E\u011fitim Bakanl\u0131\u011f\u0131 ile Pakistan\u2019\u0131n Ankara B\u00fcy\u00fckel\u00e7ili\u011fi i\u015f birli\u011finde d\u00fczenlenen 8. Cinnah Gen\u00e7 Yazarlar Kompozisyon Yar\u0131\u015fmas\u0131\u2019nda T\u00fcrkiye birincisi olan 12. s\u0131n\u0131f \u00f6\u011frencisi Ya\u011fmur Z\u00fclfikar, memleketi Konya\u2019n\u0131n Yunak il\u00e7esinde Belediye Ba\u015fkan\u0131 Subhan G\u00fcnaltay taraf\u0131ndan \u00f6d\u00fcllendirildi.<\/div>\n<div dir=\"auto\"><\/div>\n<div dir=\"auto\">T\u00fcrkiye ile Pakistan aras\u0131ndaki k\u00f6kl\u00fc karde\u015flik ili\u015fkilerini peki\u015ftirmeyi ve gen\u00e7 nesillerin ortak tarih ile de\u011ferlere ili\u015fkin fark\u0131ndal\u0131\u011f\u0131n\u0131 art\u0131rmay\u0131 ama\u00e7layan yar\u0131\u015fman\u0131n temas\u0131, Cumhurba\u015fkan\u0131 Recep Tayyip Erdo\u011fan taraf\u0131ndan ilan edilen \u201cAile Y\u0131l\u0131\u201d vizyonu do\u011frultusunda \u201cAile, \u0130ki Karde\u015f \u00dclkenin Ortak De\u011feri: T\u00fcrkiye ve Pakistan\u201d olarak belirlendi.<\/div>\n<div dir=\"auto\"><\/div>\n<div dir=\"auto\">Elemelerin ard\u0131ndan 49 eserin kat\u0131ld\u0131\u011f\u0131 yar\u0131\u015fmada, se\u00e7ici kurulun de\u011ferlendirmesi sonucunda \u00fc\u00e7 derece ve \u00fc\u00e7 mansiyon olmak \u00fczere toplam alt\u0131 eser \u00f6d\u00fcle lay\u0131k g\u00f6r\u00fcld\u00fc.<\/div>\n<div dir=\"auto\"><\/div>\n<div dir=\"auto\">Birincilik \u00f6d\u00fcl\u00fcn\u00fc 4 \u015eubat 2026\u2019da Mill\u00ee E\u011fitim Bakanl\u0131\u011f\u0131 Ba\u015f\u00f6\u011fretmen Salonu\u2019nda d\u00fczenlenen t\u00f6rende Bakan Yard\u0131mc\u0131s\u0131 Celile Eren \u00d6kten\u2019in elinden alan 18 ya\u015f\u0131ndaki Z\u00fclfikar, Yunak\u2019a gelerek Belediye Ba\u015fkan\u0131 G\u00fcnaltay\u2019\u0131 makam\u0131nda ziyaret etti.<\/div>\n<div dir=\"auto\"><\/div>\n<div dir=\"auto\">G\u00fcnaltay, ziyarette yapt\u0131\u011f\u0131 konu\u015fmada, Yunak\u2019tan bir \u00f6\u011frencinin T\u00fcrkiye birincisi olmas\u0131n\u0131n il\u00e7e ad\u0131na gurur verici oldu\u011funu belirterek, belediye olarak e\u011fitime ve \u00f6\u011frencilere destek vermeye devam edeceklerini ifade etti.<\/div>\n<div dir=\"auto\"><\/div>\n<div dir=\"auto\">Ya\u011fmur Z\u00fclfikar da Ba\u015fkan G\u00fcnaltay\u2019a te\u015fekk\u00fcr ederek, ba\u015far\u0131s\u0131nda \u00e7ocuklu\u011fundan bu yana kendisine destek olan Yunak 100. Y\u0131l Atat\u00fcrk Halk K\u00fct\u00fcphanesi ve \u00e7al\u0131\u015fanlar\u0131n\u0131n \u00f6nemli katk\u0131s\u0131 bulundu\u011funu dile getirdi.<\/div>\n<div dir=\"auto\">Ziyaretin sonunda Ba\u015fkan G\u00fcnaltay, Ya\u011fmur Z\u00fclfikar\u2019\u0131 ; alt\u0131n , ba\u015far\u0131 plaketi ve \u00e7e\u015fitli hediyelerle \u00f6d\u00fcllendirdi.<\/div>\n<div dir=\"auto\"><\/div>\n<div dir=\"auto\"><img loading=\"lazy\" decoding=\"async\" class=\"alignnone size-medium wp-image-32861\" src=\"https:\/\/avrupapress.com\/main\/wp-content\/uploads\/2026\/02\/d5b51b94-2e7d-4627-a761-e720839a0929-e1771102871976-300x101.jpg\" alt=\"\" width=\"300\" height=\"101\" srcset=\"https:\/\/avrupapress.com\/main\/wp-content\/uploads\/2026\/02\/d5b51b94-2e7d-4627-a761-e720839a0929-e1771102871976-300x101.jpg 300w, https:\/\/avrupapress.com\/main\/wp-content\/uploads\/2026\/02\/d5b51b94-2e7d-4627-a761-e720839a0929-e1771102871976-1024x345.jpg 1024w, https:\/\/avrupapress.com\/main\/wp-content\/uploads\/2026\/02\/d5b51b94-2e7d-4627-a761-e720839a0929-e1771102871976-768x259.jpg 768w, https:\/\/avrupapress.com\/main\/wp-content\/uploads\/2026\/02\/d5b51b94-2e7d-4627-a761-e720839a0929-e1771102871976-1536x518.jpg 1536w, https:\/\/avrupapress.com\/main\/wp-content\/uploads\/2026\/02\/d5b51b94-2e7d-4627-a761-e720839a0929-e1771102871976.jpg 2048w\" sizes=\"auto, (max-width: 300px) 100vw, 300px\" \/><\/div>\n<div dir=\"auto\"><img loading=\"lazy\" decoding=\"async\" class=\"alignnone size-medium wp-image-32862\" src=\"https:\/\/avrupapress.com\/main\/wp-content\/uploads\/2026\/02\/683e00b2-c0eb-4bf3-a554-20db80ab1cfe-e1771102937533-300x173.jpg\" alt=\"\" width=\"300\" height=\"173\" srcset=\"https:\/\/avrupapress.com\/main\/wp-content\/uploads\/2026\/02\/683e00b2-c0eb-4bf3-a554-20db80ab1cfe-e1771102937533-300x173.jpg 300w, https:\/\/avrupapress.com\/main\/wp-content\/uploads\/2026\/02\/683e00b2-c0eb-4bf3-a554-20db80ab1cfe-e1771102937533-1024x589.jpg 1024w, https:\/\/avrupapress.com\/main\/wp-content\/uploads\/2026\/02\/683e00b2-c0eb-4bf3-a554-20db80ab1cfe-e1771102937533-768x442.jpg 768w, https:\/\/avrupapress.com\/main\/wp-content\/uploads\/2026\/02\/683e00b2-c0eb-4bf3-a554-20db80ab1cfe-e1771102937533-1536x884.jpg 1536w, https:\/\/avrupapress.com\/main\/wp-content\/uploads\/2026\/02\/683e00b2-c0eb-4bf3-a554-20db80ab1cfe-e1771102937533.jpg 2048w\" sizes=\"auto, (max-width: 300px) 100vw, 300px\" \/><\/div>\n<div dir=\"auto\"><img loading=\"lazy\" decoding=\"async\" class=\"alignnone size-medium wp-image-32863\" src=\"https:\/\/avrupapress.com\/main\/wp-content\/uploads\/2026\/02\/865ffae7-e263-4975-adf1-681eecf93bad-e1771102988383-300x148.jpg\" alt=\"\" width=\"300\" height=\"148\" srcset=\"https:\/\/avrupapress.com\/main\/wp-content\/uploads\/2026\/02\/865ffae7-e263-4975-adf1-681eecf93bad-e1771102988383-300x148.jpg 300w, https:\/\/avrupapress.com\/main\/wp-content\/uploads\/2026\/02\/865ffae7-e263-4975-adf1-681eecf93bad-e1771102988383-1024x505.jpg 1024w, https:\/\/avrupapress.com\/main\/wp-content\/uploads\/2026\/02\/865ffae7-e263-4975-adf1-681eecf93bad-e1771102988383-768x379.jpg 768w, https:\/\/avrupapress.com\/main\/wp-content\/uploads\/2026\/02\/865ffae7-e263-4975-adf1-681eecf93bad-e1771102988383-1536x758.jpg 1536w, https:\/\/avrupapress.com\/main\/wp-content\/uploads\/2026\/02\/865ffae7-e263-4975-adf1-681eecf93bad-e1771102988383.jpg 2048w\" sizes=\"auto, (max-width: 300px) 100vw, 300px\" \/><\/div>\n<div dir=\"auto\"><img loading=\"lazy\" decoding=\"async\" class=\"alignnone size-medium wp-image-32864\" src=\"https:\/\/avrupapress.com\/main\/wp-content\/uploads\/2026\/02\/f3d9f3f8-079b-41e1-8150-6a20d7b45650-e1771103032547-300x149.jpg\" alt=\"\" width=\"300\" height=\"149\" srcset=\"https:\/\/avrupapress.com\/main\/wp-content\/uploads\/2026\/02\/f3d9f3f8-079b-41e1-8150-6a20d7b45650-e1771103032547-300x149.jpg 300w, https:\/\/avrupapress.com\/main\/wp-content\/uploads\/2026\/02\/f3d9f3f8-079b-41e1-8150-6a20d7b45650-e1771103032547-1024x507.jpg 1024w, https:\/\/avrupapress.com\/main\/wp-content\/uploads\/2026\/02\/f3d9f3f8-079b-41e1-8150-6a20d7b45650-e1771103032547-768x380.jpg 768w, https:\/\/avrupapress.com\/main\/wp-content\/uploads\/2026\/02\/f3d9f3f8-079b-41e1-8150-6a20d7b45650-e1771103032547-1536x761.jpg 1536w, https:\/\/avrupapress.com\/main\/wp-content\/uploads\/2026\/02\/f3d9f3f8-079b-41e1-8150-6a20d7b45650-e1771103032547.jpg 2048w\" sizes=\"auto, (max-width: 300px) 100vw, 300px\" \/><\/div>\n<div dir=\"auto\"><\/div>\n<div dir=\"auto\"><\/div>\n","protected":false},"excerpt":{"rendered":"<p>Mill\u00ee E\u011fitim Bakanl\u0131\u011f\u0131 ile Pakistan\u2019\u0131n Ankara B\u00fcy\u00fckel\u00e7ili\u011fi i\u015f birli\u011finde d\u00fczenlenen 8. Cinnah Gen\u00e7 Yazarlar Kompozisyon Yar\u0131\u015fmas\u0131\u2019nda T\u00fcrkiye birincisi olan 12. s\u0131n\u0131f \u00f6\u011frencisi Ya\u011fmur Z\u00fclfikar, memleketi Konya\u2019n\u0131n Yunak il\u00e7esinde Belediye Ba\u015fkan\u0131 Subhan G\u00fcnaltay taraf\u0131ndan \u00f6d\u00fcllendirildi. T\u00fcrkiye ile Pakistan aras\u0131ndaki k\u00f6kl\u00fc karde\u015flik ili\u015fkilerini peki\u015ftirmeyi ve gen\u00e7 nesillerin ortak tarih ile de\u011ferlere ili\u015fkin fark\u0131ndal\u0131\u011f\u0131n\u0131 art\u0131rmay\u0131 ama\u00e7layan yar\u0131\u015fman\u0131n temas\u0131, [&hellip;]<\/p>\n","protected":false},"author":3,"featured_media":32864,"comment_status":"closed","ping_status":"open","sticky":false,"template":"","format":"standard","meta":{"footnotes":""},"categories":[14,16,3,17,18,15,19,2,1],"tags":[],"class_list":["post-32860","post","type-post","status-publish","format-standard","has-post-thumbnail","hentry","category-avrupa","category-belcika","category-dunya","category-ekonomi","category-kultur-sanat","category-spor","category-tanitim","category-turkiye","category-uncategorized"],"yoast_head":"<!-- This site is optimized with the Yoast SEO plugin v26.9 - https:\/\/yoast.com\/product\/yoast-seo-wordpress\/ -->\n<title>YUNAKLI YA\u011eMUR Z\u00dcLF\u0130KAR T\u00dcRK\u0130YE GENEL\u0130NDE 149 K\u0130\u015e\u0130 ARASINDAN T\u00dcRK\u0130YE B\u0130R\u0130NC\u0130S\u0130 OLDU - AvrupaPress<\/title>\n<meta name=\"robots\" content=\"index, follow, max-snippet:-1, max-image-preview:large, max-video-preview:-1\" \/>\n<link rel=\"canonical\" href=\"https:\/\/avrupapress.com\/main\/2026\/02\/14\/yunakli-yagmur-zulfikar-turkiye-genelinde-149-kisi-arasindan-turkiye-birincisi-oldu\/\" \/>\n<meta property=\"og:locale\" content=\"fr_FR\" \/>\n<meta property=\"og:type\" content=\"article\" \/>\n<meta property=\"og:title\" content=\"YUNAKLI YA\u011eMUR Z\u00dcLF\u0130KAR T\u00dcRK\u0130YE GENEL\u0130NDE 149 K\u0130\u015e\u0130 ARASINDAN T\u00dcRK\u0130YE B\u0130R\u0130NC\u0130S\u0130 OLDU - AvrupaPress\" \/>\n<meta property=\"og:description\" content=\"Mill\u00ee E\u011fitim Bakanl\u0131\u011f\u0131 ile Pakistan\u2019\u0131n Ankara B\u00fcy\u00fckel\u00e7ili\u011fi i\u015f birli\u011finde d\u00fczenlenen 8. Cinnah Gen\u00e7 Yazarlar Kompozisyon Yar\u0131\u015fmas\u0131\u2019nda T\u00fcrkiye birincisi olan 12. s\u0131n\u0131f \u00f6\u011frencisi Ya\u011fmur Z\u00fclfikar, memleketi Konya\u2019n\u0131n Yunak il\u00e7esinde Belediye Ba\u015fkan\u0131 Subhan G\u00fcnaltay taraf\u0131ndan \u00f6d\u00fcllendirildi. T\u00fcrkiye ile Pakistan aras\u0131ndaki k\u00f6kl\u00fc karde\u015flik ili\u015fkilerini peki\u015ftirmeyi ve gen\u00e7 nesillerin ortak tarih ile de\u011ferlere ili\u015fkin fark\u0131ndal\u0131\u011f\u0131n\u0131 art\u0131rmay\u0131 ama\u00e7layan yar\u0131\u015fman\u0131n temas\u0131, [&hellip;]\" \/>\n<meta property=\"og:url\" content=\"https:\/\/avrupapress.com\/main\/2026\/02\/14\/yunakli-yagmur-zulfikar-turkiye-genelinde-149-kisi-arasindan-turkiye-birincisi-oldu\/\" \/>\n<meta property=\"og:site_name\" content=\"AvrupaPress\" \/>\n<meta property=\"article:published_time\" content=\"2026-02-14T21:05:53+00:00\" \/>\n<meta property=\"article:modified_time\" content=\"2026-02-14T21:06:00+00:00\" \/>\n<meta property=\"og:image\" content=\"https:\/\/avrupapress.com\/main\/wp-content\/uploads\/2026\/02\/f3d9f3f8-079b-41e1-8150-6a20d7b45650-e1771103032547.jpg\" \/>\n\t<meta property=\"og:image:width\" content=\"2048\" \/>\n\t<meta property=\"og:image:height\" content=\"1014\" \/>\n\t<meta property=\"og:image:type\" content=\"image\/jpeg\" \/>\n<meta name=\"author\" content=\"Edit\u00f6r\" \/>\n<meta name=\"twitter:card\" content=\"summary_large_image\" \/>\n<meta name=\"twitter:label1\" content=\"\u00c9crit par\" \/>\n\t<meta name=\"twitter:data1\" content=\"Edit\u00f6r\" \/>\n\t<meta name=\"twitter:label2\" content=\"Dur\u00e9e de lecture est.\" \/>\n\t<meta name=\"twitter:data2\" content=\"3 minutes\" \/>\n<script type=\"application\/ld+json\" class=\"yoast-schema-graph\">{\"@context\":\"https:\/\/schema.org\",\"@graph\":[{\"@type\":\"Article\",\"@id\":\"https:\/\/avrupapress.com\/main\/2026\/02\/14\/yunakli-yagmur-zulfikar-turkiye-genelinde-149-kisi-arasindan-turkiye-birincisi-oldu\/#article\",\"isPartOf\":{\"@id\":\"https:\/\/avrupapress.com\/main\/2026\/02\/14\/yunakli-yagmur-zulfikar-turkiye-genelinde-149-kisi-arasindan-turkiye-birincisi-oldu\/\"},\"author\":{\"name\":\"Edit\u00f6r\",\"@id\":\"https:\/\/avrupapress.com\/#\/schema\/person\/68428444ec60970d1e1b700cf4ca1e8f\"},\"headline\":\"YUNAKLI YA\u011eMUR Z\u00dcLF\u0130KAR T\u00dcRK\u0130YE GENEL\u0130NDE 149 K\u0130\u015e\u0130 ARASINDAN T\u00dcRK\u0130YE B\u0130R\u0130NC\u0130S\u0130 OLDU\",\"datePublished\":\"2026-02-14T21:05:53+00:00\",\"dateModified\":\"2026-02-14T21:06:00+00:00\",\"mainEntityOfPage\":{\"@id\":\"https:\/\/avrupapress.com\/main\/2026\/02\/14\/yunakli-yagmur-zulfikar-turkiye-genelinde-149-kisi-arasindan-turkiye-birincisi-oldu\/\"},\"wordCount\":316,\"publisher\":{\"@id\":\"https:\/\/avrupapress.com\/#\/schema\/person\/0223dca19c72c43575bf30d1a2d8f4fa\"},\"image\":{\"@id\":\"https:\/\/avrupapress.com\/main\/2026\/02\/14\/yunakli-yagmur-zulfikar-turkiye-genelinde-149-kisi-arasindan-turkiye-birincisi-oldu\/#primaryimage\"},\"thumbnailUrl\":\"https:\/\/avrupapress.com\/main\/wp-content\/uploads\/2026\/02\/f3d9f3f8-079b-41e1-8150-6a20d7b45650-e1771103032547.jpg\",\"articleSection\":[\"Avrupa\",\"Bel\u00e7ika\",\"D\u00fcnya\",\"Ekonomi\",\"K\u00fclt\u00fcr-Sanat\",\"Spor\",\"Tan\u0131t\u0131m\",\"T\u00fcrkiye\",\"Uncategorized\"],\"inLanguage\":\"fr-BE\"},{\"@type\":\"WebPage\",\"@id\":\"https:\/\/avrupapress.com\/main\/2026\/02\/14\/yunakli-yagmur-zulfikar-turkiye-genelinde-149-kisi-arasindan-turkiye-birincisi-oldu\/\",\"url\":\"https:\/\/avrupapress.com\/main\/2026\/02\/14\/yunakli-yagmur-zulfikar-turkiye-genelinde-149-kisi-arasindan-turkiye-birincisi-oldu\/\",\"name\":\"YUNAKLI YA\u011eMUR Z\u00dcLF\u0130KAR T\u00dcRK\u0130YE GENEL\u0130NDE 149 K\u0130\u015e\u0130 ARASINDAN T\u00dcRK\u0130YE B\u0130R\u0130NC\u0130S\u0130 OLDU - AvrupaPress\",\"isPartOf\":{\"@id\":\"https:\/\/avrupapress.com\/#website\"},\"primaryImageOfPage\":{\"@id\":\"https:\/\/avrupapress.com\/main\/2026\/02\/14\/yunakli-yagmur-zulfikar-turkiye-genelinde-149-kisi-arasindan-turkiye-birincisi-oldu\/#primaryimage\"},\"image\":{\"@id\":\"https:\/\/avrupapress.com\/main\/2026\/02\/14\/yunakli-yagmur-zulfikar-turkiye-genelinde-149-kisi-arasindan-turkiye-birincisi-oldu\/#primaryimage\"},\"thumbnailUrl\":\"https:\/\/avrupapress.com\/main\/wp-content\/uploads\/2026\/02\/f3d9f3f8-079b-41e1-8150-6a20d7b45650-e1771103032547.jpg\",\"datePublished\":\"2026-02-14T21:05:53+00:00\",\"dateModified\":\"2026-02-14T21:06:00+00:00\",\"breadcrumb\":{\"@id\":\"https:\/\/avrupapress.com\/main\/2026\/02\/14\/yunakli-yagmur-zulfikar-turkiye-genelinde-149-kisi-arasindan-turkiye-birincisi-oldu\/#breadcrumb\"},\"inLanguage\":\"fr-BE\",\"potentialAction\":[{\"@type\":\"ReadAction\",\"target\":[\"https:\/\/avrupapress.com\/main\/2026\/02\/14\/yunakli-yagmur-zulfikar-turkiye-genelinde-149-kisi-arasindan-turkiye-birincisi-oldu\/\"]}]},{\"@type\":\"ImageObject\",\"inLanguage\":\"fr-BE\",\"@id\":\"https:\/\/avrupapress.com\/main\/2026\/02\/14\/yunakli-yagmur-zulfikar-turkiye-genelinde-149-kisi-arasindan-turkiye-birincisi-oldu\/#primaryimage\",\"url\":\"https:\/\/avrupapress.com\/main\/wp-content\/uploads\/2026\/02\/f3d9f3f8-079b-41e1-8150-6a20d7b45650-e1771103032547.jpg\",\"contentUrl\":\"https:\/\/avrupapress.com\/main\/wp-content\/uploads\/2026\/02\/f3d9f3f8-079b-41e1-8150-6a20d7b45650-e1771103032547.jpg\",\"width\":2048,\"height\":1014},{\"@type\":\"BreadcrumbList\",\"@id\":\"https:\/\/avrupapress.com\/main\/2026\/02\/14\/yunakli-yagmur-zulfikar-turkiye-genelinde-149-kisi-arasindan-turkiye-birincisi-oldu\/#breadcrumb\",\"itemListElement\":[{\"@type\":\"ListItem\",\"position\":1,\"name\":\"Anasayfa\",\"item\":\"https:\/\/avrupapress.com\/\"},{\"@type\":\"ListItem\",\"position\":2,\"name\":\"YUNAKLI YA\u011eMUR Z\u00dcLF\u0130KAR T\u00dcRK\u0130YE GENEL\u0130NDE 149 K\u0130\u015e\u0130 ARASINDAN T\u00dcRK\u0130YE B\u0130R\u0130NC\u0130S\u0130 OLDU\"}]},{\"@type\":\"WebSite\",\"@id\":\"https:\/\/avrupapress.com\/#website\",\"url\":\"https:\/\/avrupapress.com\/\",\"name\":\"AvrupaPress\",\"description\":\"Haberin Adresi\",\"publisher\":{\"@id\":\"https:\/\/avrupapress.com\/#\/schema\/person\/0223dca19c72c43575bf30d1a2d8f4fa\"},\"potentialAction\":[{\"@type\":\"SearchAction\",\"target\":{\"@type\":\"EntryPoint\",\"urlTemplate\":\"https:\/\/avrupapress.com\/?s={search_term_string}\"},\"query-input\":{\"@type\":\"PropertyValueSpecification\",\"valueRequired\":true,\"valueName\":\"search_term_string\"}}],\"inLanguage\":\"fr-BE\"},{\"@type\":[\"Person\",\"Organization\"],\"@id\":\"https:\/\/avrupapress.com\/#\/schema\/person\/0223dca19c72c43575bf30d1a2d8f4fa\",\"name\":\"Bilgin \u00d6z\u00e7ift\u00e7i\",\"image\":{\"@type\":\"ImageObject\",\"inLanguage\":\"fr-BE\",\"@id\":\"https:\/\/avrupapress.com\/#\/schema\/person\/image\/\",\"url\":\"https:\/\/secure.gravatar.com\/avatar\/0f23b280433a21e1ea7a0adcc46ed0ad16afe3ad8e630fd13d8a017dcbd54ef3?s=96&d=mm&r=g\",\"contentUrl\":\"https:\/\/secure.gravatar.com\/avatar\/0f23b280433a21e1ea7a0adcc46ed0ad16afe3ad8e630fd13d8a017dcbd54ef3?s=96&d=mm&r=g\",\"caption\":\"Bilgin \u00d6z\u00e7ift\u00e7i\"},\"logo\":{\"@id\":\"https:\/\/avrupapress.com\/#\/schema\/person\/image\/\"},\"description\":\"Ne ben, nede sen... Biz ancak \\\"biz\\\" olursak g\u00fc\u00e7l\u00fc olabiliriz\"},{\"@type\":\"Person\",\"@id\":\"https:\/\/avrupapress.com\/#\/schema\/person\/68428444ec60970d1e1b700cf4ca1e8f\",\"name\":\"Edit\u00f6r\",\"image\":{\"@type\":\"ImageObject\",\"inLanguage\":\"fr-BE\",\"@id\":\"https:\/\/avrupapress.com\/#\/schema\/person\/image\/\",\"url\":\"https:\/\/secure.gravatar.com\/avatar\/74996b0977aa5f1559ba9883776652508b229005c0d78fb2597897f0bd651c09?s=96&d=mm&r=g\",\"contentUrl\":\"https:\/\/secure.gravatar.com\/avatar\/74996b0977aa5f1559ba9883776652508b229005c0d78fb2597897f0bd651c09?s=96&d=mm&r=g\",\"caption\":\"Edit\u00f6r\"},\"sameAs\":[\"http:\/\/www.avrupapress.com\"],\"url\":\"https:\/\/avrupapress.com\/main\/author\/editor\/\"}]}<\/script>\n<!-- \/ Yoast SEO plugin. -->","yoast_head_json":{"title":"YUNAKLI YA\u011eMUR Z\u00dcLF\u0130KAR T\u00dcRK\u0130YE GENEL\u0130NDE 149 K\u0130\u015e\u0130 ARASINDAN T\u00dcRK\u0130YE B\u0130R\u0130NC\u0130S\u0130 OLDU - AvrupaPress","robots":{"index":"index","follow":"follow","max-snippet":"max-snippet:-1","max-image-preview":"max-image-preview:large","max-video-preview":"max-video-preview:-1"},"canonical":"https:\/\/avrupapress.com\/main\/2026\/02\/14\/yunakli-yagmur-zulfikar-turkiye-genelinde-149-kisi-arasindan-turkiye-birincisi-oldu\/","og_locale":"fr_FR","og_type":"article","og_title":"YUNAKLI YA\u011eMUR Z\u00dcLF\u0130KAR T\u00dcRK\u0130YE GENEL\u0130NDE 149 K\u0130\u015e\u0130 ARASINDAN T\u00dcRK\u0130YE B\u0130R\u0130NC\u0130S\u0130 OLDU - AvrupaPress","og_description":"Mill\u00ee E\u011fitim Bakanl\u0131\u011f\u0131 ile Pakistan\u2019\u0131n Ankara B\u00fcy\u00fckel\u00e7ili\u011fi i\u015f birli\u011finde d\u00fczenlenen 8. Cinnah Gen\u00e7 Yazarlar Kompozisyon Yar\u0131\u015fmas\u0131\u2019nda T\u00fcrkiye birincisi olan 12. s\u0131n\u0131f \u00f6\u011frencisi Ya\u011fmur Z\u00fclfikar, memleketi Konya\u2019n\u0131n Yunak il\u00e7esinde Belediye Ba\u015fkan\u0131 Subhan G\u00fcnaltay taraf\u0131ndan \u00f6d\u00fcllendirildi. T\u00fcrkiye ile Pakistan aras\u0131ndaki k\u00f6kl\u00fc karde\u015flik ili\u015fkilerini peki\u015ftirmeyi ve gen\u00e7 nesillerin ortak tarih ile de\u011ferlere ili\u015fkin fark\u0131ndal\u0131\u011f\u0131n\u0131 art\u0131rmay\u0131 ama\u00e7layan yar\u0131\u015fman\u0131n temas\u0131, [&hellip;]","og_url":"https:\/\/avrupapress.com\/main\/2026\/02\/14\/yunakli-yagmur-zulfikar-turkiye-genelinde-149-kisi-arasindan-turkiye-birincisi-oldu\/","og_site_name":"AvrupaPress","article_published_time":"2026-02-14T21:05:53+00:00","article_modified_time":"2026-02-14T21:06:00+00:00","og_image":[{"width":2048,"height":1014,"url":"https:\/\/avrupapress.com\/main\/wp-content\/uploads\/2026\/02\/f3d9f3f8-079b-41e1-8150-6a20d7b45650-e1771103032547.jpg","type":"image\/jpeg"}],"author":"Edit\u00f6r","twitter_card":"summary_large_image","twitter_misc":{"\u00c9crit par":"Edit\u00f6r","Dur\u00e9e de lecture est.":"3 minutes"},"schema":{"@context":"https:\/\/schema.org","@graph":[{"@type":"Article","@id":"https:\/\/avrupapress.com\/main\/2026\/02\/14\/yunakli-yagmur-zulfikar-turkiye-genelinde-149-kisi-arasindan-turkiye-birincisi-oldu\/#article","isPartOf":{"@id":"https:\/\/avrupapress.com\/main\/2026\/02\/14\/yunakli-yagmur-zulfikar-turkiye-genelinde-149-kisi-arasindan-turkiye-birincisi-oldu\/"},"author":{"name":"Edit\u00f6r","@id":"https:\/\/avrupapress.com\/#\/schema\/person\/68428444ec60970d1e1b700cf4ca1e8f"},"headline":"YUNAKLI YA\u011eMUR Z\u00dcLF\u0130KAR T\u00dcRK\u0130YE GENEL\u0130NDE 149 K\u0130\u015e\u0130 ARASINDAN T\u00dcRK\u0130YE B\u0130R\u0130NC\u0130S\u0130 OLDU","datePublished":"2026-02-14T21:05:53+00:00","dateModified":"2026-02-14T21:06:00+00:00","mainEntityOfPage":{"@id":"https:\/\/avrupapress.com\/main\/2026\/02\/14\/yunakli-yagmur-zulfikar-turkiye-genelinde-149-kisi-arasindan-turkiye-birincisi-oldu\/"},"wordCount":316,"publisher":{"@id":"https:\/\/avrupapress.com\/#\/schema\/person\/0223dca19c72c43575bf30d1a2d8f4fa"},"image":{"@id":"https:\/\/avrupapress.com\/main\/2026\/02\/14\/yunakli-yagmur-zulfikar-turkiye-genelinde-149-kisi-arasindan-turkiye-birincisi-oldu\/#primaryimage"},"thumbnailUrl":"https:\/\/avrupapress.com\/main\/wp-content\/uploads\/2026\/02\/f3d9f3f8-079b-41e1-8150-6a20d7b45650-e1771103032547.jpg","articleSection":["Avrupa","Bel\u00e7ika","D\u00fcnya","Ekonomi","K\u00fclt\u00fcr-Sanat","Spor","Tan\u0131t\u0131m","T\u00fcrkiye","Uncategorized"],"inLanguage":"fr-BE"},{"@type":"WebPage","@id":"https:\/\/avrupapress.com\/main\/2026\/02\/14\/yunakli-yagmur-zulfikar-turkiye-genelinde-149-kisi-arasindan-turkiye-birincisi-oldu\/","url":"https:\/\/avrupapress.com\/main\/2026\/02\/14\/yunakli-yagmur-zulfikar-turkiye-genelinde-149-kisi-arasindan-turkiye-birincisi-oldu\/","name":"YUNAKLI YA\u011eMUR Z\u00dcLF\u0130KAR T\u00dcRK\u0130YE GENEL\u0130NDE 149 K\u0130\u015e\u0130 ARASINDAN T\u00dcRK\u0130YE B\u0130R\u0130NC\u0130S\u0130 OLDU - AvrupaPress","isPartOf":{"@id":"https:\/\/avrupapress.com\/#website"},"primaryImageOfPage":{"@id":"https:\/\/avrupapress.com\/main\/2026\/02\/14\/yunakli-yagmur-zulfikar-turkiye-genelinde-149-kisi-arasindan-turkiye-birincisi-oldu\/#primaryimage"},"image":{"@id":"https:\/\/avrupapress.com\/main\/2026\/02\/14\/yunakli-yagmur-zulfikar-turkiye-genelinde-149-kisi-arasindan-turkiye-birincisi-oldu\/#primaryimage"},"thumbnailUrl":"https:\/\/avrupapress.com\/main\/wp-content\/uploads\/2026\/02\/f3d9f3f8-079b-41e1-8150-6a20d7b45650-e1771103032547.jpg","datePublished":"2026-02-14T21:05:53+00:00","dateModified":"2026-02-14T21:06:00+00:00","breadcrumb":{"@id":"https:\/\/avrupapress.com\/main\/2026\/02\/14\/yunakli-yagmur-zulfikar-turkiye-genelinde-149-kisi-arasindan-turkiye-birincisi-oldu\/#breadcrumb"},"inLanguage":"fr-BE","potentialAction":[{"@type":"ReadAction","target":["https:\/\/avrupapress.com\/main\/2026\/02\/14\/yunakli-yagmur-zulfikar-turkiye-genelinde-149-kisi-arasindan-turkiye-birincisi-oldu\/"]}]},{"@type":"ImageObject","inLanguage":"fr-BE","@id":"https:\/\/avrupapress.com\/main\/2026\/02\/14\/yunakli-yagmur-zulfikar-turkiye-genelinde-149-kisi-arasindan-turkiye-birincisi-oldu\/#primaryimage","url":"https:\/\/avrupapress.com\/main\/wp-content\/uploads\/2026\/02\/f3d9f3f8-079b-41e1-8150-6a20d7b45650-e1771103032547.jpg","contentUrl":"https:\/\/avrupapress.com\/main\/wp-content\/uploads\/2026\/02\/f3d9f3f8-079b-41e1-8150-6a20d7b45650-e1771103032547.jpg","width":2048,"height":1014},{"@type":"BreadcrumbList","@id":"https:\/\/avrupapress.com\/main\/2026\/02\/14\/yunakli-yagmur-zulfikar-turkiye-genelinde-149-kisi-arasindan-turkiye-birincisi-oldu\/#breadcrumb","itemListElement":[{"@type":"ListItem","position":1,"name":"Anasayfa","item":"https:\/\/avrupapress.com\/"},{"@type":"ListItem","position":2,"name":"YUNAKLI YA\u011eMUR Z\u00dcLF\u0130KAR T\u00dcRK\u0130YE GENEL\u0130NDE 149 K\u0130\u015e\u0130 ARASINDAN T\u00dcRK\u0130YE B\u0130R\u0130NC\u0130S\u0130 OLDU"}]},{"@type":"WebSite","@id":"https:\/\/avrupapress.com\/#website","url":"https:\/\/avrupapress.com\/","name":"AvrupaPress","description":"Haberin Adresi","publisher":{"@id":"https:\/\/avrupapress.com\/#\/schema\/person\/0223dca19c72c43575bf30d1a2d8f4fa"},"potentialAction":[{"@type":"SearchAction","target":{"@type":"EntryPoint","urlTemplate":"https:\/\/avrupapress.com\/?s={search_term_string}"},"query-input":{"@type":"PropertyValueSpecification","valueRequired":true,"valueName":"search_term_string"}}],"inLanguage":"fr-BE"},{"@type":["Person","Organization"],"@id":"https:\/\/avrupapress.com\/#\/schema\/person\/0223dca19c72c43575bf30d1a2d8f4fa","name":"Bilgin \u00d6z\u00e7ift\u00e7i","image":{"@type":"ImageObject","inLanguage":"fr-BE","@id":"https:\/\/avrupapress.com\/#\/schema\/person\/image\/","url":"https:\/\/secure.gravatar.com\/avatar\/0f23b280433a21e1ea7a0adcc46ed0ad16afe3ad8e630fd13d8a017dcbd54ef3?s=96&d=mm&r=g","contentUrl":"https:\/\/secure.gravatar.com\/avatar\/0f23b280433a21e1ea7a0adcc46ed0ad16afe3ad8e630fd13d8a017dcbd54ef3?s=96&d=mm&r=g","caption":"Bilgin \u00d6z\u00e7ift\u00e7i"},"logo":{"@id":"https:\/\/avrupapress.com\/#\/schema\/person\/image\/"},"description":"Ne ben, nede sen... Biz ancak \"biz\" olursak g\u00fc\u00e7l\u00fc olabiliriz"},{"@type":"Person","@id":"https:\/\/avrupapress.com\/#\/schema\/person\/68428444ec60970d1e1b700cf4ca1e8f","name":"Edit\u00f6r","image":{"@type":"ImageObject","inLanguage":"fr-BE","@id":"https:\/\/avrupapress.com\/#\/schema\/person\/image\/","url":"https:\/\/secure.gravatar.com\/avatar\/74996b0977aa5f1559ba9883776652508b229005c0d78fb2597897f0bd651c09?s=96&d=mm&r=g","contentUrl":"https:\/\/secure.gravatar.com\/avatar\/74996b0977aa5f1559ba9883776652508b229005c0d78fb2597897f0bd651c09?s=96&d=mm&r=g","caption":"Edit\u00f6r"},"sameAs":["http:\/\/www.avrupapress.com"],"url":"https:\/\/avrupapress.com\/main\/author\/editor\/"}]}},"_links":{"self":[{"href":"https:\/\/avrupapress.com\/main\/wp-json\/wp\/v2\/posts\/32860","targetHints":{"allow":["GET"]}}],"collection":[{"href":"https:\/\/avrupapress.com\/main\/wp-json\/wp\/v2\/posts"}],"about":[{"href":"https:\/\/avrupapress.com\/main\/wp-json\/wp\/v2\/types\/post"}],"author":[{"embeddable":true,"href":"https:\/\/avrupapress.com\/main\/wp-json\/wp\/v2\/users\/3"}],"replies":[{"embeddable":true,"href":"https:\/\/avrupapress.com\/main\/wp-json\/wp\/v2\/comments?post=32860"}],"version-history":[{"count":1,"href":"https:\/\/avrupapress.com\/main\/wp-json\/wp\/v2\/posts\/32860\/revisions"}],"predecessor-version":[{"id":32866,"href":"https:\/\/avrupapress.com\/main\/wp-json\/wp\/v2\/posts\/32860\/revisions\/32866"}],"wp:featuredmedia":[{"embeddable":true,"href":"https:\/\/avrupapress.com\/main\/wp-json\/wp\/v2\/media\/32864"}],"wp:attachment":[{"href":"https:\/\/avrupapress.com\/main\/wp-json\/wp\/v2\/media?parent=32860"}],"wp:term":[{"taxonomy":"category","embeddable":true,"href":"https:\/\/avrupapress.com\/main\/wp-json\/wp\/v2\/categories?post=32860"},{"taxonomy":"post_tag","embeddable":true,"href":"https:\/\/avrupapress.com\/main\/wp-json\/wp\/v2\/tags?post=32860"}],"curies":[{"name":"wp","href":"https:\/\/api.w.org\/{rel}","templated":true}]}}