{"id":32832,"date":"2026-02-11T19:52:21","date_gmt":"2026-02-11T19:52:21","guid":{"rendered":"https:\/\/avrupapress.com\/main\/?p=32832"},"modified":"2026-02-11T19:52:27","modified_gmt":"2026-02-11T19:52:27","slug":"essivder-turk-sanat-muzigi-korosundan-sezon-ortasi-konseri-yogun-ilgi-gordu","status":"publish","type":"post","link":"https:\/\/avrupapress.com\/main\/2026\/02\/11\/essivder-turk-sanat-muzigi-korosundan-sezon-ortasi-konseri-yogun-ilgi-gordu\/","title":{"rendered":"ESS\u0130VDER T\u00fcrk Sanat M\u00fczi\u011fi Korosu\u2019ndan \u2018Sezon Ortas\u0131 Konseri\u2019 yo\u011fun ilgi g\u00f6rd\u00fc"},"content":{"rendered":"<div dir=\"auto\" data-olk-copy-source=\"MessageBody\"><strong>HABER \/ FOTO\u011eRAF: ERTU\u011eRUL ALTINEL \u2013 B\u0130LG\u0130N \u00d6Z\u00c7\u0130FT\u00c7\u0130 \u00a0&#8211; AVRUPA PRESS \u2013 BEL\u00c7\u0130KA<\/strong><\/div>\n<div dir=\"auto\" data-olk-copy-source=\"MessageBody\"><\/div>\n<div dir=\"auto\">Eski\u015fehir\u2019in k\u00fclt\u00fcr ve sanat hayat\u0131na yar\u0131m as\u0131rd\u0131r emek veren \u015fef ve bestek\u00e2r H\u00fcseyin Erbay, kurucusu oldu\u011fu Eski\u015fehir Sivrihisarl\u0131lar Derne\u011fi (ESS\u0130VDER) \u2018T\u00fcrk Sanat M\u00fczi\u011fi Korosu\u2019 ile sezon ortas\u0131 konserinde sanatseverlerle bulu\u015ftu. Konser, Eski\u015fehir Yunus Emre K\u00fclt\u00fcr Merkezi Konser Salonu\u2019nda ger\u00e7ekle\u015ftirildi.<\/div>\n<div dir=\"auto\">1975 y\u0131l\u0131nda Eski\u015fehir Halk E\u011fitimi Merkezi T\u00fcrk Sanat M\u00fczi\u011fi Korosu\u2019nu kuran ve 50 y\u0131l boyunca aral\u0131ks\u0131z \u015fefli\u011fini y\u00fcr\u00fcten Erbay, Eski\u015fehir Halk E\u011fitim Merkezi\u2019ndeki g\u00f6revini noktalad\u0131. Bu s\u00fcre\u00e7te; TRT ve K\u00fclt\u00fcr ve Turizm Bakanl\u0131\u011f\u0131 korolar\u0131na sanat\u00e7\u0131lar kazand\u0131rd\u0131. Konservatuvarlara \u00e7ok say\u0131da \u00f6\u011frenci yeti\u015ftirdi. Repertuvara giren besteleri ve yeti\u015ftirdi\u011fi koro \u015fefleriyle, T\u00fcrk Sanat M\u00fczi\u011fi\u2019ne \u00f6nemli katk\u0131lar sundu. Halk E\u011fitim Merkezi\u2019nden ayr\u0131lmas\u0131n\u0131n ard\u0131ndan \u00e7al\u0131\u015fmalar\u0131n\u0131 do\u011fup b\u00fcy\u00fcd\u00fc\u011f\u00fc Sivrihisar\u2019a y\u00f6nlendirdi. Erbay, Dernek Ba\u015fkan\u0131 \u0130smail Arslan\u2019\u0131n deste\u011fi ile ESS\u0130VDER \u00e7at\u0131s\u0131 alt\u0131nda yeni bir koro kurdu. Bu koro ile konser d\u00fczenledi. Konserin ilk b\u00f6l\u00fcm\u00fcnde: Nihavend makam\u0131nda se\u00e7ilmi\u015f eserlerden olu\u015fan koro ve solist program\u0131 sunuldu. \u0130kinci b\u00f6l\u00fcmde ise: Solo performanslara a\u011f\u0131rl\u0131k verildi. Gecenin finalini; korodan yeti\u015fen ve 21 y\u0131ll\u0131k \u00f6\u011frencisi olan sanat\u00e7\u0131 G\u00fcl\u015fah Akg\u00fcl Zafer ger\u00e7ekle\u015ftirdi. Koro \u015eefi ve Bestek\u00e2r H\u00fcseyin Erbay\u2019\u0131n d\u00fczenledi\u011fi konser, sanatseverlerin ve davetlilerin be\u011fenisini kazand\u0131.<\/div>\n<div dir=\"auto\">Dernek Ba\u015fkan\u0131 \u0130smail Arslan yapt\u0131\u011f\u0131 konu\u015fmas\u0131nda, \u2018\u2019Milli k\u00fclt\u00fcr\u00fcm\u00fcz\u00fcn gelecek nesillere aktar\u0131lmas\u0131nda; gelenek g\u00f6reneklerin, k\u00fclt\u00fcr ve sanat\u0131n, m\u00fczi\u011fin \u00f6nemli bir yeri vard\u0131r. Biz de bu anlay\u0131\u015fla k\u00fclt\u00fcr ve sanat etkinliklerini Eski\u015fehir\u2019de s\u00fcrd\u00fcrmekteyiz. Sivrihisar&rsquo;\u0131n k\u00fclt\u00fcr de\u011ferlerinin tan\u0131t\u0131m\u0131 i\u00e7in u\u011fra\u015f vermekteyiz. B\u00fcy\u00fck Atat\u00fcrk, &lsquo;Milli benli\u011fini bilmeyen milletler ba\u015fka milletlerin \u015fik\u00e2r\u0131d\u0131r, av\u0131d\u0131r\u2019\u2019 veciz s\u00f6z\u00fcnden hareketle k\u00fclt\u00fcr ve sanat \u00e7al\u0131\u015fmalar\u0131m\u0131z\u0131 yo\u011fun bi\u00e7imde s\u00fcrd\u00fcr\u00fcyoruz. M\u00fcziksever ve sanatsever dostlar\u0131m\u0131za konsere kat\u0131l\u0131mlar\u0131ndan dolay\u0131 te\u015fekk\u00fcr ediyorum\u2019\u2019 dedi. Konser, \u00e7i\u00e7ek ve pl\u00e2ket takdimiyle sona erdi.<\/div>\n<div dir=\"auto\"><\/div>\n<div dir=\"auto\"><img loading=\"lazy\" decoding=\"async\" class=\"alignnone size-medium wp-image-32833\" src=\"https:\/\/avrupapress.com\/main\/wp-content\/uploads\/2026\/02\/07f506b7-586d-4716-9bd2-af4f0d7cd61a-300x200.jpg\" alt=\"\" width=\"300\" height=\"200\" srcset=\"https:\/\/avrupapress.com\/main\/wp-content\/uploads\/2026\/02\/07f506b7-586d-4716-9bd2-af4f0d7cd61a-300x200.jpg 300w, https:\/\/avrupapress.com\/main\/wp-content\/uploads\/2026\/02\/07f506b7-586d-4716-9bd2-af4f0d7cd61a-1024x682.jpg 1024w, https:\/\/avrupapress.com\/main\/wp-content\/uploads\/2026\/02\/07f506b7-586d-4716-9bd2-af4f0d7cd61a-768x512.jpg 768w, https:\/\/avrupapress.com\/main\/wp-content\/uploads\/2026\/02\/07f506b7-586d-4716-9bd2-af4f0d7cd61a-1536x1023.jpg 1536w, https:\/\/avrupapress.com\/main\/wp-content\/uploads\/2026\/02\/07f506b7-586d-4716-9bd2-af4f0d7cd61a.jpg 1600w\" sizes=\"auto, (max-width: 300px) 100vw, 300px\" \/><\/div>\n<div dir=\"auto\"><img loading=\"lazy\" decoding=\"async\" class=\"alignnone size-medium wp-image-32834\" src=\"https:\/\/avrupapress.com\/main\/wp-content\/uploads\/2026\/02\/c59095e7-67e4-428e-b7bd-4c1372ce7dbe-300x169.jpg\" alt=\"\" width=\"300\" height=\"169\" srcset=\"https:\/\/avrupapress.com\/main\/wp-content\/uploads\/2026\/02\/c59095e7-67e4-428e-b7bd-4c1372ce7dbe-300x169.jpg 300w, https:\/\/avrupapress.com\/main\/wp-content\/uploads\/2026\/02\/c59095e7-67e4-428e-b7bd-4c1372ce7dbe-1024x576.jpg 1024w, https:\/\/avrupapress.com\/main\/wp-content\/uploads\/2026\/02\/c59095e7-67e4-428e-b7bd-4c1372ce7dbe-768x432.jpg 768w, https:\/\/avrupapress.com\/main\/wp-content\/uploads\/2026\/02\/c59095e7-67e4-428e-b7bd-4c1372ce7dbe-1536x864.jpg 1536w, https:\/\/avrupapress.com\/main\/wp-content\/uploads\/2026\/02\/c59095e7-67e4-428e-b7bd-4c1372ce7dbe-740x420.jpg 740w, https:\/\/avrupapress.com\/main\/wp-content\/uploads\/2026\/02\/c59095e7-67e4-428e-b7bd-4c1372ce7dbe.jpg 1600w\" sizes=\"auto, (max-width: 300px) 100vw, 300px\" \/><\/div>\n<div dir=\"auto\"><img loading=\"lazy\" decoding=\"async\" class=\"alignnone size-medium wp-image-32835\" src=\"https:\/\/avrupapress.com\/main\/wp-content\/uploads\/2026\/02\/81d3173d-7462-433d-bedf-5201e9974aa5-300x200.jpg\" alt=\"\" width=\"300\" height=\"200\" srcset=\"https:\/\/avrupapress.com\/main\/wp-content\/uploads\/2026\/02\/81d3173d-7462-433d-bedf-5201e9974aa5-300x200.jpg 300w, https:\/\/avrupapress.com\/main\/wp-content\/uploads\/2026\/02\/81d3173d-7462-433d-bedf-5201e9974aa5-1024x682.jpg 1024w, https:\/\/avrupapress.com\/main\/wp-content\/uploads\/2026\/02\/81d3173d-7462-433d-bedf-5201e9974aa5-768x512.jpg 768w, https:\/\/avrupapress.com\/main\/wp-content\/uploads\/2026\/02\/81d3173d-7462-433d-bedf-5201e9974aa5-1536x1023.jpg 1536w, https:\/\/avrupapress.com\/main\/wp-content\/uploads\/2026\/02\/81d3173d-7462-433d-bedf-5201e9974aa5.jpg 1600w\" sizes=\"auto, (max-width: 300px) 100vw, 300px\" \/><\/div>\n<div dir=\"auto\"><img loading=\"lazy\" decoding=\"async\" class=\"alignnone size-medium wp-image-32836\" src=\"https:\/\/avrupapress.com\/main\/wp-content\/uploads\/2026\/02\/516e9d7a-6296-4dc0-9906-38ff08ece633-300x169.jpg\" alt=\"\" width=\"300\" height=\"169\" srcset=\"https:\/\/avrupapress.com\/main\/wp-content\/uploads\/2026\/02\/516e9d7a-6296-4dc0-9906-38ff08ece633-300x169.jpg 300w, https:\/\/avrupapress.com\/main\/wp-content\/uploads\/2026\/02\/516e9d7a-6296-4dc0-9906-38ff08ece633-1024x576.jpg 1024w, https:\/\/avrupapress.com\/main\/wp-content\/uploads\/2026\/02\/516e9d7a-6296-4dc0-9906-38ff08ece633-768x432.jpg 768w, https:\/\/avrupapress.com\/main\/wp-content\/uploads\/2026\/02\/516e9d7a-6296-4dc0-9906-38ff08ece633-1536x864.jpg 1536w, https:\/\/avrupapress.com\/main\/wp-content\/uploads\/2026\/02\/516e9d7a-6296-4dc0-9906-38ff08ece633-740x420.jpg 740w, https:\/\/avrupapress.com\/main\/wp-content\/uploads\/2026\/02\/516e9d7a-6296-4dc0-9906-38ff08ece633.jpg 1600w\" sizes=\"auto, (max-width: 300px) 100vw, 300px\" \/><\/div>\n<div dir=\"auto\"><img loading=\"lazy\" decoding=\"async\" class=\"alignnone size-medium wp-image-32837\" src=\"https:\/\/avrupapress.com\/main\/wp-content\/uploads\/2026\/02\/1e3ce6bc-029d-4553-b5f2-2df909199a25-300x169.jpg\" alt=\"\" width=\"300\" height=\"169\" srcset=\"https:\/\/avrupapress.com\/main\/wp-content\/uploads\/2026\/02\/1e3ce6bc-029d-4553-b5f2-2df909199a25-300x169.jpg 300w, https:\/\/avrupapress.com\/main\/wp-content\/uploads\/2026\/02\/1e3ce6bc-029d-4553-b5f2-2df909199a25-1024x576.jpg 1024w, https:\/\/avrupapress.com\/main\/wp-content\/uploads\/2026\/02\/1e3ce6bc-029d-4553-b5f2-2df909199a25-768x432.jpg 768w, https:\/\/avrupapress.com\/main\/wp-content\/uploads\/2026\/02\/1e3ce6bc-029d-4553-b5f2-2df909199a25-1536x864.jpg 1536w, https:\/\/avrupapress.com\/main\/wp-content\/uploads\/2026\/02\/1e3ce6bc-029d-4553-b5f2-2df909199a25-740x420.jpg 740w, https:\/\/avrupapress.com\/main\/wp-content\/uploads\/2026\/02\/1e3ce6bc-029d-4553-b5f2-2df909199a25.jpg 1600w\" sizes=\"auto, (max-width: 300px) 100vw, 300px\" \/><\/div>\n<div dir=\"auto\"><img loading=\"lazy\" decoding=\"async\" class=\"alignnone size-medium wp-image-32838\" src=\"https:\/\/avrupapress.com\/main\/wp-content\/uploads\/2026\/02\/e5037f94-53de-420e-9f0f-359cf5738dd7-300x169.jpg\" alt=\"\" width=\"300\" height=\"169\" srcset=\"https:\/\/avrupapress.com\/main\/wp-content\/uploads\/2026\/02\/e5037f94-53de-420e-9f0f-359cf5738dd7-300x169.jpg 300w, https:\/\/avrupapress.com\/main\/wp-content\/uploads\/2026\/02\/e5037f94-53de-420e-9f0f-359cf5738dd7-1024x576.jpg 1024w, https:\/\/avrupapress.com\/main\/wp-content\/uploads\/2026\/02\/e5037f94-53de-420e-9f0f-359cf5738dd7-768x432.jpg 768w, https:\/\/avrupapress.com\/main\/wp-content\/uploads\/2026\/02\/e5037f94-53de-420e-9f0f-359cf5738dd7-1536x864.jpg 1536w, https:\/\/avrupapress.com\/main\/wp-content\/uploads\/2026\/02\/e5037f94-53de-420e-9f0f-359cf5738dd7-740x420.jpg 740w, https:\/\/avrupapress.com\/main\/wp-content\/uploads\/2026\/02\/e5037f94-53de-420e-9f0f-359cf5738dd7.jpg 1600w\" sizes=\"auto, (max-width: 300px) 100vw, 300px\" \/><\/div>\n<div dir=\"auto\"><img loading=\"lazy\" decoding=\"async\" class=\"alignnone size-medium wp-image-32839\" src=\"https:\/\/avrupapress.com\/main\/wp-content\/uploads\/2026\/02\/840835ba-72f3-4652-9d00-1b6d6c29c191-300x169.jpg\" alt=\"\" width=\"300\" height=\"169\" srcset=\"https:\/\/avrupapress.com\/main\/wp-content\/uploads\/2026\/02\/840835ba-72f3-4652-9d00-1b6d6c29c191-300x169.jpg 300w, https:\/\/avrupapress.com\/main\/wp-content\/uploads\/2026\/02\/840835ba-72f3-4652-9d00-1b6d6c29c191-1024x576.jpg 1024w, https:\/\/avrupapress.com\/main\/wp-content\/uploads\/2026\/02\/840835ba-72f3-4652-9d00-1b6d6c29c191-768x432.jpg 768w, https:\/\/avrupapress.com\/main\/wp-content\/uploads\/2026\/02\/840835ba-72f3-4652-9d00-1b6d6c29c191-1536x864.jpg 1536w, https:\/\/avrupapress.com\/main\/wp-content\/uploads\/2026\/02\/840835ba-72f3-4652-9d00-1b6d6c29c191-740x420.jpg 740w, https:\/\/avrupapress.com\/main\/wp-content\/uploads\/2026\/02\/840835ba-72f3-4652-9d00-1b6d6c29c191.jpg 1600w\" sizes=\"auto, (max-width: 300px) 100vw, 300px\" \/><\/div>\n<div dir=\"auto\"><\/div>\n<div dir=\"auto\"><strong>HABER \/ FOTO\u011eRAF: ERTU\u011eRUL ALTINEL \u2013 B\u0130LG\u0130N \u00d6Z\u00c7\u0130FT\u00c7\u0130 \u00a0&#8211; AVRUPA PRESS \u2013 BEL\u00c7\u0130KA<\/strong><\/div>\n","protected":false},"excerpt":{"rendered":"<p>HABER \/ FOTO\u011eRAF: ERTU\u011eRUL ALTINEL \u2013 B\u0130LG\u0130N \u00d6Z\u00c7\u0130FT\u00c7\u0130 \u00a0&#8211; AVRUPA PRESS \u2013 BEL\u00c7\u0130KA Eski\u015fehir\u2019in k\u00fclt\u00fcr ve sanat hayat\u0131na yar\u0131m as\u0131rd\u0131r emek veren \u015fef ve bestek\u00e2r H\u00fcseyin Erbay, kurucusu oldu\u011fu Eski\u015fehir Sivrihisarl\u0131lar Derne\u011fi (ESS\u0130VDER) \u2018T\u00fcrk Sanat M\u00fczi\u011fi Korosu\u2019 ile sezon ortas\u0131 konserinde sanatseverlerle bulu\u015ftu. Konser, Eski\u015fehir Yunus Emre K\u00fclt\u00fcr Merkezi Konser Salonu\u2019nda ger\u00e7ekle\u015ftirildi. 1975 y\u0131l\u0131nda Eski\u015fehir [&hellip;]<\/p>\n","protected":false},"author":3,"featured_media":32834,"comment_status":"closed","ping_status":"open","sticky":false,"template":"","format":"standard","meta":{"footnotes":""},"categories":[14,16,3,17,18,15,19,2,1],"tags":[],"class_list":["post-32832","post","type-post","status-publish","format-standard","has-post-thumbnail","hentry","category-avrupa","category-belcika","category-dunya","category-ekonomi","category-kultur-sanat","category-spor","category-tanitim","category-turkiye","category-uncategorized"],"yoast_head":"<!-- This site is optimized with the Yoast SEO plugin v26.9 - https:\/\/yoast.com\/product\/yoast-seo-wordpress\/ -->\n<title>ESS\u0130VDER T\u00fcrk Sanat M\u00fczi\u011fi Korosu\u2019ndan \u2018Sezon Ortas\u0131 Konseri\u2019 yo\u011fun ilgi g\u00f6rd\u00fc - AvrupaPress<\/title>\n<meta name=\"robots\" content=\"index, follow, max-snippet:-1, max-image-preview:large, max-video-preview:-1\" \/>\n<link rel=\"canonical\" href=\"https:\/\/avrupapress.com\/main\/2026\/02\/11\/essivder-turk-sanat-muzigi-korosundan-sezon-ortasi-konseri-yogun-ilgi-gordu\/\" \/>\n<meta property=\"og:locale\" content=\"fr_FR\" \/>\n<meta property=\"og:type\" content=\"article\" \/>\n<meta property=\"og:title\" content=\"ESS\u0130VDER T\u00fcrk Sanat M\u00fczi\u011fi Korosu\u2019ndan \u2018Sezon Ortas\u0131 Konseri\u2019 yo\u011fun ilgi g\u00f6rd\u00fc - AvrupaPress\" \/>\n<meta property=\"og:description\" content=\"HABER \/ FOTO\u011eRAF: ERTU\u011eRUL ALTINEL \u2013 B\u0130LG\u0130N \u00d6Z\u00c7\u0130FT\u00c7\u0130 \u00a0&#8211; AVRUPA PRESS \u2013 BEL\u00c7\u0130KA Eski\u015fehir\u2019in k\u00fclt\u00fcr ve sanat hayat\u0131na yar\u0131m as\u0131rd\u0131r emek veren \u015fef ve bestek\u00e2r H\u00fcseyin Erbay, kurucusu oldu\u011fu Eski\u015fehir Sivrihisarl\u0131lar Derne\u011fi (ESS\u0130VDER) \u2018T\u00fcrk Sanat M\u00fczi\u011fi Korosu\u2019 ile sezon ortas\u0131 konserinde sanatseverlerle bulu\u015ftu. Konser, Eski\u015fehir Yunus Emre K\u00fclt\u00fcr Merkezi Konser Salonu\u2019nda ger\u00e7ekle\u015ftirildi. 1975 y\u0131l\u0131nda Eski\u015fehir [&hellip;]\" \/>\n<meta property=\"og:url\" content=\"https:\/\/avrupapress.com\/main\/2026\/02\/11\/essivder-turk-sanat-muzigi-korosundan-sezon-ortasi-konseri-yogun-ilgi-gordu\/\" \/>\n<meta property=\"og:site_name\" content=\"AvrupaPress\" \/>\n<meta property=\"article:published_time\" content=\"2026-02-11T19:52:21+00:00\" \/>\n<meta property=\"article:modified_time\" content=\"2026-02-11T19:52:27+00:00\" \/>\n<meta property=\"og:image\" content=\"https:\/\/avrupapress.com\/main\/wp-content\/uploads\/2026\/02\/c59095e7-67e4-428e-b7bd-4c1372ce7dbe.jpg\" \/>\n\t<meta property=\"og:image:width\" content=\"1600\" \/>\n\t<meta property=\"og:image:height\" content=\"900\" \/>\n\t<meta property=\"og:image:type\" content=\"image\/jpeg\" \/>\n<meta name=\"author\" content=\"Edit\u00f6r\" \/>\n<meta name=\"twitter:card\" content=\"summary_large_image\" \/>\n<meta name=\"twitter:label1\" content=\"\u00c9crit par\" \/>\n\t<meta name=\"twitter:data1\" content=\"Edit\u00f6r\" \/>\n\t<meta name=\"twitter:label2\" content=\"Dur\u00e9e de lecture est.\" \/>\n\t<meta name=\"twitter:data2\" content=\"3 minutes\" \/>\n<script type=\"application\/ld+json\" class=\"yoast-schema-graph\">{\"@context\":\"https:\/\/schema.org\",\"@graph\":[{\"@type\":\"Article\",\"@id\":\"https:\/\/avrupapress.com\/main\/2026\/02\/11\/essivder-turk-sanat-muzigi-korosundan-sezon-ortasi-konseri-yogun-ilgi-gordu\/#article\",\"isPartOf\":{\"@id\":\"https:\/\/avrupapress.com\/main\/2026\/02\/11\/essivder-turk-sanat-muzigi-korosundan-sezon-ortasi-konseri-yogun-ilgi-gordu\/\"},\"author\":{\"name\":\"Edit\u00f6r\",\"@id\":\"https:\/\/avrupapress.com\/#\/schema\/person\/68428444ec60970d1e1b700cf4ca1e8f\"},\"headline\":\"ESS\u0130VDER T\u00fcrk Sanat M\u00fczi\u011fi Korosu\u2019ndan \u2018Sezon Ortas\u0131 Konseri\u2019 yo\u011fun ilgi g\u00f6rd\u00fc\",\"datePublished\":\"2026-02-11T19:52:21+00:00\",\"dateModified\":\"2026-02-11T19:52:27+00:00\",\"mainEntityOfPage\":{\"@id\":\"https:\/\/avrupapress.com\/main\/2026\/02\/11\/essivder-turk-sanat-muzigi-korosundan-sezon-ortasi-konseri-yogun-ilgi-gordu\/\"},\"wordCount\":458,\"publisher\":{\"@id\":\"https:\/\/avrupapress.com\/#\/schema\/person\/0223dca19c72c43575bf30d1a2d8f4fa\"},\"image\":{\"@id\":\"https:\/\/avrupapress.com\/main\/2026\/02\/11\/essivder-turk-sanat-muzigi-korosundan-sezon-ortasi-konseri-yogun-ilgi-gordu\/#primaryimage\"},\"thumbnailUrl\":\"https:\/\/avrupapress.com\/main\/wp-content\/uploads\/2026\/02\/c59095e7-67e4-428e-b7bd-4c1372ce7dbe.jpg\",\"articleSection\":[\"Avrupa\",\"Bel\u00e7ika\",\"D\u00fcnya\",\"Ekonomi\",\"K\u00fclt\u00fcr-Sanat\",\"Spor\",\"Tan\u0131t\u0131m\",\"T\u00fcrkiye\",\"Uncategorized\"],\"inLanguage\":\"fr-BE\"},{\"@type\":\"WebPage\",\"@id\":\"https:\/\/avrupapress.com\/main\/2026\/02\/11\/essivder-turk-sanat-muzigi-korosundan-sezon-ortasi-konseri-yogun-ilgi-gordu\/\",\"url\":\"https:\/\/avrupapress.com\/main\/2026\/02\/11\/essivder-turk-sanat-muzigi-korosundan-sezon-ortasi-konseri-yogun-ilgi-gordu\/\",\"name\":\"ESS\u0130VDER T\u00fcrk Sanat M\u00fczi\u011fi Korosu\u2019ndan \u2018Sezon Ortas\u0131 Konseri\u2019 yo\u011fun ilgi g\u00f6rd\u00fc - AvrupaPress\",\"isPartOf\":{\"@id\":\"https:\/\/avrupapress.com\/#website\"},\"primaryImageOfPage\":{\"@id\":\"https:\/\/avrupapress.com\/main\/2026\/02\/11\/essivder-turk-sanat-muzigi-korosundan-sezon-ortasi-konseri-yogun-ilgi-gordu\/#primaryimage\"},\"image\":{\"@id\":\"https:\/\/avrupapress.com\/main\/2026\/02\/11\/essivder-turk-sanat-muzigi-korosundan-sezon-ortasi-konseri-yogun-ilgi-gordu\/#primaryimage\"},\"thumbnailUrl\":\"https:\/\/avrupapress.com\/main\/wp-content\/uploads\/2026\/02\/c59095e7-67e4-428e-b7bd-4c1372ce7dbe.jpg\",\"datePublished\":\"2026-02-11T19:52:21+00:00\",\"dateModified\":\"2026-02-11T19:52:27+00:00\",\"breadcrumb\":{\"@id\":\"https:\/\/avrupapress.com\/main\/2026\/02\/11\/essivder-turk-sanat-muzigi-korosundan-sezon-ortasi-konseri-yogun-ilgi-gordu\/#breadcrumb\"},\"inLanguage\":\"fr-BE\",\"potentialAction\":[{\"@type\":\"ReadAction\",\"target\":[\"https:\/\/avrupapress.com\/main\/2026\/02\/11\/essivder-turk-sanat-muzigi-korosundan-sezon-ortasi-konseri-yogun-ilgi-gordu\/\"]}]},{\"@type\":\"ImageObject\",\"inLanguage\":\"fr-BE\",\"@id\":\"https:\/\/avrupapress.com\/main\/2026\/02\/11\/essivder-turk-sanat-muzigi-korosundan-sezon-ortasi-konseri-yogun-ilgi-gordu\/#primaryimage\",\"url\":\"https:\/\/avrupapress.com\/main\/wp-content\/uploads\/2026\/02\/c59095e7-67e4-428e-b7bd-4c1372ce7dbe.jpg\",\"contentUrl\":\"https:\/\/avrupapress.com\/main\/wp-content\/uploads\/2026\/02\/c59095e7-67e4-428e-b7bd-4c1372ce7dbe.jpg\",\"width\":1600,\"height\":900},{\"@type\":\"BreadcrumbList\",\"@id\":\"https:\/\/avrupapress.com\/main\/2026\/02\/11\/essivder-turk-sanat-muzigi-korosundan-sezon-ortasi-konseri-yogun-ilgi-gordu\/#breadcrumb\",\"itemListElement\":[{\"@type\":\"ListItem\",\"position\":1,\"name\":\"Anasayfa\",\"item\":\"https:\/\/avrupapress.com\/\"},{\"@type\":\"ListItem\",\"position\":2,\"name\":\"ESS\u0130VDER T\u00fcrk Sanat M\u00fczi\u011fi Korosu\u2019ndan \u2018Sezon Ortas\u0131 Konseri\u2019 yo\u011fun ilgi g\u00f6rd\u00fc\"}]},{\"@type\":\"WebSite\",\"@id\":\"https:\/\/avrupapress.com\/#website\",\"url\":\"https:\/\/avrupapress.com\/\",\"name\":\"AvrupaPress\",\"description\":\"Haberin Adresi\",\"publisher\":{\"@id\":\"https:\/\/avrupapress.com\/#\/schema\/person\/0223dca19c72c43575bf30d1a2d8f4fa\"},\"potentialAction\":[{\"@type\":\"SearchAction\",\"target\":{\"@type\":\"EntryPoint\",\"urlTemplate\":\"https:\/\/avrupapress.com\/?s={search_term_string}\"},\"query-input\":{\"@type\":\"PropertyValueSpecification\",\"valueRequired\":true,\"valueName\":\"search_term_string\"}}],\"inLanguage\":\"fr-BE\"},{\"@type\":[\"Person\",\"Organization\"],\"@id\":\"https:\/\/avrupapress.com\/#\/schema\/person\/0223dca19c72c43575bf30d1a2d8f4fa\",\"name\":\"Bilgin \u00d6z\u00e7ift\u00e7i\",\"image\":{\"@type\":\"ImageObject\",\"inLanguage\":\"fr-BE\",\"@id\":\"https:\/\/avrupapress.com\/#\/schema\/person\/image\/\",\"url\":\"https:\/\/secure.gravatar.com\/avatar\/0f23b280433a21e1ea7a0adcc46ed0ad16afe3ad8e630fd13d8a017dcbd54ef3?s=96&d=mm&r=g\",\"contentUrl\":\"https:\/\/secure.gravatar.com\/avatar\/0f23b280433a21e1ea7a0adcc46ed0ad16afe3ad8e630fd13d8a017dcbd54ef3?s=96&d=mm&r=g\",\"caption\":\"Bilgin \u00d6z\u00e7ift\u00e7i\"},\"logo\":{\"@id\":\"https:\/\/avrupapress.com\/#\/schema\/person\/image\/\"},\"description\":\"Ne ben, nede sen... Biz ancak \\\"biz\\\" olursak g\u00fc\u00e7l\u00fc olabiliriz\"},{\"@type\":\"Person\",\"@id\":\"https:\/\/avrupapress.com\/#\/schema\/person\/68428444ec60970d1e1b700cf4ca1e8f\",\"name\":\"Edit\u00f6r\",\"image\":{\"@type\":\"ImageObject\",\"inLanguage\":\"fr-BE\",\"@id\":\"https:\/\/avrupapress.com\/#\/schema\/person\/image\/\",\"url\":\"https:\/\/secure.gravatar.com\/avatar\/74996b0977aa5f1559ba9883776652508b229005c0d78fb2597897f0bd651c09?s=96&d=mm&r=g\",\"contentUrl\":\"https:\/\/secure.gravatar.com\/avatar\/74996b0977aa5f1559ba9883776652508b229005c0d78fb2597897f0bd651c09?s=96&d=mm&r=g\",\"caption\":\"Edit\u00f6r\"},\"sameAs\":[\"http:\/\/www.avrupapress.com\"],\"url\":\"https:\/\/avrupapress.com\/main\/author\/editor\/\"}]}<\/script>\n<!-- \/ Yoast SEO plugin. -->","yoast_head_json":{"title":"ESS\u0130VDER T\u00fcrk Sanat M\u00fczi\u011fi Korosu\u2019ndan \u2018Sezon Ortas\u0131 Konseri\u2019 yo\u011fun ilgi g\u00f6rd\u00fc - AvrupaPress","robots":{"index":"index","follow":"follow","max-snippet":"max-snippet:-1","max-image-preview":"max-image-preview:large","max-video-preview":"max-video-preview:-1"},"canonical":"https:\/\/avrupapress.com\/main\/2026\/02\/11\/essivder-turk-sanat-muzigi-korosundan-sezon-ortasi-konseri-yogun-ilgi-gordu\/","og_locale":"fr_FR","og_type":"article","og_title":"ESS\u0130VDER T\u00fcrk Sanat M\u00fczi\u011fi Korosu\u2019ndan \u2018Sezon Ortas\u0131 Konseri\u2019 yo\u011fun ilgi g\u00f6rd\u00fc - AvrupaPress","og_description":"HABER \/ FOTO\u011eRAF: ERTU\u011eRUL ALTINEL \u2013 B\u0130LG\u0130N \u00d6Z\u00c7\u0130FT\u00c7\u0130 \u00a0&#8211; AVRUPA PRESS \u2013 BEL\u00c7\u0130KA Eski\u015fehir\u2019in k\u00fclt\u00fcr ve sanat hayat\u0131na yar\u0131m as\u0131rd\u0131r emek veren \u015fef ve bestek\u00e2r H\u00fcseyin Erbay, kurucusu oldu\u011fu Eski\u015fehir Sivrihisarl\u0131lar Derne\u011fi (ESS\u0130VDER) \u2018T\u00fcrk Sanat M\u00fczi\u011fi Korosu\u2019 ile sezon ortas\u0131 konserinde sanatseverlerle bulu\u015ftu. Konser, Eski\u015fehir Yunus Emre K\u00fclt\u00fcr Merkezi Konser Salonu\u2019nda ger\u00e7ekle\u015ftirildi. 1975 y\u0131l\u0131nda Eski\u015fehir [&hellip;]","og_url":"https:\/\/avrupapress.com\/main\/2026\/02\/11\/essivder-turk-sanat-muzigi-korosundan-sezon-ortasi-konseri-yogun-ilgi-gordu\/","og_site_name":"AvrupaPress","article_published_time":"2026-02-11T19:52:21+00:00","article_modified_time":"2026-02-11T19:52:27+00:00","og_image":[{"width":1600,"height":900,"url":"https:\/\/avrupapress.com\/main\/wp-content\/uploads\/2026\/02\/c59095e7-67e4-428e-b7bd-4c1372ce7dbe.jpg","type":"image\/jpeg"}],"author":"Edit\u00f6r","twitter_card":"summary_large_image","twitter_misc":{"\u00c9crit par":"Edit\u00f6r","Dur\u00e9e de lecture est.":"3 minutes"},"schema":{"@context":"https:\/\/schema.org","@graph":[{"@type":"Article","@id":"https:\/\/avrupapress.com\/main\/2026\/02\/11\/essivder-turk-sanat-muzigi-korosundan-sezon-ortasi-konseri-yogun-ilgi-gordu\/#article","isPartOf":{"@id":"https:\/\/avrupapress.com\/main\/2026\/02\/11\/essivder-turk-sanat-muzigi-korosundan-sezon-ortasi-konseri-yogun-ilgi-gordu\/"},"author":{"name":"Edit\u00f6r","@id":"https:\/\/avrupapress.com\/#\/schema\/person\/68428444ec60970d1e1b700cf4ca1e8f"},"headline":"ESS\u0130VDER T\u00fcrk Sanat M\u00fczi\u011fi Korosu\u2019ndan \u2018Sezon Ortas\u0131 Konseri\u2019 yo\u011fun ilgi g\u00f6rd\u00fc","datePublished":"2026-02-11T19:52:21+00:00","dateModified":"2026-02-11T19:52:27+00:00","mainEntityOfPage":{"@id":"https:\/\/avrupapress.com\/main\/2026\/02\/11\/essivder-turk-sanat-muzigi-korosundan-sezon-ortasi-konseri-yogun-ilgi-gordu\/"},"wordCount":458,"publisher":{"@id":"https:\/\/avrupapress.com\/#\/schema\/person\/0223dca19c72c43575bf30d1a2d8f4fa"},"image":{"@id":"https:\/\/avrupapress.com\/main\/2026\/02\/11\/essivder-turk-sanat-muzigi-korosundan-sezon-ortasi-konseri-yogun-ilgi-gordu\/#primaryimage"},"thumbnailUrl":"https:\/\/avrupapress.com\/main\/wp-content\/uploads\/2026\/02\/c59095e7-67e4-428e-b7bd-4c1372ce7dbe.jpg","articleSection":["Avrupa","Bel\u00e7ika","D\u00fcnya","Ekonomi","K\u00fclt\u00fcr-Sanat","Spor","Tan\u0131t\u0131m","T\u00fcrkiye","Uncategorized"],"inLanguage":"fr-BE"},{"@type":"WebPage","@id":"https:\/\/avrupapress.com\/main\/2026\/02\/11\/essivder-turk-sanat-muzigi-korosundan-sezon-ortasi-konseri-yogun-ilgi-gordu\/","url":"https:\/\/avrupapress.com\/main\/2026\/02\/11\/essivder-turk-sanat-muzigi-korosundan-sezon-ortasi-konseri-yogun-ilgi-gordu\/","name":"ESS\u0130VDER T\u00fcrk Sanat M\u00fczi\u011fi Korosu\u2019ndan \u2018Sezon Ortas\u0131 Konseri\u2019 yo\u011fun ilgi g\u00f6rd\u00fc - AvrupaPress","isPartOf":{"@id":"https:\/\/avrupapress.com\/#website"},"primaryImageOfPage":{"@id":"https:\/\/avrupapress.com\/main\/2026\/02\/11\/essivder-turk-sanat-muzigi-korosundan-sezon-ortasi-konseri-yogun-ilgi-gordu\/#primaryimage"},"image":{"@id":"https:\/\/avrupapress.com\/main\/2026\/02\/11\/essivder-turk-sanat-muzigi-korosundan-sezon-ortasi-konseri-yogun-ilgi-gordu\/#primaryimage"},"thumbnailUrl":"https:\/\/avrupapress.com\/main\/wp-content\/uploads\/2026\/02\/c59095e7-67e4-428e-b7bd-4c1372ce7dbe.jpg","datePublished":"2026-02-11T19:52:21+00:00","dateModified":"2026-02-11T19:52:27+00:00","breadcrumb":{"@id":"https:\/\/avrupapress.com\/main\/2026\/02\/11\/essivder-turk-sanat-muzigi-korosundan-sezon-ortasi-konseri-yogun-ilgi-gordu\/#breadcrumb"},"inLanguage":"fr-BE","potentialAction":[{"@type":"ReadAction","target":["https:\/\/avrupapress.com\/main\/2026\/02\/11\/essivder-turk-sanat-muzigi-korosundan-sezon-ortasi-konseri-yogun-ilgi-gordu\/"]}]},{"@type":"ImageObject","inLanguage":"fr-BE","@id":"https:\/\/avrupapress.com\/main\/2026\/02\/11\/essivder-turk-sanat-muzigi-korosundan-sezon-ortasi-konseri-yogun-ilgi-gordu\/#primaryimage","url":"https:\/\/avrupapress.com\/main\/wp-content\/uploads\/2026\/02\/c59095e7-67e4-428e-b7bd-4c1372ce7dbe.jpg","contentUrl":"https:\/\/avrupapress.com\/main\/wp-content\/uploads\/2026\/02\/c59095e7-67e4-428e-b7bd-4c1372ce7dbe.jpg","width":1600,"height":900},{"@type":"BreadcrumbList","@id":"https:\/\/avrupapress.com\/main\/2026\/02\/11\/essivder-turk-sanat-muzigi-korosundan-sezon-ortasi-konseri-yogun-ilgi-gordu\/#breadcrumb","itemListElement":[{"@type":"ListItem","position":1,"name":"Anasayfa","item":"https:\/\/avrupapress.com\/"},{"@type":"ListItem","position":2,"name":"ESS\u0130VDER T\u00fcrk Sanat M\u00fczi\u011fi Korosu\u2019ndan \u2018Sezon Ortas\u0131 Konseri\u2019 yo\u011fun ilgi g\u00f6rd\u00fc"}]},{"@type":"WebSite","@id":"https:\/\/avrupapress.com\/#website","url":"https:\/\/avrupapress.com\/","name":"AvrupaPress","description":"Haberin Adresi","publisher":{"@id":"https:\/\/avrupapress.com\/#\/schema\/person\/0223dca19c72c43575bf30d1a2d8f4fa"},"potentialAction":[{"@type":"SearchAction","target":{"@type":"EntryPoint","urlTemplate":"https:\/\/avrupapress.com\/?s={search_term_string}"},"query-input":{"@type":"PropertyValueSpecification","valueRequired":true,"valueName":"search_term_string"}}],"inLanguage":"fr-BE"},{"@type":["Person","Organization"],"@id":"https:\/\/avrupapress.com\/#\/schema\/person\/0223dca19c72c43575bf30d1a2d8f4fa","name":"Bilgin \u00d6z\u00e7ift\u00e7i","image":{"@type":"ImageObject","inLanguage":"fr-BE","@id":"https:\/\/avrupapress.com\/#\/schema\/person\/image\/","url":"https:\/\/secure.gravatar.com\/avatar\/0f23b280433a21e1ea7a0adcc46ed0ad16afe3ad8e630fd13d8a017dcbd54ef3?s=96&d=mm&r=g","contentUrl":"https:\/\/secure.gravatar.com\/avatar\/0f23b280433a21e1ea7a0adcc46ed0ad16afe3ad8e630fd13d8a017dcbd54ef3?s=96&d=mm&r=g","caption":"Bilgin \u00d6z\u00e7ift\u00e7i"},"logo":{"@id":"https:\/\/avrupapress.com\/#\/schema\/person\/image\/"},"description":"Ne ben, nede sen... Biz ancak \"biz\" olursak g\u00fc\u00e7l\u00fc olabiliriz"},{"@type":"Person","@id":"https:\/\/avrupapress.com\/#\/schema\/person\/68428444ec60970d1e1b700cf4ca1e8f","name":"Edit\u00f6r","image":{"@type":"ImageObject","inLanguage":"fr-BE","@id":"https:\/\/avrupapress.com\/#\/schema\/person\/image\/","url":"https:\/\/secure.gravatar.com\/avatar\/74996b0977aa5f1559ba9883776652508b229005c0d78fb2597897f0bd651c09?s=96&d=mm&r=g","contentUrl":"https:\/\/secure.gravatar.com\/avatar\/74996b0977aa5f1559ba9883776652508b229005c0d78fb2597897f0bd651c09?s=96&d=mm&r=g","caption":"Edit\u00f6r"},"sameAs":["http:\/\/www.avrupapress.com"],"url":"https:\/\/avrupapress.com\/main\/author\/editor\/"}]}},"_links":{"self":[{"href":"https:\/\/avrupapress.com\/main\/wp-json\/wp\/v2\/posts\/32832","targetHints":{"allow":["GET"]}}],"collection":[{"href":"https:\/\/avrupapress.com\/main\/wp-json\/wp\/v2\/posts"}],"about":[{"href":"https:\/\/avrupapress.com\/main\/wp-json\/wp\/v2\/types\/post"}],"author":[{"embeddable":true,"href":"https:\/\/avrupapress.com\/main\/wp-json\/wp\/v2\/users\/3"}],"replies":[{"embeddable":true,"href":"https:\/\/avrupapress.com\/main\/wp-json\/wp\/v2\/comments?post=32832"}],"version-history":[{"count":1,"href":"https:\/\/avrupapress.com\/main\/wp-json\/wp\/v2\/posts\/32832\/revisions"}],"predecessor-version":[{"id":32840,"href":"https:\/\/avrupapress.com\/main\/wp-json\/wp\/v2\/posts\/32832\/revisions\/32840"}],"wp:featuredmedia":[{"embeddable":true,"href":"https:\/\/avrupapress.com\/main\/wp-json\/wp\/v2\/media\/32834"}],"wp:attachment":[{"href":"https:\/\/avrupapress.com\/main\/wp-json\/wp\/v2\/media?parent=32832"}],"wp:term":[{"taxonomy":"category","embeddable":true,"href":"https:\/\/avrupapress.com\/main\/wp-json\/wp\/v2\/categories?post=32832"},{"taxonomy":"post_tag","embeddable":true,"href":"https:\/\/avrupapress.com\/main\/wp-json\/wp\/v2\/tags?post=32832"}],"curies":[{"name":"wp","href":"https:\/\/api.w.org\/{rel}","templated":true}]}}