{"id":32824,"date":"2026-02-11T18:55:20","date_gmt":"2026-02-11T18:55:20","guid":{"rendered":"https:\/\/avrupapress.com\/main\/?p=32824"},"modified":"2026-02-11T18:55:25","modified_gmt":"2026-02-11T18:55:25","slug":"emirdagli-sporcu-ali-ciloglu-muaythai-bransin-da-dunya-ikincisi-oldu-ve-gumus-madalya-kazandi","status":"publish","type":"post","link":"https:\/\/avrupapress.com\/main\/2026\/02\/11\/emirdagli-sporcu-ali-ciloglu-muaythai-bransin-da-dunya-ikincisi-oldu-ve-gumus-madalya-kazandi\/","title":{"rendered":"Emirda\u011fl\u0131 sporcu Ali \u00c7ilo\u011flu, \u2018Muaythai Bran\u015f\u0131n da\u2019 D\u00fcnya \u0130kincisi oldu ve g\u00fcm\u00fc\u015f madalya kazand\u0131"},"content":{"rendered":"<div dir=\"auto\" data-olk-copy-source=\"MessageBody\"><strong>HABER \/ FOTO\u011eRAF: ERTU\u011eRUL ALTINEL \u2013 B\u0130LG\u0130N \u00d6Z\u00c7\u0130FT\u00c7\u0130 \u2013 AVRUPA PRESS \u2013 BEL\u00c7\u0130KA.<\/strong><\/div>\n<div dir=\"auto\"><\/div>\n<div dir=\"auto\">Birle\u015fik Arap Emirlikleri\u2019nin \u2018Abu Dabi\u2019 \u015fehrinde d\u00fczenlenen \u20182026 A\u00e7\u0131k Master Oyunlar\u0131\u2019nda T\u00fcrkiye\u2019yi temsil eden Emirda\u011fl\u0131 Ali \u00c7ilo\u011flu, \u2018Muaythai\u2019 Bran\u015f\u0131n da\u2019 D\u00fcnya \u0130kincisi oldu ve g\u00fcm\u00fc\u015f madalya kazand\u0131. D\u00fcnya sahnesinde Emirda\u011f imzas\u0131 at\u0131ld\u0131.<\/div>\n<div dir=\"auto\"><\/div>\n<div dir=\"auto\">D\u00fcnyan\u0131n d\u00f6rt bir yan\u0131ndan gelen g\u00fc\u00e7l\u00fc ve tecr\u00fcbeli sporcular, dev organizasyonda m\u00fccadele etti. Azmi, disiplini ve bitmek bilmeyen m\u00fccadele ruhuyla mindere \u00e7\u0131kan Emirda\u011fl\u0131 sporcu Ali \u00c7ilo\u011flu; ay-y\u0131ld\u0131zl\u0131 T\u00fcrk Bayra\u011f\u0131n\u0131 k\u00fcrs\u00fcye ta\u015f\u0131yarak hem T\u00fcrkiye\u2019ye, hem de Emirda\u011f\u2019\u0131na b\u00fcy\u00fck bir gurur ya\u015fatt\u0131.<\/div>\n<div dir=\"auto\"><\/div>\n<div dir=\"auto\">Emirda\u011fl\u0131 sporcu Ali \u00c7ilo\u011flu; y\u0131llard\u0131r \u2018Muaythai Bran\u015f\u0131na\u2019 verdi\u011fi emeklerle Emirda\u011f\u2019a say\u0131s\u0131z milli sporcu kazand\u0131rd\u0131. Sadece kazand\u0131\u011f\u0131 madalyalarla de\u011fil, yeti\u015ftirdi\u011fi sporcularla da iz b\u0131rakt\u0131. Abu Dabi\u2019de ortaya koydu\u011fu y\u00fcksek performansla \u2018asla pes etmeyen sporcu\u2019 kimli\u011fini bir kez daha t\u00fcm d\u00fcnyaya g\u00f6sterdi ve gen\u00e7 sporculara ilham oldu. Emirda\u011f\u2019\u0131n ad\u0131n\u0131 d\u00fcnya arenas\u0131nda gururla duyurdu.<\/div>\n<div dir=\"auto\"><\/div>\n<div dir=\"auto\"><img loading=\"lazy\" decoding=\"async\" class=\"alignnone size-medium wp-image-32825\" src=\"https:\/\/avrupapress.com\/main\/wp-content\/uploads\/2026\/02\/9c02235f-cc7d-47a1-a76a-f0343a5f3063-300x225.jpg\" alt=\"\" width=\"300\" height=\"225\" srcset=\"https:\/\/avrupapress.com\/main\/wp-content\/uploads\/2026\/02\/9c02235f-cc7d-47a1-a76a-f0343a5f3063-300x225.jpg 300w, https:\/\/avrupapress.com\/main\/wp-content\/uploads\/2026\/02\/9c02235f-cc7d-47a1-a76a-f0343a5f3063-1024x768.jpg 1024w, https:\/\/avrupapress.com\/main\/wp-content\/uploads\/2026\/02\/9c02235f-cc7d-47a1-a76a-f0343a5f3063-768x576.jpg 768w, https:\/\/avrupapress.com\/main\/wp-content\/uploads\/2026\/02\/9c02235f-cc7d-47a1-a76a-f0343a5f3063.jpg 1440w\" sizes=\"auto, (max-width: 300px) 100vw, 300px\" \/><\/div>\n<div dir=\"auto\"><img loading=\"lazy\" decoding=\"async\" class=\"alignnone size-medium wp-image-32826\" src=\"https:\/\/avrupapress.com\/main\/wp-content\/uploads\/2026\/02\/dfc8df5b-c721-4805-a87a-76adb2cf46b8-200x300.jpg\" alt=\"\" width=\"200\" height=\"300\" srcset=\"https:\/\/avrupapress.com\/main\/wp-content\/uploads\/2026\/02\/dfc8df5b-c721-4805-a87a-76adb2cf46b8-200x300.jpg 200w, https:\/\/avrupapress.com\/main\/wp-content\/uploads\/2026\/02\/dfc8df5b-c721-4805-a87a-76adb2cf46b8-683x1024.jpg 683w, https:\/\/avrupapress.com\/main\/wp-content\/uploads\/2026\/02\/dfc8df5b-c721-4805-a87a-76adb2cf46b8-768x1152.jpg 768w, https:\/\/avrupapress.com\/main\/wp-content\/uploads\/2026\/02\/dfc8df5b-c721-4805-a87a-76adb2cf46b8.jpg 1024w\" sizes=\"auto, (max-width: 200px) 100vw, 200px\" \/><\/div>\n<div dir=\"auto\"><img loading=\"lazy\" decoding=\"async\" class=\"alignnone size-medium wp-image-32827\" src=\"https:\/\/avrupapress.com\/main\/wp-content\/uploads\/2026\/02\/98f675ca-3c8e-450f-af83-acd4b823e9a3-300x225.jpg\" alt=\"\" width=\"300\" height=\"225\" srcset=\"https:\/\/avrupapress.com\/main\/wp-content\/uploads\/2026\/02\/98f675ca-3c8e-450f-af83-acd4b823e9a3-300x225.jpg 300w, https:\/\/avrupapress.com\/main\/wp-content\/uploads\/2026\/02\/98f675ca-3c8e-450f-af83-acd4b823e9a3-1024x768.jpg 1024w, https:\/\/avrupapress.com\/main\/wp-content\/uploads\/2026\/02\/98f675ca-3c8e-450f-af83-acd4b823e9a3-768x576.jpg 768w, https:\/\/avrupapress.com\/main\/wp-content\/uploads\/2026\/02\/98f675ca-3c8e-450f-af83-acd4b823e9a3.jpg 1440w\" sizes=\"auto, (max-width: 300px) 100vw, 300px\" \/><\/div>\n<div dir=\"auto\"><img loading=\"lazy\" decoding=\"async\" class=\"alignnone size-medium wp-image-32828\" src=\"https:\/\/avrupapress.com\/main\/wp-content\/uploads\/2026\/02\/d25fc186-5bbc-4eb1-8c78-49e374c5dbe4-225x300.jpg\" alt=\"\" width=\"225\" height=\"300\" srcset=\"https:\/\/avrupapress.com\/main\/wp-content\/uploads\/2026\/02\/d25fc186-5bbc-4eb1-8c78-49e374c5dbe4-225x300.jpg 225w, https:\/\/avrupapress.com\/main\/wp-content\/uploads\/2026\/02\/d25fc186-5bbc-4eb1-8c78-49e374c5dbe4-768x1024.jpg 768w, https:\/\/avrupapress.com\/main\/wp-content\/uploads\/2026\/02\/d25fc186-5bbc-4eb1-8c78-49e374c5dbe4-1152x1536.jpg 1152w, https:\/\/avrupapress.com\/main\/wp-content\/uploads\/2026\/02\/d25fc186-5bbc-4eb1-8c78-49e374c5dbe4.jpg 1200w\" sizes=\"auto, (max-width: 225px) 100vw, 225px\" \/><\/div>\n<div dir=\"auto\"><img loading=\"lazy\" decoding=\"async\" class=\"alignnone size-medium wp-image-32829\" src=\"https:\/\/avrupapress.com\/main\/wp-content\/uploads\/2026\/02\/638a97e8-c43b-47c9-ba34-7fc88965118c-246x300.jpg\" alt=\"\" width=\"246\" height=\"300\" srcset=\"https:\/\/avrupapress.com\/main\/wp-content\/uploads\/2026\/02\/638a97e8-c43b-47c9-ba34-7fc88965118c-246x300.jpg 246w, https:\/\/avrupapress.com\/main\/wp-content\/uploads\/2026\/02\/638a97e8-c43b-47c9-ba34-7fc88965118c-841x1024.jpg 841w, https:\/\/avrupapress.com\/main\/wp-content\/uploads\/2026\/02\/638a97e8-c43b-47c9-ba34-7fc88965118c-768x935.jpg 768w, https:\/\/avrupapress.com\/main\/wp-content\/uploads\/2026\/02\/638a97e8-c43b-47c9-ba34-7fc88965118c.jpg 1160w\" sizes=\"auto, (max-width: 246px) 100vw, 246px\" \/><\/div>\n<div dir=\"auto\"><\/div>\n<div dir=\"auto\"><strong>HABER \/ FOTO\u011eRAF: ERTU\u011eRUL ALTINEL \u2013 B\u0130LG\u0130N \u00d6Z\u00c7\u0130FT\u00c7\u0130 \u2013 AVRUPA PRESS \u2013 BEL\u00c7\u0130KA.<\/strong><\/div>\n","protected":false},"excerpt":{"rendered":"<p>HABER \/ FOTO\u011eRAF: ERTU\u011eRUL ALTINEL \u2013 B\u0130LG\u0130N \u00d6Z\u00c7\u0130FT\u00c7\u0130 \u2013 AVRUPA PRESS \u2013 BEL\u00c7\u0130KA. Birle\u015fik Arap Emirlikleri\u2019nin \u2018Abu Dabi\u2019 \u015fehrinde d\u00fczenlenen \u20182026 A\u00e7\u0131k Master Oyunlar\u0131\u2019nda T\u00fcrkiye\u2019yi temsil eden Emirda\u011fl\u0131 Ali \u00c7ilo\u011flu, \u2018Muaythai\u2019 Bran\u015f\u0131n da\u2019 D\u00fcnya \u0130kincisi oldu ve g\u00fcm\u00fc\u015f madalya kazand\u0131. D\u00fcnya sahnesinde Emirda\u011f imzas\u0131 at\u0131ld\u0131. D\u00fcnyan\u0131n d\u00f6rt bir yan\u0131ndan gelen g\u00fc\u00e7l\u00fc ve tecr\u00fcbeli sporcular, dev [&hellip;]<\/p>\n","protected":false},"author":3,"featured_media":32830,"comment_status":"closed","ping_status":"open","sticky":false,"template":"","format":"standard","meta":{"footnotes":""},"categories":[14,16,3,17,18,15,2,1],"tags":[],"class_list":["post-32824","post","type-post","status-publish","format-standard","has-post-thumbnail","hentry","category-avrupa","category-belcika","category-dunya","category-ekonomi","category-kultur-sanat","category-spor","category-turkiye","category-uncategorized"],"yoast_head":"<!-- This site is optimized with the Yoast SEO plugin v26.9 - https:\/\/yoast.com\/product\/yoast-seo-wordpress\/ -->\n<title>Emirda\u011fl\u0131 sporcu Ali \u00c7ilo\u011flu, \u2018Muaythai Bran\u015f\u0131n da\u2019 D\u00fcnya \u0130kincisi oldu ve g\u00fcm\u00fc\u015f madalya kazand\u0131 - AvrupaPress<\/title>\n<meta name=\"robots\" content=\"index, follow, max-snippet:-1, max-image-preview:large, max-video-preview:-1\" \/>\n<link rel=\"canonical\" href=\"https:\/\/avrupapress.com\/main\/2026\/02\/11\/emirdagli-sporcu-ali-ciloglu-muaythai-bransin-da-dunya-ikincisi-oldu-ve-gumus-madalya-kazandi\/\" \/>\n<meta property=\"og:locale\" content=\"fr_FR\" \/>\n<meta property=\"og:type\" content=\"article\" \/>\n<meta property=\"og:title\" content=\"Emirda\u011fl\u0131 sporcu Ali \u00c7ilo\u011flu, \u2018Muaythai Bran\u015f\u0131n da\u2019 D\u00fcnya \u0130kincisi oldu ve g\u00fcm\u00fc\u015f madalya kazand\u0131 - AvrupaPress\" \/>\n<meta property=\"og:description\" content=\"HABER \/ FOTO\u011eRAF: ERTU\u011eRUL ALTINEL \u2013 B\u0130LG\u0130N \u00d6Z\u00c7\u0130FT\u00c7\u0130 \u2013 AVRUPA PRESS \u2013 BEL\u00c7\u0130KA. Birle\u015fik Arap Emirlikleri\u2019nin \u2018Abu Dabi\u2019 \u015fehrinde d\u00fczenlenen \u20182026 A\u00e7\u0131k Master Oyunlar\u0131\u2019nda T\u00fcrkiye\u2019yi temsil eden Emirda\u011fl\u0131 Ali \u00c7ilo\u011flu, \u2018Muaythai\u2019 Bran\u015f\u0131n da\u2019 D\u00fcnya \u0130kincisi oldu ve g\u00fcm\u00fc\u015f madalya kazand\u0131. D\u00fcnya sahnesinde Emirda\u011f imzas\u0131 at\u0131ld\u0131. D\u00fcnyan\u0131n d\u00f6rt bir yan\u0131ndan gelen g\u00fc\u00e7l\u00fc ve tecr\u00fcbeli sporcular, dev [&hellip;]\" \/>\n<meta property=\"og:url\" content=\"https:\/\/avrupapress.com\/main\/2026\/02\/11\/emirdagli-sporcu-ali-ciloglu-muaythai-bransin-da-dunya-ikincisi-oldu-ve-gumus-madalya-kazandi\/\" \/>\n<meta property=\"og:site_name\" content=\"AvrupaPress\" \/>\n<meta property=\"article:published_time\" content=\"2026-02-11T18:55:20+00:00\" \/>\n<meta property=\"article:modified_time\" content=\"2026-02-11T18:55:25+00:00\" \/>\n<meta property=\"og:image\" content=\"https:\/\/avrupapress.com\/main\/wp-content\/uploads\/2026\/02\/9c02235f-cc7d-47a1-a76a-f0343a5f3063-1.jpg\" \/>\n\t<meta property=\"og:image:width\" content=\"1440\" \/>\n\t<meta property=\"og:image:height\" content=\"1080\" \/>\n\t<meta property=\"og:image:type\" content=\"image\/jpeg\" \/>\n<meta name=\"author\" content=\"Edit\u00f6r\" \/>\n<meta name=\"twitter:card\" content=\"summary_large_image\" \/>\n<meta name=\"twitter:label1\" content=\"\u00c9crit par\" \/>\n\t<meta name=\"twitter:data1\" content=\"Edit\u00f6r\" \/>\n\t<meta name=\"twitter:label2\" content=\"Dur\u00e9e de lecture est.\" \/>\n\t<meta name=\"twitter:data2\" content=\"2 minutes\" \/>\n<script type=\"application\/ld+json\" class=\"yoast-schema-graph\">{\"@context\":\"https:\/\/schema.org\",\"@graph\":[{\"@type\":\"Article\",\"@id\":\"https:\/\/avrupapress.com\/main\/2026\/02\/11\/emirdagli-sporcu-ali-ciloglu-muaythai-bransin-da-dunya-ikincisi-oldu-ve-gumus-madalya-kazandi\/#article\",\"isPartOf\":{\"@id\":\"https:\/\/avrupapress.com\/main\/2026\/02\/11\/emirdagli-sporcu-ali-ciloglu-muaythai-bransin-da-dunya-ikincisi-oldu-ve-gumus-madalya-kazandi\/\"},\"author\":{\"name\":\"Edit\u00f6r\",\"@id\":\"https:\/\/avrupapress.com\/#\/schema\/person\/68428444ec60970d1e1b700cf4ca1e8f\"},\"headline\":\"Emirda\u011fl\u0131 sporcu Ali \u00c7ilo\u011flu, \u2018Muaythai Bran\u015f\u0131n da\u2019 D\u00fcnya \u0130kincisi oldu ve g\u00fcm\u00fc\u015f madalya kazand\u0131\",\"datePublished\":\"2026-02-11T18:55:20+00:00\",\"dateModified\":\"2026-02-11T18:55:25+00:00\",\"mainEntityOfPage\":{\"@id\":\"https:\/\/avrupapress.com\/main\/2026\/02\/11\/emirdagli-sporcu-ali-ciloglu-muaythai-bransin-da-dunya-ikincisi-oldu-ve-gumus-madalya-kazandi\/\"},\"wordCount\":233,\"publisher\":{\"@id\":\"https:\/\/avrupapress.com\/#\/schema\/person\/0223dca19c72c43575bf30d1a2d8f4fa\"},\"image\":{\"@id\":\"https:\/\/avrupapress.com\/main\/2026\/02\/11\/emirdagli-sporcu-ali-ciloglu-muaythai-bransin-da-dunya-ikincisi-oldu-ve-gumus-madalya-kazandi\/#primaryimage\"},\"thumbnailUrl\":\"https:\/\/avrupapress.com\/main\/wp-content\/uploads\/2026\/02\/9c02235f-cc7d-47a1-a76a-f0343a5f3063-1.jpg\",\"articleSection\":[\"Avrupa\",\"Bel\u00e7ika\",\"D\u00fcnya\",\"Ekonomi\",\"K\u00fclt\u00fcr-Sanat\",\"Spor\",\"T\u00fcrkiye\",\"Uncategorized\"],\"inLanguage\":\"fr-BE\"},{\"@type\":\"WebPage\",\"@id\":\"https:\/\/avrupapress.com\/main\/2026\/02\/11\/emirdagli-sporcu-ali-ciloglu-muaythai-bransin-da-dunya-ikincisi-oldu-ve-gumus-madalya-kazandi\/\",\"url\":\"https:\/\/avrupapress.com\/main\/2026\/02\/11\/emirdagli-sporcu-ali-ciloglu-muaythai-bransin-da-dunya-ikincisi-oldu-ve-gumus-madalya-kazandi\/\",\"name\":\"Emirda\u011fl\u0131 sporcu Ali \u00c7ilo\u011flu, \u2018Muaythai Bran\u015f\u0131n da\u2019 D\u00fcnya \u0130kincisi oldu ve g\u00fcm\u00fc\u015f madalya kazand\u0131 - AvrupaPress\",\"isPartOf\":{\"@id\":\"https:\/\/avrupapress.com\/#website\"},\"primaryImageOfPage\":{\"@id\":\"https:\/\/avrupapress.com\/main\/2026\/02\/11\/emirdagli-sporcu-ali-ciloglu-muaythai-bransin-da-dunya-ikincisi-oldu-ve-gumus-madalya-kazandi\/#primaryimage\"},\"image\":{\"@id\":\"https:\/\/avrupapress.com\/main\/2026\/02\/11\/emirdagli-sporcu-ali-ciloglu-muaythai-bransin-da-dunya-ikincisi-oldu-ve-gumus-madalya-kazandi\/#primaryimage\"},\"thumbnailUrl\":\"https:\/\/avrupapress.com\/main\/wp-content\/uploads\/2026\/02\/9c02235f-cc7d-47a1-a76a-f0343a5f3063-1.jpg\",\"datePublished\":\"2026-02-11T18:55:20+00:00\",\"dateModified\":\"2026-02-11T18:55:25+00:00\",\"breadcrumb\":{\"@id\":\"https:\/\/avrupapress.com\/main\/2026\/02\/11\/emirdagli-sporcu-ali-ciloglu-muaythai-bransin-da-dunya-ikincisi-oldu-ve-gumus-madalya-kazandi\/#breadcrumb\"},\"inLanguage\":\"fr-BE\",\"potentialAction\":[{\"@type\":\"ReadAction\",\"target\":[\"https:\/\/avrupapress.com\/main\/2026\/02\/11\/emirdagli-sporcu-ali-ciloglu-muaythai-bransin-da-dunya-ikincisi-oldu-ve-gumus-madalya-kazandi\/\"]}]},{\"@type\":\"ImageObject\",\"inLanguage\":\"fr-BE\",\"@id\":\"https:\/\/avrupapress.com\/main\/2026\/02\/11\/emirdagli-sporcu-ali-ciloglu-muaythai-bransin-da-dunya-ikincisi-oldu-ve-gumus-madalya-kazandi\/#primaryimage\",\"url\":\"https:\/\/avrupapress.com\/main\/wp-content\/uploads\/2026\/02\/9c02235f-cc7d-47a1-a76a-f0343a5f3063-1.jpg\",\"contentUrl\":\"https:\/\/avrupapress.com\/main\/wp-content\/uploads\/2026\/02\/9c02235f-cc7d-47a1-a76a-f0343a5f3063-1.jpg\",\"width\":1440,\"height\":1080},{\"@type\":\"BreadcrumbList\",\"@id\":\"https:\/\/avrupapress.com\/main\/2026\/02\/11\/emirdagli-sporcu-ali-ciloglu-muaythai-bransin-da-dunya-ikincisi-oldu-ve-gumus-madalya-kazandi\/#breadcrumb\",\"itemListElement\":[{\"@type\":\"ListItem\",\"position\":1,\"name\":\"Anasayfa\",\"item\":\"https:\/\/avrupapress.com\/\"},{\"@type\":\"ListItem\",\"position\":2,\"name\":\"Emirda\u011fl\u0131 sporcu Ali \u00c7ilo\u011flu, \u2018Muaythai Bran\u015f\u0131n da\u2019 D\u00fcnya \u0130kincisi oldu ve g\u00fcm\u00fc\u015f madalya kazand\u0131\"}]},{\"@type\":\"WebSite\",\"@id\":\"https:\/\/avrupapress.com\/#website\",\"url\":\"https:\/\/avrupapress.com\/\",\"name\":\"AvrupaPress\",\"description\":\"Haberin Adresi\",\"publisher\":{\"@id\":\"https:\/\/avrupapress.com\/#\/schema\/person\/0223dca19c72c43575bf30d1a2d8f4fa\"},\"potentialAction\":[{\"@type\":\"SearchAction\",\"target\":{\"@type\":\"EntryPoint\",\"urlTemplate\":\"https:\/\/avrupapress.com\/?s={search_term_string}\"},\"query-input\":{\"@type\":\"PropertyValueSpecification\",\"valueRequired\":true,\"valueName\":\"search_term_string\"}}],\"inLanguage\":\"fr-BE\"},{\"@type\":[\"Person\",\"Organization\"],\"@id\":\"https:\/\/avrupapress.com\/#\/schema\/person\/0223dca19c72c43575bf30d1a2d8f4fa\",\"name\":\"Bilgin \u00d6z\u00e7ift\u00e7i\",\"image\":{\"@type\":\"ImageObject\",\"inLanguage\":\"fr-BE\",\"@id\":\"https:\/\/avrupapress.com\/#\/schema\/person\/image\/\",\"url\":\"https:\/\/secure.gravatar.com\/avatar\/0f23b280433a21e1ea7a0adcc46ed0ad16afe3ad8e630fd13d8a017dcbd54ef3?s=96&d=mm&r=g\",\"contentUrl\":\"https:\/\/secure.gravatar.com\/avatar\/0f23b280433a21e1ea7a0adcc46ed0ad16afe3ad8e630fd13d8a017dcbd54ef3?s=96&d=mm&r=g\",\"caption\":\"Bilgin \u00d6z\u00e7ift\u00e7i\"},\"logo\":{\"@id\":\"https:\/\/avrupapress.com\/#\/schema\/person\/image\/\"},\"description\":\"Ne ben, nede sen... Biz ancak \\\"biz\\\" olursak g\u00fc\u00e7l\u00fc olabiliriz\"},{\"@type\":\"Person\",\"@id\":\"https:\/\/avrupapress.com\/#\/schema\/person\/68428444ec60970d1e1b700cf4ca1e8f\",\"name\":\"Edit\u00f6r\",\"image\":{\"@type\":\"ImageObject\",\"inLanguage\":\"fr-BE\",\"@id\":\"https:\/\/avrupapress.com\/#\/schema\/person\/image\/\",\"url\":\"https:\/\/secure.gravatar.com\/avatar\/74996b0977aa5f1559ba9883776652508b229005c0d78fb2597897f0bd651c09?s=96&d=mm&r=g\",\"contentUrl\":\"https:\/\/secure.gravatar.com\/avatar\/74996b0977aa5f1559ba9883776652508b229005c0d78fb2597897f0bd651c09?s=96&d=mm&r=g\",\"caption\":\"Edit\u00f6r\"},\"sameAs\":[\"http:\/\/www.avrupapress.com\"],\"url\":\"https:\/\/avrupapress.com\/main\/author\/editor\/\"}]}<\/script>\n<!-- \/ Yoast SEO plugin. -->","yoast_head_json":{"title":"Emirda\u011fl\u0131 sporcu Ali \u00c7ilo\u011flu, \u2018Muaythai Bran\u015f\u0131n da\u2019 D\u00fcnya \u0130kincisi oldu ve g\u00fcm\u00fc\u015f madalya kazand\u0131 - AvrupaPress","robots":{"index":"index","follow":"follow","max-snippet":"max-snippet:-1","max-image-preview":"max-image-preview:large","max-video-preview":"max-video-preview:-1"},"canonical":"https:\/\/avrupapress.com\/main\/2026\/02\/11\/emirdagli-sporcu-ali-ciloglu-muaythai-bransin-da-dunya-ikincisi-oldu-ve-gumus-madalya-kazandi\/","og_locale":"fr_FR","og_type":"article","og_title":"Emirda\u011fl\u0131 sporcu Ali \u00c7ilo\u011flu, \u2018Muaythai Bran\u015f\u0131n da\u2019 D\u00fcnya \u0130kincisi oldu ve g\u00fcm\u00fc\u015f madalya kazand\u0131 - AvrupaPress","og_description":"HABER \/ FOTO\u011eRAF: ERTU\u011eRUL ALTINEL \u2013 B\u0130LG\u0130N \u00d6Z\u00c7\u0130FT\u00c7\u0130 \u2013 AVRUPA PRESS \u2013 BEL\u00c7\u0130KA. Birle\u015fik Arap Emirlikleri\u2019nin \u2018Abu Dabi\u2019 \u015fehrinde d\u00fczenlenen \u20182026 A\u00e7\u0131k Master Oyunlar\u0131\u2019nda T\u00fcrkiye\u2019yi temsil eden Emirda\u011fl\u0131 Ali \u00c7ilo\u011flu, \u2018Muaythai\u2019 Bran\u015f\u0131n da\u2019 D\u00fcnya \u0130kincisi oldu ve g\u00fcm\u00fc\u015f madalya kazand\u0131. D\u00fcnya sahnesinde Emirda\u011f imzas\u0131 at\u0131ld\u0131. D\u00fcnyan\u0131n d\u00f6rt bir yan\u0131ndan gelen g\u00fc\u00e7l\u00fc ve tecr\u00fcbeli sporcular, dev [&hellip;]","og_url":"https:\/\/avrupapress.com\/main\/2026\/02\/11\/emirdagli-sporcu-ali-ciloglu-muaythai-bransin-da-dunya-ikincisi-oldu-ve-gumus-madalya-kazandi\/","og_site_name":"AvrupaPress","article_published_time":"2026-02-11T18:55:20+00:00","article_modified_time":"2026-02-11T18:55:25+00:00","og_image":[{"width":1440,"height":1080,"url":"https:\/\/avrupapress.com\/main\/wp-content\/uploads\/2026\/02\/9c02235f-cc7d-47a1-a76a-f0343a5f3063-1.jpg","type":"image\/jpeg"}],"author":"Edit\u00f6r","twitter_card":"summary_large_image","twitter_misc":{"\u00c9crit par":"Edit\u00f6r","Dur\u00e9e de lecture est.":"2 minutes"},"schema":{"@context":"https:\/\/schema.org","@graph":[{"@type":"Article","@id":"https:\/\/avrupapress.com\/main\/2026\/02\/11\/emirdagli-sporcu-ali-ciloglu-muaythai-bransin-da-dunya-ikincisi-oldu-ve-gumus-madalya-kazandi\/#article","isPartOf":{"@id":"https:\/\/avrupapress.com\/main\/2026\/02\/11\/emirdagli-sporcu-ali-ciloglu-muaythai-bransin-da-dunya-ikincisi-oldu-ve-gumus-madalya-kazandi\/"},"author":{"name":"Edit\u00f6r","@id":"https:\/\/avrupapress.com\/#\/schema\/person\/68428444ec60970d1e1b700cf4ca1e8f"},"headline":"Emirda\u011fl\u0131 sporcu Ali \u00c7ilo\u011flu, \u2018Muaythai Bran\u015f\u0131n da\u2019 D\u00fcnya \u0130kincisi oldu ve g\u00fcm\u00fc\u015f madalya kazand\u0131","datePublished":"2026-02-11T18:55:20+00:00","dateModified":"2026-02-11T18:55:25+00:00","mainEntityOfPage":{"@id":"https:\/\/avrupapress.com\/main\/2026\/02\/11\/emirdagli-sporcu-ali-ciloglu-muaythai-bransin-da-dunya-ikincisi-oldu-ve-gumus-madalya-kazandi\/"},"wordCount":233,"publisher":{"@id":"https:\/\/avrupapress.com\/#\/schema\/person\/0223dca19c72c43575bf30d1a2d8f4fa"},"image":{"@id":"https:\/\/avrupapress.com\/main\/2026\/02\/11\/emirdagli-sporcu-ali-ciloglu-muaythai-bransin-da-dunya-ikincisi-oldu-ve-gumus-madalya-kazandi\/#primaryimage"},"thumbnailUrl":"https:\/\/avrupapress.com\/main\/wp-content\/uploads\/2026\/02\/9c02235f-cc7d-47a1-a76a-f0343a5f3063-1.jpg","articleSection":["Avrupa","Bel\u00e7ika","D\u00fcnya","Ekonomi","K\u00fclt\u00fcr-Sanat","Spor","T\u00fcrkiye","Uncategorized"],"inLanguage":"fr-BE"},{"@type":"WebPage","@id":"https:\/\/avrupapress.com\/main\/2026\/02\/11\/emirdagli-sporcu-ali-ciloglu-muaythai-bransin-da-dunya-ikincisi-oldu-ve-gumus-madalya-kazandi\/","url":"https:\/\/avrupapress.com\/main\/2026\/02\/11\/emirdagli-sporcu-ali-ciloglu-muaythai-bransin-da-dunya-ikincisi-oldu-ve-gumus-madalya-kazandi\/","name":"Emirda\u011fl\u0131 sporcu Ali \u00c7ilo\u011flu, \u2018Muaythai Bran\u015f\u0131n da\u2019 D\u00fcnya \u0130kincisi oldu ve g\u00fcm\u00fc\u015f madalya kazand\u0131 - AvrupaPress","isPartOf":{"@id":"https:\/\/avrupapress.com\/#website"},"primaryImageOfPage":{"@id":"https:\/\/avrupapress.com\/main\/2026\/02\/11\/emirdagli-sporcu-ali-ciloglu-muaythai-bransin-da-dunya-ikincisi-oldu-ve-gumus-madalya-kazandi\/#primaryimage"},"image":{"@id":"https:\/\/avrupapress.com\/main\/2026\/02\/11\/emirdagli-sporcu-ali-ciloglu-muaythai-bransin-da-dunya-ikincisi-oldu-ve-gumus-madalya-kazandi\/#primaryimage"},"thumbnailUrl":"https:\/\/avrupapress.com\/main\/wp-content\/uploads\/2026\/02\/9c02235f-cc7d-47a1-a76a-f0343a5f3063-1.jpg","datePublished":"2026-02-11T18:55:20+00:00","dateModified":"2026-02-11T18:55:25+00:00","breadcrumb":{"@id":"https:\/\/avrupapress.com\/main\/2026\/02\/11\/emirdagli-sporcu-ali-ciloglu-muaythai-bransin-da-dunya-ikincisi-oldu-ve-gumus-madalya-kazandi\/#breadcrumb"},"inLanguage":"fr-BE","potentialAction":[{"@type":"ReadAction","target":["https:\/\/avrupapress.com\/main\/2026\/02\/11\/emirdagli-sporcu-ali-ciloglu-muaythai-bransin-da-dunya-ikincisi-oldu-ve-gumus-madalya-kazandi\/"]}]},{"@type":"ImageObject","inLanguage":"fr-BE","@id":"https:\/\/avrupapress.com\/main\/2026\/02\/11\/emirdagli-sporcu-ali-ciloglu-muaythai-bransin-da-dunya-ikincisi-oldu-ve-gumus-madalya-kazandi\/#primaryimage","url":"https:\/\/avrupapress.com\/main\/wp-content\/uploads\/2026\/02\/9c02235f-cc7d-47a1-a76a-f0343a5f3063-1.jpg","contentUrl":"https:\/\/avrupapress.com\/main\/wp-content\/uploads\/2026\/02\/9c02235f-cc7d-47a1-a76a-f0343a5f3063-1.jpg","width":1440,"height":1080},{"@type":"BreadcrumbList","@id":"https:\/\/avrupapress.com\/main\/2026\/02\/11\/emirdagli-sporcu-ali-ciloglu-muaythai-bransin-da-dunya-ikincisi-oldu-ve-gumus-madalya-kazandi\/#breadcrumb","itemListElement":[{"@type":"ListItem","position":1,"name":"Anasayfa","item":"https:\/\/avrupapress.com\/"},{"@type":"ListItem","position":2,"name":"Emirda\u011fl\u0131 sporcu Ali \u00c7ilo\u011flu, \u2018Muaythai Bran\u015f\u0131n da\u2019 D\u00fcnya \u0130kincisi oldu ve g\u00fcm\u00fc\u015f madalya kazand\u0131"}]},{"@type":"WebSite","@id":"https:\/\/avrupapress.com\/#website","url":"https:\/\/avrupapress.com\/","name":"AvrupaPress","description":"Haberin Adresi","publisher":{"@id":"https:\/\/avrupapress.com\/#\/schema\/person\/0223dca19c72c43575bf30d1a2d8f4fa"},"potentialAction":[{"@type":"SearchAction","target":{"@type":"EntryPoint","urlTemplate":"https:\/\/avrupapress.com\/?s={search_term_string}"},"query-input":{"@type":"PropertyValueSpecification","valueRequired":true,"valueName":"search_term_string"}}],"inLanguage":"fr-BE"},{"@type":["Person","Organization"],"@id":"https:\/\/avrupapress.com\/#\/schema\/person\/0223dca19c72c43575bf30d1a2d8f4fa","name":"Bilgin \u00d6z\u00e7ift\u00e7i","image":{"@type":"ImageObject","inLanguage":"fr-BE","@id":"https:\/\/avrupapress.com\/#\/schema\/person\/image\/","url":"https:\/\/secure.gravatar.com\/avatar\/0f23b280433a21e1ea7a0adcc46ed0ad16afe3ad8e630fd13d8a017dcbd54ef3?s=96&d=mm&r=g","contentUrl":"https:\/\/secure.gravatar.com\/avatar\/0f23b280433a21e1ea7a0adcc46ed0ad16afe3ad8e630fd13d8a017dcbd54ef3?s=96&d=mm&r=g","caption":"Bilgin \u00d6z\u00e7ift\u00e7i"},"logo":{"@id":"https:\/\/avrupapress.com\/#\/schema\/person\/image\/"},"description":"Ne ben, nede sen... Biz ancak \"biz\" olursak g\u00fc\u00e7l\u00fc olabiliriz"},{"@type":"Person","@id":"https:\/\/avrupapress.com\/#\/schema\/person\/68428444ec60970d1e1b700cf4ca1e8f","name":"Edit\u00f6r","image":{"@type":"ImageObject","inLanguage":"fr-BE","@id":"https:\/\/avrupapress.com\/#\/schema\/person\/image\/","url":"https:\/\/secure.gravatar.com\/avatar\/74996b0977aa5f1559ba9883776652508b229005c0d78fb2597897f0bd651c09?s=96&d=mm&r=g","contentUrl":"https:\/\/secure.gravatar.com\/avatar\/74996b0977aa5f1559ba9883776652508b229005c0d78fb2597897f0bd651c09?s=96&d=mm&r=g","caption":"Edit\u00f6r"},"sameAs":["http:\/\/www.avrupapress.com"],"url":"https:\/\/avrupapress.com\/main\/author\/editor\/"}]}},"_links":{"self":[{"href":"https:\/\/avrupapress.com\/main\/wp-json\/wp\/v2\/posts\/32824","targetHints":{"allow":["GET"]}}],"collection":[{"href":"https:\/\/avrupapress.com\/main\/wp-json\/wp\/v2\/posts"}],"about":[{"href":"https:\/\/avrupapress.com\/main\/wp-json\/wp\/v2\/types\/post"}],"author":[{"embeddable":true,"href":"https:\/\/avrupapress.com\/main\/wp-json\/wp\/v2\/users\/3"}],"replies":[{"embeddable":true,"href":"https:\/\/avrupapress.com\/main\/wp-json\/wp\/v2\/comments?post=32824"}],"version-history":[{"count":1,"href":"https:\/\/avrupapress.com\/main\/wp-json\/wp\/v2\/posts\/32824\/revisions"}],"predecessor-version":[{"id":32831,"href":"https:\/\/avrupapress.com\/main\/wp-json\/wp\/v2\/posts\/32824\/revisions\/32831"}],"wp:featuredmedia":[{"embeddable":true,"href":"https:\/\/avrupapress.com\/main\/wp-json\/wp\/v2\/media\/32830"}],"wp:attachment":[{"href":"https:\/\/avrupapress.com\/main\/wp-json\/wp\/v2\/media?parent=32824"}],"wp:term":[{"taxonomy":"category","embeddable":true,"href":"https:\/\/avrupapress.com\/main\/wp-json\/wp\/v2\/categories?post=32824"},{"taxonomy":"post_tag","embeddable":true,"href":"https:\/\/avrupapress.com\/main\/wp-json\/wp\/v2\/tags?post=32824"}],"curies":[{"name":"wp","href":"https:\/\/api.w.org\/{rel}","templated":true}]}}