{"id":32820,"date":"2026-02-10T21:47:35","date_gmt":"2026-02-10T21:47:35","guid":{"rendered":"https:\/\/avrupapress.com\/main\/?p=32820"},"modified":"2026-02-10T21:47:45","modified_gmt":"2026-02-10T21:47:45","slug":"hukumette-cifte-kritik-atama-adalet-ve-icisleri-bakanliklarinda-degisiklik","status":"publish","type":"post","link":"https:\/\/avrupapress.com\/main\/2026\/02\/10\/hukumette-cifte-kritik-atama-adalet-ve-icisleri-bakanliklarinda-degisiklik\/","title":{"rendered":"H\u00fck\u00fcmette \u00c7ifte Kritik Atama: Adalet ve \u0130\u00e7i\u015fleri Bakanl\u0131klar\u0131nda De\u011fi\u015fiklik"},"content":{"rendered":"<p>ANKARA \u2013 Cumhurba\u015fkan\u0131 Recep Tayyip Erdo\u011fan\u2019\u0131n imzas\u0131yla yap\u0131lan atamalarla kabinede \u00f6nemli de\u011fi\u015fiklikler ger\u00e7ekle\u015fti. \u0130ki kritik bakanl\u0131kta g\u00f6rev de\u011fi\u015fimi ya\u015fand\u0131.<\/p>\n<p><strong>Adalet Bakanl\u0131\u011f\u0131\u2019na Ak\u0131n G\u00fcrlek<\/strong><\/p>\n<p>D\u00fcn Resmi Gazete\u2019de yay\u0131mlanan 2026\/51 say\u0131l\u0131 Cumhurba\u015fkanl\u0131\u011f\u0131 Karar\u0131 ile g\u00f6revden ayr\u0131lan Adalet Bakan\u0131 Y\u0131lmaz Tun\u00e7\u2019un yerine\u00a0<strong>Ak\u0131n<\/strong>\u00a0<strong>G\u00fcrlek<\/strong>\u00a0atand\u0131.<\/p>\n<p>1982 y\u0131l\u0131nda Nev\u015fehir\u2019de do\u011fan Ak\u0131n G\u00fcrlek, 2005 y\u0131l\u0131nda Marmara \u00dcniversitesi Hukuk Fak\u00fcltesinden mezun oldu.<\/p>\n<p>H\u00e2kim olarak \u00e7e\u015fitli il ve il\u00e7elerde g\u00f6rev yapan G\u00fcrlek, \u0130stanbul 14. A\u011f\u0131r Ceza Mahkemesi Ba\u015fkanl\u0131\u011f\u0131 g\u00f6revini y\u00fcr\u00fctmekteyken 01\/06\/2022 tarihinde Adalet Bakanl\u0131\u011f\u0131 Bakan Yard\u0131mc\u0131s\u0131 olarak atand\u0131.<\/p>\n<p>Ak\u0131n G\u00fcrlek, evli ve 1 \u00e7ocuk babas\u0131d\u0131r.<\/p>\n<p>G\u00fcrlek\u2019in Adalet Bakanl\u0131\u011f\u0131\u2019ndaki g\u00f6revine bug\u00fcn itibar\u0131yla ba\u015flamas\u0131 bekleniyor. Yeni bakan, yarg\u0131 reformlar\u0131 ve adalet sisteminin g\u00fc\u00e7lendirilmesi konular\u0131nda \u00f6nemli sorumluluklar \u00fcstlenecek.<\/p>\n<p><img loading=\"lazy\" decoding=\"async\" class=\"alignnone wp-image-66318 size-full\" title=\"H\u00fck\u00fcmette \u00c7ifte Kritik Atama: Adalet ve \u0130\u00e7i\u015fleri Bakanl\u0131klar\u0131nda De\u011fi\u015fiklik 4\" src=\"https:\/\/nhaber.nl\/wp-content\/uploads\/2026\/02\/kapak_225649.webp\" alt=\"kapak 225649\" width=\"600\" height=\"355\" \/><\/p>\n<p><strong>\u0130\u00e7i\u015fleri Bakanl\u0131\u011f\u0131\u2019na Mustafa \u00c7ift\u00e7i<\/strong><\/p>\n<p>Kabinedeki ikinci kritik de\u011fi\u015fiklik ise \u0130\u00e7i\u015fleri Bakanl\u0131\u011f\u0131\u2019nda ger\u00e7ekle\u015fti. G\u00f6revden ayr\u0131lan Ali Yerlikaya\u2019n\u0131n yerine **Mustafa \u00c7ift\u00e7i** getirildi.<\/p>\n<p>\u00c7ift\u00e7i, \u00fclkenin i\u00e7 g\u00fcvenli\u011finden, mahalli idarelerden ve n\u00fcfus hizmetlerinden sorumlu olacak bu kritik bakanl\u0131\u011f\u0131n ba\u015f\u0131na ge\u00e7ti.<img loading=\"lazy\" decoding=\"async\" class=\"alignnone size-full wp-image-66321\" title=\"H\u00fck\u00fcmette \u00c7ifte Kritik Atama: Adalet ve \u0130\u00e7i\u015fleri Bakanl\u0131klar\u0131nda De\u011fi\u015fiklik 5\" src=\"https:\/\/nhaber.nl\/wp-content\/uploads\/2026\/02\/IMG-20260210-WA0011.jpg\" alt=\"IMG 20260210 WA0011\" width=\"680\" height=\"580\" \/><\/p>\n<p><strong>Anayasal Prosed\u00fcr<\/strong><\/p>\n<p>Her iki atama da T\u00fcrkiye Cumhuriyeti Anayasas\u0131\u2019n\u0131n 104\u2019\u00fcnc\u00fc ve 106\u2019nc\u0131 maddeleri kapsam\u0131nda Cumhurba\u015fkan\u0131\u2019n\u0131n yetkisi \u00e7er\u00e7evesinde ger\u00e7ekle\u015ftirildi. Atama karar\u0131, 10 \u015eubat 2026 tarihli ve 33165 say\u0131l\u0131 Resmi Gazete\u2019de yay\u0131mlanarak y\u00fcr\u00fcrl\u00fc\u011fe girdi.<\/p>\n<p>Siyasi \u00e7evrelerde, bu atamalar\u0131n h\u00fck\u00fcmetin \u00f6n\u00fcm\u00fczdeki d\u00f6nem stratejileri a\u00e7\u0131s\u0131ndan \u00f6nemli sinyaller verdi\u011fi de\u011ferlendirmesi yap\u0131l\u0131yor.<\/p>\n<p>&nbsp;<\/p>\n<p><strong>Sedat Tapan\u00a0 \u00a0 \u00a0 \u00a0\/\u00a0 \u00a0 \u00a0 \u00a0AVRUPAPRESS<\/strong><\/p>\n<p><strong>Bilgin\u00a0 Ozcifci\u00a0 \u00a0 \u00a0\/\u00a0 \u00a0 \u00a0 \u00a0AVRUPAPRESS<\/strong><\/p>\n<p>&nbsp;<\/p>\n","protected":false},"excerpt":{"rendered":"<p>ANKARA \u2013 Cumhurba\u015fkan\u0131 Recep Tayyip Erdo\u011fan\u2019\u0131n imzas\u0131yla yap\u0131lan atamalarla kabinede \u00f6nemli de\u011fi\u015fiklikler ger\u00e7ekle\u015fti. \u0130ki kritik bakanl\u0131kta g\u00f6rev de\u011fi\u015fimi ya\u015fand\u0131. Adalet Bakanl\u0131\u011f\u0131\u2019na Ak\u0131n G\u00fcrlek D\u00fcn Resmi Gazete\u2019de yay\u0131mlanan 2026\/51 say\u0131l\u0131 Cumhurba\u015fkanl\u0131\u011f\u0131 Karar\u0131 ile g\u00f6revden ayr\u0131lan Adalet Bakan\u0131 Y\u0131lmaz Tun\u00e7\u2019un yerine\u00a0Ak\u0131n\u00a0G\u00fcrlek\u00a0atand\u0131. 1982 y\u0131l\u0131nda Nev\u015fehir\u2019de do\u011fan Ak\u0131n G\u00fcrlek, 2005 y\u0131l\u0131nda Marmara \u00dcniversitesi Hukuk Fak\u00fcltesinden mezun oldu. H\u00e2kim olarak [&hellip;]<\/p>\n","protected":false},"author":3,"featured_media":32821,"comment_status":"closed","ping_status":"open","sticky":false,"template":"","format":"standard","meta":{"footnotes":""},"categories":[14,16,3,17,18,15,19,2,1],"tags":[],"class_list":["post-32820","post","type-post","status-publish","format-standard","has-post-thumbnail","hentry","category-avrupa","category-belcika","category-dunya","category-ekonomi","category-kultur-sanat","category-spor","category-tanitim","category-turkiye","category-uncategorized"],"yoast_head":"<!-- This site is optimized with the Yoast SEO plugin v26.9 - https:\/\/yoast.com\/product\/yoast-seo-wordpress\/ -->\n<title>H\u00fck\u00fcmette \u00c7ifte Kritik Atama: Adalet ve \u0130\u00e7i\u015fleri Bakanl\u0131klar\u0131nda De\u011fi\u015fiklik - AvrupaPress<\/title>\n<meta name=\"robots\" content=\"index, follow, max-snippet:-1, max-image-preview:large, max-video-preview:-1\" \/>\n<link rel=\"canonical\" href=\"https:\/\/avrupapress.com\/main\/2026\/02\/10\/hukumette-cifte-kritik-atama-adalet-ve-icisleri-bakanliklarinda-degisiklik\/\" \/>\n<meta property=\"og:locale\" content=\"fr_FR\" \/>\n<meta property=\"og:type\" content=\"article\" \/>\n<meta property=\"og:title\" content=\"H\u00fck\u00fcmette \u00c7ifte Kritik Atama: Adalet ve \u0130\u00e7i\u015fleri Bakanl\u0131klar\u0131nda De\u011fi\u015fiklik - AvrupaPress\" \/>\n<meta property=\"og:description\" content=\"ANKARA \u2013 Cumhurba\u015fkan\u0131 Recep Tayyip Erdo\u011fan\u2019\u0131n imzas\u0131yla yap\u0131lan atamalarla kabinede \u00f6nemli de\u011fi\u015fiklikler ger\u00e7ekle\u015fti. \u0130ki kritik bakanl\u0131kta g\u00f6rev de\u011fi\u015fimi ya\u015fand\u0131. Adalet Bakanl\u0131\u011f\u0131\u2019na Ak\u0131n G\u00fcrlek D\u00fcn Resmi Gazete\u2019de yay\u0131mlanan 2026\/51 say\u0131l\u0131 Cumhurba\u015fkanl\u0131\u011f\u0131 Karar\u0131 ile g\u00f6revden ayr\u0131lan Adalet Bakan\u0131 Y\u0131lmaz Tun\u00e7\u2019un yerine\u00a0Ak\u0131n\u00a0G\u00fcrlek\u00a0atand\u0131. 1982 y\u0131l\u0131nda Nev\u015fehir\u2019de do\u011fan Ak\u0131n G\u00fcrlek, 2005 y\u0131l\u0131nda Marmara \u00dcniversitesi Hukuk Fak\u00fcltesinden mezun oldu. H\u00e2kim olarak [&hellip;]\" \/>\n<meta property=\"og:url\" content=\"https:\/\/avrupapress.com\/main\/2026\/02\/10\/hukumette-cifte-kritik-atama-adalet-ve-icisleri-bakanliklarinda-degisiklik\/\" \/>\n<meta property=\"og:site_name\" content=\"AvrupaPress\" \/>\n<meta property=\"article:published_time\" content=\"2026-02-10T21:47:35+00:00\" \/>\n<meta property=\"article:modified_time\" content=\"2026-02-10T21:47:45+00:00\" \/>\n<meta property=\"og:image\" content=\"https:\/\/avrupapress.com\/main\/wp-content\/uploads\/2026\/02\/akin-gurlek.webp\" \/>\n\t<meta property=\"og:image:width\" content=\"753\" \/>\n\t<meta property=\"og:image:height\" content=\"471\" \/>\n\t<meta property=\"og:image:type\" content=\"image\/webp\" \/>\n<meta name=\"author\" content=\"Edit\u00f6r\" \/>\n<meta name=\"twitter:card\" content=\"summary_large_image\" \/>\n<meta name=\"twitter:label1\" content=\"\u00c9crit par\" \/>\n\t<meta name=\"twitter:data1\" content=\"Edit\u00f6r\" \/>\n\t<meta name=\"twitter:label2\" content=\"Dur\u00e9e de lecture est.\" \/>\n\t<meta name=\"twitter:data2\" content=\"2 minutes\" \/>\n<script type=\"application\/ld+json\" class=\"yoast-schema-graph\">{\"@context\":\"https:\/\/schema.org\",\"@graph\":[{\"@type\":\"Article\",\"@id\":\"https:\/\/avrupapress.com\/main\/2026\/02\/10\/hukumette-cifte-kritik-atama-adalet-ve-icisleri-bakanliklarinda-degisiklik\/#article\",\"isPartOf\":{\"@id\":\"https:\/\/avrupapress.com\/main\/2026\/02\/10\/hukumette-cifte-kritik-atama-adalet-ve-icisleri-bakanliklarinda-degisiklik\/\"},\"author\":{\"name\":\"Edit\u00f6r\",\"@id\":\"https:\/\/avrupapress.com\/#\/schema\/person\/68428444ec60970d1e1b700cf4ca1e8f\"},\"headline\":\"H\u00fck\u00fcmette \u00c7ifte Kritik Atama: Adalet ve \u0130\u00e7i\u015fleri Bakanl\u0131klar\u0131nda De\u011fi\u015fiklik\",\"datePublished\":\"2026-02-10T21:47:35+00:00\",\"dateModified\":\"2026-02-10T21:47:45+00:00\",\"mainEntityOfPage\":{\"@id\":\"https:\/\/avrupapress.com\/main\/2026\/02\/10\/hukumette-cifte-kritik-atama-adalet-ve-icisleri-bakanliklarinda-degisiklik\/\"},\"wordCount\":317,\"publisher\":{\"@id\":\"https:\/\/avrupapress.com\/#\/schema\/person\/0223dca19c72c43575bf30d1a2d8f4fa\"},\"image\":{\"@id\":\"https:\/\/avrupapress.com\/main\/2026\/02\/10\/hukumette-cifte-kritik-atama-adalet-ve-icisleri-bakanliklarinda-degisiklik\/#primaryimage\"},\"thumbnailUrl\":\"https:\/\/avrupapress.com\/main\/wp-content\/uploads\/2026\/02\/akin-gurlek.webp\",\"articleSection\":[\"Avrupa\",\"Bel\u00e7ika\",\"D\u00fcnya\",\"Ekonomi\",\"K\u00fclt\u00fcr-Sanat\",\"Spor\",\"Tan\u0131t\u0131m\",\"T\u00fcrkiye\",\"Uncategorized\"],\"inLanguage\":\"fr-BE\"},{\"@type\":\"WebPage\",\"@id\":\"https:\/\/avrupapress.com\/main\/2026\/02\/10\/hukumette-cifte-kritik-atama-adalet-ve-icisleri-bakanliklarinda-degisiklik\/\",\"url\":\"https:\/\/avrupapress.com\/main\/2026\/02\/10\/hukumette-cifte-kritik-atama-adalet-ve-icisleri-bakanliklarinda-degisiklik\/\",\"name\":\"H\u00fck\u00fcmette \u00c7ifte Kritik Atama: Adalet ve \u0130\u00e7i\u015fleri Bakanl\u0131klar\u0131nda De\u011fi\u015fiklik - AvrupaPress\",\"isPartOf\":{\"@id\":\"https:\/\/avrupapress.com\/#website\"},\"primaryImageOfPage\":{\"@id\":\"https:\/\/avrupapress.com\/main\/2026\/02\/10\/hukumette-cifte-kritik-atama-adalet-ve-icisleri-bakanliklarinda-degisiklik\/#primaryimage\"},\"image\":{\"@id\":\"https:\/\/avrupapress.com\/main\/2026\/02\/10\/hukumette-cifte-kritik-atama-adalet-ve-icisleri-bakanliklarinda-degisiklik\/#primaryimage\"},\"thumbnailUrl\":\"https:\/\/avrupapress.com\/main\/wp-content\/uploads\/2026\/02\/akin-gurlek.webp\",\"datePublished\":\"2026-02-10T21:47:35+00:00\",\"dateModified\":\"2026-02-10T21:47:45+00:00\",\"breadcrumb\":{\"@id\":\"https:\/\/avrupapress.com\/main\/2026\/02\/10\/hukumette-cifte-kritik-atama-adalet-ve-icisleri-bakanliklarinda-degisiklik\/#breadcrumb\"},\"inLanguage\":\"fr-BE\",\"potentialAction\":[{\"@type\":\"ReadAction\",\"target\":[\"https:\/\/avrupapress.com\/main\/2026\/02\/10\/hukumette-cifte-kritik-atama-adalet-ve-icisleri-bakanliklarinda-degisiklik\/\"]}]},{\"@type\":\"ImageObject\",\"inLanguage\":\"fr-BE\",\"@id\":\"https:\/\/avrupapress.com\/main\/2026\/02\/10\/hukumette-cifte-kritik-atama-adalet-ve-icisleri-bakanliklarinda-degisiklik\/#primaryimage\",\"url\":\"https:\/\/avrupapress.com\/main\/wp-content\/uploads\/2026\/02\/akin-gurlek.webp\",\"contentUrl\":\"https:\/\/avrupapress.com\/main\/wp-content\/uploads\/2026\/02\/akin-gurlek.webp\",\"width\":753,\"height\":471},{\"@type\":\"BreadcrumbList\",\"@id\":\"https:\/\/avrupapress.com\/main\/2026\/02\/10\/hukumette-cifte-kritik-atama-adalet-ve-icisleri-bakanliklarinda-degisiklik\/#breadcrumb\",\"itemListElement\":[{\"@type\":\"ListItem\",\"position\":1,\"name\":\"Anasayfa\",\"item\":\"https:\/\/avrupapress.com\/\"},{\"@type\":\"ListItem\",\"position\":2,\"name\":\"H\u00fck\u00fcmette \u00c7ifte Kritik Atama: Adalet ve \u0130\u00e7i\u015fleri Bakanl\u0131klar\u0131nda De\u011fi\u015fiklik\"}]},{\"@type\":\"WebSite\",\"@id\":\"https:\/\/avrupapress.com\/#website\",\"url\":\"https:\/\/avrupapress.com\/\",\"name\":\"AvrupaPress\",\"description\":\"Haberin Adresi\",\"publisher\":{\"@id\":\"https:\/\/avrupapress.com\/#\/schema\/person\/0223dca19c72c43575bf30d1a2d8f4fa\"},\"potentialAction\":[{\"@type\":\"SearchAction\",\"target\":{\"@type\":\"EntryPoint\",\"urlTemplate\":\"https:\/\/avrupapress.com\/?s={search_term_string}\"},\"query-input\":{\"@type\":\"PropertyValueSpecification\",\"valueRequired\":true,\"valueName\":\"search_term_string\"}}],\"inLanguage\":\"fr-BE\"},{\"@type\":[\"Person\",\"Organization\"],\"@id\":\"https:\/\/avrupapress.com\/#\/schema\/person\/0223dca19c72c43575bf30d1a2d8f4fa\",\"name\":\"Bilgin \u00d6z\u00e7ift\u00e7i\",\"image\":{\"@type\":\"ImageObject\",\"inLanguage\":\"fr-BE\",\"@id\":\"https:\/\/avrupapress.com\/#\/schema\/person\/image\/\",\"url\":\"https:\/\/secure.gravatar.com\/avatar\/0f23b280433a21e1ea7a0adcc46ed0ad16afe3ad8e630fd13d8a017dcbd54ef3?s=96&d=mm&r=g\",\"contentUrl\":\"https:\/\/secure.gravatar.com\/avatar\/0f23b280433a21e1ea7a0adcc46ed0ad16afe3ad8e630fd13d8a017dcbd54ef3?s=96&d=mm&r=g\",\"caption\":\"Bilgin \u00d6z\u00e7ift\u00e7i\"},\"logo\":{\"@id\":\"https:\/\/avrupapress.com\/#\/schema\/person\/image\/\"},\"description\":\"Ne ben, nede sen... Biz ancak \\\"biz\\\" olursak g\u00fc\u00e7l\u00fc olabiliriz\"},{\"@type\":\"Person\",\"@id\":\"https:\/\/avrupapress.com\/#\/schema\/person\/68428444ec60970d1e1b700cf4ca1e8f\",\"name\":\"Edit\u00f6r\",\"image\":{\"@type\":\"ImageObject\",\"inLanguage\":\"fr-BE\",\"@id\":\"https:\/\/avrupapress.com\/#\/schema\/person\/image\/\",\"url\":\"https:\/\/secure.gravatar.com\/avatar\/74996b0977aa5f1559ba9883776652508b229005c0d78fb2597897f0bd651c09?s=96&d=mm&r=g\",\"contentUrl\":\"https:\/\/secure.gravatar.com\/avatar\/74996b0977aa5f1559ba9883776652508b229005c0d78fb2597897f0bd651c09?s=96&d=mm&r=g\",\"caption\":\"Edit\u00f6r\"},\"sameAs\":[\"http:\/\/www.avrupapress.com\"],\"url\":\"https:\/\/avrupapress.com\/main\/author\/editor\/\"}]}<\/script>\n<!-- \/ Yoast SEO plugin. -->","yoast_head_json":{"title":"H\u00fck\u00fcmette \u00c7ifte Kritik Atama: Adalet ve \u0130\u00e7i\u015fleri Bakanl\u0131klar\u0131nda De\u011fi\u015fiklik - AvrupaPress","robots":{"index":"index","follow":"follow","max-snippet":"max-snippet:-1","max-image-preview":"max-image-preview:large","max-video-preview":"max-video-preview:-1"},"canonical":"https:\/\/avrupapress.com\/main\/2026\/02\/10\/hukumette-cifte-kritik-atama-adalet-ve-icisleri-bakanliklarinda-degisiklik\/","og_locale":"fr_FR","og_type":"article","og_title":"H\u00fck\u00fcmette \u00c7ifte Kritik Atama: Adalet ve \u0130\u00e7i\u015fleri Bakanl\u0131klar\u0131nda De\u011fi\u015fiklik - AvrupaPress","og_description":"ANKARA \u2013 Cumhurba\u015fkan\u0131 Recep Tayyip Erdo\u011fan\u2019\u0131n imzas\u0131yla yap\u0131lan atamalarla kabinede \u00f6nemli de\u011fi\u015fiklikler ger\u00e7ekle\u015fti. \u0130ki kritik bakanl\u0131kta g\u00f6rev de\u011fi\u015fimi ya\u015fand\u0131. Adalet Bakanl\u0131\u011f\u0131\u2019na Ak\u0131n G\u00fcrlek D\u00fcn Resmi Gazete\u2019de yay\u0131mlanan 2026\/51 say\u0131l\u0131 Cumhurba\u015fkanl\u0131\u011f\u0131 Karar\u0131 ile g\u00f6revden ayr\u0131lan Adalet Bakan\u0131 Y\u0131lmaz Tun\u00e7\u2019un yerine\u00a0Ak\u0131n\u00a0G\u00fcrlek\u00a0atand\u0131. 1982 y\u0131l\u0131nda Nev\u015fehir\u2019de do\u011fan Ak\u0131n G\u00fcrlek, 2005 y\u0131l\u0131nda Marmara \u00dcniversitesi Hukuk Fak\u00fcltesinden mezun oldu. H\u00e2kim olarak [&hellip;]","og_url":"https:\/\/avrupapress.com\/main\/2026\/02\/10\/hukumette-cifte-kritik-atama-adalet-ve-icisleri-bakanliklarinda-degisiklik\/","og_site_name":"AvrupaPress","article_published_time":"2026-02-10T21:47:35+00:00","article_modified_time":"2026-02-10T21:47:45+00:00","og_image":[{"width":753,"height":471,"url":"https:\/\/avrupapress.com\/main\/wp-content\/uploads\/2026\/02\/akin-gurlek.webp","type":"image\/webp"}],"author":"Edit\u00f6r","twitter_card":"summary_large_image","twitter_misc":{"\u00c9crit par":"Edit\u00f6r","Dur\u00e9e de lecture est.":"2 minutes"},"schema":{"@context":"https:\/\/schema.org","@graph":[{"@type":"Article","@id":"https:\/\/avrupapress.com\/main\/2026\/02\/10\/hukumette-cifte-kritik-atama-adalet-ve-icisleri-bakanliklarinda-degisiklik\/#article","isPartOf":{"@id":"https:\/\/avrupapress.com\/main\/2026\/02\/10\/hukumette-cifte-kritik-atama-adalet-ve-icisleri-bakanliklarinda-degisiklik\/"},"author":{"name":"Edit\u00f6r","@id":"https:\/\/avrupapress.com\/#\/schema\/person\/68428444ec60970d1e1b700cf4ca1e8f"},"headline":"H\u00fck\u00fcmette \u00c7ifte Kritik Atama: Adalet ve \u0130\u00e7i\u015fleri Bakanl\u0131klar\u0131nda De\u011fi\u015fiklik","datePublished":"2026-02-10T21:47:35+00:00","dateModified":"2026-02-10T21:47:45+00:00","mainEntityOfPage":{"@id":"https:\/\/avrupapress.com\/main\/2026\/02\/10\/hukumette-cifte-kritik-atama-adalet-ve-icisleri-bakanliklarinda-degisiklik\/"},"wordCount":317,"publisher":{"@id":"https:\/\/avrupapress.com\/#\/schema\/person\/0223dca19c72c43575bf30d1a2d8f4fa"},"image":{"@id":"https:\/\/avrupapress.com\/main\/2026\/02\/10\/hukumette-cifte-kritik-atama-adalet-ve-icisleri-bakanliklarinda-degisiklik\/#primaryimage"},"thumbnailUrl":"https:\/\/avrupapress.com\/main\/wp-content\/uploads\/2026\/02\/akin-gurlek.webp","articleSection":["Avrupa","Bel\u00e7ika","D\u00fcnya","Ekonomi","K\u00fclt\u00fcr-Sanat","Spor","Tan\u0131t\u0131m","T\u00fcrkiye","Uncategorized"],"inLanguage":"fr-BE"},{"@type":"WebPage","@id":"https:\/\/avrupapress.com\/main\/2026\/02\/10\/hukumette-cifte-kritik-atama-adalet-ve-icisleri-bakanliklarinda-degisiklik\/","url":"https:\/\/avrupapress.com\/main\/2026\/02\/10\/hukumette-cifte-kritik-atama-adalet-ve-icisleri-bakanliklarinda-degisiklik\/","name":"H\u00fck\u00fcmette \u00c7ifte Kritik Atama: Adalet ve \u0130\u00e7i\u015fleri Bakanl\u0131klar\u0131nda De\u011fi\u015fiklik - AvrupaPress","isPartOf":{"@id":"https:\/\/avrupapress.com\/#website"},"primaryImageOfPage":{"@id":"https:\/\/avrupapress.com\/main\/2026\/02\/10\/hukumette-cifte-kritik-atama-adalet-ve-icisleri-bakanliklarinda-degisiklik\/#primaryimage"},"image":{"@id":"https:\/\/avrupapress.com\/main\/2026\/02\/10\/hukumette-cifte-kritik-atama-adalet-ve-icisleri-bakanliklarinda-degisiklik\/#primaryimage"},"thumbnailUrl":"https:\/\/avrupapress.com\/main\/wp-content\/uploads\/2026\/02\/akin-gurlek.webp","datePublished":"2026-02-10T21:47:35+00:00","dateModified":"2026-02-10T21:47:45+00:00","breadcrumb":{"@id":"https:\/\/avrupapress.com\/main\/2026\/02\/10\/hukumette-cifte-kritik-atama-adalet-ve-icisleri-bakanliklarinda-degisiklik\/#breadcrumb"},"inLanguage":"fr-BE","potentialAction":[{"@type":"ReadAction","target":["https:\/\/avrupapress.com\/main\/2026\/02\/10\/hukumette-cifte-kritik-atama-adalet-ve-icisleri-bakanliklarinda-degisiklik\/"]}]},{"@type":"ImageObject","inLanguage":"fr-BE","@id":"https:\/\/avrupapress.com\/main\/2026\/02\/10\/hukumette-cifte-kritik-atama-adalet-ve-icisleri-bakanliklarinda-degisiklik\/#primaryimage","url":"https:\/\/avrupapress.com\/main\/wp-content\/uploads\/2026\/02\/akin-gurlek.webp","contentUrl":"https:\/\/avrupapress.com\/main\/wp-content\/uploads\/2026\/02\/akin-gurlek.webp","width":753,"height":471},{"@type":"BreadcrumbList","@id":"https:\/\/avrupapress.com\/main\/2026\/02\/10\/hukumette-cifte-kritik-atama-adalet-ve-icisleri-bakanliklarinda-degisiklik\/#breadcrumb","itemListElement":[{"@type":"ListItem","position":1,"name":"Anasayfa","item":"https:\/\/avrupapress.com\/"},{"@type":"ListItem","position":2,"name":"H\u00fck\u00fcmette \u00c7ifte Kritik Atama: Adalet ve \u0130\u00e7i\u015fleri Bakanl\u0131klar\u0131nda De\u011fi\u015fiklik"}]},{"@type":"WebSite","@id":"https:\/\/avrupapress.com\/#website","url":"https:\/\/avrupapress.com\/","name":"AvrupaPress","description":"Haberin Adresi","publisher":{"@id":"https:\/\/avrupapress.com\/#\/schema\/person\/0223dca19c72c43575bf30d1a2d8f4fa"},"potentialAction":[{"@type":"SearchAction","target":{"@type":"EntryPoint","urlTemplate":"https:\/\/avrupapress.com\/?s={search_term_string}"},"query-input":{"@type":"PropertyValueSpecification","valueRequired":true,"valueName":"search_term_string"}}],"inLanguage":"fr-BE"},{"@type":["Person","Organization"],"@id":"https:\/\/avrupapress.com\/#\/schema\/person\/0223dca19c72c43575bf30d1a2d8f4fa","name":"Bilgin \u00d6z\u00e7ift\u00e7i","image":{"@type":"ImageObject","inLanguage":"fr-BE","@id":"https:\/\/avrupapress.com\/#\/schema\/person\/image\/","url":"https:\/\/secure.gravatar.com\/avatar\/0f23b280433a21e1ea7a0adcc46ed0ad16afe3ad8e630fd13d8a017dcbd54ef3?s=96&d=mm&r=g","contentUrl":"https:\/\/secure.gravatar.com\/avatar\/0f23b280433a21e1ea7a0adcc46ed0ad16afe3ad8e630fd13d8a017dcbd54ef3?s=96&d=mm&r=g","caption":"Bilgin \u00d6z\u00e7ift\u00e7i"},"logo":{"@id":"https:\/\/avrupapress.com\/#\/schema\/person\/image\/"},"description":"Ne ben, nede sen... Biz ancak \"biz\" olursak g\u00fc\u00e7l\u00fc olabiliriz"},{"@type":"Person","@id":"https:\/\/avrupapress.com\/#\/schema\/person\/68428444ec60970d1e1b700cf4ca1e8f","name":"Edit\u00f6r","image":{"@type":"ImageObject","inLanguage":"fr-BE","@id":"https:\/\/avrupapress.com\/#\/schema\/person\/image\/","url":"https:\/\/secure.gravatar.com\/avatar\/74996b0977aa5f1559ba9883776652508b229005c0d78fb2597897f0bd651c09?s=96&d=mm&r=g","contentUrl":"https:\/\/secure.gravatar.com\/avatar\/74996b0977aa5f1559ba9883776652508b229005c0d78fb2597897f0bd651c09?s=96&d=mm&r=g","caption":"Edit\u00f6r"},"sameAs":["http:\/\/www.avrupapress.com"],"url":"https:\/\/avrupapress.com\/main\/author\/editor\/"}]}},"_links":{"self":[{"href":"https:\/\/avrupapress.com\/main\/wp-json\/wp\/v2\/posts\/32820","targetHints":{"allow":["GET"]}}],"collection":[{"href":"https:\/\/avrupapress.com\/main\/wp-json\/wp\/v2\/posts"}],"about":[{"href":"https:\/\/avrupapress.com\/main\/wp-json\/wp\/v2\/types\/post"}],"author":[{"embeddable":true,"href":"https:\/\/avrupapress.com\/main\/wp-json\/wp\/v2\/users\/3"}],"replies":[{"embeddable":true,"href":"https:\/\/avrupapress.com\/main\/wp-json\/wp\/v2\/comments?post=32820"}],"version-history":[{"count":1,"href":"https:\/\/avrupapress.com\/main\/wp-json\/wp\/v2\/posts\/32820\/revisions"}],"predecessor-version":[{"id":32822,"href":"https:\/\/avrupapress.com\/main\/wp-json\/wp\/v2\/posts\/32820\/revisions\/32822"}],"wp:featuredmedia":[{"embeddable":true,"href":"https:\/\/avrupapress.com\/main\/wp-json\/wp\/v2\/media\/32821"}],"wp:attachment":[{"href":"https:\/\/avrupapress.com\/main\/wp-json\/wp\/v2\/media?parent=32820"}],"wp:term":[{"taxonomy":"category","embeddable":true,"href":"https:\/\/avrupapress.com\/main\/wp-json\/wp\/v2\/categories?post=32820"},{"taxonomy":"post_tag","embeddable":true,"href":"https:\/\/avrupapress.com\/main\/wp-json\/wp\/v2\/tags?post=32820"}],"curies":[{"name":"wp","href":"https:\/\/api.w.org\/{rel}","templated":true}]}}