{"id":32815,"date":"2026-02-10T20:40:23","date_gmt":"2026-02-10T20:40:23","guid":{"rendered":"https:\/\/avrupapress.com\/main\/?p=32815"},"modified":"2026-02-10T20:40:49","modified_gmt":"2026-02-10T20:40:49","slug":"turkiye-istatistik-kurumu-tuik-2025-yilina-ait-nufus-verilerine-gore-emirdag-genelinde-koylerin-nufuslari","status":"publish","type":"post","link":"https:\/\/avrupapress.com\/main\/2026\/02\/10\/turkiye-istatistik-kurumu-tuik-2025-yilina-ait-nufus-verilerine-gore-emirdag-genelinde-koylerin-nufuslari\/","title":{"rendered":"T\u00fcrkiye \u0130statistik Kurumu (T\u00dc\u0130K), 2025 y\u0131l\u0131na ait n\u00fcfus verilerine g\u00f6re. Emirda\u011f genelinde k\u00f6ylerin n\u00fcfuslar\u0131."},"content":{"rendered":"<div dir=\"auto\" data-olk-copy-source=\"MessageBody\"><strong>T\u00fcrkiye \u0130statistik Kurumu (T\u00dc\u0130K), 2025 y\u0131l\u0131na ait n\u00fcfus verilerine g\u00f6re. Emirda\u011f genelinde k\u00f6ylerin n\u00fcfuslar\u0131.<\/strong><\/div>\n<div dir=\"auto\" data-olk-copy-source=\"MessageBody\">T\u00fcrkiye \u0130statistik Kurumu (T\u00dc\u0130K), \u00ab\u00a0Adrese Dayal\u0131 N\u00fcfus Kay\u0131t Sistemi 2025 Sonu\u00e7lar\u0131\u00a0\u00bbn\u0131 a\u00e7\u0131klad\u0131.<\/div>\n<div dir=\"auto\" data-olk-copy-source=\"MessageBody\">\n<div dir=\"auto\" data-olk-copy-source=\"MessageBody\">Buna g\u00f6re, 2024 y\u0131l\u0131 itibar\u0131yla 85 milyon 664 bin 944 olan \u00fclke n\u00fcfusu, ge\u00e7en y\u0131l 427 bin 224 ki\u015fi artarak 86 milyon 92 bin 168 ki\u015fiye y\u00fckseldi.<\/div>\n<div dir=\"auto\">Buna g\u00f6re Erkek n\u00fcfusu (43 milyon 59 bin 434 ki\u015fi), kad\u0131n n\u00fcfusu ise (43 milyon 32 bin 734 ki\u015fi) olarak kaydedildi.<\/div>\n<div dir=\"auto\">T\u00fcrkiye \u0130statistik Kurumu (T\u00dc\u0130K) taraf\u0131ndan a\u00e7\u0131klanan 2025 y\u0131l\u0131 Adrese Dayal\u0131 N\u00fcfus Kay\u0131t Sistemi verilerine g\u00f6re, Emirda\u011f il\u00e7e merkezinin n\u00fcfusu \u00a02025 y\u0131l\u0131 itibar\u0131yla 23 bin 578 \u2019e y\u00fckseldi<\/div>\n<div dir=\"auto\">Belde ve k\u00f6yler dahil edildi\u011finde Emirda\u011f\u2019\u0131n toplam n\u00fcfusu 43 bin 350 olarak belirlendi. Bu rakam, Emirda\u011f\u2019\u0131 Afyonkarahisar genelinde en fazla n\u00fcfusa sahip 4. il\u00e7e konumuna ta\u015f\u0131d\u0131.<\/div>\n<div dir=\"auto\">T\u00fcrkiye \u0130statistik Kurumu (T\u00dc\u0130K), 2025 y\u0131l\u0131na ait n\u00fcfus verilerine g\u00f6re<\/div>\n<div dir=\"auto\">2024 \u00d6renk\u00f6y \u00a0 \u00a0 \u00a0 \u00a0 Erkek \u00a0 \u00a0 \u00a0 \u00a0 \u00a0 Kad\u0131n \u00a0 \u00a0 \u00a0 \u00a0 \u00a0 Toplam<\/div>\n<div dir=\"auto\">\u00a0 \u00a0 \u00a0 \u00a0 \u00a0 \u00a0 \u00a0 \u00a0 \u00a0 \u00a0 \u00a0 \u00a0 \u00a0 \u00a0 \u00a0 \u00a0 \u00a0 91 \u00a0 \u00a0 \u00a0 \u00a0 \u00a0 \u00a0 \u00a0 \u00a0 86 \u00a0 \u00a0 \u00a0 \u00a0 \u00a0 \u00a0 \u00a0 \u00a0 177<\/div>\n<div dir=\"auto\">2025 \u00d6renk\u00f6y \u00a0 \u00a0 \u00a0 \u00a0 \u00a0 \u00a081 \u00a0 \u00a0 \u00a0 \u00a0 \u00a0 \u00a0 \u00a0 \u00a078 \u00a0 \u00a0 \u00a0 \u00a0 \u00a0 \u00a0 \u00a0 \u00a0 159<\/div>\n<div dir=\"auto\"><\/div>\n<div dir=\"auto\">2024 Leylekli \u00a0 \u00a0 \u00a0 \u00a0 \u00a0 \u00a0 \u00a010 \u00a0 \u00a0 \u00a0 \u00a0 \u00a0 \u00a0 \u00a0 \u00a0 \u00a07 \u00a0 \u00a0 \u00a0 \u00a0 \u00a0 \u00a0 \u00a0 \u00a0 \u00a0 17<\/div>\n<div dir=\"auto\">2025 Leylekli \u00a0 \u00a0 \u00a0 \u00a0 \u00a0 \u00a0 \u00a0 10 \u00a0 \u00a0 \u00a0 \u00a0 \u00a0 \u00a0 \u00a0 \u00a0 6 \u00a0 \u00a0 \u00a0 \u00a0 \u00a0 \u00a0 \u00a0 \u00a0 \u00a0 16<\/div>\n<div dir=\"auto\"><\/div>\n<div dir=\"auto\">T\u00fcrkiye \u0130statistik Kurumu (T\u00dc\u0130K), 2025 y\u0131l\u0131na ait n\u00fcfus verilerine g\u00f6re. Emirda\u011f genelinde k\u00f6ylerin n\u00fcfuslar\u0131.<\/div>\n<div dir=\"auto\"><\/div>\n<div dir=\"auto\">\u00a0EM\u0130RDA\u011e ABLAK 75<\/div>\n<div dir=\"auto\">\u00a0EM\u0130RDA\u011e ADAYAZI 1.016<\/div>\n<div dir=\"auto\">\u00a0EM\u0130RDA\u011e A\u011eILCIK 146<\/div>\n<div dir=\"auto\">\u00a0EM\u0130RDA\u011e AL\u0130BEYCE 122<\/div>\n<div dir=\"auto\">\u00a0EM\u0130RDA\u011e A\u015eA\u011eIAL\u0130\u00c7OMAK 119<\/div>\n<div dir=\"auto\">\u00a0EM\u0130RDA\u011e A\u015eA\u011eIKURUDERE 178<\/div>\n<div dir=\"auto\">\u00a0EM\u0130RDA\u011e A\u015eA\u011eIP\u0130R\u0130BEYL\u0130 745<\/div>\n<div dir=\"auto\">\u00a0EM\u0130RDA\u011e AVDAN 18<\/div>\n<div dir=\"auto\">\u00a0EM\u0130RDA\u011e AYDINYAKA 69<\/div>\n<div dir=\"auto\">\u00a0EM\u0130RDA\u011e BADEML\u0130 392<\/div>\n<div dir=\"auto\">\u00a0EM\u0130RDA\u011e BA\u011eLICA 142<\/div>\n<div dir=\"auto\">\u00a0EM\u0130RDA\u011e BALCAM 99<\/div>\n<div dir=\"auto\">\u00a0EM\u0130RDA\u011e BA\u015eKONAK 445<\/div>\n<div dir=\"auto\">\u00a0EM\u0130RDA\u011e BEYK\u00d6Y 50<\/div>\n<div dir=\"auto\">\u00a0EM\u0130RDA\u011e BEY\u00d6REN 60<\/div>\n<div dir=\"auto\">\u00a0EM\u0130RDA\u011e BURUNARKA\u00c7 26<\/div>\n<div dir=\"auto\">\u00a0EM\u0130RDA\u011e B\u00dcY\u00dcKTU\u011eLUK 103<\/div>\n<div dir=\"auto\">\u00a0EM\u0130RDA\u011e CAM\u0130L\u0130 42<\/div>\n<div dir=\"auto\">\u00a0EM\u0130RDA\u011e \u00c7ATALLI 379<\/div>\n<div dir=\"auto\">\u00a0EM\u0130RDA\u011e \u00c7AYKI\u015eLA 630<\/div>\n<div dir=\"auto\">\u00a0EM\u0130RDA\u011e \u00c7\u0130FTL\u0130KK\u00d6Y 426<\/div>\n<div dir=\"auto\">\u00a0EM\u0130RDA\u011e DA\u011eILGAN 83<\/div>\n<div dir=\"auto\">\u00a0EM\u0130RDA\u011e DA\u011eINIK 36<\/div>\n<div dir=\"auto\">\u00a0EM\u0130RDA\u011e DAYDALI 125<\/div>\n<div dir=\"auto\">\u00a0EM\u0130RDA\u011e DEM\u0130RC\u0130L\u0130 289<\/div>\n<div dir=\"auto\">\u00a0EM\u0130RDA\u011e DEREK\u00d6Y 202<\/div>\n<div dir=\"auto\">\u00a0EM\u0130RDA\u011e EK\u0130ZCE 346<\/div>\n<div dir=\"auto\">\u00a0EM\u0130RDA\u011e ELHAN 311<\/div>\n<div dir=\"auto\">\u00a0EM\u0130RDA\u011e EM\u0130R\u0130NK\u00d6Y\u00dc 120<\/div>\n<div dir=\"auto\">\u00a0EM\u0130RDA\u011e ESK\u0130AK\u00d6REN 70<\/div>\n<div dir=\"auto\">\u00a0EM\u0130RDA\u011e E\u015eREFL\u0130 295<\/div>\n<div dir=\"auto\">\u00a0EM\u0130RDA\u011e GED\u0130KEV\u0130 83<\/div>\n<div dir=\"auto\">\u00a0EM\u0130RDA\u011e GEL\u0130NC\u0130K 77<\/div>\n<div dir=\"auto\"><strong>\u00a0EM\u0130RDA\u011e G\u00d6ZEL\u0130 175<\/strong><\/div>\n<div dir=\"auto\">\u00a0EM\u0130RDA\u011e G\u00dcNEYK\u00d6Y 25<\/div>\n<div dir=\"auto\">\u00a0EM\u0130RDA\u011e G\u00dcNEYSARAY 385<\/div>\n<div dir=\"auto\">\u00a0EM\u0130RDA\u011e G\u00dcVE\u00c7\u00c7\u0130 527<\/div>\n<div dir=\"auto\">\u00a0EM\u0130RDA\u011e HAMZAHACILI 274<\/div>\n<div dir=\"auto\">\u00a0EM\u0130RDA\u011e KARAA\u011eA\u00c7 148<\/div>\n<div dir=\"auto\">\u00a0EM\u0130RDA\u011e KARACALAR 727<\/div>\n<div dir=\"auto\">\u00a0EM\u0130RDA\u011e KARAYATAK 90<\/div>\n<div dir=\"auto\">\u00a0EM\u0130RDA\u011e KILI\u00c7LAR 58<\/div>\n<div dir=\"auto\">\u00a0EM\u0130RDA\u011e KILI\u00c7LI KAVLAKLI 58<\/div>\n<div dir=\"auto\">\u00a0EM\u0130RDA\u011e KIRKPINAR 110<\/div>\n<div dir=\"auto\">\u00a0EM\u0130RDA\u011e KURUCA 71<\/div>\n<div dir=\"auto\">\u00a0EM\u0130RDA\u011e LEYLEKL\u0130 16<\/div>\n<div dir=\"auto\">\u00a0EM\u0130RDA\u011e \u00d6RENK\u00d6Y 159<\/div>\n<div dir=\"auto\">\u00a0EM\u0130RDA\u011e \u00d6ZKAN 171<\/div>\n<div dir=\"auto\">\u00a0EM\u0130RDA\u011e SAL\u0130HLER 121<\/div>\n<div dir=\"auto\">\u00a0EM\u0130RDA\u011e SI\u011eRACIK 207<\/div>\n<div dir=\"auto\">\u00a0EM\u0130RDA\u011e SO\u011eUKKUYU 85<\/div>\n<div dir=\"auto\">\u00a0EM\u0130RDA\u011e SUVERMEZ 320<\/div>\n<div dir=\"auto\">\u00a0EM\u0130RDA\u011e TABAKLAR 373<\/div>\n<div dir=\"auto\">\u00a0EM\u0130RDA\u011e TEPEK\u00d6Y 61<\/div>\n<div dir=\"auto\">\u00a0EM\u0130RDA\u011e TEZK\u00d6Y 425<\/div>\n<div dir=\"auto\">\u00a0EM\u0130RDA\u011e TOKLUCAK 65<\/div>\n<div dir=\"auto\">\u00a0EM\u0130RDA\u011e TOPDERE 38<\/div>\n<div dir=\"auto\">\u00a0EM\u0130RDA\u011e T\u00dcRKMEN 322<\/div>\n<div dir=\"auto\">\u00a0EM\u0130RDA\u011e T\u00dcRKMENAK\u00d6REN 301<\/div>\n<div dir=\"auto\">\u00a0EM\u0130RDA\u011e \u00dcMRAN\u0130YE 96<\/div>\n<div dir=\"auto\">\u00a0EM\u0130RDA\u011e VEYSEL 210<\/div>\n<div dir=\"auto\">\u00a0EM\u0130RDA\u011e YARIKKAYA 134<\/div>\n<div dir=\"auto\">\u00a0EM\u0130RDA\u011e YARIMCA 80<\/div>\n<div dir=\"auto\">\u00a0EM\u0130RDA\u011e YAVUZ 92<\/div>\n<div dir=\"auto\">\u00a0EM\u0130RDA\u011e YEN\u0130KAPI 486<\/div>\n<div dir=\"auto\">\u00a0EM\u0130RDA\u011e YEN\u0130K\u00d6Y 413<\/div>\n<div dir=\"auto\">\u00a0EM\u0130RDA\u011e YUKARI KURUDERE 496<\/div>\n<div dir=\"auto\">\u00a0EM\u0130RDA\u011e YUSUFA\u011eA 66<\/div>\n<div dir=\"auto\">\u00a0EM\u0130RDA\u011e Y\u00dcRE\u011e\u0130L 692<\/div>\n<div dir=\"auto\"><\/div>\n<\/div>\n<div dir=\"auto\"><\/div>\n<div dir=\"auto\">\n<div dir=\"auto\"><strong>Bilgin\u00a0 Ozcifci\u00a0 \u00a0 \u00a0 \u00a0 \/\u00a0 \u00a0 \u00a0 \u00a0 AVRUPAPRESS<\/strong><\/div>\n<div dir=\"auto\"><\/div>\n<\/div>\n<div dir=\"auto\"><\/div>\n<div dir=\"auto\"><img loading=\"lazy\" decoding=\"async\" class=\"alignnone size-medium wp-image-32816\" src=\"https:\/\/avrupapress.com\/main\/wp-content\/uploads\/2026\/02\/images-1-300x137.jpg\" alt=\"\" width=\"300\" height=\"137\" srcset=\"https:\/\/avrupapress.com\/main\/wp-content\/uploads\/2026\/02\/images-1-300x137.jpg 300w, https:\/\/avrupapress.com\/main\/wp-content\/uploads\/2026\/02\/images-1.jpg 332w\" sizes=\"auto, (max-width: 300px) 100vw, 300px\" \/><\/div>\n<div dir=\"auto\"><img loading=\"lazy\" decoding=\"async\" class=\"alignnone size-full wp-image-32817\" src=\"https:\/\/avrupapress.com\/main\/wp-content\/uploads\/2026\/02\/download.jpg\" alt=\"\" width=\"259\" height=\"194\" \/><\/div>\n<div dir=\"auto\"><img loading=\"lazy\" decoding=\"async\" class=\"alignnone size-full wp-image-32818\" src=\"https:\/\/avrupapress.com\/main\/wp-content\/uploads\/2026\/02\/download-1.jpg\" alt=\"\" width=\"273\" height=\"185\" \/><\/div>\n<div dir=\"auto\"><\/div>\n<div dir=\"auto\"><strong>Bilgin\u00a0 Ozcifci\u00a0 \u00a0 \u00a0 \u00a0 \/\u00a0 \u00a0 \u00a0 \u00a0 AVRUPAPRESS<\/strong><\/div>\n<div dir=\"auto\"><\/div>\n","protected":false},"excerpt":{"rendered":"<p>T\u00fcrkiye \u0130statistik Kurumu (T\u00dc\u0130K), 2025 y\u0131l\u0131na ait n\u00fcfus verilerine g\u00f6re. Emirda\u011f genelinde k\u00f6ylerin n\u00fcfuslar\u0131. T\u00fcrkiye \u0130statistik Kurumu (T\u00dc\u0130K), \u00ab\u00a0Adrese Dayal\u0131 N\u00fcfus Kay\u0131t Sistemi 2025 Sonu\u00e7lar\u0131\u00a0\u00bbn\u0131 a\u00e7\u0131klad\u0131. Buna g\u00f6re, 2024 y\u0131l\u0131 itibar\u0131yla 85 milyon 664 bin 944 olan \u00fclke n\u00fcfusu, ge\u00e7en y\u0131l 427 bin 224 ki\u015fi artarak 86 milyon 92 bin 168 ki\u015fiye y\u00fckseldi. Buna g\u00f6re [&hellip;]<\/p>\n","protected":false},"author":3,"featured_media":32816,"comment_status":"closed","ping_status":"open","sticky":false,"template":"","format":"standard","meta":{"footnotes":""},"categories":[14,16,3,17,18,15,19,2,1],"tags":[],"class_list":["post-32815","post","type-post","status-publish","format-standard","has-post-thumbnail","hentry","category-avrupa","category-belcika","category-dunya","category-ekonomi","category-kultur-sanat","category-spor","category-tanitim","category-turkiye","category-uncategorized"],"yoast_head":"<!-- This site is optimized with the Yoast SEO plugin v26.9 - https:\/\/yoast.com\/product\/yoast-seo-wordpress\/ -->\n<title>T\u00fcrkiye \u0130statistik Kurumu (T\u00dc\u0130K), 2025 y\u0131l\u0131na ait n\u00fcfus verilerine g\u00f6re. Emirda\u011f genelinde k\u00f6ylerin n\u00fcfuslar\u0131. - AvrupaPress<\/title>\n<meta name=\"robots\" content=\"index, follow, max-snippet:-1, max-image-preview:large, max-video-preview:-1\" \/>\n<link rel=\"canonical\" href=\"https:\/\/avrupapress.com\/main\/2026\/02\/10\/turkiye-istatistik-kurumu-tuik-2025-yilina-ait-nufus-verilerine-gore-emirdag-genelinde-koylerin-nufuslari\/\" \/>\n<meta property=\"og:locale\" content=\"fr_FR\" \/>\n<meta property=\"og:type\" content=\"article\" \/>\n<meta property=\"og:title\" content=\"T\u00fcrkiye \u0130statistik Kurumu (T\u00dc\u0130K), 2025 y\u0131l\u0131na ait n\u00fcfus verilerine g\u00f6re. Emirda\u011f genelinde k\u00f6ylerin n\u00fcfuslar\u0131. - AvrupaPress\" \/>\n<meta property=\"og:description\" content=\"T\u00fcrkiye \u0130statistik Kurumu (T\u00dc\u0130K), 2025 y\u0131l\u0131na ait n\u00fcfus verilerine g\u00f6re. Emirda\u011f genelinde k\u00f6ylerin n\u00fcfuslar\u0131. T\u00fcrkiye \u0130statistik Kurumu (T\u00dc\u0130K), \u00ab\u00a0Adrese Dayal\u0131 N\u00fcfus Kay\u0131t Sistemi 2025 Sonu\u00e7lar\u0131\u00a0\u00bbn\u0131 a\u00e7\u0131klad\u0131. Buna g\u00f6re, 2024 y\u0131l\u0131 itibar\u0131yla 85 milyon 664 bin 944 olan \u00fclke n\u00fcfusu, ge\u00e7en y\u0131l 427 bin 224 ki\u015fi artarak 86 milyon 92 bin 168 ki\u015fiye y\u00fckseldi. Buna g\u00f6re [&hellip;]\" \/>\n<meta property=\"og:url\" content=\"https:\/\/avrupapress.com\/main\/2026\/02\/10\/turkiye-istatistik-kurumu-tuik-2025-yilina-ait-nufus-verilerine-gore-emirdag-genelinde-koylerin-nufuslari\/\" \/>\n<meta property=\"og:site_name\" content=\"AvrupaPress\" \/>\n<meta property=\"article:published_time\" content=\"2026-02-10T20:40:23+00:00\" \/>\n<meta property=\"article:modified_time\" content=\"2026-02-10T20:40:49+00:00\" \/>\n<meta property=\"og:image\" content=\"https:\/\/avrupapress.com\/main\/wp-content\/uploads\/2026\/02\/images-1.jpg\" \/>\n\t<meta property=\"og:image:width\" content=\"332\" \/>\n\t<meta property=\"og:image:height\" content=\"152\" \/>\n\t<meta property=\"og:image:type\" content=\"image\/jpeg\" \/>\n<meta name=\"author\" content=\"Edit\u00f6r\" \/>\n<meta name=\"twitter:card\" content=\"summary_large_image\" \/>\n<meta name=\"twitter:label1\" content=\"\u00c9crit par\" \/>\n\t<meta name=\"twitter:data1\" content=\"Edit\u00f6r\" \/>\n\t<meta name=\"twitter:label2\" content=\"Dur\u00e9e de lecture est.\" \/>\n\t<meta name=\"twitter:data2\" content=\"3 minutes\" \/>\n<script type=\"application\/ld+json\" class=\"yoast-schema-graph\">{\"@context\":\"https:\/\/schema.org\",\"@graph\":[{\"@type\":\"Article\",\"@id\":\"https:\/\/avrupapress.com\/main\/2026\/02\/10\/turkiye-istatistik-kurumu-tuik-2025-yilina-ait-nufus-verilerine-gore-emirdag-genelinde-koylerin-nufuslari\/#article\",\"isPartOf\":{\"@id\":\"https:\/\/avrupapress.com\/main\/2026\/02\/10\/turkiye-istatistik-kurumu-tuik-2025-yilina-ait-nufus-verilerine-gore-emirdag-genelinde-koylerin-nufuslari\/\"},\"author\":{\"name\":\"Edit\u00f6r\",\"@id\":\"https:\/\/avrupapress.com\/#\/schema\/person\/68428444ec60970d1e1b700cf4ca1e8f\"},\"headline\":\"T\u00fcrkiye \u0130statistik Kurumu (T\u00dc\u0130K), 2025 y\u0131l\u0131na ait n\u00fcfus verilerine g\u00f6re. Emirda\u011f genelinde k\u00f6ylerin n\u00fcfuslar\u0131.\",\"datePublished\":\"2026-02-10T20:40:23+00:00\",\"dateModified\":\"2026-02-10T20:40:49+00:00\",\"mainEntityOfPage\":{\"@id\":\"https:\/\/avrupapress.com\/main\/2026\/02\/10\/turkiye-istatistik-kurumu-tuik-2025-yilina-ait-nufus-verilerine-gore-emirdag-genelinde-koylerin-nufuslari\/\"},\"wordCount\":496,\"publisher\":{\"@id\":\"https:\/\/avrupapress.com\/#\/schema\/person\/0223dca19c72c43575bf30d1a2d8f4fa\"},\"image\":{\"@id\":\"https:\/\/avrupapress.com\/main\/2026\/02\/10\/turkiye-istatistik-kurumu-tuik-2025-yilina-ait-nufus-verilerine-gore-emirdag-genelinde-koylerin-nufuslari\/#primaryimage\"},\"thumbnailUrl\":\"https:\/\/avrupapress.com\/main\/wp-content\/uploads\/2026\/02\/images-1.jpg\",\"articleSection\":[\"Avrupa\",\"Bel\u00e7ika\",\"D\u00fcnya\",\"Ekonomi\",\"K\u00fclt\u00fcr-Sanat\",\"Spor\",\"Tan\u0131t\u0131m\",\"T\u00fcrkiye\",\"Uncategorized\"],\"inLanguage\":\"fr-BE\"},{\"@type\":\"WebPage\",\"@id\":\"https:\/\/avrupapress.com\/main\/2026\/02\/10\/turkiye-istatistik-kurumu-tuik-2025-yilina-ait-nufus-verilerine-gore-emirdag-genelinde-koylerin-nufuslari\/\",\"url\":\"https:\/\/avrupapress.com\/main\/2026\/02\/10\/turkiye-istatistik-kurumu-tuik-2025-yilina-ait-nufus-verilerine-gore-emirdag-genelinde-koylerin-nufuslari\/\",\"name\":\"T\u00fcrkiye \u0130statistik Kurumu (T\u00dc\u0130K), 2025 y\u0131l\u0131na ait n\u00fcfus verilerine g\u00f6re. Emirda\u011f genelinde k\u00f6ylerin n\u00fcfuslar\u0131. - AvrupaPress\",\"isPartOf\":{\"@id\":\"https:\/\/avrupapress.com\/#website\"},\"primaryImageOfPage\":{\"@id\":\"https:\/\/avrupapress.com\/main\/2026\/02\/10\/turkiye-istatistik-kurumu-tuik-2025-yilina-ait-nufus-verilerine-gore-emirdag-genelinde-koylerin-nufuslari\/#primaryimage\"},\"image\":{\"@id\":\"https:\/\/avrupapress.com\/main\/2026\/02\/10\/turkiye-istatistik-kurumu-tuik-2025-yilina-ait-nufus-verilerine-gore-emirdag-genelinde-koylerin-nufuslari\/#primaryimage\"},\"thumbnailUrl\":\"https:\/\/avrupapress.com\/main\/wp-content\/uploads\/2026\/02\/images-1.jpg\",\"datePublished\":\"2026-02-10T20:40:23+00:00\",\"dateModified\":\"2026-02-10T20:40:49+00:00\",\"breadcrumb\":{\"@id\":\"https:\/\/avrupapress.com\/main\/2026\/02\/10\/turkiye-istatistik-kurumu-tuik-2025-yilina-ait-nufus-verilerine-gore-emirdag-genelinde-koylerin-nufuslari\/#breadcrumb\"},\"inLanguage\":\"fr-BE\",\"potentialAction\":[{\"@type\":\"ReadAction\",\"target\":[\"https:\/\/avrupapress.com\/main\/2026\/02\/10\/turkiye-istatistik-kurumu-tuik-2025-yilina-ait-nufus-verilerine-gore-emirdag-genelinde-koylerin-nufuslari\/\"]}]},{\"@type\":\"ImageObject\",\"inLanguage\":\"fr-BE\",\"@id\":\"https:\/\/avrupapress.com\/main\/2026\/02\/10\/turkiye-istatistik-kurumu-tuik-2025-yilina-ait-nufus-verilerine-gore-emirdag-genelinde-koylerin-nufuslari\/#primaryimage\",\"url\":\"https:\/\/avrupapress.com\/main\/wp-content\/uploads\/2026\/02\/images-1.jpg\",\"contentUrl\":\"https:\/\/avrupapress.com\/main\/wp-content\/uploads\/2026\/02\/images-1.jpg\",\"width\":332,\"height\":152},{\"@type\":\"BreadcrumbList\",\"@id\":\"https:\/\/avrupapress.com\/main\/2026\/02\/10\/turkiye-istatistik-kurumu-tuik-2025-yilina-ait-nufus-verilerine-gore-emirdag-genelinde-koylerin-nufuslari\/#breadcrumb\",\"itemListElement\":[{\"@type\":\"ListItem\",\"position\":1,\"name\":\"Anasayfa\",\"item\":\"https:\/\/avrupapress.com\/\"},{\"@type\":\"ListItem\",\"position\":2,\"name\":\"T\u00fcrkiye \u0130statistik Kurumu (T\u00dc\u0130K), 2025 y\u0131l\u0131na ait n\u00fcfus verilerine g\u00f6re. Emirda\u011f genelinde k\u00f6ylerin n\u00fcfuslar\u0131.\"}]},{\"@type\":\"WebSite\",\"@id\":\"https:\/\/avrupapress.com\/#website\",\"url\":\"https:\/\/avrupapress.com\/\",\"name\":\"AvrupaPress\",\"description\":\"Haberin Adresi\",\"publisher\":{\"@id\":\"https:\/\/avrupapress.com\/#\/schema\/person\/0223dca19c72c43575bf30d1a2d8f4fa\"},\"potentialAction\":[{\"@type\":\"SearchAction\",\"target\":{\"@type\":\"EntryPoint\",\"urlTemplate\":\"https:\/\/avrupapress.com\/?s={search_term_string}\"},\"query-input\":{\"@type\":\"PropertyValueSpecification\",\"valueRequired\":true,\"valueName\":\"search_term_string\"}}],\"inLanguage\":\"fr-BE\"},{\"@type\":[\"Person\",\"Organization\"],\"@id\":\"https:\/\/avrupapress.com\/#\/schema\/person\/0223dca19c72c43575bf30d1a2d8f4fa\",\"name\":\"Bilgin \u00d6z\u00e7ift\u00e7i\",\"image\":{\"@type\":\"ImageObject\",\"inLanguage\":\"fr-BE\",\"@id\":\"https:\/\/avrupapress.com\/#\/schema\/person\/image\/\",\"url\":\"https:\/\/secure.gravatar.com\/avatar\/0f23b280433a21e1ea7a0adcc46ed0ad16afe3ad8e630fd13d8a017dcbd54ef3?s=96&d=mm&r=g\",\"contentUrl\":\"https:\/\/secure.gravatar.com\/avatar\/0f23b280433a21e1ea7a0adcc46ed0ad16afe3ad8e630fd13d8a017dcbd54ef3?s=96&d=mm&r=g\",\"caption\":\"Bilgin \u00d6z\u00e7ift\u00e7i\"},\"logo\":{\"@id\":\"https:\/\/avrupapress.com\/#\/schema\/person\/image\/\"},\"description\":\"Ne ben, nede sen... Biz ancak \\\"biz\\\" olursak g\u00fc\u00e7l\u00fc olabiliriz\"},{\"@type\":\"Person\",\"@id\":\"https:\/\/avrupapress.com\/#\/schema\/person\/68428444ec60970d1e1b700cf4ca1e8f\",\"name\":\"Edit\u00f6r\",\"image\":{\"@type\":\"ImageObject\",\"inLanguage\":\"fr-BE\",\"@id\":\"https:\/\/avrupapress.com\/#\/schema\/person\/image\/\",\"url\":\"https:\/\/secure.gravatar.com\/avatar\/74996b0977aa5f1559ba9883776652508b229005c0d78fb2597897f0bd651c09?s=96&d=mm&r=g\",\"contentUrl\":\"https:\/\/secure.gravatar.com\/avatar\/74996b0977aa5f1559ba9883776652508b229005c0d78fb2597897f0bd651c09?s=96&d=mm&r=g\",\"caption\":\"Edit\u00f6r\"},\"sameAs\":[\"http:\/\/www.avrupapress.com\"],\"url\":\"https:\/\/avrupapress.com\/main\/author\/editor\/\"}]}<\/script>\n<!-- \/ Yoast SEO plugin. -->","yoast_head_json":{"title":"T\u00fcrkiye \u0130statistik Kurumu (T\u00dc\u0130K), 2025 y\u0131l\u0131na ait n\u00fcfus verilerine g\u00f6re. Emirda\u011f genelinde k\u00f6ylerin n\u00fcfuslar\u0131. - AvrupaPress","robots":{"index":"index","follow":"follow","max-snippet":"max-snippet:-1","max-image-preview":"max-image-preview:large","max-video-preview":"max-video-preview:-1"},"canonical":"https:\/\/avrupapress.com\/main\/2026\/02\/10\/turkiye-istatistik-kurumu-tuik-2025-yilina-ait-nufus-verilerine-gore-emirdag-genelinde-koylerin-nufuslari\/","og_locale":"fr_FR","og_type":"article","og_title":"T\u00fcrkiye \u0130statistik Kurumu (T\u00dc\u0130K), 2025 y\u0131l\u0131na ait n\u00fcfus verilerine g\u00f6re. Emirda\u011f genelinde k\u00f6ylerin n\u00fcfuslar\u0131. - AvrupaPress","og_description":"T\u00fcrkiye \u0130statistik Kurumu (T\u00dc\u0130K), 2025 y\u0131l\u0131na ait n\u00fcfus verilerine g\u00f6re. Emirda\u011f genelinde k\u00f6ylerin n\u00fcfuslar\u0131. T\u00fcrkiye \u0130statistik Kurumu (T\u00dc\u0130K), \u00ab\u00a0Adrese Dayal\u0131 N\u00fcfus Kay\u0131t Sistemi 2025 Sonu\u00e7lar\u0131\u00a0\u00bbn\u0131 a\u00e7\u0131klad\u0131. Buna g\u00f6re, 2024 y\u0131l\u0131 itibar\u0131yla 85 milyon 664 bin 944 olan \u00fclke n\u00fcfusu, ge\u00e7en y\u0131l 427 bin 224 ki\u015fi artarak 86 milyon 92 bin 168 ki\u015fiye y\u00fckseldi. Buna g\u00f6re [&hellip;]","og_url":"https:\/\/avrupapress.com\/main\/2026\/02\/10\/turkiye-istatistik-kurumu-tuik-2025-yilina-ait-nufus-verilerine-gore-emirdag-genelinde-koylerin-nufuslari\/","og_site_name":"AvrupaPress","article_published_time":"2026-02-10T20:40:23+00:00","article_modified_time":"2026-02-10T20:40:49+00:00","og_image":[{"width":332,"height":152,"url":"https:\/\/avrupapress.com\/main\/wp-content\/uploads\/2026\/02\/images-1.jpg","type":"image\/jpeg"}],"author":"Edit\u00f6r","twitter_card":"summary_large_image","twitter_misc":{"\u00c9crit par":"Edit\u00f6r","Dur\u00e9e de lecture est.":"3 minutes"},"schema":{"@context":"https:\/\/schema.org","@graph":[{"@type":"Article","@id":"https:\/\/avrupapress.com\/main\/2026\/02\/10\/turkiye-istatistik-kurumu-tuik-2025-yilina-ait-nufus-verilerine-gore-emirdag-genelinde-koylerin-nufuslari\/#article","isPartOf":{"@id":"https:\/\/avrupapress.com\/main\/2026\/02\/10\/turkiye-istatistik-kurumu-tuik-2025-yilina-ait-nufus-verilerine-gore-emirdag-genelinde-koylerin-nufuslari\/"},"author":{"name":"Edit\u00f6r","@id":"https:\/\/avrupapress.com\/#\/schema\/person\/68428444ec60970d1e1b700cf4ca1e8f"},"headline":"T\u00fcrkiye \u0130statistik Kurumu (T\u00dc\u0130K), 2025 y\u0131l\u0131na ait n\u00fcfus verilerine g\u00f6re. Emirda\u011f genelinde k\u00f6ylerin n\u00fcfuslar\u0131.","datePublished":"2026-02-10T20:40:23+00:00","dateModified":"2026-02-10T20:40:49+00:00","mainEntityOfPage":{"@id":"https:\/\/avrupapress.com\/main\/2026\/02\/10\/turkiye-istatistik-kurumu-tuik-2025-yilina-ait-nufus-verilerine-gore-emirdag-genelinde-koylerin-nufuslari\/"},"wordCount":496,"publisher":{"@id":"https:\/\/avrupapress.com\/#\/schema\/person\/0223dca19c72c43575bf30d1a2d8f4fa"},"image":{"@id":"https:\/\/avrupapress.com\/main\/2026\/02\/10\/turkiye-istatistik-kurumu-tuik-2025-yilina-ait-nufus-verilerine-gore-emirdag-genelinde-koylerin-nufuslari\/#primaryimage"},"thumbnailUrl":"https:\/\/avrupapress.com\/main\/wp-content\/uploads\/2026\/02\/images-1.jpg","articleSection":["Avrupa","Bel\u00e7ika","D\u00fcnya","Ekonomi","K\u00fclt\u00fcr-Sanat","Spor","Tan\u0131t\u0131m","T\u00fcrkiye","Uncategorized"],"inLanguage":"fr-BE"},{"@type":"WebPage","@id":"https:\/\/avrupapress.com\/main\/2026\/02\/10\/turkiye-istatistik-kurumu-tuik-2025-yilina-ait-nufus-verilerine-gore-emirdag-genelinde-koylerin-nufuslari\/","url":"https:\/\/avrupapress.com\/main\/2026\/02\/10\/turkiye-istatistik-kurumu-tuik-2025-yilina-ait-nufus-verilerine-gore-emirdag-genelinde-koylerin-nufuslari\/","name":"T\u00fcrkiye \u0130statistik Kurumu (T\u00dc\u0130K), 2025 y\u0131l\u0131na ait n\u00fcfus verilerine g\u00f6re. Emirda\u011f genelinde k\u00f6ylerin n\u00fcfuslar\u0131. - AvrupaPress","isPartOf":{"@id":"https:\/\/avrupapress.com\/#website"},"primaryImageOfPage":{"@id":"https:\/\/avrupapress.com\/main\/2026\/02\/10\/turkiye-istatistik-kurumu-tuik-2025-yilina-ait-nufus-verilerine-gore-emirdag-genelinde-koylerin-nufuslari\/#primaryimage"},"image":{"@id":"https:\/\/avrupapress.com\/main\/2026\/02\/10\/turkiye-istatistik-kurumu-tuik-2025-yilina-ait-nufus-verilerine-gore-emirdag-genelinde-koylerin-nufuslari\/#primaryimage"},"thumbnailUrl":"https:\/\/avrupapress.com\/main\/wp-content\/uploads\/2026\/02\/images-1.jpg","datePublished":"2026-02-10T20:40:23+00:00","dateModified":"2026-02-10T20:40:49+00:00","breadcrumb":{"@id":"https:\/\/avrupapress.com\/main\/2026\/02\/10\/turkiye-istatistik-kurumu-tuik-2025-yilina-ait-nufus-verilerine-gore-emirdag-genelinde-koylerin-nufuslari\/#breadcrumb"},"inLanguage":"fr-BE","potentialAction":[{"@type":"ReadAction","target":["https:\/\/avrupapress.com\/main\/2026\/02\/10\/turkiye-istatistik-kurumu-tuik-2025-yilina-ait-nufus-verilerine-gore-emirdag-genelinde-koylerin-nufuslari\/"]}]},{"@type":"ImageObject","inLanguage":"fr-BE","@id":"https:\/\/avrupapress.com\/main\/2026\/02\/10\/turkiye-istatistik-kurumu-tuik-2025-yilina-ait-nufus-verilerine-gore-emirdag-genelinde-koylerin-nufuslari\/#primaryimage","url":"https:\/\/avrupapress.com\/main\/wp-content\/uploads\/2026\/02\/images-1.jpg","contentUrl":"https:\/\/avrupapress.com\/main\/wp-content\/uploads\/2026\/02\/images-1.jpg","width":332,"height":152},{"@type":"BreadcrumbList","@id":"https:\/\/avrupapress.com\/main\/2026\/02\/10\/turkiye-istatistik-kurumu-tuik-2025-yilina-ait-nufus-verilerine-gore-emirdag-genelinde-koylerin-nufuslari\/#breadcrumb","itemListElement":[{"@type":"ListItem","position":1,"name":"Anasayfa","item":"https:\/\/avrupapress.com\/"},{"@type":"ListItem","position":2,"name":"T\u00fcrkiye \u0130statistik Kurumu (T\u00dc\u0130K), 2025 y\u0131l\u0131na ait n\u00fcfus verilerine g\u00f6re. Emirda\u011f genelinde k\u00f6ylerin n\u00fcfuslar\u0131."}]},{"@type":"WebSite","@id":"https:\/\/avrupapress.com\/#website","url":"https:\/\/avrupapress.com\/","name":"AvrupaPress","description":"Haberin Adresi","publisher":{"@id":"https:\/\/avrupapress.com\/#\/schema\/person\/0223dca19c72c43575bf30d1a2d8f4fa"},"potentialAction":[{"@type":"SearchAction","target":{"@type":"EntryPoint","urlTemplate":"https:\/\/avrupapress.com\/?s={search_term_string}"},"query-input":{"@type":"PropertyValueSpecification","valueRequired":true,"valueName":"search_term_string"}}],"inLanguage":"fr-BE"},{"@type":["Person","Organization"],"@id":"https:\/\/avrupapress.com\/#\/schema\/person\/0223dca19c72c43575bf30d1a2d8f4fa","name":"Bilgin \u00d6z\u00e7ift\u00e7i","image":{"@type":"ImageObject","inLanguage":"fr-BE","@id":"https:\/\/avrupapress.com\/#\/schema\/person\/image\/","url":"https:\/\/secure.gravatar.com\/avatar\/0f23b280433a21e1ea7a0adcc46ed0ad16afe3ad8e630fd13d8a017dcbd54ef3?s=96&d=mm&r=g","contentUrl":"https:\/\/secure.gravatar.com\/avatar\/0f23b280433a21e1ea7a0adcc46ed0ad16afe3ad8e630fd13d8a017dcbd54ef3?s=96&d=mm&r=g","caption":"Bilgin \u00d6z\u00e7ift\u00e7i"},"logo":{"@id":"https:\/\/avrupapress.com\/#\/schema\/person\/image\/"},"description":"Ne ben, nede sen... Biz ancak \"biz\" olursak g\u00fc\u00e7l\u00fc olabiliriz"},{"@type":"Person","@id":"https:\/\/avrupapress.com\/#\/schema\/person\/68428444ec60970d1e1b700cf4ca1e8f","name":"Edit\u00f6r","image":{"@type":"ImageObject","inLanguage":"fr-BE","@id":"https:\/\/avrupapress.com\/#\/schema\/person\/image\/","url":"https:\/\/secure.gravatar.com\/avatar\/74996b0977aa5f1559ba9883776652508b229005c0d78fb2597897f0bd651c09?s=96&d=mm&r=g","contentUrl":"https:\/\/secure.gravatar.com\/avatar\/74996b0977aa5f1559ba9883776652508b229005c0d78fb2597897f0bd651c09?s=96&d=mm&r=g","caption":"Edit\u00f6r"},"sameAs":["http:\/\/www.avrupapress.com"],"url":"https:\/\/avrupapress.com\/main\/author\/editor\/"}]}},"_links":{"self":[{"href":"https:\/\/avrupapress.com\/main\/wp-json\/wp\/v2\/posts\/32815","targetHints":{"allow":["GET"]}}],"collection":[{"href":"https:\/\/avrupapress.com\/main\/wp-json\/wp\/v2\/posts"}],"about":[{"href":"https:\/\/avrupapress.com\/main\/wp-json\/wp\/v2\/types\/post"}],"author":[{"embeddable":true,"href":"https:\/\/avrupapress.com\/main\/wp-json\/wp\/v2\/users\/3"}],"replies":[{"embeddable":true,"href":"https:\/\/avrupapress.com\/main\/wp-json\/wp\/v2\/comments?post=32815"}],"version-history":[{"count":1,"href":"https:\/\/avrupapress.com\/main\/wp-json\/wp\/v2\/posts\/32815\/revisions"}],"predecessor-version":[{"id":32819,"href":"https:\/\/avrupapress.com\/main\/wp-json\/wp\/v2\/posts\/32815\/revisions\/32819"}],"wp:featuredmedia":[{"embeddable":true,"href":"https:\/\/avrupapress.com\/main\/wp-json\/wp\/v2\/media\/32816"}],"wp:attachment":[{"href":"https:\/\/avrupapress.com\/main\/wp-json\/wp\/v2\/media?parent=32815"}],"wp:term":[{"taxonomy":"category","embeddable":true,"href":"https:\/\/avrupapress.com\/main\/wp-json\/wp\/v2\/categories?post=32815"},{"taxonomy":"post_tag","embeddable":true,"href":"https:\/\/avrupapress.com\/main\/wp-json\/wp\/v2\/tags?post=32815"}],"curies":[{"name":"wp","href":"https:\/\/api.w.org\/{rel}","templated":true}]}}