{"id":32807,"date":"2026-02-10T18:40:27","date_gmt":"2026-02-10T18:40:27","guid":{"rendered":"https:\/\/avrupapress.com\/main\/?p=32807"},"modified":"2026-02-10T18:40:34","modified_gmt":"2026-02-10T18:40:34","slug":"belcika-2027de-yabanci-suruculerden-yillik-100-125-euro-vinyet-ucreti-alacak-hollanda-sert-tepki-gosterdi","status":"publish","type":"post","link":"https:\/\/avrupapress.com\/main\/2026\/02\/10\/belcika-2027de-yabanci-suruculerden-yillik-100-125-euro-vinyet-ucreti-alacak-hollanda-sert-tepki-gosterdi\/","title":{"rendered":"Bel\u00e7ika 2027\u2019de Yabanc\u0131 S\u00fcr\u00fcc\u00fclerden Y\u0131ll\u0131k 100-125 Euro Vi\u00f1yet \u00dccreti Alacak: Hollanda Sert Tepki G\u00f6sterdi"},"content":{"rendered":"<p>Bel\u00e7ika, 2027 y\u0131l\u0131ndan itibaren yabanc\u0131 plakal\u0131 ara\u00e7lardan y\u0131ll\u0131k 100-125 euro aras\u0131nda bir \u00fccret talep etmeyi planl\u0131yor. Flandra ve Valonya b\u00f6lgeleri aras\u0131nda uzla\u015fmaya var\u0131lan bu karar, kom\u015fu \u00fclke Hollanda\u2019da b\u00fcy\u00fck tepkilere yol a\u00e7t\u0131.<\/p>\n<p><strong>Plan\u0131n Detaylar\u0131<\/strong><\/p>\n<p>Bel\u00e7ika yetkilileri, dijital vi\u00f1yet sistemini 1 Ocak 2027\u2019de uygulamaya koymay\u0131 hedefliyor. Y\u0131ll\u0131k \u00fccretin 100-125 euro aras\u0131nda olmas\u0131 bekleniyor ve Flandra b\u00fct\u00e7esinde 2027 y\u0131l\u0131 i\u00e7in bu sistemden 180 milyon euro gelir \u00f6ng\u00f6r\u00fcl\u00fcyor.<\/p>\n<p>Flandra Ula\u015ft\u0131rma Bakan\u0131 Annick De Ridder, vi\u00f1yet sisteminin yabanc\u0131 s\u00fcr\u00fcc\u00fclerin Flandra yollar\u0131n\u0131n bak\u0131m\u0131na katk\u0131da bulunmas\u0131n\u0131 sa\u011flamak i\u00e7in dijital bir \u00e7\u00f6z\u00fcm olaca\u011f\u0131n\u0131 a\u00e7\u0131klad\u0131. Bakan, Flandra vatanda\u015flar\u0131 i\u00e7in \u00fccretlerin artmayaca\u011f\u0131na s\u00f6z verdi.<\/p>\n<p><strong>Plan\u0131n kapsam\u0131na g\u00f6re:<\/strong><\/p>\n<p>Y\u0131ll\u0131k vi\u00f1yet yan\u0131nda 1 g\u00fcnl\u00fck ve 10 g\u00fcnl\u00fck daha ucuz se\u00e7enekler de sunulacak<\/p>\n<p>Sistem dijital olacak, fiziksel etiket gerekmeyecek<\/p>\n<p>Sadece yabanc\u0131 plakal\u0131 ara\u00e7lar \u00fccrete tabi olacak<\/p>\n<p>Bel\u00e7ika plakal\u0131 ara\u00e7lar i\u00e7in bir kompanzasyon sistemi d\u00fc\u015f\u00fcn\u00fcl\u00fcyor<\/p>\n<p><strong>Hollanda\u2019dan Sert Tepki<\/strong><\/p>\n<p>Hollanda Altyap\u0131 Bakan\u0131 Robert Tieman, y\u0131ll\u0131k 100 euro \u00fccretin \u201colduk\u00e7a y\u00fcksek\u201d oldu\u011funu ifade etti. Bakan, Bel\u00e7ika\u2019n\u0131n altyap\u0131 iyile\u015ftirmelerini finanse etmek istemesine ilkesel olarak kar\u015f\u0131 olmad\u0131klar\u0131n\u0131, ancak \u00fccretlerin ger\u00e7ek yol kullan\u0131m\u0131n\u0131 yans\u0131tmas\u0131 gerekti\u011fini vurgulad\u0131.<\/p>\n<p>2024 y\u0131l\u0131nda Bel\u00e7ika\u2019ya gelen yabanc\u0131 ziyaret\u00e7ilerin y\u00fczde 25\u2019inin Hollanda\u2019dan geldi\u011fi belirtiliyor. Bu durum, Hollandal\u0131 s\u00fcr\u00fcc\u00fclerin \u00fccret sisteminden en \u00e7ok etkilenecek grup olaca\u011f\u0131 anlam\u0131na geliyor.<\/p>\n<p>Hollanda s\u0131n\u0131r b\u00f6lgelerinden de tepkiler geldi. Zeeland eyaleti hareketlilik komiseri Harry van der Maas, \u00f6zellikle s\u0131n\u0131r b\u00f6lgelerindeki i\u015fletmeler i\u00e7in \u00f6nemli olan ki\u015fi ve mal hareketlili\u011fini destekledi\u011fini belirterek, Zeeland\u2019\u0131n bu plan\u0131 engellemek i\u00e7in ne yapabilece\u011fini ara\u015ft\u0131raca\u011f\u0131n\u0131 s\u00f6yledi.<\/p>\n<p>Hollanda\u2019n\u0131n Denk partisi, Bel\u00e7ika plan\u0131 ger\u00e7ekle\u015firse kar\u015f\u0131 \u00f6nlem olarak Bel\u00e7ikal\u0131 s\u00fcr\u00fcc\u00fclerden Hollanda\u2019ya giri\u015f \u00fccreti talep edilmesini \u00f6nerdi.<\/p>\n<p><strong>AB Hukuku ile \u00c7at\u0131\u015fma Riski<\/strong><\/p>\n<p>Bel\u00e7ika\u2019n\u0131n vi\u00f1yet plan\u0131n\u0131n \u00f6n\u00fcndeki en b\u00fcy\u00fck engellerden biri, Avrupa Birli\u011fi hukukuna uygunlu\u011fu konusundaki \u015f\u00fcpheler.<\/p>\n<p>2017 y\u0131l\u0131nda Almanya\u2019n\u0131n benzer bir vi\u00f1yet sistemi kurma giri\u015fimi, Avusturya ve Hollanda\u2019n\u0131n itirazlar\u0131 \u00fczerine Avrupa Adalet Divan\u0131 taraf\u0131ndan durdurulmu\u015ftu. Mahkeme, yabanc\u0131 s\u00fcr\u00fcc\u00fclerin \u00fccret \u00f6derken yerli vatanda\u015flar\u0131n tazmin edildi\u011fi sistemlerin ayr\u0131mc\u0131 oldu\u011funa h\u00fckmetti.<\/p>\n<p>Avrupa Adalet Divan\u0131, Almanya davas\u0131nda yol ge\u00e7i\u015f \u00fccretinin motor ara\u00e7 vergisinden yap\u0131lan indirimle birlikte, dolayl\u0131 olarak milliyete dayal\u0131 ayr\u0131mc\u0131l\u0131k olu\u015fturdu\u011funa karar verdi. Mahkeme ayr\u0131ca, \u00fcye devletlerin yol ge\u00e7i\u015f \u00fccretlerini yabanc\u0131 ta\u015f\u0131y\u0131c\u0131lar aleyhine de\u011fi\u015ftiremeyece\u011fini de teyit etti.<\/p>\n<p>Bel\u00e7ikal\u0131 politikac\u0131lar, Flandra ve Valonya sakinlerinin otoyollar i\u00e7in daha fazla \u00f6dememesini istediklerini, bunun bir t\u00fcr kompanzasyon gerektirece\u011fini belirtti. Ancak b\u00f6yle bir sistemin yasal olarak kurulmas\u0131 olduk\u00e7a karma\u015f\u0131k olacak.<\/p>\n<p><strong>Bel\u00e7ika\u2019n\u0131n Gerek\u00e7eleri<\/strong><\/p>\n<p>Flandra Maliye Bakan\u0131 Ben Weyts, \u201cYollar\u0131m\u0131z\u0131 yo\u011fun bir \u015fekilde kullanan 6,5 milyon yabanc\u0131 hi\u00e7bir katk\u0131da bulunmuyor\u201d a\u00e7\u0131klamas\u0131n\u0131 yapt\u0131. Bakan, vi\u00f1yetin Bel\u00e7ika\u2019n\u0131n yol altyap\u0131s\u0131na \u00f6nemli \u00f6l\u00e7\u00fcde daha fazla yat\u0131r\u0131m yapmas\u0131na olanak sa\u011flayaca\u011f\u0131n\u0131 s\u00f6yledi.<\/p>\n<p>Flandra\u2019da plan\u0131n siyasi deste\u011fi geni\u015f, soldan sa\u011fa uzanan partileri kaps\u0131yor. Muhalefet partisi Anders\u2019ten milletvekili Jasper Pillen, Hollanda\u2019daki tepkiyi anlad\u0131\u011f\u0131n\u0131 ancak teklifi destekledi\u011fini s\u00f6yledi.<\/p>\n<p><strong>Tarihi Arka Plan<\/strong><\/p>\n<p>Bu Bel\u00e7ika\u2019n\u0131n vi\u00f1yet konusundaki ilk giri\u015fimi de\u011fil. 2007 y\u0131l\u0131nda Bel\u00e7ika daha \u00f6nce de vi\u00f1yet getirmeyi ara\u015ft\u0131rm\u0131\u015f, bu durum Hollanda ile s\u00fcrt\u00fc\u015fmelere yol a\u00e7m\u0131\u015ft\u0131. O d\u00f6nemde Hollanda Ba\u015fbakan\u0131 Jan Peter Balkenende, Catshuis\u2019teki g\u00f6r\u00fc\u015fmelerde Bel\u00e7ika Ba\u015fbakan\u0131 Yves Leterme\u2019yi plan\u0131 terk etmeye ikna etmi\u015fti.<\/p>\n<p>Mevcut Durum<\/p>\n<p><strong>\u015eu anda Bel\u00e7ika\u2019da:<\/strong><\/p>\n<p>3,5 ton alt\u0131ndaki binek ara\u00e7lar i\u00e7in yollarda herhangi bir \u00fccret bulunmuyor<\/p>\n<p>3,5 tonun \u00fczerindeki a\u011f\u0131r ticari ara\u00e7lar Viapass sistemi ile kilometre bazl\u0131 \u00fccret \u00f6d\u00fcyor<\/p>\n<p>Anvers yak\u0131nlar\u0131ndaki Liefkenshoek t\u00fcneli i\u00e7in ayr\u0131 bir ge\u00e7i\u015f \u00fccreti var (binek ara\u00e7lar i\u00e7in 7 euro)<\/p>\n<p>Bel\u00e7ika, 2016 y\u0131l\u0131nda a\u011f\u0131r ara\u00e7lar i\u00e7in vi\u00f1yet sistemini kald\u0131rarak elektronik \u00fccretlendirmeye ge\u00e7mi\u015fti.<\/p>\n<p><strong>B\u00f6lgesel Koordinasyon Sorunlar\u0131<\/strong><\/p>\n<p>Bel\u00e7ika\u2019n\u0131n federal yap\u0131s\u0131, plan\u0131n uygulanmas\u0131n\u0131 karma\u015f\u0131k hale getiriyor. Flandra ve Valonya h\u00fck\u00fcmetleri farkl\u0131 yakla\u015f\u0131mlara sahip ve Br\u00fcksel\u2019in tam bir h\u00fck\u00fcmeti olmad\u0131\u011f\u0131 i\u00e7in durum belirsiz.<\/p>\n<p>Valonya\u2019n\u0131n Les Engag\u00e9s partisi lideri Maxime Pr\u00e9vot, \u201c\u00dclkenin g\u00fcneyi her zaman kuzeyin melodisine g\u00f6re dans etmek zorunda de\u011fil\u201d dedi ve gerekirse Valonya\u2019n\u0131n kendi ba\u015f\u0131na vi\u00f1yet uygulayaca\u011f\u0131n\u0131 belirtti.<\/p>\n<p><strong>Gelecek Ad\u0131mlar<\/strong><\/p>\n<p>Bel\u00e7ikal\u0131 yetkililer, nihai plan\u0131n bu bahar tamamlanmas\u0131 gerekti\u011fini s\u00f6yl\u00fcyor. Ancak bir\u00e7ok g\u00f6zlemci, 2027\u2019nin \u201cpolitik olarak yar\u0131n\u201d oldu\u011funu ve bakan\u0131n tamamen sa\u011flam bir plan \u00fcretmeyi ger\u00e7ekten ba\u015far\u0131p ba\u015faramayaca\u011f\u0131n\u0131 sorguluyor.<\/p>\n<p>Hollanda ile g\u00f6r\u00fc\u015fmeler devam ediyor. Hollanda yetkilileri, k\u0131sa s\u00fcreli vi\u00f1yetler, ara s\u0131ra kullan\u0131c\u0131lar i\u00e7in d\u00fc\u015f\u00fck \u00fccretler veya t\u00fcm s\u00fcr\u00fcc\u00fclere e\u015fit uygulanan bir \u00fccret gibi sistemi daha adil hale getirecek de\u011fi\u015fiklikler ar\u0131yor.<\/p>\n<p>Plan ger\u00e7ekle\u015firse, sadece Hollandal\u0131 s\u00fcr\u00fcc\u00fcler i\u00e7in de\u011fil, t\u00fcm Kuzey-Bat\u0131 Avrupa\u2019daki s\u0131n\u0131r \u00f6tesi seyahat i\u00e7in etkileri olacak.<\/p>\n<p><img loading=\"lazy\" decoding=\"async\" class=\"alignnone size-medium wp-image-32808\" src=\"https:\/\/avrupapress.com\/main\/wp-content\/uploads\/2026\/02\/Screenshot_20260209_232941_ChatGPT1-1024x684-1-300x200.jpg\" alt=\"\" width=\"300\" height=\"200\" srcset=\"https:\/\/avrupapress.com\/main\/wp-content\/uploads\/2026\/02\/Screenshot_20260209_232941_ChatGPT1-1024x684-1-300x200.jpg 300w, https:\/\/avrupapress.com\/main\/wp-content\/uploads\/2026\/02\/Screenshot_20260209_232941_ChatGPT1-1024x684-1-768x513.jpg 768w, https:\/\/avrupapress.com\/main\/wp-content\/uploads\/2026\/02\/Screenshot_20260209_232941_ChatGPT1-1024x684-1.jpg 1024w\" sizes=\"auto, (max-width: 300px) 100vw, 300px\" \/><\/p>\n<p>&nbsp;<\/p>\n<p><strong>Sedat Tapan\u00a0 \u00a0 \u00a0 \u00a0\/\u00a0 \u00a0 \u00a0 \u00a0AVRUPAPRESS<\/strong><\/p>\n<p><strong>Bilgin Ozcifci\u00a0 \u00a0 \u00a0\/\u00a0 \u00a0 \u00a0 \u00a0AVRUPAPRESS<\/strong><\/p>\n","protected":false},"excerpt":{"rendered":"<p>Bel\u00e7ika, 2027 y\u0131l\u0131ndan itibaren yabanc\u0131 plakal\u0131 ara\u00e7lardan y\u0131ll\u0131k 100-125 euro aras\u0131nda bir \u00fccret talep etmeyi planl\u0131yor. Flandra ve Valonya b\u00f6lgeleri aras\u0131nda uzla\u015fmaya var\u0131lan bu karar, kom\u015fu \u00fclke Hollanda\u2019da b\u00fcy\u00fck tepkilere yol a\u00e7t\u0131. Plan\u0131n Detaylar\u0131 Bel\u00e7ika yetkilileri, dijital vi\u00f1yet sistemini 1 Ocak 2027\u2019de uygulamaya koymay\u0131 hedefliyor. Y\u0131ll\u0131k \u00fccretin 100-125 euro aras\u0131nda olmas\u0131 bekleniyor ve Flandra b\u00fct\u00e7esinde [&hellip;]<\/p>\n","protected":false},"author":3,"featured_media":32809,"comment_status":"closed","ping_status":"open","sticky":false,"template":"","format":"standard","meta":{"footnotes":""},"categories":[14,16,3,17,18,15,19,2,1],"tags":[],"class_list":["post-32807","post","type-post","status-publish","format-standard","has-post-thumbnail","hentry","category-avrupa","category-belcika","category-dunya","category-ekonomi","category-kultur-sanat","category-spor","category-tanitim","category-turkiye","category-uncategorized"],"yoast_head":"<!-- This site is optimized with the Yoast SEO plugin v26.9 - https:\/\/yoast.com\/product\/yoast-seo-wordpress\/ -->\n<title>Bel\u00e7ika 2027\u2019de Yabanc\u0131 S\u00fcr\u00fcc\u00fclerden Y\u0131ll\u0131k 100-125 Euro Vi\u00f1yet \u00dccreti Alacak: Hollanda Sert Tepki G\u00f6sterdi - AvrupaPress<\/title>\n<meta name=\"robots\" content=\"index, follow, max-snippet:-1, max-image-preview:large, max-video-preview:-1\" \/>\n<link rel=\"canonical\" href=\"https:\/\/avrupapress.com\/main\/2026\/02\/10\/belcika-2027de-yabanci-suruculerden-yillik-100-125-euro-vinyet-ucreti-alacak-hollanda-sert-tepki-gosterdi\/\" \/>\n<meta property=\"og:locale\" content=\"fr_FR\" \/>\n<meta property=\"og:type\" content=\"article\" \/>\n<meta property=\"og:title\" content=\"Bel\u00e7ika 2027\u2019de Yabanc\u0131 S\u00fcr\u00fcc\u00fclerden Y\u0131ll\u0131k 100-125 Euro Vi\u00f1yet \u00dccreti Alacak: Hollanda Sert Tepki G\u00f6sterdi - AvrupaPress\" \/>\n<meta property=\"og:description\" content=\"Bel\u00e7ika, 2027 y\u0131l\u0131ndan itibaren yabanc\u0131 plakal\u0131 ara\u00e7lardan y\u0131ll\u0131k 100-125 euro aras\u0131nda bir \u00fccret talep etmeyi planl\u0131yor. Flandra ve Valonya b\u00f6lgeleri aras\u0131nda uzla\u015fmaya var\u0131lan bu karar, kom\u015fu \u00fclke Hollanda\u2019da b\u00fcy\u00fck tepkilere yol a\u00e7t\u0131. Plan\u0131n Detaylar\u0131 Bel\u00e7ika yetkilileri, dijital vi\u00f1yet sistemini 1 Ocak 2027\u2019de uygulamaya koymay\u0131 hedefliyor. Y\u0131ll\u0131k \u00fccretin 100-125 euro aras\u0131nda olmas\u0131 bekleniyor ve Flandra b\u00fct\u00e7esinde [&hellip;]\" \/>\n<meta property=\"og:url\" content=\"https:\/\/avrupapress.com\/main\/2026\/02\/10\/belcika-2027de-yabanci-suruculerden-yillik-100-125-euro-vinyet-ucreti-alacak-hollanda-sert-tepki-gosterdi\/\" \/>\n<meta property=\"og:site_name\" content=\"AvrupaPress\" \/>\n<meta property=\"article:published_time\" content=\"2026-02-10T18:40:27+00:00\" \/>\n<meta property=\"article:modified_time\" content=\"2026-02-10T18:40:34+00:00\" \/>\n<meta property=\"og:image\" content=\"https:\/\/avrupapress.com\/main\/wp-content\/uploads\/2026\/02\/Screenshot_20260209_232941_ChatGPT1-1024x684-2.jpg\" \/>\n\t<meta property=\"og:image:width\" content=\"1024\" \/>\n\t<meta property=\"og:image:height\" content=\"684\" \/>\n\t<meta property=\"og:image:type\" content=\"image\/jpeg\" \/>\n<meta name=\"author\" content=\"Edit\u00f6r\" \/>\n<meta name=\"twitter:card\" content=\"summary_large_image\" \/>\n<meta name=\"twitter:label1\" content=\"\u00c9crit par\" \/>\n\t<meta name=\"twitter:data1\" content=\"Edit\u00f6r\" \/>\n\t<meta name=\"twitter:label2\" content=\"Dur\u00e9e de lecture est.\" \/>\n\t<meta name=\"twitter:data2\" content=\"4 minutes\" \/>\n<script type=\"application\/ld+json\" class=\"yoast-schema-graph\">{\"@context\":\"https:\/\/schema.org\",\"@graph\":[{\"@type\":\"Article\",\"@id\":\"https:\/\/avrupapress.com\/main\/2026\/02\/10\/belcika-2027de-yabanci-suruculerden-yillik-100-125-euro-vinyet-ucreti-alacak-hollanda-sert-tepki-gosterdi\/#article\",\"isPartOf\":{\"@id\":\"https:\/\/avrupapress.com\/main\/2026\/02\/10\/belcika-2027de-yabanci-suruculerden-yillik-100-125-euro-vinyet-ucreti-alacak-hollanda-sert-tepki-gosterdi\/\"},\"author\":{\"name\":\"Edit\u00f6r\",\"@id\":\"https:\/\/avrupapress.com\/#\/schema\/person\/68428444ec60970d1e1b700cf4ca1e8f\"},\"headline\":\"Bel\u00e7ika 2027\u2019de Yabanc\u0131 S\u00fcr\u00fcc\u00fclerden Y\u0131ll\u0131k 100-125 Euro Vi\u00f1yet \u00dccreti Alacak: Hollanda Sert Tepki G\u00f6sterdi\",\"datePublished\":\"2026-02-10T18:40:27+00:00\",\"dateModified\":\"2026-02-10T18:40:34+00:00\",\"mainEntityOfPage\":{\"@id\":\"https:\/\/avrupapress.com\/main\/2026\/02\/10\/belcika-2027de-yabanci-suruculerden-yillik-100-125-euro-vinyet-ucreti-alacak-hollanda-sert-tepki-gosterdi\/\"},\"wordCount\":1003,\"publisher\":{\"@id\":\"https:\/\/avrupapress.com\/#\/schema\/person\/0223dca19c72c43575bf30d1a2d8f4fa\"},\"image\":{\"@id\":\"https:\/\/avrupapress.com\/main\/2026\/02\/10\/belcika-2027de-yabanci-suruculerden-yillik-100-125-euro-vinyet-ucreti-alacak-hollanda-sert-tepki-gosterdi\/#primaryimage\"},\"thumbnailUrl\":\"https:\/\/avrupapress.com\/main\/wp-content\/uploads\/2026\/02\/Screenshot_20260209_232941_ChatGPT1-1024x684-2.jpg\",\"articleSection\":[\"Avrupa\",\"Bel\u00e7ika\",\"D\u00fcnya\",\"Ekonomi\",\"K\u00fclt\u00fcr-Sanat\",\"Spor\",\"Tan\u0131t\u0131m\",\"T\u00fcrkiye\",\"Uncategorized\"],\"inLanguage\":\"fr-BE\"},{\"@type\":\"WebPage\",\"@id\":\"https:\/\/avrupapress.com\/main\/2026\/02\/10\/belcika-2027de-yabanci-suruculerden-yillik-100-125-euro-vinyet-ucreti-alacak-hollanda-sert-tepki-gosterdi\/\",\"url\":\"https:\/\/avrupapress.com\/main\/2026\/02\/10\/belcika-2027de-yabanci-suruculerden-yillik-100-125-euro-vinyet-ucreti-alacak-hollanda-sert-tepki-gosterdi\/\",\"name\":\"Bel\u00e7ika 2027\u2019de Yabanc\u0131 S\u00fcr\u00fcc\u00fclerden Y\u0131ll\u0131k 100-125 Euro Vi\u00f1yet \u00dccreti Alacak: Hollanda Sert Tepki G\u00f6sterdi - AvrupaPress\",\"isPartOf\":{\"@id\":\"https:\/\/avrupapress.com\/#website\"},\"primaryImageOfPage\":{\"@id\":\"https:\/\/avrupapress.com\/main\/2026\/02\/10\/belcika-2027de-yabanci-suruculerden-yillik-100-125-euro-vinyet-ucreti-alacak-hollanda-sert-tepki-gosterdi\/#primaryimage\"},\"image\":{\"@id\":\"https:\/\/avrupapress.com\/main\/2026\/02\/10\/belcika-2027de-yabanci-suruculerden-yillik-100-125-euro-vinyet-ucreti-alacak-hollanda-sert-tepki-gosterdi\/#primaryimage\"},\"thumbnailUrl\":\"https:\/\/avrupapress.com\/main\/wp-content\/uploads\/2026\/02\/Screenshot_20260209_232941_ChatGPT1-1024x684-2.jpg\",\"datePublished\":\"2026-02-10T18:40:27+00:00\",\"dateModified\":\"2026-02-10T18:40:34+00:00\",\"breadcrumb\":{\"@id\":\"https:\/\/avrupapress.com\/main\/2026\/02\/10\/belcika-2027de-yabanci-suruculerden-yillik-100-125-euro-vinyet-ucreti-alacak-hollanda-sert-tepki-gosterdi\/#breadcrumb\"},\"inLanguage\":\"fr-BE\",\"potentialAction\":[{\"@type\":\"ReadAction\",\"target\":[\"https:\/\/avrupapress.com\/main\/2026\/02\/10\/belcika-2027de-yabanci-suruculerden-yillik-100-125-euro-vinyet-ucreti-alacak-hollanda-sert-tepki-gosterdi\/\"]}]},{\"@type\":\"ImageObject\",\"inLanguage\":\"fr-BE\",\"@id\":\"https:\/\/avrupapress.com\/main\/2026\/02\/10\/belcika-2027de-yabanci-suruculerden-yillik-100-125-euro-vinyet-ucreti-alacak-hollanda-sert-tepki-gosterdi\/#primaryimage\",\"url\":\"https:\/\/avrupapress.com\/main\/wp-content\/uploads\/2026\/02\/Screenshot_20260209_232941_ChatGPT1-1024x684-2.jpg\",\"contentUrl\":\"https:\/\/avrupapress.com\/main\/wp-content\/uploads\/2026\/02\/Screenshot_20260209_232941_ChatGPT1-1024x684-2.jpg\",\"width\":1024,\"height\":684},{\"@type\":\"BreadcrumbList\",\"@id\":\"https:\/\/avrupapress.com\/main\/2026\/02\/10\/belcika-2027de-yabanci-suruculerden-yillik-100-125-euro-vinyet-ucreti-alacak-hollanda-sert-tepki-gosterdi\/#breadcrumb\",\"itemListElement\":[{\"@type\":\"ListItem\",\"position\":1,\"name\":\"Anasayfa\",\"item\":\"https:\/\/avrupapress.com\/\"},{\"@type\":\"ListItem\",\"position\":2,\"name\":\"Bel\u00e7ika 2027\u2019de Yabanc\u0131 S\u00fcr\u00fcc\u00fclerden Y\u0131ll\u0131k 100-125 Euro Vi\u00f1yet \u00dccreti Alacak: Hollanda Sert Tepki G\u00f6sterdi\"}]},{\"@type\":\"WebSite\",\"@id\":\"https:\/\/avrupapress.com\/#website\",\"url\":\"https:\/\/avrupapress.com\/\",\"name\":\"AvrupaPress\",\"description\":\"Haberin Adresi\",\"publisher\":{\"@id\":\"https:\/\/avrupapress.com\/#\/schema\/person\/0223dca19c72c43575bf30d1a2d8f4fa\"},\"potentialAction\":[{\"@type\":\"SearchAction\",\"target\":{\"@type\":\"EntryPoint\",\"urlTemplate\":\"https:\/\/avrupapress.com\/?s={search_term_string}\"},\"query-input\":{\"@type\":\"PropertyValueSpecification\",\"valueRequired\":true,\"valueName\":\"search_term_string\"}}],\"inLanguage\":\"fr-BE\"},{\"@type\":[\"Person\",\"Organization\"],\"@id\":\"https:\/\/avrupapress.com\/#\/schema\/person\/0223dca19c72c43575bf30d1a2d8f4fa\",\"name\":\"Bilgin \u00d6z\u00e7ift\u00e7i\",\"image\":{\"@type\":\"ImageObject\",\"inLanguage\":\"fr-BE\",\"@id\":\"https:\/\/avrupapress.com\/#\/schema\/person\/image\/\",\"url\":\"https:\/\/secure.gravatar.com\/avatar\/0f23b280433a21e1ea7a0adcc46ed0ad16afe3ad8e630fd13d8a017dcbd54ef3?s=96&d=mm&r=g\",\"contentUrl\":\"https:\/\/secure.gravatar.com\/avatar\/0f23b280433a21e1ea7a0adcc46ed0ad16afe3ad8e630fd13d8a017dcbd54ef3?s=96&d=mm&r=g\",\"caption\":\"Bilgin \u00d6z\u00e7ift\u00e7i\"},\"logo\":{\"@id\":\"https:\/\/avrupapress.com\/#\/schema\/person\/image\/\"},\"description\":\"Ne ben, nede sen... Biz ancak \\\"biz\\\" olursak g\u00fc\u00e7l\u00fc olabiliriz\"},{\"@type\":\"Person\",\"@id\":\"https:\/\/avrupapress.com\/#\/schema\/person\/68428444ec60970d1e1b700cf4ca1e8f\",\"name\":\"Edit\u00f6r\",\"image\":{\"@type\":\"ImageObject\",\"inLanguage\":\"fr-BE\",\"@id\":\"https:\/\/avrupapress.com\/#\/schema\/person\/image\/\",\"url\":\"https:\/\/secure.gravatar.com\/avatar\/74996b0977aa5f1559ba9883776652508b229005c0d78fb2597897f0bd651c09?s=96&d=mm&r=g\",\"contentUrl\":\"https:\/\/secure.gravatar.com\/avatar\/74996b0977aa5f1559ba9883776652508b229005c0d78fb2597897f0bd651c09?s=96&d=mm&r=g\",\"caption\":\"Edit\u00f6r\"},\"sameAs\":[\"http:\/\/www.avrupapress.com\"],\"url\":\"https:\/\/avrupapress.com\/main\/author\/editor\/\"}]}<\/script>\n<!-- \/ Yoast SEO plugin. -->","yoast_head_json":{"title":"Bel\u00e7ika 2027\u2019de Yabanc\u0131 S\u00fcr\u00fcc\u00fclerden Y\u0131ll\u0131k 100-125 Euro Vi\u00f1yet \u00dccreti Alacak: Hollanda Sert Tepki G\u00f6sterdi - AvrupaPress","robots":{"index":"index","follow":"follow","max-snippet":"max-snippet:-1","max-image-preview":"max-image-preview:large","max-video-preview":"max-video-preview:-1"},"canonical":"https:\/\/avrupapress.com\/main\/2026\/02\/10\/belcika-2027de-yabanci-suruculerden-yillik-100-125-euro-vinyet-ucreti-alacak-hollanda-sert-tepki-gosterdi\/","og_locale":"fr_FR","og_type":"article","og_title":"Bel\u00e7ika 2027\u2019de Yabanc\u0131 S\u00fcr\u00fcc\u00fclerden Y\u0131ll\u0131k 100-125 Euro Vi\u00f1yet \u00dccreti Alacak: Hollanda Sert Tepki G\u00f6sterdi - AvrupaPress","og_description":"Bel\u00e7ika, 2027 y\u0131l\u0131ndan itibaren yabanc\u0131 plakal\u0131 ara\u00e7lardan y\u0131ll\u0131k 100-125 euro aras\u0131nda bir \u00fccret talep etmeyi planl\u0131yor. Flandra ve Valonya b\u00f6lgeleri aras\u0131nda uzla\u015fmaya var\u0131lan bu karar, kom\u015fu \u00fclke Hollanda\u2019da b\u00fcy\u00fck tepkilere yol a\u00e7t\u0131. Plan\u0131n Detaylar\u0131 Bel\u00e7ika yetkilileri, dijital vi\u00f1yet sistemini 1 Ocak 2027\u2019de uygulamaya koymay\u0131 hedefliyor. Y\u0131ll\u0131k \u00fccretin 100-125 euro aras\u0131nda olmas\u0131 bekleniyor ve Flandra b\u00fct\u00e7esinde [&hellip;]","og_url":"https:\/\/avrupapress.com\/main\/2026\/02\/10\/belcika-2027de-yabanci-suruculerden-yillik-100-125-euro-vinyet-ucreti-alacak-hollanda-sert-tepki-gosterdi\/","og_site_name":"AvrupaPress","article_published_time":"2026-02-10T18:40:27+00:00","article_modified_time":"2026-02-10T18:40:34+00:00","og_image":[{"width":1024,"height":684,"url":"https:\/\/avrupapress.com\/main\/wp-content\/uploads\/2026\/02\/Screenshot_20260209_232941_ChatGPT1-1024x684-2.jpg","type":"image\/jpeg"}],"author":"Edit\u00f6r","twitter_card":"summary_large_image","twitter_misc":{"\u00c9crit par":"Edit\u00f6r","Dur\u00e9e de lecture est.":"4 minutes"},"schema":{"@context":"https:\/\/schema.org","@graph":[{"@type":"Article","@id":"https:\/\/avrupapress.com\/main\/2026\/02\/10\/belcika-2027de-yabanci-suruculerden-yillik-100-125-euro-vinyet-ucreti-alacak-hollanda-sert-tepki-gosterdi\/#article","isPartOf":{"@id":"https:\/\/avrupapress.com\/main\/2026\/02\/10\/belcika-2027de-yabanci-suruculerden-yillik-100-125-euro-vinyet-ucreti-alacak-hollanda-sert-tepki-gosterdi\/"},"author":{"name":"Edit\u00f6r","@id":"https:\/\/avrupapress.com\/#\/schema\/person\/68428444ec60970d1e1b700cf4ca1e8f"},"headline":"Bel\u00e7ika 2027\u2019de Yabanc\u0131 S\u00fcr\u00fcc\u00fclerden Y\u0131ll\u0131k 100-125 Euro Vi\u00f1yet \u00dccreti Alacak: Hollanda Sert Tepki G\u00f6sterdi","datePublished":"2026-02-10T18:40:27+00:00","dateModified":"2026-02-10T18:40:34+00:00","mainEntityOfPage":{"@id":"https:\/\/avrupapress.com\/main\/2026\/02\/10\/belcika-2027de-yabanci-suruculerden-yillik-100-125-euro-vinyet-ucreti-alacak-hollanda-sert-tepki-gosterdi\/"},"wordCount":1003,"publisher":{"@id":"https:\/\/avrupapress.com\/#\/schema\/person\/0223dca19c72c43575bf30d1a2d8f4fa"},"image":{"@id":"https:\/\/avrupapress.com\/main\/2026\/02\/10\/belcika-2027de-yabanci-suruculerden-yillik-100-125-euro-vinyet-ucreti-alacak-hollanda-sert-tepki-gosterdi\/#primaryimage"},"thumbnailUrl":"https:\/\/avrupapress.com\/main\/wp-content\/uploads\/2026\/02\/Screenshot_20260209_232941_ChatGPT1-1024x684-2.jpg","articleSection":["Avrupa","Bel\u00e7ika","D\u00fcnya","Ekonomi","K\u00fclt\u00fcr-Sanat","Spor","Tan\u0131t\u0131m","T\u00fcrkiye","Uncategorized"],"inLanguage":"fr-BE"},{"@type":"WebPage","@id":"https:\/\/avrupapress.com\/main\/2026\/02\/10\/belcika-2027de-yabanci-suruculerden-yillik-100-125-euro-vinyet-ucreti-alacak-hollanda-sert-tepki-gosterdi\/","url":"https:\/\/avrupapress.com\/main\/2026\/02\/10\/belcika-2027de-yabanci-suruculerden-yillik-100-125-euro-vinyet-ucreti-alacak-hollanda-sert-tepki-gosterdi\/","name":"Bel\u00e7ika 2027\u2019de Yabanc\u0131 S\u00fcr\u00fcc\u00fclerden Y\u0131ll\u0131k 100-125 Euro Vi\u00f1yet \u00dccreti Alacak: Hollanda Sert Tepki G\u00f6sterdi - AvrupaPress","isPartOf":{"@id":"https:\/\/avrupapress.com\/#website"},"primaryImageOfPage":{"@id":"https:\/\/avrupapress.com\/main\/2026\/02\/10\/belcika-2027de-yabanci-suruculerden-yillik-100-125-euro-vinyet-ucreti-alacak-hollanda-sert-tepki-gosterdi\/#primaryimage"},"image":{"@id":"https:\/\/avrupapress.com\/main\/2026\/02\/10\/belcika-2027de-yabanci-suruculerden-yillik-100-125-euro-vinyet-ucreti-alacak-hollanda-sert-tepki-gosterdi\/#primaryimage"},"thumbnailUrl":"https:\/\/avrupapress.com\/main\/wp-content\/uploads\/2026\/02\/Screenshot_20260209_232941_ChatGPT1-1024x684-2.jpg","datePublished":"2026-02-10T18:40:27+00:00","dateModified":"2026-02-10T18:40:34+00:00","breadcrumb":{"@id":"https:\/\/avrupapress.com\/main\/2026\/02\/10\/belcika-2027de-yabanci-suruculerden-yillik-100-125-euro-vinyet-ucreti-alacak-hollanda-sert-tepki-gosterdi\/#breadcrumb"},"inLanguage":"fr-BE","potentialAction":[{"@type":"ReadAction","target":["https:\/\/avrupapress.com\/main\/2026\/02\/10\/belcika-2027de-yabanci-suruculerden-yillik-100-125-euro-vinyet-ucreti-alacak-hollanda-sert-tepki-gosterdi\/"]}]},{"@type":"ImageObject","inLanguage":"fr-BE","@id":"https:\/\/avrupapress.com\/main\/2026\/02\/10\/belcika-2027de-yabanci-suruculerden-yillik-100-125-euro-vinyet-ucreti-alacak-hollanda-sert-tepki-gosterdi\/#primaryimage","url":"https:\/\/avrupapress.com\/main\/wp-content\/uploads\/2026\/02\/Screenshot_20260209_232941_ChatGPT1-1024x684-2.jpg","contentUrl":"https:\/\/avrupapress.com\/main\/wp-content\/uploads\/2026\/02\/Screenshot_20260209_232941_ChatGPT1-1024x684-2.jpg","width":1024,"height":684},{"@type":"BreadcrumbList","@id":"https:\/\/avrupapress.com\/main\/2026\/02\/10\/belcika-2027de-yabanci-suruculerden-yillik-100-125-euro-vinyet-ucreti-alacak-hollanda-sert-tepki-gosterdi\/#breadcrumb","itemListElement":[{"@type":"ListItem","position":1,"name":"Anasayfa","item":"https:\/\/avrupapress.com\/"},{"@type":"ListItem","position":2,"name":"Bel\u00e7ika 2027\u2019de Yabanc\u0131 S\u00fcr\u00fcc\u00fclerden Y\u0131ll\u0131k 100-125 Euro Vi\u00f1yet \u00dccreti Alacak: Hollanda Sert Tepki G\u00f6sterdi"}]},{"@type":"WebSite","@id":"https:\/\/avrupapress.com\/#website","url":"https:\/\/avrupapress.com\/","name":"AvrupaPress","description":"Haberin Adresi","publisher":{"@id":"https:\/\/avrupapress.com\/#\/schema\/person\/0223dca19c72c43575bf30d1a2d8f4fa"},"potentialAction":[{"@type":"SearchAction","target":{"@type":"EntryPoint","urlTemplate":"https:\/\/avrupapress.com\/?s={search_term_string}"},"query-input":{"@type":"PropertyValueSpecification","valueRequired":true,"valueName":"search_term_string"}}],"inLanguage":"fr-BE"},{"@type":["Person","Organization"],"@id":"https:\/\/avrupapress.com\/#\/schema\/person\/0223dca19c72c43575bf30d1a2d8f4fa","name":"Bilgin \u00d6z\u00e7ift\u00e7i","image":{"@type":"ImageObject","inLanguage":"fr-BE","@id":"https:\/\/avrupapress.com\/#\/schema\/person\/image\/","url":"https:\/\/secure.gravatar.com\/avatar\/0f23b280433a21e1ea7a0adcc46ed0ad16afe3ad8e630fd13d8a017dcbd54ef3?s=96&d=mm&r=g","contentUrl":"https:\/\/secure.gravatar.com\/avatar\/0f23b280433a21e1ea7a0adcc46ed0ad16afe3ad8e630fd13d8a017dcbd54ef3?s=96&d=mm&r=g","caption":"Bilgin \u00d6z\u00e7ift\u00e7i"},"logo":{"@id":"https:\/\/avrupapress.com\/#\/schema\/person\/image\/"},"description":"Ne ben, nede sen... Biz ancak \"biz\" olursak g\u00fc\u00e7l\u00fc olabiliriz"},{"@type":"Person","@id":"https:\/\/avrupapress.com\/#\/schema\/person\/68428444ec60970d1e1b700cf4ca1e8f","name":"Edit\u00f6r","image":{"@type":"ImageObject","inLanguage":"fr-BE","@id":"https:\/\/avrupapress.com\/#\/schema\/person\/image\/","url":"https:\/\/secure.gravatar.com\/avatar\/74996b0977aa5f1559ba9883776652508b229005c0d78fb2597897f0bd651c09?s=96&d=mm&r=g","contentUrl":"https:\/\/secure.gravatar.com\/avatar\/74996b0977aa5f1559ba9883776652508b229005c0d78fb2597897f0bd651c09?s=96&d=mm&r=g","caption":"Edit\u00f6r"},"sameAs":["http:\/\/www.avrupapress.com"],"url":"https:\/\/avrupapress.com\/main\/author\/editor\/"}]}},"_links":{"self":[{"href":"https:\/\/avrupapress.com\/main\/wp-json\/wp\/v2\/posts\/32807","targetHints":{"allow":["GET"]}}],"collection":[{"href":"https:\/\/avrupapress.com\/main\/wp-json\/wp\/v2\/posts"}],"about":[{"href":"https:\/\/avrupapress.com\/main\/wp-json\/wp\/v2\/types\/post"}],"author":[{"embeddable":true,"href":"https:\/\/avrupapress.com\/main\/wp-json\/wp\/v2\/users\/3"}],"replies":[{"embeddable":true,"href":"https:\/\/avrupapress.com\/main\/wp-json\/wp\/v2\/comments?post=32807"}],"version-history":[{"count":1,"href":"https:\/\/avrupapress.com\/main\/wp-json\/wp\/v2\/posts\/32807\/revisions"}],"predecessor-version":[{"id":32810,"href":"https:\/\/avrupapress.com\/main\/wp-json\/wp\/v2\/posts\/32807\/revisions\/32810"}],"wp:featuredmedia":[{"embeddable":true,"href":"https:\/\/avrupapress.com\/main\/wp-json\/wp\/v2\/media\/32809"}],"wp:attachment":[{"href":"https:\/\/avrupapress.com\/main\/wp-json\/wp\/v2\/media?parent=32807"}],"wp:term":[{"taxonomy":"category","embeddable":true,"href":"https:\/\/avrupapress.com\/main\/wp-json\/wp\/v2\/categories?post=32807"},{"taxonomy":"post_tag","embeddable":true,"href":"https:\/\/avrupapress.com\/main\/wp-json\/wp\/v2\/tags?post=32807"}],"curies":[{"name":"wp","href":"https:\/\/api.w.org\/{rel}","templated":true}]}}