{"id":32801,"date":"2026-02-10T17:34:28","date_gmt":"2026-02-10T17:34:28","guid":{"rendered":"https:\/\/avrupapress.com\/main\/?p=32801"},"modified":"2026-02-10T17:34:28","modified_gmt":"2026-02-10T17:34:28","slug":"brukselde-yedi-partili-konklav-demokratik-mesruiyet-mi-siyasal-kirilma-mi","status":"publish","type":"post","link":"https:\/\/avrupapress.com\/main\/2026\/02\/10\/brukselde-yedi-partili-konklav-demokratik-mesruiyet-mi-siyasal-kirilma-mi\/","title":{"rendered":"Br\u00fcksel\u2019de Yedi Partili Konklav: Demokratik Me\u015fruiyet mi, Siyasal K\u0131r\u0131lma m\u0131"},"content":{"rendered":"<div dir=\"auto\" data-olk-copy-source=\"MessageBody\">\u201cBr\u00fcksel\u2019de Yedi Partili Konklav: Demokratik Me\u015fruiyet mi, Siyasal K\u0131r\u0131lma m\u0131?\u201d<\/div>\n<div dir=\"auto\"><\/div>\n<div dir=\"auto\">Br\u00fcksel\u2019de Yedi Partili Konklav, TFA D\u0131\u015far\u0131da: Kurumsal Me\u015fruiyet, Demokratik K\u0131r\u0131lma<\/div>\n<div dir=\"auto\">Kadir Duran | Bruxelles Korner<\/div>\n<div dir=\"auto\"><\/div>\n<div dir=\"auto\"><\/div>\n<div dir=\"auto\"><\/div>\n<div dir=\"auto\">600 g\u00fcnl\u00fck kilitlenmenin ard\u0131ndan TFA\u2019n\u0131n d\u0131\u015flanmas\u0131<\/div>\n<div dir=\"auto\">600 g\u00fcn\u00fc a\u015fk\u0131n siyasi t\u0131kan\u0131kl\u0131\u011f\u0131n ard\u0131ndan, Br\u00fcksel B\u00f6lgesi\u2019nde bir h\u00fck\u00fcmet kurmak amac\u0131yla yedi partinin bir araya getirilece\u011fi konklav duyurusu, kurumsal bir \u201c\u015fok terapisi\u201d olarak sunuluyor. Georges-Louis Bouchez\u2019nin giri\u015fimiyle masaya Frankofon kanatta MR, PS ve Les Engag\u00e9s; Flamanca kanatta ise Groen, Vooruit, CD&amp;V ve Anders davet edildi.<\/div>\n<div dir=\"auto\"><\/div>\n<div dir=\"auto\">Ancak dikkat \u00e7eken bir b\u00fcy\u00fck eksik var: Team Fouad Ahidar (TFA). Oysa TFA, sand\u0131ktan \u00e7\u0131kan sonu\u00e7lara g\u00f6re Flamanca kanad\u0131n ikinci b\u00fcy\u00fck g\u00fcc\u00fc konumunda.<\/div>\n<div dir=\"auto\"><\/div>\n<div dir=\"auto\">Bu ayr\u0131nt\u0131 tali de\u011fil; Br\u00fcksel demokrasisinin \u00f6z\u00fcne temas ediyor: Anlaml\u0131 bir se\u00e7men e\u011filimini temsil etmeden bir h\u00fck\u00fcmet hukuken kurulabilir mi? Ve daha \u00f6nemlisi, bunun siyasal bedeli nedir?<\/div>\n<div dir=\"auto\"><\/div>\n<div dir=\"auto\">Belirleyici Rakamlar<\/div>\n<div dir=\"auto\">Br\u00fcksel Parlamentosu 89 sandalyeden olu\u015fuyor:<\/div>\n<div dir=\"auto\"><\/div>\n<div dir=\"auto\">72 Frankofon sandalye (\u00e7o\u011funluk: 37)<\/div>\n<div dir=\"auto\"><\/div>\n<div dir=\"auto\">17 Flamanca sandalye (\u00e7o\u011funluk: 9)<\/div>\n<div dir=\"auto\"><\/div>\n<div dir=\"auto\">TFA, Flamanca kanatta 3 sandalye kazand\u0131 ve potansiyel bir kilit akt\u00f6r haline geldi. Onu konklav\u0131n d\u0131\u015f\u0131nda b\u0131rakmak, bu se\u00e7men dinami\u011fini yans\u0131tmadan bir \u00e7o\u011funlu\u011fun kurulabilece\u011fini varsaymak anlam\u0131na geliyor.<\/div>\n<div dir=\"auto\"><\/div>\n<div dir=\"auto\">Yedi Partili Konklav: H\u0131zland\u0131r\u0131c\u0131 m\u0131, Sahneye Konmu\u015f Bir \u0130ni\u015f mi?<\/div>\n<div dir=\"auto\">Bouchez\u2019nin MR, PS, Les Engag\u00e9s, Groen, Vooruit, CD&amp;V ve Anders\u2019i ayn\u0131 masaya \u00e7a\u011f\u0131rmas\u0131, uzayan fel\u00e7 halinin ve kurumsal yorgunlu\u011fun ard\u0131ndan geldi. As\u0131l soru, bu hamlenin g\u00f6steri\u015fli olup olmad\u0131\u011f\u0131 de\u011fil; s\u0131ral\u0131 ve mant\u0131kl\u0131 olup olmad\u0131\u011f\u0131d\u0131r.<\/div>\n<div dir=\"auto\"><\/div>\n<div dir=\"auto\">Bu noktada CRISP\u2019in me\u015fhur ifadesi yerli yerine oturuyor: \u201cAt\u0131n \u00f6n\u00fcne araba koymak.\u201d Konklavlar, parametreler kilitlendi\u011finde\u2014net bir \u00e7o\u011funluk ve ana hatlar\u0131 \u00e7izilmi\u015f bir uzla\u015f\u0131 mimarisi varken\u2014son viraj\u0131 almak i\u00e7in i\u015fe yarar.<\/div>\n<div dir=\"auto\"><\/div>\n<div dir=\"auto\">\u201cAt\u0131n \u00d6n\u00fcne Araba Koymak\u201d Neden Sadece Bir Deyim De\u011fil?<\/div>\n<div dir=\"auto\">Bir konklav koalisyon icat etmez; onu nihayete erdirir. Oysa bug\u00fcn h\u00e2l\u00e2 \u00e7\u00f6z\u00fclmemi\u015f temel ba\u015fl\u0131klar var:<\/div>\n<div dir=\"auto\"><\/div>\n<div dir=\"auto\">\u00e7o\u011funluk meselesi (yaln\u0131zca metin de\u011fil),<\/div>\n<div dir=\"auto\"><\/div>\n<div dir=\"auto\">topluluk dengesi (tam me\u015fru bir Flamanca \u00e7o\u011funluk),<\/div>\n<div dir=\"auto\"><\/div>\n<div dir=\"auto\">b\u00fct\u00e7e s\u00fcrd\u00fcr\u00fclebilirli\u011fi,<\/div>\n<div dir=\"auto\"><\/div>\n<div dir=\"auto\">kamu d\u00fczeni ve g\u00fcvenlik (istasyonlar ve \u00e7evresi) gibi inand\u0131r\u0131c\u0131l\u0131k testleri.<\/div>\n<div dir=\"auto\"><\/div>\n<div dir=\"auto\">K\u0131sacas\u0131: pist yoksa, pilotlar\u0131 kokpite kilitlemek u\u00e7a\u011f\u0131 u\u00e7urmaz.<\/div>\n<div dir=\"auto\"><\/div>\n<div dir=\"auto\">S\u00f6ylenmeyen Risk: N-VA\u2019n\u0131n Yoklu\u011fu<\/div>\n<div dir=\"auto\">N-VA cephesinde ele\u015ftiri \u015fimdiden \u015fekillenmi\u015f durumda: \u201cMasaya kimin oturaca\u011f\u0131na PS karar veriyor.\u201d Bu, reformdan ziyade Vivaldi tarz\u0131 bir s\u00fcreklilik riskine i\u015faret ediyor.<\/div>\n<div dir=\"auto\"><\/div>\n<div dir=\"auto\">Bunun iki somut sonucu var:<\/div>\n<div dir=\"auto\"><\/div>\n<div dir=\"auto\">Flamanca me\u015fruiyet: Say\u0131lar tutsa bile \u201cFlaman se\u00e7imi baypas edildi\u201d arg\u00fcman\u0131, her hassas dosyada bir zaman bombas\u0131na d\u00f6n\u00fc\u015febilir.<\/div>\n<div dir=\"auto\"><\/div>\n<div dir=\"auto\">B\u00fct\u00e7e anlat\u0131s\u0131: Krizi y\u00f6netmeye d\u00f6n\u00fck bir yama gibi alg\u0131lanan bir anla\u015fmada \u201c2029\u2019a kadar denge\u201d vaadi, mekanizma de\u011fil mesaj olarak kalabilir.<\/div>\n<div dir=\"auto\"><\/div>\n<div dir=\"auto\">Peki TFA\u2019n\u0131n D\u0131\u015far\u0131da Kalmas\u0131?<\/div>\n<div dir=\"auto\">Usul Demokrasisi mi, Temsil Demokrasisi mi?<\/div>\n<div dir=\"auto\"><\/div>\n<div dir=\"auto\">Hukuken, her partiyi m\u00fczakereye davet etme zorunlulu\u011fu yoktur. Usul demokrasisi nihai oylamada \u00f6l\u00e7\u00fcl\u00fcr: \u00e7o\u011funluk, kabul edilen metinler\u2014dosya kapan\u0131r.<\/div>\n<div dir=\"auto\"><\/div>\n<div dir=\"auto\">Siyasal a\u00e7\u0131dan ise TFA\u2019n\u0131n d\u0131\u015flanmas\u0131 sorunludur. Br\u00fcksel\u2019de s\u0131k\u00e7a hissedilen \u015fu duyguyu besler: \u201cSand\u0131kta say\u0131l\u0131yoruz, mutfakta daha az.\u201d Bu da, topluluk, sosyal ve kimlik fay hatlar\u0131yla zaten gerilimli bir b\u00f6lgede y\u00fcr\u00fctmenin toplumsal me\u015fruiyetini zamanla a\u015f\u0131nd\u0131r\u0131r.<\/div>\n<div dir=\"auto\"><\/div>\n<div dir=\"auto\">\u0130deolojik De\u011fil, Y\u00f6neti\u015fimsel Bir Kordon<\/div>\n<div dir=\"auto\">Bu hamleyi \u201ca\u015f\u0131r\u0131 sa\u011fa kay\u0131\u015f\u201d diye etiketlemek indirgemeci olur. Ortaya \u00e7\u0131kan \u015fey, y\u00f6neti\u015fimsel bir kordondur: TFA\u2019y\u0131 baypas edebilen aritmetik bir \u00e7o\u011funluk m\u00fcmk\u00fcnken, \u201calev al\u0131c\u0131\u201d ba\u015fl\u0131klardan (devletin tarafs\u0131zl\u0131\u011f\u0131, sembolik de\u011ferler) ka\u00e7\u0131nmak.<\/div>\n<div dir=\"auto\"><\/div>\n<div dir=\"auto\">Bu tercih ideolojik de\u011fil stratejiktir. Bedeli a\u00e7\u0131kt\u0131r: y\u00fckselen bir akt\u00f6r\u00fc, entegre\u2014zorlay\u0131c\u0131 da olsa\u2014bir ortak yerine biriken bir \u00f6fke g\u00fcc\u00fcne d\u00f6n\u00fc\u015ft\u00fcrmek.<\/div>\n<div dir=\"auto\"><\/div>\n<div dir=\"auto\">Konklav Paradoksu<\/div>\n<div dir=\"auto\">Konklav, bir ini\u015f y\u00f6ntemidir; kalk\u0131\u015f motoru de\u011fildir. Tarihsel olarak, zaten \u00e7izilmi\u015f bir anla\u015fmay\u0131 kilitlemek i\u00e7in kullan\u0131l\u0131r. Burada ise \u00e7o\u011funluk siyasal olarak k\u0131r\u0131lgan, anlat\u0131 olarak tart\u0131\u015fmal\u0131d\u0131r.<\/div>\n<div dir=\"auto\"><\/div>\n<div dir=\"auto\">Masa ne kadar geni\u015flerse (yedi parti), uzla\u015f\u0131 o kadar en d\u00fc\u015f\u00fck ortak paydaya \u00e7ekilir: genel ilkeler, 2029\u2019a kadar denge vaatleri, g\u00fcvenlikte uzla\u015f\u0131 ba\u015fl\u0131klar\u0131. Felci bitirmek i\u00e7in faydal\u0131; y\u00f6neti\u015fimi yeniden in\u015fa etmek i\u00e7in yetersiz.<\/div>\n<div dir=\"auto\"><\/div>\n<div dir=\"auto\">Sonu\u00e7<\/div>\n<div dir=\"auto\">Evet, dar kurumsal anlamda demokratiktir.<\/div>\n<div dir=\"auto\">Hay\u0131r, Br\u00fcksel\u2019de temsil demokrasisi a\u00e7\u0131s\u0131ndan sa\u011fl\u0131kl\u0131 de\u011fildir.<\/div>\n<div dir=\"auto\"><\/div>\n<div dir=\"auto\">Temel risk: ger\u00e7ek bir se\u00e7im s\u0131\u00e7ramas\u0131n\u0131 entegre etmeden y\u00f6netmek, ilk b\u00fct\u00e7e ya da g\u00fcvenlik \u015fokunda \u00e7atlamaya haz\u0131r bir me\u015fruiyet gerilimini kabullenmek demektir.<\/div>\n<div dir=\"auto\"><\/div>\n<div dir=\"auto\">Br\u00fcksel\u2019de bir h\u00fck\u00fcmet, bir e\u011filime kar\u015f\u0131 kurulabilir.<\/div>\n<div dir=\"auto\">Ama kal\u0131c\u0131 y\u00f6neti\u015fim, toplumla birlikte in\u015fa edilir.<\/div>\n<div dir=\"auto\">Ve tam da bu nokta h\u00e2l\u00e2 \u00e7\u00f6z\u00fcms\u00fczd\u00fcr.<\/div>\n","protected":false},"excerpt":{"rendered":"<p>\u201cBr\u00fcksel\u2019de Yedi Partili Konklav: Demokratik Me\u015fruiyet mi, Siyasal K\u0131r\u0131lma m\u0131?\u201d Br\u00fcksel\u2019de Yedi Partili Konklav, TFA D\u0131\u015far\u0131da: Kurumsal Me\u015fruiyet, Demokratik K\u0131r\u0131lma Kadir Duran | Bruxelles Korner 600 g\u00fcnl\u00fck kilitlenmenin ard\u0131ndan TFA\u2019n\u0131n d\u0131\u015flanmas\u0131 600 g\u00fcn\u00fc a\u015fk\u0131n siyasi t\u0131kan\u0131kl\u0131\u011f\u0131n ard\u0131ndan, Br\u00fcksel B\u00f6lgesi\u2019nde bir h\u00fck\u00fcmet kurmak amac\u0131yla yedi partinin bir araya getirilece\u011fi konklav duyurusu, kurumsal bir \u201c\u015fok terapisi\u201d olarak [&hellip;]<\/p>\n","protected":false},"author":3,"featured_media":32802,"comment_status":"closed","ping_status":"open","sticky":false,"template":"","format":"standard","meta":{"footnotes":""},"categories":[14,16,3,17,18,15,19,2,1],"tags":[],"class_list":["post-32801","post","type-post","status-publish","format-standard","has-post-thumbnail","hentry","category-avrupa","category-belcika","category-dunya","category-ekonomi","category-kultur-sanat","category-spor","category-tanitim","category-turkiye","category-uncategorized"],"yoast_head":"<!-- This site is optimized with the Yoast SEO plugin v26.9 - https:\/\/yoast.com\/product\/yoast-seo-wordpress\/ -->\n<title>Br\u00fcksel\u2019de Yedi Partili Konklav: Demokratik Me\u015fruiyet mi, Siyasal K\u0131r\u0131lma m\u0131 - AvrupaPress<\/title>\n<meta name=\"robots\" content=\"index, follow, max-snippet:-1, max-image-preview:large, max-video-preview:-1\" \/>\n<link rel=\"canonical\" href=\"https:\/\/avrupapress.com\/main\/2026\/02\/10\/brukselde-yedi-partili-konklav-demokratik-mesruiyet-mi-siyasal-kirilma-mi\/\" \/>\n<meta property=\"og:locale\" content=\"fr_FR\" \/>\n<meta property=\"og:type\" content=\"article\" \/>\n<meta property=\"og:title\" content=\"Br\u00fcksel\u2019de Yedi Partili Konklav: Demokratik Me\u015fruiyet mi, Siyasal K\u0131r\u0131lma m\u0131 - AvrupaPress\" \/>\n<meta property=\"og:description\" content=\"\u201cBr\u00fcksel\u2019de Yedi Partili Konklav: Demokratik Me\u015fruiyet mi, Siyasal K\u0131r\u0131lma m\u0131?\u201d Br\u00fcksel\u2019de Yedi Partili Konklav, TFA D\u0131\u015far\u0131da: Kurumsal Me\u015fruiyet, Demokratik K\u0131r\u0131lma Kadir Duran | Bruxelles Korner 600 g\u00fcnl\u00fck kilitlenmenin ard\u0131ndan TFA\u2019n\u0131n d\u0131\u015flanmas\u0131 600 g\u00fcn\u00fc a\u015fk\u0131n siyasi t\u0131kan\u0131kl\u0131\u011f\u0131n ard\u0131ndan, Br\u00fcksel B\u00f6lgesi\u2019nde bir h\u00fck\u00fcmet kurmak amac\u0131yla yedi partinin bir araya getirilece\u011fi konklav duyurusu, kurumsal bir \u201c\u015fok terapisi\u201d olarak [&hellip;]\" \/>\n<meta property=\"og:url\" content=\"https:\/\/avrupapress.com\/main\/2026\/02\/10\/brukselde-yedi-partili-konklav-demokratik-mesruiyet-mi-siyasal-kirilma-mi\/\" \/>\n<meta property=\"og:site_name\" content=\"AvrupaPress\" \/>\n<meta property=\"article:published_time\" content=\"2026-02-10T17:34:28+00:00\" \/>\n<meta property=\"og:image\" content=\"https:\/\/avrupapress.com\/main\/wp-content\/uploads\/2026\/02\/c0dd9e22-b07a-470b-9639-f0c23f55589e-e1770744859942.jpg\" \/>\n\t<meta property=\"og:image:width\" content=\"927\" \/>\n\t<meta property=\"og:image:height\" content=\"488\" \/>\n\t<meta property=\"og:image:type\" content=\"image\/jpeg\" \/>\n<meta name=\"author\" content=\"Edit\u00f6r\" \/>\n<meta name=\"twitter:card\" content=\"summary_large_image\" \/>\n<meta name=\"twitter:label1\" content=\"\u00c9crit par\" \/>\n\t<meta name=\"twitter:data1\" content=\"Edit\u00f6r\" \/>\n\t<meta name=\"twitter:label2\" content=\"Dur\u00e9e de lecture est.\" \/>\n\t<meta name=\"twitter:data2\" content=\"4 minutes\" \/>\n<script type=\"application\/ld+json\" class=\"yoast-schema-graph\">{\"@context\":\"https:\/\/schema.org\",\"@graph\":[{\"@type\":\"Article\",\"@id\":\"https:\/\/avrupapress.com\/main\/2026\/02\/10\/brukselde-yedi-partili-konklav-demokratik-mesruiyet-mi-siyasal-kirilma-mi\/#article\",\"isPartOf\":{\"@id\":\"https:\/\/avrupapress.com\/main\/2026\/02\/10\/brukselde-yedi-partili-konklav-demokratik-mesruiyet-mi-siyasal-kirilma-mi\/\"},\"author\":{\"name\":\"Edit\u00f6r\",\"@id\":\"https:\/\/avrupapress.com\/#\/schema\/person\/68428444ec60970d1e1b700cf4ca1e8f\"},\"headline\":\"Br\u00fcksel\u2019de Yedi Partili Konklav: Demokratik Me\u015fruiyet mi, Siyasal K\u0131r\u0131lma m\u0131\",\"datePublished\":\"2026-02-10T17:34:28+00:00\",\"mainEntityOfPage\":{\"@id\":\"https:\/\/avrupapress.com\/main\/2026\/02\/10\/brukselde-yedi-partili-konklav-demokratik-mesruiyet-mi-siyasal-kirilma-mi\/\"},\"wordCount\":871,\"publisher\":{\"@id\":\"https:\/\/avrupapress.com\/#\/schema\/person\/0223dca19c72c43575bf30d1a2d8f4fa\"},\"image\":{\"@id\":\"https:\/\/avrupapress.com\/main\/2026\/02\/10\/brukselde-yedi-partili-konklav-demokratik-mesruiyet-mi-siyasal-kirilma-mi\/#primaryimage\"},\"thumbnailUrl\":\"https:\/\/avrupapress.com\/main\/wp-content\/uploads\/2026\/02\/c0dd9e22-b07a-470b-9639-f0c23f55589e-e1770744859942.jpg\",\"articleSection\":[\"Avrupa\",\"Bel\u00e7ika\",\"D\u00fcnya\",\"Ekonomi\",\"K\u00fclt\u00fcr-Sanat\",\"Spor\",\"Tan\u0131t\u0131m\",\"T\u00fcrkiye\",\"Uncategorized\"],\"inLanguage\":\"fr-BE\"},{\"@type\":\"WebPage\",\"@id\":\"https:\/\/avrupapress.com\/main\/2026\/02\/10\/brukselde-yedi-partili-konklav-demokratik-mesruiyet-mi-siyasal-kirilma-mi\/\",\"url\":\"https:\/\/avrupapress.com\/main\/2026\/02\/10\/brukselde-yedi-partili-konklav-demokratik-mesruiyet-mi-siyasal-kirilma-mi\/\",\"name\":\"Br\u00fcksel\u2019de Yedi Partili Konklav: Demokratik Me\u015fruiyet mi, Siyasal K\u0131r\u0131lma m\u0131 - AvrupaPress\",\"isPartOf\":{\"@id\":\"https:\/\/avrupapress.com\/#website\"},\"primaryImageOfPage\":{\"@id\":\"https:\/\/avrupapress.com\/main\/2026\/02\/10\/brukselde-yedi-partili-konklav-demokratik-mesruiyet-mi-siyasal-kirilma-mi\/#primaryimage\"},\"image\":{\"@id\":\"https:\/\/avrupapress.com\/main\/2026\/02\/10\/brukselde-yedi-partili-konklav-demokratik-mesruiyet-mi-siyasal-kirilma-mi\/#primaryimage\"},\"thumbnailUrl\":\"https:\/\/avrupapress.com\/main\/wp-content\/uploads\/2026\/02\/c0dd9e22-b07a-470b-9639-f0c23f55589e-e1770744859942.jpg\",\"datePublished\":\"2026-02-10T17:34:28+00:00\",\"breadcrumb\":{\"@id\":\"https:\/\/avrupapress.com\/main\/2026\/02\/10\/brukselde-yedi-partili-konklav-demokratik-mesruiyet-mi-siyasal-kirilma-mi\/#breadcrumb\"},\"inLanguage\":\"fr-BE\",\"potentialAction\":[{\"@type\":\"ReadAction\",\"target\":[\"https:\/\/avrupapress.com\/main\/2026\/02\/10\/brukselde-yedi-partili-konklav-demokratik-mesruiyet-mi-siyasal-kirilma-mi\/\"]}]},{\"@type\":\"ImageObject\",\"inLanguage\":\"fr-BE\",\"@id\":\"https:\/\/avrupapress.com\/main\/2026\/02\/10\/brukselde-yedi-partili-konklav-demokratik-mesruiyet-mi-siyasal-kirilma-mi\/#primaryimage\",\"url\":\"https:\/\/avrupapress.com\/main\/wp-content\/uploads\/2026\/02\/c0dd9e22-b07a-470b-9639-f0c23f55589e-e1770744859942.jpg\",\"contentUrl\":\"https:\/\/avrupapress.com\/main\/wp-content\/uploads\/2026\/02\/c0dd9e22-b07a-470b-9639-f0c23f55589e-e1770744859942.jpg\",\"width\":927,\"height\":488},{\"@type\":\"BreadcrumbList\",\"@id\":\"https:\/\/avrupapress.com\/main\/2026\/02\/10\/brukselde-yedi-partili-konklav-demokratik-mesruiyet-mi-siyasal-kirilma-mi\/#breadcrumb\",\"itemListElement\":[{\"@type\":\"ListItem\",\"position\":1,\"name\":\"Anasayfa\",\"item\":\"https:\/\/avrupapress.com\/\"},{\"@type\":\"ListItem\",\"position\":2,\"name\":\"Br\u00fcksel\u2019de Yedi Partili Konklav: Demokratik Me\u015fruiyet mi, Siyasal K\u0131r\u0131lma m\u0131\"}]},{\"@type\":\"WebSite\",\"@id\":\"https:\/\/avrupapress.com\/#website\",\"url\":\"https:\/\/avrupapress.com\/\",\"name\":\"AvrupaPress\",\"description\":\"Haberin Adresi\",\"publisher\":{\"@id\":\"https:\/\/avrupapress.com\/#\/schema\/person\/0223dca19c72c43575bf30d1a2d8f4fa\"},\"potentialAction\":[{\"@type\":\"SearchAction\",\"target\":{\"@type\":\"EntryPoint\",\"urlTemplate\":\"https:\/\/avrupapress.com\/?s={search_term_string}\"},\"query-input\":{\"@type\":\"PropertyValueSpecification\",\"valueRequired\":true,\"valueName\":\"search_term_string\"}}],\"inLanguage\":\"fr-BE\"},{\"@type\":[\"Person\",\"Organization\"],\"@id\":\"https:\/\/avrupapress.com\/#\/schema\/person\/0223dca19c72c43575bf30d1a2d8f4fa\",\"name\":\"Bilgin \u00d6z\u00e7ift\u00e7i\",\"image\":{\"@type\":\"ImageObject\",\"inLanguage\":\"fr-BE\",\"@id\":\"https:\/\/avrupapress.com\/#\/schema\/person\/image\/\",\"url\":\"https:\/\/secure.gravatar.com\/avatar\/0f23b280433a21e1ea7a0adcc46ed0ad16afe3ad8e630fd13d8a017dcbd54ef3?s=96&d=mm&r=g\",\"contentUrl\":\"https:\/\/secure.gravatar.com\/avatar\/0f23b280433a21e1ea7a0adcc46ed0ad16afe3ad8e630fd13d8a017dcbd54ef3?s=96&d=mm&r=g\",\"caption\":\"Bilgin \u00d6z\u00e7ift\u00e7i\"},\"logo\":{\"@id\":\"https:\/\/avrupapress.com\/#\/schema\/person\/image\/\"},\"description\":\"Ne ben, nede sen... Biz ancak \\\"biz\\\" olursak g\u00fc\u00e7l\u00fc olabiliriz\"},{\"@type\":\"Person\",\"@id\":\"https:\/\/avrupapress.com\/#\/schema\/person\/68428444ec60970d1e1b700cf4ca1e8f\",\"name\":\"Edit\u00f6r\",\"image\":{\"@type\":\"ImageObject\",\"inLanguage\":\"fr-BE\",\"@id\":\"https:\/\/avrupapress.com\/#\/schema\/person\/image\/\",\"url\":\"https:\/\/secure.gravatar.com\/avatar\/74996b0977aa5f1559ba9883776652508b229005c0d78fb2597897f0bd651c09?s=96&d=mm&r=g\",\"contentUrl\":\"https:\/\/secure.gravatar.com\/avatar\/74996b0977aa5f1559ba9883776652508b229005c0d78fb2597897f0bd651c09?s=96&d=mm&r=g\",\"caption\":\"Edit\u00f6r\"},\"sameAs\":[\"http:\/\/www.avrupapress.com\"],\"url\":\"https:\/\/avrupapress.com\/main\/author\/editor\/\"}]}<\/script>\n<!-- \/ Yoast SEO plugin. -->","yoast_head_json":{"title":"Br\u00fcksel\u2019de Yedi Partili Konklav: Demokratik Me\u015fruiyet mi, Siyasal K\u0131r\u0131lma m\u0131 - AvrupaPress","robots":{"index":"index","follow":"follow","max-snippet":"max-snippet:-1","max-image-preview":"max-image-preview:large","max-video-preview":"max-video-preview:-1"},"canonical":"https:\/\/avrupapress.com\/main\/2026\/02\/10\/brukselde-yedi-partili-konklav-demokratik-mesruiyet-mi-siyasal-kirilma-mi\/","og_locale":"fr_FR","og_type":"article","og_title":"Br\u00fcksel\u2019de Yedi Partili Konklav: Demokratik Me\u015fruiyet mi, Siyasal K\u0131r\u0131lma m\u0131 - AvrupaPress","og_description":"\u201cBr\u00fcksel\u2019de Yedi Partili Konklav: Demokratik Me\u015fruiyet mi, Siyasal K\u0131r\u0131lma m\u0131?\u201d Br\u00fcksel\u2019de Yedi Partili Konklav, TFA D\u0131\u015far\u0131da: Kurumsal Me\u015fruiyet, Demokratik K\u0131r\u0131lma Kadir Duran | Bruxelles Korner 600 g\u00fcnl\u00fck kilitlenmenin ard\u0131ndan TFA\u2019n\u0131n d\u0131\u015flanmas\u0131 600 g\u00fcn\u00fc a\u015fk\u0131n siyasi t\u0131kan\u0131kl\u0131\u011f\u0131n ard\u0131ndan, Br\u00fcksel B\u00f6lgesi\u2019nde bir h\u00fck\u00fcmet kurmak amac\u0131yla yedi partinin bir araya getirilece\u011fi konklav duyurusu, kurumsal bir \u201c\u015fok terapisi\u201d olarak [&hellip;]","og_url":"https:\/\/avrupapress.com\/main\/2026\/02\/10\/brukselde-yedi-partili-konklav-demokratik-mesruiyet-mi-siyasal-kirilma-mi\/","og_site_name":"AvrupaPress","article_published_time":"2026-02-10T17:34:28+00:00","og_image":[{"width":927,"height":488,"url":"https:\/\/avrupapress.com\/main\/wp-content\/uploads\/2026\/02\/c0dd9e22-b07a-470b-9639-f0c23f55589e-e1770744859942.jpg","type":"image\/jpeg"}],"author":"Edit\u00f6r","twitter_card":"summary_large_image","twitter_misc":{"\u00c9crit par":"Edit\u00f6r","Dur\u00e9e de lecture est.":"4 minutes"},"schema":{"@context":"https:\/\/schema.org","@graph":[{"@type":"Article","@id":"https:\/\/avrupapress.com\/main\/2026\/02\/10\/brukselde-yedi-partili-konklav-demokratik-mesruiyet-mi-siyasal-kirilma-mi\/#article","isPartOf":{"@id":"https:\/\/avrupapress.com\/main\/2026\/02\/10\/brukselde-yedi-partili-konklav-demokratik-mesruiyet-mi-siyasal-kirilma-mi\/"},"author":{"name":"Edit\u00f6r","@id":"https:\/\/avrupapress.com\/#\/schema\/person\/68428444ec60970d1e1b700cf4ca1e8f"},"headline":"Br\u00fcksel\u2019de Yedi Partili Konklav: Demokratik Me\u015fruiyet mi, Siyasal K\u0131r\u0131lma m\u0131","datePublished":"2026-02-10T17:34:28+00:00","mainEntityOfPage":{"@id":"https:\/\/avrupapress.com\/main\/2026\/02\/10\/brukselde-yedi-partili-konklav-demokratik-mesruiyet-mi-siyasal-kirilma-mi\/"},"wordCount":871,"publisher":{"@id":"https:\/\/avrupapress.com\/#\/schema\/person\/0223dca19c72c43575bf30d1a2d8f4fa"},"image":{"@id":"https:\/\/avrupapress.com\/main\/2026\/02\/10\/brukselde-yedi-partili-konklav-demokratik-mesruiyet-mi-siyasal-kirilma-mi\/#primaryimage"},"thumbnailUrl":"https:\/\/avrupapress.com\/main\/wp-content\/uploads\/2026\/02\/c0dd9e22-b07a-470b-9639-f0c23f55589e-e1770744859942.jpg","articleSection":["Avrupa","Bel\u00e7ika","D\u00fcnya","Ekonomi","K\u00fclt\u00fcr-Sanat","Spor","Tan\u0131t\u0131m","T\u00fcrkiye","Uncategorized"],"inLanguage":"fr-BE"},{"@type":"WebPage","@id":"https:\/\/avrupapress.com\/main\/2026\/02\/10\/brukselde-yedi-partili-konklav-demokratik-mesruiyet-mi-siyasal-kirilma-mi\/","url":"https:\/\/avrupapress.com\/main\/2026\/02\/10\/brukselde-yedi-partili-konklav-demokratik-mesruiyet-mi-siyasal-kirilma-mi\/","name":"Br\u00fcksel\u2019de Yedi Partili Konklav: Demokratik Me\u015fruiyet mi, Siyasal K\u0131r\u0131lma m\u0131 - AvrupaPress","isPartOf":{"@id":"https:\/\/avrupapress.com\/#website"},"primaryImageOfPage":{"@id":"https:\/\/avrupapress.com\/main\/2026\/02\/10\/brukselde-yedi-partili-konklav-demokratik-mesruiyet-mi-siyasal-kirilma-mi\/#primaryimage"},"image":{"@id":"https:\/\/avrupapress.com\/main\/2026\/02\/10\/brukselde-yedi-partili-konklav-demokratik-mesruiyet-mi-siyasal-kirilma-mi\/#primaryimage"},"thumbnailUrl":"https:\/\/avrupapress.com\/main\/wp-content\/uploads\/2026\/02\/c0dd9e22-b07a-470b-9639-f0c23f55589e-e1770744859942.jpg","datePublished":"2026-02-10T17:34:28+00:00","breadcrumb":{"@id":"https:\/\/avrupapress.com\/main\/2026\/02\/10\/brukselde-yedi-partili-konklav-demokratik-mesruiyet-mi-siyasal-kirilma-mi\/#breadcrumb"},"inLanguage":"fr-BE","potentialAction":[{"@type":"ReadAction","target":["https:\/\/avrupapress.com\/main\/2026\/02\/10\/brukselde-yedi-partili-konklav-demokratik-mesruiyet-mi-siyasal-kirilma-mi\/"]}]},{"@type":"ImageObject","inLanguage":"fr-BE","@id":"https:\/\/avrupapress.com\/main\/2026\/02\/10\/brukselde-yedi-partili-konklav-demokratik-mesruiyet-mi-siyasal-kirilma-mi\/#primaryimage","url":"https:\/\/avrupapress.com\/main\/wp-content\/uploads\/2026\/02\/c0dd9e22-b07a-470b-9639-f0c23f55589e-e1770744859942.jpg","contentUrl":"https:\/\/avrupapress.com\/main\/wp-content\/uploads\/2026\/02\/c0dd9e22-b07a-470b-9639-f0c23f55589e-e1770744859942.jpg","width":927,"height":488},{"@type":"BreadcrumbList","@id":"https:\/\/avrupapress.com\/main\/2026\/02\/10\/brukselde-yedi-partili-konklav-demokratik-mesruiyet-mi-siyasal-kirilma-mi\/#breadcrumb","itemListElement":[{"@type":"ListItem","position":1,"name":"Anasayfa","item":"https:\/\/avrupapress.com\/"},{"@type":"ListItem","position":2,"name":"Br\u00fcksel\u2019de Yedi Partili Konklav: Demokratik Me\u015fruiyet mi, Siyasal K\u0131r\u0131lma m\u0131"}]},{"@type":"WebSite","@id":"https:\/\/avrupapress.com\/#website","url":"https:\/\/avrupapress.com\/","name":"AvrupaPress","description":"Haberin Adresi","publisher":{"@id":"https:\/\/avrupapress.com\/#\/schema\/person\/0223dca19c72c43575bf30d1a2d8f4fa"},"potentialAction":[{"@type":"SearchAction","target":{"@type":"EntryPoint","urlTemplate":"https:\/\/avrupapress.com\/?s={search_term_string}"},"query-input":{"@type":"PropertyValueSpecification","valueRequired":true,"valueName":"search_term_string"}}],"inLanguage":"fr-BE"},{"@type":["Person","Organization"],"@id":"https:\/\/avrupapress.com\/#\/schema\/person\/0223dca19c72c43575bf30d1a2d8f4fa","name":"Bilgin \u00d6z\u00e7ift\u00e7i","image":{"@type":"ImageObject","inLanguage":"fr-BE","@id":"https:\/\/avrupapress.com\/#\/schema\/person\/image\/","url":"https:\/\/secure.gravatar.com\/avatar\/0f23b280433a21e1ea7a0adcc46ed0ad16afe3ad8e630fd13d8a017dcbd54ef3?s=96&d=mm&r=g","contentUrl":"https:\/\/secure.gravatar.com\/avatar\/0f23b280433a21e1ea7a0adcc46ed0ad16afe3ad8e630fd13d8a017dcbd54ef3?s=96&d=mm&r=g","caption":"Bilgin \u00d6z\u00e7ift\u00e7i"},"logo":{"@id":"https:\/\/avrupapress.com\/#\/schema\/person\/image\/"},"description":"Ne ben, nede sen... Biz ancak \"biz\" olursak g\u00fc\u00e7l\u00fc olabiliriz"},{"@type":"Person","@id":"https:\/\/avrupapress.com\/#\/schema\/person\/68428444ec60970d1e1b700cf4ca1e8f","name":"Edit\u00f6r","image":{"@type":"ImageObject","inLanguage":"fr-BE","@id":"https:\/\/avrupapress.com\/#\/schema\/person\/image\/","url":"https:\/\/secure.gravatar.com\/avatar\/74996b0977aa5f1559ba9883776652508b229005c0d78fb2597897f0bd651c09?s=96&d=mm&r=g","contentUrl":"https:\/\/secure.gravatar.com\/avatar\/74996b0977aa5f1559ba9883776652508b229005c0d78fb2597897f0bd651c09?s=96&d=mm&r=g","caption":"Edit\u00f6r"},"sameAs":["http:\/\/www.avrupapress.com"],"url":"https:\/\/avrupapress.com\/main\/author\/editor\/"}]}},"_links":{"self":[{"href":"https:\/\/avrupapress.com\/main\/wp-json\/wp\/v2\/posts\/32801","targetHints":{"allow":["GET"]}}],"collection":[{"href":"https:\/\/avrupapress.com\/main\/wp-json\/wp\/v2\/posts"}],"about":[{"href":"https:\/\/avrupapress.com\/main\/wp-json\/wp\/v2\/types\/post"}],"author":[{"embeddable":true,"href":"https:\/\/avrupapress.com\/main\/wp-json\/wp\/v2\/users\/3"}],"replies":[{"embeddable":true,"href":"https:\/\/avrupapress.com\/main\/wp-json\/wp\/v2\/comments?post=32801"}],"version-history":[{"count":1,"href":"https:\/\/avrupapress.com\/main\/wp-json\/wp\/v2\/posts\/32801\/revisions"}],"predecessor-version":[{"id":32803,"href":"https:\/\/avrupapress.com\/main\/wp-json\/wp\/v2\/posts\/32801\/revisions\/32803"}],"wp:featuredmedia":[{"embeddable":true,"href":"https:\/\/avrupapress.com\/main\/wp-json\/wp\/v2\/media\/32802"}],"wp:attachment":[{"href":"https:\/\/avrupapress.com\/main\/wp-json\/wp\/v2\/media?parent=32801"}],"wp:term":[{"taxonomy":"category","embeddable":true,"href":"https:\/\/avrupapress.com\/main\/wp-json\/wp\/v2\/categories?post=32801"},{"taxonomy":"post_tag","embeddable":true,"href":"https:\/\/avrupapress.com\/main\/wp-json\/wp\/v2\/tags?post=32801"}],"curies":[{"name":"wp","href":"https:\/\/api.w.org\/{rel}","templated":true}]}}