{"id":32797,"date":"2026-02-10T04:56:45","date_gmt":"2026-02-10T04:56:45","guid":{"rendered":"https:\/\/avrupapress.com\/main\/?p=32797"},"modified":"2026-02-10T04:56:54","modified_gmt":"2026-02-10T04:56:54","slug":"bruksel-buyukelci-tantekin-limburgda-turkce-egitimi-ve-vatandas-temaslarinda-bulundu","status":"publish","type":"post","link":"https:\/\/avrupapress.com\/main\/2026\/02\/10\/bruksel-buyukelci-tantekin-limburgda-turkce-egitimi-ve-vatandas-temaslarinda-bulundu\/","title":{"rendered":"Br\u00fcksel B\u00fcy\u00fckel\u00e7i Tantekin, Limburg\u2019da T\u00fcrk\u00e7e E\u011fitimi ve Vatanda\u015f Temaslar\u0131nda Bulundu"},"content":{"rendered":"<p><img loading=\"lazy\" decoding=\"async\" class=\"alignnone wp-image-66235 size-full\" title=\"B\u00fcy\u00fckel\u00e7i Tantekin, Limburg'da T\u00fcrk\u00e7e E\u011fitimi ve Vatanda\u015f Temaslar\u0131nda Bulundu 1\" src=\"https:\/\/nhaber.nl\/wp-content\/uploads\/2026\/02\/FB_IMG_1770660352555.jpg\" alt=\"FB IMG 1770660352555\" width=\"1600\" height=\"1006\" \/><br \/>\nBel\u00e7ika\u2019n\u0131n Limburg vilayetinde \u00f6nemli bir dizi temas ger\u00e7ekle\u015ftiren B\u00fcy\u00fckel\u00e7i G. Bar\u0131\u015f Tantekin, T\u00fcrk\u00e7e e\u011fitimi ve vatanda\u015f diplomasisi alan\u0131nda dikkat \u00e7eken ziyaretlerde bulundu.<\/p>\n<p><strong>B\u00fcy\u00fck T\u00fcrk\u00e7e Projesi E\u011fitimi Heusden-Zolder\u2019de Ba\u015flad\u0131<\/strong><\/p>\n<div id=\"related-articles\" class=\"column_x_gutter\">\n<div class=\"kanews-section-heading kanews-section-flat-heading\">\n<div class=\"kanews-section-headline\">G\u00f6z At\u0131nB\u00fcy\u00fckel\u00e7i Tantekin, Anvers Ba\u015fkonsolosu \u0130smail Sefa Y\u00fcceer ile birlikte Heusden-Zolder\u2019de d\u00fczenlenen \u00f6zel bir e\u011fitim program\u0131n\u0131n a\u00e7\u0131l\u0131\u015f t\u00f6renine kat\u0131ld\u0131. Yurtd\u0131\u015f\u0131 T\u00fcrkler ve Akraba Topluluklar Ba\u015fkanl\u0131\u011f\u0131 (YTB) ile T\u00fcrkiye Maarif Vakf\u0131 (TMV) ortakl\u0131\u011f\u0131nda hayata ge\u00e7irilen \u201cB\u00fcy\u00fck T\u00fcrk\u00e7e Projesi\u201d kapsam\u0131nda ger\u00e7ekle\u015ftirilen hizmet i\u00e7i e\u011fitim program\u0131, ana dili e\u011fitiminin kalitesinin art\u0131r\u0131lmas\u0131n\u0131 hedefliyor.<img loading=\"lazy\" decoding=\"async\" class=\"alignnone wp-image-66236 size-full\" title=\"B\u00fcy\u00fckel\u00e7i Tantekin, Limburg'da T\u00fcrk\u00e7e E\u011fitimi ve Vatanda\u015f Temaslar\u0131nda Bulundu 5\" src=\"https:\/\/nhaber.nl\/wp-content\/uploads\/2026\/02\/FB_IMG_1770660332878.jpg\" alt=\"FB IMG 1770660332878\" width=\"1600\" height=\"1067\" \/><\/div>\n<\/div>\n<\/div>\n<p>Program, Bel\u00e7ika\u2019n\u0131n farkl\u0131 b\u00f6lgelerinde T\u00fcrk\u00e7e \u00f6\u011freten e\u011fitimcilere y\u00f6nelik d\u00fczenleniyor ve \u00f6\u011fretim y\u00f6ntemlerinin geli\u015ftirilmesi, m\u00fcfredat standartlar\u0131n\u0131n iyile\u015ftirilmesi ile \u00f6\u011fretmenler aras\u0131 deneyim payla\u015f\u0131m\u0131n\u0131 ama\u00e7l\u0131yor.<\/p>\n<blockquote><p><strong>Beringen Fatih Camii\u2019nde \u0130ncelemeler<\/strong><\/p><\/blockquote>\n<p>Limburg vilayetindeki temaslar\u0131n\u0131 s\u00fcrd\u00fcren B\u00fcy\u00fckel\u00e7i Tantekin, Beringen Fatih Camii\u2019ni ziyaret etti. Ziyaret kapsam\u0131nda camiye ba\u011fl\u0131 e\u011fitim merkezinde incelemelerde bulunan Tantekin, burada y\u00fcr\u00fct\u00fclen din e\u011fitimi ve k\u00fclt\u00fcr aktar\u0131m\u0131 faaliyetleri hakk\u0131nda bilgi ald\u0131.<img loading=\"lazy\" decoding=\"async\" class=\"alignnone wp-image-66237 size-full\" title=\"B\u00fcy\u00fckel\u00e7i Tantekin, Limburg'da T\u00fcrk\u00e7e E\u011fitimi ve Vatanda\u015f Temaslar\u0131nda Bulundu 6\" src=\"https:\/\/nhaber.nl\/wp-content\/uploads\/2026\/02\/FB_IMG_1770660348921.jpg\" alt=\"FB IMG 1770660348921\" width=\"1600\" height=\"886\" \/><\/p>\n<div class=\"google-auto-placed ap_container\">\n<p>&nbsp;<\/p>\n<div id=\"aswift_2_host\"><\/div>\n<p>&nbsp;<\/p>\n<\/div>\n<p>B\u00fcy\u00fckel\u00e7i daha sonra dernek lokalinde vatanda\u015flarla bir araya gelerek, Bel\u00e7ika\u2019daki T\u00fcrk toplumunun sorunlar\u0131n\u0131 dinledi ve beklentilerini not etti. Samimi bir atmosferde ger\u00e7ekle\u015fen g\u00f6r\u00fc\u015fmede, e\u011fitim, sosyal hizmetler ve k\u00fclt\u00fcrel faaliyetler gibi konular ele al\u0131nd\u0131.<\/p>\n<blockquote><p><strong>Diaspora Diplomasisinin G\u00fc\u00e7lendirilmesi<\/strong><\/p><\/blockquote>\n<p>Bu ziyaret, Bel\u00e7ika\u2019daki T\u00fcrk vatanda\u015flar\u0131na y\u00f6nelik hizmetlerin geli\u015ftirilmesi ve ana dili e\u011fitiminin desteklenmesi a\u00e7\u0131s\u0131ndan \u00f6nem ta\u015f\u0131yor. B\u00fcy\u00fckel\u00e7ilik yetkilileri, yerel toplulukla do\u011frudan temas kurarak sahada ya\u015fanan geli\u015fmeleri yak\u0131ndan takip etme f\u0131rsat\u0131 buldu.<\/p>\n<p>B\u00fcy\u00fck T\u00fcrk\u00e7e Projesi gibi giri\u015fimler, diasporadaki gen\u00e7 nesillerin anadilleriyle ba\u011flar\u0131n\u0131 g\u00fc\u00e7lendirmeyi ve k\u00fclt\u00fcrel kimliklerini korumalar\u0131n\u0131 desteklemeyi ama\u00e7l\u0131yor. E\u011fitim program\u0131n\u0131n \u00f6n\u00fcm\u00fczdeki d\u00f6nemde Bel\u00e7ika\u2019n\u0131n farkl\u0131 b\u00f6lgelerinde de s\u00fcrd\u00fcr\u00fclmesi planlan\u0131yor.<\/p>\n<p><img loading=\"lazy\" decoding=\"async\" class=\"alignnone wp-image-66238 size-full\" title=\"B\u00fcy\u00fckel\u00e7i Tantekin, Limburg'da T\u00fcrk\u00e7e E\u011fitimi ve Vatanda\u015f Temaslar\u0131nda Bulundu 7\" src=\"https:\/\/nhaber.nl\/wp-content\/uploads\/2026\/02\/FB_IMG_1770660345720.jpg\" alt=\"FB IMG 1770660345720\" width=\"1600\" height=\"1064\" \/><\/p>\n<p><strong>Sedat Tapan\u00a0 \u00a0 \u00a0 \u00a0 \/\u00a0 \u00a0 \u00a0 \u00a0AVRUPAPRESS<\/strong><\/p>\n<p><strong>Bilgin Ozcifci\u00a0 \u00a0 \u00a0 \/\u00a0 \u00a0 \u00a0 \u00a0AVRUPAPRESS<\/strong><\/p>\n","protected":false},"excerpt":{"rendered":"<p>Bel\u00e7ika\u2019n\u0131n Limburg vilayetinde \u00f6nemli bir dizi temas ger\u00e7ekle\u015ftiren B\u00fcy\u00fckel\u00e7i G. Bar\u0131\u015f Tantekin, T\u00fcrk\u00e7e e\u011fitimi ve vatanda\u015f diplomasisi alan\u0131nda dikkat \u00e7eken ziyaretlerde bulundu. B\u00fcy\u00fck T\u00fcrk\u00e7e Projesi E\u011fitimi Heusden-Zolder\u2019de Ba\u015flad\u0131 G\u00f6z At\u0131nB\u00fcy\u00fckel\u00e7i Tantekin, Anvers Ba\u015fkonsolosu \u0130smail Sefa Y\u00fcceer ile birlikte Heusden-Zolder\u2019de d\u00fczenlenen \u00f6zel bir e\u011fitim program\u0131n\u0131n a\u00e7\u0131l\u0131\u015f t\u00f6renine kat\u0131ld\u0131. Yurtd\u0131\u015f\u0131 T\u00fcrkler ve Akraba Topluluklar Ba\u015fkanl\u0131\u011f\u0131 (YTB) ile [&hellip;]<\/p>\n","protected":false},"author":3,"featured_media":32798,"comment_status":"closed","ping_status":"open","sticky":false,"template":"","format":"standard","meta":{"footnotes":""},"categories":[14,16,3,17,18,15,19,2,1],"tags":[],"class_list":["post-32797","post","type-post","status-publish","format-standard","has-post-thumbnail","hentry","category-avrupa","category-belcika","category-dunya","category-ekonomi","category-kultur-sanat","category-spor","category-tanitim","category-turkiye","category-uncategorized"],"yoast_head":"<!-- This site is optimized with the Yoast SEO plugin v26.9 - https:\/\/yoast.com\/product\/yoast-seo-wordpress\/ -->\n<title>Br\u00fcksel B\u00fcy\u00fckel\u00e7i Tantekin, Limburg\u2019da T\u00fcrk\u00e7e E\u011fitimi ve Vatanda\u015f Temaslar\u0131nda Bulundu - AvrupaPress<\/title>\n<meta name=\"robots\" content=\"index, follow, max-snippet:-1, max-image-preview:large, max-video-preview:-1\" \/>\n<link rel=\"canonical\" href=\"https:\/\/avrupapress.com\/main\/2026\/02\/10\/bruksel-buyukelci-tantekin-limburgda-turkce-egitimi-ve-vatandas-temaslarinda-bulundu\/\" \/>\n<meta property=\"og:locale\" content=\"fr_FR\" \/>\n<meta property=\"og:type\" content=\"article\" \/>\n<meta property=\"og:title\" content=\"Br\u00fcksel B\u00fcy\u00fckel\u00e7i Tantekin, Limburg\u2019da T\u00fcrk\u00e7e E\u011fitimi ve Vatanda\u015f Temaslar\u0131nda Bulundu - AvrupaPress\" \/>\n<meta property=\"og:description\" content=\"Bel\u00e7ika\u2019n\u0131n Limburg vilayetinde \u00f6nemli bir dizi temas ger\u00e7ekle\u015ftiren B\u00fcy\u00fckel\u00e7i G. Bar\u0131\u015f Tantekin, T\u00fcrk\u00e7e e\u011fitimi ve vatanda\u015f diplomasisi alan\u0131nda dikkat \u00e7eken ziyaretlerde bulundu. B\u00fcy\u00fck T\u00fcrk\u00e7e Projesi E\u011fitimi Heusden-Zolder\u2019de Ba\u015flad\u0131 G\u00f6z At\u0131nB\u00fcy\u00fckel\u00e7i Tantekin, Anvers Ba\u015fkonsolosu \u0130smail Sefa Y\u00fcceer ile birlikte Heusden-Zolder\u2019de d\u00fczenlenen \u00f6zel bir e\u011fitim program\u0131n\u0131n a\u00e7\u0131l\u0131\u015f t\u00f6renine kat\u0131ld\u0131. Yurtd\u0131\u015f\u0131 T\u00fcrkler ve Akraba Topluluklar Ba\u015fkanl\u0131\u011f\u0131 (YTB) ile [&hellip;]\" \/>\n<meta property=\"og:url\" content=\"https:\/\/avrupapress.com\/main\/2026\/02\/10\/bruksel-buyukelci-tantekin-limburgda-turkce-egitimi-ve-vatandas-temaslarinda-bulundu\/\" \/>\n<meta property=\"og:site_name\" content=\"AvrupaPress\" \/>\n<meta property=\"article:published_time\" content=\"2026-02-10T04:56:45+00:00\" \/>\n<meta property=\"article:modified_time\" content=\"2026-02-10T04:56:54+00:00\" \/>\n<meta property=\"og:image\" content=\"https:\/\/avrupapress.com\/main\/wp-content\/uploads\/2026\/02\/FB_IMG_1770660336687-1024x683-1.jpg\" \/>\n\t<meta property=\"og:image:width\" content=\"1024\" \/>\n\t<meta property=\"og:image:height\" content=\"683\" \/>\n\t<meta property=\"og:image:type\" content=\"image\/jpeg\" \/>\n<meta name=\"author\" content=\"Edit\u00f6r\" \/>\n<meta name=\"twitter:card\" content=\"summary_large_image\" \/>\n<meta name=\"twitter:label1\" content=\"\u00c9crit par\" \/>\n\t<meta name=\"twitter:data1\" content=\"Edit\u00f6r\" \/>\n\t<meta name=\"twitter:label2\" content=\"Dur\u00e9e de lecture est.\" \/>\n\t<meta name=\"twitter:data2\" content=\"3 minutes\" \/>\n<script type=\"application\/ld+json\" class=\"yoast-schema-graph\">{\"@context\":\"https:\/\/schema.org\",\"@graph\":[{\"@type\":\"Article\",\"@id\":\"https:\/\/avrupapress.com\/main\/2026\/02\/10\/bruksel-buyukelci-tantekin-limburgda-turkce-egitimi-ve-vatandas-temaslarinda-bulundu\/#article\",\"isPartOf\":{\"@id\":\"https:\/\/avrupapress.com\/main\/2026\/02\/10\/bruksel-buyukelci-tantekin-limburgda-turkce-egitimi-ve-vatandas-temaslarinda-bulundu\/\"},\"author\":{\"name\":\"Edit\u00f6r\",\"@id\":\"https:\/\/avrupapress.com\/#\/schema\/person\/68428444ec60970d1e1b700cf4ca1e8f\"},\"headline\":\"Br\u00fcksel B\u00fcy\u00fckel\u00e7i Tantekin, Limburg\u2019da T\u00fcrk\u00e7e E\u011fitimi ve Vatanda\u015f Temaslar\u0131nda Bulundu\",\"datePublished\":\"2026-02-10T04:56:45+00:00\",\"dateModified\":\"2026-02-10T04:56:54+00:00\",\"mainEntityOfPage\":{\"@id\":\"https:\/\/avrupapress.com\/main\/2026\/02\/10\/bruksel-buyukelci-tantekin-limburgda-turkce-egitimi-ve-vatandas-temaslarinda-bulundu\/\"},\"wordCount\":408,\"publisher\":{\"@id\":\"https:\/\/avrupapress.com\/#\/schema\/person\/0223dca19c72c43575bf30d1a2d8f4fa\"},\"image\":{\"@id\":\"https:\/\/avrupapress.com\/main\/2026\/02\/10\/bruksel-buyukelci-tantekin-limburgda-turkce-egitimi-ve-vatandas-temaslarinda-bulundu\/#primaryimage\"},\"thumbnailUrl\":\"https:\/\/avrupapress.com\/main\/wp-content\/uploads\/2026\/02\/FB_IMG_1770660336687-1024x683-1.jpg\",\"articleSection\":[\"Avrupa\",\"Bel\u00e7ika\",\"D\u00fcnya\",\"Ekonomi\",\"K\u00fclt\u00fcr-Sanat\",\"Spor\",\"Tan\u0131t\u0131m\",\"T\u00fcrkiye\",\"Uncategorized\"],\"inLanguage\":\"fr-BE\"},{\"@type\":\"WebPage\",\"@id\":\"https:\/\/avrupapress.com\/main\/2026\/02\/10\/bruksel-buyukelci-tantekin-limburgda-turkce-egitimi-ve-vatandas-temaslarinda-bulundu\/\",\"url\":\"https:\/\/avrupapress.com\/main\/2026\/02\/10\/bruksel-buyukelci-tantekin-limburgda-turkce-egitimi-ve-vatandas-temaslarinda-bulundu\/\",\"name\":\"Br\u00fcksel B\u00fcy\u00fckel\u00e7i Tantekin, Limburg\u2019da T\u00fcrk\u00e7e E\u011fitimi ve Vatanda\u015f Temaslar\u0131nda Bulundu - AvrupaPress\",\"isPartOf\":{\"@id\":\"https:\/\/avrupapress.com\/#website\"},\"primaryImageOfPage\":{\"@id\":\"https:\/\/avrupapress.com\/main\/2026\/02\/10\/bruksel-buyukelci-tantekin-limburgda-turkce-egitimi-ve-vatandas-temaslarinda-bulundu\/#primaryimage\"},\"image\":{\"@id\":\"https:\/\/avrupapress.com\/main\/2026\/02\/10\/bruksel-buyukelci-tantekin-limburgda-turkce-egitimi-ve-vatandas-temaslarinda-bulundu\/#primaryimage\"},\"thumbnailUrl\":\"https:\/\/avrupapress.com\/main\/wp-content\/uploads\/2026\/02\/FB_IMG_1770660336687-1024x683-1.jpg\",\"datePublished\":\"2026-02-10T04:56:45+00:00\",\"dateModified\":\"2026-02-10T04:56:54+00:00\",\"breadcrumb\":{\"@id\":\"https:\/\/avrupapress.com\/main\/2026\/02\/10\/bruksel-buyukelci-tantekin-limburgda-turkce-egitimi-ve-vatandas-temaslarinda-bulundu\/#breadcrumb\"},\"inLanguage\":\"fr-BE\",\"potentialAction\":[{\"@type\":\"ReadAction\",\"target\":[\"https:\/\/avrupapress.com\/main\/2026\/02\/10\/bruksel-buyukelci-tantekin-limburgda-turkce-egitimi-ve-vatandas-temaslarinda-bulundu\/\"]}]},{\"@type\":\"ImageObject\",\"inLanguage\":\"fr-BE\",\"@id\":\"https:\/\/avrupapress.com\/main\/2026\/02\/10\/bruksel-buyukelci-tantekin-limburgda-turkce-egitimi-ve-vatandas-temaslarinda-bulundu\/#primaryimage\",\"url\":\"https:\/\/avrupapress.com\/main\/wp-content\/uploads\/2026\/02\/FB_IMG_1770660336687-1024x683-1.jpg\",\"contentUrl\":\"https:\/\/avrupapress.com\/main\/wp-content\/uploads\/2026\/02\/FB_IMG_1770660336687-1024x683-1.jpg\",\"width\":1024,\"height\":683},{\"@type\":\"BreadcrumbList\",\"@id\":\"https:\/\/avrupapress.com\/main\/2026\/02\/10\/bruksel-buyukelci-tantekin-limburgda-turkce-egitimi-ve-vatandas-temaslarinda-bulundu\/#breadcrumb\",\"itemListElement\":[{\"@type\":\"ListItem\",\"position\":1,\"name\":\"Anasayfa\",\"item\":\"https:\/\/avrupapress.com\/\"},{\"@type\":\"ListItem\",\"position\":2,\"name\":\"Br\u00fcksel B\u00fcy\u00fckel\u00e7i Tantekin, Limburg\u2019da T\u00fcrk\u00e7e E\u011fitimi ve Vatanda\u015f Temaslar\u0131nda Bulundu\"}]},{\"@type\":\"WebSite\",\"@id\":\"https:\/\/avrupapress.com\/#website\",\"url\":\"https:\/\/avrupapress.com\/\",\"name\":\"AvrupaPress\",\"description\":\"Haberin Adresi\",\"publisher\":{\"@id\":\"https:\/\/avrupapress.com\/#\/schema\/person\/0223dca19c72c43575bf30d1a2d8f4fa\"},\"potentialAction\":[{\"@type\":\"SearchAction\",\"target\":{\"@type\":\"EntryPoint\",\"urlTemplate\":\"https:\/\/avrupapress.com\/?s={search_term_string}\"},\"query-input\":{\"@type\":\"PropertyValueSpecification\",\"valueRequired\":true,\"valueName\":\"search_term_string\"}}],\"inLanguage\":\"fr-BE\"},{\"@type\":[\"Person\",\"Organization\"],\"@id\":\"https:\/\/avrupapress.com\/#\/schema\/person\/0223dca19c72c43575bf30d1a2d8f4fa\",\"name\":\"Bilgin \u00d6z\u00e7ift\u00e7i\",\"image\":{\"@type\":\"ImageObject\",\"inLanguage\":\"fr-BE\",\"@id\":\"https:\/\/avrupapress.com\/#\/schema\/person\/image\/\",\"url\":\"https:\/\/secure.gravatar.com\/avatar\/0f23b280433a21e1ea7a0adcc46ed0ad16afe3ad8e630fd13d8a017dcbd54ef3?s=96&d=mm&r=g\",\"contentUrl\":\"https:\/\/secure.gravatar.com\/avatar\/0f23b280433a21e1ea7a0adcc46ed0ad16afe3ad8e630fd13d8a017dcbd54ef3?s=96&d=mm&r=g\",\"caption\":\"Bilgin \u00d6z\u00e7ift\u00e7i\"},\"logo\":{\"@id\":\"https:\/\/avrupapress.com\/#\/schema\/person\/image\/\"},\"description\":\"Ne ben, nede sen... Biz ancak \\\"biz\\\" olursak g\u00fc\u00e7l\u00fc olabiliriz\"},{\"@type\":\"Person\",\"@id\":\"https:\/\/avrupapress.com\/#\/schema\/person\/68428444ec60970d1e1b700cf4ca1e8f\",\"name\":\"Edit\u00f6r\",\"image\":{\"@type\":\"ImageObject\",\"inLanguage\":\"fr-BE\",\"@id\":\"https:\/\/avrupapress.com\/#\/schema\/person\/image\/\",\"url\":\"https:\/\/secure.gravatar.com\/avatar\/74996b0977aa5f1559ba9883776652508b229005c0d78fb2597897f0bd651c09?s=96&d=mm&r=g\",\"contentUrl\":\"https:\/\/secure.gravatar.com\/avatar\/74996b0977aa5f1559ba9883776652508b229005c0d78fb2597897f0bd651c09?s=96&d=mm&r=g\",\"caption\":\"Edit\u00f6r\"},\"sameAs\":[\"http:\/\/www.avrupapress.com\"],\"url\":\"https:\/\/avrupapress.com\/main\/author\/editor\/\"}]}<\/script>\n<!-- \/ Yoast SEO plugin. -->","yoast_head_json":{"title":"Br\u00fcksel B\u00fcy\u00fckel\u00e7i Tantekin, Limburg\u2019da T\u00fcrk\u00e7e E\u011fitimi ve Vatanda\u015f Temaslar\u0131nda Bulundu - AvrupaPress","robots":{"index":"index","follow":"follow","max-snippet":"max-snippet:-1","max-image-preview":"max-image-preview:large","max-video-preview":"max-video-preview:-1"},"canonical":"https:\/\/avrupapress.com\/main\/2026\/02\/10\/bruksel-buyukelci-tantekin-limburgda-turkce-egitimi-ve-vatandas-temaslarinda-bulundu\/","og_locale":"fr_FR","og_type":"article","og_title":"Br\u00fcksel B\u00fcy\u00fckel\u00e7i Tantekin, Limburg\u2019da T\u00fcrk\u00e7e E\u011fitimi ve Vatanda\u015f Temaslar\u0131nda Bulundu - AvrupaPress","og_description":"Bel\u00e7ika\u2019n\u0131n Limburg vilayetinde \u00f6nemli bir dizi temas ger\u00e7ekle\u015ftiren B\u00fcy\u00fckel\u00e7i G. Bar\u0131\u015f Tantekin, T\u00fcrk\u00e7e e\u011fitimi ve vatanda\u015f diplomasisi alan\u0131nda dikkat \u00e7eken ziyaretlerde bulundu. B\u00fcy\u00fck T\u00fcrk\u00e7e Projesi E\u011fitimi Heusden-Zolder\u2019de Ba\u015flad\u0131 G\u00f6z At\u0131nB\u00fcy\u00fckel\u00e7i Tantekin, Anvers Ba\u015fkonsolosu \u0130smail Sefa Y\u00fcceer ile birlikte Heusden-Zolder\u2019de d\u00fczenlenen \u00f6zel bir e\u011fitim program\u0131n\u0131n a\u00e7\u0131l\u0131\u015f t\u00f6renine kat\u0131ld\u0131. Yurtd\u0131\u015f\u0131 T\u00fcrkler ve Akraba Topluluklar Ba\u015fkanl\u0131\u011f\u0131 (YTB) ile [&hellip;]","og_url":"https:\/\/avrupapress.com\/main\/2026\/02\/10\/bruksel-buyukelci-tantekin-limburgda-turkce-egitimi-ve-vatandas-temaslarinda-bulundu\/","og_site_name":"AvrupaPress","article_published_time":"2026-02-10T04:56:45+00:00","article_modified_time":"2026-02-10T04:56:54+00:00","og_image":[{"width":1024,"height":683,"url":"https:\/\/avrupapress.com\/main\/wp-content\/uploads\/2026\/02\/FB_IMG_1770660336687-1024x683-1.jpg","type":"image\/jpeg"}],"author":"Edit\u00f6r","twitter_card":"summary_large_image","twitter_misc":{"\u00c9crit par":"Edit\u00f6r","Dur\u00e9e de lecture est.":"3 minutes"},"schema":{"@context":"https:\/\/schema.org","@graph":[{"@type":"Article","@id":"https:\/\/avrupapress.com\/main\/2026\/02\/10\/bruksel-buyukelci-tantekin-limburgda-turkce-egitimi-ve-vatandas-temaslarinda-bulundu\/#article","isPartOf":{"@id":"https:\/\/avrupapress.com\/main\/2026\/02\/10\/bruksel-buyukelci-tantekin-limburgda-turkce-egitimi-ve-vatandas-temaslarinda-bulundu\/"},"author":{"name":"Edit\u00f6r","@id":"https:\/\/avrupapress.com\/#\/schema\/person\/68428444ec60970d1e1b700cf4ca1e8f"},"headline":"Br\u00fcksel B\u00fcy\u00fckel\u00e7i Tantekin, Limburg\u2019da T\u00fcrk\u00e7e E\u011fitimi ve Vatanda\u015f Temaslar\u0131nda Bulundu","datePublished":"2026-02-10T04:56:45+00:00","dateModified":"2026-02-10T04:56:54+00:00","mainEntityOfPage":{"@id":"https:\/\/avrupapress.com\/main\/2026\/02\/10\/bruksel-buyukelci-tantekin-limburgda-turkce-egitimi-ve-vatandas-temaslarinda-bulundu\/"},"wordCount":408,"publisher":{"@id":"https:\/\/avrupapress.com\/#\/schema\/person\/0223dca19c72c43575bf30d1a2d8f4fa"},"image":{"@id":"https:\/\/avrupapress.com\/main\/2026\/02\/10\/bruksel-buyukelci-tantekin-limburgda-turkce-egitimi-ve-vatandas-temaslarinda-bulundu\/#primaryimage"},"thumbnailUrl":"https:\/\/avrupapress.com\/main\/wp-content\/uploads\/2026\/02\/FB_IMG_1770660336687-1024x683-1.jpg","articleSection":["Avrupa","Bel\u00e7ika","D\u00fcnya","Ekonomi","K\u00fclt\u00fcr-Sanat","Spor","Tan\u0131t\u0131m","T\u00fcrkiye","Uncategorized"],"inLanguage":"fr-BE"},{"@type":"WebPage","@id":"https:\/\/avrupapress.com\/main\/2026\/02\/10\/bruksel-buyukelci-tantekin-limburgda-turkce-egitimi-ve-vatandas-temaslarinda-bulundu\/","url":"https:\/\/avrupapress.com\/main\/2026\/02\/10\/bruksel-buyukelci-tantekin-limburgda-turkce-egitimi-ve-vatandas-temaslarinda-bulundu\/","name":"Br\u00fcksel B\u00fcy\u00fckel\u00e7i Tantekin, Limburg\u2019da T\u00fcrk\u00e7e E\u011fitimi ve Vatanda\u015f Temaslar\u0131nda Bulundu - AvrupaPress","isPartOf":{"@id":"https:\/\/avrupapress.com\/#website"},"primaryImageOfPage":{"@id":"https:\/\/avrupapress.com\/main\/2026\/02\/10\/bruksel-buyukelci-tantekin-limburgda-turkce-egitimi-ve-vatandas-temaslarinda-bulundu\/#primaryimage"},"image":{"@id":"https:\/\/avrupapress.com\/main\/2026\/02\/10\/bruksel-buyukelci-tantekin-limburgda-turkce-egitimi-ve-vatandas-temaslarinda-bulundu\/#primaryimage"},"thumbnailUrl":"https:\/\/avrupapress.com\/main\/wp-content\/uploads\/2026\/02\/FB_IMG_1770660336687-1024x683-1.jpg","datePublished":"2026-02-10T04:56:45+00:00","dateModified":"2026-02-10T04:56:54+00:00","breadcrumb":{"@id":"https:\/\/avrupapress.com\/main\/2026\/02\/10\/bruksel-buyukelci-tantekin-limburgda-turkce-egitimi-ve-vatandas-temaslarinda-bulundu\/#breadcrumb"},"inLanguage":"fr-BE","potentialAction":[{"@type":"ReadAction","target":["https:\/\/avrupapress.com\/main\/2026\/02\/10\/bruksel-buyukelci-tantekin-limburgda-turkce-egitimi-ve-vatandas-temaslarinda-bulundu\/"]}]},{"@type":"ImageObject","inLanguage":"fr-BE","@id":"https:\/\/avrupapress.com\/main\/2026\/02\/10\/bruksel-buyukelci-tantekin-limburgda-turkce-egitimi-ve-vatandas-temaslarinda-bulundu\/#primaryimage","url":"https:\/\/avrupapress.com\/main\/wp-content\/uploads\/2026\/02\/FB_IMG_1770660336687-1024x683-1.jpg","contentUrl":"https:\/\/avrupapress.com\/main\/wp-content\/uploads\/2026\/02\/FB_IMG_1770660336687-1024x683-1.jpg","width":1024,"height":683},{"@type":"BreadcrumbList","@id":"https:\/\/avrupapress.com\/main\/2026\/02\/10\/bruksel-buyukelci-tantekin-limburgda-turkce-egitimi-ve-vatandas-temaslarinda-bulundu\/#breadcrumb","itemListElement":[{"@type":"ListItem","position":1,"name":"Anasayfa","item":"https:\/\/avrupapress.com\/"},{"@type":"ListItem","position":2,"name":"Br\u00fcksel B\u00fcy\u00fckel\u00e7i Tantekin, Limburg\u2019da T\u00fcrk\u00e7e E\u011fitimi ve Vatanda\u015f Temaslar\u0131nda Bulundu"}]},{"@type":"WebSite","@id":"https:\/\/avrupapress.com\/#website","url":"https:\/\/avrupapress.com\/","name":"AvrupaPress","description":"Haberin Adresi","publisher":{"@id":"https:\/\/avrupapress.com\/#\/schema\/person\/0223dca19c72c43575bf30d1a2d8f4fa"},"potentialAction":[{"@type":"SearchAction","target":{"@type":"EntryPoint","urlTemplate":"https:\/\/avrupapress.com\/?s={search_term_string}"},"query-input":{"@type":"PropertyValueSpecification","valueRequired":true,"valueName":"search_term_string"}}],"inLanguage":"fr-BE"},{"@type":["Person","Organization"],"@id":"https:\/\/avrupapress.com\/#\/schema\/person\/0223dca19c72c43575bf30d1a2d8f4fa","name":"Bilgin \u00d6z\u00e7ift\u00e7i","image":{"@type":"ImageObject","inLanguage":"fr-BE","@id":"https:\/\/avrupapress.com\/#\/schema\/person\/image\/","url":"https:\/\/secure.gravatar.com\/avatar\/0f23b280433a21e1ea7a0adcc46ed0ad16afe3ad8e630fd13d8a017dcbd54ef3?s=96&d=mm&r=g","contentUrl":"https:\/\/secure.gravatar.com\/avatar\/0f23b280433a21e1ea7a0adcc46ed0ad16afe3ad8e630fd13d8a017dcbd54ef3?s=96&d=mm&r=g","caption":"Bilgin \u00d6z\u00e7ift\u00e7i"},"logo":{"@id":"https:\/\/avrupapress.com\/#\/schema\/person\/image\/"},"description":"Ne ben, nede sen... Biz ancak \"biz\" olursak g\u00fc\u00e7l\u00fc olabiliriz"},{"@type":"Person","@id":"https:\/\/avrupapress.com\/#\/schema\/person\/68428444ec60970d1e1b700cf4ca1e8f","name":"Edit\u00f6r","image":{"@type":"ImageObject","inLanguage":"fr-BE","@id":"https:\/\/avrupapress.com\/#\/schema\/person\/image\/","url":"https:\/\/secure.gravatar.com\/avatar\/74996b0977aa5f1559ba9883776652508b229005c0d78fb2597897f0bd651c09?s=96&d=mm&r=g","contentUrl":"https:\/\/secure.gravatar.com\/avatar\/74996b0977aa5f1559ba9883776652508b229005c0d78fb2597897f0bd651c09?s=96&d=mm&r=g","caption":"Edit\u00f6r"},"sameAs":["http:\/\/www.avrupapress.com"],"url":"https:\/\/avrupapress.com\/main\/author\/editor\/"}]}},"_links":{"self":[{"href":"https:\/\/avrupapress.com\/main\/wp-json\/wp\/v2\/posts\/32797","targetHints":{"allow":["GET"]}}],"collection":[{"href":"https:\/\/avrupapress.com\/main\/wp-json\/wp\/v2\/posts"}],"about":[{"href":"https:\/\/avrupapress.com\/main\/wp-json\/wp\/v2\/types\/post"}],"author":[{"embeddable":true,"href":"https:\/\/avrupapress.com\/main\/wp-json\/wp\/v2\/users\/3"}],"replies":[{"embeddable":true,"href":"https:\/\/avrupapress.com\/main\/wp-json\/wp\/v2\/comments?post=32797"}],"version-history":[{"count":2,"href":"https:\/\/avrupapress.com\/main\/wp-json\/wp\/v2\/posts\/32797\/revisions"}],"predecessor-version":[{"id":32800,"href":"https:\/\/avrupapress.com\/main\/wp-json\/wp\/v2\/posts\/32797\/revisions\/32800"}],"wp:featuredmedia":[{"embeddable":true,"href":"https:\/\/avrupapress.com\/main\/wp-json\/wp\/v2\/media\/32798"}],"wp:attachment":[{"href":"https:\/\/avrupapress.com\/main\/wp-json\/wp\/v2\/media?parent=32797"}],"wp:term":[{"taxonomy":"category","embeddable":true,"href":"https:\/\/avrupapress.com\/main\/wp-json\/wp\/v2\/categories?post=32797"},{"taxonomy":"post_tag","embeddable":true,"href":"https:\/\/avrupapress.com\/main\/wp-json\/wp\/v2\/tags?post=32797"}],"curies":[{"name":"wp","href":"https:\/\/api.w.org\/{rel}","templated":true}]}}