{"id":32792,"date":"2026-02-10T04:41:46","date_gmt":"2026-02-10T04:41:46","guid":{"rendered":"https:\/\/avrupapress.com\/main\/?p=32792"},"modified":"2026-02-10T04:42:56","modified_gmt":"2026-02-10T04:42:56","slug":"belcikada-zorunlu-askerlik-gerimi-geliyor","status":"publish","type":"post","link":"https:\/\/avrupapress.com\/main\/2026\/02\/10\/belcikada-zorunlu-askerlik-gerimi-geliyor\/","title":{"rendered":"Bel\u00e7ika&rsquo;da Zorunlu Askerlik gerimi geliyor&#8230;."},"content":{"rendered":"<div dir=\"auto\" data-olk-copy-source=\"MessageBody\">Bel\u00e7ika ordusu, personel a\u00e7\u0131\u011f\u0131n\u0131 kapatmak i\u00e7in t\u00fcm se\u00e7enekleri masaya yat\u0131r\u0131yor.Ge\u00e7ti\u011fimiz hafta yedek askerler i\u00e7in mevcut ya\u015f s\u0131n\u0131r\u0131n\u0131n kald\u0131r\u0131lmas\u0131n\u0131 g\u00fcndemine alan \u00fclke, \u015fimdi de zorunlu askerlik sisteminin geri getirilmesini tart\u0131\u015f\u0131yor.<\/div>\n<div dir=\"auto\">1994\u2019te zorunlu askerli\u011fi kald\u0131ran Bel\u00e7ika, bug\u00fcn yakla\u015f\u0131k 30 bin ki\u015filik bir orduya sahip. Ancak hedef, 2040 y\u0131l\u0131na kadar bu say\u0131y\u0131 72 bine \u00e7\u0131karmak. Mevcut g\u00fcvenlik ortam\u0131 ve \u00f6zellikle Rusya\u2013Ukrayna sava\u015f\u0131 sonras\u0131 Avrupa\u2019daki jeopolitik riskler, bu hedefi yaln\u0131zca bir plan de\u011fil, stratejik bir zorunluluk h\u00e2line getiriyor.<\/div>\n<div dir=\"auto\">Ordunun personel direkt\u00f6r\u00fc Korgeneral Thierry Esser\u2019e g\u00f6re, zorunlu askerlik \u201cilk tercih\u201d de\u011fil; ancak di\u011fer y\u00f6ntemlerin yetersiz kalmas\u0131 h\u00e2linde ger\u00e7ek\u00e7i bir Plan B olarak de\u011ferlendiriliyor. \u00d6ncelik, askerlik mesle\u011fini daha cazip k\u0131lmak. Fakat risk analizi yapan bir kurum i\u00e7in en k\u00f6t\u00fc senaryoya haz\u0131rl\u0131k ka\u00e7\u0131n\u0131lmaz.<\/div>\n<div dir=\"auto\">Nihai karar elbette siyasi olacak. \u015eu an h\u00fck\u00fcmet program\u0131nda zorunlu askerlik yer alm\u0131yor. Ancak ordunun h\u00fck\u00fcmete ayr\u0131nt\u0131l\u0131 bir yol haritas\u0131 sunmaya haz\u0131rland\u0131\u011f\u0131 belirtiliyor.<\/div>\n<div dir=\"auto\">Bu tart\u0131\u015fma yaln\u0131zca Bel\u00e7ika\u2019ya \u00f6zg\u00fc de\u011fil. Almanya ba\u015fta olmak \u00fczere bir\u00e7ok Avrupa \u00fclkesi, savunma kapasitesini ve insan kayna\u011f\u0131n\u0131 yeniden d\u00fc\u015f\u00fcnmek zorunda kal\u0131yor. kaynak; belcika zaman<\/div>\n<div dir=\"auto\"><\/div>\n<div dir=\"auto\"><img loading=\"lazy\" decoding=\"async\" class=\"alignnone size-medium wp-image-32793\" src=\"https:\/\/avrupapress.com\/main\/wp-content\/uploads\/2026\/02\/830a078b-d746-4bed-b84f-94e0f79aaba5-300x300.jpg\" alt=\"\" width=\"300\" height=\"300\" srcset=\"https:\/\/avrupapress.com\/main\/wp-content\/uploads\/2026\/02\/830a078b-d746-4bed-b84f-94e0f79aaba5-300x300.jpg 300w, https:\/\/avrupapress.com\/main\/wp-content\/uploads\/2026\/02\/830a078b-d746-4bed-b84f-94e0f79aaba5-150x150.jpg 150w, https:\/\/avrupapress.com\/main\/wp-content\/uploads\/2026\/02\/830a078b-d746-4bed-b84f-94e0f79aaba5-768x768.jpg 768w, https:\/\/avrupapress.com\/main\/wp-content\/uploads\/2026\/02\/830a078b-d746-4bed-b84f-94e0f79aaba5.jpg 924w\" sizes=\"auto, (max-width: 300px) 100vw, 300px\" \/><\/div>\n<div dir=\"auto\"><\/div>\n","protected":false},"excerpt":{"rendered":"<p>Bel\u00e7ika ordusu, personel a\u00e7\u0131\u011f\u0131n\u0131 kapatmak i\u00e7in t\u00fcm se\u00e7enekleri masaya yat\u0131r\u0131yor.Ge\u00e7ti\u011fimiz hafta yedek askerler i\u00e7in mevcut ya\u015f s\u0131n\u0131r\u0131n\u0131n kald\u0131r\u0131lmas\u0131n\u0131 g\u00fcndemine alan \u00fclke, \u015fimdi de zorunlu askerlik sisteminin geri getirilmesini tart\u0131\u015f\u0131yor. 1994\u2019te zorunlu askerli\u011fi kald\u0131ran Bel\u00e7ika, bug\u00fcn yakla\u015f\u0131k 30 bin ki\u015filik bir orduya sahip. Ancak hedef, 2040 y\u0131l\u0131na kadar bu say\u0131y\u0131 72 bine \u00e7\u0131karmak. Mevcut g\u00fcvenlik ortam\u0131 [&hellip;]<\/p>\n","protected":false},"author":3,"featured_media":32794,"comment_status":"closed","ping_status":"open","sticky":false,"template":"","format":"standard","meta":{"footnotes":""},"categories":[14,16,3,17,18,15,19,2,1],"tags":[],"class_list":["post-32792","post","type-post","status-publish","format-standard","has-post-thumbnail","hentry","category-avrupa","category-belcika","category-dunya","category-ekonomi","category-kultur-sanat","category-spor","category-tanitim","category-turkiye","category-uncategorized"],"yoast_head":"<!-- This site is optimized with the Yoast SEO plugin v26.9 - https:\/\/yoast.com\/product\/yoast-seo-wordpress\/ -->\n<title>Bel\u00e7ika&#039;da Zorunlu Askerlik gerimi geliyor.... - AvrupaPress<\/title>\n<meta name=\"robots\" content=\"index, follow, max-snippet:-1, max-image-preview:large, max-video-preview:-1\" \/>\n<link rel=\"canonical\" href=\"https:\/\/avrupapress.com\/main\/2026\/02\/10\/belcikada-zorunlu-askerlik-gerimi-geliyor\/\" \/>\n<meta property=\"og:locale\" content=\"fr_FR\" \/>\n<meta property=\"og:type\" content=\"article\" \/>\n<meta property=\"og:title\" content=\"Bel\u00e7ika&#039;da Zorunlu Askerlik gerimi geliyor.... - AvrupaPress\" \/>\n<meta property=\"og:description\" content=\"Bel\u00e7ika ordusu, personel a\u00e7\u0131\u011f\u0131n\u0131 kapatmak i\u00e7in t\u00fcm se\u00e7enekleri masaya yat\u0131r\u0131yor.Ge\u00e7ti\u011fimiz hafta yedek askerler i\u00e7in mevcut ya\u015f s\u0131n\u0131r\u0131n\u0131n kald\u0131r\u0131lmas\u0131n\u0131 g\u00fcndemine alan \u00fclke, \u015fimdi de zorunlu askerlik sisteminin geri getirilmesini tart\u0131\u015f\u0131yor. 1994\u2019te zorunlu askerli\u011fi kald\u0131ran Bel\u00e7ika, bug\u00fcn yakla\u015f\u0131k 30 bin ki\u015filik bir orduya sahip. Ancak hedef, 2040 y\u0131l\u0131na kadar bu say\u0131y\u0131 72 bine \u00e7\u0131karmak. Mevcut g\u00fcvenlik ortam\u0131 [&hellip;]\" \/>\n<meta property=\"og:url\" content=\"https:\/\/avrupapress.com\/main\/2026\/02\/10\/belcikada-zorunlu-askerlik-gerimi-geliyor\/\" \/>\n<meta property=\"og:site_name\" content=\"AvrupaPress\" \/>\n<meta property=\"article:published_time\" content=\"2026-02-10T04:41:46+00:00\" \/>\n<meta property=\"article:modified_time\" content=\"2026-02-10T04:42:56+00:00\" \/>\n<meta property=\"og:image\" content=\"https:\/\/avrupapress.com\/main\/wp-content\/uploads\/2026\/02\/830a078b-d746-4bed-b84f-94e0f79aaba5-1-e1770698475413.jpg\" \/>\n\t<meta property=\"og:image:width\" content=\"924\" \/>\n\t<meta property=\"og:image:height\" content=\"690\" \/>\n\t<meta property=\"og:image:type\" content=\"image\/jpeg\" \/>\n<meta name=\"author\" content=\"Edit\u00f6r\" \/>\n<meta name=\"twitter:card\" content=\"summary_large_image\" \/>\n<meta name=\"twitter:label1\" content=\"\u00c9crit par\" \/>\n\t<meta name=\"twitter:data1\" content=\"Edit\u00f6r\" \/>\n\t<meta name=\"twitter:label2\" content=\"Dur\u00e9e de lecture est.\" \/>\n\t<meta name=\"twitter:data2\" content=\"2 minutes\" \/>\n<script type=\"application\/ld+json\" class=\"yoast-schema-graph\">{\"@context\":\"https:\/\/schema.org\",\"@graph\":[{\"@type\":\"Article\",\"@id\":\"https:\/\/avrupapress.com\/main\/2026\/02\/10\/belcikada-zorunlu-askerlik-gerimi-geliyor\/#article\",\"isPartOf\":{\"@id\":\"https:\/\/avrupapress.com\/main\/2026\/02\/10\/belcikada-zorunlu-askerlik-gerimi-geliyor\/\"},\"author\":{\"name\":\"Edit\u00f6r\",\"@id\":\"https:\/\/avrupapress.com\/#\/schema\/person\/68428444ec60970d1e1b700cf4ca1e8f\"},\"headline\":\"Bel\u00e7ika&rsquo;da Zorunlu Askerlik gerimi geliyor&#8230;.\",\"datePublished\":\"2026-02-10T04:41:46+00:00\",\"dateModified\":\"2026-02-10T04:42:56+00:00\",\"mainEntityOfPage\":{\"@id\":\"https:\/\/avrupapress.com\/main\/2026\/02\/10\/belcikada-zorunlu-askerlik-gerimi-geliyor\/\"},\"wordCount\":239,\"publisher\":{\"@id\":\"https:\/\/avrupapress.com\/#\/schema\/person\/0223dca19c72c43575bf30d1a2d8f4fa\"},\"image\":{\"@id\":\"https:\/\/avrupapress.com\/main\/2026\/02\/10\/belcikada-zorunlu-askerlik-gerimi-geliyor\/#primaryimage\"},\"thumbnailUrl\":\"https:\/\/avrupapress.com\/main\/wp-content\/uploads\/2026\/02\/830a078b-d746-4bed-b84f-94e0f79aaba5-1-e1770698475413.jpg\",\"articleSection\":[\"Avrupa\",\"Bel\u00e7ika\",\"D\u00fcnya\",\"Ekonomi\",\"K\u00fclt\u00fcr-Sanat\",\"Spor\",\"Tan\u0131t\u0131m\",\"T\u00fcrkiye\",\"Uncategorized\"],\"inLanguage\":\"fr-BE\"},{\"@type\":\"WebPage\",\"@id\":\"https:\/\/avrupapress.com\/main\/2026\/02\/10\/belcikada-zorunlu-askerlik-gerimi-geliyor\/\",\"url\":\"https:\/\/avrupapress.com\/main\/2026\/02\/10\/belcikada-zorunlu-askerlik-gerimi-geliyor\/\",\"name\":\"Bel\u00e7ika'da Zorunlu Askerlik gerimi geliyor.... - AvrupaPress\",\"isPartOf\":{\"@id\":\"https:\/\/avrupapress.com\/#website\"},\"primaryImageOfPage\":{\"@id\":\"https:\/\/avrupapress.com\/main\/2026\/02\/10\/belcikada-zorunlu-askerlik-gerimi-geliyor\/#primaryimage\"},\"image\":{\"@id\":\"https:\/\/avrupapress.com\/main\/2026\/02\/10\/belcikada-zorunlu-askerlik-gerimi-geliyor\/#primaryimage\"},\"thumbnailUrl\":\"https:\/\/avrupapress.com\/main\/wp-content\/uploads\/2026\/02\/830a078b-d746-4bed-b84f-94e0f79aaba5-1-e1770698475413.jpg\",\"datePublished\":\"2026-02-10T04:41:46+00:00\",\"dateModified\":\"2026-02-10T04:42:56+00:00\",\"breadcrumb\":{\"@id\":\"https:\/\/avrupapress.com\/main\/2026\/02\/10\/belcikada-zorunlu-askerlik-gerimi-geliyor\/#breadcrumb\"},\"inLanguage\":\"fr-BE\",\"potentialAction\":[{\"@type\":\"ReadAction\",\"target\":[\"https:\/\/avrupapress.com\/main\/2026\/02\/10\/belcikada-zorunlu-askerlik-gerimi-geliyor\/\"]}]},{\"@type\":\"ImageObject\",\"inLanguage\":\"fr-BE\",\"@id\":\"https:\/\/avrupapress.com\/main\/2026\/02\/10\/belcikada-zorunlu-askerlik-gerimi-geliyor\/#primaryimage\",\"url\":\"https:\/\/avrupapress.com\/main\/wp-content\/uploads\/2026\/02\/830a078b-d746-4bed-b84f-94e0f79aaba5-1-e1770698475413.jpg\",\"contentUrl\":\"https:\/\/avrupapress.com\/main\/wp-content\/uploads\/2026\/02\/830a078b-d746-4bed-b84f-94e0f79aaba5-1-e1770698475413.jpg\",\"width\":924,\"height\":690},{\"@type\":\"BreadcrumbList\",\"@id\":\"https:\/\/avrupapress.com\/main\/2026\/02\/10\/belcikada-zorunlu-askerlik-gerimi-geliyor\/#breadcrumb\",\"itemListElement\":[{\"@type\":\"ListItem\",\"position\":1,\"name\":\"Anasayfa\",\"item\":\"https:\/\/avrupapress.com\/\"},{\"@type\":\"ListItem\",\"position\":2,\"name\":\"Bel\u00e7ika&#8217;da Zorunlu Askerlik gerimi geliyor&#8230;.\"}]},{\"@type\":\"WebSite\",\"@id\":\"https:\/\/avrupapress.com\/#website\",\"url\":\"https:\/\/avrupapress.com\/\",\"name\":\"AvrupaPress\",\"description\":\"Haberin Adresi\",\"publisher\":{\"@id\":\"https:\/\/avrupapress.com\/#\/schema\/person\/0223dca19c72c43575bf30d1a2d8f4fa\"},\"potentialAction\":[{\"@type\":\"SearchAction\",\"target\":{\"@type\":\"EntryPoint\",\"urlTemplate\":\"https:\/\/avrupapress.com\/?s={search_term_string}\"},\"query-input\":{\"@type\":\"PropertyValueSpecification\",\"valueRequired\":true,\"valueName\":\"search_term_string\"}}],\"inLanguage\":\"fr-BE\"},{\"@type\":[\"Person\",\"Organization\"],\"@id\":\"https:\/\/avrupapress.com\/#\/schema\/person\/0223dca19c72c43575bf30d1a2d8f4fa\",\"name\":\"Bilgin \u00d6z\u00e7ift\u00e7i\",\"image\":{\"@type\":\"ImageObject\",\"inLanguage\":\"fr-BE\",\"@id\":\"https:\/\/avrupapress.com\/#\/schema\/person\/image\/\",\"url\":\"https:\/\/secure.gravatar.com\/avatar\/0f23b280433a21e1ea7a0adcc46ed0ad16afe3ad8e630fd13d8a017dcbd54ef3?s=96&d=mm&r=g\",\"contentUrl\":\"https:\/\/secure.gravatar.com\/avatar\/0f23b280433a21e1ea7a0adcc46ed0ad16afe3ad8e630fd13d8a017dcbd54ef3?s=96&d=mm&r=g\",\"caption\":\"Bilgin \u00d6z\u00e7ift\u00e7i\"},\"logo\":{\"@id\":\"https:\/\/avrupapress.com\/#\/schema\/person\/image\/\"},\"description\":\"Ne ben, nede sen... Biz ancak \\\"biz\\\" olursak g\u00fc\u00e7l\u00fc olabiliriz\"},{\"@type\":\"Person\",\"@id\":\"https:\/\/avrupapress.com\/#\/schema\/person\/68428444ec60970d1e1b700cf4ca1e8f\",\"name\":\"Edit\u00f6r\",\"image\":{\"@type\":\"ImageObject\",\"inLanguage\":\"fr-BE\",\"@id\":\"https:\/\/avrupapress.com\/#\/schema\/person\/image\/\",\"url\":\"https:\/\/secure.gravatar.com\/avatar\/74996b0977aa5f1559ba9883776652508b229005c0d78fb2597897f0bd651c09?s=96&d=mm&r=g\",\"contentUrl\":\"https:\/\/secure.gravatar.com\/avatar\/74996b0977aa5f1559ba9883776652508b229005c0d78fb2597897f0bd651c09?s=96&d=mm&r=g\",\"caption\":\"Edit\u00f6r\"},\"sameAs\":[\"http:\/\/www.avrupapress.com\"],\"url\":\"https:\/\/avrupapress.com\/main\/author\/editor\/\"}]}<\/script>\n<!-- \/ Yoast SEO plugin. -->","yoast_head_json":{"title":"Bel\u00e7ika'da Zorunlu Askerlik gerimi geliyor.... - AvrupaPress","robots":{"index":"index","follow":"follow","max-snippet":"max-snippet:-1","max-image-preview":"max-image-preview:large","max-video-preview":"max-video-preview:-1"},"canonical":"https:\/\/avrupapress.com\/main\/2026\/02\/10\/belcikada-zorunlu-askerlik-gerimi-geliyor\/","og_locale":"fr_FR","og_type":"article","og_title":"Bel\u00e7ika'da Zorunlu Askerlik gerimi geliyor.... - AvrupaPress","og_description":"Bel\u00e7ika ordusu, personel a\u00e7\u0131\u011f\u0131n\u0131 kapatmak i\u00e7in t\u00fcm se\u00e7enekleri masaya yat\u0131r\u0131yor.Ge\u00e7ti\u011fimiz hafta yedek askerler i\u00e7in mevcut ya\u015f s\u0131n\u0131r\u0131n\u0131n kald\u0131r\u0131lmas\u0131n\u0131 g\u00fcndemine alan \u00fclke, \u015fimdi de zorunlu askerlik sisteminin geri getirilmesini tart\u0131\u015f\u0131yor. 1994\u2019te zorunlu askerli\u011fi kald\u0131ran Bel\u00e7ika, bug\u00fcn yakla\u015f\u0131k 30 bin ki\u015filik bir orduya sahip. Ancak hedef, 2040 y\u0131l\u0131na kadar bu say\u0131y\u0131 72 bine \u00e7\u0131karmak. Mevcut g\u00fcvenlik ortam\u0131 [&hellip;]","og_url":"https:\/\/avrupapress.com\/main\/2026\/02\/10\/belcikada-zorunlu-askerlik-gerimi-geliyor\/","og_site_name":"AvrupaPress","article_published_time":"2026-02-10T04:41:46+00:00","article_modified_time":"2026-02-10T04:42:56+00:00","og_image":[{"width":924,"height":690,"url":"https:\/\/avrupapress.com\/main\/wp-content\/uploads\/2026\/02\/830a078b-d746-4bed-b84f-94e0f79aaba5-1-e1770698475413.jpg","type":"image\/jpeg"}],"author":"Edit\u00f6r","twitter_card":"summary_large_image","twitter_misc":{"\u00c9crit par":"Edit\u00f6r","Dur\u00e9e de lecture est.":"2 minutes"},"schema":{"@context":"https:\/\/schema.org","@graph":[{"@type":"Article","@id":"https:\/\/avrupapress.com\/main\/2026\/02\/10\/belcikada-zorunlu-askerlik-gerimi-geliyor\/#article","isPartOf":{"@id":"https:\/\/avrupapress.com\/main\/2026\/02\/10\/belcikada-zorunlu-askerlik-gerimi-geliyor\/"},"author":{"name":"Edit\u00f6r","@id":"https:\/\/avrupapress.com\/#\/schema\/person\/68428444ec60970d1e1b700cf4ca1e8f"},"headline":"Bel\u00e7ika&rsquo;da Zorunlu Askerlik gerimi geliyor&#8230;.","datePublished":"2026-02-10T04:41:46+00:00","dateModified":"2026-02-10T04:42:56+00:00","mainEntityOfPage":{"@id":"https:\/\/avrupapress.com\/main\/2026\/02\/10\/belcikada-zorunlu-askerlik-gerimi-geliyor\/"},"wordCount":239,"publisher":{"@id":"https:\/\/avrupapress.com\/#\/schema\/person\/0223dca19c72c43575bf30d1a2d8f4fa"},"image":{"@id":"https:\/\/avrupapress.com\/main\/2026\/02\/10\/belcikada-zorunlu-askerlik-gerimi-geliyor\/#primaryimage"},"thumbnailUrl":"https:\/\/avrupapress.com\/main\/wp-content\/uploads\/2026\/02\/830a078b-d746-4bed-b84f-94e0f79aaba5-1-e1770698475413.jpg","articleSection":["Avrupa","Bel\u00e7ika","D\u00fcnya","Ekonomi","K\u00fclt\u00fcr-Sanat","Spor","Tan\u0131t\u0131m","T\u00fcrkiye","Uncategorized"],"inLanguage":"fr-BE"},{"@type":"WebPage","@id":"https:\/\/avrupapress.com\/main\/2026\/02\/10\/belcikada-zorunlu-askerlik-gerimi-geliyor\/","url":"https:\/\/avrupapress.com\/main\/2026\/02\/10\/belcikada-zorunlu-askerlik-gerimi-geliyor\/","name":"Bel\u00e7ika'da Zorunlu Askerlik gerimi geliyor.... - AvrupaPress","isPartOf":{"@id":"https:\/\/avrupapress.com\/#website"},"primaryImageOfPage":{"@id":"https:\/\/avrupapress.com\/main\/2026\/02\/10\/belcikada-zorunlu-askerlik-gerimi-geliyor\/#primaryimage"},"image":{"@id":"https:\/\/avrupapress.com\/main\/2026\/02\/10\/belcikada-zorunlu-askerlik-gerimi-geliyor\/#primaryimage"},"thumbnailUrl":"https:\/\/avrupapress.com\/main\/wp-content\/uploads\/2026\/02\/830a078b-d746-4bed-b84f-94e0f79aaba5-1-e1770698475413.jpg","datePublished":"2026-02-10T04:41:46+00:00","dateModified":"2026-02-10T04:42:56+00:00","breadcrumb":{"@id":"https:\/\/avrupapress.com\/main\/2026\/02\/10\/belcikada-zorunlu-askerlik-gerimi-geliyor\/#breadcrumb"},"inLanguage":"fr-BE","potentialAction":[{"@type":"ReadAction","target":["https:\/\/avrupapress.com\/main\/2026\/02\/10\/belcikada-zorunlu-askerlik-gerimi-geliyor\/"]}]},{"@type":"ImageObject","inLanguage":"fr-BE","@id":"https:\/\/avrupapress.com\/main\/2026\/02\/10\/belcikada-zorunlu-askerlik-gerimi-geliyor\/#primaryimage","url":"https:\/\/avrupapress.com\/main\/wp-content\/uploads\/2026\/02\/830a078b-d746-4bed-b84f-94e0f79aaba5-1-e1770698475413.jpg","contentUrl":"https:\/\/avrupapress.com\/main\/wp-content\/uploads\/2026\/02\/830a078b-d746-4bed-b84f-94e0f79aaba5-1-e1770698475413.jpg","width":924,"height":690},{"@type":"BreadcrumbList","@id":"https:\/\/avrupapress.com\/main\/2026\/02\/10\/belcikada-zorunlu-askerlik-gerimi-geliyor\/#breadcrumb","itemListElement":[{"@type":"ListItem","position":1,"name":"Anasayfa","item":"https:\/\/avrupapress.com\/"},{"@type":"ListItem","position":2,"name":"Bel\u00e7ika&#8217;da Zorunlu Askerlik gerimi geliyor&#8230;."}]},{"@type":"WebSite","@id":"https:\/\/avrupapress.com\/#website","url":"https:\/\/avrupapress.com\/","name":"AvrupaPress","description":"Haberin Adresi","publisher":{"@id":"https:\/\/avrupapress.com\/#\/schema\/person\/0223dca19c72c43575bf30d1a2d8f4fa"},"potentialAction":[{"@type":"SearchAction","target":{"@type":"EntryPoint","urlTemplate":"https:\/\/avrupapress.com\/?s={search_term_string}"},"query-input":{"@type":"PropertyValueSpecification","valueRequired":true,"valueName":"search_term_string"}}],"inLanguage":"fr-BE"},{"@type":["Person","Organization"],"@id":"https:\/\/avrupapress.com\/#\/schema\/person\/0223dca19c72c43575bf30d1a2d8f4fa","name":"Bilgin \u00d6z\u00e7ift\u00e7i","image":{"@type":"ImageObject","inLanguage":"fr-BE","@id":"https:\/\/avrupapress.com\/#\/schema\/person\/image\/","url":"https:\/\/secure.gravatar.com\/avatar\/0f23b280433a21e1ea7a0adcc46ed0ad16afe3ad8e630fd13d8a017dcbd54ef3?s=96&d=mm&r=g","contentUrl":"https:\/\/secure.gravatar.com\/avatar\/0f23b280433a21e1ea7a0adcc46ed0ad16afe3ad8e630fd13d8a017dcbd54ef3?s=96&d=mm&r=g","caption":"Bilgin \u00d6z\u00e7ift\u00e7i"},"logo":{"@id":"https:\/\/avrupapress.com\/#\/schema\/person\/image\/"},"description":"Ne ben, nede sen... Biz ancak \"biz\" olursak g\u00fc\u00e7l\u00fc olabiliriz"},{"@type":"Person","@id":"https:\/\/avrupapress.com\/#\/schema\/person\/68428444ec60970d1e1b700cf4ca1e8f","name":"Edit\u00f6r","image":{"@type":"ImageObject","inLanguage":"fr-BE","@id":"https:\/\/avrupapress.com\/#\/schema\/person\/image\/","url":"https:\/\/secure.gravatar.com\/avatar\/74996b0977aa5f1559ba9883776652508b229005c0d78fb2597897f0bd651c09?s=96&d=mm&r=g","contentUrl":"https:\/\/secure.gravatar.com\/avatar\/74996b0977aa5f1559ba9883776652508b229005c0d78fb2597897f0bd651c09?s=96&d=mm&r=g","caption":"Edit\u00f6r"},"sameAs":["http:\/\/www.avrupapress.com"],"url":"https:\/\/avrupapress.com\/main\/author\/editor\/"}]}},"_links":{"self":[{"href":"https:\/\/avrupapress.com\/main\/wp-json\/wp\/v2\/posts\/32792","targetHints":{"allow":["GET"]}}],"collection":[{"href":"https:\/\/avrupapress.com\/main\/wp-json\/wp\/v2\/posts"}],"about":[{"href":"https:\/\/avrupapress.com\/main\/wp-json\/wp\/v2\/types\/post"}],"author":[{"embeddable":true,"href":"https:\/\/avrupapress.com\/main\/wp-json\/wp\/v2\/users\/3"}],"replies":[{"embeddable":true,"href":"https:\/\/avrupapress.com\/main\/wp-json\/wp\/v2\/comments?post=32792"}],"version-history":[{"count":2,"href":"https:\/\/avrupapress.com\/main\/wp-json\/wp\/v2\/posts\/32792\/revisions"}],"predecessor-version":[{"id":32796,"href":"https:\/\/avrupapress.com\/main\/wp-json\/wp\/v2\/posts\/32792\/revisions\/32796"}],"wp:featuredmedia":[{"embeddable":true,"href":"https:\/\/avrupapress.com\/main\/wp-json\/wp\/v2\/media\/32794"}],"wp:attachment":[{"href":"https:\/\/avrupapress.com\/main\/wp-json\/wp\/v2\/media?parent=32792"}],"wp:term":[{"taxonomy":"category","embeddable":true,"href":"https:\/\/avrupapress.com\/main\/wp-json\/wp\/v2\/categories?post=32792"},{"taxonomy":"post_tag","embeddable":true,"href":"https:\/\/avrupapress.com\/main\/wp-json\/wp\/v2\/tags?post=32792"}],"curies":[{"name":"wp","href":"https:\/\/api.w.org\/{rel}","templated":true}]}}